{"id":3352,"date":"2026-03-05T20:20:52","date_gmt":"2026-03-05T20:20:52","guid":{"rendered":"https:\/\/www.cubodeideas.com\/blog\/?p=3352"},"modified":"2026-03-06T04:09:01","modified_gmt":"2026-03-06T04:09:01","slug":"como-dirigir-una-pyme-de-forma-profesional","status":"publish","type":"post","link":"https:\/\/www.cubodeideas.com\/blog\/estrategia-empresarial\/direccion-y-decisiones\/como-dirigir-una-pyme-de-forma-profesional\/","title":{"rendered":"C\u00f3mo dirigir una PyME de forma profesional"},"content":{"rendered":"<p data-start=\"96\" data-end=\"679\">Dirigir una empresa peque\u00f1a o mediana exige mucho m\u00e1s que capacidad t\u00e9cnica o intuici\u00f3n comercial. Sin embargo, una gran cantidad de negocios en Latinoam\u00e9rica \u2014y particularmente en M\u00e9xico\u2014 contin\u00faan operando bajo esquemas de direcci\u00f3n improvisados donde la empresa depende excesivamente del criterio del fundador o de la reacci\u00f3n ante problemas cotidianos. Comprender <strong data-start=\"464\" data-end=\"510\">c\u00f3mo dirigir una PyME de forma profesional<\/strong> implica transformar la empresa de un sistema personalista a un sistema institucional capaz de tomar decisiones consistentes incluso cuando el fundador no est\u00e1 presente.<\/p>\n<p data-start=\"681\" data-end=\"1191\">El crecimiento de una organizaci\u00f3n no depende \u00fanicamente de vender m\u00e1s. Depende de la capacidad de coordinar decisiones, alinear \u00e1reas, controlar resultados y anticipar problemas antes de que se conviertan en crisis. Cuando la direcci\u00f3n carece de estructura, las empresas suelen experimentar s\u00edntomas recurrentes: crecimiento sin rentabilidad, operaciones desordenadas, falta de claridad financiera, equipos que reaccionan a urgencias y una dependencia permanente del director para resolver cualquier problema.<\/p>\n<p data-start=\"1193\" data-end=\"1498\">Dirigir profesionalmente una PyME implica dise\u00f1ar un <strong data-start=\"1246\" data-end=\"1282\">sistema de direcci\u00f3n empresarial<\/strong> que permita convertir informaci\u00f3n en decisiones y decisiones en resultados medibles. En otras palabras, la direcci\u00f3n deja de ser una funci\u00f3n intuitiva para convertirse en una arquitectura de gobierno organizacional.<\/p>\n<p data-start=\"1500\" data-end=\"1765\">Este art\u00edculo funciona como <strong data-start=\"1528\" data-end=\"1571\">pilar del cl\u00faster <a href=\"https:\/\/www.cubodeideas.com\/blog\/category\/estrategia-empresarial\/direccion-y-decisiones\/\">Direcci\u00f3n Empresarial<\/a><\/strong> dentro del ecosistema de conocimiento de Cubo de Ideas, y se conecta con temas como indicadores estrat\u00e9gicos, sistemas de control empresarial, finanzas para PyMEs y estandarizaci\u00f3n de procesos.<\/p>\n<h2 data-start=\"1772\" data-end=\"1816\">La diferencia entre administrar y dirigir<\/h2>\n<p data-start=\"1818\" data-end=\"2173\">Muchas empresas confunden administraci\u00f3n con direcci\u00f3n. La administraci\u00f3n se enfoca en ejecutar procesos existentes: pagar proveedores, coordinar producci\u00f3n, supervisar personal o cumplir obligaciones fiscales. La direcci\u00f3n, en cambio, define el rumbo del negocio y establece los mecanismos para evaluar si ese rumbo est\u00e1 generando resultados sostenibles.<\/p>\n<p data-start=\"2175\" data-end=\"2517\">Una PyME puede estar bien administrada y aun as\u00ed estar mal dirigida. Por ejemplo, puede cumplir sus operaciones diarias con disciplina, pero carecer de claridad sobre su modelo de rentabilidad, su posici\u00f3n competitiva o su estructura de costos. Cuando esto ocurre, el negocio se vuelve vulnerable a cambios del mercado o a crisis financieras.<\/p>\n<p data-start=\"2519\" data-end=\"2616\">Dirigir una PyME de forma profesional exige responder constantemente tres preguntas estrat\u00e9gicas:<\/p>\n<ul data-start=\"2618\" data-end=\"2759\">\n<li data-start=\"2618\" data-end=\"2662\">\n<p data-start=\"2620\" data-end=\"2662\">\u00bfEstamos generando valor econ\u00f3mico real?<\/p>\n<\/li>\n<li data-start=\"2663\" data-end=\"2708\">\n<p data-start=\"2665\" data-end=\"2708\">\u00bfQu\u00e9 parte del negocio produce ese valor?<\/p>\n<\/li>\n<li data-start=\"2709\" data-end=\"2759\">\n<p data-start=\"2711\" data-end=\"2759\">\u00bfQu\u00e9 decisiones debemos tomar para fortalecerlo?<\/p>\n<\/li>\n<\/ul>\n<p data-start=\"2761\" data-end=\"2854\">Sin un sistema que permita responder estas preguntas con datos, la empresa se mueve a ciegas.<\/p>\n<h2 data-start=\"2861\" data-end=\"2917\">El sistema de direcci\u00f3n como arquitectura empresarial<\/h2>\n<p data-start=\"2919\" data-end=\"3122\">Una empresa dirigida profesionalmente no depende de reuniones improvisadas ni de intuiciones aisladas. Opera mediante un <strong data-start=\"3040\" data-end=\"3077\">sistema de direcci\u00f3n estructurado<\/strong>, compuesto por tres elementos fundamentales:<\/p>\n<ol data-start=\"3124\" data-end=\"3210\">\n<li data-start=\"3124\" data-end=\"3152\">\n<p data-start=\"3127\" data-end=\"3152\"><strong data-start=\"3127\" data-end=\"3152\">Informaci\u00f3n confiable<\/strong><\/p>\n<\/li>\n<li data-start=\"3153\" data-end=\"3184\">\n<p data-start=\"3156\" data-end=\"3184\"><strong data-start=\"3156\" data-end=\"3184\">Indicadores estrat\u00e9gicos<\/strong><\/p>\n<\/li>\n<li data-start=\"3185\" data-end=\"3210\">\n<p data-start=\"3188\" data-end=\"3210\"><strong data-start=\"3188\" data-end=\"3210\">Ritmos de decisi\u00f3n<\/strong><\/p>\n<\/li>\n<\/ol>\n<p data-start=\"3212\" data-end=\"3473\">La informaci\u00f3n es la materia prima de la direcci\u00f3n. Estados financieros, indicadores comerciales, m\u00e9tricas operativas y an\u00e1lisis de clientes permiten comprender la realidad del negocio. Sin informaci\u00f3n confiable, cualquier decisi\u00f3n se convierte en especulaci\u00f3n.<\/p>\n<p data-start=\"3475\" data-end=\"3669\">Los indicadores estrat\u00e9gicos transforman la informaci\u00f3n en se\u00f1ales claras sobre el desempe\u00f1o del negocio. Permiten identificar tendencias, detectar desviaciones y priorizar acciones correctivas.<\/p>\n<p data-start=\"3671\" data-end=\"3882\">Finalmente, los ritmos de decisi\u00f3n establecen cu\u00e1ndo y c\u00f3mo se revisa esa informaci\u00f3n. Reuniones de direcci\u00f3n semanales, an\u00e1lisis mensuales y revisiones estrat\u00e9gicas trimestrales crean disciplina organizacional.<\/p>\n<p data-start=\"3884\" data-end=\"3991\">Cuando estos tres elementos funcionan juntos, la empresa desarrolla capacidad de aprendizaje institucional.<\/p>\n<h2 data-start=\"3998\" data-end=\"4037\">El rol real del director en una PyME<\/h2>\n<p data-start=\"4039\" data-end=\"4258\">El director de una PyME no debe ser el mejor vendedor, el mejor operador ni el mejor t\u00e9cnico. Su responsabilidad central es <strong data-start=\"4163\" data-end=\"4257\">dise\u00f1ar el sistema que permite que la empresa funcione sin depender de h\u00e9roes individuales<\/strong>.<\/p>\n<p data-start=\"4260\" data-end=\"4333\">En la pr\u00e1ctica, esto implica asumir tres responsabilidades fundamentales:<\/p>\n<p data-start=\"4335\" data-end=\"4489\">Primero, definir la estrategia del negocio. Esto incluye elegir mercados, establecer prioridades y decidir qu\u00e9 oportunidades perseguir y cu\u00e1les descartar.<\/p>\n<p data-start=\"4491\" data-end=\"4670\">Segundo, construir mecanismos de control que permitan monitorear el desempe\u00f1o de la organizaci\u00f3n. Los indicadores no existen para generar reportes, sino para facilitar decisiones.<\/p>\n<p data-start=\"4672\" data-end=\"4833\">Tercero, desarrollar liderazgo dentro de la organizaci\u00f3n. Una empresa que depende exclusivamente del fundador para operar tiene un l\u00edmite natural de crecimiento.<\/p>\n<p data-start=\"4835\" data-end=\"4927\">Dirigir profesionalmente significa construir una organizaci\u00f3n capaz de aprender y adaptarse.<\/p>\n<h2 data-start=\"4934\" data-end=\"4986\">La importancia de los indicadores en la direcci\u00f3n<\/h2>\n<p data-start=\"4988\" data-end=\"5208\">Uno de los errores m\u00e1s comunes en PyMEs es dirigir el negocio \u00fanicamente a partir del estado de resultados mensual. Aunque este documento es importante, suele llegar demasiado tarde para influir en decisiones operativas.<\/p>\n<p data-start=\"5210\" data-end=\"5361\">La direcci\u00f3n profesional requiere indicadores que permitan monitorear el negocio en tiempo real. Estos indicadores suelen dividirse en tres categor\u00edas:<\/p>\n<p data-start=\"5363\" data-end=\"5448\">Indicadores financieros, que reflejan rentabilidad, liquidez y estructura de capital.<\/p>\n<p data-start=\"5450\" data-end=\"5553\">Indicadores comerciales, que permiten evaluar adquisici\u00f3n de clientes, pipeline de ventas y conversi\u00f3n.<\/p>\n<p data-start=\"5555\" data-end=\"5648\">Indicadores operativos, que muestran productividad, tiempos de entrega, calidad y eficiencia.<\/p>\n<p data-start=\"5650\" data-end=\"5801\">Cuando estos indicadores se integran en un tablero de control, la direcci\u00f3n puede identificar tendencias antes de que impacten el resultado financiero.<\/p>\n<p data-start=\"5803\" data-end=\"5847\">La gesti\u00f3n empresarial deja de ser reactiva.<\/p>\n<h2 data-start=\"5854\" data-end=\"5915\">Ritmos de direcci\u00f3n: la disciplina que sostiene el sistema<\/h2>\n<p data-start=\"5917\" data-end=\"6119\">Las empresas dirigidas profesionalmente operan bajo ritmos claros de revisi\u00f3n y toma de decisiones. Estos ritmos crean consistencia organizacional y evitan que la direcci\u00f3n se limite a apagar incendios.<\/p>\n<p data-start=\"6121\" data-end=\"6159\">Un modelo t\u00edpico de direcci\u00f3n incluye:<\/p>\n<ul data-start=\"6161\" data-end=\"6270\">\n<li data-start=\"6161\" data-end=\"6202\">\n<p data-start=\"6163\" data-end=\"6202\">revisi\u00f3n semanal de indicadores clave<\/p>\n<\/li>\n<li data-start=\"6203\" data-end=\"6234\">\n<p data-start=\"6205\" data-end=\"6234\">an\u00e1lisis mensual financiero<\/p>\n<\/li>\n<li data-start=\"6235\" data-end=\"6270\">\n<p data-start=\"6237\" data-end=\"6270\">revisi\u00f3n trimestral estrat\u00e9gica<\/p>\n<\/li>\n<\/ul>\n<p data-start=\"6272\" data-end=\"6538\">Las reuniones semanales permiten monitorear ejecuci\u00f3n y resolver desviaciones operativas. Las revisiones mensuales analizan desempe\u00f1o financiero y ajustan prioridades. Las sesiones trimestrales permiten revisar estrategia y evaluar cambios en el entorno competitivo.<\/p>\n<p data-start=\"6540\" data-end=\"6613\">Estos ritmos crean un ciclo de aprendizaje continuo dentro de la empresa.<\/p>\n<h2 data-start=\"6620\" data-end=\"6667\">Profesionalizaci\u00f3n y crecimiento empresarial<\/h2>\n<p data-start=\"6669\" data-end=\"6938\">El crecimiento sostenible de una empresa depende directamente de su capacidad de institucionalizar procesos de direcci\u00f3n. Las organizaciones que crecen sin estructura directiva suelen experimentar caos operativo, deterioro de margen o dependencia excesiva del fundador.<\/p>\n<p data-start=\"6940\" data-end=\"7051\">Profesionalizar la direcci\u00f3n implica transformar la empresa en un sistema que puede escalar sin perder control.<\/p>\n<p data-start=\"7053\" data-end=\"7076\">Esto se logra mediante:<\/p>\n<ul data-start=\"7078\" data-end=\"7181\">\n<li data-start=\"7078\" data-end=\"7102\">\n<p data-start=\"7080\" data-end=\"7102\">claridad estrat\u00e9gica<\/p>\n<\/li>\n<li data-start=\"7103\" data-end=\"7128\">\n<p data-start=\"7105\" data-end=\"7128\">disciplina financiera<\/p>\n<\/li>\n<li data-start=\"7129\" data-end=\"7156\">\n<p data-start=\"7131\" data-end=\"7156\">procesos estandarizados<\/p>\n<\/li>\n<li data-start=\"7157\" data-end=\"7181\">\n<p data-start=\"7159\" data-end=\"7181\">indicadores medibles<\/p>\n<\/li>\n<\/ul>\n<p data-start=\"7183\" data-end=\"7280\">La combinaci\u00f3n de estos elementos permite que la empresa crezca manteniendo coherencia operativa.<\/p>\n<h2 data-start=\"7287\" data-end=\"7331\">El v\u00ednculo entre direcci\u00f3n y rentabilidad<\/h2>\n<p data-start=\"7333\" data-end=\"7574\">La rentabilidad empresarial rara vez es producto del azar. Es el resultado de decisiones consistentes tomadas a lo largo del tiempo. Cuando la direcci\u00f3n carece de estructura, esas decisiones suelen responder a urgencias o presiones externas.<\/p>\n<p data-start=\"7576\" data-end=\"7827\">Dirigir una PyME de forma profesional implica dise\u00f1ar mecanismos que protejan la rentabilidad del negocio. Esto incluye comprender la estructura de costos, evaluar la rentabilidad por cliente y priorizar oportunidades que generen valor econ\u00f3mico real.<\/p>\n<p data-start=\"7829\" data-end=\"7926\">Las empresas que dominan esta disciplina desarrollan una ventaja competitiva dif\u00edcil de replicar.<\/p>\n<h2 data-start=\"7933\" data-end=\"7997\">La transici\u00f3n de empresa personalista a empresa institucional<\/h2>\n<p data-start=\"7999\" data-end=\"8278\">Uno de los mayores retos en PyMEs es la transici\u00f3n de un modelo personalista a uno institucional. En el modelo personalista, el fundador concentra decisiones, conocimiento y relaciones clave. En el modelo institucional, el conocimiento se distribuye y los procesos se documentan.<\/p>\n<p data-start=\"8280\" data-end=\"8345\">Esta transici\u00f3n no significa perder liderazgo, sino fortalecerlo.<\/p>\n<p data-start=\"8347\" data-end=\"8476\">Cuando la empresa se institucionaliza, el director puede dedicar m\u00e1s tiempo a estrategia y menos a resolver problemas operativos.<\/p>\n<p data-start=\"8478\" data-end=\"8511\">La organizaci\u00f3n gana resiliencia.<\/p>\n<h2 data-start=\"8518\" data-end=\"8583\">Qu\u00e9 har\u00eda hoy un director que busca profesionalizar su empresa<\/h2>\n<p data-start=\"8585\" data-end=\"8737\">El primer paso ser\u00eda construir visibilidad real del negocio. Esto implica revisar informaci\u00f3n financiera, indicadores comerciales y m\u00e9tricas operativas.<\/p>\n<p data-start=\"8739\" data-end=\"8837\">El segundo paso ser\u00eda identificar los indicadores cr\u00edticos que definen el desempe\u00f1o de la empresa.<\/p>\n<p data-start=\"8839\" data-end=\"8960\">El tercero ser\u00eda establecer un ritmo de reuniones de direcci\u00f3n que permita revisar esa informaci\u00f3n de forma disciplinada.<\/p>\n<p data-start=\"8962\" data-end=\"9073\">Finalmente, el director debe comenzar a construir una cultura organizacional basada en datos y responsabilidad.<\/p>\n<p data-start=\"9075\" data-end=\"9175\">La direcci\u00f3n profesional no surge de un manual; surge de la pr\u00e1ctica constante de estas disciplinas.<\/p>\n<h2 data-start=\"9182\" data-end=\"9202\">El siguiente paso<\/h2>\n<p data-start=\"9204\" data-end=\"9432\">Si tu empresa depende excesivamente de decisiones improvisadas o carece de un sistema estructurado de direcci\u00f3n, es probable que su crecimiento est\u00e9 limitado por la ausencia de mecanismos de control y aprendizaje organizacional.<\/p>\n<p data-start=\"9434\" data-end=\"9578\">Construir un sistema de direcci\u00f3n empresarial permite transformar informaci\u00f3n en decisiones estrat\u00e9gicas y decisiones en resultados sostenibles.<\/p>\n<p data-start=\"9580\" data-end=\"9726\">La profesionalizaci\u00f3n de una PyME comienza cuando la direcci\u00f3n deja de reaccionar a los problemas y empieza a dise\u00f1ar el sistema que los previene.<\/p>\n<div class=\"pvc_clear\"><\/div>\n<p id=\"pvc_stats_3352\" class=\"pvc_stats all  \" data-element-id=\"3352\" style=\"\"><i class=\"pvc-stats-icon medium\" aria-hidden=\"true\"><svg aria-hidden=\"true\" focusable=\"false\" data-prefix=\"far\" data-icon=\"chart-bar\" role=\"img\" xmlns=\"http:\/\/www.w3.org\/2000\/svg\" viewBox=\"0 0 512 512\" class=\"svg-inline--fa fa-chart-bar fa-w-16 fa-2x\"><path fill=\"currentColor\" d=\"M396.8 352h22.4c6.4 0 12.8-6.4 12.8-12.8V108.8c0-6.4-6.4-12.8-12.8-12.8h-22.4c-6.4 0-12.8 6.4-12.8 12.8v230.4c0 6.4 6.4 12.8 12.8 12.8zm-192 0h22.4c6.4 0 12.8-6.4 12.8-12.8V140.8c0-6.4-6.4-12.8-12.8-12.8h-22.4c-6.4 0-12.8 6.4-12.8 12.8v198.4c0 6.4 6.4 12.8 12.8 12.8zm96 0h22.4c6.4 0 12.8-6.4 12.8-12.8V204.8c0-6.4-6.4-12.8-12.8-12.8h-22.4c-6.4 0-12.8 6.4-12.8 12.8v134.4c0 6.4 6.4 12.8 12.8 12.8zM496 400H48V80c0-8.84-7.16-16-16-16H16C7.16 64 0 71.16 0 80v336c0 17.67 14.33 32 32 32h464c8.84 0 16-7.16 16-16v-16c0-8.84-7.16-16-16-16zm-387.2-48h22.4c6.4 0 12.8-6.4 12.8-12.8v-70.4c0-6.4-6.4-12.8-12.8-12.8h-22.4c-6.4 0-12.8 6.4-12.8 12.8v70.4c0 6.4 6.4 12.8 12.8 12.8z\" class=\"\"><\/path><\/svg><\/i> <img loading=\"lazy\" decoding=\"async\" width=\"16\" height=\"16\" alt=\"Loading\" src=\"https:\/\/www.cubodeideas.com\/blog\/wp-content\/plugins\/page-views-count\/ajax-loader-2x.gif\" border=0 \/><\/p>\n<div class=\"pvc_clear\"><\/div>\n","protected":false},"excerpt":{"rendered":"<p>Dirigir una empresa peque\u00f1a o mediana exige mucho m\u00e1s que capacidad t\u00e9cnica o intuici\u00f3n comercial. Sin embargo, una gran cantidad de negocios en Latinoam\u00e9rica \u2014y particularmente en M\u00e9xico\u2014 contin\u00faan operando bajo esquemas de direcci\u00f3n improvisados donde la empresa depende excesivamente del criterio del fundador o de la reacci\u00f3n ante problemas cotidianos. Comprender c\u00f3mo dirigir una [&hellip;]<\/p>\n<div class=\"pvc_clear\"><\/div>\n<p id=\"pvc_stats_3352\" class=\"pvc_stats all  \" data-element-id=\"3352\" style=\"\"><i class=\"pvc-stats-icon medium\" aria-hidden=\"true\"><svg aria-hidden=\"true\" focusable=\"false\" data-prefix=\"far\" data-icon=\"chart-bar\" role=\"img\" xmlns=\"http:\/\/www.w3.org\/2000\/svg\" viewBox=\"0 0 512 512\" class=\"svg-inline--fa fa-chart-bar fa-w-16 fa-2x\"><path fill=\"currentColor\" d=\"M396.8 352h22.4c6.4 0 12.8-6.4 12.8-12.8V108.8c0-6.4-6.4-12.8-12.8-12.8h-22.4c-6.4 0-12.8 6.4-12.8 12.8v230.4c0 6.4 6.4 12.8 12.8 12.8zm-192 0h22.4c6.4 0 12.8-6.4 12.8-12.8V140.8c0-6.4-6.4-12.8-12.8-12.8h-22.4c-6.4 0-12.8 6.4-12.8 12.8v198.4c0 6.4 6.4 12.8 12.8 12.8zm96 0h22.4c6.4 0 12.8-6.4 12.8-12.8V204.8c0-6.4-6.4-12.8-12.8-12.8h-22.4c-6.4 0-12.8 6.4-12.8 12.8v134.4c0 6.4 6.4 12.8 12.8 12.8zM496 400H48V80c0-8.84-7.16-16-16-16H16C7.16 64 0 71.16 0 80v336c0 17.67 14.33 32 32 32h464c8.84 0 16-7.16 16-16v-16c0-8.84-7.16-16-16-16zm-387.2-48h22.4c6.4 0 12.8-6.4 12.8-12.8v-70.4c0-6.4-6.4-12.8-12.8-12.8h-22.4c-6.4 0-12.8 6.4-12.8 12.8v70.4c0 6.4 6.4 12.8 12.8 12.8z\" class=\"\"><\/path><\/svg><\/i> <img loading=\"lazy\" decoding=\"async\" width=\"16\" height=\"16\" alt=\"Loading\" src=\"https:\/\/www.cubodeideas.com\/blog\/wp-content\/plugins\/page-views-count\/ajax-loader-2x.gif\" border=0 \/><\/p>\n<div class=\"pvc_clear\"><\/div>\n","protected":false},"author":1,"featured_media":3353,"comment_status":"closed","ping_status":"closed","sticky":false,"template":"","format":"standard","meta":{"footnotes":"","jetpack_publicize_message":"","jetpack_publicize_feature_enabled":true,"jetpack_social_post_already_shared":true,"jetpack_social_options":{"image_generator_settings":{"template":"highway","default_image_id":0,"font":"","enabled":false},"version":2}},"categories":[1618],"tags":[1966,1967,1968,1969,1713],"class_list":["post-3352","post","type-post","status-publish","format-standard","has-post-thumbnail","hentry","category-direccion-y-decisiones","tag-direccion-empresarial-pyme","tag-gestion-empresarial-para-pymes","tag-liderazgo-empresarial-pyme","tag-profesionalizar-empresa","tag-sistema-de-direccion-empresarial"],"blocksy_meta":[],"yoast_head":"<!-- This site is optimized with the Yoast SEO plugin v27.0 - https:\/\/yoast.com\/product\/yoast-seo-wordpress\/ -->\n<title>C\u00f3mo dirigir una PyME de forma profesional -<\/title>\n<meta name=\"description\" content=\"C\u00f3mo dirigir una PyME de forma profesional mediante indicadores, sistema de control y disciplina estrat\u00e9gica.\" \/>\n<meta name=\"robots\" content=\"index, follow, max-snippet:-1, max-image-preview:large, max-video-preview:-1\" \/>\n<link rel=\"canonical\" href=\"https:\/\/www.cubodeideas.com\/blog\/estrategia-empresarial\/direccion-y-decisiones\/como-dirigir-una-pyme-de-forma-profesional\/\" \/>\n<meta property=\"og:locale\" content=\"es_ES\" \/>\n<meta property=\"og:type\" content=\"article\" \/>\n<meta property=\"og:title\" content=\"C\u00f3mo dirigir una PyME de forma profesional -\" \/>\n<meta property=\"og:description\" content=\"C\u00f3mo dirigir una PyME de forma profesional mediante indicadores, sistema de control y disciplina estrat\u00e9gica.\" \/>\n<meta property=\"og:url\" content=\"https:\/\/www.cubodeideas.com\/blog\/estrategia-empresarial\/direccion-y-decisiones\/como-dirigir-una-pyme-de-forma-profesional\/\" \/>\n<meta property=\"article:publisher\" content=\"https:\/\/www.facebook.com\/somoscubodeideas\" \/>\n<meta property=\"article:published_time\" content=\"2026-03-05T20:20:52+00:00\" \/>\n<meta property=\"article:modified_time\" content=\"2026-03-06T04:09:01+00:00\" \/>\n<meta property=\"og:image\" content=\"https:\/\/www.cubodeideas.com\/blog\/wp-content\/uploads\/2026\/03\/Captura-de-pantalla_5-3-2026_142015_chatgpt.com_.jpeg\" \/>\n\t<meta property=\"og:image:width\" content=\"1147\" \/>\n\t<meta property=\"og:image:height\" content=\"663\" \/>\n\t<meta property=\"og:image:type\" content=\"image\/jpeg\" \/>\n<meta name=\"author\" content=\"Noel Castro\" \/>\n<meta name=\"twitter:card\" content=\"summary_large_image\" \/>\n<meta name=\"twitter:creator\" content=\"@cubo_ideas\" \/>\n<meta name=\"twitter:site\" content=\"@cubo_ideas\" \/>\n<meta name=\"twitter:label1\" content=\"Escrito por\" \/>\n\t<meta name=\"twitter:data1\" content=\"Noel Castro\" \/>\n\t<meta name=\"twitter:label2\" content=\"Tiempo de lectura\" \/>\n\t<meta name=\"twitter:data2\" content=\"7 minutos\" \/>\n<script type=\"application\/ld+json\" class=\"yoast-schema-graph\">{\"@context\":\"https:\/\/schema.org\",\"@graph\":[{\"@type\":\"Article\",\"@id\":\"https:\/\/www.cubodeideas.com\/blog\/estrategia-empresarial\/direccion-y-decisiones\/como-dirigir-una-pyme-de-forma-profesional\/#article\",\"isPartOf\":{\"@id\":\"https:\/\/www.cubodeideas.com\/blog\/estrategia-empresarial\/direccion-y-decisiones\/como-dirigir-una-pyme-de-forma-profesional\/\"},\"author\":{\"name\":\"Noel Castro\",\"@id\":\"https:\/\/www.cubodeideas.com\/blog\/#\/schema\/person\/5614e43eb76109017cff51a2c7928211\"},\"headline\":\"C\u00f3mo dirigir una PyME de forma profesional\",\"datePublished\":\"2026-03-05T20:20:52+00:00\",\"dateModified\":\"2026-03-06T04:09:01+00:00\",\"mainEntityOfPage\":{\"@id\":\"https:\/\/www.cubodeideas.com\/blog\/estrategia-empresarial\/direccion-y-decisiones\/como-dirigir-una-pyme-de-forma-profesional\/\"},\"wordCount\":1418,\"publisher\":{\"@id\":\"https:\/\/www.cubodeideas.com\/blog\/#organization\"},\"image\":{\"@id\":\"https:\/\/www.cubodeideas.com\/blog\/estrategia-empresarial\/direccion-y-decisiones\/como-dirigir-una-pyme-de-forma-profesional\/#primaryimage\"},\"thumbnailUrl\":\"https:\/\/www.cubodeideas.com\/blog\/wp-content\/uploads\/2026\/03\/Captura-de-pantalla_5-3-2026_142015_chatgpt.com_.jpeg\",\"keywords\":[\"direccion empresarial pyme\",\"gestion empresarial para pymes\",\"liderazgo empresarial pyme\",\"profesionalizar empresa\",\"sistema de direccion empresarial\"],\"articleSection\":[\"Direcci\u00f3n y decisiones estrat\u00e9gicas\"],\"inLanguage\":\"es\"},{\"@type\":\"WebPage\",\"@id\":\"https:\/\/www.cubodeideas.com\/blog\/estrategia-empresarial\/direccion-y-decisiones\/como-dirigir-una-pyme-de-forma-profesional\/\",\"url\":\"https:\/\/www.cubodeideas.com\/blog\/estrategia-empresarial\/direccion-y-decisiones\/como-dirigir-una-pyme-de-forma-profesional\/\",\"name\":\"C\u00f3mo dirigir una PyME de forma profesional -\",\"isPartOf\":{\"@id\":\"https:\/\/www.cubodeideas.com\/blog\/#website\"},\"primaryImageOfPage\":{\"@id\":\"https:\/\/www.cubodeideas.com\/blog\/estrategia-empresarial\/direccion-y-decisiones\/como-dirigir-una-pyme-de-forma-profesional\/#primaryimage\"},\"image\":{\"@id\":\"https:\/\/www.cubodeideas.com\/blog\/estrategia-empresarial\/direccion-y-decisiones\/como-dirigir-una-pyme-de-forma-profesional\/#primaryimage\"},\"thumbnailUrl\":\"https:\/\/www.cubodeideas.com\/blog\/wp-content\/uploads\/2026\/03\/Captura-de-pantalla_5-3-2026_142015_chatgpt.com_.jpeg\",\"datePublished\":\"2026-03-05T20:20:52+00:00\",\"dateModified\":\"2026-03-06T04:09:01+00:00\",\"description\":\"C\u00f3mo dirigir una PyME de forma profesional mediante indicadores, sistema de control y disciplina estrat\u00e9gica.\",\"breadcrumb\":{\"@id\":\"https:\/\/www.cubodeideas.com\/blog\/estrategia-empresarial\/direccion-y-decisiones\/como-dirigir-una-pyme-de-forma-profesional\/#breadcrumb\"},\"inLanguage\":\"es\",\"potentialAction\":[{\"@type\":\"ReadAction\",\"target\":[\"https:\/\/www.cubodeideas.com\/blog\/estrategia-empresarial\/direccion-y-decisiones\/como-dirigir-una-pyme-de-forma-profesional\/\"]}]},{\"@type\":\"ImageObject\",\"inLanguage\":\"es\",\"@id\":\"https:\/\/www.cubodeideas.com\/blog\/estrategia-empresarial\/direccion-y-decisiones\/como-dirigir-una-pyme-de-forma-profesional\/#primaryimage\",\"url\":\"https:\/\/www.cubodeideas.com\/blog\/wp-content\/uploads\/2026\/03\/Captura-de-pantalla_5-3-2026_142015_chatgpt.com_.jpeg\",\"contentUrl\":\"https:\/\/www.cubodeideas.com\/blog\/wp-content\/uploads\/2026\/03\/Captura-de-pantalla_5-3-2026_142015_chatgpt.com_.jpeg\",\"width\":1147,\"height\":663,\"caption\":\"dirigir una pyme\"},{\"@type\":\"BreadcrumbList\",\"@id\":\"https:\/\/www.cubodeideas.com\/blog\/estrategia-empresarial\/direccion-y-decisiones\/como-dirigir-una-pyme-de-forma-profesional\/#breadcrumb\",\"itemListElement\":[{\"@type\":\"ListItem\",\"position\":1,\"name\":\"Portada\",\"item\":\"https:\/\/www.cubodeideas.com\/blog\/\"},{\"@type\":\"ListItem\",\"position\":2,\"name\":\"C\u00f3mo dirigir una PyME de forma profesional\"}]},{\"@type\":\"WebSite\",\"@id\":\"https:\/\/www.cubodeideas.com\/blog\/#website\",\"url\":\"https:\/\/www.cubodeideas.com\/blog\/\",\"name\":\"Cubo de Ideas\",\"description\":\"Cubo de Ideas, El Blog\",\"publisher\":{\"@id\":\"https:\/\/www.cubodeideas.com\/blog\/#organization\"},\"potentialAction\":[{\"@type\":\"SearchAction\",\"target\":{\"@type\":\"EntryPoint\",\"urlTemplate\":\"https:\/\/www.cubodeideas.com\/blog\/?s={search_term_string}\"},\"query-input\":{\"@type\":\"PropertyValueSpecification\",\"valueRequired\":true,\"valueName\":\"search_term_string\"}}],\"inLanguage\":\"es\"},{\"@type\":\"Organization\",\"@id\":\"https:\/\/www.cubodeideas.com\/blog\/#organization\",\"name\":\"Cubo de Ideas\",\"url\":\"https:\/\/www.cubodeideas.com\/blog\/\",\"logo\":{\"@type\":\"ImageObject\",\"inLanguage\":\"es\",\"@id\":\"https:\/\/www.cubodeideas.com\/blog\/#\/schema\/logo\/image\/\",\"url\":\"https:\/\/www.cubodeideas.com\/blog\/wp-content\/uploads\/2021\/10\/android-icon-72x72-1.png\",\"contentUrl\":\"https:\/\/www.cubodeideas.com\/blog\/wp-content\/uploads\/2021\/10\/android-icon-72x72-1.png\",\"width\":72,\"height\":72,\"caption\":\"Cubo de Ideas\"},\"image\":{\"@id\":\"https:\/\/www.cubodeideas.com\/blog\/#\/schema\/logo\/image\/\"},\"sameAs\":[\"https:\/\/www.facebook.com\/somoscubodeideas\",\"https:\/\/x.com\/cubo_ideas\",\"https:\/\/www.instagram.com\/cubodeideas\"]},{\"@type\":\"Person\",\"@id\":\"https:\/\/www.cubodeideas.com\/blog\/#\/schema\/person\/5614e43eb76109017cff51a2c7928211\",\"name\":\"Noel Castro\",\"description\":\"LEM Noel Castro Monta\u00f1o es CEO de Cubo de Ideas, Director de Operaciones para Citosa Textiles. Asesor de nuevos mercados y estrategias digitales para el segmento Retail. Especialista en marketing para autoservicios y puntos de venta. Especialista en sistemas de gesti\u00f3n de la calidad con enfoque a la ISO 9001:2015\",\"sameAs\":[\"https:\/\/www.cubodeideas.com\/blog\"],\"url\":\"https:\/\/www.cubodeideas.com\/blog\/author\/admin\/\"}]}<\/script>\n<!-- \/ Yoast SEO plugin. -->","yoast_head_json":{"title":"C\u00f3mo dirigir una PyME de forma profesional -","description":"C\u00f3mo dirigir una PyME de forma profesional mediante indicadores, sistema de control y disciplina estrat\u00e9gica.","robots":{"index":"index","follow":"follow","max-snippet":"max-snippet:-1","max-image-preview":"max-image-preview:large","max-video-preview":"max-video-preview:-1"},"canonical":"https:\/\/www.cubodeideas.com\/blog\/estrategia-empresarial\/direccion-y-decisiones\/como-dirigir-una-pyme-de-forma-profesional\/","og_locale":"es_ES","og_type":"article","og_title":"C\u00f3mo dirigir una PyME de forma profesional -","og_description":"C\u00f3mo dirigir una PyME de forma profesional mediante indicadores, sistema de control y disciplina estrat\u00e9gica.","og_url":"https:\/\/www.cubodeideas.com\/blog\/estrategia-empresarial\/direccion-y-decisiones\/como-dirigir-una-pyme-de-forma-profesional\/","article_publisher":"https:\/\/www.facebook.com\/somoscubodeideas","article_published_time":"2026-03-05T20:20:52+00:00","article_modified_time":"2026-03-06T04:09:01+00:00","og_image":[{"width":1147,"height":663,"url":"https:\/\/www.cubodeideas.com\/blog\/wp-content\/uploads\/2026\/03\/Captura-de-pantalla_5-3-2026_142015_chatgpt.com_.jpeg","type":"image\/jpeg"}],"author":"Noel Castro","twitter_card":"summary_large_image","twitter_creator":"@cubo_ideas","twitter_site":"@cubo_ideas","twitter_misc":{"Escrito por":"Noel Castro","Tiempo de lectura":"7 minutos"},"schema":{"@context":"https:\/\/schema.org","@graph":[{"@type":"Article","@id":"https:\/\/www.cubodeideas.com\/blog\/estrategia-empresarial\/direccion-y-decisiones\/como-dirigir-una-pyme-de-forma-profesional\/#article","isPartOf":{"@id":"https:\/\/www.cubodeideas.com\/blog\/estrategia-empresarial\/direccion-y-decisiones\/como-dirigir-una-pyme-de-forma-profesional\/"},"author":{"name":"Noel Castro","@id":"https:\/\/www.cubodeideas.com\/blog\/#\/schema\/person\/5614e43eb76109017cff51a2c7928211"},"headline":"C\u00f3mo dirigir una PyME de forma profesional","datePublished":"2026-03-05T20:20:52+00:00","dateModified":"2026-03-06T04:09:01+00:00","mainEntityOfPage":{"@id":"https:\/\/www.cubodeideas.com\/blog\/estrategia-empresarial\/direccion-y-decisiones\/como-dirigir-una-pyme-de-forma-profesional\/"},"wordCount":1418,"publisher":{"@id":"https:\/\/www.cubodeideas.com\/blog\/#organization"},"image":{"@id":"https:\/\/www.cubodeideas.com\/blog\/estrategia-empresarial\/direccion-y-decisiones\/como-dirigir-una-pyme-de-forma-profesional\/#primaryimage"},"thumbnailUrl":"https:\/\/www.cubodeideas.com\/blog\/wp-content\/uploads\/2026\/03\/Captura-de-pantalla_5-3-2026_142015_chatgpt.com_.jpeg","keywords":["direccion empresarial pyme","gestion empresarial para pymes","liderazgo empresarial pyme","profesionalizar empresa","sistema de direccion empresarial"],"articleSection":["Direcci\u00f3n y decisiones estrat\u00e9gicas"],"inLanguage":"es"},{"@type":"WebPage","@id":"https:\/\/www.cubodeideas.com\/blog\/estrategia-empresarial\/direccion-y-decisiones\/como-dirigir-una-pyme-de-forma-profesional\/","url":"https:\/\/www.cubodeideas.com\/blog\/estrategia-empresarial\/direccion-y-decisiones\/como-dirigir-una-pyme-de-forma-profesional\/","name":"C\u00f3mo dirigir una PyME de forma profesional -","isPartOf":{"@id":"https:\/\/www.cubodeideas.com\/blog\/#website"},"primaryImageOfPage":{"@id":"https:\/\/www.cubodeideas.com\/blog\/estrategia-empresarial\/direccion-y-decisiones\/como-dirigir-una-pyme-de-forma-profesional\/#primaryimage"},"image":{"@id":"https:\/\/www.cubodeideas.com\/blog\/estrategia-empresarial\/direccion-y-decisiones\/como-dirigir-una-pyme-de-forma-profesional\/#primaryimage"},"thumbnailUrl":"https:\/\/www.cubodeideas.com\/blog\/wp-content\/uploads\/2026\/03\/Captura-de-pantalla_5-3-2026_142015_chatgpt.com_.jpeg","datePublished":"2026-03-05T20:20:52+00:00","dateModified":"2026-03-06T04:09:01+00:00","description":"C\u00f3mo dirigir una PyME de forma profesional mediante indicadores, sistema de control y disciplina estrat\u00e9gica.","breadcrumb":{"@id":"https:\/\/www.cubodeideas.com\/blog\/estrategia-empresarial\/direccion-y-decisiones\/como-dirigir-una-pyme-de-forma-profesional\/#breadcrumb"},"inLanguage":"es","potentialAction":[{"@type":"ReadAction","target":["https:\/\/www.cubodeideas.com\/blog\/estrategia-empresarial\/direccion-y-decisiones\/como-dirigir-una-pyme-de-forma-profesional\/"]}]},{"@type":"ImageObject","inLanguage":"es","@id":"https:\/\/www.cubodeideas.com\/blog\/estrategia-empresarial\/direccion-y-decisiones\/como-dirigir-una-pyme-de-forma-profesional\/#primaryimage","url":"https:\/\/www.cubodeideas.com\/blog\/wp-content\/uploads\/2026\/03\/Captura-de-pantalla_5-3-2026_142015_chatgpt.com_.jpeg","contentUrl":"https:\/\/www.cubodeideas.com\/blog\/wp-content\/uploads\/2026\/03\/Captura-de-pantalla_5-3-2026_142015_chatgpt.com_.jpeg","width":1147,"height":663,"caption":"dirigir una pyme"},{"@type":"BreadcrumbList","@id":"https:\/\/www.cubodeideas.com\/blog\/estrategia-empresarial\/direccion-y-decisiones\/como-dirigir-una-pyme-de-forma-profesional\/#breadcrumb","itemListElement":[{"@type":"ListItem","position":1,"name":"Portada","item":"https:\/\/www.cubodeideas.com\/blog\/"},{"@type":"ListItem","position":2,"name":"C\u00f3mo dirigir una PyME de forma profesional"}]},{"@type":"WebSite","@id":"https:\/\/www.cubodeideas.com\/blog\/#website","url":"https:\/\/www.cubodeideas.com\/blog\/","name":"Cubo de Ideas","description":"Cubo de Ideas, El Blog","publisher":{"@id":"https:\/\/www.cubodeideas.com\/blog\/#organization"},"potentialAction":[{"@type":"SearchAction","target":{"@type":"EntryPoint","urlTemplate":"https:\/\/www.cubodeideas.com\/blog\/?s={search_term_string}"},"query-input":{"@type":"PropertyValueSpecification","valueRequired":true,"valueName":"search_term_string"}}],"inLanguage":"es"},{"@type":"Organization","@id":"https:\/\/www.cubodeideas.com\/blog\/#organization","name":"Cubo de Ideas","url":"https:\/\/www.cubodeideas.com\/blog\/","logo":{"@type":"ImageObject","inLanguage":"es","@id":"https:\/\/www.cubodeideas.com\/blog\/#\/schema\/logo\/image\/","url":"https:\/\/www.cubodeideas.com\/blog\/wp-content\/uploads\/2021\/10\/android-icon-72x72-1.png","contentUrl":"https:\/\/www.cubodeideas.com\/blog\/wp-content\/uploads\/2021\/10\/android-icon-72x72-1.png","width":72,"height":72,"caption":"Cubo de Ideas"},"image":{"@id":"https:\/\/www.cubodeideas.com\/blog\/#\/schema\/logo\/image\/"},"sameAs":["https:\/\/www.facebook.com\/somoscubodeideas","https:\/\/x.com\/cubo_ideas","https:\/\/www.instagram.com\/cubodeideas"]},{"@type":"Person","@id":"https:\/\/www.cubodeideas.com\/blog\/#\/schema\/person\/5614e43eb76109017cff51a2c7928211","name":"Noel Castro","description":"LEM Noel Castro Monta\u00f1o es CEO de Cubo de Ideas, Director de Operaciones para Citosa Textiles. Asesor de nuevos mercados y estrategias digitales para el segmento Retail. Especialista en marketing para autoservicios y puntos de venta. Especialista en sistemas de gesti\u00f3n de la calidad con enfoque a la ISO 9001:2015","sameAs":["https:\/\/www.cubodeideas.com\/blog"],"url":"https:\/\/www.cubodeideas.com\/blog\/author\/admin\/"}]}},"jetpack_publicize_connections":[],"_links":{"self":[{"href":"https:\/\/www.cubodeideas.com\/blog\/wp-json\/wp\/v2\/posts\/3352","targetHints":{"allow":["GET"]}}],"collection":[{"href":"https:\/\/www.cubodeideas.com\/blog\/wp-json\/wp\/v2\/posts"}],"about":[{"href":"https:\/\/www.cubodeideas.com\/blog\/wp-json\/wp\/v2\/types\/post"}],"author":[{"embeddable":true,"href":"https:\/\/www.cubodeideas.com\/blog\/wp-json\/wp\/v2\/users\/1"}],"replies":[{"embeddable":true,"href":"https:\/\/www.cubodeideas.com\/blog\/wp-json\/wp\/v2\/comments?post=3352"}],"version-history":[{"count":1,"href":"https:\/\/www.cubodeideas.com\/blog\/wp-json\/wp\/v2\/posts\/3352\/revisions"}],"predecessor-version":[{"id":3354,"href":"https:\/\/www.cubodeideas.com\/blog\/wp-json\/wp\/v2\/posts\/3352\/revisions\/3354"}],"wp:featuredmedia":[{"embeddable":true,"href":"https:\/\/www.cubodeideas.com\/blog\/wp-json\/wp\/v2\/media\/3353"}],"wp:attachment":[{"href":"https:\/\/www.cubodeideas.com\/blog\/wp-json\/wp\/v2\/media?parent=3352"}],"wp:term":[{"taxonomy":"category","embeddable":true,"href":"https:\/\/www.cubodeideas.com\/blog\/wp-json\/wp\/v2\/categories?post=3352"},{"taxonomy":"post_tag","embeddable":true,"href":"https:\/\/www.cubodeideas.com\/blog\/wp-json\/wp\/v2\/tags?post=3352"}],"curies":[{"name":"wp","href":"https:\/\/api.w.org\/{rel}","templated":true}]}}