{"id":3346,"date":"2026-03-03T05:32:06","date_gmt":"2026-03-03T05:32:06","guid":{"rendered":"https:\/\/www.cubodeideas.com\/blog\/?p=3346"},"modified":"2026-03-03T05:32:06","modified_gmt":"2026-03-03T05:32:06","slug":"logistica-empresarial-en-mexico","status":"publish","type":"post","link":"https:\/\/www.cubodeideas.com\/blog\/soluciones-empresariales\/logistica-y-cadena-de-suministro\/logistica-empresarial-en-mexico\/","title":{"rendered":"Log\u00edstica empresarial en M\u00e9xico"},"content":{"rendered":"<p data-start=\"226\" data-end=\"639\">La <strong data-start=\"229\" data-end=\"264\">log\u00edstica empresarial en M\u00e9xico<\/strong> no es \u00fanicamente el traslado f\u00edsico de mercanc\u00edas; es la arquitectura que conecta compras, inventarios, producci\u00f3n y entrega final. Cuando la log\u00edstica empresarial en M\u00e9xico se gestiona de forma reactiva \u2014resolviendo urgencias diarias sin dise\u00f1o estructural\u2014 los costos se incrementan, los tiempos se vuelven impredecibles y el margen comienza a erosionarse silenciosamente.<\/p>\n<p data-start=\"641\" data-end=\"975\">En muchas PyMEs industriales y comerciales, la log\u00edstica crece de manera org\u00e1nica. Se agregan proveedores, rutas, almacenes o transportistas sin un modelo integral que optimice el flujo. El resultado suele ser inventario excesivo en algunos puntos, desabasto en otros y una dependencia creciente de soluciones urgentes con sobrecosto.<\/p>\n<p data-start=\"977\" data-end=\"1043\">La log\u00edstica no es funci\u00f3n aislada; es sistema nervioso operativo.<\/p>\n<p data-start=\"1045\" data-end=\"1203\">Este an\u00e1lisis pertenece al cl\u00faster<a href=\"https:\/\/www.cubodeideas.com\/blog\/category\/soluciones-empresariales\/logistica-y-cadena-de-suministro\/\"> Log\u00edstica y cadena de suministro<\/a> y se integra con estructura de costos, estandarizaci\u00f3n de procesos y sistema de direcci\u00f3n.<\/p>\n<h2 data-start=\"1210\" data-end=\"1263\">La log\u00edstica como generador o destructor de margen<\/h2>\n<p data-start=\"1265\" data-end=\"1555\">Cada decisi\u00f3n log\u00edstica impacta directamente en el costo unitario del producto o servicio. Fletes urgentes, almacenaje innecesario, penalizaciones por retraso o roturas en la cadena de suministro representan costos que no siempre se identifican de forma expl\u00edcita en el an\u00e1lisis financiero.<\/p>\n<p data-start=\"1557\" data-end=\"1902\">La log\u00edstica empresarial en M\u00e9xico debe evaluarse desde su contribuci\u00f3n al margen de contribuci\u00f3n, no solo desde su costo absoluto. Una reducci\u00f3n marginal en tiempos de entrega puede disminuir inventarios y liberar capital de trabajo. Por el contrario, una gesti\u00f3n ineficiente puede obligar a mantener stock elevado para compensar incertidumbre.<\/p>\n<p data-start=\"1904\" data-end=\"1961\">La eficiencia log\u00edstica protege rentabilidad estructural.<\/p>\n<h2 data-start=\"1968\" data-end=\"2003\">Inventarios y capital de trabajo<\/h2>\n<p data-start=\"2005\" data-end=\"2221\">El inventario es uno de los principales consumidores de capital en una PyME. Cuando la log\u00edstica no est\u00e1 sincronizada con la demanda real, la empresa inmoviliza recursos que podr\u00edan destinarse a inversi\u00f3n productiva.<\/p>\n<p data-start=\"2223\" data-end=\"2457\">La log\u00edstica empresarial en M\u00e9xico requiere an\u00e1lisis sistem\u00e1tico de rotaci\u00f3n, niveles de seguridad y tiempos de reposici\u00f3n. Mantener inventario excesivo reduce liquidez; mantener inventario insuficiente compromete servicio al cliente.<\/p>\n<p data-start=\"2459\" data-end=\"2506\">El equilibrio adecuado exige datos y previsi\u00f3n.<\/p>\n<p data-start=\"2508\" data-end=\"2557\">La disciplina log\u00edstica mejora flujo de efectivo.<\/p>\n<h2 data-start=\"2564\" data-end=\"2600\">Transporte y estructura de costos<\/h2>\n<p data-start=\"2602\" data-end=\"2851\">En un pa\u00eds con amplia extensi\u00f3n territorial y variabilidad en infraestructura, el transporte representa componente relevante del costo total. Elegir entre flota propia o tercerizaci\u00f3n requiere an\u00e1lisis de volumen, frecuencia y dispersi\u00f3n geogr\u00e1fica.<\/p>\n<p data-start=\"2853\" data-end=\"3025\">La log\u00edstica empresarial en M\u00e9xico debe considerar costos directos de transporte, pero tambi\u00e9n tiempos de tr\u00e1nsito, confiabilidad del proveedor y riesgo asociado a demoras.<\/p>\n<p data-start=\"3027\" data-end=\"3122\">Una decisi\u00f3n basada \u00fanicamente en tarifa puede resultar costosa si genera retrasos recurrentes.<\/p>\n<p data-start=\"3124\" data-end=\"3179\">La evaluaci\u00f3n integral fortalece estabilidad operativa.<\/p>\n<h2 data-start=\"3186\" data-end=\"3223\">Tecnolog\u00eda y visibilidad operativa<\/h2>\n<p data-start=\"3225\" data-end=\"3487\">La digitalizaci\u00f3n de la log\u00edstica \u2014mediante sistemas de gesti\u00f3n de inventarios, trazabilidad y seguimiento en tiempo real\u2014 incrementa visibilidad y reduce incertidumbre. Sin embargo, la tecnolog\u00eda solo aporta valor cuando los procesos est\u00e1n claramente definidos.<\/p>\n<p data-start=\"3489\" data-end=\"3640\">La log\u00edstica empresarial en M\u00e9xico se beneficia de integraci\u00f3n con ERP y sistemas comerciales que permitan sincronizar pedidos con disponibilidad real.<\/p>\n<p data-start=\"3642\" data-end=\"3700\">La informaci\u00f3n en tiempo real reduce decisiones reactivas.<\/p>\n<h2 data-start=\"3707\" data-end=\"3758\">Riesgos estructurales en la cadena de suministro<\/h2>\n<p data-start=\"3760\" data-end=\"3914\">Dependencia excesiva de un proveedor, concentraci\u00f3n geogr\u00e1fica de inventarios o ausencia de planes alternativos ante contingencias son riesgos frecuentes.<\/p>\n<p data-start=\"3916\" data-end=\"4110\">La log\u00edstica empresarial en M\u00e9xico debe incorporar an\u00e1lisis de vulnerabilidad y planes de contingencia. Interrupciones en suministro pueden detener producci\u00f3n y afectar cumplimiento contractual.<\/p>\n<p data-start=\"4112\" data-end=\"4160\">La resiliencia log\u00edstica es ventaja competitiva.<\/p>\n<h2 data-start=\"4167\" data-end=\"4210\">Indicadores clave de desempe\u00f1o log\u00edstico<\/h2>\n<p data-start=\"4212\" data-end=\"4399\">Tiempo de ciclo, nivel de servicio, rotaci\u00f3n de inventario y costo log\u00edstico sobre ventas son indicadores esenciales. Estos deben revisarse peri\u00f3dicamente dentro del sistema de direcci\u00f3n.<\/p>\n<p data-start=\"4401\" data-end=\"4516\">La log\u00edstica empresarial en M\u00e9xico debe medirse de forma consistente para identificar tendencias y \u00e1reas de mejora.<\/p>\n<p data-start=\"4518\" data-end=\"4583\">Sin indicadores claros, la eficiencia es percepci\u00f3n, no realidad.<\/p>\n<h2 data-start=\"4590\" data-end=\"4629\">Integraci\u00f3n con estrategia comercial<\/h2>\n<p data-start=\"4631\" data-end=\"4818\">Promesas de entrega realizadas por el \u00e1rea comercial deben alinearse con capacidad log\u00edstica real. La desconexi\u00f3n entre ventas y operaci\u00f3n genera incumplimientos y costos extraordinarios.<\/p>\n<p data-start=\"4820\" data-end=\"4935\">La log\u00edstica empresarial en M\u00e9xico debe participar en definici\u00f3n de compromisos comerciales y expansi\u00f3n geogr\u00e1fica.<\/p>\n<p data-start=\"4937\" data-end=\"4987\">La coherencia interna protege reputaci\u00f3n y margen.<\/p>\n<h2 data-start=\"4994\" data-end=\"5026\">Qu\u00e9 har\u00eda hoy desde direcci\u00f3n<\/h2>\n<p data-start=\"5028\" data-end=\"5376\">Primero, analizar\u00eda el costo log\u00edstico total como porcentaje de ventas y su evoluci\u00f3n en los \u00faltimos doce meses. Luego revisar\u00eda niveles de inventario y rotaci\u00f3n por l\u00ednea de producto. Posteriormente evaluar\u00eda concentraci\u00f3n de proveedores cr\u00edticos y posibles vulnerabilidades. Finalmente integrar\u00eda indicadores log\u00edsticos en el tablero estrat\u00e9gico.<\/p>\n<p data-start=\"5378\" data-end=\"5470\">La log\u00edstica debe dejar de ser \u00e1rea operativa aislada y convertirse en variable estrat\u00e9gica.<\/p>\n<h2 data-start=\"5477\" data-end=\"5497\">El siguiente paso<\/h2>\n<p data-start=\"5499\" data-end=\"5708\">Si tu empresa enfrenta retrasos recurrentes, inventarios desbalanceados o incremento sostenido en costos de transporte, es probable que la log\u00edstica empresarial en M\u00e9xico no est\u00e9 dise\u00f1ada de forma estructural.<\/p>\n<p data-start=\"5710\" data-end=\"5840\">Un diagn\u00f3stico estrat\u00e9gico puede ayudarte a redise\u00f1ar tu cadena de suministro, fortalecer resiliencia y proteger margen operativo.<\/p>\n<p data-start=\"5842\" data-end=\"5925\">La eficiencia log\u00edstica es una decisi\u00f3n de direcci\u00f3n, no una consecuencia del azar.<\/p>\n<div class=\"pvc_clear\"><\/div>\n<p id=\"pvc_stats_3346\" class=\"pvc_stats all  \" data-element-id=\"3346\" style=\"\"><i class=\"pvc-stats-icon medium\" aria-hidden=\"true\"><svg aria-hidden=\"true\" focusable=\"false\" data-prefix=\"far\" data-icon=\"chart-bar\" role=\"img\" xmlns=\"http:\/\/www.w3.org\/2000\/svg\" viewBox=\"0 0 512 512\" class=\"svg-inline--fa fa-chart-bar fa-w-16 fa-2x\"><path fill=\"currentColor\" d=\"M396.8 352h22.4c6.4 0 12.8-6.4 12.8-12.8V108.8c0-6.4-6.4-12.8-12.8-12.8h-22.4c-6.4 0-12.8 6.4-12.8 12.8v230.4c0 6.4 6.4 12.8 12.8 12.8zm-192 0h22.4c6.4 0 12.8-6.4 12.8-12.8V140.8c0-6.4-6.4-12.8-12.8-12.8h-22.4c-6.4 0-12.8 6.4-12.8 12.8v198.4c0 6.4 6.4 12.8 12.8 12.8zm96 0h22.4c6.4 0 12.8-6.4 12.8-12.8V204.8c0-6.4-6.4-12.8-12.8-12.8h-22.4c-6.4 0-12.8 6.4-12.8 12.8v134.4c0 6.4 6.4 12.8 12.8 12.8zM496 400H48V80c0-8.84-7.16-16-16-16H16C7.16 64 0 71.16 0 80v336c0 17.67 14.33 32 32 32h464c8.84 0 16-7.16 16-16v-16c0-8.84-7.16-16-16-16zm-387.2-48h22.4c6.4 0 12.8-6.4 12.8-12.8v-70.4c0-6.4-6.4-12.8-12.8-12.8h-22.4c-6.4 0-12.8 6.4-12.8 12.8v70.4c0 6.4 6.4 12.8 12.8 12.8z\" class=\"\"><\/path><\/svg><\/i> <img loading=\"lazy\" decoding=\"async\" width=\"16\" height=\"16\" alt=\"Loading\" src=\"https:\/\/www.cubodeideas.com\/blog\/wp-content\/plugins\/page-views-count\/ajax-loader-2x.gif\" border=0 \/><\/p>\n<div class=\"pvc_clear\"><\/div>\n","protected":false},"excerpt":{"rendered":"<p>La log\u00edstica empresarial en M\u00e9xico no es \u00fanicamente el traslado f\u00edsico de mercanc\u00edas; es la arquitectura que conecta compras, inventarios, producci\u00f3n y entrega final. Cuando la log\u00edstica empresarial en M\u00e9xico se gestiona de forma reactiva \u2014resolviendo urgencias diarias sin dise\u00f1o estructural\u2014 los costos se incrementan, los tiempos se vuelven impredecibles y el margen comienza a [&hellip;]<\/p>\n<div class=\"pvc_clear\"><\/div>\n<p id=\"pvc_stats_3346\" class=\"pvc_stats all  \" data-element-id=\"3346\" style=\"\"><i class=\"pvc-stats-icon medium\" aria-hidden=\"true\"><svg aria-hidden=\"true\" focusable=\"false\" data-prefix=\"far\" data-icon=\"chart-bar\" role=\"img\" xmlns=\"http:\/\/www.w3.org\/2000\/svg\" viewBox=\"0 0 512 512\" class=\"svg-inline--fa fa-chart-bar fa-w-16 fa-2x\"><path fill=\"currentColor\" d=\"M396.8 352h22.4c6.4 0 12.8-6.4 12.8-12.8V108.8c0-6.4-6.4-12.8-12.8-12.8h-22.4c-6.4 0-12.8 6.4-12.8 12.8v230.4c0 6.4 6.4 12.8 12.8 12.8zm-192 0h22.4c6.4 0 12.8-6.4 12.8-12.8V140.8c0-6.4-6.4-12.8-12.8-12.8h-22.4c-6.4 0-12.8 6.4-12.8 12.8v198.4c0 6.4 6.4 12.8 12.8 12.8zm96 0h22.4c6.4 0 12.8-6.4 12.8-12.8V204.8c0-6.4-6.4-12.8-12.8-12.8h-22.4c-6.4 0-12.8 6.4-12.8 12.8v134.4c0 6.4 6.4 12.8 12.8 12.8zM496 400H48V80c0-8.84-7.16-16-16-16H16C7.16 64 0 71.16 0 80v336c0 17.67 14.33 32 32 32h464c8.84 0 16-7.16 16-16v-16c0-8.84-7.16-16-16-16zm-387.2-48h22.4c6.4 0 12.8-6.4 12.8-12.8v-70.4c0-6.4-6.4-12.8-12.8-12.8h-22.4c-6.4 0-12.8 6.4-12.8 12.8v70.4c0 6.4 6.4 12.8 12.8 12.8z\" class=\"\"><\/path><\/svg><\/i> <img loading=\"lazy\" decoding=\"async\" width=\"16\" height=\"16\" alt=\"Loading\" src=\"https:\/\/www.cubodeideas.com\/blog\/wp-content\/plugins\/page-views-count\/ajax-loader-2x.gif\" border=0 \/><\/p>\n<div class=\"pvc_clear\"><\/div>\n","protected":false},"author":1,"featured_media":3347,"comment_status":"closed","ping_status":"closed","sticky":false,"template":"","format":"standard","meta":{"footnotes":"","jetpack_publicize_message":"","jetpack_publicize_feature_enabled":true,"jetpack_social_post_already_shared":true,"jetpack_social_options":{"image_generator_settings":{"template":"highway","default_image_id":0,"font":"","enabled":false},"version":2}},"categories":[1626],"tags":[1956,1960,1958,1959,1957],"class_list":["post-3346","post","type-post","status-publish","format-standard","has-post-thumbnail","hentry","category-logistica-y-cadena-de-suministro","tag-cadena-suministro-pyme-mexico","tag-control-capital-trabajo-inventario","tag-costos-transporte-empresarial","tag-eficiencia-logistica-pyme","tag-gestion-inventarios-empresa"],"blocksy_meta":[],"yoast_head":"<!-- This site is optimized with the Yoast SEO plugin v27.0 - https:\/\/yoast.com\/product\/yoast-seo-wordpress\/ -->\n<title>Log\u00edstica empresarial en M\u00e9xico -<\/title>\n<meta name=\"description\" content=\"Log\u00edstica empresarial en M\u00e9xico analizada desde costos, inventarios y resiliencia operativa.\" \/>\n<meta name=\"robots\" content=\"index, follow, max-snippet:-1, max-image-preview:large, max-video-preview:-1\" \/>\n<link rel=\"canonical\" href=\"https:\/\/www.cubodeideas.com\/blog\/soluciones-empresariales\/logistica-y-cadena-de-suministro\/logistica-empresarial-en-mexico\/\" \/>\n<meta property=\"og:locale\" content=\"es_ES\" \/>\n<meta property=\"og:type\" content=\"article\" \/>\n<meta property=\"og:title\" content=\"Log\u00edstica empresarial en M\u00e9xico -\" \/>\n<meta property=\"og:description\" content=\"Log\u00edstica empresarial en M\u00e9xico analizada desde costos, inventarios y resiliencia operativa.\" \/>\n<meta property=\"og:url\" content=\"https:\/\/www.cubodeideas.com\/blog\/soluciones-empresariales\/logistica-y-cadena-de-suministro\/logistica-empresarial-en-mexico\/\" \/>\n<meta property=\"article:publisher\" content=\"https:\/\/www.facebook.com\/somoscubodeideas\" \/>\n<meta property=\"article:published_time\" content=\"2026-03-03T05:32:06+00:00\" \/>\n<meta property=\"og:image\" content=\"https:\/\/www.cubodeideas.com\/blog\/wp-content\/uploads\/2026\/03\/ChatGPT-Image-Mar-2-2026-11_31_43-PM-1024x683.png\" \/>\n\t<meta property=\"og:image:width\" content=\"1024\" \/>\n\t<meta property=\"og:image:height\" content=\"683\" \/>\n\t<meta property=\"og:image:type\" content=\"image\/png\" \/>\n<meta name=\"author\" content=\"Noel Castro\" \/>\n<meta name=\"twitter:card\" content=\"summary_large_image\" \/>\n<meta name=\"twitter:creator\" content=\"@cubo_ideas\" \/>\n<meta name=\"twitter:site\" content=\"@cubo_ideas\" \/>\n<meta name=\"twitter:label1\" content=\"Escrito por\" \/>\n\t<meta name=\"twitter:data1\" content=\"Noel Castro\" \/>\n\t<meta name=\"twitter:label2\" content=\"Tiempo de lectura\" \/>\n\t<meta name=\"twitter:data2\" content=\"4 minutos\" \/>\n<script type=\"application\/ld+json\" class=\"yoast-schema-graph\">{\"@context\":\"https:\/\/schema.org\",\"@graph\":[{\"@type\":\"Article\",\"@id\":\"https:\/\/www.cubodeideas.com\/blog\/soluciones-empresariales\/logistica-y-cadena-de-suministro\/logistica-empresarial-en-mexico\/#article\",\"isPartOf\":{\"@id\":\"https:\/\/www.cubodeideas.com\/blog\/soluciones-empresariales\/logistica-y-cadena-de-suministro\/logistica-empresarial-en-mexico\/\"},\"author\":{\"name\":\"Noel Castro\",\"@id\":\"https:\/\/www.cubodeideas.com\/blog\/#\/schema\/person\/5614e43eb76109017cff51a2c7928211\"},\"headline\":\"Log\u00edstica empresarial en M\u00e9xico\",\"datePublished\":\"2026-03-03T05:32:06+00:00\",\"mainEntityOfPage\":{\"@id\":\"https:\/\/www.cubodeideas.com\/blog\/soluciones-empresariales\/logistica-y-cadena-de-suministro\/logistica-empresarial-en-mexico\/\"},\"wordCount\":884,\"publisher\":{\"@id\":\"https:\/\/www.cubodeideas.com\/blog\/#organization\"},\"image\":{\"@id\":\"https:\/\/www.cubodeideas.com\/blog\/soluciones-empresariales\/logistica-y-cadena-de-suministro\/logistica-empresarial-en-mexico\/#primaryimage\"},\"thumbnailUrl\":\"https:\/\/www.cubodeideas.com\/blog\/wp-content\/uploads\/2026\/03\/ChatGPT-Image-Mar-2-2026-11_31_43-PM.png\",\"keywords\":[\"cadena suministro pyme mexico\",\"control capital trabajo inventario\",\"costos transporte empresarial\",\"eficiencia logistica pyme\",\"gestion inventarios empresa\"],\"articleSection\":[\"Log\u00edstica y cadena de suministro\"],\"inLanguage\":\"es\"},{\"@type\":\"WebPage\",\"@id\":\"https:\/\/www.cubodeideas.com\/blog\/soluciones-empresariales\/logistica-y-cadena-de-suministro\/logistica-empresarial-en-mexico\/\",\"url\":\"https:\/\/www.cubodeideas.com\/blog\/soluciones-empresariales\/logistica-y-cadena-de-suministro\/logistica-empresarial-en-mexico\/\",\"name\":\"Log\u00edstica empresarial en M\u00e9xico -\",\"isPartOf\":{\"@id\":\"https:\/\/www.cubodeideas.com\/blog\/#website\"},\"primaryImageOfPage\":{\"@id\":\"https:\/\/www.cubodeideas.com\/blog\/soluciones-empresariales\/logistica-y-cadena-de-suministro\/logistica-empresarial-en-mexico\/#primaryimage\"},\"image\":{\"@id\":\"https:\/\/www.cubodeideas.com\/blog\/soluciones-empresariales\/logistica-y-cadena-de-suministro\/logistica-empresarial-en-mexico\/#primaryimage\"},\"thumbnailUrl\":\"https:\/\/www.cubodeideas.com\/blog\/wp-content\/uploads\/2026\/03\/ChatGPT-Image-Mar-2-2026-11_31_43-PM.png\",\"datePublished\":\"2026-03-03T05:32:06+00:00\",\"description\":\"Log\u00edstica empresarial en M\u00e9xico analizada desde costos, inventarios y resiliencia operativa.\",\"breadcrumb\":{\"@id\":\"https:\/\/www.cubodeideas.com\/blog\/soluciones-empresariales\/logistica-y-cadena-de-suministro\/logistica-empresarial-en-mexico\/#breadcrumb\"},\"inLanguage\":\"es\",\"potentialAction\":[{\"@type\":\"ReadAction\",\"target\":[\"https:\/\/www.cubodeideas.com\/blog\/soluciones-empresariales\/logistica-y-cadena-de-suministro\/logistica-empresarial-en-mexico\/\"]}]},{\"@type\":\"ImageObject\",\"inLanguage\":\"es\",\"@id\":\"https:\/\/www.cubodeideas.com\/blog\/soluciones-empresariales\/logistica-y-cadena-de-suministro\/logistica-empresarial-en-mexico\/#primaryimage\",\"url\":\"https:\/\/www.cubodeideas.com\/blog\/wp-content\/uploads\/2026\/03\/ChatGPT-Image-Mar-2-2026-11_31_43-PM.png\",\"contentUrl\":\"https:\/\/www.cubodeideas.com\/blog\/wp-content\/uploads\/2026\/03\/ChatGPT-Image-Mar-2-2026-11_31_43-PM.png\",\"width\":1536,\"height\":1024,\"caption\":\"logistica empresarial en mexico\"},{\"@type\":\"BreadcrumbList\",\"@id\":\"https:\/\/www.cubodeideas.com\/blog\/soluciones-empresariales\/logistica-y-cadena-de-suministro\/logistica-empresarial-en-mexico\/#breadcrumb\",\"itemListElement\":[{\"@type\":\"ListItem\",\"position\":1,\"name\":\"Portada\",\"item\":\"https:\/\/www.cubodeideas.com\/blog\/\"},{\"@type\":\"ListItem\",\"position\":2,\"name\":\"Log\u00edstica empresarial en M\u00e9xico\"}]},{\"@type\":\"WebSite\",\"@id\":\"https:\/\/www.cubodeideas.com\/blog\/#website\",\"url\":\"https:\/\/www.cubodeideas.com\/blog\/\",\"name\":\"Cubo de Ideas\",\"description\":\"Cubo de Ideas, El Blog\",\"publisher\":{\"@id\":\"https:\/\/www.cubodeideas.com\/blog\/#organization\"},\"potentialAction\":[{\"@type\":\"SearchAction\",\"target\":{\"@type\":\"EntryPoint\",\"urlTemplate\":\"https:\/\/www.cubodeideas.com\/blog\/?s={search_term_string}\"},\"query-input\":{\"@type\":\"PropertyValueSpecification\",\"valueRequired\":true,\"valueName\":\"search_term_string\"}}],\"inLanguage\":\"es\"},{\"@type\":\"Organization\",\"@id\":\"https:\/\/www.cubodeideas.com\/blog\/#organization\",\"name\":\"Cubo de Ideas\",\"url\":\"https:\/\/www.cubodeideas.com\/blog\/\",\"logo\":{\"@type\":\"ImageObject\",\"inLanguage\":\"es\",\"@id\":\"https:\/\/www.cubodeideas.com\/blog\/#\/schema\/logo\/image\/\",\"url\":\"https:\/\/www.cubodeideas.com\/blog\/wp-content\/uploads\/2021\/10\/android-icon-72x72-1.png\",\"contentUrl\":\"https:\/\/www.cubodeideas.com\/blog\/wp-content\/uploads\/2021\/10\/android-icon-72x72-1.png\",\"width\":72,\"height\":72,\"caption\":\"Cubo de Ideas\"},\"image\":{\"@id\":\"https:\/\/www.cubodeideas.com\/blog\/#\/schema\/logo\/image\/\"},\"sameAs\":[\"https:\/\/www.facebook.com\/somoscubodeideas\",\"https:\/\/x.com\/cubo_ideas\",\"https:\/\/www.instagram.com\/cubodeideas\"]},{\"@type\":\"Person\",\"@id\":\"https:\/\/www.cubodeideas.com\/blog\/#\/schema\/person\/5614e43eb76109017cff51a2c7928211\",\"name\":\"Noel Castro\",\"description\":\"LEM Noel Castro Monta\u00f1o es CEO de Cubo de Ideas, Director de Operaciones para Citosa Textiles. Asesor de nuevos mercados y estrategias digitales para el segmento Retail. Especialista en marketing para autoservicios y puntos de venta. Especialista en sistemas de gesti\u00f3n de la calidad con enfoque a la ISO 9001:2015\",\"sameAs\":[\"https:\/\/www.cubodeideas.com\/blog\"],\"url\":\"https:\/\/www.cubodeideas.com\/blog\/author\/admin\/\"}]}<\/script>\n<!-- \/ Yoast SEO plugin. -->","yoast_head_json":{"title":"Log\u00edstica empresarial en M\u00e9xico -","description":"Log\u00edstica empresarial en M\u00e9xico analizada desde costos, inventarios y resiliencia operativa.","robots":{"index":"index","follow":"follow","max-snippet":"max-snippet:-1","max-image-preview":"max-image-preview:large","max-video-preview":"max-video-preview:-1"},"canonical":"https:\/\/www.cubodeideas.com\/blog\/soluciones-empresariales\/logistica-y-cadena-de-suministro\/logistica-empresarial-en-mexico\/","og_locale":"es_ES","og_type":"article","og_title":"Log\u00edstica empresarial en M\u00e9xico -","og_description":"Log\u00edstica empresarial en M\u00e9xico analizada desde costos, inventarios y resiliencia operativa.","og_url":"https:\/\/www.cubodeideas.com\/blog\/soluciones-empresariales\/logistica-y-cadena-de-suministro\/logistica-empresarial-en-mexico\/","article_publisher":"https:\/\/www.facebook.com\/somoscubodeideas","article_published_time":"2026-03-03T05:32:06+00:00","og_image":[{"width":1024,"height":683,"url":"https:\/\/www.cubodeideas.com\/blog\/wp-content\/uploads\/2026\/03\/ChatGPT-Image-Mar-2-2026-11_31_43-PM-1024x683.png","type":"image\/png"}],"author":"Noel Castro","twitter_card":"summary_large_image","twitter_creator":"@cubo_ideas","twitter_site":"@cubo_ideas","twitter_misc":{"Escrito por":"Noel Castro","Tiempo de lectura":"4 minutos"},"schema":{"@context":"https:\/\/schema.org","@graph":[{"@type":"Article","@id":"https:\/\/www.cubodeideas.com\/blog\/soluciones-empresariales\/logistica-y-cadena-de-suministro\/logistica-empresarial-en-mexico\/#article","isPartOf":{"@id":"https:\/\/www.cubodeideas.com\/blog\/soluciones-empresariales\/logistica-y-cadena-de-suministro\/logistica-empresarial-en-mexico\/"},"author":{"name":"Noel Castro","@id":"https:\/\/www.cubodeideas.com\/blog\/#\/schema\/person\/5614e43eb76109017cff51a2c7928211"},"headline":"Log\u00edstica empresarial en M\u00e9xico","datePublished":"2026-03-03T05:32:06+00:00","mainEntityOfPage":{"@id":"https:\/\/www.cubodeideas.com\/blog\/soluciones-empresariales\/logistica-y-cadena-de-suministro\/logistica-empresarial-en-mexico\/"},"wordCount":884,"publisher":{"@id":"https:\/\/www.cubodeideas.com\/blog\/#organization"},"image":{"@id":"https:\/\/www.cubodeideas.com\/blog\/soluciones-empresariales\/logistica-y-cadena-de-suministro\/logistica-empresarial-en-mexico\/#primaryimage"},"thumbnailUrl":"https:\/\/www.cubodeideas.com\/blog\/wp-content\/uploads\/2026\/03\/ChatGPT-Image-Mar-2-2026-11_31_43-PM.png","keywords":["cadena suministro pyme mexico","control capital trabajo inventario","costos transporte empresarial","eficiencia logistica pyme","gestion inventarios empresa"],"articleSection":["Log\u00edstica y cadena de suministro"],"inLanguage":"es"},{"@type":"WebPage","@id":"https:\/\/www.cubodeideas.com\/blog\/soluciones-empresariales\/logistica-y-cadena-de-suministro\/logistica-empresarial-en-mexico\/","url":"https:\/\/www.cubodeideas.com\/blog\/soluciones-empresariales\/logistica-y-cadena-de-suministro\/logistica-empresarial-en-mexico\/","name":"Log\u00edstica empresarial en M\u00e9xico -","isPartOf":{"@id":"https:\/\/www.cubodeideas.com\/blog\/#website"},"primaryImageOfPage":{"@id":"https:\/\/www.cubodeideas.com\/blog\/soluciones-empresariales\/logistica-y-cadena-de-suministro\/logistica-empresarial-en-mexico\/#primaryimage"},"image":{"@id":"https:\/\/www.cubodeideas.com\/blog\/soluciones-empresariales\/logistica-y-cadena-de-suministro\/logistica-empresarial-en-mexico\/#primaryimage"},"thumbnailUrl":"https:\/\/www.cubodeideas.com\/blog\/wp-content\/uploads\/2026\/03\/ChatGPT-Image-Mar-2-2026-11_31_43-PM.png","datePublished":"2026-03-03T05:32:06+00:00","description":"Log\u00edstica empresarial en M\u00e9xico analizada desde costos, inventarios y resiliencia operativa.","breadcrumb":{"@id":"https:\/\/www.cubodeideas.com\/blog\/soluciones-empresariales\/logistica-y-cadena-de-suministro\/logistica-empresarial-en-mexico\/#breadcrumb"},"inLanguage":"es","potentialAction":[{"@type":"ReadAction","target":["https:\/\/www.cubodeideas.com\/blog\/soluciones-empresariales\/logistica-y-cadena-de-suministro\/logistica-empresarial-en-mexico\/"]}]},{"@type":"ImageObject","inLanguage":"es","@id":"https:\/\/www.cubodeideas.com\/blog\/soluciones-empresariales\/logistica-y-cadena-de-suministro\/logistica-empresarial-en-mexico\/#primaryimage","url":"https:\/\/www.cubodeideas.com\/blog\/wp-content\/uploads\/2026\/03\/ChatGPT-Image-Mar-2-2026-11_31_43-PM.png","contentUrl":"https:\/\/www.cubodeideas.com\/blog\/wp-content\/uploads\/2026\/03\/ChatGPT-Image-Mar-2-2026-11_31_43-PM.png","width":1536,"height":1024,"caption":"logistica empresarial en mexico"},{"@type":"BreadcrumbList","@id":"https:\/\/www.cubodeideas.com\/blog\/soluciones-empresariales\/logistica-y-cadena-de-suministro\/logistica-empresarial-en-mexico\/#breadcrumb","itemListElement":[{"@type":"ListItem","position":1,"name":"Portada","item":"https:\/\/www.cubodeideas.com\/blog\/"},{"@type":"ListItem","position":2,"name":"Log\u00edstica empresarial en M\u00e9xico"}]},{"@type":"WebSite","@id":"https:\/\/www.cubodeideas.com\/blog\/#website","url":"https:\/\/www.cubodeideas.com\/blog\/","name":"Cubo de Ideas","description":"Cubo de Ideas, El Blog","publisher":{"@id":"https:\/\/www.cubodeideas.com\/blog\/#organization"},"potentialAction":[{"@type":"SearchAction","target":{"@type":"EntryPoint","urlTemplate":"https:\/\/www.cubodeideas.com\/blog\/?s={search_term_string}"},"query-input":{"@type":"PropertyValueSpecification","valueRequired":true,"valueName":"search_term_string"}}],"inLanguage":"es"},{"@type":"Organization","@id":"https:\/\/www.cubodeideas.com\/blog\/#organization","name":"Cubo de Ideas","url":"https:\/\/www.cubodeideas.com\/blog\/","logo":{"@type":"ImageObject","inLanguage":"es","@id":"https:\/\/www.cubodeideas.com\/blog\/#\/schema\/logo\/image\/","url":"https:\/\/www.cubodeideas.com\/blog\/wp-content\/uploads\/2021\/10\/android-icon-72x72-1.png","contentUrl":"https:\/\/www.cubodeideas.com\/blog\/wp-content\/uploads\/2021\/10\/android-icon-72x72-1.png","width":72,"height":72,"caption":"Cubo de Ideas"},"image":{"@id":"https:\/\/www.cubodeideas.com\/blog\/#\/schema\/logo\/image\/"},"sameAs":["https:\/\/www.facebook.com\/somoscubodeideas","https:\/\/x.com\/cubo_ideas","https:\/\/www.instagram.com\/cubodeideas"]},{"@type":"Person","@id":"https:\/\/www.cubodeideas.com\/blog\/#\/schema\/person\/5614e43eb76109017cff51a2c7928211","name":"Noel Castro","description":"LEM Noel Castro Monta\u00f1o es CEO de Cubo de Ideas, Director de Operaciones para Citosa Textiles. Asesor de nuevos mercados y estrategias digitales para el segmento Retail. Especialista en marketing para autoservicios y puntos de venta. Especialista en sistemas de gesti\u00f3n de la calidad con enfoque a la ISO 9001:2015","sameAs":["https:\/\/www.cubodeideas.com\/blog"],"url":"https:\/\/www.cubodeideas.com\/blog\/author\/admin\/"}]}},"jetpack_publicize_connections":[],"_links":{"self":[{"href":"https:\/\/www.cubodeideas.com\/blog\/wp-json\/wp\/v2\/posts\/3346","targetHints":{"allow":["GET"]}}],"collection":[{"href":"https:\/\/www.cubodeideas.com\/blog\/wp-json\/wp\/v2\/posts"}],"about":[{"href":"https:\/\/www.cubodeideas.com\/blog\/wp-json\/wp\/v2\/types\/post"}],"author":[{"embeddable":true,"href":"https:\/\/www.cubodeideas.com\/blog\/wp-json\/wp\/v2\/users\/1"}],"replies":[{"embeddable":true,"href":"https:\/\/www.cubodeideas.com\/blog\/wp-json\/wp\/v2\/comments?post=3346"}],"version-history":[{"count":1,"href":"https:\/\/www.cubodeideas.com\/blog\/wp-json\/wp\/v2\/posts\/3346\/revisions"}],"predecessor-version":[{"id":3348,"href":"https:\/\/www.cubodeideas.com\/blog\/wp-json\/wp\/v2\/posts\/3346\/revisions\/3348"}],"wp:featuredmedia":[{"embeddable":true,"href":"https:\/\/www.cubodeideas.com\/blog\/wp-json\/wp\/v2\/media\/3347"}],"wp:attachment":[{"href":"https:\/\/www.cubodeideas.com\/blog\/wp-json\/wp\/v2\/media?parent=3346"}],"wp:term":[{"taxonomy":"category","embeddable":true,"href":"https:\/\/www.cubodeideas.com\/blog\/wp-json\/wp\/v2\/categories?post=3346"},{"taxonomy":"post_tag","embeddable":true,"href":"https:\/\/www.cubodeideas.com\/blog\/wp-json\/wp\/v2\/tags?post=3346"}],"curies":[{"name":"wp","href":"https:\/\/api.w.org\/{rel}","templated":true}]}}