{"id":3292,"date":"2026-03-03T04:09:20","date_gmt":"2026-03-03T04:09:20","guid":{"rendered":"https:\/\/www.cubodeideas.com\/blog\/?p=3292"},"modified":"2026-03-03T04:09:20","modified_gmt":"2026-03-03T04:09:20","slug":"sistema-de-direccion-para-pymes-3","status":"publish","type":"post","link":"https:\/\/www.cubodeideas.com\/blog\/estrategia-empresarial\/direccion-y-decisiones\/sistema-de-direccion-para-pymes-3\/","title":{"rendered":"Sistema de direcci\u00f3n para PyMEs"},"content":{"rendered":"<p data-start=\"281\" data-end=\"724\">El <strong data-start=\"284\" data-end=\"319\">sistema de direcci\u00f3n para PyMEs<\/strong> no es un organigrama ni un conjunto de reuniones peri\u00f3dicas sin estructura. Es la arquitectura mediante la cual la empresa define prioridades, asigna recursos, mide desempe\u00f1o y corrige desviaciones antes de que se conviertan en crisis. Cuando el sistema de direcci\u00f3n para PyMEs no existe formalmente, la organizaci\u00f3n opera bajo presi\u00f3n constante, reaccionando a urgencias en lugar de ejecutar estrategia.<\/p>\n<p data-start=\"726\" data-end=\"1094\">En muchas peque\u00f1as y medianas empresas, el fundador o director general concentra decisiones clave sin un marco expl\u00edcito que articule informaci\u00f3n financiera, operativa y comercial. Esta centralizaci\u00f3n puede funcionar en etapas iniciales, pero conforme el negocio crece, la ausencia de sistema genera dispersi\u00f3n, proyectos inconclusos y deterioro progresivo del margen.<\/p>\n<p data-start=\"1096\" data-end=\"1184\">La direcci\u00f3n no puede depender \u00fanicamente de experiencia acumulada. Necesita estructura.<\/p>\n<p data-start=\"1186\" data-end=\"1353\">Este an\u00e1lisis pertenece al cl\u00faster <a href=\"https:\/\/www.cubodeideas.com\/blog\/category\/estrategia-empresarial\/direccion-y-decisiones\/\">Direcci\u00f3n y decisiones estrat\u00e9gicas<\/a> y se integra con tablero de control, flujo de efectivo proyectado y gobierno corporativo b\u00e1sico.<\/p>\n<h2 data-start=\"1360\" data-end=\"1407\">Direcci\u00f3n reactiva vs direcci\u00f3n estructurada<\/h2>\n<p data-start=\"1409\" data-end=\"1622\">La direcci\u00f3n reactiva se caracteriza por priorizar el problema m\u00e1s visible del momento: un cliente insatisfecho, una ca\u00edda en ventas, un retraso operativo. Cada semana parece dominada por la urgencia m\u00e1s reciente.<\/p>\n<p data-start=\"1624\" data-end=\"1833\">La direcci\u00f3n estructurada, en cambio, opera con prioridades definidas y m\u00e9tricas claras. No ignora los problemas inmediatos, pero los aborda dentro de un marco estrat\u00e9gico que ya establece objetivos y l\u00edmites.<\/p>\n<p data-start=\"1835\" data-end=\"1995\">Un sistema de direcci\u00f3n para PyMEs convierte la improvisaci\u00f3n en proceso deliberado. Permite distinguir entre eventos coyunturales y desviaciones estructurales.<\/p>\n<p data-start=\"1997\" data-end=\"2107\">La diferencia no es menor: una empresa reactiva consume energ\u00eda; una empresa estructurada construye capacidad.<\/p>\n<h2 data-start=\"2114\" data-end=\"2161\">Elementos m\u00ednimos de un sistema de direcci\u00f3n<\/h2>\n<p data-start=\"2163\" data-end=\"2428\">Un sistema efectivo no requiere complejidad excesiva. Requiere claridad. En su versi\u00f3n m\u00ednima debe incluir definici\u00f3n expl\u00edcita de objetivos estrat\u00e9gicos anuales, indicadores clave vinculados a esos objetivos, revisi\u00f3n peri\u00f3dica estructurada y mecanismos de ajuste.<\/p>\n<p data-start=\"2430\" data-end=\"2679\">Los objetivos no pueden ser declaraciones gen\u00e9ricas de crecimiento. Deben traducirse en metas financieras, operativas y comerciales cuantificables. Sin cuantificaci\u00f3n, la direcci\u00f3n no puede evaluar progreso ni tomar decisiones correctivas con rigor.<\/p>\n<p data-start=\"2681\" data-end=\"2790\">El sistema de direcci\u00f3n para PyMEs comienza con la formalizaci\u00f3n de lo que se espera lograr y c\u00f3mo se medir\u00e1.<\/p>\n<h2 data-start=\"2797\" data-end=\"2839\">Integraci\u00f3n financiera como eje central<\/h2>\n<p data-start=\"2841\" data-end=\"3060\">Todo sistema de direcci\u00f3n debe tener un eje financiero claro. Flujo de efectivo proyectado, margen promedio, punto de equilibrio y carga fiscal efectiva constituyen variables estructurales que determinan sostenibilidad.<\/p>\n<p data-start=\"3062\" data-end=\"3315\">Cuando la direcci\u00f3n toma decisiones comerciales u operativas sin evaluar impacto financiero proyectado, aumenta probabilidad de tensiones futuras. El crecimiento sin an\u00e1lisis financiero puede deteriorar liquidez incluso en contextos de alta facturaci\u00f3n.<\/p>\n<p data-start=\"3317\" data-end=\"3431\">El sistema de direcci\u00f3n para PyMEs debe asegurar que cada decisi\u00f3n relevante pase por un filtro financiero b\u00e1sico.<\/p>\n<p data-start=\"3433\" data-end=\"3483\">La estrategia sin disciplina financiera es fr\u00e1gil.<\/p>\n<h2 data-start=\"3490\" data-end=\"3541\">Gobierno de prioridades y asignaci\u00f3n de recursos<\/h2>\n<p data-start=\"3543\" data-end=\"3756\">Uno de los s\u00edntomas m\u00e1s frecuentes de ausencia de sistema es la dispersi\u00f3n de proyectos. Iniciativas que comienzan con entusiasmo y se abandonan ante la siguiente urgencia generan desperdicio de tiempo y recursos.<\/p>\n<p data-start=\"3758\" data-end=\"3920\">Un sistema de direcci\u00f3n establece criterios para priorizar proyectos y asignar recursos limitados. La empresa no puede ejecutar todo al mismo tiempo. Debe elegir.<\/p>\n<p data-start=\"3922\" data-end=\"4030\">El proceso de priorizaci\u00f3n requiere evaluar impacto esperado en margen, flujo y posicionamiento estrat\u00e9gico.<\/p>\n<p data-start=\"4032\" data-end=\"4090\">La claridad en prioridades reduce desgaste organizacional.<\/p>\n<h2 data-start=\"4097\" data-end=\"4143\">Rituales de revisi\u00f3n y disciplina directiva<\/h2>\n<p data-start=\"4145\" data-end=\"4349\">La estructura no es est\u00e1tica; requiere revisi\u00f3n peri\u00f3dica. Un sistema de direcci\u00f3n para PyMEs debe incorporar reuniones estrat\u00e9gicas con agenda definida, revisi\u00f3n de indicadores y decisiones documentadas.<\/p>\n<p data-start=\"4351\" data-end=\"4529\">Sin rituales formales, la revisi\u00f3n queda sujeta a disponibilidad de tiempo y urgencias operativas. La disciplina en la revisi\u00f3n fortalece coherencia entre planeaci\u00f3n y ejecuci\u00f3n.<\/p>\n<p data-start=\"4531\" data-end=\"4640\">La consistencia en estos rituales crea cultura organizacional orientada a datos y responsabilidad compartida.<\/p>\n<h2 data-start=\"4647\" data-end=\"4711\">Delegaci\u00f3n estructurada y reducci\u00f3n de dependencia individual<\/h2>\n<p data-start=\"4713\" data-end=\"4867\">En empresas donde todo depende de una sola persona, el riesgo operativo es elevado. La ausencia temporal del director puede paralizar decisiones cr\u00edticas.<\/p>\n<p data-start=\"4869\" data-end=\"5029\">Un sistema de direcci\u00f3n bien definido distribuye responsabilidades, establece l\u00edmites de decisi\u00f3n y crea mecanismos de reporte que reducen dependencia excesiva.<\/p>\n<p data-start=\"5031\" data-end=\"5114\">La institucionalizaci\u00f3n del proceso directivo fortalece resiliencia organizacional.<\/p>\n<h2 data-start=\"5121\" data-end=\"5154\">Se\u00f1ales de ausencia de sistema<\/h2>\n<p data-start=\"5156\" data-end=\"5371\">Existen s\u00edntomas claros: cambios constantes de prioridades, indicadores que no se revisan regularmente, decisiones financieras tomadas sin proyecci\u00f3n previa y proyectos estrat\u00e9gicos abandonados a mitad de ejecuci\u00f3n.<\/p>\n<p data-start=\"5373\" data-end=\"5473\">Cuando estos patrones se repiten, no es problema de capacidad individual; es problema de estructura.<\/p>\n<p data-start=\"5475\" data-end=\"5562\">El sistema de direcci\u00f3n para PyMEs no elimina incertidumbre, pero reduce improvisaci\u00f3n.<\/p>\n<h2 data-start=\"5569\" data-end=\"5615\">Integraci\u00f3n con gobierno corporativo b\u00e1sico<\/h2>\n<p data-start=\"5617\" data-end=\"5862\">Incluso en empresas familiares peque\u00f1as, la formalizaci\u00f3n de roles, responsabilidades y l\u00edmites fortalece claridad interna. El gobierno corporativo b\u00e1sico no implica burocracia, sino definici\u00f3n expl\u00edcita de qui\u00e9n decide qu\u00e9 y bajo qu\u00e9 criterios.<\/p>\n<p data-start=\"5864\" data-end=\"5958\">La claridad en estructura directiva evita conflictos internos y mejora coherencia estrat\u00e9gica.<\/p>\n<h2 data-start=\"5965\" data-end=\"5997\">Qu\u00e9 har\u00eda hoy desde direcci\u00f3n<\/h2>\n<p data-start=\"5999\" data-end=\"6305\">Primero, documentar\u00eda objetivos estrat\u00e9gicos anuales con m\u00e9tricas cuantificables. Luego definir\u00eda no m\u00e1s de diez indicadores clave vinculados a esos objetivos. Posteriormente establecer\u00eda reuni\u00f3n estrat\u00e9gica semanal con agenda fija. Finalmente documentar\u00eda decisiones relevantes y su fundamento financiero.<\/p>\n<p data-start=\"6307\" data-end=\"6352\">La direcci\u00f3n no se delega al azar; se dise\u00f1a.<\/p>\n<h2 data-start=\"6359\" data-end=\"6379\">El siguiente paso<\/h2>\n<p data-start=\"6381\" data-end=\"6604\">Si tu empresa no cuenta con un sistema de direcci\u00f3n para PyMEs formalmente estructurado, existe alta probabilidad de que est\u00e9s operando bajo presi\u00f3n constante y tomando decisiones reactivas que afectan margen y estabilidad.<\/p>\n<p data-start=\"6606\" data-end=\"6757\">Un diagn\u00f3stico estrat\u00e9gico puede ayudarte a dise\u00f1ar una arquitectura directiva m\u00ednima pero s\u00f3lida, alineada con tus objetivos financieros y operativos.<\/p>\n<p data-start=\"6759\" data-end=\"6842\">La empresa que dirige con estructura compite con ventaja frente a la que improvisa.<\/p>\n<div class=\"pvc_clear\"><\/div>\n<p id=\"pvc_stats_3292\" class=\"pvc_stats all  \" data-element-id=\"3292\" style=\"\"><i class=\"pvc-stats-icon medium\" aria-hidden=\"true\"><svg aria-hidden=\"true\" focusable=\"false\" data-prefix=\"far\" data-icon=\"chart-bar\" role=\"img\" xmlns=\"http:\/\/www.w3.org\/2000\/svg\" viewBox=\"0 0 512 512\" class=\"svg-inline--fa fa-chart-bar fa-w-16 fa-2x\"><path fill=\"currentColor\" d=\"M396.8 352h22.4c6.4 0 12.8-6.4 12.8-12.8V108.8c0-6.4-6.4-12.8-12.8-12.8h-22.4c-6.4 0-12.8 6.4-12.8 12.8v230.4c0 6.4 6.4 12.8 12.8 12.8zm-192 0h22.4c6.4 0 12.8-6.4 12.8-12.8V140.8c0-6.4-6.4-12.8-12.8-12.8h-22.4c-6.4 0-12.8 6.4-12.8 12.8v198.4c0 6.4 6.4 12.8 12.8 12.8zm96 0h22.4c6.4 0 12.8-6.4 12.8-12.8V204.8c0-6.4-6.4-12.8-12.8-12.8h-22.4c-6.4 0-12.8 6.4-12.8 12.8v134.4c0 6.4 6.4 12.8 12.8 12.8zM496 400H48V80c0-8.84-7.16-16-16-16H16C7.16 64 0 71.16 0 80v336c0 17.67 14.33 32 32 32h464c8.84 0 16-7.16 16-16v-16c0-8.84-7.16-16-16-16zm-387.2-48h22.4c6.4 0 12.8-6.4 12.8-12.8v-70.4c0-6.4-6.4-12.8-12.8-12.8h-22.4c-6.4 0-12.8 6.4-12.8 12.8v70.4c0 6.4 6.4 12.8 12.8 12.8z\" class=\"\"><\/path><\/svg><\/i> <img loading=\"lazy\" decoding=\"async\" width=\"16\" height=\"16\" alt=\"Loading\" src=\"https:\/\/www.cubodeideas.com\/blog\/wp-content\/plugins\/page-views-count\/ajax-loader-2x.gif\" border=0 \/><\/p>\n<div class=\"pvc_clear\"><\/div>\n","protected":false},"excerpt":{"rendered":"<p>El sistema de direcci\u00f3n para PyMEs no es un organigrama ni un conjunto de reuniones peri\u00f3dicas sin estructura. Es la arquitectura mediante la cual la empresa define prioridades, asigna recursos, mide desempe\u00f1o y corrige desviaciones antes de que se conviertan en crisis. Cuando el sistema de direcci\u00f3n para PyMEs no existe formalmente, la organizaci\u00f3n opera [&hellip;]<\/p>\n<div class=\"pvc_clear\"><\/div>\n<p id=\"pvc_stats_3292\" class=\"pvc_stats all  \" data-element-id=\"3292\" style=\"\"><i class=\"pvc-stats-icon medium\" aria-hidden=\"true\"><svg aria-hidden=\"true\" focusable=\"false\" data-prefix=\"far\" data-icon=\"chart-bar\" role=\"img\" xmlns=\"http:\/\/www.w3.org\/2000\/svg\" viewBox=\"0 0 512 512\" class=\"svg-inline--fa fa-chart-bar fa-w-16 fa-2x\"><path fill=\"currentColor\" d=\"M396.8 352h22.4c6.4 0 12.8-6.4 12.8-12.8V108.8c0-6.4-6.4-12.8-12.8-12.8h-22.4c-6.4 0-12.8 6.4-12.8 12.8v230.4c0 6.4 6.4 12.8 12.8 12.8zm-192 0h22.4c6.4 0 12.8-6.4 12.8-12.8V140.8c0-6.4-6.4-12.8-12.8-12.8h-22.4c-6.4 0-12.8 6.4-12.8 12.8v198.4c0 6.4 6.4 12.8 12.8 12.8zm96 0h22.4c6.4 0 12.8-6.4 12.8-12.8V204.8c0-6.4-6.4-12.8-12.8-12.8h-22.4c-6.4 0-12.8 6.4-12.8 12.8v134.4c0 6.4 6.4 12.8 12.8 12.8zM496 400H48V80c0-8.84-7.16-16-16-16H16C7.16 64 0 71.16 0 80v336c0 17.67 14.33 32 32 32h464c8.84 0 16-7.16 16-16v-16c0-8.84-7.16-16-16-16zm-387.2-48h22.4c6.4 0 12.8-6.4 12.8-12.8v-70.4c0-6.4-6.4-12.8-12.8-12.8h-22.4c-6.4 0-12.8 6.4-12.8 12.8v70.4c0 6.4 6.4 12.8 12.8 12.8z\" class=\"\"><\/path><\/svg><\/i> <img loading=\"lazy\" decoding=\"async\" width=\"16\" height=\"16\" alt=\"Loading\" src=\"https:\/\/www.cubodeideas.com\/blog\/wp-content\/plugins\/page-views-count\/ajax-loader-2x.gif\" border=0 \/><\/p>\n<div class=\"pvc_clear\"><\/div>\n","protected":false},"author":1,"featured_media":3293,"comment_status":"closed","ping_status":"closed","sticky":false,"template":"","format":"standard","meta":{"footnotes":"","jetpack_publicize_message":"","jetpack_publicize_feature_enabled":true,"jetpack_social_post_already_shared":true,"jetpack_social_options":{"image_generator_settings":{"template":"highway","default_image_id":0,"font":"","enabled":false},"version":2}},"categories":[1618],"tags":[1882,1806,1879,1880,1881],"class_list":["post-3292","post","type-post","status-publish","format-standard","has-post-thumbnail","hentry","category-direccion-y-decisiones","tag-control-directivo-empresarial","tag-estructura-directiva-pyme","tag-gobierno-empresarial-pyme","tag-indicadores-estrategicos-empresa","tag-planeacion-estrategica-pyme"],"blocksy_meta":[],"yoast_head":"<!-- This site is optimized with the Yoast SEO plugin v27.0 - https:\/\/yoast.com\/product\/yoast-seo-wordpress\/ -->\n<title>Sistema de direcci\u00f3n para PyMEs -<\/title>\n<meta name=\"description\" content=\"Sistema de direcci\u00f3n para PyMEs para evitar decisiones reactivas y fortalecer margen y estabilidad financiera.\" \/>\n<meta name=\"robots\" content=\"index, follow, max-snippet:-1, max-image-preview:large, max-video-preview:-1\" \/>\n<link rel=\"canonical\" href=\"https:\/\/www.cubodeideas.com\/blog\/estrategia-empresarial\/direccion-y-decisiones\/sistema-de-direccion-para-pymes-3\/\" \/>\n<meta property=\"og:locale\" content=\"es_ES\" \/>\n<meta property=\"og:type\" content=\"article\" \/>\n<meta property=\"og:title\" content=\"Sistema de direcci\u00f3n para PyMEs -\" \/>\n<meta property=\"og:description\" content=\"Sistema de direcci\u00f3n para PyMEs para evitar decisiones reactivas y fortalecer margen y estabilidad financiera.\" \/>\n<meta property=\"og:url\" content=\"https:\/\/www.cubodeideas.com\/blog\/estrategia-empresarial\/direccion-y-decisiones\/sistema-de-direccion-para-pymes-3\/\" \/>\n<meta property=\"article:publisher\" content=\"https:\/\/www.facebook.com\/somoscubodeideas\" \/>\n<meta property=\"article:published_time\" content=\"2026-03-03T04:09:20+00:00\" \/>\n<meta property=\"og:image\" content=\"https:\/\/www.cubodeideas.com\/blog\/wp-content\/uploads\/2026\/03\/ChatGPT-Image-Mar-2-2026-10_08_47-PM-1024x683.png\" \/>\n\t<meta property=\"og:image:width\" content=\"1024\" \/>\n\t<meta property=\"og:image:height\" content=\"683\" \/>\n\t<meta property=\"og:image:type\" content=\"image\/png\" \/>\n<meta name=\"author\" content=\"Noel Castro\" \/>\n<meta name=\"twitter:card\" content=\"summary_large_image\" \/>\n<meta name=\"twitter:creator\" content=\"@cubo_ideas\" \/>\n<meta name=\"twitter:site\" content=\"@cubo_ideas\" \/>\n<meta name=\"twitter:label1\" content=\"Escrito por\" \/>\n\t<meta name=\"twitter:data1\" content=\"Noel Castro\" \/>\n\t<meta name=\"twitter:label2\" content=\"Tiempo de lectura\" \/>\n\t<meta name=\"twitter:data2\" content=\"5 minutos\" \/>\n<script type=\"application\/ld+json\" class=\"yoast-schema-graph\">{\"@context\":\"https:\/\/schema.org\",\"@graph\":[{\"@type\":\"Article\",\"@id\":\"https:\/\/www.cubodeideas.com\/blog\/estrategia-empresarial\/direccion-y-decisiones\/sistema-de-direccion-para-pymes-3\/#article\",\"isPartOf\":{\"@id\":\"https:\/\/www.cubodeideas.com\/blog\/estrategia-empresarial\/direccion-y-decisiones\/sistema-de-direccion-para-pymes-3\/\"},\"author\":{\"name\":\"Noel Castro\",\"@id\":\"https:\/\/www.cubodeideas.com\/blog\/#\/schema\/person\/5614e43eb76109017cff51a2c7928211\"},\"headline\":\"Sistema de direcci\u00f3n para PyMEs\",\"datePublished\":\"2026-03-03T04:09:20+00:00\",\"mainEntityOfPage\":{\"@id\":\"https:\/\/www.cubodeideas.com\/blog\/estrategia-empresarial\/direccion-y-decisiones\/sistema-de-direccion-para-pymes-3\/\"},\"wordCount\":1006,\"publisher\":{\"@id\":\"https:\/\/www.cubodeideas.com\/blog\/#organization\"},\"image\":{\"@id\":\"https:\/\/www.cubodeideas.com\/blog\/estrategia-empresarial\/direccion-y-decisiones\/sistema-de-direccion-para-pymes-3\/#primaryimage\"},\"thumbnailUrl\":\"https:\/\/www.cubodeideas.com\/blog\/wp-content\/uploads\/2026\/03\/ChatGPT-Image-Mar-2-2026-10_08_47-PM.png\",\"keywords\":[\"control directivo empresarial\",\"estructura directiva pyme\",\"gobierno empresarial pyme\",\"indicadores estrategicos empresa\",\"planeacion estrategica pyme\"],\"articleSection\":[\"Direcci\u00f3n y decisiones estrat\u00e9gicas\"],\"inLanguage\":\"es\"},{\"@type\":\"WebPage\",\"@id\":\"https:\/\/www.cubodeideas.com\/blog\/estrategia-empresarial\/direccion-y-decisiones\/sistema-de-direccion-para-pymes-3\/\",\"url\":\"https:\/\/www.cubodeideas.com\/blog\/estrategia-empresarial\/direccion-y-decisiones\/sistema-de-direccion-para-pymes-3\/\",\"name\":\"Sistema de direcci\u00f3n para PyMEs -\",\"isPartOf\":{\"@id\":\"https:\/\/www.cubodeideas.com\/blog\/#website\"},\"primaryImageOfPage\":{\"@id\":\"https:\/\/www.cubodeideas.com\/blog\/estrategia-empresarial\/direccion-y-decisiones\/sistema-de-direccion-para-pymes-3\/#primaryimage\"},\"image\":{\"@id\":\"https:\/\/www.cubodeideas.com\/blog\/estrategia-empresarial\/direccion-y-decisiones\/sistema-de-direccion-para-pymes-3\/#primaryimage\"},\"thumbnailUrl\":\"https:\/\/www.cubodeideas.com\/blog\/wp-content\/uploads\/2026\/03\/ChatGPT-Image-Mar-2-2026-10_08_47-PM.png\",\"datePublished\":\"2026-03-03T04:09:20+00:00\",\"description\":\"Sistema de direcci\u00f3n para PyMEs para evitar decisiones reactivas y fortalecer margen y estabilidad financiera.\",\"breadcrumb\":{\"@id\":\"https:\/\/www.cubodeideas.com\/blog\/estrategia-empresarial\/direccion-y-decisiones\/sistema-de-direccion-para-pymes-3\/#breadcrumb\"},\"inLanguage\":\"es\",\"potentialAction\":[{\"@type\":\"ReadAction\",\"target\":[\"https:\/\/www.cubodeideas.com\/blog\/estrategia-empresarial\/direccion-y-decisiones\/sistema-de-direccion-para-pymes-3\/\"]}]},{\"@type\":\"ImageObject\",\"inLanguage\":\"es\",\"@id\":\"https:\/\/www.cubodeideas.com\/blog\/estrategia-empresarial\/direccion-y-decisiones\/sistema-de-direccion-para-pymes-3\/#primaryimage\",\"url\":\"https:\/\/www.cubodeideas.com\/blog\/wp-content\/uploads\/2026\/03\/ChatGPT-Image-Mar-2-2026-10_08_47-PM.png\",\"contentUrl\":\"https:\/\/www.cubodeideas.com\/blog\/wp-content\/uploads\/2026\/03\/ChatGPT-Image-Mar-2-2026-10_08_47-PM.png\",\"width\":1536,\"height\":1024,\"caption\":\"sistema de direccion para pymes\"},{\"@type\":\"BreadcrumbList\",\"@id\":\"https:\/\/www.cubodeideas.com\/blog\/estrategia-empresarial\/direccion-y-decisiones\/sistema-de-direccion-para-pymes-3\/#breadcrumb\",\"itemListElement\":[{\"@type\":\"ListItem\",\"position\":1,\"name\":\"Portada\",\"item\":\"https:\/\/www.cubodeideas.com\/blog\/\"},{\"@type\":\"ListItem\",\"position\":2,\"name\":\"Sistema de direcci\u00f3n para PyMEs\"}]},{\"@type\":\"WebSite\",\"@id\":\"https:\/\/www.cubodeideas.com\/blog\/#website\",\"url\":\"https:\/\/www.cubodeideas.com\/blog\/\",\"name\":\"Cubo de Ideas\",\"description\":\"Cubo de Ideas, El Blog\",\"publisher\":{\"@id\":\"https:\/\/www.cubodeideas.com\/blog\/#organization\"},\"potentialAction\":[{\"@type\":\"SearchAction\",\"target\":{\"@type\":\"EntryPoint\",\"urlTemplate\":\"https:\/\/www.cubodeideas.com\/blog\/?s={search_term_string}\"},\"query-input\":{\"@type\":\"PropertyValueSpecification\",\"valueRequired\":true,\"valueName\":\"search_term_string\"}}],\"inLanguage\":\"es\"},{\"@type\":\"Organization\",\"@id\":\"https:\/\/www.cubodeideas.com\/blog\/#organization\",\"name\":\"Cubo de Ideas\",\"url\":\"https:\/\/www.cubodeideas.com\/blog\/\",\"logo\":{\"@type\":\"ImageObject\",\"inLanguage\":\"es\",\"@id\":\"https:\/\/www.cubodeideas.com\/blog\/#\/schema\/logo\/image\/\",\"url\":\"https:\/\/www.cubodeideas.com\/blog\/wp-content\/uploads\/2021\/10\/android-icon-72x72-1.png\",\"contentUrl\":\"https:\/\/www.cubodeideas.com\/blog\/wp-content\/uploads\/2021\/10\/android-icon-72x72-1.png\",\"width\":72,\"height\":72,\"caption\":\"Cubo de Ideas\"},\"image\":{\"@id\":\"https:\/\/www.cubodeideas.com\/blog\/#\/schema\/logo\/image\/\"},\"sameAs\":[\"https:\/\/www.facebook.com\/somoscubodeideas\",\"https:\/\/x.com\/cubo_ideas\",\"https:\/\/www.instagram.com\/cubodeideas\"]},{\"@type\":\"Person\",\"@id\":\"https:\/\/www.cubodeideas.com\/blog\/#\/schema\/person\/5614e43eb76109017cff51a2c7928211\",\"name\":\"Noel Castro\",\"description\":\"LEM Noel Castro Monta\u00f1o es CEO de Cubo de Ideas, Director de Operaciones para Citosa Textiles. Asesor de nuevos mercados y estrategias digitales para el segmento Retail. Especialista en marketing para autoservicios y puntos de venta. Especialista en sistemas de gesti\u00f3n de la calidad con enfoque a la ISO 9001:2015\",\"sameAs\":[\"https:\/\/www.cubodeideas.com\/blog\"],\"url\":\"https:\/\/www.cubodeideas.com\/blog\/author\/admin\/\"}]}<\/script>\n<!-- \/ Yoast SEO plugin. -->","yoast_head_json":{"title":"Sistema de direcci\u00f3n para PyMEs -","description":"Sistema de direcci\u00f3n para PyMEs para evitar decisiones reactivas y fortalecer margen y estabilidad financiera.","robots":{"index":"index","follow":"follow","max-snippet":"max-snippet:-1","max-image-preview":"max-image-preview:large","max-video-preview":"max-video-preview:-1"},"canonical":"https:\/\/www.cubodeideas.com\/blog\/estrategia-empresarial\/direccion-y-decisiones\/sistema-de-direccion-para-pymes-3\/","og_locale":"es_ES","og_type":"article","og_title":"Sistema de direcci\u00f3n para PyMEs -","og_description":"Sistema de direcci\u00f3n para PyMEs para evitar decisiones reactivas y fortalecer margen y estabilidad financiera.","og_url":"https:\/\/www.cubodeideas.com\/blog\/estrategia-empresarial\/direccion-y-decisiones\/sistema-de-direccion-para-pymes-3\/","article_publisher":"https:\/\/www.facebook.com\/somoscubodeideas","article_published_time":"2026-03-03T04:09:20+00:00","og_image":[{"width":1024,"height":683,"url":"https:\/\/www.cubodeideas.com\/blog\/wp-content\/uploads\/2026\/03\/ChatGPT-Image-Mar-2-2026-10_08_47-PM-1024x683.png","type":"image\/png"}],"author":"Noel Castro","twitter_card":"summary_large_image","twitter_creator":"@cubo_ideas","twitter_site":"@cubo_ideas","twitter_misc":{"Escrito por":"Noel Castro","Tiempo de lectura":"5 minutos"},"schema":{"@context":"https:\/\/schema.org","@graph":[{"@type":"Article","@id":"https:\/\/www.cubodeideas.com\/blog\/estrategia-empresarial\/direccion-y-decisiones\/sistema-de-direccion-para-pymes-3\/#article","isPartOf":{"@id":"https:\/\/www.cubodeideas.com\/blog\/estrategia-empresarial\/direccion-y-decisiones\/sistema-de-direccion-para-pymes-3\/"},"author":{"name":"Noel Castro","@id":"https:\/\/www.cubodeideas.com\/blog\/#\/schema\/person\/5614e43eb76109017cff51a2c7928211"},"headline":"Sistema de direcci\u00f3n para PyMEs","datePublished":"2026-03-03T04:09:20+00:00","mainEntityOfPage":{"@id":"https:\/\/www.cubodeideas.com\/blog\/estrategia-empresarial\/direccion-y-decisiones\/sistema-de-direccion-para-pymes-3\/"},"wordCount":1006,"publisher":{"@id":"https:\/\/www.cubodeideas.com\/blog\/#organization"},"image":{"@id":"https:\/\/www.cubodeideas.com\/blog\/estrategia-empresarial\/direccion-y-decisiones\/sistema-de-direccion-para-pymes-3\/#primaryimage"},"thumbnailUrl":"https:\/\/www.cubodeideas.com\/blog\/wp-content\/uploads\/2026\/03\/ChatGPT-Image-Mar-2-2026-10_08_47-PM.png","keywords":["control directivo empresarial","estructura directiva pyme","gobierno empresarial pyme","indicadores estrategicos empresa","planeacion estrategica pyme"],"articleSection":["Direcci\u00f3n y decisiones estrat\u00e9gicas"],"inLanguage":"es"},{"@type":"WebPage","@id":"https:\/\/www.cubodeideas.com\/blog\/estrategia-empresarial\/direccion-y-decisiones\/sistema-de-direccion-para-pymes-3\/","url":"https:\/\/www.cubodeideas.com\/blog\/estrategia-empresarial\/direccion-y-decisiones\/sistema-de-direccion-para-pymes-3\/","name":"Sistema de direcci\u00f3n para PyMEs -","isPartOf":{"@id":"https:\/\/www.cubodeideas.com\/blog\/#website"},"primaryImageOfPage":{"@id":"https:\/\/www.cubodeideas.com\/blog\/estrategia-empresarial\/direccion-y-decisiones\/sistema-de-direccion-para-pymes-3\/#primaryimage"},"image":{"@id":"https:\/\/www.cubodeideas.com\/blog\/estrategia-empresarial\/direccion-y-decisiones\/sistema-de-direccion-para-pymes-3\/#primaryimage"},"thumbnailUrl":"https:\/\/www.cubodeideas.com\/blog\/wp-content\/uploads\/2026\/03\/ChatGPT-Image-Mar-2-2026-10_08_47-PM.png","datePublished":"2026-03-03T04:09:20+00:00","description":"Sistema de direcci\u00f3n para PyMEs para evitar decisiones reactivas y fortalecer margen y estabilidad financiera.","breadcrumb":{"@id":"https:\/\/www.cubodeideas.com\/blog\/estrategia-empresarial\/direccion-y-decisiones\/sistema-de-direccion-para-pymes-3\/#breadcrumb"},"inLanguage":"es","potentialAction":[{"@type":"ReadAction","target":["https:\/\/www.cubodeideas.com\/blog\/estrategia-empresarial\/direccion-y-decisiones\/sistema-de-direccion-para-pymes-3\/"]}]},{"@type":"ImageObject","inLanguage":"es","@id":"https:\/\/www.cubodeideas.com\/blog\/estrategia-empresarial\/direccion-y-decisiones\/sistema-de-direccion-para-pymes-3\/#primaryimage","url":"https:\/\/www.cubodeideas.com\/blog\/wp-content\/uploads\/2026\/03\/ChatGPT-Image-Mar-2-2026-10_08_47-PM.png","contentUrl":"https:\/\/www.cubodeideas.com\/blog\/wp-content\/uploads\/2026\/03\/ChatGPT-Image-Mar-2-2026-10_08_47-PM.png","width":1536,"height":1024,"caption":"sistema de direccion para pymes"},{"@type":"BreadcrumbList","@id":"https:\/\/www.cubodeideas.com\/blog\/estrategia-empresarial\/direccion-y-decisiones\/sistema-de-direccion-para-pymes-3\/#breadcrumb","itemListElement":[{"@type":"ListItem","position":1,"name":"Portada","item":"https:\/\/www.cubodeideas.com\/blog\/"},{"@type":"ListItem","position":2,"name":"Sistema de direcci\u00f3n para PyMEs"}]},{"@type":"WebSite","@id":"https:\/\/www.cubodeideas.com\/blog\/#website","url":"https:\/\/www.cubodeideas.com\/blog\/","name":"Cubo de Ideas","description":"Cubo de Ideas, El Blog","publisher":{"@id":"https:\/\/www.cubodeideas.com\/blog\/#organization"},"potentialAction":[{"@type":"SearchAction","target":{"@type":"EntryPoint","urlTemplate":"https:\/\/www.cubodeideas.com\/blog\/?s={search_term_string}"},"query-input":{"@type":"PropertyValueSpecification","valueRequired":true,"valueName":"search_term_string"}}],"inLanguage":"es"},{"@type":"Organization","@id":"https:\/\/www.cubodeideas.com\/blog\/#organization","name":"Cubo de Ideas","url":"https:\/\/www.cubodeideas.com\/blog\/","logo":{"@type":"ImageObject","inLanguage":"es","@id":"https:\/\/www.cubodeideas.com\/blog\/#\/schema\/logo\/image\/","url":"https:\/\/www.cubodeideas.com\/blog\/wp-content\/uploads\/2021\/10\/android-icon-72x72-1.png","contentUrl":"https:\/\/www.cubodeideas.com\/blog\/wp-content\/uploads\/2021\/10\/android-icon-72x72-1.png","width":72,"height":72,"caption":"Cubo de Ideas"},"image":{"@id":"https:\/\/www.cubodeideas.com\/blog\/#\/schema\/logo\/image\/"},"sameAs":["https:\/\/www.facebook.com\/somoscubodeideas","https:\/\/x.com\/cubo_ideas","https:\/\/www.instagram.com\/cubodeideas"]},{"@type":"Person","@id":"https:\/\/www.cubodeideas.com\/blog\/#\/schema\/person\/5614e43eb76109017cff51a2c7928211","name":"Noel Castro","description":"LEM Noel Castro Monta\u00f1o es CEO de Cubo de Ideas, Director de Operaciones para Citosa Textiles. Asesor de nuevos mercados y estrategias digitales para el segmento Retail. Especialista en marketing para autoservicios y puntos de venta. Especialista en sistemas de gesti\u00f3n de la calidad con enfoque a la ISO 9001:2015","sameAs":["https:\/\/www.cubodeideas.com\/blog"],"url":"https:\/\/www.cubodeideas.com\/blog\/author\/admin\/"}]}},"jetpack_publicize_connections":[],"_links":{"self":[{"href":"https:\/\/www.cubodeideas.com\/blog\/wp-json\/wp\/v2\/posts\/3292","targetHints":{"allow":["GET"]}}],"collection":[{"href":"https:\/\/www.cubodeideas.com\/blog\/wp-json\/wp\/v2\/posts"}],"about":[{"href":"https:\/\/www.cubodeideas.com\/blog\/wp-json\/wp\/v2\/types\/post"}],"author":[{"embeddable":true,"href":"https:\/\/www.cubodeideas.com\/blog\/wp-json\/wp\/v2\/users\/1"}],"replies":[{"embeddable":true,"href":"https:\/\/www.cubodeideas.com\/blog\/wp-json\/wp\/v2\/comments?post=3292"}],"version-history":[{"count":1,"href":"https:\/\/www.cubodeideas.com\/blog\/wp-json\/wp\/v2\/posts\/3292\/revisions"}],"predecessor-version":[{"id":3294,"href":"https:\/\/www.cubodeideas.com\/blog\/wp-json\/wp\/v2\/posts\/3292\/revisions\/3294"}],"wp:featuredmedia":[{"embeddable":true,"href":"https:\/\/www.cubodeideas.com\/blog\/wp-json\/wp\/v2\/media\/3293"}],"wp:attachment":[{"href":"https:\/\/www.cubodeideas.com\/blog\/wp-json\/wp\/v2\/media?parent=3292"}],"wp:term":[{"taxonomy":"category","embeddable":true,"href":"https:\/\/www.cubodeideas.com\/blog\/wp-json\/wp\/v2\/categories?post=3292"},{"taxonomy":"post_tag","embeddable":true,"href":"https:\/\/www.cubodeideas.com\/blog\/wp-json\/wp\/v2\/tags?post=3292"}],"curies":[{"name":"wp","href":"https:\/\/api.w.org\/{rel}","templated":true}]}}