{"id":2931,"date":"2025-10-05T22:46:29","date_gmt":"2025-10-05T22:46:29","guid":{"rendered":"https:\/\/www.cubodeideas.com\/blog\/?p=2931"},"modified":"2025-10-05T22:46:29","modified_gmt":"2025-10-05T22:46:29","slug":"gestion-del-talento-en-pymes-impulsa-a-tu-equipo-al-exito","status":"publish","type":"post","link":"https:\/\/www.cubodeideas.com\/blog\/negocios\/gestion-del-talento-en-pymes-impulsa-a-tu-equipo-al-exito\/","title":{"rendered":"Gesti\u00f3n del talento en PYMEs: impulsa a tu equipo al \u00e9xito"},"content":{"rendered":"<p data-start=\"825\" data-end=\"1165\">La <strong data-start=\"828\" data-end=\"860\">gesti\u00f3n del talento en PYMEs<\/strong> es mucho m\u00e1s que contratar personal.<br data-start=\"897\" data-end=\"900\" \/>Significa identificar, atraer, desarrollar y retener a las personas que generan valor para la organizaci\u00f3n.<br data-start=\"1007\" data-end=\"1010\" \/>En un entorno donde la rotaci\u00f3n es alta y los recursos son limitados, las PYMEs deben aprender a competir no solo por clientes, sino tambi\u00e9n por talento.<\/p>\n<p data-start=\"1167\" data-end=\"1372\">El talento no se improvisa ni se compra: se construye con liderazgo, cultura y prop\u00f3sito.<br data-start=\"1256\" data-end=\"1259\" \/>Y una PyME que aprende a gestionar su talento, garantiza su crecimiento sostenido incluso en tiempos dif\u00edciles.<\/p>\n<hr data-start=\"1374\" data-end=\"1377\" \/>\n<h2 data-start=\"1379\" data-end=\"1422\">\u00bfQu\u00e9 es la gesti\u00f3n del talento en PYMEs?<\/h2>\n<p data-start=\"1424\" data-end=\"1618\">La <strong data-start=\"1427\" data-end=\"1459\">gesti\u00f3n del talento en PYMEs<\/strong> es el conjunto de estrategias que permiten maximizar las capacidades de los colaboradores, alineando su desarrollo personal con los objetivos de la empresa.<\/p>\n<p data-start=\"1620\" data-end=\"1644\">Incluye procesos como:<\/p>\n<ul data-start=\"1645\" data-end=\"1775\">\n<li data-start=\"1645\" data-end=\"1675\">\n<p data-start=\"1647\" data-end=\"1675\">Reclutamiento inteligente.<\/p>\n<\/li>\n<li data-start=\"1676\" data-end=\"1707\">\n<p data-start=\"1678\" data-end=\"1707\">Integraci\u00f3n y capacitaci\u00f3n.<\/p>\n<\/li>\n<li data-start=\"1708\" data-end=\"1737\">\n<p data-start=\"1710\" data-end=\"1737\">Evaluaci\u00f3n del desempe\u00f1o.<\/p>\n<\/li>\n<li data-start=\"1738\" data-end=\"1775\">\n<p data-start=\"1740\" data-end=\"1775\">Planes de desarrollo y retenci\u00f3n.<\/p>\n<\/li>\n<\/ul>\n<p data-start=\"1777\" data-end=\"1907\">Su objetivo no es solo llenar vacantes, sino <strong data-start=\"1822\" data-end=\"1904\">crear equipos comprometidos, competentes y alineados con la visi\u00f3n del negocio<\/strong>.<\/p>\n<hr data-start=\"1909\" data-end=\"1912\" \/>\n<h2 data-start=\"1914\" data-end=\"1963\">Importancia de la gesti\u00f3n del talento en PYMEs<\/h2>\n<p data-start=\"1965\" data-end=\"2144\">En las peque\u00f1as y medianas empresas, cada persona cuenta.<br data-start=\"2022\" data-end=\"2025\" \/>Un solo colaborador motivado puede marcar la diferencia en productividad, atenci\u00f3n al cliente o calidad del producto.<\/p>\n<p data-start=\"2146\" data-end=\"2217\">Sin embargo, muchas PYMEs mexicanas enfrentan tres problemas comunes:<\/p>\n<ol data-start=\"2218\" data-end=\"2413\">\n<li data-start=\"2218\" data-end=\"2279\">\n<p data-start=\"2221\" data-end=\"2279\">Alta rotaci\u00f3n por falta de oportunidades de crecimiento.<\/p>\n<\/li>\n<li data-start=\"2280\" data-end=\"2338\">\n<p data-start=\"2283\" data-end=\"2338\">Desempe\u00f1o inconsistente por ausencia de capacitaci\u00f3n.<\/p>\n<\/li>\n<li data-start=\"2339\" data-end=\"2413\">\n<p data-start=\"2342\" data-end=\"2413\">Dificultad para atraer talento competitivo frente a grandes empresas.<\/p>\n<\/li>\n<\/ol>\n<p data-start=\"2415\" data-end=\"2542\">Implementar una estrategia de <strong data-start=\"2445\" data-end=\"2477\">gesti\u00f3n del talento en PYMEs<\/strong> ayuda a revertir esta situaci\u00f3n y genera beneficios tangibles:<\/p>\n<ul data-start=\"2543\" data-end=\"2716\">\n<li data-start=\"2543\" data-end=\"2583\">\n<p data-start=\"2545\" data-end=\"2583\">Reducci\u00f3n de costos de contrataci\u00f3n.<\/p>\n<\/li>\n<li data-start=\"2584\" data-end=\"2632\">\n<p data-start=\"2586\" data-end=\"2632\">Mayor compromiso y permanencia del personal.<\/p>\n<\/li>\n<li data-start=\"2633\" data-end=\"2664\">\n<p data-start=\"2635\" data-end=\"2664\">Mejora en el clima laboral.<\/p>\n<\/li>\n<li data-start=\"2665\" data-end=\"2716\">\n<p data-start=\"2667\" data-end=\"2716\">Incremento en la productividad y la innovaci\u00f3n.<\/p>\n<\/li>\n<\/ul>\n<p data-start=\"2718\" data-end=\"2796\">\ud83d\udc49 Las PYMEs que gestionan su talento con inteligencia logran m\u00e1s con menos.<\/p>\n<hr data-start=\"2798\" data-end=\"2801\" \/>\n<h2 data-start=\"2803\" data-end=\"2837\">C\u00f3mo atraer talento en una PyME<\/h2>\n<p data-start=\"2839\" data-end=\"3092\">Competir con los grandes empleadores no se trata de ofrecer sueldos gigantes, sino <strong data-start=\"2922\" data-end=\"2956\">propuestas de valor diferentes<\/strong>.<br data-start=\"2957\" data-end=\"2960\" \/>Para atraer talento, las PYMEs deben enfocarse en lo que s\u00ed pueden ofrecer mejor: cercan\u00eda, aprendizaje, prop\u00f3sito y flexibilidad.<\/p>\n<p data-start=\"3094\" data-end=\"3135\">Algunas estrategias efectivas incluyen:<\/p>\n<ul data-start=\"3136\" data-end=\"3500\">\n<li data-start=\"3136\" data-end=\"3238\">\n<p data-start=\"3138\" data-end=\"3238\"><strong data-start=\"3138\" data-end=\"3175\">Definir la cultura y comunicarla.<\/strong> Las personas buscan empresas con identidad y valores claros.<\/p>\n<\/li>\n<li data-start=\"3239\" data-end=\"3374\">\n<p data-start=\"3241\" data-end=\"3374\"><strong data-start=\"3241\" data-end=\"3292\">Utilizar redes sociales y referencias internas.<\/strong> El mejor talento suele llegar recomendado por quienes ya conf\u00edan en la empresa.<\/p>\n<\/li>\n<li data-start=\"3375\" data-end=\"3500\">\n<p data-start=\"3377\" data-end=\"3500\"><strong data-start=\"3377\" data-end=\"3423\">Ofrecer experiencias reales de desarrollo.<\/strong> En una PyME, cada puesto permite aprender m\u00e1s que en una gran corporaci\u00f3n.<\/p>\n<\/li>\n<\/ul>\n<p data-start=\"3502\" data-end=\"3648\">En la <strong data-start=\"3508\" data-end=\"3540\">gesti\u00f3n del talento en PYMEs<\/strong>, atraer a las personas correctas depende m\u00e1s de la coherencia del mensaje que del tama\u00f1o del presupuesto.<\/p>\n<hr data-start=\"3650\" data-end=\"3653\" \/>\n<h2 data-start=\"3655\" data-end=\"3706\">C\u00f3mo desarrollar el talento dentro de la empresa<\/h2>\n<p data-start=\"3708\" data-end=\"3805\">Contratar bien no basta.<br data-start=\"3732\" data-end=\"3735\" \/>El talento debe desarrollarse para crecer junto con la organizaci\u00f3n.<\/p>\n<p data-start=\"3807\" data-end=\"3823\">Para lograrlo:<\/p>\n<ul data-start=\"3824\" data-end=\"4189\">\n<li data-start=\"3824\" data-end=\"3960\">\n<p data-start=\"3826\" data-end=\"3960\"><strong data-start=\"3826\" data-end=\"3873\">Implementa planes de capacitaci\u00f3n continua.<\/strong> No necesitas programas caros: bastan sesiones internas, mentor\u00edas o cursos en l\u00ednea.<\/p>\n<\/li>\n<li data-start=\"3961\" data-end=\"4090\">\n<p data-start=\"3963\" data-end=\"4090\"><strong data-start=\"3963\" data-end=\"3997\">Fomenta la rotaci\u00f3n funcional.<\/strong> Permitir que los colaboradores conozcan distintas \u00e1reas mejora su comprensi\u00f3n del negocio.<\/p>\n<\/li>\n<li data-start=\"4091\" data-end=\"4189\">\n<p data-start=\"4093\" data-end=\"4189\"><strong data-start=\"4093\" data-end=\"4133\">Promueve el aprendizaje entre pares.<\/strong> Los equipos que comparten conocimiento se fortalecen.<\/p>\n<\/li>\n<\/ul>\n<p data-start=\"4191\" data-end=\"4316\">La <strong data-start=\"4194\" data-end=\"4226\">gesti\u00f3n del talento en PYMEs<\/strong> efectiva convierte la capacitaci\u00f3n en parte del trabajo, no en una actividad ocasional.<\/p>\n<hr data-start=\"4318\" data-end=\"4321\" \/>\n<h2 data-start=\"4323\" data-end=\"4393\">Evaluar y reconocer: dos pilares de la gesti\u00f3n del talento en PYMEs<\/h2>\n<p data-start=\"4395\" data-end=\"4548\">Lo que no se mide, no se puede mejorar.<br data-start=\"4434\" data-end=\"4437\" \/>La evaluaci\u00f3n del desempe\u00f1o permite identificar fortalezas, detectar \u00e1reas de mejora y reconocer el esfuerzo.<\/p>\n<p data-start=\"4550\" data-end=\"4748\">En una PyME, esta evaluaci\u00f3n no tiene que ser compleja.<br data-start=\"4605\" data-end=\"4608\" \/>Puede realizarse de forma trimestral mediante conversaciones estructuradas entre l\u00edder y colaborador, enfoc\u00e1ndose en tres preguntas clave:<\/p>\n<ol data-start=\"4749\" data-end=\"4831\">\n<li data-start=\"4749\" data-end=\"4768\">\n<p data-start=\"4752\" data-end=\"4768\">\u00bfQu\u00e9 se logr\u00f3?<\/p>\n<\/li>\n<li data-start=\"4769\" data-end=\"4796\">\n<p data-start=\"4772\" data-end=\"4796\">\u00bfQu\u00e9 se puede mejorar?<\/p>\n<\/li>\n<li data-start=\"4797\" data-end=\"4831\">\n<p data-start=\"4800\" data-end=\"4831\">\u00bfQu\u00e9 se necesita para crecer?<\/p>\n<\/li>\n<\/ol>\n<p data-start=\"4833\" data-end=\"5041\">El reconocimiento, por otro lado, es el motor de la motivaci\u00f3n.<br data-start=\"4896\" data-end=\"4899\" \/>Un simple agradecimiento p\u00fablico o una felicitaci\u00f3n personalizada refuerzan el sentido de pertenencia m\u00e1s que cualquier incentivo econ\u00f3mico.<\/p>\n<p data-start=\"5043\" data-end=\"5093\">\ud83d\udc49 Las PYMEs que reconocen bien, retienen mejor.<\/p>\n<hr data-start=\"5095\" data-end=\"5098\" \/>\n<h2 data-start=\"5100\" data-end=\"5134\">C\u00f3mo retener al talento valioso<\/h2>\n<p data-start=\"5136\" data-end=\"5259\">Retener no significa retener a todos, sino <strong data-start=\"5179\" data-end=\"5216\">a los que realmente aportan valor<\/strong>.<br data-start=\"5217\" data-end=\"5220\" \/>Y hacerlo no depende solo del dinero.<\/p>\n<p data-start=\"5261\" data-end=\"5342\">Las principales razones por las que los empleados se quedan en una empresa son:<\/p>\n<ul data-start=\"5343\" data-end=\"5493\">\n<li data-start=\"5343\" data-end=\"5377\">\n<p data-start=\"5345\" data-end=\"5377\">Buen liderazgo y comunicaci\u00f3n.<\/p>\n<\/li>\n<li data-start=\"5378\" data-end=\"5410\">\n<p data-start=\"5380\" data-end=\"5410\">Oportunidades de desarrollo.<\/p>\n<\/li>\n<li data-start=\"5411\" data-end=\"5456\">\n<p data-start=\"5413\" data-end=\"5456\">Equilibrio entre trabajo y vida personal.<\/p>\n<\/li>\n<li data-start=\"5457\" data-end=\"5493\">\n<p data-start=\"5459\" data-end=\"5493\">Cultura organizacional positiva.<\/p>\n<\/li>\n<\/ul>\n<p data-start=\"5495\" data-end=\"5667\">Las empresas que aplican una <strong data-start=\"5524\" data-end=\"5556\">gesti\u00f3n del talento en PYMEs<\/strong> basada en el bienestar y la coherencia logran mayor lealtad que aquellas que solo prometen aumentos o bonos.<\/p>\n<p data-start=\"5669\" data-end=\"5717\">La clave est\u00e1 en escuchar, anticipar y actuar.<\/p>\n<hr data-start=\"5719\" data-end=\"5722\" \/>\n<h2 data-start=\"5724\" data-end=\"5768\">Tecnolog\u00eda y gesti\u00f3n del talento en PYMEs<\/h2>\n<p data-start=\"5770\" data-end=\"5930\">La digitalizaci\u00f3n ha hecho m\u00e1s f\u00e1cil administrar y medir el desempe\u00f1o del personal.<br data-start=\"5853\" data-end=\"5856\" \/>Hoy existen herramientas accesibles para automatizar partes del proceso:<\/p>\n<ul data-start=\"5932\" data-end=\"6183\">\n<li data-start=\"5932\" data-end=\"6026\">\n<p data-start=\"5934\" data-end=\"6026\"><strong data-start=\"5934\" data-end=\"5972\">Factorial, BambooHR o Zoho People:<\/strong> para control de asistencia, desempe\u00f1o y vacaciones.<\/p>\n<\/li>\n<li data-start=\"6027\" data-end=\"6113\">\n<p data-start=\"6029\" data-end=\"6113\"><strong data-start=\"6029\" data-end=\"6055\">Google Forms o Notion:<\/strong> para evaluaciones simples o retroalimentaci\u00f3n continua.<\/p>\n<\/li>\n<li data-start=\"6114\" data-end=\"6183\">\n<p data-start=\"6116\" data-end=\"6183\"><strong data-start=\"6116\" data-end=\"6137\">Trello o ClickUp:<\/strong> para seguimiento de proyectos y resultados.<\/p>\n<\/li>\n<\/ul>\n<p data-start=\"6185\" data-end=\"6331\">La tecnolog\u00eda permite liberar tiempo administrativo para que los l\u00edderes se enfoquen en lo m\u00e1s importante: <strong data-start=\"6292\" data-end=\"6328\">conocer y desarrollar a su gente<\/strong>.<\/p>\n<hr data-start=\"6333\" data-end=\"6336\" \/>\n<h2 data-start=\"6338\" data-end=\"6397\">El liderazgo como eje de la gesti\u00f3n del talento en PYMEs<\/h2>\n<p data-start=\"6399\" data-end=\"6564\">En una PyME, el liderazgo lo es todo.<br data-start=\"6436\" data-end=\"6439\" \/>Los l\u00edderes son quienes moldean la cultura, transmiten la visi\u00f3n y determinan si el talento se desarrolla o se desperdicia.<\/p>\n<p data-start=\"6566\" data-end=\"6589\">Un l\u00edder eficaz debe:<\/p>\n<ul data-start=\"6590\" data-end=\"6756\">\n<li data-start=\"6590\" data-end=\"6628\">\n<p data-start=\"6592\" data-end=\"6628\">Escuchar y comunicar con claridad.<\/p>\n<\/li>\n<li data-start=\"6629\" data-end=\"6667\">\n<p data-start=\"6631\" data-end=\"6667\">Dar ejemplo en \u00e9tica y compromiso.<\/p>\n<\/li>\n<li data-start=\"6668\" data-end=\"6714\">\n<p data-start=\"6670\" data-end=\"6714\">Delegar con confianza y guiar con empat\u00eda.<\/p>\n<\/li>\n<li data-start=\"6715\" data-end=\"6756\">\n<p data-start=\"6717\" data-end=\"6756\">Reconocer errores y compartir logros.<\/p>\n<\/li>\n<\/ul>\n<p data-start=\"6758\" data-end=\"6910\">La <strong data-start=\"6761\" data-end=\"6793\">gesti\u00f3n del talento en PYMEs<\/strong> comienza desde arriba.<br data-start=\"6816\" data-end=\"6819\" \/>Si el due\u00f1o o gerente no lidera con coherencia, ninguna estrategia de talento funcionar\u00e1.<\/p>\n<p data-start=\"6912\" data-end=\"6963\">\ud83d\udc49 Las personas no dejan empresas, dejan l\u00edderes.<\/p>\n<hr data-start=\"6965\" data-end=\"6968\" \/>\n<h2 data-start=\"6970\" data-end=\"7029\">C\u00f3mo medir el impacto de la gesti\u00f3n del talento en PYMEs<\/h2>\n<p data-start=\"7031\" data-end=\"7108\">El \u00e9xito de la gesti\u00f3n del talento puede medirse con indicadores sencillos:<\/p>\n<ul data-start=\"7109\" data-end=\"7306\">\n<li data-start=\"7109\" data-end=\"7130\">\n<p data-start=\"7111\" data-end=\"7130\">Tasa de rotaci\u00f3n.<\/p>\n<\/li>\n<li data-start=\"7131\" data-end=\"7170\">\n<p data-start=\"7133\" data-end=\"7170\">Nivel de satisfacci\u00f3n del personal.<\/p>\n<\/li>\n<li data-start=\"7171\" data-end=\"7203\">\n<p data-start=\"7173\" data-end=\"7203\">Desempe\u00f1o promedio por \u00e1rea.<\/p>\n<\/li>\n<li data-start=\"7204\" data-end=\"7251\">\n<p data-start=\"7206\" data-end=\"7251\">Participaci\u00f3n en programas de capacitaci\u00f3n.<\/p>\n<\/li>\n<li data-start=\"7252\" data-end=\"7306\">\n<p data-start=\"7254\" data-end=\"7306\">Promociones internas o retenci\u00f3n de talento clave.<\/p>\n<\/li>\n<\/ul>\n<p data-start=\"7308\" data-end=\"7385\">Medir permite ajustar, priorizar y mantener una cultura de mejora continua.<\/p>\n<p data-start=\"7387\" data-end=\"7480\">Una PyME que monitorea su talento con datos toma mejores decisiones humanas y estrat\u00e9gicas.<\/p>\n<hr data-start=\"7482\" data-end=\"7485\" \/>\n<h2 data-start=\"7487\" data-end=\"7500\">Conclusi\u00f3n<\/h2>\n<p data-start=\"7502\" data-end=\"7693\">La <strong data-start=\"7505\" data-end=\"7537\">gesti\u00f3n del talento en PYMEs<\/strong> no se trata solo de recursos humanos, sino de <strong data-start=\"7584\" data-end=\"7607\">gestionar el futuro<\/strong>.<br data-start=\"7608\" data-end=\"7611\" \/>Cada persona representa una oportunidad de innovaci\u00f3n, eficiencia y crecimiento.<\/p>\n<p data-start=\"7695\" data-end=\"7824\">\ud83d\udc49 El verdadero valor de una empresa no est\u00e1 en sus m\u00e1quinas ni en su inventario, sino en las personas que las hacen funcionar.<\/p>\n<p data-start=\"7826\" data-end=\"7947\">Una PyME que aprende a atraer, desarrollar y retener talento no solo crece: <strong data-start=\"7902\" data-end=\"7944\">evoluciona con prop\u00f3sito y estabilidad<\/strong>.<\/p>\n<div class=\"pvc_clear\"><\/div>\n<p id=\"pvc_stats_2931\" class=\"pvc_stats all  \" data-element-id=\"2931\" style=\"\"><i class=\"pvc-stats-icon medium\" aria-hidden=\"true\"><svg aria-hidden=\"true\" focusable=\"false\" data-prefix=\"far\" data-icon=\"chart-bar\" role=\"img\" xmlns=\"http:\/\/www.w3.org\/2000\/svg\" viewBox=\"0 0 512 512\" class=\"svg-inline--fa fa-chart-bar fa-w-16 fa-2x\"><path fill=\"currentColor\" d=\"M396.8 352h22.4c6.4 0 12.8-6.4 12.8-12.8V108.8c0-6.4-6.4-12.8-12.8-12.8h-22.4c-6.4 0-12.8 6.4-12.8 12.8v230.4c0 6.4 6.4 12.8 12.8 12.8zm-192 0h22.4c6.4 0 12.8-6.4 12.8-12.8V140.8c0-6.4-6.4-12.8-12.8-12.8h-22.4c-6.4 0-12.8 6.4-12.8 12.8v198.4c0 6.4 6.4 12.8 12.8 12.8zm96 0h22.4c6.4 0 12.8-6.4 12.8-12.8V204.8c0-6.4-6.4-12.8-12.8-12.8h-22.4c-6.4 0-12.8 6.4-12.8 12.8v134.4c0 6.4 6.4 12.8 12.8 12.8zM496 400H48V80c0-8.84-7.16-16-16-16H16C7.16 64 0 71.16 0 80v336c0 17.67 14.33 32 32 32h464c8.84 0 16-7.16 16-16v-16c0-8.84-7.16-16-16-16zm-387.2-48h22.4c6.4 0 12.8-6.4 12.8-12.8v-70.4c0-6.4-6.4-12.8-12.8-12.8h-22.4c-6.4 0-12.8 6.4-12.8 12.8v70.4c0 6.4 6.4 12.8 12.8 12.8z\" class=\"\"><\/path><\/svg><\/i> <img loading=\"lazy\" decoding=\"async\" width=\"16\" height=\"16\" alt=\"Loading\" src=\"https:\/\/www.cubodeideas.com\/blog\/wp-content\/plugins\/page-views-count\/ajax-loader-2x.gif\" border=0 \/><\/p>\n<div class=\"pvc_clear\"><\/div>\n","protected":false},"excerpt":{"rendered":"<p>La gesti\u00f3n del talento en PYMEs es mucho m\u00e1s que contratar personal.Significa identificar, atraer, desarrollar y retener a las personas que generan valor para la organizaci\u00f3n.En un entorno donde la rotaci\u00f3n es alta y los recursos son limitados, las PYMEs deben aprender a competir no solo por clientes, sino tambi\u00e9n por talento. El talento no [&hellip;]<\/p>\n<div class=\"pvc_clear\"><\/div>\n<p id=\"pvc_stats_2931\" class=\"pvc_stats all  \" data-element-id=\"2931\" style=\"\"><i class=\"pvc-stats-icon medium\" aria-hidden=\"true\"><svg aria-hidden=\"true\" focusable=\"false\" data-prefix=\"far\" data-icon=\"chart-bar\" role=\"img\" xmlns=\"http:\/\/www.w3.org\/2000\/svg\" viewBox=\"0 0 512 512\" class=\"svg-inline--fa fa-chart-bar fa-w-16 fa-2x\"><path fill=\"currentColor\" d=\"M396.8 352h22.4c6.4 0 12.8-6.4 12.8-12.8V108.8c0-6.4-6.4-12.8-12.8-12.8h-22.4c-6.4 0-12.8 6.4-12.8 12.8v230.4c0 6.4 6.4 12.8 12.8 12.8zm-192 0h22.4c6.4 0 12.8-6.4 12.8-12.8V140.8c0-6.4-6.4-12.8-12.8-12.8h-22.4c-6.4 0-12.8 6.4-12.8 12.8v198.4c0 6.4 6.4 12.8 12.8 12.8zm96 0h22.4c6.4 0 12.8-6.4 12.8-12.8V204.8c0-6.4-6.4-12.8-12.8-12.8h-22.4c-6.4 0-12.8 6.4-12.8 12.8v134.4c0 6.4 6.4 12.8 12.8 12.8zM496 400H48V80c0-8.84-7.16-16-16-16H16C7.16 64 0 71.16 0 80v336c0 17.67 14.33 32 32 32h464c8.84 0 16-7.16 16-16v-16c0-8.84-7.16-16-16-16zm-387.2-48h22.4c6.4 0 12.8-6.4 12.8-12.8v-70.4c0-6.4-6.4-12.8-12.8-12.8h-22.4c-6.4 0-12.8 6.4-12.8 12.8v70.4c0 6.4 6.4 12.8 12.8 12.8z\" class=\"\"><\/path><\/svg><\/i> <img loading=\"lazy\" decoding=\"async\" width=\"16\" height=\"16\" alt=\"Loading\" src=\"https:\/\/www.cubodeideas.com\/blog\/wp-content\/plugins\/page-views-count\/ajax-loader-2x.gif\" border=0 \/><\/p>\n<div class=\"pvc_clear\"><\/div>\n","protected":false},"author":1,"featured_media":1406,"comment_status":"open","ping_status":"closed","sticky":false,"template":"","format":"standard","meta":{"footnotes":"","jetpack_publicize_message":"","jetpack_publicize_feature_enabled":true,"jetpack_social_post_already_shared":false,"jetpack_social_options":{"image_generator_settings":{"template":"highway","default_image_id":0,"font":"","enabled":false},"version":2}},"categories":[13],"tags":[82,1502,1501,128],"class_list":["post-2931","post","type-post","status-publish","format-standard","has-post-thumbnail","hentry","category-negocios","tag-cultura-organizacional","tag-desarrollo-humano","tag-gestion-del-talento-en-pymes","tag-liderazgo"],"blocksy_meta":[],"yoast_head":"<!-- This site is optimized with the Yoast SEO plugin v27.0 - https:\/\/yoast.com\/product\/yoast-seo-wordpress\/ -->\n<title>Gesti\u00f3n del talento en PYMEs: impulsa a tu equipo al \u00e9xito -<\/title>\n<meta name=\"description\" content=\"Descubre c\u00f3mo aplicar la gesti\u00f3n del talento en PYMEs para atraer, desarrollar y retener a las personas que hacen crecer tu empresa.\" \/>\n<meta name=\"robots\" content=\"index, follow, max-snippet:-1, max-image-preview:large, max-video-preview:-1\" \/>\n<link rel=\"canonical\" href=\"https:\/\/www.cubodeideas.com\/blog\/negocios\/gestion-del-talento-en-pymes-impulsa-a-tu-equipo-al-exito\/\" \/>\n<meta property=\"og:locale\" content=\"es_ES\" \/>\n<meta property=\"og:type\" content=\"article\" \/>\n<meta property=\"og:title\" content=\"Gesti\u00f3n del talento en PYMEs: impulsa a tu equipo al \u00e9xito -\" \/>\n<meta property=\"og:description\" content=\"Descubre c\u00f3mo aplicar la gesti\u00f3n del talento en PYMEs para atraer, desarrollar y retener a las personas que hacen crecer tu empresa.\" \/>\n<meta property=\"og:url\" content=\"https:\/\/www.cubodeideas.com\/blog\/negocios\/gestion-del-talento-en-pymes-impulsa-a-tu-equipo-al-exito\/\" \/>\n<meta property=\"article:publisher\" content=\"https:\/\/www.facebook.com\/somoscubodeideas\" \/>\n<meta property=\"article:published_time\" content=\"2025-10-05T22:46:29+00:00\" \/>\n<meta property=\"og:image\" content=\"https:\/\/www.cubodeideas.com\/blog\/wp-content\/uploads\/2024\/02\/meeting-2284501_1280.jpg\" \/>\n\t<meta property=\"og:image:width\" content=\"1280\" \/>\n\t<meta property=\"og:image:height\" content=\"800\" \/>\n\t<meta property=\"og:image:type\" content=\"image\/jpeg\" \/>\n<meta name=\"author\" content=\"Noel Castro\" \/>\n<meta name=\"twitter:card\" content=\"summary_large_image\" \/>\n<meta name=\"twitter:creator\" content=\"@cubo_ideas\" \/>\n<meta name=\"twitter:site\" content=\"@cubo_ideas\" \/>\n<meta name=\"twitter:label1\" content=\"Escrito por\" \/>\n\t<meta name=\"twitter:data1\" content=\"Noel Castro\" \/>\n\t<meta name=\"twitter:label2\" content=\"Tiempo de lectura\" \/>\n\t<meta name=\"twitter:data2\" content=\"5 minutos\" \/>\n<script type=\"application\/ld+json\" class=\"yoast-schema-graph\">{\"@context\":\"https:\/\/schema.org\",\"@graph\":[{\"@type\":\"Article\",\"@id\":\"https:\/\/www.cubodeideas.com\/blog\/negocios\/gestion-del-talento-en-pymes-impulsa-a-tu-equipo-al-exito\/#article\",\"isPartOf\":{\"@id\":\"https:\/\/www.cubodeideas.com\/blog\/negocios\/gestion-del-talento-en-pymes-impulsa-a-tu-equipo-al-exito\/\"},\"author\":{\"name\":\"Noel Castro\",\"@id\":\"https:\/\/www.cubodeideas.com\/blog\/#\/schema\/person\/5614e43eb76109017cff51a2c7928211\"},\"headline\":\"Gesti\u00f3n del talento en PYMEs: impulsa a tu equipo al \u00e9xito\",\"datePublished\":\"2025-10-05T22:46:29+00:00\",\"mainEntityOfPage\":{\"@id\":\"https:\/\/www.cubodeideas.com\/blog\/negocios\/gestion-del-talento-en-pymes-impulsa-a-tu-equipo-al-exito\/\"},\"wordCount\":1113,\"commentCount\":0,\"publisher\":{\"@id\":\"https:\/\/www.cubodeideas.com\/blog\/#organization\"},\"image\":{\"@id\":\"https:\/\/www.cubodeideas.com\/blog\/negocios\/gestion-del-talento-en-pymes-impulsa-a-tu-equipo-al-exito\/#primaryimage\"},\"thumbnailUrl\":\"https:\/\/www.cubodeideas.com\/blog\/wp-content\/uploads\/2024\/02\/meeting-2284501_1280.jpg\",\"keywords\":[\"Cultura Organizacional.\",\"desarrollo humano\",\"gesti\u00f3n del talento en PYMEs\",\"liderazgo\"],\"articleSection\":[\"Negocios\"],\"inLanguage\":\"es\",\"potentialAction\":[{\"@type\":\"CommentAction\",\"name\":\"Comment\",\"target\":[\"https:\/\/www.cubodeideas.com\/blog\/negocios\/gestion-del-talento-en-pymes-impulsa-a-tu-equipo-al-exito\/#respond\"]}]},{\"@type\":\"WebPage\",\"@id\":\"https:\/\/www.cubodeideas.com\/blog\/negocios\/gestion-del-talento-en-pymes-impulsa-a-tu-equipo-al-exito\/\",\"url\":\"https:\/\/www.cubodeideas.com\/blog\/negocios\/gestion-del-talento-en-pymes-impulsa-a-tu-equipo-al-exito\/\",\"name\":\"Gesti\u00f3n del talento en PYMEs: impulsa a tu equipo al \u00e9xito -\",\"isPartOf\":{\"@id\":\"https:\/\/www.cubodeideas.com\/blog\/#website\"},\"primaryImageOfPage\":{\"@id\":\"https:\/\/www.cubodeideas.com\/blog\/negocios\/gestion-del-talento-en-pymes-impulsa-a-tu-equipo-al-exito\/#primaryimage\"},\"image\":{\"@id\":\"https:\/\/www.cubodeideas.com\/blog\/negocios\/gestion-del-talento-en-pymes-impulsa-a-tu-equipo-al-exito\/#primaryimage\"},\"thumbnailUrl\":\"https:\/\/www.cubodeideas.com\/blog\/wp-content\/uploads\/2024\/02\/meeting-2284501_1280.jpg\",\"datePublished\":\"2025-10-05T22:46:29+00:00\",\"description\":\"Descubre c\u00f3mo aplicar la gesti\u00f3n del talento en PYMEs para atraer, desarrollar y retener a las personas que hacen crecer tu empresa.\",\"breadcrumb\":{\"@id\":\"https:\/\/www.cubodeideas.com\/blog\/negocios\/gestion-del-talento-en-pymes-impulsa-a-tu-equipo-al-exito\/#breadcrumb\"},\"inLanguage\":\"es\",\"potentialAction\":[{\"@type\":\"ReadAction\",\"target\":[\"https:\/\/www.cubodeideas.com\/blog\/negocios\/gestion-del-talento-en-pymes-impulsa-a-tu-equipo-al-exito\/\"]}]},{\"@type\":\"ImageObject\",\"inLanguage\":\"es\",\"@id\":\"https:\/\/www.cubodeideas.com\/blog\/negocios\/gestion-del-talento-en-pymes-impulsa-a-tu-equipo-al-exito\/#primaryimage\",\"url\":\"https:\/\/www.cubodeideas.com\/blog\/wp-content\/uploads\/2024\/02\/meeting-2284501_1280.jpg\",\"contentUrl\":\"https:\/\/www.cubodeideas.com\/blog\/wp-content\/uploads\/2024\/02\/meeting-2284501_1280.jpg\",\"width\":1280,\"height\":800,\"caption\":\"gesti\u00f3n del talento\"},{\"@type\":\"BreadcrumbList\",\"@id\":\"https:\/\/www.cubodeideas.com\/blog\/negocios\/gestion-del-talento-en-pymes-impulsa-a-tu-equipo-al-exito\/#breadcrumb\",\"itemListElement\":[{\"@type\":\"ListItem\",\"position\":1,\"name\":\"Portada\",\"item\":\"https:\/\/www.cubodeideas.com\/blog\/\"},{\"@type\":\"ListItem\",\"position\":2,\"name\":\"Gesti\u00f3n del talento en PYMEs: impulsa a tu equipo al \u00e9xito\"}]},{\"@type\":\"WebSite\",\"@id\":\"https:\/\/www.cubodeideas.com\/blog\/#website\",\"url\":\"https:\/\/www.cubodeideas.com\/blog\/\",\"name\":\"Cubo de Ideas\",\"description\":\"Cubo de Ideas, El Blog\",\"publisher\":{\"@id\":\"https:\/\/www.cubodeideas.com\/blog\/#organization\"},\"potentialAction\":[{\"@type\":\"SearchAction\",\"target\":{\"@type\":\"EntryPoint\",\"urlTemplate\":\"https:\/\/www.cubodeideas.com\/blog\/?s={search_term_string}\"},\"query-input\":{\"@type\":\"PropertyValueSpecification\",\"valueRequired\":true,\"valueName\":\"search_term_string\"}}],\"inLanguage\":\"es\"},{\"@type\":\"Organization\",\"@id\":\"https:\/\/www.cubodeideas.com\/blog\/#organization\",\"name\":\"Cubo de Ideas\",\"url\":\"https:\/\/www.cubodeideas.com\/blog\/\",\"logo\":{\"@type\":\"ImageObject\",\"inLanguage\":\"es\",\"@id\":\"https:\/\/www.cubodeideas.com\/blog\/#\/schema\/logo\/image\/\",\"url\":\"https:\/\/www.cubodeideas.com\/blog\/wp-content\/uploads\/2021\/10\/android-icon-72x72-1.png\",\"contentUrl\":\"https:\/\/www.cubodeideas.com\/blog\/wp-content\/uploads\/2021\/10\/android-icon-72x72-1.png\",\"width\":72,\"height\":72,\"caption\":\"Cubo de Ideas\"},\"image\":{\"@id\":\"https:\/\/www.cubodeideas.com\/blog\/#\/schema\/logo\/image\/\"},\"sameAs\":[\"https:\/\/www.facebook.com\/somoscubodeideas\",\"https:\/\/x.com\/cubo_ideas\",\"https:\/\/www.instagram.com\/cubodeideas\"]},{\"@type\":\"Person\",\"@id\":\"https:\/\/www.cubodeideas.com\/blog\/#\/schema\/person\/5614e43eb76109017cff51a2c7928211\",\"name\":\"Noel Castro\",\"description\":\"LEM Noel Castro Monta\u00f1o es CEO de Cubo de Ideas, Director de Operaciones para Citosa Textiles. Asesor de nuevos mercados y estrategias digitales para el segmento Retail. Especialista en marketing para autoservicios y puntos de venta. Especialista en sistemas de gesti\u00f3n de la calidad con enfoque a la ISO 9001:2015\",\"sameAs\":[\"https:\/\/www.cubodeideas.com\/blog\"],\"url\":\"https:\/\/www.cubodeideas.com\/blog\/author\/admin\/\"}]}<\/script>\n<!-- \/ Yoast SEO plugin. -->","yoast_head_json":{"title":"Gesti\u00f3n del talento en PYMEs: impulsa a tu equipo al \u00e9xito -","description":"Descubre c\u00f3mo aplicar la gesti\u00f3n del talento en PYMEs para atraer, desarrollar y retener a las personas que hacen crecer tu empresa.","robots":{"index":"index","follow":"follow","max-snippet":"max-snippet:-1","max-image-preview":"max-image-preview:large","max-video-preview":"max-video-preview:-1"},"canonical":"https:\/\/www.cubodeideas.com\/blog\/negocios\/gestion-del-talento-en-pymes-impulsa-a-tu-equipo-al-exito\/","og_locale":"es_ES","og_type":"article","og_title":"Gesti\u00f3n del talento en PYMEs: impulsa a tu equipo al \u00e9xito -","og_description":"Descubre c\u00f3mo aplicar la gesti\u00f3n del talento en PYMEs para atraer, desarrollar y retener a las personas que hacen crecer tu empresa.","og_url":"https:\/\/www.cubodeideas.com\/blog\/negocios\/gestion-del-talento-en-pymes-impulsa-a-tu-equipo-al-exito\/","article_publisher":"https:\/\/www.facebook.com\/somoscubodeideas","article_published_time":"2025-10-05T22:46:29+00:00","og_image":[{"width":1280,"height":800,"url":"https:\/\/www.cubodeideas.com\/blog\/wp-content\/uploads\/2024\/02\/meeting-2284501_1280.jpg","type":"image\/jpeg"}],"author":"Noel Castro","twitter_card":"summary_large_image","twitter_creator":"@cubo_ideas","twitter_site":"@cubo_ideas","twitter_misc":{"Escrito por":"Noel Castro","Tiempo de lectura":"5 minutos"},"schema":{"@context":"https:\/\/schema.org","@graph":[{"@type":"Article","@id":"https:\/\/www.cubodeideas.com\/blog\/negocios\/gestion-del-talento-en-pymes-impulsa-a-tu-equipo-al-exito\/#article","isPartOf":{"@id":"https:\/\/www.cubodeideas.com\/blog\/negocios\/gestion-del-talento-en-pymes-impulsa-a-tu-equipo-al-exito\/"},"author":{"name":"Noel Castro","@id":"https:\/\/www.cubodeideas.com\/blog\/#\/schema\/person\/5614e43eb76109017cff51a2c7928211"},"headline":"Gesti\u00f3n del talento en PYMEs: impulsa a tu equipo al \u00e9xito","datePublished":"2025-10-05T22:46:29+00:00","mainEntityOfPage":{"@id":"https:\/\/www.cubodeideas.com\/blog\/negocios\/gestion-del-talento-en-pymes-impulsa-a-tu-equipo-al-exito\/"},"wordCount":1113,"commentCount":0,"publisher":{"@id":"https:\/\/www.cubodeideas.com\/blog\/#organization"},"image":{"@id":"https:\/\/www.cubodeideas.com\/blog\/negocios\/gestion-del-talento-en-pymes-impulsa-a-tu-equipo-al-exito\/#primaryimage"},"thumbnailUrl":"https:\/\/www.cubodeideas.com\/blog\/wp-content\/uploads\/2024\/02\/meeting-2284501_1280.jpg","keywords":["Cultura Organizacional.","desarrollo humano","gesti\u00f3n del talento en PYMEs","liderazgo"],"articleSection":["Negocios"],"inLanguage":"es","potentialAction":[{"@type":"CommentAction","name":"Comment","target":["https:\/\/www.cubodeideas.com\/blog\/negocios\/gestion-del-talento-en-pymes-impulsa-a-tu-equipo-al-exito\/#respond"]}]},{"@type":"WebPage","@id":"https:\/\/www.cubodeideas.com\/blog\/negocios\/gestion-del-talento-en-pymes-impulsa-a-tu-equipo-al-exito\/","url":"https:\/\/www.cubodeideas.com\/blog\/negocios\/gestion-del-talento-en-pymes-impulsa-a-tu-equipo-al-exito\/","name":"Gesti\u00f3n del talento en PYMEs: impulsa a tu equipo al \u00e9xito -","isPartOf":{"@id":"https:\/\/www.cubodeideas.com\/blog\/#website"},"primaryImageOfPage":{"@id":"https:\/\/www.cubodeideas.com\/blog\/negocios\/gestion-del-talento-en-pymes-impulsa-a-tu-equipo-al-exito\/#primaryimage"},"image":{"@id":"https:\/\/www.cubodeideas.com\/blog\/negocios\/gestion-del-talento-en-pymes-impulsa-a-tu-equipo-al-exito\/#primaryimage"},"thumbnailUrl":"https:\/\/www.cubodeideas.com\/blog\/wp-content\/uploads\/2024\/02\/meeting-2284501_1280.jpg","datePublished":"2025-10-05T22:46:29+00:00","description":"Descubre c\u00f3mo aplicar la gesti\u00f3n del talento en PYMEs para atraer, desarrollar y retener a las personas que hacen crecer tu empresa.","breadcrumb":{"@id":"https:\/\/www.cubodeideas.com\/blog\/negocios\/gestion-del-talento-en-pymes-impulsa-a-tu-equipo-al-exito\/#breadcrumb"},"inLanguage":"es","potentialAction":[{"@type":"ReadAction","target":["https:\/\/www.cubodeideas.com\/blog\/negocios\/gestion-del-talento-en-pymes-impulsa-a-tu-equipo-al-exito\/"]}]},{"@type":"ImageObject","inLanguage":"es","@id":"https:\/\/www.cubodeideas.com\/blog\/negocios\/gestion-del-talento-en-pymes-impulsa-a-tu-equipo-al-exito\/#primaryimage","url":"https:\/\/www.cubodeideas.com\/blog\/wp-content\/uploads\/2024\/02\/meeting-2284501_1280.jpg","contentUrl":"https:\/\/www.cubodeideas.com\/blog\/wp-content\/uploads\/2024\/02\/meeting-2284501_1280.jpg","width":1280,"height":800,"caption":"gesti\u00f3n del talento"},{"@type":"BreadcrumbList","@id":"https:\/\/www.cubodeideas.com\/blog\/negocios\/gestion-del-talento-en-pymes-impulsa-a-tu-equipo-al-exito\/#breadcrumb","itemListElement":[{"@type":"ListItem","position":1,"name":"Portada","item":"https:\/\/www.cubodeideas.com\/blog\/"},{"@type":"ListItem","position":2,"name":"Gesti\u00f3n del talento en PYMEs: impulsa a tu equipo al \u00e9xito"}]},{"@type":"WebSite","@id":"https:\/\/www.cubodeideas.com\/blog\/#website","url":"https:\/\/www.cubodeideas.com\/blog\/","name":"Cubo de Ideas","description":"Cubo de Ideas, El Blog","publisher":{"@id":"https:\/\/www.cubodeideas.com\/blog\/#organization"},"potentialAction":[{"@type":"SearchAction","target":{"@type":"EntryPoint","urlTemplate":"https:\/\/www.cubodeideas.com\/blog\/?s={search_term_string}"},"query-input":{"@type":"PropertyValueSpecification","valueRequired":true,"valueName":"search_term_string"}}],"inLanguage":"es"},{"@type":"Organization","@id":"https:\/\/www.cubodeideas.com\/blog\/#organization","name":"Cubo de Ideas","url":"https:\/\/www.cubodeideas.com\/blog\/","logo":{"@type":"ImageObject","inLanguage":"es","@id":"https:\/\/www.cubodeideas.com\/blog\/#\/schema\/logo\/image\/","url":"https:\/\/www.cubodeideas.com\/blog\/wp-content\/uploads\/2021\/10\/android-icon-72x72-1.png","contentUrl":"https:\/\/www.cubodeideas.com\/blog\/wp-content\/uploads\/2021\/10\/android-icon-72x72-1.png","width":72,"height":72,"caption":"Cubo de Ideas"},"image":{"@id":"https:\/\/www.cubodeideas.com\/blog\/#\/schema\/logo\/image\/"},"sameAs":["https:\/\/www.facebook.com\/somoscubodeideas","https:\/\/x.com\/cubo_ideas","https:\/\/www.instagram.com\/cubodeideas"]},{"@type":"Person","@id":"https:\/\/www.cubodeideas.com\/blog\/#\/schema\/person\/5614e43eb76109017cff51a2c7928211","name":"Noel Castro","description":"LEM Noel Castro Monta\u00f1o es CEO de Cubo de Ideas, Director de Operaciones para Citosa Textiles. Asesor de nuevos mercados y estrategias digitales para el segmento Retail. Especialista en marketing para autoservicios y puntos de venta. Especialista en sistemas de gesti\u00f3n de la calidad con enfoque a la ISO 9001:2015","sameAs":["https:\/\/www.cubodeideas.com\/blog"],"url":"https:\/\/www.cubodeideas.com\/blog\/author\/admin\/"}]}},"jetpack_publicize_connections":[],"_links":{"self":[{"href":"https:\/\/www.cubodeideas.com\/blog\/wp-json\/wp\/v2\/posts\/2931","targetHints":{"allow":["GET"]}}],"collection":[{"href":"https:\/\/www.cubodeideas.com\/blog\/wp-json\/wp\/v2\/posts"}],"about":[{"href":"https:\/\/www.cubodeideas.com\/blog\/wp-json\/wp\/v2\/types\/post"}],"author":[{"embeddable":true,"href":"https:\/\/www.cubodeideas.com\/blog\/wp-json\/wp\/v2\/users\/1"}],"replies":[{"embeddable":true,"href":"https:\/\/www.cubodeideas.com\/blog\/wp-json\/wp\/v2\/comments?post=2931"}],"version-history":[{"count":1,"href":"https:\/\/www.cubodeideas.com\/blog\/wp-json\/wp\/v2\/posts\/2931\/revisions"}],"predecessor-version":[{"id":2932,"href":"https:\/\/www.cubodeideas.com\/blog\/wp-json\/wp\/v2\/posts\/2931\/revisions\/2932"}],"wp:featuredmedia":[{"embeddable":true,"href":"https:\/\/www.cubodeideas.com\/blog\/wp-json\/wp\/v2\/media\/1406"}],"wp:attachment":[{"href":"https:\/\/www.cubodeideas.com\/blog\/wp-json\/wp\/v2\/media?parent=2931"}],"wp:term":[{"taxonomy":"category","embeddable":true,"href":"https:\/\/www.cubodeideas.com\/blog\/wp-json\/wp\/v2\/categories?post=2931"},{"taxonomy":"post_tag","embeddable":true,"href":"https:\/\/www.cubodeideas.com\/blog\/wp-json\/wp\/v2\/tags?post=2931"}],"curies":[{"name":"wp","href":"https:\/\/api.w.org\/{rel}","templated":true}]}}