{"id":2929,"date":"2025-10-05T22:35:52","date_gmt":"2025-10-05T22:35:52","guid":{"rendered":"https:\/\/www.cubodeideas.com\/blog\/?p=2929"},"modified":"2025-10-05T22:35:52","modified_gmt":"2025-10-05T22:35:52","slug":"gestion-del-conocimiento-en-pymes-asegura-el-crecimiento-sostenido","status":"publish","type":"post","link":"https:\/\/www.cubodeideas.com\/blog\/negocios\/gestion-del-conocimiento-en-pymes-asegura-el-crecimiento-sostenido\/","title":{"rendered":"Gesti\u00f3n del conocimiento en PYMEs: asegura el crecimiento sostenido"},"content":{"rendered":"<p data-start=\"947\" data-end=\"1326\">La <strong data-start=\"950\" data-end=\"987\">gesti\u00f3n del conocimiento en PYMEs<\/strong> es uno de los pilares m\u00e1s poderosos \u2014y menos aprovechados\u2014 del crecimiento empresarial.<br data-start=\"1075\" data-end=\"1078\" \/>Muchas peque\u00f1as y medianas empresas mexicanas dependen de unos pocos colaboradores que \u201csaben c\u00f3mo se hacen las cosas\u201d.<br data-start=\"1197\" data-end=\"1200\" \/>Cuando esas personas se van o se enferman, los procesos se detienen, se repiten errores y la operaci\u00f3n se vuelve vulnerable.<\/p>\n<p data-start=\"1328\" data-end=\"1588\">Gestionar el conocimiento no significa llenar carpetas o crear burocracia, sino <strong data-start=\"1408\" data-end=\"1468\">convertir la experiencia individual en capital colectivo<\/strong>.<br data-start=\"1469\" data-end=\"1472\" \/>Es la forma m\u00e1s efectiva de asegurar que tu empresa aprenda, mejore y evolucione sin importar qui\u00e9n est\u00e9 al mando.<\/p>\n<hr data-start=\"1590\" data-end=\"1593\" \/>\n<h2 data-start=\"1595\" data-end=\"1643\">\u00bfQu\u00e9 es la gesti\u00f3n del conocimiento en PYMEs?<\/h2>\n<p data-start=\"1645\" data-end=\"1833\">La <strong data-start=\"1648\" data-end=\"1685\">gesti\u00f3n del conocimiento en PYMEs<\/strong> es el conjunto de pr\u00e1cticas que permiten capturar, organizar, compartir y aplicar la informaci\u00f3n y la experiencia acumulada dentro de la empresa.<\/p>\n<p data-start=\"1835\" data-end=\"2036\">Su objetivo es simple pero crucial: <strong data-start=\"1871\" data-end=\"1900\">que el conocimiento fluya<\/strong>.<br data-start=\"1901\" data-end=\"1904\" \/>Lo que una persona aprende al resolver un problema, desarrollar un cliente o ajustar una m\u00e1quina debe estar disponible para todos.<\/p>\n<p data-start=\"2038\" data-end=\"2053\">Esto incluye:<\/p>\n<ul data-start=\"2054\" data-end=\"2254\">\n<li data-start=\"2054\" data-end=\"2084\">\n<p data-start=\"2056\" data-end=\"2084\">Procedimientos operativos.<\/p>\n<\/li>\n<li data-start=\"2085\" data-end=\"2119\">\n<p data-start=\"2087\" data-end=\"2119\">Buenas pr\u00e1cticas documentadas.<\/p>\n<\/li>\n<li data-start=\"2120\" data-end=\"2159\">\n<p data-start=\"2122\" data-end=\"2159\">Soluciones a problemas recurrentes.<\/p>\n<\/li>\n<li data-start=\"2160\" data-end=\"2204\">\n<p data-start=\"2162\" data-end=\"2204\">Contactos, proveedores o clientes clave.<\/p>\n<\/li>\n<li data-start=\"2205\" data-end=\"2254\">\n<p data-start=\"2207\" data-end=\"2254\">Lecciones aprendidas de proyectos anteriores.<\/p>\n<\/li>\n<\/ul>\n<p data-start=\"2256\" data-end=\"2360\">En pocas palabras: que la empresa <em data-start=\"2290\" data-end=\"2357\">no empiece de cero cada vez que alguien nuevo entra o algo cambia<\/em>.<\/p>\n<hr data-start=\"2362\" data-end=\"2365\" \/>\n<h2 data-start=\"2367\" data-end=\"2421\">Importancia de la gesti\u00f3n del conocimiento en PYMEs<\/h2>\n<p data-start=\"2423\" data-end=\"2630\">El conocimiento es el activo m\u00e1s valioso de cualquier organizaci\u00f3n.<br data-start=\"2490\" data-end=\"2493\" \/>En una PyME, donde los recursos suelen ser limitados, aprovecharlo correctamente puede marcar la diferencia entre avanzar o estancarse.<\/p>\n<p data-start=\"2632\" data-end=\"2685\">Una <strong data-start=\"2636\" data-end=\"2673\">gesti\u00f3n del conocimiento en PYMEs<\/strong> efectiva:<\/p>\n<ul data-start=\"2686\" data-end=\"2933\">\n<li data-start=\"2686\" data-end=\"2730\">\n<p data-start=\"2688\" data-end=\"2730\">Evita la p\u00e9rdida de informaci\u00f3n cr\u00edtica.<\/p>\n<\/li>\n<li data-start=\"2731\" data-end=\"2779\">\n<p data-start=\"2733\" data-end=\"2779\">Acelera la capacitaci\u00f3n de nuevos empleados.<\/p>\n<\/li>\n<li data-start=\"2780\" data-end=\"2836\">\n<p data-start=\"2782\" data-end=\"2836\">Mejora la calidad y la consistencia de los procesos.<\/p>\n<\/li>\n<li data-start=\"2837\" data-end=\"2881\">\n<p data-start=\"2839\" data-end=\"2881\">Reduce la dependencia de personas clave.<\/p>\n<\/li>\n<li data-start=\"2882\" data-end=\"2933\">\n<p data-start=\"2884\" data-end=\"2933\">Fomenta la innovaci\u00f3n al combinar experiencias.<\/p>\n<\/li>\n<\/ul>\n<p data-start=\"2935\" data-end=\"3112\">Seg\u00fan datos del Banco Mundial, las empresas que documentan y comparten su conocimiento reducen sus tiempos de respuesta hasta en un <strong data-start=\"3067\" data-end=\"3074\">30%<\/strong> y sus costos operativos en <strong data-start=\"3102\" data-end=\"3109\">15%<\/strong>.<\/p>\n<p data-start=\"3114\" data-end=\"3217\">\ud83d\udc49 En una PyME, el conocimiento bien gestionado se traduce directamente en eficiencia y rentabilidad.<\/p>\n<hr data-start=\"3219\" data-end=\"3222\" \/>\n<h2 data-start=\"3224\" data-end=\"3269\">Tipos de conocimiento que debe gestionarse<\/h2>\n<p data-start=\"3271\" data-end=\"3428\">Para implementar una <strong data-start=\"3292\" data-end=\"3329\">gesti\u00f3n del conocimiento en PYMEs<\/strong> efectiva, primero hay que entender qu\u00e9 tipo de conocimiento se maneja dentro de la organizaci\u00f3n:<\/p>\n<h3 data-start=\"3430\" data-end=\"3458\">1. Conocimiento t\u00e1cito<\/h3>\n<p data-start=\"3459\" data-end=\"3718\">Es el conocimiento personal, dif\u00edcil de expresar en palabras, adquirido a trav\u00e9s de la experiencia.<br data-start=\"3558\" data-end=\"3561\" \/>Ejemplo: c\u00f3mo negociar con un cliente dif\u00edcil o c\u00f3mo calibrar una m\u00e1quina de forma m\u00e1s precisa.<br data-start=\"3656\" data-end=\"3659\" \/>Capturarlo requiere observaci\u00f3n, entrevistas y mentor\u00edas.<\/p>\n<h3 data-start=\"3720\" data-end=\"3751\">2. Conocimiento expl\u00edcito<\/h3>\n<p data-start=\"3752\" data-end=\"3921\">Es el que puede documentarse f\u00e1cilmente: procedimientos, manuales, formatos, pol\u00edticas, gu\u00edas de trabajo.<br data-start=\"3857\" data-end=\"3860\" \/>Debe almacenarse en repositorios accesibles y actualizados.<\/p>\n<p data-start=\"3923\" data-end=\"4066\">Una PyME que logra transformar el conocimiento t\u00e1cito en expl\u00edcito multiplica su capacidad de aprendizaje y reduce la p\u00e9rdida de informaci\u00f3n.<\/p>\n<hr data-start=\"4068\" data-end=\"4071\" \/>\n<h2 data-start=\"4073\" data-end=\"4131\">C\u00f3mo implementar la gesti\u00f3n del conocimiento en tu PyME<\/h2>\n<p data-start=\"4133\" data-end=\"4268\">Implementar la gesti\u00f3n del conocimiento no requiere software costoso ni consultores externos; comienza con disciplina y organizaci\u00f3n.<\/p>\n<p data-start=\"4270\" data-end=\"4518\"><strong data-start=\"4270\" data-end=\"4312\">1. Identifica el conocimiento cr\u00edtico.<\/strong><br data-start=\"4312\" data-end=\"4315\" \/>\u00bfQu\u00e9 informaci\u00f3n no puede perder la empresa bajo ninguna circunstancia?<br data-start=\"4386\" data-end=\"4389\" \/>Procesos clave, clientes estrat\u00e9gicos, configuraciones de m\u00e1quinas, contactos o informaci\u00f3n t\u00e9cnica deben documentarse primero.<\/p>\n<p data-start=\"4520\" data-end=\"4729\"><strong data-start=\"4520\" data-end=\"4555\">2. Crea un repositorio central.<\/strong><br data-start=\"4555\" data-end=\"4558\" \/>Puede ser un servidor, Google Drive, Notion o incluso carpetas bien organizadas.<br data-start=\"4638\" data-end=\"4641\" \/>Lo importante es que todos sepan d\u00f3nde encontrar lo que necesitan y c\u00f3mo actualizarlo.<\/p>\n<p data-start=\"4731\" data-end=\"4960\"><strong data-start=\"4731\" data-end=\"4763\">3. Estandariza los procesos.<\/strong><br data-start=\"4763\" data-end=\"4766\" \/>Cada \u00e1rea debe tener procedimientos claros: producci\u00f3n, ventas, compras, finanzas, etc.<br data-start=\"4853\" data-end=\"4856\" \/>Esto evita la improvisaci\u00f3n y permite que cualquiera pueda continuar el trabajo de otro sin confusi\u00f3n.<\/p>\n<p data-start=\"4962\" data-end=\"5234\"><strong data-start=\"4962\" data-end=\"5001\">4. Fomenta la cultura de compartir.<\/strong><br data-start=\"5001\" data-end=\"5004\" \/>La <strong data-start=\"5007\" data-end=\"5044\">gesti\u00f3n del conocimiento en PYMEs<\/strong> no funciona si las personas no colaboran.<br data-start=\"5086\" data-end=\"5089\" \/>Hay que romper el miedo a \u201cperder valor\u201d al compartir informaci\u00f3n.<br data-start=\"5155\" data-end=\"5158\" \/>En realidad, quien comparte conocimiento, gana reconocimiento y confianza.<\/p>\n<p data-start=\"5236\" data-end=\"5430\"><strong data-start=\"5236\" data-end=\"5277\">5. Actualiza y mejora constantemente.<\/strong><br data-start=\"5277\" data-end=\"5280\" \/>Un conocimiento obsoleto puede ser m\u00e1s peligroso que la falta de informaci\u00f3n.<br data-start=\"5357\" data-end=\"5360\" \/>Revisa los documentos, corrige errores y mant\u00e9n la informaci\u00f3n viva.<\/p>\n<hr data-start=\"5432\" data-end=\"5435\" \/>\n<h2 data-start=\"5437\" data-end=\"5493\">Herramientas pr\u00e1cticas para gestionar el conocimiento<\/h2>\n<p data-start=\"5495\" data-end=\"5593\">No hace falta tener un ERP para empezar.<br data-start=\"5535\" data-end=\"5538\" \/>Existen herramientas simples, accesibles y efectivas:<\/p>\n<ul data-start=\"5595\" data-end=\"6007\">\n<li data-start=\"5595\" data-end=\"5690\">\n<p data-start=\"5597\" data-end=\"5690\"><strong data-start=\"5597\" data-end=\"5617\">Google Workspace<\/strong>: excelente para centralizar documentos y crear manuales colaborativos.<\/p>\n<\/li>\n<li data-start=\"5691\" data-end=\"5810\">\n<p data-start=\"5693\" data-end=\"5810\"><strong data-start=\"5693\" data-end=\"5713\">Notion o ClickUp<\/strong>: permiten organizar informaci\u00f3n, procedimientos y bases de conocimiento con estructura visual.<\/p>\n<\/li>\n<li data-start=\"5811\" data-end=\"5892\">\n<p data-start=\"5813\" data-end=\"5892\"><strong data-start=\"5813\" data-end=\"5831\">Trello o Asana<\/strong>: ayudan a documentar procesos en forma de tareas y flujos.<\/p>\n<\/li>\n<li data-start=\"5893\" data-end=\"6007\">\n<p data-start=\"5895\" data-end=\"6007\"><strong data-start=\"5895\" data-end=\"5912\">Videos cortos<\/strong> (Loom, Zoom, YouTube privado): \u00fatiles para registrar procesos que son dif\u00edciles de escribir.<\/p>\n<\/li>\n<\/ul>\n<p data-start=\"6009\" data-end=\"6095\">La clave no est\u00e1 en la herramienta, sino en la disciplina de mantenerla actualizada.<\/p>\n<hr data-start=\"6097\" data-end=\"6100\" \/>\n<h2 data-start=\"6102\" data-end=\"6165\">El rol del liderazgo en la gesti\u00f3n del conocimiento en PYMEs<\/h2>\n<p data-start=\"6167\" data-end=\"6327\">Sin liderazgo, cualquier sistema de gesti\u00f3n se queda en papel.<br data-start=\"6229\" data-end=\"6232\" \/>El due\u00f1o o gerente debe ser el primero en valorar el conocimiento como un activo estrat\u00e9gico.<\/p>\n<p data-start=\"6329\" data-end=\"6589\">Eso implica dar el ejemplo: documentar sus propios procesos, compartir aprendizajes y reconocer p\u00fablicamente a quienes contribuyen.<br data-start=\"6460\" data-end=\"6463\" \/>Cuando los l\u00edderes fomentan el aprendizaje continuo, el conocimiento deja de ser individual y se convierte en institucional.<\/p>\n<p data-start=\"6591\" data-end=\"6722\">Un l\u00edder que gestiona el conocimiento prepara a su empresa para <strong data-start=\"6655\" data-end=\"6719\">crecer con estabilidad y sin depender de nadie en particular<\/strong>.<\/p>\n<hr data-start=\"6724\" data-end=\"6727\" \/>\n<h2 data-start=\"6729\" data-end=\"6784\">C\u00f3mo medir el impacto de la gesti\u00f3n del conocimiento<\/h2>\n<p data-start=\"6786\" data-end=\"6906\">El conocimiento no es algo que se mida con n\u00fameros absolutos, pero s\u00ed puede evaluarse su impacto mediante indicadores:<\/p>\n<ul data-start=\"6907\" data-end=\"7167\">\n<li data-start=\"6907\" data-end=\"6959\">\n<p data-start=\"6909\" data-end=\"6959\">Tiempo que tarda un nuevo empleado en adaptarse.<\/p>\n<\/li>\n<li data-start=\"6960\" data-end=\"6998\">\n<p data-start=\"6962\" data-end=\"6998\">Reducci\u00f3n de errores o reprocesos.<\/p>\n<\/li>\n<li data-start=\"6999\" data-end=\"7060\">\n<p data-start=\"7001\" data-end=\"7060\">Disminuci\u00f3n de la dependencia hacia personas espec\u00edficas.<\/p>\n<\/li>\n<li data-start=\"7061\" data-end=\"7120\">\n<p data-start=\"7063\" data-end=\"7120\">Nivel de participaci\u00f3n en la actualizaci\u00f3n de procesos.<\/p>\n<\/li>\n<li data-start=\"7121\" data-end=\"7167\">\n<p data-start=\"7123\" data-end=\"7167\">Mejora en tiempos de respuesta al cliente.<\/p>\n<\/li>\n<\/ul>\n<p data-start=\"7169\" data-end=\"7308\">Cuando se gestionan los datos y experiencias correctamente, los resultados se reflejan en la rentabilidad y la satisfacci\u00f3n del personal.<\/p>\n<hr data-start=\"7310\" data-end=\"7313\" \/>\n<h2 data-start=\"7315\" data-end=\"7373\">Errores comunes en la gesti\u00f3n del conocimiento en PYMEs<\/h2>\n<p data-start=\"7375\" data-end=\"7462\">Muchas empresas fracasan al implementar sistemas de conocimiento por errores simples:<\/p>\n<ul data-start=\"7463\" data-end=\"7650\">\n<li data-start=\"7463\" data-end=\"7506\">\n<p data-start=\"7465\" data-end=\"7506\">Querer documentar todo al mismo tiempo.<\/p>\n<\/li>\n<li data-start=\"7507\" data-end=\"7544\">\n<p data-start=\"7509\" data-end=\"7544\">No definir responsables por \u00e1rea.<\/p>\n<\/li>\n<li data-start=\"7545\" data-end=\"7588\">\n<p data-start=\"7547\" data-end=\"7588\">No mantener la informaci\u00f3n actualizada.<\/p>\n<\/li>\n<li data-start=\"7589\" data-end=\"7650\">\n<p data-start=\"7591\" data-end=\"7650\">Guardar documentos sin estructura o control de versiones.<\/p>\n<\/li>\n<\/ul>\n<p data-start=\"7652\" data-end=\"7824\">La <strong data-start=\"7655\" data-end=\"7692\">gesti\u00f3n del conocimiento en PYMEs<\/strong> debe empezar peque\u00f1o y crecer de forma org\u00e1nica.<br data-start=\"7741\" data-end=\"7744\" \/>Es mejor tener cinco procesos actualizados que cincuenta documentos olvidados.<\/p>\n<hr data-start=\"7826\" data-end=\"7829\" \/>\n<h2 data-start=\"7831\" data-end=\"7844\">Conclusi\u00f3n<\/h2>\n<p data-start=\"7846\" data-end=\"8076\">La <strong data-start=\"7849\" data-end=\"7886\">gesti\u00f3n del conocimiento en PYMEs<\/strong> es la mejor p\u00f3liza de continuidad que una empresa puede tener.<br data-start=\"7949\" data-end=\"7952\" \/>Permite que el trabajo no dependa de personas, sino de sistemas; que la experiencia no se pierda, sino que se multiplique.<\/p>\n<p data-start=\"8078\" data-end=\"8175\">\ud83d\udc49 Cuando el conocimiento se comparte, la empresa se fortalece.<br data-start=\"8141\" data-end=\"8144\" \/>Cuando se guarda, se estanca.<\/p>\n<p data-start=\"8177\" data-end=\"8328\">El crecimiento sostenible de una PyME no depende de cu\u00e1ntas personas trabajan en ella, sino de <strong data-start=\"8272\" data-end=\"8325\">cu\u00e1nto saben y qu\u00e9 tan bien usan ese conocimiento<\/strong>.<\/p>\n<div class=\"pvc_clear\"><\/div>\n<p id=\"pvc_stats_2929\" class=\"pvc_stats all  \" data-element-id=\"2929\" style=\"\"><i class=\"pvc-stats-icon medium\" aria-hidden=\"true\"><svg aria-hidden=\"true\" focusable=\"false\" data-prefix=\"far\" data-icon=\"chart-bar\" role=\"img\" xmlns=\"http:\/\/www.w3.org\/2000\/svg\" viewBox=\"0 0 512 512\" class=\"svg-inline--fa fa-chart-bar fa-w-16 fa-2x\"><path fill=\"currentColor\" d=\"M396.8 352h22.4c6.4 0 12.8-6.4 12.8-12.8V108.8c0-6.4-6.4-12.8-12.8-12.8h-22.4c-6.4 0-12.8 6.4-12.8 12.8v230.4c0 6.4 6.4 12.8 12.8 12.8zm-192 0h22.4c6.4 0 12.8-6.4 12.8-12.8V140.8c0-6.4-6.4-12.8-12.8-12.8h-22.4c-6.4 0-12.8 6.4-12.8 12.8v198.4c0 6.4 6.4 12.8 12.8 12.8zm96 0h22.4c6.4 0 12.8-6.4 12.8-12.8V204.8c0-6.4-6.4-12.8-12.8-12.8h-22.4c-6.4 0-12.8 6.4-12.8 12.8v134.4c0 6.4 6.4 12.8 12.8 12.8zM496 400H48V80c0-8.84-7.16-16-16-16H16C7.16 64 0 71.16 0 80v336c0 17.67 14.33 32 32 32h464c8.84 0 16-7.16 16-16v-16c0-8.84-7.16-16-16-16zm-387.2-48h22.4c6.4 0 12.8-6.4 12.8-12.8v-70.4c0-6.4-6.4-12.8-12.8-12.8h-22.4c-6.4 0-12.8 6.4-12.8 12.8v70.4c0 6.4 6.4 12.8 12.8 12.8z\" class=\"\"><\/path><\/svg><\/i> <img loading=\"lazy\" decoding=\"async\" width=\"16\" height=\"16\" alt=\"Loading\" src=\"https:\/\/www.cubodeideas.com\/blog\/wp-content\/plugins\/page-views-count\/ajax-loader-2x.gif\" border=0 \/><\/p>\n<div class=\"pvc_clear\"><\/div>\n","protected":false},"excerpt":{"rendered":"<p>La gesti\u00f3n del conocimiento en PYMEs es uno de los pilares m\u00e1s poderosos \u2014y menos aprovechados\u2014 del crecimiento empresarial.Muchas peque\u00f1as y medianas empresas mexicanas dependen de unos pocos colaboradores que \u201csaben c\u00f3mo se hacen las cosas\u201d.Cuando esas personas se van o se enferman, los procesos se detienen, se repiten errores y la operaci\u00f3n se vuelve [&hellip;]<\/p>\n<div class=\"pvc_clear\"><\/div>\n<p id=\"pvc_stats_2929\" class=\"pvc_stats all  \" data-element-id=\"2929\" style=\"\"><i class=\"pvc-stats-icon medium\" aria-hidden=\"true\"><svg aria-hidden=\"true\" focusable=\"false\" data-prefix=\"far\" data-icon=\"chart-bar\" role=\"img\" xmlns=\"http:\/\/www.w3.org\/2000\/svg\" viewBox=\"0 0 512 512\" class=\"svg-inline--fa fa-chart-bar fa-w-16 fa-2x\"><path fill=\"currentColor\" d=\"M396.8 352h22.4c6.4 0 12.8-6.4 12.8-12.8V108.8c0-6.4-6.4-12.8-12.8-12.8h-22.4c-6.4 0-12.8 6.4-12.8 12.8v230.4c0 6.4 6.4 12.8 12.8 12.8zm-192 0h22.4c6.4 0 12.8-6.4 12.8-12.8V140.8c0-6.4-6.4-12.8-12.8-12.8h-22.4c-6.4 0-12.8 6.4-12.8 12.8v198.4c0 6.4 6.4 12.8 12.8 12.8zm96 0h22.4c6.4 0 12.8-6.4 12.8-12.8V204.8c0-6.4-6.4-12.8-12.8-12.8h-22.4c-6.4 0-12.8 6.4-12.8 12.8v134.4c0 6.4 6.4 12.8 12.8 12.8zM496 400H48V80c0-8.84-7.16-16-16-16H16C7.16 64 0 71.16 0 80v336c0 17.67 14.33 32 32 32h464c8.84 0 16-7.16 16-16v-16c0-8.84-7.16-16-16-16zm-387.2-48h22.4c6.4 0 12.8-6.4 12.8-12.8v-70.4c0-6.4-6.4-12.8-12.8-12.8h-22.4c-6.4 0-12.8 6.4-12.8 12.8v70.4c0 6.4 6.4 12.8 12.8 12.8z\" class=\"\"><\/path><\/svg><\/i> <img loading=\"lazy\" decoding=\"async\" width=\"16\" height=\"16\" alt=\"Loading\" src=\"https:\/\/www.cubodeideas.com\/blog\/wp-content\/plugins\/page-views-count\/ajax-loader-2x.gif\" border=0 \/><\/p>\n<div class=\"pvc_clear\"><\/div>\n","protected":false},"author":1,"featured_media":2194,"comment_status":"open","ping_status":"closed","sticky":false,"template":"","format":"standard","meta":{"footnotes":"","jetpack_publicize_message":"","jetpack_publicize_feature_enabled":true,"jetpack_social_post_already_shared":false,"jetpack_social_options":{"image_generator_settings":{"template":"highway","default_image_id":0,"font":"","enabled":false},"version":2}},"categories":[13],"tags":[496,1500,1499],"class_list":["post-2929","post","type-post","status-publish","format-standard","has-post-thumbnail","hentry","category-negocios","tag-aprendizaje-organizacional","tag-documentacion-empresaria","tag-gestion-del-conocimiento-en-pymes"],"blocksy_meta":[],"yoast_head":"<!-- This site is optimized with the Yoast SEO plugin v27.0 - https:\/\/yoast.com\/product\/yoast-seo-wordpress\/ -->\n<title>Gesti\u00f3n del conocimiento en PYMEs: asegura el crecimiento sostenido -<\/title>\n<meta name=\"description\" content=\"Aprende c\u00f3mo aplicar la gesti\u00f3n del conocimiento en PYMEs para aprovechar la experiencia interna, evitar p\u00e9rdidas de informaci\u00f3n y mejorar la productividad.\" \/>\n<meta name=\"robots\" content=\"index, follow, max-snippet:-1, max-image-preview:large, max-video-preview:-1\" \/>\n<link rel=\"canonical\" href=\"https:\/\/www.cubodeideas.com\/blog\/negocios\/gestion-del-conocimiento-en-pymes-asegura-el-crecimiento-sostenido\/\" \/>\n<meta property=\"og:locale\" content=\"es_ES\" \/>\n<meta property=\"og:type\" content=\"article\" \/>\n<meta property=\"og:title\" content=\"Gesti\u00f3n del conocimiento en PYMEs: asegura el crecimiento sostenido -\" \/>\n<meta property=\"og:description\" content=\"Aprende c\u00f3mo aplicar la gesti\u00f3n del conocimiento en PYMEs para aprovechar la experiencia interna, evitar p\u00e9rdidas de informaci\u00f3n y mejorar la productividad.\" \/>\n<meta property=\"og:url\" content=\"https:\/\/www.cubodeideas.com\/blog\/negocios\/gestion-del-conocimiento-en-pymes-asegura-el-crecimiento-sostenido\/\" \/>\n<meta property=\"article:publisher\" content=\"https:\/\/www.facebook.com\/somoscubodeideas\" \/>\n<meta property=\"article:published_time\" content=\"2025-10-05T22:35:52+00:00\" \/>\n<meta property=\"og:image\" content=\"https:\/\/www.cubodeideas.com\/blog\/wp-content\/uploads\/2025\/01\/portada-malamen31.png\" \/>\n\t<meta property=\"og:image:width\" content=\"1640\" \/>\n\t<meta property=\"og:image:height\" content=\"924\" \/>\n\t<meta property=\"og:image:type\" content=\"image\/png\" \/>\n<meta name=\"author\" content=\"Noel Castro\" \/>\n<meta name=\"twitter:card\" content=\"summary_large_image\" \/>\n<meta name=\"twitter:creator\" content=\"@cubo_ideas\" \/>\n<meta name=\"twitter:site\" content=\"@cubo_ideas\" \/>\n<meta name=\"twitter:label1\" content=\"Escrito por\" \/>\n\t<meta name=\"twitter:data1\" content=\"Noel Castro\" \/>\n\t<meta name=\"twitter:label2\" content=\"Tiempo de lectura\" \/>\n\t<meta name=\"twitter:data2\" content=\"5 minutos\" \/>\n<script type=\"application\/ld+json\" class=\"yoast-schema-graph\">{\"@context\":\"https:\/\/schema.org\",\"@graph\":[{\"@type\":\"Article\",\"@id\":\"https:\/\/www.cubodeideas.com\/blog\/negocios\/gestion-del-conocimiento-en-pymes-asegura-el-crecimiento-sostenido\/#article\",\"isPartOf\":{\"@id\":\"https:\/\/www.cubodeideas.com\/blog\/negocios\/gestion-del-conocimiento-en-pymes-asegura-el-crecimiento-sostenido\/\"},\"author\":{\"name\":\"Noel Castro\",\"@id\":\"https:\/\/www.cubodeideas.com\/blog\/#\/schema\/person\/5614e43eb76109017cff51a2c7928211\"},\"headline\":\"Gesti\u00f3n del conocimiento en PYMEs: asegura el crecimiento sostenido\",\"datePublished\":\"2025-10-05T22:35:52+00:00\",\"mainEntityOfPage\":{\"@id\":\"https:\/\/www.cubodeideas.com\/blog\/negocios\/gestion-del-conocimiento-en-pymes-asegura-el-crecimiento-sostenido\/\"},\"wordCount\":1120,\"commentCount\":0,\"publisher\":{\"@id\":\"https:\/\/www.cubodeideas.com\/blog\/#organization\"},\"image\":{\"@id\":\"https:\/\/www.cubodeideas.com\/blog\/negocios\/gestion-del-conocimiento-en-pymes-asegura-el-crecimiento-sostenido\/#primaryimage\"},\"thumbnailUrl\":\"https:\/\/www.cubodeideas.com\/blog\/wp-content\/uploads\/2025\/01\/portada-malamen31.png\",\"keywords\":[\"Aprendizaje Organizacional\",\"documentaci\u00f3n empresaria\",\"gesti\u00f3n del conocimiento en PYMEs\"],\"articleSection\":[\"Negocios\"],\"inLanguage\":\"es\",\"potentialAction\":[{\"@type\":\"CommentAction\",\"name\":\"Comment\",\"target\":[\"https:\/\/www.cubodeideas.com\/blog\/negocios\/gestion-del-conocimiento-en-pymes-asegura-el-crecimiento-sostenido\/#respond\"]}]},{\"@type\":\"WebPage\",\"@id\":\"https:\/\/www.cubodeideas.com\/blog\/negocios\/gestion-del-conocimiento-en-pymes-asegura-el-crecimiento-sostenido\/\",\"url\":\"https:\/\/www.cubodeideas.com\/blog\/negocios\/gestion-del-conocimiento-en-pymes-asegura-el-crecimiento-sostenido\/\",\"name\":\"Gesti\u00f3n del conocimiento en PYMEs: asegura el crecimiento sostenido -\",\"isPartOf\":{\"@id\":\"https:\/\/www.cubodeideas.com\/blog\/#website\"},\"primaryImageOfPage\":{\"@id\":\"https:\/\/www.cubodeideas.com\/blog\/negocios\/gestion-del-conocimiento-en-pymes-asegura-el-crecimiento-sostenido\/#primaryimage\"},\"image\":{\"@id\":\"https:\/\/www.cubodeideas.com\/blog\/negocios\/gestion-del-conocimiento-en-pymes-asegura-el-crecimiento-sostenido\/#primaryimage\"},\"thumbnailUrl\":\"https:\/\/www.cubodeideas.com\/blog\/wp-content\/uploads\/2025\/01\/portada-malamen31.png\",\"datePublished\":\"2025-10-05T22:35:52+00:00\",\"description\":\"Aprende c\u00f3mo aplicar la gesti\u00f3n del conocimiento en PYMEs para aprovechar la experiencia interna, evitar p\u00e9rdidas de informaci\u00f3n y mejorar la productividad.\",\"breadcrumb\":{\"@id\":\"https:\/\/www.cubodeideas.com\/blog\/negocios\/gestion-del-conocimiento-en-pymes-asegura-el-crecimiento-sostenido\/#breadcrumb\"},\"inLanguage\":\"es\",\"potentialAction\":[{\"@type\":\"ReadAction\",\"target\":[\"https:\/\/www.cubodeideas.com\/blog\/negocios\/gestion-del-conocimiento-en-pymes-asegura-el-crecimiento-sostenido\/\"]}]},{\"@type\":\"ImageObject\",\"inLanguage\":\"es\",\"@id\":\"https:\/\/www.cubodeideas.com\/blog\/negocios\/gestion-del-conocimiento-en-pymes-asegura-el-crecimiento-sostenido\/#primaryimage\",\"url\":\"https:\/\/www.cubodeideas.com\/blog\/wp-content\/uploads\/2025\/01\/portada-malamen31.png\",\"contentUrl\":\"https:\/\/www.cubodeideas.com\/blog\/wp-content\/uploads\/2025\/01\/portada-malamen31.png\",\"width\":1640,\"height\":924,\"caption\":\"gesti\u00f3n del conocimiento en PYMEs\"},{\"@type\":\"BreadcrumbList\",\"@id\":\"https:\/\/www.cubodeideas.com\/blog\/negocios\/gestion-del-conocimiento-en-pymes-asegura-el-crecimiento-sostenido\/#breadcrumb\",\"itemListElement\":[{\"@type\":\"ListItem\",\"position\":1,\"name\":\"Portada\",\"item\":\"https:\/\/www.cubodeideas.com\/blog\/\"},{\"@type\":\"ListItem\",\"position\":2,\"name\":\"Gesti\u00f3n del conocimiento en PYMEs: asegura el crecimiento sostenido\"}]},{\"@type\":\"WebSite\",\"@id\":\"https:\/\/www.cubodeideas.com\/blog\/#website\",\"url\":\"https:\/\/www.cubodeideas.com\/blog\/\",\"name\":\"Cubo de Ideas\",\"description\":\"Cubo de Ideas, El Blog\",\"publisher\":{\"@id\":\"https:\/\/www.cubodeideas.com\/blog\/#organization\"},\"potentialAction\":[{\"@type\":\"SearchAction\",\"target\":{\"@type\":\"EntryPoint\",\"urlTemplate\":\"https:\/\/www.cubodeideas.com\/blog\/?s={search_term_string}\"},\"query-input\":{\"@type\":\"PropertyValueSpecification\",\"valueRequired\":true,\"valueName\":\"search_term_string\"}}],\"inLanguage\":\"es\"},{\"@type\":\"Organization\",\"@id\":\"https:\/\/www.cubodeideas.com\/blog\/#organization\",\"name\":\"Cubo de Ideas\",\"url\":\"https:\/\/www.cubodeideas.com\/blog\/\",\"logo\":{\"@type\":\"ImageObject\",\"inLanguage\":\"es\",\"@id\":\"https:\/\/www.cubodeideas.com\/blog\/#\/schema\/logo\/image\/\",\"url\":\"https:\/\/www.cubodeideas.com\/blog\/wp-content\/uploads\/2021\/10\/android-icon-72x72-1.png\",\"contentUrl\":\"https:\/\/www.cubodeideas.com\/blog\/wp-content\/uploads\/2021\/10\/android-icon-72x72-1.png\",\"width\":72,\"height\":72,\"caption\":\"Cubo de Ideas\"},\"image\":{\"@id\":\"https:\/\/www.cubodeideas.com\/blog\/#\/schema\/logo\/image\/\"},\"sameAs\":[\"https:\/\/www.facebook.com\/somoscubodeideas\",\"https:\/\/x.com\/cubo_ideas\",\"https:\/\/www.instagram.com\/cubodeideas\"]},{\"@type\":\"Person\",\"@id\":\"https:\/\/www.cubodeideas.com\/blog\/#\/schema\/person\/5614e43eb76109017cff51a2c7928211\",\"name\":\"Noel Castro\",\"description\":\"LEM Noel Castro Monta\u00f1o es CEO de Cubo de Ideas, Director de Operaciones para Citosa Textiles. Asesor de nuevos mercados y estrategias digitales para el segmento Retail. Especialista en marketing para autoservicios y puntos de venta. Especialista en sistemas de gesti\u00f3n de la calidad con enfoque a la ISO 9001:2015\",\"sameAs\":[\"https:\/\/www.cubodeideas.com\/blog\"],\"url\":\"https:\/\/www.cubodeideas.com\/blog\/author\/admin\/\"}]}<\/script>\n<!-- \/ Yoast SEO plugin. -->","yoast_head_json":{"title":"Gesti\u00f3n del conocimiento en PYMEs: asegura el crecimiento sostenido -","description":"Aprende c\u00f3mo aplicar la gesti\u00f3n del conocimiento en PYMEs para aprovechar la experiencia interna, evitar p\u00e9rdidas de informaci\u00f3n y mejorar la productividad.","robots":{"index":"index","follow":"follow","max-snippet":"max-snippet:-1","max-image-preview":"max-image-preview:large","max-video-preview":"max-video-preview:-1"},"canonical":"https:\/\/www.cubodeideas.com\/blog\/negocios\/gestion-del-conocimiento-en-pymes-asegura-el-crecimiento-sostenido\/","og_locale":"es_ES","og_type":"article","og_title":"Gesti\u00f3n del conocimiento en PYMEs: asegura el crecimiento sostenido -","og_description":"Aprende c\u00f3mo aplicar la gesti\u00f3n del conocimiento en PYMEs para aprovechar la experiencia interna, evitar p\u00e9rdidas de informaci\u00f3n y mejorar la productividad.","og_url":"https:\/\/www.cubodeideas.com\/blog\/negocios\/gestion-del-conocimiento-en-pymes-asegura-el-crecimiento-sostenido\/","article_publisher":"https:\/\/www.facebook.com\/somoscubodeideas","article_published_time":"2025-10-05T22:35:52+00:00","og_image":[{"width":1640,"height":924,"url":"https:\/\/www.cubodeideas.com\/blog\/wp-content\/uploads\/2025\/01\/portada-malamen31.png","type":"image\/png"}],"author":"Noel Castro","twitter_card":"summary_large_image","twitter_creator":"@cubo_ideas","twitter_site":"@cubo_ideas","twitter_misc":{"Escrito por":"Noel Castro","Tiempo de lectura":"5 minutos"},"schema":{"@context":"https:\/\/schema.org","@graph":[{"@type":"Article","@id":"https:\/\/www.cubodeideas.com\/blog\/negocios\/gestion-del-conocimiento-en-pymes-asegura-el-crecimiento-sostenido\/#article","isPartOf":{"@id":"https:\/\/www.cubodeideas.com\/blog\/negocios\/gestion-del-conocimiento-en-pymes-asegura-el-crecimiento-sostenido\/"},"author":{"name":"Noel Castro","@id":"https:\/\/www.cubodeideas.com\/blog\/#\/schema\/person\/5614e43eb76109017cff51a2c7928211"},"headline":"Gesti\u00f3n del conocimiento en PYMEs: asegura el crecimiento sostenido","datePublished":"2025-10-05T22:35:52+00:00","mainEntityOfPage":{"@id":"https:\/\/www.cubodeideas.com\/blog\/negocios\/gestion-del-conocimiento-en-pymes-asegura-el-crecimiento-sostenido\/"},"wordCount":1120,"commentCount":0,"publisher":{"@id":"https:\/\/www.cubodeideas.com\/blog\/#organization"},"image":{"@id":"https:\/\/www.cubodeideas.com\/blog\/negocios\/gestion-del-conocimiento-en-pymes-asegura-el-crecimiento-sostenido\/#primaryimage"},"thumbnailUrl":"https:\/\/www.cubodeideas.com\/blog\/wp-content\/uploads\/2025\/01\/portada-malamen31.png","keywords":["Aprendizaje Organizacional","documentaci\u00f3n empresaria","gesti\u00f3n del conocimiento en PYMEs"],"articleSection":["Negocios"],"inLanguage":"es","potentialAction":[{"@type":"CommentAction","name":"Comment","target":["https:\/\/www.cubodeideas.com\/blog\/negocios\/gestion-del-conocimiento-en-pymes-asegura-el-crecimiento-sostenido\/#respond"]}]},{"@type":"WebPage","@id":"https:\/\/www.cubodeideas.com\/blog\/negocios\/gestion-del-conocimiento-en-pymes-asegura-el-crecimiento-sostenido\/","url":"https:\/\/www.cubodeideas.com\/blog\/negocios\/gestion-del-conocimiento-en-pymes-asegura-el-crecimiento-sostenido\/","name":"Gesti\u00f3n del conocimiento en PYMEs: asegura el crecimiento sostenido -","isPartOf":{"@id":"https:\/\/www.cubodeideas.com\/blog\/#website"},"primaryImageOfPage":{"@id":"https:\/\/www.cubodeideas.com\/blog\/negocios\/gestion-del-conocimiento-en-pymes-asegura-el-crecimiento-sostenido\/#primaryimage"},"image":{"@id":"https:\/\/www.cubodeideas.com\/blog\/negocios\/gestion-del-conocimiento-en-pymes-asegura-el-crecimiento-sostenido\/#primaryimage"},"thumbnailUrl":"https:\/\/www.cubodeideas.com\/blog\/wp-content\/uploads\/2025\/01\/portada-malamen31.png","datePublished":"2025-10-05T22:35:52+00:00","description":"Aprende c\u00f3mo aplicar la gesti\u00f3n del conocimiento en PYMEs para aprovechar la experiencia interna, evitar p\u00e9rdidas de informaci\u00f3n y mejorar la productividad.","breadcrumb":{"@id":"https:\/\/www.cubodeideas.com\/blog\/negocios\/gestion-del-conocimiento-en-pymes-asegura-el-crecimiento-sostenido\/#breadcrumb"},"inLanguage":"es","potentialAction":[{"@type":"ReadAction","target":["https:\/\/www.cubodeideas.com\/blog\/negocios\/gestion-del-conocimiento-en-pymes-asegura-el-crecimiento-sostenido\/"]}]},{"@type":"ImageObject","inLanguage":"es","@id":"https:\/\/www.cubodeideas.com\/blog\/negocios\/gestion-del-conocimiento-en-pymes-asegura-el-crecimiento-sostenido\/#primaryimage","url":"https:\/\/www.cubodeideas.com\/blog\/wp-content\/uploads\/2025\/01\/portada-malamen31.png","contentUrl":"https:\/\/www.cubodeideas.com\/blog\/wp-content\/uploads\/2025\/01\/portada-malamen31.png","width":1640,"height":924,"caption":"gesti\u00f3n del conocimiento en PYMEs"},{"@type":"BreadcrumbList","@id":"https:\/\/www.cubodeideas.com\/blog\/negocios\/gestion-del-conocimiento-en-pymes-asegura-el-crecimiento-sostenido\/#breadcrumb","itemListElement":[{"@type":"ListItem","position":1,"name":"Portada","item":"https:\/\/www.cubodeideas.com\/blog\/"},{"@type":"ListItem","position":2,"name":"Gesti\u00f3n del conocimiento en PYMEs: asegura el crecimiento sostenido"}]},{"@type":"WebSite","@id":"https:\/\/www.cubodeideas.com\/blog\/#website","url":"https:\/\/www.cubodeideas.com\/blog\/","name":"Cubo de Ideas","description":"Cubo de Ideas, El Blog","publisher":{"@id":"https:\/\/www.cubodeideas.com\/blog\/#organization"},"potentialAction":[{"@type":"SearchAction","target":{"@type":"EntryPoint","urlTemplate":"https:\/\/www.cubodeideas.com\/blog\/?s={search_term_string}"},"query-input":{"@type":"PropertyValueSpecification","valueRequired":true,"valueName":"search_term_string"}}],"inLanguage":"es"},{"@type":"Organization","@id":"https:\/\/www.cubodeideas.com\/blog\/#organization","name":"Cubo de Ideas","url":"https:\/\/www.cubodeideas.com\/blog\/","logo":{"@type":"ImageObject","inLanguage":"es","@id":"https:\/\/www.cubodeideas.com\/blog\/#\/schema\/logo\/image\/","url":"https:\/\/www.cubodeideas.com\/blog\/wp-content\/uploads\/2021\/10\/android-icon-72x72-1.png","contentUrl":"https:\/\/www.cubodeideas.com\/blog\/wp-content\/uploads\/2021\/10\/android-icon-72x72-1.png","width":72,"height":72,"caption":"Cubo de Ideas"},"image":{"@id":"https:\/\/www.cubodeideas.com\/blog\/#\/schema\/logo\/image\/"},"sameAs":["https:\/\/www.facebook.com\/somoscubodeideas","https:\/\/x.com\/cubo_ideas","https:\/\/www.instagram.com\/cubodeideas"]},{"@type":"Person","@id":"https:\/\/www.cubodeideas.com\/blog\/#\/schema\/person\/5614e43eb76109017cff51a2c7928211","name":"Noel Castro","description":"LEM Noel Castro Monta\u00f1o es CEO de Cubo de Ideas, Director de Operaciones para Citosa Textiles. Asesor de nuevos mercados y estrategias digitales para el segmento Retail. Especialista en marketing para autoservicios y puntos de venta. Especialista en sistemas de gesti\u00f3n de la calidad con enfoque a la ISO 9001:2015","sameAs":["https:\/\/www.cubodeideas.com\/blog"],"url":"https:\/\/www.cubodeideas.com\/blog\/author\/admin\/"}]}},"jetpack_publicize_connections":[],"_links":{"self":[{"href":"https:\/\/www.cubodeideas.com\/blog\/wp-json\/wp\/v2\/posts\/2929","targetHints":{"allow":["GET"]}}],"collection":[{"href":"https:\/\/www.cubodeideas.com\/blog\/wp-json\/wp\/v2\/posts"}],"about":[{"href":"https:\/\/www.cubodeideas.com\/blog\/wp-json\/wp\/v2\/types\/post"}],"author":[{"embeddable":true,"href":"https:\/\/www.cubodeideas.com\/blog\/wp-json\/wp\/v2\/users\/1"}],"replies":[{"embeddable":true,"href":"https:\/\/www.cubodeideas.com\/blog\/wp-json\/wp\/v2\/comments?post=2929"}],"version-history":[{"count":1,"href":"https:\/\/www.cubodeideas.com\/blog\/wp-json\/wp\/v2\/posts\/2929\/revisions"}],"predecessor-version":[{"id":2930,"href":"https:\/\/www.cubodeideas.com\/blog\/wp-json\/wp\/v2\/posts\/2929\/revisions\/2930"}],"wp:featuredmedia":[{"embeddable":true,"href":"https:\/\/www.cubodeideas.com\/blog\/wp-json\/wp\/v2\/media\/2194"}],"wp:attachment":[{"href":"https:\/\/www.cubodeideas.com\/blog\/wp-json\/wp\/v2\/media?parent=2929"}],"wp:term":[{"taxonomy":"category","embeddable":true,"href":"https:\/\/www.cubodeideas.com\/blog\/wp-json\/wp\/v2\/categories?post=2929"},{"taxonomy":"post_tag","embeddable":true,"href":"https:\/\/www.cubodeideas.com\/blog\/wp-json\/wp\/v2\/tags?post=2929"}],"curies":[{"name":"wp","href":"https:\/\/api.w.org\/{rel}","templated":true}]}}