{"id":2925,"date":"2025-10-05T04:21:45","date_gmt":"2025-10-05T04:21:45","guid":{"rendered":"https:\/\/www.cubodeideas.com\/blog\/?p=2925"},"modified":"2025-10-05T04:21:45","modified_gmt":"2025-10-05T04:21:45","slug":"gestion-del-bienestar-laboral-en-pymes-cuida-la-salud-del-equipo","status":"publish","type":"post","link":"https:\/\/www.cubodeideas.com\/blog\/negocios\/gestion-del-bienestar-laboral-en-pymes-cuida-la-salud-del-equipo\/","title":{"rendered":"Gesti\u00f3n del bienestar laboral en PYMEs: cuida la salud del equipo"},"content":{"rendered":"<p data-start=\"511\" data-end=\"852\">La <strong data-start=\"514\" data-end=\"556\">gesti\u00f3n del bienestar laboral en PYMEs<\/strong> es hoy uno de los pilares m\u00e1s importantes para sostener la productividad y la retenci\u00f3n de talento.<br data-start=\"656\" data-end=\"659\" \/>Ya no se trata solo de ofrecer un salario competitivo o estabilidad laboral; las empresas m\u00e1s exitosas son aquellas que se preocupan genuinamente por la salud f\u00edsica y emocional de su equipo.<\/p>\n<p data-start=\"854\" data-end=\"1100\">En el contexto mexicano, donde el estr\u00e9s, la sobrecarga de trabajo y la rotaci\u00f3n son desaf\u00edos constantes, el bienestar laboral se ha convertido en un factor estrat\u00e9gico.<br data-start=\"1023\" data-end=\"1026\" \/>No es un lujo: es una inversi\u00f3n en eficiencia, lealtad y sostenibilidad.<\/p>\n<hr data-start=\"1102\" data-end=\"1105\" \/>\n<h2 data-start=\"1107\" data-end=\"1166\">Importancia de la gesti\u00f3n del bienestar laboral en PYMEs<\/h2>\n<p data-start=\"1168\" data-end=\"1365\">El bienestar laboral va mucho m\u00e1s all\u00e1 de la motivaci\u00f3n.<br data-start=\"1224\" data-end=\"1227\" \/>Una empresa puede tener empleados entusiastas, pero si est\u00e1n agotados o enfrentan estr\u00e9s cr\u00f3nico, su desempe\u00f1o disminuir\u00e1 con el tiempo.<\/p>\n<p data-start=\"1367\" data-end=\"1472\">Implementar una <strong data-start=\"1383\" data-end=\"1425\">gesti\u00f3n del bienestar laboral en PYMEs<\/strong> permite mejorar tres aspectos fundamentales:<\/p>\n<ul data-start=\"1473\" data-end=\"1753\">\n<li data-start=\"1473\" data-end=\"1560\">\n<p data-start=\"1475\" data-end=\"1560\"><strong data-start=\"1475\" data-end=\"1494\">La salud f\u00edsica<\/strong>, mediante condiciones de trabajo seguras y horarios razonables.<\/p>\n<\/li>\n<li data-start=\"1561\" data-end=\"1648\">\n<p data-start=\"1563\" data-end=\"1648\"><strong data-start=\"1563\" data-end=\"1582\">La salud mental<\/strong>, reduciendo el estr\u00e9s, la presi\u00f3n innecesaria y los conflictos.<\/p>\n<\/li>\n<li data-start=\"1649\" data-end=\"1753\">\n<p data-start=\"1651\" data-end=\"1753\"><strong data-start=\"1651\" data-end=\"1680\">El sentido de pertenencia<\/strong>, fortaleciendo el v\u00ednculo emocional entre el colaborador y la empresa.<\/p>\n<\/li>\n<\/ul>\n<p data-start=\"1755\" data-end=\"1964\">Una PyME que cuida a su gente no solo mejora su productividad, sino tambi\u00e9n su reputaci\u00f3n.<br data-start=\"1845\" data-end=\"1848\" \/>Los colaboradores se convierten en embajadores de marca, recomendando la empresa como un buen lugar para trabajar.<\/p>\n<p data-start=\"1966\" data-end=\"2058\">\ud83d\udc49 Las personas que se sienten bien trabajan mejor, piensan mejor y permanecen m\u00e1s tiempo.<\/p>\n<hr data-start=\"2060\" data-end=\"2063\" \/>\n<h2 data-start=\"2065\" data-end=\"2128\">C\u00f3mo implementar la gesti\u00f3n del bienestar laboral en tu PyME<\/h2>\n<p data-start=\"2130\" data-end=\"2331\">El bienestar laboral no requiere grandes presupuestos, sino coherencia y constancia.<br data-start=\"2214\" data-end=\"2217\" \/>Una estrategia efectiva debe integrar pr\u00e1cticas sostenibles que beneficien tanto al negocio como a las personas.<\/p>\n<p data-start=\"2333\" data-end=\"2594\">Primero, es fundamental <strong data-start=\"2357\" data-end=\"2390\">diagnosticar el estado actual<\/strong>.<br data-start=\"2391\" data-end=\"2394\" \/>Esto se puede hacer mediante encuestas breves sobre satisfacci\u00f3n, carga de trabajo, comunicaci\u00f3n y equilibrio vida-trabajo.<br data-start=\"2517\" data-end=\"2520\" \/>Comprender c\u00f3mo se siente el equipo es el punto de partida para mejorar.<\/p>\n<p data-start=\"2596\" data-end=\"2834\">Despu\u00e9s, se deben definir <strong data-start=\"2622\" data-end=\"2657\">acciones simples pero efectivas<\/strong>.<br data-start=\"2658\" data-end=\"2661\" \/>Ajustar horarios cuando sea necesario, ofrecer pausas activas, fomentar la comunicaci\u00f3n abierta y reconocer los esfuerzos genera un cambio perceptible sin costos elevados.<\/p>\n<p data-start=\"2836\" data-end=\"3197\">Otra parte esencial de la <strong data-start=\"2862\" data-end=\"2904\">gesti\u00f3n del bienestar laboral en PYMEs<\/strong> es la formaci\u00f3n de l\u00edderes emp\u00e1ticos.<br data-start=\"2942\" data-end=\"2945\" \/>El trato directo del jefe inmediato tiene un impacto m\u00e1s fuerte en la percepci\u00f3n de bienestar que cualquier beneficio econ\u00f3mico.<br data-start=\"3073\" data-end=\"3076\" \/>Un l\u00edder que sabe escuchar, que respeta los tiempos y que apoya a su equipo contribuye a un ambiente laboral saludable.<\/p>\n<hr data-start=\"3199\" data-end=\"3202\" \/>\n<h2 data-start=\"3204\" data-end=\"3248\">Bienestar f\u00edsico en el entorno de trabajo<\/h2>\n<p data-start=\"3250\" data-end=\"3371\">El bienestar f\u00edsico no se limita a evitar accidentes; implica crear un entorno que favorezca la salud y el rendimiento.<\/p>\n<p data-start=\"3373\" data-end=\"3701\">Un espacio limpio, con buena ventilaci\u00f3n e iluminaci\u00f3n, y con herramientas adecuadas para el trabajo, influye directamente en la energ\u00eda del personal.<br data-start=\"3523\" data-end=\"3526\" \/>Tambi\u00e9n es importante promover <strong data-start=\"3557\" data-end=\"3579\">h\u00e1bitos saludables<\/strong>, como pausas para estirarse, acceso a agua potable, y en la medida de lo posible, opciones de alimentaci\u00f3n equilibrada.<\/p>\n<p data-start=\"3703\" data-end=\"3915\">En PYMEs manufactureras o con trabajo f\u00edsico, la ergonom\u00eda y la prevenci\u00f3n de lesiones son prioritarias.<br data-start=\"3807\" data-end=\"3810\" \/>En oficinas, el foco debe estar en evitar la fatiga visual, las posturas incorrectas y el sedentarismo.<\/p>\n<p data-start=\"3917\" data-end=\"4048\">Una <strong data-start=\"3921\" data-end=\"3963\">gesti\u00f3n del bienestar laboral en PYMEs<\/strong> efectiva entiende que el cuerpo es el principal recurso productivo de una empresa.<\/p>\n<hr data-start=\"4050\" data-end=\"4053\" \/>\n<h2 data-start=\"4055\" data-end=\"4117\">Bienestar emocional: el pilar invisible de la productividad<\/h2>\n<p data-start=\"4119\" data-end=\"4301\">Cuidar el bienestar emocional es quiz\u00e1 el reto m\u00e1s importante.<br data-start=\"4181\" data-end=\"4184\" \/>El estr\u00e9s, la ansiedad o la falta de comunicaci\u00f3n generan un desgaste silencioso que afecta la calidad del trabajo.<\/p>\n<p data-start=\"4303\" data-end=\"4567\">Implementar espacios de di\u00e1logo, sesiones breves de retroalimentaci\u00f3n o incluso din\u00e1micas de reconocimiento puede aliviar la presi\u00f3n acumulada.<br data-start=\"4446\" data-end=\"4449\" \/>No se trata de terapias ni discursos motivacionales, sino de <strong data-start=\"4510\" data-end=\"4564\">crear un ambiente de respeto, escucha y equilibrio<\/strong>.<\/p>\n<p data-start=\"4569\" data-end=\"4724\">Las PYMEs mexicanas que priorizan el bienestar emocional observan mejoras directas en el desempe\u00f1o: menos ausentismo, menos conflictos y m\u00e1s creatividad.<\/p>\n<p data-start=\"4726\" data-end=\"4801\">\ud83d\udc49 Un trabajador emocionalmente estable es una fuente constante de valor.<\/p>\n<hr data-start=\"4803\" data-end=\"4806\" \/>\n<h2 data-start=\"4808\" data-end=\"4854\">La relaci\u00f3n entre bienestar y productividad<\/h2>\n<p data-start=\"4856\" data-end=\"5160\">Diversos estudios de la Universidad Panamericana y la OIT han mostrado que las empresas que invierten en bienestar laboral aumentan su productividad hasta un 20 %.<br data-start=\"5019\" data-end=\"5022\" \/>La raz\u00f3n es simple: las personas que se sienten bien f\u00edsica y emocionalmente cometen menos errores, colaboran mejor y aportan m\u00e1s ideas.<\/p>\n<p data-start=\"5162\" data-end=\"5387\">La <strong data-start=\"5165\" data-end=\"5207\">gesti\u00f3n del bienestar laboral en PYMEs<\/strong> convierte la salud en una ventaja competitiva.<br data-start=\"5254\" data-end=\"5257\" \/>Al reducir el agotamiento y fortalecer el sentido de prop\u00f3sito, se mejora la retenci\u00f3n, el compromiso y la eficiencia operativa.<\/p>\n<p data-start=\"5389\" data-end=\"5519\">El bienestar, adem\u00e1s, reduce costos ocultos: menos incapacidades, menor rotaci\u00f3n y mejor reputaci\u00f3n ante clientes y proveedores.<\/p>\n<hr data-start=\"5521\" data-end=\"5524\" \/>\n<h2 data-start=\"5526\" data-end=\"5575\">Estrategias de bienestar accesibles para PYMEs<\/h2>\n<p data-start=\"5577\" data-end=\"5690\">No se necesitan gimnasios ni programas caros.<br data-start=\"5622\" data-end=\"5625\" \/>Existen estrategias sencillas que cualquier PyME puede aplicar:<\/p>\n<ul data-start=\"5692\" data-end=\"6101\">\n<li data-start=\"5692\" data-end=\"5762\">\n<p data-start=\"5694\" data-end=\"5762\">Fomentar <strong data-start=\"5703\" data-end=\"5726\">horarios razonables<\/strong> y flexibilidad en momentos clave.<\/p>\n<\/li>\n<li data-start=\"5763\" data-end=\"5840\">\n<p data-start=\"5765\" data-end=\"5840\">Organizar <strong data-start=\"5775\" data-end=\"5807\">reuniones breves y efectivas<\/strong>, evitando saturar al personal.<\/p>\n<\/li>\n<li data-start=\"5841\" data-end=\"5919\">\n<p data-start=\"5843\" data-end=\"5919\">Promover <strong data-start=\"5852\" data-end=\"5879\">espacios de convivencia<\/strong>, como desayunos o pausas compartidas.<\/p>\n<\/li>\n<li data-start=\"5920\" data-end=\"6027\">\n<p data-start=\"5922\" data-end=\"6027\">Ofrecer <strong data-start=\"5930\" data-end=\"5949\">apoyo emocional<\/strong>, incluso mediante conversaciones privadas con el l\u00edder o un asesor externo.<\/p>\n<\/li>\n<li data-start=\"6028\" data-end=\"6101\">\n<p data-start=\"6030\" data-end=\"6101\">Reconocer los logros p\u00fablicamente, no solo los resultados econ\u00f3micos.<\/p>\n<\/li>\n<\/ul>\n<p data-start=\"6103\" data-end=\"6226\">La clave es la constancia.<br data-start=\"6129\" data-end=\"6132\" \/>El bienestar no se logra con una acci\u00f3n aislada, sino con una pr\u00e1ctica continua y coherente.<\/p>\n<hr data-start=\"6228\" data-end=\"6231\" \/>\n<h2 data-start=\"6233\" data-end=\"6267\">C\u00f3mo medir el bienestar laboral<\/h2>\n<p data-start=\"6269\" data-end=\"6439\">La <strong data-start=\"6272\" data-end=\"6314\">gesti\u00f3n del bienestar laboral en PYMEs<\/strong> debe basarse en datos, no solo en percepciones.<br data-start=\"6362\" data-end=\"6365\" \/>Medir su impacto ayuda a justificar esfuerzos y mejorar las estrategias.<\/p>\n<p data-start=\"6441\" data-end=\"6475\">Los principales indicadores son:<\/p>\n<ul data-start=\"6476\" data-end=\"6712\">\n<li data-start=\"6476\" data-end=\"6511\">\n<p data-start=\"6478\" data-end=\"6511\">Nivel de ausentismo y rotaci\u00f3n.<\/p>\n<\/li>\n<li data-start=\"6512\" data-end=\"6550\">\n<p data-start=\"6514\" data-end=\"6550\">Encuestas de satisfacci\u00f3n laboral.<\/p>\n<\/li>\n<li data-start=\"6551\" data-end=\"6594\">\n<p data-start=\"6553\" data-end=\"6594\">Reportes de accidentes o incapacidades.<\/p>\n<\/li>\n<li data-start=\"6595\" data-end=\"6648\">\n<p data-start=\"6597\" data-end=\"6648\">Participaci\u00f3n voluntaria en actividades internas.<\/p>\n<\/li>\n<li data-start=\"6649\" data-end=\"6712\">\n<p data-start=\"6651\" data-end=\"6712\">Resultados de desempe\u00f1o antes y despu\u00e9s de aplicar mejoras.<\/p>\n<\/li>\n<\/ul>\n<p data-start=\"6714\" data-end=\"6810\">Analizar estos indicadores permite entender si las acciones est\u00e1n generando el efecto deseado.<\/p>\n<hr data-start=\"6812\" data-end=\"6815\" \/>\n<h2 data-start=\"6817\" data-end=\"6830\">Conclusi\u00f3n<\/h2>\n<p data-start=\"6832\" data-end=\"7066\">La <strong data-start=\"6835\" data-end=\"6877\">gesti\u00f3n del bienestar laboral en PYMEs<\/strong> no es un gasto: es una inversi\u00f3n en estabilidad, productividad y reputaci\u00f3n.<br data-start=\"6954\" data-end=\"6957\" \/>Cuidar a las personas es cuidar la operaci\u00f3n, porque ninguna empresa prospera cuando su gente est\u00e1 agotada.<\/p>\n<p data-start=\"7068\" data-end=\"7286\">\ud83d\udc49 El bienestar no se compra, se construye d\u00eda a d\u00eda con empat\u00eda, respeto y coherencia.<br data-start=\"7155\" data-end=\"7158\" \/>Una PyME que protege la salud f\u00edsica y emocional de su equipo crea las condiciones ideales para crecer con fuerza y prop\u00f3sito.<\/p>\n<div class=\"pvc_clear\"><\/div>\n<p id=\"pvc_stats_2925\" class=\"pvc_stats all  \" data-element-id=\"2925\" style=\"\"><i class=\"pvc-stats-icon medium\" aria-hidden=\"true\"><svg aria-hidden=\"true\" focusable=\"false\" data-prefix=\"far\" data-icon=\"chart-bar\" role=\"img\" xmlns=\"http:\/\/www.w3.org\/2000\/svg\" viewBox=\"0 0 512 512\" class=\"svg-inline--fa fa-chart-bar fa-w-16 fa-2x\"><path fill=\"currentColor\" d=\"M396.8 352h22.4c6.4 0 12.8-6.4 12.8-12.8V108.8c0-6.4-6.4-12.8-12.8-12.8h-22.4c-6.4 0-12.8 6.4-12.8 12.8v230.4c0 6.4 6.4 12.8 12.8 12.8zm-192 0h22.4c6.4 0 12.8-6.4 12.8-12.8V140.8c0-6.4-6.4-12.8-12.8-12.8h-22.4c-6.4 0-12.8 6.4-12.8 12.8v198.4c0 6.4 6.4 12.8 12.8 12.8zm96 0h22.4c6.4 0 12.8-6.4 12.8-12.8V204.8c0-6.4-6.4-12.8-12.8-12.8h-22.4c-6.4 0-12.8 6.4-12.8 12.8v134.4c0 6.4 6.4 12.8 12.8 12.8zM496 400H48V80c0-8.84-7.16-16-16-16H16C7.16 64 0 71.16 0 80v336c0 17.67 14.33 32 32 32h464c8.84 0 16-7.16 16-16v-16c0-8.84-7.16-16-16-16zm-387.2-48h22.4c6.4 0 12.8-6.4 12.8-12.8v-70.4c0-6.4-6.4-12.8-12.8-12.8h-22.4c-6.4 0-12.8 6.4-12.8 12.8v70.4c0 6.4 6.4 12.8 12.8 12.8z\" class=\"\"><\/path><\/svg><\/i> <img loading=\"lazy\" decoding=\"async\" width=\"16\" height=\"16\" alt=\"Loading\" src=\"https:\/\/www.cubodeideas.com\/blog\/wp-content\/plugins\/page-views-count\/ajax-loader-2x.gif\" border=0 \/><\/p>\n<div class=\"pvc_clear\"><\/div>\n","protected":false},"excerpt":{"rendered":"<p>La gesti\u00f3n del bienestar laboral en PYMEs es hoy uno de los pilares m\u00e1s importantes para sostener la productividad y la retenci\u00f3n de talento.Ya no se trata solo de ofrecer un salario competitivo o estabilidad laboral; las empresas m\u00e1s exitosas son aquellas que se preocupan genuinamente por la salud f\u00edsica y emocional de su equipo. [&hellip;]<\/p>\n<div class=\"pvc_clear\"><\/div>\n<p id=\"pvc_stats_2925\" class=\"pvc_stats all  \" data-element-id=\"2925\" style=\"\"><i class=\"pvc-stats-icon medium\" aria-hidden=\"true\"><svg aria-hidden=\"true\" focusable=\"false\" data-prefix=\"far\" data-icon=\"chart-bar\" role=\"img\" xmlns=\"http:\/\/www.w3.org\/2000\/svg\" viewBox=\"0 0 512 512\" class=\"svg-inline--fa fa-chart-bar fa-w-16 fa-2x\"><path fill=\"currentColor\" d=\"M396.8 352h22.4c6.4 0 12.8-6.4 12.8-12.8V108.8c0-6.4-6.4-12.8-12.8-12.8h-22.4c-6.4 0-12.8 6.4-12.8 12.8v230.4c0 6.4 6.4 12.8 12.8 12.8zm-192 0h22.4c6.4 0 12.8-6.4 12.8-12.8V140.8c0-6.4-6.4-12.8-12.8-12.8h-22.4c-6.4 0-12.8 6.4-12.8 12.8v198.4c0 6.4 6.4 12.8 12.8 12.8zm96 0h22.4c6.4 0 12.8-6.4 12.8-12.8V204.8c0-6.4-6.4-12.8-12.8-12.8h-22.4c-6.4 0-12.8 6.4-12.8 12.8v134.4c0 6.4 6.4 12.8 12.8 12.8zM496 400H48V80c0-8.84-7.16-16-16-16H16C7.16 64 0 71.16 0 80v336c0 17.67 14.33 32 32 32h464c8.84 0 16-7.16 16-16v-16c0-8.84-7.16-16-16-16zm-387.2-48h22.4c6.4 0 12.8-6.4 12.8-12.8v-70.4c0-6.4-6.4-12.8-12.8-12.8h-22.4c-6.4 0-12.8 6.4-12.8 12.8v70.4c0 6.4 6.4 12.8 12.8 12.8z\" class=\"\"><\/path><\/svg><\/i> <img loading=\"lazy\" decoding=\"async\" width=\"16\" height=\"16\" alt=\"Loading\" src=\"https:\/\/www.cubodeideas.com\/blog\/wp-content\/plugins\/page-views-count\/ajax-loader-2x.gif\" border=0 \/><\/p>\n<div class=\"pvc_clear\"><\/div>\n","protected":false},"author":1,"featured_media":1150,"comment_status":"open","ping_status":"closed","sticky":false,"template":"","format":"standard","meta":{"footnotes":"","jetpack_publicize_message":"","jetpack_publicize_feature_enabled":true,"jetpack_social_post_already_shared":false,"jetpack_social_options":{"image_generator_settings":{"template":"highway","default_image_id":0,"font":"","enabled":false},"version":2}},"categories":[13],"tags":[1497,82,1495,1496],"class_list":["post-2925","post","type-post","status-publish","format-standard","has-post-thumbnail","hentry","category-negocios","tag-bienestar-emocional","tag-cultura-organizacional","tag-gestion-del-bienestar-laboral-en-pymes","tag-salud-laboral"],"blocksy_meta":[],"yoast_head":"<!-- This site is optimized with the Yoast SEO plugin v27.0 - https:\/\/yoast.com\/product\/yoast-seo-wordpress\/ -->\n<title>Gesti\u00f3n del bienestar laboral en PYMEs: cuida la salud del equipo -<\/title>\n<meta name=\"description\" content=\"Descubre c\u00f3mo aplicar una gesti\u00f3n del bienestar laboral en PYMEs efectiva. Mejora la salud f\u00edsica y emocional de tu equipo y aumenta la productividad.\" \/>\n<meta name=\"robots\" content=\"index, follow, max-snippet:-1, max-image-preview:large, max-video-preview:-1\" \/>\n<link rel=\"canonical\" href=\"https:\/\/www.cubodeideas.com\/blog\/negocios\/gestion-del-bienestar-laboral-en-pymes-cuida-la-salud-del-equipo\/\" \/>\n<meta property=\"og:locale\" content=\"es_ES\" \/>\n<meta property=\"og:type\" content=\"article\" \/>\n<meta property=\"og:title\" content=\"Gesti\u00f3n del bienestar laboral en PYMEs: cuida la salud del equipo -\" \/>\n<meta property=\"og:description\" content=\"Descubre c\u00f3mo aplicar una gesti\u00f3n del bienestar laboral en PYMEs efectiva. Mejora la salud f\u00edsica y emocional de tu equipo y aumenta la productividad.\" \/>\n<meta property=\"og:url\" content=\"https:\/\/www.cubodeideas.com\/blog\/negocios\/gestion-del-bienestar-laboral-en-pymes-cuida-la-salud-del-equipo\/\" \/>\n<meta property=\"article:publisher\" content=\"https:\/\/www.facebook.com\/somoscubodeideas\" \/>\n<meta property=\"article:published_time\" content=\"2025-10-05T04:21:45+00:00\" \/>\n<meta property=\"og:image\" content=\"https:\/\/www.cubodeideas.com\/blog\/wp-content\/uploads\/2023\/11\/vegetables-7438072_1280.jpg\" \/>\n\t<meta property=\"og:image:width\" content=\"1280\" \/>\n\t<meta property=\"og:image:height\" content=\"854\" \/>\n\t<meta property=\"og:image:type\" content=\"image\/jpeg\" \/>\n<meta name=\"author\" content=\"Noel Castro\" \/>\n<meta name=\"twitter:card\" content=\"summary_large_image\" \/>\n<meta name=\"twitter:creator\" content=\"@cubo_ideas\" \/>\n<meta name=\"twitter:site\" content=\"@cubo_ideas\" \/>\n<meta name=\"twitter:label1\" content=\"Escrito por\" \/>\n\t<meta name=\"twitter:data1\" content=\"Noel Castro\" \/>\n\t<meta name=\"twitter:label2\" content=\"Tiempo de lectura\" \/>\n\t<meta name=\"twitter:data2\" content=\"5 minutos\" \/>\n<script type=\"application\/ld+json\" class=\"yoast-schema-graph\">{\"@context\":\"https:\/\/schema.org\",\"@graph\":[{\"@type\":\"Article\",\"@id\":\"https:\/\/www.cubodeideas.com\/blog\/negocios\/gestion-del-bienestar-laboral-en-pymes-cuida-la-salud-del-equipo\/#article\",\"isPartOf\":{\"@id\":\"https:\/\/www.cubodeideas.com\/blog\/negocios\/gestion-del-bienestar-laboral-en-pymes-cuida-la-salud-del-equipo\/\"},\"author\":{\"name\":\"Noel Castro\",\"@id\":\"https:\/\/www.cubodeideas.com\/blog\/#\/schema\/person\/5614e43eb76109017cff51a2c7928211\"},\"headline\":\"Gesti\u00f3n del bienestar laboral en PYMEs: cuida la salud del equipo\",\"datePublished\":\"2025-10-05T04:21:45+00:00\",\"mainEntityOfPage\":{\"@id\":\"https:\/\/www.cubodeideas.com\/blog\/negocios\/gestion-del-bienestar-laboral-en-pymes-cuida-la-salud-del-equipo\/\"},\"wordCount\":1075,\"commentCount\":0,\"publisher\":{\"@id\":\"https:\/\/www.cubodeideas.com\/blog\/#organization\"},\"image\":{\"@id\":\"https:\/\/www.cubodeideas.com\/blog\/negocios\/gestion-del-bienestar-laboral-en-pymes-cuida-la-salud-del-equipo\/#primaryimage\"},\"thumbnailUrl\":\"https:\/\/www.cubodeideas.com\/blog\/wp-content\/uploads\/2023\/11\/vegetables-7438072_1280.jpg\",\"keywords\":[\"bienestar emocional\",\"Cultura Organizacional.\",\"gesti\u00f3n del bienestar laboral en PYMEs\",\"salud laboral\"],\"articleSection\":[\"Negocios\"],\"inLanguage\":\"es\",\"potentialAction\":[{\"@type\":\"CommentAction\",\"name\":\"Comment\",\"target\":[\"https:\/\/www.cubodeideas.com\/blog\/negocios\/gestion-del-bienestar-laboral-en-pymes-cuida-la-salud-del-equipo\/#respond\"]}]},{\"@type\":\"WebPage\",\"@id\":\"https:\/\/www.cubodeideas.com\/blog\/negocios\/gestion-del-bienestar-laboral-en-pymes-cuida-la-salud-del-equipo\/\",\"url\":\"https:\/\/www.cubodeideas.com\/blog\/negocios\/gestion-del-bienestar-laboral-en-pymes-cuida-la-salud-del-equipo\/\",\"name\":\"Gesti\u00f3n del bienestar laboral en PYMEs: cuida la salud del equipo -\",\"isPartOf\":{\"@id\":\"https:\/\/www.cubodeideas.com\/blog\/#website\"},\"primaryImageOfPage\":{\"@id\":\"https:\/\/www.cubodeideas.com\/blog\/negocios\/gestion-del-bienestar-laboral-en-pymes-cuida-la-salud-del-equipo\/#primaryimage\"},\"image\":{\"@id\":\"https:\/\/www.cubodeideas.com\/blog\/negocios\/gestion-del-bienestar-laboral-en-pymes-cuida-la-salud-del-equipo\/#primaryimage\"},\"thumbnailUrl\":\"https:\/\/www.cubodeideas.com\/blog\/wp-content\/uploads\/2023\/11\/vegetables-7438072_1280.jpg\",\"datePublished\":\"2025-10-05T04:21:45+00:00\",\"description\":\"Descubre c\u00f3mo aplicar una gesti\u00f3n del bienestar laboral en PYMEs efectiva. Mejora la salud f\u00edsica y emocional de tu equipo y aumenta la productividad.\",\"breadcrumb\":{\"@id\":\"https:\/\/www.cubodeideas.com\/blog\/negocios\/gestion-del-bienestar-laboral-en-pymes-cuida-la-salud-del-equipo\/#breadcrumb\"},\"inLanguage\":\"es\",\"potentialAction\":[{\"@type\":\"ReadAction\",\"target\":[\"https:\/\/www.cubodeideas.com\/blog\/negocios\/gestion-del-bienestar-laboral-en-pymes-cuida-la-salud-del-equipo\/\"]}]},{\"@type\":\"ImageObject\",\"inLanguage\":\"es\",\"@id\":\"https:\/\/www.cubodeideas.com\/blog\/negocios\/gestion-del-bienestar-laboral-en-pymes-cuida-la-salud-del-equipo\/#primaryimage\",\"url\":\"https:\/\/www.cubodeideas.com\/blog\/wp-content\/uploads\/2023\/11\/vegetables-7438072_1280.jpg\",\"contentUrl\":\"https:\/\/www.cubodeideas.com\/blog\/wp-content\/uploads\/2023\/11\/vegetables-7438072_1280.jpg\",\"width\":1280,\"height\":854,\"caption\":\"gesti\u00f3n del bienestar laboral en PYMEs\"},{\"@type\":\"BreadcrumbList\",\"@id\":\"https:\/\/www.cubodeideas.com\/blog\/negocios\/gestion-del-bienestar-laboral-en-pymes-cuida-la-salud-del-equipo\/#breadcrumb\",\"itemListElement\":[{\"@type\":\"ListItem\",\"position\":1,\"name\":\"Portada\",\"item\":\"https:\/\/www.cubodeideas.com\/blog\/\"},{\"@type\":\"ListItem\",\"position\":2,\"name\":\"Gesti\u00f3n del bienestar laboral en PYMEs: cuida la salud del equipo\"}]},{\"@type\":\"WebSite\",\"@id\":\"https:\/\/www.cubodeideas.com\/blog\/#website\",\"url\":\"https:\/\/www.cubodeideas.com\/blog\/\",\"name\":\"Cubo de Ideas\",\"description\":\"Cubo de Ideas, El Blog\",\"publisher\":{\"@id\":\"https:\/\/www.cubodeideas.com\/blog\/#organization\"},\"potentialAction\":[{\"@type\":\"SearchAction\",\"target\":{\"@type\":\"EntryPoint\",\"urlTemplate\":\"https:\/\/www.cubodeideas.com\/blog\/?s={search_term_string}\"},\"query-input\":{\"@type\":\"PropertyValueSpecification\",\"valueRequired\":true,\"valueName\":\"search_term_string\"}}],\"inLanguage\":\"es\"},{\"@type\":\"Organization\",\"@id\":\"https:\/\/www.cubodeideas.com\/blog\/#organization\",\"name\":\"Cubo de Ideas\",\"url\":\"https:\/\/www.cubodeideas.com\/blog\/\",\"logo\":{\"@type\":\"ImageObject\",\"inLanguage\":\"es\",\"@id\":\"https:\/\/www.cubodeideas.com\/blog\/#\/schema\/logo\/image\/\",\"url\":\"https:\/\/www.cubodeideas.com\/blog\/wp-content\/uploads\/2021\/10\/android-icon-72x72-1.png\",\"contentUrl\":\"https:\/\/www.cubodeideas.com\/blog\/wp-content\/uploads\/2021\/10\/android-icon-72x72-1.png\",\"width\":72,\"height\":72,\"caption\":\"Cubo de Ideas\"},\"image\":{\"@id\":\"https:\/\/www.cubodeideas.com\/blog\/#\/schema\/logo\/image\/\"},\"sameAs\":[\"https:\/\/www.facebook.com\/somoscubodeideas\",\"https:\/\/x.com\/cubo_ideas\",\"https:\/\/www.instagram.com\/cubodeideas\"]},{\"@type\":\"Person\",\"@id\":\"https:\/\/www.cubodeideas.com\/blog\/#\/schema\/person\/5614e43eb76109017cff51a2c7928211\",\"name\":\"Noel Castro\",\"description\":\"LEM Noel Castro Monta\u00f1o es CEO de Cubo de Ideas, Director de Operaciones para Citosa Textiles. Asesor de nuevos mercados y estrategias digitales para el segmento Retail. Especialista en marketing para autoservicios y puntos de venta. Especialista en sistemas de gesti\u00f3n de la calidad con enfoque a la ISO 9001:2015\",\"sameAs\":[\"https:\/\/www.cubodeideas.com\/blog\"],\"url\":\"https:\/\/www.cubodeideas.com\/blog\/author\/admin\/\"}]}<\/script>\n<!-- \/ Yoast SEO plugin. -->","yoast_head_json":{"title":"Gesti\u00f3n del bienestar laboral en PYMEs: cuida la salud del equipo -","description":"Descubre c\u00f3mo aplicar una gesti\u00f3n del bienestar laboral en PYMEs efectiva. Mejora la salud f\u00edsica y emocional de tu equipo y aumenta la productividad.","robots":{"index":"index","follow":"follow","max-snippet":"max-snippet:-1","max-image-preview":"max-image-preview:large","max-video-preview":"max-video-preview:-1"},"canonical":"https:\/\/www.cubodeideas.com\/blog\/negocios\/gestion-del-bienestar-laboral-en-pymes-cuida-la-salud-del-equipo\/","og_locale":"es_ES","og_type":"article","og_title":"Gesti\u00f3n del bienestar laboral en PYMEs: cuida la salud del equipo -","og_description":"Descubre c\u00f3mo aplicar una gesti\u00f3n del bienestar laboral en PYMEs efectiva. Mejora la salud f\u00edsica y emocional de tu equipo y aumenta la productividad.","og_url":"https:\/\/www.cubodeideas.com\/blog\/negocios\/gestion-del-bienestar-laboral-en-pymes-cuida-la-salud-del-equipo\/","article_publisher":"https:\/\/www.facebook.com\/somoscubodeideas","article_published_time":"2025-10-05T04:21:45+00:00","og_image":[{"width":1280,"height":854,"url":"https:\/\/www.cubodeideas.com\/blog\/wp-content\/uploads\/2023\/11\/vegetables-7438072_1280.jpg","type":"image\/jpeg"}],"author":"Noel Castro","twitter_card":"summary_large_image","twitter_creator":"@cubo_ideas","twitter_site":"@cubo_ideas","twitter_misc":{"Escrito por":"Noel Castro","Tiempo de lectura":"5 minutos"},"schema":{"@context":"https:\/\/schema.org","@graph":[{"@type":"Article","@id":"https:\/\/www.cubodeideas.com\/blog\/negocios\/gestion-del-bienestar-laboral-en-pymes-cuida-la-salud-del-equipo\/#article","isPartOf":{"@id":"https:\/\/www.cubodeideas.com\/blog\/negocios\/gestion-del-bienestar-laboral-en-pymes-cuida-la-salud-del-equipo\/"},"author":{"name":"Noel Castro","@id":"https:\/\/www.cubodeideas.com\/blog\/#\/schema\/person\/5614e43eb76109017cff51a2c7928211"},"headline":"Gesti\u00f3n del bienestar laboral en PYMEs: cuida la salud del equipo","datePublished":"2025-10-05T04:21:45+00:00","mainEntityOfPage":{"@id":"https:\/\/www.cubodeideas.com\/blog\/negocios\/gestion-del-bienestar-laboral-en-pymes-cuida-la-salud-del-equipo\/"},"wordCount":1075,"commentCount":0,"publisher":{"@id":"https:\/\/www.cubodeideas.com\/blog\/#organization"},"image":{"@id":"https:\/\/www.cubodeideas.com\/blog\/negocios\/gestion-del-bienestar-laboral-en-pymes-cuida-la-salud-del-equipo\/#primaryimage"},"thumbnailUrl":"https:\/\/www.cubodeideas.com\/blog\/wp-content\/uploads\/2023\/11\/vegetables-7438072_1280.jpg","keywords":["bienestar emocional","Cultura Organizacional.","gesti\u00f3n del bienestar laboral en PYMEs","salud laboral"],"articleSection":["Negocios"],"inLanguage":"es","potentialAction":[{"@type":"CommentAction","name":"Comment","target":["https:\/\/www.cubodeideas.com\/blog\/negocios\/gestion-del-bienestar-laboral-en-pymes-cuida-la-salud-del-equipo\/#respond"]}]},{"@type":"WebPage","@id":"https:\/\/www.cubodeideas.com\/blog\/negocios\/gestion-del-bienestar-laboral-en-pymes-cuida-la-salud-del-equipo\/","url":"https:\/\/www.cubodeideas.com\/blog\/negocios\/gestion-del-bienestar-laboral-en-pymes-cuida-la-salud-del-equipo\/","name":"Gesti\u00f3n del bienestar laboral en PYMEs: cuida la salud del equipo -","isPartOf":{"@id":"https:\/\/www.cubodeideas.com\/blog\/#website"},"primaryImageOfPage":{"@id":"https:\/\/www.cubodeideas.com\/blog\/negocios\/gestion-del-bienestar-laboral-en-pymes-cuida-la-salud-del-equipo\/#primaryimage"},"image":{"@id":"https:\/\/www.cubodeideas.com\/blog\/negocios\/gestion-del-bienestar-laboral-en-pymes-cuida-la-salud-del-equipo\/#primaryimage"},"thumbnailUrl":"https:\/\/www.cubodeideas.com\/blog\/wp-content\/uploads\/2023\/11\/vegetables-7438072_1280.jpg","datePublished":"2025-10-05T04:21:45+00:00","description":"Descubre c\u00f3mo aplicar una gesti\u00f3n del bienestar laboral en PYMEs efectiva. Mejora la salud f\u00edsica y emocional de tu equipo y aumenta la productividad.","breadcrumb":{"@id":"https:\/\/www.cubodeideas.com\/blog\/negocios\/gestion-del-bienestar-laboral-en-pymes-cuida-la-salud-del-equipo\/#breadcrumb"},"inLanguage":"es","potentialAction":[{"@type":"ReadAction","target":["https:\/\/www.cubodeideas.com\/blog\/negocios\/gestion-del-bienestar-laboral-en-pymes-cuida-la-salud-del-equipo\/"]}]},{"@type":"ImageObject","inLanguage":"es","@id":"https:\/\/www.cubodeideas.com\/blog\/negocios\/gestion-del-bienestar-laboral-en-pymes-cuida-la-salud-del-equipo\/#primaryimage","url":"https:\/\/www.cubodeideas.com\/blog\/wp-content\/uploads\/2023\/11\/vegetables-7438072_1280.jpg","contentUrl":"https:\/\/www.cubodeideas.com\/blog\/wp-content\/uploads\/2023\/11\/vegetables-7438072_1280.jpg","width":1280,"height":854,"caption":"gesti\u00f3n del bienestar laboral en PYMEs"},{"@type":"BreadcrumbList","@id":"https:\/\/www.cubodeideas.com\/blog\/negocios\/gestion-del-bienestar-laboral-en-pymes-cuida-la-salud-del-equipo\/#breadcrumb","itemListElement":[{"@type":"ListItem","position":1,"name":"Portada","item":"https:\/\/www.cubodeideas.com\/blog\/"},{"@type":"ListItem","position":2,"name":"Gesti\u00f3n del bienestar laboral en PYMEs: cuida la salud del equipo"}]},{"@type":"WebSite","@id":"https:\/\/www.cubodeideas.com\/blog\/#website","url":"https:\/\/www.cubodeideas.com\/blog\/","name":"Cubo de Ideas","description":"Cubo de Ideas, El Blog","publisher":{"@id":"https:\/\/www.cubodeideas.com\/blog\/#organization"},"potentialAction":[{"@type":"SearchAction","target":{"@type":"EntryPoint","urlTemplate":"https:\/\/www.cubodeideas.com\/blog\/?s={search_term_string}"},"query-input":{"@type":"PropertyValueSpecification","valueRequired":true,"valueName":"search_term_string"}}],"inLanguage":"es"},{"@type":"Organization","@id":"https:\/\/www.cubodeideas.com\/blog\/#organization","name":"Cubo de Ideas","url":"https:\/\/www.cubodeideas.com\/blog\/","logo":{"@type":"ImageObject","inLanguage":"es","@id":"https:\/\/www.cubodeideas.com\/blog\/#\/schema\/logo\/image\/","url":"https:\/\/www.cubodeideas.com\/blog\/wp-content\/uploads\/2021\/10\/android-icon-72x72-1.png","contentUrl":"https:\/\/www.cubodeideas.com\/blog\/wp-content\/uploads\/2021\/10\/android-icon-72x72-1.png","width":72,"height":72,"caption":"Cubo de Ideas"},"image":{"@id":"https:\/\/www.cubodeideas.com\/blog\/#\/schema\/logo\/image\/"},"sameAs":["https:\/\/www.facebook.com\/somoscubodeideas","https:\/\/x.com\/cubo_ideas","https:\/\/www.instagram.com\/cubodeideas"]},{"@type":"Person","@id":"https:\/\/www.cubodeideas.com\/blog\/#\/schema\/person\/5614e43eb76109017cff51a2c7928211","name":"Noel Castro","description":"LEM Noel Castro Monta\u00f1o es CEO de Cubo de Ideas, Director de Operaciones para Citosa Textiles. Asesor de nuevos mercados y estrategias digitales para el segmento Retail. Especialista en marketing para autoservicios y puntos de venta. Especialista en sistemas de gesti\u00f3n de la calidad con enfoque a la ISO 9001:2015","sameAs":["https:\/\/www.cubodeideas.com\/blog"],"url":"https:\/\/www.cubodeideas.com\/blog\/author\/admin\/"}]}},"jetpack_publicize_connections":[],"_links":{"self":[{"href":"https:\/\/www.cubodeideas.com\/blog\/wp-json\/wp\/v2\/posts\/2925","targetHints":{"allow":["GET"]}}],"collection":[{"href":"https:\/\/www.cubodeideas.com\/blog\/wp-json\/wp\/v2\/posts"}],"about":[{"href":"https:\/\/www.cubodeideas.com\/blog\/wp-json\/wp\/v2\/types\/post"}],"author":[{"embeddable":true,"href":"https:\/\/www.cubodeideas.com\/blog\/wp-json\/wp\/v2\/users\/1"}],"replies":[{"embeddable":true,"href":"https:\/\/www.cubodeideas.com\/blog\/wp-json\/wp\/v2\/comments?post=2925"}],"version-history":[{"count":1,"href":"https:\/\/www.cubodeideas.com\/blog\/wp-json\/wp\/v2\/posts\/2925\/revisions"}],"predecessor-version":[{"id":2926,"href":"https:\/\/www.cubodeideas.com\/blog\/wp-json\/wp\/v2\/posts\/2925\/revisions\/2926"}],"wp:featuredmedia":[{"embeddable":true,"href":"https:\/\/www.cubodeideas.com\/blog\/wp-json\/wp\/v2\/media\/1150"}],"wp:attachment":[{"href":"https:\/\/www.cubodeideas.com\/blog\/wp-json\/wp\/v2\/media?parent=2925"}],"wp:term":[{"taxonomy":"category","embeddable":true,"href":"https:\/\/www.cubodeideas.com\/blog\/wp-json\/wp\/v2\/categories?post=2925"},{"taxonomy":"post_tag","embeddable":true,"href":"https:\/\/www.cubodeideas.com\/blog\/wp-json\/wp\/v2\/tags?post=2925"}],"curies":[{"name":"wp","href":"https:\/\/api.w.org\/{rel}","templated":true}]}}