{"id":2923,"date":"2025-10-05T04:10:45","date_gmt":"2025-10-05T04:10:45","guid":{"rendered":"https:\/\/www.cubodeideas.com\/blog\/?p=2923"},"modified":"2025-10-05T04:10:45","modified_gmt":"2025-10-05T04:10:45","slug":"gestion-de-la-motivacion-en-pymes-impulsa-el-compromiso-y-la-productividad","status":"publish","type":"post","link":"https:\/\/www.cubodeideas.com\/blog\/negocios\/gestion-de-la-motivacion-en-pymes-impulsa-el-compromiso-y-la-productividad\/","title":{"rendered":"Gesti\u00f3n de la motivaci\u00f3n en PYMEs: impulsa el compromiso y la productividad"},"content":{"rendered":"<p data-start=\"582\" data-end=\"861\">En muchas peque\u00f1as y medianas empresas mexicanas, el reto m\u00e1s dif\u00edcil no es encontrar talento, sino <strong data-start=\"682\" data-end=\"705\">mantenerlo motivado<\/strong>.<br data-start=\"706\" data-end=\"709\" \/>Los equipos empiezan con energ\u00eda, pero con el tiempo la rutina, la falta de reconocimiento o la carga de trabajo pueden apagar ese entusiasmo inicial.<\/p>\n<p data-start=\"863\" data-end=\"1195\">\ud83d\udc49 La <strong data-start=\"869\" data-end=\"906\">gesti\u00f3n de la motivaci\u00f3n en PYMEs<\/strong> es el proceso de dise\u00f1ar y mantener condiciones laborales que impulsen a las personas a dar lo mejor de s\u00ed mismas.<br data-start=\"1021\" data-end=\"1024\" \/>No se trata de frases inspiradoras o incentivos ocasionales, sino de una estrategia integral que alinee los objetivos del negocio con las necesidades humanas del equipo.<\/p>\n<p data-start=\"1197\" data-end=\"1271\">Una empresa motivada produce m\u00e1s, innova m\u00e1s y retiene mejor su talento.<\/p>\n<hr data-start=\"1273\" data-end=\"1276\" \/>\n<h2 data-start=\"1278\" data-end=\"1321\">\u00bfQu\u00e9 es realmente la motivaci\u00f3n laboral?<\/h2>\n<p data-start=\"1323\" data-end=\"1533\">La motivaci\u00f3n es la fuerza interna que impulsa a las personas a actuar.<br data-start=\"1394\" data-end=\"1397\" \/>En el contexto empresarial, es lo que hace que un colaborador se esfuerce, busque soluciones y asuma responsabilidades con iniciativa.<\/p>\n<p data-start=\"1535\" data-end=\"1813\">La <strong data-start=\"1538\" data-end=\"1575\">gesti\u00f3n de la motivaci\u00f3n en PYMEs<\/strong> consiste en entender qu\u00e9 impulsa a cada persona y crear un entorno donde ese impulso se mantenga vivo.<br data-start=\"1678\" data-end=\"1681\" \/>No todos se motivan por las mismas razones: algunos buscan crecimiento profesional, otros estabilidad, reconocimiento o prop\u00f3sito.<\/p>\n<p data-start=\"1815\" data-end=\"2085\">El gran error de muchas empresas es asumir que la motivaci\u00f3n se compra.<br data-start=\"1886\" data-end=\"1889\" \/>Los bonos o premios funcionan a corto plazo, pero la motivaci\u00f3n duradera surge del sentido de pertenencia, del aprendizaje continuo y de la coherencia entre lo que la empresa dice y lo que hace.<\/p>\n<hr data-start=\"2087\" data-end=\"2090\" \/>\n<h2 data-start=\"2092\" data-end=\"2136\">Importancia de la motivaci\u00f3n en las PYMEs<\/h2>\n<p data-start=\"2138\" data-end=\"2351\">Una PyME motivada se nota.<br data-start=\"2164\" data-end=\"2167\" \/>Los colaboradores participan activamente, proponen ideas y se comprometen con los resultados.<br data-start=\"2260\" data-end=\"2263\" \/>Por el contrario, una empresa sin motivaci\u00f3n se vuelve lenta, conflictiva y estancada.<\/p>\n<p data-start=\"2353\" data-end=\"2422\">La <strong data-start=\"2356\" data-end=\"2393\">gesti\u00f3n de la motivaci\u00f3n en PYMEs<\/strong> tiene efectos directos en:<\/p>\n<ul data-start=\"2423\" data-end=\"2800\">\n<li data-start=\"2423\" data-end=\"2521\">\n<p data-start=\"2425\" data-end=\"2521\"><strong data-start=\"2425\" data-end=\"2443\">Productividad:<\/strong> un trabajador motivado puede rendir hasta un 40% m\u00e1s, seg\u00fan datos del IMCO.<\/p>\n<\/li>\n<li data-start=\"2522\" data-end=\"2605\">\n<p data-start=\"2524\" data-end=\"2605\"><strong data-start=\"2524\" data-end=\"2536\">Calidad:<\/strong> los errores disminuyen cuando la gente se preocupa por su trabajo.<\/p>\n<\/li>\n<li data-start=\"2606\" data-end=\"2697\">\n<p data-start=\"2608\" data-end=\"2697\"><strong data-start=\"2608\" data-end=\"2622\">Retenci\u00f3n:<\/strong> los empleados motivados permanecen, incluso si reciben ofertas externas.<\/p>\n<\/li>\n<li data-start=\"2698\" data-end=\"2800\">\n<p data-start=\"2700\" data-end=\"2800\"><strong data-start=\"2700\" data-end=\"2715\">Reputaci\u00f3n:<\/strong> las empresas con buen ambiente laboral atraen talento sin gastar en reclutamiento.<\/p>\n<\/li>\n<\/ul>\n<p data-start=\"2802\" data-end=\"2919\">En una PyME, donde cada persona representa un rol cr\u00edtico, mantener la motivaci\u00f3n es una cuesti\u00f3n de supervivencia.<\/p>\n<hr data-start=\"2921\" data-end=\"2924\" \/>\n<h2 data-start=\"2926\" data-end=\"2975\">Factores que influyen en la motivaci\u00f3n laboral<\/h2>\n<p data-start=\"2977\" data-end=\"3083\">Existen tres grandes dimensiones que deben atenderse dentro de la <strong data-start=\"3043\" data-end=\"3080\">gesti\u00f3n de la motivaci\u00f3n en PYMEs<\/strong>:<\/p>\n<p data-start=\"3085\" data-end=\"3338\"><strong data-start=\"3085\" data-end=\"3112\">1. Factores econ\u00f3micos.<\/strong><br data-start=\"3112\" data-end=\"3115\" \/>El salario justo y las prestaciones b\u00e1sicas son indispensables.<br data-start=\"3178\" data-end=\"3181\" \/>No motivan por s\u00ed solos, pero su ausencia genera frustraci\u00f3n.<br data-start=\"3242\" data-end=\"3245\" \/>Pagar a tiempo, ofrecer estabilidad y recompensar el buen desempe\u00f1o son se\u00f1ales de respeto.<\/p>\n<p data-start=\"3340\" data-end=\"3565\"><strong data-start=\"3340\" data-end=\"3368\">2. Factores emocionales.<\/strong><br data-start=\"3368\" data-end=\"3371\" \/>El reconocimiento, la confianza y la comunicaci\u00f3n transparente son los pilares de la motivaci\u00f3n emocional.<br data-start=\"3477\" data-end=\"3480\" \/>Un colaborador que se siente escuchado y valorado entrega m\u00e1s de lo que se le pide.<\/p>\n<p data-start=\"3567\" data-end=\"3754\"><strong data-start=\"3567\" data-end=\"3597\">3. Factores de desarrollo.<\/strong><br data-start=\"3597\" data-end=\"3600\" \/>La oportunidad de aprender, crecer o asumir nuevos retos mantiene la motivaci\u00f3n viva a largo plazo.<br data-start=\"3699\" data-end=\"3702\" \/>La monoton\u00eda es el enemigo natural del compromiso.<\/p>\n<p data-start=\"3756\" data-end=\"3858\">Las PYMEs que equilibran estas tres \u00e1reas construyen equipos s\u00f3lidos, leales y con alto rendimiento.<\/p>\n<hr data-start=\"3860\" data-end=\"3863\" \/>\n<h2 data-start=\"3865\" data-end=\"3917\">C\u00f3mo aplicar la gesti\u00f3n de la motivaci\u00f3n en PYMEs<\/h2>\n<p data-start=\"3919\" data-end=\"4106\">Motivar no es una tarea improvisada, sino un proceso sistem\u00e1tico.<br data-start=\"3984\" data-end=\"3987\" \/>La clave est\u00e1 en crear un entorno donde las personas se sientan \u00fatiles, valoradas y parte de un prop\u00f3sito compartido.<\/p>\n<p data-start=\"4108\" data-end=\"4370\">El primer paso es <strong data-start=\"4126\" data-end=\"4149\">conocer a tu equipo<\/strong>.<br data-start=\"4150\" data-end=\"4153\" \/>Cada persona tiene distintas fuentes de motivaci\u00f3n.<br data-start=\"4204\" data-end=\"4207\" \/>Algunos buscan estabilidad, otros reconocimiento, otros desaf\u00edos.<br data-start=\"4272\" data-end=\"4275\" \/>Una conversaci\u00f3n abierta y honesta puede revelar lo que realmente impulsa a cada colaborador.<\/p>\n<p data-start=\"4372\" data-end=\"4614\">Luego, es fundamental <strong data-start=\"4394\" data-end=\"4454\">alinear las metas personales con las metas empresariales<\/strong>.<br data-start=\"4455\" data-end=\"4458\" \/>Cuando los objetivos del negocio coinciden con las aspiraciones de los empleados, el esfuerzo se vuelve natural y la motivaci\u00f3n se renueva con cada logro.<\/p>\n<p data-start=\"4616\" data-end=\"4866\">La comunicaci\u00f3n es otro pilar esencial.<br data-start=\"4655\" data-end=\"4658\" \/>Un l\u00edder que comunica los avances, reconoce los esfuerzos y explica el \u201cpor qu\u00e9\u201d detr\u00e1s de las decisiones genera compromiso.<br data-start=\"4782\" data-end=\"4785\" \/>La transparencia fortalece la confianza, y la confianza alimenta la motivaci\u00f3n.<\/p>\n<p data-start=\"4868\" data-end=\"5056\">Finalmente, la <strong data-start=\"4883\" data-end=\"4914\">retroalimentaci\u00f3n constante<\/strong> mantiene el impulso.<br data-start=\"4935\" data-end=\"4938\" \/>No se trata solo de corregir errores, sino de reconocer logros, dar orientaci\u00f3n y reforzar la sensaci\u00f3n de progreso.<\/p>\n<p data-start=\"5058\" data-end=\"5148\">\ud83d\udc49 La motivaci\u00f3n se construye en los detalles cotidianos, no en los eventos espor\u00e1dicos.<\/p>\n<hr data-start=\"5150\" data-end=\"5153\" \/>\n<h2 data-start=\"5155\" data-end=\"5204\">Liderazgo y motivaci\u00f3n: un v\u00ednculo inseparable<\/h2>\n<p data-start=\"5206\" data-end=\"5458\">El nivel de motivaci\u00f3n de un equipo refleja el estilo de liderazgo que lo dirige.<br data-start=\"5287\" data-end=\"5290\" \/>Un l\u00edder autoritario puede obtener resultados r\u00e1pidos, pero agota la energ\u00eda emocional del grupo.<br data-start=\"5387\" data-end=\"5390\" \/>Un l\u00edder participativo, en cambio, inspira y multiplica esfuerzos.<\/p>\n<p data-start=\"5460\" data-end=\"5694\">La <strong data-start=\"5463\" data-end=\"5500\">gesti\u00f3n de la motivaci\u00f3n en PYMEs<\/strong> debe comenzar por los l\u00edderes.<br data-start=\"5531\" data-end=\"5534\" \/>Son ellos quienes definen el tono emocional de la organizaci\u00f3n: c\u00f3mo se comunican los objetivos, c\u00f3mo se enfrentan los errores y c\u00f3mo se reconocen los logros.<\/p>\n<p data-start=\"5696\" data-end=\"5968\">Un l\u00edder motivador no promete lo imposible ni evade los problemas.<br data-start=\"5762\" data-end=\"5765\" \/>Habla con claridad, da el ejemplo y mantiene la moral alta incluso en los momentos dif\u00edciles.<br data-start=\"5858\" data-end=\"5861\" \/>En tiempos de incertidumbre, su actitud se convierte en el principal motor de estabilidad para el equipo.<\/p>\n<p data-start=\"5970\" data-end=\"6047\">\ud83d\udc49 Las personas no renuncian a las empresas, renuncian a los malos l\u00edderes.<\/p>\n<hr data-start=\"6049\" data-end=\"6052\" \/>\n<h2 data-start=\"6054\" data-end=\"6094\">C\u00f3mo medir la motivaci\u00f3n del personal<\/h2>\n<p data-start=\"6096\" data-end=\"6183\">Aunque la motivaci\u00f3n parece intangible, puede medirse observando ciertos indicadores:<\/p>\n<ul data-start=\"6184\" data-end=\"6400\">\n<li data-start=\"6184\" data-end=\"6219\">\n<p data-start=\"6186\" data-end=\"6219\">Nivel de ausentismo o rotaci\u00f3n.<\/p>\n<\/li>\n<li data-start=\"6220\" data-end=\"6262\">\n<p data-start=\"6222\" data-end=\"6262\">Participaci\u00f3n voluntaria en proyectos.<\/p>\n<\/li>\n<li data-start=\"6263\" data-end=\"6303\">\n<p data-start=\"6265\" data-end=\"6303\">Calidad de comunicaci\u00f3n entre \u00e1reas.<\/p>\n<\/li>\n<li data-start=\"6304\" data-end=\"6354\">\n<p data-start=\"6306\" data-end=\"6354\">Cantidad de sugerencias o propuestas internas.<\/p>\n<\/li>\n<li data-start=\"6355\" data-end=\"6400\">\n<p data-start=\"6357\" data-end=\"6400\">Resultados de encuestas de clima laboral.<\/p>\n<\/li>\n<\/ul>\n<p data-start=\"6402\" data-end=\"6598\">La <strong data-start=\"6405\" data-end=\"6442\">gesti\u00f3n de la motivaci\u00f3n en PYMEs<\/strong> requiere observaci\u00f3n constante.<br data-start=\"6474\" data-end=\"6477\" \/>Los peque\u00f1os cambios en comportamiento, actitud o desempe\u00f1o pueden indicar si la motivaci\u00f3n est\u00e1 creciendo o decayendo.<\/p>\n<p data-start=\"6600\" data-end=\"6681\">Medir permite ajustar a tiempo antes de que la desmotivaci\u00f3n se vuelva cr\u00f3nica.<\/p>\n<hr data-start=\"6683\" data-end=\"6686\" \/>\n<h2 data-start=\"6688\" data-end=\"6734\">Errores comunes que destruyen la motivaci\u00f3n<\/h2>\n<p data-start=\"6736\" data-end=\"6823\">Muchas PYMEs pierden motivaci\u00f3n sin darse cuenta.<br data-start=\"6785\" data-end=\"6788\" \/>Los errores m\u00e1s comunes incluyen:<\/p>\n<ul data-start=\"6825\" data-end=\"7287\">\n<li data-start=\"6825\" data-end=\"6910\">\n<p data-start=\"6827\" data-end=\"6910\"><strong data-start=\"6827\" data-end=\"6855\">Falta de reconocimiento:<\/strong> el silencio ante un buen trabajo mata el entusiasmo.<\/p>\n<\/li>\n<li data-start=\"6911\" data-end=\"6988\">\n<p data-start=\"6913\" data-end=\"6988\"><strong data-start=\"6913\" data-end=\"6932\">Inconsistencia:<\/strong> prometer cosas que no se cumplen genera desconfianza.<\/p>\n<\/li>\n<li data-start=\"6989\" data-end=\"7085\">\n<p data-start=\"6991\" data-end=\"7085\"><strong data-start=\"6991\" data-end=\"7019\">Comunicaci\u00f3n deficiente:<\/strong> la falta de claridad en decisiones o metas produce frustraci\u00f3n.<\/p>\n<\/li>\n<li data-start=\"7086\" data-end=\"7183\">\n<p data-start=\"7088\" data-end=\"7183\"><strong data-start=\"7088\" data-end=\"7119\">Favoritismos o desigualdad:<\/strong> pocos factores desmotivan tanto como la injusticia percibida.<\/p>\n<\/li>\n<li data-start=\"7184\" data-end=\"7287\">\n<p data-start=\"7186\" data-end=\"7287\"><strong data-start=\"7186\" data-end=\"7209\">Falta de prop\u00f3sito:<\/strong> cuando las tareas se vuelven rutinarias y sin sentido, la energ\u00eda se apaga.<\/p>\n<\/li>\n<\/ul>\n<p data-start=\"7289\" data-end=\"7366\">Evitar estos errores no requiere dinero, sino compromiso con la coherencia.<\/p>\n<hr data-start=\"7368\" data-end=\"7371\" \/>\n<h2 data-start=\"7373\" data-end=\"7417\">C\u00f3mo mantener la motivaci\u00f3n a largo plazo<\/h2>\n<p data-start=\"7419\" data-end=\"7555\">La motivaci\u00f3n no se enciende una vez y dura para siempre.<br data-start=\"7476\" data-end=\"7479\" \/>Debe renovarse mediante acciones coherentes y una cultura que la sostenga.<\/p>\n<p data-start=\"7557\" data-end=\"7645\">La <strong data-start=\"7560\" data-end=\"7597\">gesti\u00f3n de la motivaci\u00f3n en PYMEs<\/strong> efectiva se basa en cinco pilares constantes:<\/p>\n<ol data-start=\"7647\" data-end=\"8087\">\n<li data-start=\"7647\" data-end=\"7724\">\n<p data-start=\"7650\" data-end=\"7724\"><strong data-start=\"7650\" data-end=\"7678\">Reconocimiento continuo.<\/strong> No esperes al cierre de mes para agradecer.<\/p>\n<\/li>\n<li data-start=\"7725\" data-end=\"7816\">\n<p data-start=\"7728\" data-end=\"7816\"><strong data-start=\"7728\" data-end=\"7746\">Transparencia.<\/strong> Compartir informaci\u00f3n sobre resultados y desaf\u00edos genera confianza.<\/p>\n<\/li>\n<li data-start=\"7817\" data-end=\"7913\">\n<p data-start=\"7820\" data-end=\"7913\"><strong data-start=\"7820\" data-end=\"7847\">Aprendizaje permanente.<\/strong> La capacitaci\u00f3n renueva el inter\u00e9s y la autoestima profesional.<\/p>\n<\/li>\n<li data-start=\"7914\" data-end=\"8010\">\n<p data-start=\"7917\" data-end=\"8010\"><strong data-start=\"7917\" data-end=\"7931\">Autonom\u00eda.<\/strong> Permitir que las personas tomen decisiones refuerza su sentido de propiedad.<\/p>\n<\/li>\n<li data-start=\"8011\" data-end=\"8087\">\n<p data-start=\"8014\" data-end=\"8087\"><strong data-start=\"8014\" data-end=\"8028\">Prop\u00f3sito.<\/strong> Recordar constantemente el \u201cpara qu\u00e9\u201d de lo que se hace.<\/p>\n<\/li>\n<\/ol>\n<p data-start=\"8089\" data-end=\"8221\">Una PyME que combina estos elementos logra algo invaluable: un equipo que trabaja con pasi\u00f3n incluso cuando el entorno es adverso.<\/p>\n<hr data-start=\"8223\" data-end=\"8226\" \/>\n<h2 data-start=\"8228\" data-end=\"8241\">Conclusi\u00f3n<\/h2>\n<p data-start=\"8243\" data-end=\"8430\">La <strong data-start=\"8246\" data-end=\"8283\">gesti\u00f3n de la motivaci\u00f3n en PYMEs<\/strong> no es una t\u00e9cnica, es una cultura.<br data-start=\"8318\" data-end=\"8321\" \/>Implica reconocer que detr\u00e1s de cada meta hay personas con emociones, aspiraciones y necesidades distintas.<\/p>\n<p data-start=\"8432\" data-end=\"8625\">\ud83d\udc49 Motivar no es dar \u00f3rdenes ni repartir premios, sino construir significado, confianza y pertenencia.<br data-start=\"8534\" data-end=\"8537\" \/>Cuando las personas sienten que lo que hacen importa, el compromiso se vuelve natural.<\/p>\n<p data-start=\"8627\" data-end=\"8734\">Una PyME motivada no solo trabaja m\u00e1s: <strong data-start=\"8666\" data-end=\"8731\">trabaja mejor, aprende m\u00e1s r\u00e1pido y crece con m\u00e1s estabilidad<\/strong>.<\/p>\n<div class=\"pvc_clear\"><\/div>\n<p id=\"pvc_stats_2923\" class=\"pvc_stats all  \" data-element-id=\"2923\" style=\"\"><i class=\"pvc-stats-icon medium\" aria-hidden=\"true\"><svg aria-hidden=\"true\" focusable=\"false\" data-prefix=\"far\" data-icon=\"chart-bar\" role=\"img\" xmlns=\"http:\/\/www.w3.org\/2000\/svg\" viewBox=\"0 0 512 512\" class=\"svg-inline--fa fa-chart-bar fa-w-16 fa-2x\"><path fill=\"currentColor\" d=\"M396.8 352h22.4c6.4 0 12.8-6.4 12.8-12.8V108.8c0-6.4-6.4-12.8-12.8-12.8h-22.4c-6.4 0-12.8 6.4-12.8 12.8v230.4c0 6.4 6.4 12.8 12.8 12.8zm-192 0h22.4c6.4 0 12.8-6.4 12.8-12.8V140.8c0-6.4-6.4-12.8-12.8-12.8h-22.4c-6.4 0-12.8 6.4-12.8 12.8v198.4c0 6.4 6.4 12.8 12.8 12.8zm96 0h22.4c6.4 0 12.8-6.4 12.8-12.8V204.8c0-6.4-6.4-12.8-12.8-12.8h-22.4c-6.4 0-12.8 6.4-12.8 12.8v134.4c0 6.4 6.4 12.8 12.8 12.8zM496 400H48V80c0-8.84-7.16-16-16-16H16C7.16 64 0 71.16 0 80v336c0 17.67 14.33 32 32 32h464c8.84 0 16-7.16 16-16v-16c0-8.84-7.16-16-16-16zm-387.2-48h22.4c6.4 0 12.8-6.4 12.8-12.8v-70.4c0-6.4-6.4-12.8-12.8-12.8h-22.4c-6.4 0-12.8 6.4-12.8 12.8v70.4c0 6.4 6.4 12.8 12.8 12.8z\" class=\"\"><\/path><\/svg><\/i> <img loading=\"lazy\" decoding=\"async\" width=\"16\" height=\"16\" alt=\"Loading\" src=\"https:\/\/www.cubodeideas.com\/blog\/wp-content\/plugins\/page-views-count\/ajax-loader-2x.gif\" border=0 \/><\/p>\n<div class=\"pvc_clear\"><\/div>\n","protected":false},"excerpt":{"rendered":"<p>En muchas peque\u00f1as y medianas empresas mexicanas, el reto m\u00e1s dif\u00edcil no es encontrar talento, sino mantenerlo motivado.Los equipos empiezan con energ\u00eda, pero con el tiempo la rutina, la falta de reconocimiento o la carga de trabajo pueden apagar ese entusiasmo inicial. \ud83d\udc49 La gesti\u00f3n de la motivaci\u00f3n en PYMEs es el proceso de dise\u00f1ar [&hellip;]<\/p>\n<div class=\"pvc_clear\"><\/div>\n<p id=\"pvc_stats_2923\" class=\"pvc_stats all  \" data-element-id=\"2923\" style=\"\"><i class=\"pvc-stats-icon medium\" aria-hidden=\"true\"><svg aria-hidden=\"true\" focusable=\"false\" data-prefix=\"far\" data-icon=\"chart-bar\" role=\"img\" xmlns=\"http:\/\/www.w3.org\/2000\/svg\" viewBox=\"0 0 512 512\" class=\"svg-inline--fa fa-chart-bar fa-w-16 fa-2x\"><path fill=\"currentColor\" d=\"M396.8 352h22.4c6.4 0 12.8-6.4 12.8-12.8V108.8c0-6.4-6.4-12.8-12.8-12.8h-22.4c-6.4 0-12.8 6.4-12.8 12.8v230.4c0 6.4 6.4 12.8 12.8 12.8zm-192 0h22.4c6.4 0 12.8-6.4 12.8-12.8V140.8c0-6.4-6.4-12.8-12.8-12.8h-22.4c-6.4 0-12.8 6.4-12.8 12.8v198.4c0 6.4 6.4 12.8 12.8 12.8zm96 0h22.4c6.4 0 12.8-6.4 12.8-12.8V204.8c0-6.4-6.4-12.8-12.8-12.8h-22.4c-6.4 0-12.8 6.4-12.8 12.8v134.4c0 6.4 6.4 12.8 12.8 12.8zM496 400H48V80c0-8.84-7.16-16-16-16H16C7.16 64 0 71.16 0 80v336c0 17.67 14.33 32 32 32h464c8.84 0 16-7.16 16-16v-16c0-8.84-7.16-16-16-16zm-387.2-48h22.4c6.4 0 12.8-6.4 12.8-12.8v-70.4c0-6.4-6.4-12.8-12.8-12.8h-22.4c-6.4 0-12.8 6.4-12.8 12.8v70.4c0 6.4 6.4 12.8 12.8 12.8z\" class=\"\"><\/path><\/svg><\/i> <img loading=\"lazy\" decoding=\"async\" width=\"16\" height=\"16\" alt=\"Loading\" src=\"https:\/\/www.cubodeideas.com\/blog\/wp-content\/plugins\/page-views-count\/ajax-loader-2x.gif\" border=0 \/><\/p>\n<div class=\"pvc_clear\"><\/div>\n","protected":false},"author":1,"featured_media":2191,"comment_status":"open","ping_status":"closed","sticky":false,"template":"","format":"standard","meta":{"footnotes":"","jetpack_publicize_message":"","jetpack_publicize_feature_enabled":true,"jetpack_social_post_already_shared":false,"jetpack_social_options":{"image_generator_settings":{"template":"highway","default_image_id":0,"font":"","enabled":false},"version":2}},"categories":[13],"tags":[1494,82,1492,1493,533],"class_list":["post-2923","post","type-post","status-publish","format-standard","has-post-thumbnail","hentry","category-negocios","tag-clima-laboral","tag-cultura-organizacional","tag-gestion-de-la-motivacion-en-pymes","tag-liderazgo-motivacional","tag-productividad"],"blocksy_meta":[],"yoast_head":"<!-- This site is optimized with the Yoast SEO plugin v27.0 - https:\/\/yoast.com\/product\/yoast-seo-wordpress\/ -->\n<title>Gesti\u00f3n de la motivaci\u00f3n en PYMEs: impulsa el compromiso y la productividad -<\/title>\n<meta name=\"description\" content=\"Aprende c\u00f3mo aplicar una gesti\u00f3n de la motivaci\u00f3n en PYMEs efectiva. Descubre c\u00f3mo mantener a tu equipo enfocado, comprometido y productivo con liderazgo positivo.\" \/>\n<meta name=\"robots\" content=\"index, follow, max-snippet:-1, max-image-preview:large, max-video-preview:-1\" \/>\n<link rel=\"canonical\" href=\"https:\/\/www.cubodeideas.com\/blog\/negocios\/gestion-de-la-motivacion-en-pymes-impulsa-el-compromiso-y-la-productividad\/\" \/>\n<meta property=\"og:locale\" content=\"es_ES\" \/>\n<meta property=\"og:type\" content=\"article\" \/>\n<meta property=\"og:title\" content=\"Gesti\u00f3n de la motivaci\u00f3n en PYMEs: impulsa el compromiso y la productividad -\" \/>\n<meta property=\"og:description\" content=\"Aprende c\u00f3mo aplicar una gesti\u00f3n de la motivaci\u00f3n en PYMEs efectiva. Descubre c\u00f3mo mantener a tu equipo enfocado, comprometido y productivo con liderazgo positivo.\" \/>\n<meta property=\"og:url\" content=\"https:\/\/www.cubodeideas.com\/blog\/negocios\/gestion-de-la-motivacion-en-pymes-impulsa-el-compromiso-y-la-productividad\/\" \/>\n<meta property=\"article:publisher\" content=\"https:\/\/www.facebook.com\/somoscubodeideas\" \/>\n<meta property=\"article:published_time\" content=\"2025-10-05T04:10:45+00:00\" \/>\n<meta property=\"og:image\" content=\"https:\/\/www.cubodeideas.com\/blog\/wp-content\/uploads\/2025\/01\/portada-malamen30.png\" \/>\n\t<meta property=\"og:image:width\" content=\"1640\" \/>\n\t<meta property=\"og:image:height\" content=\"924\" \/>\n\t<meta property=\"og:image:type\" content=\"image\/png\" \/>\n<meta name=\"author\" content=\"Noel Castro\" \/>\n<meta name=\"twitter:card\" content=\"summary_large_image\" \/>\n<meta name=\"twitter:creator\" content=\"@cubo_ideas\" \/>\n<meta name=\"twitter:site\" content=\"@cubo_ideas\" \/>\n<meta name=\"twitter:label1\" content=\"Escrito por\" \/>\n\t<meta name=\"twitter:data1\" content=\"Noel Castro\" \/>\n\t<meta name=\"twitter:label2\" content=\"Tiempo de lectura\" \/>\n\t<meta name=\"twitter:data2\" content=\"6 minutos\" \/>\n<script type=\"application\/ld+json\" class=\"yoast-schema-graph\">{\"@context\":\"https:\/\/schema.org\",\"@graph\":[{\"@type\":\"Article\",\"@id\":\"https:\/\/www.cubodeideas.com\/blog\/negocios\/gestion-de-la-motivacion-en-pymes-impulsa-el-compromiso-y-la-productividad\/#article\",\"isPartOf\":{\"@id\":\"https:\/\/www.cubodeideas.com\/blog\/negocios\/gestion-de-la-motivacion-en-pymes-impulsa-el-compromiso-y-la-productividad\/\"},\"author\":{\"name\":\"Noel Castro\",\"@id\":\"https:\/\/www.cubodeideas.com\/blog\/#\/schema\/person\/5614e43eb76109017cff51a2c7928211\"},\"headline\":\"Gesti\u00f3n de la motivaci\u00f3n en PYMEs: impulsa el compromiso y la productividad\",\"datePublished\":\"2025-10-05T04:10:45+00:00\",\"mainEntityOfPage\":{\"@id\":\"https:\/\/www.cubodeideas.com\/blog\/negocios\/gestion-de-la-motivacion-en-pymes-impulsa-el-compromiso-y-la-productividad\/\"},\"wordCount\":1304,\"commentCount\":0,\"publisher\":{\"@id\":\"https:\/\/www.cubodeideas.com\/blog\/#organization\"},\"image\":{\"@id\":\"https:\/\/www.cubodeideas.com\/blog\/negocios\/gestion-de-la-motivacion-en-pymes-impulsa-el-compromiso-y-la-productividad\/#primaryimage\"},\"thumbnailUrl\":\"https:\/\/www.cubodeideas.com\/blog\/wp-content\/uploads\/2025\/01\/portada-malamen30.png\",\"keywords\":[\"clima laboral\",\"Cultura Organizacional.\",\"gesti\u00f3n de la motivaci\u00f3n en PYMEs\",\"liderazgo motivacional\",\"productividad\"],\"articleSection\":[\"Negocios\"],\"inLanguage\":\"es\",\"potentialAction\":[{\"@type\":\"CommentAction\",\"name\":\"Comment\",\"target\":[\"https:\/\/www.cubodeideas.com\/blog\/negocios\/gestion-de-la-motivacion-en-pymes-impulsa-el-compromiso-y-la-productividad\/#respond\"]}]},{\"@type\":\"WebPage\",\"@id\":\"https:\/\/www.cubodeideas.com\/blog\/negocios\/gestion-de-la-motivacion-en-pymes-impulsa-el-compromiso-y-la-productividad\/\",\"url\":\"https:\/\/www.cubodeideas.com\/blog\/negocios\/gestion-de-la-motivacion-en-pymes-impulsa-el-compromiso-y-la-productividad\/\",\"name\":\"Gesti\u00f3n de la motivaci\u00f3n en PYMEs: impulsa el compromiso y la productividad -\",\"isPartOf\":{\"@id\":\"https:\/\/www.cubodeideas.com\/blog\/#website\"},\"primaryImageOfPage\":{\"@id\":\"https:\/\/www.cubodeideas.com\/blog\/negocios\/gestion-de-la-motivacion-en-pymes-impulsa-el-compromiso-y-la-productividad\/#primaryimage\"},\"image\":{\"@id\":\"https:\/\/www.cubodeideas.com\/blog\/negocios\/gestion-de-la-motivacion-en-pymes-impulsa-el-compromiso-y-la-productividad\/#primaryimage\"},\"thumbnailUrl\":\"https:\/\/www.cubodeideas.com\/blog\/wp-content\/uploads\/2025\/01\/portada-malamen30.png\",\"datePublished\":\"2025-10-05T04:10:45+00:00\",\"description\":\"Aprende c\u00f3mo aplicar una gesti\u00f3n de la motivaci\u00f3n en PYMEs efectiva. Descubre c\u00f3mo mantener a tu equipo enfocado, comprometido y productivo con liderazgo positivo.\",\"breadcrumb\":{\"@id\":\"https:\/\/www.cubodeideas.com\/blog\/negocios\/gestion-de-la-motivacion-en-pymes-impulsa-el-compromiso-y-la-productividad\/#breadcrumb\"},\"inLanguage\":\"es\",\"potentialAction\":[{\"@type\":\"ReadAction\",\"target\":[\"https:\/\/www.cubodeideas.com\/blog\/negocios\/gestion-de-la-motivacion-en-pymes-impulsa-el-compromiso-y-la-productividad\/\"]}]},{\"@type\":\"ImageObject\",\"inLanguage\":\"es\",\"@id\":\"https:\/\/www.cubodeideas.com\/blog\/negocios\/gestion-de-la-motivacion-en-pymes-impulsa-el-compromiso-y-la-productividad\/#primaryimage\",\"url\":\"https:\/\/www.cubodeideas.com\/blog\/wp-content\/uploads\/2025\/01\/portada-malamen30.png\",\"contentUrl\":\"https:\/\/www.cubodeideas.com\/blog\/wp-content\/uploads\/2025\/01\/portada-malamen30.png\",\"width\":1640,\"height\":924,\"caption\":\"gobierno corporativo\"},{\"@type\":\"BreadcrumbList\",\"@id\":\"https:\/\/www.cubodeideas.com\/blog\/negocios\/gestion-de-la-motivacion-en-pymes-impulsa-el-compromiso-y-la-productividad\/#breadcrumb\",\"itemListElement\":[{\"@type\":\"ListItem\",\"position\":1,\"name\":\"Portada\",\"item\":\"https:\/\/www.cubodeideas.com\/blog\/\"},{\"@type\":\"ListItem\",\"position\":2,\"name\":\"Gesti\u00f3n de la motivaci\u00f3n en PYMEs: impulsa el compromiso y la productividad\"}]},{\"@type\":\"WebSite\",\"@id\":\"https:\/\/www.cubodeideas.com\/blog\/#website\",\"url\":\"https:\/\/www.cubodeideas.com\/blog\/\",\"name\":\"Cubo de Ideas\",\"description\":\"Cubo de Ideas, El Blog\",\"publisher\":{\"@id\":\"https:\/\/www.cubodeideas.com\/blog\/#organization\"},\"potentialAction\":[{\"@type\":\"SearchAction\",\"target\":{\"@type\":\"EntryPoint\",\"urlTemplate\":\"https:\/\/www.cubodeideas.com\/blog\/?s={search_term_string}\"},\"query-input\":{\"@type\":\"PropertyValueSpecification\",\"valueRequired\":true,\"valueName\":\"search_term_string\"}}],\"inLanguage\":\"es\"},{\"@type\":\"Organization\",\"@id\":\"https:\/\/www.cubodeideas.com\/blog\/#organization\",\"name\":\"Cubo de Ideas\",\"url\":\"https:\/\/www.cubodeideas.com\/blog\/\",\"logo\":{\"@type\":\"ImageObject\",\"inLanguage\":\"es\",\"@id\":\"https:\/\/www.cubodeideas.com\/blog\/#\/schema\/logo\/image\/\",\"url\":\"https:\/\/www.cubodeideas.com\/blog\/wp-content\/uploads\/2021\/10\/android-icon-72x72-1.png\",\"contentUrl\":\"https:\/\/www.cubodeideas.com\/blog\/wp-content\/uploads\/2021\/10\/android-icon-72x72-1.png\",\"width\":72,\"height\":72,\"caption\":\"Cubo de Ideas\"},\"image\":{\"@id\":\"https:\/\/www.cubodeideas.com\/blog\/#\/schema\/logo\/image\/\"},\"sameAs\":[\"https:\/\/www.facebook.com\/somoscubodeideas\",\"https:\/\/x.com\/cubo_ideas\",\"https:\/\/www.instagram.com\/cubodeideas\"]},{\"@type\":\"Person\",\"@id\":\"https:\/\/www.cubodeideas.com\/blog\/#\/schema\/person\/5614e43eb76109017cff51a2c7928211\",\"name\":\"Noel Castro\",\"description\":\"LEM Noel Castro Monta\u00f1o es CEO de Cubo de Ideas, Director de Operaciones para Citosa Textiles. Asesor de nuevos mercados y estrategias digitales para el segmento Retail. Especialista en marketing para autoservicios y puntos de venta. Especialista en sistemas de gesti\u00f3n de la calidad con enfoque a la ISO 9001:2015\",\"sameAs\":[\"https:\/\/www.cubodeideas.com\/blog\"],\"url\":\"https:\/\/www.cubodeideas.com\/blog\/author\/admin\/\"}]}<\/script>\n<!-- \/ Yoast SEO plugin. -->","yoast_head_json":{"title":"Gesti\u00f3n de la motivaci\u00f3n en PYMEs: impulsa el compromiso y la productividad -","description":"Aprende c\u00f3mo aplicar una gesti\u00f3n de la motivaci\u00f3n en PYMEs efectiva. Descubre c\u00f3mo mantener a tu equipo enfocado, comprometido y productivo con liderazgo positivo.","robots":{"index":"index","follow":"follow","max-snippet":"max-snippet:-1","max-image-preview":"max-image-preview:large","max-video-preview":"max-video-preview:-1"},"canonical":"https:\/\/www.cubodeideas.com\/blog\/negocios\/gestion-de-la-motivacion-en-pymes-impulsa-el-compromiso-y-la-productividad\/","og_locale":"es_ES","og_type":"article","og_title":"Gesti\u00f3n de la motivaci\u00f3n en PYMEs: impulsa el compromiso y la productividad -","og_description":"Aprende c\u00f3mo aplicar una gesti\u00f3n de la motivaci\u00f3n en PYMEs efectiva. Descubre c\u00f3mo mantener a tu equipo enfocado, comprometido y productivo con liderazgo positivo.","og_url":"https:\/\/www.cubodeideas.com\/blog\/negocios\/gestion-de-la-motivacion-en-pymes-impulsa-el-compromiso-y-la-productividad\/","article_publisher":"https:\/\/www.facebook.com\/somoscubodeideas","article_published_time":"2025-10-05T04:10:45+00:00","og_image":[{"width":1640,"height":924,"url":"https:\/\/www.cubodeideas.com\/blog\/wp-content\/uploads\/2025\/01\/portada-malamen30.png","type":"image\/png"}],"author":"Noel Castro","twitter_card":"summary_large_image","twitter_creator":"@cubo_ideas","twitter_site":"@cubo_ideas","twitter_misc":{"Escrito por":"Noel Castro","Tiempo de lectura":"6 minutos"},"schema":{"@context":"https:\/\/schema.org","@graph":[{"@type":"Article","@id":"https:\/\/www.cubodeideas.com\/blog\/negocios\/gestion-de-la-motivacion-en-pymes-impulsa-el-compromiso-y-la-productividad\/#article","isPartOf":{"@id":"https:\/\/www.cubodeideas.com\/blog\/negocios\/gestion-de-la-motivacion-en-pymes-impulsa-el-compromiso-y-la-productividad\/"},"author":{"name":"Noel Castro","@id":"https:\/\/www.cubodeideas.com\/blog\/#\/schema\/person\/5614e43eb76109017cff51a2c7928211"},"headline":"Gesti\u00f3n de la motivaci\u00f3n en PYMEs: impulsa el compromiso y la productividad","datePublished":"2025-10-05T04:10:45+00:00","mainEntityOfPage":{"@id":"https:\/\/www.cubodeideas.com\/blog\/negocios\/gestion-de-la-motivacion-en-pymes-impulsa-el-compromiso-y-la-productividad\/"},"wordCount":1304,"commentCount":0,"publisher":{"@id":"https:\/\/www.cubodeideas.com\/blog\/#organization"},"image":{"@id":"https:\/\/www.cubodeideas.com\/blog\/negocios\/gestion-de-la-motivacion-en-pymes-impulsa-el-compromiso-y-la-productividad\/#primaryimage"},"thumbnailUrl":"https:\/\/www.cubodeideas.com\/blog\/wp-content\/uploads\/2025\/01\/portada-malamen30.png","keywords":["clima laboral","Cultura Organizacional.","gesti\u00f3n de la motivaci\u00f3n en PYMEs","liderazgo motivacional","productividad"],"articleSection":["Negocios"],"inLanguage":"es","potentialAction":[{"@type":"CommentAction","name":"Comment","target":["https:\/\/www.cubodeideas.com\/blog\/negocios\/gestion-de-la-motivacion-en-pymes-impulsa-el-compromiso-y-la-productividad\/#respond"]}]},{"@type":"WebPage","@id":"https:\/\/www.cubodeideas.com\/blog\/negocios\/gestion-de-la-motivacion-en-pymes-impulsa-el-compromiso-y-la-productividad\/","url":"https:\/\/www.cubodeideas.com\/blog\/negocios\/gestion-de-la-motivacion-en-pymes-impulsa-el-compromiso-y-la-productividad\/","name":"Gesti\u00f3n de la motivaci\u00f3n en PYMEs: impulsa el compromiso y la productividad -","isPartOf":{"@id":"https:\/\/www.cubodeideas.com\/blog\/#website"},"primaryImageOfPage":{"@id":"https:\/\/www.cubodeideas.com\/blog\/negocios\/gestion-de-la-motivacion-en-pymes-impulsa-el-compromiso-y-la-productividad\/#primaryimage"},"image":{"@id":"https:\/\/www.cubodeideas.com\/blog\/negocios\/gestion-de-la-motivacion-en-pymes-impulsa-el-compromiso-y-la-productividad\/#primaryimage"},"thumbnailUrl":"https:\/\/www.cubodeideas.com\/blog\/wp-content\/uploads\/2025\/01\/portada-malamen30.png","datePublished":"2025-10-05T04:10:45+00:00","description":"Aprende c\u00f3mo aplicar una gesti\u00f3n de la motivaci\u00f3n en PYMEs efectiva. Descubre c\u00f3mo mantener a tu equipo enfocado, comprometido y productivo con liderazgo positivo.","breadcrumb":{"@id":"https:\/\/www.cubodeideas.com\/blog\/negocios\/gestion-de-la-motivacion-en-pymes-impulsa-el-compromiso-y-la-productividad\/#breadcrumb"},"inLanguage":"es","potentialAction":[{"@type":"ReadAction","target":["https:\/\/www.cubodeideas.com\/blog\/negocios\/gestion-de-la-motivacion-en-pymes-impulsa-el-compromiso-y-la-productividad\/"]}]},{"@type":"ImageObject","inLanguage":"es","@id":"https:\/\/www.cubodeideas.com\/blog\/negocios\/gestion-de-la-motivacion-en-pymes-impulsa-el-compromiso-y-la-productividad\/#primaryimage","url":"https:\/\/www.cubodeideas.com\/blog\/wp-content\/uploads\/2025\/01\/portada-malamen30.png","contentUrl":"https:\/\/www.cubodeideas.com\/blog\/wp-content\/uploads\/2025\/01\/portada-malamen30.png","width":1640,"height":924,"caption":"gobierno corporativo"},{"@type":"BreadcrumbList","@id":"https:\/\/www.cubodeideas.com\/blog\/negocios\/gestion-de-la-motivacion-en-pymes-impulsa-el-compromiso-y-la-productividad\/#breadcrumb","itemListElement":[{"@type":"ListItem","position":1,"name":"Portada","item":"https:\/\/www.cubodeideas.com\/blog\/"},{"@type":"ListItem","position":2,"name":"Gesti\u00f3n de la motivaci\u00f3n en PYMEs: impulsa el compromiso y la productividad"}]},{"@type":"WebSite","@id":"https:\/\/www.cubodeideas.com\/blog\/#website","url":"https:\/\/www.cubodeideas.com\/blog\/","name":"Cubo de Ideas","description":"Cubo de Ideas, El Blog","publisher":{"@id":"https:\/\/www.cubodeideas.com\/blog\/#organization"},"potentialAction":[{"@type":"SearchAction","target":{"@type":"EntryPoint","urlTemplate":"https:\/\/www.cubodeideas.com\/blog\/?s={search_term_string}"},"query-input":{"@type":"PropertyValueSpecification","valueRequired":true,"valueName":"search_term_string"}}],"inLanguage":"es"},{"@type":"Organization","@id":"https:\/\/www.cubodeideas.com\/blog\/#organization","name":"Cubo de Ideas","url":"https:\/\/www.cubodeideas.com\/blog\/","logo":{"@type":"ImageObject","inLanguage":"es","@id":"https:\/\/www.cubodeideas.com\/blog\/#\/schema\/logo\/image\/","url":"https:\/\/www.cubodeideas.com\/blog\/wp-content\/uploads\/2021\/10\/android-icon-72x72-1.png","contentUrl":"https:\/\/www.cubodeideas.com\/blog\/wp-content\/uploads\/2021\/10\/android-icon-72x72-1.png","width":72,"height":72,"caption":"Cubo de Ideas"},"image":{"@id":"https:\/\/www.cubodeideas.com\/blog\/#\/schema\/logo\/image\/"},"sameAs":["https:\/\/www.facebook.com\/somoscubodeideas","https:\/\/x.com\/cubo_ideas","https:\/\/www.instagram.com\/cubodeideas"]},{"@type":"Person","@id":"https:\/\/www.cubodeideas.com\/blog\/#\/schema\/person\/5614e43eb76109017cff51a2c7928211","name":"Noel Castro","description":"LEM Noel Castro Monta\u00f1o es CEO de Cubo de Ideas, Director de Operaciones para Citosa Textiles. Asesor de nuevos mercados y estrategias digitales para el segmento Retail. Especialista en marketing para autoservicios y puntos de venta. Especialista en sistemas de gesti\u00f3n de la calidad con enfoque a la ISO 9001:2015","sameAs":["https:\/\/www.cubodeideas.com\/blog"],"url":"https:\/\/www.cubodeideas.com\/blog\/author\/admin\/"}]}},"jetpack_publicize_connections":[],"_links":{"self":[{"href":"https:\/\/www.cubodeideas.com\/blog\/wp-json\/wp\/v2\/posts\/2923","targetHints":{"allow":["GET"]}}],"collection":[{"href":"https:\/\/www.cubodeideas.com\/blog\/wp-json\/wp\/v2\/posts"}],"about":[{"href":"https:\/\/www.cubodeideas.com\/blog\/wp-json\/wp\/v2\/types\/post"}],"author":[{"embeddable":true,"href":"https:\/\/www.cubodeideas.com\/blog\/wp-json\/wp\/v2\/users\/1"}],"replies":[{"embeddable":true,"href":"https:\/\/www.cubodeideas.com\/blog\/wp-json\/wp\/v2\/comments?post=2923"}],"version-history":[{"count":1,"href":"https:\/\/www.cubodeideas.com\/blog\/wp-json\/wp\/v2\/posts\/2923\/revisions"}],"predecessor-version":[{"id":2924,"href":"https:\/\/www.cubodeideas.com\/blog\/wp-json\/wp\/v2\/posts\/2923\/revisions\/2924"}],"wp:featuredmedia":[{"embeddable":true,"href":"https:\/\/www.cubodeideas.com\/blog\/wp-json\/wp\/v2\/media\/2191"}],"wp:attachment":[{"href":"https:\/\/www.cubodeideas.com\/blog\/wp-json\/wp\/v2\/media?parent=2923"}],"wp:term":[{"taxonomy":"category","embeddable":true,"href":"https:\/\/www.cubodeideas.com\/blog\/wp-json\/wp\/v2\/categories?post=2923"},{"taxonomy":"post_tag","embeddable":true,"href":"https:\/\/www.cubodeideas.com\/blog\/wp-json\/wp\/v2\/tags?post=2923"}],"curies":[{"name":"wp","href":"https:\/\/api.w.org\/{rel}","templated":true}]}}