{"id":2921,"date":"2025-10-05T04:02:58","date_gmt":"2025-10-05T04:02:58","guid":{"rendered":"https:\/\/www.cubodeideas.com\/blog\/?p=2921"},"modified":"2025-10-05T04:02:58","modified_gmt":"2025-10-05T04:02:58","slug":"gestion-de-conflictos-en-pymes-resuelve-diferencias-sin-perder-productividad","status":"publish","type":"post","link":"https:\/\/www.cubodeideas.com\/blog\/negocios\/gestion-de-conflictos-en-pymes-resuelve-diferencias-sin-perder-productividad\/","title":{"rendered":"Gesti\u00f3n de conflictos en PYMEs: resuelve diferencias sin perder productividad"},"content":{"rendered":"<p data-start=\"831\" data-end=\"1079\">Los conflictos dentro de una empresa no son se\u00f1ales de fracaso, sino de interacci\u00f3n humana.<br data-start=\"922\" data-end=\"925\" \/>Donde hay ideas, intereses y personalidades distintas, surgir\u00e1n desacuerdos.<br data-start=\"1001\" data-end=\"1004\" \/>El problema no es que existan los conflictos, sino <strong data-start=\"1055\" data-end=\"1076\">c\u00f3mo se gestionan<\/strong>.<\/p>\n<p data-start=\"1081\" data-end=\"1319\">\ud83d\udc49 La <strong data-start=\"1087\" data-end=\"1121\">gesti\u00f3n de conflictos en PYMEs<\/strong> consiste en identificar, abordar y resolver las diferencias de manera constructiva, evitando que se conviertan en tensiones que afecten la productividad, la colaboraci\u00f3n o el ambiente de trabajo.<\/p>\n<p data-start=\"1321\" data-end=\"1625\">En las peque\u00f1as y medianas empresas, donde los equipos suelen ser reducidos, los conflictos mal manejados pueden amplificarse r\u00e1pidamente, fragmentando relaciones y afectando el desempe\u00f1o colectivo.<br data-start=\"1519\" data-end=\"1522\" \/>Por eso, aprender a gestionarlos de forma profesional es una habilidad esencial para todo l\u00edder PyME.<\/p>\n<hr data-start=\"1627\" data-end=\"1630\" \/>\n<h2 data-start=\"1632\" data-end=\"1686\">El conflicto como parte natural del entorno laboral<\/h2>\n<p data-start=\"1688\" data-end=\"1876\">Contrario a lo que muchos piensan, un conflicto no siempre es algo negativo.<br data-start=\"1764\" data-end=\"1767\" \/>Puede ser una oportunidad para mejorar procesos, aclarar expectativas y fortalecer la comunicaci\u00f3n interna.<\/p>\n<p data-start=\"1878\" data-end=\"2048\">La <strong data-start=\"1881\" data-end=\"1915\">gesti\u00f3n de conflictos en PYMEs<\/strong> parte de un principio clave: los desacuerdos son inevitables, pero las consecuencias dependen de la madurez con la que se aborden.<\/p>\n<p data-start=\"2050\" data-end=\"2300\">Ignorar un problema no lo hace desaparecer; lo hace crecer.<br data-start=\"2109\" data-end=\"2112\" \/>Una fricci\u00f3n entre dos \u00e1reas, una diferencia entre un supervisor y su equipo o un malentendido en la comunicaci\u00f3n pueden escalar y deteriorar el clima laboral si no se atienden a tiempo.<\/p>\n<p data-start=\"2302\" data-end=\"2506\">En cambio, cuando los l\u00edderes promueven un entorno donde las personas pueden expresar sus diferencias de forma respetuosa, los conflictos se transforman en <strong data-start=\"2458\" data-end=\"2503\">espacios de aprendizaje y mejora continua<\/strong>.<\/p>\n<hr data-start=\"2508\" data-end=\"2511\" \/>\n<h2 data-start=\"2513\" data-end=\"2557\">Causas m\u00e1s comunes de conflictos en PYMEs<\/h2>\n<p data-start=\"2559\" data-end=\"2724\">Los conflictos no siempre provienen de grandes desacuerdos; muchas veces se originan en lo cotidiano.<br data-start=\"2660\" data-end=\"2663\" \/>En las PYMEs mexicanas, las causas m\u00e1s frecuentes incluyen:<\/p>\n<ul data-start=\"2726\" data-end=\"3374\">\n<li data-start=\"2726\" data-end=\"2854\">\n<p data-start=\"2728\" data-end=\"2854\"><strong data-start=\"2728\" data-end=\"2760\">Falta de comunicaci\u00f3n clara.<\/strong> Las instrucciones ambiguas o la informaci\u00f3n incompleta generan malentendidos y frustraci\u00f3n.<\/p>\n<\/li>\n<li data-start=\"2855\" data-end=\"2978\">\n<p data-start=\"2857\" data-end=\"2978\"><strong data-start=\"2857\" data-end=\"2901\">Roles y responsabilidades mal definidos.<\/strong> Cuando no est\u00e1 claro qui\u00e9n debe hacer qu\u00e9, surgen duplicidades y reclamos.<\/p>\n<\/li>\n<li data-start=\"2979\" data-end=\"3115\">\n<p data-start=\"2981\" data-end=\"3115\"><strong data-start=\"2981\" data-end=\"3036\">Estilos de liderazgo autoritarios o inconsistentes.<\/strong> Un jefe que no escucha o cambia las reglas constantemente mina la confianza.<\/p>\n<\/li>\n<li data-start=\"3116\" data-end=\"3246\">\n<p data-start=\"3118\" data-end=\"3246\"><strong data-start=\"3118\" data-end=\"3160\">Diferencias de valores o expectativas.<\/strong> No todos interpretan el trabajo, el compromiso o la puntualidad de la misma manera.<\/p>\n<\/li>\n<li data-start=\"3247\" data-end=\"3374\">\n<p data-start=\"3249\" data-end=\"3374\"><strong data-start=\"3249\" data-end=\"3297\">Competencia interna o desigualdad percibida.<\/strong> La sensaci\u00f3n de favoritismos o falta de reconocimiento crea resentimiento.<\/p>\n<\/li>\n<\/ul>\n<p data-start=\"3376\" data-end=\"3498\">Estos factores no pueden eliminarse por completo, pero s\u00ed gestionarse con inteligencia emocional, claridad y coherencia.<\/p>\n<hr data-start=\"3500\" data-end=\"3503\" \/>\n<h2 data-start=\"3505\" data-end=\"3563\">El papel del l\u00edder en la gesti\u00f3n de conflictos en PYMEs<\/h2>\n<p data-start=\"3565\" data-end=\"3759\">El l\u00edder es la figura central en cualquier proceso de resoluci\u00f3n de conflictos.<br data-start=\"3644\" data-end=\"3647\" \/>Su papel no es tomar partido, sino <strong data-start=\"3682\" data-end=\"3756\">facilitar el di\u00e1logo y encontrar soluciones que beneficien al conjunto<\/strong>.<\/p>\n<p data-start=\"3761\" data-end=\"4047\">En las PYMEs, donde el contacto entre l\u00edderes y colaboradores es cercano, el manejo del conflicto requiere sensibilidad.<br data-start=\"3881\" data-end=\"3884\" \/>El l\u00edder debe escuchar activamente, entender los intereses de cada parte y mantener la objetividad incluso cuando tiene v\u00ednculos personales con los involucrados.<\/p>\n<p data-start=\"4049\" data-end=\"4234\">Una gesti\u00f3n eficaz no busca \u201cganadores y perdedores\u201d, sino acuerdos sostenibles.<br data-start=\"4129\" data-end=\"4132\" \/>Y esos acuerdos se logran cuando las personas sienten que fueron escuchadas y tratadas con justicia.<\/p>\n<p data-start=\"4236\" data-end=\"4354\">\ud83d\udc49 Un l\u00edder que evita los conflictos los posterga; uno que los enfrenta con inteligencia los transforma en progreso.<\/p>\n<hr data-start=\"4356\" data-end=\"4359\" \/>\n<h2 data-start=\"4361\" data-end=\"4419\">Estrategias efectivas para resolver conflictos en PYMEs<\/h2>\n<p data-start=\"4421\" data-end=\"4602\">La resoluci\u00f3n de conflictos no se basa en improvisaci\u00f3n.<br data-start=\"4477\" data-end=\"4480\" \/>Requiere m\u00e9todo, comunicaci\u00f3n y empat\u00eda.<br data-start=\"4520\" data-end=\"4523\" \/>A continuaci\u00f3n, se describen los elementos clave de una gesti\u00f3n estructurada:<\/p>\n<p data-start=\"4604\" data-end=\"4905\">Primero, <strong data-start=\"4613\" data-end=\"4657\">identificar el origen real del conflicto<\/strong>. Muchas veces, lo que se discute no es el problema central. Un reclamo sobre una tarea puede ocultar un problema de comunicaci\u00f3n o de reconocimiento.<br data-start=\"4807\" data-end=\"4810\" \/>Escuchar sin interrumpir y hacer preguntas aclaratorias permite entender las causas de fondo.<\/p>\n<p data-start=\"4907\" data-end=\"5124\">Despu\u00e9s, <strong data-start=\"4916\" data-end=\"4960\">crear un espacio neutral de conversaci\u00f3n<\/strong>. Las reuniones privadas y en un tono calmado ayudan a reducir la tensi\u00f3n. Los l\u00edderes deben evitar el se\u00f1alamiento y centrarse en los hechos, no en las personas.<\/p>\n<p data-start=\"5126\" data-end=\"5322\">Posteriormente, <strong data-start=\"5142\" data-end=\"5174\">acordar soluciones concretas<\/strong>. Las decisiones deben ser espec\u00edficas, con compromisos claros de ambas partes y seguimiento a corto plazo.<br data-start=\"5281\" data-end=\"5284\" \/>Resolver no es prometer, es cumplir.<\/p>\n<p data-start=\"5324\" data-end=\"5520\">Finalmente, <strong data-start=\"5336\" data-end=\"5355\">dar seguimiento<\/strong>. Un conflicto resuelto no significa un problema cerrado. Es necesario verificar que los acuerdos se est\u00e9n cumpliendo y que la relaci\u00f3n laboral se haya restaurado.<\/p>\n<p data-start=\"5522\" data-end=\"5665\">La <strong data-start=\"5525\" data-end=\"5559\">gesti\u00f3n de conflictos en PYMEs<\/strong> no se trata solo de apagar incendios, sino de prevenirlos con comunicaci\u00f3n clara y liderazgo coherente.<\/p>\n<hr data-start=\"5667\" data-end=\"5670\" \/>\n<h2 data-start=\"5672\" data-end=\"5723\">C\u00f3mo prevenir los conflictos antes de que surjan<\/h2>\n<p data-start=\"5725\" data-end=\"5877\">El mejor conflicto es el que no ocurre.<br data-start=\"5764\" data-end=\"5767\" \/>Una PyME puede reducir dr\u00e1sticamente la frecuencia de los desacuerdos si establece mecanismos de prevenci\u00f3n.<\/p>\n<p data-start=\"5879\" data-end=\"6073\">Esto empieza por la <strong data-start=\"5899\" data-end=\"5926\">claridad organizacional<\/strong>: definir roles, responsabilidades y procesos desde el inicio.<br data-start=\"5988\" data-end=\"5991\" \/>Cuando todos saben qu\u00e9 se espera de ellos, hay menos espacio para malentendidos.<\/p>\n<p data-start=\"6075\" data-end=\"6376\">Tambi\u00e9n es esencial fomentar una <strong data-start=\"6108\" data-end=\"6143\">cultura de comunicaci\u00f3n abierta<\/strong>. Los colaboradores deben sentir que pueden expresar inconformidades sin temor.<br data-start=\"6222\" data-end=\"6225\" \/>Las reuniones de retroalimentaci\u00f3n, los buzones de sugerencias y los espacios informales de di\u00e1logo ayudan a detectar tensiones antes de que crezcan.<\/p>\n<p data-start=\"6378\" data-end=\"6639\">El liderazgo emp\u00e1tico es otro factor preventivo. Un jefe que observa el estado emocional de su equipo puede anticipar conflictos y actuar antes de que escalen.<br data-start=\"6537\" data-end=\"6540\" \/>La empat\u00eda no significa debilidad: significa saber leer las se\u00f1ales humanas detr\u00e1s del desempe\u00f1o.<\/p>\n<p data-start=\"6641\" data-end=\"6734\">\ud83d\udc49 La prevenci\u00f3n de conflictos es parte de la gesti\u00f3n de calidad humana dentro de una PyME.<\/p>\n<hr data-start=\"6736\" data-end=\"6739\" \/>\n<h2 data-start=\"6741\" data-end=\"6783\">El costo de no gestionar los conflictos<\/h2>\n<p data-start=\"6785\" data-end=\"6973\">Los conflictos ignorados tienen un costo silencioso pero alto.<br data-start=\"6847\" data-end=\"6850\" \/>Pueden reducir la productividad, aumentar la rotaci\u00f3n, deteriorar la moral y afectar la reputaci\u00f3n interna de la empresa.<\/p>\n<p data-start=\"6975\" data-end=\"7244\">Un estudio de la <strong data-start=\"6992\" data-end=\"7035\">Asociaci\u00f3n Mexicana de Recursos Humanos<\/strong> estima que las empresas pierden hasta un 20% de su productividad anual debido a conflictos mal manejados.<br data-start=\"7141\" data-end=\"7144\" \/>En las PYMEs, ese porcentaje puede ser a\u00fan mayor, ya que cada colaborador cumple un papel crucial.<\/p>\n<p data-start=\"7246\" data-end=\"7488\">Adem\u00e1s, el desgaste emocional de los equipos se traduce en ausentismo, errores y menor calidad de atenci\u00f3n al cliente.<br data-start=\"7364\" data-end=\"7367\" \/>Por eso, la <strong data-start=\"7379\" data-end=\"7413\">gesti\u00f3n de conflictos en PYMEs<\/strong> no es solo una pr\u00e1ctica de liderazgo: es una estrategia de rentabilidad.<\/p>\n<p data-start=\"7490\" data-end=\"7594\">Una empresa que sabe resolver sus diferencias internamente tiene m\u00e1s energ\u00eda para enfocarse en crecer.<\/p>\n<hr data-start=\"7596\" data-end=\"7599\" \/>\n<h2 data-start=\"7601\" data-end=\"7652\">Construir una cultura de resoluci\u00f3n colaborativa<\/h2>\n<p data-start=\"7654\" data-end=\"7914\">La soluci\u00f3n de los conflictos no debe depender \u00fanicamente del due\u00f1o o del gerente.<br data-start=\"7736\" data-end=\"7739\" \/>Las PYMEs exitosas promueven una <strong data-start=\"7772\" data-end=\"7810\">cultura de resoluci\u00f3n colaborativa<\/strong>, donde todos los miembros del equipo aprenden a dialogar, negociar y llegar a acuerdos por s\u00ed mismos.<\/p>\n<p data-start=\"7916\" data-end=\"8226\">Esto implica ense\u00f1ar habilidades de comunicaci\u00f3n asertiva, negociaci\u00f3n y control emocional.<br data-start=\"8007\" data-end=\"8010\" \/>Tambi\u00e9n exige reconocer los errores y asumir la responsabilidad sin culpas.<br data-start=\"8085\" data-end=\"8088\" \/>Cuando la gente entiende que los conflictos son parte natural del trabajo, los enfrenta con madurez en lugar de evitarlos o exagerarlos.<\/p>\n<p data-start=\"8228\" data-end=\"8367\">Una cultura as\u00ed convierte los desacuerdos en oportunidades de crecimiento colectivo.<br data-start=\"8312\" data-end=\"8315\" \/>Y eso, en una PyME, vale m\u00e1s que cualquier manual.<\/p>\n<hr data-start=\"8369\" data-end=\"8372\" \/>\n<h2 data-start=\"8374\" data-end=\"8387\">Conclusi\u00f3n<\/h2>\n<p data-start=\"8389\" data-end=\"8617\">La <strong data-start=\"8392\" data-end=\"8426\">gesti\u00f3n de conflictos en PYMEs<\/strong> es un arte que combina comunicaci\u00f3n, empat\u00eda y estrategia.<br data-start=\"8485\" data-end=\"8488\" \/>Los desacuerdos no desaparecer\u00e1n, pero pueden transformarse en herramientas de mejora si se abordan con inteligencia y respeto.<\/p>\n<p data-start=\"8619\" data-end=\"8737\">\ud83d\udc49 Un conflicto bien manejado fortalece la confianza.<br data-start=\"8672\" data-end=\"8675\" \/>Uno mal manejado destruye relaciones y frena el crecimiento.<\/p>\n<p data-start=\"8739\" data-end=\"8967\">Como l\u00edder o due\u00f1o de una PyME, tu tarea no es evitar los conflictos, sino <strong data-start=\"8814\" data-end=\"8862\">guiar su resoluci\u00f3n con justicia y humanidad<\/strong>.<br data-start=\"8863\" data-end=\"8866\" \/>Porque las empresas que aprenden a dialogar internamente son las que mejor se adaptan externamente.<\/p>\n<p data-start=\"8969\" data-end=\"9042\">Una PyME que gestiona sus conflictos no solo sobrevive: <strong data-start=\"9025\" data-end=\"9039\">evoluciona<\/strong>.<\/p>\n<div class=\"pvc_clear\"><\/div>\n<p id=\"pvc_stats_2921\" class=\"pvc_stats all  \" data-element-id=\"2921\" style=\"\"><i class=\"pvc-stats-icon medium\" aria-hidden=\"true\"><svg aria-hidden=\"true\" focusable=\"false\" data-prefix=\"far\" data-icon=\"chart-bar\" role=\"img\" xmlns=\"http:\/\/www.w3.org\/2000\/svg\" viewBox=\"0 0 512 512\" class=\"svg-inline--fa fa-chart-bar fa-w-16 fa-2x\"><path fill=\"currentColor\" d=\"M396.8 352h22.4c6.4 0 12.8-6.4 12.8-12.8V108.8c0-6.4-6.4-12.8-12.8-12.8h-22.4c-6.4 0-12.8 6.4-12.8 12.8v230.4c0 6.4 6.4 12.8 12.8 12.8zm-192 0h22.4c6.4 0 12.8-6.4 12.8-12.8V140.8c0-6.4-6.4-12.8-12.8-12.8h-22.4c-6.4 0-12.8 6.4-12.8 12.8v198.4c0 6.4 6.4 12.8 12.8 12.8zm96 0h22.4c6.4 0 12.8-6.4 12.8-12.8V204.8c0-6.4-6.4-12.8-12.8-12.8h-22.4c-6.4 0-12.8 6.4-12.8 12.8v134.4c0 6.4 6.4 12.8 12.8 12.8zM496 400H48V80c0-8.84-7.16-16-16-16H16C7.16 64 0 71.16 0 80v336c0 17.67 14.33 32 32 32h464c8.84 0 16-7.16 16-16v-16c0-8.84-7.16-16-16-16zm-387.2-48h22.4c6.4 0 12.8-6.4 12.8-12.8v-70.4c0-6.4-6.4-12.8-12.8-12.8h-22.4c-6.4 0-12.8 6.4-12.8 12.8v70.4c0 6.4 6.4 12.8 12.8 12.8z\" class=\"\"><\/path><\/svg><\/i> <img loading=\"lazy\" decoding=\"async\" width=\"16\" height=\"16\" alt=\"Loading\" src=\"https:\/\/www.cubodeideas.com\/blog\/wp-content\/plugins\/page-views-count\/ajax-loader-2x.gif\" border=0 \/><\/p>\n<div class=\"pvc_clear\"><\/div>\n","protected":false},"excerpt":{"rendered":"<p>Los conflictos dentro de una empresa no son se\u00f1ales de fracaso, sino de interacci\u00f3n humana.Donde hay ideas, intereses y personalidades distintas, surgir\u00e1n desacuerdos.El problema no es que existan los conflictos, sino c\u00f3mo se gestionan. \ud83d\udc49 La gesti\u00f3n de conflictos en PYMEs consiste en identificar, abordar y resolver las diferencias de manera constructiva, evitando que se [&hellip;]<\/p>\n<div class=\"pvc_clear\"><\/div>\n<p id=\"pvc_stats_2921\" class=\"pvc_stats all  \" data-element-id=\"2921\" style=\"\"><i class=\"pvc-stats-icon medium\" aria-hidden=\"true\"><svg aria-hidden=\"true\" focusable=\"false\" data-prefix=\"far\" data-icon=\"chart-bar\" role=\"img\" xmlns=\"http:\/\/www.w3.org\/2000\/svg\" viewBox=\"0 0 512 512\" class=\"svg-inline--fa fa-chart-bar fa-w-16 fa-2x\"><path fill=\"currentColor\" d=\"M396.8 352h22.4c6.4 0 12.8-6.4 12.8-12.8V108.8c0-6.4-6.4-12.8-12.8-12.8h-22.4c-6.4 0-12.8 6.4-12.8 12.8v230.4c0 6.4 6.4 12.8 12.8 12.8zm-192 0h22.4c6.4 0 12.8-6.4 12.8-12.8V140.8c0-6.4-6.4-12.8-12.8-12.8h-22.4c-6.4 0-12.8 6.4-12.8 12.8v198.4c0 6.4 6.4 12.8 12.8 12.8zm96 0h22.4c6.4 0 12.8-6.4 12.8-12.8V204.8c0-6.4-6.4-12.8-12.8-12.8h-22.4c-6.4 0-12.8 6.4-12.8 12.8v134.4c0 6.4 6.4 12.8 12.8 12.8zM496 400H48V80c0-8.84-7.16-16-16-16H16C7.16 64 0 71.16 0 80v336c0 17.67 14.33 32 32 32h464c8.84 0 16-7.16 16-16v-16c0-8.84-7.16-16-16-16zm-387.2-48h22.4c6.4 0 12.8-6.4 12.8-12.8v-70.4c0-6.4-6.4-12.8-12.8-12.8h-22.4c-6.4 0-12.8 6.4-12.8 12.8v70.4c0 6.4 6.4 12.8 12.8 12.8z\" class=\"\"><\/path><\/svg><\/i> <img loading=\"lazy\" decoding=\"async\" width=\"16\" height=\"16\" alt=\"Loading\" src=\"https:\/\/www.cubodeideas.com\/blog\/wp-content\/plugins\/page-views-count\/ajax-loader-2x.gif\" border=0 \/><\/p>\n<div class=\"pvc_clear\"><\/div>\n","protected":false},"author":1,"featured_media":1396,"comment_status":"open","ping_status":"closed","sticky":false,"template":"","format":"standard","meta":{"footnotes":"","jetpack_publicize_message":"","jetpack_publicize_feature_enabled":true,"jetpack_social_post_already_shared":false,"jetpack_social_options":{"image_generator_settings":{"template":"highway","default_image_id":0,"font":"","enabled":false},"version":2}},"categories":[13],"tags":[286,1491,94],"class_list":["post-2921","post","type-post","status-publish","format-standard","has-post-thumbnail","hentry","category-negocios","tag-comunicacion-empresarial","tag-gestion-de-conflictos-en-pymes","tag-liderazgo-efectivo"],"blocksy_meta":[],"yoast_head":"<!-- This site is optimized with the Yoast SEO plugin v27.0 - https:\/\/yoast.com\/product\/yoast-seo-wordpress\/ -->\n<title>Gesti\u00f3n de conflictos en PYMEs: resuelve diferencias sin perder productividad -<\/title>\n<meta name=\"description\" content=\"Descubre c\u00f3mo aplicar una gesti\u00f3n de conflictos en PYMEs efectiva. Aprende a resolver desacuerdos sin afectar la productividad ni el clima organizacional.\" \/>\n<meta name=\"robots\" content=\"index, follow, max-snippet:-1, max-image-preview:large, max-video-preview:-1\" \/>\n<link rel=\"canonical\" href=\"https:\/\/www.cubodeideas.com\/blog\/negocios\/gestion-de-conflictos-en-pymes-resuelve-diferencias-sin-perder-productividad\/\" \/>\n<meta property=\"og:locale\" content=\"es_ES\" \/>\n<meta property=\"og:type\" content=\"article\" \/>\n<meta property=\"og:title\" content=\"Gesti\u00f3n de conflictos en PYMEs: resuelve diferencias sin perder productividad -\" \/>\n<meta property=\"og:description\" content=\"Descubre c\u00f3mo aplicar una gesti\u00f3n de conflictos en PYMEs efectiva. Aprende a resolver desacuerdos sin afectar la productividad ni el clima organizacional.\" \/>\n<meta property=\"og:url\" content=\"https:\/\/www.cubodeideas.com\/blog\/negocios\/gestion-de-conflictos-en-pymes-resuelve-diferencias-sin-perder-productividad\/\" \/>\n<meta property=\"article:publisher\" content=\"https:\/\/www.facebook.com\/somoscubodeideas\" \/>\n<meta property=\"article:published_time\" content=\"2025-10-05T04:02:58+00:00\" \/>\n<meta property=\"og:image\" content=\"https:\/\/www.cubodeideas.com\/blog\/wp-content\/uploads\/2024\/02\/pawn-2430046_1280.jpg\" \/>\n\t<meta property=\"og:image:width\" content=\"1280\" \/>\n\t<meta property=\"og:image:height\" content=\"894\" \/>\n\t<meta property=\"og:image:type\" content=\"image\/jpeg\" \/>\n<meta name=\"author\" content=\"Noel Castro\" \/>\n<meta name=\"twitter:card\" content=\"summary_large_image\" \/>\n<meta name=\"twitter:creator\" content=\"@cubo_ideas\" \/>\n<meta name=\"twitter:site\" content=\"@cubo_ideas\" \/>\n<meta name=\"twitter:label1\" content=\"Escrito por\" \/>\n\t<meta name=\"twitter:data1\" content=\"Noel Castro\" \/>\n\t<meta name=\"twitter:label2\" content=\"Tiempo de lectura\" \/>\n\t<meta name=\"twitter:data2\" content=\"6 minutos\" \/>\n<script type=\"application\/ld+json\" class=\"yoast-schema-graph\">{\"@context\":\"https:\/\/schema.org\",\"@graph\":[{\"@type\":\"Article\",\"@id\":\"https:\/\/www.cubodeideas.com\/blog\/negocios\/gestion-de-conflictos-en-pymes-resuelve-diferencias-sin-perder-productividad\/#article\",\"isPartOf\":{\"@id\":\"https:\/\/www.cubodeideas.com\/blog\/negocios\/gestion-de-conflictos-en-pymes-resuelve-diferencias-sin-perder-productividad\/\"},\"author\":{\"name\":\"Noel Castro\",\"@id\":\"https:\/\/www.cubodeideas.com\/blog\/#\/schema\/person\/5614e43eb76109017cff51a2c7928211\"},\"headline\":\"Gesti\u00f3n de conflictos en PYMEs: resuelve diferencias sin perder productividad\",\"datePublished\":\"2025-10-05T04:02:58+00:00\",\"mainEntityOfPage\":{\"@id\":\"https:\/\/www.cubodeideas.com\/blog\/negocios\/gestion-de-conflictos-en-pymes-resuelve-diferencias-sin-perder-productividad\/\"},\"wordCount\":1287,\"commentCount\":0,\"publisher\":{\"@id\":\"https:\/\/www.cubodeideas.com\/blog\/#organization\"},\"image\":{\"@id\":\"https:\/\/www.cubodeideas.com\/blog\/negocios\/gestion-de-conflictos-en-pymes-resuelve-diferencias-sin-perder-productividad\/#primaryimage\"},\"thumbnailUrl\":\"https:\/\/www.cubodeideas.com\/blog\/wp-content\/uploads\/2024\/02\/pawn-2430046_1280.jpg\",\"keywords\":[\"Comunicaci\u00f3n Empresarial\",\"gesti\u00f3n de conflictos en PYMEs\",\"liderazgo efectivo\"],\"articleSection\":[\"Negocios\"],\"inLanguage\":\"es\",\"potentialAction\":[{\"@type\":\"CommentAction\",\"name\":\"Comment\",\"target\":[\"https:\/\/www.cubodeideas.com\/blog\/negocios\/gestion-de-conflictos-en-pymes-resuelve-diferencias-sin-perder-productividad\/#respond\"]}]},{\"@type\":\"WebPage\",\"@id\":\"https:\/\/www.cubodeideas.com\/blog\/negocios\/gestion-de-conflictos-en-pymes-resuelve-diferencias-sin-perder-productividad\/\",\"url\":\"https:\/\/www.cubodeideas.com\/blog\/negocios\/gestion-de-conflictos-en-pymes-resuelve-diferencias-sin-perder-productividad\/\",\"name\":\"Gesti\u00f3n de conflictos en PYMEs: resuelve diferencias sin perder productividad -\",\"isPartOf\":{\"@id\":\"https:\/\/www.cubodeideas.com\/blog\/#website\"},\"primaryImageOfPage\":{\"@id\":\"https:\/\/www.cubodeideas.com\/blog\/negocios\/gestion-de-conflictos-en-pymes-resuelve-diferencias-sin-perder-productividad\/#primaryimage\"},\"image\":{\"@id\":\"https:\/\/www.cubodeideas.com\/blog\/negocios\/gestion-de-conflictos-en-pymes-resuelve-diferencias-sin-perder-productividad\/#primaryimage\"},\"thumbnailUrl\":\"https:\/\/www.cubodeideas.com\/blog\/wp-content\/uploads\/2024\/02\/pawn-2430046_1280.jpg\",\"datePublished\":\"2025-10-05T04:02:58+00:00\",\"description\":\"Descubre c\u00f3mo aplicar una gesti\u00f3n de conflictos en PYMEs efectiva. Aprende a resolver desacuerdos sin afectar la productividad ni el clima organizacional.\",\"breadcrumb\":{\"@id\":\"https:\/\/www.cubodeideas.com\/blog\/negocios\/gestion-de-conflictos-en-pymes-resuelve-diferencias-sin-perder-productividad\/#breadcrumb\"},\"inLanguage\":\"es\",\"potentialAction\":[{\"@type\":\"ReadAction\",\"target\":[\"https:\/\/www.cubodeideas.com\/blog\/negocios\/gestion-de-conflictos-en-pymes-resuelve-diferencias-sin-perder-productividad\/\"]}]},{\"@type\":\"ImageObject\",\"inLanguage\":\"es\",\"@id\":\"https:\/\/www.cubodeideas.com\/blog\/negocios\/gestion-de-conflictos-en-pymes-resuelve-diferencias-sin-perder-productividad\/#primaryimage\",\"url\":\"https:\/\/www.cubodeideas.com\/blog\/wp-content\/uploads\/2024\/02\/pawn-2430046_1280.jpg\",\"contentUrl\":\"https:\/\/www.cubodeideas.com\/blog\/wp-content\/uploads\/2024\/02\/pawn-2430046_1280.jpg\",\"width\":1280,\"height\":894,\"caption\":\"gesti\u00f3n de conflictos en PYMEs\"},{\"@type\":\"BreadcrumbList\",\"@id\":\"https:\/\/www.cubodeideas.com\/blog\/negocios\/gestion-de-conflictos-en-pymes-resuelve-diferencias-sin-perder-productividad\/#breadcrumb\",\"itemListElement\":[{\"@type\":\"ListItem\",\"position\":1,\"name\":\"Portada\",\"item\":\"https:\/\/www.cubodeideas.com\/blog\/\"},{\"@type\":\"ListItem\",\"position\":2,\"name\":\"Gesti\u00f3n de conflictos en PYMEs: resuelve diferencias sin perder productividad\"}]},{\"@type\":\"WebSite\",\"@id\":\"https:\/\/www.cubodeideas.com\/blog\/#website\",\"url\":\"https:\/\/www.cubodeideas.com\/blog\/\",\"name\":\"Cubo de Ideas\",\"description\":\"Cubo de Ideas, El Blog\",\"publisher\":{\"@id\":\"https:\/\/www.cubodeideas.com\/blog\/#organization\"},\"potentialAction\":[{\"@type\":\"SearchAction\",\"target\":{\"@type\":\"EntryPoint\",\"urlTemplate\":\"https:\/\/www.cubodeideas.com\/blog\/?s={search_term_string}\"},\"query-input\":{\"@type\":\"PropertyValueSpecification\",\"valueRequired\":true,\"valueName\":\"search_term_string\"}}],\"inLanguage\":\"es\"},{\"@type\":\"Organization\",\"@id\":\"https:\/\/www.cubodeideas.com\/blog\/#organization\",\"name\":\"Cubo de Ideas\",\"url\":\"https:\/\/www.cubodeideas.com\/blog\/\",\"logo\":{\"@type\":\"ImageObject\",\"inLanguage\":\"es\",\"@id\":\"https:\/\/www.cubodeideas.com\/blog\/#\/schema\/logo\/image\/\",\"url\":\"https:\/\/www.cubodeideas.com\/blog\/wp-content\/uploads\/2021\/10\/android-icon-72x72-1.png\",\"contentUrl\":\"https:\/\/www.cubodeideas.com\/blog\/wp-content\/uploads\/2021\/10\/android-icon-72x72-1.png\",\"width\":72,\"height\":72,\"caption\":\"Cubo de Ideas\"},\"image\":{\"@id\":\"https:\/\/www.cubodeideas.com\/blog\/#\/schema\/logo\/image\/\"},\"sameAs\":[\"https:\/\/www.facebook.com\/somoscubodeideas\",\"https:\/\/x.com\/cubo_ideas\",\"https:\/\/www.instagram.com\/cubodeideas\"]},{\"@type\":\"Person\",\"@id\":\"https:\/\/www.cubodeideas.com\/blog\/#\/schema\/person\/5614e43eb76109017cff51a2c7928211\",\"name\":\"Noel Castro\",\"description\":\"LEM Noel Castro Monta\u00f1o es CEO de Cubo de Ideas, Director de Operaciones para Citosa Textiles. Asesor de nuevos mercados y estrategias digitales para el segmento Retail. Especialista en marketing para autoservicios y puntos de venta. Especialista en sistemas de gesti\u00f3n de la calidad con enfoque a la ISO 9001:2015\",\"sameAs\":[\"https:\/\/www.cubodeideas.com\/blog\"],\"url\":\"https:\/\/www.cubodeideas.com\/blog\/author\/admin\/\"}]}<\/script>\n<!-- \/ Yoast SEO plugin. -->","yoast_head_json":{"title":"Gesti\u00f3n de conflictos en PYMEs: resuelve diferencias sin perder productividad -","description":"Descubre c\u00f3mo aplicar una gesti\u00f3n de conflictos en PYMEs efectiva. Aprende a resolver desacuerdos sin afectar la productividad ni el clima organizacional.","robots":{"index":"index","follow":"follow","max-snippet":"max-snippet:-1","max-image-preview":"max-image-preview:large","max-video-preview":"max-video-preview:-1"},"canonical":"https:\/\/www.cubodeideas.com\/blog\/negocios\/gestion-de-conflictos-en-pymes-resuelve-diferencias-sin-perder-productividad\/","og_locale":"es_ES","og_type":"article","og_title":"Gesti\u00f3n de conflictos en PYMEs: resuelve diferencias sin perder productividad -","og_description":"Descubre c\u00f3mo aplicar una gesti\u00f3n de conflictos en PYMEs efectiva. Aprende a resolver desacuerdos sin afectar la productividad ni el clima organizacional.","og_url":"https:\/\/www.cubodeideas.com\/blog\/negocios\/gestion-de-conflictos-en-pymes-resuelve-diferencias-sin-perder-productividad\/","article_publisher":"https:\/\/www.facebook.com\/somoscubodeideas","article_published_time":"2025-10-05T04:02:58+00:00","og_image":[{"width":1280,"height":894,"url":"https:\/\/www.cubodeideas.com\/blog\/wp-content\/uploads\/2024\/02\/pawn-2430046_1280.jpg","type":"image\/jpeg"}],"author":"Noel Castro","twitter_card":"summary_large_image","twitter_creator":"@cubo_ideas","twitter_site":"@cubo_ideas","twitter_misc":{"Escrito por":"Noel Castro","Tiempo de lectura":"6 minutos"},"schema":{"@context":"https:\/\/schema.org","@graph":[{"@type":"Article","@id":"https:\/\/www.cubodeideas.com\/blog\/negocios\/gestion-de-conflictos-en-pymes-resuelve-diferencias-sin-perder-productividad\/#article","isPartOf":{"@id":"https:\/\/www.cubodeideas.com\/blog\/negocios\/gestion-de-conflictos-en-pymes-resuelve-diferencias-sin-perder-productividad\/"},"author":{"name":"Noel Castro","@id":"https:\/\/www.cubodeideas.com\/blog\/#\/schema\/person\/5614e43eb76109017cff51a2c7928211"},"headline":"Gesti\u00f3n de conflictos en PYMEs: resuelve diferencias sin perder productividad","datePublished":"2025-10-05T04:02:58+00:00","mainEntityOfPage":{"@id":"https:\/\/www.cubodeideas.com\/blog\/negocios\/gestion-de-conflictos-en-pymes-resuelve-diferencias-sin-perder-productividad\/"},"wordCount":1287,"commentCount":0,"publisher":{"@id":"https:\/\/www.cubodeideas.com\/blog\/#organization"},"image":{"@id":"https:\/\/www.cubodeideas.com\/blog\/negocios\/gestion-de-conflictos-en-pymes-resuelve-diferencias-sin-perder-productividad\/#primaryimage"},"thumbnailUrl":"https:\/\/www.cubodeideas.com\/blog\/wp-content\/uploads\/2024\/02\/pawn-2430046_1280.jpg","keywords":["Comunicaci\u00f3n Empresarial","gesti\u00f3n de conflictos en PYMEs","liderazgo efectivo"],"articleSection":["Negocios"],"inLanguage":"es","potentialAction":[{"@type":"CommentAction","name":"Comment","target":["https:\/\/www.cubodeideas.com\/blog\/negocios\/gestion-de-conflictos-en-pymes-resuelve-diferencias-sin-perder-productividad\/#respond"]}]},{"@type":"WebPage","@id":"https:\/\/www.cubodeideas.com\/blog\/negocios\/gestion-de-conflictos-en-pymes-resuelve-diferencias-sin-perder-productividad\/","url":"https:\/\/www.cubodeideas.com\/blog\/negocios\/gestion-de-conflictos-en-pymes-resuelve-diferencias-sin-perder-productividad\/","name":"Gesti\u00f3n de conflictos en PYMEs: resuelve diferencias sin perder productividad -","isPartOf":{"@id":"https:\/\/www.cubodeideas.com\/blog\/#website"},"primaryImageOfPage":{"@id":"https:\/\/www.cubodeideas.com\/blog\/negocios\/gestion-de-conflictos-en-pymes-resuelve-diferencias-sin-perder-productividad\/#primaryimage"},"image":{"@id":"https:\/\/www.cubodeideas.com\/blog\/negocios\/gestion-de-conflictos-en-pymes-resuelve-diferencias-sin-perder-productividad\/#primaryimage"},"thumbnailUrl":"https:\/\/www.cubodeideas.com\/blog\/wp-content\/uploads\/2024\/02\/pawn-2430046_1280.jpg","datePublished":"2025-10-05T04:02:58+00:00","description":"Descubre c\u00f3mo aplicar una gesti\u00f3n de conflictos en PYMEs efectiva. Aprende a resolver desacuerdos sin afectar la productividad ni el clima organizacional.","breadcrumb":{"@id":"https:\/\/www.cubodeideas.com\/blog\/negocios\/gestion-de-conflictos-en-pymes-resuelve-diferencias-sin-perder-productividad\/#breadcrumb"},"inLanguage":"es","potentialAction":[{"@type":"ReadAction","target":["https:\/\/www.cubodeideas.com\/blog\/negocios\/gestion-de-conflictos-en-pymes-resuelve-diferencias-sin-perder-productividad\/"]}]},{"@type":"ImageObject","inLanguage":"es","@id":"https:\/\/www.cubodeideas.com\/blog\/negocios\/gestion-de-conflictos-en-pymes-resuelve-diferencias-sin-perder-productividad\/#primaryimage","url":"https:\/\/www.cubodeideas.com\/blog\/wp-content\/uploads\/2024\/02\/pawn-2430046_1280.jpg","contentUrl":"https:\/\/www.cubodeideas.com\/blog\/wp-content\/uploads\/2024\/02\/pawn-2430046_1280.jpg","width":1280,"height":894,"caption":"gesti\u00f3n de conflictos en PYMEs"},{"@type":"BreadcrumbList","@id":"https:\/\/www.cubodeideas.com\/blog\/negocios\/gestion-de-conflictos-en-pymes-resuelve-diferencias-sin-perder-productividad\/#breadcrumb","itemListElement":[{"@type":"ListItem","position":1,"name":"Portada","item":"https:\/\/www.cubodeideas.com\/blog\/"},{"@type":"ListItem","position":2,"name":"Gesti\u00f3n de conflictos en PYMEs: resuelve diferencias sin perder productividad"}]},{"@type":"WebSite","@id":"https:\/\/www.cubodeideas.com\/blog\/#website","url":"https:\/\/www.cubodeideas.com\/blog\/","name":"Cubo de Ideas","description":"Cubo de Ideas, El Blog","publisher":{"@id":"https:\/\/www.cubodeideas.com\/blog\/#organization"},"potentialAction":[{"@type":"SearchAction","target":{"@type":"EntryPoint","urlTemplate":"https:\/\/www.cubodeideas.com\/blog\/?s={search_term_string}"},"query-input":{"@type":"PropertyValueSpecification","valueRequired":true,"valueName":"search_term_string"}}],"inLanguage":"es"},{"@type":"Organization","@id":"https:\/\/www.cubodeideas.com\/blog\/#organization","name":"Cubo de Ideas","url":"https:\/\/www.cubodeideas.com\/blog\/","logo":{"@type":"ImageObject","inLanguage":"es","@id":"https:\/\/www.cubodeideas.com\/blog\/#\/schema\/logo\/image\/","url":"https:\/\/www.cubodeideas.com\/blog\/wp-content\/uploads\/2021\/10\/android-icon-72x72-1.png","contentUrl":"https:\/\/www.cubodeideas.com\/blog\/wp-content\/uploads\/2021\/10\/android-icon-72x72-1.png","width":72,"height":72,"caption":"Cubo de Ideas"},"image":{"@id":"https:\/\/www.cubodeideas.com\/blog\/#\/schema\/logo\/image\/"},"sameAs":["https:\/\/www.facebook.com\/somoscubodeideas","https:\/\/x.com\/cubo_ideas","https:\/\/www.instagram.com\/cubodeideas"]},{"@type":"Person","@id":"https:\/\/www.cubodeideas.com\/blog\/#\/schema\/person\/5614e43eb76109017cff51a2c7928211","name":"Noel Castro","description":"LEM Noel Castro Monta\u00f1o es CEO de Cubo de Ideas, Director de Operaciones para Citosa Textiles. Asesor de nuevos mercados y estrategias digitales para el segmento Retail. Especialista en marketing para autoservicios y puntos de venta. Especialista en sistemas de gesti\u00f3n de la calidad con enfoque a la ISO 9001:2015","sameAs":["https:\/\/www.cubodeideas.com\/blog"],"url":"https:\/\/www.cubodeideas.com\/blog\/author\/admin\/"}]}},"jetpack_publicize_connections":[],"_links":{"self":[{"href":"https:\/\/www.cubodeideas.com\/blog\/wp-json\/wp\/v2\/posts\/2921","targetHints":{"allow":["GET"]}}],"collection":[{"href":"https:\/\/www.cubodeideas.com\/blog\/wp-json\/wp\/v2\/posts"}],"about":[{"href":"https:\/\/www.cubodeideas.com\/blog\/wp-json\/wp\/v2\/types\/post"}],"author":[{"embeddable":true,"href":"https:\/\/www.cubodeideas.com\/blog\/wp-json\/wp\/v2\/users\/1"}],"replies":[{"embeddable":true,"href":"https:\/\/www.cubodeideas.com\/blog\/wp-json\/wp\/v2\/comments?post=2921"}],"version-history":[{"count":1,"href":"https:\/\/www.cubodeideas.com\/blog\/wp-json\/wp\/v2\/posts\/2921\/revisions"}],"predecessor-version":[{"id":2922,"href":"https:\/\/www.cubodeideas.com\/blog\/wp-json\/wp\/v2\/posts\/2921\/revisions\/2922"}],"wp:featuredmedia":[{"embeddable":true,"href":"https:\/\/www.cubodeideas.com\/blog\/wp-json\/wp\/v2\/media\/1396"}],"wp:attachment":[{"href":"https:\/\/www.cubodeideas.com\/blog\/wp-json\/wp\/v2\/media?parent=2921"}],"wp:term":[{"taxonomy":"category","embeddable":true,"href":"https:\/\/www.cubodeideas.com\/blog\/wp-json\/wp\/v2\/categories?post=2921"},{"taxonomy":"post_tag","embeddable":true,"href":"https:\/\/www.cubodeideas.com\/blog\/wp-json\/wp\/v2\/tags?post=2921"}],"curies":[{"name":"wp","href":"https:\/\/api.w.org\/{rel}","templated":true}]}}