{"id":2919,"date":"2025-10-05T03:55:24","date_gmt":"2025-10-05T03:55:24","guid":{"rendered":"https:\/\/www.cubodeideas.com\/blog\/?p=2919"},"modified":"2025-10-05T03:55:24","modified_gmt":"2025-10-05T03:55:24","slug":"gestion-del-clima-laboral-en-pymes-crea-un-entorno-que-impulse-la-productividad","status":"publish","type":"post","link":"https:\/\/www.cubodeideas.com\/blog\/negocios\/gestion-del-clima-laboral-en-pymes-crea-un-entorno-que-impulse-la-productividad\/","title":{"rendered":"Gesti\u00f3n del clima laboral en PYMEs: crea un entorno que impulse la productividad"},"content":{"rendered":"<p data-start=\"623\" data-end=\"982\">El clima laboral no se ve, pero se siente.<br data-start=\"665\" data-end=\"668\" \/>Es la atm\u00f3sfera invisible que rodea a toda empresa y determina si la gente llega motivada o simplemente cumple con su horario.<br data-start=\"794\" data-end=\"797\" \/>Y en las PYMEs, donde los equipos son peque\u00f1os y las relaciones son m\u00e1s cercanas, ese ambiente tiene un impacto directo en la rentabilidad, la innovaci\u00f3n y la permanencia del talento.<\/p>\n<p data-start=\"984\" data-end=\"1194\">\ud83d\udc49 La <strong data-start=\"990\" data-end=\"1028\">gesti\u00f3n del clima laboral en PYMEs<\/strong> es el proceso mediante el cual una empresa mide, analiza y mejora las percepciones, actitudes y emociones de su equipo para crear un entorno positivo y productivo.<\/p>\n<p data-start=\"1196\" data-end=\"1382\">No se trata de hacer la oficina m\u00e1s bonita o dar beneficios superficiales, sino de construir un lugar donde las personas se sientan valoradas, escuchadas y parte de un prop\u00f3sito com\u00fan.<\/p>\n<hr data-start=\"1384\" data-end=\"1387\" \/>\n<h2 data-start=\"1389\" data-end=\"1445\">\u00bfQu\u00e9 es el clima laboral y por qu\u00e9 es tan importante?<\/h2>\n<p data-start=\"1447\" data-end=\"1665\">El <strong data-start=\"1450\" data-end=\"1467\">clima laboral<\/strong> se refiere a la percepci\u00f3n que los colaboradores tienen sobre su entorno de trabajo: c\u00f3mo se comunican, c\u00f3mo se reconocen los logros, c\u00f3mo se manejan los conflictos y c\u00f3mo se ejerce el liderazgo.<\/p>\n<p data-start=\"1667\" data-end=\"1930\">En una PyME, donde la cercan\u00eda entre los miembros del equipo es inevitable, el clima puede ser un motor o un obst\u00e1culo.<br data-start=\"1786\" data-end=\"1789\" \/>Un ambiente positivo genera compromiso, creatividad y colaboraci\u00f3n.<br data-start=\"1856\" data-end=\"1859\" \/>Uno negativo provoca rotaci\u00f3n, ausentismo y p\u00e9rdida de talento clave.<\/p>\n<p data-start=\"1932\" data-end=\"2170\">La <strong data-start=\"1935\" data-end=\"1973\">gesti\u00f3n del clima laboral en PYMEs<\/strong> busca mantener ese equilibrio entre exigencia y bienestar, entre resultados y relaciones humanas.<br data-start=\"2071\" data-end=\"2074\" \/>Porque una empresa puede tener buenos procesos, pero sin un ambiente sano, nada funciona bien.<\/p>\n<hr data-start=\"2172\" data-end=\"2175\" \/>\n<h2 data-start=\"2177\" data-end=\"2229\">C\u00f3mo influye el clima laboral en la productividad<\/h2>\n<p data-start=\"2231\" data-end=\"2455\">La productividad no depende solo de la capacidad t\u00e9cnica del personal, sino del estado emocional en el que trabaja.<br data-start=\"2346\" data-end=\"2349\" \/>Un empleado motivado rinde m\u00e1s, comete menos errores y contribuye activamente a las mejoras del negocio.<\/p>\n<p data-start=\"2457\" data-end=\"2610\">Por el contrario, un ambiente de tensi\u00f3n, miedo o indiferencia puede reducir el rendimiento hasta en un 30%, seg\u00fan estudios del IMCO y Deloitte M\u00e9xico.<\/p>\n<p data-start=\"2612\" data-end=\"2919\">La <strong data-start=\"2615\" data-end=\"2653\">gesti\u00f3n del clima laboral en PYMEs<\/strong> permite identificar los factores que afectan el rendimiento: comunicaci\u00f3n deficiente, sobrecarga de trabajo, liderazgo autoritario o falta de reconocimiento.<br data-start=\"2811\" data-end=\"2814\" \/>Corregir estos factores no requiere grandes inversiones, sino coherencia, empat\u00eda y voluntad de mejora.<\/p>\n<p data-start=\"2921\" data-end=\"3052\">\ud83d\udc49 Una PyME con buen clima laboral no necesita \u201ccontrolar\u201d a su gente, porque la gente se controla sola cuando est\u00e1 comprometida.<\/p>\n<hr data-start=\"3054\" data-end=\"3057\" \/>\n<h2 data-start=\"3059\" data-end=\"3104\">Elementos clave del clima laboral en PYMEs<\/h2>\n<p data-start=\"3106\" data-end=\"3215\">El clima laboral se compone de distintos elementos interconectados que deben gestionarse de forma integral:<\/p>\n<p data-start=\"3217\" data-end=\"3470\"><strong data-start=\"3217\" data-end=\"3245\">1. Comunicaci\u00f3n interna.<\/strong><br data-start=\"3245\" data-end=\"3248\" \/>La claridad y transparencia con la que circula la informaci\u00f3n determina el nivel de confianza dentro del equipo.<br data-start=\"3360\" data-end=\"3363\" \/>Si la gente sabe qu\u00e9 se espera de ella y entiende por qu\u00e9 se toman las decisiones, el compromiso aumenta.<\/p>\n<p data-start=\"3472\" data-end=\"3681\"><strong data-start=\"3472\" data-end=\"3489\">2. Liderazgo.<\/strong><br data-start=\"3489\" data-end=\"3492\" \/>El estilo de liderazgo marca la pauta emocional del entorno.<br data-start=\"3552\" data-end=\"3555\" \/>Un l\u00edder cercano, que escucha y gu\u00eda, genera seguridad.<br data-start=\"3610\" data-end=\"3613\" \/>Uno autoritario o ausente, en cambio, provoca miedo o desconexi\u00f3n.<\/p>\n<p data-start=\"3683\" data-end=\"3967\"><strong data-start=\"3683\" data-end=\"3718\">3. Reconocimiento y motivaci\u00f3n.<\/strong><br data-start=\"3718\" data-end=\"3721\" \/>Las personas no solo trabajan por dinero.<br data-start=\"3762\" data-end=\"3765\" \/>Necesitan sentir que su esfuerzo tiene sentido y que su trabajo es valorado.<br data-start=\"3841\" data-end=\"3844\" \/>Un simple agradecimiento o una retroalimentaci\u00f3n positiva puede tener m\u00e1s efecto que un aumento de sueldo mal comunicado.<\/p>\n<p data-start=\"3969\" data-end=\"4181\"><strong data-start=\"3969\" data-end=\"4017\">4. Equilibrio entre vida personal y laboral.<\/strong><br data-start=\"4017\" data-end=\"4020\" \/>En M\u00e9xico, donde muchas PYMEs operan con horarios largos, ofrecer flexibilidad y respeto al tiempo personal es una ventaja competitiva que mejora la retenci\u00f3n.<\/p>\n<p data-start=\"4183\" data-end=\"4433\"><strong data-start=\"4183\" data-end=\"4213\">5. Cultura organizacional.<\/strong><br data-start=\"4213\" data-end=\"4216\" \/>El conjunto de valores, costumbres y comportamientos compartidos define el tipo de ambiente que se vive a diario.<br data-start=\"4329\" data-end=\"4332\" \/>Una cultura basada en la confianza y la colaboraci\u00f3n se traduce en equipos m\u00e1s fuertes y duraderos.<\/p>\n<hr data-start=\"4435\" data-end=\"4438\" \/>\n<h2 data-start=\"4440\" data-end=\"4486\">C\u00f3mo gestionar el clima laboral en una PyME<\/h2>\n<p data-start=\"4488\" data-end=\"4730\">La <strong data-start=\"4491\" data-end=\"4529\">gesti\u00f3n del clima laboral en PYMEs<\/strong> comienza por medirlo.<br data-start=\"4551\" data-end=\"4554\" \/>No se puede mejorar lo que no se conoce.<br data-start=\"4594\" data-end=\"4597\" \/>Una encuesta de clima laboral, incluso con preguntas sencillas, puede ofrecer informaci\u00f3n valiosa sobre c\u00f3mo se siente el personal.<\/p>\n<p data-start=\"4732\" data-end=\"4749\">Preguntas como:<\/p>\n<ul data-start=\"4750\" data-end=\"4925\">\n<li data-start=\"4750\" data-end=\"4795\">\n<p data-start=\"4752\" data-end=\"4795\">\u00bfTe sientes escuchado por tus superiores?<\/p>\n<\/li>\n<li data-start=\"4796\" data-end=\"4841\">\n<p data-start=\"4798\" data-end=\"4841\">\u00bfConsideras que tu trabajo es reconocido?<\/p>\n<\/li>\n<li data-start=\"4842\" data-end=\"4881\">\n<p data-start=\"4844\" data-end=\"4881\">\u00bfSientes claridad en tus funciones?<\/p>\n<\/li>\n<li data-start=\"4882\" data-end=\"4925\">\n<p data-start=\"4884\" data-end=\"4925\">\u00bfRecomendar\u00edas esta empresa a un amigo?<\/p>\n<\/li>\n<\/ul>\n<p data-start=\"4927\" data-end=\"4979\">Las respuestas revelan patrones y \u00e1reas de mejora.<\/p>\n<p data-start=\"4981\" data-end=\"5205\">Una vez identificados los problemas, es crucial actuar con rapidez y transparencia.<br data-start=\"5064\" data-end=\"5067\" \/>De nada sirve medir si no se aplican cambios.<br data-start=\"5112\" data-end=\"5115\" \/>Si el personal percibe que la empresa escucha y responde, el nivel de confianza aumenta.<\/p>\n<p data-start=\"5207\" data-end=\"5370\">Finalmente, se deben realizar revisiones peri\u00f3dicas.<br data-start=\"5259\" data-end=\"5262\" \/>El clima laboral es din\u00e1mico y cambia con el tiempo, por lo que debe monitorearse al menos una vez al a\u00f1o.<\/p>\n<hr data-start=\"5372\" data-end=\"5375\" \/>\n<h2 data-start=\"5377\" data-end=\"5434\">La relaci\u00f3n entre clima laboral y rotaci\u00f3n de personal<\/h2>\n<p data-start=\"5436\" data-end=\"5649\">En una PyME, la salida de un solo empleado puede desestabilizar toda la operaci\u00f3n.<br data-start=\"5518\" data-end=\"5521\" \/>La rotaci\u00f3n no siempre se debe a mejores sueldos o beneficios externos: muchas veces, es el resultado de un mal clima interno.<\/p>\n<p data-start=\"5651\" data-end=\"5855\">Cuando un colaborador se siente ignorado, sobrecargado o maltratado, busca otro lugar donde su trabajo sea valorado.<br data-start=\"5767\" data-end=\"5770\" \/>Reducir la rotaci\u00f3n implica atender las causas emocionales, no solo las econ\u00f3micas.<\/p>\n<p data-start=\"5857\" data-end=\"6064\">Una <strong data-start=\"5861\" data-end=\"5899\">gesti\u00f3n del clima laboral en PYMEs<\/strong> enfocada en la empat\u00eda, la comunicaci\u00f3n y el reconocimiento puede disminuir la rotaci\u00f3n hasta en un 50%, seg\u00fan datos del BID (Banco Interamericano de Desarrollo).<\/p>\n<p data-start=\"6066\" data-end=\"6297\">Un ambiente sano no solo retiene a la gente: <strong data-start=\"6111\" data-end=\"6134\">atrae talento nuevo<\/strong>.<br data-start=\"6135\" data-end=\"6138\" \/>En tiempos donde la reputaci\u00f3n de una empresa se comparte en redes y portales de empleo, tener un buen clima laboral es tambi\u00e9n una herramienta de marketing.<\/p>\n<hr data-start=\"6299\" data-end=\"6302\" \/>\n<h2 data-start=\"6304\" data-end=\"6347\">C\u00f3mo fortalecer el compromiso del equipo<\/h2>\n<p data-start=\"6349\" data-end=\"6507\">El compromiso no se exige: se construye.<br data-start=\"6389\" data-end=\"6392\" \/>Y se construye con coherencia.<br data-start=\"6422\" data-end=\"6425\" \/>Las acciones diarias de la direcci\u00f3n deben reflejar los valores que se predican.<\/p>\n<p data-start=\"6509\" data-end=\"6771\">La <strong data-start=\"6512\" data-end=\"6550\">gesti\u00f3n del clima laboral en PYMEs<\/strong> debe integrar peque\u00f1os gestos que tengan un gran impacto: reuniones donde todos puedan opinar, reconocimientos p\u00fablicos, comunicaci\u00f3n clara sobre los logros y desaf\u00edos de la empresa, y apoyo real en momentos dif\u00edciles.<\/p>\n<p data-start=\"6773\" data-end=\"6907\">Cuando el personal percibe que la empresa se preocupa por su bienestar y desarrollo, responde con compromiso, creatividad y lealtad.<\/p>\n<p data-start=\"6909\" data-end=\"7023\">El compromiso genuino convierte a los empleados en embajadores de la marca, algo invaluable para cualquier PyME.<\/p>\n<hr data-start=\"7025\" data-end=\"7028\" \/>\n<h2 data-start=\"7030\" data-end=\"7094\">Claves para mantener un clima laboral saludable a largo plazo<\/h2>\n<p data-start=\"7096\" data-end=\"7315\">Mantener un buen clima laboral requiere constancia.<br data-start=\"7147\" data-end=\"7150\" \/>No basta con implementar una encuesta o realizar actividades espor\u00e1dicas; se trata de crear un entorno donde la colaboraci\u00f3n y el respeto sean parte del d\u00eda a d\u00eda.<\/p>\n<p data-start=\"7317\" data-end=\"7559\">La clave est\u00e1 en el liderazgo consciente: l\u00edderes que escuchen, comuniquen, reconozcan y corrijan sin humillar.<br data-start=\"7428\" data-end=\"7431\" \/>Tambi\u00e9n es esencial promover la transparencia, compartir informaci\u00f3n y celebrar los avances del equipo, por peque\u00f1os que sean.<\/p>\n<p data-start=\"7561\" data-end=\"7744\">Una PyME con un clima laboral s\u00f3lido no necesita motivar constantemente: la motivaci\u00f3n surge del sentido de pertenencia y del orgullo de formar parte de un proyecto bien gestionado.<\/p>\n<hr data-start=\"7746\" data-end=\"7749\" \/>\n<h2 data-start=\"7751\" data-end=\"7764\">Conclusi\u00f3n<\/h2>\n<p data-start=\"7766\" data-end=\"8034\">La <strong data-start=\"7769\" data-end=\"7807\">gesti\u00f3n del clima laboral en PYMEs<\/strong> no es un lujo ni una moda: es una necesidad estrat\u00e9gica.<br data-start=\"7864\" data-end=\"7867\" \/>Un entorno de trabajo sano no solo mejora la productividad, sino que reduce la rotaci\u00f3n, fortalece la cultura y proyecta una imagen positiva ante clientes y aliados.<\/p>\n<p data-start=\"8036\" data-end=\"8172\">\ud83d\udc49 El verdadero \u00e9xito de una PyME no se mide solo en ventas o utilidades, sino en el entusiasmo con el que su gente llega cada ma\u00f1ana.<\/p>\n<p data-start=\"8174\" data-end=\"8349\">Cultivar un buen clima laboral es invertir en la energ\u00eda que mueve a la empresa.<br data-start=\"8254\" data-end=\"8257\" \/>Y una empresa con energ\u00eda positiva tiene m\u00e1s probabilidades de crecer, innovar y perdurar.<\/p>\n<div class=\"pvc_clear\"><\/div>\n<p id=\"pvc_stats_2919\" class=\"pvc_stats all  \" data-element-id=\"2919\" style=\"\"><i class=\"pvc-stats-icon medium\" aria-hidden=\"true\"><svg aria-hidden=\"true\" focusable=\"false\" data-prefix=\"far\" data-icon=\"chart-bar\" role=\"img\" xmlns=\"http:\/\/www.w3.org\/2000\/svg\" viewBox=\"0 0 512 512\" class=\"svg-inline--fa fa-chart-bar fa-w-16 fa-2x\"><path fill=\"currentColor\" d=\"M396.8 352h22.4c6.4 0 12.8-6.4 12.8-12.8V108.8c0-6.4-6.4-12.8-12.8-12.8h-22.4c-6.4 0-12.8 6.4-12.8 12.8v230.4c0 6.4 6.4 12.8 12.8 12.8zm-192 0h22.4c6.4 0 12.8-6.4 12.8-12.8V140.8c0-6.4-6.4-12.8-12.8-12.8h-22.4c-6.4 0-12.8 6.4-12.8 12.8v198.4c0 6.4 6.4 12.8 12.8 12.8zm96 0h22.4c6.4 0 12.8-6.4 12.8-12.8V204.8c0-6.4-6.4-12.8-12.8-12.8h-22.4c-6.4 0-12.8 6.4-12.8 12.8v134.4c0 6.4 6.4 12.8 12.8 12.8zM496 400H48V80c0-8.84-7.16-16-16-16H16C7.16 64 0 71.16 0 80v336c0 17.67 14.33 32 32 32h464c8.84 0 16-7.16 16-16v-16c0-8.84-7.16-16-16-16zm-387.2-48h22.4c6.4 0 12.8-6.4 12.8-12.8v-70.4c0-6.4-6.4-12.8-12.8-12.8h-22.4c-6.4 0-12.8 6.4-12.8 12.8v70.4c0 6.4 6.4 12.8 12.8 12.8z\" class=\"\"><\/path><\/svg><\/i> <img loading=\"lazy\" decoding=\"async\" width=\"16\" height=\"16\" alt=\"Loading\" src=\"https:\/\/www.cubodeideas.com\/blog\/wp-content\/plugins\/page-views-count\/ajax-loader-2x.gif\" border=0 \/><\/p>\n<div class=\"pvc_clear\"><\/div>\n","protected":false},"excerpt":{"rendered":"<p>El clima laboral no se ve, pero se siente.Es la atm\u00f3sfera invisible que rodea a toda empresa y determina si la gente llega motivada o simplemente cumple con su horario.Y en las PYMEs, donde los equipos son peque\u00f1os y las relaciones son m\u00e1s cercanas, ese ambiente tiene un impacto directo en la rentabilidad, la innovaci\u00f3n [&hellip;]<\/p>\n<div class=\"pvc_clear\"><\/div>\n<p id=\"pvc_stats_2919\" class=\"pvc_stats all  \" data-element-id=\"2919\" style=\"\"><i class=\"pvc-stats-icon medium\" aria-hidden=\"true\"><svg aria-hidden=\"true\" focusable=\"false\" data-prefix=\"far\" data-icon=\"chart-bar\" role=\"img\" xmlns=\"http:\/\/www.w3.org\/2000\/svg\" viewBox=\"0 0 512 512\" class=\"svg-inline--fa fa-chart-bar fa-w-16 fa-2x\"><path fill=\"currentColor\" d=\"M396.8 352h22.4c6.4 0 12.8-6.4 12.8-12.8V108.8c0-6.4-6.4-12.8-12.8-12.8h-22.4c-6.4 0-12.8 6.4-12.8 12.8v230.4c0 6.4 6.4 12.8 12.8 12.8zm-192 0h22.4c6.4 0 12.8-6.4 12.8-12.8V140.8c0-6.4-6.4-12.8-12.8-12.8h-22.4c-6.4 0-12.8 6.4-12.8 12.8v198.4c0 6.4 6.4 12.8 12.8 12.8zm96 0h22.4c6.4 0 12.8-6.4 12.8-12.8V204.8c0-6.4-6.4-12.8-12.8-12.8h-22.4c-6.4 0-12.8 6.4-12.8 12.8v134.4c0 6.4 6.4 12.8 12.8 12.8zM496 400H48V80c0-8.84-7.16-16-16-16H16C7.16 64 0 71.16 0 80v336c0 17.67 14.33 32 32 32h464c8.84 0 16-7.16 16-16v-16c0-8.84-7.16-16-16-16zm-387.2-48h22.4c6.4 0 12.8-6.4 12.8-12.8v-70.4c0-6.4-6.4-12.8-12.8-12.8h-22.4c-6.4 0-12.8 6.4-12.8 12.8v70.4c0 6.4 6.4 12.8 12.8 12.8z\" class=\"\"><\/path><\/svg><\/i> <img loading=\"lazy\" decoding=\"async\" width=\"16\" height=\"16\" alt=\"Loading\" src=\"https:\/\/www.cubodeideas.com\/blog\/wp-content\/plugins\/page-views-count\/ajax-loader-2x.gif\" border=0 \/><\/p>\n<div class=\"pvc_clear\"><\/div>\n","protected":false},"author":1,"featured_media":1576,"comment_status":"open","ping_status":"closed","sticky":false,"template":"","format":"standard","meta":{"footnotes":"","jetpack_publicize_message":"","jetpack_publicize_feature_enabled":true,"jetpack_social_post_already_shared":false,"jetpack_social_options":{"image_generator_settings":{"template":"highway","default_image_id":0,"font":"","enabled":false},"version":2}},"categories":[13],"tags":[82,1489,1490],"class_list":["post-2919","post","type-post","status-publish","format-standard","has-post-thumbnail","hentry","category-negocios","tag-cultura-organizacional","tag-gestion-del-clima-laboral-en-pymes","tag-liderazgo-humano"],"blocksy_meta":[],"yoast_head":"<!-- This site is optimized with the Yoast SEO plugin v27.0 - https:\/\/yoast.com\/product\/yoast-seo-wordpress\/ -->\n<title>Gesti\u00f3n del clima laboral en PYMEs: crea un entorno que impulse la productividad -<\/title>\n<meta name=\"description\" content=\"Descubre c\u00f3mo aplicar una gesti\u00f3n del clima laboral en PYMEs efectiva. Crea un entorno de trabajo sano, mejora la productividad y ret\u00e9n al mejor talento.\" \/>\n<meta name=\"robots\" content=\"index, follow, max-snippet:-1, max-image-preview:large, max-video-preview:-1\" \/>\n<link rel=\"canonical\" href=\"https:\/\/www.cubodeideas.com\/blog\/negocios\/gestion-del-clima-laboral-en-pymes-crea-un-entorno-que-impulse-la-productividad\/\" \/>\n<meta property=\"og:locale\" content=\"es_ES\" \/>\n<meta property=\"og:type\" content=\"article\" \/>\n<meta property=\"og:title\" content=\"Gesti\u00f3n del clima laboral en PYMEs: crea un entorno que impulse la productividad -\" \/>\n<meta property=\"og:description\" content=\"Descubre c\u00f3mo aplicar una gesti\u00f3n del clima laboral en PYMEs efectiva. Crea un entorno de trabajo sano, mejora la productividad y ret\u00e9n al mejor talento.\" \/>\n<meta property=\"og:url\" content=\"https:\/\/www.cubodeideas.com\/blog\/negocios\/gestion-del-clima-laboral-en-pymes-crea-un-entorno-que-impulse-la-productividad\/\" \/>\n<meta property=\"article:publisher\" content=\"https:\/\/www.facebook.com\/somoscubodeideas\" \/>\n<meta property=\"article:published_time\" content=\"2025-10-05T03:55:24+00:00\" \/>\n<meta property=\"og:image\" content=\"https:\/\/www.cubodeideas.com\/blog\/wp-content\/uploads\/2024\/02\/people-1979261_1280.jpg\" \/>\n\t<meta property=\"og:image:width\" content=\"1280\" \/>\n\t<meta property=\"og:image:height\" content=\"853\" \/>\n\t<meta property=\"og:image:type\" content=\"image\/jpeg\" \/>\n<meta name=\"author\" content=\"Noel Castro\" \/>\n<meta name=\"twitter:card\" content=\"summary_large_image\" \/>\n<meta name=\"twitter:creator\" content=\"@cubo_ideas\" \/>\n<meta name=\"twitter:site\" content=\"@cubo_ideas\" \/>\n<meta name=\"twitter:label1\" content=\"Escrito por\" \/>\n\t<meta name=\"twitter:data1\" content=\"Noel Castro\" \/>\n\t<meta name=\"twitter:label2\" content=\"Tiempo de lectura\" \/>\n\t<meta name=\"twitter:data2\" content=\"6 minutos\" \/>\n<script type=\"application\/ld+json\" class=\"yoast-schema-graph\">{\"@context\":\"https:\/\/schema.org\",\"@graph\":[{\"@type\":\"Article\",\"@id\":\"https:\/\/www.cubodeideas.com\/blog\/negocios\/gestion-del-clima-laboral-en-pymes-crea-un-entorno-que-impulse-la-productividad\/#article\",\"isPartOf\":{\"@id\":\"https:\/\/www.cubodeideas.com\/blog\/negocios\/gestion-del-clima-laboral-en-pymes-crea-un-entorno-que-impulse-la-productividad\/\"},\"author\":{\"name\":\"Noel Castro\",\"@id\":\"https:\/\/www.cubodeideas.com\/blog\/#\/schema\/person\/5614e43eb76109017cff51a2c7928211\"},\"headline\":\"Gesti\u00f3n del clima laboral en PYMEs: crea un entorno que impulse la productividad\",\"datePublished\":\"2025-10-05T03:55:24+00:00\",\"mainEntityOfPage\":{\"@id\":\"https:\/\/www.cubodeideas.com\/blog\/negocios\/gestion-del-clima-laboral-en-pymes-crea-un-entorno-que-impulse-la-productividad\/\"},\"wordCount\":1280,\"commentCount\":0,\"publisher\":{\"@id\":\"https:\/\/www.cubodeideas.com\/blog\/#organization\"},\"image\":{\"@id\":\"https:\/\/www.cubodeideas.com\/blog\/negocios\/gestion-del-clima-laboral-en-pymes-crea-un-entorno-que-impulse-la-productividad\/#primaryimage\"},\"thumbnailUrl\":\"https:\/\/www.cubodeideas.com\/blog\/wp-content\/uploads\/2024\/02\/people-1979261_1280.jpg\",\"keywords\":[\"Cultura Organizacional.\",\"gesti\u00f3n del clima laboral en PYMEs\",\"liderazgo humano\"],\"articleSection\":[\"Negocios\"],\"inLanguage\":\"es\",\"potentialAction\":[{\"@type\":\"CommentAction\",\"name\":\"Comment\",\"target\":[\"https:\/\/www.cubodeideas.com\/blog\/negocios\/gestion-del-clima-laboral-en-pymes-crea-un-entorno-que-impulse-la-productividad\/#respond\"]}]},{\"@type\":\"WebPage\",\"@id\":\"https:\/\/www.cubodeideas.com\/blog\/negocios\/gestion-del-clima-laboral-en-pymes-crea-un-entorno-que-impulse-la-productividad\/\",\"url\":\"https:\/\/www.cubodeideas.com\/blog\/negocios\/gestion-del-clima-laboral-en-pymes-crea-un-entorno-que-impulse-la-productividad\/\",\"name\":\"Gesti\u00f3n del clima laboral en PYMEs: crea un entorno que impulse la productividad -\",\"isPartOf\":{\"@id\":\"https:\/\/www.cubodeideas.com\/blog\/#website\"},\"primaryImageOfPage\":{\"@id\":\"https:\/\/www.cubodeideas.com\/blog\/negocios\/gestion-del-clima-laboral-en-pymes-crea-un-entorno-que-impulse-la-productividad\/#primaryimage\"},\"image\":{\"@id\":\"https:\/\/www.cubodeideas.com\/blog\/negocios\/gestion-del-clima-laboral-en-pymes-crea-un-entorno-que-impulse-la-productividad\/#primaryimage\"},\"thumbnailUrl\":\"https:\/\/www.cubodeideas.com\/blog\/wp-content\/uploads\/2024\/02\/people-1979261_1280.jpg\",\"datePublished\":\"2025-10-05T03:55:24+00:00\",\"description\":\"Descubre c\u00f3mo aplicar una gesti\u00f3n del clima laboral en PYMEs efectiva. Crea un entorno de trabajo sano, mejora la productividad y ret\u00e9n al mejor talento.\",\"breadcrumb\":{\"@id\":\"https:\/\/www.cubodeideas.com\/blog\/negocios\/gestion-del-clima-laboral-en-pymes-crea-un-entorno-que-impulse-la-productividad\/#breadcrumb\"},\"inLanguage\":\"es\",\"potentialAction\":[{\"@type\":\"ReadAction\",\"target\":[\"https:\/\/www.cubodeideas.com\/blog\/negocios\/gestion-del-clima-laboral-en-pymes-crea-un-entorno-que-impulse-la-productividad\/\"]}]},{\"@type\":\"ImageObject\",\"inLanguage\":\"es\",\"@id\":\"https:\/\/www.cubodeideas.com\/blog\/negocios\/gestion-del-clima-laboral-en-pymes-crea-un-entorno-que-impulse-la-productividad\/#primaryimage\",\"url\":\"https:\/\/www.cubodeideas.com\/blog\/wp-content\/uploads\/2024\/02\/people-1979261_1280.jpg\",\"contentUrl\":\"https:\/\/www.cubodeideas.com\/blog\/wp-content\/uploads\/2024\/02\/people-1979261_1280.jpg\",\"width\":1280,\"height\":853,\"caption\":\"gesti\u00f3n del clima laboral en PYMEs\"},{\"@type\":\"BreadcrumbList\",\"@id\":\"https:\/\/www.cubodeideas.com\/blog\/negocios\/gestion-del-clima-laboral-en-pymes-crea-un-entorno-que-impulse-la-productividad\/#breadcrumb\",\"itemListElement\":[{\"@type\":\"ListItem\",\"position\":1,\"name\":\"Portada\",\"item\":\"https:\/\/www.cubodeideas.com\/blog\/\"},{\"@type\":\"ListItem\",\"position\":2,\"name\":\"Gesti\u00f3n del clima laboral en PYMEs: crea un entorno que impulse la productividad\"}]},{\"@type\":\"WebSite\",\"@id\":\"https:\/\/www.cubodeideas.com\/blog\/#website\",\"url\":\"https:\/\/www.cubodeideas.com\/blog\/\",\"name\":\"Cubo de Ideas\",\"description\":\"Cubo de Ideas, El Blog\",\"publisher\":{\"@id\":\"https:\/\/www.cubodeideas.com\/blog\/#organization\"},\"potentialAction\":[{\"@type\":\"SearchAction\",\"target\":{\"@type\":\"EntryPoint\",\"urlTemplate\":\"https:\/\/www.cubodeideas.com\/blog\/?s={search_term_string}\"},\"query-input\":{\"@type\":\"PropertyValueSpecification\",\"valueRequired\":true,\"valueName\":\"search_term_string\"}}],\"inLanguage\":\"es\"},{\"@type\":\"Organization\",\"@id\":\"https:\/\/www.cubodeideas.com\/blog\/#organization\",\"name\":\"Cubo de Ideas\",\"url\":\"https:\/\/www.cubodeideas.com\/blog\/\",\"logo\":{\"@type\":\"ImageObject\",\"inLanguage\":\"es\",\"@id\":\"https:\/\/www.cubodeideas.com\/blog\/#\/schema\/logo\/image\/\",\"url\":\"https:\/\/www.cubodeideas.com\/blog\/wp-content\/uploads\/2021\/10\/android-icon-72x72-1.png\",\"contentUrl\":\"https:\/\/www.cubodeideas.com\/blog\/wp-content\/uploads\/2021\/10\/android-icon-72x72-1.png\",\"width\":72,\"height\":72,\"caption\":\"Cubo de Ideas\"},\"image\":{\"@id\":\"https:\/\/www.cubodeideas.com\/blog\/#\/schema\/logo\/image\/\"},\"sameAs\":[\"https:\/\/www.facebook.com\/somoscubodeideas\",\"https:\/\/x.com\/cubo_ideas\",\"https:\/\/www.instagram.com\/cubodeideas\"]},{\"@type\":\"Person\",\"@id\":\"https:\/\/www.cubodeideas.com\/blog\/#\/schema\/person\/5614e43eb76109017cff51a2c7928211\",\"name\":\"Noel Castro\",\"description\":\"LEM Noel Castro Monta\u00f1o es CEO de Cubo de Ideas, Director de Operaciones para Citosa Textiles. Asesor de nuevos mercados y estrategias digitales para el segmento Retail. Especialista en marketing para autoservicios y puntos de venta. Especialista en sistemas de gesti\u00f3n de la calidad con enfoque a la ISO 9001:2015\",\"sameAs\":[\"https:\/\/www.cubodeideas.com\/blog\"],\"url\":\"https:\/\/www.cubodeideas.com\/blog\/author\/admin\/\"}]}<\/script>\n<!-- \/ Yoast SEO plugin. -->","yoast_head_json":{"title":"Gesti\u00f3n del clima laboral en PYMEs: crea un entorno que impulse la productividad -","description":"Descubre c\u00f3mo aplicar una gesti\u00f3n del clima laboral en PYMEs efectiva. Crea un entorno de trabajo sano, mejora la productividad y ret\u00e9n al mejor talento.","robots":{"index":"index","follow":"follow","max-snippet":"max-snippet:-1","max-image-preview":"max-image-preview:large","max-video-preview":"max-video-preview:-1"},"canonical":"https:\/\/www.cubodeideas.com\/blog\/negocios\/gestion-del-clima-laboral-en-pymes-crea-un-entorno-que-impulse-la-productividad\/","og_locale":"es_ES","og_type":"article","og_title":"Gesti\u00f3n del clima laboral en PYMEs: crea un entorno que impulse la productividad -","og_description":"Descubre c\u00f3mo aplicar una gesti\u00f3n del clima laboral en PYMEs efectiva. Crea un entorno de trabajo sano, mejora la productividad y ret\u00e9n al mejor talento.","og_url":"https:\/\/www.cubodeideas.com\/blog\/negocios\/gestion-del-clima-laboral-en-pymes-crea-un-entorno-que-impulse-la-productividad\/","article_publisher":"https:\/\/www.facebook.com\/somoscubodeideas","article_published_time":"2025-10-05T03:55:24+00:00","og_image":[{"width":1280,"height":853,"url":"https:\/\/www.cubodeideas.com\/blog\/wp-content\/uploads\/2024\/02\/people-1979261_1280.jpg","type":"image\/jpeg"}],"author":"Noel Castro","twitter_card":"summary_large_image","twitter_creator":"@cubo_ideas","twitter_site":"@cubo_ideas","twitter_misc":{"Escrito por":"Noel Castro","Tiempo de lectura":"6 minutos"},"schema":{"@context":"https:\/\/schema.org","@graph":[{"@type":"Article","@id":"https:\/\/www.cubodeideas.com\/blog\/negocios\/gestion-del-clima-laboral-en-pymes-crea-un-entorno-que-impulse-la-productividad\/#article","isPartOf":{"@id":"https:\/\/www.cubodeideas.com\/blog\/negocios\/gestion-del-clima-laboral-en-pymes-crea-un-entorno-que-impulse-la-productividad\/"},"author":{"name":"Noel Castro","@id":"https:\/\/www.cubodeideas.com\/blog\/#\/schema\/person\/5614e43eb76109017cff51a2c7928211"},"headline":"Gesti\u00f3n del clima laboral en PYMEs: crea un entorno que impulse la productividad","datePublished":"2025-10-05T03:55:24+00:00","mainEntityOfPage":{"@id":"https:\/\/www.cubodeideas.com\/blog\/negocios\/gestion-del-clima-laboral-en-pymes-crea-un-entorno-que-impulse-la-productividad\/"},"wordCount":1280,"commentCount":0,"publisher":{"@id":"https:\/\/www.cubodeideas.com\/blog\/#organization"},"image":{"@id":"https:\/\/www.cubodeideas.com\/blog\/negocios\/gestion-del-clima-laboral-en-pymes-crea-un-entorno-que-impulse-la-productividad\/#primaryimage"},"thumbnailUrl":"https:\/\/www.cubodeideas.com\/blog\/wp-content\/uploads\/2024\/02\/people-1979261_1280.jpg","keywords":["Cultura Organizacional.","gesti\u00f3n del clima laboral en PYMEs","liderazgo humano"],"articleSection":["Negocios"],"inLanguage":"es","potentialAction":[{"@type":"CommentAction","name":"Comment","target":["https:\/\/www.cubodeideas.com\/blog\/negocios\/gestion-del-clima-laboral-en-pymes-crea-un-entorno-que-impulse-la-productividad\/#respond"]}]},{"@type":"WebPage","@id":"https:\/\/www.cubodeideas.com\/blog\/negocios\/gestion-del-clima-laboral-en-pymes-crea-un-entorno-que-impulse-la-productividad\/","url":"https:\/\/www.cubodeideas.com\/blog\/negocios\/gestion-del-clima-laboral-en-pymes-crea-un-entorno-que-impulse-la-productividad\/","name":"Gesti\u00f3n del clima laboral en PYMEs: crea un entorno que impulse la productividad -","isPartOf":{"@id":"https:\/\/www.cubodeideas.com\/blog\/#website"},"primaryImageOfPage":{"@id":"https:\/\/www.cubodeideas.com\/blog\/negocios\/gestion-del-clima-laboral-en-pymes-crea-un-entorno-que-impulse-la-productividad\/#primaryimage"},"image":{"@id":"https:\/\/www.cubodeideas.com\/blog\/negocios\/gestion-del-clima-laboral-en-pymes-crea-un-entorno-que-impulse-la-productividad\/#primaryimage"},"thumbnailUrl":"https:\/\/www.cubodeideas.com\/blog\/wp-content\/uploads\/2024\/02\/people-1979261_1280.jpg","datePublished":"2025-10-05T03:55:24+00:00","description":"Descubre c\u00f3mo aplicar una gesti\u00f3n del clima laboral en PYMEs efectiva. Crea un entorno de trabajo sano, mejora la productividad y ret\u00e9n al mejor talento.","breadcrumb":{"@id":"https:\/\/www.cubodeideas.com\/blog\/negocios\/gestion-del-clima-laboral-en-pymes-crea-un-entorno-que-impulse-la-productividad\/#breadcrumb"},"inLanguage":"es","potentialAction":[{"@type":"ReadAction","target":["https:\/\/www.cubodeideas.com\/blog\/negocios\/gestion-del-clima-laboral-en-pymes-crea-un-entorno-que-impulse-la-productividad\/"]}]},{"@type":"ImageObject","inLanguage":"es","@id":"https:\/\/www.cubodeideas.com\/blog\/negocios\/gestion-del-clima-laboral-en-pymes-crea-un-entorno-que-impulse-la-productividad\/#primaryimage","url":"https:\/\/www.cubodeideas.com\/blog\/wp-content\/uploads\/2024\/02\/people-1979261_1280.jpg","contentUrl":"https:\/\/www.cubodeideas.com\/blog\/wp-content\/uploads\/2024\/02\/people-1979261_1280.jpg","width":1280,"height":853,"caption":"gesti\u00f3n del clima laboral en PYMEs"},{"@type":"BreadcrumbList","@id":"https:\/\/www.cubodeideas.com\/blog\/negocios\/gestion-del-clima-laboral-en-pymes-crea-un-entorno-que-impulse-la-productividad\/#breadcrumb","itemListElement":[{"@type":"ListItem","position":1,"name":"Portada","item":"https:\/\/www.cubodeideas.com\/blog\/"},{"@type":"ListItem","position":2,"name":"Gesti\u00f3n del clima laboral en PYMEs: crea un entorno que impulse la productividad"}]},{"@type":"WebSite","@id":"https:\/\/www.cubodeideas.com\/blog\/#website","url":"https:\/\/www.cubodeideas.com\/blog\/","name":"Cubo de Ideas","description":"Cubo de Ideas, El Blog","publisher":{"@id":"https:\/\/www.cubodeideas.com\/blog\/#organization"},"potentialAction":[{"@type":"SearchAction","target":{"@type":"EntryPoint","urlTemplate":"https:\/\/www.cubodeideas.com\/blog\/?s={search_term_string}"},"query-input":{"@type":"PropertyValueSpecification","valueRequired":true,"valueName":"search_term_string"}}],"inLanguage":"es"},{"@type":"Organization","@id":"https:\/\/www.cubodeideas.com\/blog\/#organization","name":"Cubo de Ideas","url":"https:\/\/www.cubodeideas.com\/blog\/","logo":{"@type":"ImageObject","inLanguage":"es","@id":"https:\/\/www.cubodeideas.com\/blog\/#\/schema\/logo\/image\/","url":"https:\/\/www.cubodeideas.com\/blog\/wp-content\/uploads\/2021\/10\/android-icon-72x72-1.png","contentUrl":"https:\/\/www.cubodeideas.com\/blog\/wp-content\/uploads\/2021\/10\/android-icon-72x72-1.png","width":72,"height":72,"caption":"Cubo de Ideas"},"image":{"@id":"https:\/\/www.cubodeideas.com\/blog\/#\/schema\/logo\/image\/"},"sameAs":["https:\/\/www.facebook.com\/somoscubodeideas","https:\/\/x.com\/cubo_ideas","https:\/\/www.instagram.com\/cubodeideas"]},{"@type":"Person","@id":"https:\/\/www.cubodeideas.com\/blog\/#\/schema\/person\/5614e43eb76109017cff51a2c7928211","name":"Noel Castro","description":"LEM Noel Castro Monta\u00f1o es CEO de Cubo de Ideas, Director de Operaciones para Citosa Textiles. Asesor de nuevos mercados y estrategias digitales para el segmento Retail. Especialista en marketing para autoservicios y puntos de venta. Especialista en sistemas de gesti\u00f3n de la calidad con enfoque a la ISO 9001:2015","sameAs":["https:\/\/www.cubodeideas.com\/blog"],"url":"https:\/\/www.cubodeideas.com\/blog\/author\/admin\/"}]}},"jetpack_publicize_connections":[],"_links":{"self":[{"href":"https:\/\/www.cubodeideas.com\/blog\/wp-json\/wp\/v2\/posts\/2919","targetHints":{"allow":["GET"]}}],"collection":[{"href":"https:\/\/www.cubodeideas.com\/blog\/wp-json\/wp\/v2\/posts"}],"about":[{"href":"https:\/\/www.cubodeideas.com\/blog\/wp-json\/wp\/v2\/types\/post"}],"author":[{"embeddable":true,"href":"https:\/\/www.cubodeideas.com\/blog\/wp-json\/wp\/v2\/users\/1"}],"replies":[{"embeddable":true,"href":"https:\/\/www.cubodeideas.com\/blog\/wp-json\/wp\/v2\/comments?post=2919"}],"version-history":[{"count":1,"href":"https:\/\/www.cubodeideas.com\/blog\/wp-json\/wp\/v2\/posts\/2919\/revisions"}],"predecessor-version":[{"id":2920,"href":"https:\/\/www.cubodeideas.com\/blog\/wp-json\/wp\/v2\/posts\/2919\/revisions\/2920"}],"wp:featuredmedia":[{"embeddable":true,"href":"https:\/\/www.cubodeideas.com\/blog\/wp-json\/wp\/v2\/media\/1576"}],"wp:attachment":[{"href":"https:\/\/www.cubodeideas.com\/blog\/wp-json\/wp\/v2\/media?parent=2919"}],"wp:term":[{"taxonomy":"category","embeddable":true,"href":"https:\/\/www.cubodeideas.com\/blog\/wp-json\/wp\/v2\/categories?post=2919"},{"taxonomy":"post_tag","embeddable":true,"href":"https:\/\/www.cubodeideas.com\/blog\/wp-json\/wp\/v2\/tags?post=2919"}],"curies":[{"name":"wp","href":"https:\/\/api.w.org\/{rel}","templated":true}]}}