{"id":2917,"date":"2025-10-05T03:48:53","date_gmt":"2025-10-05T03:48:53","guid":{"rendered":"https:\/\/www.cubodeideas.com\/blog\/?p=2917"},"modified":"2025-10-05T03:48:53","modified_gmt":"2025-10-05T03:48:53","slug":"gestion-de-la-comunicacion-interna-en-pymes-mejora-la-coordinacion-y-el-compromiso","status":"publish","type":"post","link":"https:\/\/www.cubodeideas.com\/blog\/negocios\/gestion-de-la-comunicacion-interna-en-pymes-mejora-la-coordinacion-y-el-compromiso\/","title":{"rendered":"Gesti\u00f3n de la comunicaci\u00f3n interna en PYMEs: mejora la coordinaci\u00f3n y el compromiso"},"content":{"rendered":"<p data-start=\"727\" data-end=\"1021\">En las peque\u00f1as y medianas empresas, los errores no siempre vienen de la falta de recursos, sino de la falta de comunicaci\u00f3n.<br data-start=\"852\" data-end=\"855\" \/>Malentendidos, mensajes incompletos, decisiones mal transmitidas o la ausencia de retroalimentaci\u00f3n pueden afectar directamente la productividad y el clima laboral.<\/p>\n<p data-start=\"1023\" data-end=\"1322\">\ud83d\udc49 La <strong data-start=\"1029\" data-end=\"1076\">gesti\u00f3n de la comunicaci\u00f3n interna en PYMEs<\/strong> es la herramienta que transforma la informaci\u00f3n dispersa en acci\u00f3n coordinada.<br data-start=\"1155\" data-end=\"1158\" \/>Es el sistema que garantiza que todos los miembros del equipo entiendan hacia d\u00f3nde va la empresa, qu\u00e9 se espera de ellos y c\u00f3mo pueden aportar al objetivo com\u00fan.<\/p>\n<p data-start=\"1324\" data-end=\"1425\">Una buena comunicaci\u00f3n no solo reduce errores: <strong data-start=\"1371\" data-end=\"1422\">crea cohesi\u00f3n, confianza y sentido de prop\u00f3sito<\/strong>.<\/p>\n<hr data-start=\"1427\" data-end=\"1430\" \/>\n<h2 data-start=\"1432\" data-end=\"1501\">\u00bfQu\u00e9 es la comunicaci\u00f3n interna y por qu\u00e9 es clave para las PYMEs?<\/h2>\n<p data-start=\"1503\" data-end=\"1804\">La <strong data-start=\"1506\" data-end=\"1530\">comunicaci\u00f3n interna<\/strong> es el conjunto de procesos, canales y din\u00e1micas mediante los cuales circula la informaci\u00f3n dentro de una empresa.<br data-start=\"1644\" data-end=\"1647\" \/>Incluye tanto los mensajes formales \u2014reuniones, correos, reportes\u2014 como los informales: conversaciones diarias, comentarios o retroalimentaci\u00f3n espont\u00e1nea.<\/p>\n<p data-start=\"1806\" data-end=\"2142\">En una PyME, la gesti\u00f3n de la comunicaci\u00f3n interna no se trata de crear m\u00e1s canales, sino de hacer que la informaci\u00f3n llegue <strong data-start=\"1931\" data-end=\"1974\">clara, a tiempo y a la persona correcta<\/strong>.<br data-start=\"1975\" data-end=\"1978\" \/>La diferencia entre una empresa que comunica bien y una que no, se nota en la coordinaci\u00f3n, en la velocidad para resolver problemas y en la motivaci\u00f3n del equipo.<\/p>\n<p data-start=\"2144\" data-end=\"2342\">Una comunicaci\u00f3n deficiente genera duplicidad de tareas, errores repetidos, frustraci\u00f3n y desconfianza.<br data-start=\"2247\" data-end=\"2250\" \/>En cambio, una comunicaci\u00f3n efectiva une, empodera y acelera el cumplimiento de objetivos.<\/p>\n<p data-start=\"2344\" data-end=\"2442\">\ud83d\udc49 En toda PyME, la comunicaci\u00f3n interna es el \u201csistema nervioso\u201d que conecta a todas las \u00e1reas.<\/p>\n<hr data-start=\"2444\" data-end=\"2447\" \/>\n<h2 data-start=\"2449\" data-end=\"2524\">La gesti\u00f3n de la comunicaci\u00f3n interna en PYMEs: m\u00e1s que hablar, escuchar<\/h2>\n<p data-start=\"2526\" data-end=\"2738\">Una comunicaci\u00f3n efectiva no consiste en enviar m\u00e1s mensajes, sino en <strong data-start=\"2596\" data-end=\"2620\">escuchar activamente<\/strong>.<br data-start=\"2621\" data-end=\"2624\" \/>La mayor\u00eda de los conflictos laborales no nacen por falta de informaci\u00f3n, sino porque nadie se siente escuchado.<\/p>\n<p data-start=\"2740\" data-end=\"2936\">La <strong data-start=\"2743\" data-end=\"2790\">gesti\u00f3n de la comunicaci\u00f3n interna en PYMEs<\/strong> debe basarse en un flujo bidireccional: de arriba hacia abajo para informar decisiones, y de abajo hacia arriba para recibir retroalimentaci\u00f3n.<\/p>\n<p data-start=\"2938\" data-end=\"3141\">Los l\u00edderes deben crear espacios donde el personal pueda expresar inquietudes, proponer mejoras y compartir ideas sin temor.<br data-start=\"3062\" data-end=\"3065\" \/>Esa apertura construye confianza, y la confianza multiplica el compromiso.<\/p>\n<p data-start=\"3143\" data-end=\"3248\">Un mensaje claro desde la direcci\u00f3n debe responder tres preguntas b\u00e1sicas que todo colaborador se hace:<\/p>\n<ol data-start=\"3249\" data-end=\"3377\">\n<li data-start=\"3249\" data-end=\"3275\">\n<p data-start=\"3252\" data-end=\"3275\">\u00bfQu\u00e9 se espera de m\u00ed?<\/p>\n<\/li>\n<li data-start=\"3276\" data-end=\"3316\">\n<p data-start=\"3279\" data-end=\"3316\">\u00bfPor qu\u00e9 es importante lo que hago?<\/p>\n<\/li>\n<li data-start=\"3317\" data-end=\"3377\">\n<p data-start=\"3320\" data-end=\"3377\">\u00bfC\u00f3mo contribuye mi trabajo al resultado de la empresa?<\/p>\n<\/li>\n<\/ol>\n<p data-start=\"3379\" data-end=\"3469\">Cuando estas respuestas son evidentes, los equipos trabajan con mayor enfoque y sentido.<\/p>\n<hr data-start=\"3471\" data-end=\"3474\" \/>\n<h2 data-start=\"3476\" data-end=\"3531\">C\u00f3mo estructurar la comunicaci\u00f3n interna de una PyME<\/h2>\n<p data-start=\"3533\" data-end=\"3740\">En muchas PYMEs, la comunicaci\u00f3n depende del due\u00f1o o del gerente, y se vuelve informal y reactiva.<br data-start=\"3631\" data-end=\"3634\" \/>El desaf\u00edo est\u00e1 en convertir esa din\u00e1mica en un sistema estructurado, sin burocracia, pero con claridad.<\/p>\n<p data-start=\"3742\" data-end=\"4018\">El primer paso es <strong data-start=\"3760\" data-end=\"3793\">definir los canales oficiales<\/strong>. Cada tipo de informaci\u00f3n debe tener un medio adecuado: correos para temas formales, mensajer\u00eda para operaciones r\u00e1pidas, reuniones breves para decisiones conjuntas y tableros digitales para indicadores o avisos generales.<\/p>\n<p data-start=\"4020\" data-end=\"4352\">Tambi\u00e9n es necesario establecer <strong data-start=\"4052\" data-end=\"4078\">frecuencia y prop\u00f3sito<\/strong>. No se trata de llenar la agenda con reuniones, sino de programar encuentros que realmente aporten valor: juntas semanales para revisi\u00f3n de objetivos, comunicados mensuales para actualizaciones estrat\u00e9gicas y espacios de feedback individual al menos una vez al trimestre.<\/p>\n<p data-start=\"4354\" data-end=\"4616\">La <strong data-start=\"4357\" data-end=\"4404\">gesti\u00f3n de la comunicaci\u00f3n interna en PYMEs<\/strong> requiere consistencia. Un mensaje importante no puede depender de un chat informal o de que alguien \u201cse acuerde de avisar\u201d.<br data-start=\"4528\" data-end=\"4531\" \/>Estandarizar los canales y los formatos mejora la eficiencia y reduce la confusi\u00f3n.<\/p>\n<p data-start=\"4618\" data-end=\"4849\">Adem\u00e1s, la comunicaci\u00f3n debe adaptarse al perfil del equipo. No todos procesan la informaci\u00f3n igual. Algunos prefieren documentos escritos, otros visuales o mensajes breves. Conocer a tu equipo tambi\u00e9n es parte de comunicar bien.<\/p>\n<hr data-start=\"4851\" data-end=\"4854\" \/>\n<h2 data-start=\"4856\" data-end=\"4911\">La tecnolog\u00eda como aliada en la comunicaci\u00f3n interna<\/h2>\n<p data-start=\"4913\" data-end=\"5180\">Hoy, las PYMEs pueden mejorar su comunicaci\u00f3n con herramientas accesibles y sencillas.<br data-start=\"4999\" data-end=\"5002\" \/>Aplicaciones como Slack, Microsoft Teams, Google Chat o Trello permiten centralizar mensajes, tareas y archivos, evitando la dispersi\u00f3n de informaci\u00f3n en m\u00faltiples plataformas.<\/p>\n<p data-start=\"5182\" data-end=\"5486\">Sin embargo, la tecnolog\u00eda no sustituye el contacto humano.<br data-start=\"5241\" data-end=\"5244\" \/>El equilibrio est\u00e1 en usarla para <strong data-start=\"5278\" data-end=\"5342\">facilitar la coordinaci\u00f3n sin despersonalizar la interacci\u00f3n<\/strong>.<br data-start=\"5343\" data-end=\"5346\" \/>Un mensaje automatizado puede ser eficiente, pero una conversaci\u00f3n directa resuelve conflictos m\u00e1s r\u00e1pido y fortalece la relaci\u00f3n laboral.<\/p>\n<p data-start=\"5488\" data-end=\"5611\">La <strong data-start=\"5491\" data-end=\"5538\">gesti\u00f3n de la comunicaci\u00f3n interna en PYMEs<\/strong> debe usar la tecnolog\u00eda como soporte, no como sustituto del liderazgo.<\/p>\n<hr data-start=\"5613\" data-end=\"5616\" \/>\n<h2 data-start=\"5618\" data-end=\"5688\">Comunicaci\u00f3n y cultura organizacional: dos caras de la misma moneda<\/h2>\n<p data-start=\"5690\" data-end=\"5903\">La forma en que una PyME comunica refleja su cultura.<br data-start=\"5743\" data-end=\"5746\" \/>Si los mensajes son confusos, autoritarios o se comparten de \u00faltimo momento, probablemente esa sea la manera en que se toman decisiones en la organizaci\u00f3n.<\/p>\n<p data-start=\"5905\" data-end=\"6164\">Por el contrario, una comunicaci\u00f3n transparente y participativa refuerza una cultura de confianza y colaboraci\u00f3n.<br data-start=\"6018\" data-end=\"6021\" \/>Los colaboradores no necesitan saber todo, pero s\u00ed deben entender <strong data-start=\"6087\" data-end=\"6098\">por qu\u00e9<\/strong> se hacen las cosas y c\u00f3mo sus acciones impactan en el conjunto.<\/p>\n<p data-start=\"6166\" data-end=\"6343\">Cuando la empresa comparte avances, reconoce logros y explica los cambios con claridad, genera sentido de pertenencia.<br data-start=\"6284\" data-end=\"6287\" \/>Y ese sentido de pertenencia se traduce en compromiso.<\/p>\n<p data-start=\"6345\" data-end=\"6453\">\ud83d\udc49 La comunicaci\u00f3n interna es el veh\u00edculo de la cultura empresarial. No puede construirse una sin la otra.<\/p>\n<hr data-start=\"6455\" data-end=\"6458\" \/>\n<h2 data-start=\"6460\" data-end=\"6521\">Obst\u00e1culos comunes en la comunicaci\u00f3n interna de las PYMEs<\/h2>\n<p data-start=\"6523\" data-end=\"6877\">Uno de los mayores retos es la <strong data-start=\"6554\" data-end=\"6583\">sobrecarga de informaci\u00f3n<\/strong>. En muchas empresas, los mensajes importantes se pierden entre correos, grupos de WhatsApp y avisos de \u00faltimo minuto.<br data-start=\"6701\" data-end=\"6704\" \/>Otro obst\u00e1culo frecuente es la falta de claridad. Los l\u00edderes dan instrucciones incompletas, los empleados suponen, y el resultado es trabajo duplicado o errores costosos.<\/p>\n<p data-start=\"6879\" data-end=\"7083\">Tambi\u00e9n existe el problema del <strong data-start=\"6910\" data-end=\"6931\">miedo a comunicar<\/strong>. Algunos colaboradores evitan hablar por temor a represalias o indiferencia, lo que lleva a problemas ocultos que solo se revelan cuando ya es tarde.<\/p>\n<p data-start=\"7085\" data-end=\"7315\">Superar estos obst\u00e1culos requiere disciplina, empat\u00eda y constancia.<br data-start=\"7152\" data-end=\"7155\" \/>La <strong data-start=\"7158\" data-end=\"7205\">gesti\u00f3n de la comunicaci\u00f3n interna en PYMEs<\/strong> no se mejora con una sola acci\u00f3n, sino con una pr\u00e1ctica diaria de transparencia, claridad y escucha activa.<\/p>\n<hr data-start=\"7317\" data-end=\"7320\" \/>\n<h2 data-start=\"7322\" data-end=\"7377\">C\u00f3mo medir la efectividad de la comunicaci\u00f3n interna<\/h2>\n<p data-start=\"7379\" data-end=\"7626\">Aunque parezca intangible, la comunicaci\u00f3n se puede medir.<br data-start=\"7437\" data-end=\"7440\" \/>Indicadores como el n\u00famero de errores por falta de informaci\u00f3n, la asistencia a reuniones, la rotaci\u00f3n de personal o el clima laboral son se\u00f1ales del nivel de efectividad comunicativa.<\/p>\n<p data-start=\"7628\" data-end=\"7901\">Tambi\u00e9n es \u00fatil realizar encuestas internas o reuniones de retroalimentaci\u00f3n para conocer c\u00f3mo percibe el equipo la comunicaci\u00f3n dentro de la empresa.<br data-start=\"7778\" data-end=\"7781\" \/>Cuando la informaci\u00f3n fluye bien, los resultados lo reflejan: menos conflictos, mejor coordinaci\u00f3n y mayor compromiso.<\/p>\n<p data-start=\"7903\" data-end=\"7950\">\ud83d\udc49 Lo que no se comunica bien, se repite mal.<\/p>\n<hr data-start=\"7952\" data-end=\"7955\" \/>\n<h2 data-start=\"7957\" data-end=\"7970\">Conclusi\u00f3n<\/h2>\n<p data-start=\"7972\" data-end=\"8163\">La <strong data-start=\"7975\" data-end=\"8022\">gesti\u00f3n de la comunicaci\u00f3n interna en PYMEs<\/strong> es el cimiento invisible de toda empresa eficiente.<br data-start=\"8074\" data-end=\"8077\" \/>Sin comunicaci\u00f3n clara, no hay coordinaci\u00f3n. Sin coordinaci\u00f3n, no hay productividad.<\/p>\n<p data-start=\"8165\" data-end=\"8418\">La buena comunicaci\u00f3n no requiere grandes discursos ni tecnolog\u00eda costosa, sino coherencia, respeto y voluntad de escuchar.<br data-start=\"8288\" data-end=\"8291\" \/>Cada mensaje que se transmite con claridad refuerza la confianza, y cada di\u00e1logo abierto acerca m\u00e1s a la empresa a su visi\u00f3n.<\/p>\n<p data-start=\"8420\" data-end=\"8552\">\ud83d\udc49 En las PYMEs, comunicar no es solo informar: es conectar.<br data-start=\"8480\" data-end=\"8483\" \/>Y cuando la gente se siente conectada, los resultados llegan solos.<\/p>\n<div class=\"pvc_clear\"><\/div>\n<p id=\"pvc_stats_2917\" class=\"pvc_stats all  \" data-element-id=\"2917\" style=\"\"><i class=\"pvc-stats-icon medium\" aria-hidden=\"true\"><svg aria-hidden=\"true\" focusable=\"false\" data-prefix=\"far\" data-icon=\"chart-bar\" role=\"img\" xmlns=\"http:\/\/www.w3.org\/2000\/svg\" viewBox=\"0 0 512 512\" class=\"svg-inline--fa fa-chart-bar fa-w-16 fa-2x\"><path fill=\"currentColor\" d=\"M396.8 352h22.4c6.4 0 12.8-6.4 12.8-12.8V108.8c0-6.4-6.4-12.8-12.8-12.8h-22.4c-6.4 0-12.8 6.4-12.8 12.8v230.4c0 6.4 6.4 12.8 12.8 12.8zm-192 0h22.4c6.4 0 12.8-6.4 12.8-12.8V140.8c0-6.4-6.4-12.8-12.8-12.8h-22.4c-6.4 0-12.8 6.4-12.8 12.8v198.4c0 6.4 6.4 12.8 12.8 12.8zm96 0h22.4c6.4 0 12.8-6.4 12.8-12.8V204.8c0-6.4-6.4-12.8-12.8-12.8h-22.4c-6.4 0-12.8 6.4-12.8 12.8v134.4c0 6.4 6.4 12.8 12.8 12.8zM496 400H48V80c0-8.84-7.16-16-16-16H16C7.16 64 0 71.16 0 80v336c0 17.67 14.33 32 32 32h464c8.84 0 16-7.16 16-16v-16c0-8.84-7.16-16-16-16zm-387.2-48h22.4c6.4 0 12.8-6.4 12.8-12.8v-70.4c0-6.4-6.4-12.8-12.8-12.8h-22.4c-6.4 0-12.8 6.4-12.8 12.8v70.4c0 6.4 6.4 12.8 12.8 12.8z\" class=\"\"><\/path><\/svg><\/i> <img loading=\"lazy\" decoding=\"async\" width=\"16\" height=\"16\" alt=\"Loading\" src=\"https:\/\/www.cubodeideas.com\/blog\/wp-content\/plugins\/page-views-count\/ajax-loader-2x.gif\" border=0 \/><\/p>\n<div class=\"pvc_clear\"><\/div>\n","protected":false},"excerpt":{"rendered":"<p>En las peque\u00f1as y medianas empresas, los errores no siempre vienen de la falta de recursos, sino de la falta de comunicaci\u00f3n.Malentendidos, mensajes incompletos, decisiones mal transmitidas o la ausencia de retroalimentaci\u00f3n pueden afectar directamente la productividad y el clima laboral. \ud83d\udc49 La gesti\u00f3n de la comunicaci\u00f3n interna en PYMEs es la herramienta que transforma [&hellip;]<\/p>\n<div class=\"pvc_clear\"><\/div>\n<p id=\"pvc_stats_2917\" class=\"pvc_stats all  \" data-element-id=\"2917\" style=\"\"><i class=\"pvc-stats-icon medium\" aria-hidden=\"true\"><svg aria-hidden=\"true\" focusable=\"false\" data-prefix=\"far\" data-icon=\"chart-bar\" role=\"img\" xmlns=\"http:\/\/www.w3.org\/2000\/svg\" viewBox=\"0 0 512 512\" class=\"svg-inline--fa fa-chart-bar fa-w-16 fa-2x\"><path fill=\"currentColor\" d=\"M396.8 352h22.4c6.4 0 12.8-6.4 12.8-12.8V108.8c0-6.4-6.4-12.8-12.8-12.8h-22.4c-6.4 0-12.8 6.4-12.8 12.8v230.4c0 6.4 6.4 12.8 12.8 12.8zm-192 0h22.4c6.4 0 12.8-6.4 12.8-12.8V140.8c0-6.4-6.4-12.8-12.8-12.8h-22.4c-6.4 0-12.8 6.4-12.8 12.8v198.4c0 6.4 6.4 12.8 12.8 12.8zm96 0h22.4c6.4 0 12.8-6.4 12.8-12.8V204.8c0-6.4-6.4-12.8-12.8-12.8h-22.4c-6.4 0-12.8 6.4-12.8 12.8v134.4c0 6.4 6.4 12.8 12.8 12.8zM496 400H48V80c0-8.84-7.16-16-16-16H16C7.16 64 0 71.16 0 80v336c0 17.67 14.33 32 32 32h464c8.84 0 16-7.16 16-16v-16c0-8.84-7.16-16-16-16zm-387.2-48h22.4c6.4 0 12.8-6.4 12.8-12.8v-70.4c0-6.4-6.4-12.8-12.8-12.8h-22.4c-6.4 0-12.8 6.4-12.8 12.8v70.4c0 6.4 6.4 12.8 12.8 12.8z\" class=\"\"><\/path><\/svg><\/i> <img loading=\"lazy\" decoding=\"async\" width=\"16\" height=\"16\" alt=\"Loading\" src=\"https:\/\/www.cubodeideas.com\/blog\/wp-content\/plugins\/page-views-count\/ajax-loader-2x.gif\" border=0 \/><\/p>\n<div class=\"pvc_clear\"><\/div>\n","protected":false},"author":1,"featured_media":1403,"comment_status":"open","ping_status":"closed","sticky":false,"template":"","format":"standard","meta":{"footnotes":"","jetpack_publicize_message":"","jetpack_publicize_feature_enabled":true,"jetpack_social_post_already_shared":false,"jetpack_social_options":{"image_generator_settings":{"template":"highway","default_image_id":0,"font":"","enabled":false},"version":2}},"categories":[13],"tags":[1488,1487],"class_list":["post-2917","post","type-post","status-publish","format-standard","has-post-thumbnail","hentry","category-negocios","tag-comunicacion-organizacional","tag-gestion-de-la-comunicacion-interna-en-pymes"],"blocksy_meta":[],"yoast_head":"<!-- This site is optimized with the Yoast SEO plugin v27.0 - https:\/\/yoast.com\/product\/yoast-seo-wordpress\/ -->\n<title>Gesti\u00f3n de la comunicaci\u00f3n interna en PYMEs: mejora la coordinaci\u00f3n y el compromiso -<\/title>\n<meta name=\"description\" content=\"Aprende c\u00f3mo aplicar una gesti\u00f3n de la comunicaci\u00f3n interna en PYMEs efectiva. Mejora la coordinaci\u00f3n, fortalece la cultura y aumenta el compromiso del equipo.\" \/>\n<meta name=\"robots\" content=\"index, follow, max-snippet:-1, max-image-preview:large, max-video-preview:-1\" \/>\n<link rel=\"canonical\" href=\"https:\/\/www.cubodeideas.com\/blog\/negocios\/gestion-de-la-comunicacion-interna-en-pymes-mejora-la-coordinacion-y-el-compromiso\/\" \/>\n<meta property=\"og:locale\" content=\"es_ES\" \/>\n<meta property=\"og:type\" content=\"article\" \/>\n<meta property=\"og:title\" content=\"Gesti\u00f3n de la comunicaci\u00f3n interna en PYMEs: mejora la coordinaci\u00f3n y el compromiso -\" \/>\n<meta property=\"og:description\" content=\"Aprende c\u00f3mo aplicar una gesti\u00f3n de la comunicaci\u00f3n interna en PYMEs efectiva. Mejora la coordinaci\u00f3n, fortalece la cultura y aumenta el compromiso del equipo.\" \/>\n<meta property=\"og:url\" content=\"https:\/\/www.cubodeideas.com\/blog\/negocios\/gestion-de-la-comunicacion-interna-en-pymes-mejora-la-coordinacion-y-el-compromiso\/\" \/>\n<meta property=\"article:publisher\" content=\"https:\/\/www.facebook.com\/somoscubodeideas\" \/>\n<meta property=\"article:published_time\" content=\"2025-10-05T03:48:53+00:00\" \/>\n<meta property=\"og:image\" content=\"https:\/\/www.cubodeideas.com\/blog\/wp-content\/uploads\/2024\/02\/teamwork-3213924_1280.jpg\" \/>\n\t<meta property=\"og:image:width\" content=\"1280\" \/>\n\t<meta property=\"og:image:height\" content=\"807\" \/>\n\t<meta property=\"og:image:type\" content=\"image\/jpeg\" \/>\n<meta name=\"author\" content=\"Noel Castro\" \/>\n<meta name=\"twitter:card\" content=\"summary_large_image\" \/>\n<meta name=\"twitter:creator\" content=\"@cubo_ideas\" \/>\n<meta name=\"twitter:site\" content=\"@cubo_ideas\" \/>\n<meta name=\"twitter:label1\" content=\"Escrito por\" \/>\n\t<meta name=\"twitter:data1\" content=\"Noel Castro\" \/>\n\t<meta name=\"twitter:label2\" content=\"Tiempo de lectura\" \/>\n\t<meta name=\"twitter:data2\" content=\"6 minutos\" \/>\n<script type=\"application\/ld+json\" class=\"yoast-schema-graph\">{\"@context\":\"https:\/\/schema.org\",\"@graph\":[{\"@type\":\"Article\",\"@id\":\"https:\/\/www.cubodeideas.com\/blog\/negocios\/gestion-de-la-comunicacion-interna-en-pymes-mejora-la-coordinacion-y-el-compromiso\/#article\",\"isPartOf\":{\"@id\":\"https:\/\/www.cubodeideas.com\/blog\/negocios\/gestion-de-la-comunicacion-interna-en-pymes-mejora-la-coordinacion-y-el-compromiso\/\"},\"author\":{\"name\":\"Noel Castro\",\"@id\":\"https:\/\/www.cubodeideas.com\/blog\/#\/schema\/person\/5614e43eb76109017cff51a2c7928211\"},\"headline\":\"Gesti\u00f3n de la comunicaci\u00f3n interna en PYMEs: mejora la coordinaci\u00f3n y el compromiso\",\"datePublished\":\"2025-10-05T03:48:53+00:00\",\"mainEntityOfPage\":{\"@id\":\"https:\/\/www.cubodeideas.com\/blog\/negocios\/gestion-de-la-comunicacion-interna-en-pymes-mejora-la-coordinacion-y-el-compromiso\/\"},\"wordCount\":1282,\"commentCount\":0,\"publisher\":{\"@id\":\"https:\/\/www.cubodeideas.com\/blog\/#organization\"},\"image\":{\"@id\":\"https:\/\/www.cubodeideas.com\/blog\/negocios\/gestion-de-la-comunicacion-interna-en-pymes-mejora-la-coordinacion-y-el-compromiso\/#primaryimage\"},\"thumbnailUrl\":\"https:\/\/www.cubodeideas.com\/blog\/wp-content\/uploads\/2024\/02\/teamwork-3213924_1280.jpg\",\"keywords\":[\"comunicaci\u00f3n organizacional\",\"gesti\u00f3n de la comunicaci\u00f3n interna en PYMEs\"],\"articleSection\":[\"Negocios\"],\"inLanguage\":\"es\",\"potentialAction\":[{\"@type\":\"CommentAction\",\"name\":\"Comment\",\"target\":[\"https:\/\/www.cubodeideas.com\/blog\/negocios\/gestion-de-la-comunicacion-interna-en-pymes-mejora-la-coordinacion-y-el-compromiso\/#respond\"]}]},{\"@type\":\"WebPage\",\"@id\":\"https:\/\/www.cubodeideas.com\/blog\/negocios\/gestion-de-la-comunicacion-interna-en-pymes-mejora-la-coordinacion-y-el-compromiso\/\",\"url\":\"https:\/\/www.cubodeideas.com\/blog\/negocios\/gestion-de-la-comunicacion-interna-en-pymes-mejora-la-coordinacion-y-el-compromiso\/\",\"name\":\"Gesti\u00f3n de la comunicaci\u00f3n interna en PYMEs: mejora la coordinaci\u00f3n y el compromiso -\",\"isPartOf\":{\"@id\":\"https:\/\/www.cubodeideas.com\/blog\/#website\"},\"primaryImageOfPage\":{\"@id\":\"https:\/\/www.cubodeideas.com\/blog\/negocios\/gestion-de-la-comunicacion-interna-en-pymes-mejora-la-coordinacion-y-el-compromiso\/#primaryimage\"},\"image\":{\"@id\":\"https:\/\/www.cubodeideas.com\/blog\/negocios\/gestion-de-la-comunicacion-interna-en-pymes-mejora-la-coordinacion-y-el-compromiso\/#primaryimage\"},\"thumbnailUrl\":\"https:\/\/www.cubodeideas.com\/blog\/wp-content\/uploads\/2024\/02\/teamwork-3213924_1280.jpg\",\"datePublished\":\"2025-10-05T03:48:53+00:00\",\"description\":\"Aprende c\u00f3mo aplicar una gesti\u00f3n de la comunicaci\u00f3n interna en PYMEs efectiva. Mejora la coordinaci\u00f3n, fortalece la cultura y aumenta el compromiso del equipo.\",\"breadcrumb\":{\"@id\":\"https:\/\/www.cubodeideas.com\/blog\/negocios\/gestion-de-la-comunicacion-interna-en-pymes-mejora-la-coordinacion-y-el-compromiso\/#breadcrumb\"},\"inLanguage\":\"es\",\"potentialAction\":[{\"@type\":\"ReadAction\",\"target\":[\"https:\/\/www.cubodeideas.com\/blog\/negocios\/gestion-de-la-comunicacion-interna-en-pymes-mejora-la-coordinacion-y-el-compromiso\/\"]}]},{\"@type\":\"ImageObject\",\"inLanguage\":\"es\",\"@id\":\"https:\/\/www.cubodeideas.com\/blog\/negocios\/gestion-de-la-comunicacion-interna-en-pymes-mejora-la-coordinacion-y-el-compromiso\/#primaryimage\",\"url\":\"https:\/\/www.cubodeideas.com\/blog\/wp-content\/uploads\/2024\/02\/teamwork-3213924_1280.jpg\",\"contentUrl\":\"https:\/\/www.cubodeideas.com\/blog\/wp-content\/uploads\/2024\/02\/teamwork-3213924_1280.jpg\",\"width\":1280,\"height\":807,\"caption\":\"gesti\u00f3n de la comunicaci\u00f3n interna en PYMEs\"},{\"@type\":\"BreadcrumbList\",\"@id\":\"https:\/\/www.cubodeideas.com\/blog\/negocios\/gestion-de-la-comunicacion-interna-en-pymes-mejora-la-coordinacion-y-el-compromiso\/#breadcrumb\",\"itemListElement\":[{\"@type\":\"ListItem\",\"position\":1,\"name\":\"Portada\",\"item\":\"https:\/\/www.cubodeideas.com\/blog\/\"},{\"@type\":\"ListItem\",\"position\":2,\"name\":\"Gesti\u00f3n de la comunicaci\u00f3n interna en PYMEs: mejora la coordinaci\u00f3n y el compromiso\"}]},{\"@type\":\"WebSite\",\"@id\":\"https:\/\/www.cubodeideas.com\/blog\/#website\",\"url\":\"https:\/\/www.cubodeideas.com\/blog\/\",\"name\":\"Cubo de Ideas\",\"description\":\"Cubo de Ideas, El Blog\",\"publisher\":{\"@id\":\"https:\/\/www.cubodeideas.com\/blog\/#organization\"},\"potentialAction\":[{\"@type\":\"SearchAction\",\"target\":{\"@type\":\"EntryPoint\",\"urlTemplate\":\"https:\/\/www.cubodeideas.com\/blog\/?s={search_term_string}\"},\"query-input\":{\"@type\":\"PropertyValueSpecification\",\"valueRequired\":true,\"valueName\":\"search_term_string\"}}],\"inLanguage\":\"es\"},{\"@type\":\"Organization\",\"@id\":\"https:\/\/www.cubodeideas.com\/blog\/#organization\",\"name\":\"Cubo de Ideas\",\"url\":\"https:\/\/www.cubodeideas.com\/blog\/\",\"logo\":{\"@type\":\"ImageObject\",\"inLanguage\":\"es\",\"@id\":\"https:\/\/www.cubodeideas.com\/blog\/#\/schema\/logo\/image\/\",\"url\":\"https:\/\/www.cubodeideas.com\/blog\/wp-content\/uploads\/2021\/10\/android-icon-72x72-1.png\",\"contentUrl\":\"https:\/\/www.cubodeideas.com\/blog\/wp-content\/uploads\/2021\/10\/android-icon-72x72-1.png\",\"width\":72,\"height\":72,\"caption\":\"Cubo de Ideas\"},\"image\":{\"@id\":\"https:\/\/www.cubodeideas.com\/blog\/#\/schema\/logo\/image\/\"},\"sameAs\":[\"https:\/\/www.facebook.com\/somoscubodeideas\",\"https:\/\/x.com\/cubo_ideas\",\"https:\/\/www.instagram.com\/cubodeideas\"]},{\"@type\":\"Person\",\"@id\":\"https:\/\/www.cubodeideas.com\/blog\/#\/schema\/person\/5614e43eb76109017cff51a2c7928211\",\"name\":\"Noel Castro\",\"description\":\"LEM Noel Castro Monta\u00f1o es CEO de Cubo de Ideas, Director de Operaciones para Citosa Textiles. Asesor de nuevos mercados y estrategias digitales para el segmento Retail. Especialista en marketing para autoservicios y puntos de venta. Especialista en sistemas de gesti\u00f3n de la calidad con enfoque a la ISO 9001:2015\",\"sameAs\":[\"https:\/\/www.cubodeideas.com\/blog\"],\"url\":\"https:\/\/www.cubodeideas.com\/blog\/author\/admin\/\"}]}<\/script>\n<!-- \/ Yoast SEO plugin. -->","yoast_head_json":{"title":"Gesti\u00f3n de la comunicaci\u00f3n interna en PYMEs: mejora la coordinaci\u00f3n y el compromiso -","description":"Aprende c\u00f3mo aplicar una gesti\u00f3n de la comunicaci\u00f3n interna en PYMEs efectiva. Mejora la coordinaci\u00f3n, fortalece la cultura y aumenta el compromiso del equipo.","robots":{"index":"index","follow":"follow","max-snippet":"max-snippet:-1","max-image-preview":"max-image-preview:large","max-video-preview":"max-video-preview:-1"},"canonical":"https:\/\/www.cubodeideas.com\/blog\/negocios\/gestion-de-la-comunicacion-interna-en-pymes-mejora-la-coordinacion-y-el-compromiso\/","og_locale":"es_ES","og_type":"article","og_title":"Gesti\u00f3n de la comunicaci\u00f3n interna en PYMEs: mejora la coordinaci\u00f3n y el compromiso -","og_description":"Aprende c\u00f3mo aplicar una gesti\u00f3n de la comunicaci\u00f3n interna en PYMEs efectiva. Mejora la coordinaci\u00f3n, fortalece la cultura y aumenta el compromiso del equipo.","og_url":"https:\/\/www.cubodeideas.com\/blog\/negocios\/gestion-de-la-comunicacion-interna-en-pymes-mejora-la-coordinacion-y-el-compromiso\/","article_publisher":"https:\/\/www.facebook.com\/somoscubodeideas","article_published_time":"2025-10-05T03:48:53+00:00","og_image":[{"width":1280,"height":807,"url":"https:\/\/www.cubodeideas.com\/blog\/wp-content\/uploads\/2024\/02\/teamwork-3213924_1280.jpg","type":"image\/jpeg"}],"author":"Noel Castro","twitter_card":"summary_large_image","twitter_creator":"@cubo_ideas","twitter_site":"@cubo_ideas","twitter_misc":{"Escrito por":"Noel Castro","Tiempo de lectura":"6 minutos"},"schema":{"@context":"https:\/\/schema.org","@graph":[{"@type":"Article","@id":"https:\/\/www.cubodeideas.com\/blog\/negocios\/gestion-de-la-comunicacion-interna-en-pymes-mejora-la-coordinacion-y-el-compromiso\/#article","isPartOf":{"@id":"https:\/\/www.cubodeideas.com\/blog\/negocios\/gestion-de-la-comunicacion-interna-en-pymes-mejora-la-coordinacion-y-el-compromiso\/"},"author":{"name":"Noel Castro","@id":"https:\/\/www.cubodeideas.com\/blog\/#\/schema\/person\/5614e43eb76109017cff51a2c7928211"},"headline":"Gesti\u00f3n de la comunicaci\u00f3n interna en PYMEs: mejora la coordinaci\u00f3n y el compromiso","datePublished":"2025-10-05T03:48:53+00:00","mainEntityOfPage":{"@id":"https:\/\/www.cubodeideas.com\/blog\/negocios\/gestion-de-la-comunicacion-interna-en-pymes-mejora-la-coordinacion-y-el-compromiso\/"},"wordCount":1282,"commentCount":0,"publisher":{"@id":"https:\/\/www.cubodeideas.com\/blog\/#organization"},"image":{"@id":"https:\/\/www.cubodeideas.com\/blog\/negocios\/gestion-de-la-comunicacion-interna-en-pymes-mejora-la-coordinacion-y-el-compromiso\/#primaryimage"},"thumbnailUrl":"https:\/\/www.cubodeideas.com\/blog\/wp-content\/uploads\/2024\/02\/teamwork-3213924_1280.jpg","keywords":["comunicaci\u00f3n organizacional","gesti\u00f3n de la comunicaci\u00f3n interna en PYMEs"],"articleSection":["Negocios"],"inLanguage":"es","potentialAction":[{"@type":"CommentAction","name":"Comment","target":["https:\/\/www.cubodeideas.com\/blog\/negocios\/gestion-de-la-comunicacion-interna-en-pymes-mejora-la-coordinacion-y-el-compromiso\/#respond"]}]},{"@type":"WebPage","@id":"https:\/\/www.cubodeideas.com\/blog\/negocios\/gestion-de-la-comunicacion-interna-en-pymes-mejora-la-coordinacion-y-el-compromiso\/","url":"https:\/\/www.cubodeideas.com\/blog\/negocios\/gestion-de-la-comunicacion-interna-en-pymes-mejora-la-coordinacion-y-el-compromiso\/","name":"Gesti\u00f3n de la comunicaci\u00f3n interna en PYMEs: mejora la coordinaci\u00f3n y el compromiso -","isPartOf":{"@id":"https:\/\/www.cubodeideas.com\/blog\/#website"},"primaryImageOfPage":{"@id":"https:\/\/www.cubodeideas.com\/blog\/negocios\/gestion-de-la-comunicacion-interna-en-pymes-mejora-la-coordinacion-y-el-compromiso\/#primaryimage"},"image":{"@id":"https:\/\/www.cubodeideas.com\/blog\/negocios\/gestion-de-la-comunicacion-interna-en-pymes-mejora-la-coordinacion-y-el-compromiso\/#primaryimage"},"thumbnailUrl":"https:\/\/www.cubodeideas.com\/blog\/wp-content\/uploads\/2024\/02\/teamwork-3213924_1280.jpg","datePublished":"2025-10-05T03:48:53+00:00","description":"Aprende c\u00f3mo aplicar una gesti\u00f3n de la comunicaci\u00f3n interna en PYMEs efectiva. Mejora la coordinaci\u00f3n, fortalece la cultura y aumenta el compromiso del equipo.","breadcrumb":{"@id":"https:\/\/www.cubodeideas.com\/blog\/negocios\/gestion-de-la-comunicacion-interna-en-pymes-mejora-la-coordinacion-y-el-compromiso\/#breadcrumb"},"inLanguage":"es","potentialAction":[{"@type":"ReadAction","target":["https:\/\/www.cubodeideas.com\/blog\/negocios\/gestion-de-la-comunicacion-interna-en-pymes-mejora-la-coordinacion-y-el-compromiso\/"]}]},{"@type":"ImageObject","inLanguage":"es","@id":"https:\/\/www.cubodeideas.com\/blog\/negocios\/gestion-de-la-comunicacion-interna-en-pymes-mejora-la-coordinacion-y-el-compromiso\/#primaryimage","url":"https:\/\/www.cubodeideas.com\/blog\/wp-content\/uploads\/2024\/02\/teamwork-3213924_1280.jpg","contentUrl":"https:\/\/www.cubodeideas.com\/blog\/wp-content\/uploads\/2024\/02\/teamwork-3213924_1280.jpg","width":1280,"height":807,"caption":"gesti\u00f3n de la comunicaci\u00f3n interna en PYMEs"},{"@type":"BreadcrumbList","@id":"https:\/\/www.cubodeideas.com\/blog\/negocios\/gestion-de-la-comunicacion-interna-en-pymes-mejora-la-coordinacion-y-el-compromiso\/#breadcrumb","itemListElement":[{"@type":"ListItem","position":1,"name":"Portada","item":"https:\/\/www.cubodeideas.com\/blog\/"},{"@type":"ListItem","position":2,"name":"Gesti\u00f3n de la comunicaci\u00f3n interna en PYMEs: mejora la coordinaci\u00f3n y el compromiso"}]},{"@type":"WebSite","@id":"https:\/\/www.cubodeideas.com\/blog\/#website","url":"https:\/\/www.cubodeideas.com\/blog\/","name":"Cubo de Ideas","description":"Cubo de Ideas, El Blog","publisher":{"@id":"https:\/\/www.cubodeideas.com\/blog\/#organization"},"potentialAction":[{"@type":"SearchAction","target":{"@type":"EntryPoint","urlTemplate":"https:\/\/www.cubodeideas.com\/blog\/?s={search_term_string}"},"query-input":{"@type":"PropertyValueSpecification","valueRequired":true,"valueName":"search_term_string"}}],"inLanguage":"es"},{"@type":"Organization","@id":"https:\/\/www.cubodeideas.com\/blog\/#organization","name":"Cubo de Ideas","url":"https:\/\/www.cubodeideas.com\/blog\/","logo":{"@type":"ImageObject","inLanguage":"es","@id":"https:\/\/www.cubodeideas.com\/blog\/#\/schema\/logo\/image\/","url":"https:\/\/www.cubodeideas.com\/blog\/wp-content\/uploads\/2021\/10\/android-icon-72x72-1.png","contentUrl":"https:\/\/www.cubodeideas.com\/blog\/wp-content\/uploads\/2021\/10\/android-icon-72x72-1.png","width":72,"height":72,"caption":"Cubo de Ideas"},"image":{"@id":"https:\/\/www.cubodeideas.com\/blog\/#\/schema\/logo\/image\/"},"sameAs":["https:\/\/www.facebook.com\/somoscubodeideas","https:\/\/x.com\/cubo_ideas","https:\/\/www.instagram.com\/cubodeideas"]},{"@type":"Person","@id":"https:\/\/www.cubodeideas.com\/blog\/#\/schema\/person\/5614e43eb76109017cff51a2c7928211","name":"Noel Castro","description":"LEM Noel Castro Monta\u00f1o es CEO de Cubo de Ideas, Director de Operaciones para Citosa Textiles. Asesor de nuevos mercados y estrategias digitales para el segmento Retail. Especialista en marketing para autoservicios y puntos de venta. Especialista en sistemas de gesti\u00f3n de la calidad con enfoque a la ISO 9001:2015","sameAs":["https:\/\/www.cubodeideas.com\/blog"],"url":"https:\/\/www.cubodeideas.com\/blog\/author\/admin\/"}]}},"jetpack_publicize_connections":[],"_links":{"self":[{"href":"https:\/\/www.cubodeideas.com\/blog\/wp-json\/wp\/v2\/posts\/2917","targetHints":{"allow":["GET"]}}],"collection":[{"href":"https:\/\/www.cubodeideas.com\/blog\/wp-json\/wp\/v2\/posts"}],"about":[{"href":"https:\/\/www.cubodeideas.com\/blog\/wp-json\/wp\/v2\/types\/post"}],"author":[{"embeddable":true,"href":"https:\/\/www.cubodeideas.com\/blog\/wp-json\/wp\/v2\/users\/1"}],"replies":[{"embeddable":true,"href":"https:\/\/www.cubodeideas.com\/blog\/wp-json\/wp\/v2\/comments?post=2917"}],"version-history":[{"count":1,"href":"https:\/\/www.cubodeideas.com\/blog\/wp-json\/wp\/v2\/posts\/2917\/revisions"}],"predecessor-version":[{"id":2918,"href":"https:\/\/www.cubodeideas.com\/blog\/wp-json\/wp\/v2\/posts\/2917\/revisions\/2918"}],"wp:featuredmedia":[{"embeddable":true,"href":"https:\/\/www.cubodeideas.com\/blog\/wp-json\/wp\/v2\/media\/1403"}],"wp:attachment":[{"href":"https:\/\/www.cubodeideas.com\/blog\/wp-json\/wp\/v2\/media?parent=2917"}],"wp:term":[{"taxonomy":"category","embeddable":true,"href":"https:\/\/www.cubodeideas.com\/blog\/wp-json\/wp\/v2\/categories?post=2917"},{"taxonomy":"post_tag","embeddable":true,"href":"https:\/\/www.cubodeideas.com\/blog\/wp-json\/wp\/v2\/tags?post=2917"}],"curies":[{"name":"wp","href":"https:\/\/api.w.org\/{rel}","templated":true}]}}