{"id":2915,"date":"2025-10-05T03:41:11","date_gmt":"2025-10-05T03:41:11","guid":{"rendered":"https:\/\/www.cubodeideas.com\/blog\/?p=2915"},"modified":"2025-10-05T03:41:11","modified_gmt":"2025-10-05T03:41:11","slug":"gestion-del-liderazgo-en-pymes-forma-lideres-que-impulsen-tu-negocio","status":"publish","type":"post","link":"https:\/\/www.cubodeideas.com\/blog\/negocios\/gestion-del-liderazgo-en-pymes-forma-lideres-que-impulsen-tu-negocio\/","title":{"rendered":"Gesti\u00f3n del liderazgo en PYMEs: forma l\u00edderes que impulsen tu negocio"},"content":{"rendered":"<p data-start=\"619\" data-end=\"1081\">En muchas peque\u00f1as y medianas empresas mexicanas, el liderazgo se confunde con autoridad. Se cree que un l\u00edder es quien manda, quien exige, quien \u201cpone orden\u201d.<br data-start=\"778\" data-end=\"781\" \/>Pero el liderazgo verdadero no se impone: se gana.<br data-start=\"831\" data-end=\"834\" \/>\ud83d\udc49 La <strong data-start=\"840\" data-end=\"874\">gesti\u00f3n del liderazgo en PYMEs<\/strong> es el proceso mediante el cual una empresa forma, gu\u00eda y empodera a personas capaces de influir positivamente en los dem\u00e1s, de tomar decisiones con criterio y de generar compromiso en lugar de obediencia.<\/p>\n<p data-start=\"1083\" data-end=\"1272\">Cuando una PyME desarrolla l\u00edderes en lugar de solo jefes, cambia todo: los equipos trabajan con m\u00e1s autonom\u00eda, las decisiones fluyen con rapidez y la cultura organizacional se fortalece.<\/p>\n<hr data-start=\"1274\" data-end=\"1277\" \/>\n<h2 data-start=\"1279\" data-end=\"1317\">\u00bfQu\u00e9 significa liderar en una PyME?<\/h2>\n<p data-start=\"1319\" data-end=\"1544\">Liderar en una PyME es diferente a liderar en una gran empresa.<br data-start=\"1382\" data-end=\"1385\" \/>Aqu\u00ed, los l\u00edderes est\u00e1n cerca del equipo, participan directamente en la operaci\u00f3n y enfrentan decisiones cotidianas que impactan de inmediato los resultados.<\/p>\n<p data-start=\"1546\" data-end=\"1843\">Por eso, la <strong data-start=\"1558\" data-end=\"1592\">gesti\u00f3n del liderazgo en PYMEs<\/strong> requiere equilibrio entre visi\u00f3n y acci\u00f3n.<br data-start=\"1635\" data-end=\"1638\" \/>Un buen l\u00edder combina tres dimensiones: <strong data-start=\"1678\" data-end=\"1689\">t\u00e9cnica<\/strong>, porque conoce el negocio; <strong data-start=\"1717\" data-end=\"1732\">estrat\u00e9gica<\/strong>, porque piensa en el largo plazo; y <strong data-start=\"1769\" data-end=\"1779\">humana<\/strong>, porque entiende que trabaja con personas, no con engranajes.<\/p>\n<p data-start=\"1845\" data-end=\"2041\">Liderar es inspirar confianza, no imponer miedo. Es orientar el esfuerzo del equipo hacia un prop\u00f3sito com\u00fan, asegurando que cada persona entienda c\u00f3mo su trabajo contribuye al resultado global.<\/p>\n<p data-start=\"2043\" data-end=\"2122\">En palabras simples, el l\u00edder de una PyME no solo da \u00f3rdenes: <strong data-start=\"2105\" data-end=\"2119\">da sentido<\/strong>.<\/p>\n<hr data-start=\"2124\" data-end=\"2127\" \/>\n<h2 data-start=\"2129\" data-end=\"2183\">La importancia del liderazgo en las PYMEs mexicanas<\/h2>\n<p data-start=\"2185\" data-end=\"2484\">En el contexto mexicano, donde el 97% de las empresas son PYMEs, la figura del l\u00edder es determinante para la supervivencia y el crecimiento.<br data-start=\"2325\" data-end=\"2328\" \/>Una buena direcci\u00f3n puede multiplicar la productividad, mientras que un liderazgo deficiente puede provocar rotaci\u00f3n, desmotivaci\u00f3n y conflictos internos.<\/p>\n<p data-start=\"2486\" data-end=\"2771\">La <strong data-start=\"2489\" data-end=\"2523\">gesti\u00f3n del liderazgo en PYMEs<\/strong> crea una estructura s\u00f3lida basada en personas capaces de tomar decisiones alineadas con los valores de la empresa.<br data-start=\"2638\" data-end=\"2641\" \/>Esto reduce la dependencia del due\u00f1o, mejora la coordinaci\u00f3n entre \u00e1reas y asegura continuidad operativa incluso en su ausencia.<\/p>\n<p data-start=\"2773\" data-end=\"3049\">Adem\u00e1s, los l\u00edderes bien formados son transmisores de cultura.<br data-start=\"2835\" data-end=\"2838\" \/>Modelan comportamientos, definen prioridades y act\u00faan como espejo del estilo de gesti\u00f3n que predomina en la organizaci\u00f3n.<br data-start=\"2959\" data-end=\"2962\" \/>Por eso, el liderazgo es una inversi\u00f3n estrat\u00e9gica, no un tema de \u201crecursos humanos\u201d.<\/p>\n<hr data-start=\"3051\" data-end=\"3054\" \/>\n<h2 data-start=\"3056\" data-end=\"3111\">C\u00f3mo identificar y formar l\u00edderes dentro de una PyME<\/h2>\n<p data-start=\"3113\" data-end=\"3433\">Todo proceso de <strong data-start=\"3129\" data-end=\"3163\">gesti\u00f3n del liderazgo en PYMEs<\/strong> comienza con la identificaci\u00f3n del talento potencial.<br data-start=\"3217\" data-end=\"3220\" \/>Un l\u00edder no siempre es el m\u00e1s antiguo, ni el m\u00e1s t\u00e9cnico, ni el m\u00e1s carism\u00e1tico. Es quien demuestra responsabilidad, pensamiento cr\u00edtico y capacidad para influir en los dem\u00e1s sin necesidad de t\u00edtulo o jerarqu\u00eda.<\/p>\n<p data-start=\"3435\" data-end=\"3774\">Una vez identificados, los futuros l\u00edderes deben desarrollarse a trav\u00e9s de formaci\u00f3n estructurada y experiencias pr\u00e1cticas.<br data-start=\"3558\" data-end=\"3561\" \/>La capacitaci\u00f3n en liderazgo debe ir m\u00e1s all\u00e1 de la teor\u00eda; debe centrarse en habilidades reales: comunicaci\u00f3n efectiva, gesti\u00f3n de conflictos, toma de decisiones, inteligencia emocional y liderazgo situacional.<\/p>\n<p data-start=\"3776\" data-end=\"4035\">Formar l\u00edderes internos tambi\u00e9n implica delegar con confianza.<br data-start=\"3838\" data-end=\"3841\" \/>Permitir que los colaboradores asuman responsabilidades gradualmente fortalece su criterio y autonom\u00eda. Un buen l\u00edder no teme ceder control; sabe que el poder se multiplica cuando se comparte.<\/p>\n<p data-start=\"4037\" data-end=\"4199\">El objetivo final es construir una <strong data-start=\"4072\" data-end=\"4095\">cadena de liderazgo<\/strong>, donde cada nivel de la empresa tenga personas capaces de dirigir con claridad, empat\u00eda y resultados.<\/p>\n<hr data-start=\"4201\" data-end=\"4204\" \/>\n<h2 data-start=\"4206\" data-end=\"4240\">Liderazgo y cultura empresarial<\/h2>\n<p data-start=\"4242\" data-end=\"4482\">Una empresa sin l\u00edderes comprometidos no puede sostener una cultura organizacional coherente.<br data-start=\"4335\" data-end=\"4338\" \/>El liderazgo es la herramienta m\u00e1s poderosa para moldear comportamientos y mantener alineada la misi\u00f3n de la empresa con las acciones diarias.<\/p>\n<p data-start=\"4484\" data-end=\"4692\">Cuando los l\u00edderes practican los valores corporativos \u2014puntualidad, honestidad, respeto, excelencia\u2014, los equipos los imitan. Pero si el liderazgo contradice esos valores, ninguna pol\u00edtica o manual servir\u00e1.<\/p>\n<p data-start=\"4694\" data-end=\"4982\">La <strong data-start=\"4697\" data-end=\"4731\">gesti\u00f3n del liderazgo en PYMEs<\/strong> debe enfocarse en construir una cultura basada en la coherencia.<br data-start=\"4796\" data-end=\"4799\" \/>Esto significa que lo que se predica debe cumplirse desde la direcci\u00f3n general hasta el nivel operativo. Un l\u00edder que exige compromiso, pero no lo demuestra, pierde autoridad moral.<\/p>\n<p data-start=\"4984\" data-end=\"5182\">En cambio, un l\u00edder que gu\u00eda con el ejemplo genera una cultura de respeto y colaboraci\u00f3n genuina.<br data-start=\"5081\" data-end=\"5084\" \/>Y esa cultura, m\u00e1s que cualquier manual o proceso, es lo que mantiene unida y s\u00f3lida a una PyME.<\/p>\n<hr data-start=\"5184\" data-end=\"5187\" \/>\n<h2 data-start=\"5189\" data-end=\"5236\">C\u00f3mo evaluar el liderazgo dentro de una PyME<\/h2>\n<p data-start=\"5238\" data-end=\"5602\">Medir el liderazgo puede parecer subjetivo, pero existen indicadores concretos que reflejan su efectividad.<br data-start=\"5345\" data-end=\"5348\" \/>La <strong data-start=\"5351\" data-end=\"5385\">gesti\u00f3n del liderazgo en PYMEs<\/strong> se eval\u00faa observando comportamientos y resultados: qu\u00e9 tan comprometido est\u00e1 el equipo, qu\u00e9 tan bien se comunican las \u00e1reas, qu\u00e9 tan r\u00e1pido se resuelven los conflictos y c\u00f3mo evoluciona la rotaci\u00f3n o el ausentismo.<\/p>\n<p data-start=\"5604\" data-end=\"5927\">Las encuestas de clima laboral y las entrevistas internas son herramientas valiosas para obtener retroalimentaci\u00f3n directa sobre la calidad del liderazgo.<br data-start=\"5758\" data-end=\"5761\" \/>Si los equipos se sienten escuchados, motivados y respaldados, hay liderazgo real. Si predomina el miedo, la confusi\u00f3n o la desconfianza, hay un vac\u00edo de direcci\u00f3n.<\/p>\n<p data-start=\"5929\" data-end=\"6049\">Un l\u00edder efectivo se mide por su capacidad para generar resultados sostenibles sin deteriorar la motivaci\u00f3n del grupo.<\/p>\n<hr data-start=\"6051\" data-end=\"6054\" \/>\n<h2 data-start=\"6056\" data-end=\"6112\">Desaf\u00edos comunes en la gesti\u00f3n del liderazgo en PYMEs<\/h2>\n<p data-start=\"6114\" data-end=\"6419\">El principal desaf\u00edo en las PYMEs es la <strong data-start=\"6154\" data-end=\"6221\">transici\u00f3n del fundador a la estructura de liderazgo compartido<\/strong>.<br data-start=\"6222\" data-end=\"6225\" \/>Muchos empresarios se resisten a delegar por miedo a perder control, lo que genera dependencia y saturaci\u00f3n.<br data-start=\"6333\" data-end=\"6336\" \/>Delegar no significa desentenderse: significa confiar y supervisar con prop\u00f3sito.<\/p>\n<p data-start=\"6421\" data-end=\"6706\">Otro desaf\u00edo es la falta de formaci\u00f3n formal. En M\u00e9xico, la mayor\u00eda de los l\u00edderes de PyMEs se formaron \u201csobre la marcha\u201d, sin herramientas para comunicar, organizar o gestionar personas.<br data-start=\"6608\" data-end=\"6611\" \/>Esto genera estilos de liderazgo reactivos, m\u00e1s basados en la intuici\u00f3n que en la estrategia.<\/p>\n<p data-start=\"6708\" data-end=\"6941\">Por \u00faltimo, est\u00e1 el reto de la consistencia. Formar l\u00edderes es f\u00e1cil; mantenerlos alineados con la cultura y los objetivos requiere esfuerzo constante. La gesti\u00f3n del liderazgo debe ser un proceso continuo, no un proyecto temporal.<\/p>\n<hr data-start=\"6943\" data-end=\"6946\" \/>\n<h2 data-start=\"6948\" data-end=\"6961\">Conclusi\u00f3n<\/h2>\n<p data-start=\"6963\" data-end=\"7202\">La <strong data-start=\"6966\" data-end=\"7000\">gesti\u00f3n del liderazgo en PYMEs<\/strong> es uno de los factores m\u00e1s determinantes para el crecimiento y la estabilidad empresarial.<br data-start=\"7091\" data-end=\"7094\" \/>Los l\u00edderes no solo dirigen equipos: moldean culturas, impulsan decisiones y definen el rumbo del negocio.<\/p>\n<p data-start=\"7204\" data-end=\"7393\">\ud83d\udc49 Como due\u00f1o o gerente, tu misi\u00f3n no es hacerlo todo, sino formar a quienes podr\u00e1n hacerlo contigo.<br data-start=\"7304\" data-end=\"7307\" \/>Un l\u00edder que ense\u00f1a a otros a liderar no multiplica su carga, multiplica su impacto.<\/p>\n<p data-start=\"7395\" data-end=\"7474\">Una PyME con l\u00edderes formados y coherentes no teme al cambio: <strong data-start=\"7457\" data-end=\"7471\">lo provoca<\/strong>.<\/p>\n<div class=\"pvc_clear\"><\/div>\n<p id=\"pvc_stats_2915\" class=\"pvc_stats all  \" data-element-id=\"2915\" style=\"\"><i class=\"pvc-stats-icon medium\" aria-hidden=\"true\"><svg aria-hidden=\"true\" focusable=\"false\" data-prefix=\"far\" data-icon=\"chart-bar\" role=\"img\" xmlns=\"http:\/\/www.w3.org\/2000\/svg\" viewBox=\"0 0 512 512\" class=\"svg-inline--fa fa-chart-bar fa-w-16 fa-2x\"><path fill=\"currentColor\" d=\"M396.8 352h22.4c6.4 0 12.8-6.4 12.8-12.8V108.8c0-6.4-6.4-12.8-12.8-12.8h-22.4c-6.4 0-12.8 6.4-12.8 12.8v230.4c0 6.4 6.4 12.8 12.8 12.8zm-192 0h22.4c6.4 0 12.8-6.4 12.8-12.8V140.8c0-6.4-6.4-12.8-12.8-12.8h-22.4c-6.4 0-12.8 6.4-12.8 12.8v198.4c0 6.4 6.4 12.8 12.8 12.8zm96 0h22.4c6.4 0 12.8-6.4 12.8-12.8V204.8c0-6.4-6.4-12.8-12.8-12.8h-22.4c-6.4 0-12.8 6.4-12.8 12.8v134.4c0 6.4 6.4 12.8 12.8 12.8zM496 400H48V80c0-8.84-7.16-16-16-16H16C7.16 64 0 71.16 0 80v336c0 17.67 14.33 32 32 32h464c8.84 0 16-7.16 16-16v-16c0-8.84-7.16-16-16-16zm-387.2-48h22.4c6.4 0 12.8-6.4 12.8-12.8v-70.4c0-6.4-6.4-12.8-12.8-12.8h-22.4c-6.4 0-12.8 6.4-12.8 12.8v70.4c0 6.4 6.4 12.8 12.8 12.8z\" class=\"\"><\/path><\/svg><\/i> <img loading=\"lazy\" decoding=\"async\" width=\"16\" height=\"16\" alt=\"Loading\" src=\"https:\/\/www.cubodeideas.com\/blog\/wp-content\/plugins\/page-views-count\/ajax-loader-2x.gif\" border=0 \/><\/p>\n<div class=\"pvc_clear\"><\/div>\n","protected":false},"excerpt":{"rendered":"<p>En muchas peque\u00f1as y medianas empresas mexicanas, el liderazgo se confunde con autoridad. Se cree que un l\u00edder es quien manda, quien exige, quien \u201cpone orden\u201d.Pero el liderazgo verdadero no se impone: se gana.\ud83d\udc49 La gesti\u00f3n del liderazgo en PYMEs es el proceso mediante el cual una empresa forma, gu\u00eda y empodera a personas capaces [&hellip;]<\/p>\n<div class=\"pvc_clear\"><\/div>\n<p id=\"pvc_stats_2915\" class=\"pvc_stats all  \" data-element-id=\"2915\" style=\"\"><i class=\"pvc-stats-icon medium\" aria-hidden=\"true\"><svg aria-hidden=\"true\" focusable=\"false\" data-prefix=\"far\" data-icon=\"chart-bar\" role=\"img\" xmlns=\"http:\/\/www.w3.org\/2000\/svg\" viewBox=\"0 0 512 512\" class=\"svg-inline--fa fa-chart-bar fa-w-16 fa-2x\"><path fill=\"currentColor\" d=\"M396.8 352h22.4c6.4 0 12.8-6.4 12.8-12.8V108.8c0-6.4-6.4-12.8-12.8-12.8h-22.4c-6.4 0-12.8 6.4-12.8 12.8v230.4c0 6.4 6.4 12.8 12.8 12.8zm-192 0h22.4c6.4 0 12.8-6.4 12.8-12.8V140.8c0-6.4-6.4-12.8-12.8-12.8h-22.4c-6.4 0-12.8 6.4-12.8 12.8v198.4c0 6.4 6.4 12.8 12.8 12.8zm96 0h22.4c6.4 0 12.8-6.4 12.8-12.8V204.8c0-6.4-6.4-12.8-12.8-12.8h-22.4c-6.4 0-12.8 6.4-12.8 12.8v134.4c0 6.4 6.4 12.8 12.8 12.8zM496 400H48V80c0-8.84-7.16-16-16-16H16C7.16 64 0 71.16 0 80v336c0 17.67 14.33 32 32 32h464c8.84 0 16-7.16 16-16v-16c0-8.84-7.16-16-16-16zm-387.2-48h22.4c6.4 0 12.8-6.4 12.8-12.8v-70.4c0-6.4-6.4-12.8-12.8-12.8h-22.4c-6.4 0-12.8 6.4-12.8 12.8v70.4c0 6.4 6.4 12.8 12.8 12.8z\" class=\"\"><\/path><\/svg><\/i> <img loading=\"lazy\" decoding=\"async\" width=\"16\" height=\"16\" alt=\"Loading\" src=\"https:\/\/www.cubodeideas.com\/blog\/wp-content\/plugins\/page-views-count\/ajax-loader-2x.gif\" border=0 \/><\/p>\n<div class=\"pvc_clear\"><\/div>\n","protected":false},"author":1,"featured_media":1400,"comment_status":"open","ping_status":"closed","sticky":false,"template":"","format":"standard","meta":{"footnotes":"","jetpack_publicize_message":"","jetpack_publicize_feature_enabled":true,"jetpack_social_post_already_shared":false,"jetpack_social_options":{"image_generator_settings":{"template":"highway","default_image_id":0,"font":"","enabled":false},"version":2}},"categories":[13],"tags":[82,1486,263],"class_list":["post-2915","post","type-post","status-publish","format-standard","has-post-thumbnail","hentry","category-negocios","tag-cultura-organizacional","tag-gestion-del-liderazgo-en-pymes","tag-liderazgo-empresarial"],"blocksy_meta":[],"yoast_head":"<!-- This site is optimized with the Yoast SEO plugin v27.0 - https:\/\/yoast.com\/product\/yoast-seo-wordpress\/ -->\n<title>Gesti\u00f3n del liderazgo en PYMEs: forma l\u00edderes que impulsen tu negocio -<\/title>\n<meta name=\"description\" content=\"Aprende c\u00f3mo implementar una gesti\u00f3n del liderazgo en PYMEs efectiva. Forma l\u00edderes capaces de inspirar, dirigir y fortalecer la cultura empresarial.\" \/>\n<meta name=\"robots\" content=\"index, follow, max-snippet:-1, max-image-preview:large, max-video-preview:-1\" \/>\n<link rel=\"canonical\" href=\"https:\/\/www.cubodeideas.com\/blog\/negocios\/gestion-del-liderazgo-en-pymes-forma-lideres-que-impulsen-tu-negocio\/\" \/>\n<meta property=\"og:locale\" content=\"es_ES\" \/>\n<meta property=\"og:type\" content=\"article\" \/>\n<meta property=\"og:title\" content=\"Gesti\u00f3n del liderazgo en PYMEs: forma l\u00edderes que impulsen tu negocio -\" \/>\n<meta property=\"og:description\" content=\"Aprende c\u00f3mo implementar una gesti\u00f3n del liderazgo en PYMEs efectiva. Forma l\u00edderes capaces de inspirar, dirigir y fortalecer la cultura empresarial.\" \/>\n<meta property=\"og:url\" content=\"https:\/\/www.cubodeideas.com\/blog\/negocios\/gestion-del-liderazgo-en-pymes-forma-lideres-que-impulsen-tu-negocio\/\" \/>\n<meta property=\"article:publisher\" content=\"https:\/\/www.facebook.com\/somoscubodeideas\" \/>\n<meta property=\"article:published_time\" content=\"2025-10-05T03:41:11+00:00\" \/>\n<meta property=\"og:image\" content=\"https:\/\/www.cubodeideas.com\/blog\/wp-content\/uploads\/2024\/02\/chess-4794265_1280.jpg\" \/>\n\t<meta property=\"og:image:width\" content=\"1280\" \/>\n\t<meta property=\"og:image:height\" content=\"853\" \/>\n\t<meta property=\"og:image:type\" content=\"image\/jpeg\" \/>\n<meta name=\"author\" content=\"Noel Castro\" \/>\n<meta name=\"twitter:card\" content=\"summary_large_image\" \/>\n<meta name=\"twitter:creator\" content=\"@cubo_ideas\" \/>\n<meta name=\"twitter:site\" content=\"@cubo_ideas\" \/>\n<meta name=\"twitter:label1\" content=\"Escrito por\" \/>\n\t<meta name=\"twitter:data1\" content=\"Noel Castro\" \/>\n\t<meta name=\"twitter:label2\" content=\"Tiempo de lectura\" \/>\n\t<meta name=\"twitter:data2\" content=\"5 minutos\" \/>\n<script type=\"application\/ld+json\" class=\"yoast-schema-graph\">{\"@context\":\"https:\/\/schema.org\",\"@graph\":[{\"@type\":\"Article\",\"@id\":\"https:\/\/www.cubodeideas.com\/blog\/negocios\/gestion-del-liderazgo-en-pymes-forma-lideres-que-impulsen-tu-negocio\/#article\",\"isPartOf\":{\"@id\":\"https:\/\/www.cubodeideas.com\/blog\/negocios\/gestion-del-liderazgo-en-pymes-forma-lideres-que-impulsen-tu-negocio\/\"},\"author\":{\"name\":\"Noel Castro\",\"@id\":\"https:\/\/www.cubodeideas.com\/blog\/#\/schema\/person\/5614e43eb76109017cff51a2c7928211\"},\"headline\":\"Gesti\u00f3n del liderazgo en PYMEs: forma l\u00edderes que impulsen tu negocio\",\"datePublished\":\"2025-10-05T03:41:11+00:00\",\"mainEntityOfPage\":{\"@id\":\"https:\/\/www.cubodeideas.com\/blog\/negocios\/gestion-del-liderazgo-en-pymes-forma-lideres-que-impulsen-tu-negocio\/\"},\"wordCount\":1145,\"commentCount\":0,\"publisher\":{\"@id\":\"https:\/\/www.cubodeideas.com\/blog\/#organization\"},\"image\":{\"@id\":\"https:\/\/www.cubodeideas.com\/blog\/negocios\/gestion-del-liderazgo-en-pymes-forma-lideres-que-impulsen-tu-negocio\/#primaryimage\"},\"thumbnailUrl\":\"https:\/\/www.cubodeideas.com\/blog\/wp-content\/uploads\/2024\/02\/chess-4794265_1280.jpg\",\"keywords\":[\"Cultura Organizacional.\",\"gesti\u00f3n del liderazgo en PYMEs\",\"Liderazgo Empresarial\"],\"articleSection\":[\"Negocios\"],\"inLanguage\":\"es\",\"potentialAction\":[{\"@type\":\"CommentAction\",\"name\":\"Comment\",\"target\":[\"https:\/\/www.cubodeideas.com\/blog\/negocios\/gestion-del-liderazgo-en-pymes-forma-lideres-que-impulsen-tu-negocio\/#respond\"]}]},{\"@type\":\"WebPage\",\"@id\":\"https:\/\/www.cubodeideas.com\/blog\/negocios\/gestion-del-liderazgo-en-pymes-forma-lideres-que-impulsen-tu-negocio\/\",\"url\":\"https:\/\/www.cubodeideas.com\/blog\/negocios\/gestion-del-liderazgo-en-pymes-forma-lideres-que-impulsen-tu-negocio\/\",\"name\":\"Gesti\u00f3n del liderazgo en PYMEs: forma l\u00edderes que impulsen tu negocio -\",\"isPartOf\":{\"@id\":\"https:\/\/www.cubodeideas.com\/blog\/#website\"},\"primaryImageOfPage\":{\"@id\":\"https:\/\/www.cubodeideas.com\/blog\/negocios\/gestion-del-liderazgo-en-pymes-forma-lideres-que-impulsen-tu-negocio\/#primaryimage\"},\"image\":{\"@id\":\"https:\/\/www.cubodeideas.com\/blog\/negocios\/gestion-del-liderazgo-en-pymes-forma-lideres-que-impulsen-tu-negocio\/#primaryimage\"},\"thumbnailUrl\":\"https:\/\/www.cubodeideas.com\/blog\/wp-content\/uploads\/2024\/02\/chess-4794265_1280.jpg\",\"datePublished\":\"2025-10-05T03:41:11+00:00\",\"description\":\"Aprende c\u00f3mo implementar una gesti\u00f3n del liderazgo en PYMEs efectiva. Forma l\u00edderes capaces de inspirar, dirigir y fortalecer la cultura empresarial.\",\"breadcrumb\":{\"@id\":\"https:\/\/www.cubodeideas.com\/blog\/negocios\/gestion-del-liderazgo-en-pymes-forma-lideres-que-impulsen-tu-negocio\/#breadcrumb\"},\"inLanguage\":\"es\",\"potentialAction\":[{\"@type\":\"ReadAction\",\"target\":[\"https:\/\/www.cubodeideas.com\/blog\/negocios\/gestion-del-liderazgo-en-pymes-forma-lideres-que-impulsen-tu-negocio\/\"]}]},{\"@type\":\"ImageObject\",\"inLanguage\":\"es\",\"@id\":\"https:\/\/www.cubodeideas.com\/blog\/negocios\/gestion-del-liderazgo-en-pymes-forma-lideres-que-impulsen-tu-negocio\/#primaryimage\",\"url\":\"https:\/\/www.cubodeideas.com\/blog\/wp-content\/uploads\/2024\/02\/chess-4794265_1280.jpg\",\"contentUrl\":\"https:\/\/www.cubodeideas.com\/blog\/wp-content\/uploads\/2024\/02\/chess-4794265_1280.jpg\",\"width\":1280,\"height\":853,\"caption\":\"estrategia de marketing digital\"},{\"@type\":\"BreadcrumbList\",\"@id\":\"https:\/\/www.cubodeideas.com\/blog\/negocios\/gestion-del-liderazgo-en-pymes-forma-lideres-que-impulsen-tu-negocio\/#breadcrumb\",\"itemListElement\":[{\"@type\":\"ListItem\",\"position\":1,\"name\":\"Portada\",\"item\":\"https:\/\/www.cubodeideas.com\/blog\/\"},{\"@type\":\"ListItem\",\"position\":2,\"name\":\"Gesti\u00f3n del liderazgo en PYMEs: forma l\u00edderes que impulsen tu negocio\"}]},{\"@type\":\"WebSite\",\"@id\":\"https:\/\/www.cubodeideas.com\/blog\/#website\",\"url\":\"https:\/\/www.cubodeideas.com\/blog\/\",\"name\":\"Cubo de Ideas\",\"description\":\"Cubo de Ideas, El Blog\",\"publisher\":{\"@id\":\"https:\/\/www.cubodeideas.com\/blog\/#organization\"},\"potentialAction\":[{\"@type\":\"SearchAction\",\"target\":{\"@type\":\"EntryPoint\",\"urlTemplate\":\"https:\/\/www.cubodeideas.com\/blog\/?s={search_term_string}\"},\"query-input\":{\"@type\":\"PropertyValueSpecification\",\"valueRequired\":true,\"valueName\":\"search_term_string\"}}],\"inLanguage\":\"es\"},{\"@type\":\"Organization\",\"@id\":\"https:\/\/www.cubodeideas.com\/blog\/#organization\",\"name\":\"Cubo de Ideas\",\"url\":\"https:\/\/www.cubodeideas.com\/blog\/\",\"logo\":{\"@type\":\"ImageObject\",\"inLanguage\":\"es\",\"@id\":\"https:\/\/www.cubodeideas.com\/blog\/#\/schema\/logo\/image\/\",\"url\":\"https:\/\/www.cubodeideas.com\/blog\/wp-content\/uploads\/2021\/10\/android-icon-72x72-1.png\",\"contentUrl\":\"https:\/\/www.cubodeideas.com\/blog\/wp-content\/uploads\/2021\/10\/android-icon-72x72-1.png\",\"width\":72,\"height\":72,\"caption\":\"Cubo de Ideas\"},\"image\":{\"@id\":\"https:\/\/www.cubodeideas.com\/blog\/#\/schema\/logo\/image\/\"},\"sameAs\":[\"https:\/\/www.facebook.com\/somoscubodeideas\",\"https:\/\/x.com\/cubo_ideas\",\"https:\/\/www.instagram.com\/cubodeideas\"]},{\"@type\":\"Person\",\"@id\":\"https:\/\/www.cubodeideas.com\/blog\/#\/schema\/person\/5614e43eb76109017cff51a2c7928211\",\"name\":\"Noel Castro\",\"description\":\"LEM Noel Castro Monta\u00f1o es CEO de Cubo de Ideas, Director de Operaciones para Citosa Textiles. Asesor de nuevos mercados y estrategias digitales para el segmento Retail. Especialista en marketing para autoservicios y puntos de venta. Especialista en sistemas de gesti\u00f3n de la calidad con enfoque a la ISO 9001:2015\",\"sameAs\":[\"https:\/\/www.cubodeideas.com\/blog\"],\"url\":\"https:\/\/www.cubodeideas.com\/blog\/author\/admin\/\"}]}<\/script>\n<!-- \/ Yoast SEO plugin. -->","yoast_head_json":{"title":"Gesti\u00f3n del liderazgo en PYMEs: forma l\u00edderes que impulsen tu negocio -","description":"Aprende c\u00f3mo implementar una gesti\u00f3n del liderazgo en PYMEs efectiva. Forma l\u00edderes capaces de inspirar, dirigir y fortalecer la cultura empresarial.","robots":{"index":"index","follow":"follow","max-snippet":"max-snippet:-1","max-image-preview":"max-image-preview:large","max-video-preview":"max-video-preview:-1"},"canonical":"https:\/\/www.cubodeideas.com\/blog\/negocios\/gestion-del-liderazgo-en-pymes-forma-lideres-que-impulsen-tu-negocio\/","og_locale":"es_ES","og_type":"article","og_title":"Gesti\u00f3n del liderazgo en PYMEs: forma l\u00edderes que impulsen tu negocio -","og_description":"Aprende c\u00f3mo implementar una gesti\u00f3n del liderazgo en PYMEs efectiva. Forma l\u00edderes capaces de inspirar, dirigir y fortalecer la cultura empresarial.","og_url":"https:\/\/www.cubodeideas.com\/blog\/negocios\/gestion-del-liderazgo-en-pymes-forma-lideres-que-impulsen-tu-negocio\/","article_publisher":"https:\/\/www.facebook.com\/somoscubodeideas","article_published_time":"2025-10-05T03:41:11+00:00","og_image":[{"width":1280,"height":853,"url":"https:\/\/www.cubodeideas.com\/blog\/wp-content\/uploads\/2024\/02\/chess-4794265_1280.jpg","type":"image\/jpeg"}],"author":"Noel Castro","twitter_card":"summary_large_image","twitter_creator":"@cubo_ideas","twitter_site":"@cubo_ideas","twitter_misc":{"Escrito por":"Noel Castro","Tiempo de lectura":"5 minutos"},"schema":{"@context":"https:\/\/schema.org","@graph":[{"@type":"Article","@id":"https:\/\/www.cubodeideas.com\/blog\/negocios\/gestion-del-liderazgo-en-pymes-forma-lideres-que-impulsen-tu-negocio\/#article","isPartOf":{"@id":"https:\/\/www.cubodeideas.com\/blog\/negocios\/gestion-del-liderazgo-en-pymes-forma-lideres-que-impulsen-tu-negocio\/"},"author":{"name":"Noel Castro","@id":"https:\/\/www.cubodeideas.com\/blog\/#\/schema\/person\/5614e43eb76109017cff51a2c7928211"},"headline":"Gesti\u00f3n del liderazgo en PYMEs: forma l\u00edderes que impulsen tu negocio","datePublished":"2025-10-05T03:41:11+00:00","mainEntityOfPage":{"@id":"https:\/\/www.cubodeideas.com\/blog\/negocios\/gestion-del-liderazgo-en-pymes-forma-lideres-que-impulsen-tu-negocio\/"},"wordCount":1145,"commentCount":0,"publisher":{"@id":"https:\/\/www.cubodeideas.com\/blog\/#organization"},"image":{"@id":"https:\/\/www.cubodeideas.com\/blog\/negocios\/gestion-del-liderazgo-en-pymes-forma-lideres-que-impulsen-tu-negocio\/#primaryimage"},"thumbnailUrl":"https:\/\/www.cubodeideas.com\/blog\/wp-content\/uploads\/2024\/02\/chess-4794265_1280.jpg","keywords":["Cultura Organizacional.","gesti\u00f3n del liderazgo en PYMEs","Liderazgo Empresarial"],"articleSection":["Negocios"],"inLanguage":"es","potentialAction":[{"@type":"CommentAction","name":"Comment","target":["https:\/\/www.cubodeideas.com\/blog\/negocios\/gestion-del-liderazgo-en-pymes-forma-lideres-que-impulsen-tu-negocio\/#respond"]}]},{"@type":"WebPage","@id":"https:\/\/www.cubodeideas.com\/blog\/negocios\/gestion-del-liderazgo-en-pymes-forma-lideres-que-impulsen-tu-negocio\/","url":"https:\/\/www.cubodeideas.com\/blog\/negocios\/gestion-del-liderazgo-en-pymes-forma-lideres-que-impulsen-tu-negocio\/","name":"Gesti\u00f3n del liderazgo en PYMEs: forma l\u00edderes que impulsen tu negocio -","isPartOf":{"@id":"https:\/\/www.cubodeideas.com\/blog\/#website"},"primaryImageOfPage":{"@id":"https:\/\/www.cubodeideas.com\/blog\/negocios\/gestion-del-liderazgo-en-pymes-forma-lideres-que-impulsen-tu-negocio\/#primaryimage"},"image":{"@id":"https:\/\/www.cubodeideas.com\/blog\/negocios\/gestion-del-liderazgo-en-pymes-forma-lideres-que-impulsen-tu-negocio\/#primaryimage"},"thumbnailUrl":"https:\/\/www.cubodeideas.com\/blog\/wp-content\/uploads\/2024\/02\/chess-4794265_1280.jpg","datePublished":"2025-10-05T03:41:11+00:00","description":"Aprende c\u00f3mo implementar una gesti\u00f3n del liderazgo en PYMEs efectiva. Forma l\u00edderes capaces de inspirar, dirigir y fortalecer la cultura empresarial.","breadcrumb":{"@id":"https:\/\/www.cubodeideas.com\/blog\/negocios\/gestion-del-liderazgo-en-pymes-forma-lideres-que-impulsen-tu-negocio\/#breadcrumb"},"inLanguage":"es","potentialAction":[{"@type":"ReadAction","target":["https:\/\/www.cubodeideas.com\/blog\/negocios\/gestion-del-liderazgo-en-pymes-forma-lideres-que-impulsen-tu-negocio\/"]}]},{"@type":"ImageObject","inLanguage":"es","@id":"https:\/\/www.cubodeideas.com\/blog\/negocios\/gestion-del-liderazgo-en-pymes-forma-lideres-que-impulsen-tu-negocio\/#primaryimage","url":"https:\/\/www.cubodeideas.com\/blog\/wp-content\/uploads\/2024\/02\/chess-4794265_1280.jpg","contentUrl":"https:\/\/www.cubodeideas.com\/blog\/wp-content\/uploads\/2024\/02\/chess-4794265_1280.jpg","width":1280,"height":853,"caption":"estrategia de marketing digital"},{"@type":"BreadcrumbList","@id":"https:\/\/www.cubodeideas.com\/blog\/negocios\/gestion-del-liderazgo-en-pymes-forma-lideres-que-impulsen-tu-negocio\/#breadcrumb","itemListElement":[{"@type":"ListItem","position":1,"name":"Portada","item":"https:\/\/www.cubodeideas.com\/blog\/"},{"@type":"ListItem","position":2,"name":"Gesti\u00f3n del liderazgo en PYMEs: forma l\u00edderes que impulsen tu negocio"}]},{"@type":"WebSite","@id":"https:\/\/www.cubodeideas.com\/blog\/#website","url":"https:\/\/www.cubodeideas.com\/blog\/","name":"Cubo de Ideas","description":"Cubo de Ideas, El Blog","publisher":{"@id":"https:\/\/www.cubodeideas.com\/blog\/#organization"},"potentialAction":[{"@type":"SearchAction","target":{"@type":"EntryPoint","urlTemplate":"https:\/\/www.cubodeideas.com\/blog\/?s={search_term_string}"},"query-input":{"@type":"PropertyValueSpecification","valueRequired":true,"valueName":"search_term_string"}}],"inLanguage":"es"},{"@type":"Organization","@id":"https:\/\/www.cubodeideas.com\/blog\/#organization","name":"Cubo de Ideas","url":"https:\/\/www.cubodeideas.com\/blog\/","logo":{"@type":"ImageObject","inLanguage":"es","@id":"https:\/\/www.cubodeideas.com\/blog\/#\/schema\/logo\/image\/","url":"https:\/\/www.cubodeideas.com\/blog\/wp-content\/uploads\/2021\/10\/android-icon-72x72-1.png","contentUrl":"https:\/\/www.cubodeideas.com\/blog\/wp-content\/uploads\/2021\/10\/android-icon-72x72-1.png","width":72,"height":72,"caption":"Cubo de Ideas"},"image":{"@id":"https:\/\/www.cubodeideas.com\/blog\/#\/schema\/logo\/image\/"},"sameAs":["https:\/\/www.facebook.com\/somoscubodeideas","https:\/\/x.com\/cubo_ideas","https:\/\/www.instagram.com\/cubodeideas"]},{"@type":"Person","@id":"https:\/\/www.cubodeideas.com\/blog\/#\/schema\/person\/5614e43eb76109017cff51a2c7928211","name":"Noel Castro","description":"LEM Noel Castro Monta\u00f1o es CEO de Cubo de Ideas, Director de Operaciones para Citosa Textiles. Asesor de nuevos mercados y estrategias digitales para el segmento Retail. Especialista en marketing para autoservicios y puntos de venta. Especialista en sistemas de gesti\u00f3n de la calidad con enfoque a la ISO 9001:2015","sameAs":["https:\/\/www.cubodeideas.com\/blog"],"url":"https:\/\/www.cubodeideas.com\/blog\/author\/admin\/"}]}},"jetpack_publicize_connections":[],"_links":{"self":[{"href":"https:\/\/www.cubodeideas.com\/blog\/wp-json\/wp\/v2\/posts\/2915","targetHints":{"allow":["GET"]}}],"collection":[{"href":"https:\/\/www.cubodeideas.com\/blog\/wp-json\/wp\/v2\/posts"}],"about":[{"href":"https:\/\/www.cubodeideas.com\/blog\/wp-json\/wp\/v2\/types\/post"}],"author":[{"embeddable":true,"href":"https:\/\/www.cubodeideas.com\/blog\/wp-json\/wp\/v2\/users\/1"}],"replies":[{"embeddable":true,"href":"https:\/\/www.cubodeideas.com\/blog\/wp-json\/wp\/v2\/comments?post=2915"}],"version-history":[{"count":1,"href":"https:\/\/www.cubodeideas.com\/blog\/wp-json\/wp\/v2\/posts\/2915\/revisions"}],"predecessor-version":[{"id":2916,"href":"https:\/\/www.cubodeideas.com\/blog\/wp-json\/wp\/v2\/posts\/2915\/revisions\/2916"}],"wp:featuredmedia":[{"embeddable":true,"href":"https:\/\/www.cubodeideas.com\/blog\/wp-json\/wp\/v2\/media\/1400"}],"wp:attachment":[{"href":"https:\/\/www.cubodeideas.com\/blog\/wp-json\/wp\/v2\/media?parent=2915"}],"wp:term":[{"taxonomy":"category","embeddable":true,"href":"https:\/\/www.cubodeideas.com\/blog\/wp-json\/wp\/v2\/categories?post=2915"},{"taxonomy":"post_tag","embeddable":true,"href":"https:\/\/www.cubodeideas.com\/blog\/wp-json\/wp\/v2\/tags?post=2915"}],"curies":[{"name":"wp","href":"https:\/\/api.w.org\/{rel}","templated":true}]}}