{"id":2913,"date":"2025-10-05T03:35:15","date_gmt":"2025-10-05T03:35:15","guid":{"rendered":"https:\/\/www.cubodeideas.com\/blog\/?p=2913"},"modified":"2025-10-05T03:35:15","modified_gmt":"2025-10-05T03:35:15","slug":"gestion-de-la-capacitacion-en-pymes-desarrolla-habilidades-y-potencia-tu-equipo","status":"publish","type":"post","link":"https:\/\/www.cubodeideas.com\/blog\/negocios\/gestion-de-la-capacitacion-en-pymes-desarrolla-habilidades-y-potencia-tu-equipo\/","title":{"rendered":"Gesti\u00f3n de la capacitaci\u00f3n en PYMEs: desarrolla habilidades y potencia tu equipo"},"content":{"rendered":"<p data-start=\"687\" data-end=\"1005\">En muchas peque\u00f1as y medianas empresas mexicanas, la capacitaci\u00f3n se ve como un gasto innecesario o como un lujo reservado para grandes corporaciones. Sin embargo, el aprendizaje continuo se ha convertido en un factor decisivo para la supervivencia de los negocios en un entorno cada vez m\u00e1s competitivo y cambiante.<\/p>\n<p data-start=\"1007\" data-end=\"1256\">\ud83d\udc49 La <strong data-start=\"1013\" data-end=\"1052\">gesti\u00f3n de la capacitaci\u00f3n en PYMEs<\/strong> no consiste en enviar al personal a cursos externos sin estrategia, sino en planificar, ejecutar y evaluar programas de formaci\u00f3n que impulsen la productividad, la innovaci\u00f3n y la retenci\u00f3n de talento.<\/p>\n<p data-start=\"1258\" data-end=\"1403\">Capacitar no es un acto aislado; es una inversi\u00f3n en el futuro de la empresa. Una PyME que aprende, evoluciona. Una que no lo hace, se estanca.<\/p>\n<hr data-start=\"1405\" data-end=\"1408\" \/>\n<h2 data-start=\"1410\" data-end=\"1469\">La importancia de la gesti\u00f3n de la capacitaci\u00f3n en PYMEs<\/h2>\n<p data-start=\"1471\" data-end=\"1769\">El crecimiento de una empresa depende directamente del crecimiento de su gente. Las PYMEs que implementan una estrategia de capacitaci\u00f3n bien estructurada logran adaptarse con mayor rapidez a los cambios del mercado, adoptan nuevas tecnolog\u00edas con menos fricci\u00f3n y mejoran su desempe\u00f1o operativo.<\/p>\n<p data-start=\"1771\" data-end=\"2020\">La <strong data-start=\"1774\" data-end=\"1813\">gesti\u00f3n de la capacitaci\u00f3n en PYMEs<\/strong> no debe verse como una obligaci\u00f3n administrativa, sino como una herramienta de competitividad. Cuando el personal adquiere nuevas habilidades, la empresa gana eficiencia, calidad y capacidad de respuesta.<\/p>\n<p data-start=\"2022\" data-end=\"2276\">Adem\u00e1s, la capacitaci\u00f3n tiene un efecto cultural: genera sentido de pertenencia, fortalece el compromiso y transmite al equipo la idea de que la organizaci\u00f3n conf\u00eda en su potencial. Esa percepci\u00f3n, en s\u00ed misma, se traduce en mayor lealtad y motivaci\u00f3n.<\/p>\n<hr data-start=\"2278\" data-end=\"2281\" \/>\n<h2 data-start=\"2283\" data-end=\"2335\">C\u00f3mo estructurar un plan de capacitaci\u00f3n efectivo<\/h2>\n<p data-start=\"2337\" data-end=\"2592\">El primer paso en la <strong data-start=\"2358\" data-end=\"2397\">gesti\u00f3n de la capacitaci\u00f3n en PYMEs<\/strong> es identificar las necesidades reales de aprendizaje. Esto requiere analizar las brechas entre las competencias que el personal tiene y las que el negocio necesita para alcanzar sus objetivos.<\/p>\n<p data-start=\"2594\" data-end=\"2932\">Estas brechas pueden detectarse mediante evaluaciones de desempe\u00f1o, observaci\u00f3n directa o revisi\u00f3n de indicadores operativos. Por ejemplo, una alta tasa de errores, tiempos de entrega prolongados o baja productividad pueden indicar falta de formaci\u00f3n t\u00e9cnica o deficiencias en habilidades blandas como la comunicaci\u00f3n o la organizaci\u00f3n.<\/p>\n<p data-start=\"2934\" data-end=\"3199\">Una vez identificadas las \u00e1reas de oportunidad, se deben definir objetivos claros: qu\u00e9 se busca lograr con la capacitaci\u00f3n y c\u00f3mo se medir\u00e1 su impacto. Los objetivos deben estar alineados con los resultados esperados del negocio, no solo con la mejora individual.<\/p>\n<p data-start=\"3201\" data-end=\"3540\">La elecci\u00f3n del m\u00e9todo de formaci\u00f3n depende del tipo de empresa y del perfil de los colaboradores. Las PYMEs pueden aprovechar una combinaci\u00f3n de estrategias: aprendizaje en el puesto de trabajo, mentor\u00edas internas, talleres pr\u00e1cticos o cursos en l\u00ednea. La clave est\u00e1 en que el aprendizaje sea aplicable de inmediato, medible y continuo.<\/p>\n<p data-start=\"3542\" data-end=\"3806\">Finalmente, es esencial evaluar los resultados. No basta con impartir un curso; hay que verificar si los conocimientos adquiridos se reflejan en mejoras concretas. Esta evaluaci\u00f3n puede basarse en indicadores de productividad, calidad o satisfacci\u00f3n del cliente.<\/p>\n<hr data-start=\"3808\" data-end=\"3811\" \/>\n<h2 data-start=\"3813\" data-end=\"3874\">Capacitaci\u00f3n t\u00e9cnica vs. desarrollo de habilidades blandas<\/h2>\n<p data-start=\"3876\" data-end=\"4252\">La <strong data-start=\"3879\" data-end=\"3918\">gesti\u00f3n de la capacitaci\u00f3n en PYMEs<\/strong> debe equilibrar dos tipos de formaci\u00f3n: t\u00e9cnica y humana. La t\u00e9cnica fortalece la competencia espec\u00edfica de cada puesto \u2014manejo de maquinaria, uso de software, normas de calidad\u2014, mientras que las habilidades blandas (liderazgo, trabajo en equipo, resoluci\u00f3n de conflictos) construyen la cohesi\u00f3n y la adaptabilidad organizacional.<\/p>\n<p data-start=\"4254\" data-end=\"4461\">Muchas PYMEs se enfocan solo en la parte operativa y olvidan que los problemas m\u00e1s costosos suelen ser humanos, no t\u00e9cnicos: descoordinaci\u00f3n, mala comunicaci\u00f3n, falta de liderazgo o ausencia de compromiso.<\/p>\n<p data-start=\"4463\" data-end=\"4650\">Por eso, una estrategia integral de capacitaci\u00f3n combina ambos enfoques. El resultado no es solo un trabajador m\u00e1s capaz, sino una persona m\u00e1s segura, aut\u00f3noma y orientada a resultados.<\/p>\n<hr data-start=\"4652\" data-end=\"4655\" \/>\n<h2 data-start=\"4657\" data-end=\"4718\">La capacitaci\u00f3n como herramienta de retenci\u00f3n y motivaci\u00f3n<\/h2>\n<p data-start=\"4720\" data-end=\"5027\">En un mercado laboral donde el talento cambia de empresa con facilidad, la capacitaci\u00f3n es una de las formas m\u00e1s efectivas de fidelizar al personal.<br data-start=\"4868\" data-end=\"4871\" \/>Los colaboradores que perciben oportunidades de crecimiento dentro de su organizaci\u00f3n tienen menos intenci\u00f3n de irse, incluso si reciben ofertas externas.<\/p>\n<p data-start=\"5029\" data-end=\"5281\">Cuando una PyME invierte en el desarrollo de su gente, genera un ciclo positivo: el trabajador se siente valorado, mejora su rendimiento y contribuye m\u00e1s al negocio. Esa mejora refuerza la rentabilidad, lo que permite seguir invirtiendo en formaci\u00f3n.<\/p>\n<p data-start=\"5283\" data-end=\"5481\">La <strong data-start=\"5286\" data-end=\"5325\">gesti\u00f3n de la capacitaci\u00f3n en PYMEs<\/strong> tambi\u00e9n eleva el nivel profesional del equipo directivo. Un l\u00edder que aprende a delegar, comunicar y motivar multiplica su impacto sobre toda la empresa.<\/p>\n<p data-start=\"5483\" data-end=\"5589\">El resultado final es una organizaci\u00f3n m\u00e1s estable, eficiente y resiliente ante los cambios del entorno.<\/p>\n<hr data-start=\"5591\" data-end=\"5594\" \/>\n<h2 data-start=\"5596\" data-end=\"5651\">C\u00f3mo medir el impacto de la capacitaci\u00f3n en una PyME<\/h2>\n<p data-start=\"5653\" data-end=\"5842\">Toda inversi\u00f3n debe generar resultados medibles, y la capacitaci\u00f3n no es la excepci\u00f3n.<br data-start=\"5739\" data-end=\"5742\" \/>Una buena gesti\u00f3n implica evaluar el retorno tanto cualitativo como cuantitativo de cada programa.<\/p>\n<p data-start=\"5844\" data-end=\"6162\">Desde el punto de vista financiero, se puede comparar el costo de la capacitaci\u00f3n con los beneficios obtenidos: reducci\u00f3n de errores, menor rotaci\u00f3n, incremento en productividad o ventas.<br data-start=\"6031\" data-end=\"6034\" \/>En el aspecto humano, debe observarse la mejora en el clima laboral, el trabajo en equipo y la autonom\u00eda de los colaboradores.<\/p>\n<p data-start=\"6164\" data-end=\"6312\">Las empresas que miden su capacitaci\u00f3n descubren algo valioso: el aprendizaje colectivo se convierte en una ventaja competitiva dif\u00edcil de imitar.<\/p>\n<hr data-start=\"6314\" data-end=\"6317\" \/>\n<h2 data-start=\"6319\" data-end=\"6389\">El papel de la tecnolog\u00eda en la gesti\u00f3n de la capacitaci\u00f3n en PYMEs<\/h2>\n<p data-start=\"6391\" data-end=\"6684\">La digitalizaci\u00f3n ha facilitado que las peque\u00f1as empresas implementen programas de capacitaci\u00f3n a bajo costo.<br data-start=\"6500\" data-end=\"6503\" \/>Hoy existen plataformas en l\u00ednea, cursos gratuitos, webinars y sistemas de gesti\u00f3n del aprendizaje (LMS) que permiten capacitar de forma flexible, sin interrumpir las operaciones.<\/p>\n<p data-start=\"6686\" data-end=\"6872\">El reto no est\u00e1 en acceder al contenido, sino en <strong data-start=\"6735\" data-end=\"6761\">mantener la constancia<\/strong>. La capacitaci\u00f3n debe convertirse en parte de la rutina empresarial, no en una actividad aislada o reactiva.<\/p>\n<p data-start=\"6874\" data-end=\"7053\">Las PYMEs que adoptan esta mentalidad de aprendizaje continuo se transforman en organizaciones que evolucionan junto con su entorno. En lugar de temerle al cambio, lo anticipan.<\/p>\n<hr data-start=\"7055\" data-end=\"7058\" \/>\n<h2 data-start=\"7060\" data-end=\"7073\">Conclusi\u00f3n<\/h2>\n<p data-start=\"7075\" data-end=\"7282\">La <strong data-start=\"7078\" data-end=\"7117\">gesti\u00f3n de la capacitaci\u00f3n en PYMEs<\/strong> es una inversi\u00f3n estrat\u00e9gica, no un gasto operativo.<br data-start=\"7170\" data-end=\"7173\" \/>Una empresa que aprende m\u00e1s r\u00e1pido que sus competidores se vuelve m\u00e1s adaptable, m\u00e1s rentable y m\u00e1s humana.<\/p>\n<p data-start=\"7284\" data-end=\"7489\">Capacitar es sembrar conocimiento, pero tambi\u00e9n compromiso. Es apostar por un equipo que mejora todos los d\u00edas, que se adapta sin miedo y que entiende que el crecimiento de la empresa es tambi\u00e9n el suyo.<\/p>\n<p data-start=\"7491\" data-end=\"7643\">\ud83d\udc49 Como due\u00f1o o gerente, tu papel es crear las condiciones para que el aprendizaje ocurra: definir prioridades, dar el ejemplo y medir los resultados.<\/p>\n<p data-start=\"7645\" data-end=\"7733\">Una PyME que invierte en su gente no solo mejora su presente: <strong data-start=\"7707\" data-end=\"7730\">garantiza su futuro<\/strong>.<\/p>\n<div class=\"pvc_clear\"><\/div>\n<p id=\"pvc_stats_2913\" class=\"pvc_stats all  \" data-element-id=\"2913\" style=\"\"><i class=\"pvc-stats-icon medium\" aria-hidden=\"true\"><svg aria-hidden=\"true\" focusable=\"false\" data-prefix=\"far\" data-icon=\"chart-bar\" role=\"img\" xmlns=\"http:\/\/www.w3.org\/2000\/svg\" viewBox=\"0 0 512 512\" class=\"svg-inline--fa fa-chart-bar fa-w-16 fa-2x\"><path fill=\"currentColor\" d=\"M396.8 352h22.4c6.4 0 12.8-6.4 12.8-12.8V108.8c0-6.4-6.4-12.8-12.8-12.8h-22.4c-6.4 0-12.8 6.4-12.8 12.8v230.4c0 6.4 6.4 12.8 12.8 12.8zm-192 0h22.4c6.4 0 12.8-6.4 12.8-12.8V140.8c0-6.4-6.4-12.8-12.8-12.8h-22.4c-6.4 0-12.8 6.4-12.8 12.8v198.4c0 6.4 6.4 12.8 12.8 12.8zm96 0h22.4c6.4 0 12.8-6.4 12.8-12.8V204.8c0-6.4-6.4-12.8-12.8-12.8h-22.4c-6.4 0-12.8 6.4-12.8 12.8v134.4c0 6.4 6.4 12.8 12.8 12.8zM496 400H48V80c0-8.84-7.16-16-16-16H16C7.16 64 0 71.16 0 80v336c0 17.67 14.33 32 32 32h464c8.84 0 16-7.16 16-16v-16c0-8.84-7.16-16-16-16zm-387.2-48h22.4c6.4 0 12.8-6.4 12.8-12.8v-70.4c0-6.4-6.4-12.8-12.8-12.8h-22.4c-6.4 0-12.8 6.4-12.8 12.8v70.4c0 6.4 6.4 12.8 12.8 12.8z\" class=\"\"><\/path><\/svg><\/i> <img loading=\"lazy\" decoding=\"async\" width=\"16\" height=\"16\" alt=\"Loading\" src=\"https:\/\/www.cubodeideas.com\/blog\/wp-content\/plugins\/page-views-count\/ajax-loader-2x.gif\" border=0 \/><\/p>\n<div class=\"pvc_clear\"><\/div>\n","protected":false},"excerpt":{"rendered":"<p>En muchas peque\u00f1as y medianas empresas mexicanas, la capacitaci\u00f3n se ve como un gasto innecesario o como un lujo reservado para grandes corporaciones. Sin embargo, el aprendizaje continuo se ha convertido en un factor decisivo para la supervivencia de los negocios en un entorno cada vez m\u00e1s competitivo y cambiante. \ud83d\udc49 La gesti\u00f3n de la [&hellip;]<\/p>\n<div class=\"pvc_clear\"><\/div>\n<p id=\"pvc_stats_2913\" class=\"pvc_stats all  \" data-element-id=\"2913\" style=\"\"><i class=\"pvc-stats-icon medium\" aria-hidden=\"true\"><svg aria-hidden=\"true\" focusable=\"false\" data-prefix=\"far\" data-icon=\"chart-bar\" role=\"img\" xmlns=\"http:\/\/www.w3.org\/2000\/svg\" viewBox=\"0 0 512 512\" class=\"svg-inline--fa fa-chart-bar fa-w-16 fa-2x\"><path fill=\"currentColor\" d=\"M396.8 352h22.4c6.4 0 12.8-6.4 12.8-12.8V108.8c0-6.4-6.4-12.8-12.8-12.8h-22.4c-6.4 0-12.8 6.4-12.8 12.8v230.4c0 6.4 6.4 12.8 12.8 12.8zm-192 0h22.4c6.4 0 12.8-6.4 12.8-12.8V140.8c0-6.4-6.4-12.8-12.8-12.8h-22.4c-6.4 0-12.8 6.4-12.8 12.8v198.4c0 6.4 6.4 12.8 12.8 12.8zm96 0h22.4c6.4 0 12.8-6.4 12.8-12.8V204.8c0-6.4-6.4-12.8-12.8-12.8h-22.4c-6.4 0-12.8 6.4-12.8 12.8v134.4c0 6.4 6.4 12.8 12.8 12.8zM496 400H48V80c0-8.84-7.16-16-16-16H16C7.16 64 0 71.16 0 80v336c0 17.67 14.33 32 32 32h464c8.84 0 16-7.16 16-16v-16c0-8.84-7.16-16-16-16zm-387.2-48h22.4c6.4 0 12.8-6.4 12.8-12.8v-70.4c0-6.4-6.4-12.8-12.8-12.8h-22.4c-6.4 0-12.8 6.4-12.8 12.8v70.4c0 6.4 6.4 12.8 12.8 12.8z\" class=\"\"><\/path><\/svg><\/i> <img loading=\"lazy\" decoding=\"async\" width=\"16\" height=\"16\" alt=\"Loading\" src=\"https:\/\/www.cubodeideas.com\/blog\/wp-content\/plugins\/page-views-count\/ajax-loader-2x.gif\" border=0 \/><\/p>\n<div class=\"pvc_clear\"><\/div>\n","protected":false},"author":1,"featured_media":2620,"comment_status":"open","ping_status":"closed","sticky":false,"template":"","format":"standard","meta":{"footnotes":"","jetpack_publicize_message":"","jetpack_publicize_feature_enabled":true,"jetpack_social_post_already_shared":false,"jetpack_social_options":{"image_generator_settings":{"template":"highway","default_image_id":0,"font":"","enabled":false},"version":2}},"categories":[13],"tags":[1484,1485,1483],"class_list":["post-2913","post","type-post","status-publish","format-standard","has-post-thumbnail","hentry","category-negocios","tag-desarrollo-del-talento","tag-formacion-laboral","tag-gestion-de-la-capacitacion-en-pymes"],"blocksy_meta":[],"yoast_head":"<!-- This site is optimized with the Yoast SEO plugin v27.0 - https:\/\/yoast.com\/product\/yoast-seo-wordpress\/ -->\n<title>Gesti\u00f3n de la capacitaci\u00f3n en PYMEs: desarrolla habilidades y potencia tu equipo -<\/title>\n<meta name=\"description\" content=\"Descubre c\u00f3mo aplicar una gesti\u00f3n de la capacitaci\u00f3n en PYMEs efectiva. Desarrolla habilidades, motiva al equipo y mejora la competitividad de tu empresa.\" \/>\n<meta name=\"robots\" content=\"index, follow, max-snippet:-1, max-image-preview:large, max-video-preview:-1\" \/>\n<link rel=\"canonical\" href=\"https:\/\/www.cubodeideas.com\/blog\/negocios\/gestion-de-la-capacitacion-en-pymes-desarrolla-habilidades-y-potencia-tu-equipo\/\" \/>\n<meta property=\"og:locale\" content=\"es_ES\" \/>\n<meta property=\"og:type\" content=\"article\" \/>\n<meta property=\"og:title\" content=\"Gesti\u00f3n de la capacitaci\u00f3n en PYMEs: desarrolla habilidades y potencia tu equipo -\" \/>\n<meta property=\"og:description\" content=\"Descubre c\u00f3mo aplicar una gesti\u00f3n de la capacitaci\u00f3n en PYMEs efectiva. Desarrolla habilidades, motiva al equipo y mejora la competitividad de tu empresa.\" \/>\n<meta property=\"og:url\" content=\"https:\/\/www.cubodeideas.com\/blog\/negocios\/gestion-de-la-capacitacion-en-pymes-desarrolla-habilidades-y-potencia-tu-equipo\/\" \/>\n<meta property=\"article:publisher\" content=\"https:\/\/www.facebook.com\/somoscubodeideas\" \/>\n<meta property=\"article:published_time\" content=\"2025-10-05T03:35:15+00:00\" \/>\n<meta property=\"og:image\" content=\"https:\/\/www.cubodeideas.com\/blog\/wp-content\/uploads\/2025\/08\/portada-malamen192.png\" \/>\n\t<meta property=\"og:image:width\" content=\"1640\" \/>\n\t<meta property=\"og:image:height\" content=\"924\" \/>\n\t<meta property=\"og:image:type\" content=\"image\/png\" \/>\n<meta name=\"author\" content=\"Noel Castro\" \/>\n<meta name=\"twitter:card\" content=\"summary_large_image\" \/>\n<meta name=\"twitter:creator\" content=\"@cubo_ideas\" \/>\n<meta name=\"twitter:site\" content=\"@cubo_ideas\" \/>\n<meta name=\"twitter:label1\" content=\"Escrito por\" \/>\n\t<meta name=\"twitter:data1\" content=\"Noel Castro\" \/>\n\t<meta name=\"twitter:label2\" content=\"Tiempo de lectura\" \/>\n\t<meta name=\"twitter:data2\" content=\"6 minutos\" \/>\n<script type=\"application\/ld+json\" class=\"yoast-schema-graph\">{\"@context\":\"https:\/\/schema.org\",\"@graph\":[{\"@type\":\"Article\",\"@id\":\"https:\/\/www.cubodeideas.com\/blog\/negocios\/gestion-de-la-capacitacion-en-pymes-desarrolla-habilidades-y-potencia-tu-equipo\/#article\",\"isPartOf\":{\"@id\":\"https:\/\/www.cubodeideas.com\/blog\/negocios\/gestion-de-la-capacitacion-en-pymes-desarrolla-habilidades-y-potencia-tu-equipo\/\"},\"author\":{\"name\":\"Noel Castro\",\"@id\":\"https:\/\/www.cubodeideas.com\/blog\/#\/schema\/person\/5614e43eb76109017cff51a2c7928211\"},\"headline\":\"Gesti\u00f3n de la capacitaci\u00f3n en PYMEs: desarrolla habilidades y potencia tu equipo\",\"datePublished\":\"2025-10-05T03:35:15+00:00\",\"mainEntityOfPage\":{\"@id\":\"https:\/\/www.cubodeideas.com\/blog\/negocios\/gestion-de-la-capacitacion-en-pymes-desarrolla-habilidades-y-potencia-tu-equipo\/\"},\"wordCount\":1182,\"commentCount\":0,\"publisher\":{\"@id\":\"https:\/\/www.cubodeideas.com\/blog\/#organization\"},\"image\":{\"@id\":\"https:\/\/www.cubodeideas.com\/blog\/negocios\/gestion-de-la-capacitacion-en-pymes-desarrolla-habilidades-y-potencia-tu-equipo\/#primaryimage\"},\"thumbnailUrl\":\"https:\/\/www.cubodeideas.com\/blog\/wp-content\/uploads\/2025\/08\/portada-malamen192.png\",\"keywords\":[\"desarrollo del talento\",\"formaci\u00f3n laboral\",\"gesti\u00f3n de la capacitaci\u00f3n en PYMEs\"],\"articleSection\":[\"Negocios\"],\"inLanguage\":\"es\",\"potentialAction\":[{\"@type\":\"CommentAction\",\"name\":\"Comment\",\"target\":[\"https:\/\/www.cubodeideas.com\/blog\/negocios\/gestion-de-la-capacitacion-en-pymes-desarrolla-habilidades-y-potencia-tu-equipo\/#respond\"]}]},{\"@type\":\"WebPage\",\"@id\":\"https:\/\/www.cubodeideas.com\/blog\/negocios\/gestion-de-la-capacitacion-en-pymes-desarrolla-habilidades-y-potencia-tu-equipo\/\",\"url\":\"https:\/\/www.cubodeideas.com\/blog\/negocios\/gestion-de-la-capacitacion-en-pymes-desarrolla-habilidades-y-potencia-tu-equipo\/\",\"name\":\"Gesti\u00f3n de la capacitaci\u00f3n en PYMEs: desarrolla habilidades y potencia tu equipo -\",\"isPartOf\":{\"@id\":\"https:\/\/www.cubodeideas.com\/blog\/#website\"},\"primaryImageOfPage\":{\"@id\":\"https:\/\/www.cubodeideas.com\/blog\/negocios\/gestion-de-la-capacitacion-en-pymes-desarrolla-habilidades-y-potencia-tu-equipo\/#primaryimage\"},\"image\":{\"@id\":\"https:\/\/www.cubodeideas.com\/blog\/negocios\/gestion-de-la-capacitacion-en-pymes-desarrolla-habilidades-y-potencia-tu-equipo\/#primaryimage\"},\"thumbnailUrl\":\"https:\/\/www.cubodeideas.com\/blog\/wp-content\/uploads\/2025\/08\/portada-malamen192.png\",\"datePublished\":\"2025-10-05T03:35:15+00:00\",\"description\":\"Descubre c\u00f3mo aplicar una gesti\u00f3n de la capacitaci\u00f3n en PYMEs efectiva. Desarrolla habilidades, motiva al equipo y mejora la competitividad de tu empresa.\",\"breadcrumb\":{\"@id\":\"https:\/\/www.cubodeideas.com\/blog\/negocios\/gestion-de-la-capacitacion-en-pymes-desarrolla-habilidades-y-potencia-tu-equipo\/#breadcrumb\"},\"inLanguage\":\"es\",\"potentialAction\":[{\"@type\":\"ReadAction\",\"target\":[\"https:\/\/www.cubodeideas.com\/blog\/negocios\/gestion-de-la-capacitacion-en-pymes-desarrolla-habilidades-y-potencia-tu-equipo\/\"]}]},{\"@type\":\"ImageObject\",\"inLanguage\":\"es\",\"@id\":\"https:\/\/www.cubodeideas.com\/blog\/negocios\/gestion-de-la-capacitacion-en-pymes-desarrolla-habilidades-y-potencia-tu-equipo\/#primaryimage\",\"url\":\"https:\/\/www.cubodeideas.com\/blog\/wp-content\/uploads\/2025\/08\/portada-malamen192.png\",\"contentUrl\":\"https:\/\/www.cubodeideas.com\/blog\/wp-content\/uploads\/2025\/08\/portada-malamen192.png\",\"width\":1640,\"height\":924,\"caption\":\"gesti\u00f3n de la capacitaci\u00f3n en PYMEs\"},{\"@type\":\"BreadcrumbList\",\"@id\":\"https:\/\/www.cubodeideas.com\/blog\/negocios\/gestion-de-la-capacitacion-en-pymes-desarrolla-habilidades-y-potencia-tu-equipo\/#breadcrumb\",\"itemListElement\":[{\"@type\":\"ListItem\",\"position\":1,\"name\":\"Portada\",\"item\":\"https:\/\/www.cubodeideas.com\/blog\/\"},{\"@type\":\"ListItem\",\"position\":2,\"name\":\"Gesti\u00f3n de la capacitaci\u00f3n en PYMEs: desarrolla habilidades y potencia tu equipo\"}]},{\"@type\":\"WebSite\",\"@id\":\"https:\/\/www.cubodeideas.com\/blog\/#website\",\"url\":\"https:\/\/www.cubodeideas.com\/blog\/\",\"name\":\"Cubo de Ideas\",\"description\":\"Cubo de Ideas, El Blog\",\"publisher\":{\"@id\":\"https:\/\/www.cubodeideas.com\/blog\/#organization\"},\"potentialAction\":[{\"@type\":\"SearchAction\",\"target\":{\"@type\":\"EntryPoint\",\"urlTemplate\":\"https:\/\/www.cubodeideas.com\/blog\/?s={search_term_string}\"},\"query-input\":{\"@type\":\"PropertyValueSpecification\",\"valueRequired\":true,\"valueName\":\"search_term_string\"}}],\"inLanguage\":\"es\"},{\"@type\":\"Organization\",\"@id\":\"https:\/\/www.cubodeideas.com\/blog\/#organization\",\"name\":\"Cubo de Ideas\",\"url\":\"https:\/\/www.cubodeideas.com\/blog\/\",\"logo\":{\"@type\":\"ImageObject\",\"inLanguage\":\"es\",\"@id\":\"https:\/\/www.cubodeideas.com\/blog\/#\/schema\/logo\/image\/\",\"url\":\"https:\/\/www.cubodeideas.com\/blog\/wp-content\/uploads\/2021\/10\/android-icon-72x72-1.png\",\"contentUrl\":\"https:\/\/www.cubodeideas.com\/blog\/wp-content\/uploads\/2021\/10\/android-icon-72x72-1.png\",\"width\":72,\"height\":72,\"caption\":\"Cubo de Ideas\"},\"image\":{\"@id\":\"https:\/\/www.cubodeideas.com\/blog\/#\/schema\/logo\/image\/\"},\"sameAs\":[\"https:\/\/www.facebook.com\/somoscubodeideas\",\"https:\/\/x.com\/cubo_ideas\",\"https:\/\/www.instagram.com\/cubodeideas\"]},{\"@type\":\"Person\",\"@id\":\"https:\/\/www.cubodeideas.com\/blog\/#\/schema\/person\/5614e43eb76109017cff51a2c7928211\",\"name\":\"Noel Castro\",\"description\":\"LEM Noel Castro Monta\u00f1o es CEO de Cubo de Ideas, Director de Operaciones para Citosa Textiles. Asesor de nuevos mercados y estrategias digitales para el segmento Retail. Especialista en marketing para autoservicios y puntos de venta. Especialista en sistemas de gesti\u00f3n de la calidad con enfoque a la ISO 9001:2015\",\"sameAs\":[\"https:\/\/www.cubodeideas.com\/blog\"],\"url\":\"https:\/\/www.cubodeideas.com\/blog\/author\/admin\/\"}]}<\/script>\n<!-- \/ Yoast SEO plugin. -->","yoast_head_json":{"title":"Gesti\u00f3n de la capacitaci\u00f3n en PYMEs: desarrolla habilidades y potencia tu equipo -","description":"Descubre c\u00f3mo aplicar una gesti\u00f3n de la capacitaci\u00f3n en PYMEs efectiva. Desarrolla habilidades, motiva al equipo y mejora la competitividad de tu empresa.","robots":{"index":"index","follow":"follow","max-snippet":"max-snippet:-1","max-image-preview":"max-image-preview:large","max-video-preview":"max-video-preview:-1"},"canonical":"https:\/\/www.cubodeideas.com\/blog\/negocios\/gestion-de-la-capacitacion-en-pymes-desarrolla-habilidades-y-potencia-tu-equipo\/","og_locale":"es_ES","og_type":"article","og_title":"Gesti\u00f3n de la capacitaci\u00f3n en PYMEs: desarrolla habilidades y potencia tu equipo -","og_description":"Descubre c\u00f3mo aplicar una gesti\u00f3n de la capacitaci\u00f3n en PYMEs efectiva. Desarrolla habilidades, motiva al equipo y mejora la competitividad de tu empresa.","og_url":"https:\/\/www.cubodeideas.com\/blog\/negocios\/gestion-de-la-capacitacion-en-pymes-desarrolla-habilidades-y-potencia-tu-equipo\/","article_publisher":"https:\/\/www.facebook.com\/somoscubodeideas","article_published_time":"2025-10-05T03:35:15+00:00","og_image":[{"width":1640,"height":924,"url":"https:\/\/www.cubodeideas.com\/blog\/wp-content\/uploads\/2025\/08\/portada-malamen192.png","type":"image\/png"}],"author":"Noel Castro","twitter_card":"summary_large_image","twitter_creator":"@cubo_ideas","twitter_site":"@cubo_ideas","twitter_misc":{"Escrito por":"Noel Castro","Tiempo de lectura":"6 minutos"},"schema":{"@context":"https:\/\/schema.org","@graph":[{"@type":"Article","@id":"https:\/\/www.cubodeideas.com\/blog\/negocios\/gestion-de-la-capacitacion-en-pymes-desarrolla-habilidades-y-potencia-tu-equipo\/#article","isPartOf":{"@id":"https:\/\/www.cubodeideas.com\/blog\/negocios\/gestion-de-la-capacitacion-en-pymes-desarrolla-habilidades-y-potencia-tu-equipo\/"},"author":{"name":"Noel Castro","@id":"https:\/\/www.cubodeideas.com\/blog\/#\/schema\/person\/5614e43eb76109017cff51a2c7928211"},"headline":"Gesti\u00f3n de la capacitaci\u00f3n en PYMEs: desarrolla habilidades y potencia tu equipo","datePublished":"2025-10-05T03:35:15+00:00","mainEntityOfPage":{"@id":"https:\/\/www.cubodeideas.com\/blog\/negocios\/gestion-de-la-capacitacion-en-pymes-desarrolla-habilidades-y-potencia-tu-equipo\/"},"wordCount":1182,"commentCount":0,"publisher":{"@id":"https:\/\/www.cubodeideas.com\/blog\/#organization"},"image":{"@id":"https:\/\/www.cubodeideas.com\/blog\/negocios\/gestion-de-la-capacitacion-en-pymes-desarrolla-habilidades-y-potencia-tu-equipo\/#primaryimage"},"thumbnailUrl":"https:\/\/www.cubodeideas.com\/blog\/wp-content\/uploads\/2025\/08\/portada-malamen192.png","keywords":["desarrollo del talento","formaci\u00f3n laboral","gesti\u00f3n de la capacitaci\u00f3n en PYMEs"],"articleSection":["Negocios"],"inLanguage":"es","potentialAction":[{"@type":"CommentAction","name":"Comment","target":["https:\/\/www.cubodeideas.com\/blog\/negocios\/gestion-de-la-capacitacion-en-pymes-desarrolla-habilidades-y-potencia-tu-equipo\/#respond"]}]},{"@type":"WebPage","@id":"https:\/\/www.cubodeideas.com\/blog\/negocios\/gestion-de-la-capacitacion-en-pymes-desarrolla-habilidades-y-potencia-tu-equipo\/","url":"https:\/\/www.cubodeideas.com\/blog\/negocios\/gestion-de-la-capacitacion-en-pymes-desarrolla-habilidades-y-potencia-tu-equipo\/","name":"Gesti\u00f3n de la capacitaci\u00f3n en PYMEs: desarrolla habilidades y potencia tu equipo -","isPartOf":{"@id":"https:\/\/www.cubodeideas.com\/blog\/#website"},"primaryImageOfPage":{"@id":"https:\/\/www.cubodeideas.com\/blog\/negocios\/gestion-de-la-capacitacion-en-pymes-desarrolla-habilidades-y-potencia-tu-equipo\/#primaryimage"},"image":{"@id":"https:\/\/www.cubodeideas.com\/blog\/negocios\/gestion-de-la-capacitacion-en-pymes-desarrolla-habilidades-y-potencia-tu-equipo\/#primaryimage"},"thumbnailUrl":"https:\/\/www.cubodeideas.com\/blog\/wp-content\/uploads\/2025\/08\/portada-malamen192.png","datePublished":"2025-10-05T03:35:15+00:00","description":"Descubre c\u00f3mo aplicar una gesti\u00f3n de la capacitaci\u00f3n en PYMEs efectiva. Desarrolla habilidades, motiva al equipo y mejora la competitividad de tu empresa.","breadcrumb":{"@id":"https:\/\/www.cubodeideas.com\/blog\/negocios\/gestion-de-la-capacitacion-en-pymes-desarrolla-habilidades-y-potencia-tu-equipo\/#breadcrumb"},"inLanguage":"es","potentialAction":[{"@type":"ReadAction","target":["https:\/\/www.cubodeideas.com\/blog\/negocios\/gestion-de-la-capacitacion-en-pymes-desarrolla-habilidades-y-potencia-tu-equipo\/"]}]},{"@type":"ImageObject","inLanguage":"es","@id":"https:\/\/www.cubodeideas.com\/blog\/negocios\/gestion-de-la-capacitacion-en-pymes-desarrolla-habilidades-y-potencia-tu-equipo\/#primaryimage","url":"https:\/\/www.cubodeideas.com\/blog\/wp-content\/uploads\/2025\/08\/portada-malamen192.png","contentUrl":"https:\/\/www.cubodeideas.com\/blog\/wp-content\/uploads\/2025\/08\/portada-malamen192.png","width":1640,"height":924,"caption":"gesti\u00f3n de la capacitaci\u00f3n en PYMEs"},{"@type":"BreadcrumbList","@id":"https:\/\/www.cubodeideas.com\/blog\/negocios\/gestion-de-la-capacitacion-en-pymes-desarrolla-habilidades-y-potencia-tu-equipo\/#breadcrumb","itemListElement":[{"@type":"ListItem","position":1,"name":"Portada","item":"https:\/\/www.cubodeideas.com\/blog\/"},{"@type":"ListItem","position":2,"name":"Gesti\u00f3n de la capacitaci\u00f3n en PYMEs: desarrolla habilidades y potencia tu equipo"}]},{"@type":"WebSite","@id":"https:\/\/www.cubodeideas.com\/blog\/#website","url":"https:\/\/www.cubodeideas.com\/blog\/","name":"Cubo de Ideas","description":"Cubo de Ideas, El Blog","publisher":{"@id":"https:\/\/www.cubodeideas.com\/blog\/#organization"},"potentialAction":[{"@type":"SearchAction","target":{"@type":"EntryPoint","urlTemplate":"https:\/\/www.cubodeideas.com\/blog\/?s={search_term_string}"},"query-input":{"@type":"PropertyValueSpecification","valueRequired":true,"valueName":"search_term_string"}}],"inLanguage":"es"},{"@type":"Organization","@id":"https:\/\/www.cubodeideas.com\/blog\/#organization","name":"Cubo de Ideas","url":"https:\/\/www.cubodeideas.com\/blog\/","logo":{"@type":"ImageObject","inLanguage":"es","@id":"https:\/\/www.cubodeideas.com\/blog\/#\/schema\/logo\/image\/","url":"https:\/\/www.cubodeideas.com\/blog\/wp-content\/uploads\/2021\/10\/android-icon-72x72-1.png","contentUrl":"https:\/\/www.cubodeideas.com\/blog\/wp-content\/uploads\/2021\/10\/android-icon-72x72-1.png","width":72,"height":72,"caption":"Cubo de Ideas"},"image":{"@id":"https:\/\/www.cubodeideas.com\/blog\/#\/schema\/logo\/image\/"},"sameAs":["https:\/\/www.facebook.com\/somoscubodeideas","https:\/\/x.com\/cubo_ideas","https:\/\/www.instagram.com\/cubodeideas"]},{"@type":"Person","@id":"https:\/\/www.cubodeideas.com\/blog\/#\/schema\/person\/5614e43eb76109017cff51a2c7928211","name":"Noel Castro","description":"LEM Noel Castro Monta\u00f1o es CEO de Cubo de Ideas, Director de Operaciones para Citosa Textiles. Asesor de nuevos mercados y estrategias digitales para el segmento Retail. Especialista en marketing para autoservicios y puntos de venta. Especialista en sistemas de gesti\u00f3n de la calidad con enfoque a la ISO 9001:2015","sameAs":["https:\/\/www.cubodeideas.com\/blog"],"url":"https:\/\/www.cubodeideas.com\/blog\/author\/admin\/"}]}},"jetpack_publicize_connections":[],"_links":{"self":[{"href":"https:\/\/www.cubodeideas.com\/blog\/wp-json\/wp\/v2\/posts\/2913","targetHints":{"allow":["GET"]}}],"collection":[{"href":"https:\/\/www.cubodeideas.com\/blog\/wp-json\/wp\/v2\/posts"}],"about":[{"href":"https:\/\/www.cubodeideas.com\/blog\/wp-json\/wp\/v2\/types\/post"}],"author":[{"embeddable":true,"href":"https:\/\/www.cubodeideas.com\/blog\/wp-json\/wp\/v2\/users\/1"}],"replies":[{"embeddable":true,"href":"https:\/\/www.cubodeideas.com\/blog\/wp-json\/wp\/v2\/comments?post=2913"}],"version-history":[{"count":1,"href":"https:\/\/www.cubodeideas.com\/blog\/wp-json\/wp\/v2\/posts\/2913\/revisions"}],"predecessor-version":[{"id":2914,"href":"https:\/\/www.cubodeideas.com\/blog\/wp-json\/wp\/v2\/posts\/2913\/revisions\/2914"}],"wp:featuredmedia":[{"embeddable":true,"href":"https:\/\/www.cubodeideas.com\/blog\/wp-json\/wp\/v2\/media\/2620"}],"wp:attachment":[{"href":"https:\/\/www.cubodeideas.com\/blog\/wp-json\/wp\/v2\/media?parent=2913"}],"wp:term":[{"taxonomy":"category","embeddable":true,"href":"https:\/\/www.cubodeideas.com\/blog\/wp-json\/wp\/v2\/categories?post=2913"},{"taxonomy":"post_tag","embeddable":true,"href":"https:\/\/www.cubodeideas.com\/blog\/wp-json\/wp\/v2\/tags?post=2913"}],"curies":[{"name":"wp","href":"https:\/\/api.w.org\/{rel}","templated":true}]}}