{"id":2911,"date":"2025-10-05T03:27:09","date_gmt":"2025-10-05T03:27:09","guid":{"rendered":"https:\/\/www.cubodeideas.com\/blog\/?p=2911"},"modified":"2025-10-05T03:27:46","modified_gmt":"2025-10-05T03:27:46","slug":"gestion-del-desempeno-en-pymes-mide-resultados-y-mejora-la-productividad","status":"publish","type":"post","link":"https:\/\/www.cubodeideas.com\/blog\/negocios\/gestion-del-desempeno-en-pymes-mide-resultados-y-mejora-la-productividad\/","title":{"rendered":"Gesti\u00f3n del desempe\u00f1o en PYMEs: mide resultados y mejora la productividad"},"content":{"rendered":"<p data-start=\"596\" data-end=\"875\">En las peque\u00f1as y medianas empresas mexicanas, el desempe\u00f1o del equipo puede ser la diferencia entre cumplir con los objetivos o quedarse estancado.<br data-start=\"744\" data-end=\"747\" \/>Sin embargo, pocas PYMEs cuentan con un sistema formal para <strong data-start=\"807\" data-end=\"872\">evaluar, retroalimentar y mejorar el desempe\u00f1o de su personal<\/strong>.<\/p>\n<p data-start=\"877\" data-end=\"1170\">\ud83d\udc49 La <strong data-start=\"883\" data-end=\"917\">gesti\u00f3n del desempe\u00f1o en PYMEs<\/strong> no se trata de supervisar o castigar, sino de <strong data-start=\"964\" data-end=\"1035\">medir resultados, reconocer logros y ayudar a las personas a crecer<\/strong>.<br data-start=\"1036\" data-end=\"1039\" \/>Cuando se hace correctamente, impulsa la productividad, la motivaci\u00f3n y la alineaci\u00f3n con los objetivos estrat\u00e9gicos del negocio.<\/p>\n<hr data-start=\"1172\" data-end=\"1175\" \/>\n<h2 data-start=\"1177\" data-end=\"1225\">\u00bfQu\u00e9 es la gesti\u00f3n del desempe\u00f1o en una PyME?<\/h2>\n<p data-start=\"1227\" data-end=\"1420\">La <strong data-start=\"1230\" data-end=\"1264\">gesti\u00f3n del desempe\u00f1o en PYMEs<\/strong> es un proceso continuo que busca evaluar y mejorar el rendimiento de los colaboradores para asegurar que sus acciones contribuyan al \u00e9xito de la empresa.<\/p>\n<p data-start=\"1422\" data-end=\"1601\">A diferencia de las evaluaciones anuales tradicionales, la gesti\u00f3n moderna del desempe\u00f1o es un ciclo constante de <strong data-start=\"1536\" data-end=\"1598\">planificaci\u00f3n, seguimiento, retroalimentaci\u00f3n y desarrollo<\/strong>.<\/p>\n<p data-start=\"1603\" data-end=\"1634\">Incluye tres elementos clave:<\/p>\n<ol data-start=\"1635\" data-end=\"1928\">\n<li data-start=\"1635\" data-end=\"1721\">\n<p data-start=\"1638\" data-end=\"1721\"><strong data-start=\"1638\" data-end=\"1667\">Definir objetivos claros.<\/strong> Cada persona debe saber qu\u00e9 se espera de su puesto.<\/p>\n<\/li>\n<li data-start=\"1722\" data-end=\"1809\">\n<p data-start=\"1725\" data-end=\"1809\"><strong data-start=\"1725\" data-end=\"1764\">Medir resultados de forma objetiva.<\/strong> Usando indicadores o metas cuantificables.<\/p>\n<\/li>\n<li data-start=\"1810\" data-end=\"1928\">\n<p data-start=\"1813\" data-end=\"1928\"><strong data-start=\"1813\" data-end=\"1846\">Retroalimentar y desarrollar.<\/strong> Reuniones peri\u00f3dicas para analizar avances y apoyar el crecimiento profesional.<\/p>\n<\/li>\n<\/ol>\n<p data-start=\"1930\" data-end=\"1978\">\ud83d\udc49 Medir no es controlar, es ayudar a mejorar.<\/p>\n<hr data-start=\"1980\" data-end=\"1983\" \/>\n<h2 data-start=\"1985\" data-end=\"2036\">Importancia de la gesti\u00f3n del desempe\u00f1o en PYMEs<\/h2>\n<p data-start=\"2038\" data-end=\"2192\">En una PyME, cada persona cuenta.<br data-start=\"2071\" data-end=\"2074\" \/>Un colaborador con bajo desempe\u00f1o puede afectar directamente la operaci\u00f3n, la atenci\u00f3n al cliente o la rentabilidad.<\/p>\n<p data-start=\"2194\" data-end=\"2281\">Implementar una buena <strong data-start=\"2216\" data-end=\"2250\">gesti\u00f3n del desempe\u00f1o en PYMEs<\/strong> genera m\u00faltiples beneficios:<\/p>\n<ul data-start=\"2282\" data-end=\"2731\">\n<li data-start=\"2282\" data-end=\"2376\">\n<p data-start=\"2284\" data-end=\"2376\"><strong data-start=\"2284\" data-end=\"2308\">Mayor productividad:<\/strong> cada empleado entiende c\u00f3mo su trabajo impacta en los resultados.<\/p>\n<\/li>\n<li data-start=\"2377\" data-end=\"2468\">\n<p data-start=\"2379\" data-end=\"2468\"><strong data-start=\"2379\" data-end=\"2407\">Motivaci\u00f3n y compromiso:<\/strong> cuando se reconoce el esfuerzo, la gente se involucra m\u00e1s.<\/p>\n<\/li>\n<li data-start=\"2469\" data-end=\"2560\">\n<p data-start=\"2471\" data-end=\"2560\"><strong data-start=\"2471\" data-end=\"2505\">Desarrollo de talento interno:<\/strong> permite detectar l\u00edderes y potencial de crecimiento.<\/p>\n<\/li>\n<li data-start=\"2561\" data-end=\"2643\">\n<p data-start=\"2563\" data-end=\"2643\"><strong data-start=\"2563\" data-end=\"2586\">Mejor comunicaci\u00f3n:<\/strong> se fomenta el di\u00e1logo entre direcci\u00f3n y colaboradores.<\/p>\n<\/li>\n<li data-start=\"2644\" data-end=\"2731\">\n<p data-start=\"2646\" data-end=\"2731\"><strong data-start=\"2646\" data-end=\"2672\">Reducci\u00f3n de rotaci\u00f3n:<\/strong> las personas se quedan donde sienten que pueden mejorar.<\/p>\n<\/li>\n<\/ul>\n<p data-start=\"2733\" data-end=\"2825\">\ud83d\udc49 Una empresa que mide y retroalimenta de forma constante no necesita presionar: inspira.<\/p>\n<hr data-start=\"2827\" data-end=\"2830\" \/>\n<h2 data-start=\"2832\" data-end=\"2896\">C\u00f3mo implementar un sistema de gesti\u00f3n del desempe\u00f1o en PYMEs<\/h2>\n<p data-start=\"2898\" data-end=\"3124\">El primer paso es <strong data-start=\"2916\" data-end=\"2977\">definir objetivos alineados con la estrategia del negocio<\/strong>.<br data-start=\"2978\" data-end=\"2981\" \/>No todos los colaboradores deben tener las mismas metas: las \u00e1reas operativas, administrativas y comerciales requieren indicadores distintos.<\/p>\n<p data-start=\"3126\" data-end=\"3168\">Un sistema simple pero efectivo incluye:<\/p>\n<h3 data-start=\"3170\" data-end=\"3198\">1. Definir metas SMART<\/h3>\n<p data-start=\"3199\" data-end=\"3392\">Las metas deben ser <strong data-start=\"3219\" data-end=\"3282\">Espec\u00edficas, Medibles, Alcanzables, Relevantes y Temporales<\/strong>.<br data-start=\"3283\" data-end=\"3286\" \/>Por ejemplo, \u201caumentar la productividad en un 10% en tres meses\u201d es m\u00e1s claro que \u201ctrabajar m\u00e1s r\u00e1pido\u201d.<\/p>\n<h3 data-start=\"3394\" data-end=\"3437\">2. Establecer indicadores clave (KPI)<\/h3>\n<p data-start=\"3438\" data-end=\"3510\">Los <strong data-start=\"3442\" data-end=\"3449\">KPI<\/strong> son m\u00e9tricas objetivas que muestran el avance.<br data-start=\"3496\" data-end=\"3499\" \/>Ejemplos:<\/p>\n<ul data-start=\"3511\" data-end=\"3642\">\n<li data-start=\"3511\" data-end=\"3545\">\n<p data-start=\"3513\" data-end=\"3545\">Ventas mensuales por empleado.<\/p>\n<\/li>\n<li data-start=\"3546\" data-end=\"3568\">\n<p data-start=\"3548\" data-end=\"3568\">Tasa de retrabajo.<\/p>\n<\/li>\n<li data-start=\"3569\" data-end=\"3612\">\n<p data-start=\"3571\" data-end=\"3612\">Tiempo promedio de atenci\u00f3n al cliente.<\/p>\n<\/li>\n<li data-start=\"3613\" data-end=\"3642\">\n<p data-start=\"3615\" data-end=\"3642\">Cumplimiento de entregas.<\/p>\n<\/li>\n<\/ul>\n<h3 data-start=\"3644\" data-end=\"3676\">3. Evaluaciones peri\u00f3dicas<\/h3>\n<p data-start=\"3677\" data-end=\"3882\">No basta con medir al final del a\u00f1o.<br data-start=\"3713\" data-end=\"3716\" \/>Realiza <strong data-start=\"3724\" data-end=\"3763\">revisiones trimestrales o mensuales<\/strong> donde se analicen resultados, obst\u00e1culos y \u00e1reas de mejora.<br data-start=\"3823\" data-end=\"3826\" \/>Estas reuniones deben ser colaborativas, no de juicio.<\/p>\n<h3 data-start=\"3884\" data-end=\"3923\">4. Retroalimentaci\u00f3n constructiva<\/h3>\n<p data-start=\"3924\" data-end=\"4108\">Una retroalimentaci\u00f3n efectiva se enfoca en hechos, no en opiniones.<br data-start=\"3992\" data-end=\"3995\" \/>En lugar de decir \u201ceres lento\u201d, di \u201cesta tarea se retrasa por falta de informaci\u00f3n, \u00bfc\u00f3mo podemos resolverlo?\u201d.<\/p>\n<h3 data-start=\"4110\" data-end=\"4146\">5. Reconocimiento y desarrollo<\/h3>\n<p data-start=\"4147\" data-end=\"4300\">Los buenos resultados deben reconocerse p\u00fablicamente.<br data-start=\"4200\" data-end=\"4203\" \/>Adem\u00e1s, si alguien tiene dificultades, ofrece capacitaci\u00f3n o acompa\u00f1amiento antes de sancionar.<\/p>\n<p data-start=\"4302\" data-end=\"4377\">\ud83d\udc49 La gesti\u00f3n del desempe\u00f1o en PYMEs es un proceso humano, no un tr\u00e1mite.<\/p>\n<hr data-start=\"4379\" data-end=\"4382\" \/>\n<h2 data-start=\"4384\" data-end=\"4426\">C\u00f3mo medir la productividad en una PyME<\/h2>\n<p data-start=\"4428\" data-end=\"4514\">Medir desempe\u00f1o no significa contar horas, sino <strong data-start=\"4476\" data-end=\"4511\">evaluar resultados y eficiencia<\/strong>.<\/p>\n<p data-start=\"4516\" data-end=\"4589\">Algunas m\u00e9tricas \u00fatiles para la <strong data-start=\"4548\" data-end=\"4582\">gesti\u00f3n del desempe\u00f1o en PYMEs<\/strong> son:<\/p>\n<ul data-start=\"4590\" data-end=\"4924\">\n<li data-start=\"4590\" data-end=\"4658\">\n<p data-start=\"4592\" data-end=\"4658\"><strong data-start=\"4592\" data-end=\"4623\">Productividad por empleado:<\/strong> producci\u00f3n o ventas por persona.<\/p>\n<\/li>\n<li data-start=\"4659\" data-end=\"4725\">\n<p data-start=\"4661\" data-end=\"4725\"><strong data-start=\"4661\" data-end=\"4691\">Cumplimiento de objetivos:<\/strong> porcentaje de metas alcanzadas.<\/p>\n<\/li>\n<li data-start=\"4726\" data-end=\"4790\">\n<p data-start=\"4728\" data-end=\"4790\"><strong data-start=\"4728\" data-end=\"4752\">Calidad del trabajo:<\/strong> errores, retrabajos o devoluciones.<\/p>\n<\/li>\n<li data-start=\"4791\" data-end=\"4872\">\n<p data-start=\"4793\" data-end=\"4872\"><strong data-start=\"4793\" data-end=\"4819\">Eficiencia del tiempo:<\/strong> relaci\u00f3n entre horas trabajadas y horas efectivas.<\/p>\n<\/li>\n<li data-start=\"4873\" data-end=\"4924\">\n<p data-start=\"4875\" data-end=\"4924\"><strong data-start=\"4875\" data-end=\"4922\">Satisfacci\u00f3n del cliente interno o externo.<\/strong><\/p>\n<\/li>\n<\/ul>\n<p data-start=\"4926\" data-end=\"5119\">Estas m\u00e9tricas deben adaptarse al tipo de negocio.<br data-start=\"4976\" data-end=\"4979\" \/>Por ejemplo, una empresa de servicios puede medir tiempos de respuesta y satisfacci\u00f3n; una manufacturera, piezas producidas o desperdicio.<\/p>\n<p data-start=\"5121\" data-end=\"5225\">Lo importante es que los indicadores sean <strong data-start=\"5163\" data-end=\"5222\">claros, alcanzables y \u00fatiles para la toma de decisiones<\/strong>.<\/p>\n<hr data-start=\"5227\" data-end=\"5230\" \/>\n<h2 data-start=\"5232\" data-end=\"5284\">Tecnolog\u00eda para la gesti\u00f3n del desempe\u00f1o en PYMEs<\/h2>\n<p data-start=\"5286\" data-end=\"5487\">Hoy existen herramientas accesibles que facilitan la evaluaci\u00f3n y seguimiento del desempe\u00f1o.<br data-start=\"5378\" data-end=\"5381\" \/>Desde hojas de c\u00e1lculo con KPIs hasta plataformas digitales con paneles de control y registro hist\u00f3rico.<\/p>\n<p data-start=\"5489\" data-end=\"5515\">Algunas opciones \u00fatiles:<\/p>\n<ul data-start=\"5516\" data-end=\"5751\">\n<li data-start=\"5516\" data-end=\"5593\">\n<p data-start=\"5518\" data-end=\"5593\"><strong data-start=\"5518\" data-end=\"5544\">Google Sheets \/ Excel:<\/strong> para indicadores simples y reportes mensuales.<\/p>\n<\/li>\n<li data-start=\"5594\" data-end=\"5664\">\n<p data-start=\"5596\" data-end=\"5664\"><strong data-start=\"5596\" data-end=\"5615\">Trello o Asana:<\/strong> seguimiento de tareas y cumplimiento de metas.<\/p>\n<\/li>\n<li data-start=\"5665\" data-end=\"5751\">\n<p data-start=\"5667\" data-end=\"5751\"><strong data-start=\"5667\" data-end=\"5694\">Factorial, Kenjo o Buk:<\/strong> sistemas de RRHH con m\u00f3dulos de evaluaci\u00f3n y feedback.<\/p>\n<\/li>\n<\/ul>\n<p data-start=\"5753\" data-end=\"5875\">Incluso con herramientas gratuitas, una PyME puede mantener un control sistem\u00e1tico del desempe\u00f1o sin caer en burocracia.<\/p>\n<p data-start=\"5877\" data-end=\"5952\">\ud83d\udc49 La tecnolog\u00eda no reemplaza la conversaci\u00f3n, pero facilita la claridad.<\/p>\n<hr data-start=\"5954\" data-end=\"5957\" \/>\n<h2 data-start=\"5959\" data-end=\"5996\">Caso pr\u00e1ctico en una PyME mexicana<\/h2>\n<p data-start=\"5998\" data-end=\"6217\">Una empresa de manufactura ligera en Jalisco ten\u00eda bajo rendimiento en el \u00e1rea de producci\u00f3n y alta rotaci\u00f3n.<br data-start=\"6107\" data-end=\"6110\" \/>Implement\u00f3 un sistema de <strong data-start=\"6135\" data-end=\"6160\">gesti\u00f3n del desempe\u00f1o<\/strong> con indicadores de eficiencia, cumplimiento y calidad.<\/p>\n<p data-start=\"6219\" data-end=\"6385\">Los supervisores comenzaron a realizar reuniones semanales de retroalimentaci\u00f3n, con reconocimiento a los mejores resultados y apoyo para quienes estaban rezagados.<\/p>\n<p data-start=\"6387\" data-end=\"6422\">En menos de seis meses, lograron:<\/p>\n<ul data-start=\"6423\" data-end=\"6563\">\n<li data-start=\"6423\" data-end=\"6463\">\n<p data-start=\"6425\" data-end=\"6463\">Incrementar la productividad un 22%.<\/p>\n<\/li>\n<li data-start=\"6464\" data-end=\"6507\">\n<p data-start=\"6466\" data-end=\"6507\">Reducir la rotaci\u00f3n de personal en 35%.<\/p>\n<\/li>\n<li data-start=\"6508\" data-end=\"6563\">\n<p data-start=\"6510\" data-end=\"6563\">Aumentar la satisfacci\u00f3n interna del equipo en 40%.<\/p>\n<\/li>\n<\/ul>\n<p data-start=\"6565\" data-end=\"6594\">\ud83d\udc49 Medir cambi\u00f3 su cultura.<\/p>\n<hr data-start=\"6596\" data-end=\"6599\" \/>\n<h2 data-start=\"6601\" data-end=\"6656\">Errores comunes en la gesti\u00f3n del desempe\u00f1o en PYMEs<\/h2>\n<ol data-start=\"6658\" data-end=\"7069\">\n<li data-start=\"6658\" data-end=\"6732\">\n<p data-start=\"6661\" data-end=\"6732\"><strong data-start=\"6661\" data-end=\"6692\">Medir sin objetivos claros.<\/strong> Evaluar sin rumbo genera frustraci\u00f3n.<\/p>\n<\/li>\n<li data-start=\"6733\" data-end=\"6813\">\n<p data-start=\"6736\" data-end=\"6813\"><strong data-start=\"6736\" data-end=\"6764\">No comunicar resultados.<\/strong> Si la gente no sabe c\u00f3mo va, no puede mejorar.<\/p>\n<\/li>\n<li data-start=\"6814\" data-end=\"6919\">\n<p data-start=\"6817\" data-end=\"6919\"><strong data-start=\"6817\" data-end=\"6847\">Centrarse solo en errores.<\/strong> El feedback negativo desmotiva si no se equilibra con reconocimiento.<\/p>\n<\/li>\n<li data-start=\"6920\" data-end=\"6996\">\n<p data-start=\"6923\" data-end=\"6996\"><strong data-start=\"6923\" data-end=\"6950\">Usar m\u00e9tricas irreales.<\/strong> Metas inalcanzables destruyen la confianza.<\/p>\n<\/li>\n<li data-start=\"6997\" data-end=\"7069\">\n<p data-start=\"7000\" data-end=\"7069\"><strong data-start=\"7000\" data-end=\"7023\">No dar seguimiento.<\/strong> Medir una vez y olvidarlo anula el proceso.<\/p>\n<\/li>\n<\/ol>\n<p data-start=\"7071\" data-end=\"7155\">\ud83d\udc49 La gesti\u00f3n del desempe\u00f1o es una conversaci\u00f3n continua, no una evaluaci\u00f3n anual.<\/p>\n<h2 data-start=\"7162\" data-end=\"7175\">Conclusi\u00f3n<\/h2>\n<p data-start=\"7177\" data-end=\"7322\">La <strong data-start=\"7180\" data-end=\"7214\">gesti\u00f3n del desempe\u00f1o en PYMEs<\/strong> es una de las herramientas m\u00e1s poderosas para impulsar la productividad, el compromiso y la rentabilidad.<\/p>\n<p data-start=\"7324\" data-end=\"7564\">\ud83d\udc49 Como due\u00f1o o gerente, tu papel no es solo exigir resultados, sino <strong data-start=\"7393\" data-end=\"7442\">dar claridad, acompa\u00f1amiento y reconocimiento<\/strong>.<br data-start=\"7443\" data-end=\"7446\" \/>Las empresas que miden con justicia y apoyan con empat\u00eda construyen equipos s\u00f3lidos, leales y altamente productivos.<\/p>\n<p data-start=\"7566\" data-end=\"7655\">Una PyME que gestiona el desempe\u00f1o no solo controla su presente: <strong data-start=\"7631\" data-end=\"7652\">asegura su futuro<\/strong>.<\/p>\n<div class=\"pvc_clear\"><\/div>\n<p id=\"pvc_stats_2911\" class=\"pvc_stats all  \" data-element-id=\"2911\" style=\"\"><i class=\"pvc-stats-icon medium\" aria-hidden=\"true\"><svg aria-hidden=\"true\" focusable=\"false\" data-prefix=\"far\" data-icon=\"chart-bar\" role=\"img\" xmlns=\"http:\/\/www.w3.org\/2000\/svg\" viewBox=\"0 0 512 512\" class=\"svg-inline--fa fa-chart-bar fa-w-16 fa-2x\"><path fill=\"currentColor\" d=\"M396.8 352h22.4c6.4 0 12.8-6.4 12.8-12.8V108.8c0-6.4-6.4-12.8-12.8-12.8h-22.4c-6.4 0-12.8 6.4-12.8 12.8v230.4c0 6.4 6.4 12.8 12.8 12.8zm-192 0h22.4c6.4 0 12.8-6.4 12.8-12.8V140.8c0-6.4-6.4-12.8-12.8-12.8h-22.4c-6.4 0-12.8 6.4-12.8 12.8v198.4c0 6.4 6.4 12.8 12.8 12.8zm96 0h22.4c6.4 0 12.8-6.4 12.8-12.8V204.8c0-6.4-6.4-12.8-12.8-12.8h-22.4c-6.4 0-12.8 6.4-12.8 12.8v134.4c0 6.4 6.4 12.8 12.8 12.8zM496 400H48V80c0-8.84-7.16-16-16-16H16C7.16 64 0 71.16 0 80v336c0 17.67 14.33 32 32 32h464c8.84 0 16-7.16 16-16v-16c0-8.84-7.16-16-16-16zm-387.2-48h22.4c6.4 0 12.8-6.4 12.8-12.8v-70.4c0-6.4-6.4-12.8-12.8-12.8h-22.4c-6.4 0-12.8 6.4-12.8 12.8v70.4c0 6.4 6.4 12.8 12.8 12.8z\" class=\"\"><\/path><\/svg><\/i> <img loading=\"lazy\" decoding=\"async\" width=\"16\" height=\"16\" alt=\"Loading\" src=\"https:\/\/www.cubodeideas.com\/blog\/wp-content\/plugins\/page-views-count\/ajax-loader-2x.gif\" border=0 \/><\/p>\n<div class=\"pvc_clear\"><\/div>\n","protected":false},"excerpt":{"rendered":"<p>En las peque\u00f1as y medianas empresas mexicanas, el desempe\u00f1o del equipo puede ser la diferencia entre cumplir con los objetivos o quedarse estancado.Sin embargo, pocas PYMEs cuentan con un sistema formal para evaluar, retroalimentar y mejorar el desempe\u00f1o de su personal. \ud83d\udc49 La gesti\u00f3n del desempe\u00f1o en PYMEs no se trata de supervisar o castigar, [&hellip;]<\/p>\n<div class=\"pvc_clear\"><\/div>\n<p id=\"pvc_stats_2911\" class=\"pvc_stats all  \" data-element-id=\"2911\" style=\"\"><i class=\"pvc-stats-icon medium\" aria-hidden=\"true\"><svg aria-hidden=\"true\" focusable=\"false\" data-prefix=\"far\" data-icon=\"chart-bar\" role=\"img\" xmlns=\"http:\/\/www.w3.org\/2000\/svg\" viewBox=\"0 0 512 512\" class=\"svg-inline--fa fa-chart-bar fa-w-16 fa-2x\"><path fill=\"currentColor\" d=\"M396.8 352h22.4c6.4 0 12.8-6.4 12.8-12.8V108.8c0-6.4-6.4-12.8-12.8-12.8h-22.4c-6.4 0-12.8 6.4-12.8 12.8v230.4c0 6.4 6.4 12.8 12.8 12.8zm-192 0h22.4c6.4 0 12.8-6.4 12.8-12.8V140.8c0-6.4-6.4-12.8-12.8-12.8h-22.4c-6.4 0-12.8 6.4-12.8 12.8v198.4c0 6.4 6.4 12.8 12.8 12.8zm96 0h22.4c6.4 0 12.8-6.4 12.8-12.8V204.8c0-6.4-6.4-12.8-12.8-12.8h-22.4c-6.4 0-12.8 6.4-12.8 12.8v134.4c0 6.4 6.4 12.8 12.8 12.8zM496 400H48V80c0-8.84-7.16-16-16-16H16C7.16 64 0 71.16 0 80v336c0 17.67 14.33 32 32 32h464c8.84 0 16-7.16 16-16v-16c0-8.84-7.16-16-16-16zm-387.2-48h22.4c6.4 0 12.8-6.4 12.8-12.8v-70.4c0-6.4-6.4-12.8-12.8-12.8h-22.4c-6.4 0-12.8 6.4-12.8 12.8v70.4c0 6.4 6.4 12.8 12.8 12.8z\" class=\"\"><\/path><\/svg><\/i> <img loading=\"lazy\" decoding=\"async\" width=\"16\" height=\"16\" alt=\"Loading\" src=\"https:\/\/www.cubodeideas.com\/blog\/wp-content\/plugins\/page-views-count\/ajax-loader-2x.gif\" border=0 \/><\/p>\n<div class=\"pvc_clear\"><\/div>\n","protected":false},"author":1,"featured_media":2327,"comment_status":"open","ping_status":"closed","sticky":false,"template":"","format":"standard","meta":{"footnotes":"","jetpack_publicize_message":"","jetpack_publicize_feature_enabled":true,"jetpack_social_post_already_shared":false,"jetpack_social_options":{"image_generator_settings":{"template":"highway","default_image_id":0,"font":"","enabled":false},"version":2}},"categories":[13],"tags":[1482,1481,920],"class_list":["post-2911","post","type-post","status-publish","format-standard","has-post-thumbnail","hentry","category-negocios","tag-evaluacion-del-desempeno","tag-gestion-del-desempeno-en-pymes","tag-productividad-laboral"],"blocksy_meta":[],"yoast_head":"<!-- This site is optimized with the Yoast SEO plugin v27.0 - https:\/\/yoast.com\/product\/yoast-seo-wordpress\/ -->\n<title>Gesti\u00f3n del desempe\u00f1o en PYMEs: mide resultados y mejora la productividad -<\/title>\n<meta name=\"description\" content=\"Aprende c\u00f3mo implementar una gesti\u00f3n del desempe\u00f1o en PYMEs efectiva. Mide resultados, mejora la productividad y motiva a tu equipo con un enfoque humano.\" \/>\n<meta name=\"robots\" content=\"index, follow, max-snippet:-1, max-image-preview:large, max-video-preview:-1\" \/>\n<link rel=\"canonical\" href=\"https:\/\/www.cubodeideas.com\/blog\/negocios\/gestion-del-desempeno-en-pymes-mide-resultados-y-mejora-la-productividad\/\" \/>\n<meta property=\"og:locale\" content=\"es_ES\" \/>\n<meta property=\"og:type\" content=\"article\" \/>\n<meta property=\"og:title\" content=\"Gesti\u00f3n del desempe\u00f1o en PYMEs: mide resultados y mejora la productividad -\" \/>\n<meta property=\"og:description\" content=\"Aprende c\u00f3mo implementar una gesti\u00f3n del desempe\u00f1o en PYMEs efectiva. Mide resultados, mejora la productividad y motiva a tu equipo con un enfoque humano.\" \/>\n<meta property=\"og:url\" content=\"https:\/\/www.cubodeideas.com\/blog\/negocios\/gestion-del-desempeno-en-pymes-mide-resultados-y-mejora-la-productividad\/\" \/>\n<meta property=\"article:publisher\" content=\"https:\/\/www.facebook.com\/somoscubodeideas\" \/>\n<meta property=\"article:published_time\" content=\"2025-10-05T03:27:09+00:00\" \/>\n<meta property=\"article:modified_time\" content=\"2025-10-05T03:27:46+00:00\" \/>\n<meta property=\"og:image\" content=\"https:\/\/www.cubodeideas.com\/blog\/wp-content\/uploads\/2025\/02\/portada-malamen81.png\" \/>\n\t<meta property=\"og:image:width\" content=\"1640\" \/>\n\t<meta property=\"og:image:height\" content=\"924\" \/>\n\t<meta property=\"og:image:type\" content=\"image\/png\" \/>\n<meta name=\"author\" content=\"Noel Castro\" \/>\n<meta name=\"twitter:card\" content=\"summary_large_image\" \/>\n<meta name=\"twitter:creator\" content=\"@cubo_ideas\" \/>\n<meta name=\"twitter:site\" content=\"@cubo_ideas\" \/>\n<meta name=\"twitter:label1\" content=\"Escrito por\" \/>\n\t<meta name=\"twitter:data1\" content=\"Noel Castro\" \/>\n\t<meta name=\"twitter:label2\" content=\"Tiempo de lectura\" \/>\n\t<meta name=\"twitter:data2\" content=\"5 minutos\" \/>\n<script type=\"application\/ld+json\" class=\"yoast-schema-graph\">{\"@context\":\"https:\/\/schema.org\",\"@graph\":[{\"@type\":\"Article\",\"@id\":\"https:\/\/www.cubodeideas.com\/blog\/negocios\/gestion-del-desempeno-en-pymes-mide-resultados-y-mejora-la-productividad\/#article\",\"isPartOf\":{\"@id\":\"https:\/\/www.cubodeideas.com\/blog\/negocios\/gestion-del-desempeno-en-pymes-mide-resultados-y-mejora-la-productividad\/\"},\"author\":{\"name\":\"Noel Castro\",\"@id\":\"https:\/\/www.cubodeideas.com\/blog\/#\/schema\/person\/5614e43eb76109017cff51a2c7928211\"},\"headline\":\"Gesti\u00f3n del desempe\u00f1o en PYMEs: mide resultados y mejora la productividad\",\"datePublished\":\"2025-10-05T03:27:09+00:00\",\"dateModified\":\"2025-10-05T03:27:46+00:00\",\"mainEntityOfPage\":{\"@id\":\"https:\/\/www.cubodeideas.com\/blog\/negocios\/gestion-del-desempeno-en-pymes-mide-resultados-y-mejora-la-productividad\/\"},\"wordCount\":1072,\"commentCount\":0,\"publisher\":{\"@id\":\"https:\/\/www.cubodeideas.com\/blog\/#organization\"},\"image\":{\"@id\":\"https:\/\/www.cubodeideas.com\/blog\/negocios\/gestion-del-desempeno-en-pymes-mide-resultados-y-mejora-la-productividad\/#primaryimage\"},\"thumbnailUrl\":\"https:\/\/www.cubodeideas.com\/blog\/wp-content\/uploads\/2025\/02\/portada-malamen81.png\",\"keywords\":[\"evaluaci\u00f3n del desempe\u00f1o\",\"gesti\u00f3n del desempe\u00f1o en PYMEs\",\"productividad laboral\"],\"articleSection\":[\"Negocios\"],\"inLanguage\":\"es\",\"potentialAction\":[{\"@type\":\"CommentAction\",\"name\":\"Comment\",\"target\":[\"https:\/\/www.cubodeideas.com\/blog\/negocios\/gestion-del-desempeno-en-pymes-mide-resultados-y-mejora-la-productividad\/#respond\"]}]},{\"@type\":\"WebPage\",\"@id\":\"https:\/\/www.cubodeideas.com\/blog\/negocios\/gestion-del-desempeno-en-pymes-mide-resultados-y-mejora-la-productividad\/\",\"url\":\"https:\/\/www.cubodeideas.com\/blog\/negocios\/gestion-del-desempeno-en-pymes-mide-resultados-y-mejora-la-productividad\/\",\"name\":\"Gesti\u00f3n del desempe\u00f1o en PYMEs: mide resultados y mejora la productividad -\",\"isPartOf\":{\"@id\":\"https:\/\/www.cubodeideas.com\/blog\/#website\"},\"primaryImageOfPage\":{\"@id\":\"https:\/\/www.cubodeideas.com\/blog\/negocios\/gestion-del-desempeno-en-pymes-mide-resultados-y-mejora-la-productividad\/#primaryimage\"},\"image\":{\"@id\":\"https:\/\/www.cubodeideas.com\/blog\/negocios\/gestion-del-desempeno-en-pymes-mide-resultados-y-mejora-la-productividad\/#primaryimage\"},\"thumbnailUrl\":\"https:\/\/www.cubodeideas.com\/blog\/wp-content\/uploads\/2025\/02\/portada-malamen81.png\",\"datePublished\":\"2025-10-05T03:27:09+00:00\",\"dateModified\":\"2025-10-05T03:27:46+00:00\",\"description\":\"Aprende c\u00f3mo implementar una gesti\u00f3n del desempe\u00f1o en PYMEs efectiva. Mide resultados, mejora la productividad y motiva a tu equipo con un enfoque humano.\",\"breadcrumb\":{\"@id\":\"https:\/\/www.cubodeideas.com\/blog\/negocios\/gestion-del-desempeno-en-pymes-mide-resultados-y-mejora-la-productividad\/#breadcrumb\"},\"inLanguage\":\"es\",\"potentialAction\":[{\"@type\":\"ReadAction\",\"target\":[\"https:\/\/www.cubodeideas.com\/blog\/negocios\/gestion-del-desempeno-en-pymes-mide-resultados-y-mejora-la-productividad\/\"]}]},{\"@type\":\"ImageObject\",\"inLanguage\":\"es\",\"@id\":\"https:\/\/www.cubodeideas.com\/blog\/negocios\/gestion-del-desempeno-en-pymes-mide-resultados-y-mejora-la-productividad\/#primaryimage\",\"url\":\"https:\/\/www.cubodeideas.com\/blog\/wp-content\/uploads\/2025\/02\/portada-malamen81.png\",\"contentUrl\":\"https:\/\/www.cubodeideas.com\/blog\/wp-content\/uploads\/2025\/02\/portada-malamen81.png\",\"width\":1640,\"height\":924,\"caption\":\"gesti\u00f3n del desempe\u00f1o en PYMEs\"},{\"@type\":\"BreadcrumbList\",\"@id\":\"https:\/\/www.cubodeideas.com\/blog\/negocios\/gestion-del-desempeno-en-pymes-mide-resultados-y-mejora-la-productividad\/#breadcrumb\",\"itemListElement\":[{\"@type\":\"ListItem\",\"position\":1,\"name\":\"Portada\",\"item\":\"https:\/\/www.cubodeideas.com\/blog\/\"},{\"@type\":\"ListItem\",\"position\":2,\"name\":\"Gesti\u00f3n del desempe\u00f1o en PYMEs: mide resultados y mejora la productividad\"}]},{\"@type\":\"WebSite\",\"@id\":\"https:\/\/www.cubodeideas.com\/blog\/#website\",\"url\":\"https:\/\/www.cubodeideas.com\/blog\/\",\"name\":\"Cubo de Ideas\",\"description\":\"Cubo de Ideas, El Blog\",\"publisher\":{\"@id\":\"https:\/\/www.cubodeideas.com\/blog\/#organization\"},\"potentialAction\":[{\"@type\":\"SearchAction\",\"target\":{\"@type\":\"EntryPoint\",\"urlTemplate\":\"https:\/\/www.cubodeideas.com\/blog\/?s={search_term_string}\"},\"query-input\":{\"@type\":\"PropertyValueSpecification\",\"valueRequired\":true,\"valueName\":\"search_term_string\"}}],\"inLanguage\":\"es\"},{\"@type\":\"Organization\",\"@id\":\"https:\/\/www.cubodeideas.com\/blog\/#organization\",\"name\":\"Cubo de Ideas\",\"url\":\"https:\/\/www.cubodeideas.com\/blog\/\",\"logo\":{\"@type\":\"ImageObject\",\"inLanguage\":\"es\",\"@id\":\"https:\/\/www.cubodeideas.com\/blog\/#\/schema\/logo\/image\/\",\"url\":\"https:\/\/www.cubodeideas.com\/blog\/wp-content\/uploads\/2021\/10\/android-icon-72x72-1.png\",\"contentUrl\":\"https:\/\/www.cubodeideas.com\/blog\/wp-content\/uploads\/2021\/10\/android-icon-72x72-1.png\",\"width\":72,\"height\":72,\"caption\":\"Cubo de Ideas\"},\"image\":{\"@id\":\"https:\/\/www.cubodeideas.com\/blog\/#\/schema\/logo\/image\/\"},\"sameAs\":[\"https:\/\/www.facebook.com\/somoscubodeideas\",\"https:\/\/x.com\/cubo_ideas\",\"https:\/\/www.instagram.com\/cubodeideas\"]},{\"@type\":\"Person\",\"@id\":\"https:\/\/www.cubodeideas.com\/blog\/#\/schema\/person\/5614e43eb76109017cff51a2c7928211\",\"name\":\"Noel Castro\",\"description\":\"LEM Noel Castro Monta\u00f1o es CEO de Cubo de Ideas, Director de Operaciones para Citosa Textiles. Asesor de nuevos mercados y estrategias digitales para el segmento Retail. Especialista en marketing para autoservicios y puntos de venta. Especialista en sistemas de gesti\u00f3n de la calidad con enfoque a la ISO 9001:2015\",\"sameAs\":[\"https:\/\/www.cubodeideas.com\/blog\"],\"url\":\"https:\/\/www.cubodeideas.com\/blog\/author\/admin\/\"}]}<\/script>\n<!-- \/ Yoast SEO plugin. -->","yoast_head_json":{"title":"Gesti\u00f3n del desempe\u00f1o en PYMEs: mide resultados y mejora la productividad -","description":"Aprende c\u00f3mo implementar una gesti\u00f3n del desempe\u00f1o en PYMEs efectiva. Mide resultados, mejora la productividad y motiva a tu equipo con un enfoque humano.","robots":{"index":"index","follow":"follow","max-snippet":"max-snippet:-1","max-image-preview":"max-image-preview:large","max-video-preview":"max-video-preview:-1"},"canonical":"https:\/\/www.cubodeideas.com\/blog\/negocios\/gestion-del-desempeno-en-pymes-mide-resultados-y-mejora-la-productividad\/","og_locale":"es_ES","og_type":"article","og_title":"Gesti\u00f3n del desempe\u00f1o en PYMEs: mide resultados y mejora la productividad -","og_description":"Aprende c\u00f3mo implementar una gesti\u00f3n del desempe\u00f1o en PYMEs efectiva. Mide resultados, mejora la productividad y motiva a tu equipo con un enfoque humano.","og_url":"https:\/\/www.cubodeideas.com\/blog\/negocios\/gestion-del-desempeno-en-pymes-mide-resultados-y-mejora-la-productividad\/","article_publisher":"https:\/\/www.facebook.com\/somoscubodeideas","article_published_time":"2025-10-05T03:27:09+00:00","article_modified_time":"2025-10-05T03:27:46+00:00","og_image":[{"width":1640,"height":924,"url":"https:\/\/www.cubodeideas.com\/blog\/wp-content\/uploads\/2025\/02\/portada-malamen81.png","type":"image\/png"}],"author":"Noel Castro","twitter_card":"summary_large_image","twitter_creator":"@cubo_ideas","twitter_site":"@cubo_ideas","twitter_misc":{"Escrito por":"Noel Castro","Tiempo de lectura":"5 minutos"},"schema":{"@context":"https:\/\/schema.org","@graph":[{"@type":"Article","@id":"https:\/\/www.cubodeideas.com\/blog\/negocios\/gestion-del-desempeno-en-pymes-mide-resultados-y-mejora-la-productividad\/#article","isPartOf":{"@id":"https:\/\/www.cubodeideas.com\/blog\/negocios\/gestion-del-desempeno-en-pymes-mide-resultados-y-mejora-la-productividad\/"},"author":{"name":"Noel Castro","@id":"https:\/\/www.cubodeideas.com\/blog\/#\/schema\/person\/5614e43eb76109017cff51a2c7928211"},"headline":"Gesti\u00f3n del desempe\u00f1o en PYMEs: mide resultados y mejora la productividad","datePublished":"2025-10-05T03:27:09+00:00","dateModified":"2025-10-05T03:27:46+00:00","mainEntityOfPage":{"@id":"https:\/\/www.cubodeideas.com\/blog\/negocios\/gestion-del-desempeno-en-pymes-mide-resultados-y-mejora-la-productividad\/"},"wordCount":1072,"commentCount":0,"publisher":{"@id":"https:\/\/www.cubodeideas.com\/blog\/#organization"},"image":{"@id":"https:\/\/www.cubodeideas.com\/blog\/negocios\/gestion-del-desempeno-en-pymes-mide-resultados-y-mejora-la-productividad\/#primaryimage"},"thumbnailUrl":"https:\/\/www.cubodeideas.com\/blog\/wp-content\/uploads\/2025\/02\/portada-malamen81.png","keywords":["evaluaci\u00f3n del desempe\u00f1o","gesti\u00f3n del desempe\u00f1o en PYMEs","productividad laboral"],"articleSection":["Negocios"],"inLanguage":"es","potentialAction":[{"@type":"CommentAction","name":"Comment","target":["https:\/\/www.cubodeideas.com\/blog\/negocios\/gestion-del-desempeno-en-pymes-mide-resultados-y-mejora-la-productividad\/#respond"]}]},{"@type":"WebPage","@id":"https:\/\/www.cubodeideas.com\/blog\/negocios\/gestion-del-desempeno-en-pymes-mide-resultados-y-mejora-la-productividad\/","url":"https:\/\/www.cubodeideas.com\/blog\/negocios\/gestion-del-desempeno-en-pymes-mide-resultados-y-mejora-la-productividad\/","name":"Gesti\u00f3n del desempe\u00f1o en PYMEs: mide resultados y mejora la productividad -","isPartOf":{"@id":"https:\/\/www.cubodeideas.com\/blog\/#website"},"primaryImageOfPage":{"@id":"https:\/\/www.cubodeideas.com\/blog\/negocios\/gestion-del-desempeno-en-pymes-mide-resultados-y-mejora-la-productividad\/#primaryimage"},"image":{"@id":"https:\/\/www.cubodeideas.com\/blog\/negocios\/gestion-del-desempeno-en-pymes-mide-resultados-y-mejora-la-productividad\/#primaryimage"},"thumbnailUrl":"https:\/\/www.cubodeideas.com\/blog\/wp-content\/uploads\/2025\/02\/portada-malamen81.png","datePublished":"2025-10-05T03:27:09+00:00","dateModified":"2025-10-05T03:27:46+00:00","description":"Aprende c\u00f3mo implementar una gesti\u00f3n del desempe\u00f1o en PYMEs efectiva. Mide resultados, mejora la productividad y motiva a tu equipo con un enfoque humano.","breadcrumb":{"@id":"https:\/\/www.cubodeideas.com\/blog\/negocios\/gestion-del-desempeno-en-pymes-mide-resultados-y-mejora-la-productividad\/#breadcrumb"},"inLanguage":"es","potentialAction":[{"@type":"ReadAction","target":["https:\/\/www.cubodeideas.com\/blog\/negocios\/gestion-del-desempeno-en-pymes-mide-resultados-y-mejora-la-productividad\/"]}]},{"@type":"ImageObject","inLanguage":"es","@id":"https:\/\/www.cubodeideas.com\/blog\/negocios\/gestion-del-desempeno-en-pymes-mide-resultados-y-mejora-la-productividad\/#primaryimage","url":"https:\/\/www.cubodeideas.com\/blog\/wp-content\/uploads\/2025\/02\/portada-malamen81.png","contentUrl":"https:\/\/www.cubodeideas.com\/blog\/wp-content\/uploads\/2025\/02\/portada-malamen81.png","width":1640,"height":924,"caption":"gesti\u00f3n del desempe\u00f1o en PYMEs"},{"@type":"BreadcrumbList","@id":"https:\/\/www.cubodeideas.com\/blog\/negocios\/gestion-del-desempeno-en-pymes-mide-resultados-y-mejora-la-productividad\/#breadcrumb","itemListElement":[{"@type":"ListItem","position":1,"name":"Portada","item":"https:\/\/www.cubodeideas.com\/blog\/"},{"@type":"ListItem","position":2,"name":"Gesti\u00f3n del desempe\u00f1o en PYMEs: mide resultados y mejora la productividad"}]},{"@type":"WebSite","@id":"https:\/\/www.cubodeideas.com\/blog\/#website","url":"https:\/\/www.cubodeideas.com\/blog\/","name":"Cubo de Ideas","description":"Cubo de Ideas, El Blog","publisher":{"@id":"https:\/\/www.cubodeideas.com\/blog\/#organization"},"potentialAction":[{"@type":"SearchAction","target":{"@type":"EntryPoint","urlTemplate":"https:\/\/www.cubodeideas.com\/blog\/?s={search_term_string}"},"query-input":{"@type":"PropertyValueSpecification","valueRequired":true,"valueName":"search_term_string"}}],"inLanguage":"es"},{"@type":"Organization","@id":"https:\/\/www.cubodeideas.com\/blog\/#organization","name":"Cubo de Ideas","url":"https:\/\/www.cubodeideas.com\/blog\/","logo":{"@type":"ImageObject","inLanguage":"es","@id":"https:\/\/www.cubodeideas.com\/blog\/#\/schema\/logo\/image\/","url":"https:\/\/www.cubodeideas.com\/blog\/wp-content\/uploads\/2021\/10\/android-icon-72x72-1.png","contentUrl":"https:\/\/www.cubodeideas.com\/blog\/wp-content\/uploads\/2021\/10\/android-icon-72x72-1.png","width":72,"height":72,"caption":"Cubo de Ideas"},"image":{"@id":"https:\/\/www.cubodeideas.com\/blog\/#\/schema\/logo\/image\/"},"sameAs":["https:\/\/www.facebook.com\/somoscubodeideas","https:\/\/x.com\/cubo_ideas","https:\/\/www.instagram.com\/cubodeideas"]},{"@type":"Person","@id":"https:\/\/www.cubodeideas.com\/blog\/#\/schema\/person\/5614e43eb76109017cff51a2c7928211","name":"Noel Castro","description":"LEM Noel Castro Monta\u00f1o es CEO de Cubo de Ideas, Director de Operaciones para Citosa Textiles. Asesor de nuevos mercados y estrategias digitales para el segmento Retail. Especialista en marketing para autoservicios y puntos de venta. Especialista en sistemas de gesti\u00f3n de la calidad con enfoque a la ISO 9001:2015","sameAs":["https:\/\/www.cubodeideas.com\/blog"],"url":"https:\/\/www.cubodeideas.com\/blog\/author\/admin\/"}]}},"jetpack_publicize_connections":[],"_links":{"self":[{"href":"https:\/\/www.cubodeideas.com\/blog\/wp-json\/wp\/v2\/posts\/2911","targetHints":{"allow":["GET"]}}],"collection":[{"href":"https:\/\/www.cubodeideas.com\/blog\/wp-json\/wp\/v2\/posts"}],"about":[{"href":"https:\/\/www.cubodeideas.com\/blog\/wp-json\/wp\/v2\/types\/post"}],"author":[{"embeddable":true,"href":"https:\/\/www.cubodeideas.com\/blog\/wp-json\/wp\/v2\/users\/1"}],"replies":[{"embeddable":true,"href":"https:\/\/www.cubodeideas.com\/blog\/wp-json\/wp\/v2\/comments?post=2911"}],"version-history":[{"count":1,"href":"https:\/\/www.cubodeideas.com\/blog\/wp-json\/wp\/v2\/posts\/2911\/revisions"}],"predecessor-version":[{"id":2912,"href":"https:\/\/www.cubodeideas.com\/blog\/wp-json\/wp\/v2\/posts\/2911\/revisions\/2912"}],"wp:featuredmedia":[{"embeddable":true,"href":"https:\/\/www.cubodeideas.com\/blog\/wp-json\/wp\/v2\/media\/2327"}],"wp:attachment":[{"href":"https:\/\/www.cubodeideas.com\/blog\/wp-json\/wp\/v2\/media?parent=2911"}],"wp:term":[{"taxonomy":"category","embeddable":true,"href":"https:\/\/www.cubodeideas.com\/blog\/wp-json\/wp\/v2\/categories?post=2911"},{"taxonomy":"post_tag","embeddable":true,"href":"https:\/\/www.cubodeideas.com\/blog\/wp-json\/wp\/v2\/tags?post=2911"}],"curies":[{"name":"wp","href":"https:\/\/api.w.org\/{rel}","templated":true}]}}