{"id":2909,"date":"2025-10-05T03:21:05","date_gmt":"2025-10-05T03:21:05","guid":{"rendered":"https:\/\/www.cubodeideas.com\/blog\/?p=2909"},"modified":"2025-10-05T03:21:05","modified_gmt":"2025-10-05T03:21:05","slug":"gestion-del-talento-humano-en-pymes-forma-equipos-productivos-y-comprometidos","status":"publish","type":"post","link":"https:\/\/www.cubodeideas.com\/blog\/negocios\/gestion-del-talento-humano-en-pymes-forma-equipos-productivos-y-comprometidos\/","title":{"rendered":"Gesti\u00f3n del talento humano en PYMEs: forma equipos productivos y comprometidos"},"content":{"rendered":"<p data-start=\"648\" data-end=\"895\">En la mayor\u00eda de las PYMEs mexicanas, el talento humano es el motor que hace posible cada venta, cada producci\u00f3n y cada servicio entregado.<br data-start=\"787\" data-end=\"790\" \/>Sin embargo, tambi\u00e9n es el \u00e1rea m\u00e1s descuidada: se contrata r\u00e1pido, se capacita poco y se espera mucho.<\/p>\n<p data-start=\"897\" data-end=\"1195\">\ud83d\udc49 La <strong data-start=\"903\" data-end=\"942\">gesti\u00f3n del talento humano en PYMEs<\/strong> no trata solo de contratar personas, sino de <strong data-start=\"988\" data-end=\"1060\">construir equipos alineados, motivados y enfocados en los resultados<\/strong>.<br data-start=\"1061\" data-end=\"1064\" \/>Cuando el talento est\u00e1 bien gestionado, la productividad aumenta, la rotaci\u00f3n disminuye y la cultura organizacional se fortalece.<\/p>\n<hr data-start=\"1197\" data-end=\"1200\" \/>\n<h2 data-start=\"1202\" data-end=\"1255\">\u00bfQu\u00e9 es la gesti\u00f3n del talento humano en una PyME?<\/h2>\n<p data-start=\"1257\" data-end=\"1442\">La <strong data-start=\"1260\" data-end=\"1299\">gesti\u00f3n del talento humano en PYMEs<\/strong> es el conjunto de estrategias y pr\u00e1cticas que permiten atraer, desarrollar, motivar y retener a las personas que aportan valor a la empresa.<\/p>\n<p data-start=\"1444\" data-end=\"1633\">A diferencia de los departamentos de \u201cRecursos Humanos\u201d tradicionales, que se enfocan en la administraci\u00f3n, la gesti\u00f3n del talento se centra en <strong data-start=\"1588\" data-end=\"1630\">potenciar el desempe\u00f1o y el compromiso<\/strong>.<\/p>\n<p data-start=\"1635\" data-end=\"1662\">Incluye actividades como:<\/p>\n<ul data-start=\"1663\" data-end=\"1922\">\n<li data-start=\"1663\" data-end=\"1730\">\n<p data-start=\"1665\" data-end=\"1730\">Reclutamiento y selecci\u00f3n alineados con la cultura empresarial.<\/p>\n<\/li>\n<li data-start=\"1731\" data-end=\"1785\">\n<p data-start=\"1733\" data-end=\"1785\">Capacitaci\u00f3n continua y desarrollo de habilidades.<\/p>\n<\/li>\n<li data-start=\"1786\" data-end=\"1838\">\n<p data-start=\"1788\" data-end=\"1838\">Evaluaci\u00f3n del desempe\u00f1o con base en resultados.<\/p>\n<\/li>\n<li data-start=\"1839\" data-end=\"1877\">\n<p data-start=\"1841\" data-end=\"1877\">Planes de crecimiento profesional.<\/p>\n<\/li>\n<li data-start=\"1878\" data-end=\"1922\">\n<p data-start=\"1880\" data-end=\"1922\">Pol\u00edticas de reconocimiento y retenci\u00f3n.<\/p>\n<\/li>\n<\/ul>\n<p data-start=\"1924\" data-end=\"2061\">\ud83d\udc49 En una PyME, cada colaborador tiene un impacto directo en los resultados. Gestionar bien al personal no es opcional: es estrat\u00e9gico.<\/p>\n<hr data-start=\"2063\" data-end=\"2066\" \/>\n<h2 data-start=\"2068\" data-end=\"2124\">Importancia de la gesti\u00f3n del talento humano en PYMEs<\/h2>\n<p data-start=\"2126\" data-end=\"2305\">Las personas no solo ejecutan las tareas: <strong data-start=\"2168\" data-end=\"2231\">son quienes las mejoran, innovan y sostienen el crecimiento<\/strong>.<br data-start=\"2232\" data-end=\"2235\" \/>Una gesti\u00f3n adecuada del talento humano genera beneficios tangibles:<\/p>\n<ol data-start=\"2307\" data-end=\"2699\">\n<li data-start=\"2307\" data-end=\"2390\">\n<p data-start=\"2310\" data-end=\"2390\"><strong data-start=\"2310\" data-end=\"2334\">Mayor productividad.<\/strong> Empleados motivados producen m\u00e1s y con menos errores.<\/p>\n<\/li>\n<li data-start=\"2391\" data-end=\"2502\">\n<p data-start=\"2394\" data-end=\"2502\"><strong data-start=\"2394\" data-end=\"2413\">Menor rotaci\u00f3n.<\/strong> Reducir la p\u00e9rdida de talento evita gastos constantes de reclutamiento y capacitaci\u00f3n.<\/p>\n<\/li>\n<li data-start=\"2503\" data-end=\"2602\">\n<p data-start=\"2506\" data-end=\"2602\"><strong data-start=\"2506\" data-end=\"2533\">Clima laboral positivo.<\/strong> Equipos alineados trabajan con menos conflicto y m\u00e1s colaboraci\u00f3n.<\/p>\n<\/li>\n<li data-start=\"2603\" data-end=\"2699\">\n<p data-start=\"2606\" data-end=\"2699\"><strong data-start=\"2606\" data-end=\"2624\">Adaptabilidad.<\/strong> Un equipo bien formado puede enfrentar cambios y crisis con resiliencia.<\/p>\n<\/li>\n<\/ol>\n<p data-start=\"2701\" data-end=\"2830\">\ud83d\udc49 En M\u00e9xico, las PYMEs que invierten en su personal crecen hasta un 25% m\u00e1s r\u00e1pido que aquellas que no lo hacen (INEGI, 2023).<\/p>\n<hr data-start=\"2832\" data-end=\"2835\" \/>\n<h2 data-start=\"2837\" data-end=\"2883\">C\u00f3mo atraer el talento adecuado en una PyME<\/h2>\n<p data-start=\"2885\" data-end=\"3115\">El primer paso para una buena <strong data-start=\"2915\" data-end=\"2954\">gesti\u00f3n del talento humano en PYMEs<\/strong> es atraer a las personas correctas.<br data-start=\"2990\" data-end=\"2993\" \/>No se trata solo de llenar vacantes, sino de incorporar perfiles que encajen con la cultura y los objetivos del negocio.<\/p>\n<p data-start=\"3117\" data-end=\"3133\">Para lograrlo:<\/p>\n<ul data-start=\"3134\" data-end=\"3617\">\n<li data-start=\"3134\" data-end=\"3275\">\n<p data-start=\"3136\" data-end=\"3275\"><strong data-start=\"3136\" data-end=\"3168\">Define claramente los roles.<\/strong> Evita contrataciones improvisadas. Cada puesto debe tener funciones, objetivos y competencias definidas.<\/p>\n<\/li>\n<li data-start=\"3276\" data-end=\"3414\">\n<p data-start=\"3278\" data-end=\"3414\"><strong data-start=\"3278\" data-end=\"3313\">Comunica tu propuesta de valor.<\/strong> Las PYMEs pueden atraer talento ofreciendo crecimiento, flexibilidad y prop\u00f3sito, no solo salario.<\/p>\n<\/li>\n<li data-start=\"3415\" data-end=\"3533\">\n<p data-start=\"3417\" data-end=\"3533\"><strong data-start=\"3417\" data-end=\"3443\">Usa canales adecuados.<\/strong> Publica en redes profesionales como LinkedIn, bolsas locales y asociaciones del sector.<\/p>\n<\/li>\n<li data-start=\"3534\" data-end=\"3617\">\n<p data-start=\"3536\" data-end=\"3617\"><strong data-start=\"3536\" data-end=\"3578\">Eval\u00faa actitudes, no solo experiencia.<\/strong> La t\u00e9cnica se ense\u00f1a; la actitud no.<\/p>\n<\/li>\n<\/ul>\n<p data-start=\"3619\" data-end=\"3718\">\ud83d\udc49 Una contrataci\u00f3n bien hecha es una inversi\u00f3n. Una mala contrataci\u00f3n es una p\u00e9rdida silenciosa.<\/p>\n<hr data-start=\"3720\" data-end=\"3723\" \/>\n<h2 data-start=\"3725\" data-end=\"3771\">C\u00f3mo desarrollar y retener talento en PYMEs<\/h2>\n<p data-start=\"3773\" data-end=\"3931\">Una vez dentro, el reto es <strong data-start=\"3800\" data-end=\"3849\">mantener al talento motivado y en crecimiento<\/strong>.<br data-start=\"3850\" data-end=\"3853\" \/>El desarrollo no requiere grandes presupuestos, sino constancia y direcci\u00f3n.<\/p>\n<ol data-start=\"3933\" data-end=\"4424\">\n<li data-start=\"3933\" data-end=\"4059\">\n<p data-start=\"3936\" data-end=\"4059\"><strong data-start=\"3936\" data-end=\"3962\">Capacitaci\u00f3n continua:<\/strong> talleres, cursos en l\u00ednea o mentor\u00edas internas para fortalecer habilidades t\u00e9cnicas y blandas.<\/p>\n<\/li>\n<li data-start=\"4060\" data-end=\"4168\">\n<p data-start=\"4063\" data-end=\"4168\"><strong data-start=\"4063\" data-end=\"4092\">Evaluaci\u00f3n del desempe\u00f1o:<\/strong> no para sancionar, sino para detectar \u00e1reas de mejora y reconocer logros.<\/p>\n<\/li>\n<li data-start=\"4169\" data-end=\"4288\">\n<p data-start=\"4172\" data-end=\"4288\"><strong data-start=\"4172\" data-end=\"4197\">Reconocimiento justo:<\/strong> el salario es importante, pero el reconocimiento sincero motiva m\u00e1s que un bono aislado.<\/p>\n<\/li>\n<li data-start=\"4289\" data-end=\"4424\">\n<p data-start=\"4292\" data-end=\"4424\"><strong data-start=\"4292\" data-end=\"4314\">Planes de carrera:<\/strong> incluso en estructuras peque\u00f1as, se puede ofrecer crecimiento horizontal (m\u00e1s responsabilidad o autonom\u00eda).<\/p>\n<\/li>\n<\/ol>\n<p data-start=\"4426\" data-end=\"4527\">\ud83d\udc49 Cuando un empleado siente que crece junto con la empresa, su lealtad y desempe\u00f1o se multiplican.<\/p>\n<hr data-start=\"4529\" data-end=\"4532\" \/>\n<h2 data-start=\"4534\" data-end=\"4579\">Cultura organizacional: el alma de la PyME<\/h2>\n<p data-start=\"4581\" data-end=\"4740\">La <strong data-start=\"4584\" data-end=\"4623\">gesti\u00f3n del talento humano en PYMEs<\/strong> depende directamente de la cultura organizacional.<br data-start=\"4674\" data-end=\"4677\" \/>Una cultura s\u00f3lida no se impone; se construye con coherencia.<\/p>\n<p data-start=\"4742\" data-end=\"5003\">Los l\u00edderes deben definir <strong data-start=\"4768\" data-end=\"4786\">valores claros<\/strong> (honestidad, responsabilidad, trabajo en equipo, innovaci\u00f3n) y vivirlos en cada decisi\u00f3n.<br data-start=\"4876\" data-end=\"4879\" \/>No basta con colgarlos en una pared: deben reflejarse en c\u00f3mo se lidera, c\u00f3mo se reconoce y c\u00f3mo se enfrentan los errores.<\/p>\n<p data-start=\"5005\" data-end=\"5243\">La comunicaci\u00f3n tambi\u00e9n es clave. Una PyME que escucha a su gente detecta problemas antes de que se vuelvan conflictos.<br data-start=\"5124\" data-end=\"5127\" \/>Reuniones peri\u00f3dicas, buzones de sugerencias o espacios de retroalimentaci\u00f3n fomentan transparencia y pertenencia.<\/p>\n<p data-start=\"5245\" data-end=\"5301\">\ud83d\udc49 Un buen clima laboral no se improvisa: se gestiona.<\/p>\n<hr data-start=\"5303\" data-end=\"5306\" \/>\n<h2 data-start=\"5308\" data-end=\"5367\">Herramientas para la gesti\u00f3n del talento humano en PYMEs<\/h2>\n<p data-start=\"5369\" data-end=\"5523\">La tecnolog\u00eda puede simplificar muchas tareas administrativas y liberar tiempo para lo importante: las personas.<br data-start=\"5481\" data-end=\"5484\" \/>Algunas herramientas \u00fatiles incluyen:<\/p>\n<ul data-start=\"5525\" data-end=\"5898\">\n<li data-start=\"5525\" data-end=\"5615\">\n<p data-start=\"5527\" data-end=\"5615\"><strong data-start=\"5527\" data-end=\"5574\">Sistemas de control de asistencia y n\u00f3mina.<\/strong> Evitan errores y automatizan procesos.<\/p>\n<\/li>\n<li data-start=\"5616\" data-end=\"5713\">\n<p data-start=\"5618\" data-end=\"5713\"><strong data-start=\"5618\" data-end=\"5663\">Plataformas de capacitaci\u00f3n online (LMS).<\/strong> Permiten formar al personal sin grandes costos.<\/p>\n<\/li>\n<li data-start=\"5714\" data-end=\"5806\">\n<p data-start=\"5716\" data-end=\"5806\"><strong data-start=\"5716\" data-end=\"5757\">Software de evaluaci\u00f3n del desempe\u00f1o.<\/strong> Facilita el seguimiento de metas individuales.<\/p>\n<\/li>\n<li data-start=\"5807\" data-end=\"5898\">\n<p data-start=\"5809\" data-end=\"5898\"><strong data-start=\"5809\" data-end=\"5850\">Encuestas digitales de clima laboral.<\/strong> Recogen informaci\u00f3n valiosa de forma an\u00f3nima.<\/p>\n<\/li>\n<\/ul>\n<p data-start=\"5900\" data-end=\"6017\">Incluso las herramientas gratuitas o de bajo costo pueden transformar la forma en que una PyME gestiona su talento.<\/p>\n<hr data-start=\"6019\" data-end=\"6022\" \/>\n<h2 data-start=\"6024\" data-end=\"6057\">Caso aplicado en PyME mexicana<\/h2>\n<p data-start=\"6059\" data-end=\"6309\">Una empresa de servicios log\u00edsticos en Toluca sufr\u00eda alta rotaci\u00f3n y baja moral entre su personal operativo.<br data-start=\"6167\" data-end=\"6170\" \/>Implement\u00f3 un programa de gesti\u00f3n del talento con tres ejes: comunicaci\u00f3n interna, capacitaci\u00f3n t\u00e9cnica y reconocimiento p\u00fablico mensual.<\/p>\n<p data-start=\"6311\" data-end=\"6339\">En menos de un a\u00f1o, logr\u00f3:<\/p>\n<ul data-start=\"6340\" data-end=\"6488\">\n<li data-start=\"6340\" data-end=\"6374\">\n<p data-start=\"6342\" data-end=\"6374\">Reducir la rotaci\u00f3n en un 40%.<\/p>\n<\/li>\n<li data-start=\"6375\" data-end=\"6428\">\n<p data-start=\"6377\" data-end=\"6428\">Aumentar la productividad por empleado en un 18%.<\/p>\n<\/li>\n<li data-start=\"6429\" data-end=\"6488\">\n<p data-start=\"6431\" data-end=\"6488\">Mejorar significativamente la satisfacci\u00f3n del cliente.<\/p>\n<\/li>\n<\/ul>\n<p data-start=\"6490\" data-end=\"6549\">\ud83d\udc49 No contrataron m\u00e1s personal; formaron un mejor equipo.<\/p>\n<hr data-start=\"6551\" data-end=\"6554\" \/>\n<h2 data-start=\"6556\" data-end=\"6616\">Errores comunes en la gesti\u00f3n del talento humano en PYMEs<\/h2>\n<ol data-start=\"6618\" data-end=\"7065\">\n<li data-start=\"6618\" data-end=\"6712\">\n<p data-start=\"6621\" data-end=\"6712\"><strong data-start=\"6621\" data-end=\"6656\">Contratar sin definir perfiles.<\/strong> Esto genera duplicidades o vac\u00edos de responsabilidad.<\/p>\n<\/li>\n<li data-start=\"6713\" data-end=\"6791\">\n<p data-start=\"6716\" data-end=\"6791\"><strong data-start=\"6716\" data-end=\"6733\">No capacitar.<\/strong> Creer que la gente \u201cya sabe\u201d cuesta caro a largo plazo.<\/p>\n<\/li>\n<li data-start=\"6792\" data-end=\"6856\">\n<p data-start=\"6795\" data-end=\"6856\"><strong data-start=\"6795\" data-end=\"6818\">No medir desempe\u00f1o.<\/strong> Sin m\u00e9tricas, es imposible mejorar.<\/p>\n<\/li>\n<li data-start=\"6857\" data-end=\"6945\">\n<p data-start=\"6860\" data-end=\"6945\"><strong data-start=\"6860\" data-end=\"6889\">Ignorar el clima laboral.<\/strong> Los conflictos no resueltos afectan la productividad.<\/p>\n<\/li>\n<li data-start=\"6946\" data-end=\"7065\">\n<p data-start=\"6949\" data-end=\"7065\"><strong data-start=\"6949\" data-end=\"7003\">Tratar al personal como gasto y no como inversi\u00f3n.<\/strong> El capital humano es el \u00fanico que se aprecia con el tiempo.<\/p>\n<\/li>\n<\/ol>\n<p data-start=\"7067\" data-end=\"7159\">\ud83d\udc49 El talento no se retiene con miedo ni con dinero: se retiene con prop\u00f3sito y liderazgo.<\/p>\n<h2 data-start=\"7166\" data-end=\"7179\">Conclusi\u00f3n<\/h2>\n<p data-start=\"7181\" data-end=\"7378\">La <strong data-start=\"7184\" data-end=\"7223\">gesti\u00f3n del talento humano en PYMEs<\/strong> es la base de una empresa saludable, rentable y duradera.<br data-start=\"7281\" data-end=\"7284\" \/>Los equipos motivados no solo cumplen: <strong data-start=\"7323\" data-end=\"7375\">innovan, mejoran y cuidan el negocio como propio<\/strong>.<\/p>\n<p data-start=\"7380\" data-end=\"7566\">\ud83d\udc49 Como due\u00f1o o gerente, tu responsabilidad no es solo dirigir, sino <strong data-start=\"7449\" data-end=\"7515\">desarrollar a las personas que har\u00e1n crecer la empresa contigo<\/strong>.<br data-start=\"7516\" data-end=\"7519\" \/>Invertir en talento es invertir en el futuro.<\/p>\n<div class=\"pvc_clear\"><\/div>\n<p id=\"pvc_stats_2909\" class=\"pvc_stats all  \" data-element-id=\"2909\" style=\"\"><i class=\"pvc-stats-icon medium\" aria-hidden=\"true\"><svg aria-hidden=\"true\" focusable=\"false\" data-prefix=\"far\" data-icon=\"chart-bar\" role=\"img\" xmlns=\"http:\/\/www.w3.org\/2000\/svg\" viewBox=\"0 0 512 512\" class=\"svg-inline--fa fa-chart-bar fa-w-16 fa-2x\"><path fill=\"currentColor\" d=\"M396.8 352h22.4c6.4 0 12.8-6.4 12.8-12.8V108.8c0-6.4-6.4-12.8-12.8-12.8h-22.4c-6.4 0-12.8 6.4-12.8 12.8v230.4c0 6.4 6.4 12.8 12.8 12.8zm-192 0h22.4c6.4 0 12.8-6.4 12.8-12.8V140.8c0-6.4-6.4-12.8-12.8-12.8h-22.4c-6.4 0-12.8 6.4-12.8 12.8v198.4c0 6.4 6.4 12.8 12.8 12.8zm96 0h22.4c6.4 0 12.8-6.4 12.8-12.8V204.8c0-6.4-6.4-12.8-12.8-12.8h-22.4c-6.4 0-12.8 6.4-12.8 12.8v134.4c0 6.4 6.4 12.8 12.8 12.8zM496 400H48V80c0-8.84-7.16-16-16-16H16C7.16 64 0 71.16 0 80v336c0 17.67 14.33 32 32 32h464c8.84 0 16-7.16 16-16v-16c0-8.84-7.16-16-16-16zm-387.2-48h22.4c6.4 0 12.8-6.4 12.8-12.8v-70.4c0-6.4-6.4-12.8-12.8-12.8h-22.4c-6.4 0-12.8 6.4-12.8 12.8v70.4c0 6.4 6.4 12.8 12.8 12.8z\" class=\"\"><\/path><\/svg><\/i> <img loading=\"lazy\" decoding=\"async\" width=\"16\" height=\"16\" alt=\"Loading\" src=\"https:\/\/www.cubodeideas.com\/blog\/wp-content\/plugins\/page-views-count\/ajax-loader-2x.gif\" border=0 \/><\/p>\n<div class=\"pvc_clear\"><\/div>\n","protected":false},"excerpt":{"rendered":"<p>En la mayor\u00eda de las PYMEs mexicanas, el talento humano es el motor que hace posible cada venta, cada producci\u00f3n y cada servicio entregado.Sin embargo, tambi\u00e9n es el \u00e1rea m\u00e1s descuidada: se contrata r\u00e1pido, se capacita poco y se espera mucho. \ud83d\udc49 La gesti\u00f3n del talento humano en PYMEs no trata solo de contratar personas, [&hellip;]<\/p>\n<div class=\"pvc_clear\"><\/div>\n<p id=\"pvc_stats_2909\" class=\"pvc_stats all  \" data-element-id=\"2909\" style=\"\"><i class=\"pvc-stats-icon medium\" aria-hidden=\"true\"><svg aria-hidden=\"true\" focusable=\"false\" data-prefix=\"far\" data-icon=\"chart-bar\" role=\"img\" xmlns=\"http:\/\/www.w3.org\/2000\/svg\" viewBox=\"0 0 512 512\" class=\"svg-inline--fa fa-chart-bar fa-w-16 fa-2x\"><path fill=\"currentColor\" d=\"M396.8 352h22.4c6.4 0 12.8-6.4 12.8-12.8V108.8c0-6.4-6.4-12.8-12.8-12.8h-22.4c-6.4 0-12.8 6.4-12.8 12.8v230.4c0 6.4 6.4 12.8 12.8 12.8zm-192 0h22.4c6.4 0 12.8-6.4 12.8-12.8V140.8c0-6.4-6.4-12.8-12.8-12.8h-22.4c-6.4 0-12.8 6.4-12.8 12.8v198.4c0 6.4 6.4 12.8 12.8 12.8zm96 0h22.4c6.4 0 12.8-6.4 12.8-12.8V204.8c0-6.4-6.4-12.8-12.8-12.8h-22.4c-6.4 0-12.8 6.4-12.8 12.8v134.4c0 6.4 6.4 12.8 12.8 12.8zM496 400H48V80c0-8.84-7.16-16-16-16H16C7.16 64 0 71.16 0 80v336c0 17.67 14.33 32 32 32h464c8.84 0 16-7.16 16-16v-16c0-8.84-7.16-16-16-16zm-387.2-48h22.4c6.4 0 12.8-6.4 12.8-12.8v-70.4c0-6.4-6.4-12.8-12.8-12.8h-22.4c-6.4 0-12.8 6.4-12.8 12.8v70.4c0 6.4 6.4 12.8 12.8 12.8z\" class=\"\"><\/path><\/svg><\/i> <img loading=\"lazy\" decoding=\"async\" width=\"16\" height=\"16\" alt=\"Loading\" src=\"https:\/\/www.cubodeideas.com\/blog\/wp-content\/plugins\/page-views-count\/ajax-loader-2x.gif\" border=0 \/><\/p>\n<div class=\"pvc_clear\"><\/div>\n","protected":false},"author":1,"featured_media":1384,"comment_status":"open","ping_status":"closed","sticky":false,"template":"","format":"standard","meta":{"footnotes":"","jetpack_publicize_message":"","jetpack_publicize_feature_enabled":true,"jetpack_social_post_already_shared":false,"jetpack_social_options":{"image_generator_settings":{"template":"highway","default_image_id":0,"font":"","enabled":false},"version":2}},"categories":[13],"tags":[82,1372,1480],"class_list":["post-2909","post","type-post","status-publish","format-standard","has-post-thumbnail","hentry","category-negocios","tag-cultura-organizacional","tag-gestion-del-talento-humano-en-pymes","tag-liderazgo-pyme"],"blocksy_meta":[],"yoast_head":"<!-- This site is optimized with the Yoast SEO plugin v27.0 - https:\/\/yoast.com\/product\/yoast-seo-wordpress\/ -->\n<title>Gesti\u00f3n del talento humano en PYMEs: forma equipos productivos y comprometidos -<\/title>\n<meta name=\"description\" content=\"Aprende c\u00f3mo aplicar una gesti\u00f3n del talento humano en PYMEs efectiva. Atrae, desarrolla y ret\u00e9n a tu equipo para mejorar productividad y compromiso.\" \/>\n<meta name=\"robots\" content=\"index, follow, max-snippet:-1, max-image-preview:large, max-video-preview:-1\" \/>\n<link rel=\"canonical\" href=\"https:\/\/www.cubodeideas.com\/blog\/negocios\/gestion-del-talento-humano-en-pymes-forma-equipos-productivos-y-comprometidos\/\" \/>\n<meta property=\"og:locale\" content=\"es_ES\" \/>\n<meta property=\"og:type\" content=\"article\" \/>\n<meta property=\"og:title\" content=\"Gesti\u00f3n del talento humano en PYMEs: forma equipos productivos y comprometidos -\" \/>\n<meta property=\"og:description\" content=\"Aprende c\u00f3mo aplicar una gesti\u00f3n del talento humano en PYMEs efectiva. Atrae, desarrolla y ret\u00e9n a tu equipo para mejorar productividad y compromiso.\" \/>\n<meta property=\"og:url\" content=\"https:\/\/www.cubodeideas.com\/blog\/negocios\/gestion-del-talento-humano-en-pymes-forma-equipos-productivos-y-comprometidos\/\" \/>\n<meta property=\"article:publisher\" content=\"https:\/\/www.facebook.com\/somoscubodeideas\" \/>\n<meta property=\"article:published_time\" content=\"2025-10-05T03:21:05+00:00\" \/>\n<meta property=\"og:image\" content=\"https:\/\/www.cubodeideas.com\/blog\/wp-content\/uploads\/2024\/02\/the-labour-code-3520806_1280.jpg\" \/>\n\t<meta property=\"og:image:width\" content=\"1280\" \/>\n\t<meta property=\"og:image:height\" content=\"721\" \/>\n\t<meta property=\"og:image:type\" content=\"image\/jpeg\" \/>\n<meta name=\"author\" content=\"Noel Castro\" \/>\n<meta name=\"twitter:card\" content=\"summary_large_image\" \/>\n<meta name=\"twitter:creator\" content=\"@cubo_ideas\" \/>\n<meta name=\"twitter:site\" content=\"@cubo_ideas\" \/>\n<meta name=\"twitter:label1\" content=\"Escrito por\" \/>\n\t<meta name=\"twitter:data1\" content=\"Noel Castro\" \/>\n\t<meta name=\"twitter:label2\" content=\"Tiempo de lectura\" \/>\n\t<meta name=\"twitter:data2\" content=\"5 minutos\" \/>\n<script type=\"application\/ld+json\" class=\"yoast-schema-graph\">{\"@context\":\"https:\/\/schema.org\",\"@graph\":[{\"@type\":\"Article\",\"@id\":\"https:\/\/www.cubodeideas.com\/blog\/negocios\/gestion-del-talento-humano-en-pymes-forma-equipos-productivos-y-comprometidos\/#article\",\"isPartOf\":{\"@id\":\"https:\/\/www.cubodeideas.com\/blog\/negocios\/gestion-del-talento-humano-en-pymes-forma-equipos-productivos-y-comprometidos\/\"},\"author\":{\"name\":\"Noel Castro\",\"@id\":\"https:\/\/www.cubodeideas.com\/blog\/#\/schema\/person\/5614e43eb76109017cff51a2c7928211\"},\"headline\":\"Gesti\u00f3n del talento humano en PYMEs: forma equipos productivos y comprometidos\",\"datePublished\":\"2025-10-05T03:21:05+00:00\",\"mainEntityOfPage\":{\"@id\":\"https:\/\/www.cubodeideas.com\/blog\/negocios\/gestion-del-talento-humano-en-pymes-forma-equipos-productivos-y-comprometidos\/\"},\"wordCount\":1076,\"commentCount\":0,\"publisher\":{\"@id\":\"https:\/\/www.cubodeideas.com\/blog\/#organization\"},\"image\":{\"@id\":\"https:\/\/www.cubodeideas.com\/blog\/negocios\/gestion-del-talento-humano-en-pymes-forma-equipos-productivos-y-comprometidos\/#primaryimage\"},\"thumbnailUrl\":\"https:\/\/www.cubodeideas.com\/blog\/wp-content\/uploads\/2024\/02\/the-labour-code-3520806_1280.jpg\",\"keywords\":[\"Cultura Organizacional.\",\"gesti\u00f3n del talento humano en PYMEs\",\"liderazgo PyME\"],\"articleSection\":[\"Negocios\"],\"inLanguage\":\"es\",\"potentialAction\":[{\"@type\":\"CommentAction\",\"name\":\"Comment\",\"target\":[\"https:\/\/www.cubodeideas.com\/blog\/negocios\/gestion-del-talento-humano-en-pymes-forma-equipos-productivos-y-comprometidos\/#respond\"]}]},{\"@type\":\"WebPage\",\"@id\":\"https:\/\/www.cubodeideas.com\/blog\/negocios\/gestion-del-talento-humano-en-pymes-forma-equipos-productivos-y-comprometidos\/\",\"url\":\"https:\/\/www.cubodeideas.com\/blog\/negocios\/gestion-del-talento-humano-en-pymes-forma-equipos-productivos-y-comprometidos\/\",\"name\":\"Gesti\u00f3n del talento humano en PYMEs: forma equipos productivos y comprometidos -\",\"isPartOf\":{\"@id\":\"https:\/\/www.cubodeideas.com\/blog\/#website\"},\"primaryImageOfPage\":{\"@id\":\"https:\/\/www.cubodeideas.com\/blog\/negocios\/gestion-del-talento-humano-en-pymes-forma-equipos-productivos-y-comprometidos\/#primaryimage\"},\"image\":{\"@id\":\"https:\/\/www.cubodeideas.com\/blog\/negocios\/gestion-del-talento-humano-en-pymes-forma-equipos-productivos-y-comprometidos\/#primaryimage\"},\"thumbnailUrl\":\"https:\/\/www.cubodeideas.com\/blog\/wp-content\/uploads\/2024\/02\/the-labour-code-3520806_1280.jpg\",\"datePublished\":\"2025-10-05T03:21:05+00:00\",\"description\":\"Aprende c\u00f3mo aplicar una gesti\u00f3n del talento humano en PYMEs efectiva. Atrae, desarrolla y ret\u00e9n a tu equipo para mejorar productividad y compromiso.\",\"breadcrumb\":{\"@id\":\"https:\/\/www.cubodeideas.com\/blog\/negocios\/gestion-del-talento-humano-en-pymes-forma-equipos-productivos-y-comprometidos\/#breadcrumb\"},\"inLanguage\":\"es\",\"potentialAction\":[{\"@type\":\"ReadAction\",\"target\":[\"https:\/\/www.cubodeideas.com\/blog\/negocios\/gestion-del-talento-humano-en-pymes-forma-equipos-productivos-y-comprometidos\/\"]}]},{\"@type\":\"ImageObject\",\"inLanguage\":\"es\",\"@id\":\"https:\/\/www.cubodeideas.com\/blog\/negocios\/gestion-del-talento-humano-en-pymes-forma-equipos-productivos-y-comprometidos\/#primaryimage\",\"url\":\"https:\/\/www.cubodeideas.com\/blog\/wp-content\/uploads\/2024\/02\/the-labour-code-3520806_1280.jpg\",\"contentUrl\":\"https:\/\/www.cubodeideas.com\/blog\/wp-content\/uploads\/2024\/02\/the-labour-code-3520806_1280.jpg\",\"width\":1280,\"height\":721,\"caption\":\"gesti\u00f3n del talento humano en PYMEs\"},{\"@type\":\"BreadcrumbList\",\"@id\":\"https:\/\/www.cubodeideas.com\/blog\/negocios\/gestion-del-talento-humano-en-pymes-forma-equipos-productivos-y-comprometidos\/#breadcrumb\",\"itemListElement\":[{\"@type\":\"ListItem\",\"position\":1,\"name\":\"Portada\",\"item\":\"https:\/\/www.cubodeideas.com\/blog\/\"},{\"@type\":\"ListItem\",\"position\":2,\"name\":\"Gesti\u00f3n del talento humano en PYMEs: forma equipos productivos y comprometidos\"}]},{\"@type\":\"WebSite\",\"@id\":\"https:\/\/www.cubodeideas.com\/blog\/#website\",\"url\":\"https:\/\/www.cubodeideas.com\/blog\/\",\"name\":\"Cubo de Ideas\",\"description\":\"Cubo de Ideas, El Blog\",\"publisher\":{\"@id\":\"https:\/\/www.cubodeideas.com\/blog\/#organization\"},\"potentialAction\":[{\"@type\":\"SearchAction\",\"target\":{\"@type\":\"EntryPoint\",\"urlTemplate\":\"https:\/\/www.cubodeideas.com\/blog\/?s={search_term_string}\"},\"query-input\":{\"@type\":\"PropertyValueSpecification\",\"valueRequired\":true,\"valueName\":\"search_term_string\"}}],\"inLanguage\":\"es\"},{\"@type\":\"Organization\",\"@id\":\"https:\/\/www.cubodeideas.com\/blog\/#organization\",\"name\":\"Cubo de Ideas\",\"url\":\"https:\/\/www.cubodeideas.com\/blog\/\",\"logo\":{\"@type\":\"ImageObject\",\"inLanguage\":\"es\",\"@id\":\"https:\/\/www.cubodeideas.com\/blog\/#\/schema\/logo\/image\/\",\"url\":\"https:\/\/www.cubodeideas.com\/blog\/wp-content\/uploads\/2021\/10\/android-icon-72x72-1.png\",\"contentUrl\":\"https:\/\/www.cubodeideas.com\/blog\/wp-content\/uploads\/2021\/10\/android-icon-72x72-1.png\",\"width\":72,\"height\":72,\"caption\":\"Cubo de Ideas\"},\"image\":{\"@id\":\"https:\/\/www.cubodeideas.com\/blog\/#\/schema\/logo\/image\/\"},\"sameAs\":[\"https:\/\/www.facebook.com\/somoscubodeideas\",\"https:\/\/x.com\/cubo_ideas\",\"https:\/\/www.instagram.com\/cubodeideas\"]},{\"@type\":\"Person\",\"@id\":\"https:\/\/www.cubodeideas.com\/blog\/#\/schema\/person\/5614e43eb76109017cff51a2c7928211\",\"name\":\"Noel Castro\",\"description\":\"LEM Noel Castro Monta\u00f1o es CEO de Cubo de Ideas, Director de Operaciones para Citosa Textiles. Asesor de nuevos mercados y estrategias digitales para el segmento Retail. Especialista en marketing para autoservicios y puntos de venta. Especialista en sistemas de gesti\u00f3n de la calidad con enfoque a la ISO 9001:2015\",\"sameAs\":[\"https:\/\/www.cubodeideas.com\/blog\"],\"url\":\"https:\/\/www.cubodeideas.com\/blog\/author\/admin\/\"}]}<\/script>\n<!-- \/ Yoast SEO plugin. -->","yoast_head_json":{"title":"Gesti\u00f3n del talento humano en PYMEs: forma equipos productivos y comprometidos -","description":"Aprende c\u00f3mo aplicar una gesti\u00f3n del talento humano en PYMEs efectiva. Atrae, desarrolla y ret\u00e9n a tu equipo para mejorar productividad y compromiso.","robots":{"index":"index","follow":"follow","max-snippet":"max-snippet:-1","max-image-preview":"max-image-preview:large","max-video-preview":"max-video-preview:-1"},"canonical":"https:\/\/www.cubodeideas.com\/blog\/negocios\/gestion-del-talento-humano-en-pymes-forma-equipos-productivos-y-comprometidos\/","og_locale":"es_ES","og_type":"article","og_title":"Gesti\u00f3n del talento humano en PYMEs: forma equipos productivos y comprometidos -","og_description":"Aprende c\u00f3mo aplicar una gesti\u00f3n del talento humano en PYMEs efectiva. Atrae, desarrolla y ret\u00e9n a tu equipo para mejorar productividad y compromiso.","og_url":"https:\/\/www.cubodeideas.com\/blog\/negocios\/gestion-del-talento-humano-en-pymes-forma-equipos-productivos-y-comprometidos\/","article_publisher":"https:\/\/www.facebook.com\/somoscubodeideas","article_published_time":"2025-10-05T03:21:05+00:00","og_image":[{"width":1280,"height":721,"url":"https:\/\/www.cubodeideas.com\/blog\/wp-content\/uploads\/2024\/02\/the-labour-code-3520806_1280.jpg","type":"image\/jpeg"}],"author":"Noel Castro","twitter_card":"summary_large_image","twitter_creator":"@cubo_ideas","twitter_site":"@cubo_ideas","twitter_misc":{"Escrito por":"Noel Castro","Tiempo de lectura":"5 minutos"},"schema":{"@context":"https:\/\/schema.org","@graph":[{"@type":"Article","@id":"https:\/\/www.cubodeideas.com\/blog\/negocios\/gestion-del-talento-humano-en-pymes-forma-equipos-productivos-y-comprometidos\/#article","isPartOf":{"@id":"https:\/\/www.cubodeideas.com\/blog\/negocios\/gestion-del-talento-humano-en-pymes-forma-equipos-productivos-y-comprometidos\/"},"author":{"name":"Noel Castro","@id":"https:\/\/www.cubodeideas.com\/blog\/#\/schema\/person\/5614e43eb76109017cff51a2c7928211"},"headline":"Gesti\u00f3n del talento humano en PYMEs: forma equipos productivos y comprometidos","datePublished":"2025-10-05T03:21:05+00:00","mainEntityOfPage":{"@id":"https:\/\/www.cubodeideas.com\/blog\/negocios\/gestion-del-talento-humano-en-pymes-forma-equipos-productivos-y-comprometidos\/"},"wordCount":1076,"commentCount":0,"publisher":{"@id":"https:\/\/www.cubodeideas.com\/blog\/#organization"},"image":{"@id":"https:\/\/www.cubodeideas.com\/blog\/negocios\/gestion-del-talento-humano-en-pymes-forma-equipos-productivos-y-comprometidos\/#primaryimage"},"thumbnailUrl":"https:\/\/www.cubodeideas.com\/blog\/wp-content\/uploads\/2024\/02\/the-labour-code-3520806_1280.jpg","keywords":["Cultura Organizacional.","gesti\u00f3n del talento humano en PYMEs","liderazgo PyME"],"articleSection":["Negocios"],"inLanguage":"es","potentialAction":[{"@type":"CommentAction","name":"Comment","target":["https:\/\/www.cubodeideas.com\/blog\/negocios\/gestion-del-talento-humano-en-pymes-forma-equipos-productivos-y-comprometidos\/#respond"]}]},{"@type":"WebPage","@id":"https:\/\/www.cubodeideas.com\/blog\/negocios\/gestion-del-talento-humano-en-pymes-forma-equipos-productivos-y-comprometidos\/","url":"https:\/\/www.cubodeideas.com\/blog\/negocios\/gestion-del-talento-humano-en-pymes-forma-equipos-productivos-y-comprometidos\/","name":"Gesti\u00f3n del talento humano en PYMEs: forma equipos productivos y comprometidos -","isPartOf":{"@id":"https:\/\/www.cubodeideas.com\/blog\/#website"},"primaryImageOfPage":{"@id":"https:\/\/www.cubodeideas.com\/blog\/negocios\/gestion-del-talento-humano-en-pymes-forma-equipos-productivos-y-comprometidos\/#primaryimage"},"image":{"@id":"https:\/\/www.cubodeideas.com\/blog\/negocios\/gestion-del-talento-humano-en-pymes-forma-equipos-productivos-y-comprometidos\/#primaryimage"},"thumbnailUrl":"https:\/\/www.cubodeideas.com\/blog\/wp-content\/uploads\/2024\/02\/the-labour-code-3520806_1280.jpg","datePublished":"2025-10-05T03:21:05+00:00","description":"Aprende c\u00f3mo aplicar una gesti\u00f3n del talento humano en PYMEs efectiva. Atrae, desarrolla y ret\u00e9n a tu equipo para mejorar productividad y compromiso.","breadcrumb":{"@id":"https:\/\/www.cubodeideas.com\/blog\/negocios\/gestion-del-talento-humano-en-pymes-forma-equipos-productivos-y-comprometidos\/#breadcrumb"},"inLanguage":"es","potentialAction":[{"@type":"ReadAction","target":["https:\/\/www.cubodeideas.com\/blog\/negocios\/gestion-del-talento-humano-en-pymes-forma-equipos-productivos-y-comprometidos\/"]}]},{"@type":"ImageObject","inLanguage":"es","@id":"https:\/\/www.cubodeideas.com\/blog\/negocios\/gestion-del-talento-humano-en-pymes-forma-equipos-productivos-y-comprometidos\/#primaryimage","url":"https:\/\/www.cubodeideas.com\/blog\/wp-content\/uploads\/2024\/02\/the-labour-code-3520806_1280.jpg","contentUrl":"https:\/\/www.cubodeideas.com\/blog\/wp-content\/uploads\/2024\/02\/the-labour-code-3520806_1280.jpg","width":1280,"height":721,"caption":"gesti\u00f3n del talento humano en PYMEs"},{"@type":"BreadcrumbList","@id":"https:\/\/www.cubodeideas.com\/blog\/negocios\/gestion-del-talento-humano-en-pymes-forma-equipos-productivos-y-comprometidos\/#breadcrumb","itemListElement":[{"@type":"ListItem","position":1,"name":"Portada","item":"https:\/\/www.cubodeideas.com\/blog\/"},{"@type":"ListItem","position":2,"name":"Gesti\u00f3n del talento humano en PYMEs: forma equipos productivos y comprometidos"}]},{"@type":"WebSite","@id":"https:\/\/www.cubodeideas.com\/blog\/#website","url":"https:\/\/www.cubodeideas.com\/blog\/","name":"Cubo de Ideas","description":"Cubo de Ideas, El Blog","publisher":{"@id":"https:\/\/www.cubodeideas.com\/blog\/#organization"},"potentialAction":[{"@type":"SearchAction","target":{"@type":"EntryPoint","urlTemplate":"https:\/\/www.cubodeideas.com\/blog\/?s={search_term_string}"},"query-input":{"@type":"PropertyValueSpecification","valueRequired":true,"valueName":"search_term_string"}}],"inLanguage":"es"},{"@type":"Organization","@id":"https:\/\/www.cubodeideas.com\/blog\/#organization","name":"Cubo de Ideas","url":"https:\/\/www.cubodeideas.com\/blog\/","logo":{"@type":"ImageObject","inLanguage":"es","@id":"https:\/\/www.cubodeideas.com\/blog\/#\/schema\/logo\/image\/","url":"https:\/\/www.cubodeideas.com\/blog\/wp-content\/uploads\/2021\/10\/android-icon-72x72-1.png","contentUrl":"https:\/\/www.cubodeideas.com\/blog\/wp-content\/uploads\/2021\/10\/android-icon-72x72-1.png","width":72,"height":72,"caption":"Cubo de Ideas"},"image":{"@id":"https:\/\/www.cubodeideas.com\/blog\/#\/schema\/logo\/image\/"},"sameAs":["https:\/\/www.facebook.com\/somoscubodeideas","https:\/\/x.com\/cubo_ideas","https:\/\/www.instagram.com\/cubodeideas"]},{"@type":"Person","@id":"https:\/\/www.cubodeideas.com\/blog\/#\/schema\/person\/5614e43eb76109017cff51a2c7928211","name":"Noel Castro","description":"LEM Noel Castro Monta\u00f1o es CEO de Cubo de Ideas, Director de Operaciones para Citosa Textiles. Asesor de nuevos mercados y estrategias digitales para el segmento Retail. Especialista en marketing para autoservicios y puntos de venta. Especialista en sistemas de gesti\u00f3n de la calidad con enfoque a la ISO 9001:2015","sameAs":["https:\/\/www.cubodeideas.com\/blog"],"url":"https:\/\/www.cubodeideas.com\/blog\/author\/admin\/"}]}},"jetpack_publicize_connections":[],"_links":{"self":[{"href":"https:\/\/www.cubodeideas.com\/blog\/wp-json\/wp\/v2\/posts\/2909","targetHints":{"allow":["GET"]}}],"collection":[{"href":"https:\/\/www.cubodeideas.com\/blog\/wp-json\/wp\/v2\/posts"}],"about":[{"href":"https:\/\/www.cubodeideas.com\/blog\/wp-json\/wp\/v2\/types\/post"}],"author":[{"embeddable":true,"href":"https:\/\/www.cubodeideas.com\/blog\/wp-json\/wp\/v2\/users\/1"}],"replies":[{"embeddable":true,"href":"https:\/\/www.cubodeideas.com\/blog\/wp-json\/wp\/v2\/comments?post=2909"}],"version-history":[{"count":1,"href":"https:\/\/www.cubodeideas.com\/blog\/wp-json\/wp\/v2\/posts\/2909\/revisions"}],"predecessor-version":[{"id":2910,"href":"https:\/\/www.cubodeideas.com\/blog\/wp-json\/wp\/v2\/posts\/2909\/revisions\/2910"}],"wp:featuredmedia":[{"embeddable":true,"href":"https:\/\/www.cubodeideas.com\/blog\/wp-json\/wp\/v2\/media\/1384"}],"wp:attachment":[{"href":"https:\/\/www.cubodeideas.com\/blog\/wp-json\/wp\/v2\/media?parent=2909"}],"wp:term":[{"taxonomy":"category","embeddable":true,"href":"https:\/\/www.cubodeideas.com\/blog\/wp-json\/wp\/v2\/categories?post=2909"},{"taxonomy":"post_tag","embeddable":true,"href":"https:\/\/www.cubodeideas.com\/blog\/wp-json\/wp\/v2\/tags?post=2909"}],"curies":[{"name":"wp","href":"https:\/\/api.w.org\/{rel}","templated":true}]}}