{"id":2895,"date":"2025-10-04T18:53:40","date_gmt":"2025-10-04T18:53:40","guid":{"rendered":"https:\/\/www.cubodeideas.com\/blog\/?p=2895"},"modified":"2025-10-04T18:53:40","modified_gmt":"2025-10-04T18:53:40","slug":"gestion-de-activos-en-pymes-como-aprovechar-tus-recursos-para-generar-valor","status":"publish","type":"post","link":"https:\/\/www.cubodeideas.com\/blog\/negocios\/gestion-de-activos-en-pymes-como-aprovechar-tus-recursos-para-generar-valor\/","title":{"rendered":"Gesti\u00f3n de activos en PYMEs: c\u00f3mo aprovechar tus recursos para generar valor"},"content":{"rendered":"<p data-start=\"422\" data-end=\"638\">En la mayor\u00eda de las peque\u00f1as y medianas empresas mexicanas, los due\u00f1os se concentran en vender, cobrar y pagar, pero pocas veces se detienen a pensar en todo lo que <strong data-start=\"588\" data-end=\"601\">ya tienen<\/strong> y c\u00f3mo podr\u00edan aprovecharlo mejor.<\/p>\n<p data-start=\"640\" data-end=\"932\">\ud83d\udc49 La <strong data-start=\"646\" data-end=\"677\">gesti\u00f3n de activos en PYMEs<\/strong> no se trata solo de contabilizar lo que hay en el inventario o el valor de la maquinaria; se trata de entender c\u00f3mo cada recurso \u2014f\u00edsico, financiero o intangible\u2014 puede usarse de forma m\u00e1s eficiente para generar valor, liquidez y crecimiento sostenido.<\/p>\n<p data-start=\"934\" data-end=\"1048\">Un negocio que gestiona bien sus activos no necesariamente tiene m\u00e1s cosas, sino que <strong data-start=\"1019\" data-end=\"1045\">sabe utilizarlas mejor<\/strong>.<\/p>\n<hr data-start=\"1050\" data-end=\"1053\" \/>\n<h2 data-start=\"1055\" data-end=\"1091\">\u00bfQu\u00e9 son los activos en una PyME?<\/h2>\n<p data-start=\"1093\" data-end=\"1206\">En t\u00e9rminos simples, los activos son <strong data-start=\"1130\" data-end=\"1193\">todo lo que la empresa posee y que tiene un valor econ\u00f3mico<\/strong>. Incluyen:<\/p>\n<ul data-start=\"1208\" data-end=\"1446\">\n<li data-start=\"1208\" data-end=\"1287\">\n<p data-start=\"1210\" data-end=\"1287\"><strong data-start=\"1210\" data-end=\"1228\">Activos fijos:<\/strong> maquinaria, veh\u00edculos, equipo de c\u00f3mputo, instalaciones.<\/p>\n<\/li>\n<li data-start=\"1288\" data-end=\"1359\">\n<p data-start=\"1290\" data-end=\"1359\"><strong data-start=\"1290\" data-end=\"1314\">Activos circulantes:<\/strong> efectivo, cuentas por cobrar, inventarios.<\/p>\n<\/li>\n<li data-start=\"1360\" data-end=\"1446\">\n<p data-start=\"1362\" data-end=\"1446\"><strong data-start=\"1362\" data-end=\"1386\">Activos intangibles:<\/strong> marcas, patentes, software, base de clientes, reputaci\u00f3n.<\/p>\n<\/li>\n<\/ul>\n<p data-start=\"1448\" data-end=\"1650\">La <strong data-start=\"1451\" data-end=\"1482\">gesti\u00f3n de activos en PYMEs<\/strong> implica no solo registrarlos, sino administrarlos con un prop\u00f3sito: que trabajen a favor del negocio, no que se conviertan en costos hundidos o bienes improductivos.<\/p>\n<hr data-start=\"1652\" data-end=\"1655\" \/>\n<h2 data-start=\"1657\" data-end=\"1705\">Importancia de la gesti\u00f3n de activos en PYMEs<\/h2>\n<p data-start=\"1707\" data-end=\"1877\">Los activos son el coraz\u00f3n operativo de cualquier empresa. Si no se gestionan correctamente, pueden generar gastos innecesarios, obsolescencia o p\u00e9rdidas de eficiencia.<\/p>\n<p data-start=\"1879\" data-end=\"1932\">Una <strong data-start=\"1883\" data-end=\"1914\">gesti\u00f3n de activos en PYMEs<\/strong> s\u00f3lida permite:<\/p>\n<ul data-start=\"1934\" data-end=\"2304\">\n<li data-start=\"1934\" data-end=\"2011\">\n<p data-start=\"1936\" data-end=\"2011\">Aumentar la productividad al mantener los equipos en \u00f3ptimas condiciones.<\/p>\n<\/li>\n<li data-start=\"2012\" data-end=\"2078\">\n<p data-start=\"2014\" data-end=\"2078\">Optimizar el uso del capital evitando inversiones redundantes.<\/p>\n<\/li>\n<li data-start=\"2079\" data-end=\"2148\">\n<p data-start=\"2081\" data-end=\"2148\">Mejorar el flujo de efectivo al aprovechar activos subutilizados.<\/p>\n<\/li>\n<li data-start=\"2149\" data-end=\"2225\">\n<p data-start=\"2151\" data-end=\"2225\">Facilitar la planeaci\u00f3n financiera y la toma de decisiones de inversi\u00f3n.<\/p>\n<\/li>\n<li data-start=\"2226\" data-end=\"2304\">\n<p data-start=\"2228\" data-end=\"2304\">Incrementar el valor total de la empresa frente a bancos e inversionistas.<\/p>\n<\/li>\n<\/ul>\n<p data-start=\"2306\" data-end=\"2406\">\ud83d\udc49 En resumen, una empresa con activos bien administrados es una empresa m\u00e1s rentable y atractiva.<\/p>\n<hr data-start=\"2408\" data-end=\"2411\" \/>\n<h2 data-start=\"2413\" data-end=\"2474\">C\u00f3mo implementar una gesti\u00f3n de activos eficiente en PYMEs<\/h2>\n<p data-start=\"2476\" data-end=\"2723\">La gesti\u00f3n de activos empieza con algo b\u00e1sico: <strong data-start=\"2523\" data-end=\"2584\">saber exactamente qu\u00e9 se tiene, cu\u00e1nto vale y c\u00f3mo se usa<\/strong>.<br data-start=\"2585\" data-end=\"2588\" \/>Muchas PYMEs operan con inventarios desactualizados, maquinaria que no se registra correctamente o equipos que ya no generan retorno.<\/p>\n<p data-start=\"2725\" data-end=\"2910\">El primer paso es hacer un <strong data-start=\"2752\" data-end=\"2795\">inventario f\u00edsico y financiero completo<\/strong>. Cada activo debe tener un valor actualizado, fecha de adquisici\u00f3n, ubicaci\u00f3n, responsable y vida \u00fatil estimada.<\/p>\n<p data-start=\"2912\" data-end=\"3230\">El segundo paso es <strong data-start=\"2931\" data-end=\"2990\">clasificar los activos seg\u00fan su contribuci\u00f3n al negocio<\/strong>. No todos los activos son igual de importantes: una m\u00e1quina de producci\u00f3n puede ser cr\u00edtica, mientras que una camioneta vieja tal vez no justifica su mantenimiento. Esta clasificaci\u00f3n ayuda a enfocar los recursos donde m\u00e1s generan valor.<\/p>\n<p data-start=\"3232\" data-end=\"3485\">Tambi\u00e9n es clave implementar un <strong data-start=\"3264\" data-end=\"3300\">plan de mantenimiento preventivo<\/strong>. Muchas empresas pierden dinero no por comprar activos caros, sino por no cuidarlos. Un equipo detenido por falta de mantenimiento puede generar p\u00e9rdidas mayores que su propio costo.<\/p>\n<p data-start=\"3487\" data-end=\"3751\">Por \u00faltimo, la digitalizaci\u00f3n est\u00e1 transformando la gesti\u00f3n de activos en PYMEs. Existen herramientas y softwares accesibles que permiten registrar, monitorear y depreciar activos de forma autom\u00e1tica, evitando errores contables y mejorando la toma de decisiones.<\/p>\n<hr data-start=\"3753\" data-end=\"3756\" \/>\n<h2 data-start=\"3758\" data-end=\"3815\">C\u00f3mo los activos pueden generar m\u00e1s valor para la PyME<\/h2>\n<p data-start=\"3817\" data-end=\"3960\">Una de las ideas m\u00e1s poderosas en la <strong data-start=\"3854\" data-end=\"3885\">gesti\u00f3n de activos en PYMEs<\/strong> es que los activos no solo se usan, sino que <strong data-start=\"3931\" data-end=\"3957\">se pueden rentabilizar<\/strong>.<\/p>\n<p data-start=\"3962\" data-end=\"4213\">Un ejemplo claro es el aprovechamiento de activos ociosos. Si tu empresa tiene espacio libre, maquinaria subutilizada o veh\u00edculos en desuso, pueden convertirse en nuevas fuentes de ingreso mediante arrendamiento o prestaci\u00f3n de servicios a terceros.<\/p>\n<p data-start=\"4215\" data-end=\"4468\">Tambi\u00e9n los activos intangibles pueden generar valor. Un software propio puede licenciarse, una marca bien posicionada puede extenderse a nuevas l\u00edneas de productos, y una base de clientes puede usarse para programas de fidelizaci\u00f3n o ventas cruzadas.<\/p>\n<p data-start=\"4470\" data-end=\"4619\">\ud83d\udc49 La clave est\u00e1 en cambiar la mentalidad: dejar de ver los activos como \u201clo que tengo\u201d y empezar a verlos como \u201clo que puede producir m\u00e1s dinero\u201d.<\/p>\n<hr data-start=\"4621\" data-end=\"4624\" \/>\n<h2 data-start=\"4626\" data-end=\"4662\">Ejemplo aplicado en PyME mexicana<\/h2>\n<p data-start=\"4664\" data-end=\"4930\">Una empresa manufacturera en Quer\u00e9taro identific\u00f3 que ten\u00eda tres m\u00e1quinas CNC trabajando al 70% de su capacidad. En lugar de comprar m\u00e1s equipo, optimiz\u00f3 turnos, ofreci\u00f3 servicios de maquinado a empresas locales y estableci\u00f3 un sistema de mantenimiento predictivo.<\/p>\n<p data-start=\"4932\" data-end=\"5056\">El resultado fue un aumento del 25% en la producci\u00f3n total y una mejora en la rentabilidad sin invertir en nuevos activos.<\/p>\n<p data-start=\"5058\" data-end=\"5236\">A la par, actualiz\u00f3 su registro contable para reflejar el valor real de sus bienes, lo que le permiti\u00f3 obtener una mejor calificaci\u00f3n crediticia al solicitar un financiamiento.<\/p>\n<hr data-start=\"5238\" data-end=\"5241\" \/>\n<h2 data-start=\"5243\" data-end=\"5302\">Evitar errores comunes en la gesti\u00f3n de activos en PYMEs<\/h2>\n<p data-start=\"5304\" data-end=\"5526\">Uno de los errores m\u00e1s comunes es <strong data-start=\"5338\" data-end=\"5383\">no registrar los activos de forma precisa<\/strong> o mantener inventarios obsoletos. Otro es considerar que los activos intangibles no tienen valor, cuando muchas veces son los m\u00e1s rentables.<\/p>\n<p data-start=\"5528\" data-end=\"5709\">Tambi\u00e9n es frecuente que las PYMEs <strong data-start=\"5563\" data-end=\"5620\">adquieran activos sin evaluar su retorno de inversi\u00f3n<\/strong>, lo que genera sobrecapacidad, costos de mantenimiento elevados y p\u00e9rdida de liquidez.<\/p>\n<p data-start=\"5711\" data-end=\"5907\">Finalmente, muchas empresas <strong data-start=\"5739\" data-end=\"5784\">no calculan la depreciaci\u00f3n correctamente<\/strong>, lo que distorsiona sus estados financieros y les impide tomar decisiones acertadas sobre reposici\u00f3n o venta de activos.<\/p>\n<hr data-start=\"5909\" data-end=\"5912\" \/>\n<h2 data-start=\"5914\" data-end=\"5967\">Futuro de la gesti\u00f3n de activos en PYMEs mexicanas<\/h2>\n<p data-start=\"5969\" data-end=\"6064\">El futuro apunta hacia una gesti\u00f3n de activos m\u00e1s digital, transparente y orientada al valor.<\/p>\n<ul data-start=\"6066\" data-end=\"6531\">\n<li data-start=\"6066\" data-end=\"6184\">\n<p data-start=\"6068\" data-end=\"6184\"><strong data-start=\"6068\" data-end=\"6087\">Digitalizaci\u00f3n:<\/strong> herramientas de monitoreo en tiempo real que controlan uso, ubicaci\u00f3n y estado de los equipos.<\/p>\n<\/li>\n<li data-start=\"6185\" data-end=\"6294\">\n<p data-start=\"6187\" data-end=\"6294\"><strong data-start=\"6187\" data-end=\"6215\">Gesti\u00f3n basada en datos:<\/strong> decisiones de compra o venta basadas en indicadores de desempe\u00f1o del activo.<\/p>\n<\/li>\n<li data-start=\"6295\" data-end=\"6397\">\n<p data-start=\"6297\" data-end=\"6397\"><strong data-start=\"6297\" data-end=\"6316\">Sostenibilidad:<\/strong> revalorizaci\u00f3n de activos a trav\u00e9s de reacondicionamiento o econom\u00eda circular.<\/p>\n<\/li>\n<li data-start=\"6398\" data-end=\"6531\">\n<p data-start=\"6400\" data-end=\"6531\"><strong data-start=\"6400\" data-end=\"6429\">Contabilidad inteligente:<\/strong> sistemas ERP que integran la gesti\u00f3n contable, operativa y de mantenimiento en una sola plataforma.<\/p>\n<\/li>\n<\/ul>\n<p data-start=\"6533\" data-end=\"6649\">\ud83d\udc49 Las PYMEs que adopten estos enfoques estar\u00e1n mejor preparadas para competir y crecer sin desperdiciar recursos.<\/p>\n<h2 data-start=\"6656\" data-end=\"6669\">Conclusi\u00f3n<\/h2>\n<p data-start=\"6671\" data-end=\"6817\">La <strong data-start=\"6674\" data-end=\"6705\">gesti\u00f3n de activos en PYMEs<\/strong> no consiste solo en controlar lo que se tiene, sino en <strong data-start=\"6761\" data-end=\"6814\">hacer que cada recurso trabaje para generar valor<\/strong>.<\/p>\n<p data-start=\"6819\" data-end=\"7011\">\ud83d\udc49 Como due\u00f1o o gerente, tu tarea no es acumular m\u00e1s activos, sino optimizar los existentes, mantenerlos productivos y aprovecharlos estrat\u00e9gicamente para mejorar el rendimiento del negocio.<\/p>\n<p data-start=\"7013\" data-end=\"7159\">Una PyME que domina la gesti\u00f3n de sus activos no solo mejora su rentabilidad: <strong data-start=\"7091\" data-end=\"7156\">se vuelve m\u00e1s eficiente, competitiva y financieramente s\u00f3lida<\/strong>.<\/p>\n<div class=\"pvc_clear\"><\/div>\n<p id=\"pvc_stats_2895\" class=\"pvc_stats all  \" data-element-id=\"2895\" style=\"\"><i class=\"pvc-stats-icon medium\" aria-hidden=\"true\"><svg aria-hidden=\"true\" focusable=\"false\" data-prefix=\"far\" data-icon=\"chart-bar\" role=\"img\" xmlns=\"http:\/\/www.w3.org\/2000\/svg\" viewBox=\"0 0 512 512\" class=\"svg-inline--fa fa-chart-bar fa-w-16 fa-2x\"><path fill=\"currentColor\" d=\"M396.8 352h22.4c6.4 0 12.8-6.4 12.8-12.8V108.8c0-6.4-6.4-12.8-12.8-12.8h-22.4c-6.4 0-12.8 6.4-12.8 12.8v230.4c0 6.4 6.4 12.8 12.8 12.8zm-192 0h22.4c6.4 0 12.8-6.4 12.8-12.8V140.8c0-6.4-6.4-12.8-12.8-12.8h-22.4c-6.4 0-12.8 6.4-12.8 12.8v198.4c0 6.4 6.4 12.8 12.8 12.8zm96 0h22.4c6.4 0 12.8-6.4 12.8-12.8V204.8c0-6.4-6.4-12.8-12.8-12.8h-22.4c-6.4 0-12.8 6.4-12.8 12.8v134.4c0 6.4 6.4 12.8 12.8 12.8zM496 400H48V80c0-8.84-7.16-16-16-16H16C7.16 64 0 71.16 0 80v336c0 17.67 14.33 32 32 32h464c8.84 0 16-7.16 16-16v-16c0-8.84-7.16-16-16-16zm-387.2-48h22.4c6.4 0 12.8-6.4 12.8-12.8v-70.4c0-6.4-6.4-12.8-12.8-12.8h-22.4c-6.4 0-12.8 6.4-12.8 12.8v70.4c0 6.4 6.4 12.8 12.8 12.8z\" class=\"\"><\/path><\/svg><\/i> <img loading=\"lazy\" decoding=\"async\" width=\"16\" height=\"16\" alt=\"Loading\" src=\"https:\/\/www.cubodeideas.com\/blog\/wp-content\/plugins\/page-views-count\/ajax-loader-2x.gif\" border=0 \/><\/p>\n<div class=\"pvc_clear\"><\/div>\n","protected":false},"excerpt":{"rendered":"<p>En la mayor\u00eda de las peque\u00f1as y medianas empresas mexicanas, los due\u00f1os se concentran en vender, cobrar y pagar, pero pocas veces se detienen a pensar en todo lo que ya tienen y c\u00f3mo podr\u00edan aprovecharlo mejor. \ud83d\udc49 La gesti\u00f3n de activos en PYMEs no se trata solo de contabilizar lo que hay en el [&hellip;]<\/p>\n<div class=\"pvc_clear\"><\/div>\n<p id=\"pvc_stats_2895\" class=\"pvc_stats all  \" data-element-id=\"2895\" style=\"\"><i class=\"pvc-stats-icon medium\" aria-hidden=\"true\"><svg aria-hidden=\"true\" focusable=\"false\" data-prefix=\"far\" data-icon=\"chart-bar\" role=\"img\" xmlns=\"http:\/\/www.w3.org\/2000\/svg\" viewBox=\"0 0 512 512\" class=\"svg-inline--fa fa-chart-bar fa-w-16 fa-2x\"><path fill=\"currentColor\" d=\"M396.8 352h22.4c6.4 0 12.8-6.4 12.8-12.8V108.8c0-6.4-6.4-12.8-12.8-12.8h-22.4c-6.4 0-12.8 6.4-12.8 12.8v230.4c0 6.4 6.4 12.8 12.8 12.8zm-192 0h22.4c6.4 0 12.8-6.4 12.8-12.8V140.8c0-6.4-6.4-12.8-12.8-12.8h-22.4c-6.4 0-12.8 6.4-12.8 12.8v198.4c0 6.4 6.4 12.8 12.8 12.8zm96 0h22.4c6.4 0 12.8-6.4 12.8-12.8V204.8c0-6.4-6.4-12.8-12.8-12.8h-22.4c-6.4 0-12.8 6.4-12.8 12.8v134.4c0 6.4 6.4 12.8 12.8 12.8zM496 400H48V80c0-8.84-7.16-16-16-16H16C7.16 64 0 71.16 0 80v336c0 17.67 14.33 32 32 32h464c8.84 0 16-7.16 16-16v-16c0-8.84-7.16-16-16-16zm-387.2-48h22.4c6.4 0 12.8-6.4 12.8-12.8v-70.4c0-6.4-6.4-12.8-12.8-12.8h-22.4c-6.4 0-12.8 6.4-12.8 12.8v70.4c0 6.4 6.4 12.8 12.8 12.8z\" class=\"\"><\/path><\/svg><\/i> <img loading=\"lazy\" decoding=\"async\" width=\"16\" height=\"16\" alt=\"Loading\" src=\"https:\/\/www.cubodeideas.com\/blog\/wp-content\/plugins\/page-views-count\/ajax-loader-2x.gif\" border=0 \/><\/p>\n<div class=\"pvc_clear\"><\/div>\n","protected":false},"author":1,"featured_media":2185,"comment_status":"open","ping_status":"closed","sticky":false,"template":"","format":"standard","meta":{"footnotes":"","jetpack_publicize_message":"","jetpack_publicize_feature_enabled":true,"jetpack_social_post_already_shared":false,"jetpack_social_options":{"image_generator_settings":{"template":"highway","default_image_id":0,"font":"","enabled":false},"version":2}},"categories":[13],"tags":[1472,1471,1235],"class_list":["post-2895","post","type-post","status-publish","format-standard","has-post-thumbnail","hentry","category-negocios","tag-activos-intangibles","tag-gestion-de-activos-en-pymes","tag-productividad-pyme"],"blocksy_meta":[],"yoast_head":"<!-- This site is optimized with the Yoast SEO plugin v27.0 - https:\/\/yoast.com\/product\/yoast-seo-wordpress\/ -->\n<title>Gesti\u00f3n de activos en PYMEs: c\u00f3mo aprovechar tus recursos para generar valor -<\/title>\n<meta name=\"description\" content=\"Descubre c\u00f3mo implementar una gesti\u00f3n de activos en PYMEs efectiva. Aprende a optimizar, mantener y rentabilizar tus recursos f\u00edsicos e intangibles para crecer.\" \/>\n<meta name=\"robots\" content=\"index, follow, max-snippet:-1, max-image-preview:large, max-video-preview:-1\" \/>\n<link rel=\"canonical\" href=\"https:\/\/www.cubodeideas.com\/blog\/negocios\/gestion-de-activos-en-pymes-como-aprovechar-tus-recursos-para-generar-valor\/\" \/>\n<meta property=\"og:locale\" content=\"es_ES\" \/>\n<meta property=\"og:type\" content=\"article\" \/>\n<meta property=\"og:title\" content=\"Gesti\u00f3n de activos en PYMEs: c\u00f3mo aprovechar tus recursos para generar valor -\" \/>\n<meta property=\"og:description\" content=\"Descubre c\u00f3mo implementar una gesti\u00f3n de activos en PYMEs efectiva. Aprende a optimizar, mantener y rentabilizar tus recursos f\u00edsicos e intangibles para crecer.\" \/>\n<meta property=\"og:url\" content=\"https:\/\/www.cubodeideas.com\/blog\/negocios\/gestion-de-activos-en-pymes-como-aprovechar-tus-recursos-para-generar-valor\/\" \/>\n<meta property=\"article:publisher\" content=\"https:\/\/www.facebook.com\/somoscubodeideas\" \/>\n<meta property=\"article:published_time\" content=\"2025-10-04T18:53:40+00:00\" \/>\n<meta property=\"og:image\" content=\"https:\/\/www.cubodeideas.com\/blog\/wp-content\/uploads\/2025\/01\/portada-malamen28.png\" \/>\n\t<meta property=\"og:image:width\" content=\"1640\" \/>\n\t<meta property=\"og:image:height\" content=\"924\" \/>\n\t<meta property=\"og:image:type\" content=\"image\/png\" \/>\n<meta name=\"author\" content=\"Noel Castro\" \/>\n<meta name=\"twitter:card\" content=\"summary_large_image\" \/>\n<meta name=\"twitter:creator\" content=\"@cubo_ideas\" \/>\n<meta name=\"twitter:site\" content=\"@cubo_ideas\" \/>\n<meta name=\"twitter:label1\" content=\"Escrito por\" \/>\n\t<meta name=\"twitter:data1\" content=\"Noel Castro\" \/>\n\t<meta name=\"twitter:label2\" content=\"Tiempo de lectura\" \/>\n\t<meta name=\"twitter:data2\" content=\"5 minutos\" \/>\n<script type=\"application\/ld+json\" class=\"yoast-schema-graph\">{\"@context\":\"https:\/\/schema.org\",\"@graph\":[{\"@type\":\"Article\",\"@id\":\"https:\/\/www.cubodeideas.com\/blog\/negocios\/gestion-de-activos-en-pymes-como-aprovechar-tus-recursos-para-generar-valor\/#article\",\"isPartOf\":{\"@id\":\"https:\/\/www.cubodeideas.com\/blog\/negocios\/gestion-de-activos-en-pymes-como-aprovechar-tus-recursos-para-generar-valor\/\"},\"author\":{\"name\":\"Noel Castro\",\"@id\":\"https:\/\/www.cubodeideas.com\/blog\/#\/schema\/person\/5614e43eb76109017cff51a2c7928211\"},\"headline\":\"Gesti\u00f3n de activos en PYMEs: c\u00f3mo aprovechar tus recursos para generar valor\",\"datePublished\":\"2025-10-04T18:53:40+00:00\",\"mainEntityOfPage\":{\"@id\":\"https:\/\/www.cubodeideas.com\/blog\/negocios\/gestion-de-activos-en-pymes-como-aprovechar-tus-recursos-para-generar-valor\/\"},\"wordCount\":1086,\"commentCount\":0,\"publisher\":{\"@id\":\"https:\/\/www.cubodeideas.com\/blog\/#organization\"},\"image\":{\"@id\":\"https:\/\/www.cubodeideas.com\/blog\/negocios\/gestion-de-activos-en-pymes-como-aprovechar-tus-recursos-para-generar-valor\/#primaryimage\"},\"thumbnailUrl\":\"https:\/\/www.cubodeideas.com\/blog\/wp-content\/uploads\/2025\/01\/portada-malamen28.png\",\"keywords\":[\"activos intangibles\",\"gesti\u00f3n de activos en PYMEs\",\"productividad pyme\"],\"articleSection\":[\"Negocios\"],\"inLanguage\":\"es\",\"potentialAction\":[{\"@type\":\"CommentAction\",\"name\":\"Comment\",\"target\":[\"https:\/\/www.cubodeideas.com\/blog\/negocios\/gestion-de-activos-en-pymes-como-aprovechar-tus-recursos-para-generar-valor\/#respond\"]}]},{\"@type\":\"WebPage\",\"@id\":\"https:\/\/www.cubodeideas.com\/blog\/negocios\/gestion-de-activos-en-pymes-como-aprovechar-tus-recursos-para-generar-valor\/\",\"url\":\"https:\/\/www.cubodeideas.com\/blog\/negocios\/gestion-de-activos-en-pymes-como-aprovechar-tus-recursos-para-generar-valor\/\",\"name\":\"Gesti\u00f3n de activos en PYMEs: c\u00f3mo aprovechar tus recursos para generar valor -\",\"isPartOf\":{\"@id\":\"https:\/\/www.cubodeideas.com\/blog\/#website\"},\"primaryImageOfPage\":{\"@id\":\"https:\/\/www.cubodeideas.com\/blog\/negocios\/gestion-de-activos-en-pymes-como-aprovechar-tus-recursos-para-generar-valor\/#primaryimage\"},\"image\":{\"@id\":\"https:\/\/www.cubodeideas.com\/blog\/negocios\/gestion-de-activos-en-pymes-como-aprovechar-tus-recursos-para-generar-valor\/#primaryimage\"},\"thumbnailUrl\":\"https:\/\/www.cubodeideas.com\/blog\/wp-content\/uploads\/2025\/01\/portada-malamen28.png\",\"datePublished\":\"2025-10-04T18:53:40+00:00\",\"description\":\"Descubre c\u00f3mo implementar una gesti\u00f3n de activos en PYMEs efectiva. Aprende a optimizar, mantener y rentabilizar tus recursos f\u00edsicos e intangibles para crecer.\",\"breadcrumb\":{\"@id\":\"https:\/\/www.cubodeideas.com\/blog\/negocios\/gestion-de-activos-en-pymes-como-aprovechar-tus-recursos-para-generar-valor\/#breadcrumb\"},\"inLanguage\":\"es\",\"potentialAction\":[{\"@type\":\"ReadAction\",\"target\":[\"https:\/\/www.cubodeideas.com\/blog\/negocios\/gestion-de-activos-en-pymes-como-aprovechar-tus-recursos-para-generar-valor\/\"]}]},{\"@type\":\"ImageObject\",\"inLanguage\":\"es\",\"@id\":\"https:\/\/www.cubodeideas.com\/blog\/negocios\/gestion-de-activos-en-pymes-como-aprovechar-tus-recursos-para-generar-valor\/#primaryimage\",\"url\":\"https:\/\/www.cubodeideas.com\/blog\/wp-content\/uploads\/2025\/01\/portada-malamen28.png\",\"contentUrl\":\"https:\/\/www.cubodeideas.com\/blog\/wp-content\/uploads\/2025\/01\/portada-malamen28.png\",\"width\":1640,\"height\":924,\"caption\":\"gesti\u00f3n de activos en PYMEs\"},{\"@type\":\"BreadcrumbList\",\"@id\":\"https:\/\/www.cubodeideas.com\/blog\/negocios\/gestion-de-activos-en-pymes-como-aprovechar-tus-recursos-para-generar-valor\/#breadcrumb\",\"itemListElement\":[{\"@type\":\"ListItem\",\"position\":1,\"name\":\"Portada\",\"item\":\"https:\/\/www.cubodeideas.com\/blog\/\"},{\"@type\":\"ListItem\",\"position\":2,\"name\":\"Gesti\u00f3n de activos en PYMEs: c\u00f3mo aprovechar tus recursos para generar valor\"}]},{\"@type\":\"WebSite\",\"@id\":\"https:\/\/www.cubodeideas.com\/blog\/#website\",\"url\":\"https:\/\/www.cubodeideas.com\/blog\/\",\"name\":\"Cubo de Ideas\",\"description\":\"Cubo de Ideas, El Blog\",\"publisher\":{\"@id\":\"https:\/\/www.cubodeideas.com\/blog\/#organization\"},\"potentialAction\":[{\"@type\":\"SearchAction\",\"target\":{\"@type\":\"EntryPoint\",\"urlTemplate\":\"https:\/\/www.cubodeideas.com\/blog\/?s={search_term_string}\"},\"query-input\":{\"@type\":\"PropertyValueSpecification\",\"valueRequired\":true,\"valueName\":\"search_term_string\"}}],\"inLanguage\":\"es\"},{\"@type\":\"Organization\",\"@id\":\"https:\/\/www.cubodeideas.com\/blog\/#organization\",\"name\":\"Cubo de Ideas\",\"url\":\"https:\/\/www.cubodeideas.com\/blog\/\",\"logo\":{\"@type\":\"ImageObject\",\"inLanguage\":\"es\",\"@id\":\"https:\/\/www.cubodeideas.com\/blog\/#\/schema\/logo\/image\/\",\"url\":\"https:\/\/www.cubodeideas.com\/blog\/wp-content\/uploads\/2021\/10\/android-icon-72x72-1.png\",\"contentUrl\":\"https:\/\/www.cubodeideas.com\/blog\/wp-content\/uploads\/2021\/10\/android-icon-72x72-1.png\",\"width\":72,\"height\":72,\"caption\":\"Cubo de Ideas\"},\"image\":{\"@id\":\"https:\/\/www.cubodeideas.com\/blog\/#\/schema\/logo\/image\/\"},\"sameAs\":[\"https:\/\/www.facebook.com\/somoscubodeideas\",\"https:\/\/x.com\/cubo_ideas\",\"https:\/\/www.instagram.com\/cubodeideas\"]},{\"@type\":\"Person\",\"@id\":\"https:\/\/www.cubodeideas.com\/blog\/#\/schema\/person\/5614e43eb76109017cff51a2c7928211\",\"name\":\"Noel Castro\",\"description\":\"LEM Noel Castro Monta\u00f1o es CEO de Cubo de Ideas, Director de Operaciones para Citosa Textiles. Asesor de nuevos mercados y estrategias digitales para el segmento Retail. Especialista en marketing para autoservicios y puntos de venta. Especialista en sistemas de gesti\u00f3n de la calidad con enfoque a la ISO 9001:2015\",\"sameAs\":[\"https:\/\/www.cubodeideas.com\/blog\"],\"url\":\"https:\/\/www.cubodeideas.com\/blog\/author\/admin\/\"}]}<\/script>\n<!-- \/ Yoast SEO plugin. -->","yoast_head_json":{"title":"Gesti\u00f3n de activos en PYMEs: c\u00f3mo aprovechar tus recursos para generar valor -","description":"Descubre c\u00f3mo implementar una gesti\u00f3n de activos en PYMEs efectiva. Aprende a optimizar, mantener y rentabilizar tus recursos f\u00edsicos e intangibles para crecer.","robots":{"index":"index","follow":"follow","max-snippet":"max-snippet:-1","max-image-preview":"max-image-preview:large","max-video-preview":"max-video-preview:-1"},"canonical":"https:\/\/www.cubodeideas.com\/blog\/negocios\/gestion-de-activos-en-pymes-como-aprovechar-tus-recursos-para-generar-valor\/","og_locale":"es_ES","og_type":"article","og_title":"Gesti\u00f3n de activos en PYMEs: c\u00f3mo aprovechar tus recursos para generar valor -","og_description":"Descubre c\u00f3mo implementar una gesti\u00f3n de activos en PYMEs efectiva. Aprende a optimizar, mantener y rentabilizar tus recursos f\u00edsicos e intangibles para crecer.","og_url":"https:\/\/www.cubodeideas.com\/blog\/negocios\/gestion-de-activos-en-pymes-como-aprovechar-tus-recursos-para-generar-valor\/","article_publisher":"https:\/\/www.facebook.com\/somoscubodeideas","article_published_time":"2025-10-04T18:53:40+00:00","og_image":[{"width":1640,"height":924,"url":"https:\/\/www.cubodeideas.com\/blog\/wp-content\/uploads\/2025\/01\/portada-malamen28.png","type":"image\/png"}],"author":"Noel Castro","twitter_card":"summary_large_image","twitter_creator":"@cubo_ideas","twitter_site":"@cubo_ideas","twitter_misc":{"Escrito por":"Noel Castro","Tiempo de lectura":"5 minutos"},"schema":{"@context":"https:\/\/schema.org","@graph":[{"@type":"Article","@id":"https:\/\/www.cubodeideas.com\/blog\/negocios\/gestion-de-activos-en-pymes-como-aprovechar-tus-recursos-para-generar-valor\/#article","isPartOf":{"@id":"https:\/\/www.cubodeideas.com\/blog\/negocios\/gestion-de-activos-en-pymes-como-aprovechar-tus-recursos-para-generar-valor\/"},"author":{"name":"Noel Castro","@id":"https:\/\/www.cubodeideas.com\/blog\/#\/schema\/person\/5614e43eb76109017cff51a2c7928211"},"headline":"Gesti\u00f3n de activos en PYMEs: c\u00f3mo aprovechar tus recursos para generar valor","datePublished":"2025-10-04T18:53:40+00:00","mainEntityOfPage":{"@id":"https:\/\/www.cubodeideas.com\/blog\/negocios\/gestion-de-activos-en-pymes-como-aprovechar-tus-recursos-para-generar-valor\/"},"wordCount":1086,"commentCount":0,"publisher":{"@id":"https:\/\/www.cubodeideas.com\/blog\/#organization"},"image":{"@id":"https:\/\/www.cubodeideas.com\/blog\/negocios\/gestion-de-activos-en-pymes-como-aprovechar-tus-recursos-para-generar-valor\/#primaryimage"},"thumbnailUrl":"https:\/\/www.cubodeideas.com\/blog\/wp-content\/uploads\/2025\/01\/portada-malamen28.png","keywords":["activos intangibles","gesti\u00f3n de activos en PYMEs","productividad pyme"],"articleSection":["Negocios"],"inLanguage":"es","potentialAction":[{"@type":"CommentAction","name":"Comment","target":["https:\/\/www.cubodeideas.com\/blog\/negocios\/gestion-de-activos-en-pymes-como-aprovechar-tus-recursos-para-generar-valor\/#respond"]}]},{"@type":"WebPage","@id":"https:\/\/www.cubodeideas.com\/blog\/negocios\/gestion-de-activos-en-pymes-como-aprovechar-tus-recursos-para-generar-valor\/","url":"https:\/\/www.cubodeideas.com\/blog\/negocios\/gestion-de-activos-en-pymes-como-aprovechar-tus-recursos-para-generar-valor\/","name":"Gesti\u00f3n de activos en PYMEs: c\u00f3mo aprovechar tus recursos para generar valor -","isPartOf":{"@id":"https:\/\/www.cubodeideas.com\/blog\/#website"},"primaryImageOfPage":{"@id":"https:\/\/www.cubodeideas.com\/blog\/negocios\/gestion-de-activos-en-pymes-como-aprovechar-tus-recursos-para-generar-valor\/#primaryimage"},"image":{"@id":"https:\/\/www.cubodeideas.com\/blog\/negocios\/gestion-de-activos-en-pymes-como-aprovechar-tus-recursos-para-generar-valor\/#primaryimage"},"thumbnailUrl":"https:\/\/www.cubodeideas.com\/blog\/wp-content\/uploads\/2025\/01\/portada-malamen28.png","datePublished":"2025-10-04T18:53:40+00:00","description":"Descubre c\u00f3mo implementar una gesti\u00f3n de activos en PYMEs efectiva. Aprende a optimizar, mantener y rentabilizar tus recursos f\u00edsicos e intangibles para crecer.","breadcrumb":{"@id":"https:\/\/www.cubodeideas.com\/blog\/negocios\/gestion-de-activos-en-pymes-como-aprovechar-tus-recursos-para-generar-valor\/#breadcrumb"},"inLanguage":"es","potentialAction":[{"@type":"ReadAction","target":["https:\/\/www.cubodeideas.com\/blog\/negocios\/gestion-de-activos-en-pymes-como-aprovechar-tus-recursos-para-generar-valor\/"]}]},{"@type":"ImageObject","inLanguage":"es","@id":"https:\/\/www.cubodeideas.com\/blog\/negocios\/gestion-de-activos-en-pymes-como-aprovechar-tus-recursos-para-generar-valor\/#primaryimage","url":"https:\/\/www.cubodeideas.com\/blog\/wp-content\/uploads\/2025\/01\/portada-malamen28.png","contentUrl":"https:\/\/www.cubodeideas.com\/blog\/wp-content\/uploads\/2025\/01\/portada-malamen28.png","width":1640,"height":924,"caption":"gesti\u00f3n de activos en PYMEs"},{"@type":"BreadcrumbList","@id":"https:\/\/www.cubodeideas.com\/blog\/negocios\/gestion-de-activos-en-pymes-como-aprovechar-tus-recursos-para-generar-valor\/#breadcrumb","itemListElement":[{"@type":"ListItem","position":1,"name":"Portada","item":"https:\/\/www.cubodeideas.com\/blog\/"},{"@type":"ListItem","position":2,"name":"Gesti\u00f3n de activos en PYMEs: c\u00f3mo aprovechar tus recursos para generar valor"}]},{"@type":"WebSite","@id":"https:\/\/www.cubodeideas.com\/blog\/#website","url":"https:\/\/www.cubodeideas.com\/blog\/","name":"Cubo de Ideas","description":"Cubo de Ideas, El Blog","publisher":{"@id":"https:\/\/www.cubodeideas.com\/blog\/#organization"},"potentialAction":[{"@type":"SearchAction","target":{"@type":"EntryPoint","urlTemplate":"https:\/\/www.cubodeideas.com\/blog\/?s={search_term_string}"},"query-input":{"@type":"PropertyValueSpecification","valueRequired":true,"valueName":"search_term_string"}}],"inLanguage":"es"},{"@type":"Organization","@id":"https:\/\/www.cubodeideas.com\/blog\/#organization","name":"Cubo de Ideas","url":"https:\/\/www.cubodeideas.com\/blog\/","logo":{"@type":"ImageObject","inLanguage":"es","@id":"https:\/\/www.cubodeideas.com\/blog\/#\/schema\/logo\/image\/","url":"https:\/\/www.cubodeideas.com\/blog\/wp-content\/uploads\/2021\/10\/android-icon-72x72-1.png","contentUrl":"https:\/\/www.cubodeideas.com\/blog\/wp-content\/uploads\/2021\/10\/android-icon-72x72-1.png","width":72,"height":72,"caption":"Cubo de Ideas"},"image":{"@id":"https:\/\/www.cubodeideas.com\/blog\/#\/schema\/logo\/image\/"},"sameAs":["https:\/\/www.facebook.com\/somoscubodeideas","https:\/\/x.com\/cubo_ideas","https:\/\/www.instagram.com\/cubodeideas"]},{"@type":"Person","@id":"https:\/\/www.cubodeideas.com\/blog\/#\/schema\/person\/5614e43eb76109017cff51a2c7928211","name":"Noel Castro","description":"LEM Noel Castro Monta\u00f1o es CEO de Cubo de Ideas, Director de Operaciones para Citosa Textiles. Asesor de nuevos mercados y estrategias digitales para el segmento Retail. Especialista en marketing para autoservicios y puntos de venta. Especialista en sistemas de gesti\u00f3n de la calidad con enfoque a la ISO 9001:2015","sameAs":["https:\/\/www.cubodeideas.com\/blog"],"url":"https:\/\/www.cubodeideas.com\/blog\/author\/admin\/"}]}},"jetpack_publicize_connections":[],"_links":{"self":[{"href":"https:\/\/www.cubodeideas.com\/blog\/wp-json\/wp\/v2\/posts\/2895","targetHints":{"allow":["GET"]}}],"collection":[{"href":"https:\/\/www.cubodeideas.com\/blog\/wp-json\/wp\/v2\/posts"}],"about":[{"href":"https:\/\/www.cubodeideas.com\/blog\/wp-json\/wp\/v2\/types\/post"}],"author":[{"embeddable":true,"href":"https:\/\/www.cubodeideas.com\/blog\/wp-json\/wp\/v2\/users\/1"}],"replies":[{"embeddable":true,"href":"https:\/\/www.cubodeideas.com\/blog\/wp-json\/wp\/v2\/comments?post=2895"}],"version-history":[{"count":1,"href":"https:\/\/www.cubodeideas.com\/blog\/wp-json\/wp\/v2\/posts\/2895\/revisions"}],"predecessor-version":[{"id":2896,"href":"https:\/\/www.cubodeideas.com\/blog\/wp-json\/wp\/v2\/posts\/2895\/revisions\/2896"}],"wp:featuredmedia":[{"embeddable":true,"href":"https:\/\/www.cubodeideas.com\/blog\/wp-json\/wp\/v2\/media\/2185"}],"wp:attachment":[{"href":"https:\/\/www.cubodeideas.com\/blog\/wp-json\/wp\/v2\/media?parent=2895"}],"wp:term":[{"taxonomy":"category","embeddable":true,"href":"https:\/\/www.cubodeideas.com\/blog\/wp-json\/wp\/v2\/categories?post=2895"},{"taxonomy":"post_tag","embeddable":true,"href":"https:\/\/www.cubodeideas.com\/blog\/wp-json\/wp\/v2\/tags?post=2895"}],"curies":[{"name":"wp","href":"https:\/\/api.w.org\/{rel}","templated":true}]}}