{"id":2770,"date":"2025-09-23T04:05:34","date_gmt":"2025-09-23T04:05:34","guid":{"rendered":"https:\/\/www.cubodeideas.com\/blog\/?p=2770"},"modified":"2025-09-23T04:05:34","modified_gmt":"2025-09-23T04:05:34","slug":"gestion-del-talento-humano-en-pymes-como-aumentar-productividad-y-retencion","status":"publish","type":"post","link":"https:\/\/www.cubodeideas.com\/blog\/negocios\/gestion-del-talento-humano-en-pymes-como-aumentar-productividad-y-retencion\/","title":{"rendered":"Gesti\u00f3n del talento humano en PYMEs: c\u00f3mo aumentar productividad y retenci\u00f3n"},"content":{"rendered":"<p data-start=\"350\" data-end=\"771\">La <strong data-start=\"353\" data-end=\"392\">gesti\u00f3n del talento humano en PYMEs<\/strong> es uno de los pilares m\u00e1s importantes para lograr productividad, competitividad y crecimiento sostenible. Aunque las peque\u00f1as y medianas empresas mexicanas suelen enfocarse m\u00e1s en ventas y operaciones, lo cierto es que el capital humano es el recurso m\u00e1s valioso que tienen. Sin personas comprometidas, capacitadas y motivadas, ninguna estrategia de negocio puede tener \u00e9xito.<\/p>\n<p data-start=\"773\" data-end=\"1063\">La realidad es que muchas PYMEs enfrentan dificultades para retener talento: alta rotaci\u00f3n, falta de planes de carrera, capacitaci\u00f3n limitada y poca claridad en los procesos de recursos humanos. Esto genera costos ocultos, p\u00e9rdida de conocimiento y un impacto directo en la productividad.<\/p>\n<p data-start=\"1065\" data-end=\"1278\">En esta gu\u00eda veremos c\u00f3mo aplicar una gesti\u00f3n estrat\u00e9gica del talento humano en PYMEs mexicanas, con acciones pr\u00e1cticas y de bajo costo que permitan atraer, desarrollar y retener al personal clave para el \u00e9xito.<\/p>\n<hr data-start=\"1280\" data-end=\"1283\" \/>\n<h2 data-start=\"1285\" data-end=\"1361\">Paso 1: Entender la importancia de la gesti\u00f3n del talento humano en PYMEs<\/h2>\n<p data-start=\"1363\" data-end=\"1597\">La <strong data-start=\"1366\" data-end=\"1405\">gesti\u00f3n del talento humano en PYMEs<\/strong> no se limita a contratar y pagar sueldos. Implica crear un entorno en el que las personas puedan aportar lo mejor de s\u00ed mismas, sentirse motivadas y alineadas con los objetivos del negocio.<\/p>\n<p data-start=\"1599\" data-end=\"1661\">Beneficios directos de una buena gesti\u00f3n del talento humano:<\/p>\n<ul data-start=\"1662\" data-end=\"1942\">\n<li data-start=\"1662\" data-end=\"1709\">\n<p data-start=\"1664\" data-end=\"1709\">Mayor productividad y eficiencia operativa.<\/p>\n<\/li>\n<li data-start=\"1710\" data-end=\"1768\">\n<p data-start=\"1712\" data-end=\"1768\">Menor rotaci\u00f3n y reducci\u00f3n de costos de reclutamiento.<\/p>\n<\/li>\n<li data-start=\"1769\" data-end=\"1821\">\n<p data-start=\"1771\" data-end=\"1821\">Mejor clima laboral y satisfacci\u00f3n del personal.<\/p>\n<\/li>\n<li data-start=\"1822\" data-end=\"1870\">\n<p data-start=\"1824\" data-end=\"1870\">Mayor capacidad de innovaci\u00f3n y creatividad.<\/p>\n<\/li>\n<li data-start=\"1871\" data-end=\"1942\">\n<p data-start=\"1873\" data-end=\"1942\">Mejora en la experiencia del cliente gracias a empleados motivados.<\/p>\n<\/li>\n<\/ul>\n<p data-start=\"1944\" data-end=\"2038\">\ud83d\udc49 Para una PyME mexicana, invertir en talento no es un gasto, es una inversi\u00f3n estrat\u00e9gica.<\/p>\n<hr data-start=\"2040\" data-end=\"2043\" \/>\n<h2 data-start=\"2045\" data-end=\"2096\">Paso 2: Atraer y seleccionar al talento adecuado<\/h2>\n<p data-start=\"2098\" data-end=\"2306\">El primer reto es atraer al personal correcto. Muchas PYMEs se limitan a publicar vacantes sin una estrategia clara, lo que resulta en contrataciones poco alineadas con la cultura y necesidades del negocio.<\/p>\n<p data-start=\"2308\" data-end=\"2347\">Buenas pr\u00e1cticas para atraer talento:<\/p>\n<ul data-start=\"2348\" data-end=\"2784\">\n<li data-start=\"2348\" data-end=\"2437\">\n<p data-start=\"2350\" data-end=\"2437\"><strong data-start=\"2350\" data-end=\"2388\">Definir perfiles de puesto claros:<\/strong> responsabilidades, habilidades y competencias.<\/p>\n<\/li>\n<li data-start=\"2438\" data-end=\"2533\">\n<p data-start=\"2440\" data-end=\"2533\"><strong data-start=\"2440\" data-end=\"2478\">Usar canales digitales accesibles:<\/strong> LinkedIn, OCC, Computrabajo, redes sociales locales.<\/p>\n<\/li>\n<li data-start=\"2534\" data-end=\"2634\">\n<p data-start=\"2536\" data-end=\"2634\"><strong data-start=\"2536\" data-end=\"2567\">Construir marca empleadora:<\/strong> mostrar la cultura de la empresa en redes sociales y p\u00e1gina web.<\/p>\n<\/li>\n<li data-start=\"2635\" data-end=\"2784\">\n<p data-start=\"2637\" data-end=\"2784\"><strong data-start=\"2637\" data-end=\"2680\">Ofrecer propuestas de valor atractivas:<\/strong> no siempre se trata de sueldos altos, tambi\u00e9n cuentan beneficios flexibles y crecimiento profesional.<\/p>\n<\/li>\n<\/ul>\n<p data-start=\"2786\" data-end=\"2917\">Un proceso de selecci\u00f3n bien estructurado ayuda a reducir errores y asegura que el talento contratado aporte desde el primer d\u00eda.<\/p>\n<hr data-start=\"2919\" data-end=\"2922\" \/>\n<h2 data-start=\"2924\" data-end=\"2968\">Paso 3: Desarrollar y capacitar al equipo<\/h2>\n<p data-start=\"2970\" data-end=\"3129\">Contratar talento es solo el inicio. Para retenerlo y aumentar productividad, la <strong data-start=\"3051\" data-end=\"3090\">gesti\u00f3n del talento humano en PYMEs<\/strong> debe incluir capacitaci\u00f3n constante.<\/p>\n<p data-start=\"3131\" data-end=\"3174\">Opciones accesibles para PYMEs mexicanas:<\/p>\n<ul data-start=\"3175\" data-end=\"3513\">\n<li data-start=\"3175\" data-end=\"3260\">\n<p data-start=\"3177\" data-end=\"3260\"><strong data-start=\"3177\" data-end=\"3223\">Cursos en l\u00ednea gratuitos o de bajo costo:<\/strong> Coursera, EdX, Udemy, Aprende.org.<\/p>\n<\/li>\n<li data-start=\"3261\" data-end=\"3347\">\n<p data-start=\"3263\" data-end=\"3347\"><strong data-start=\"3263\" data-end=\"3291\">Capacitaciones internas:<\/strong> empleados con m\u00e1s experiencia ense\u00f1ando a los nuevos.<\/p>\n<\/li>\n<li data-start=\"3348\" data-end=\"3417\">\n<p data-start=\"3350\" data-end=\"3417\"><strong data-start=\"3350\" data-end=\"3376\">Programas de mentor\u00eda:<\/strong> asignar un gu\u00eda a los reci\u00e9n llegados.<\/p>\n<\/li>\n<li data-start=\"3418\" data-end=\"3513\">\n<p data-start=\"3420\" data-end=\"3513\"><strong data-start=\"3420\" data-end=\"3460\">Capacitaci\u00f3n en habilidades blandas:<\/strong> comunicaci\u00f3n, liderazgo, resoluci\u00f3n de conflictos.<\/p>\n<\/li>\n<\/ul>\n<p data-start=\"3515\" data-end=\"3633\">La capacitaci\u00f3n no solo aumenta habilidades t\u00e9cnicas, tambi\u00e9n eleva la motivaci\u00f3n y compromiso de los colaboradores.<\/p>\n<hr data-start=\"3635\" data-end=\"3638\" \/>\n<h2 data-start=\"3640\" data-end=\"3686\">Paso 4: Motivar y retener al talento humano<\/h2>\n<p data-start=\"3688\" data-end=\"3860\">Uno de los mayores retos de las PYMEs mexicanas es la rotaci\u00f3n de personal. Para reducirla, es fundamental crear condiciones que hagan que los empleados quieran quedarse.<\/p>\n<p data-start=\"3862\" data-end=\"3902\">Estrategias de motivaci\u00f3n y retenci\u00f3n:<\/p>\n<ul data-start=\"3903\" data-end=\"4306\">\n<li data-start=\"3903\" data-end=\"3967\">\n<p data-start=\"3905\" data-end=\"3967\"><strong data-start=\"3905\" data-end=\"3934\">Reconocimiento constante:<\/strong> valorar logros y aportaciones.<\/p>\n<\/li>\n<li data-start=\"3968\" data-end=\"4048\">\n<p data-start=\"3970\" data-end=\"4048\"><strong data-start=\"3970\" data-end=\"3996\">Planes de crecimiento:<\/strong> oportunidades de ascenso o desarrollo horizontal.<\/p>\n<\/li>\n<li data-start=\"4049\" data-end=\"4135\">\n<p data-start=\"4051\" data-end=\"4135\"><strong data-start=\"4051\" data-end=\"4076\">Flexibilidad laboral:<\/strong> horarios flexibles o trabajo h\u00edbrido cuando sea posible.<\/p>\n<\/li>\n<li data-start=\"4136\" data-end=\"4220\">\n<p data-start=\"4138\" data-end=\"4220\"><strong data-start=\"4138\" data-end=\"4165\">Beneficios adicionales:<\/strong> vales de despensa, bonos por desempe\u00f1o, d\u00edas libres.<\/p>\n<\/li>\n<li data-start=\"4221\" data-end=\"4306\">\n<p data-start=\"4223\" data-end=\"4306\"><strong data-start=\"4223\" data-end=\"4259\">Cultura organizacional positiva:<\/strong> trato justo, comunicaci\u00f3n abierta y respeto.<\/p>\n<\/li>\n<\/ul>\n<p data-start=\"4308\" data-end=\"4416\">\ud83d\udc49 Un empleado motivado produce m\u00e1s, atiende mejor a los clientes y se convierte en embajador de la marca.<\/p>\n<hr data-start=\"4418\" data-end=\"4421\" \/>\n<h2 data-start=\"4423\" data-end=\"4479\">Paso 5: Medir y mejorar la gesti\u00f3n del talento humano<\/h2>\n<p data-start=\"4481\" data-end=\"4627\">La gesti\u00f3n no puede quedarse en buenas intenciones. Es necesario medir y analizar datos que reflejen la situaci\u00f3n del capital humano en la PyME.<\/p>\n<p data-start=\"4629\" data-end=\"4649\">Indicadores clave:<\/p>\n<ul data-start=\"4650\" data-end=\"5043\">\n<li data-start=\"4650\" data-end=\"4730\">\n<p data-start=\"4652\" data-end=\"4730\"><strong data-start=\"4652\" data-end=\"4677\">Rotaci\u00f3n de personal:<\/strong> cu\u00e1ntos empleados salen en un periodo determinado.<\/p>\n<\/li>\n<li data-start=\"4731\" data-end=\"4827\">\n<p data-start=\"4733\" data-end=\"4827\"><strong data-start=\"4733\" data-end=\"4764\">Productividad por empleado:<\/strong> ingresos o resultados generados en relaci\u00f3n con el personal.<\/p>\n<\/li>\n<li data-start=\"4828\" data-end=\"4906\">\n<p data-start=\"4830\" data-end=\"4906\"><strong data-start=\"4830\" data-end=\"4864\">Nivel de satisfacci\u00f3n laboral:<\/strong> encuestas internas y retroalimentaci\u00f3n.<\/p>\n<\/li>\n<li data-start=\"4907\" data-end=\"4975\">\n<p data-start=\"4909\" data-end=\"4975\"><strong data-start=\"4909\" data-end=\"4932\">Tasa de ausentismo:<\/strong> d\u00edas perdidos por faltas injustificadas.<\/p>\n<\/li>\n<li data-start=\"4976\" data-end=\"5043\">\n<p data-start=\"4978\" data-end=\"5043\"><strong data-start=\"4978\" data-end=\"5016\">Desempe\u00f1o individual y de equipos:<\/strong> evaluaciones peri\u00f3dicas.<\/p>\n<\/li>\n<\/ul>\n<p data-start=\"5045\" data-end=\"5167\">Con base en estos indicadores, la PyME puede identificar \u00e1reas de mejora y ajustar sus pr\u00e1cticas de gesti\u00f3n del talento.<\/p>\n<hr data-start=\"5169\" data-end=\"5172\" \/>\n<h2 data-start=\"5174\" data-end=\"5234\">Errores comunes en la gesti\u00f3n del talento humano en PYMEs<\/h2>\n<p data-start=\"5236\" data-end=\"5311\">Muchas empresas cometen errores que afectan la productividad y retenci\u00f3n:<\/p>\n<ul data-start=\"5312\" data-end=\"5600\">\n<li data-start=\"5312\" data-end=\"5364\">\n<p data-start=\"5314\" data-end=\"5364\">No definir claramente roles y responsabilidades.<\/p>\n<\/li>\n<li data-start=\"5365\" data-end=\"5406\">\n<p data-start=\"5367\" data-end=\"5406\">Contratar sin procesos estructurados.<\/p>\n<\/li>\n<li data-start=\"5407\" data-end=\"5468\">\n<p data-start=\"5409\" data-end=\"5468\">No invertir en capacitaci\u00f3n por pensar que \u201ces un gasto\u201d.<\/p>\n<\/li>\n<li data-start=\"5469\" data-end=\"5538\">\n<p data-start=\"5471\" data-end=\"5538\">Ignorar la importancia de la motivaci\u00f3n y cultura organizacional.<\/p>\n<\/li>\n<li data-start=\"5539\" data-end=\"5600\">\n<p data-start=\"5541\" data-end=\"5600\">No escuchar al personal ni implementar retroalimentaci\u00f3n.<\/p>\n<\/li>\n<\/ul>\n<p data-start=\"5602\" data-end=\"5693\">Evitar estos errores es clave para fortalecer la <strong data-start=\"5651\" data-end=\"5690\">gesti\u00f3n del talento humano en PYMEs<\/strong>.<\/p>\n<hr data-start=\"5695\" data-end=\"5698\" \/>\n<h2 data-start=\"5700\" data-end=\"5747\">Beneficios estrat\u00e9gicos para PYMEs mexicanas<\/h2>\n<p data-start=\"5749\" data-end=\"5855\">Cuando se implementa correctamente, la <strong data-start=\"5788\" data-end=\"5827\">gesti\u00f3n del talento humano en PYMEs<\/strong> genera beneficios claros:<\/p>\n<ul data-start=\"5856\" data-end=\"6130\">\n<li data-start=\"5856\" data-end=\"5927\">\n<p data-start=\"5858\" data-end=\"5927\">Ahorro en costos de reclutamiento y capacitaci\u00f3n por baja rotaci\u00f3n.<\/p>\n<\/li>\n<li data-start=\"5928\" data-end=\"5975\">\n<p data-start=\"5930\" data-end=\"5975\">Mayor productividad y eficiencia operativa.<\/p>\n<\/li>\n<li data-start=\"5976\" data-end=\"6013\">\n<p data-start=\"5978\" data-end=\"6013\">Personal comprometido y motivado.<\/p>\n<\/li>\n<li data-start=\"6014\" data-end=\"6071\">\n<p data-start=\"6016\" data-end=\"6071\">Mejora en la reputaci\u00f3n de la empresa como empleador.<\/p>\n<\/li>\n<li data-start=\"6072\" data-end=\"6130\">\n<p data-start=\"6074\" data-end=\"6130\">Mayor capacidad para competir contra empresas grandes.<\/p>\n<\/li>\n<\/ul>\n<p data-start=\"6132\" data-end=\"6244\">El talento humano es el diferenciador que puede llevar a una PyME de sobrevivir a crecer de manera sostenible.<\/p>\n<h2 data-start=\"6251\" data-end=\"6264\">Conclusi\u00f3n<\/h2>\n<p data-start=\"6266\" data-end=\"6627\">La <strong data-start=\"6269\" data-end=\"6308\">gesti\u00f3n del talento humano en PYMEs<\/strong> es mucho m\u00e1s que un \u00e1rea administrativa: es la base para la productividad, la innovaci\u00f3n y la retenci\u00f3n de clientes. Al atraer al talento correcto, capacitarlo, motivarlo y medir su desempe\u00f1o, las peque\u00f1as y medianas empresas mexicanas pueden asegurar crecimiento sostenido y competir con organizaciones m\u00e1s grandes.<\/p>\n<p data-start=\"6629\" data-end=\"6810\">Las PYMEs que invierten en su capital humano no solo reducen costos y aumentan eficiencia, tambi\u00e9n construyen equipos leales y motivados que se convierten en el motor de su \u00e9xito.<\/p>\n<div class=\"pvc_clear\"><\/div>\n<p id=\"pvc_stats_2770\" class=\"pvc_stats all  \" data-element-id=\"2770\" style=\"\"><i class=\"pvc-stats-icon medium\" aria-hidden=\"true\"><svg aria-hidden=\"true\" focusable=\"false\" data-prefix=\"far\" data-icon=\"chart-bar\" role=\"img\" xmlns=\"http:\/\/www.w3.org\/2000\/svg\" viewBox=\"0 0 512 512\" class=\"svg-inline--fa fa-chart-bar fa-w-16 fa-2x\"><path fill=\"currentColor\" d=\"M396.8 352h22.4c6.4 0 12.8-6.4 12.8-12.8V108.8c0-6.4-6.4-12.8-12.8-12.8h-22.4c-6.4 0-12.8 6.4-12.8 12.8v230.4c0 6.4 6.4 12.8 12.8 12.8zm-192 0h22.4c6.4 0 12.8-6.4 12.8-12.8V140.8c0-6.4-6.4-12.8-12.8-12.8h-22.4c-6.4 0-12.8 6.4-12.8 12.8v198.4c0 6.4 6.4 12.8 12.8 12.8zm96 0h22.4c6.4 0 12.8-6.4 12.8-12.8V204.8c0-6.4-6.4-12.8-12.8-12.8h-22.4c-6.4 0-12.8 6.4-12.8 12.8v134.4c0 6.4 6.4 12.8 12.8 12.8zM496 400H48V80c0-8.84-7.16-16-16-16H16C7.16 64 0 71.16 0 80v336c0 17.67 14.33 32 32 32h464c8.84 0 16-7.16 16-16v-16c0-8.84-7.16-16-16-16zm-387.2-48h22.4c6.4 0 12.8-6.4 12.8-12.8v-70.4c0-6.4-6.4-12.8-12.8-12.8h-22.4c-6.4 0-12.8 6.4-12.8 12.8v70.4c0 6.4 6.4 12.8 12.8 12.8z\" class=\"\"><\/path><\/svg><\/i> <img loading=\"lazy\" decoding=\"async\" width=\"16\" height=\"16\" alt=\"Loading\" src=\"https:\/\/www.cubodeideas.com\/blog\/wp-content\/plugins\/page-views-count\/ajax-loader-2x.gif\" border=0 \/><\/p>\n<div class=\"pvc_clear\"><\/div>\n","protected":false},"excerpt":{"rendered":"<p>La gesti\u00f3n del talento humano en PYMEs es uno de los pilares m\u00e1s importantes para lograr productividad, competitividad y crecimiento sostenible. Aunque las peque\u00f1as y medianas empresas mexicanas suelen enfocarse m\u00e1s en ventas y operaciones, lo cierto es que el capital humano es el recurso m\u00e1s valioso que tienen. Sin personas comprometidas, capacitadas y motivadas, [&hellip;]<\/p>\n<div class=\"pvc_clear\"><\/div>\n<p id=\"pvc_stats_2770\" class=\"pvc_stats all  \" data-element-id=\"2770\" style=\"\"><i class=\"pvc-stats-icon medium\" aria-hidden=\"true\"><svg aria-hidden=\"true\" focusable=\"false\" data-prefix=\"far\" data-icon=\"chart-bar\" role=\"img\" xmlns=\"http:\/\/www.w3.org\/2000\/svg\" viewBox=\"0 0 512 512\" class=\"svg-inline--fa fa-chart-bar fa-w-16 fa-2x\"><path fill=\"currentColor\" d=\"M396.8 352h22.4c6.4 0 12.8-6.4 12.8-12.8V108.8c0-6.4-6.4-12.8-12.8-12.8h-22.4c-6.4 0-12.8 6.4-12.8 12.8v230.4c0 6.4 6.4 12.8 12.8 12.8zm-192 0h22.4c6.4 0 12.8-6.4 12.8-12.8V140.8c0-6.4-6.4-12.8-12.8-12.8h-22.4c-6.4 0-12.8 6.4-12.8 12.8v198.4c0 6.4 6.4 12.8 12.8 12.8zm96 0h22.4c6.4 0 12.8-6.4 12.8-12.8V204.8c0-6.4-6.4-12.8-12.8-12.8h-22.4c-6.4 0-12.8 6.4-12.8 12.8v134.4c0 6.4 6.4 12.8 12.8 12.8zM496 400H48V80c0-8.84-7.16-16-16-16H16C7.16 64 0 71.16 0 80v336c0 17.67 14.33 32 32 32h464c8.84 0 16-7.16 16-16v-16c0-8.84-7.16-16-16-16zm-387.2-48h22.4c6.4 0 12.8-6.4 12.8-12.8v-70.4c0-6.4-6.4-12.8-12.8-12.8h-22.4c-6.4 0-12.8 6.4-12.8 12.8v70.4c0 6.4 6.4 12.8 12.8 12.8z\" class=\"\"><\/path><\/svg><\/i> <img loading=\"lazy\" decoding=\"async\" width=\"16\" height=\"16\" alt=\"Loading\" src=\"https:\/\/www.cubodeideas.com\/blog\/wp-content\/plugins\/page-views-count\/ajax-loader-2x.gif\" border=0 \/><\/p>\n<div class=\"pvc_clear\"><\/div>\n","protected":false},"author":1,"featured_media":1384,"comment_status":"open","ping_status":"closed","sticky":false,"template":"","format":"standard","meta":{"footnotes":"","jetpack_publicize_message":"","jetpack_publicize_feature_enabled":true,"jetpack_social_post_already_shared":false,"jetpack_social_options":{"image_generator_settings":{"template":"highway","default_image_id":0,"font":"","enabled":false},"version":2}},"categories":[13],"tags":[1372,1326],"class_list":["post-2770","post","type-post","status-publish","format-standard","has-post-thumbnail","hentry","category-negocios","tag-gestion-del-talento-humano-en-pymes","tag-recursos-humanos-pyme"],"blocksy_meta":[],"yoast_head":"<!-- This site is optimized with the Yoast SEO plugin v27.0 - https:\/\/yoast.com\/product\/yoast-seo-wordpress\/ -->\n<title>Gesti\u00f3n del talento humano en PYMEs: c\u00f3mo aumentar productividad y retenci\u00f3n -<\/title>\n<meta name=\"description\" content=\"Descubre c\u00f3mo implementar una gesti\u00f3n del talento humano en PYMEs mexicanas. Aumenta productividad, reduce rotaci\u00f3n y motiva a tu equipo con estrategias pr\u00e1cticas.\" \/>\n<meta name=\"robots\" content=\"index, follow, max-snippet:-1, max-image-preview:large, max-video-preview:-1\" \/>\n<link rel=\"canonical\" href=\"https:\/\/www.cubodeideas.com\/blog\/negocios\/gestion-del-talento-humano-en-pymes-como-aumentar-productividad-y-retencion\/\" \/>\n<meta property=\"og:locale\" content=\"es_ES\" \/>\n<meta property=\"og:type\" content=\"article\" \/>\n<meta property=\"og:title\" content=\"Gesti\u00f3n del talento humano en PYMEs: c\u00f3mo aumentar productividad y retenci\u00f3n -\" \/>\n<meta property=\"og:description\" content=\"Descubre c\u00f3mo implementar una gesti\u00f3n del talento humano en PYMEs mexicanas. Aumenta productividad, reduce rotaci\u00f3n y motiva a tu equipo con estrategias pr\u00e1cticas.\" \/>\n<meta property=\"og:url\" content=\"https:\/\/www.cubodeideas.com\/blog\/negocios\/gestion-del-talento-humano-en-pymes-como-aumentar-productividad-y-retencion\/\" \/>\n<meta property=\"article:publisher\" content=\"https:\/\/www.facebook.com\/somoscubodeideas\" \/>\n<meta property=\"article:published_time\" content=\"2025-09-23T04:05:34+00:00\" \/>\n<meta property=\"og:image\" content=\"https:\/\/www.cubodeideas.com\/blog\/wp-content\/uploads\/2024\/02\/the-labour-code-3520806_1280.jpg\" \/>\n\t<meta property=\"og:image:width\" content=\"1280\" \/>\n\t<meta property=\"og:image:height\" content=\"721\" \/>\n\t<meta property=\"og:image:type\" content=\"image\/jpeg\" \/>\n<meta name=\"author\" content=\"Noel Castro\" \/>\n<meta name=\"twitter:card\" content=\"summary_large_image\" \/>\n<meta name=\"twitter:creator\" content=\"@cubo_ideas\" \/>\n<meta name=\"twitter:site\" content=\"@cubo_ideas\" \/>\n<meta name=\"twitter:label1\" content=\"Escrito por\" \/>\n\t<meta name=\"twitter:data1\" content=\"Noel Castro\" \/>\n\t<meta name=\"twitter:label2\" content=\"Tiempo de lectura\" \/>\n\t<meta name=\"twitter:data2\" content=\"5 minutos\" \/>\n<script type=\"application\/ld+json\" class=\"yoast-schema-graph\">{\"@context\":\"https:\/\/schema.org\",\"@graph\":[{\"@type\":\"Article\",\"@id\":\"https:\/\/www.cubodeideas.com\/blog\/negocios\/gestion-del-talento-humano-en-pymes-como-aumentar-productividad-y-retencion\/#article\",\"isPartOf\":{\"@id\":\"https:\/\/www.cubodeideas.com\/blog\/negocios\/gestion-del-talento-humano-en-pymes-como-aumentar-productividad-y-retencion\/\"},\"author\":{\"name\":\"Noel Castro\",\"@id\":\"https:\/\/www.cubodeideas.com\/blog\/#\/schema\/person\/5614e43eb76109017cff51a2c7928211\"},\"headline\":\"Gesti\u00f3n del talento humano en PYMEs: c\u00f3mo aumentar productividad y retenci\u00f3n\",\"datePublished\":\"2025-09-23T04:05:34+00:00\",\"mainEntityOfPage\":{\"@id\":\"https:\/\/www.cubodeideas.com\/blog\/negocios\/gestion-del-talento-humano-en-pymes-como-aumentar-productividad-y-retencion\/\"},\"wordCount\":987,\"commentCount\":0,\"publisher\":{\"@id\":\"https:\/\/www.cubodeideas.com\/blog\/#organization\"},\"image\":{\"@id\":\"https:\/\/www.cubodeideas.com\/blog\/negocios\/gestion-del-talento-humano-en-pymes-como-aumentar-productividad-y-retencion\/#primaryimage\"},\"thumbnailUrl\":\"https:\/\/www.cubodeideas.com\/blog\/wp-content\/uploads\/2024\/02\/the-labour-code-3520806_1280.jpg\",\"keywords\":[\"gesti\u00f3n del talento humano en PYMEs\",\"recursos humanos pyme\"],\"articleSection\":[\"Negocios\"],\"inLanguage\":\"es\",\"potentialAction\":[{\"@type\":\"CommentAction\",\"name\":\"Comment\",\"target\":[\"https:\/\/www.cubodeideas.com\/blog\/negocios\/gestion-del-talento-humano-en-pymes-como-aumentar-productividad-y-retencion\/#respond\"]}]},{\"@type\":\"WebPage\",\"@id\":\"https:\/\/www.cubodeideas.com\/blog\/negocios\/gestion-del-talento-humano-en-pymes-como-aumentar-productividad-y-retencion\/\",\"url\":\"https:\/\/www.cubodeideas.com\/blog\/negocios\/gestion-del-talento-humano-en-pymes-como-aumentar-productividad-y-retencion\/\",\"name\":\"Gesti\u00f3n del talento humano en PYMEs: c\u00f3mo aumentar productividad y retenci\u00f3n -\",\"isPartOf\":{\"@id\":\"https:\/\/www.cubodeideas.com\/blog\/#website\"},\"primaryImageOfPage\":{\"@id\":\"https:\/\/www.cubodeideas.com\/blog\/negocios\/gestion-del-talento-humano-en-pymes-como-aumentar-productividad-y-retencion\/#primaryimage\"},\"image\":{\"@id\":\"https:\/\/www.cubodeideas.com\/blog\/negocios\/gestion-del-talento-humano-en-pymes-como-aumentar-productividad-y-retencion\/#primaryimage\"},\"thumbnailUrl\":\"https:\/\/www.cubodeideas.com\/blog\/wp-content\/uploads\/2024\/02\/the-labour-code-3520806_1280.jpg\",\"datePublished\":\"2025-09-23T04:05:34+00:00\",\"description\":\"Descubre c\u00f3mo implementar una gesti\u00f3n del talento humano en PYMEs mexicanas. Aumenta productividad, reduce rotaci\u00f3n y motiva a tu equipo con estrategias pr\u00e1cticas.\",\"breadcrumb\":{\"@id\":\"https:\/\/www.cubodeideas.com\/blog\/negocios\/gestion-del-talento-humano-en-pymes-como-aumentar-productividad-y-retencion\/#breadcrumb\"},\"inLanguage\":\"es\",\"potentialAction\":[{\"@type\":\"ReadAction\",\"target\":[\"https:\/\/www.cubodeideas.com\/blog\/negocios\/gestion-del-talento-humano-en-pymes-como-aumentar-productividad-y-retencion\/\"]}]},{\"@type\":\"ImageObject\",\"inLanguage\":\"es\",\"@id\":\"https:\/\/www.cubodeideas.com\/blog\/negocios\/gestion-del-talento-humano-en-pymes-como-aumentar-productividad-y-retencion\/#primaryimage\",\"url\":\"https:\/\/www.cubodeideas.com\/blog\/wp-content\/uploads\/2024\/02\/the-labour-code-3520806_1280.jpg\",\"contentUrl\":\"https:\/\/www.cubodeideas.com\/blog\/wp-content\/uploads\/2024\/02\/the-labour-code-3520806_1280.jpg\",\"width\":1280,\"height\":721,\"caption\":\"gesti\u00f3n del talento humano en PYMEs\"},{\"@type\":\"BreadcrumbList\",\"@id\":\"https:\/\/www.cubodeideas.com\/blog\/negocios\/gestion-del-talento-humano-en-pymes-como-aumentar-productividad-y-retencion\/#breadcrumb\",\"itemListElement\":[{\"@type\":\"ListItem\",\"position\":1,\"name\":\"Portada\",\"item\":\"https:\/\/www.cubodeideas.com\/blog\/\"},{\"@type\":\"ListItem\",\"position\":2,\"name\":\"Gesti\u00f3n del talento humano en PYMEs: c\u00f3mo aumentar productividad y retenci\u00f3n\"}]},{\"@type\":\"WebSite\",\"@id\":\"https:\/\/www.cubodeideas.com\/blog\/#website\",\"url\":\"https:\/\/www.cubodeideas.com\/blog\/\",\"name\":\"Cubo de Ideas\",\"description\":\"Cubo de Ideas, El Blog\",\"publisher\":{\"@id\":\"https:\/\/www.cubodeideas.com\/blog\/#organization\"},\"potentialAction\":[{\"@type\":\"SearchAction\",\"target\":{\"@type\":\"EntryPoint\",\"urlTemplate\":\"https:\/\/www.cubodeideas.com\/blog\/?s={search_term_string}\"},\"query-input\":{\"@type\":\"PropertyValueSpecification\",\"valueRequired\":true,\"valueName\":\"search_term_string\"}}],\"inLanguage\":\"es\"},{\"@type\":\"Organization\",\"@id\":\"https:\/\/www.cubodeideas.com\/blog\/#organization\",\"name\":\"Cubo de Ideas\",\"url\":\"https:\/\/www.cubodeideas.com\/blog\/\",\"logo\":{\"@type\":\"ImageObject\",\"inLanguage\":\"es\",\"@id\":\"https:\/\/www.cubodeideas.com\/blog\/#\/schema\/logo\/image\/\",\"url\":\"https:\/\/www.cubodeideas.com\/blog\/wp-content\/uploads\/2021\/10\/android-icon-72x72-1.png\",\"contentUrl\":\"https:\/\/www.cubodeideas.com\/blog\/wp-content\/uploads\/2021\/10\/android-icon-72x72-1.png\",\"width\":72,\"height\":72,\"caption\":\"Cubo de Ideas\"},\"image\":{\"@id\":\"https:\/\/www.cubodeideas.com\/blog\/#\/schema\/logo\/image\/\"},\"sameAs\":[\"https:\/\/www.facebook.com\/somoscubodeideas\",\"https:\/\/x.com\/cubo_ideas\",\"https:\/\/www.instagram.com\/cubodeideas\"]},{\"@type\":\"Person\",\"@id\":\"https:\/\/www.cubodeideas.com\/blog\/#\/schema\/person\/5614e43eb76109017cff51a2c7928211\",\"name\":\"Noel Castro\",\"description\":\"LEM Noel Castro Monta\u00f1o es CEO de Cubo de Ideas, Director de Operaciones para Citosa Textiles. Asesor de nuevos mercados y estrategias digitales para el segmento Retail. Especialista en marketing para autoservicios y puntos de venta. Especialista en sistemas de gesti\u00f3n de la calidad con enfoque a la ISO 9001:2015\",\"sameAs\":[\"https:\/\/www.cubodeideas.com\/blog\"],\"url\":\"https:\/\/www.cubodeideas.com\/blog\/author\/admin\/\"}]}<\/script>\n<!-- \/ Yoast SEO plugin. -->","yoast_head_json":{"title":"Gesti\u00f3n del talento humano en PYMEs: c\u00f3mo aumentar productividad y retenci\u00f3n -","description":"Descubre c\u00f3mo implementar una gesti\u00f3n del talento humano en PYMEs mexicanas. Aumenta productividad, reduce rotaci\u00f3n y motiva a tu equipo con estrategias pr\u00e1cticas.","robots":{"index":"index","follow":"follow","max-snippet":"max-snippet:-1","max-image-preview":"max-image-preview:large","max-video-preview":"max-video-preview:-1"},"canonical":"https:\/\/www.cubodeideas.com\/blog\/negocios\/gestion-del-talento-humano-en-pymes-como-aumentar-productividad-y-retencion\/","og_locale":"es_ES","og_type":"article","og_title":"Gesti\u00f3n del talento humano en PYMEs: c\u00f3mo aumentar productividad y retenci\u00f3n -","og_description":"Descubre c\u00f3mo implementar una gesti\u00f3n del talento humano en PYMEs mexicanas. Aumenta productividad, reduce rotaci\u00f3n y motiva a tu equipo con estrategias pr\u00e1cticas.","og_url":"https:\/\/www.cubodeideas.com\/blog\/negocios\/gestion-del-talento-humano-en-pymes-como-aumentar-productividad-y-retencion\/","article_publisher":"https:\/\/www.facebook.com\/somoscubodeideas","article_published_time":"2025-09-23T04:05:34+00:00","og_image":[{"width":1280,"height":721,"url":"https:\/\/www.cubodeideas.com\/blog\/wp-content\/uploads\/2024\/02\/the-labour-code-3520806_1280.jpg","type":"image\/jpeg"}],"author":"Noel Castro","twitter_card":"summary_large_image","twitter_creator":"@cubo_ideas","twitter_site":"@cubo_ideas","twitter_misc":{"Escrito por":"Noel Castro","Tiempo de lectura":"5 minutos"},"schema":{"@context":"https:\/\/schema.org","@graph":[{"@type":"Article","@id":"https:\/\/www.cubodeideas.com\/blog\/negocios\/gestion-del-talento-humano-en-pymes-como-aumentar-productividad-y-retencion\/#article","isPartOf":{"@id":"https:\/\/www.cubodeideas.com\/blog\/negocios\/gestion-del-talento-humano-en-pymes-como-aumentar-productividad-y-retencion\/"},"author":{"name":"Noel Castro","@id":"https:\/\/www.cubodeideas.com\/blog\/#\/schema\/person\/5614e43eb76109017cff51a2c7928211"},"headline":"Gesti\u00f3n del talento humano en PYMEs: c\u00f3mo aumentar productividad y retenci\u00f3n","datePublished":"2025-09-23T04:05:34+00:00","mainEntityOfPage":{"@id":"https:\/\/www.cubodeideas.com\/blog\/negocios\/gestion-del-talento-humano-en-pymes-como-aumentar-productividad-y-retencion\/"},"wordCount":987,"commentCount":0,"publisher":{"@id":"https:\/\/www.cubodeideas.com\/blog\/#organization"},"image":{"@id":"https:\/\/www.cubodeideas.com\/blog\/negocios\/gestion-del-talento-humano-en-pymes-como-aumentar-productividad-y-retencion\/#primaryimage"},"thumbnailUrl":"https:\/\/www.cubodeideas.com\/blog\/wp-content\/uploads\/2024\/02\/the-labour-code-3520806_1280.jpg","keywords":["gesti\u00f3n del talento humano en PYMEs","recursos humanos pyme"],"articleSection":["Negocios"],"inLanguage":"es","potentialAction":[{"@type":"CommentAction","name":"Comment","target":["https:\/\/www.cubodeideas.com\/blog\/negocios\/gestion-del-talento-humano-en-pymes-como-aumentar-productividad-y-retencion\/#respond"]}]},{"@type":"WebPage","@id":"https:\/\/www.cubodeideas.com\/blog\/negocios\/gestion-del-talento-humano-en-pymes-como-aumentar-productividad-y-retencion\/","url":"https:\/\/www.cubodeideas.com\/blog\/negocios\/gestion-del-talento-humano-en-pymes-como-aumentar-productividad-y-retencion\/","name":"Gesti\u00f3n del talento humano en PYMEs: c\u00f3mo aumentar productividad y retenci\u00f3n -","isPartOf":{"@id":"https:\/\/www.cubodeideas.com\/blog\/#website"},"primaryImageOfPage":{"@id":"https:\/\/www.cubodeideas.com\/blog\/negocios\/gestion-del-talento-humano-en-pymes-como-aumentar-productividad-y-retencion\/#primaryimage"},"image":{"@id":"https:\/\/www.cubodeideas.com\/blog\/negocios\/gestion-del-talento-humano-en-pymes-como-aumentar-productividad-y-retencion\/#primaryimage"},"thumbnailUrl":"https:\/\/www.cubodeideas.com\/blog\/wp-content\/uploads\/2024\/02\/the-labour-code-3520806_1280.jpg","datePublished":"2025-09-23T04:05:34+00:00","description":"Descubre c\u00f3mo implementar una gesti\u00f3n del talento humano en PYMEs mexicanas. Aumenta productividad, reduce rotaci\u00f3n y motiva a tu equipo con estrategias pr\u00e1cticas.","breadcrumb":{"@id":"https:\/\/www.cubodeideas.com\/blog\/negocios\/gestion-del-talento-humano-en-pymes-como-aumentar-productividad-y-retencion\/#breadcrumb"},"inLanguage":"es","potentialAction":[{"@type":"ReadAction","target":["https:\/\/www.cubodeideas.com\/blog\/negocios\/gestion-del-talento-humano-en-pymes-como-aumentar-productividad-y-retencion\/"]}]},{"@type":"ImageObject","inLanguage":"es","@id":"https:\/\/www.cubodeideas.com\/blog\/negocios\/gestion-del-talento-humano-en-pymes-como-aumentar-productividad-y-retencion\/#primaryimage","url":"https:\/\/www.cubodeideas.com\/blog\/wp-content\/uploads\/2024\/02\/the-labour-code-3520806_1280.jpg","contentUrl":"https:\/\/www.cubodeideas.com\/blog\/wp-content\/uploads\/2024\/02\/the-labour-code-3520806_1280.jpg","width":1280,"height":721,"caption":"gesti\u00f3n del talento humano en PYMEs"},{"@type":"BreadcrumbList","@id":"https:\/\/www.cubodeideas.com\/blog\/negocios\/gestion-del-talento-humano-en-pymes-como-aumentar-productividad-y-retencion\/#breadcrumb","itemListElement":[{"@type":"ListItem","position":1,"name":"Portada","item":"https:\/\/www.cubodeideas.com\/blog\/"},{"@type":"ListItem","position":2,"name":"Gesti\u00f3n del talento humano en PYMEs: c\u00f3mo aumentar productividad y retenci\u00f3n"}]},{"@type":"WebSite","@id":"https:\/\/www.cubodeideas.com\/blog\/#website","url":"https:\/\/www.cubodeideas.com\/blog\/","name":"Cubo de Ideas","description":"Cubo de Ideas, El Blog","publisher":{"@id":"https:\/\/www.cubodeideas.com\/blog\/#organization"},"potentialAction":[{"@type":"SearchAction","target":{"@type":"EntryPoint","urlTemplate":"https:\/\/www.cubodeideas.com\/blog\/?s={search_term_string}"},"query-input":{"@type":"PropertyValueSpecification","valueRequired":true,"valueName":"search_term_string"}}],"inLanguage":"es"},{"@type":"Organization","@id":"https:\/\/www.cubodeideas.com\/blog\/#organization","name":"Cubo de Ideas","url":"https:\/\/www.cubodeideas.com\/blog\/","logo":{"@type":"ImageObject","inLanguage":"es","@id":"https:\/\/www.cubodeideas.com\/blog\/#\/schema\/logo\/image\/","url":"https:\/\/www.cubodeideas.com\/blog\/wp-content\/uploads\/2021\/10\/android-icon-72x72-1.png","contentUrl":"https:\/\/www.cubodeideas.com\/blog\/wp-content\/uploads\/2021\/10\/android-icon-72x72-1.png","width":72,"height":72,"caption":"Cubo de Ideas"},"image":{"@id":"https:\/\/www.cubodeideas.com\/blog\/#\/schema\/logo\/image\/"},"sameAs":["https:\/\/www.facebook.com\/somoscubodeideas","https:\/\/x.com\/cubo_ideas","https:\/\/www.instagram.com\/cubodeideas"]},{"@type":"Person","@id":"https:\/\/www.cubodeideas.com\/blog\/#\/schema\/person\/5614e43eb76109017cff51a2c7928211","name":"Noel Castro","description":"LEM Noel Castro Monta\u00f1o es CEO de Cubo de Ideas, Director de Operaciones para Citosa Textiles. Asesor de nuevos mercados y estrategias digitales para el segmento Retail. Especialista en marketing para autoservicios y puntos de venta. Especialista en sistemas de gesti\u00f3n de la calidad con enfoque a la ISO 9001:2015","sameAs":["https:\/\/www.cubodeideas.com\/blog"],"url":"https:\/\/www.cubodeideas.com\/blog\/author\/admin\/"}]}},"jetpack_publicize_connections":[],"_links":{"self":[{"href":"https:\/\/www.cubodeideas.com\/blog\/wp-json\/wp\/v2\/posts\/2770","targetHints":{"allow":["GET"]}}],"collection":[{"href":"https:\/\/www.cubodeideas.com\/blog\/wp-json\/wp\/v2\/posts"}],"about":[{"href":"https:\/\/www.cubodeideas.com\/blog\/wp-json\/wp\/v2\/types\/post"}],"author":[{"embeddable":true,"href":"https:\/\/www.cubodeideas.com\/blog\/wp-json\/wp\/v2\/users\/1"}],"replies":[{"embeddable":true,"href":"https:\/\/www.cubodeideas.com\/blog\/wp-json\/wp\/v2\/comments?post=2770"}],"version-history":[{"count":1,"href":"https:\/\/www.cubodeideas.com\/blog\/wp-json\/wp\/v2\/posts\/2770\/revisions"}],"predecessor-version":[{"id":2771,"href":"https:\/\/www.cubodeideas.com\/blog\/wp-json\/wp\/v2\/posts\/2770\/revisions\/2771"}],"wp:featuredmedia":[{"embeddable":true,"href":"https:\/\/www.cubodeideas.com\/blog\/wp-json\/wp\/v2\/media\/1384"}],"wp:attachment":[{"href":"https:\/\/www.cubodeideas.com\/blog\/wp-json\/wp\/v2\/media?parent=2770"}],"wp:term":[{"taxonomy":"category","embeddable":true,"href":"https:\/\/www.cubodeideas.com\/blog\/wp-json\/wp\/v2\/categories?post=2770"},{"taxonomy":"post_tag","embeddable":true,"href":"https:\/\/www.cubodeideas.com\/blog\/wp-json\/wp\/v2\/tags?post=2770"}],"curies":[{"name":"wp","href":"https:\/\/api.w.org\/{rel}","templated":true}]}}