{"id":2619,"date":"2025-08-20T02:15:32","date_gmt":"2025-08-20T02:15:32","guid":{"rendered":"https:\/\/www.cubodeideas.com\/blog\/?p=2619"},"modified":"2025-08-20T02:15:32","modified_gmt":"2025-08-20T02:15:32","slug":"capacitacion-en-iso-9001-antes-de-una-auditoria","status":"publish","type":"post","link":"https:\/\/www.cubodeideas.com\/blog\/uncategorized\/capacitacion-en-iso-9001-antes-de-una-auditoria\/","title":{"rendered":"Capacitaci\u00f3n en ISO 9001: antes de una auditor\u00eda"},"content":{"rendered":"<p data-start=\"379\" data-end=\"680\">Uno de los puntos cr\u00edticos para garantizar el \u00e9xito de una auditor\u00eda de certificaci\u00f3n es la <strong data-start=\"471\" data-end=\"499\">capacitaci\u00f3n en ISO 9001<\/strong>. No basta con que los procesos est\u00e9n documentados; los <strong data-start=\"555\" data-end=\"572\">colaboradores<\/strong> deben conocer, comprender y aplicar los requisitos del <strong data-start=\"628\" data-end=\"661\">sistema de gesti\u00f3n de calidad<\/strong> en su d\u00eda a d\u00eda.<\/p>\n<p data-start=\"682\" data-end=\"899\">En este art\u00edculo explicaremos cu\u00e1les son los temas m\u00ednimos que un empleado debe dominar, c\u00f3mo estructurar un plan de capacitaci\u00f3n y qu\u00e9 beneficios aporta a la organizaci\u00f3n antes de enfrentarse a una auditor\u00eda externa.<\/p>\n<h2 data-start=\"906\" data-end=\"960\">\u00bfPor qu\u00e9 es importante la capacitaci\u00f3n en ISO 9001?<\/h2>\n<p data-start=\"962\" data-end=\"1241\">La <strong data-start=\"965\" data-end=\"982\">ISO 9001:2015<\/strong> establece en su punto 7.2 que las organizaciones deben asegurarse de que las personas que realicen trabajos que afecten la calidad sean competentes, con base en la educaci\u00f3n, formaci\u00f3n y experiencia.<br data-start=\"1182\" data-end=\"1185\" \/>Esto significa que, si el personal no est\u00e1 capacitado:<\/p>\n<ul data-start=\"1243\" data-end=\"1428\">\n<li data-start=\"1243\" data-end=\"1295\">\n<p data-start=\"1245\" data-end=\"1295\">Se incrementa el riesgo de <strong data-start=\"1272\" data-end=\"1292\">no conformidades<\/strong>.<\/p>\n<\/li>\n<li data-start=\"1296\" data-end=\"1363\">\n<p data-start=\"1298\" data-end=\"1363\">Se debilita la confianza del auditor en la madurez del sistema.<\/p>\n<\/li>\n<li data-start=\"1364\" data-end=\"1428\">\n<p data-start=\"1366\" data-end=\"1428\">Se compromete la mejora continua y los objetivos de calidad.<\/p>\n<\/li>\n<\/ul>\n<p data-start=\"1430\" data-end=\"1649\">Una <strong data-start=\"1434\" data-end=\"1471\">capacitaci\u00f3n en ISO 9001 efectiva<\/strong> transforma a los colaboradores en embajadores del sistema, capaces de responder con seguridad durante una auditor\u00eda y aplicar las pr\u00e1cticas correctas en sus actividades diarias.<\/p>\n<h2 data-start=\"1656\" data-end=\"1707\">Contenidos clave de una capacitaci\u00f3n en ISO 9001<\/h2>\n<p data-start=\"1709\" data-end=\"1838\">La capacitaci\u00f3n no debe limitarse a una explicaci\u00f3n superficial de la norma. Debe cubrir de manera t\u00e9cnica los siguientes puntos:<\/p>\n<h3 data-start=\"1840\" data-end=\"1892\">Contexto de la organizaci\u00f3n y partes interesadas<\/h3>\n<p data-start=\"1894\" data-end=\"2177\">Los empleados deben entender qu\u00e9 factores internos y externos afectan a la organizaci\u00f3n y qui\u00e9nes son las <strong data-start=\"2000\" data-end=\"2022\">partes interesadas<\/strong> clave (clientes, proveedores, reguladores, accionistas). Este conocimiento es esencial para comprender el <strong data-start=\"2129\" data-end=\"2174\">alcance del sistema de gesti\u00f3n de calidad<\/strong>.<\/p>\n<h3 data-start=\"2179\" data-end=\"2214\">Pol\u00edtica y objetivos de calidad<\/h3>\n<p data-start=\"2216\" data-end=\"2461\">Todo colaborador debe conocer la <strong data-start=\"2249\" data-end=\"2272\">pol\u00edtica de calidad<\/strong>, sus compromisos y c\u00f3mo se relaciona con los <strong data-start=\"2318\" data-end=\"2340\">objetivos medibles<\/strong> de la empresa. Durante una auditor\u00eda, es com\u00fan que el auditor pregunte directamente si el personal conoce la pol\u00edtica.<\/p>\n<h3 data-start=\"2463\" data-end=\"2485\">Enfoque a procesos<\/h3>\n<p data-start=\"2487\" data-end=\"2673\">Cada trabajador debe saber c\u00f3mo su actividad encaja en la <strong data-start=\"2545\" data-end=\"2576\">matriz de procesos ISO 9001<\/strong>, entendiendo entradas, salidas y c\u00f3mo su rol impacta la calidad final del producto o servicio.<\/p>\n<h3 data-start=\"2675\" data-end=\"2709\">Control documental y registros<\/h3>\n<p data-start=\"2711\" data-end=\"2931\">Los colaboradores deben ser capaces de identificar d\u00f3nde encontrar la informaci\u00f3n documentada que necesitan, c\u00f3mo se actualizan los documentos y c\u00f3mo se generan los registros que evidencian el cumplimiento de procesos.<\/p>\n<h3 data-start=\"2933\" data-end=\"2971\">Acciones frente a no conformidades<\/h3>\n<p data-start=\"2973\" data-end=\"3131\">Es clave que el personal sepa c\u00f3mo reportar desviaciones, c\u00f3mo levantar un registro de <strong data-start=\"3060\" data-end=\"3084\">acciones correctivas<\/strong> y cu\u00e1l es el flujo para resolver incidentes.<\/p>\n<h3 data-start=\"3133\" data-end=\"3164\">Preparaci\u00f3n para auditor\u00edas<\/h3>\n<p data-start=\"3166\" data-end=\"3328\">Finalmente, los trabajadores deben recibir un m\u00f3dulo espec\u00edfico sobre <strong data-start=\"3236\" data-end=\"3277\">c\u00f3mo responder preguntas de auditores<\/strong>, con ejemplos pr\u00e1cticos de situaciones frecuentes.<\/p>\n<h2 data-start=\"3335\" data-end=\"3381\">Plan de capacitaci\u00f3n en ISO 9001 para PYMEs<\/h2>\n<p data-start=\"3383\" data-end=\"3506\">Un plan de capacitaci\u00f3n exitoso debe adaptarse al tama\u00f1o y recursos de la organizaci\u00f3n.<br data-start=\"3470\" data-end=\"3473\" \/>Las mejores pr\u00e1cticas incluyen:<\/p>\n<ol data-start=\"3508\" data-end=\"4073\">\n<li data-start=\"3508\" data-end=\"3598\">\n<p data-start=\"3511\" data-end=\"3598\"><strong data-start=\"3511\" data-end=\"3550\">Diagn\u00f3stico inicial de competencias<\/strong>: evaluar el conocimiento actual del personal.<\/p>\n<\/li>\n<li data-start=\"3599\" data-end=\"3736\">\n<p data-start=\"3602\" data-end=\"3736\"><strong data-start=\"3602\" data-end=\"3633\">Dise\u00f1o de m\u00f3dulos tem\u00e1ticos<\/strong>: crear sesiones breves, enfocadas en los puntos de la norma que m\u00e1s impactan al \u00e1rea del trabajador.<\/p>\n<\/li>\n<li data-start=\"3737\" data-end=\"3816\">\n<p data-start=\"3740\" data-end=\"3816\"><strong data-start=\"3740\" data-end=\"3765\">Capacitaci\u00f3n pr\u00e1ctica<\/strong>: incluir ejercicios de simulaci\u00f3n de auditor\u00edas.<\/p>\n<\/li>\n<li data-start=\"3817\" data-end=\"3942\">\n<p data-start=\"3820\" data-end=\"3942\"><strong data-start=\"3820\" data-end=\"3847\">Evidencias documentadas<\/strong>: mantener registros de asistencia, evaluaciones y materiales como soporte para la auditor\u00eda.<\/p>\n<\/li>\n<li data-start=\"3943\" data-end=\"4073\">\n<p data-start=\"3946\" data-end=\"4073\"><strong data-start=\"3946\" data-end=\"3973\">Reforzamiento peri\u00f3dico<\/strong>: actualizar la capacitaci\u00f3n cuando haya cambios en procesos, normativas o requisitos de clientes.<\/p>\n<\/li>\n<\/ol>\n<h2 data-start=\"4080\" data-end=\"4137\">Preguntas frecuentes sobre la capacitaci\u00f3n en ISO 9001<\/h2>\n<h3 data-start=\"4139\" data-end=\"4212\">\u00bfLa capacitaci\u00f3n en ISO 9001 debe ser presencial o puede ser virtual?<\/h3>\n<p data-start=\"4213\" data-end=\"4352\">Puede ser h\u00edbrida. Lo importante es que se generen <strong data-start=\"4264\" data-end=\"4293\">evidencias de aprendizaje<\/strong>: listas de asistencia, evaluaciones y retroalimentaci\u00f3n.<\/p>\n<h3 data-start=\"4354\" data-end=\"4407\">\u00bfCon qu\u00e9 frecuencia debe capacitarse al personal?<\/h3>\n<p data-start=\"4408\" data-end=\"4535\">Se recomienda al menos una vez al a\u00f1o, y de manera adicional cuando ocurran cambios relevantes en los procesos o en la norma.<\/p>\n<h3 data-start=\"4537\" data-end=\"4592\">\u00bfQu\u00e9 pasa si un colaborador no recibe capacitaci\u00f3n?<\/h3>\n<p data-start=\"4593\" data-end=\"4733\">La organizaci\u00f3n se arriesga a recibir no conformidades durante la auditor\u00eda y a debilitar la eficacia de su sistema de gesti\u00f3n de calidad.<\/p>\n<h2 data-start=\"4740\" data-end=\"4783\">Errores comunes al capacitar en ISO 9001<\/h2>\n<ol data-start=\"4785\" data-end=\"5077\">\n<li data-start=\"4785\" data-end=\"4887\">\n<p data-start=\"4788\" data-end=\"4887\">Limitar la capacitaci\u00f3n \u00fanicamente al \u00e1rea de calidad, dejando fuera al resto de la organizaci\u00f3n.<\/p>\n<\/li>\n<li data-start=\"4888\" data-end=\"4958\">\n<p data-start=\"4891\" data-end=\"4958\">Enfocarse demasiado en teor\u00eda sin vincularla con casos pr\u00e1cticos.<\/p>\n<\/li>\n<li data-start=\"4959\" data-end=\"5016\">\n<p data-start=\"4962\" data-end=\"5016\">No mantener evidencia documental de la capacitaci\u00f3n.<\/p>\n<\/li>\n<li data-start=\"5017\" data-end=\"5077\">\n<p data-start=\"5020\" data-end=\"5077\">No preparar al personal para interactuar con auditores.<\/p>\n<\/li>\n<\/ol>\n<p data-start=\"5079\" data-end=\"5200\">Evitar estos errores asegura que la capacitaci\u00f3n sea percibida como un valor agregado y no como un requisito burocr\u00e1tico.<\/p>\n<h2 data-start=\"5207\" data-end=\"5258\">Beneficios de una capacitaci\u00f3n bien estructurada<\/h2>\n<p data-start=\"5260\" data-end=\"5366\">Cuando la <strong data-start=\"5270\" data-end=\"5298\">capacitaci\u00f3n en ISO 9001<\/strong> est\u00e1 bien dise\u00f1ada, la organizaci\u00f3n obtiene beneficios tangibles:<\/p>\n<ul data-start=\"5368\" data-end=\"5649\">\n<li data-start=\"5368\" data-end=\"5446\">\n<p data-start=\"5370\" data-end=\"5446\"><strong data-start=\"5370\" data-end=\"5409\">Mayor confianza del auditor externo<\/strong>, lo que facilita la certificaci\u00f3n.<\/p>\n<\/li>\n<li data-start=\"5447\" data-end=\"5499\">\n<p data-start=\"5449\" data-end=\"5499\"><strong data-start=\"5449\" data-end=\"5473\">Reducci\u00f3n de errores<\/strong> en procesos operativos.<\/p>\n<\/li>\n<li data-start=\"5500\" data-end=\"5562\">\n<p data-start=\"5502\" data-end=\"5562\"><strong data-start=\"5502\" data-end=\"5544\">Incremento del compromiso del personal<\/strong> con la calidad.<\/p>\n<\/li>\n<li data-start=\"5563\" data-end=\"5649\">\n<p data-start=\"5565\" data-end=\"5649\"><strong data-start=\"5565\" data-end=\"5586\">Mejor integraci\u00f3n<\/strong> de los objetivos de calidad con la estrategia de la empresa.<\/p>\n<\/li>\n<\/ul>\n<p data-start=\"5671\" data-end=\"6121\">La <strong data-start=\"5674\" data-end=\"5702\">capacitaci\u00f3n en ISO 9001<\/strong> no es un tr\u00e1mite, sino una herramienta estrat\u00e9gica que fortalece la competencia de los colaboradores y garantiza la efectividad del sistema de gesti\u00f3n de calidad.<br data-start=\"5865\" data-end=\"5868\" \/>Un personal bien capacitado es capaz de sostener la certificaci\u00f3n, mejorar continuamente y proyectar confianza frente a clientes y auditores.<br data-start=\"6009\" data-end=\"6012\" \/>Invertir en formaci\u00f3n es, en definitiva, invertir en la sostenibilidad y competitividad de la organizaci\u00f3n.<\/p>\n<div class=\"pvc_clear\"><\/div>\n<p id=\"pvc_stats_2619\" class=\"pvc_stats all  \" data-element-id=\"2619\" style=\"\"><i class=\"pvc-stats-icon medium\" aria-hidden=\"true\"><svg aria-hidden=\"true\" focusable=\"false\" data-prefix=\"far\" data-icon=\"chart-bar\" role=\"img\" xmlns=\"http:\/\/www.w3.org\/2000\/svg\" viewBox=\"0 0 512 512\" class=\"svg-inline--fa fa-chart-bar fa-w-16 fa-2x\"><path fill=\"currentColor\" d=\"M396.8 352h22.4c6.4 0 12.8-6.4 12.8-12.8V108.8c0-6.4-6.4-12.8-12.8-12.8h-22.4c-6.4 0-12.8 6.4-12.8 12.8v230.4c0 6.4 6.4 12.8 12.8 12.8zm-192 0h22.4c6.4 0 12.8-6.4 12.8-12.8V140.8c0-6.4-6.4-12.8-12.8-12.8h-22.4c-6.4 0-12.8 6.4-12.8 12.8v198.4c0 6.4 6.4 12.8 12.8 12.8zm96 0h22.4c6.4 0 12.8-6.4 12.8-12.8V204.8c0-6.4-6.4-12.8-12.8-12.8h-22.4c-6.4 0-12.8 6.4-12.8 12.8v134.4c0 6.4 6.4 12.8 12.8 12.8zM496 400H48V80c0-8.84-7.16-16-16-16H16C7.16 64 0 71.16 0 80v336c0 17.67 14.33 32 32 32h464c8.84 0 16-7.16 16-16v-16c0-8.84-7.16-16-16-16zm-387.2-48h22.4c6.4 0 12.8-6.4 12.8-12.8v-70.4c0-6.4-6.4-12.8-12.8-12.8h-22.4c-6.4 0-12.8 6.4-12.8 12.8v70.4c0 6.4 6.4 12.8 12.8 12.8z\" class=\"\"><\/path><\/svg><\/i> <img loading=\"lazy\" decoding=\"async\" width=\"16\" height=\"16\" alt=\"Loading\" src=\"https:\/\/www.cubodeideas.com\/blog\/wp-content\/plugins\/page-views-count\/ajax-loader-2x.gif\" border=0 \/><\/p>\n<div class=\"pvc_clear\"><\/div>\n","protected":false},"excerpt":{"rendered":"<p>Uno de los puntos cr\u00edticos para garantizar el \u00e9xito de una auditor\u00eda de certificaci\u00f3n es la capacitaci\u00f3n en ISO 9001. No basta con que los procesos est\u00e9n documentados; los colaboradores deben conocer, comprender y aplicar los requisitos del sistema de gesti\u00f3n de calidad en su d\u00eda a d\u00eda. En este art\u00edculo explicaremos cu\u00e1les son los [&hellip;]<\/p>\n<div class=\"pvc_clear\"><\/div>\n<p id=\"pvc_stats_2619\" class=\"pvc_stats all  \" data-element-id=\"2619\" style=\"\"><i class=\"pvc-stats-icon medium\" aria-hidden=\"true\"><svg aria-hidden=\"true\" focusable=\"false\" data-prefix=\"far\" data-icon=\"chart-bar\" role=\"img\" xmlns=\"http:\/\/www.w3.org\/2000\/svg\" viewBox=\"0 0 512 512\" class=\"svg-inline--fa fa-chart-bar fa-w-16 fa-2x\"><path fill=\"currentColor\" d=\"M396.8 352h22.4c6.4 0 12.8-6.4 12.8-12.8V108.8c0-6.4-6.4-12.8-12.8-12.8h-22.4c-6.4 0-12.8 6.4-12.8 12.8v230.4c0 6.4 6.4 12.8 12.8 12.8zm-192 0h22.4c6.4 0 12.8-6.4 12.8-12.8V140.8c0-6.4-6.4-12.8-12.8-12.8h-22.4c-6.4 0-12.8 6.4-12.8 12.8v198.4c0 6.4 6.4 12.8 12.8 12.8zm96 0h22.4c6.4 0 12.8-6.4 12.8-12.8V204.8c0-6.4-6.4-12.8-12.8-12.8h-22.4c-6.4 0-12.8 6.4-12.8 12.8v134.4c0 6.4 6.4 12.8 12.8 12.8zM496 400H48V80c0-8.84-7.16-16-16-16H16C7.16 64 0 71.16 0 80v336c0 17.67 14.33 32 32 32h464c8.84 0 16-7.16 16-16v-16c0-8.84-7.16-16-16-16zm-387.2-48h22.4c6.4 0 12.8-6.4 12.8-12.8v-70.4c0-6.4-6.4-12.8-12.8-12.8h-22.4c-6.4 0-12.8 6.4-12.8 12.8v70.4c0 6.4 6.4 12.8 12.8 12.8z\" class=\"\"><\/path><\/svg><\/i> <img loading=\"lazy\" decoding=\"async\" width=\"16\" height=\"16\" alt=\"Loading\" src=\"https:\/\/www.cubodeideas.com\/blog\/wp-content\/plugins\/page-views-count\/ajax-loader-2x.gif\" border=0 \/><\/p>\n<div class=\"pvc_clear\"><\/div>\n","protected":false},"author":1,"featured_media":2620,"comment_status":"open","ping_status":"closed","sticky":false,"template":"","format":"standard","meta":{"footnotes":"","jetpack_publicize_message":"","jetpack_publicize_feature_enabled":true,"jetpack_social_post_already_shared":false,"jetpack_social_options":{"image_generator_settings":{"template":"highway","default_image_id":0,"font":"","enabled":false},"version":2}},"categories":[1],"tags":[151,333],"class_list":["post-2619","post","type-post","status-publish","format-standard","has-post-thumbnail","hentry","category-uncategorized","tag-capacitacion","tag-iso-9001"],"blocksy_meta":[],"yoast_head":"<!-- This site is optimized with the Yoast SEO plugin v27.0 - https:\/\/yoast.com\/product\/yoast-seo-wordpress\/ -->\n<title>Capacitaci\u00f3n en ISO 9001: antes de una auditor\u00eda -<\/title>\n<meta name=\"description\" content=\"Descubre qu\u00e9 incluye la capacitaci\u00f3n en ISO 9001 y c\u00f3mo preparar a tus colaboradores para enfrentar con \u00e9xito una auditor\u00eda externa.\" \/>\n<meta name=\"robots\" content=\"index, follow, max-snippet:-1, max-image-preview:large, max-video-preview:-1\" \/>\n<link rel=\"canonical\" href=\"https:\/\/www.cubodeideas.com\/blog\/uncategorized\/capacitacion-en-iso-9001-antes-de-una-auditoria\/\" \/>\n<meta property=\"og:locale\" content=\"es_ES\" \/>\n<meta property=\"og:type\" content=\"article\" \/>\n<meta property=\"og:title\" content=\"Capacitaci\u00f3n en ISO 9001: antes de una auditor\u00eda -\" \/>\n<meta property=\"og:description\" content=\"Descubre qu\u00e9 incluye la capacitaci\u00f3n en ISO 9001 y c\u00f3mo preparar a tus colaboradores para enfrentar con \u00e9xito una auditor\u00eda externa.\" \/>\n<meta property=\"og:url\" content=\"https:\/\/www.cubodeideas.com\/blog\/uncategorized\/capacitacion-en-iso-9001-antes-de-una-auditoria\/\" \/>\n<meta property=\"article:publisher\" content=\"https:\/\/www.facebook.com\/somoscubodeideas\" \/>\n<meta property=\"article:published_time\" content=\"2025-08-20T02:15:32+00:00\" \/>\n<meta property=\"og:image\" content=\"https:\/\/www.cubodeideas.com\/blog\/wp-content\/uploads\/2025\/08\/portada-malamen192.png\" \/>\n\t<meta property=\"og:image:width\" content=\"1640\" \/>\n\t<meta property=\"og:image:height\" content=\"924\" \/>\n\t<meta property=\"og:image:type\" content=\"image\/png\" \/>\n<meta name=\"author\" content=\"Noel Castro\" \/>\n<meta name=\"twitter:card\" content=\"summary_large_image\" \/>\n<meta name=\"twitter:creator\" content=\"@cubo_ideas\" \/>\n<meta name=\"twitter:site\" content=\"@cubo_ideas\" \/>\n<meta name=\"twitter:label1\" content=\"Escrito por\" \/>\n\t<meta name=\"twitter:data1\" content=\"Noel Castro\" \/>\n\t<meta name=\"twitter:label2\" content=\"Tiempo de lectura\" \/>\n\t<meta name=\"twitter:data2\" content=\"4 minutos\" \/>\n<script type=\"application\/ld+json\" class=\"yoast-schema-graph\">{\"@context\":\"https:\/\/schema.org\",\"@graph\":[{\"@type\":\"Article\",\"@id\":\"https:\/\/www.cubodeideas.com\/blog\/uncategorized\/capacitacion-en-iso-9001-antes-de-una-auditoria\/#article\",\"isPartOf\":{\"@id\":\"https:\/\/www.cubodeideas.com\/blog\/uncategorized\/capacitacion-en-iso-9001-antes-de-una-auditoria\/\"},\"author\":{\"name\":\"Noel Castro\",\"@id\":\"https:\/\/www.cubodeideas.com\/blog\/#\/schema\/person\/5614e43eb76109017cff51a2c7928211\"},\"headline\":\"Capacitaci\u00f3n en ISO 9001: antes de una auditor\u00eda\",\"datePublished\":\"2025-08-20T02:15:32+00:00\",\"mainEntityOfPage\":{\"@id\":\"https:\/\/www.cubodeideas.com\/blog\/uncategorized\/capacitacion-en-iso-9001-antes-de-una-auditoria\/\"},\"wordCount\":901,\"commentCount\":0,\"publisher\":{\"@id\":\"https:\/\/www.cubodeideas.com\/blog\/#organization\"},\"image\":{\"@id\":\"https:\/\/www.cubodeideas.com\/blog\/uncategorized\/capacitacion-en-iso-9001-antes-de-una-auditoria\/#primaryimage\"},\"thumbnailUrl\":\"https:\/\/www.cubodeideas.com\/blog\/wp-content\/uploads\/2025\/08\/portada-malamen192.png\",\"keywords\":[\"capacitaci\u00f3n\",\"ISO 9001\"],\"articleSection\":[\"Uncategorized\"],\"inLanguage\":\"es\",\"potentialAction\":[{\"@type\":\"CommentAction\",\"name\":\"Comment\",\"target\":[\"https:\/\/www.cubodeideas.com\/blog\/uncategorized\/capacitacion-en-iso-9001-antes-de-una-auditoria\/#respond\"]}]},{\"@type\":\"WebPage\",\"@id\":\"https:\/\/www.cubodeideas.com\/blog\/uncategorized\/capacitacion-en-iso-9001-antes-de-una-auditoria\/\",\"url\":\"https:\/\/www.cubodeideas.com\/blog\/uncategorized\/capacitacion-en-iso-9001-antes-de-una-auditoria\/\",\"name\":\"Capacitaci\u00f3n en ISO 9001: antes de una auditor\u00eda -\",\"isPartOf\":{\"@id\":\"https:\/\/www.cubodeideas.com\/blog\/#website\"},\"primaryImageOfPage\":{\"@id\":\"https:\/\/www.cubodeideas.com\/blog\/uncategorized\/capacitacion-en-iso-9001-antes-de-una-auditoria\/#primaryimage\"},\"image\":{\"@id\":\"https:\/\/www.cubodeideas.com\/blog\/uncategorized\/capacitacion-en-iso-9001-antes-de-una-auditoria\/#primaryimage\"},\"thumbnailUrl\":\"https:\/\/www.cubodeideas.com\/blog\/wp-content\/uploads\/2025\/08\/portada-malamen192.png\",\"datePublished\":\"2025-08-20T02:15:32+00:00\",\"description\":\"Descubre qu\u00e9 incluye la capacitaci\u00f3n en ISO 9001 y c\u00f3mo preparar a tus colaboradores para enfrentar con \u00e9xito una auditor\u00eda externa.\",\"breadcrumb\":{\"@id\":\"https:\/\/www.cubodeideas.com\/blog\/uncategorized\/capacitacion-en-iso-9001-antes-de-una-auditoria\/#breadcrumb\"},\"inLanguage\":\"es\",\"potentialAction\":[{\"@type\":\"ReadAction\",\"target\":[\"https:\/\/www.cubodeideas.com\/blog\/uncategorized\/capacitacion-en-iso-9001-antes-de-una-auditoria\/\"]}]},{\"@type\":\"ImageObject\",\"inLanguage\":\"es\",\"@id\":\"https:\/\/www.cubodeideas.com\/blog\/uncategorized\/capacitacion-en-iso-9001-antes-de-una-auditoria\/#primaryimage\",\"url\":\"https:\/\/www.cubodeideas.com\/blog\/wp-content\/uploads\/2025\/08\/portada-malamen192.png\",\"contentUrl\":\"https:\/\/www.cubodeideas.com\/blog\/wp-content\/uploads\/2025\/08\/portada-malamen192.png\",\"width\":1640,\"height\":924,\"caption\":\"gesti\u00f3n de la capacitaci\u00f3n en PYMEs\"},{\"@type\":\"BreadcrumbList\",\"@id\":\"https:\/\/www.cubodeideas.com\/blog\/uncategorized\/capacitacion-en-iso-9001-antes-de-una-auditoria\/#breadcrumb\",\"itemListElement\":[{\"@type\":\"ListItem\",\"position\":1,\"name\":\"Portada\",\"item\":\"https:\/\/www.cubodeideas.com\/blog\/\"},{\"@type\":\"ListItem\",\"position\":2,\"name\":\"Capacitaci\u00f3n en ISO 9001: antes de una auditor\u00eda\"}]},{\"@type\":\"WebSite\",\"@id\":\"https:\/\/www.cubodeideas.com\/blog\/#website\",\"url\":\"https:\/\/www.cubodeideas.com\/blog\/\",\"name\":\"Cubo de Ideas\",\"description\":\"Cubo de Ideas, El Blog\",\"publisher\":{\"@id\":\"https:\/\/www.cubodeideas.com\/blog\/#organization\"},\"potentialAction\":[{\"@type\":\"SearchAction\",\"target\":{\"@type\":\"EntryPoint\",\"urlTemplate\":\"https:\/\/www.cubodeideas.com\/blog\/?s={search_term_string}\"},\"query-input\":{\"@type\":\"PropertyValueSpecification\",\"valueRequired\":true,\"valueName\":\"search_term_string\"}}],\"inLanguage\":\"es\"},{\"@type\":\"Organization\",\"@id\":\"https:\/\/www.cubodeideas.com\/blog\/#organization\",\"name\":\"Cubo de Ideas\",\"url\":\"https:\/\/www.cubodeideas.com\/blog\/\",\"logo\":{\"@type\":\"ImageObject\",\"inLanguage\":\"es\",\"@id\":\"https:\/\/www.cubodeideas.com\/blog\/#\/schema\/logo\/image\/\",\"url\":\"https:\/\/www.cubodeideas.com\/blog\/wp-content\/uploads\/2021\/10\/android-icon-72x72-1.png\",\"contentUrl\":\"https:\/\/www.cubodeideas.com\/blog\/wp-content\/uploads\/2021\/10\/android-icon-72x72-1.png\",\"width\":72,\"height\":72,\"caption\":\"Cubo de Ideas\"},\"image\":{\"@id\":\"https:\/\/www.cubodeideas.com\/blog\/#\/schema\/logo\/image\/\"},\"sameAs\":[\"https:\/\/www.facebook.com\/somoscubodeideas\",\"https:\/\/x.com\/cubo_ideas\",\"https:\/\/www.instagram.com\/cubodeideas\"]},{\"@type\":\"Person\",\"@id\":\"https:\/\/www.cubodeideas.com\/blog\/#\/schema\/person\/5614e43eb76109017cff51a2c7928211\",\"name\":\"Noel Castro\",\"description\":\"LEM Noel Castro Monta\u00f1o es CEO de Cubo de Ideas, Director de Operaciones para Citosa Textiles. Asesor de nuevos mercados y estrategias digitales para el segmento Retail. Especialista en marketing para autoservicios y puntos de venta. Especialista en sistemas de gesti\u00f3n de la calidad con enfoque a la ISO 9001:2015\",\"sameAs\":[\"https:\/\/www.cubodeideas.com\/blog\"],\"url\":\"https:\/\/www.cubodeideas.com\/blog\/author\/admin\/\"}]}<\/script>\n<!-- \/ Yoast SEO plugin. -->","yoast_head_json":{"title":"Capacitaci\u00f3n en ISO 9001: antes de una auditor\u00eda -","description":"Descubre qu\u00e9 incluye la capacitaci\u00f3n en ISO 9001 y c\u00f3mo preparar a tus colaboradores para enfrentar con \u00e9xito una auditor\u00eda externa.","robots":{"index":"index","follow":"follow","max-snippet":"max-snippet:-1","max-image-preview":"max-image-preview:large","max-video-preview":"max-video-preview:-1"},"canonical":"https:\/\/www.cubodeideas.com\/blog\/uncategorized\/capacitacion-en-iso-9001-antes-de-una-auditoria\/","og_locale":"es_ES","og_type":"article","og_title":"Capacitaci\u00f3n en ISO 9001: antes de una auditor\u00eda -","og_description":"Descubre qu\u00e9 incluye la capacitaci\u00f3n en ISO 9001 y c\u00f3mo preparar a tus colaboradores para enfrentar con \u00e9xito una auditor\u00eda externa.","og_url":"https:\/\/www.cubodeideas.com\/blog\/uncategorized\/capacitacion-en-iso-9001-antes-de-una-auditoria\/","article_publisher":"https:\/\/www.facebook.com\/somoscubodeideas","article_published_time":"2025-08-20T02:15:32+00:00","og_image":[{"width":1640,"height":924,"url":"https:\/\/www.cubodeideas.com\/blog\/wp-content\/uploads\/2025\/08\/portada-malamen192.png","type":"image\/png"}],"author":"Noel Castro","twitter_card":"summary_large_image","twitter_creator":"@cubo_ideas","twitter_site":"@cubo_ideas","twitter_misc":{"Escrito por":"Noel Castro","Tiempo de lectura":"4 minutos"},"schema":{"@context":"https:\/\/schema.org","@graph":[{"@type":"Article","@id":"https:\/\/www.cubodeideas.com\/blog\/uncategorized\/capacitacion-en-iso-9001-antes-de-una-auditoria\/#article","isPartOf":{"@id":"https:\/\/www.cubodeideas.com\/blog\/uncategorized\/capacitacion-en-iso-9001-antes-de-una-auditoria\/"},"author":{"name":"Noel Castro","@id":"https:\/\/www.cubodeideas.com\/blog\/#\/schema\/person\/5614e43eb76109017cff51a2c7928211"},"headline":"Capacitaci\u00f3n en ISO 9001: antes de una auditor\u00eda","datePublished":"2025-08-20T02:15:32+00:00","mainEntityOfPage":{"@id":"https:\/\/www.cubodeideas.com\/blog\/uncategorized\/capacitacion-en-iso-9001-antes-de-una-auditoria\/"},"wordCount":901,"commentCount":0,"publisher":{"@id":"https:\/\/www.cubodeideas.com\/blog\/#organization"},"image":{"@id":"https:\/\/www.cubodeideas.com\/blog\/uncategorized\/capacitacion-en-iso-9001-antes-de-una-auditoria\/#primaryimage"},"thumbnailUrl":"https:\/\/www.cubodeideas.com\/blog\/wp-content\/uploads\/2025\/08\/portada-malamen192.png","keywords":["capacitaci\u00f3n","ISO 9001"],"articleSection":["Uncategorized"],"inLanguage":"es","potentialAction":[{"@type":"CommentAction","name":"Comment","target":["https:\/\/www.cubodeideas.com\/blog\/uncategorized\/capacitacion-en-iso-9001-antes-de-una-auditoria\/#respond"]}]},{"@type":"WebPage","@id":"https:\/\/www.cubodeideas.com\/blog\/uncategorized\/capacitacion-en-iso-9001-antes-de-una-auditoria\/","url":"https:\/\/www.cubodeideas.com\/blog\/uncategorized\/capacitacion-en-iso-9001-antes-de-una-auditoria\/","name":"Capacitaci\u00f3n en ISO 9001: antes de una auditor\u00eda -","isPartOf":{"@id":"https:\/\/www.cubodeideas.com\/blog\/#website"},"primaryImageOfPage":{"@id":"https:\/\/www.cubodeideas.com\/blog\/uncategorized\/capacitacion-en-iso-9001-antes-de-una-auditoria\/#primaryimage"},"image":{"@id":"https:\/\/www.cubodeideas.com\/blog\/uncategorized\/capacitacion-en-iso-9001-antes-de-una-auditoria\/#primaryimage"},"thumbnailUrl":"https:\/\/www.cubodeideas.com\/blog\/wp-content\/uploads\/2025\/08\/portada-malamen192.png","datePublished":"2025-08-20T02:15:32+00:00","description":"Descubre qu\u00e9 incluye la capacitaci\u00f3n en ISO 9001 y c\u00f3mo preparar a tus colaboradores para enfrentar con \u00e9xito una auditor\u00eda externa.","breadcrumb":{"@id":"https:\/\/www.cubodeideas.com\/blog\/uncategorized\/capacitacion-en-iso-9001-antes-de-una-auditoria\/#breadcrumb"},"inLanguage":"es","potentialAction":[{"@type":"ReadAction","target":["https:\/\/www.cubodeideas.com\/blog\/uncategorized\/capacitacion-en-iso-9001-antes-de-una-auditoria\/"]}]},{"@type":"ImageObject","inLanguage":"es","@id":"https:\/\/www.cubodeideas.com\/blog\/uncategorized\/capacitacion-en-iso-9001-antes-de-una-auditoria\/#primaryimage","url":"https:\/\/www.cubodeideas.com\/blog\/wp-content\/uploads\/2025\/08\/portada-malamen192.png","contentUrl":"https:\/\/www.cubodeideas.com\/blog\/wp-content\/uploads\/2025\/08\/portada-malamen192.png","width":1640,"height":924,"caption":"gesti\u00f3n de la capacitaci\u00f3n en PYMEs"},{"@type":"BreadcrumbList","@id":"https:\/\/www.cubodeideas.com\/blog\/uncategorized\/capacitacion-en-iso-9001-antes-de-una-auditoria\/#breadcrumb","itemListElement":[{"@type":"ListItem","position":1,"name":"Portada","item":"https:\/\/www.cubodeideas.com\/blog\/"},{"@type":"ListItem","position":2,"name":"Capacitaci\u00f3n en ISO 9001: antes de una auditor\u00eda"}]},{"@type":"WebSite","@id":"https:\/\/www.cubodeideas.com\/blog\/#website","url":"https:\/\/www.cubodeideas.com\/blog\/","name":"Cubo de Ideas","description":"Cubo de Ideas, El Blog","publisher":{"@id":"https:\/\/www.cubodeideas.com\/blog\/#organization"},"potentialAction":[{"@type":"SearchAction","target":{"@type":"EntryPoint","urlTemplate":"https:\/\/www.cubodeideas.com\/blog\/?s={search_term_string}"},"query-input":{"@type":"PropertyValueSpecification","valueRequired":true,"valueName":"search_term_string"}}],"inLanguage":"es"},{"@type":"Organization","@id":"https:\/\/www.cubodeideas.com\/blog\/#organization","name":"Cubo de Ideas","url":"https:\/\/www.cubodeideas.com\/blog\/","logo":{"@type":"ImageObject","inLanguage":"es","@id":"https:\/\/www.cubodeideas.com\/blog\/#\/schema\/logo\/image\/","url":"https:\/\/www.cubodeideas.com\/blog\/wp-content\/uploads\/2021\/10\/android-icon-72x72-1.png","contentUrl":"https:\/\/www.cubodeideas.com\/blog\/wp-content\/uploads\/2021\/10\/android-icon-72x72-1.png","width":72,"height":72,"caption":"Cubo de Ideas"},"image":{"@id":"https:\/\/www.cubodeideas.com\/blog\/#\/schema\/logo\/image\/"},"sameAs":["https:\/\/www.facebook.com\/somoscubodeideas","https:\/\/x.com\/cubo_ideas","https:\/\/www.instagram.com\/cubodeideas"]},{"@type":"Person","@id":"https:\/\/www.cubodeideas.com\/blog\/#\/schema\/person\/5614e43eb76109017cff51a2c7928211","name":"Noel Castro","description":"LEM Noel Castro Monta\u00f1o es CEO de Cubo de Ideas, Director de Operaciones para Citosa Textiles. Asesor de nuevos mercados y estrategias digitales para el segmento Retail. Especialista en marketing para autoservicios y puntos de venta. Especialista en sistemas de gesti\u00f3n de la calidad con enfoque a la ISO 9001:2015","sameAs":["https:\/\/www.cubodeideas.com\/blog"],"url":"https:\/\/www.cubodeideas.com\/blog\/author\/admin\/"}]}},"jetpack_publicize_connections":[],"_links":{"self":[{"href":"https:\/\/www.cubodeideas.com\/blog\/wp-json\/wp\/v2\/posts\/2619","targetHints":{"allow":["GET"]}}],"collection":[{"href":"https:\/\/www.cubodeideas.com\/blog\/wp-json\/wp\/v2\/posts"}],"about":[{"href":"https:\/\/www.cubodeideas.com\/blog\/wp-json\/wp\/v2\/types\/post"}],"author":[{"embeddable":true,"href":"https:\/\/www.cubodeideas.com\/blog\/wp-json\/wp\/v2\/users\/1"}],"replies":[{"embeddable":true,"href":"https:\/\/www.cubodeideas.com\/blog\/wp-json\/wp\/v2\/comments?post=2619"}],"version-history":[{"count":1,"href":"https:\/\/www.cubodeideas.com\/blog\/wp-json\/wp\/v2\/posts\/2619\/revisions"}],"predecessor-version":[{"id":2621,"href":"https:\/\/www.cubodeideas.com\/blog\/wp-json\/wp\/v2\/posts\/2619\/revisions\/2621"}],"wp:featuredmedia":[{"embeddable":true,"href":"https:\/\/www.cubodeideas.com\/blog\/wp-json\/wp\/v2\/media\/2620"}],"wp:attachment":[{"href":"https:\/\/www.cubodeideas.com\/blog\/wp-json\/wp\/v2\/media?parent=2619"}],"wp:term":[{"taxonomy":"category","embeddable":true,"href":"https:\/\/www.cubodeideas.com\/blog\/wp-json\/wp\/v2\/categories?post=2619"},{"taxonomy":"post_tag","embeddable":true,"href":"https:\/\/www.cubodeideas.com\/blog\/wp-json\/wp\/v2\/tags?post=2619"}],"curies":[{"name":"wp","href":"https:\/\/api.w.org\/{rel}","templated":true}]}}