{"id":2592,"date":"2025-08-11T02:57:26","date_gmt":"2025-08-11T02:57:26","guid":{"rendered":"https:\/\/www.cubodeideas.com\/blog\/?p=2592"},"modified":"2025-08-11T02:57:26","modified_gmt":"2025-08-11T02:57:26","slug":"proteger-cadena-de-suministro-ante-crisis-internacionales","status":"publish","type":"post","link":"https:\/\/www.cubodeideas.com\/blog\/negocios\/proteger-cadena-de-suministro-ante-crisis-internacionales\/","title":{"rendered":"Proteger cadena de suministro ante crisis internacionales"},"content":{"rendered":"<p data-start=\"283\" data-end=\"679\">En un contexto donde los conflictos geopol\u00edticos, las fluctuaciones del tipo de cambio y las restricciones comerciales se han vuelto frecuentes, las PYMEs enfrentan un reto cr\u00edtico: <strong data-start=\"465\" data-end=\"501\">proteger su cadena de suministro<\/strong> para evitar interrupciones graves en la producci\u00f3n y el cumplimiento de entregas. Un solo eslab\u00f3n vulnerable puede comprometer contratos clave y da\u00f1ar la reputaci\u00f3n empresarial.<\/p>\n<h3 data-start=\"681\" data-end=\"737\">Identificaci\u00f3n de riesgos en la cadena de suministro<\/h3>\n<p data-start=\"738\" data-end=\"961\">El primer paso para proteger la cadena de suministro es realizar un <strong data-start=\"806\" data-end=\"842\">an\u00e1lisis de riesgos estructurado<\/strong> que permita detectar vulnerabilidades antes de que se conviertan en incidentes cr\u00edticos.<br data-start=\"931\" data-end=\"934\" \/>Este an\u00e1lisis debe incluir:<\/p>\n<ul data-start=\"962\" data-end=\"1173\">\n<li data-start=\"962\" data-end=\"1007\">\n<p data-start=\"964\" data-end=\"1007\">Dependencia de un \u00fanico proveedor o regi\u00f3n.<\/p>\n<\/li>\n<li data-start=\"1008\" data-end=\"1043\">\n<p data-start=\"1010\" data-end=\"1043\">Retrasos recurrentes en entregas.<\/p>\n<\/li>\n<li data-start=\"1044\" data-end=\"1111\">\n<p data-start=\"1046\" data-end=\"1111\">Cambios regulatorios o arancelarios que afecten costos y tiempos.<\/p>\n<\/li>\n<li data-start=\"1112\" data-end=\"1173\">\n<p data-start=\"1114\" data-end=\"1173\">Riesgos de transporte y almacenamiento en zonas inestables.<\/p>\n<\/li>\n<\/ul>\n<p data-start=\"1175\" data-end=\"1371\">Utilizar metodolog\u00edas como <strong data-start=\"1202\" data-end=\"1246\">FMEA (Failure Mode and Effects Analysis)<\/strong> o matrices de probabilidad e impacto ayuda a priorizar los riesgos m\u00e1s cr\u00edticos y establecer planes de mitigaci\u00f3n efectivos.<\/p>\n<h3 data-start=\"1373\" data-end=\"1415\">Diversificaci\u00f3n de proveedores y rutas<\/h3>\n<p data-start=\"1416\" data-end=\"1544\">La dependencia de un \u00fanico proveedor o canal de transporte aumenta significativamente la exposici\u00f3n ante crisis. Para reducirla:<\/p>\n<ul data-start=\"1545\" data-end=\"1847\">\n<li data-start=\"1545\" data-end=\"1643\">\n<p data-start=\"1547\" data-end=\"1643\">Establecer contratos con m\u00faltiples proveedores, preferentemente en diferentes pa\u00edses o regiones.<\/p>\n<\/li>\n<li data-start=\"1644\" data-end=\"1719\">\n<p data-start=\"1646\" data-end=\"1719\">Implementar rutas alternativas de transporte terrestre, mar\u00edtimo o a\u00e9reo.<\/p>\n<\/li>\n<li data-start=\"1720\" data-end=\"1847\">\n<p data-start=\"1722\" data-end=\"1847\">Evaluar proveedores locales para reducir riesgos log\u00edsticos internacionales y aprovechar estrategias como el <strong data-start=\"1831\" data-end=\"1846\">nearshoring<\/strong>.<\/p>\n<\/li>\n<\/ul>\n<p data-start=\"1849\" data-end=\"1985\">La diversificaci\u00f3n debe estar documentada dentro del <strong data-start=\"1902\" data-end=\"1935\">sistema de gesti\u00f3n de calidad<\/strong> para asegurar trazabilidad y evaluaci\u00f3n continua.<\/p>\n<h3 data-start=\"1987\" data-end=\"2048\">Integraci\u00f3n de tecnolog\u00eda para visibilidad en tiempo real<\/h3>\n<p data-start=\"2049\" data-end=\"2143\">Las herramientas tecnol\u00f3gicas ofrecen una ventaja cr\u00edtica para anticipar y responder a crisis:<\/p>\n<ul data-start=\"2144\" data-end=\"2470\">\n<li data-start=\"2144\" data-end=\"2223\">\n<p data-start=\"2146\" data-end=\"2223\">Sistemas ERP con m\u00f3dulos de gesti\u00f3n de proveedores para evaluar cumplimiento.<\/p>\n<\/li>\n<li data-start=\"2224\" data-end=\"2296\">\n<p data-start=\"2226\" data-end=\"2296\">Plataformas de trazabilidad para seguimiento de env\u00edos en tiempo real.<\/p>\n<\/li>\n<li data-start=\"2297\" data-end=\"2373\">\n<p data-start=\"2299\" data-end=\"2373\">Dashboards de control con alertas tempranas sobre retrasos o desviaciones.<\/p>\n<\/li>\n<li data-start=\"2374\" data-end=\"2470\">\n<p data-start=\"2376\" data-end=\"2470\">Integraci\u00f3n con bases de datos globales para monitorear indicadores log\u00edsticos y geopol\u00edticos.<\/p>\n<\/li>\n<\/ul>\n<p data-start=\"2472\" data-end=\"2602\">Esta visibilidad permite tomar decisiones r\u00e1pidas como reprogramar entregas, activar proveedores alternos o ajustar la producci\u00f3n.<\/p>\n<h3 data-start=\"2604\" data-end=\"2655\">Gesti\u00f3n contractual y cl\u00e1usulas de contingencia<\/h3>\n<p data-start=\"2656\" data-end=\"2812\">Los contratos con proveedores y operadores log\u00edsticos deben incluir <strong data-start=\"2724\" data-end=\"2753\">cl\u00e1usulas de contingencia<\/strong> que protejan a la empresa en caso de crisis. Esto implica:<\/p>\n<ul data-start=\"2813\" data-end=\"3020\">\n<li data-start=\"2813\" data-end=\"2881\">\n<p data-start=\"2815\" data-end=\"2881\">Condiciones claras de entrega y penalizaciones por incumplimiento.<\/p>\n<\/li>\n<li data-start=\"2882\" data-end=\"2943\">\n<p data-start=\"2884\" data-end=\"2943\">Acuerdos de suministro prioritario en situaciones cr\u00edticas.<\/p>\n<\/li>\n<li data-start=\"2944\" data-end=\"3020\">\n<p data-start=\"2946\" data-end=\"3020\">Definici\u00f3n de responsabilidades en caso de retrasos por factores externos.<\/p>\n<\/li>\n<\/ul>\n<p data-start=\"3022\" data-end=\"3163\">Una revisi\u00f3n legal y t\u00e9cnica de estos contratos es fundamental para evitar ambig\u00fcedades que compliquen la defensa de intereses de la empresa.<\/p>\n<h3 data-start=\"3165\" data-end=\"3218\">Inventarios estrat\u00e9gicos y capacidad de respuesta<\/h3>\n<p data-start=\"3219\" data-end=\"3375\">Aunque mantener inventarios altos incrementa costos, en contextos de alta incertidumbre puede ser una estrategia para garantizar continuidad. Se recomienda:<\/p>\n<ul data-start=\"3376\" data-end=\"3591\">\n<li data-start=\"3376\" data-end=\"3435\">\n<p data-start=\"3378\" data-end=\"3435\">Crear <strong data-start=\"3384\" data-end=\"3412\">inventarios de seguridad<\/strong> para insumos cr\u00edticos.<\/p>\n<\/li>\n<li data-start=\"3436\" data-end=\"3507\">\n<p data-start=\"3438\" data-end=\"3507\">Definir niveles m\u00ednimos y m\u00e1ximos seg\u00fan la rotaci\u00f3n de cada material.<\/p>\n<\/li>\n<li data-start=\"3508\" data-end=\"3591\">\n<p data-start=\"3510\" data-end=\"3591\">Ubicar inventarios en m\u00faltiples centros para reducir riesgo de bloqueo log\u00edstico.<\/p>\n<\/li>\n<\/ul>\n<p data-start=\"3593\" data-end=\"3703\">Esta estrategia debe integrarse con el control financiero para evitar sobrecostos que afecten la rentabilidad.<\/p>\n<h3 data-start=\"3705\" data-end=\"3767\">Integraci\u00f3n de la gesti\u00f3n de riesgos al sistema de calidad<\/h3>\n<p data-start=\"3768\" data-end=\"3947\">La <strong data-start=\"3771\" data-end=\"3788\">ISO 9001:2015<\/strong> establece que la organizaci\u00f3n debe considerar riesgos y oportunidades en la planificaci\u00f3n operativa. Incluir la cadena de suministro en este an\u00e1lisis permite:<\/p>\n<ul data-start=\"3948\" data-end=\"4151\">\n<li data-start=\"3948\" data-end=\"4001\">\n<p data-start=\"3950\" data-end=\"4001\">Documentar procedimientos de respuesta ante crisis.<\/p>\n<\/li>\n<li data-start=\"4002\" data-end=\"4072\">\n<p data-start=\"4004\" data-end=\"4072\">Establecer indicadores como OTIF (On Time In Full) o lead time real.<\/p>\n<\/li>\n<li data-start=\"4073\" data-end=\"4151\">\n<p data-start=\"4075\" data-end=\"4151\">Realizar auditor\u00edas internas espec\u00edficas para evaluar resiliencia log\u00edstica.<\/p>\n<\/li>\n<\/ul>\n<p data-start=\"4153\" data-end=\"4299\">De esta manera, la protecci\u00f3n de la cadena de suministro no es solo una reacci\u00f3n ante una crisis, sino una pr\u00e1ctica permanente de mejora continua.<\/p>\n<h3 data-start=\"4301\" data-end=\"4351\">Evaluaci\u00f3n peri\u00f3dica y aprendizaje post-crisis<\/h3>\n<p data-start=\"4352\" data-end=\"4430\">Cada crisis deja lecciones valiosas. Despu\u00e9s de cualquier incidente, es clave:<\/p>\n<ul data-start=\"4431\" data-end=\"4607\">\n<li data-start=\"4431\" data-end=\"4454\">\n<p data-start=\"4433\" data-end=\"4454\">Analizar causas ra\u00edz.<\/p>\n<\/li>\n<li data-start=\"4455\" data-end=\"4503\">\n<p data-start=\"4457\" data-end=\"4503\">Revisar eficacia de las medidas implementadas.<\/p>\n<\/li>\n<li data-start=\"4504\" data-end=\"4554\">\n<p data-start=\"4506\" data-end=\"4554\">Ajustar procedimientos y planes de contingencia.<\/p>\n<\/li>\n<li data-start=\"4555\" data-end=\"4607\">\n<p data-start=\"4557\" data-end=\"4607\">Capacitar al personal sobre los cambios aplicados.<\/p>\n<\/li>\n<\/ul>\n<p data-start=\"4609\" data-end=\"4729\">Este aprendizaje fortalece la capacidad de la empresa para enfrentar futuras contingencias con mayor rapidez y eficacia.<\/p>\n<div class=\"pvc_clear\"><\/div>\n<p id=\"pvc_stats_2592\" class=\"pvc_stats all  \" data-element-id=\"2592\" style=\"\"><i class=\"pvc-stats-icon medium\" aria-hidden=\"true\"><svg aria-hidden=\"true\" focusable=\"false\" data-prefix=\"far\" data-icon=\"chart-bar\" role=\"img\" xmlns=\"http:\/\/www.w3.org\/2000\/svg\" viewBox=\"0 0 512 512\" class=\"svg-inline--fa fa-chart-bar fa-w-16 fa-2x\"><path fill=\"currentColor\" d=\"M396.8 352h22.4c6.4 0 12.8-6.4 12.8-12.8V108.8c0-6.4-6.4-12.8-12.8-12.8h-22.4c-6.4 0-12.8 6.4-12.8 12.8v230.4c0 6.4 6.4 12.8 12.8 12.8zm-192 0h22.4c6.4 0 12.8-6.4 12.8-12.8V140.8c0-6.4-6.4-12.8-12.8-12.8h-22.4c-6.4 0-12.8 6.4-12.8 12.8v198.4c0 6.4 6.4 12.8 12.8 12.8zm96 0h22.4c6.4 0 12.8-6.4 12.8-12.8V204.8c0-6.4-6.4-12.8-12.8-12.8h-22.4c-6.4 0-12.8 6.4-12.8 12.8v134.4c0 6.4 6.4 12.8 12.8 12.8zM496 400H48V80c0-8.84-7.16-16-16-16H16C7.16 64 0 71.16 0 80v336c0 17.67 14.33 32 32 32h464c8.84 0 16-7.16 16-16v-16c0-8.84-7.16-16-16-16zm-387.2-48h22.4c6.4 0 12.8-6.4 12.8-12.8v-70.4c0-6.4-6.4-12.8-12.8-12.8h-22.4c-6.4 0-12.8 6.4-12.8 12.8v70.4c0 6.4 6.4 12.8 12.8 12.8z\" class=\"\"><\/path><\/svg><\/i> <img loading=\"lazy\" decoding=\"async\" width=\"16\" height=\"16\" alt=\"Loading\" src=\"https:\/\/www.cubodeideas.com\/blog\/wp-content\/plugins\/page-views-count\/ajax-loader-2x.gif\" border=0 \/><\/p>\n<div class=\"pvc_clear\"><\/div>\n","protected":false},"excerpt":{"rendered":"<p>En un contexto donde los conflictos geopol\u00edticos, las fluctuaciones del tipo de cambio y las restricciones comerciales se han vuelto frecuentes, las PYMEs enfrentan un reto cr\u00edtico: proteger su cadena de suministro para evitar interrupciones graves en la producci\u00f3n y el cumplimiento de entregas. Un solo eslab\u00f3n vulnerable puede comprometer contratos clave y da\u00f1ar la [&hellip;]<\/p>\n<div class=\"pvc_clear\"><\/div>\n<p id=\"pvc_stats_2592\" class=\"pvc_stats all  \" data-element-id=\"2592\" style=\"\"><i class=\"pvc-stats-icon medium\" aria-hidden=\"true\"><svg aria-hidden=\"true\" focusable=\"false\" data-prefix=\"far\" data-icon=\"chart-bar\" role=\"img\" xmlns=\"http:\/\/www.w3.org\/2000\/svg\" viewBox=\"0 0 512 512\" class=\"svg-inline--fa fa-chart-bar fa-w-16 fa-2x\"><path fill=\"currentColor\" d=\"M396.8 352h22.4c6.4 0 12.8-6.4 12.8-12.8V108.8c0-6.4-6.4-12.8-12.8-12.8h-22.4c-6.4 0-12.8 6.4-12.8 12.8v230.4c0 6.4 6.4 12.8 12.8 12.8zm-192 0h22.4c6.4 0 12.8-6.4 12.8-12.8V140.8c0-6.4-6.4-12.8-12.8-12.8h-22.4c-6.4 0-12.8 6.4-12.8 12.8v198.4c0 6.4 6.4 12.8 12.8 12.8zm96 0h22.4c6.4 0 12.8-6.4 12.8-12.8V204.8c0-6.4-6.4-12.8-12.8-12.8h-22.4c-6.4 0-12.8 6.4-12.8 12.8v134.4c0 6.4 6.4 12.8 12.8 12.8zM496 400H48V80c0-8.84-7.16-16-16-16H16C7.16 64 0 71.16 0 80v336c0 17.67 14.33 32 32 32h464c8.84 0 16-7.16 16-16v-16c0-8.84-7.16-16-16-16zm-387.2-48h22.4c6.4 0 12.8-6.4 12.8-12.8v-70.4c0-6.4-6.4-12.8-12.8-12.8h-22.4c-6.4 0-12.8 6.4-12.8 12.8v70.4c0 6.4 6.4 12.8 12.8 12.8z\" class=\"\"><\/path><\/svg><\/i> <img loading=\"lazy\" decoding=\"async\" width=\"16\" height=\"16\" alt=\"Loading\" src=\"https:\/\/www.cubodeideas.com\/blog\/wp-content\/plugins\/page-views-count\/ajax-loader-2x.gif\" border=0 \/><\/p>\n<div class=\"pvc_clear\"><\/div>\n","protected":false},"author":1,"featured_media":2593,"comment_status":"open","ping_status":"closed","sticky":false,"template":"","format":"standard","meta":{"footnotes":"","jetpack_publicize_message":"","jetpack_publicize_feature_enabled":true,"jetpack_social_post_already_shared":false,"jetpack_social_options":{"image_generator_settings":{"template":"highway","default_image_id":0,"font":"","enabled":false},"version":2}},"categories":[13],"tags":[73,135],"class_list":["post-2592","post","type-post","status-publish","format-standard","has-post-thumbnail","hentry","category-negocios","tag-cadena-de-suministro","tag-gestion-de-riesgos"],"blocksy_meta":[],"yoast_head":"<!-- This site is optimized with the Yoast SEO plugin v27.0 - https:\/\/yoast.com\/product\/yoast-seo-wordpress\/ -->\n<title>Proteger cadena de suministro ante crisis internacionales -<\/title>\n<meta name=\"description\" content=\"Descubre c\u00f3mo proteger tu cadena de suministro ante crisis internacionales con estrategias y control de riesgos efectivos.\" \/>\n<meta name=\"robots\" content=\"index, follow, max-snippet:-1, max-image-preview:large, max-video-preview:-1\" \/>\n<link rel=\"canonical\" href=\"https:\/\/www.cubodeideas.com\/blog\/negocios\/proteger-cadena-de-suministro-ante-crisis-internacionales\/\" \/>\n<meta property=\"og:locale\" content=\"es_ES\" \/>\n<meta property=\"og:type\" content=\"article\" \/>\n<meta property=\"og:title\" content=\"Proteger cadena de suministro ante crisis internacionales -\" \/>\n<meta property=\"og:description\" content=\"Descubre c\u00f3mo proteger tu cadena de suministro ante crisis internacionales con estrategias y control de riesgos efectivos.\" \/>\n<meta property=\"og:url\" content=\"https:\/\/www.cubodeideas.com\/blog\/negocios\/proteger-cadena-de-suministro-ante-crisis-internacionales\/\" \/>\n<meta property=\"article:publisher\" content=\"https:\/\/www.facebook.com\/somoscubodeideas\" \/>\n<meta property=\"article:published_time\" content=\"2025-08-11T02:57:26+00:00\" \/>\n<meta property=\"og:image\" content=\"https:\/\/www.cubodeideas.com\/blog\/wp-content\/uploads\/2025\/08\/portada-malamen183-1024x577.png\" \/>\n\t<meta property=\"og:image:width\" content=\"1024\" \/>\n\t<meta property=\"og:image:height\" content=\"577\" \/>\n\t<meta property=\"og:image:type\" content=\"image\/png\" \/>\n<meta name=\"author\" content=\"Noel Castro\" \/>\n<meta name=\"twitter:card\" content=\"summary_large_image\" \/>\n<meta name=\"twitter:creator\" content=\"@cubo_ideas\" \/>\n<meta name=\"twitter:site\" content=\"@cubo_ideas\" \/>\n<meta name=\"twitter:label1\" content=\"Escrito por\" \/>\n\t<meta name=\"twitter:data1\" content=\"Noel Castro\" \/>\n\t<meta name=\"twitter:label2\" content=\"Tiempo de lectura\" \/>\n\t<meta name=\"twitter:data2\" content=\"3 minutos\" \/>\n<script type=\"application\/ld+json\" class=\"yoast-schema-graph\">{\"@context\":\"https:\/\/schema.org\",\"@graph\":[{\"@type\":\"Article\",\"@id\":\"https:\/\/www.cubodeideas.com\/blog\/negocios\/proteger-cadena-de-suministro-ante-crisis-internacionales\/#article\",\"isPartOf\":{\"@id\":\"https:\/\/www.cubodeideas.com\/blog\/negocios\/proteger-cadena-de-suministro-ante-crisis-internacionales\/\"},\"author\":{\"name\":\"Noel Castro\",\"@id\":\"https:\/\/www.cubodeideas.com\/blog\/#\/schema\/person\/5614e43eb76109017cff51a2c7928211\"},\"headline\":\"Proteger cadena de suministro ante crisis internacionales\",\"datePublished\":\"2025-08-11T02:57:26+00:00\",\"mainEntityOfPage\":{\"@id\":\"https:\/\/www.cubodeideas.com\/blog\/negocios\/proteger-cadena-de-suministro-ante-crisis-internacionales\/\"},\"wordCount\":670,\"commentCount\":0,\"publisher\":{\"@id\":\"https:\/\/www.cubodeideas.com\/blog\/#organization\"},\"image\":{\"@id\":\"https:\/\/www.cubodeideas.com\/blog\/negocios\/proteger-cadena-de-suministro-ante-crisis-internacionales\/#primaryimage\"},\"thumbnailUrl\":\"https:\/\/www.cubodeideas.com\/blog\/wp-content\/uploads\/2025\/08\/portada-malamen183.png\",\"keywords\":[\"Cadena de suministro\",\"Gesti\u00f3n de riesgos\"],\"articleSection\":[\"Negocios\"],\"inLanguage\":\"es\",\"potentialAction\":[{\"@type\":\"CommentAction\",\"name\":\"Comment\",\"target\":[\"https:\/\/www.cubodeideas.com\/blog\/negocios\/proteger-cadena-de-suministro-ante-crisis-internacionales\/#respond\"]}]},{\"@type\":\"WebPage\",\"@id\":\"https:\/\/www.cubodeideas.com\/blog\/negocios\/proteger-cadena-de-suministro-ante-crisis-internacionales\/\",\"url\":\"https:\/\/www.cubodeideas.com\/blog\/negocios\/proteger-cadena-de-suministro-ante-crisis-internacionales\/\",\"name\":\"Proteger cadena de suministro ante crisis internacionales -\",\"isPartOf\":{\"@id\":\"https:\/\/www.cubodeideas.com\/blog\/#website\"},\"primaryImageOfPage\":{\"@id\":\"https:\/\/www.cubodeideas.com\/blog\/negocios\/proteger-cadena-de-suministro-ante-crisis-internacionales\/#primaryimage\"},\"image\":{\"@id\":\"https:\/\/www.cubodeideas.com\/blog\/negocios\/proteger-cadena-de-suministro-ante-crisis-internacionales\/#primaryimage\"},\"thumbnailUrl\":\"https:\/\/www.cubodeideas.com\/blog\/wp-content\/uploads\/2025\/08\/portada-malamen183.png\",\"datePublished\":\"2025-08-11T02:57:26+00:00\",\"description\":\"Descubre c\u00f3mo proteger tu cadena de suministro ante crisis internacionales con estrategias y control de riesgos efectivos.\",\"breadcrumb\":{\"@id\":\"https:\/\/www.cubodeideas.com\/blog\/negocios\/proteger-cadena-de-suministro-ante-crisis-internacionales\/#breadcrumb\"},\"inLanguage\":\"es\",\"potentialAction\":[{\"@type\":\"ReadAction\",\"target\":[\"https:\/\/www.cubodeideas.com\/blog\/negocios\/proteger-cadena-de-suministro-ante-crisis-internacionales\/\"]}]},{\"@type\":\"ImageObject\",\"inLanguage\":\"es\",\"@id\":\"https:\/\/www.cubodeideas.com\/blog\/negocios\/proteger-cadena-de-suministro-ante-crisis-internacionales\/#primaryimage\",\"url\":\"https:\/\/www.cubodeideas.com\/blog\/wp-content\/uploads\/2025\/08\/portada-malamen183.png\",\"contentUrl\":\"https:\/\/www.cubodeideas.com\/blog\/wp-content\/uploads\/2025\/08\/portada-malamen183.png\",\"width\":1640,\"height\":924,\"caption\":\"proteger cadena de suministro\"},{\"@type\":\"BreadcrumbList\",\"@id\":\"https:\/\/www.cubodeideas.com\/blog\/negocios\/proteger-cadena-de-suministro-ante-crisis-internacionales\/#breadcrumb\",\"itemListElement\":[{\"@type\":\"ListItem\",\"position\":1,\"name\":\"Portada\",\"item\":\"https:\/\/www.cubodeideas.com\/blog\/\"},{\"@type\":\"ListItem\",\"position\":2,\"name\":\"Proteger cadena de suministro ante crisis internacionales\"}]},{\"@type\":\"WebSite\",\"@id\":\"https:\/\/www.cubodeideas.com\/blog\/#website\",\"url\":\"https:\/\/www.cubodeideas.com\/blog\/\",\"name\":\"Cubo de Ideas\",\"description\":\"Cubo de Ideas, El Blog\",\"publisher\":{\"@id\":\"https:\/\/www.cubodeideas.com\/blog\/#organization\"},\"potentialAction\":[{\"@type\":\"SearchAction\",\"target\":{\"@type\":\"EntryPoint\",\"urlTemplate\":\"https:\/\/www.cubodeideas.com\/blog\/?s={search_term_string}\"},\"query-input\":{\"@type\":\"PropertyValueSpecification\",\"valueRequired\":true,\"valueName\":\"search_term_string\"}}],\"inLanguage\":\"es\"},{\"@type\":\"Organization\",\"@id\":\"https:\/\/www.cubodeideas.com\/blog\/#organization\",\"name\":\"Cubo de Ideas\",\"url\":\"https:\/\/www.cubodeideas.com\/blog\/\",\"logo\":{\"@type\":\"ImageObject\",\"inLanguage\":\"es\",\"@id\":\"https:\/\/www.cubodeideas.com\/blog\/#\/schema\/logo\/image\/\",\"url\":\"https:\/\/www.cubodeideas.com\/blog\/wp-content\/uploads\/2021\/10\/android-icon-72x72-1.png\",\"contentUrl\":\"https:\/\/www.cubodeideas.com\/blog\/wp-content\/uploads\/2021\/10\/android-icon-72x72-1.png\",\"width\":72,\"height\":72,\"caption\":\"Cubo de Ideas\"},\"image\":{\"@id\":\"https:\/\/www.cubodeideas.com\/blog\/#\/schema\/logo\/image\/\"},\"sameAs\":[\"https:\/\/www.facebook.com\/somoscubodeideas\",\"https:\/\/x.com\/cubo_ideas\",\"https:\/\/www.instagram.com\/cubodeideas\"]},{\"@type\":\"Person\",\"@id\":\"https:\/\/www.cubodeideas.com\/blog\/#\/schema\/person\/5614e43eb76109017cff51a2c7928211\",\"name\":\"Noel Castro\",\"description\":\"LEM Noel Castro Monta\u00f1o es CEO de Cubo de Ideas, Director de Operaciones para Citosa Textiles. Asesor de nuevos mercados y estrategias digitales para el segmento Retail. Especialista en marketing para autoservicios y puntos de venta. Especialista en sistemas de gesti\u00f3n de la calidad con enfoque a la ISO 9001:2015\",\"sameAs\":[\"https:\/\/www.cubodeideas.com\/blog\"],\"url\":\"https:\/\/www.cubodeideas.com\/blog\/author\/admin\/\"}]}<\/script>\n<!-- \/ Yoast SEO plugin. -->","yoast_head_json":{"title":"Proteger cadena de suministro ante crisis internacionales -","description":"Descubre c\u00f3mo proteger tu cadena de suministro ante crisis internacionales con estrategias y control de riesgos efectivos.","robots":{"index":"index","follow":"follow","max-snippet":"max-snippet:-1","max-image-preview":"max-image-preview:large","max-video-preview":"max-video-preview:-1"},"canonical":"https:\/\/www.cubodeideas.com\/blog\/negocios\/proteger-cadena-de-suministro-ante-crisis-internacionales\/","og_locale":"es_ES","og_type":"article","og_title":"Proteger cadena de suministro ante crisis internacionales -","og_description":"Descubre c\u00f3mo proteger tu cadena de suministro ante crisis internacionales con estrategias y control de riesgos efectivos.","og_url":"https:\/\/www.cubodeideas.com\/blog\/negocios\/proteger-cadena-de-suministro-ante-crisis-internacionales\/","article_publisher":"https:\/\/www.facebook.com\/somoscubodeideas","article_published_time":"2025-08-11T02:57:26+00:00","og_image":[{"width":1024,"height":577,"url":"https:\/\/www.cubodeideas.com\/blog\/wp-content\/uploads\/2025\/08\/portada-malamen183-1024x577.png","type":"image\/png"}],"author":"Noel Castro","twitter_card":"summary_large_image","twitter_creator":"@cubo_ideas","twitter_site":"@cubo_ideas","twitter_misc":{"Escrito por":"Noel Castro","Tiempo de lectura":"3 minutos"},"schema":{"@context":"https:\/\/schema.org","@graph":[{"@type":"Article","@id":"https:\/\/www.cubodeideas.com\/blog\/negocios\/proteger-cadena-de-suministro-ante-crisis-internacionales\/#article","isPartOf":{"@id":"https:\/\/www.cubodeideas.com\/blog\/negocios\/proteger-cadena-de-suministro-ante-crisis-internacionales\/"},"author":{"name":"Noel Castro","@id":"https:\/\/www.cubodeideas.com\/blog\/#\/schema\/person\/5614e43eb76109017cff51a2c7928211"},"headline":"Proteger cadena de suministro ante crisis internacionales","datePublished":"2025-08-11T02:57:26+00:00","mainEntityOfPage":{"@id":"https:\/\/www.cubodeideas.com\/blog\/negocios\/proteger-cadena-de-suministro-ante-crisis-internacionales\/"},"wordCount":670,"commentCount":0,"publisher":{"@id":"https:\/\/www.cubodeideas.com\/blog\/#organization"},"image":{"@id":"https:\/\/www.cubodeideas.com\/blog\/negocios\/proteger-cadena-de-suministro-ante-crisis-internacionales\/#primaryimage"},"thumbnailUrl":"https:\/\/www.cubodeideas.com\/blog\/wp-content\/uploads\/2025\/08\/portada-malamen183.png","keywords":["Cadena de suministro","Gesti\u00f3n de riesgos"],"articleSection":["Negocios"],"inLanguage":"es","potentialAction":[{"@type":"CommentAction","name":"Comment","target":["https:\/\/www.cubodeideas.com\/blog\/negocios\/proteger-cadena-de-suministro-ante-crisis-internacionales\/#respond"]}]},{"@type":"WebPage","@id":"https:\/\/www.cubodeideas.com\/blog\/negocios\/proteger-cadena-de-suministro-ante-crisis-internacionales\/","url":"https:\/\/www.cubodeideas.com\/blog\/negocios\/proteger-cadena-de-suministro-ante-crisis-internacionales\/","name":"Proteger cadena de suministro ante crisis internacionales -","isPartOf":{"@id":"https:\/\/www.cubodeideas.com\/blog\/#website"},"primaryImageOfPage":{"@id":"https:\/\/www.cubodeideas.com\/blog\/negocios\/proteger-cadena-de-suministro-ante-crisis-internacionales\/#primaryimage"},"image":{"@id":"https:\/\/www.cubodeideas.com\/blog\/negocios\/proteger-cadena-de-suministro-ante-crisis-internacionales\/#primaryimage"},"thumbnailUrl":"https:\/\/www.cubodeideas.com\/blog\/wp-content\/uploads\/2025\/08\/portada-malamen183.png","datePublished":"2025-08-11T02:57:26+00:00","description":"Descubre c\u00f3mo proteger tu cadena de suministro ante crisis internacionales con estrategias y control de riesgos efectivos.","breadcrumb":{"@id":"https:\/\/www.cubodeideas.com\/blog\/negocios\/proteger-cadena-de-suministro-ante-crisis-internacionales\/#breadcrumb"},"inLanguage":"es","potentialAction":[{"@type":"ReadAction","target":["https:\/\/www.cubodeideas.com\/blog\/negocios\/proteger-cadena-de-suministro-ante-crisis-internacionales\/"]}]},{"@type":"ImageObject","inLanguage":"es","@id":"https:\/\/www.cubodeideas.com\/blog\/negocios\/proteger-cadena-de-suministro-ante-crisis-internacionales\/#primaryimage","url":"https:\/\/www.cubodeideas.com\/blog\/wp-content\/uploads\/2025\/08\/portada-malamen183.png","contentUrl":"https:\/\/www.cubodeideas.com\/blog\/wp-content\/uploads\/2025\/08\/portada-malamen183.png","width":1640,"height":924,"caption":"proteger cadena de suministro"},{"@type":"BreadcrumbList","@id":"https:\/\/www.cubodeideas.com\/blog\/negocios\/proteger-cadena-de-suministro-ante-crisis-internacionales\/#breadcrumb","itemListElement":[{"@type":"ListItem","position":1,"name":"Portada","item":"https:\/\/www.cubodeideas.com\/blog\/"},{"@type":"ListItem","position":2,"name":"Proteger cadena de suministro ante crisis internacionales"}]},{"@type":"WebSite","@id":"https:\/\/www.cubodeideas.com\/blog\/#website","url":"https:\/\/www.cubodeideas.com\/blog\/","name":"Cubo de Ideas","description":"Cubo de Ideas, El Blog","publisher":{"@id":"https:\/\/www.cubodeideas.com\/blog\/#organization"},"potentialAction":[{"@type":"SearchAction","target":{"@type":"EntryPoint","urlTemplate":"https:\/\/www.cubodeideas.com\/blog\/?s={search_term_string}"},"query-input":{"@type":"PropertyValueSpecification","valueRequired":true,"valueName":"search_term_string"}}],"inLanguage":"es"},{"@type":"Organization","@id":"https:\/\/www.cubodeideas.com\/blog\/#organization","name":"Cubo de Ideas","url":"https:\/\/www.cubodeideas.com\/blog\/","logo":{"@type":"ImageObject","inLanguage":"es","@id":"https:\/\/www.cubodeideas.com\/blog\/#\/schema\/logo\/image\/","url":"https:\/\/www.cubodeideas.com\/blog\/wp-content\/uploads\/2021\/10\/android-icon-72x72-1.png","contentUrl":"https:\/\/www.cubodeideas.com\/blog\/wp-content\/uploads\/2021\/10\/android-icon-72x72-1.png","width":72,"height":72,"caption":"Cubo de Ideas"},"image":{"@id":"https:\/\/www.cubodeideas.com\/blog\/#\/schema\/logo\/image\/"},"sameAs":["https:\/\/www.facebook.com\/somoscubodeideas","https:\/\/x.com\/cubo_ideas","https:\/\/www.instagram.com\/cubodeideas"]},{"@type":"Person","@id":"https:\/\/www.cubodeideas.com\/blog\/#\/schema\/person\/5614e43eb76109017cff51a2c7928211","name":"Noel Castro","description":"LEM Noel Castro Monta\u00f1o es CEO de Cubo de Ideas, Director de Operaciones para Citosa Textiles. Asesor de nuevos mercados y estrategias digitales para el segmento Retail. Especialista en marketing para autoservicios y puntos de venta. Especialista en sistemas de gesti\u00f3n de la calidad con enfoque a la ISO 9001:2015","sameAs":["https:\/\/www.cubodeideas.com\/blog"],"url":"https:\/\/www.cubodeideas.com\/blog\/author\/admin\/"}]}},"jetpack_publicize_connections":[],"_links":{"self":[{"href":"https:\/\/www.cubodeideas.com\/blog\/wp-json\/wp\/v2\/posts\/2592","targetHints":{"allow":["GET"]}}],"collection":[{"href":"https:\/\/www.cubodeideas.com\/blog\/wp-json\/wp\/v2\/posts"}],"about":[{"href":"https:\/\/www.cubodeideas.com\/blog\/wp-json\/wp\/v2\/types\/post"}],"author":[{"embeddable":true,"href":"https:\/\/www.cubodeideas.com\/blog\/wp-json\/wp\/v2\/users\/1"}],"replies":[{"embeddable":true,"href":"https:\/\/www.cubodeideas.com\/blog\/wp-json\/wp\/v2\/comments?post=2592"}],"version-history":[{"count":1,"href":"https:\/\/www.cubodeideas.com\/blog\/wp-json\/wp\/v2\/posts\/2592\/revisions"}],"predecessor-version":[{"id":2594,"href":"https:\/\/www.cubodeideas.com\/blog\/wp-json\/wp\/v2\/posts\/2592\/revisions\/2594"}],"wp:featuredmedia":[{"embeddable":true,"href":"https:\/\/www.cubodeideas.com\/blog\/wp-json\/wp\/v2\/media\/2593"}],"wp:attachment":[{"href":"https:\/\/www.cubodeideas.com\/blog\/wp-json\/wp\/v2\/media?parent=2592"}],"wp:term":[{"taxonomy":"category","embeddable":true,"href":"https:\/\/www.cubodeideas.com\/blog\/wp-json\/wp\/v2\/categories?post=2592"},{"taxonomy":"post_tag","embeddable":true,"href":"https:\/\/www.cubodeideas.com\/blog\/wp-json\/wp\/v2\/tags?post=2592"}],"curies":[{"name":"wp","href":"https:\/\/api.w.org\/{rel}","templated":true}]}}