{"id":2586,"date":"2025-08-11T02:43:33","date_gmt":"2025-08-11T02:43:33","guid":{"rendered":"https:\/\/www.cubodeideas.com\/blog\/?p=2586"},"modified":"2025-08-11T02:43:33","modified_gmt":"2025-08-11T02:43:33","slug":"impacto-de-sanciones-comerciales-en-pymes-exportadoras","status":"publish","type":"post","link":"https:\/\/www.cubodeideas.com\/blog\/negocios\/impacto-de-sanciones-comerciales-en-pymes-exportadoras\/","title":{"rendered":"Impacto de sanciones comerciales en PYMEs exportadoras"},"content":{"rendered":"<p data-start=\"415\" data-end=\"838\">Las <strong data-start=\"419\" data-end=\"460\">sanciones comerciales internacionales<\/strong> se han convertido en un factor cr\u00edtico para las empresas que dependen de mercados globales. Para una PYME exportadora, entender c\u00f3mo estas medidas afectan la log\u00edstica, el cumplimiento regulatorio y la rentabilidad no es opcional, es una cuesti\u00f3n de supervivencia. Ignorar su alcance puede derivar en p\u00e9rdida de clientes clave, retrasos operativos e incluso multas millonarias.<\/p>\n<h3 data-start=\"840\" data-end=\"908\">Qu\u00e9 son las sanciones comerciales y por qu\u00e9 importan a las PYMEs<\/h3>\n<p data-start=\"909\" data-end=\"1265\">Las sanciones comerciales son restricciones impuestas por gobiernos o bloques econ\u00f3micos para limitar las transacciones con ciertos pa\u00edses, empresas o individuos. Estas pueden incluir prohibiciones de exportaci\u00f3n, aranceles punitivos, restricciones tecnol\u00f3gicas o limitaciones financieras. Para una PYME exportadora, el impacto se manifiesta en \u00e1reas como:<\/p>\n<ul data-start=\"1266\" data-end=\"1435\">\n<li data-start=\"1266\" data-end=\"1337\">\n<p data-start=\"1268\" data-end=\"1337\">Cancelaci\u00f3n de contratos con clientes ubicados en pa\u00edses sancionados.<\/p>\n<\/li>\n<li data-start=\"1338\" data-end=\"1390\">\n<p data-start=\"1340\" data-end=\"1390\">Restricciones en el acceso a insumos estrat\u00e9gicos.<\/p>\n<\/li>\n<li data-start=\"1391\" data-end=\"1435\">\n<p data-start=\"1393\" data-end=\"1435\">Aumento en costos de transporte y seguros.<\/p>\n<\/li>\n<\/ul>\n<p data-start=\"1437\" data-end=\"1590\">Incluso si la empresa no opera directamente con pa\u00edses sancionados, puede verse afectada de forma indirecta por restricciones en la cadena de suministro.<\/p>\n<h3 data-start=\"1592\" data-end=\"1655\">Tipos de sanciones que m\u00e1s afectan a las PYMEs exportadoras<\/h3>\n<ol data-start=\"1656\" data-end=\"2152\">\n<li data-start=\"1656\" data-end=\"1767\">\n<p data-start=\"1659\" data-end=\"1767\"><strong data-start=\"1659\" data-end=\"1683\">Sanciones econ\u00f3micas<\/strong>: Limitaciones a transferencias bancarias internacionales, afectando pagos y cobros.<\/p>\n<\/li>\n<li data-start=\"1768\" data-end=\"1893\">\n<p data-start=\"1771\" data-end=\"1893\"><strong data-start=\"1771\" data-end=\"1796\">Sanciones comerciales<\/strong>: Prohibici\u00f3n de exportar o importar productos espec\u00edficos, como maquinaria, qu\u00edmicos o software.<\/p>\n<\/li>\n<li data-start=\"1894\" data-end=\"2048\">\n<p data-start=\"1897\" data-end=\"2048\"><strong data-start=\"1897\" data-end=\"1923\">Sanciones tecnol\u00f3gicas<\/strong>: Restricciones en la venta o adquisici\u00f3n de tecnolog\u00edas avanzadas, afectando sectores como manufactura, electr\u00f3nica y salud.<\/p>\n<\/li>\n<li data-start=\"2049\" data-end=\"2152\">\n<p data-start=\"2052\" data-end=\"2152\"><strong data-start=\"2052\" data-end=\"2079\">Sanciones de transporte<\/strong>: Bloqueos en rutas mar\u00edtimas o a\u00e9reas que encarecen y retrasan entregas.<\/p>\n<\/li>\n<\/ol>\n<h3 data-start=\"2154\" data-end=\"2209\">C\u00f3mo evaluar el riesgo de sanciones en tu operaci\u00f3n<\/h3>\n<p data-start=\"2210\" data-end=\"2324\">La <strong data-start=\"2213\" data-end=\"2251\">gesti\u00f3n de riesgos internacionales<\/strong> es clave para anticipar problemas. Un an\u00e1lisis efectivo debe considerar:<\/p>\n<ul data-start=\"2325\" data-end=\"2651\">\n<li data-start=\"2325\" data-end=\"2390\">\n<p data-start=\"2327\" data-end=\"2390\">Identificaci\u00f3n de pa\u00edses de origen y destino de tus mercanc\u00edas.<\/p>\n<\/li>\n<li data-start=\"2391\" data-end=\"2466\">\n<p data-start=\"2393\" data-end=\"2466\">Evaluaci\u00f3n de la cadena de suministro, incluyendo proveedores indirectos.<\/p>\n<\/li>\n<li data-start=\"2467\" data-end=\"2574\">\n<p data-start=\"2469\" data-end=\"2574\">Seguimiento de actualizaciones de la <strong data-start=\"2506\" data-end=\"2532\">Secretar\u00eda de Econom\u00eda<\/strong>, la <strong data-start=\"2537\" data-end=\"2544\">OMC<\/strong> y organismos internacionales.<\/p>\n<\/li>\n<li data-start=\"2575\" data-end=\"2651\">\n<p data-start=\"2577\" data-end=\"2651\">Uso de listas de control (OFAC, ONU, UE) para verificar clientes y socios.<\/p>\n<\/li>\n<\/ul>\n<p data-start=\"2653\" data-end=\"2755\">Implementar un sistema de monitoreo documental y regulatorio reduce la probabilidad de incumplimiento.<\/p>\n<h3 data-start=\"2757\" data-end=\"2798\">Estrategias para minimizar el impacto<\/h3>\n<ol data-start=\"2799\" data-end=\"3277\">\n<li data-start=\"2799\" data-end=\"2872\">\n<p data-start=\"2802\" data-end=\"2872\"><strong data-start=\"2802\" data-end=\"2833\">Diversificaci\u00f3n de mercados<\/strong>: No depender de un solo pa\u00eds o regi\u00f3n.<\/p>\n<\/li>\n<li data-start=\"2873\" data-end=\"2964\">\n<p data-start=\"2876\" data-end=\"2964\"><strong data-start=\"2876\" data-end=\"2915\">Acuerdos alternativos de suministro<\/strong>: Buscar proveedores en pa\u00edses sin restricciones.<\/p>\n<\/li>\n<li data-start=\"2965\" data-end=\"3091\">\n<p data-start=\"2968\" data-end=\"3091\"><strong data-start=\"2968\" data-end=\"2995\">Adaptaci\u00f3n de contratos<\/strong>: Incluir cl\u00e1usulas que contemplen la posibilidad de sanciones y su impacto en plazos y precios.<\/p>\n<\/li>\n<li data-start=\"3092\" data-end=\"3277\">\n<p data-start=\"3095\" data-end=\"3277\"><strong data-start=\"3095\" data-end=\"3129\">Certificaciones y cumplimiento<\/strong>: Contar con est\u00e1ndares como <strong data-start=\"3158\" data-end=\"3170\">ISO 9001<\/strong> ayuda a demostrar control y confiabilidad en procesos, mejorando la confianza de clientes internacionales.<\/p>\n<\/li>\n<\/ol>\n<h3 data-start=\"3279\" data-end=\"3336\">Rol del sistema de calidad en la gesti\u00f3n de sanciones<\/h3>\n<p data-start=\"3337\" data-end=\"3396\">Un sistema de gesti\u00f3n de calidad bien estructurado permite:<\/p>\n<ul data-start=\"3397\" data-end=\"3685\">\n<li data-start=\"3397\" data-end=\"3463\">\n<p data-start=\"3399\" data-end=\"3463\">Documentar procedimientos para verificar cumplimiento normativo.<\/p>\n<\/li>\n<li data-start=\"3464\" data-end=\"3536\">\n<p data-start=\"3466\" data-end=\"3536\">Implementar controles para la trazabilidad de productos y proveedores.<\/p>\n<\/li>\n<li data-start=\"3537\" data-end=\"3619\">\n<p data-start=\"3539\" data-end=\"3619\">Realizar auditor\u00edas internas para identificar puntos vulnerables ante sanciones.<\/p>\n<\/li>\n<li data-start=\"3620\" data-end=\"3685\">\n<p data-start=\"3622\" data-end=\"3685\">Responder de forma \u00e1gil a cambios regulatorios internacionales.<\/p>\n<\/li>\n<\/ul>\n<p data-start=\"3687\" data-end=\"3923\">Incluso si la norma ISO 9001 no exige un plan espec\u00edfico contra sanciones, su enfoque en <strong data-start=\"3776\" data-end=\"3801\">an\u00e1lisis del contexto<\/strong> (punto 4.1) y <strong data-start=\"3816\" data-end=\"3838\">partes interesadas<\/strong> (punto 4.2) ayuda a incorporar este tipo de riesgos en la planificaci\u00f3n estrat\u00e9gica.<\/p>\n<h3 data-start=\"3925\" data-end=\"3966\">Preparaci\u00f3n ante escenarios de crisis<\/h3>\n<p data-start=\"3967\" data-end=\"4031\">Para evitar interrupciones graves, una PYME exportadora deber\u00eda:<\/p>\n<ul data-start=\"4032\" data-end=\"4314\">\n<li data-start=\"4032\" data-end=\"4106\">\n<p data-start=\"4034\" data-end=\"4106\">Mantener un <strong data-start=\"4046\" data-end=\"4081\">plan de continuidad del negocio<\/strong> que contemple sanciones.<\/p>\n<\/li>\n<li data-start=\"4107\" data-end=\"4174\">\n<p data-start=\"4109\" data-end=\"4174\">Capacitar al personal clave en regulaciones de comercio exterior.<\/p>\n<\/li>\n<li data-start=\"4175\" data-end=\"4314\">\n<p data-start=\"4177\" data-end=\"4314\">Establecer un canal directo con c\u00e1maras de comercio, embajadas y organismos de promoci\u00f3n de exportaciones para recibir alertas tempranas.<\/p>\n<\/li>\n<\/ul>\n<p data-start=\"4316\" data-end=\"4441\">La clave est\u00e1 en anticipar, documentar y adaptar r\u00e1pidamente la operaci\u00f3n para no quedar fuera de los mercados m\u00e1s rentables.<\/p>\n<div class=\"pvc_clear\"><\/div>\n<p id=\"pvc_stats_2586\" class=\"pvc_stats all  \" data-element-id=\"2586\" style=\"\"><i class=\"pvc-stats-icon medium\" aria-hidden=\"true\"><svg aria-hidden=\"true\" focusable=\"false\" data-prefix=\"far\" data-icon=\"chart-bar\" role=\"img\" xmlns=\"http:\/\/www.w3.org\/2000\/svg\" viewBox=\"0 0 512 512\" class=\"svg-inline--fa fa-chart-bar fa-w-16 fa-2x\"><path fill=\"currentColor\" d=\"M396.8 352h22.4c6.4 0 12.8-6.4 12.8-12.8V108.8c0-6.4-6.4-12.8-12.8-12.8h-22.4c-6.4 0-12.8 6.4-12.8 12.8v230.4c0 6.4 6.4 12.8 12.8 12.8zm-192 0h22.4c6.4 0 12.8-6.4 12.8-12.8V140.8c0-6.4-6.4-12.8-12.8-12.8h-22.4c-6.4 0-12.8 6.4-12.8 12.8v198.4c0 6.4 6.4 12.8 12.8 12.8zm96 0h22.4c6.4 0 12.8-6.4 12.8-12.8V204.8c0-6.4-6.4-12.8-12.8-12.8h-22.4c-6.4 0-12.8 6.4-12.8 12.8v134.4c0 6.4 6.4 12.8 12.8 12.8zM496 400H48V80c0-8.84-7.16-16-16-16H16C7.16 64 0 71.16 0 80v336c0 17.67 14.33 32 32 32h464c8.84 0 16-7.16 16-16v-16c0-8.84-7.16-16-16-16zm-387.2-48h22.4c6.4 0 12.8-6.4 12.8-12.8v-70.4c0-6.4-6.4-12.8-12.8-12.8h-22.4c-6.4 0-12.8 6.4-12.8 12.8v70.4c0 6.4 6.4 12.8 12.8 12.8z\" class=\"\"><\/path><\/svg><\/i> <img loading=\"lazy\" decoding=\"async\" width=\"16\" height=\"16\" alt=\"Loading\" src=\"https:\/\/www.cubodeideas.com\/blog\/wp-content\/plugins\/page-views-count\/ajax-loader-2x.gif\" border=0 \/><\/p>\n<div class=\"pvc_clear\"><\/div>\n","protected":false},"excerpt":{"rendered":"<p>Las sanciones comerciales internacionales se han convertido en un factor cr\u00edtico para las empresas que dependen de mercados globales. Para una PYME exportadora, entender c\u00f3mo estas medidas afectan la log\u00edstica, el cumplimiento regulatorio y la rentabilidad no es opcional, es una cuesti\u00f3n de supervivencia. Ignorar su alcance puede derivar en p\u00e9rdida de clientes clave, retrasos [&hellip;]<\/p>\n<div class=\"pvc_clear\"><\/div>\n<p id=\"pvc_stats_2586\" class=\"pvc_stats all  \" data-element-id=\"2586\" style=\"\"><i class=\"pvc-stats-icon medium\" aria-hidden=\"true\"><svg aria-hidden=\"true\" focusable=\"false\" data-prefix=\"far\" data-icon=\"chart-bar\" role=\"img\" xmlns=\"http:\/\/www.w3.org\/2000\/svg\" viewBox=\"0 0 512 512\" class=\"svg-inline--fa fa-chart-bar fa-w-16 fa-2x\"><path fill=\"currentColor\" d=\"M396.8 352h22.4c6.4 0 12.8-6.4 12.8-12.8V108.8c0-6.4-6.4-12.8-12.8-12.8h-22.4c-6.4 0-12.8 6.4-12.8 12.8v230.4c0 6.4 6.4 12.8 12.8 12.8zm-192 0h22.4c6.4 0 12.8-6.4 12.8-12.8V140.8c0-6.4-6.4-12.8-12.8-12.8h-22.4c-6.4 0-12.8 6.4-12.8 12.8v198.4c0 6.4 6.4 12.8 12.8 12.8zm96 0h22.4c6.4 0 12.8-6.4 12.8-12.8V204.8c0-6.4-6.4-12.8-12.8-12.8h-22.4c-6.4 0-12.8 6.4-12.8 12.8v134.4c0 6.4 6.4 12.8 12.8 12.8zM496 400H48V80c0-8.84-7.16-16-16-16H16C7.16 64 0 71.16 0 80v336c0 17.67 14.33 32 32 32h464c8.84 0 16-7.16 16-16v-16c0-8.84-7.16-16-16-16zm-387.2-48h22.4c6.4 0 12.8-6.4 12.8-12.8v-70.4c0-6.4-6.4-12.8-12.8-12.8h-22.4c-6.4 0-12.8 6.4-12.8 12.8v70.4c0 6.4 6.4 12.8 12.8 12.8z\" class=\"\"><\/path><\/svg><\/i> <img loading=\"lazy\" decoding=\"async\" width=\"16\" height=\"16\" alt=\"Loading\" src=\"https:\/\/www.cubodeideas.com\/blog\/wp-content\/plugins\/page-views-count\/ajax-loader-2x.gif\" border=0 \/><\/p>\n<div class=\"pvc_clear\"><\/div>\n","protected":false},"author":1,"featured_media":2587,"comment_status":"open","ping_status":"closed","sticky":false,"template":"","format":"standard","meta":{"footnotes":"","jetpack_publicize_message":"","jetpack_publicize_feature_enabled":true,"jetpack_social_post_already_shared":false,"jetpack_social_options":{"image_generator_settings":{"template":"highway","default_image_id":0,"font":"","enabled":false},"version":2}},"categories":[13],"tags":[382,135],"class_list":["post-2586","post","type-post","status-publish","format-standard","has-post-thumbnail","hentry","category-negocios","tag-comercio-internacional","tag-gestion-de-riesgos"],"blocksy_meta":[],"yoast_head":"<!-- This site is optimized with the Yoast SEO plugin v27.0 - https:\/\/yoast.com\/product\/yoast-seo-wordpress\/ -->\n<title>Impacto de sanciones comerciales en PYMEs exportadoras -<\/title>\n<meta name=\"description\" content=\"Descubre c\u00f3mo las sanciones comerciales afectan a las PYMEs exportadoras y qu\u00e9 estrategias aplicar para minimizar riesgos.\" \/>\n<meta name=\"robots\" content=\"index, follow, max-snippet:-1, max-image-preview:large, max-video-preview:-1\" \/>\n<link rel=\"canonical\" href=\"https:\/\/www.cubodeideas.com\/blog\/negocios\/impacto-de-sanciones-comerciales-en-pymes-exportadoras\/\" \/>\n<meta property=\"og:locale\" content=\"es_ES\" \/>\n<meta property=\"og:type\" content=\"article\" \/>\n<meta property=\"og:title\" content=\"Impacto de sanciones comerciales en PYMEs exportadoras -\" \/>\n<meta property=\"og:description\" content=\"Descubre c\u00f3mo las sanciones comerciales afectan a las PYMEs exportadoras y qu\u00e9 estrategias aplicar para minimizar riesgos.\" \/>\n<meta property=\"og:url\" content=\"https:\/\/www.cubodeideas.com\/blog\/negocios\/impacto-de-sanciones-comerciales-en-pymes-exportadoras\/\" \/>\n<meta property=\"article:publisher\" content=\"https:\/\/www.facebook.com\/somoscubodeideas\" \/>\n<meta property=\"article:published_time\" content=\"2025-08-11T02:43:33+00:00\" \/>\n<meta property=\"og:image\" content=\"https:\/\/www.cubodeideas.com\/blog\/wp-content\/uploads\/2025\/08\/portada-malamen181.png\" \/>\n\t<meta property=\"og:image:width\" content=\"1640\" \/>\n\t<meta property=\"og:image:height\" content=\"924\" \/>\n\t<meta property=\"og:image:type\" content=\"image\/png\" \/>\n<meta name=\"author\" content=\"Noel Castro\" \/>\n<meta name=\"twitter:card\" content=\"summary_large_image\" \/>\n<meta name=\"twitter:creator\" content=\"@cubo_ideas\" \/>\n<meta name=\"twitter:site\" content=\"@cubo_ideas\" \/>\n<meta name=\"twitter:label1\" content=\"Escrito por\" \/>\n\t<meta name=\"twitter:data1\" content=\"Noel Castro\" \/>\n\t<meta name=\"twitter:label2\" content=\"Tiempo de lectura\" \/>\n\t<meta name=\"twitter:data2\" content=\"3 minutos\" \/>\n<script type=\"application\/ld+json\" class=\"yoast-schema-graph\">{\"@context\":\"https:\/\/schema.org\",\"@graph\":[{\"@type\":\"Article\",\"@id\":\"https:\/\/www.cubodeideas.com\/blog\/negocios\/impacto-de-sanciones-comerciales-en-pymes-exportadoras\/#article\",\"isPartOf\":{\"@id\":\"https:\/\/www.cubodeideas.com\/blog\/negocios\/impacto-de-sanciones-comerciales-en-pymes-exportadoras\/\"},\"author\":{\"name\":\"Noel Castro\",\"@id\":\"https:\/\/www.cubodeideas.com\/blog\/#\/schema\/person\/5614e43eb76109017cff51a2c7928211\"},\"headline\":\"Impacto de sanciones comerciales en PYMEs exportadoras\",\"datePublished\":\"2025-08-11T02:43:33+00:00\",\"mainEntityOfPage\":{\"@id\":\"https:\/\/www.cubodeideas.com\/blog\/negocios\/impacto-de-sanciones-comerciales-en-pymes-exportadoras\/\"},\"wordCount\":596,\"commentCount\":0,\"publisher\":{\"@id\":\"https:\/\/www.cubodeideas.com\/blog\/#organization\"},\"image\":{\"@id\":\"https:\/\/www.cubodeideas.com\/blog\/negocios\/impacto-de-sanciones-comerciales-en-pymes-exportadoras\/#primaryimage\"},\"thumbnailUrl\":\"https:\/\/www.cubodeideas.com\/blog\/wp-content\/uploads\/2025\/08\/portada-malamen181.png\",\"keywords\":[\"Comercio Internacional\",\"Gesti\u00f3n de riesgos\"],\"articleSection\":[\"Negocios\"],\"inLanguage\":\"es\",\"potentialAction\":[{\"@type\":\"CommentAction\",\"name\":\"Comment\",\"target\":[\"https:\/\/www.cubodeideas.com\/blog\/negocios\/impacto-de-sanciones-comerciales-en-pymes-exportadoras\/#respond\"]}]},{\"@type\":\"WebPage\",\"@id\":\"https:\/\/www.cubodeideas.com\/blog\/negocios\/impacto-de-sanciones-comerciales-en-pymes-exportadoras\/\",\"url\":\"https:\/\/www.cubodeideas.com\/blog\/negocios\/impacto-de-sanciones-comerciales-en-pymes-exportadoras\/\",\"name\":\"Impacto de sanciones comerciales en PYMEs exportadoras -\",\"isPartOf\":{\"@id\":\"https:\/\/www.cubodeideas.com\/blog\/#website\"},\"primaryImageOfPage\":{\"@id\":\"https:\/\/www.cubodeideas.com\/blog\/negocios\/impacto-de-sanciones-comerciales-en-pymes-exportadoras\/#primaryimage\"},\"image\":{\"@id\":\"https:\/\/www.cubodeideas.com\/blog\/negocios\/impacto-de-sanciones-comerciales-en-pymes-exportadoras\/#primaryimage\"},\"thumbnailUrl\":\"https:\/\/www.cubodeideas.com\/blog\/wp-content\/uploads\/2025\/08\/portada-malamen181.png\",\"datePublished\":\"2025-08-11T02:43:33+00:00\",\"description\":\"Descubre c\u00f3mo las sanciones comerciales afectan a las PYMEs exportadoras y qu\u00e9 estrategias aplicar para minimizar riesgos.\",\"breadcrumb\":{\"@id\":\"https:\/\/www.cubodeideas.com\/blog\/negocios\/impacto-de-sanciones-comerciales-en-pymes-exportadoras\/#breadcrumb\"},\"inLanguage\":\"es\",\"potentialAction\":[{\"@type\":\"ReadAction\",\"target\":[\"https:\/\/www.cubodeideas.com\/blog\/negocios\/impacto-de-sanciones-comerciales-en-pymes-exportadoras\/\"]}]},{\"@type\":\"ImageObject\",\"inLanguage\":\"es\",\"@id\":\"https:\/\/www.cubodeideas.com\/blog\/negocios\/impacto-de-sanciones-comerciales-en-pymes-exportadoras\/#primaryimage\",\"url\":\"https:\/\/www.cubodeideas.com\/blog\/wp-content\/uploads\/2025\/08\/portada-malamen181.png\",\"contentUrl\":\"https:\/\/www.cubodeideas.com\/blog\/wp-content\/uploads\/2025\/08\/portada-malamen181.png\",\"width\":1640,\"height\":924,\"caption\":\"sanciones comerciales PYMEs exportadoras\"},{\"@type\":\"BreadcrumbList\",\"@id\":\"https:\/\/www.cubodeideas.com\/blog\/negocios\/impacto-de-sanciones-comerciales-en-pymes-exportadoras\/#breadcrumb\",\"itemListElement\":[{\"@type\":\"ListItem\",\"position\":1,\"name\":\"Portada\",\"item\":\"https:\/\/www.cubodeideas.com\/blog\/\"},{\"@type\":\"ListItem\",\"position\":2,\"name\":\"Impacto de sanciones comerciales en PYMEs exportadoras\"}]},{\"@type\":\"WebSite\",\"@id\":\"https:\/\/www.cubodeideas.com\/blog\/#website\",\"url\":\"https:\/\/www.cubodeideas.com\/blog\/\",\"name\":\"Cubo de Ideas\",\"description\":\"Cubo de Ideas, El Blog\",\"publisher\":{\"@id\":\"https:\/\/www.cubodeideas.com\/blog\/#organization\"},\"potentialAction\":[{\"@type\":\"SearchAction\",\"target\":{\"@type\":\"EntryPoint\",\"urlTemplate\":\"https:\/\/www.cubodeideas.com\/blog\/?s={search_term_string}\"},\"query-input\":{\"@type\":\"PropertyValueSpecification\",\"valueRequired\":true,\"valueName\":\"search_term_string\"}}],\"inLanguage\":\"es\"},{\"@type\":\"Organization\",\"@id\":\"https:\/\/www.cubodeideas.com\/blog\/#organization\",\"name\":\"Cubo de Ideas\",\"url\":\"https:\/\/www.cubodeideas.com\/blog\/\",\"logo\":{\"@type\":\"ImageObject\",\"inLanguage\":\"es\",\"@id\":\"https:\/\/www.cubodeideas.com\/blog\/#\/schema\/logo\/image\/\",\"url\":\"https:\/\/www.cubodeideas.com\/blog\/wp-content\/uploads\/2021\/10\/android-icon-72x72-1.png\",\"contentUrl\":\"https:\/\/www.cubodeideas.com\/blog\/wp-content\/uploads\/2021\/10\/android-icon-72x72-1.png\",\"width\":72,\"height\":72,\"caption\":\"Cubo de Ideas\"},\"image\":{\"@id\":\"https:\/\/www.cubodeideas.com\/blog\/#\/schema\/logo\/image\/\"},\"sameAs\":[\"https:\/\/www.facebook.com\/somoscubodeideas\",\"https:\/\/x.com\/cubo_ideas\",\"https:\/\/www.instagram.com\/cubodeideas\"]},{\"@type\":\"Person\",\"@id\":\"https:\/\/www.cubodeideas.com\/blog\/#\/schema\/person\/5614e43eb76109017cff51a2c7928211\",\"name\":\"Noel Castro\",\"description\":\"LEM Noel Castro Monta\u00f1o es CEO de Cubo de Ideas, Director de Operaciones para Citosa Textiles. Asesor de nuevos mercados y estrategias digitales para el segmento Retail. Especialista en marketing para autoservicios y puntos de venta. Especialista en sistemas de gesti\u00f3n de la calidad con enfoque a la ISO 9001:2015\",\"sameAs\":[\"https:\/\/www.cubodeideas.com\/blog\"],\"url\":\"https:\/\/www.cubodeideas.com\/blog\/author\/admin\/\"}]}<\/script>\n<!-- \/ Yoast SEO plugin. -->","yoast_head_json":{"title":"Impacto de sanciones comerciales en PYMEs exportadoras -","description":"Descubre c\u00f3mo las sanciones comerciales afectan a las PYMEs exportadoras y qu\u00e9 estrategias aplicar para minimizar riesgos.","robots":{"index":"index","follow":"follow","max-snippet":"max-snippet:-1","max-image-preview":"max-image-preview:large","max-video-preview":"max-video-preview:-1"},"canonical":"https:\/\/www.cubodeideas.com\/blog\/negocios\/impacto-de-sanciones-comerciales-en-pymes-exportadoras\/","og_locale":"es_ES","og_type":"article","og_title":"Impacto de sanciones comerciales en PYMEs exportadoras -","og_description":"Descubre c\u00f3mo las sanciones comerciales afectan a las PYMEs exportadoras y qu\u00e9 estrategias aplicar para minimizar riesgos.","og_url":"https:\/\/www.cubodeideas.com\/blog\/negocios\/impacto-de-sanciones-comerciales-en-pymes-exportadoras\/","article_publisher":"https:\/\/www.facebook.com\/somoscubodeideas","article_published_time":"2025-08-11T02:43:33+00:00","og_image":[{"width":1640,"height":924,"url":"https:\/\/www.cubodeideas.com\/blog\/wp-content\/uploads\/2025\/08\/portada-malamen181.png","type":"image\/png"}],"author":"Noel Castro","twitter_card":"summary_large_image","twitter_creator":"@cubo_ideas","twitter_site":"@cubo_ideas","twitter_misc":{"Escrito por":"Noel Castro","Tiempo de lectura":"3 minutos"},"schema":{"@context":"https:\/\/schema.org","@graph":[{"@type":"Article","@id":"https:\/\/www.cubodeideas.com\/blog\/negocios\/impacto-de-sanciones-comerciales-en-pymes-exportadoras\/#article","isPartOf":{"@id":"https:\/\/www.cubodeideas.com\/blog\/negocios\/impacto-de-sanciones-comerciales-en-pymes-exportadoras\/"},"author":{"name":"Noel Castro","@id":"https:\/\/www.cubodeideas.com\/blog\/#\/schema\/person\/5614e43eb76109017cff51a2c7928211"},"headline":"Impacto de sanciones comerciales en PYMEs exportadoras","datePublished":"2025-08-11T02:43:33+00:00","mainEntityOfPage":{"@id":"https:\/\/www.cubodeideas.com\/blog\/negocios\/impacto-de-sanciones-comerciales-en-pymes-exportadoras\/"},"wordCount":596,"commentCount":0,"publisher":{"@id":"https:\/\/www.cubodeideas.com\/blog\/#organization"},"image":{"@id":"https:\/\/www.cubodeideas.com\/blog\/negocios\/impacto-de-sanciones-comerciales-en-pymes-exportadoras\/#primaryimage"},"thumbnailUrl":"https:\/\/www.cubodeideas.com\/blog\/wp-content\/uploads\/2025\/08\/portada-malamen181.png","keywords":["Comercio Internacional","Gesti\u00f3n de riesgos"],"articleSection":["Negocios"],"inLanguage":"es","potentialAction":[{"@type":"CommentAction","name":"Comment","target":["https:\/\/www.cubodeideas.com\/blog\/negocios\/impacto-de-sanciones-comerciales-en-pymes-exportadoras\/#respond"]}]},{"@type":"WebPage","@id":"https:\/\/www.cubodeideas.com\/blog\/negocios\/impacto-de-sanciones-comerciales-en-pymes-exportadoras\/","url":"https:\/\/www.cubodeideas.com\/blog\/negocios\/impacto-de-sanciones-comerciales-en-pymes-exportadoras\/","name":"Impacto de sanciones comerciales en PYMEs exportadoras -","isPartOf":{"@id":"https:\/\/www.cubodeideas.com\/blog\/#website"},"primaryImageOfPage":{"@id":"https:\/\/www.cubodeideas.com\/blog\/negocios\/impacto-de-sanciones-comerciales-en-pymes-exportadoras\/#primaryimage"},"image":{"@id":"https:\/\/www.cubodeideas.com\/blog\/negocios\/impacto-de-sanciones-comerciales-en-pymes-exportadoras\/#primaryimage"},"thumbnailUrl":"https:\/\/www.cubodeideas.com\/blog\/wp-content\/uploads\/2025\/08\/portada-malamen181.png","datePublished":"2025-08-11T02:43:33+00:00","description":"Descubre c\u00f3mo las sanciones comerciales afectan a las PYMEs exportadoras y qu\u00e9 estrategias aplicar para minimizar riesgos.","breadcrumb":{"@id":"https:\/\/www.cubodeideas.com\/blog\/negocios\/impacto-de-sanciones-comerciales-en-pymes-exportadoras\/#breadcrumb"},"inLanguage":"es","potentialAction":[{"@type":"ReadAction","target":["https:\/\/www.cubodeideas.com\/blog\/negocios\/impacto-de-sanciones-comerciales-en-pymes-exportadoras\/"]}]},{"@type":"ImageObject","inLanguage":"es","@id":"https:\/\/www.cubodeideas.com\/blog\/negocios\/impacto-de-sanciones-comerciales-en-pymes-exportadoras\/#primaryimage","url":"https:\/\/www.cubodeideas.com\/blog\/wp-content\/uploads\/2025\/08\/portada-malamen181.png","contentUrl":"https:\/\/www.cubodeideas.com\/blog\/wp-content\/uploads\/2025\/08\/portada-malamen181.png","width":1640,"height":924,"caption":"sanciones comerciales PYMEs exportadoras"},{"@type":"BreadcrumbList","@id":"https:\/\/www.cubodeideas.com\/blog\/negocios\/impacto-de-sanciones-comerciales-en-pymes-exportadoras\/#breadcrumb","itemListElement":[{"@type":"ListItem","position":1,"name":"Portada","item":"https:\/\/www.cubodeideas.com\/blog\/"},{"@type":"ListItem","position":2,"name":"Impacto de sanciones comerciales en PYMEs exportadoras"}]},{"@type":"WebSite","@id":"https:\/\/www.cubodeideas.com\/blog\/#website","url":"https:\/\/www.cubodeideas.com\/blog\/","name":"Cubo de Ideas","description":"Cubo de Ideas, El Blog","publisher":{"@id":"https:\/\/www.cubodeideas.com\/blog\/#organization"},"potentialAction":[{"@type":"SearchAction","target":{"@type":"EntryPoint","urlTemplate":"https:\/\/www.cubodeideas.com\/blog\/?s={search_term_string}"},"query-input":{"@type":"PropertyValueSpecification","valueRequired":true,"valueName":"search_term_string"}}],"inLanguage":"es"},{"@type":"Organization","@id":"https:\/\/www.cubodeideas.com\/blog\/#organization","name":"Cubo de Ideas","url":"https:\/\/www.cubodeideas.com\/blog\/","logo":{"@type":"ImageObject","inLanguage":"es","@id":"https:\/\/www.cubodeideas.com\/blog\/#\/schema\/logo\/image\/","url":"https:\/\/www.cubodeideas.com\/blog\/wp-content\/uploads\/2021\/10\/android-icon-72x72-1.png","contentUrl":"https:\/\/www.cubodeideas.com\/blog\/wp-content\/uploads\/2021\/10\/android-icon-72x72-1.png","width":72,"height":72,"caption":"Cubo de Ideas"},"image":{"@id":"https:\/\/www.cubodeideas.com\/blog\/#\/schema\/logo\/image\/"},"sameAs":["https:\/\/www.facebook.com\/somoscubodeideas","https:\/\/x.com\/cubo_ideas","https:\/\/www.instagram.com\/cubodeideas"]},{"@type":"Person","@id":"https:\/\/www.cubodeideas.com\/blog\/#\/schema\/person\/5614e43eb76109017cff51a2c7928211","name":"Noel Castro","description":"LEM Noel Castro Monta\u00f1o es CEO de Cubo de Ideas, Director de Operaciones para Citosa Textiles. Asesor de nuevos mercados y estrategias digitales para el segmento Retail. Especialista en marketing para autoservicios y puntos de venta. Especialista en sistemas de gesti\u00f3n de la calidad con enfoque a la ISO 9001:2015","sameAs":["https:\/\/www.cubodeideas.com\/blog"],"url":"https:\/\/www.cubodeideas.com\/blog\/author\/admin\/"}]}},"jetpack_publicize_connections":[],"_links":{"self":[{"href":"https:\/\/www.cubodeideas.com\/blog\/wp-json\/wp\/v2\/posts\/2586","targetHints":{"allow":["GET"]}}],"collection":[{"href":"https:\/\/www.cubodeideas.com\/blog\/wp-json\/wp\/v2\/posts"}],"about":[{"href":"https:\/\/www.cubodeideas.com\/blog\/wp-json\/wp\/v2\/types\/post"}],"author":[{"embeddable":true,"href":"https:\/\/www.cubodeideas.com\/blog\/wp-json\/wp\/v2\/users\/1"}],"replies":[{"embeddable":true,"href":"https:\/\/www.cubodeideas.com\/blog\/wp-json\/wp\/v2\/comments?post=2586"}],"version-history":[{"count":1,"href":"https:\/\/www.cubodeideas.com\/blog\/wp-json\/wp\/v2\/posts\/2586\/revisions"}],"predecessor-version":[{"id":2588,"href":"https:\/\/www.cubodeideas.com\/blog\/wp-json\/wp\/v2\/posts\/2586\/revisions\/2588"}],"wp:featuredmedia":[{"embeddable":true,"href":"https:\/\/www.cubodeideas.com\/blog\/wp-json\/wp\/v2\/media\/2587"}],"wp:attachment":[{"href":"https:\/\/www.cubodeideas.com\/blog\/wp-json\/wp\/v2\/media?parent=2586"}],"wp:term":[{"taxonomy":"category","embeddable":true,"href":"https:\/\/www.cubodeideas.com\/blog\/wp-json\/wp\/v2\/categories?post=2586"},{"taxonomy":"post_tag","embeddable":true,"href":"https:\/\/www.cubodeideas.com\/blog\/wp-json\/wp\/v2\/tags?post=2586"}],"curies":[{"name":"wp","href":"https:\/\/api.w.org\/{rel}","templated":true}]}}