{"id":2567,"date":"2025-08-11T01:06:25","date_gmt":"2025-08-11T01:06:25","guid":{"rendered":"https:\/\/www.cubodeideas.com\/blog\/?p=2567"},"modified":"2025-08-11T01:06:25","modified_gmt":"2025-08-11T01:06:25","slug":"capacitacion-interna-efectiva-para-cumplir-con-iso-9001","status":"publish","type":"post","link":"https:\/\/www.cubodeideas.com\/blog\/calidad-total\/capacitacion-interna-efectiva-para-cumplir-con-iso-9001\/","title":{"rendered":"Capacitaci\u00f3n interna efectiva para cumplir con ISO 9001"},"content":{"rendered":"<p data-start=\"338\" data-end=\"688\">Uno de los pilares para mantener un Sistema de Gesti\u00f3n de la Calidad robusto es contar con un programa de <strong data-start=\"444\" data-end=\"503\">capacitaci\u00f3n interna efectiva para cumplir con ISO 9001<\/strong>. La norma exige que el personal cuente con la competencia necesaria para realizar sus funciones y que la organizaci\u00f3n proporcione la formaci\u00f3n requerida para alcanzarla y mantenerla.<\/p>\n<p data-start=\"690\" data-end=\"1148\">Sin embargo, muchas empresas ven la capacitaci\u00f3n como un tr\u00e1mite y no como una herramienta estrat\u00e9gica. Esto genera brechas de conocimiento que pueden derivar en no conformidades durante auditor\u00edas, errores operativos y p\u00e9rdida de oportunidades de mejora. Implementar un plan estructurado de <strong data-start=\"982\" data-end=\"1041\">capacitaci\u00f3n interna efectiva para cumplir con ISO 9001<\/strong> no solo garantiza el cumplimiento normativo, sino que impulsa la eficiencia y la satisfacci\u00f3n del cliente.<\/p>\n<h3 data-start=\"1150\" data-end=\"1206\">Requisitos de ISO 9001 sobre competencia y formaci\u00f3n<\/h3>\n<p data-start=\"1208\" data-end=\"1273\">La norma, en su cl\u00e1usula 7.2, establece que la organizaci\u00f3n debe:<\/p>\n<ol data-start=\"1275\" data-end=\"1688\">\n<li data-start=\"1275\" data-end=\"1408\">\n<p data-start=\"1278\" data-end=\"1408\">Determinar la competencia necesaria para el personal que realiza trabajos que afectan la conformidad de los productos y servicios.<\/p>\n<\/li>\n<li data-start=\"1409\" data-end=\"1518\">\n<p data-start=\"1412\" data-end=\"1518\">Asegurarse de que las personas son competentes, bas\u00e1ndose en educaci\u00f3n, formaci\u00f3n o experiencia apropiada.<\/p>\n<\/li>\n<li data-start=\"1519\" data-end=\"1617\">\n<p data-start=\"1522\" data-end=\"1617\">Tomar acciones para adquirir la competencia necesaria y evaluar la eficacia de dichas acciones.<\/p>\n<\/li>\n<li data-start=\"1618\" data-end=\"1688\">\n<p data-start=\"1621\" data-end=\"1688\">Conservar la informaci\u00f3n documentada como evidencia de competencia.<\/p>\n<\/li>\n<\/ol>\n<p data-start=\"1690\" data-end=\"1812\">Esto implica que la capacitaci\u00f3n no es opcional, y debe estar documentada, medida y alineada con los objetivos de calidad.<\/p>\n<h3 data-start=\"1814\" data-end=\"1853\">Diagn\u00f3stico inicial de competencias<\/h3>\n<p data-start=\"1855\" data-end=\"2013\">El primer paso para una <strong data-start=\"1879\" data-end=\"1938\">capacitaci\u00f3n interna efectiva para cumplir con ISO 9001<\/strong> es realizar un an\u00e1lisis de brechas de competencia. Esto se logra mediante:<\/p>\n<ul data-start=\"2015\" data-end=\"2347\">\n<li data-start=\"2015\" data-end=\"2115\">\n<p data-start=\"2017\" data-end=\"2115\"><strong data-start=\"2017\" data-end=\"2051\">Revisi\u00f3n de perfiles de puesto<\/strong>: Identificar las competencias t\u00e9cnicas y de gesti\u00f3n requeridas.<\/p>\n<\/li>\n<li data-start=\"2116\" data-end=\"2217\">\n<p data-start=\"2118\" data-end=\"2217\"><strong data-start=\"2118\" data-end=\"2145\">Evaluaci\u00f3n del personal<\/strong>: Medir el nivel de dominio actual frente a las competencias requeridas.<\/p>\n<\/li>\n<li data-start=\"2218\" data-end=\"2347\">\n<p data-start=\"2220\" data-end=\"2347\"><strong data-start=\"2220\" data-end=\"2251\">Priorizaci\u00f3n de necesidades<\/strong>: Enfocar esfuerzos en \u00e1reas cr\u00edticas que afectan el cumplimiento y la satisfacci\u00f3n del cliente.<\/p>\n<\/li>\n<\/ul>\n<p data-start=\"2349\" data-end=\"2452\">Un diagn\u00f3stico preciso evita invertir tiempo y recursos en formaciones que no aporten valor al sistema.<\/p>\n<h3 data-start=\"2454\" data-end=\"2508\">Estrategias para una capacitaci\u00f3n interna efectiva<\/h3>\n<p data-start=\"2510\" data-end=\"2629\">Para que la capacitaci\u00f3n tenga un impacto real, debe cumplir tres principios: pertinencia, aplicabilidad y seguimiento.<\/p>\n<ol data-start=\"2631\" data-end=\"3263\">\n<li data-start=\"2631\" data-end=\"2822\">\n<p data-start=\"2634\" data-end=\"2822\"><strong data-start=\"2634\" data-end=\"2663\">Dise\u00f1o basado en procesos<\/strong>: La capacitaci\u00f3n debe alinearse con los procesos del sistema de gesti\u00f3n, de forma que los participantes comprendan su aplicaci\u00f3n directa en el trabajo diario.<\/p>\n<\/li>\n<li data-start=\"2823\" data-end=\"2969\">\n<p data-start=\"2826\" data-end=\"2969\"><strong data-start=\"2826\" data-end=\"2858\">Formaci\u00f3n modular y pr\u00e1ctica<\/strong>: Evitar sesiones te\u00f3ricas extensas sin ejemplos reales. Incorporar casos pr\u00e1cticos y ejercicios de aplicaci\u00f3n.<\/p>\n<\/li>\n<li data-start=\"2970\" data-end=\"3077\">\n<p data-start=\"2973\" data-end=\"3077\"><strong data-start=\"2973\" data-end=\"2994\">Metodolog\u00eda mixta<\/strong>: Combinar formaci\u00f3n presencial, e-learning y capacitaci\u00f3n en el puesto de trabajo.<\/p>\n<\/li>\n<li data-start=\"3078\" data-end=\"3164\">\n<p data-start=\"3081\" data-end=\"3164\"><strong data-start=\"3081\" data-end=\"3104\">Evaluaci\u00f3n continua<\/strong>: Medir la comprensi\u00f3n durante y despu\u00e9s de la capacitaci\u00f3n.<\/p>\n<\/li>\n<li data-start=\"3165\" data-end=\"3263\">\n<p data-start=\"3168\" data-end=\"3263\"><strong data-start=\"3168\" data-end=\"3206\">Retroalimentaci\u00f3n del participante<\/strong>: Recoger impresiones para mejorar el programa formativo.<\/p>\n<\/li>\n<\/ol>\n<h3 data-start=\"3265\" data-end=\"3319\">Formatos pr\u00e1cticos para documentar la capacitaci\u00f3n<\/h3>\n<p data-start=\"3321\" data-end=\"3454\">ISO 9001 exige conservar evidencia de la competencia y de las acciones de formaci\u00f3n realizadas. Los formatos m\u00e1s utilizados incluyen:<\/p>\n<ul data-start=\"3456\" data-end=\"3890\">\n<li data-start=\"3456\" data-end=\"3551\">\n<p data-start=\"3458\" data-end=\"3551\"><strong data-start=\"3458\" data-end=\"3488\">Plan anual de capacitaci\u00f3n<\/strong>: Documento que define temas, responsables, fechas y objetivos.<\/p>\n<\/li>\n<li data-start=\"3552\" data-end=\"3622\">\n<p data-start=\"3554\" data-end=\"3622\"><strong data-start=\"3554\" data-end=\"3580\">Registro de asistencia<\/strong>: Evidencia de participaci\u00f3n del personal.<\/p>\n<\/li>\n<li data-start=\"3623\" data-end=\"3718\">\n<p data-start=\"3625\" data-end=\"3718\"><strong data-start=\"3625\" data-end=\"3656\">Evaluaciones de aprendizaje<\/strong>: Cuestionarios o pruebas pr\u00e1cticas para medir la comprensi\u00f3n.<\/p>\n<\/li>\n<li data-start=\"3719\" data-end=\"3800\">\n<p data-start=\"3721\" data-end=\"3800\"><strong data-start=\"3721\" data-end=\"3751\">Actas de retroalimentaci\u00f3n<\/strong>: Comentarios del capacitador y del participante.<\/p>\n<\/li>\n<li data-start=\"3801\" data-end=\"3890\">\n<p data-start=\"3803\" data-end=\"3890\"><strong data-start=\"3803\" data-end=\"3843\">Lista de verificaci\u00f3n de competencia<\/strong>: Documento que valida habilidades espec\u00edficas.<\/p>\n<\/li>\n<\/ul>\n<p data-start=\"3892\" data-end=\"3985\">Tener estos formatos actualizados facilita el trabajo durante auditor\u00edas internas y externas.<\/p>\n<h3 data-start=\"3987\" data-end=\"4042\">Ejemplo t\u00e9cnico de capacitaci\u00f3n alineada a ISO 9001<\/h3>\n<p data-start=\"4044\" data-end=\"4309\">Una empresa de manufactura detecta que en el proceso de control de calidad existen errores recurrentes en la interpretaci\u00f3n de planos t\u00e9cnicos. El an\u00e1lisis de brechas identifica que varios inspectores no han recibido capacitaci\u00f3n formal en simbolog\u00eda y tolerancias.<\/p>\n<p data-start=\"4311\" data-end=\"4330\"><strong data-start=\"4311\" data-end=\"4329\">Plan de acci\u00f3n<\/strong>:<\/p>\n<ol data-start=\"4332\" data-end=\"4676\">\n<li data-start=\"4332\" data-end=\"4384\">\n<p data-start=\"4335\" data-end=\"4384\">Incluir el tema en el plan anual de capacitaci\u00f3n.<\/p>\n<\/li>\n<li data-start=\"4385\" data-end=\"4462\">\n<p data-start=\"4388\" data-end=\"4462\">Dise\u00f1ar un curso pr\u00e1ctico con piezas reales y ejemplos de errores comunes.<\/p>\n<\/li>\n<li data-start=\"4463\" data-end=\"4520\">\n<p data-start=\"4466\" data-end=\"4520\">Evaluar a los participantes antes y despu\u00e9s del curso.<\/p>\n<\/li>\n<li data-start=\"4521\" data-end=\"4586\">\n<p data-start=\"4524\" data-end=\"4586\">Documentar la asistencia y los resultados de las evaluaciones.<\/p>\n<\/li>\n<li data-start=\"4587\" data-end=\"4676\">\n<p data-start=\"4590\" data-end=\"4676\">Monitorear en los siguientes meses la reducci\u00f3n de errores como indicador de eficacia.<\/p>\n<\/li>\n<\/ol>\n<p data-start=\"4678\" data-end=\"4805\">Este ejemplo demuestra c\u00f3mo la capacitaci\u00f3n interna no solo cumple con la norma, sino que mejora indicadores clave del proceso.<\/p>\n<h3 data-start=\"4807\" data-end=\"4853\">Medici\u00f3n de la eficacia de la capacitaci\u00f3n<\/h3>\n<p data-start=\"4855\" data-end=\"4971\">ISO 9001 solicita que se eval\u00fae la eficacia de las acciones de competencia. Algunas m\u00e9tricas para lograrlo incluyen:<\/p>\n<ul data-start=\"4973\" data-end=\"5226\">\n<li data-start=\"4973\" data-end=\"5040\">\n<p data-start=\"4975\" data-end=\"5040\">Disminuci\u00f3n de no conformidades relacionadas con errores humanos.<\/p>\n<\/li>\n<li data-start=\"5041\" data-end=\"5090\">\n<p data-start=\"5043\" data-end=\"5090\">Mejora en los tiempos de ejecuci\u00f3n de procesos.<\/p>\n<\/li>\n<li data-start=\"5091\" data-end=\"5164\">\n<p data-start=\"5093\" data-end=\"5164\">Aumento en los puntajes de auditor\u00edas internas en procesos capacitados.<\/p>\n<\/li>\n<li data-start=\"5165\" data-end=\"5226\">\n<p data-start=\"5167\" data-end=\"5226\">Retroalimentaci\u00f3n positiva de clientes internos y externos.<\/p>\n<\/li>\n<\/ul>\n<p data-start=\"5228\" data-end=\"5330\">Si la capacitaci\u00f3n no genera mejoras tangibles, debe revisarse su contenido, metodolog\u00eda o relevancia.<\/p>\n<h3 data-start=\"5332\" data-end=\"5387\">Errores comunes al implementar capacitaci\u00f3n interna<\/h3>\n<ul data-start=\"5389\" data-end=\"5776\">\n<li data-start=\"5389\" data-end=\"5492\">\n<p data-start=\"5391\" data-end=\"5492\"><strong data-start=\"5391\" data-end=\"5427\">Capacitar sin diagn\u00f3stico previo<\/strong>: Genera formaciones gen\u00e9ricas que no resuelven problemas reales.<\/p>\n<\/li>\n<li data-start=\"5493\" data-end=\"5573\">\n<p data-start=\"5495\" data-end=\"5573\"><strong data-start=\"5495\" data-end=\"5519\">Falta de seguimiento<\/strong>: La capacitaci\u00f3n se da, pero no se eval\u00faa su impacto.<\/p>\n<\/li>\n<li data-start=\"5574\" data-end=\"5655\">\n<p data-start=\"5576\" data-end=\"5655\"><strong data-start=\"5576\" data-end=\"5604\">No documentar evidencias<\/strong>: Esto puede generar no conformidades en auditor\u00eda.<\/p>\n<\/li>\n<li data-start=\"5656\" data-end=\"5776\">\n<p data-start=\"5658\" data-end=\"5776\"><strong data-start=\"5658\" data-end=\"5698\">Confundir capacitaci\u00f3n con inducci\u00f3n<\/strong>: La inducci\u00f3n inicial es importante, pero no sustituye la formaci\u00f3n continua.<\/p>\n<\/li>\n<\/ul>\n<p data-start=\"5778\" data-end=\"5919\">Evitar estos errores es clave para que la <strong data-start=\"5820\" data-end=\"5879\">capacitaci\u00f3n interna efectiva para cumplir con ISO 9001<\/strong> sea una herramienta de mejora continua.<\/p>\n<h3 data-start=\"5921\" data-end=\"5975\">Beneficios estrat\u00e9gicos de la capacitaci\u00f3n interna<\/h3>\n<ul data-start=\"5977\" data-end=\"6235\">\n<li data-start=\"5977\" data-end=\"6052\">\n<p data-start=\"5979\" data-end=\"6052\">Garantiza el cumplimiento normativo y reduce riesgos de no conformidades.<\/p>\n<\/li>\n<li data-start=\"6053\" data-end=\"6127\">\n<p data-start=\"6055\" data-end=\"6127\">Incrementa la eficiencia operativa y la calidad del producto o servicio.<\/p>\n<\/li>\n<li data-start=\"6128\" data-end=\"6176\">\n<p data-start=\"6130\" data-end=\"6176\">Mejora la motivaci\u00f3n y retenci\u00f3n del personal.<\/p>\n<\/li>\n<li data-start=\"6177\" data-end=\"6235\">\n<p data-start=\"6179\" data-end=\"6235\">Fortalece la cultura de calidad en toda la organizaci\u00f3n.<\/p>\n<\/li>\n<\/ul>\n<p data-start=\"6237\" data-end=\"6439\">Invertir en un plan de <strong data-start=\"6260\" data-end=\"6319\">capacitaci\u00f3n interna efectiva para cumplir con ISO 9001<\/strong> no solo es un requisito, es una ventaja competitiva que asegura la sostenibilidad del sistema de gesti\u00f3n a largo plazo.<\/p>\n<div class=\"pvc_clear\"><\/div>\n<p id=\"pvc_stats_2567\" class=\"pvc_stats all  \" data-element-id=\"2567\" style=\"\"><i class=\"pvc-stats-icon medium\" aria-hidden=\"true\"><svg aria-hidden=\"true\" focusable=\"false\" data-prefix=\"far\" data-icon=\"chart-bar\" role=\"img\" xmlns=\"http:\/\/www.w3.org\/2000\/svg\" viewBox=\"0 0 512 512\" class=\"svg-inline--fa fa-chart-bar fa-w-16 fa-2x\"><path fill=\"currentColor\" d=\"M396.8 352h22.4c6.4 0 12.8-6.4 12.8-12.8V108.8c0-6.4-6.4-12.8-12.8-12.8h-22.4c-6.4 0-12.8 6.4-12.8 12.8v230.4c0 6.4 6.4 12.8 12.8 12.8zm-192 0h22.4c6.4 0 12.8-6.4 12.8-12.8V140.8c0-6.4-6.4-12.8-12.8-12.8h-22.4c-6.4 0-12.8 6.4-12.8 12.8v198.4c0 6.4 6.4 12.8 12.8 12.8zm96 0h22.4c6.4 0 12.8-6.4 12.8-12.8V204.8c0-6.4-6.4-12.8-12.8-12.8h-22.4c-6.4 0-12.8 6.4-12.8 12.8v134.4c0 6.4 6.4 12.8 12.8 12.8zM496 400H48V80c0-8.84-7.16-16-16-16H16C7.16 64 0 71.16 0 80v336c0 17.67 14.33 32 32 32h464c8.84 0 16-7.16 16-16v-16c0-8.84-7.16-16-16-16zm-387.2-48h22.4c6.4 0 12.8-6.4 12.8-12.8v-70.4c0-6.4-6.4-12.8-12.8-12.8h-22.4c-6.4 0-12.8 6.4-12.8 12.8v70.4c0 6.4 6.4 12.8 12.8 12.8z\" class=\"\"><\/path><\/svg><\/i> <img loading=\"lazy\" decoding=\"async\" width=\"16\" height=\"16\" alt=\"Loading\" src=\"https:\/\/www.cubodeideas.com\/blog\/wp-content\/plugins\/page-views-count\/ajax-loader-2x.gif\" border=0 \/><\/p>\n<div class=\"pvc_clear\"><\/div>\n","protected":false},"excerpt":{"rendered":"<p>Uno de los pilares para mantener un Sistema de Gesti\u00f3n de la Calidad robusto es contar con un programa de capacitaci\u00f3n interna efectiva para cumplir con ISO 9001. La norma exige que el personal cuente con la competencia necesaria para realizar sus funciones y que la organizaci\u00f3n proporcione la formaci\u00f3n requerida para alcanzarla y mantenerla. [&hellip;]<\/p>\n<div class=\"pvc_clear\"><\/div>\n<p id=\"pvc_stats_2567\" class=\"pvc_stats all  \" data-element-id=\"2567\" style=\"\"><i class=\"pvc-stats-icon medium\" aria-hidden=\"true\"><svg aria-hidden=\"true\" focusable=\"false\" data-prefix=\"far\" data-icon=\"chart-bar\" role=\"img\" xmlns=\"http:\/\/www.w3.org\/2000\/svg\" viewBox=\"0 0 512 512\" class=\"svg-inline--fa fa-chart-bar fa-w-16 fa-2x\"><path fill=\"currentColor\" d=\"M396.8 352h22.4c6.4 0 12.8-6.4 12.8-12.8V108.8c0-6.4-6.4-12.8-12.8-12.8h-22.4c-6.4 0-12.8 6.4-12.8 12.8v230.4c0 6.4 6.4 12.8 12.8 12.8zm-192 0h22.4c6.4 0 12.8-6.4 12.8-12.8V140.8c0-6.4-6.4-12.8-12.8-12.8h-22.4c-6.4 0-12.8 6.4-12.8 12.8v198.4c0 6.4 6.4 12.8 12.8 12.8zm96 0h22.4c6.4 0 12.8-6.4 12.8-12.8V204.8c0-6.4-6.4-12.8-12.8-12.8h-22.4c-6.4 0-12.8 6.4-12.8 12.8v134.4c0 6.4 6.4 12.8 12.8 12.8zM496 400H48V80c0-8.84-7.16-16-16-16H16C7.16 64 0 71.16 0 80v336c0 17.67 14.33 32 32 32h464c8.84 0 16-7.16 16-16v-16c0-8.84-7.16-16-16-16zm-387.2-48h22.4c6.4 0 12.8-6.4 12.8-12.8v-70.4c0-6.4-6.4-12.8-12.8-12.8h-22.4c-6.4 0-12.8 6.4-12.8 12.8v70.4c0 6.4 6.4 12.8 12.8 12.8z\" class=\"\"><\/path><\/svg><\/i> <img loading=\"lazy\" decoding=\"async\" width=\"16\" height=\"16\" alt=\"Loading\" src=\"https:\/\/www.cubodeideas.com\/blog\/wp-content\/plugins\/page-views-count\/ajax-loader-2x.gif\" border=0 \/><\/p>\n<div class=\"pvc_clear\"><\/div>\n","protected":false},"author":1,"featured_media":2568,"comment_status":"open","ping_status":"closed","sticky":false,"template":"","format":"standard","meta":{"footnotes":"","jetpack_publicize_message":"","jetpack_publicize_feature_enabled":true,"jetpack_social_post_already_shared":false,"jetpack_social_options":{"image_generator_settings":{"template":"highway","default_image_id":0,"font":"","enabled":false},"version":2}},"categories":[14],"tags":[1225,333],"class_list":["post-2567","post","type-post","status-publish","format-standard","has-post-thumbnail","hentry","category-calidad-total","tag-capacitacion-interna","tag-iso-9001"],"blocksy_meta":[],"yoast_head":"<!-- This site is optimized with the Yoast SEO plugin v27.0 - https:\/\/yoast.com\/product\/yoast-seo-wordpress\/ -->\n<title>Capacitaci\u00f3n interna efectiva para cumplir con ISO 9001 -<\/title>\n<meta name=\"description\" content=\"Dise\u00f1a y documenta capacitaci\u00f3n interna efectiva para cumplir con ISO 9001 y mejora la competencia de tu equipo.\" \/>\n<meta name=\"robots\" content=\"index, follow, max-snippet:-1, max-image-preview:large, max-video-preview:-1\" \/>\n<link rel=\"canonical\" href=\"https:\/\/www.cubodeideas.com\/blog\/calidad-total\/capacitacion-interna-efectiva-para-cumplir-con-iso-9001\/\" \/>\n<meta property=\"og:locale\" content=\"es_ES\" \/>\n<meta property=\"og:type\" content=\"article\" \/>\n<meta property=\"og:title\" content=\"Capacitaci\u00f3n interna efectiva para cumplir con ISO 9001 -\" \/>\n<meta property=\"og:description\" content=\"Dise\u00f1a y documenta capacitaci\u00f3n interna efectiva para cumplir con ISO 9001 y mejora la competencia de tu equipo.\" \/>\n<meta property=\"og:url\" content=\"https:\/\/www.cubodeideas.com\/blog\/calidad-total\/capacitacion-interna-efectiva-para-cumplir-con-iso-9001\/\" \/>\n<meta property=\"article:publisher\" content=\"https:\/\/www.facebook.com\/somoscubodeideas\" \/>\n<meta property=\"article:published_time\" content=\"2025-08-11T01:06:25+00:00\" \/>\n<meta property=\"og:image\" content=\"https:\/\/www.cubodeideas.com\/blog\/wp-content\/uploads\/2025\/08\/portada-malamen175.png\" \/>\n\t<meta property=\"og:image:width\" content=\"1640\" \/>\n\t<meta property=\"og:image:height\" content=\"924\" \/>\n\t<meta property=\"og:image:type\" content=\"image\/png\" \/>\n<meta name=\"author\" content=\"Noel Castro\" \/>\n<meta name=\"twitter:card\" content=\"summary_large_image\" \/>\n<meta name=\"twitter:creator\" content=\"@cubo_ideas\" \/>\n<meta name=\"twitter:site\" content=\"@cubo_ideas\" \/>\n<meta name=\"twitter:label1\" content=\"Escrito por\" \/>\n\t<meta name=\"twitter:data1\" content=\"Noel Castro\" \/>\n\t<meta name=\"twitter:label2\" content=\"Tiempo de lectura\" \/>\n\t<meta name=\"twitter:data2\" content=\"5 minutos\" \/>\n<script type=\"application\/ld+json\" class=\"yoast-schema-graph\">{\"@context\":\"https:\/\/schema.org\",\"@graph\":[{\"@type\":\"Article\",\"@id\":\"https:\/\/www.cubodeideas.com\/blog\/calidad-total\/capacitacion-interna-efectiva-para-cumplir-con-iso-9001\/#article\",\"isPartOf\":{\"@id\":\"https:\/\/www.cubodeideas.com\/blog\/calidad-total\/capacitacion-interna-efectiva-para-cumplir-con-iso-9001\/\"},\"author\":{\"name\":\"Noel Castro\",\"@id\":\"https:\/\/www.cubodeideas.com\/blog\/#\/schema\/person\/5614e43eb76109017cff51a2c7928211\"},\"headline\":\"Capacitaci\u00f3n interna efectiva para cumplir con ISO 9001\",\"datePublished\":\"2025-08-11T01:06:25+00:00\",\"mainEntityOfPage\":{\"@id\":\"https:\/\/www.cubodeideas.com\/blog\/calidad-total\/capacitacion-interna-efectiva-para-cumplir-con-iso-9001\/\"},\"wordCount\":944,\"commentCount\":0,\"publisher\":{\"@id\":\"https:\/\/www.cubodeideas.com\/blog\/#organization\"},\"image\":{\"@id\":\"https:\/\/www.cubodeideas.com\/blog\/calidad-total\/capacitacion-interna-efectiva-para-cumplir-con-iso-9001\/#primaryimage\"},\"thumbnailUrl\":\"https:\/\/www.cubodeideas.com\/blog\/wp-content\/uploads\/2025\/08\/portada-malamen175.png\",\"keywords\":[\"capacitaci\u00f3n interna\",\"ISO 9001\"],\"articleSection\":[\"Calidad Total\"],\"inLanguage\":\"es\",\"potentialAction\":[{\"@type\":\"CommentAction\",\"name\":\"Comment\",\"target\":[\"https:\/\/www.cubodeideas.com\/blog\/calidad-total\/capacitacion-interna-efectiva-para-cumplir-con-iso-9001\/#respond\"]}]},{\"@type\":\"WebPage\",\"@id\":\"https:\/\/www.cubodeideas.com\/blog\/calidad-total\/capacitacion-interna-efectiva-para-cumplir-con-iso-9001\/\",\"url\":\"https:\/\/www.cubodeideas.com\/blog\/calidad-total\/capacitacion-interna-efectiva-para-cumplir-con-iso-9001\/\",\"name\":\"Capacitaci\u00f3n interna efectiva para cumplir con ISO 9001 -\",\"isPartOf\":{\"@id\":\"https:\/\/www.cubodeideas.com\/blog\/#website\"},\"primaryImageOfPage\":{\"@id\":\"https:\/\/www.cubodeideas.com\/blog\/calidad-total\/capacitacion-interna-efectiva-para-cumplir-con-iso-9001\/#primaryimage\"},\"image\":{\"@id\":\"https:\/\/www.cubodeideas.com\/blog\/calidad-total\/capacitacion-interna-efectiva-para-cumplir-con-iso-9001\/#primaryimage\"},\"thumbnailUrl\":\"https:\/\/www.cubodeideas.com\/blog\/wp-content\/uploads\/2025\/08\/portada-malamen175.png\",\"datePublished\":\"2025-08-11T01:06:25+00:00\",\"description\":\"Dise\u00f1a y documenta capacitaci\u00f3n interna efectiva para cumplir con ISO 9001 y mejora la competencia de tu equipo.\",\"breadcrumb\":{\"@id\":\"https:\/\/www.cubodeideas.com\/blog\/calidad-total\/capacitacion-interna-efectiva-para-cumplir-con-iso-9001\/#breadcrumb\"},\"inLanguage\":\"es\",\"potentialAction\":[{\"@type\":\"ReadAction\",\"target\":[\"https:\/\/www.cubodeideas.com\/blog\/calidad-total\/capacitacion-interna-efectiva-para-cumplir-con-iso-9001\/\"]}]},{\"@type\":\"ImageObject\",\"inLanguage\":\"es\",\"@id\":\"https:\/\/www.cubodeideas.com\/blog\/calidad-total\/capacitacion-interna-efectiva-para-cumplir-con-iso-9001\/#primaryimage\",\"url\":\"https:\/\/www.cubodeideas.com\/blog\/wp-content\/uploads\/2025\/08\/portada-malamen175.png\",\"contentUrl\":\"https:\/\/www.cubodeideas.com\/blog\/wp-content\/uploads\/2025\/08\/portada-malamen175.png\",\"width\":1640,\"height\":924,\"caption\":\"capacitaci\u00f3n interna efectiva para cumplir con ISO 9001\"},{\"@type\":\"BreadcrumbList\",\"@id\":\"https:\/\/www.cubodeideas.com\/blog\/calidad-total\/capacitacion-interna-efectiva-para-cumplir-con-iso-9001\/#breadcrumb\",\"itemListElement\":[{\"@type\":\"ListItem\",\"position\":1,\"name\":\"Portada\",\"item\":\"https:\/\/www.cubodeideas.com\/blog\/\"},{\"@type\":\"ListItem\",\"position\":2,\"name\":\"Capacitaci\u00f3n interna efectiva para cumplir con ISO 9001\"}]},{\"@type\":\"WebSite\",\"@id\":\"https:\/\/www.cubodeideas.com\/blog\/#website\",\"url\":\"https:\/\/www.cubodeideas.com\/blog\/\",\"name\":\"Cubo de Ideas\",\"description\":\"Cubo de Ideas, El Blog\",\"publisher\":{\"@id\":\"https:\/\/www.cubodeideas.com\/blog\/#organization\"},\"potentialAction\":[{\"@type\":\"SearchAction\",\"target\":{\"@type\":\"EntryPoint\",\"urlTemplate\":\"https:\/\/www.cubodeideas.com\/blog\/?s={search_term_string}\"},\"query-input\":{\"@type\":\"PropertyValueSpecification\",\"valueRequired\":true,\"valueName\":\"search_term_string\"}}],\"inLanguage\":\"es\"},{\"@type\":\"Organization\",\"@id\":\"https:\/\/www.cubodeideas.com\/blog\/#organization\",\"name\":\"Cubo de Ideas\",\"url\":\"https:\/\/www.cubodeideas.com\/blog\/\",\"logo\":{\"@type\":\"ImageObject\",\"inLanguage\":\"es\",\"@id\":\"https:\/\/www.cubodeideas.com\/blog\/#\/schema\/logo\/image\/\",\"url\":\"https:\/\/www.cubodeideas.com\/blog\/wp-content\/uploads\/2021\/10\/android-icon-72x72-1.png\",\"contentUrl\":\"https:\/\/www.cubodeideas.com\/blog\/wp-content\/uploads\/2021\/10\/android-icon-72x72-1.png\",\"width\":72,\"height\":72,\"caption\":\"Cubo de Ideas\"},\"image\":{\"@id\":\"https:\/\/www.cubodeideas.com\/blog\/#\/schema\/logo\/image\/\"},\"sameAs\":[\"https:\/\/www.facebook.com\/somoscubodeideas\",\"https:\/\/x.com\/cubo_ideas\",\"https:\/\/www.instagram.com\/cubodeideas\"]},{\"@type\":\"Person\",\"@id\":\"https:\/\/www.cubodeideas.com\/blog\/#\/schema\/person\/5614e43eb76109017cff51a2c7928211\",\"name\":\"Noel Castro\",\"description\":\"LEM Noel Castro Monta\u00f1o es CEO de Cubo de Ideas, Director de Operaciones para Citosa Textiles. Asesor de nuevos mercados y estrategias digitales para el segmento Retail. Especialista en marketing para autoservicios y puntos de venta. Especialista en sistemas de gesti\u00f3n de la calidad con enfoque a la ISO 9001:2015\",\"sameAs\":[\"https:\/\/www.cubodeideas.com\/blog\"],\"url\":\"https:\/\/www.cubodeideas.com\/blog\/author\/admin\/\"}]}<\/script>\n<!-- \/ Yoast SEO plugin. -->","yoast_head_json":{"title":"Capacitaci\u00f3n interna efectiva para cumplir con ISO 9001 -","description":"Dise\u00f1a y documenta capacitaci\u00f3n interna efectiva para cumplir con ISO 9001 y mejora la competencia de tu equipo.","robots":{"index":"index","follow":"follow","max-snippet":"max-snippet:-1","max-image-preview":"max-image-preview:large","max-video-preview":"max-video-preview:-1"},"canonical":"https:\/\/www.cubodeideas.com\/blog\/calidad-total\/capacitacion-interna-efectiva-para-cumplir-con-iso-9001\/","og_locale":"es_ES","og_type":"article","og_title":"Capacitaci\u00f3n interna efectiva para cumplir con ISO 9001 -","og_description":"Dise\u00f1a y documenta capacitaci\u00f3n interna efectiva para cumplir con ISO 9001 y mejora la competencia de tu equipo.","og_url":"https:\/\/www.cubodeideas.com\/blog\/calidad-total\/capacitacion-interna-efectiva-para-cumplir-con-iso-9001\/","article_publisher":"https:\/\/www.facebook.com\/somoscubodeideas","article_published_time":"2025-08-11T01:06:25+00:00","og_image":[{"width":1640,"height":924,"url":"https:\/\/www.cubodeideas.com\/blog\/wp-content\/uploads\/2025\/08\/portada-malamen175.png","type":"image\/png"}],"author":"Noel Castro","twitter_card":"summary_large_image","twitter_creator":"@cubo_ideas","twitter_site":"@cubo_ideas","twitter_misc":{"Escrito por":"Noel Castro","Tiempo de lectura":"5 minutos"},"schema":{"@context":"https:\/\/schema.org","@graph":[{"@type":"Article","@id":"https:\/\/www.cubodeideas.com\/blog\/calidad-total\/capacitacion-interna-efectiva-para-cumplir-con-iso-9001\/#article","isPartOf":{"@id":"https:\/\/www.cubodeideas.com\/blog\/calidad-total\/capacitacion-interna-efectiva-para-cumplir-con-iso-9001\/"},"author":{"name":"Noel Castro","@id":"https:\/\/www.cubodeideas.com\/blog\/#\/schema\/person\/5614e43eb76109017cff51a2c7928211"},"headline":"Capacitaci\u00f3n interna efectiva para cumplir con ISO 9001","datePublished":"2025-08-11T01:06:25+00:00","mainEntityOfPage":{"@id":"https:\/\/www.cubodeideas.com\/blog\/calidad-total\/capacitacion-interna-efectiva-para-cumplir-con-iso-9001\/"},"wordCount":944,"commentCount":0,"publisher":{"@id":"https:\/\/www.cubodeideas.com\/blog\/#organization"},"image":{"@id":"https:\/\/www.cubodeideas.com\/blog\/calidad-total\/capacitacion-interna-efectiva-para-cumplir-con-iso-9001\/#primaryimage"},"thumbnailUrl":"https:\/\/www.cubodeideas.com\/blog\/wp-content\/uploads\/2025\/08\/portada-malamen175.png","keywords":["capacitaci\u00f3n interna","ISO 9001"],"articleSection":["Calidad Total"],"inLanguage":"es","potentialAction":[{"@type":"CommentAction","name":"Comment","target":["https:\/\/www.cubodeideas.com\/blog\/calidad-total\/capacitacion-interna-efectiva-para-cumplir-con-iso-9001\/#respond"]}]},{"@type":"WebPage","@id":"https:\/\/www.cubodeideas.com\/blog\/calidad-total\/capacitacion-interna-efectiva-para-cumplir-con-iso-9001\/","url":"https:\/\/www.cubodeideas.com\/blog\/calidad-total\/capacitacion-interna-efectiva-para-cumplir-con-iso-9001\/","name":"Capacitaci\u00f3n interna efectiva para cumplir con ISO 9001 -","isPartOf":{"@id":"https:\/\/www.cubodeideas.com\/blog\/#website"},"primaryImageOfPage":{"@id":"https:\/\/www.cubodeideas.com\/blog\/calidad-total\/capacitacion-interna-efectiva-para-cumplir-con-iso-9001\/#primaryimage"},"image":{"@id":"https:\/\/www.cubodeideas.com\/blog\/calidad-total\/capacitacion-interna-efectiva-para-cumplir-con-iso-9001\/#primaryimage"},"thumbnailUrl":"https:\/\/www.cubodeideas.com\/blog\/wp-content\/uploads\/2025\/08\/portada-malamen175.png","datePublished":"2025-08-11T01:06:25+00:00","description":"Dise\u00f1a y documenta capacitaci\u00f3n interna efectiva para cumplir con ISO 9001 y mejora la competencia de tu equipo.","breadcrumb":{"@id":"https:\/\/www.cubodeideas.com\/blog\/calidad-total\/capacitacion-interna-efectiva-para-cumplir-con-iso-9001\/#breadcrumb"},"inLanguage":"es","potentialAction":[{"@type":"ReadAction","target":["https:\/\/www.cubodeideas.com\/blog\/calidad-total\/capacitacion-interna-efectiva-para-cumplir-con-iso-9001\/"]}]},{"@type":"ImageObject","inLanguage":"es","@id":"https:\/\/www.cubodeideas.com\/blog\/calidad-total\/capacitacion-interna-efectiva-para-cumplir-con-iso-9001\/#primaryimage","url":"https:\/\/www.cubodeideas.com\/blog\/wp-content\/uploads\/2025\/08\/portada-malamen175.png","contentUrl":"https:\/\/www.cubodeideas.com\/blog\/wp-content\/uploads\/2025\/08\/portada-malamen175.png","width":1640,"height":924,"caption":"capacitaci\u00f3n interna efectiva para cumplir con ISO 9001"},{"@type":"BreadcrumbList","@id":"https:\/\/www.cubodeideas.com\/blog\/calidad-total\/capacitacion-interna-efectiva-para-cumplir-con-iso-9001\/#breadcrumb","itemListElement":[{"@type":"ListItem","position":1,"name":"Portada","item":"https:\/\/www.cubodeideas.com\/blog\/"},{"@type":"ListItem","position":2,"name":"Capacitaci\u00f3n interna efectiva para cumplir con ISO 9001"}]},{"@type":"WebSite","@id":"https:\/\/www.cubodeideas.com\/blog\/#website","url":"https:\/\/www.cubodeideas.com\/blog\/","name":"Cubo de Ideas","description":"Cubo de Ideas, El Blog","publisher":{"@id":"https:\/\/www.cubodeideas.com\/blog\/#organization"},"potentialAction":[{"@type":"SearchAction","target":{"@type":"EntryPoint","urlTemplate":"https:\/\/www.cubodeideas.com\/blog\/?s={search_term_string}"},"query-input":{"@type":"PropertyValueSpecification","valueRequired":true,"valueName":"search_term_string"}}],"inLanguage":"es"},{"@type":"Organization","@id":"https:\/\/www.cubodeideas.com\/blog\/#organization","name":"Cubo de Ideas","url":"https:\/\/www.cubodeideas.com\/blog\/","logo":{"@type":"ImageObject","inLanguage":"es","@id":"https:\/\/www.cubodeideas.com\/blog\/#\/schema\/logo\/image\/","url":"https:\/\/www.cubodeideas.com\/blog\/wp-content\/uploads\/2021\/10\/android-icon-72x72-1.png","contentUrl":"https:\/\/www.cubodeideas.com\/blog\/wp-content\/uploads\/2021\/10\/android-icon-72x72-1.png","width":72,"height":72,"caption":"Cubo de Ideas"},"image":{"@id":"https:\/\/www.cubodeideas.com\/blog\/#\/schema\/logo\/image\/"},"sameAs":["https:\/\/www.facebook.com\/somoscubodeideas","https:\/\/x.com\/cubo_ideas","https:\/\/www.instagram.com\/cubodeideas"]},{"@type":"Person","@id":"https:\/\/www.cubodeideas.com\/blog\/#\/schema\/person\/5614e43eb76109017cff51a2c7928211","name":"Noel Castro","description":"LEM Noel Castro Monta\u00f1o es CEO de Cubo de Ideas, Director de Operaciones para Citosa Textiles. Asesor de nuevos mercados y estrategias digitales para el segmento Retail. Especialista en marketing para autoservicios y puntos de venta. Especialista en sistemas de gesti\u00f3n de la calidad con enfoque a la ISO 9001:2015","sameAs":["https:\/\/www.cubodeideas.com\/blog"],"url":"https:\/\/www.cubodeideas.com\/blog\/author\/admin\/"}]}},"jetpack_publicize_connections":[],"_links":{"self":[{"href":"https:\/\/www.cubodeideas.com\/blog\/wp-json\/wp\/v2\/posts\/2567","targetHints":{"allow":["GET"]}}],"collection":[{"href":"https:\/\/www.cubodeideas.com\/blog\/wp-json\/wp\/v2\/posts"}],"about":[{"href":"https:\/\/www.cubodeideas.com\/blog\/wp-json\/wp\/v2\/types\/post"}],"author":[{"embeddable":true,"href":"https:\/\/www.cubodeideas.com\/blog\/wp-json\/wp\/v2\/users\/1"}],"replies":[{"embeddable":true,"href":"https:\/\/www.cubodeideas.com\/blog\/wp-json\/wp\/v2\/comments?post=2567"}],"version-history":[{"count":1,"href":"https:\/\/www.cubodeideas.com\/blog\/wp-json\/wp\/v2\/posts\/2567\/revisions"}],"predecessor-version":[{"id":2569,"href":"https:\/\/www.cubodeideas.com\/blog\/wp-json\/wp\/v2\/posts\/2567\/revisions\/2569"}],"wp:featuredmedia":[{"embeddable":true,"href":"https:\/\/www.cubodeideas.com\/blog\/wp-json\/wp\/v2\/media\/2568"}],"wp:attachment":[{"href":"https:\/\/www.cubodeideas.com\/blog\/wp-json\/wp\/v2\/media?parent=2567"}],"wp:term":[{"taxonomy":"category","embeddable":true,"href":"https:\/\/www.cubodeideas.com\/blog\/wp-json\/wp\/v2\/categories?post=2567"},{"taxonomy":"post_tag","embeddable":true,"href":"https:\/\/www.cubodeideas.com\/blog\/wp-json\/wp\/v2\/tags?post=2567"}],"curies":[{"name":"wp","href":"https:\/\/api.w.org\/{rel}","templated":true}]}}