{"id":2555,"date":"2025-08-11T00:35:33","date_gmt":"2025-08-11T00:35:33","guid":{"rendered":"https:\/\/www.cubodeideas.com\/blog\/?p=2555"},"modified":"2025-08-11T00:43:48","modified_gmt":"2025-08-11T00:43:48","slug":"cambios-clave-en-iso-90012025-y-como-prepararse","status":"publish","type":"post","link":"https:\/\/www.cubodeideas.com\/blog\/calidad-total\/cambios-clave-en-iso-90012025-y-como-prepararse\/","title":{"rendered":"Cambios clave en ISO 9001:2025 y c\u00f3mo prepararse"},"content":{"rendered":"<p data-start=\"307\" data-end=\"816\">La <strong data-start=\"310\" data-end=\"327\">ISO 9001:2025<\/strong> marcar\u00e1 la pr\u00f3xima actualizaci\u00f3n de la norma de gesti\u00f3n de la calidad m\u00e1s utilizada a nivel mundial. Aunque el proceso de revisi\u00f3n a\u00fan no ha concluido, los avances de la Organizaci\u00f3n Internacional de Normalizaci\u00f3n (ISO) y las tendencias en auditor\u00eda indican que los cambios ir\u00e1n m\u00e1s all\u00e1 de simples ajustes de redacci\u00f3n. Para las empresas certificadas, prepararse con anticipaci\u00f3n ser\u00e1 la diferencia entre mantener la certificaci\u00f3n sin contratiempos o enfrentar no conformidades cr\u00edticas.<\/p>\n<h3 data-start=\"818\" data-end=\"871\">Panorama general de la transici\u00f3n a ISO 9001:2025<\/h3>\n<p data-start=\"873\" data-end=\"1440\">La norma ISO se revisa peri\u00f3dicamente para asegurar que sus requisitos sigan siendo relevantes frente a los cambios del mercado y la tecnolog\u00eda. En el caso de la <strong data-start=\"1035\" data-end=\"1052\">ISO 9001:2025<\/strong>, los comit\u00e9s t\u00e9cnicos han enfocado la revisi\u00f3n en tres \u00e1reas estrat\u00e9gicas: la integraci\u00f3n con nuevas normas relacionadas, el fortalecimiento de la gesti\u00f3n de riesgos y la incorporaci\u00f3n de tendencias como la digitalizaci\u00f3n y la sostenibilidad. Aunque no se espera un cambio radical en la estructura de alto nivel (HLS), s\u00ed habr\u00e1 ajustes que impactar\u00e1n documentos, evidencias y auditor\u00edas.<\/p>\n<p data-start=\"1442\" data-end=\"1701\">El calendario de transici\u00f3n que se estima otorgar\u00e1 a las organizaciones entre 2 y 3 a\u00f1os para adaptarse desde la publicaci\u00f3n oficial, pero las empresas que empiecen ahora la alineaci\u00f3n podr\u00e1n reducir costos y evitar rehacer sistemas de gesti\u00f3n a contrarreloj.<\/p>\n<h3 data-start=\"1703\" data-end=\"1753\">Principales cambios esperados en ISO 9001:2025<\/h3>\n<p data-start=\"1755\" data-end=\"1854\">Los borradores de trabajo y discusiones t\u00e9cnicas sugieren que los cambios m\u00e1s relevantes incluir\u00e1n:<\/p>\n<p data-start=\"1856\" data-end=\"2196\"><strong data-start=\"1856\" data-end=\"1919\">1. Mayor enfoque en sostenibilidad y responsabilidad social<\/strong><br data-start=\"1919\" data-end=\"1922\" \/>Los requisitos de an\u00e1lisis del contexto y partes interesadas podr\u00edan exigir que las empresas integren objetivos y acciones relacionados con impacto ambiental, uso responsable de recursos y responsabilidad social empresarial, alineados con la agenda de desarrollo sostenible.<\/p>\n<p data-start=\"2198\" data-end=\"2514\"><strong data-start=\"2198\" data-end=\"2250\">2. Fortalecimiento del enfoque basado en riesgos<\/strong><br data-start=\"2250\" data-end=\"2253\" \/>Si bien el an\u00e1lisis de riesgos ya est\u00e1 presente en la versi\u00f3n 2015, la <strong data-start=\"2324\" data-end=\"2341\">ISO 9001:2025<\/strong> podr\u00eda incluir metodolog\u00edas m\u00e1s expl\u00edcitas, as\u00ed como la obligaci\u00f3n de demostrar la integraci\u00f3n de estos an\u00e1lisis en la toma de decisiones y en la planificaci\u00f3n estrat\u00e9gica.<\/p>\n<p data-start=\"2516\" data-end=\"2787\"><strong data-start=\"2516\" data-end=\"2573\">3. Requisitos m\u00e1s claros sobre digitalizaci\u00f3n y datos<\/strong><br data-start=\"2573\" data-end=\"2576\" \/>La norma podr\u00eda incorporar controles y evidencias sobre la gesti\u00f3n de datos, automatizaci\u00f3n de procesos y trazabilidad digital, lo que implica revisar sistemas ERP, software de calidad y plataformas de an\u00e1lisis.<\/p>\n<p data-start=\"2789\" data-end=\"3041\"><strong data-start=\"2789\" data-end=\"2848\">4. Mayor conexi\u00f3n con normas de continuidad del negocio<\/strong><br data-start=\"2848\" data-end=\"2851\" \/>En entornos globales inestables, es probable que se refuerce la necesidad de planes documentados para mantener operaciones ante interrupciones, vinculando ISO 9001 con normas como ISO 22301.<\/p>\n<p data-start=\"3043\" data-end=\"3283\"><strong data-start=\"3043\" data-end=\"3088\">5. Ajustes en la terminolog\u00eda y redacci\u00f3n<\/strong><br data-start=\"3088\" data-end=\"3091\" \/>Peque\u00f1as modificaciones en definiciones y t\u00e9rminos clave para alinear la norma con la \u00faltima versi\u00f3n de la estructura de alto nivel y facilitar la integraci\u00f3n con ISO 14001, ISO 45001 y otras.<\/p>\n<h3 data-start=\"3285\" data-end=\"3341\">Impacto de ISO 9001:2025 en empresas ya certificadas<\/h3>\n<p data-start=\"3343\" data-end=\"3748\">La transici\u00f3n no solo implicar\u00e1 actualizar el manual y los procedimientos. Cambiar\u00e1n las expectativas en auditor\u00edas, y los auditores buscar\u00e1n evidencias m\u00e1s s\u00f3lidas en \u00e1reas como an\u00e1lisis de contexto, gesti\u00f3n de riesgos y demostraci\u00f3n de liderazgo. Esto significa que las empresas deber\u00e1n reforzar su sistema documental, pero tambi\u00e9n capacitar a sus l\u00edderes y equipos para cumplir con los nuevos enfoques.<\/p>\n<p data-start=\"3750\" data-end=\"4012\">El mayor riesgo para las organizaciones es dejar la actualizaci\u00f3n para el \u00faltimo momento, lo que puede derivar en no conformidades mayores, p\u00e9rdida de contratos con clientes que exigen certificaci\u00f3n vigente o costos elevados por rehacer procesos y documentaci\u00f3n.<\/p>\n<h3 data-start=\"4014\" data-end=\"4057\">Estrategias para prepararse desde ahora<\/h3>\n<p data-start=\"4059\" data-end=\"4123\">Adelantarse al cambio es posible siguiendo una ruta estrat\u00e9gica:<\/p>\n<p data-start=\"4125\" data-end=\"4435\"><strong data-start=\"4125\" data-end=\"4166\">1. Realizar un diagn\u00f3stico de brechas<\/strong><br data-start=\"4166\" data-end=\"4169\" \/>Comparar los requisitos de la <strong data-start=\"4199\" data-end=\"4216\">ISO 9001:2015<\/strong> con los borradores y tendencias de 2025, identificando los puntos donde la organizaci\u00f3n tiene debilidades. Este an\u00e1lisis puede realizarse con apoyo de consultores o internamente si se cuenta con personal especializado.<\/p>\n<p data-start=\"4437\" data-end=\"4694\"><strong data-start=\"4437\" data-end=\"4497\">2. Reforzar el an\u00e1lisis de contexto y partes interesadas<\/strong><br data-start=\"4497\" data-end=\"4500\" \/>Asegurarse de que la identificaci\u00f3n de factores internos, externos y partes interesadas incluya aspectos ambientales, sociales y tecnol\u00f3gicos, alineados con lo que se espera en la nueva versi\u00f3n.<\/p>\n<p data-start=\"4696\" data-end=\"4905\"><strong data-start=\"4696\" data-end=\"4735\">3. Actualizar la gesti\u00f3n de riesgos<\/strong><br data-start=\"4735\" data-end=\"4738\" \/>Incorporar metodolog\u00edas m\u00e1s formales como FMEA, an\u00e1lisis Bow-Tie o matrices probabil\u00edsticas, y vincularlas con la planificaci\u00f3n estrat\u00e9gica y los objetivos de calidad.<\/p>\n<p data-start=\"4907\" data-end=\"5175\"><strong data-start=\"4907\" data-end=\"4951\">4. Digitalizar evidencias y trazabilidad<\/strong><br data-start=\"4951\" data-end=\"4954\" \/>Aprovechar sistemas de gesti\u00f3n electr\u00f3nica para documentar procesos, registrar auditor\u00edas internas y generar reportes autom\u00e1ticos. Esto no solo reducir\u00e1 el trabajo en la transici\u00f3n, sino que mejorar\u00e1 el control operativo.<\/p>\n<p data-start=\"5177\" data-end=\"5390\"><strong data-start=\"5177\" data-end=\"5230\">5. Capacitar a l\u00edderes y responsables de procesos<\/strong><br data-start=\"5230\" data-end=\"5233\" \/>El compromiso y liderazgo ser\u00e1n evaluados con m\u00e1s detalle. Los responsables deben entender las implicaciones de los cambios y c\u00f3mo demostrarlos en auditor\u00eda.<\/p>\n<h3 data-start=\"5392\" data-end=\"5437\">Beneficios de anticiparse a ISO 9001:2025<\/h3>\n<p data-start=\"5439\" data-end=\"5614\">Las organizaciones que inicien desde ahora la adaptaci\u00f3n no solo reducir\u00e1n el riesgo de incumplimiento, sino que tambi\u00e9n podr\u00e1n aprovechar las ventajas de los nuevos enfoques:<\/p>\n<ul data-start=\"5616\" data-end=\"5896\">\n<li data-start=\"5616\" data-end=\"5683\">\n<p data-start=\"5618\" data-end=\"5683\">Mayor competitividad en licitaciones y contratos internacionales.<\/p>\n<\/li>\n<li data-start=\"5684\" data-end=\"5764\">\n<p data-start=\"5686\" data-end=\"5764\">Mejora en la eficiencia operativa al integrar sostenibilidad y digitalizaci\u00f3n.<\/p>\n<\/li>\n<li data-start=\"5765\" data-end=\"5831\">\n<p data-start=\"5767\" data-end=\"5831\">Mayor capacidad de respuesta ante crisis y cambios regulatorios.<\/p>\n<\/li>\n<li data-start=\"5832\" data-end=\"5896\">\n<p data-start=\"5834\" data-end=\"5896\">Reputaci\u00f3n fortalecida frente a clientes y partes interesadas.<\/p>\n<\/li>\n<\/ul>\n<p data-start=\"5898\" data-end=\"6084\">Invertir tiempo y recursos antes de la publicaci\u00f3n oficial de la norma permitir\u00e1 que la transici\u00f3n sea fluida y que el sistema de gesti\u00f3n se convierta en un verdadero activo estrat\u00e9gico.<\/p>\n<div class=\"pvc_clear\"><\/div>\n<p id=\"pvc_stats_2555\" class=\"pvc_stats all  \" data-element-id=\"2555\" style=\"\"><i class=\"pvc-stats-icon medium\" aria-hidden=\"true\"><svg aria-hidden=\"true\" focusable=\"false\" data-prefix=\"far\" data-icon=\"chart-bar\" role=\"img\" xmlns=\"http:\/\/www.w3.org\/2000\/svg\" viewBox=\"0 0 512 512\" class=\"svg-inline--fa fa-chart-bar fa-w-16 fa-2x\"><path fill=\"currentColor\" d=\"M396.8 352h22.4c6.4 0 12.8-6.4 12.8-12.8V108.8c0-6.4-6.4-12.8-12.8-12.8h-22.4c-6.4 0-12.8 6.4-12.8 12.8v230.4c0 6.4 6.4 12.8 12.8 12.8zm-192 0h22.4c6.4 0 12.8-6.4 12.8-12.8V140.8c0-6.4-6.4-12.8-12.8-12.8h-22.4c-6.4 0-12.8 6.4-12.8 12.8v198.4c0 6.4 6.4 12.8 12.8 12.8zm96 0h22.4c6.4 0 12.8-6.4 12.8-12.8V204.8c0-6.4-6.4-12.8-12.8-12.8h-22.4c-6.4 0-12.8 6.4-12.8 12.8v134.4c0 6.4 6.4 12.8 12.8 12.8zM496 400H48V80c0-8.84-7.16-16-16-16H16C7.16 64 0 71.16 0 80v336c0 17.67 14.33 32 32 32h464c8.84 0 16-7.16 16-16v-16c0-8.84-7.16-16-16-16zm-387.2-48h22.4c6.4 0 12.8-6.4 12.8-12.8v-70.4c0-6.4-6.4-12.8-12.8-12.8h-22.4c-6.4 0-12.8 6.4-12.8 12.8v70.4c0 6.4 6.4 12.8 12.8 12.8z\" class=\"\"><\/path><\/svg><\/i> <img loading=\"lazy\" decoding=\"async\" width=\"16\" height=\"16\" alt=\"Loading\" src=\"https:\/\/www.cubodeideas.com\/blog\/wp-content\/plugins\/page-views-count\/ajax-loader-2x.gif\" border=0 \/><\/p>\n<div class=\"pvc_clear\"><\/div>\n","protected":false},"excerpt":{"rendered":"<p>La ISO 9001:2025 marcar\u00e1 la pr\u00f3xima actualizaci\u00f3n de la norma de gesti\u00f3n de la calidad m\u00e1s utilizada a nivel mundial. Aunque el proceso de revisi\u00f3n a\u00fan no ha concluido, los avances de la Organizaci\u00f3n Internacional de Normalizaci\u00f3n (ISO) y las tendencias en auditor\u00eda indican que los cambios ir\u00e1n m\u00e1s all\u00e1 de simples ajustes de redacci\u00f3n. [&hellip;]<\/p>\n<div class=\"pvc_clear\"><\/div>\n<p id=\"pvc_stats_2555\" class=\"pvc_stats all  \" data-element-id=\"2555\" style=\"\"><i class=\"pvc-stats-icon medium\" aria-hidden=\"true\"><svg aria-hidden=\"true\" focusable=\"false\" data-prefix=\"far\" data-icon=\"chart-bar\" role=\"img\" xmlns=\"http:\/\/www.w3.org\/2000\/svg\" viewBox=\"0 0 512 512\" class=\"svg-inline--fa fa-chart-bar fa-w-16 fa-2x\"><path fill=\"currentColor\" d=\"M396.8 352h22.4c6.4 0 12.8-6.4 12.8-12.8V108.8c0-6.4-6.4-12.8-12.8-12.8h-22.4c-6.4 0-12.8 6.4-12.8 12.8v230.4c0 6.4 6.4 12.8 12.8 12.8zm-192 0h22.4c6.4 0 12.8-6.4 12.8-12.8V140.8c0-6.4-6.4-12.8-12.8-12.8h-22.4c-6.4 0-12.8 6.4-12.8 12.8v198.4c0 6.4 6.4 12.8 12.8 12.8zm96 0h22.4c6.4 0 12.8-6.4 12.8-12.8V204.8c0-6.4-6.4-12.8-12.8-12.8h-22.4c-6.4 0-12.8 6.4-12.8 12.8v134.4c0 6.4 6.4 12.8 12.8 12.8zM496 400H48V80c0-8.84-7.16-16-16-16H16C7.16 64 0 71.16 0 80v336c0 17.67 14.33 32 32 32h464c8.84 0 16-7.16 16-16v-16c0-8.84-7.16-16-16-16zm-387.2-48h22.4c6.4 0 12.8-6.4 12.8-12.8v-70.4c0-6.4-6.4-12.8-12.8-12.8h-22.4c-6.4 0-12.8 6.4-12.8 12.8v70.4c0 6.4 6.4 12.8 12.8 12.8z\" class=\"\"><\/path><\/svg><\/i> <img loading=\"lazy\" decoding=\"async\" width=\"16\" height=\"16\" alt=\"Loading\" src=\"https:\/\/www.cubodeideas.com\/blog\/wp-content\/plugins\/page-views-count\/ajax-loader-2x.gif\" border=0 \/><\/p>\n<div class=\"pvc_clear\"><\/div>\n","protected":false},"author":1,"featured_media":2556,"comment_status":"open","ping_status":"closed","sticky":false,"template":"","format":"standard","meta":{"footnotes":"","jetpack_publicize_message":"","jetpack_publicize_feature_enabled":true,"jetpack_social_post_already_shared":false,"jetpack_social_options":{"image_generator_settings":{"template":"highway","default_image_id":0,"font":"","enabled":false},"version":2}},"categories":[14],"tags":[1194,1224],"class_list":["post-2555","post","type-post","status-publish","format-standard","has-post-thumbnail","hentry","category-calidad-total","tag-iso-90012025","tag-transicion-iso"],"blocksy_meta":[],"yoast_head":"<!-- This site is optimized with the Yoast SEO plugin v27.0 - https:\/\/yoast.com\/product\/yoast-seo-wordpress\/ -->\n<title>Cambios clave en ISO 9001:2025 y c\u00f3mo prepararse -<\/title>\n<meta name=\"description\" content=\"Descubre los cambios clave en ISO 9001:2025 y c\u00f3mo prepararte para una transici\u00f3n exitosa sin riesgos en auditor\u00eda.\" \/>\n<meta name=\"robots\" content=\"index, follow, max-snippet:-1, max-image-preview:large, max-video-preview:-1\" \/>\n<link rel=\"canonical\" href=\"https:\/\/www.cubodeideas.com\/blog\/calidad-total\/cambios-clave-en-iso-90012025-y-como-prepararse\/\" \/>\n<meta property=\"og:locale\" content=\"es_ES\" \/>\n<meta property=\"og:type\" content=\"article\" \/>\n<meta property=\"og:title\" content=\"Cambios clave en ISO 9001:2025 y c\u00f3mo prepararse -\" \/>\n<meta property=\"og:description\" content=\"Descubre los cambios clave en ISO 9001:2025 y c\u00f3mo prepararte para una transici\u00f3n exitosa sin riesgos en auditor\u00eda.\" \/>\n<meta property=\"og:url\" content=\"https:\/\/www.cubodeideas.com\/blog\/calidad-total\/cambios-clave-en-iso-90012025-y-como-prepararse\/\" \/>\n<meta property=\"article:publisher\" content=\"https:\/\/www.facebook.com\/somoscubodeideas\" \/>\n<meta property=\"article:published_time\" content=\"2025-08-11T00:35:33+00:00\" \/>\n<meta property=\"article:modified_time\" content=\"2025-08-11T00:43:48+00:00\" \/>\n<meta property=\"og:image\" content=\"https:\/\/www.cubodeideas.com\/blog\/wp-content\/uploads\/2025\/08\/portada-malamen171.png\" \/>\n\t<meta property=\"og:image:width\" content=\"1640\" \/>\n\t<meta property=\"og:image:height\" content=\"924\" \/>\n\t<meta property=\"og:image:type\" content=\"image\/png\" \/>\n<meta name=\"author\" content=\"Noel Castro\" \/>\n<meta name=\"twitter:card\" content=\"summary_large_image\" \/>\n<meta name=\"twitter:creator\" content=\"@cubo_ideas\" \/>\n<meta name=\"twitter:site\" content=\"@cubo_ideas\" \/>\n<meta name=\"twitter:label1\" content=\"Escrito por\" \/>\n\t<meta name=\"twitter:data1\" content=\"Noel Castro\" \/>\n\t<meta name=\"twitter:label2\" content=\"Tiempo de lectura\" \/>\n\t<meta name=\"twitter:data2\" content=\"5 minutos\" \/>\n<script type=\"application\/ld+json\" class=\"yoast-schema-graph\">{\"@context\":\"https:\/\/schema.org\",\"@graph\":[{\"@type\":\"Article\",\"@id\":\"https:\/\/www.cubodeideas.com\/blog\/calidad-total\/cambios-clave-en-iso-90012025-y-como-prepararse\/#article\",\"isPartOf\":{\"@id\":\"https:\/\/www.cubodeideas.com\/blog\/calidad-total\/cambios-clave-en-iso-90012025-y-como-prepararse\/\"},\"author\":{\"name\":\"Noel Castro\",\"@id\":\"https:\/\/www.cubodeideas.com\/blog\/#\/schema\/person\/5614e43eb76109017cff51a2c7928211\"},\"headline\":\"Cambios clave en ISO 9001:2025 y c\u00f3mo prepararse\",\"datePublished\":\"2025-08-11T00:35:33+00:00\",\"dateModified\":\"2025-08-11T00:43:48+00:00\",\"mainEntityOfPage\":{\"@id\":\"https:\/\/www.cubodeideas.com\/blog\/calidad-total\/cambios-clave-en-iso-90012025-y-como-prepararse\/\"},\"wordCount\":930,\"commentCount\":0,\"publisher\":{\"@id\":\"https:\/\/www.cubodeideas.com\/blog\/#organization\"},\"image\":{\"@id\":\"https:\/\/www.cubodeideas.com\/blog\/calidad-total\/cambios-clave-en-iso-90012025-y-como-prepararse\/#primaryimage\"},\"thumbnailUrl\":\"https:\/\/www.cubodeideas.com\/blog\/wp-content\/uploads\/2025\/08\/portada-malamen171.png\",\"keywords\":[\"ISO 9001:2025\",\"transici\u00f3n ISO\"],\"articleSection\":[\"Calidad Total\"],\"inLanguage\":\"es\",\"potentialAction\":[{\"@type\":\"CommentAction\",\"name\":\"Comment\",\"target\":[\"https:\/\/www.cubodeideas.com\/blog\/calidad-total\/cambios-clave-en-iso-90012025-y-como-prepararse\/#respond\"]}]},{\"@type\":\"WebPage\",\"@id\":\"https:\/\/www.cubodeideas.com\/blog\/calidad-total\/cambios-clave-en-iso-90012025-y-como-prepararse\/\",\"url\":\"https:\/\/www.cubodeideas.com\/blog\/calidad-total\/cambios-clave-en-iso-90012025-y-como-prepararse\/\",\"name\":\"Cambios clave en ISO 9001:2025 y c\u00f3mo prepararse -\",\"isPartOf\":{\"@id\":\"https:\/\/www.cubodeideas.com\/blog\/#website\"},\"primaryImageOfPage\":{\"@id\":\"https:\/\/www.cubodeideas.com\/blog\/calidad-total\/cambios-clave-en-iso-90012025-y-como-prepararse\/#primaryimage\"},\"image\":{\"@id\":\"https:\/\/www.cubodeideas.com\/blog\/calidad-total\/cambios-clave-en-iso-90012025-y-como-prepararse\/#primaryimage\"},\"thumbnailUrl\":\"https:\/\/www.cubodeideas.com\/blog\/wp-content\/uploads\/2025\/08\/portada-malamen171.png\",\"datePublished\":\"2025-08-11T00:35:33+00:00\",\"dateModified\":\"2025-08-11T00:43:48+00:00\",\"description\":\"Descubre los cambios clave en ISO 9001:2025 y c\u00f3mo prepararte para una transici\u00f3n exitosa sin riesgos en auditor\u00eda.\",\"breadcrumb\":{\"@id\":\"https:\/\/www.cubodeideas.com\/blog\/calidad-total\/cambios-clave-en-iso-90012025-y-como-prepararse\/#breadcrumb\"},\"inLanguage\":\"es\",\"potentialAction\":[{\"@type\":\"ReadAction\",\"target\":[\"https:\/\/www.cubodeideas.com\/blog\/calidad-total\/cambios-clave-en-iso-90012025-y-como-prepararse\/\"]}]},{\"@type\":\"ImageObject\",\"inLanguage\":\"es\",\"@id\":\"https:\/\/www.cubodeideas.com\/blog\/calidad-total\/cambios-clave-en-iso-90012025-y-como-prepararse\/#primaryimage\",\"url\":\"https:\/\/www.cubodeideas.com\/blog\/wp-content\/uploads\/2025\/08\/portada-malamen171.png\",\"contentUrl\":\"https:\/\/www.cubodeideas.com\/blog\/wp-content\/uploads\/2025\/08\/portada-malamen171.png\",\"width\":1640,\"height\":924,\"caption\":\"ISO 9001:2025\"},{\"@type\":\"BreadcrumbList\",\"@id\":\"https:\/\/www.cubodeideas.com\/blog\/calidad-total\/cambios-clave-en-iso-90012025-y-como-prepararse\/#breadcrumb\",\"itemListElement\":[{\"@type\":\"ListItem\",\"position\":1,\"name\":\"Portada\",\"item\":\"https:\/\/www.cubodeideas.com\/blog\/\"},{\"@type\":\"ListItem\",\"position\":2,\"name\":\"Cambios clave en ISO 9001:2025 y c\u00f3mo prepararse\"}]},{\"@type\":\"WebSite\",\"@id\":\"https:\/\/www.cubodeideas.com\/blog\/#website\",\"url\":\"https:\/\/www.cubodeideas.com\/blog\/\",\"name\":\"Cubo de Ideas\",\"description\":\"Cubo de Ideas, El Blog\",\"publisher\":{\"@id\":\"https:\/\/www.cubodeideas.com\/blog\/#organization\"},\"potentialAction\":[{\"@type\":\"SearchAction\",\"target\":{\"@type\":\"EntryPoint\",\"urlTemplate\":\"https:\/\/www.cubodeideas.com\/blog\/?s={search_term_string}\"},\"query-input\":{\"@type\":\"PropertyValueSpecification\",\"valueRequired\":true,\"valueName\":\"search_term_string\"}}],\"inLanguage\":\"es\"},{\"@type\":\"Organization\",\"@id\":\"https:\/\/www.cubodeideas.com\/blog\/#organization\",\"name\":\"Cubo de Ideas\",\"url\":\"https:\/\/www.cubodeideas.com\/blog\/\",\"logo\":{\"@type\":\"ImageObject\",\"inLanguage\":\"es\",\"@id\":\"https:\/\/www.cubodeideas.com\/blog\/#\/schema\/logo\/image\/\",\"url\":\"https:\/\/www.cubodeideas.com\/blog\/wp-content\/uploads\/2021\/10\/android-icon-72x72-1.png\",\"contentUrl\":\"https:\/\/www.cubodeideas.com\/blog\/wp-content\/uploads\/2021\/10\/android-icon-72x72-1.png\",\"width\":72,\"height\":72,\"caption\":\"Cubo de Ideas\"},\"image\":{\"@id\":\"https:\/\/www.cubodeideas.com\/blog\/#\/schema\/logo\/image\/\"},\"sameAs\":[\"https:\/\/www.facebook.com\/somoscubodeideas\",\"https:\/\/x.com\/cubo_ideas\",\"https:\/\/www.instagram.com\/cubodeideas\"]},{\"@type\":\"Person\",\"@id\":\"https:\/\/www.cubodeideas.com\/blog\/#\/schema\/person\/5614e43eb76109017cff51a2c7928211\",\"name\":\"Noel Castro\",\"description\":\"LEM Noel Castro Monta\u00f1o es CEO de Cubo de Ideas, Director de Operaciones para Citosa Textiles. Asesor de nuevos mercados y estrategias digitales para el segmento Retail. Especialista en marketing para autoservicios y puntos de venta. Especialista en sistemas de gesti\u00f3n de la calidad con enfoque a la ISO 9001:2015\",\"sameAs\":[\"https:\/\/www.cubodeideas.com\/blog\"],\"url\":\"https:\/\/www.cubodeideas.com\/blog\/author\/admin\/\"}]}<\/script>\n<!-- \/ Yoast SEO plugin. -->","yoast_head_json":{"title":"Cambios clave en ISO 9001:2025 y c\u00f3mo prepararse -","description":"Descubre los cambios clave en ISO 9001:2025 y c\u00f3mo prepararte para una transici\u00f3n exitosa sin riesgos en auditor\u00eda.","robots":{"index":"index","follow":"follow","max-snippet":"max-snippet:-1","max-image-preview":"max-image-preview:large","max-video-preview":"max-video-preview:-1"},"canonical":"https:\/\/www.cubodeideas.com\/blog\/calidad-total\/cambios-clave-en-iso-90012025-y-como-prepararse\/","og_locale":"es_ES","og_type":"article","og_title":"Cambios clave en ISO 9001:2025 y c\u00f3mo prepararse -","og_description":"Descubre los cambios clave en ISO 9001:2025 y c\u00f3mo prepararte para una transici\u00f3n exitosa sin riesgos en auditor\u00eda.","og_url":"https:\/\/www.cubodeideas.com\/blog\/calidad-total\/cambios-clave-en-iso-90012025-y-como-prepararse\/","article_publisher":"https:\/\/www.facebook.com\/somoscubodeideas","article_published_time":"2025-08-11T00:35:33+00:00","article_modified_time":"2025-08-11T00:43:48+00:00","og_image":[{"width":1640,"height":924,"url":"https:\/\/www.cubodeideas.com\/blog\/wp-content\/uploads\/2025\/08\/portada-malamen171.png","type":"image\/png"}],"author":"Noel Castro","twitter_card":"summary_large_image","twitter_creator":"@cubo_ideas","twitter_site":"@cubo_ideas","twitter_misc":{"Escrito por":"Noel Castro","Tiempo de lectura":"5 minutos"},"schema":{"@context":"https:\/\/schema.org","@graph":[{"@type":"Article","@id":"https:\/\/www.cubodeideas.com\/blog\/calidad-total\/cambios-clave-en-iso-90012025-y-como-prepararse\/#article","isPartOf":{"@id":"https:\/\/www.cubodeideas.com\/blog\/calidad-total\/cambios-clave-en-iso-90012025-y-como-prepararse\/"},"author":{"name":"Noel Castro","@id":"https:\/\/www.cubodeideas.com\/blog\/#\/schema\/person\/5614e43eb76109017cff51a2c7928211"},"headline":"Cambios clave en ISO 9001:2025 y c\u00f3mo prepararse","datePublished":"2025-08-11T00:35:33+00:00","dateModified":"2025-08-11T00:43:48+00:00","mainEntityOfPage":{"@id":"https:\/\/www.cubodeideas.com\/blog\/calidad-total\/cambios-clave-en-iso-90012025-y-como-prepararse\/"},"wordCount":930,"commentCount":0,"publisher":{"@id":"https:\/\/www.cubodeideas.com\/blog\/#organization"},"image":{"@id":"https:\/\/www.cubodeideas.com\/blog\/calidad-total\/cambios-clave-en-iso-90012025-y-como-prepararse\/#primaryimage"},"thumbnailUrl":"https:\/\/www.cubodeideas.com\/blog\/wp-content\/uploads\/2025\/08\/portada-malamen171.png","keywords":["ISO 9001:2025","transici\u00f3n ISO"],"articleSection":["Calidad Total"],"inLanguage":"es","potentialAction":[{"@type":"CommentAction","name":"Comment","target":["https:\/\/www.cubodeideas.com\/blog\/calidad-total\/cambios-clave-en-iso-90012025-y-como-prepararse\/#respond"]}]},{"@type":"WebPage","@id":"https:\/\/www.cubodeideas.com\/blog\/calidad-total\/cambios-clave-en-iso-90012025-y-como-prepararse\/","url":"https:\/\/www.cubodeideas.com\/blog\/calidad-total\/cambios-clave-en-iso-90012025-y-como-prepararse\/","name":"Cambios clave en ISO 9001:2025 y c\u00f3mo prepararse -","isPartOf":{"@id":"https:\/\/www.cubodeideas.com\/blog\/#website"},"primaryImageOfPage":{"@id":"https:\/\/www.cubodeideas.com\/blog\/calidad-total\/cambios-clave-en-iso-90012025-y-como-prepararse\/#primaryimage"},"image":{"@id":"https:\/\/www.cubodeideas.com\/blog\/calidad-total\/cambios-clave-en-iso-90012025-y-como-prepararse\/#primaryimage"},"thumbnailUrl":"https:\/\/www.cubodeideas.com\/blog\/wp-content\/uploads\/2025\/08\/portada-malamen171.png","datePublished":"2025-08-11T00:35:33+00:00","dateModified":"2025-08-11T00:43:48+00:00","description":"Descubre los cambios clave en ISO 9001:2025 y c\u00f3mo prepararte para una transici\u00f3n exitosa sin riesgos en auditor\u00eda.","breadcrumb":{"@id":"https:\/\/www.cubodeideas.com\/blog\/calidad-total\/cambios-clave-en-iso-90012025-y-como-prepararse\/#breadcrumb"},"inLanguage":"es","potentialAction":[{"@type":"ReadAction","target":["https:\/\/www.cubodeideas.com\/blog\/calidad-total\/cambios-clave-en-iso-90012025-y-como-prepararse\/"]}]},{"@type":"ImageObject","inLanguage":"es","@id":"https:\/\/www.cubodeideas.com\/blog\/calidad-total\/cambios-clave-en-iso-90012025-y-como-prepararse\/#primaryimage","url":"https:\/\/www.cubodeideas.com\/blog\/wp-content\/uploads\/2025\/08\/portada-malamen171.png","contentUrl":"https:\/\/www.cubodeideas.com\/blog\/wp-content\/uploads\/2025\/08\/portada-malamen171.png","width":1640,"height":924,"caption":"ISO 9001:2025"},{"@type":"BreadcrumbList","@id":"https:\/\/www.cubodeideas.com\/blog\/calidad-total\/cambios-clave-en-iso-90012025-y-como-prepararse\/#breadcrumb","itemListElement":[{"@type":"ListItem","position":1,"name":"Portada","item":"https:\/\/www.cubodeideas.com\/blog\/"},{"@type":"ListItem","position":2,"name":"Cambios clave en ISO 9001:2025 y c\u00f3mo prepararse"}]},{"@type":"WebSite","@id":"https:\/\/www.cubodeideas.com\/blog\/#website","url":"https:\/\/www.cubodeideas.com\/blog\/","name":"Cubo de Ideas","description":"Cubo de Ideas, El Blog","publisher":{"@id":"https:\/\/www.cubodeideas.com\/blog\/#organization"},"potentialAction":[{"@type":"SearchAction","target":{"@type":"EntryPoint","urlTemplate":"https:\/\/www.cubodeideas.com\/blog\/?s={search_term_string}"},"query-input":{"@type":"PropertyValueSpecification","valueRequired":true,"valueName":"search_term_string"}}],"inLanguage":"es"},{"@type":"Organization","@id":"https:\/\/www.cubodeideas.com\/blog\/#organization","name":"Cubo de Ideas","url":"https:\/\/www.cubodeideas.com\/blog\/","logo":{"@type":"ImageObject","inLanguage":"es","@id":"https:\/\/www.cubodeideas.com\/blog\/#\/schema\/logo\/image\/","url":"https:\/\/www.cubodeideas.com\/blog\/wp-content\/uploads\/2021\/10\/android-icon-72x72-1.png","contentUrl":"https:\/\/www.cubodeideas.com\/blog\/wp-content\/uploads\/2021\/10\/android-icon-72x72-1.png","width":72,"height":72,"caption":"Cubo de Ideas"},"image":{"@id":"https:\/\/www.cubodeideas.com\/blog\/#\/schema\/logo\/image\/"},"sameAs":["https:\/\/www.facebook.com\/somoscubodeideas","https:\/\/x.com\/cubo_ideas","https:\/\/www.instagram.com\/cubodeideas"]},{"@type":"Person","@id":"https:\/\/www.cubodeideas.com\/blog\/#\/schema\/person\/5614e43eb76109017cff51a2c7928211","name":"Noel Castro","description":"LEM Noel Castro Monta\u00f1o es CEO de Cubo de Ideas, Director de Operaciones para Citosa Textiles. Asesor de nuevos mercados y estrategias digitales para el segmento Retail. Especialista en marketing para autoservicios y puntos de venta. Especialista en sistemas de gesti\u00f3n de la calidad con enfoque a la ISO 9001:2015","sameAs":["https:\/\/www.cubodeideas.com\/blog"],"url":"https:\/\/www.cubodeideas.com\/blog\/author\/admin\/"}]}},"jetpack_publicize_connections":[],"_links":{"self":[{"href":"https:\/\/www.cubodeideas.com\/blog\/wp-json\/wp\/v2\/posts\/2555","targetHints":{"allow":["GET"]}}],"collection":[{"href":"https:\/\/www.cubodeideas.com\/blog\/wp-json\/wp\/v2\/posts"}],"about":[{"href":"https:\/\/www.cubodeideas.com\/blog\/wp-json\/wp\/v2\/types\/post"}],"author":[{"embeddable":true,"href":"https:\/\/www.cubodeideas.com\/blog\/wp-json\/wp\/v2\/users\/1"}],"replies":[{"embeddable":true,"href":"https:\/\/www.cubodeideas.com\/blog\/wp-json\/wp\/v2\/comments?post=2555"}],"version-history":[{"count":1,"href":"https:\/\/www.cubodeideas.com\/blog\/wp-json\/wp\/v2\/posts\/2555\/revisions"}],"predecessor-version":[{"id":2557,"href":"https:\/\/www.cubodeideas.com\/blog\/wp-json\/wp\/v2\/posts\/2555\/revisions\/2557"}],"wp:featuredmedia":[{"embeddable":true,"href":"https:\/\/www.cubodeideas.com\/blog\/wp-json\/wp\/v2\/media\/2556"}],"wp:attachment":[{"href":"https:\/\/www.cubodeideas.com\/blog\/wp-json\/wp\/v2\/media?parent=2555"}],"wp:term":[{"taxonomy":"category","embeddable":true,"href":"https:\/\/www.cubodeideas.com\/blog\/wp-json\/wp\/v2\/categories?post=2555"},{"taxonomy":"post_tag","embeddable":true,"href":"https:\/\/www.cubodeideas.com\/blog\/wp-json\/wp\/v2\/tags?post=2555"}],"curies":[{"name":"wp","href":"https:\/\/api.w.org\/{rel}","templated":true}]}}