{"id":2547,"date":"2025-08-04T03:32:21","date_gmt":"2025-08-04T03:32:21","guid":{"rendered":"https:\/\/www.cubodeideas.com\/blog\/?p=2547"},"modified":"2025-08-04T03:32:21","modified_gmt":"2025-08-04T03:32:21","slug":"revision-t-mec-protege-tu-exportacion-y-tu-calidad","status":"publish","type":"post","link":"https:\/\/www.cubodeideas.com\/blog\/negocios\/revision-t-mec-protege-tu-exportacion-y-tu-calidad\/","title":{"rendered":"Revisi\u00f3n T-MEC: protege tu exportaci\u00f3n y tu calidad"},"content":{"rendered":"<p data-start=\"327\" data-end=\"747\">El <strong data-start=\"330\" data-end=\"387\">Tratado entre M\u00e9xico, Estados Unidos y Canad\u00e1 (T-MEC)<\/strong>, que entr\u00f3 en vigor en 2020, estableci\u00f3 nuevas bases comerciales para la regi\u00f3n, incluyendo reglas claras sobre <strong data-start=\"500\" data-end=\"577\">reglas de origen, certificaciones, exportaci\u00f3n y cumplimiento regulatorio<\/strong>. Sin embargo, en 2025 ha iniciado un <strong data-start=\"615\" data-end=\"649\">proceso de revisi\u00f3n programado<\/strong> que podr\u00eda modificar algunas condiciones clave, especialmente en sectores industriales sensibles.<\/p>\n<p data-start=\"749\" data-end=\"998\">Para las PYMEs mexicanas que exportan o participan en cadenas de suministro internacionales, es fundamental <strong data-start=\"857\" data-end=\"886\">anticiparse a los cambios<\/strong>, evaluar su exposici\u00f3n y preparar su sistema de gesti\u00f3n para seguir cumpliendo sin interrupciones ni sanciones.<\/p>\n<h2 data-start=\"1000\" data-end=\"1062\">\u00bfQu\u00e9 es la revisi\u00f3n del T-MEC y por qu\u00e9 es relevante ahora?<\/h2>\n<p data-start=\"1064\" data-end=\"1299\">El T-MEC incluye una cl\u00e1usula de revisi\u00f3n cada seis a\u00f1os para evaluar el desempe\u00f1o del tratado y proponer modificaciones. En 2025, se realiza la primera revisi\u00f3n formal, donde los tres pa\u00edses pueden <strong data-start=\"1263\" data-end=\"1292\">renegociar aspectos clave<\/strong>, como:<\/p>\n<ul data-start=\"1301\" data-end=\"1601\">\n<li data-start=\"1301\" data-end=\"1384\">\n<p data-start=\"1303\" data-end=\"1384\">Reglas de origen en sectores espec\u00edficos (automotriz, acero, textiles, alimentos)<\/p>\n<\/li>\n<li data-start=\"1385\" data-end=\"1426\">\n<p data-start=\"1387\" data-end=\"1426\">Exigencias de contenido regional m\u00ednimo<\/p>\n<\/li>\n<li data-start=\"1427\" data-end=\"1484\">\n<p data-start=\"1429\" data-end=\"1484\">Procesos de certificaci\u00f3n y validaci\u00f3n de exportaciones<\/p>\n<\/li>\n<li data-start=\"1485\" data-end=\"1543\">\n<p data-start=\"1487\" data-end=\"1543\">Reglas laborales y ambientales aplicables a exportadores<\/p>\n<\/li>\n<li data-start=\"1544\" data-end=\"1601\">\n<p data-start=\"1546\" data-end=\"1601\">Procedimientos de soluci\u00f3n de controversias comerciales<\/p>\n<\/li>\n<\/ul>\n<p data-start=\"1603\" data-end=\"1771\">Estos ajustes no son inmediatos, pero <strong data-start=\"1641\" data-end=\"1719\">las empresas que se preparen desde ahora podr\u00e1n adaptarse con menor riesgo<\/strong> y evitar impactos operativos, log\u00edsticos o legales.<\/p>\n<h2 data-start=\"1773\" data-end=\"1821\">\u00bfC\u00f3mo pueden afectar estos cambios a tu PYME?<\/h2>\n<p data-start=\"1823\" data-end=\"1853\">Las revisiones pueden generar:<\/p>\n<ul data-start=\"1855\" data-end=\"2214\">\n<li data-start=\"1855\" data-end=\"1947\">\n<p data-start=\"1857\" data-end=\"1947\"><strong data-start=\"1857\" data-end=\"1908\">Cambios en los requisitos de insumos permitidos<\/strong> para mantener preferencia arancelaria.<\/p>\n<\/li>\n<li data-start=\"1948\" data-end=\"2025\">\n<p data-start=\"1950\" data-end=\"2025\">Obligaci\u00f3n de <strong data-start=\"1964\" data-end=\"1999\">demostrar trazabilidad completa<\/strong> del origen de materiales.<\/p>\n<\/li>\n<li data-start=\"2026\" data-end=\"2092\">\n<p data-start=\"2028\" data-end=\"2092\">Nuevas auditor\u00edas o verificaciones para exportadores frecuentes.<\/p>\n<\/li>\n<li data-start=\"2093\" data-end=\"2155\">\n<p data-start=\"2095\" data-end=\"2155\">Mayor escrutinio sobre <strong data-start=\"2118\" data-end=\"2154\">cumplimiento ambiental y laboral<\/strong>.<\/p>\n<\/li>\n<li data-start=\"2156\" data-end=\"2214\">\n<p data-start=\"2158\" data-end=\"2214\">Modificaci\u00f3n en los procesos de certificaci\u00f3n de origen.<\/p>\n<\/li>\n<\/ul>\n<p data-start=\"2216\" data-end=\"2386\">Si tu PYME no tiene un sistema de control adecuado, estos cambios pueden traducirse en <strong data-start=\"2303\" data-end=\"2385\">rechazo de exportaciones, pago de aranceles no previstos o p\u00e9rdida de clientes<\/strong>.<\/p>\n<h2 data-start=\"2388\" data-end=\"2434\">C\u00f3mo prepararte desde tu sistema de gesti\u00f3n<\/h2>\n<h3 data-start=\"2436\" data-end=\"2498\">1. Refuerza el an\u00e1lisis de contexto externo (cl\u00e1usula 4.1)<\/h3>\n<p data-start=\"2500\" data-end=\"2694\">Debes actualizar tu an\u00e1lisis de contexto considerando la <strong data-start=\"2557\" data-end=\"2608\">revisi\u00f3n del T-MEC como un factor externo clave<\/strong>. Esto te permitir\u00e1 identificar riesgos regulatorios y preparar medidas de adaptaci\u00f3n.<\/p>\n<h3 data-start=\"2696\" data-end=\"2767\">2. Actualiza la identificaci\u00f3n de partes interesadas (cl\u00e1usula 4.2)<\/h3>\n<p data-start=\"2769\" data-end=\"2931\">Incorpora nuevas autoridades aduanales, c\u00e1maras comerciales y organismos de certificaci\u00f3n como partes interesadas, con sus requisitos actuales y posibles cambios.<\/p>\n<h3 data-start=\"2933\" data-end=\"2996\">3. Eval\u00faa riesgos comerciales y regulatorios (cl\u00e1usula 6.1)<\/h3>\n<p data-start=\"2998\" data-end=\"3027\">Registra riesgos asociados a:<\/p>\n<ul data-start=\"3029\" data-end=\"3227\">\n<li data-start=\"3029\" data-end=\"3073\">\n<p data-start=\"3031\" data-end=\"3073\">No cumplimiento de nuevas reglas de origen<\/p>\n<\/li>\n<li data-start=\"3074\" data-end=\"3126\">\n<p data-start=\"3076\" data-end=\"3126\">Incapacidad para demostrar trazabilidad de insumos<\/p>\n<\/li>\n<li data-start=\"3127\" data-end=\"3178\">\n<p data-start=\"3129\" data-end=\"3178\">Penalizaciones por cambios no detectados a tiempo<\/p>\n<\/li>\n<li data-start=\"3179\" data-end=\"3227\">\n<p data-start=\"3181\" data-end=\"3227\">Incremento de costos por aranceles imprevistos<\/p>\n<\/li>\n<\/ul>\n<p data-start=\"3229\" data-end=\"3308\">A partir de este an\u00e1lisis, puedes establecer <strong data-start=\"3274\" data-end=\"3307\">planes de acci\u00f3n documentados<\/strong>.<\/p>\n<h3 data-start=\"3310\" data-end=\"3369\">4. Refuerza la trazabilidad documental (cl\u00e1usula 8.5.2)<\/h3>\n<p data-start=\"3371\" data-end=\"3542\">Es posible que se exijan <strong data-start=\"3396\" data-end=\"3467\">pruebas m\u00e1s rigurosas sobre el origen y transformaci\u00f3n de productos<\/strong>. Tu sistema debe garantizar registros confiables, auditables y protegidos.<\/p>\n<p data-start=\"3544\" data-end=\"3557\">Esto incluye:<\/p>\n<ul data-start=\"3559\" data-end=\"3695\">\n<li data-start=\"3559\" data-end=\"3580\">\n<p data-start=\"3561\" data-end=\"3580\">Facturas de insumos<\/p>\n<\/li>\n<li data-start=\"3581\" data-end=\"3620\">\n<p data-start=\"3583\" data-end=\"3620\">Certificados de origen de proveedores<\/p>\n<\/li>\n<li data-start=\"3621\" data-end=\"3655\">\n<p data-start=\"3623\" data-end=\"3655\">Registros de producci\u00f3n por lote<\/p>\n<\/li>\n<li data-start=\"3656\" data-end=\"3695\">\n<p data-start=\"3658\" data-end=\"3695\">Documentaci\u00f3n de exportaci\u00f3n completa<\/p>\n<\/li>\n<\/ul>\n<h3 data-start=\"3697\" data-end=\"3776\">5. Revisa y ajusta tus procesos de validaci\u00f3n de exportaci\u00f3n (cl\u00e1usula 8.6)<\/h3>\n<p data-start=\"3778\" data-end=\"4030\">Muchos exportadores delegan la validaci\u00f3n documental al \u00e1rea comercial o log\u00edstica, sin controles internos formales. Debes establecer procedimientos claros, con responsables y criterios de aceptaci\u00f3n que <strong data-start=\"3982\" data-end=\"4029\">eviten errores que puedan generar sanciones<\/strong>.<\/p>\n<h2 data-start=\"4032\" data-end=\"4075\">Oportunidades para PYMEs bien preparadas<\/h2>\n<p data-start=\"4077\" data-end=\"4148\">No todos los cambios son amenazas. La revisi\u00f3n del T-MEC tambi\u00e9n puede:<\/p>\n<ul data-start=\"4150\" data-end=\"4352\">\n<li data-start=\"4150\" data-end=\"4224\">\n<p data-start=\"4152\" data-end=\"4224\"><strong data-start=\"4152\" data-end=\"4224\">Abrir acceso a nuevos mercados o productos con reglas simplificadas.<\/strong><\/p>\n<\/li>\n<li data-start=\"4225\" data-end=\"4291\">\n<p data-start=\"4227\" data-end=\"4291\">Reconocer certificaciones o est\u00e1ndares que tu empresa ya cumple.<\/p>\n<\/li>\n<li data-start=\"4292\" data-end=\"4352\">\n<p data-start=\"4294\" data-end=\"4352\">Permitir procesos m\u00e1s \u00e1giles para exportadores confiables.<\/p>\n<\/li>\n<\/ul>\n<p data-start=\"4354\" data-end=\"4505\">Si tu empresa cuenta con un sistema de gesti\u00f3n documentado, actualizado y funcional, podr\u00e1s <strong data-start=\"4446\" data-end=\"4504\">adaptarte m\u00e1s r\u00e1pido y competir en mejores condiciones<\/strong>.<\/p>\n<h2 data-start=\"4507\" data-end=\"4553\">Qu\u00e9 puedes hacer hoy: plan de acci\u00f3n m\u00ednimo<\/h2>\n<ol data-start=\"4555\" data-end=\"5021\">\n<li data-start=\"4555\" data-end=\"4661\">\n<p data-start=\"4558\" data-end=\"4661\">Solicita a tu \u00e1rea de calidad o direcci\u00f3n una revisi\u00f3n completa de procesos vinculados a exportaci\u00f3n.<\/p>\n<\/li>\n<li data-start=\"4662\" data-end=\"4752\">\n<p data-start=\"4665\" data-end=\"4752\">Eval\u00faa si tu sistema ISO 9001 contempla los cambios regulatorios actuales y posibles.<\/p>\n<\/li>\n<li data-start=\"4753\" data-end=\"4842\">\n<p data-start=\"4756\" data-end=\"4842\">Identifica insumos cr\u00edticos y su origen: \u00bfcumplen con las reglas actuales y futuras?<\/p>\n<\/li>\n<li data-start=\"4843\" data-end=\"4938\">\n<p data-start=\"4846\" data-end=\"4938\">Contacta a c\u00e1maras industriales o agentes aduanales para obtener actualizaciones directas.<\/p>\n<\/li>\n<li data-start=\"4939\" data-end=\"5021\">\n<p data-start=\"4942\" data-end=\"5021\">Integra un plan de contingencia: \u00bfqu\u00e9 har\u00e1s si cambian las reglas en tu sector?<\/p>\n<\/li>\n<\/ol>\n<p data-start=\"5038\" data-end=\"5412\">La <strong data-start=\"5041\" data-end=\"5063\">revisi\u00f3n del T-MEC<\/strong> es una realidad que puede transformar el entorno comercial en Am\u00e9rica del Norte. Las PYMEs que ignoren este proceso arriesgan perder competitividad, enfrentar sanciones o quedar fuera de cadenas de valor. En cambio, las empresas con sistemas de calidad s\u00f3lidos, trazabilidad clara y visi\u00f3n estrat\u00e9gica pueden <strong data-start=\"5373\" data-end=\"5411\">convertir el cambio en una ventaja<\/strong>.<\/p>\n<p data-start=\"5414\" data-end=\"5486\">La preparaci\u00f3n no empieza cuando los cambios se anuncian. Empieza ahora.<\/p>\n<div class=\"pvc_clear\"><\/div>\n<p id=\"pvc_stats_2547\" class=\"pvc_stats all  \" data-element-id=\"2547\" style=\"\"><i class=\"pvc-stats-icon medium\" aria-hidden=\"true\"><svg aria-hidden=\"true\" focusable=\"false\" data-prefix=\"far\" data-icon=\"chart-bar\" role=\"img\" xmlns=\"http:\/\/www.w3.org\/2000\/svg\" viewBox=\"0 0 512 512\" class=\"svg-inline--fa fa-chart-bar fa-w-16 fa-2x\"><path fill=\"currentColor\" d=\"M396.8 352h22.4c6.4 0 12.8-6.4 12.8-12.8V108.8c0-6.4-6.4-12.8-12.8-12.8h-22.4c-6.4 0-12.8 6.4-12.8 12.8v230.4c0 6.4 6.4 12.8 12.8 12.8zm-192 0h22.4c6.4 0 12.8-6.4 12.8-12.8V140.8c0-6.4-6.4-12.8-12.8-12.8h-22.4c-6.4 0-12.8 6.4-12.8 12.8v198.4c0 6.4 6.4 12.8 12.8 12.8zm96 0h22.4c6.4 0 12.8-6.4 12.8-12.8V204.8c0-6.4-6.4-12.8-12.8-12.8h-22.4c-6.4 0-12.8 6.4-12.8 12.8v134.4c0 6.4 6.4 12.8 12.8 12.8zM496 400H48V80c0-8.84-7.16-16-16-16H16C7.16 64 0 71.16 0 80v336c0 17.67 14.33 32 32 32h464c8.84 0 16-7.16 16-16v-16c0-8.84-7.16-16-16-16zm-387.2-48h22.4c6.4 0 12.8-6.4 12.8-12.8v-70.4c0-6.4-6.4-12.8-12.8-12.8h-22.4c-6.4 0-12.8 6.4-12.8 12.8v70.4c0 6.4 6.4 12.8 12.8 12.8z\" class=\"\"><\/path><\/svg><\/i> <img loading=\"lazy\" decoding=\"async\" width=\"16\" height=\"16\" alt=\"Loading\" src=\"https:\/\/www.cubodeideas.com\/blog\/wp-content\/plugins\/page-views-count\/ajax-loader-2x.gif\" border=0 \/><\/p>\n<div class=\"pvc_clear\"><\/div>\n","protected":false},"excerpt":{"rendered":"<p>El Tratado entre M\u00e9xico, Estados Unidos y Canad\u00e1 (T-MEC), que entr\u00f3 en vigor en 2020, estableci\u00f3 nuevas bases comerciales para la regi\u00f3n, incluyendo reglas claras sobre reglas de origen, certificaciones, exportaci\u00f3n y cumplimiento regulatorio. Sin embargo, en 2025 ha iniciado un proceso de revisi\u00f3n programado que podr\u00eda modificar algunas condiciones clave, especialmente en sectores industriales [&hellip;]<\/p>\n<div class=\"pvc_clear\"><\/div>\n<p id=\"pvc_stats_2547\" class=\"pvc_stats all  \" data-element-id=\"2547\" style=\"\"><i class=\"pvc-stats-icon medium\" aria-hidden=\"true\"><svg aria-hidden=\"true\" focusable=\"false\" data-prefix=\"far\" data-icon=\"chart-bar\" role=\"img\" xmlns=\"http:\/\/www.w3.org\/2000\/svg\" viewBox=\"0 0 512 512\" class=\"svg-inline--fa fa-chart-bar fa-w-16 fa-2x\"><path fill=\"currentColor\" d=\"M396.8 352h22.4c6.4 0 12.8-6.4 12.8-12.8V108.8c0-6.4-6.4-12.8-12.8-12.8h-22.4c-6.4 0-12.8 6.4-12.8 12.8v230.4c0 6.4 6.4 12.8 12.8 12.8zm-192 0h22.4c6.4 0 12.8-6.4 12.8-12.8V140.8c0-6.4-6.4-12.8-12.8-12.8h-22.4c-6.4 0-12.8 6.4-12.8 12.8v198.4c0 6.4 6.4 12.8 12.8 12.8zm96 0h22.4c6.4 0 12.8-6.4 12.8-12.8V204.8c0-6.4-6.4-12.8-12.8-12.8h-22.4c-6.4 0-12.8 6.4-12.8 12.8v134.4c0 6.4 6.4 12.8 12.8 12.8zM496 400H48V80c0-8.84-7.16-16-16-16H16C7.16 64 0 71.16 0 80v336c0 17.67 14.33 32 32 32h464c8.84 0 16-7.16 16-16v-16c0-8.84-7.16-16-16-16zm-387.2-48h22.4c6.4 0 12.8-6.4 12.8-12.8v-70.4c0-6.4-6.4-12.8-12.8-12.8h-22.4c-6.4 0-12.8 6.4-12.8 12.8v70.4c0 6.4 6.4 12.8 12.8 12.8z\" class=\"\"><\/path><\/svg><\/i> <img loading=\"lazy\" decoding=\"async\" width=\"16\" height=\"16\" alt=\"Loading\" src=\"https:\/\/www.cubodeideas.com\/blog\/wp-content\/plugins\/page-views-count\/ajax-loader-2x.gif\" border=0 \/><\/p>\n<div class=\"pvc_clear\"><\/div>\n","protected":false},"author":1,"featured_media":2548,"comment_status":"open","ping_status":"closed","sticky":false,"template":"","format":"standard","meta":{"footnotes":"","jetpack_publicize_message":"","jetpack_publicize_feature_enabled":true,"jetpack_social_post_already_shared":false,"jetpack_social_options":{"image_generator_settings":{"template":"highway","default_image_id":0,"font":"","enabled":false},"version":2}},"categories":[13],"tags":[1221,1220],"class_list":["post-2547","post","type-post","status-publish","format-standard","has-post-thumbnail","hentry","category-negocios","tag-calidad-y-comercio-internacional","tag-t-mec-exportacion"],"blocksy_meta":[],"yoast_head":"<!-- This site is optimized with the Yoast SEO plugin v27.0 - https:\/\/yoast.com\/product\/yoast-seo-wordpress\/ -->\n<title>Revisi\u00f3n T-MEC: protege tu exportaci\u00f3n y tu calidad -<\/title>\n<meta name=\"description\" content=\"La revisi\u00f3n T-MEC 2025 puede cambiar reglas de exportaci\u00f3n. Protege tu calidad, tu trazabilidad y tus contratos con acciones concretas desde ya.\" \/>\n<meta name=\"robots\" content=\"index, follow, max-snippet:-1, max-image-preview:large, max-video-preview:-1\" \/>\n<link rel=\"canonical\" href=\"https:\/\/www.cubodeideas.com\/blog\/negocios\/revision-t-mec-protege-tu-exportacion-y-tu-calidad\/\" \/>\n<meta property=\"og:locale\" content=\"es_ES\" \/>\n<meta property=\"og:type\" content=\"article\" \/>\n<meta property=\"og:title\" content=\"Revisi\u00f3n T-MEC: protege tu exportaci\u00f3n y tu calidad -\" \/>\n<meta property=\"og:description\" content=\"La revisi\u00f3n T-MEC 2025 puede cambiar reglas de exportaci\u00f3n. Protege tu calidad, tu trazabilidad y tus contratos con acciones concretas desde ya.\" \/>\n<meta property=\"og:url\" content=\"https:\/\/www.cubodeideas.com\/blog\/negocios\/revision-t-mec-protege-tu-exportacion-y-tu-calidad\/\" \/>\n<meta property=\"article:publisher\" content=\"https:\/\/www.facebook.com\/somoscubodeideas\" \/>\n<meta property=\"article:published_time\" content=\"2025-08-04T03:32:21+00:00\" \/>\n<meta property=\"og:image\" content=\"https:\/\/www.cubodeideas.com\/blog\/wp-content\/uploads\/2025\/08\/portada-malamen169-1024x577.png\" \/>\n\t<meta property=\"og:image:width\" content=\"1024\" \/>\n\t<meta property=\"og:image:height\" content=\"577\" \/>\n\t<meta property=\"og:image:type\" content=\"image\/png\" \/>\n<meta name=\"author\" content=\"Noel Castro\" \/>\n<meta name=\"twitter:card\" content=\"summary_large_image\" \/>\n<meta name=\"twitter:creator\" content=\"@cubo_ideas\" \/>\n<meta name=\"twitter:site\" content=\"@cubo_ideas\" \/>\n<meta name=\"twitter:label1\" content=\"Escrito por\" \/>\n\t<meta name=\"twitter:data1\" content=\"Noel Castro\" \/>\n\t<meta name=\"twitter:label2\" content=\"Tiempo de lectura\" \/>\n\t<meta name=\"twitter:data2\" content=\"4 minutos\" \/>\n<script type=\"application\/ld+json\" class=\"yoast-schema-graph\">{\"@context\":\"https:\/\/schema.org\",\"@graph\":[{\"@type\":\"Article\",\"@id\":\"https:\/\/www.cubodeideas.com\/blog\/negocios\/revision-t-mec-protege-tu-exportacion-y-tu-calidad\/#article\",\"isPartOf\":{\"@id\":\"https:\/\/www.cubodeideas.com\/blog\/negocios\/revision-t-mec-protege-tu-exportacion-y-tu-calidad\/\"},\"author\":{\"name\":\"Noel Castro\",\"@id\":\"https:\/\/www.cubodeideas.com\/blog\/#\/schema\/person\/5614e43eb76109017cff51a2c7928211\"},\"headline\":\"Revisi\u00f3n T-MEC: protege tu exportaci\u00f3n y tu calidad\",\"datePublished\":\"2025-08-04T03:32:21+00:00\",\"mainEntityOfPage\":{\"@id\":\"https:\/\/www.cubodeideas.com\/blog\/negocios\/revision-t-mec-protege-tu-exportacion-y-tu-calidad\/\"},\"wordCount\":775,\"commentCount\":0,\"publisher\":{\"@id\":\"https:\/\/www.cubodeideas.com\/blog\/#organization\"},\"image\":{\"@id\":\"https:\/\/www.cubodeideas.com\/blog\/negocios\/revision-t-mec-protege-tu-exportacion-y-tu-calidad\/#primaryimage\"},\"thumbnailUrl\":\"https:\/\/www.cubodeideas.com\/blog\/wp-content\/uploads\/2025\/08\/portada-malamen169.png\",\"keywords\":[\"calidad y comercio internacional\",\"T-MEC exportaci\u00f3n\"],\"articleSection\":[\"Negocios\"],\"inLanguage\":\"es\",\"potentialAction\":[{\"@type\":\"CommentAction\",\"name\":\"Comment\",\"target\":[\"https:\/\/www.cubodeideas.com\/blog\/negocios\/revision-t-mec-protege-tu-exportacion-y-tu-calidad\/#respond\"]}]},{\"@type\":\"WebPage\",\"@id\":\"https:\/\/www.cubodeideas.com\/blog\/negocios\/revision-t-mec-protege-tu-exportacion-y-tu-calidad\/\",\"url\":\"https:\/\/www.cubodeideas.com\/blog\/negocios\/revision-t-mec-protege-tu-exportacion-y-tu-calidad\/\",\"name\":\"Revisi\u00f3n T-MEC: protege tu exportaci\u00f3n y tu calidad -\",\"isPartOf\":{\"@id\":\"https:\/\/www.cubodeideas.com\/blog\/#website\"},\"primaryImageOfPage\":{\"@id\":\"https:\/\/www.cubodeideas.com\/blog\/negocios\/revision-t-mec-protege-tu-exportacion-y-tu-calidad\/#primaryimage\"},\"image\":{\"@id\":\"https:\/\/www.cubodeideas.com\/blog\/negocios\/revision-t-mec-protege-tu-exportacion-y-tu-calidad\/#primaryimage\"},\"thumbnailUrl\":\"https:\/\/www.cubodeideas.com\/blog\/wp-content\/uploads\/2025\/08\/portada-malamen169.png\",\"datePublished\":\"2025-08-04T03:32:21+00:00\",\"description\":\"La revisi\u00f3n T-MEC 2025 puede cambiar reglas de exportaci\u00f3n. Protege tu calidad, tu trazabilidad y tus contratos con acciones concretas desde ya.\",\"breadcrumb\":{\"@id\":\"https:\/\/www.cubodeideas.com\/blog\/negocios\/revision-t-mec-protege-tu-exportacion-y-tu-calidad\/#breadcrumb\"},\"inLanguage\":\"es\",\"potentialAction\":[{\"@type\":\"ReadAction\",\"target\":[\"https:\/\/www.cubodeideas.com\/blog\/negocios\/revision-t-mec-protege-tu-exportacion-y-tu-calidad\/\"]}]},{\"@type\":\"ImageObject\",\"inLanguage\":\"es\",\"@id\":\"https:\/\/www.cubodeideas.com\/blog\/negocios\/revision-t-mec-protege-tu-exportacion-y-tu-calidad\/#primaryimage\",\"url\":\"https:\/\/www.cubodeideas.com\/blog\/wp-content\/uploads\/2025\/08\/portada-malamen169.png\",\"contentUrl\":\"https:\/\/www.cubodeideas.com\/blog\/wp-content\/uploads\/2025\/08\/portada-malamen169.png\",\"width\":1640,\"height\":924,\"caption\":\"revisi\u00f3n T-MEC 2025\"},{\"@type\":\"BreadcrumbList\",\"@id\":\"https:\/\/www.cubodeideas.com\/blog\/negocios\/revision-t-mec-protege-tu-exportacion-y-tu-calidad\/#breadcrumb\",\"itemListElement\":[{\"@type\":\"ListItem\",\"position\":1,\"name\":\"Portada\",\"item\":\"https:\/\/www.cubodeideas.com\/blog\/\"},{\"@type\":\"ListItem\",\"position\":2,\"name\":\"Revisi\u00f3n T-MEC: protege tu exportaci\u00f3n y tu calidad\"}]},{\"@type\":\"WebSite\",\"@id\":\"https:\/\/www.cubodeideas.com\/blog\/#website\",\"url\":\"https:\/\/www.cubodeideas.com\/blog\/\",\"name\":\"Cubo de Ideas\",\"description\":\"Cubo de Ideas, El Blog\",\"publisher\":{\"@id\":\"https:\/\/www.cubodeideas.com\/blog\/#organization\"},\"potentialAction\":[{\"@type\":\"SearchAction\",\"target\":{\"@type\":\"EntryPoint\",\"urlTemplate\":\"https:\/\/www.cubodeideas.com\/blog\/?s={search_term_string}\"},\"query-input\":{\"@type\":\"PropertyValueSpecification\",\"valueRequired\":true,\"valueName\":\"search_term_string\"}}],\"inLanguage\":\"es\"},{\"@type\":\"Organization\",\"@id\":\"https:\/\/www.cubodeideas.com\/blog\/#organization\",\"name\":\"Cubo de Ideas\",\"url\":\"https:\/\/www.cubodeideas.com\/blog\/\",\"logo\":{\"@type\":\"ImageObject\",\"inLanguage\":\"es\",\"@id\":\"https:\/\/www.cubodeideas.com\/blog\/#\/schema\/logo\/image\/\",\"url\":\"https:\/\/www.cubodeideas.com\/blog\/wp-content\/uploads\/2021\/10\/android-icon-72x72-1.png\",\"contentUrl\":\"https:\/\/www.cubodeideas.com\/blog\/wp-content\/uploads\/2021\/10\/android-icon-72x72-1.png\",\"width\":72,\"height\":72,\"caption\":\"Cubo de Ideas\"},\"image\":{\"@id\":\"https:\/\/www.cubodeideas.com\/blog\/#\/schema\/logo\/image\/\"},\"sameAs\":[\"https:\/\/www.facebook.com\/somoscubodeideas\",\"https:\/\/x.com\/cubo_ideas\",\"https:\/\/www.instagram.com\/cubodeideas\"]},{\"@type\":\"Person\",\"@id\":\"https:\/\/www.cubodeideas.com\/blog\/#\/schema\/person\/5614e43eb76109017cff51a2c7928211\",\"name\":\"Noel Castro\",\"description\":\"LEM Noel Castro Monta\u00f1o es CEO de Cubo de Ideas, Director de Operaciones para Citosa Textiles. Asesor de nuevos mercados y estrategias digitales para el segmento Retail. Especialista en marketing para autoservicios y puntos de venta. Especialista en sistemas de gesti\u00f3n de la calidad con enfoque a la ISO 9001:2015\",\"sameAs\":[\"https:\/\/www.cubodeideas.com\/blog\"],\"url\":\"https:\/\/www.cubodeideas.com\/blog\/author\/admin\/\"}]}<\/script>\n<!-- \/ Yoast SEO plugin. -->","yoast_head_json":{"title":"Revisi\u00f3n T-MEC: protege tu exportaci\u00f3n y tu calidad -","description":"La revisi\u00f3n T-MEC 2025 puede cambiar reglas de exportaci\u00f3n. Protege tu calidad, tu trazabilidad y tus contratos con acciones concretas desde ya.","robots":{"index":"index","follow":"follow","max-snippet":"max-snippet:-1","max-image-preview":"max-image-preview:large","max-video-preview":"max-video-preview:-1"},"canonical":"https:\/\/www.cubodeideas.com\/blog\/negocios\/revision-t-mec-protege-tu-exportacion-y-tu-calidad\/","og_locale":"es_ES","og_type":"article","og_title":"Revisi\u00f3n T-MEC: protege tu exportaci\u00f3n y tu calidad -","og_description":"La revisi\u00f3n T-MEC 2025 puede cambiar reglas de exportaci\u00f3n. Protege tu calidad, tu trazabilidad y tus contratos con acciones concretas desde ya.","og_url":"https:\/\/www.cubodeideas.com\/blog\/negocios\/revision-t-mec-protege-tu-exportacion-y-tu-calidad\/","article_publisher":"https:\/\/www.facebook.com\/somoscubodeideas","article_published_time":"2025-08-04T03:32:21+00:00","og_image":[{"width":1024,"height":577,"url":"https:\/\/www.cubodeideas.com\/blog\/wp-content\/uploads\/2025\/08\/portada-malamen169-1024x577.png","type":"image\/png"}],"author":"Noel Castro","twitter_card":"summary_large_image","twitter_creator":"@cubo_ideas","twitter_site":"@cubo_ideas","twitter_misc":{"Escrito por":"Noel Castro","Tiempo de lectura":"4 minutos"},"schema":{"@context":"https:\/\/schema.org","@graph":[{"@type":"Article","@id":"https:\/\/www.cubodeideas.com\/blog\/negocios\/revision-t-mec-protege-tu-exportacion-y-tu-calidad\/#article","isPartOf":{"@id":"https:\/\/www.cubodeideas.com\/blog\/negocios\/revision-t-mec-protege-tu-exportacion-y-tu-calidad\/"},"author":{"name":"Noel Castro","@id":"https:\/\/www.cubodeideas.com\/blog\/#\/schema\/person\/5614e43eb76109017cff51a2c7928211"},"headline":"Revisi\u00f3n T-MEC: protege tu exportaci\u00f3n y tu calidad","datePublished":"2025-08-04T03:32:21+00:00","mainEntityOfPage":{"@id":"https:\/\/www.cubodeideas.com\/blog\/negocios\/revision-t-mec-protege-tu-exportacion-y-tu-calidad\/"},"wordCount":775,"commentCount":0,"publisher":{"@id":"https:\/\/www.cubodeideas.com\/blog\/#organization"},"image":{"@id":"https:\/\/www.cubodeideas.com\/blog\/negocios\/revision-t-mec-protege-tu-exportacion-y-tu-calidad\/#primaryimage"},"thumbnailUrl":"https:\/\/www.cubodeideas.com\/blog\/wp-content\/uploads\/2025\/08\/portada-malamen169.png","keywords":["calidad y comercio internacional","T-MEC exportaci\u00f3n"],"articleSection":["Negocios"],"inLanguage":"es","potentialAction":[{"@type":"CommentAction","name":"Comment","target":["https:\/\/www.cubodeideas.com\/blog\/negocios\/revision-t-mec-protege-tu-exportacion-y-tu-calidad\/#respond"]}]},{"@type":"WebPage","@id":"https:\/\/www.cubodeideas.com\/blog\/negocios\/revision-t-mec-protege-tu-exportacion-y-tu-calidad\/","url":"https:\/\/www.cubodeideas.com\/blog\/negocios\/revision-t-mec-protege-tu-exportacion-y-tu-calidad\/","name":"Revisi\u00f3n T-MEC: protege tu exportaci\u00f3n y tu calidad -","isPartOf":{"@id":"https:\/\/www.cubodeideas.com\/blog\/#website"},"primaryImageOfPage":{"@id":"https:\/\/www.cubodeideas.com\/blog\/negocios\/revision-t-mec-protege-tu-exportacion-y-tu-calidad\/#primaryimage"},"image":{"@id":"https:\/\/www.cubodeideas.com\/blog\/negocios\/revision-t-mec-protege-tu-exportacion-y-tu-calidad\/#primaryimage"},"thumbnailUrl":"https:\/\/www.cubodeideas.com\/blog\/wp-content\/uploads\/2025\/08\/portada-malamen169.png","datePublished":"2025-08-04T03:32:21+00:00","description":"La revisi\u00f3n T-MEC 2025 puede cambiar reglas de exportaci\u00f3n. Protege tu calidad, tu trazabilidad y tus contratos con acciones concretas desde ya.","breadcrumb":{"@id":"https:\/\/www.cubodeideas.com\/blog\/negocios\/revision-t-mec-protege-tu-exportacion-y-tu-calidad\/#breadcrumb"},"inLanguage":"es","potentialAction":[{"@type":"ReadAction","target":["https:\/\/www.cubodeideas.com\/blog\/negocios\/revision-t-mec-protege-tu-exportacion-y-tu-calidad\/"]}]},{"@type":"ImageObject","inLanguage":"es","@id":"https:\/\/www.cubodeideas.com\/blog\/negocios\/revision-t-mec-protege-tu-exportacion-y-tu-calidad\/#primaryimage","url":"https:\/\/www.cubodeideas.com\/blog\/wp-content\/uploads\/2025\/08\/portada-malamen169.png","contentUrl":"https:\/\/www.cubodeideas.com\/blog\/wp-content\/uploads\/2025\/08\/portada-malamen169.png","width":1640,"height":924,"caption":"revisi\u00f3n T-MEC 2025"},{"@type":"BreadcrumbList","@id":"https:\/\/www.cubodeideas.com\/blog\/negocios\/revision-t-mec-protege-tu-exportacion-y-tu-calidad\/#breadcrumb","itemListElement":[{"@type":"ListItem","position":1,"name":"Portada","item":"https:\/\/www.cubodeideas.com\/blog\/"},{"@type":"ListItem","position":2,"name":"Revisi\u00f3n T-MEC: protege tu exportaci\u00f3n y tu calidad"}]},{"@type":"WebSite","@id":"https:\/\/www.cubodeideas.com\/blog\/#website","url":"https:\/\/www.cubodeideas.com\/blog\/","name":"Cubo de Ideas","description":"Cubo de Ideas, El Blog","publisher":{"@id":"https:\/\/www.cubodeideas.com\/blog\/#organization"},"potentialAction":[{"@type":"SearchAction","target":{"@type":"EntryPoint","urlTemplate":"https:\/\/www.cubodeideas.com\/blog\/?s={search_term_string}"},"query-input":{"@type":"PropertyValueSpecification","valueRequired":true,"valueName":"search_term_string"}}],"inLanguage":"es"},{"@type":"Organization","@id":"https:\/\/www.cubodeideas.com\/blog\/#organization","name":"Cubo de Ideas","url":"https:\/\/www.cubodeideas.com\/blog\/","logo":{"@type":"ImageObject","inLanguage":"es","@id":"https:\/\/www.cubodeideas.com\/blog\/#\/schema\/logo\/image\/","url":"https:\/\/www.cubodeideas.com\/blog\/wp-content\/uploads\/2021\/10\/android-icon-72x72-1.png","contentUrl":"https:\/\/www.cubodeideas.com\/blog\/wp-content\/uploads\/2021\/10\/android-icon-72x72-1.png","width":72,"height":72,"caption":"Cubo de Ideas"},"image":{"@id":"https:\/\/www.cubodeideas.com\/blog\/#\/schema\/logo\/image\/"},"sameAs":["https:\/\/www.facebook.com\/somoscubodeideas","https:\/\/x.com\/cubo_ideas","https:\/\/www.instagram.com\/cubodeideas"]},{"@type":"Person","@id":"https:\/\/www.cubodeideas.com\/blog\/#\/schema\/person\/5614e43eb76109017cff51a2c7928211","name":"Noel Castro","description":"LEM Noel Castro Monta\u00f1o es CEO de Cubo de Ideas, Director de Operaciones para Citosa Textiles. Asesor de nuevos mercados y estrategias digitales para el segmento Retail. Especialista en marketing para autoservicios y puntos de venta. Especialista en sistemas de gesti\u00f3n de la calidad con enfoque a la ISO 9001:2015","sameAs":["https:\/\/www.cubodeideas.com\/blog"],"url":"https:\/\/www.cubodeideas.com\/blog\/author\/admin\/"}]}},"jetpack_publicize_connections":[],"_links":{"self":[{"href":"https:\/\/www.cubodeideas.com\/blog\/wp-json\/wp\/v2\/posts\/2547","targetHints":{"allow":["GET"]}}],"collection":[{"href":"https:\/\/www.cubodeideas.com\/blog\/wp-json\/wp\/v2\/posts"}],"about":[{"href":"https:\/\/www.cubodeideas.com\/blog\/wp-json\/wp\/v2\/types\/post"}],"author":[{"embeddable":true,"href":"https:\/\/www.cubodeideas.com\/blog\/wp-json\/wp\/v2\/users\/1"}],"replies":[{"embeddable":true,"href":"https:\/\/www.cubodeideas.com\/blog\/wp-json\/wp\/v2\/comments?post=2547"}],"version-history":[{"count":1,"href":"https:\/\/www.cubodeideas.com\/blog\/wp-json\/wp\/v2\/posts\/2547\/revisions"}],"predecessor-version":[{"id":2549,"href":"https:\/\/www.cubodeideas.com\/blog\/wp-json\/wp\/v2\/posts\/2547\/revisions\/2549"}],"wp:featuredmedia":[{"embeddable":true,"href":"https:\/\/www.cubodeideas.com\/blog\/wp-json\/wp\/v2\/media\/2548"}],"wp:attachment":[{"href":"https:\/\/www.cubodeideas.com\/blog\/wp-json\/wp\/v2\/media?parent=2547"}],"wp:term":[{"taxonomy":"category","embeddable":true,"href":"https:\/\/www.cubodeideas.com\/blog\/wp-json\/wp\/v2\/categories?post=2547"},{"taxonomy":"post_tag","embeddable":true,"href":"https:\/\/www.cubodeideas.com\/blog\/wp-json\/wp\/v2\/tags?post=2547"}],"curies":[{"name":"wp","href":"https:\/\/api.w.org\/{rel}","templated":true}]}}