{"id":2544,"date":"2025-08-04T03:17:21","date_gmt":"2025-08-04T03:17:21","guid":{"rendered":"https:\/\/www.cubodeideas.com\/blog\/?p=2544"},"modified":"2025-08-04T03:17:21","modified_gmt":"2025-08-04T03:17:21","slug":"crisis-logistica-protege-tu-cadena-ante-riesgos-globales","status":"publish","type":"post","link":"https:\/\/www.cubodeideas.com\/blog\/negocios\/crisis-logistica-protege-tu-cadena-ante-riesgos-globales\/","title":{"rendered":"Crisis log\u00edstica: protege tu cadena ante riesgos globales"},"content":{"rendered":"<p data-start=\"282\" data-end=\"782\">Desde finales de 2023 y durante todo 2024, la situaci\u00f3n geopol\u00edtica en el Mar Rojo ha generado <strong data-start=\"377\" data-end=\"425\">afectaciones directas en las rutas mar\u00edtimas<\/strong> que conectan Asia, Europa y Am\u00e9rica. Para muchas PYMEs mexicanas, estos eventos parec\u00edan lejanos, pero en 2025 ya est\u00e1n <strong data-start=\"546\" data-end=\"621\">impactando costos, tiempos de entrega y abastecimiento de insumos clave<\/strong>. Si tu empresa importa materiales o depende de productos que cruzan por el Canal de Suez, tu operaci\u00f3n podr\u00eda estar en riesgo. La pregunta es: \u00bfest\u00e1s preparado?<\/p>\n<p data-start=\"784\" data-end=\"954\">A continuaci\u00f3n te explicamos qu\u00e9 est\u00e1 ocurriendo, c\u00f3mo puede afectarte y qu\u00e9 debes hacer desde la gesti\u00f3n operativa y de calidad para <strong data-start=\"918\" data-end=\"953\">blindar tu cadena de suministro<\/strong>.<\/p>\n<h2 data-start=\"956\" data-end=\"1010\">\u00bfQu\u00e9 est\u00e1 pasando en el Mar Rojo y por qu\u00e9 importa?<\/h2>\n<p data-start=\"1012\" data-end=\"1339\">El Mar Rojo conecta el Oc\u00e9ano \u00cdndico con el Mediterr\u00e1neo a trav\u00e9s del <strong data-start=\"1082\" data-end=\"1099\">Canal de Suez<\/strong>, una de las rutas comerciales m\u00e1s importantes del mundo. Recientemente, los conflictos en Yemen y el aumento de ataques a buques comerciales han obligado a muchas navieras a <strong data-start=\"1274\" data-end=\"1323\">desviar sus rutas alrededor del sur de \u00c1frica<\/strong>, lo que genera:<\/p>\n<ul data-start=\"1341\" data-end=\"1576\">\n<li data-start=\"1341\" data-end=\"1408\">\n<p data-start=\"1343\" data-end=\"1408\"><strong data-start=\"1343\" data-end=\"1408\">Retrasos promedio de 15 a 20 d\u00edas en entregas internacionales<\/strong><\/p>\n<\/li>\n<li data-start=\"1409\" data-end=\"1464\">\n<p data-start=\"1411\" data-end=\"1464\"><strong data-start=\"1411\" data-end=\"1464\">Aumento de hasta 400% en costos de flete mar\u00edtimo<\/strong><\/p>\n<\/li>\n<li data-start=\"1465\" data-end=\"1516\">\n<p data-start=\"1467\" data-end=\"1516\"><strong data-start=\"1467\" data-end=\"1516\">Escasez de contenedores y bloqueos en puertos<\/strong><\/p>\n<\/li>\n<li data-start=\"1517\" data-end=\"1576\">\n<p data-start=\"1519\" data-end=\"1576\"><strong data-start=\"1519\" data-end=\"1576\">Incertidumbre sobre disponibilidad de productos clave<\/strong><\/p>\n<\/li>\n<\/ul>\n<p data-start=\"1578\" data-end=\"1853\">Aunque M\u00e9xico no se encuentra en esta ruta directa, muchos <strong data-start=\"1637\" data-end=\"1710\">insumos industriales, electr\u00f3nicos, qu\u00edmicos y equipos especializados<\/strong> provienen de Asia o Europa v\u00eda Canal de Suez. Esto significa que el impacto <strong data-start=\"1787\" data-end=\"1824\">puede llegarte de forma indirecta<\/strong> a trav\u00e9s de tus proveedores.<\/p>\n<h2 data-start=\"1855\" data-end=\"1899\">\u00bfTu PYME est\u00e1 expuesta? Se\u00f1ales de alerta<\/h2>\n<p data-start=\"1901\" data-end=\"1961\">Aun si no importas directamente, podr\u00edas estar en riesgo si:<\/p>\n<ul data-start=\"1963\" data-end=\"2268\">\n<li data-start=\"1963\" data-end=\"2020\">\n<p data-start=\"1965\" data-end=\"2020\">Tu proveedor principal tiene origen asi\u00e1tico o europeo.<\/p>\n<\/li>\n<li data-start=\"2021\" data-end=\"2093\">\n<p data-start=\"2023\" data-end=\"2093\">Has recibido avisos de demora, incremento de precios o falta de stock.<\/p>\n<\/li>\n<li data-start=\"2094\" data-end=\"2158\">\n<p data-start=\"2096\" data-end=\"2158\">Usas productos o componentes importados sin alternativa local.<\/p>\n<\/li>\n<li data-start=\"2159\" data-end=\"2210\">\n<p data-start=\"2161\" data-end=\"2210\">Tu inventario se ha reducido sin una causa clara.<\/p>\n<\/li>\n<li data-start=\"2211\" data-end=\"2268\">\n<p data-start=\"2213\" data-end=\"2268\">Tienes contratos que dependen de entregas just-in-time.<\/p>\n<\/li>\n<\/ul>\n<p data-start=\"2270\" data-end=\"2374\">Una evaluaci\u00f3n b\u00e1sica de tu cadena de suministro te permitir\u00e1 <strong data-start=\"2332\" data-end=\"2373\">identificar vulnerabilidades cr\u00edticas<\/strong>.<\/p>\n<h2 data-start=\"2376\" data-end=\"2428\">\u00bfQu\u00e9 impacto tiene esto en la gesti\u00f3n de calidad?<\/h2>\n<p data-start=\"2430\" data-end=\"2519\">Desde el punto de vista de un sistema ISO 9001, una crisis log\u00edstica afecta directamente:<\/p>\n<ul data-start=\"2521\" data-end=\"3062\">\n<li data-start=\"2521\" data-end=\"2608\">\n<p data-start=\"2523\" data-end=\"2608\"><strong data-start=\"2523\" data-end=\"2566\">Planificaci\u00f3n operativa (cl\u00e1usula 8.1):<\/strong> imposibilidad de cumplir fechas pactadas.<\/p>\n<\/li>\n<li data-start=\"2609\" data-end=\"2712\">\n<p data-start=\"2611\" data-end=\"2712\"><strong data-start=\"2611\" data-end=\"2652\">Control de entradas (cl\u00e1usula 8.4.2):<\/strong> insumos fuera de especificaci\u00f3n por sustituciones urgentes.<\/p>\n<\/li>\n<li data-start=\"2713\" data-end=\"2816\">\n<p data-start=\"2715\" data-end=\"2816\"><strong data-start=\"2715\" data-end=\"2761\">Satisfacci\u00f3n del cliente (cl\u00e1usula 9.1.2):<\/strong> aumento de reclamos por incumplimiento o baja calidad.<\/p>\n<\/li>\n<li data-start=\"2817\" data-end=\"2938\">\n<p data-start=\"2819\" data-end=\"2938\"><strong data-start=\"2819\" data-end=\"2857\">Gesti\u00f3n de riesgos (cl\u00e1usula 6.1):<\/strong> eventos no previstos generan acciones reactivas y alto riesgo de no conformidad.<\/p>\n<\/li>\n<li data-start=\"2939\" data-end=\"3062\">\n<p data-start=\"2941\" data-end=\"3062\"><strong data-start=\"2941\" data-end=\"2986\">Revisi\u00f3n por la direcci\u00f3n (cl\u00e1usula 9.3):<\/strong> decisiones cr\u00edticas deben tomarse con base en datos y an\u00e1lisis estrat\u00e9gico.<\/p>\n<\/li>\n<\/ul>\n<h2 data-start=\"3064\" data-end=\"3102\">\u00bfQu\u00e9 acciones urgentes debes tomar?<\/h2>\n<h3 data-start=\"3104\" data-end=\"3172\">1. Actualiza tu an\u00e1lisis de riesgos en la cadena de suministro<\/h3>\n<p data-start=\"3173\" data-end=\"3305\">Incluye riesgos por demora, escasez o aumento de precios. Clasifica por criticidad: \u00bfqu\u00e9 insumos comprometen calidad o cumplimiento?<\/p>\n<h3 data-start=\"3307\" data-end=\"3349\">2. Diversifica fuentes de suministro<\/h3>\n<p data-start=\"3350\" data-end=\"3501\">No esperes que tus proveedores actuales resuelvan el problema. Explora alternativas nacionales o regionales que reduzcan dependencia de rutas cr\u00edticas.<\/p>\n<h3 data-start=\"3503\" data-end=\"3565\">3. Refuerza controles de entrada y validaci\u00f3n de insumos<\/h3>\n<p data-start=\"3566\" data-end=\"3693\">Ante posibles sustituciones de materiales, aseg\u00farate de validar especificaciones t\u00e9cnicas, pruebas de calidad y compatibilidad.<\/p>\n<h3 data-start=\"3695\" data-end=\"3748\">4. Comunica de forma proactiva con tus clientes<\/h3>\n<p data-start=\"3749\" data-end=\"3882\">Si prev\u00e9s impactos en entregas, justifica con datos, explica medidas correctivas y demuestra que tienes un sistema s\u00f3lido de gesti\u00f3n.<\/p>\n<h3 data-start=\"3884\" data-end=\"3932\">5. Documenta todo dentro de tu sistema ISO<\/h3>\n<p data-start=\"3933\" data-end=\"4075\">No dejes evidencia dispersa. Registra cada acci\u00f3n, decisi\u00f3n y evaluaci\u00f3n dentro de tu sistema de gesti\u00f3n como parte del seguimiento a riesgos.<\/p>\n<h2 data-start=\"4077\" data-end=\"4143\">Impacto comercial: c\u00f3mo proteger tu relaci\u00f3n con clientes clave<\/h2>\n<p data-start=\"4145\" data-end=\"4278\">Clientes nacionales e internacionales valoran proveedores <strong data-start=\"4203\" data-end=\"4232\">preparados y responsables<\/strong>, incluso en crisis. Las PYMEs que demuestren:<\/p>\n<ul data-start=\"4280\" data-end=\"4407\">\n<li data-start=\"4280\" data-end=\"4313\">\n<p data-start=\"4282\" data-end=\"4313\">Evaluaci\u00f3n proactiva de riesgos<\/p>\n<\/li>\n<li data-start=\"4314\" data-end=\"4345\">\n<p data-start=\"4316\" data-end=\"4345\">Planes de contingencia claros<\/p>\n<\/li>\n<li data-start=\"4346\" data-end=\"4371\">\n<p data-start=\"4348\" data-end=\"4371\">Capacidad de adaptaci\u00f3n<\/p>\n<\/li>\n<li data-start=\"4372\" data-end=\"4407\">\n<p data-start=\"4374\" data-end=\"4407\">Control documental y trazabilidad<\/p>\n<\/li>\n<\/ul>\n<p data-start=\"4409\" data-end=\"4515\">&#8230;tendr\u00e1n m\u00e1s probabilidades de <strong data-start=\"4442\" data-end=\"4514\">mantener contratos, evitar penalizaciones y fortalecer su reputaci\u00f3n<\/strong>.<\/p>\n<h2 data-start=\"4517\" data-end=\"4569\">\u00bfEs momento de revisar tus contratos y pol\u00edticas?<\/h2>\n<p data-start=\"4571\" data-end=\"4630\">S\u00ed. La situaci\u00f3n log\u00edstica global actual justifica revisar:<\/p>\n<ul data-start=\"4632\" data-end=\"4813\">\n<li data-start=\"4632\" data-end=\"4684\">\n<p data-start=\"4634\" data-end=\"4684\"><strong data-start=\"4634\" data-end=\"4684\">Tiempos de entrega y cl\u00e1usulas de fuerza mayor<\/strong><\/p>\n<\/li>\n<li data-start=\"4685\" data-end=\"4714\">\n<p data-start=\"4687\" data-end=\"4714\">Penalizaciones por retrasos<\/p>\n<\/li>\n<li data-start=\"4715\" data-end=\"4751\">\n<p data-start=\"4717\" data-end=\"4751\">Opciones de renegociaci\u00f3n temporal<\/p>\n<\/li>\n<li data-start=\"4752\" data-end=\"4813\">\n<p data-start=\"4754\" data-end=\"4813\">Contratos con proveedores cr\u00edticos: \u00bfqu\u00e9 garant\u00edas ofrecen?<\/p>\n<\/li>\n<\/ul>\n<p data-start=\"4815\" data-end=\"4917\">Integrar estos aspectos dentro de tu sistema ISO refuerza tu estructura operativa y reduce exposici\u00f3n.<\/p>\n<p data-start=\"4934\" data-end=\"5326\">La crisis en el Mar Rojo es un recordatorio de que <strong data-start=\"4985\" data-end=\"5043\">la gesti\u00f3n de calidad no se limita a procesos internos<\/strong>. Las cadenas globales afectan tu operaci\u00f3n, y solo las empresas con sistemas robustos, flexibles y documentados podr\u00e1n sostener su competitividad. Evaluar tu exposici\u00f3n, actuar con control y comunicar con evidencia es clave para mantener tu operaci\u00f3n activa y tu reputaci\u00f3n intacta.<\/p>\n<hr data-start=\"5328\" data-end=\"5331\" \/>\n<div class=\"pvc_clear\"><\/div>\n<p id=\"pvc_stats_2544\" class=\"pvc_stats all  \" data-element-id=\"2544\" style=\"\"><i class=\"pvc-stats-icon medium\" aria-hidden=\"true\"><svg aria-hidden=\"true\" focusable=\"false\" data-prefix=\"far\" data-icon=\"chart-bar\" role=\"img\" xmlns=\"http:\/\/www.w3.org\/2000\/svg\" viewBox=\"0 0 512 512\" class=\"svg-inline--fa fa-chart-bar fa-w-16 fa-2x\"><path fill=\"currentColor\" d=\"M396.8 352h22.4c6.4 0 12.8-6.4 12.8-12.8V108.8c0-6.4-6.4-12.8-12.8-12.8h-22.4c-6.4 0-12.8 6.4-12.8 12.8v230.4c0 6.4 6.4 12.8 12.8 12.8zm-192 0h22.4c6.4 0 12.8-6.4 12.8-12.8V140.8c0-6.4-6.4-12.8-12.8-12.8h-22.4c-6.4 0-12.8 6.4-12.8 12.8v198.4c0 6.4 6.4 12.8 12.8 12.8zm96 0h22.4c6.4 0 12.8-6.4 12.8-12.8V204.8c0-6.4-6.4-12.8-12.8-12.8h-22.4c-6.4 0-12.8 6.4-12.8 12.8v134.4c0 6.4 6.4 12.8 12.8 12.8zM496 400H48V80c0-8.84-7.16-16-16-16H16C7.16 64 0 71.16 0 80v336c0 17.67 14.33 32 32 32h464c8.84 0 16-7.16 16-16v-16c0-8.84-7.16-16-16-16zm-387.2-48h22.4c6.4 0 12.8-6.4 12.8-12.8v-70.4c0-6.4-6.4-12.8-12.8-12.8h-22.4c-6.4 0-12.8 6.4-12.8 12.8v70.4c0 6.4 6.4 12.8 12.8 12.8z\" class=\"\"><\/path><\/svg><\/i> <img loading=\"lazy\" decoding=\"async\" width=\"16\" height=\"16\" alt=\"Loading\" src=\"https:\/\/www.cubodeideas.com\/blog\/wp-content\/plugins\/page-views-count\/ajax-loader-2x.gif\" border=0 \/><\/p>\n<div class=\"pvc_clear\"><\/div>\n","protected":false},"excerpt":{"rendered":"<p>Desde finales de 2023 y durante todo 2024, la situaci\u00f3n geopol\u00edtica en el Mar Rojo ha generado afectaciones directas en las rutas mar\u00edtimas que conectan Asia, Europa y Am\u00e9rica. Para muchas PYMEs mexicanas, estos eventos parec\u00edan lejanos, pero en 2025 ya est\u00e1n impactando costos, tiempos de entrega y abastecimiento de insumos clave. Si tu empresa [&hellip;]<\/p>\n<div class=\"pvc_clear\"><\/div>\n<p id=\"pvc_stats_2544\" class=\"pvc_stats all  \" data-element-id=\"2544\" style=\"\"><i class=\"pvc-stats-icon medium\" aria-hidden=\"true\"><svg aria-hidden=\"true\" focusable=\"false\" data-prefix=\"far\" data-icon=\"chart-bar\" role=\"img\" xmlns=\"http:\/\/www.w3.org\/2000\/svg\" viewBox=\"0 0 512 512\" class=\"svg-inline--fa fa-chart-bar fa-w-16 fa-2x\"><path fill=\"currentColor\" d=\"M396.8 352h22.4c6.4 0 12.8-6.4 12.8-12.8V108.8c0-6.4-6.4-12.8-12.8-12.8h-22.4c-6.4 0-12.8 6.4-12.8 12.8v230.4c0 6.4 6.4 12.8 12.8 12.8zm-192 0h22.4c6.4 0 12.8-6.4 12.8-12.8V140.8c0-6.4-6.4-12.8-12.8-12.8h-22.4c-6.4 0-12.8 6.4-12.8 12.8v198.4c0 6.4 6.4 12.8 12.8 12.8zm96 0h22.4c6.4 0 12.8-6.4 12.8-12.8V204.8c0-6.4-6.4-12.8-12.8-12.8h-22.4c-6.4 0-12.8 6.4-12.8 12.8v134.4c0 6.4 6.4 12.8 12.8 12.8zM496 400H48V80c0-8.84-7.16-16-16-16H16C7.16 64 0 71.16 0 80v336c0 17.67 14.33 32 32 32h464c8.84 0 16-7.16 16-16v-16c0-8.84-7.16-16-16-16zm-387.2-48h22.4c6.4 0 12.8-6.4 12.8-12.8v-70.4c0-6.4-6.4-12.8-12.8-12.8h-22.4c-6.4 0-12.8 6.4-12.8 12.8v70.4c0 6.4 6.4 12.8 12.8 12.8z\" class=\"\"><\/path><\/svg><\/i> <img loading=\"lazy\" decoding=\"async\" width=\"16\" height=\"16\" alt=\"Loading\" src=\"https:\/\/www.cubodeideas.com\/blog\/wp-content\/plugins\/page-views-count\/ajax-loader-2x.gif\" border=0 \/><\/p>\n<div class=\"pvc_clear\"><\/div>\n","protected":false},"author":1,"featured_media":2545,"comment_status":"open","ping_status":"closed","sticky":false,"template":"","format":"standard","meta":{"footnotes":"","jetpack_publicize_message":"","jetpack_publicize_feature_enabled":true,"jetpack_social_post_already_shared":false,"jetpack_social_options":{"image_generator_settings":{"template":"highway","default_image_id":0,"font":"","enabled":false},"version":2}},"categories":[13],"tags":[73,1219],"class_list":["post-2544","post","type-post","status-publish","format-standard","has-post-thumbnail","hentry","category-negocios","tag-cadena-de-suministro","tag-gestion-de-riesgos-iso"],"blocksy_meta":[],"yoast_head":"<!-- This site is optimized with the Yoast SEO plugin v27.0 - https:\/\/yoast.com\/product\/yoast-seo-wordpress\/ -->\n<title>Crisis log\u00edstica: protege tu cadena ante riesgos globales -<\/title>\n<meta name=\"description\" content=\"La crisis log\u00edstica 2025 puede afectar tu operaci\u00f3n. Eval\u00faa riesgos y protege tu cadena con control y trazabilidad desde tu sistema ISO.\" \/>\n<meta name=\"robots\" content=\"index, follow, max-snippet:-1, max-image-preview:large, max-video-preview:-1\" \/>\n<link rel=\"canonical\" href=\"https:\/\/www.cubodeideas.com\/blog\/negocios\/crisis-logistica-protege-tu-cadena-ante-riesgos-globales\/\" \/>\n<meta property=\"og:locale\" content=\"es_ES\" \/>\n<meta property=\"og:type\" content=\"article\" \/>\n<meta property=\"og:title\" content=\"Crisis log\u00edstica: protege tu cadena ante riesgos globales -\" \/>\n<meta property=\"og:description\" content=\"La crisis log\u00edstica 2025 puede afectar tu operaci\u00f3n. Eval\u00faa riesgos y protege tu cadena con control y trazabilidad desde tu sistema ISO.\" \/>\n<meta property=\"og:url\" content=\"https:\/\/www.cubodeideas.com\/blog\/negocios\/crisis-logistica-protege-tu-cadena-ante-riesgos-globales\/\" \/>\n<meta property=\"article:publisher\" content=\"https:\/\/www.facebook.com\/somoscubodeideas\" \/>\n<meta property=\"article:published_time\" content=\"2025-08-04T03:17:21+00:00\" \/>\n<meta property=\"og:image\" content=\"https:\/\/www.cubodeideas.com\/blog\/wp-content\/uploads\/2025\/08\/portada-malamen168-1024x577.png\" \/>\n\t<meta property=\"og:image:width\" content=\"1024\" \/>\n\t<meta property=\"og:image:height\" content=\"577\" \/>\n\t<meta property=\"og:image:type\" content=\"image\/png\" \/>\n<meta name=\"author\" content=\"Noel Castro\" \/>\n<meta name=\"twitter:card\" content=\"summary_large_image\" \/>\n<meta name=\"twitter:creator\" content=\"@cubo_ideas\" \/>\n<meta name=\"twitter:site\" content=\"@cubo_ideas\" \/>\n<meta name=\"twitter:label1\" content=\"Escrito por\" \/>\n\t<meta name=\"twitter:data1\" content=\"Noel Castro\" \/>\n\t<meta name=\"twitter:label2\" content=\"Tiempo de lectura\" \/>\n\t<meta name=\"twitter:data2\" content=\"4 minutos\" \/>\n<script type=\"application\/ld+json\" class=\"yoast-schema-graph\">{\"@context\":\"https:\/\/schema.org\",\"@graph\":[{\"@type\":\"Article\",\"@id\":\"https:\/\/www.cubodeideas.com\/blog\/negocios\/crisis-logistica-protege-tu-cadena-ante-riesgos-globales\/#article\",\"isPartOf\":{\"@id\":\"https:\/\/www.cubodeideas.com\/blog\/negocios\/crisis-logistica-protege-tu-cadena-ante-riesgos-globales\/\"},\"author\":{\"name\":\"Noel Castro\",\"@id\":\"https:\/\/www.cubodeideas.com\/blog\/#\/schema\/person\/5614e43eb76109017cff51a2c7928211\"},\"headline\":\"Crisis log\u00edstica: protege tu cadena ante riesgos globales\",\"datePublished\":\"2025-08-04T03:17:21+00:00\",\"mainEntityOfPage\":{\"@id\":\"https:\/\/www.cubodeideas.com\/blog\/negocios\/crisis-logistica-protege-tu-cadena-ante-riesgos-globales\/\"},\"wordCount\":789,\"commentCount\":0,\"publisher\":{\"@id\":\"https:\/\/www.cubodeideas.com\/blog\/#organization\"},\"image\":{\"@id\":\"https:\/\/www.cubodeideas.com\/blog\/negocios\/crisis-logistica-protege-tu-cadena-ante-riesgos-globales\/#primaryimage\"},\"thumbnailUrl\":\"https:\/\/www.cubodeideas.com\/blog\/wp-content\/uploads\/2025\/08\/portada-malamen168.png\",\"keywords\":[\"Cadena de suministro\",\"gesti\u00f3n de riesgos ISO\"],\"articleSection\":[\"Negocios\"],\"inLanguage\":\"es\",\"potentialAction\":[{\"@type\":\"CommentAction\",\"name\":\"Comment\",\"target\":[\"https:\/\/www.cubodeideas.com\/blog\/negocios\/crisis-logistica-protege-tu-cadena-ante-riesgos-globales\/#respond\"]}]},{\"@type\":\"WebPage\",\"@id\":\"https:\/\/www.cubodeideas.com\/blog\/negocios\/crisis-logistica-protege-tu-cadena-ante-riesgos-globales\/\",\"url\":\"https:\/\/www.cubodeideas.com\/blog\/negocios\/crisis-logistica-protege-tu-cadena-ante-riesgos-globales\/\",\"name\":\"Crisis log\u00edstica: protege tu cadena ante riesgos globales -\",\"isPartOf\":{\"@id\":\"https:\/\/www.cubodeideas.com\/blog\/#website\"},\"primaryImageOfPage\":{\"@id\":\"https:\/\/www.cubodeideas.com\/blog\/negocios\/crisis-logistica-protege-tu-cadena-ante-riesgos-globales\/#primaryimage\"},\"image\":{\"@id\":\"https:\/\/www.cubodeideas.com\/blog\/negocios\/crisis-logistica-protege-tu-cadena-ante-riesgos-globales\/#primaryimage\"},\"thumbnailUrl\":\"https:\/\/www.cubodeideas.com\/blog\/wp-content\/uploads\/2025\/08\/portada-malamen168.png\",\"datePublished\":\"2025-08-04T03:17:21+00:00\",\"description\":\"La crisis log\u00edstica 2025 puede afectar tu operaci\u00f3n. Eval\u00faa riesgos y protege tu cadena con control y trazabilidad desde tu sistema ISO.\",\"breadcrumb\":{\"@id\":\"https:\/\/www.cubodeideas.com\/blog\/negocios\/crisis-logistica-protege-tu-cadena-ante-riesgos-globales\/#breadcrumb\"},\"inLanguage\":\"es\",\"potentialAction\":[{\"@type\":\"ReadAction\",\"target\":[\"https:\/\/www.cubodeideas.com\/blog\/negocios\/crisis-logistica-protege-tu-cadena-ante-riesgos-globales\/\"]}]},{\"@type\":\"ImageObject\",\"inLanguage\":\"es\",\"@id\":\"https:\/\/www.cubodeideas.com\/blog\/negocios\/crisis-logistica-protege-tu-cadena-ante-riesgos-globales\/#primaryimage\",\"url\":\"https:\/\/www.cubodeideas.com\/blog\/wp-content\/uploads\/2025\/08\/portada-malamen168.png\",\"contentUrl\":\"https:\/\/www.cubodeideas.com\/blog\/wp-content\/uploads\/2025\/08\/portada-malamen168.png\",\"width\":1640,\"height\":924,\"caption\":\"crisis log\u00edstica 2025\"},{\"@type\":\"BreadcrumbList\",\"@id\":\"https:\/\/www.cubodeideas.com\/blog\/negocios\/crisis-logistica-protege-tu-cadena-ante-riesgos-globales\/#breadcrumb\",\"itemListElement\":[{\"@type\":\"ListItem\",\"position\":1,\"name\":\"Portada\",\"item\":\"https:\/\/www.cubodeideas.com\/blog\/\"},{\"@type\":\"ListItem\",\"position\":2,\"name\":\"Crisis log\u00edstica: protege tu cadena ante riesgos globales\"}]},{\"@type\":\"WebSite\",\"@id\":\"https:\/\/www.cubodeideas.com\/blog\/#website\",\"url\":\"https:\/\/www.cubodeideas.com\/blog\/\",\"name\":\"Cubo de Ideas\",\"description\":\"Cubo de Ideas, El Blog\",\"publisher\":{\"@id\":\"https:\/\/www.cubodeideas.com\/blog\/#organization\"},\"potentialAction\":[{\"@type\":\"SearchAction\",\"target\":{\"@type\":\"EntryPoint\",\"urlTemplate\":\"https:\/\/www.cubodeideas.com\/blog\/?s={search_term_string}\"},\"query-input\":{\"@type\":\"PropertyValueSpecification\",\"valueRequired\":true,\"valueName\":\"search_term_string\"}}],\"inLanguage\":\"es\"},{\"@type\":\"Organization\",\"@id\":\"https:\/\/www.cubodeideas.com\/blog\/#organization\",\"name\":\"Cubo de Ideas\",\"url\":\"https:\/\/www.cubodeideas.com\/blog\/\",\"logo\":{\"@type\":\"ImageObject\",\"inLanguage\":\"es\",\"@id\":\"https:\/\/www.cubodeideas.com\/blog\/#\/schema\/logo\/image\/\",\"url\":\"https:\/\/www.cubodeideas.com\/blog\/wp-content\/uploads\/2021\/10\/android-icon-72x72-1.png\",\"contentUrl\":\"https:\/\/www.cubodeideas.com\/blog\/wp-content\/uploads\/2021\/10\/android-icon-72x72-1.png\",\"width\":72,\"height\":72,\"caption\":\"Cubo de Ideas\"},\"image\":{\"@id\":\"https:\/\/www.cubodeideas.com\/blog\/#\/schema\/logo\/image\/\"},\"sameAs\":[\"https:\/\/www.facebook.com\/somoscubodeideas\",\"https:\/\/x.com\/cubo_ideas\",\"https:\/\/www.instagram.com\/cubodeideas\"]},{\"@type\":\"Person\",\"@id\":\"https:\/\/www.cubodeideas.com\/blog\/#\/schema\/person\/5614e43eb76109017cff51a2c7928211\",\"name\":\"Noel Castro\",\"description\":\"LEM Noel Castro Monta\u00f1o es CEO de Cubo de Ideas, Director de Operaciones para Citosa Textiles. Asesor de nuevos mercados y estrategias digitales para el segmento Retail. Especialista en marketing para autoservicios y puntos de venta. Especialista en sistemas de gesti\u00f3n de la calidad con enfoque a la ISO 9001:2015\",\"sameAs\":[\"https:\/\/www.cubodeideas.com\/blog\"],\"url\":\"https:\/\/www.cubodeideas.com\/blog\/author\/admin\/\"}]}<\/script>\n<!-- \/ Yoast SEO plugin. -->","yoast_head_json":{"title":"Crisis log\u00edstica: protege tu cadena ante riesgos globales -","description":"La crisis log\u00edstica 2025 puede afectar tu operaci\u00f3n. Eval\u00faa riesgos y protege tu cadena con control y trazabilidad desde tu sistema ISO.","robots":{"index":"index","follow":"follow","max-snippet":"max-snippet:-1","max-image-preview":"max-image-preview:large","max-video-preview":"max-video-preview:-1"},"canonical":"https:\/\/www.cubodeideas.com\/blog\/negocios\/crisis-logistica-protege-tu-cadena-ante-riesgos-globales\/","og_locale":"es_ES","og_type":"article","og_title":"Crisis log\u00edstica: protege tu cadena ante riesgos globales -","og_description":"La crisis log\u00edstica 2025 puede afectar tu operaci\u00f3n. Eval\u00faa riesgos y protege tu cadena con control y trazabilidad desde tu sistema ISO.","og_url":"https:\/\/www.cubodeideas.com\/blog\/negocios\/crisis-logistica-protege-tu-cadena-ante-riesgos-globales\/","article_publisher":"https:\/\/www.facebook.com\/somoscubodeideas","article_published_time":"2025-08-04T03:17:21+00:00","og_image":[{"width":1024,"height":577,"url":"https:\/\/www.cubodeideas.com\/blog\/wp-content\/uploads\/2025\/08\/portada-malamen168-1024x577.png","type":"image\/png"}],"author":"Noel Castro","twitter_card":"summary_large_image","twitter_creator":"@cubo_ideas","twitter_site":"@cubo_ideas","twitter_misc":{"Escrito por":"Noel Castro","Tiempo de lectura":"4 minutos"},"schema":{"@context":"https:\/\/schema.org","@graph":[{"@type":"Article","@id":"https:\/\/www.cubodeideas.com\/blog\/negocios\/crisis-logistica-protege-tu-cadena-ante-riesgos-globales\/#article","isPartOf":{"@id":"https:\/\/www.cubodeideas.com\/blog\/negocios\/crisis-logistica-protege-tu-cadena-ante-riesgos-globales\/"},"author":{"name":"Noel Castro","@id":"https:\/\/www.cubodeideas.com\/blog\/#\/schema\/person\/5614e43eb76109017cff51a2c7928211"},"headline":"Crisis log\u00edstica: protege tu cadena ante riesgos globales","datePublished":"2025-08-04T03:17:21+00:00","mainEntityOfPage":{"@id":"https:\/\/www.cubodeideas.com\/blog\/negocios\/crisis-logistica-protege-tu-cadena-ante-riesgos-globales\/"},"wordCount":789,"commentCount":0,"publisher":{"@id":"https:\/\/www.cubodeideas.com\/blog\/#organization"},"image":{"@id":"https:\/\/www.cubodeideas.com\/blog\/negocios\/crisis-logistica-protege-tu-cadena-ante-riesgos-globales\/#primaryimage"},"thumbnailUrl":"https:\/\/www.cubodeideas.com\/blog\/wp-content\/uploads\/2025\/08\/portada-malamen168.png","keywords":["Cadena de suministro","gesti\u00f3n de riesgos ISO"],"articleSection":["Negocios"],"inLanguage":"es","potentialAction":[{"@type":"CommentAction","name":"Comment","target":["https:\/\/www.cubodeideas.com\/blog\/negocios\/crisis-logistica-protege-tu-cadena-ante-riesgos-globales\/#respond"]}]},{"@type":"WebPage","@id":"https:\/\/www.cubodeideas.com\/blog\/negocios\/crisis-logistica-protege-tu-cadena-ante-riesgos-globales\/","url":"https:\/\/www.cubodeideas.com\/blog\/negocios\/crisis-logistica-protege-tu-cadena-ante-riesgos-globales\/","name":"Crisis log\u00edstica: protege tu cadena ante riesgos globales -","isPartOf":{"@id":"https:\/\/www.cubodeideas.com\/blog\/#website"},"primaryImageOfPage":{"@id":"https:\/\/www.cubodeideas.com\/blog\/negocios\/crisis-logistica-protege-tu-cadena-ante-riesgos-globales\/#primaryimage"},"image":{"@id":"https:\/\/www.cubodeideas.com\/blog\/negocios\/crisis-logistica-protege-tu-cadena-ante-riesgos-globales\/#primaryimage"},"thumbnailUrl":"https:\/\/www.cubodeideas.com\/blog\/wp-content\/uploads\/2025\/08\/portada-malamen168.png","datePublished":"2025-08-04T03:17:21+00:00","description":"La crisis log\u00edstica 2025 puede afectar tu operaci\u00f3n. Eval\u00faa riesgos y protege tu cadena con control y trazabilidad desde tu sistema ISO.","breadcrumb":{"@id":"https:\/\/www.cubodeideas.com\/blog\/negocios\/crisis-logistica-protege-tu-cadena-ante-riesgos-globales\/#breadcrumb"},"inLanguage":"es","potentialAction":[{"@type":"ReadAction","target":["https:\/\/www.cubodeideas.com\/blog\/negocios\/crisis-logistica-protege-tu-cadena-ante-riesgos-globales\/"]}]},{"@type":"ImageObject","inLanguage":"es","@id":"https:\/\/www.cubodeideas.com\/blog\/negocios\/crisis-logistica-protege-tu-cadena-ante-riesgos-globales\/#primaryimage","url":"https:\/\/www.cubodeideas.com\/blog\/wp-content\/uploads\/2025\/08\/portada-malamen168.png","contentUrl":"https:\/\/www.cubodeideas.com\/blog\/wp-content\/uploads\/2025\/08\/portada-malamen168.png","width":1640,"height":924,"caption":"crisis log\u00edstica 2025"},{"@type":"BreadcrumbList","@id":"https:\/\/www.cubodeideas.com\/blog\/negocios\/crisis-logistica-protege-tu-cadena-ante-riesgos-globales\/#breadcrumb","itemListElement":[{"@type":"ListItem","position":1,"name":"Portada","item":"https:\/\/www.cubodeideas.com\/blog\/"},{"@type":"ListItem","position":2,"name":"Crisis log\u00edstica: protege tu cadena ante riesgos globales"}]},{"@type":"WebSite","@id":"https:\/\/www.cubodeideas.com\/blog\/#website","url":"https:\/\/www.cubodeideas.com\/blog\/","name":"Cubo de Ideas","description":"Cubo de Ideas, El Blog","publisher":{"@id":"https:\/\/www.cubodeideas.com\/blog\/#organization"},"potentialAction":[{"@type":"SearchAction","target":{"@type":"EntryPoint","urlTemplate":"https:\/\/www.cubodeideas.com\/blog\/?s={search_term_string}"},"query-input":{"@type":"PropertyValueSpecification","valueRequired":true,"valueName":"search_term_string"}}],"inLanguage":"es"},{"@type":"Organization","@id":"https:\/\/www.cubodeideas.com\/blog\/#organization","name":"Cubo de Ideas","url":"https:\/\/www.cubodeideas.com\/blog\/","logo":{"@type":"ImageObject","inLanguage":"es","@id":"https:\/\/www.cubodeideas.com\/blog\/#\/schema\/logo\/image\/","url":"https:\/\/www.cubodeideas.com\/blog\/wp-content\/uploads\/2021\/10\/android-icon-72x72-1.png","contentUrl":"https:\/\/www.cubodeideas.com\/blog\/wp-content\/uploads\/2021\/10\/android-icon-72x72-1.png","width":72,"height":72,"caption":"Cubo de Ideas"},"image":{"@id":"https:\/\/www.cubodeideas.com\/blog\/#\/schema\/logo\/image\/"},"sameAs":["https:\/\/www.facebook.com\/somoscubodeideas","https:\/\/x.com\/cubo_ideas","https:\/\/www.instagram.com\/cubodeideas"]},{"@type":"Person","@id":"https:\/\/www.cubodeideas.com\/blog\/#\/schema\/person\/5614e43eb76109017cff51a2c7928211","name":"Noel Castro","description":"LEM Noel Castro Monta\u00f1o es CEO de Cubo de Ideas, Director de Operaciones para Citosa Textiles. Asesor de nuevos mercados y estrategias digitales para el segmento Retail. Especialista en marketing para autoservicios y puntos de venta. Especialista en sistemas de gesti\u00f3n de la calidad con enfoque a la ISO 9001:2015","sameAs":["https:\/\/www.cubodeideas.com\/blog"],"url":"https:\/\/www.cubodeideas.com\/blog\/author\/admin\/"}]}},"jetpack_publicize_connections":[],"_links":{"self":[{"href":"https:\/\/www.cubodeideas.com\/blog\/wp-json\/wp\/v2\/posts\/2544","targetHints":{"allow":["GET"]}}],"collection":[{"href":"https:\/\/www.cubodeideas.com\/blog\/wp-json\/wp\/v2\/posts"}],"about":[{"href":"https:\/\/www.cubodeideas.com\/blog\/wp-json\/wp\/v2\/types\/post"}],"author":[{"embeddable":true,"href":"https:\/\/www.cubodeideas.com\/blog\/wp-json\/wp\/v2\/users\/1"}],"replies":[{"embeddable":true,"href":"https:\/\/www.cubodeideas.com\/blog\/wp-json\/wp\/v2\/comments?post=2544"}],"version-history":[{"count":1,"href":"https:\/\/www.cubodeideas.com\/blog\/wp-json\/wp\/v2\/posts\/2544\/revisions"}],"predecessor-version":[{"id":2546,"href":"https:\/\/www.cubodeideas.com\/blog\/wp-json\/wp\/v2\/posts\/2544\/revisions\/2546"}],"wp:featuredmedia":[{"embeddable":true,"href":"https:\/\/www.cubodeideas.com\/blog\/wp-json\/wp\/v2\/media\/2545"}],"wp:attachment":[{"href":"https:\/\/www.cubodeideas.com\/blog\/wp-json\/wp\/v2\/media?parent=2544"}],"wp:term":[{"taxonomy":"category","embeddable":true,"href":"https:\/\/www.cubodeideas.com\/blog\/wp-json\/wp\/v2\/categories?post=2544"},{"taxonomy":"post_tag","embeddable":true,"href":"https:\/\/www.cubodeideas.com\/blog\/wp-json\/wp\/v2\/tags?post=2544"}],"curies":[{"name":"wp","href":"https:\/\/api.w.org\/{rel}","templated":true}]}}