{"id":2538,"date":"2025-07-14T03:08:20","date_gmt":"2025-07-14T03:08:20","guid":{"rendered":"https:\/\/www.cubodeideas.com\/blog\/?p=2538"},"modified":"2025-07-14T03:08:20","modified_gmt":"2025-07-14T03:08:20","slug":"perdida-del-immex-ajusta-calidad-y-procesos-sin-riesgos","status":"publish","type":"post","link":"https:\/\/www.cubodeideas.com\/blog\/calidad-total\/perdida-del-immex-ajusta-calidad-y-procesos-sin-riesgos\/","title":{"rendered":"P\u00e9rdida del IMMEX: ajusta calidad y procesos sin riesgos"},"content":{"rendered":"<p data-start=\"409\" data-end=\"870\">La cancelaci\u00f3n del programa IMMEX representa una de las situaciones m\u00e1s cr\u00edticas que puede enfrentar una empresa exportadora. Si no se act\u00faa de inmediato, las consecuencias operativas, fiscales y comerciales pueden escalar r\u00e1pidamente. Una empresa que pierde el IMMEX no solo deja de gozar de beneficios fiscales: entra autom\u00e1ticamente en una situaci\u00f3n de <strong data-start=\"765\" data-end=\"869\">riesgo elevado de sanciones, revisi\u00f3n integral de su operaci\u00f3n y ruptura de la continuidad log\u00edstica<\/strong>.<\/p>\n<p data-start=\"872\" data-end=\"1268\">La \u00fanica forma de contener el impacto es responder con un sistema operativo s\u00f3lido, liderado desde la calidad, con acciones documentadas, verificables y alineadas a los requisitos de cumplimiento. Aqu\u00ed es donde un <strong data-start=\"1086\" data-end=\"1132\">sistema de gesti\u00f3n basado en ISO 9001:2015<\/strong> cobra valor estrat\u00e9gico, permitiendo no solo sostener la operaci\u00f3n, sino demostrar control ante autoridades y clientes internacionales.<\/p>\n<h2 data-start=\"1270\" data-end=\"1314\">\u00bfQu\u00e9 significa realmente perder el IMMEX?<\/h2>\n<p data-start=\"1316\" data-end=\"1414\">Cuando la autoridad (SAT o Secretar\u00eda de Econom\u00eda) determina la cancelaci\u00f3n del IMMEX, la empresa:<\/p>\n<ul data-start=\"1416\" data-end=\"1776\">\n<li data-start=\"1416\" data-end=\"1496\">\n<p data-start=\"1418\" data-end=\"1496\">Pierde la capacidad legal de importar temporalmente sin pagar IVA ni aranceles<\/p>\n<\/li>\n<li data-start=\"1497\" data-end=\"1588\">\n<p data-start=\"1499\" data-end=\"1588\">Debe <strong data-start=\"1504\" data-end=\"1545\">regularizar todo su inventario actual<\/strong> bajo condiciones de importaci\u00f3n definitiva<\/p>\n<\/li>\n<li data-start=\"1589\" data-end=\"1659\">\n<p data-start=\"1591\" data-end=\"1659\">Enfrenta <strong data-start=\"1600\" data-end=\"1636\">posibles auditor\u00edas retroactivas<\/strong> de operaciones pasadas<\/p>\n<\/li>\n<li data-start=\"1660\" data-end=\"1718\">\n<p data-start=\"1662\" data-end=\"1718\">Puede entrar en listas de riesgo para otras dependencias<\/p>\n<\/li>\n<li data-start=\"1719\" data-end=\"1776\">\n<p data-start=\"1721\" data-end=\"1776\">Tiene prohibido reincorporarse de inmediato al programa<\/p>\n<\/li>\n<\/ul>\n<p data-start=\"1778\" data-end=\"1971\">Este escenario exige acciones inmediatas, pero tambi\u00e9n estructuradas, para evitar consecuencias m\u00e1s graves como <strong data-start=\"1890\" data-end=\"1970\">multas millonarias, bloqueos fiscales o p\u00e9rdida de contratos internacionales<\/strong>.<\/p>\n<h2 data-start=\"1973\" data-end=\"2024\">\u00bfQu\u00e9 debe hacer una empresa que pierde el IMMEX?<\/h2>\n<h3 data-start=\"2026\" data-end=\"2089\">1. Activar un protocolo interno desde el sistema de gesti\u00f3n<\/h3>\n<p data-start=\"2091\" data-end=\"2267\">El sistema ISO 9001 debe incluir escenarios de riesgo legal o regulatorio. Si tu empresa no tiene este protocolo, debes documentarlo de inmediato bajo las siguientes cl\u00e1usulas:<\/p>\n<ul data-start=\"2269\" data-end=\"2905\">\n<li data-start=\"2269\" data-end=\"2470\">\n<p data-start=\"2271\" data-end=\"2470\"><strong data-start=\"2271\" data-end=\"2313\">Cl\u00e1usula 6.1 \u2013 Riesgos y oportunidades<\/strong><br data-start=\"2313\" data-end=\"2316\" \/>Registra formalmente la cancelaci\u00f3n del IMMEX como un riesgo cr\u00edtico que afecta procesos clave. Establece responsables, acciones inmediatas y seguimiento.<\/p>\n<\/li>\n<li data-start=\"2472\" data-end=\"2685\">\n<p data-start=\"2474\" data-end=\"2685\"><strong data-start=\"2474\" data-end=\"2528\">Cl\u00e1usula 8.1 \u2013 Planificaci\u00f3n y control operacional<\/strong><br data-start=\"2528\" data-end=\"2531\" \/>Actualiza tus procedimientos de compras, recepci\u00f3n, producci\u00f3n y exportaci\u00f3n para operar <strong data-start=\"2620\" data-end=\"2647\">sin beneficios fiscales<\/strong> y bajo nuevas condiciones log\u00edsticas.<\/p>\n<\/li>\n<li data-start=\"2687\" data-end=\"2905\">\n<p data-start=\"2689\" data-end=\"2905\"><strong data-start=\"2689\" data-end=\"2740\">Cl\u00e1usula 9.2 \u2013 Auditor\u00eda interna extraordinaria<\/strong><br data-start=\"2740\" data-end=\"2743\" \/>Realiza una auditor\u00eda espec\u00edfica para verificar qu\u00e9 procesos han sido afectados, qu\u00e9 registros requieren correcci\u00f3n y c\u00f3mo se est\u00e1 mitigando el riesgo documental.<\/p>\n<\/li>\n<\/ul>\n<h3 data-start=\"2907\" data-end=\"2969\">2. Ajustar procesos operativos para evitar incumplimientos<\/h3>\n<p data-start=\"2971\" data-end=\"3075\">Sin IMMEX, todos los insumos importados deben ingresar como <strong data-start=\"3031\" data-end=\"3060\">importaciones definitivas<\/strong>. Esto impacta:<\/p>\n<ul data-start=\"3077\" data-end=\"3197\">\n<li data-start=\"3077\" data-end=\"3104\">\n<p data-start=\"3079\" data-end=\"3104\">Clasificaci\u00f3n arancelaria<\/p>\n<\/li>\n<li data-start=\"3105\" data-end=\"3147\">\n<p data-start=\"3107\" data-end=\"3147\">Pagos de impuestos y tiempos de despacho<\/p>\n<\/li>\n<li data-start=\"3148\" data-end=\"3174\">\n<p data-start=\"3150\" data-end=\"3174\">Documentaci\u00f3n de soporte<\/p>\n<\/li>\n<li data-start=\"3175\" data-end=\"3197\">\n<p data-start=\"3177\" data-end=\"3197\">Costos de producci\u00f3n<\/p>\n<\/li>\n<\/ul>\n<p data-start=\"3199\" data-end=\"3431\">Adapta tus flujos internos para garantizar que los nuevos requerimientos fiscales y aduanales est\u00e9n integrados a los procedimientos documentados. De lo contrario, estar\u00e1s generando incumplimientos desde el primer d\u00eda de cancelaci\u00f3n.<\/p>\n<h3 data-start=\"3433\" data-end=\"3482\">3. Regularizar inventario de manera inmediata<\/h3>\n<p data-start=\"3484\" data-end=\"3597\">La autoridad puede exigir que el <strong data-start=\"3517\" data-end=\"3563\">100% de los insumos y productos en proceso<\/strong> sean regularizados. Esto implica:<\/p>\n<ul data-start=\"3599\" data-end=\"3815\">\n<li data-start=\"3599\" data-end=\"3645\">\n<p data-start=\"3601\" data-end=\"3645\">Actualizar la situaci\u00f3n aduanal de cada lote<\/p>\n<\/li>\n<li data-start=\"3646\" data-end=\"3702\">\n<p data-start=\"3648\" data-end=\"3702\">Revisar si existen productos fuera de plazo de retorno<\/p>\n<\/li>\n<li data-start=\"3703\" data-end=\"3751\">\n<p data-start=\"3705\" data-end=\"3751\">Conciliar el inventario contable con el f\u00edsico<\/p>\n<\/li>\n<li data-start=\"3752\" data-end=\"3815\">\n<p data-start=\"3754\" data-end=\"3815\">Establecer controles de salida ajustados a nuevas condiciones<\/p>\n<\/li>\n<\/ul>\n<p data-start=\"3817\" data-end=\"3974\">Este proceso debe documentarse dentro del sistema como <strong data-start=\"3872\" data-end=\"3900\">acci\u00f3n correctiva formal<\/strong>, con an\u00e1lisis de causa, responsables, plazos y evidencia de cumplimiento.<\/p>\n<h3 data-start=\"3976\" data-end=\"4025\">4. Fortalecer la trazabilidad para auditor\u00edas<\/h3>\n<p data-start=\"4027\" data-end=\"4171\">Es muy probable que, tras la cancelaci\u00f3n, la empresa sea auditada por el SAT, la aduana o incluso por clientes internacionales. Para protegerte:<\/p>\n<ul data-start=\"4173\" data-end=\"4456\">\n<li data-start=\"4173\" data-end=\"4235\">\n<p data-start=\"4175\" data-end=\"4235\">Mant\u00e9n trazabilidad completa de entradas, procesos y salidas<\/p>\n<\/li>\n<li data-start=\"4236\" data-end=\"4286\">\n<p data-start=\"4238\" data-end=\"4286\">Documenta decisiones tomadas tras la cancelaci\u00f3n<\/p>\n<\/li>\n<li data-start=\"4287\" data-end=\"4338\">\n<p data-start=\"4289\" data-end=\"4338\">Establece un expediente de regularizaci\u00f3n interno<\/p>\n<\/li>\n<li data-start=\"4339\" data-end=\"4456\">\n<p data-start=\"4341\" data-end=\"4456\">Usa herramientas del sistema ISO para mostrar estructura: control documental, versiones, aprobaciones y seguimiento<\/p>\n<\/li>\n<\/ul>\n<h3 data-start=\"4458\" data-end=\"4514\">5. Proteger la relaci\u00f3n con clientes internacionales<\/h3>\n<p data-start=\"4516\" data-end=\"4551\">La p\u00e9rdida del IMMEX puede generar:<\/p>\n<ul data-start=\"4553\" data-end=\"4683\">\n<li data-start=\"4553\" data-end=\"4591\">\n<p data-start=\"4555\" data-end=\"4591\">Incumplimientos en fechas de entrega<\/p>\n<\/li>\n<li data-start=\"4592\" data-end=\"4639\">\n<p data-start=\"4594\" data-end=\"4639\">Aumento de precios por nuevas cargas fiscales<\/p>\n<\/li>\n<li data-start=\"4640\" data-end=\"4683\">\n<p data-start=\"4642\" data-end=\"4683\">Incertidumbre sobre continuidad operativa<\/p>\n<\/li>\n<\/ul>\n<p data-start=\"4685\" data-end=\"4713\">Utiliza tu sistema ISO para:<\/p>\n<ul data-start=\"4715\" data-end=\"4926\">\n<li data-start=\"4715\" data-end=\"4761\">\n<p data-start=\"4717\" data-end=\"4761\">Justificar t\u00e9cnicamente cualquier desviaci\u00f3n<\/p>\n<\/li>\n<li data-start=\"4762\" data-end=\"4820\">\n<p data-start=\"4764\" data-end=\"4820\">Comunicar de forma transparente tus acciones correctivas<\/p>\n<\/li>\n<li data-start=\"4821\" data-end=\"4873\">\n<p data-start=\"4823\" data-end=\"4873\">Demostrar que tu sistema sigue vigente y funcional<\/p>\n<\/li>\n<li data-start=\"4874\" data-end=\"4926\">\n<p data-start=\"4876\" data-end=\"4926\">Garantizar trazabilidad del producto aun sin IMMEX<\/p>\n<\/li>\n<\/ul>\n<p data-start=\"4928\" data-end=\"5019\">Esto ser\u00e1 fundamental para conservar contratos clave y evitar penalizaciones contractuales.<\/p>\n<h2 data-start=\"5021\" data-end=\"5072\">Claves para documentar correctamente los ajustes<\/h2>\n<p data-start=\"5074\" data-end=\"5177\">Aunque est\u00e9s en crisis, cada ajuste debe quedar registrado dentro del sistema de gesti\u00f3n. Esto incluye:<\/p>\n<ul data-start=\"5179\" data-end=\"5453\">\n<li data-start=\"5179\" data-end=\"5240\">\n<p data-start=\"5181\" data-end=\"5240\">Procedimientos actualizados con nuevos requisitos aduanales<\/p>\n<\/li>\n<li data-start=\"5241\" data-end=\"5284\">\n<p data-start=\"5243\" data-end=\"5284\">Formatos y controles nuevos de inventario<\/p>\n<\/li>\n<li data-start=\"5285\" data-end=\"5338\">\n<p data-start=\"5287\" data-end=\"5338\">Matriz de riesgos con escenarios legales y fiscales<\/p>\n<\/li>\n<li data-start=\"5339\" data-end=\"5389\">\n<p data-start=\"5341\" data-end=\"5389\">Indicadores revisados de cumplimiento y entregas<\/p>\n<\/li>\n<li data-start=\"5390\" data-end=\"5453\">\n<p data-start=\"5392\" data-end=\"5453\">Revisi\u00f3n por la direcci\u00f3n extraordinaria para evaluar impacto<\/p>\n<\/li>\n<\/ul>\n<p data-start=\"5455\" data-end=\"5595\">Estas evidencias te permitir\u00e1n demostrar, ante cualquier revisi\u00f3n externa, que est\u00e1s <strong data-start=\"5540\" data-end=\"5594\">corrigiendo estructuralmente, no solo reaccionando<\/strong>.<\/p>\n<p data-start=\"5612\" data-end=\"5884\">Perder el IMMEX no debe ser el final de tu estrategia exportadora, pero s\u00ed una alerta de que necesitas reforzar tu estructura interna. <strong data-start=\"5747\" data-end=\"5843\">Un sistema ISO bien documentado y aplicado es tu mejor defensa operativa, fiscal y comercial<\/strong> ante un escenario de crisis regulatoria.<\/p>\n<p data-start=\"5886\" data-end=\"6093\">Actuar r\u00e1pido, con disciplina documental, enfoque preventivo y controles claros no solo puede ayudarte a superar la p\u00e9rdida: puede convertirte en una empresa m\u00e1s s\u00f3lida y preparada para escenarios complejos.<\/p>\n<div class=\"pvc_clear\"><\/div>\n<p id=\"pvc_stats_2538\" class=\"pvc_stats all  \" data-element-id=\"2538\" style=\"\"><i class=\"pvc-stats-icon medium\" aria-hidden=\"true\"><svg aria-hidden=\"true\" focusable=\"false\" data-prefix=\"far\" data-icon=\"chart-bar\" role=\"img\" xmlns=\"http:\/\/www.w3.org\/2000\/svg\" viewBox=\"0 0 512 512\" class=\"svg-inline--fa fa-chart-bar fa-w-16 fa-2x\"><path fill=\"currentColor\" d=\"M396.8 352h22.4c6.4 0 12.8-6.4 12.8-12.8V108.8c0-6.4-6.4-12.8-12.8-12.8h-22.4c-6.4 0-12.8 6.4-12.8 12.8v230.4c0 6.4 6.4 12.8 12.8 12.8zm-192 0h22.4c6.4 0 12.8-6.4 12.8-12.8V140.8c0-6.4-6.4-12.8-12.8-12.8h-22.4c-6.4 0-12.8 6.4-12.8 12.8v198.4c0 6.4 6.4 12.8 12.8 12.8zm96 0h22.4c6.4 0 12.8-6.4 12.8-12.8V204.8c0-6.4-6.4-12.8-12.8-12.8h-22.4c-6.4 0-12.8 6.4-12.8 12.8v134.4c0 6.4 6.4 12.8 12.8 12.8zM496 400H48V80c0-8.84-7.16-16-16-16H16C7.16 64 0 71.16 0 80v336c0 17.67 14.33 32 32 32h464c8.84 0 16-7.16 16-16v-16c0-8.84-7.16-16-16-16zm-387.2-48h22.4c6.4 0 12.8-6.4 12.8-12.8v-70.4c0-6.4-6.4-12.8-12.8-12.8h-22.4c-6.4 0-12.8 6.4-12.8 12.8v70.4c0 6.4 6.4 12.8 12.8 12.8z\" class=\"\"><\/path><\/svg><\/i> <img loading=\"lazy\" decoding=\"async\" width=\"16\" height=\"16\" alt=\"Loading\" src=\"https:\/\/www.cubodeideas.com\/blog\/wp-content\/plugins\/page-views-count\/ajax-loader-2x.gif\" border=0 \/><\/p>\n<div class=\"pvc_clear\"><\/div>\n","protected":false},"excerpt":{"rendered":"<p>La cancelaci\u00f3n del programa IMMEX representa una de las situaciones m\u00e1s cr\u00edticas que puede enfrentar una empresa exportadora. Si no se act\u00faa de inmediato, las consecuencias operativas, fiscales y comerciales pueden escalar r\u00e1pidamente. Una empresa que pierde el IMMEX no solo deja de gozar de beneficios fiscales: entra autom\u00e1ticamente en una situaci\u00f3n de riesgo elevado [&hellip;]<\/p>\n<div class=\"pvc_clear\"><\/div>\n<p id=\"pvc_stats_2538\" class=\"pvc_stats all  \" data-element-id=\"2538\" style=\"\"><i class=\"pvc-stats-icon medium\" aria-hidden=\"true\"><svg aria-hidden=\"true\" focusable=\"false\" data-prefix=\"far\" data-icon=\"chart-bar\" role=\"img\" xmlns=\"http:\/\/www.w3.org\/2000\/svg\" viewBox=\"0 0 512 512\" class=\"svg-inline--fa fa-chart-bar fa-w-16 fa-2x\"><path fill=\"currentColor\" d=\"M396.8 352h22.4c6.4 0 12.8-6.4 12.8-12.8V108.8c0-6.4-6.4-12.8-12.8-12.8h-22.4c-6.4 0-12.8 6.4-12.8 12.8v230.4c0 6.4 6.4 12.8 12.8 12.8zm-192 0h22.4c6.4 0 12.8-6.4 12.8-12.8V140.8c0-6.4-6.4-12.8-12.8-12.8h-22.4c-6.4 0-12.8 6.4-12.8 12.8v198.4c0 6.4 6.4 12.8 12.8 12.8zm96 0h22.4c6.4 0 12.8-6.4 12.8-12.8V204.8c0-6.4-6.4-12.8-12.8-12.8h-22.4c-6.4 0-12.8 6.4-12.8 12.8v134.4c0 6.4 6.4 12.8 12.8 12.8zM496 400H48V80c0-8.84-7.16-16-16-16H16C7.16 64 0 71.16 0 80v336c0 17.67 14.33 32 32 32h464c8.84 0 16-7.16 16-16v-16c0-8.84-7.16-16-16-16zm-387.2-48h22.4c6.4 0 12.8-6.4 12.8-12.8v-70.4c0-6.4-6.4-12.8-12.8-12.8h-22.4c-6.4 0-12.8 6.4-12.8 12.8v70.4c0 6.4 6.4 12.8 12.8 12.8z\" class=\"\"><\/path><\/svg><\/i> <img loading=\"lazy\" decoding=\"async\" width=\"16\" height=\"16\" alt=\"Loading\" src=\"https:\/\/www.cubodeideas.com\/blog\/wp-content\/plugins\/page-views-count\/ajax-loader-2x.gif\" border=0 \/><\/p>\n<div class=\"pvc_clear\"><\/div>\n","protected":false},"author":1,"featured_media":2539,"comment_status":"open","ping_status":"closed","sticky":false,"template":"","format":"standard","meta":{"footnotes":"","jetpack_publicize_message":"","jetpack_publicize_feature_enabled":true,"jetpack_social_post_already_shared":false,"jetpack_social_options":{"image_generator_settings":{"template":"highway","default_image_id":0,"font":"","enabled":false},"version":2}},"categories":[14],"tags":[1216,1215],"class_list":["post-2538","post","type-post","status-publish","format-standard","has-post-thumbnail","hentry","category-calidad-total","tag-control-de-calidad-exportacion","tag-immex-cancelado"],"blocksy_meta":[],"yoast_head":"<!-- This site is optimized with the Yoast SEO plugin v27.0 - https:\/\/yoast.com\/product\/yoast-seo-wordpress\/ -->\n<title>P\u00e9rdida del IMMEX: ajusta calidad y procesos sin riesgos -<\/title>\n<meta name=\"description\" content=\"Ante la p\u00e9rdida del IMMEX, tu sistema ISO puede salvar tu operaci\u00f3n. Activa controles, ajusta procesos y evita sanciones mayores.\" \/>\n<meta name=\"robots\" content=\"index, follow, max-snippet:-1, max-image-preview:large, max-video-preview:-1\" \/>\n<link rel=\"canonical\" href=\"https:\/\/www.cubodeideas.com\/blog\/calidad-total\/perdida-del-immex-ajusta-calidad-y-procesos-sin-riesgos\/\" \/>\n<meta property=\"og:locale\" content=\"es_ES\" \/>\n<meta property=\"og:type\" content=\"article\" \/>\n<meta property=\"og:title\" content=\"P\u00e9rdida del IMMEX: ajusta calidad y procesos sin riesgos -\" \/>\n<meta property=\"og:description\" content=\"Ante la p\u00e9rdida del IMMEX, tu sistema ISO puede salvar tu operaci\u00f3n. Activa controles, ajusta procesos y evita sanciones mayores.\" \/>\n<meta property=\"og:url\" content=\"https:\/\/www.cubodeideas.com\/blog\/calidad-total\/perdida-del-immex-ajusta-calidad-y-procesos-sin-riesgos\/\" \/>\n<meta property=\"article:publisher\" content=\"https:\/\/www.facebook.com\/somoscubodeideas\" \/>\n<meta property=\"article:published_time\" content=\"2025-07-14T03:08:20+00:00\" \/>\n<meta property=\"og:image\" content=\"https:\/\/www.cubodeideas.com\/blog\/wp-content\/uploads\/2025\/07\/portada-malamen166.png\" \/>\n\t<meta property=\"og:image:width\" content=\"1640\" \/>\n\t<meta property=\"og:image:height\" content=\"924\" \/>\n\t<meta property=\"og:image:type\" content=\"image\/png\" \/>\n<meta name=\"author\" content=\"Noel Castro\" \/>\n<meta name=\"twitter:card\" content=\"summary_large_image\" \/>\n<meta name=\"twitter:creator\" content=\"@cubo_ideas\" \/>\n<meta name=\"twitter:site\" content=\"@cubo_ideas\" \/>\n<meta name=\"twitter:label1\" content=\"Escrito por\" \/>\n\t<meta name=\"twitter:data1\" content=\"Noel Castro\" \/>\n\t<meta name=\"twitter:label2\" content=\"Tiempo de lectura\" \/>\n\t<meta name=\"twitter:data2\" content=\"4 minutos\" \/>\n<script type=\"application\/ld+json\" class=\"yoast-schema-graph\">{\"@context\":\"https:\/\/schema.org\",\"@graph\":[{\"@type\":\"Article\",\"@id\":\"https:\/\/www.cubodeideas.com\/blog\/calidad-total\/perdida-del-immex-ajusta-calidad-y-procesos-sin-riesgos\/#article\",\"isPartOf\":{\"@id\":\"https:\/\/www.cubodeideas.com\/blog\/calidad-total\/perdida-del-immex-ajusta-calidad-y-procesos-sin-riesgos\/\"},\"author\":{\"name\":\"Noel Castro\",\"@id\":\"https:\/\/www.cubodeideas.com\/blog\/#\/schema\/person\/5614e43eb76109017cff51a2c7928211\"},\"headline\":\"P\u00e9rdida del IMMEX: ajusta calidad y procesos sin riesgos\",\"datePublished\":\"2025-07-14T03:08:20+00:00\",\"mainEntityOfPage\":{\"@id\":\"https:\/\/www.cubodeideas.com\/blog\/calidad-total\/perdida-del-immex-ajusta-calidad-y-procesos-sin-riesgos\/\"},\"wordCount\":830,\"commentCount\":0,\"publisher\":{\"@id\":\"https:\/\/www.cubodeideas.com\/blog\/#organization\"},\"image\":{\"@id\":\"https:\/\/www.cubodeideas.com\/blog\/calidad-total\/perdida-del-immex-ajusta-calidad-y-procesos-sin-riesgos\/#primaryimage\"},\"thumbnailUrl\":\"https:\/\/www.cubodeideas.com\/blog\/wp-content\/uploads\/2025\/07\/portada-malamen166.png\",\"keywords\":[\"control de calidad exportaci\u00f3n\",\"IMMEX cancelado\"],\"articleSection\":[\"Calidad Total\"],\"inLanguage\":\"es\",\"potentialAction\":[{\"@type\":\"CommentAction\",\"name\":\"Comment\",\"target\":[\"https:\/\/www.cubodeideas.com\/blog\/calidad-total\/perdida-del-immex-ajusta-calidad-y-procesos-sin-riesgos\/#respond\"]}]},{\"@type\":\"WebPage\",\"@id\":\"https:\/\/www.cubodeideas.com\/blog\/calidad-total\/perdida-del-immex-ajusta-calidad-y-procesos-sin-riesgos\/\",\"url\":\"https:\/\/www.cubodeideas.com\/blog\/calidad-total\/perdida-del-immex-ajusta-calidad-y-procesos-sin-riesgos\/\",\"name\":\"P\u00e9rdida del IMMEX: ajusta calidad y procesos sin riesgos -\",\"isPartOf\":{\"@id\":\"https:\/\/www.cubodeideas.com\/blog\/#website\"},\"primaryImageOfPage\":{\"@id\":\"https:\/\/www.cubodeideas.com\/blog\/calidad-total\/perdida-del-immex-ajusta-calidad-y-procesos-sin-riesgos\/#primaryimage\"},\"image\":{\"@id\":\"https:\/\/www.cubodeideas.com\/blog\/calidad-total\/perdida-del-immex-ajusta-calidad-y-procesos-sin-riesgos\/#primaryimage\"},\"thumbnailUrl\":\"https:\/\/www.cubodeideas.com\/blog\/wp-content\/uploads\/2025\/07\/portada-malamen166.png\",\"datePublished\":\"2025-07-14T03:08:20+00:00\",\"description\":\"Ante la p\u00e9rdida del IMMEX, tu sistema ISO puede salvar tu operaci\u00f3n. Activa controles, ajusta procesos y evita sanciones mayores.\",\"breadcrumb\":{\"@id\":\"https:\/\/www.cubodeideas.com\/blog\/calidad-total\/perdida-del-immex-ajusta-calidad-y-procesos-sin-riesgos\/#breadcrumb\"},\"inLanguage\":\"es\",\"potentialAction\":[{\"@type\":\"ReadAction\",\"target\":[\"https:\/\/www.cubodeideas.com\/blog\/calidad-total\/perdida-del-immex-ajusta-calidad-y-procesos-sin-riesgos\/\"]}]},{\"@type\":\"ImageObject\",\"inLanguage\":\"es\",\"@id\":\"https:\/\/www.cubodeideas.com\/blog\/calidad-total\/perdida-del-immex-ajusta-calidad-y-procesos-sin-riesgos\/#primaryimage\",\"url\":\"https:\/\/www.cubodeideas.com\/blog\/wp-content\/uploads\/2025\/07\/portada-malamen166.png\",\"contentUrl\":\"https:\/\/www.cubodeideas.com\/blog\/wp-content\/uploads\/2025\/07\/portada-malamen166.png\",\"width\":1640,\"height\":924,\"caption\":\"p\u00e9rdida del IMMEX\"},{\"@type\":\"BreadcrumbList\",\"@id\":\"https:\/\/www.cubodeideas.com\/blog\/calidad-total\/perdida-del-immex-ajusta-calidad-y-procesos-sin-riesgos\/#breadcrumb\",\"itemListElement\":[{\"@type\":\"ListItem\",\"position\":1,\"name\":\"Portada\",\"item\":\"https:\/\/www.cubodeideas.com\/blog\/\"},{\"@type\":\"ListItem\",\"position\":2,\"name\":\"P\u00e9rdida del IMMEX: ajusta calidad y procesos sin riesgos\"}]},{\"@type\":\"WebSite\",\"@id\":\"https:\/\/www.cubodeideas.com\/blog\/#website\",\"url\":\"https:\/\/www.cubodeideas.com\/blog\/\",\"name\":\"Cubo de Ideas\",\"description\":\"Cubo de Ideas, El Blog\",\"publisher\":{\"@id\":\"https:\/\/www.cubodeideas.com\/blog\/#organization\"},\"potentialAction\":[{\"@type\":\"SearchAction\",\"target\":{\"@type\":\"EntryPoint\",\"urlTemplate\":\"https:\/\/www.cubodeideas.com\/blog\/?s={search_term_string}\"},\"query-input\":{\"@type\":\"PropertyValueSpecification\",\"valueRequired\":true,\"valueName\":\"search_term_string\"}}],\"inLanguage\":\"es\"},{\"@type\":\"Organization\",\"@id\":\"https:\/\/www.cubodeideas.com\/blog\/#organization\",\"name\":\"Cubo de Ideas\",\"url\":\"https:\/\/www.cubodeideas.com\/blog\/\",\"logo\":{\"@type\":\"ImageObject\",\"inLanguage\":\"es\",\"@id\":\"https:\/\/www.cubodeideas.com\/blog\/#\/schema\/logo\/image\/\",\"url\":\"https:\/\/www.cubodeideas.com\/blog\/wp-content\/uploads\/2021\/10\/android-icon-72x72-1.png\",\"contentUrl\":\"https:\/\/www.cubodeideas.com\/blog\/wp-content\/uploads\/2021\/10\/android-icon-72x72-1.png\",\"width\":72,\"height\":72,\"caption\":\"Cubo de Ideas\"},\"image\":{\"@id\":\"https:\/\/www.cubodeideas.com\/blog\/#\/schema\/logo\/image\/\"},\"sameAs\":[\"https:\/\/www.facebook.com\/somoscubodeideas\",\"https:\/\/x.com\/cubo_ideas\",\"https:\/\/www.instagram.com\/cubodeideas\"]},{\"@type\":\"Person\",\"@id\":\"https:\/\/www.cubodeideas.com\/blog\/#\/schema\/person\/5614e43eb76109017cff51a2c7928211\",\"name\":\"Noel Castro\",\"description\":\"LEM Noel Castro Monta\u00f1o es CEO de Cubo de Ideas, Director de Operaciones para Citosa Textiles. Asesor de nuevos mercados y estrategias digitales para el segmento Retail. Especialista en marketing para autoservicios y puntos de venta. Especialista en sistemas de gesti\u00f3n de la calidad con enfoque a la ISO 9001:2015\",\"sameAs\":[\"https:\/\/www.cubodeideas.com\/blog\"],\"url\":\"https:\/\/www.cubodeideas.com\/blog\/author\/admin\/\"}]}<\/script>\n<!-- \/ Yoast SEO plugin. -->","yoast_head_json":{"title":"P\u00e9rdida del IMMEX: ajusta calidad y procesos sin riesgos -","description":"Ante la p\u00e9rdida del IMMEX, tu sistema ISO puede salvar tu operaci\u00f3n. Activa controles, ajusta procesos y evita sanciones mayores.","robots":{"index":"index","follow":"follow","max-snippet":"max-snippet:-1","max-image-preview":"max-image-preview:large","max-video-preview":"max-video-preview:-1"},"canonical":"https:\/\/www.cubodeideas.com\/blog\/calidad-total\/perdida-del-immex-ajusta-calidad-y-procesos-sin-riesgos\/","og_locale":"es_ES","og_type":"article","og_title":"P\u00e9rdida del IMMEX: ajusta calidad y procesos sin riesgos -","og_description":"Ante la p\u00e9rdida del IMMEX, tu sistema ISO puede salvar tu operaci\u00f3n. Activa controles, ajusta procesos y evita sanciones mayores.","og_url":"https:\/\/www.cubodeideas.com\/blog\/calidad-total\/perdida-del-immex-ajusta-calidad-y-procesos-sin-riesgos\/","article_publisher":"https:\/\/www.facebook.com\/somoscubodeideas","article_published_time":"2025-07-14T03:08:20+00:00","og_image":[{"width":1640,"height":924,"url":"https:\/\/www.cubodeideas.com\/blog\/wp-content\/uploads\/2025\/07\/portada-malamen166.png","type":"image\/png"}],"author":"Noel Castro","twitter_card":"summary_large_image","twitter_creator":"@cubo_ideas","twitter_site":"@cubo_ideas","twitter_misc":{"Escrito por":"Noel Castro","Tiempo de lectura":"4 minutos"},"schema":{"@context":"https:\/\/schema.org","@graph":[{"@type":"Article","@id":"https:\/\/www.cubodeideas.com\/blog\/calidad-total\/perdida-del-immex-ajusta-calidad-y-procesos-sin-riesgos\/#article","isPartOf":{"@id":"https:\/\/www.cubodeideas.com\/blog\/calidad-total\/perdida-del-immex-ajusta-calidad-y-procesos-sin-riesgos\/"},"author":{"name":"Noel Castro","@id":"https:\/\/www.cubodeideas.com\/blog\/#\/schema\/person\/5614e43eb76109017cff51a2c7928211"},"headline":"P\u00e9rdida del IMMEX: ajusta calidad y procesos sin riesgos","datePublished":"2025-07-14T03:08:20+00:00","mainEntityOfPage":{"@id":"https:\/\/www.cubodeideas.com\/blog\/calidad-total\/perdida-del-immex-ajusta-calidad-y-procesos-sin-riesgos\/"},"wordCount":830,"commentCount":0,"publisher":{"@id":"https:\/\/www.cubodeideas.com\/blog\/#organization"},"image":{"@id":"https:\/\/www.cubodeideas.com\/blog\/calidad-total\/perdida-del-immex-ajusta-calidad-y-procesos-sin-riesgos\/#primaryimage"},"thumbnailUrl":"https:\/\/www.cubodeideas.com\/blog\/wp-content\/uploads\/2025\/07\/portada-malamen166.png","keywords":["control de calidad exportaci\u00f3n","IMMEX cancelado"],"articleSection":["Calidad Total"],"inLanguage":"es","potentialAction":[{"@type":"CommentAction","name":"Comment","target":["https:\/\/www.cubodeideas.com\/blog\/calidad-total\/perdida-del-immex-ajusta-calidad-y-procesos-sin-riesgos\/#respond"]}]},{"@type":"WebPage","@id":"https:\/\/www.cubodeideas.com\/blog\/calidad-total\/perdida-del-immex-ajusta-calidad-y-procesos-sin-riesgos\/","url":"https:\/\/www.cubodeideas.com\/blog\/calidad-total\/perdida-del-immex-ajusta-calidad-y-procesos-sin-riesgos\/","name":"P\u00e9rdida del IMMEX: ajusta calidad y procesos sin riesgos -","isPartOf":{"@id":"https:\/\/www.cubodeideas.com\/blog\/#website"},"primaryImageOfPage":{"@id":"https:\/\/www.cubodeideas.com\/blog\/calidad-total\/perdida-del-immex-ajusta-calidad-y-procesos-sin-riesgos\/#primaryimage"},"image":{"@id":"https:\/\/www.cubodeideas.com\/blog\/calidad-total\/perdida-del-immex-ajusta-calidad-y-procesos-sin-riesgos\/#primaryimage"},"thumbnailUrl":"https:\/\/www.cubodeideas.com\/blog\/wp-content\/uploads\/2025\/07\/portada-malamen166.png","datePublished":"2025-07-14T03:08:20+00:00","description":"Ante la p\u00e9rdida del IMMEX, tu sistema ISO puede salvar tu operaci\u00f3n. Activa controles, ajusta procesos y evita sanciones mayores.","breadcrumb":{"@id":"https:\/\/www.cubodeideas.com\/blog\/calidad-total\/perdida-del-immex-ajusta-calidad-y-procesos-sin-riesgos\/#breadcrumb"},"inLanguage":"es","potentialAction":[{"@type":"ReadAction","target":["https:\/\/www.cubodeideas.com\/blog\/calidad-total\/perdida-del-immex-ajusta-calidad-y-procesos-sin-riesgos\/"]}]},{"@type":"ImageObject","inLanguage":"es","@id":"https:\/\/www.cubodeideas.com\/blog\/calidad-total\/perdida-del-immex-ajusta-calidad-y-procesos-sin-riesgos\/#primaryimage","url":"https:\/\/www.cubodeideas.com\/blog\/wp-content\/uploads\/2025\/07\/portada-malamen166.png","contentUrl":"https:\/\/www.cubodeideas.com\/blog\/wp-content\/uploads\/2025\/07\/portada-malamen166.png","width":1640,"height":924,"caption":"p\u00e9rdida del IMMEX"},{"@type":"BreadcrumbList","@id":"https:\/\/www.cubodeideas.com\/blog\/calidad-total\/perdida-del-immex-ajusta-calidad-y-procesos-sin-riesgos\/#breadcrumb","itemListElement":[{"@type":"ListItem","position":1,"name":"Portada","item":"https:\/\/www.cubodeideas.com\/blog\/"},{"@type":"ListItem","position":2,"name":"P\u00e9rdida del IMMEX: ajusta calidad y procesos sin riesgos"}]},{"@type":"WebSite","@id":"https:\/\/www.cubodeideas.com\/blog\/#website","url":"https:\/\/www.cubodeideas.com\/blog\/","name":"Cubo de Ideas","description":"Cubo de Ideas, El Blog","publisher":{"@id":"https:\/\/www.cubodeideas.com\/blog\/#organization"},"potentialAction":[{"@type":"SearchAction","target":{"@type":"EntryPoint","urlTemplate":"https:\/\/www.cubodeideas.com\/blog\/?s={search_term_string}"},"query-input":{"@type":"PropertyValueSpecification","valueRequired":true,"valueName":"search_term_string"}}],"inLanguage":"es"},{"@type":"Organization","@id":"https:\/\/www.cubodeideas.com\/blog\/#organization","name":"Cubo de Ideas","url":"https:\/\/www.cubodeideas.com\/blog\/","logo":{"@type":"ImageObject","inLanguage":"es","@id":"https:\/\/www.cubodeideas.com\/blog\/#\/schema\/logo\/image\/","url":"https:\/\/www.cubodeideas.com\/blog\/wp-content\/uploads\/2021\/10\/android-icon-72x72-1.png","contentUrl":"https:\/\/www.cubodeideas.com\/blog\/wp-content\/uploads\/2021\/10\/android-icon-72x72-1.png","width":72,"height":72,"caption":"Cubo de Ideas"},"image":{"@id":"https:\/\/www.cubodeideas.com\/blog\/#\/schema\/logo\/image\/"},"sameAs":["https:\/\/www.facebook.com\/somoscubodeideas","https:\/\/x.com\/cubo_ideas","https:\/\/www.instagram.com\/cubodeideas"]},{"@type":"Person","@id":"https:\/\/www.cubodeideas.com\/blog\/#\/schema\/person\/5614e43eb76109017cff51a2c7928211","name":"Noel Castro","description":"LEM Noel Castro Monta\u00f1o es CEO de Cubo de Ideas, Director de Operaciones para Citosa Textiles. Asesor de nuevos mercados y estrategias digitales para el segmento Retail. Especialista en marketing para autoservicios y puntos de venta. Especialista en sistemas de gesti\u00f3n de la calidad con enfoque a la ISO 9001:2015","sameAs":["https:\/\/www.cubodeideas.com\/blog"],"url":"https:\/\/www.cubodeideas.com\/blog\/author\/admin\/"}]}},"jetpack_publicize_connections":[],"_links":{"self":[{"href":"https:\/\/www.cubodeideas.com\/blog\/wp-json\/wp\/v2\/posts\/2538","targetHints":{"allow":["GET"]}}],"collection":[{"href":"https:\/\/www.cubodeideas.com\/blog\/wp-json\/wp\/v2\/posts"}],"about":[{"href":"https:\/\/www.cubodeideas.com\/blog\/wp-json\/wp\/v2\/types\/post"}],"author":[{"embeddable":true,"href":"https:\/\/www.cubodeideas.com\/blog\/wp-json\/wp\/v2\/users\/1"}],"replies":[{"embeddable":true,"href":"https:\/\/www.cubodeideas.com\/blog\/wp-json\/wp\/v2\/comments?post=2538"}],"version-history":[{"count":1,"href":"https:\/\/www.cubodeideas.com\/blog\/wp-json\/wp\/v2\/posts\/2538\/revisions"}],"predecessor-version":[{"id":2540,"href":"https:\/\/www.cubodeideas.com\/blog\/wp-json\/wp\/v2\/posts\/2538\/revisions\/2540"}],"wp:featuredmedia":[{"embeddable":true,"href":"https:\/\/www.cubodeideas.com\/blog\/wp-json\/wp\/v2\/media\/2539"}],"wp:attachment":[{"href":"https:\/\/www.cubodeideas.com\/blog\/wp-json\/wp\/v2\/media?parent=2538"}],"wp:term":[{"taxonomy":"category","embeddable":true,"href":"https:\/\/www.cubodeideas.com\/blog\/wp-json\/wp\/v2\/categories?post=2538"},{"taxonomy":"post_tag","embeddable":true,"href":"https:\/\/www.cubodeideas.com\/blog\/wp-json\/wp\/v2\/tags?post=2538"}],"curies":[{"name":"wp","href":"https:\/\/api.w.org\/{rel}","templated":true}]}}