{"id":2523,"date":"2025-07-14T02:33:33","date_gmt":"2025-07-14T02:33:33","guid":{"rendered":"https:\/\/www.cubodeideas.com\/blog\/?p=2523"},"modified":"2025-07-14T02:33:33","modified_gmt":"2025-07-14T02:33:33","slug":"ciberseguridad-en-sistemas-iso-protege-tu-gestion-digital","status":"publish","type":"post","link":"https:\/\/www.cubodeideas.com\/blog\/calidad-total\/ciberseguridad-en-sistemas-iso-protege-tu-gestion-digital\/","title":{"rendered":"Ciberseguridad en sistemas ISO: protege tu gesti\u00f3n digital"},"content":{"rendered":"<p data-start=\"188\" data-end=\"856\">En 2025, los sistemas de gesti\u00f3n de calidad ya no operan aislados. Desde plataformas de trazabilidad hasta controles documentales en la nube, pasando por indicadores visualizados en tiempo real, la digitalizaci\u00f3n ha transformado la manera en que las empresas controlan y mejoran sus procesos. Sin embargo, esta conectividad tambi\u00e9n ha tra\u00eddo nuevos riesgos: <strong data-start=\"546\" data-end=\"585\">la vulnerabilidad ante ciberataques<\/strong>, incluso en empresas peque\u00f1as y medianas. Proteger el sistema ISO 9001 frente a incidentes digitales ya no es una medida opcional, sino una condici\u00f3n cr\u00edtica para preservar la confiabilidad del sistema, evitar interrupciones y cumplir con auditor\u00edas internas y externas.<\/p>\n<h2 data-start=\"858\" data-end=\"928\">\u00bfPor qu\u00e9 la ciberseguridad es un tema clave en sistemas de gesti\u00f3n?<\/h2>\n<p data-start=\"930\" data-end=\"1197\">El sistema de gesti\u00f3n de calidad bajo ISO 9001 depende de evidencias documentales, registros hist\u00f3ricos, trazabilidad de cambios y an\u00e1lisis de datos. Si estas fuentes se ven alteradas, manipuladas o bloqueadas por ataques externos, se rompe la integridad del sistema.<\/p>\n<p data-start=\"1199\" data-end=\"1343\">A diferencia de lo que se suele pensar, los ataques a PYMEs no son casos aislados. Durante el \u00faltimo a\u00f1o, se han incrementado los incidentes de:<\/p>\n<ul data-start=\"1345\" data-end=\"1625\">\n<li data-start=\"1345\" data-end=\"1391\">\n<p data-start=\"1347\" data-end=\"1391\">Ransomware que bloquea el acceso a registros<\/p>\n<\/li>\n<li data-start=\"1392\" data-end=\"1465\">\n<p data-start=\"1394\" data-end=\"1465\">Phishing que roba credenciales de usuarios con acceso a plataformas ISO<\/p>\n<\/li>\n<li data-start=\"1466\" data-end=\"1572\">\n<p data-start=\"1468\" data-end=\"1572\">Acceso no autorizado a evidencias cr\u00edticas (no conformidades, planes de acci\u00f3n, registros de inspecci\u00f3n)<\/p>\n<\/li>\n<li data-start=\"1573\" data-end=\"1625\">\n<p data-start=\"1575\" data-end=\"1625\">Alteraci\u00f3n de versiones documentales sin detecci\u00f3n<\/p>\n<\/li>\n<\/ul>\n<p data-start=\"1627\" data-end=\"1802\">Esto no solo afecta la operaci\u00f3n, tambi\u00e9n genera <strong data-start=\"1676\" data-end=\"1737\">hallazgos graves en auditor\u00edas de certificaci\u00f3n o cliente<\/strong>, ya que se pierde la confiabilidad de la informaci\u00f3n presentada.<\/p>\n<h2 data-start=\"1804\" data-end=\"1859\">\u00bfQu\u00e9 exige ISO 9001 sobre protecci\u00f3n de informaci\u00f3n?<\/h2>\n<p data-start=\"1861\" data-end=\"2017\">Aunque ISO 9001 no es una norma de seguridad inform\u00e1tica, s\u00ed establece obligaciones claras sobre el <strong data-start=\"1961\" data-end=\"2002\">control de la informaci\u00f3n documentada<\/strong>, que incluyen:<\/p>\n<ul data-start=\"2019\" data-end=\"2245\">\n<li data-start=\"2019\" data-end=\"2082\">\n<p data-start=\"2021\" data-end=\"2082\">Control de acceso a documentos y registros (cl\u00e1usula 7.5.3.2)<\/p>\n<\/li>\n<li data-start=\"2083\" data-end=\"2170\">\n<p data-start=\"2085\" data-end=\"2170\">Asegurar la protecci\u00f3n contra p\u00e9rdida de confidencialidad, uso inadecuado o deterioro<\/p>\n<\/li>\n<li data-start=\"2171\" data-end=\"2245\">\n<p data-start=\"2173\" data-end=\"2245\">Garantizar disponibilidad cuando se requiera, por ejemplo, en auditor\u00edas<\/p>\n<\/li>\n<\/ul>\n<p data-start=\"2247\" data-end=\"2440\">Cualquier empresa que digitalice sus sistemas debe garantizar que las plataformas, archivos y medios electr\u00f3nicos usados para el sistema de gesti\u00f3n <strong data-start=\"2395\" data-end=\"2439\">sean seguros, rastreables y recuperables<\/strong>.<\/p>\n<h2 data-start=\"2442\" data-end=\"2512\">\u00bfQu\u00e9 vulnerabilidades comunes afectan a las PYMEs con sistemas ISO?<\/h2>\n<ol data-start=\"2514\" data-end=\"3482\">\n<li data-start=\"2514\" data-end=\"2725\">\n<p data-start=\"2517\" data-end=\"2725\"><strong data-start=\"2517\" data-end=\"2552\">Accesos compartidos sin control<\/strong><br data-start=\"2552\" data-end=\"2555\" \/>Es com\u00fan que varios empleados usen el mismo usuario para acceder al sistema documental o ERP. Esto impide rastrear responsabilidades y abre la puerta a accesos indebidos.<\/p>\n<\/li>\n<li data-start=\"2727\" data-end=\"2887\">\n<p data-start=\"2730\" data-end=\"2887\"><strong data-start=\"2730\" data-end=\"2763\">Falta de respaldo sistem\u00e1tico<\/strong><br data-start=\"2763\" data-end=\"2766\" \/>Muchas empresas no respaldan sus documentos y registros cr\u00edticos o lo hacen en medios locales vulnerables (como una USB).<\/p>\n<\/li>\n<li data-start=\"2889\" data-end=\"3085\">\n<p data-start=\"2892\" data-end=\"3085\"><strong data-start=\"2892\" data-end=\"2930\">Contrase\u00f1as d\u00e9biles y sin rotaci\u00f3n<\/strong><br data-start=\"2930\" data-end=\"2933\" \/>La administraci\u00f3n de usuarios en sistemas de calidad muchas veces es manejada por \u00e1reas sin capacitaci\u00f3n en seguridad, lo que genera brechas constantes.<\/p>\n<\/li>\n<li data-start=\"3087\" data-end=\"3256\">\n<p data-start=\"3090\" data-end=\"3256\"><strong data-start=\"3090\" data-end=\"3136\">No actualizaci\u00f3n de software o plataformas<\/strong><br data-start=\"3136\" data-end=\"3139\" \/>Sistemas obsoletos, sin parches de seguridad, permiten intrusiones que afectan directamente la operaci\u00f3n documentada.<\/p>\n<\/li>\n<li data-start=\"3258\" data-end=\"3482\">\n<p data-start=\"3261\" data-end=\"3482\"><strong data-start=\"3261\" data-end=\"3313\">Ausencia de protocolos ante incidentes digitales<\/strong><br data-start=\"3313\" data-end=\"3316\" \/>Al sufrir un ataque o una p\u00e9rdida, muchas empresas no tienen un procedimiento formal para evaluar, contener, recuperar o reportar el incidente dentro del sistema ISO.<\/p>\n<\/li>\n<\/ol>\n<h2 data-start=\"3484\" data-end=\"3537\">Acciones clave para proteger tu sistema de calidad<\/h2>\n<p data-start=\"3539\" data-end=\"3663\">Aun sin ser una empresa tecnol\u00f3gica, tu PYME puede implementar acciones de alto impacto para proteger su sistema de gesti\u00f3n:<\/p>\n<h3 data-start=\"3665\" data-end=\"3713\">1. Establece niveles de acceso documentado<\/h3>\n<p data-start=\"3714\" data-end=\"3858\">Asigna usuarios con permisos diferenciados seg\u00fan roles. Define qui\u00e9n puede consultar, editar, aprobar o eliminar informaci\u00f3n dentro del sistema.<\/p>\n<h3 data-start=\"3860\" data-end=\"3903\">2. Implementa respaldos automatizados<\/h3>\n<p data-start=\"3904\" data-end=\"4043\">Crea respaldos programados diarios o semanales en la nube o servidores externos. Aseg\u00farate de probar regularmente la recuperaci\u00f3n de datos.<\/p>\n<h3 data-start=\"4045\" data-end=\"4096\">3. Capacita a tu personal en seguridad b\u00e1sica<\/h3>\n<p data-start=\"4097\" data-end=\"4241\">Capacita a los usuarios del sistema en pr\u00e1cticas m\u00ednimas: uso de contrase\u00f1as robustas, no apertura de enlaces sospechosos, reporte de anomal\u00edas.<\/p>\n<h3 data-start=\"4243\" data-end=\"4294\">4. Documenta un procedimiento ante incidentes<\/h3>\n<p data-start=\"4295\" data-end=\"4459\">Incorpora en tu sistema ISO un procedimiento formal para incidentes digitales. Incluye acciones inmediatas, roles responsables, comunicaci\u00f3n interna y recuperaci\u00f3n.<\/p>\n<h3 data-start=\"4461\" data-end=\"4510\">5. Audita tu sistema digital peri\u00f3dicamente<\/h3>\n<p data-start=\"4511\" data-end=\"4648\">Haz auditor\u00edas internas enfocadas en trazabilidad electr\u00f3nica: \u00bfqui\u00e9n accedi\u00f3, qu\u00e9 modific\u00f3, qu\u00e9 evidencia existe del control de cambios?<\/p>\n<h2 data-start=\"4650\" data-end=\"4701\">C\u00f3mo relacionarlo formalmente con tu sistema ISO<\/h2>\n<p data-start=\"4703\" data-end=\"4814\">Para asegurar que estas pr\u00e1cticas formen parte del sistema de calidad, vinc\u00falalas con los siguientes apartados:<\/p>\n<ul data-start=\"4816\" data-end=\"5394\">\n<li data-start=\"4816\" data-end=\"4908\">\n<p data-start=\"4818\" data-end=\"4908\"><strong data-start=\"4818\" data-end=\"4836\">Cl\u00e1usula 7.5.3<\/strong> \u2013 Control de la informaci\u00f3n documentada: protecci\u00f3n, acceso, integridad<\/p>\n<\/li>\n<li data-start=\"4909\" data-end=\"5015\">\n<p data-start=\"4911\" data-end=\"5015\"><strong data-start=\"4911\" data-end=\"4927\">Cl\u00e1usula 6.1<\/strong> \u2013 Riesgos y oportunidades: identifica la ciberseguridad como riesgo del entorno digital<\/p>\n<\/li>\n<li data-start=\"5016\" data-end=\"5142\">\n<p data-start=\"5018\" data-end=\"5142\"><strong data-start=\"5018\" data-end=\"5036\">Cl\u00e1usula 7.1.3<\/strong> \u2013 Infraestructura: documenta los elementos tecnol\u00f3gicos necesarios para asegurar la continuidad operativa<\/p>\n<\/li>\n<li data-start=\"5143\" data-end=\"5249\">\n<p data-start=\"5145\" data-end=\"5249\"><strong data-start=\"5145\" data-end=\"5161\">Cl\u00e1usula 9.2<\/strong> \u2013 Auditor\u00eda interna: incluye temas digitales en el alcance de tus auditor\u00edas peri\u00f3dicas<\/p>\n<\/li>\n<li data-start=\"5250\" data-end=\"5394\">\n<p data-start=\"5252\" data-end=\"5394\"><strong data-start=\"5252\" data-end=\"5269\">Cl\u00e1usula 10.2<\/strong> \u2013 Acciones correctivas: registra los incidentes digitales como no conformidades cuando impacten la confiabilidad del sistema<\/p>\n<\/li>\n<\/ul>\n<p data-start=\"5411\" data-end=\"5677\">La transformaci\u00f3n digital es una gran aliada de la calidad, pero tambi\u00e9n expone a las organizaciones a riesgos que deben ser gestionados con seriedad. Una <strong data-start=\"5566\" data-end=\"5620\">no conformidad por p\u00e9rdida de trazabilidad digital<\/strong> puede afectar tanto como una falla f\u00edsica en producci\u00f3n.<\/p>\n<p data-start=\"5679\" data-end=\"5926\">Proteger tu sistema de gesti\u00f3n ISO frente a incidentes cibern\u00e9ticos es hoy una <strong data-start=\"5758\" data-end=\"5784\">obligaci\u00f3n estrat\u00e9gica<\/strong>, especialmente si participas en cadenas internacionales, manejas datos sensibles o usas plataformas en l\u00ednea para evidencias de cumplimiento.<\/p>\n<p data-start=\"5928\" data-end=\"6116\">No se trata de invertir grandes sumas, sino de establecer controles, protocolos y cultura organizacional que mantenga tu informaci\u00f3n segura, tu sistema vigente y tu operaci\u00f3n bajo control.<\/p>\n<div class=\"pvc_clear\"><\/div>\n<p id=\"pvc_stats_2523\" class=\"pvc_stats all  \" data-element-id=\"2523\" style=\"\"><i class=\"pvc-stats-icon medium\" aria-hidden=\"true\"><svg aria-hidden=\"true\" focusable=\"false\" data-prefix=\"far\" data-icon=\"chart-bar\" role=\"img\" xmlns=\"http:\/\/www.w3.org\/2000\/svg\" viewBox=\"0 0 512 512\" class=\"svg-inline--fa fa-chart-bar fa-w-16 fa-2x\"><path fill=\"currentColor\" d=\"M396.8 352h22.4c6.4 0 12.8-6.4 12.8-12.8V108.8c0-6.4-6.4-12.8-12.8-12.8h-22.4c-6.4 0-12.8 6.4-12.8 12.8v230.4c0 6.4 6.4 12.8 12.8 12.8zm-192 0h22.4c6.4 0 12.8-6.4 12.8-12.8V140.8c0-6.4-6.4-12.8-12.8-12.8h-22.4c-6.4 0-12.8 6.4-12.8 12.8v198.4c0 6.4 6.4 12.8 12.8 12.8zm96 0h22.4c6.4 0 12.8-6.4 12.8-12.8V204.8c0-6.4-6.4-12.8-12.8-12.8h-22.4c-6.4 0-12.8 6.4-12.8 12.8v134.4c0 6.4 6.4 12.8 12.8 12.8zM496 400H48V80c0-8.84-7.16-16-16-16H16C7.16 64 0 71.16 0 80v336c0 17.67 14.33 32 32 32h464c8.84 0 16-7.16 16-16v-16c0-8.84-7.16-16-16-16zm-387.2-48h22.4c6.4 0 12.8-6.4 12.8-12.8v-70.4c0-6.4-6.4-12.8-12.8-12.8h-22.4c-6.4 0-12.8 6.4-12.8 12.8v70.4c0 6.4 6.4 12.8 12.8 12.8z\" class=\"\"><\/path><\/svg><\/i> <img loading=\"lazy\" decoding=\"async\" width=\"16\" height=\"16\" alt=\"Loading\" src=\"https:\/\/www.cubodeideas.com\/blog\/wp-content\/plugins\/page-views-count\/ajax-loader-2x.gif\" border=0 \/><\/p>\n<div class=\"pvc_clear\"><\/div>\n","protected":false},"excerpt":{"rendered":"<p>En 2025, los sistemas de gesti\u00f3n de calidad ya no operan aislados. Desde plataformas de trazabilidad hasta controles documentales en la nube, pasando por indicadores visualizados en tiempo real, la digitalizaci\u00f3n ha transformado la manera en que las empresas controlan y mejoran sus procesos. Sin embargo, esta conectividad tambi\u00e9n ha tra\u00eddo nuevos riesgos: la vulnerabilidad [&hellip;]<\/p>\n<div class=\"pvc_clear\"><\/div>\n<p id=\"pvc_stats_2523\" class=\"pvc_stats all  \" data-element-id=\"2523\" style=\"\"><i class=\"pvc-stats-icon medium\" aria-hidden=\"true\"><svg aria-hidden=\"true\" focusable=\"false\" data-prefix=\"far\" data-icon=\"chart-bar\" role=\"img\" xmlns=\"http:\/\/www.w3.org\/2000\/svg\" viewBox=\"0 0 512 512\" class=\"svg-inline--fa fa-chart-bar fa-w-16 fa-2x\"><path fill=\"currentColor\" d=\"M396.8 352h22.4c6.4 0 12.8-6.4 12.8-12.8V108.8c0-6.4-6.4-12.8-12.8-12.8h-22.4c-6.4 0-12.8 6.4-12.8 12.8v230.4c0 6.4 6.4 12.8 12.8 12.8zm-192 0h22.4c6.4 0 12.8-6.4 12.8-12.8V140.8c0-6.4-6.4-12.8-12.8-12.8h-22.4c-6.4 0-12.8 6.4-12.8 12.8v198.4c0 6.4 6.4 12.8 12.8 12.8zm96 0h22.4c6.4 0 12.8-6.4 12.8-12.8V204.8c0-6.4-6.4-12.8-12.8-12.8h-22.4c-6.4 0-12.8 6.4-12.8 12.8v134.4c0 6.4 6.4 12.8 12.8 12.8zM496 400H48V80c0-8.84-7.16-16-16-16H16C7.16 64 0 71.16 0 80v336c0 17.67 14.33 32 32 32h464c8.84 0 16-7.16 16-16v-16c0-8.84-7.16-16-16-16zm-387.2-48h22.4c6.4 0 12.8-6.4 12.8-12.8v-70.4c0-6.4-6.4-12.8-12.8-12.8h-22.4c-6.4 0-12.8 6.4-12.8 12.8v70.4c0 6.4 6.4 12.8 12.8 12.8z\" class=\"\"><\/path><\/svg><\/i> <img loading=\"lazy\" decoding=\"async\" width=\"16\" height=\"16\" alt=\"Loading\" src=\"https:\/\/www.cubodeideas.com\/blog\/wp-content\/plugins\/page-views-count\/ajax-loader-2x.gif\" border=0 \/><\/p>\n<div class=\"pvc_clear\"><\/div>\n","protected":false},"author":1,"featured_media":2524,"comment_status":"open","ping_status":"closed","sticky":false,"template":"","format":"standard","meta":{"footnotes":"","jetpack_publicize_message":"","jetpack_publicize_feature_enabled":true,"jetpack_social_post_already_shared":false,"jetpack_social_options":{"image_generator_settings":{"template":"highway","default_image_id":0,"font":"","enabled":false},"version":2}},"categories":[14],"tags":[1207,1206],"class_list":["post-2523","post","type-post","status-publish","format-standard","has-post-thumbnail","hentry","category-calidad-total","tag-gestion-documental-segura","tag-seguridad-digital-iso-9001"],"blocksy_meta":[],"yoast_head":"<!-- This site is optimized with the Yoast SEO plugin v27.0 - https:\/\/yoast.com\/product\/yoast-seo-wordpress\/ -->\n<title>Ciberseguridad en sistemas ISO: protege tu gesti\u00f3n digital -<\/title>\n<meta name=\"description\" content=\"Tu sistema ISO depende de informaci\u00f3n confiable. Refuerza la ciberseguridad en sistemas ISO y evita p\u00e9rdidas, sanciones y no conformidades graves.\" \/>\n<meta name=\"robots\" content=\"index, follow, max-snippet:-1, max-image-preview:large, max-video-preview:-1\" \/>\n<link rel=\"canonical\" href=\"https:\/\/www.cubodeideas.com\/blog\/calidad-total\/ciberseguridad-en-sistemas-iso-protege-tu-gestion-digital\/\" \/>\n<meta property=\"og:locale\" content=\"es_ES\" \/>\n<meta property=\"og:type\" content=\"article\" \/>\n<meta property=\"og:title\" content=\"Ciberseguridad en sistemas ISO: protege tu gesti\u00f3n digital -\" \/>\n<meta property=\"og:description\" content=\"Tu sistema ISO depende de informaci\u00f3n confiable. Refuerza la ciberseguridad en sistemas ISO y evita p\u00e9rdidas, sanciones y no conformidades graves.\" \/>\n<meta property=\"og:url\" content=\"https:\/\/www.cubodeideas.com\/blog\/calidad-total\/ciberseguridad-en-sistemas-iso-protege-tu-gestion-digital\/\" \/>\n<meta property=\"article:publisher\" content=\"https:\/\/www.facebook.com\/somoscubodeideas\" \/>\n<meta property=\"article:published_time\" content=\"2025-07-14T02:33:33+00:00\" \/>\n<meta property=\"og:image\" content=\"https:\/\/www.cubodeideas.com\/blog\/wp-content\/uploads\/2025\/07\/portada-malamen161.png\" \/>\n\t<meta property=\"og:image:width\" content=\"1640\" \/>\n\t<meta property=\"og:image:height\" content=\"924\" \/>\n\t<meta property=\"og:image:type\" content=\"image\/png\" \/>\n<meta name=\"author\" content=\"Noel Castro\" \/>\n<meta name=\"twitter:card\" content=\"summary_large_image\" \/>\n<meta name=\"twitter:creator\" content=\"@cubo_ideas\" \/>\n<meta name=\"twitter:site\" content=\"@cubo_ideas\" \/>\n<meta name=\"twitter:label1\" content=\"Escrito por\" \/>\n\t<meta name=\"twitter:data1\" content=\"Noel Castro\" \/>\n\t<meta name=\"twitter:label2\" content=\"Tiempo de lectura\" \/>\n\t<meta name=\"twitter:data2\" content=\"4 minutos\" \/>\n<script type=\"application\/ld+json\" class=\"yoast-schema-graph\">{\"@context\":\"https:\/\/schema.org\",\"@graph\":[{\"@type\":\"Article\",\"@id\":\"https:\/\/www.cubodeideas.com\/blog\/calidad-total\/ciberseguridad-en-sistemas-iso-protege-tu-gestion-digital\/#article\",\"isPartOf\":{\"@id\":\"https:\/\/www.cubodeideas.com\/blog\/calidad-total\/ciberseguridad-en-sistemas-iso-protege-tu-gestion-digital\/\"},\"author\":{\"name\":\"Noel Castro\",\"@id\":\"https:\/\/www.cubodeideas.com\/blog\/#\/schema\/person\/5614e43eb76109017cff51a2c7928211\"},\"headline\":\"Ciberseguridad en sistemas ISO: protege tu gesti\u00f3n digital\",\"datePublished\":\"2025-07-14T02:33:33+00:00\",\"mainEntityOfPage\":{\"@id\":\"https:\/\/www.cubodeideas.com\/blog\/calidad-total\/ciberseguridad-en-sistemas-iso-protege-tu-gestion-digital\/\"},\"wordCount\":898,\"commentCount\":0,\"publisher\":{\"@id\":\"https:\/\/www.cubodeideas.com\/blog\/#organization\"},\"image\":{\"@id\":\"https:\/\/www.cubodeideas.com\/blog\/calidad-total\/ciberseguridad-en-sistemas-iso-protege-tu-gestion-digital\/#primaryimage\"},\"thumbnailUrl\":\"https:\/\/www.cubodeideas.com\/blog\/wp-content\/uploads\/2025\/07\/portada-malamen161.png\",\"keywords\":[\"gesti\u00f3n documental segura\",\"seguridad digital ISO 9001\"],\"articleSection\":[\"Calidad Total\"],\"inLanguage\":\"es\",\"potentialAction\":[{\"@type\":\"CommentAction\",\"name\":\"Comment\",\"target\":[\"https:\/\/www.cubodeideas.com\/blog\/calidad-total\/ciberseguridad-en-sistemas-iso-protege-tu-gestion-digital\/#respond\"]}]},{\"@type\":\"WebPage\",\"@id\":\"https:\/\/www.cubodeideas.com\/blog\/calidad-total\/ciberseguridad-en-sistemas-iso-protege-tu-gestion-digital\/\",\"url\":\"https:\/\/www.cubodeideas.com\/blog\/calidad-total\/ciberseguridad-en-sistemas-iso-protege-tu-gestion-digital\/\",\"name\":\"Ciberseguridad en sistemas ISO: protege tu gesti\u00f3n digital -\",\"isPartOf\":{\"@id\":\"https:\/\/www.cubodeideas.com\/blog\/#website\"},\"primaryImageOfPage\":{\"@id\":\"https:\/\/www.cubodeideas.com\/blog\/calidad-total\/ciberseguridad-en-sistemas-iso-protege-tu-gestion-digital\/#primaryimage\"},\"image\":{\"@id\":\"https:\/\/www.cubodeideas.com\/blog\/calidad-total\/ciberseguridad-en-sistemas-iso-protege-tu-gestion-digital\/#primaryimage\"},\"thumbnailUrl\":\"https:\/\/www.cubodeideas.com\/blog\/wp-content\/uploads\/2025\/07\/portada-malamen161.png\",\"datePublished\":\"2025-07-14T02:33:33+00:00\",\"description\":\"Tu sistema ISO depende de informaci\u00f3n confiable. Refuerza la ciberseguridad en sistemas ISO y evita p\u00e9rdidas, sanciones y no conformidades graves.\",\"breadcrumb\":{\"@id\":\"https:\/\/www.cubodeideas.com\/blog\/calidad-total\/ciberseguridad-en-sistemas-iso-protege-tu-gestion-digital\/#breadcrumb\"},\"inLanguage\":\"es\",\"potentialAction\":[{\"@type\":\"ReadAction\",\"target\":[\"https:\/\/www.cubodeideas.com\/blog\/calidad-total\/ciberseguridad-en-sistemas-iso-protege-tu-gestion-digital\/\"]}]},{\"@type\":\"ImageObject\",\"inLanguage\":\"es\",\"@id\":\"https:\/\/www.cubodeideas.com\/blog\/calidad-total\/ciberseguridad-en-sistemas-iso-protege-tu-gestion-digital\/#primaryimage\",\"url\":\"https:\/\/www.cubodeideas.com\/blog\/wp-content\/uploads\/2025\/07\/portada-malamen161.png\",\"contentUrl\":\"https:\/\/www.cubodeideas.com\/blog\/wp-content\/uploads\/2025\/07\/portada-malamen161.png\",\"width\":1640,\"height\":924,\"caption\":\"ciberseguridad en PYMEs\"},{\"@type\":\"BreadcrumbList\",\"@id\":\"https:\/\/www.cubodeideas.com\/blog\/calidad-total\/ciberseguridad-en-sistemas-iso-protege-tu-gestion-digital\/#breadcrumb\",\"itemListElement\":[{\"@type\":\"ListItem\",\"position\":1,\"name\":\"Portada\",\"item\":\"https:\/\/www.cubodeideas.com\/blog\/\"},{\"@type\":\"ListItem\",\"position\":2,\"name\":\"Ciberseguridad en sistemas ISO: protege tu gesti\u00f3n digital\"}]},{\"@type\":\"WebSite\",\"@id\":\"https:\/\/www.cubodeideas.com\/blog\/#website\",\"url\":\"https:\/\/www.cubodeideas.com\/blog\/\",\"name\":\"Cubo de Ideas\",\"description\":\"Cubo de Ideas, El Blog\",\"publisher\":{\"@id\":\"https:\/\/www.cubodeideas.com\/blog\/#organization\"},\"potentialAction\":[{\"@type\":\"SearchAction\",\"target\":{\"@type\":\"EntryPoint\",\"urlTemplate\":\"https:\/\/www.cubodeideas.com\/blog\/?s={search_term_string}\"},\"query-input\":{\"@type\":\"PropertyValueSpecification\",\"valueRequired\":true,\"valueName\":\"search_term_string\"}}],\"inLanguage\":\"es\"},{\"@type\":\"Organization\",\"@id\":\"https:\/\/www.cubodeideas.com\/blog\/#organization\",\"name\":\"Cubo de Ideas\",\"url\":\"https:\/\/www.cubodeideas.com\/blog\/\",\"logo\":{\"@type\":\"ImageObject\",\"inLanguage\":\"es\",\"@id\":\"https:\/\/www.cubodeideas.com\/blog\/#\/schema\/logo\/image\/\",\"url\":\"https:\/\/www.cubodeideas.com\/blog\/wp-content\/uploads\/2021\/10\/android-icon-72x72-1.png\",\"contentUrl\":\"https:\/\/www.cubodeideas.com\/blog\/wp-content\/uploads\/2021\/10\/android-icon-72x72-1.png\",\"width\":72,\"height\":72,\"caption\":\"Cubo de Ideas\"},\"image\":{\"@id\":\"https:\/\/www.cubodeideas.com\/blog\/#\/schema\/logo\/image\/\"},\"sameAs\":[\"https:\/\/www.facebook.com\/somoscubodeideas\",\"https:\/\/x.com\/cubo_ideas\",\"https:\/\/www.instagram.com\/cubodeideas\"]},{\"@type\":\"Person\",\"@id\":\"https:\/\/www.cubodeideas.com\/blog\/#\/schema\/person\/5614e43eb76109017cff51a2c7928211\",\"name\":\"Noel Castro\",\"description\":\"LEM Noel Castro Monta\u00f1o es CEO de Cubo de Ideas, Director de Operaciones para Citosa Textiles. Asesor de nuevos mercados y estrategias digitales para el segmento Retail. Especialista en marketing para autoservicios y puntos de venta. Especialista en sistemas de gesti\u00f3n de la calidad con enfoque a la ISO 9001:2015\",\"sameAs\":[\"https:\/\/www.cubodeideas.com\/blog\"],\"url\":\"https:\/\/www.cubodeideas.com\/blog\/author\/admin\/\"}]}<\/script>\n<!-- \/ Yoast SEO plugin. -->","yoast_head_json":{"title":"Ciberseguridad en sistemas ISO: protege tu gesti\u00f3n digital -","description":"Tu sistema ISO depende de informaci\u00f3n confiable. Refuerza la ciberseguridad en sistemas ISO y evita p\u00e9rdidas, sanciones y no conformidades graves.","robots":{"index":"index","follow":"follow","max-snippet":"max-snippet:-1","max-image-preview":"max-image-preview:large","max-video-preview":"max-video-preview:-1"},"canonical":"https:\/\/www.cubodeideas.com\/blog\/calidad-total\/ciberseguridad-en-sistemas-iso-protege-tu-gestion-digital\/","og_locale":"es_ES","og_type":"article","og_title":"Ciberseguridad en sistemas ISO: protege tu gesti\u00f3n digital -","og_description":"Tu sistema ISO depende de informaci\u00f3n confiable. Refuerza la ciberseguridad en sistemas ISO y evita p\u00e9rdidas, sanciones y no conformidades graves.","og_url":"https:\/\/www.cubodeideas.com\/blog\/calidad-total\/ciberseguridad-en-sistemas-iso-protege-tu-gestion-digital\/","article_publisher":"https:\/\/www.facebook.com\/somoscubodeideas","article_published_time":"2025-07-14T02:33:33+00:00","og_image":[{"width":1640,"height":924,"url":"https:\/\/www.cubodeideas.com\/blog\/wp-content\/uploads\/2025\/07\/portada-malamen161.png","type":"image\/png"}],"author":"Noel Castro","twitter_card":"summary_large_image","twitter_creator":"@cubo_ideas","twitter_site":"@cubo_ideas","twitter_misc":{"Escrito por":"Noel Castro","Tiempo de lectura":"4 minutos"},"schema":{"@context":"https:\/\/schema.org","@graph":[{"@type":"Article","@id":"https:\/\/www.cubodeideas.com\/blog\/calidad-total\/ciberseguridad-en-sistemas-iso-protege-tu-gestion-digital\/#article","isPartOf":{"@id":"https:\/\/www.cubodeideas.com\/blog\/calidad-total\/ciberseguridad-en-sistemas-iso-protege-tu-gestion-digital\/"},"author":{"name":"Noel Castro","@id":"https:\/\/www.cubodeideas.com\/blog\/#\/schema\/person\/5614e43eb76109017cff51a2c7928211"},"headline":"Ciberseguridad en sistemas ISO: protege tu gesti\u00f3n digital","datePublished":"2025-07-14T02:33:33+00:00","mainEntityOfPage":{"@id":"https:\/\/www.cubodeideas.com\/blog\/calidad-total\/ciberseguridad-en-sistemas-iso-protege-tu-gestion-digital\/"},"wordCount":898,"commentCount":0,"publisher":{"@id":"https:\/\/www.cubodeideas.com\/blog\/#organization"},"image":{"@id":"https:\/\/www.cubodeideas.com\/blog\/calidad-total\/ciberseguridad-en-sistemas-iso-protege-tu-gestion-digital\/#primaryimage"},"thumbnailUrl":"https:\/\/www.cubodeideas.com\/blog\/wp-content\/uploads\/2025\/07\/portada-malamen161.png","keywords":["gesti\u00f3n documental segura","seguridad digital ISO 9001"],"articleSection":["Calidad Total"],"inLanguage":"es","potentialAction":[{"@type":"CommentAction","name":"Comment","target":["https:\/\/www.cubodeideas.com\/blog\/calidad-total\/ciberseguridad-en-sistemas-iso-protege-tu-gestion-digital\/#respond"]}]},{"@type":"WebPage","@id":"https:\/\/www.cubodeideas.com\/blog\/calidad-total\/ciberseguridad-en-sistemas-iso-protege-tu-gestion-digital\/","url":"https:\/\/www.cubodeideas.com\/blog\/calidad-total\/ciberseguridad-en-sistemas-iso-protege-tu-gestion-digital\/","name":"Ciberseguridad en sistemas ISO: protege tu gesti\u00f3n digital -","isPartOf":{"@id":"https:\/\/www.cubodeideas.com\/blog\/#website"},"primaryImageOfPage":{"@id":"https:\/\/www.cubodeideas.com\/blog\/calidad-total\/ciberseguridad-en-sistemas-iso-protege-tu-gestion-digital\/#primaryimage"},"image":{"@id":"https:\/\/www.cubodeideas.com\/blog\/calidad-total\/ciberseguridad-en-sistemas-iso-protege-tu-gestion-digital\/#primaryimage"},"thumbnailUrl":"https:\/\/www.cubodeideas.com\/blog\/wp-content\/uploads\/2025\/07\/portada-malamen161.png","datePublished":"2025-07-14T02:33:33+00:00","description":"Tu sistema ISO depende de informaci\u00f3n confiable. Refuerza la ciberseguridad en sistemas ISO y evita p\u00e9rdidas, sanciones y no conformidades graves.","breadcrumb":{"@id":"https:\/\/www.cubodeideas.com\/blog\/calidad-total\/ciberseguridad-en-sistemas-iso-protege-tu-gestion-digital\/#breadcrumb"},"inLanguage":"es","potentialAction":[{"@type":"ReadAction","target":["https:\/\/www.cubodeideas.com\/blog\/calidad-total\/ciberseguridad-en-sistemas-iso-protege-tu-gestion-digital\/"]}]},{"@type":"ImageObject","inLanguage":"es","@id":"https:\/\/www.cubodeideas.com\/blog\/calidad-total\/ciberseguridad-en-sistemas-iso-protege-tu-gestion-digital\/#primaryimage","url":"https:\/\/www.cubodeideas.com\/blog\/wp-content\/uploads\/2025\/07\/portada-malamen161.png","contentUrl":"https:\/\/www.cubodeideas.com\/blog\/wp-content\/uploads\/2025\/07\/portada-malamen161.png","width":1640,"height":924,"caption":"ciberseguridad en PYMEs"},{"@type":"BreadcrumbList","@id":"https:\/\/www.cubodeideas.com\/blog\/calidad-total\/ciberseguridad-en-sistemas-iso-protege-tu-gestion-digital\/#breadcrumb","itemListElement":[{"@type":"ListItem","position":1,"name":"Portada","item":"https:\/\/www.cubodeideas.com\/blog\/"},{"@type":"ListItem","position":2,"name":"Ciberseguridad en sistemas ISO: protege tu gesti\u00f3n digital"}]},{"@type":"WebSite","@id":"https:\/\/www.cubodeideas.com\/blog\/#website","url":"https:\/\/www.cubodeideas.com\/blog\/","name":"Cubo de Ideas","description":"Cubo de Ideas, El Blog","publisher":{"@id":"https:\/\/www.cubodeideas.com\/blog\/#organization"},"potentialAction":[{"@type":"SearchAction","target":{"@type":"EntryPoint","urlTemplate":"https:\/\/www.cubodeideas.com\/blog\/?s={search_term_string}"},"query-input":{"@type":"PropertyValueSpecification","valueRequired":true,"valueName":"search_term_string"}}],"inLanguage":"es"},{"@type":"Organization","@id":"https:\/\/www.cubodeideas.com\/blog\/#organization","name":"Cubo de Ideas","url":"https:\/\/www.cubodeideas.com\/blog\/","logo":{"@type":"ImageObject","inLanguage":"es","@id":"https:\/\/www.cubodeideas.com\/blog\/#\/schema\/logo\/image\/","url":"https:\/\/www.cubodeideas.com\/blog\/wp-content\/uploads\/2021\/10\/android-icon-72x72-1.png","contentUrl":"https:\/\/www.cubodeideas.com\/blog\/wp-content\/uploads\/2021\/10\/android-icon-72x72-1.png","width":72,"height":72,"caption":"Cubo de Ideas"},"image":{"@id":"https:\/\/www.cubodeideas.com\/blog\/#\/schema\/logo\/image\/"},"sameAs":["https:\/\/www.facebook.com\/somoscubodeideas","https:\/\/x.com\/cubo_ideas","https:\/\/www.instagram.com\/cubodeideas"]},{"@type":"Person","@id":"https:\/\/www.cubodeideas.com\/blog\/#\/schema\/person\/5614e43eb76109017cff51a2c7928211","name":"Noel Castro","description":"LEM Noel Castro Monta\u00f1o es CEO de Cubo de Ideas, Director de Operaciones para Citosa Textiles. Asesor de nuevos mercados y estrategias digitales para el segmento Retail. Especialista en marketing para autoservicios y puntos de venta. Especialista en sistemas de gesti\u00f3n de la calidad con enfoque a la ISO 9001:2015","sameAs":["https:\/\/www.cubodeideas.com\/blog"],"url":"https:\/\/www.cubodeideas.com\/blog\/author\/admin\/"}]}},"jetpack_publicize_connections":[],"_links":{"self":[{"href":"https:\/\/www.cubodeideas.com\/blog\/wp-json\/wp\/v2\/posts\/2523","targetHints":{"allow":["GET"]}}],"collection":[{"href":"https:\/\/www.cubodeideas.com\/blog\/wp-json\/wp\/v2\/posts"}],"about":[{"href":"https:\/\/www.cubodeideas.com\/blog\/wp-json\/wp\/v2\/types\/post"}],"author":[{"embeddable":true,"href":"https:\/\/www.cubodeideas.com\/blog\/wp-json\/wp\/v2\/users\/1"}],"replies":[{"embeddable":true,"href":"https:\/\/www.cubodeideas.com\/blog\/wp-json\/wp\/v2\/comments?post=2523"}],"version-history":[{"count":1,"href":"https:\/\/www.cubodeideas.com\/blog\/wp-json\/wp\/v2\/posts\/2523\/revisions"}],"predecessor-version":[{"id":2525,"href":"https:\/\/www.cubodeideas.com\/blog\/wp-json\/wp\/v2\/posts\/2523\/revisions\/2525"}],"wp:featuredmedia":[{"embeddable":true,"href":"https:\/\/www.cubodeideas.com\/blog\/wp-json\/wp\/v2\/media\/2524"}],"wp:attachment":[{"href":"https:\/\/www.cubodeideas.com\/blog\/wp-json\/wp\/v2\/media?parent=2523"}],"wp:term":[{"taxonomy":"category","embeddable":true,"href":"https:\/\/www.cubodeideas.com\/blog\/wp-json\/wp\/v2\/categories?post=2523"},{"taxonomy":"post_tag","embeddable":true,"href":"https:\/\/www.cubodeideas.com\/blog\/wp-json\/wp\/v2\/tags?post=2523"}],"curies":[{"name":"wp","href":"https:\/\/api.w.org\/{rel}","templated":true}]}}