{"id":2498,"date":"2025-07-07T15:16:26","date_gmt":"2025-07-07T15:16:26","guid":{"rendered":"https:\/\/www.cubodeideas.com\/blog\/?p=2498"},"modified":"2025-07-07T15:16:26","modified_gmt":"2025-07-07T15:16:26","slug":"iso-90012025-cambios-clave-y-como-preparar-tu-sistema","status":"publish","type":"post","link":"https:\/\/www.cubodeideas.com\/blog\/calidad-total\/iso-90012025-cambios-clave-y-como-preparar-tu-sistema\/","title":{"rendered":"ISO 9001:2025 cambios clave y c\u00f3mo preparar tu sistema"},"content":{"rendered":"<p data-start=\"133\" data-end=\"646\">La revisi\u00f3n de <strong data-start=\"148\" data-end=\"165\">ISO 9001:2015<\/strong>, una de las normas m\u00e1s adoptadas a nivel global, est\u00e1 en marcha y su nueva versi\u00f3n podr\u00eda liberarse este mismo 2025. Este ajuste, aunque no es una reestructuraci\u00f3n completa, s\u00ed implica <strong data-start=\"351\" data-end=\"375\">cambios sustanciales<\/strong> que las empresas deben considerar desde ahora para evitar ajustes de \u00faltima hora. Comprender hacia d\u00f3nde se dirige la norma y c\u00f3mo anticiparse es clave para mantener un <strong data-start=\"545\" data-end=\"586\">sistema de gesti\u00f3n de calidad robusto<\/strong>, competitivo y alineado con las tendencias internacionales.<\/p>\n<h2 data-start=\"648\" data-end=\"687\">\u00bfPor qu\u00e9 se revisa ISO 9001 en 2025?<\/h2>\n<p data-start=\"689\" data-end=\"1110\">La <strong data-start=\"692\" data-end=\"745\">Organizaci\u00f3n Internacional de Normalizaci\u00f3n (ISO)<\/strong> establece una pol\u00edtica de revisi\u00f3n sistem\u00e1tica cada cinco a\u00f1os para todas sus normas. ISO 9001:2015 fue confirmada en 2020, pero en 2021 y 2022 comenzaron las consultas t\u00e9cnicas debido a los grandes cambios que han afectado a las empresas: digitalizaci\u00f3n acelerada, cadenas de suministro vol\u00e1tiles, presi\u00f3n regulatoria creciente y crisis sanitarias o geopol\u00edticas.<\/p>\n<p data-start=\"1112\" data-end=\"1539\">En junio de 2023, ISO confirm\u00f3 que iniciar\u00eda una revisi\u00f3n completa. Esto significa que no se trata solo de aclaraciones menores, sino de una actualizaci\u00f3n que puede implicar <strong data-start=\"1286\" data-end=\"1306\">nuevas cl\u00e1usulas<\/strong>, reformulaci\u00f3n de conceptos y mayor alineaci\u00f3n con desaf\u00edos contempor\u00e1neos. Esta actualizaci\u00f3n responde a la necesidad de que los sistemas de calidad est\u00e9n m\u00e1s adaptados a realidades din\u00e1micas, riesgos globales y nuevas tecnolog\u00edas.<\/p>\n<h2 data-start=\"1541\" data-end=\"1600\">\u00bfQu\u00e9 cambios sustanciales se anticipan en ISO 9001:2025?<\/h2>\n<p data-start=\"1602\" data-end=\"1796\">Aunque la norma no ha sido publicada a\u00fan, los borradores y discusiones t\u00e9cnicas permiten prever varios ajustes clave que afectar\u00e1n directamente c\u00f3mo se gestiona la calidad en las organizaciones:<\/p>\n<h3 data-start=\"1798\" data-end=\"1864\">Inclusi\u00f3n de temas ESG (ambientales, sociales y de gobernanza)<\/h3>\n<p data-start=\"1866\" data-end=\"2252\">La tendencia internacional hacia <strong data-start=\"1899\" data-end=\"1916\">criterios ESG<\/strong> es innegable. ISO 9001:2025 integrar\u00eda un enfoque m\u00e1s expl\u00edcito hacia el impacto ambiental, social y \u00e9tico de los procesos. Esto no significa que ISO 9001 pase a ser una norma ambiental, pero s\u00ed que los sistemas de gesti\u00f3n de calidad deber\u00e1n considerar <strong data-start=\"2170\" data-end=\"2219\">aspectos \u00e9ticos, reputacionales y sostenibles<\/strong> en su planificaci\u00f3n estrat\u00e9gica.<\/p>\n<h3 data-start=\"2254\" data-end=\"2307\">Fortalecimiento del pensamiento basado en riesgos<\/h3>\n<p data-start=\"2309\" data-end=\"2692\">La versi\u00f3n 2015 introdujo el enfoque de <strong data-start=\"2349\" data-end=\"2382\">pensamiento basado en riesgos<\/strong>, pero de manera general. La revisi\u00f3n de 2025 apunta a hacer este enfoque m\u00e1s <strong data-start=\"2460\" data-end=\"2486\">estructurado y t\u00e9cnico<\/strong>, promoviendo el uso de herramientas formales como matrices de impacto, m\u00e9todos FMEA o an\u00e1lisis probabil\u00edsticos para determinar acciones preventivas. Esto busca fortalecer la <strong data-start=\"2661\" data-end=\"2691\">resiliencia organizacional<\/strong>.<\/p>\n<h3 data-start=\"2694\" data-end=\"2738\">Alineaci\u00f3n con la transformaci\u00f3n digital<\/h3>\n<p data-start=\"2740\" data-end=\"3105\">La digitalizaci\u00f3n ya no es opcional. La nueva ISO 9001 enfatizar\u00eda el uso de <strong data-start=\"2817\" data-end=\"2929\">sistemas digitales para evidencias objetivas, control de documentos, monitoreo en tiempo real y trazabilidad<\/strong>. El lenguaje de la norma tambi\u00e9n se adaptar\u00eda para reconocer la existencia de datos digitales como evidencia v\u00e1lida y procesos automatizados como parte del sistema de calidad.<\/p>\n<h3 data-start=\"3107\" data-end=\"3148\">M\u00e1s claridad sobre partes interesadas<\/h3>\n<p data-start=\"3150\" data-end=\"3466\">Uno de los puntos m\u00e1s debatidos desde 2015 ha sido la interpretaci\u00f3n del concepto de <strong data-start=\"3235\" data-end=\"3257\">partes interesadas<\/strong>. Se espera que ISO 9001:2025 precise mejor c\u00f3mo identificar, priorizar y mantener evidencia del cumplimiento de requisitos relevantes para estas partes. Esto facilitar\u00e1 las auditor\u00edas y reducir\u00e1 ambig\u00fcedades.<\/p>\n<h3 data-start=\"3468\" data-end=\"3508\">Aumento en la exigencia de liderazgo<\/h3>\n<p data-start=\"3510\" data-end=\"3812\">El liderazgo y la alta direcci\u00f3n siempre han sido el eje central. No obstante, en la nueva versi\u00f3n se buscar\u00e1 mayor <strong data-start=\"3626\" data-end=\"3675\">rendici\u00f3n de cuentas y compromiso estrat\u00e9gico<\/strong>, especialmente en temas de innovaci\u00f3n, \u00e9tica y sostenibilidad. No bastar\u00e1 con delegar, el liderazgo deber\u00e1 ser <strong data-start=\"3787\" data-end=\"3811\">proactivo y evaluado<\/strong>.<\/p>\n<h2 data-start=\"3814\" data-end=\"3851\">\u00bfDebo recertificarme de inmediato?<\/h2>\n<p data-start=\"3853\" data-end=\"4136\">No. Cuando se publica una nueva versi\u00f3n de una norma ISO, hay un per\u00edodo de transici\u00f3n \u2014generalmente de tres a\u00f1os\u2014 para que las organizaciones migren sus sistemas. Esto significa que si ISO 9001:2025 se publica en el segundo semestre del a\u00f1o, tendr\u00e1s hasta 2028 para hacer el cambio.<\/p>\n<p data-start=\"4138\" data-end=\"4396\">Sin embargo, esperar al \u00faltimo momento representa un riesgo. La recomendaci\u00f3n es <strong data-start=\"4219\" data-end=\"4292\">iniciar un gap an\u00e1lisis tan pronto se publiquen los cambios oficiales<\/strong>, para planificar ajustes graduales que no afecten la operaci\u00f3n diaria ni generen sobrecarga documental.<\/p>\n<h2 data-start=\"4398\" data-end=\"4439\">\u00bfQu\u00e9 acciones puedo tomar desde ahora?<\/h2>\n<p data-start=\"4441\" data-end=\"4557\">Anticiparse siempre ser\u00e1 mejor que reaccionar. Estas son algunas acciones pr\u00e1cticas que puedes implementar desde ya:<\/p>\n<h3 data-start=\"4559\" data-end=\"4591\">Revisa tu gesti\u00f3n de riesgos<\/h3>\n<p data-start=\"4593\" data-end=\"4806\">Eval\u00faa si est\u00e1s documentando riesgos estrat\u00e9gicos y operativos con suficiente profundidad. \u00bfUsas matrices, indicadores, causas-ra\u00edz? \u00bfTienes planes de acci\u00f3n vinculados a riesgos de entorno global o solo internos?<\/p>\n<h3 data-start=\"4808\" data-end=\"4845\">Fortalece tu trazabilidad digital<\/h3>\n<p data-start=\"4847\" data-end=\"5028\">Comienza a usar plataformas que permitan integrar tu sistema de calidad con evidencias digitales: software de control documental, apps de inspecci\u00f3n, dashboards en tiempo real, etc.<\/p>\n<h3 data-start=\"5030\" data-end=\"5077\">Actualiza el an\u00e1lisis de partes interesadas<\/h3>\n<p data-start=\"5079\" data-end=\"5256\">Haz un mapeo actualizado considerando proveedores internacionales, cambios regulatorios o nuevos grupos sociales relevantes. Aseg\u00farate de tener sus requisitos bien documentados.<\/p>\n<h3 data-start=\"5258\" data-end=\"5294\">Refuerza el liderazgo en calidad<\/h3>\n<p data-start=\"5296\" data-end=\"5484\">Eval\u00faa si la alta direcci\u00f3n realmente lidera o solo aprueba. Planea sesiones de formaci\u00f3n, reuniones de direcci\u00f3n m\u00e1s t\u00e9cnicas y seguimiento a objetivos de calidad con enfoque estrat\u00e9gico.<\/p>\n<h3 data-start=\"5486\" data-end=\"5527\">Integra temas ESG en tu planificaci\u00f3n<\/h3>\n<p data-start=\"5529\" data-end=\"5713\">Empieza a considerar c\u00f3mo tus procesos impactan en el entorno. \u00bfPuedes evidenciar medidas de eficiencia energ\u00e9tica? \u00bfTienes controles contra trabajo no \u00e9tico o pr\u00e1cticas de corrupci\u00f3n?<\/p>\n<h2 data-start=\"5715\" data-end=\"5744\">\u00bfQu\u00e9 pasa si no hago nada?<\/h2>\n<p data-start=\"5746\" data-end=\"6096\">Posponer la adaptaci\u00f3n a ISO 9001:2025 podr\u00eda implicar que tu sistema quede desactualizado, pierdas competitividad o enfrentes hallazgos graves en auditor\u00edas externas. Pero m\u00e1s all\u00e1 del cumplimiento formal, el verdadero riesgo es <strong data-start=\"5976\" data-end=\"6024\">no estar preparado para un entorno cambiante<\/strong> donde los clientes esperan calidad, \u00e9tica, tecnolog\u00eda y sostenibilidad.<\/p>\n<h2 data-start=\"6098\" data-end=\"6139\">Conclusi\u00f3n: anticiparse es una ventaja<\/h2>\n<p data-start=\"6141\" data-end=\"6562\">ISO 9001:2025 no representa un cambio de paradigma, pero s\u00ed una evoluci\u00f3n hacia <strong data-start=\"6221\" data-end=\"6280\">sistemas m\u00e1s robustos, conectados, \u00e9ticos y resilientes<\/strong>. Las empresas que comiencen a prepararse desde ahora no solo cumplir\u00e1n con la norma, sino que ganar\u00e1n ventaja competitiva. El sistema de gesti\u00f3n de calidad no debe verse como una carga, sino como una <strong data-start=\"6481\" data-end=\"6508\">herramienta estrat\u00e9gica<\/strong> para enfrentar las demandas del presente y el futuro.<\/p>\n<div class=\"pvc_clear\"><\/div>\n<p id=\"pvc_stats_2498\" class=\"pvc_stats all  \" data-element-id=\"2498\" style=\"\"><i class=\"pvc-stats-icon medium\" aria-hidden=\"true\"><svg aria-hidden=\"true\" focusable=\"false\" data-prefix=\"far\" data-icon=\"chart-bar\" role=\"img\" xmlns=\"http:\/\/www.w3.org\/2000\/svg\" viewBox=\"0 0 512 512\" class=\"svg-inline--fa fa-chart-bar fa-w-16 fa-2x\"><path fill=\"currentColor\" d=\"M396.8 352h22.4c6.4 0 12.8-6.4 12.8-12.8V108.8c0-6.4-6.4-12.8-12.8-12.8h-22.4c-6.4 0-12.8 6.4-12.8 12.8v230.4c0 6.4 6.4 12.8 12.8 12.8zm-192 0h22.4c6.4 0 12.8-6.4 12.8-12.8V140.8c0-6.4-6.4-12.8-12.8-12.8h-22.4c-6.4 0-12.8 6.4-12.8 12.8v198.4c0 6.4 6.4 12.8 12.8 12.8zm96 0h22.4c6.4 0 12.8-6.4 12.8-12.8V204.8c0-6.4-6.4-12.8-12.8-12.8h-22.4c-6.4 0-12.8 6.4-12.8 12.8v134.4c0 6.4 6.4 12.8 12.8 12.8zM496 400H48V80c0-8.84-7.16-16-16-16H16C7.16 64 0 71.16 0 80v336c0 17.67 14.33 32 32 32h464c8.84 0 16-7.16 16-16v-16c0-8.84-7.16-16-16-16zm-387.2-48h22.4c6.4 0 12.8-6.4 12.8-12.8v-70.4c0-6.4-6.4-12.8-12.8-12.8h-22.4c-6.4 0-12.8 6.4-12.8 12.8v70.4c0 6.4 6.4 12.8 12.8 12.8z\" class=\"\"><\/path><\/svg><\/i> <img loading=\"lazy\" decoding=\"async\" width=\"16\" height=\"16\" alt=\"Loading\" src=\"https:\/\/www.cubodeideas.com\/blog\/wp-content\/plugins\/page-views-count\/ajax-loader-2x.gif\" border=0 \/><\/p>\n<div class=\"pvc_clear\"><\/div>\n","protected":false},"excerpt":{"rendered":"<p>La revisi\u00f3n de ISO 9001:2015, una de las normas m\u00e1s adoptadas a nivel global, est\u00e1 en marcha y su nueva versi\u00f3n podr\u00eda liberarse este mismo 2025. Este ajuste, aunque no es una reestructuraci\u00f3n completa, s\u00ed implica cambios sustanciales que las empresas deben considerar desde ahora para evitar ajustes de \u00faltima hora. Comprender hacia d\u00f3nde se [&hellip;]<\/p>\n<div class=\"pvc_clear\"><\/div>\n<p id=\"pvc_stats_2498\" class=\"pvc_stats all  \" data-element-id=\"2498\" style=\"\"><i class=\"pvc-stats-icon medium\" aria-hidden=\"true\"><svg aria-hidden=\"true\" focusable=\"false\" data-prefix=\"far\" data-icon=\"chart-bar\" role=\"img\" xmlns=\"http:\/\/www.w3.org\/2000\/svg\" viewBox=\"0 0 512 512\" class=\"svg-inline--fa fa-chart-bar fa-w-16 fa-2x\"><path fill=\"currentColor\" d=\"M396.8 352h22.4c6.4 0 12.8-6.4 12.8-12.8V108.8c0-6.4-6.4-12.8-12.8-12.8h-22.4c-6.4 0-12.8 6.4-12.8 12.8v230.4c0 6.4 6.4 12.8 12.8 12.8zm-192 0h22.4c6.4 0 12.8-6.4 12.8-12.8V140.8c0-6.4-6.4-12.8-12.8-12.8h-22.4c-6.4 0-12.8 6.4-12.8 12.8v198.4c0 6.4 6.4 12.8 12.8 12.8zm96 0h22.4c6.4 0 12.8-6.4 12.8-12.8V204.8c0-6.4-6.4-12.8-12.8-12.8h-22.4c-6.4 0-12.8 6.4-12.8 12.8v134.4c0 6.4 6.4 12.8 12.8 12.8zM496 400H48V80c0-8.84-7.16-16-16-16H16C7.16 64 0 71.16 0 80v336c0 17.67 14.33 32 32 32h464c8.84 0 16-7.16 16-16v-16c0-8.84-7.16-16-16-16zm-387.2-48h22.4c6.4 0 12.8-6.4 12.8-12.8v-70.4c0-6.4-6.4-12.8-12.8-12.8h-22.4c-6.4 0-12.8 6.4-12.8 12.8v70.4c0 6.4 6.4 12.8 12.8 12.8z\" class=\"\"><\/path><\/svg><\/i> <img loading=\"lazy\" decoding=\"async\" width=\"16\" height=\"16\" alt=\"Loading\" src=\"https:\/\/www.cubodeideas.com\/blog\/wp-content\/plugins\/page-views-count\/ajax-loader-2x.gif\" border=0 \/><\/p>\n<div class=\"pvc_clear\"><\/div>\n","protected":false},"author":1,"featured_media":2499,"comment_status":"open","ping_status":"closed","sticky":false,"template":"","format":"standard","meta":{"footnotes":"","jetpack_publicize_message":"","jetpack_publicize_feature_enabled":true,"jetpack_social_post_already_shared":false,"jetpack_social_options":{"image_generator_settings":{"template":"highway","default_image_id":0,"font":"","enabled":false},"version":2}},"categories":[14],"tags":[56,1194],"class_list":["post-2498","post","type-post","status-publish","format-standard","has-post-thumbnail","hentry","category-calidad-total","tag-gestion-de-calidad","tag-iso-90012025"],"blocksy_meta":[],"yoast_head":"<!-- This site is optimized with the Yoast SEO plugin v27.0 - https:\/\/yoast.com\/product\/yoast-seo-wordpress\/ -->\n<title>ISO 9001:2025 cambios clave y c\u00f3mo preparar tu sistema -<\/title>\n<meta name=\"description\" content=\"Descubre los cambios de ISO 9001:2025 y c\u00f3mo preparar tu sistema de calidad sin quedarte atr\u00e1s. Antic\u00edpate con ajustes estrat\u00e9gicos.\" \/>\n<meta name=\"robots\" content=\"index, follow, max-snippet:-1, max-image-preview:large, max-video-preview:-1\" \/>\n<link rel=\"canonical\" href=\"https:\/\/www.cubodeideas.com\/blog\/calidad-total\/iso-90012025-cambios-clave-y-como-preparar-tu-sistema\/\" \/>\n<meta property=\"og:locale\" content=\"es_ES\" \/>\n<meta property=\"og:type\" content=\"article\" \/>\n<meta property=\"og:title\" content=\"ISO 9001:2025 cambios clave y c\u00f3mo preparar tu sistema -\" \/>\n<meta property=\"og:description\" content=\"Descubre los cambios de ISO 9001:2025 y c\u00f3mo preparar tu sistema de calidad sin quedarte atr\u00e1s. Antic\u00edpate con ajustes estrat\u00e9gicos.\" \/>\n<meta property=\"og:url\" content=\"https:\/\/www.cubodeideas.com\/blog\/calidad-total\/iso-90012025-cambios-clave-y-como-preparar-tu-sistema\/\" \/>\n<meta property=\"article:publisher\" content=\"https:\/\/www.facebook.com\/somoscubodeideas\" \/>\n<meta property=\"article:published_time\" content=\"2025-07-07T15:16:26+00:00\" \/>\n<meta property=\"og:image\" content=\"https:\/\/www.cubodeideas.com\/blog\/wp-content\/uploads\/2025\/07\/portada-malamen152.png\" \/>\n\t<meta property=\"og:image:width\" content=\"1640\" \/>\n\t<meta property=\"og:image:height\" content=\"924\" \/>\n\t<meta property=\"og:image:type\" content=\"image\/png\" \/>\n<meta name=\"author\" content=\"Noel Castro\" \/>\n<meta name=\"twitter:card\" content=\"summary_large_image\" \/>\n<meta name=\"twitter:creator\" content=\"@cubo_ideas\" \/>\n<meta name=\"twitter:site\" content=\"@cubo_ideas\" \/>\n<meta name=\"twitter:label1\" content=\"Escrito por\" \/>\n\t<meta name=\"twitter:data1\" content=\"Noel Castro\" \/>\n\t<meta name=\"twitter:label2\" content=\"Tiempo de lectura\" \/>\n\t<meta name=\"twitter:data2\" content=\"5 minutos\" \/>\n<script type=\"application\/ld+json\" class=\"yoast-schema-graph\">{\"@context\":\"https:\/\/schema.org\",\"@graph\":[{\"@type\":\"Article\",\"@id\":\"https:\/\/www.cubodeideas.com\/blog\/calidad-total\/iso-90012025-cambios-clave-y-como-preparar-tu-sistema\/#article\",\"isPartOf\":{\"@id\":\"https:\/\/www.cubodeideas.com\/blog\/calidad-total\/iso-90012025-cambios-clave-y-como-preparar-tu-sistema\/\"},\"author\":{\"name\":\"Noel Castro\",\"@id\":\"https:\/\/www.cubodeideas.com\/blog\/#\/schema\/person\/5614e43eb76109017cff51a2c7928211\"},\"headline\":\"ISO 9001:2025 cambios clave y c\u00f3mo preparar tu sistema\",\"datePublished\":\"2025-07-07T15:16:26+00:00\",\"mainEntityOfPage\":{\"@id\":\"https:\/\/www.cubodeideas.com\/blog\/calidad-total\/iso-90012025-cambios-clave-y-como-preparar-tu-sistema\/\"},\"wordCount\":1022,\"commentCount\":0,\"publisher\":{\"@id\":\"https:\/\/www.cubodeideas.com\/blog\/#organization\"},\"image\":{\"@id\":\"https:\/\/www.cubodeideas.com\/blog\/calidad-total\/iso-90012025-cambios-clave-y-como-preparar-tu-sistema\/#primaryimage\"},\"thumbnailUrl\":\"https:\/\/www.cubodeideas.com\/blog\/wp-content\/uploads\/2025\/07\/portada-malamen152.png\",\"keywords\":[\"Gesti\u00f3n de Calidad\",\"ISO 9001:2025\"],\"articleSection\":[\"Calidad Total\"],\"inLanguage\":\"es\",\"potentialAction\":[{\"@type\":\"CommentAction\",\"name\":\"Comment\",\"target\":[\"https:\/\/www.cubodeideas.com\/blog\/calidad-total\/iso-90012025-cambios-clave-y-como-preparar-tu-sistema\/#respond\"]}]},{\"@type\":\"WebPage\",\"@id\":\"https:\/\/www.cubodeideas.com\/blog\/calidad-total\/iso-90012025-cambios-clave-y-como-preparar-tu-sistema\/\",\"url\":\"https:\/\/www.cubodeideas.com\/blog\/calidad-total\/iso-90012025-cambios-clave-y-como-preparar-tu-sistema\/\",\"name\":\"ISO 9001:2025 cambios clave y c\u00f3mo preparar tu sistema -\",\"isPartOf\":{\"@id\":\"https:\/\/www.cubodeideas.com\/blog\/#website\"},\"primaryImageOfPage\":{\"@id\":\"https:\/\/www.cubodeideas.com\/blog\/calidad-total\/iso-90012025-cambios-clave-y-como-preparar-tu-sistema\/#primaryimage\"},\"image\":{\"@id\":\"https:\/\/www.cubodeideas.com\/blog\/calidad-total\/iso-90012025-cambios-clave-y-como-preparar-tu-sistema\/#primaryimage\"},\"thumbnailUrl\":\"https:\/\/www.cubodeideas.com\/blog\/wp-content\/uploads\/2025\/07\/portada-malamen152.png\",\"datePublished\":\"2025-07-07T15:16:26+00:00\",\"description\":\"Descubre los cambios de ISO 9001:2025 y c\u00f3mo preparar tu sistema de calidad sin quedarte atr\u00e1s. Antic\u00edpate con ajustes estrat\u00e9gicos.\",\"breadcrumb\":{\"@id\":\"https:\/\/www.cubodeideas.com\/blog\/calidad-total\/iso-90012025-cambios-clave-y-como-preparar-tu-sistema\/#breadcrumb\"},\"inLanguage\":\"es\",\"potentialAction\":[{\"@type\":\"ReadAction\",\"target\":[\"https:\/\/www.cubodeideas.com\/blog\/calidad-total\/iso-90012025-cambios-clave-y-como-preparar-tu-sistema\/\"]}]},{\"@type\":\"ImageObject\",\"inLanguage\":\"es\",\"@id\":\"https:\/\/www.cubodeideas.com\/blog\/calidad-total\/iso-90012025-cambios-clave-y-como-preparar-tu-sistema\/#primaryimage\",\"url\":\"https:\/\/www.cubodeideas.com\/blog\/wp-content\/uploads\/2025\/07\/portada-malamen152.png\",\"contentUrl\":\"https:\/\/www.cubodeideas.com\/blog\/wp-content\/uploads\/2025\/07\/portada-malamen152.png\",\"width\":1640,\"height\":924,\"caption\":\"no-conformidades-iso-9001-en-pymes\"},{\"@type\":\"BreadcrumbList\",\"@id\":\"https:\/\/www.cubodeideas.com\/blog\/calidad-total\/iso-90012025-cambios-clave-y-como-preparar-tu-sistema\/#breadcrumb\",\"itemListElement\":[{\"@type\":\"ListItem\",\"position\":1,\"name\":\"Portada\",\"item\":\"https:\/\/www.cubodeideas.com\/blog\/\"},{\"@type\":\"ListItem\",\"position\":2,\"name\":\"ISO 9001:2025 cambios clave y c\u00f3mo preparar tu sistema\"}]},{\"@type\":\"WebSite\",\"@id\":\"https:\/\/www.cubodeideas.com\/blog\/#website\",\"url\":\"https:\/\/www.cubodeideas.com\/blog\/\",\"name\":\"Cubo de Ideas\",\"description\":\"Cubo de Ideas, El Blog\",\"publisher\":{\"@id\":\"https:\/\/www.cubodeideas.com\/blog\/#organization\"},\"potentialAction\":[{\"@type\":\"SearchAction\",\"target\":{\"@type\":\"EntryPoint\",\"urlTemplate\":\"https:\/\/www.cubodeideas.com\/blog\/?s={search_term_string}\"},\"query-input\":{\"@type\":\"PropertyValueSpecification\",\"valueRequired\":true,\"valueName\":\"search_term_string\"}}],\"inLanguage\":\"es\"},{\"@type\":\"Organization\",\"@id\":\"https:\/\/www.cubodeideas.com\/blog\/#organization\",\"name\":\"Cubo de Ideas\",\"url\":\"https:\/\/www.cubodeideas.com\/blog\/\",\"logo\":{\"@type\":\"ImageObject\",\"inLanguage\":\"es\",\"@id\":\"https:\/\/www.cubodeideas.com\/blog\/#\/schema\/logo\/image\/\",\"url\":\"https:\/\/www.cubodeideas.com\/blog\/wp-content\/uploads\/2021\/10\/android-icon-72x72-1.png\",\"contentUrl\":\"https:\/\/www.cubodeideas.com\/blog\/wp-content\/uploads\/2021\/10\/android-icon-72x72-1.png\",\"width\":72,\"height\":72,\"caption\":\"Cubo de Ideas\"},\"image\":{\"@id\":\"https:\/\/www.cubodeideas.com\/blog\/#\/schema\/logo\/image\/\"},\"sameAs\":[\"https:\/\/www.facebook.com\/somoscubodeideas\",\"https:\/\/x.com\/cubo_ideas\",\"https:\/\/www.instagram.com\/cubodeideas\"]},{\"@type\":\"Person\",\"@id\":\"https:\/\/www.cubodeideas.com\/blog\/#\/schema\/person\/5614e43eb76109017cff51a2c7928211\",\"name\":\"Noel Castro\",\"description\":\"LEM Noel Castro Monta\u00f1o es CEO de Cubo de Ideas, Director de Operaciones para Citosa Textiles. Asesor de nuevos mercados y estrategias digitales para el segmento Retail. Especialista en marketing para autoservicios y puntos de venta. Especialista en sistemas de gesti\u00f3n de la calidad con enfoque a la ISO 9001:2015\",\"sameAs\":[\"https:\/\/www.cubodeideas.com\/blog\"],\"url\":\"https:\/\/www.cubodeideas.com\/blog\/author\/admin\/\"}]}<\/script>\n<!-- \/ Yoast SEO plugin. -->","yoast_head_json":{"title":"ISO 9001:2025 cambios clave y c\u00f3mo preparar tu sistema -","description":"Descubre los cambios de ISO 9001:2025 y c\u00f3mo preparar tu sistema de calidad sin quedarte atr\u00e1s. Antic\u00edpate con ajustes estrat\u00e9gicos.","robots":{"index":"index","follow":"follow","max-snippet":"max-snippet:-1","max-image-preview":"max-image-preview:large","max-video-preview":"max-video-preview:-1"},"canonical":"https:\/\/www.cubodeideas.com\/blog\/calidad-total\/iso-90012025-cambios-clave-y-como-preparar-tu-sistema\/","og_locale":"es_ES","og_type":"article","og_title":"ISO 9001:2025 cambios clave y c\u00f3mo preparar tu sistema -","og_description":"Descubre los cambios de ISO 9001:2025 y c\u00f3mo preparar tu sistema de calidad sin quedarte atr\u00e1s. Antic\u00edpate con ajustes estrat\u00e9gicos.","og_url":"https:\/\/www.cubodeideas.com\/blog\/calidad-total\/iso-90012025-cambios-clave-y-como-preparar-tu-sistema\/","article_publisher":"https:\/\/www.facebook.com\/somoscubodeideas","article_published_time":"2025-07-07T15:16:26+00:00","og_image":[{"width":1640,"height":924,"url":"https:\/\/www.cubodeideas.com\/blog\/wp-content\/uploads\/2025\/07\/portada-malamen152.png","type":"image\/png"}],"author":"Noel Castro","twitter_card":"summary_large_image","twitter_creator":"@cubo_ideas","twitter_site":"@cubo_ideas","twitter_misc":{"Escrito por":"Noel Castro","Tiempo de lectura":"5 minutos"},"schema":{"@context":"https:\/\/schema.org","@graph":[{"@type":"Article","@id":"https:\/\/www.cubodeideas.com\/blog\/calidad-total\/iso-90012025-cambios-clave-y-como-preparar-tu-sistema\/#article","isPartOf":{"@id":"https:\/\/www.cubodeideas.com\/blog\/calidad-total\/iso-90012025-cambios-clave-y-como-preparar-tu-sistema\/"},"author":{"name":"Noel Castro","@id":"https:\/\/www.cubodeideas.com\/blog\/#\/schema\/person\/5614e43eb76109017cff51a2c7928211"},"headline":"ISO 9001:2025 cambios clave y c\u00f3mo preparar tu sistema","datePublished":"2025-07-07T15:16:26+00:00","mainEntityOfPage":{"@id":"https:\/\/www.cubodeideas.com\/blog\/calidad-total\/iso-90012025-cambios-clave-y-como-preparar-tu-sistema\/"},"wordCount":1022,"commentCount":0,"publisher":{"@id":"https:\/\/www.cubodeideas.com\/blog\/#organization"},"image":{"@id":"https:\/\/www.cubodeideas.com\/blog\/calidad-total\/iso-90012025-cambios-clave-y-como-preparar-tu-sistema\/#primaryimage"},"thumbnailUrl":"https:\/\/www.cubodeideas.com\/blog\/wp-content\/uploads\/2025\/07\/portada-malamen152.png","keywords":["Gesti\u00f3n de Calidad","ISO 9001:2025"],"articleSection":["Calidad Total"],"inLanguage":"es","potentialAction":[{"@type":"CommentAction","name":"Comment","target":["https:\/\/www.cubodeideas.com\/blog\/calidad-total\/iso-90012025-cambios-clave-y-como-preparar-tu-sistema\/#respond"]}]},{"@type":"WebPage","@id":"https:\/\/www.cubodeideas.com\/blog\/calidad-total\/iso-90012025-cambios-clave-y-como-preparar-tu-sistema\/","url":"https:\/\/www.cubodeideas.com\/blog\/calidad-total\/iso-90012025-cambios-clave-y-como-preparar-tu-sistema\/","name":"ISO 9001:2025 cambios clave y c\u00f3mo preparar tu sistema -","isPartOf":{"@id":"https:\/\/www.cubodeideas.com\/blog\/#website"},"primaryImageOfPage":{"@id":"https:\/\/www.cubodeideas.com\/blog\/calidad-total\/iso-90012025-cambios-clave-y-como-preparar-tu-sistema\/#primaryimage"},"image":{"@id":"https:\/\/www.cubodeideas.com\/blog\/calidad-total\/iso-90012025-cambios-clave-y-como-preparar-tu-sistema\/#primaryimage"},"thumbnailUrl":"https:\/\/www.cubodeideas.com\/blog\/wp-content\/uploads\/2025\/07\/portada-malamen152.png","datePublished":"2025-07-07T15:16:26+00:00","description":"Descubre los cambios de ISO 9001:2025 y c\u00f3mo preparar tu sistema de calidad sin quedarte atr\u00e1s. Antic\u00edpate con ajustes estrat\u00e9gicos.","breadcrumb":{"@id":"https:\/\/www.cubodeideas.com\/blog\/calidad-total\/iso-90012025-cambios-clave-y-como-preparar-tu-sistema\/#breadcrumb"},"inLanguage":"es","potentialAction":[{"@type":"ReadAction","target":["https:\/\/www.cubodeideas.com\/blog\/calidad-total\/iso-90012025-cambios-clave-y-como-preparar-tu-sistema\/"]}]},{"@type":"ImageObject","inLanguage":"es","@id":"https:\/\/www.cubodeideas.com\/blog\/calidad-total\/iso-90012025-cambios-clave-y-como-preparar-tu-sistema\/#primaryimage","url":"https:\/\/www.cubodeideas.com\/blog\/wp-content\/uploads\/2025\/07\/portada-malamen152.png","contentUrl":"https:\/\/www.cubodeideas.com\/blog\/wp-content\/uploads\/2025\/07\/portada-malamen152.png","width":1640,"height":924,"caption":"no-conformidades-iso-9001-en-pymes"},{"@type":"BreadcrumbList","@id":"https:\/\/www.cubodeideas.com\/blog\/calidad-total\/iso-90012025-cambios-clave-y-como-preparar-tu-sistema\/#breadcrumb","itemListElement":[{"@type":"ListItem","position":1,"name":"Portada","item":"https:\/\/www.cubodeideas.com\/blog\/"},{"@type":"ListItem","position":2,"name":"ISO 9001:2025 cambios clave y c\u00f3mo preparar tu sistema"}]},{"@type":"WebSite","@id":"https:\/\/www.cubodeideas.com\/blog\/#website","url":"https:\/\/www.cubodeideas.com\/blog\/","name":"Cubo de Ideas","description":"Cubo de Ideas, El Blog","publisher":{"@id":"https:\/\/www.cubodeideas.com\/blog\/#organization"},"potentialAction":[{"@type":"SearchAction","target":{"@type":"EntryPoint","urlTemplate":"https:\/\/www.cubodeideas.com\/blog\/?s={search_term_string}"},"query-input":{"@type":"PropertyValueSpecification","valueRequired":true,"valueName":"search_term_string"}}],"inLanguage":"es"},{"@type":"Organization","@id":"https:\/\/www.cubodeideas.com\/blog\/#organization","name":"Cubo de Ideas","url":"https:\/\/www.cubodeideas.com\/blog\/","logo":{"@type":"ImageObject","inLanguage":"es","@id":"https:\/\/www.cubodeideas.com\/blog\/#\/schema\/logo\/image\/","url":"https:\/\/www.cubodeideas.com\/blog\/wp-content\/uploads\/2021\/10\/android-icon-72x72-1.png","contentUrl":"https:\/\/www.cubodeideas.com\/blog\/wp-content\/uploads\/2021\/10\/android-icon-72x72-1.png","width":72,"height":72,"caption":"Cubo de Ideas"},"image":{"@id":"https:\/\/www.cubodeideas.com\/blog\/#\/schema\/logo\/image\/"},"sameAs":["https:\/\/www.facebook.com\/somoscubodeideas","https:\/\/x.com\/cubo_ideas","https:\/\/www.instagram.com\/cubodeideas"]},{"@type":"Person","@id":"https:\/\/www.cubodeideas.com\/blog\/#\/schema\/person\/5614e43eb76109017cff51a2c7928211","name":"Noel Castro","description":"LEM Noel Castro Monta\u00f1o es CEO de Cubo de Ideas, Director de Operaciones para Citosa Textiles. Asesor de nuevos mercados y estrategias digitales para el segmento Retail. Especialista en marketing para autoservicios y puntos de venta. Especialista en sistemas de gesti\u00f3n de la calidad con enfoque a la ISO 9001:2015","sameAs":["https:\/\/www.cubodeideas.com\/blog"],"url":"https:\/\/www.cubodeideas.com\/blog\/author\/admin\/"}]}},"jetpack_publicize_connections":[],"_links":{"self":[{"href":"https:\/\/www.cubodeideas.com\/blog\/wp-json\/wp\/v2\/posts\/2498","targetHints":{"allow":["GET"]}}],"collection":[{"href":"https:\/\/www.cubodeideas.com\/blog\/wp-json\/wp\/v2\/posts"}],"about":[{"href":"https:\/\/www.cubodeideas.com\/blog\/wp-json\/wp\/v2\/types\/post"}],"author":[{"embeddable":true,"href":"https:\/\/www.cubodeideas.com\/blog\/wp-json\/wp\/v2\/users\/1"}],"replies":[{"embeddable":true,"href":"https:\/\/www.cubodeideas.com\/blog\/wp-json\/wp\/v2\/comments?post=2498"}],"version-history":[{"count":1,"href":"https:\/\/www.cubodeideas.com\/blog\/wp-json\/wp\/v2\/posts\/2498\/revisions"}],"predecessor-version":[{"id":2500,"href":"https:\/\/www.cubodeideas.com\/blog\/wp-json\/wp\/v2\/posts\/2498\/revisions\/2500"}],"wp:featuredmedia":[{"embeddable":true,"href":"https:\/\/www.cubodeideas.com\/blog\/wp-json\/wp\/v2\/media\/2499"}],"wp:attachment":[{"href":"https:\/\/www.cubodeideas.com\/blog\/wp-json\/wp\/v2\/media?parent=2498"}],"wp:term":[{"taxonomy":"category","embeddable":true,"href":"https:\/\/www.cubodeideas.com\/blog\/wp-json\/wp\/v2\/categories?post=2498"},{"taxonomy":"post_tag","embeddable":true,"href":"https:\/\/www.cubodeideas.com\/blog\/wp-json\/wp\/v2\/tags?post=2498"}],"curies":[{"name":"wp","href":"https:\/\/api.w.org\/{rel}","templated":true}]}}