{"id":2495,"date":"2025-07-07T15:06:41","date_gmt":"2025-07-07T15:06:41","guid":{"rendered":"https:\/\/www.cubodeideas.com\/blog\/?p=2495"},"modified":"2025-07-07T15:06:41","modified_gmt":"2025-07-07T15:06:41","slug":"esta-tu-sistema-listo-para-iso-90012025","status":"publish","type":"post","link":"https:\/\/www.cubodeideas.com\/blog\/calidad-total\/esta-tu-sistema-listo-para-iso-90012025\/","title":{"rendered":"\u00bfEst\u00e1 tu sistema listo para ISO 9001:2025?"},"content":{"rendered":"<p data-start=\"83\" data-end=\"592\">La revisi\u00f3n de la norma ISO 9001:2015 est\u00e1 en marcha, y todo indica que para 2025 veremos una nueva versi\u00f3n oficial que actualiza y refuerza los pilares de la gesti\u00f3n de calidad. Aunque a\u00fan no se ha publicado el texto definitivo, los borradores, las recomendaciones del grupo de trabajo ISO\/TC 176 y los an\u00e1lisis de tendencias globales nos permiten anticipar varios cambios importantes. Si tu PYME depende de un sistema de gesti\u00f3n certificado, es momento de evaluar si est\u00e1 realmente preparada para adaptarse.<\/p>\n<p data-start=\"594\" data-end=\"772\">Comprender los puntos clave que podr\u00edan cambiar \u2014y empezar a tomar acci\u00f3n\u2014 no solo reduce riesgos de incumplimiento, tambi\u00e9n te coloca un paso adelante frente a tus competidores.<\/p>\n<h2 data-start=\"774\" data-end=\"844\"><strong data-start=\"774\" data-end=\"844\">Por qu\u00e9 se revisa ISO 9001 y cu\u00e1l es el enfoque de la versi\u00f3n 2025<\/strong><\/h2>\n<p data-start=\"846\" data-end=\"1163\">Las normas ISO se revisan cada cinco a\u00f1os, y la \u00faltima gran revisi\u00f3n fue en 2015. A casi una d\u00e9cada de distancia, el contexto global ha cambiado de forma significativa: pandemias, crisis log\u00edsticas, digitalizaci\u00f3n acelerada y nuevos marcos de sostenibilidad est\u00e1n presionando a los sistemas de gesti\u00f3n para adaptarse.<\/p>\n<p data-start=\"1165\" data-end=\"1465\">El enfoque principal de la <strong data-start=\"1192\" data-end=\"1209\">ISO 9001:2025<\/strong> ser\u00e1 fortalecer la capacidad de adaptaci\u00f3n de las organizaciones frente a un entorno global inestable, integrando conceptos como resiliencia operativa, gesti\u00f3n de riesgos m\u00e1s robusta, y coherencia con otras normas como la <strong data-start=\"1432\" data-end=\"1445\">ISO 14001<\/strong> o la <strong data-start=\"1451\" data-end=\"1464\">ISO 27001<\/strong>.<\/p>\n<h3 data-start=\"1467\" data-end=\"1525\"><strong data-start=\"1467\" data-end=\"1525\">Cambios previstos en la estructura de alto nivel (HLS)<\/strong><\/h3>\n<p data-start=\"1527\" data-end=\"1862\">Uno de los primeros ajustes t\u00e9cnicos que se anticipa tiene que ver con la estructura de alto nivel o HLS (High-Level Structure), base que comparten muchas normas ISO. Esta estructura se est\u00e1 actualizando para incorporar nuevos conceptos de planificaci\u00f3n y mejora. Es probable que las nuevas cl\u00e1usulas incluyan referencias expl\u00edcitas a:<\/p>\n<ul data-start=\"1864\" data-end=\"2076\">\n<li data-start=\"1864\" data-end=\"1920\">\n<p data-start=\"1866\" data-end=\"1920\"><strong data-start=\"1866\" data-end=\"1899\">Gesti\u00f3n de riesgos integrados<\/strong>, no solo operativos.<\/p>\n<\/li>\n<li data-start=\"1921\" data-end=\"2010\">\n<p data-start=\"1923\" data-end=\"2010\"><strong data-start=\"1923\" data-end=\"1955\">Partes interesadas digitales<\/strong>, como plataformas tecnol\u00f3gicas o proveedores de datos.<\/p>\n<\/li>\n<li data-start=\"2011\" data-end=\"2076\">\n<p data-start=\"2013\" data-end=\"2076\"><strong data-start=\"2013\" data-end=\"2044\">Sostenibilidad y gobernanza<\/strong> como marcos de responsabilidad.<\/p>\n<\/li>\n<\/ul>\n<p data-start=\"2078\" data-end=\"2225\">Estos cambios exigen una revisi\u00f3n a fondo del alcance del sistema, as\u00ed como de la forma en que se documentan y gestionan las expectativas externas.<\/p>\n<h3 data-start=\"2227\" data-end=\"2281\"><strong data-start=\"2227\" data-end=\"2281\">Enfoque ampliado en el contexto de la organizaci\u00f3n<\/strong><\/h3>\n<p data-start=\"2283\" data-end=\"2523\">El <strong data-start=\"2286\" data-end=\"2333\">punto 4.1 sobre contexto de la organizaci\u00f3n<\/strong> probablemente gane m\u00e1s peso en la nueva versi\u00f3n. Las empresas deber\u00e1n demostrar que comprenden c\u00f3mo factores pol\u00edticos, econ\u00f3micos, tecnol\u00f3gicos y ambientales afectan su sistema de calidad.<\/p>\n<p data-start=\"2525\" data-end=\"2762\">Esto implica realizar an\u00e1lisis PESTEL actualizados, integrarlos en las decisiones estrat\u00e9gicas, y mantener evidencia documentada de c\u00f3mo se est\u00e1n considerando esos factores al momento de definir procesos, recursos y objetivos de calidad.<\/p>\n<h3 data-start=\"2764\" data-end=\"2817\"><strong data-start=\"2764\" data-end=\"2817\">Evaluaci\u00f3n m\u00e1s precisa de riesgos y oportunidades<\/strong><\/h3>\n<p data-start=\"2819\" data-end=\"3154\">Aunque la gesti\u00f3n de riesgos ya est\u00e1 presente en la versi\u00f3n 2015, en la nueva norma se prev\u00e9 una orientaci\u00f3n m\u00e1s espec\u00edfica y t\u00e9cnica. La <strong data-start=\"2957\" data-end=\"2982\">evaluaci\u00f3n de riesgos<\/strong> dejar\u00e1 de ser general y deber\u00e1 vincularse directamente con la planificaci\u00f3n operativa, los recursos humanos, la seguridad de la informaci\u00f3n y la relaci\u00f3n con los clientes.<\/p>\n<p data-start=\"3156\" data-end=\"3220\">Algunos aspectos clave que podr\u00edas ir fortaleciendo desde ahora:<\/p>\n<ul data-start=\"3222\" data-end=\"3459\">\n<li data-start=\"3222\" data-end=\"3285\">\n<p data-start=\"3224\" data-end=\"3285\">Definir <strong data-start=\"3232\" data-end=\"3254\">matrices de riesgo<\/strong> con impacto medido en calidad.<\/p>\n<\/li>\n<li data-start=\"3286\" data-end=\"3382\">\n<p data-start=\"3288\" data-end=\"3382\">Documentar c\u00f3mo se abordan <strong data-start=\"3315\" data-end=\"3346\">oportunidades de innovaci\u00f3n<\/strong> que nacen del an\u00e1lisis de contexto.<\/p>\n<\/li>\n<li data-start=\"3383\" data-end=\"3459\">\n<p data-start=\"3385\" data-end=\"3459\">Alinear tu sistema con pr\u00e1cticas de <strong data-start=\"3421\" data-end=\"3458\">gesti\u00f3n de continuidad de negocio<\/strong>.<\/p>\n<\/li>\n<\/ul>\n<h3 data-start=\"3461\" data-end=\"3524\"><strong data-start=\"3461\" data-end=\"3524\">Mayor integraci\u00f3n con sostenibilidad y gobierno corporativo<\/strong><\/h3>\n<p data-start=\"3526\" data-end=\"3878\">Las normas ISO est\u00e1n movi\u00e9ndose hacia un enfoque m\u00e1s transversal y estrat\u00e9gico. ISO 9001:2025 incluir\u00e1 referencias cruzadas con aspectos de sostenibilidad, derechos humanos y \u00e9tica en los procesos. Esto no significa que se vuelva una norma ambiental o social, pero s\u00ed que se alinear\u00e1 mejor con los marcos <strong data-start=\"3831\" data-end=\"3877\">ESG (Environmental, Social and Governance)<\/strong>.<\/p>\n<p data-start=\"3880\" data-end=\"3921\">\u00bfQu\u00e9 implicaciones tiene para tu sistema?<\/p>\n<ul data-start=\"3923\" data-end=\"4181\">\n<li data-start=\"3923\" data-end=\"3994\">\n<p data-start=\"3925\" data-end=\"3994\">Definir indicadores clave que vinculen calidad con impacto ambiental.<\/p>\n<\/li>\n<li data-start=\"3995\" data-end=\"4079\">\n<p data-start=\"3997\" data-end=\"4079\">Establecer c\u00f3digos de \u00e9tica aplicables a calidad, compras y relaci\u00f3n con clientes.<\/p>\n<\/li>\n<li data-start=\"4080\" data-end=\"4181\">\n<p data-start=\"4082\" data-end=\"4181\">Evaluar proveedores no solo por precio y entrega, sino tambi\u00e9n por cumplimiento normativo y social.<\/p>\n<\/li>\n<\/ul>\n<h3 data-start=\"4183\" data-end=\"4240\"><strong data-start=\"4183\" data-end=\"4240\">Expectativas hacia los l\u00edderes del sistema de calidad<\/strong><\/h3>\n<p data-start=\"4242\" data-end=\"4523\">Uno de los cambios culturales m\u00e1s relevantes es que ya no basta con un responsable de calidad que mantenga certificados. La norma exigir\u00e1 que el <strong data-start=\"4387\" data-end=\"4432\">liderazgo est\u00e9 alineado con la estrategia<\/strong> y que exista compromiso real desde la alta direcci\u00f3n para mantener un sistema vivo y \u00fatil.<\/p>\n<p data-start=\"4525\" data-end=\"4555\">Los l\u00edderes deber\u00e1n demostrar:<\/p>\n<ul data-start=\"4557\" data-end=\"4762\">\n<li data-start=\"4557\" data-end=\"4617\">\n<p data-start=\"4559\" data-end=\"4617\">Capacidad de toma de decisiones basada en datos y riesgos.<\/p>\n<\/li>\n<li data-start=\"4618\" data-end=\"4686\">\n<p data-start=\"4620\" data-end=\"4686\">Competencias digitales para interpretar indicadores y plataformas.<\/p>\n<\/li>\n<li data-start=\"4687\" data-end=\"4762\">\n<p data-start=\"4689\" data-end=\"4762\">Involucramiento activo en auditor\u00edas, revisiones y an\u00e1lisis de desempe\u00f1o.<\/p>\n<\/li>\n<\/ul>\n<h2 data-start=\"4764\" data-end=\"4830\"><strong data-start=\"4764\" data-end=\"4830\">Qu\u00e9 debes revisar desde ahora para anticiparte a ISO 9001:2025<\/strong><\/h2>\n<p data-start=\"4832\" data-end=\"4944\">Aun sin texto final publicado, hay medidas concretas que puedes implementar para preparar tu sistema de calidad:<\/p>\n<ol data-start=\"4946\" data-end=\"5515\">\n<li data-start=\"4946\" data-end=\"5053\">\n<p data-start=\"4949\" data-end=\"5053\">Revisa tu an\u00e1lisis de contexto, aseg\u00farate de que est\u00e9 actualizado y vinculado a decisiones estrat\u00e9gicas.<\/p>\n<\/li>\n<li data-start=\"5054\" data-end=\"5148\">\n<p data-start=\"5057\" data-end=\"5148\">Mejora tus mecanismos de gesti\u00f3n de riesgos, no solo en producci\u00f3n sino en todo el sistema.<\/p>\n<\/li>\n<li data-start=\"5149\" data-end=\"5271\">\n<p data-start=\"5152\" data-end=\"5271\">Eval\u00faa si tus <strong data-start=\"5166\" data-end=\"5192\">indicadores de calidad<\/strong> realmente est\u00e1n ayudando a tomar decisiones o solo se reportan por obligaci\u00f3n.<\/p>\n<\/li>\n<li data-start=\"5272\" data-end=\"5409\">\n<p data-start=\"5275\" data-end=\"5409\">Revisa tus procesos documentados, aseg\u00farate de que est\u00e9n alineados con las <strong data-start=\"5350\" data-end=\"5408\">expectativas actuales de clientes y partes interesadas<\/strong>.<\/p>\n<\/li>\n<li data-start=\"5410\" data-end=\"5515\">\n<p data-start=\"5413\" data-end=\"5515\">Capacita a tu equipo en temas como sostenibilidad, liderazgo basado en calidad, o auditor\u00edas h\u00edbridas.<\/p>\n<\/li>\n<\/ol>\n<h3 data-start=\"5517\" data-end=\"5573\"><strong data-start=\"5517\" data-end=\"5573\">Lo que no cambiar\u00e1 (pero debes seguir fortaleciendo)<\/strong><\/h3>\n<p data-start=\"5575\" data-end=\"5828\">A pesar de los nuevos enfoques, el coraz\u00f3n de ISO 9001 se mantiene: enfoque al cliente, mejora continua, decisiones basadas en evidencia y liderazgo comprometido. Si tu sistema ya aplica estos principios de manera s\u00f3lida, adaptarte ser\u00e1 mucho m\u00e1s f\u00e1cil.<\/p>\n<p data-start=\"5830\" data-end=\"6021\">La diferencia ser\u00e1 qu\u00e9 tan bien puedes <strong data-start=\"5869\" data-end=\"5882\">demostrar<\/strong> todo lo anterior con datos, registros y evidencia consistente ante un auditor o ante una gran empresa que eval\u00fae tu perfil como proveedor.<\/p>\n<h3 data-start=\"6023\" data-end=\"6094\"><strong data-start=\"6023\" data-end=\"6094\">ISO 9001:2025 no ser\u00e1 solo una actualizaci\u00f3n documental<\/strong><\/h3>\n<p data-start=\"6096\" data-end=\"6351\">Estamos ante una evoluci\u00f3n que exige m\u00e1s profundidad estrat\u00e9gica. La gesti\u00f3n de calidad dejar\u00e1 de ser un conjunto de documentos o procedimientos aislados para convertirse en una herramienta de toma de decisiones frente a escenarios cada vez m\u00e1s complejos.<\/p>\n<p data-start=\"6353\" data-end=\"6535\">Si tu organizaci\u00f3n ya se rige por ISO 9001:2015, tienes una ventaja. Pero si tu sistema ha estado en modo \u201cmantenimiento\u201d, es hora de reactivarlo con una visi\u00f3n m\u00e1s cr\u00edtica y futura.<\/p>\n<div class=\"pvc_clear\"><\/div>\n<p id=\"pvc_stats_2495\" class=\"pvc_stats all  \" data-element-id=\"2495\" style=\"\"><i class=\"pvc-stats-icon medium\" aria-hidden=\"true\"><svg aria-hidden=\"true\" focusable=\"false\" data-prefix=\"far\" data-icon=\"chart-bar\" role=\"img\" xmlns=\"http:\/\/www.w3.org\/2000\/svg\" viewBox=\"0 0 512 512\" class=\"svg-inline--fa fa-chart-bar fa-w-16 fa-2x\"><path fill=\"currentColor\" d=\"M396.8 352h22.4c6.4 0 12.8-6.4 12.8-12.8V108.8c0-6.4-6.4-12.8-12.8-12.8h-22.4c-6.4 0-12.8 6.4-12.8 12.8v230.4c0 6.4 6.4 12.8 12.8 12.8zm-192 0h22.4c6.4 0 12.8-6.4 12.8-12.8V140.8c0-6.4-6.4-12.8-12.8-12.8h-22.4c-6.4 0-12.8 6.4-12.8 12.8v198.4c0 6.4 6.4 12.8 12.8 12.8zm96 0h22.4c6.4 0 12.8-6.4 12.8-12.8V204.8c0-6.4-6.4-12.8-12.8-12.8h-22.4c-6.4 0-12.8 6.4-12.8 12.8v134.4c0 6.4 6.4 12.8 12.8 12.8zM496 400H48V80c0-8.84-7.16-16-16-16H16C7.16 64 0 71.16 0 80v336c0 17.67 14.33 32 32 32h464c8.84 0 16-7.16 16-16v-16c0-8.84-7.16-16-16-16zm-387.2-48h22.4c6.4 0 12.8-6.4 12.8-12.8v-70.4c0-6.4-6.4-12.8-12.8-12.8h-22.4c-6.4 0-12.8 6.4-12.8 12.8v70.4c0 6.4 6.4 12.8 12.8 12.8z\" class=\"\"><\/path><\/svg><\/i> <img loading=\"lazy\" decoding=\"async\" width=\"16\" height=\"16\" alt=\"Loading\" src=\"https:\/\/www.cubodeideas.com\/blog\/wp-content\/plugins\/page-views-count\/ajax-loader-2x.gif\" border=0 \/><\/p>\n<div class=\"pvc_clear\"><\/div>\n","protected":false},"excerpt":{"rendered":"<p>La revisi\u00f3n de la norma ISO 9001:2015 est\u00e1 en marcha, y todo indica que para 2025 veremos una nueva versi\u00f3n oficial que actualiza y refuerza los pilares de la gesti\u00f3n de calidad. Aunque a\u00fan no se ha publicado el texto definitivo, los borradores, las recomendaciones del grupo de trabajo ISO\/TC 176 y los an\u00e1lisis de [&hellip;]<\/p>\n<div class=\"pvc_clear\"><\/div>\n<p id=\"pvc_stats_2495\" class=\"pvc_stats all  \" data-element-id=\"2495\" style=\"\"><i class=\"pvc-stats-icon medium\" aria-hidden=\"true\"><svg aria-hidden=\"true\" focusable=\"false\" data-prefix=\"far\" data-icon=\"chart-bar\" role=\"img\" xmlns=\"http:\/\/www.w3.org\/2000\/svg\" viewBox=\"0 0 512 512\" class=\"svg-inline--fa fa-chart-bar fa-w-16 fa-2x\"><path fill=\"currentColor\" d=\"M396.8 352h22.4c6.4 0 12.8-6.4 12.8-12.8V108.8c0-6.4-6.4-12.8-12.8-12.8h-22.4c-6.4 0-12.8 6.4-12.8 12.8v230.4c0 6.4 6.4 12.8 12.8 12.8zm-192 0h22.4c6.4 0 12.8-6.4 12.8-12.8V140.8c0-6.4-6.4-12.8-12.8-12.8h-22.4c-6.4 0-12.8 6.4-12.8 12.8v198.4c0 6.4 6.4 12.8 12.8 12.8zm96 0h22.4c6.4 0 12.8-6.4 12.8-12.8V204.8c0-6.4-6.4-12.8-12.8-12.8h-22.4c-6.4 0-12.8 6.4-12.8 12.8v134.4c0 6.4 6.4 12.8 12.8 12.8zM496 400H48V80c0-8.84-7.16-16-16-16H16C7.16 64 0 71.16 0 80v336c0 17.67 14.33 32 32 32h464c8.84 0 16-7.16 16-16v-16c0-8.84-7.16-16-16-16zm-387.2-48h22.4c6.4 0 12.8-6.4 12.8-12.8v-70.4c0-6.4-6.4-12.8-12.8-12.8h-22.4c-6.4 0-12.8 6.4-12.8 12.8v70.4c0 6.4 6.4 12.8 12.8 12.8z\" class=\"\"><\/path><\/svg><\/i> <img loading=\"lazy\" decoding=\"async\" width=\"16\" height=\"16\" alt=\"Loading\" src=\"https:\/\/www.cubodeideas.com\/blog\/wp-content\/plugins\/page-views-count\/ajax-loader-2x.gif\" border=0 \/><\/p>\n<div class=\"pvc_clear\"><\/div>\n","protected":false},"author":1,"featured_media":2496,"comment_status":"open","ping_status":"closed","sticky":false,"template":"","format":"standard","meta":{"footnotes":"","jetpack_publicize_message":"","jetpack_publicize_feature_enabled":true,"jetpack_social_post_already_shared":false,"jetpack_social_options":{"image_generator_settings":{"template":"highway","default_image_id":0,"font":"","enabled":false},"version":2}},"categories":[14],"tags":[56,333],"class_list":["post-2495","post","type-post","status-publish","format-standard","has-post-thumbnail","hentry","category-calidad-total","tag-gestion-de-calidad","tag-iso-9001"],"blocksy_meta":[],"yoast_head":"<!-- This site is optimized with the Yoast SEO plugin v27.0 - https:\/\/yoast.com\/product\/yoast-seo-wordpress\/ -->\n<title>\u00bfEst\u00e1 tu sistema listo para ISO 9001:2025? -<\/title>\n<meta name=\"description\" content=\"ISO 9001:2025 traer\u00e1 cambios clave. Descubre c\u00f3mo preparar tu sistema de calidad con visi\u00f3n estrat\u00e9gica y sin contratiempos.\" \/>\n<meta name=\"robots\" content=\"index, follow, max-snippet:-1, max-image-preview:large, max-video-preview:-1\" \/>\n<link rel=\"canonical\" href=\"https:\/\/www.cubodeideas.com\/blog\/calidad-total\/esta-tu-sistema-listo-para-iso-90012025\/\" \/>\n<meta property=\"og:locale\" content=\"es_ES\" \/>\n<meta property=\"og:type\" content=\"article\" \/>\n<meta property=\"og:title\" content=\"\u00bfEst\u00e1 tu sistema listo para ISO 9001:2025? -\" \/>\n<meta property=\"og:description\" content=\"ISO 9001:2025 traer\u00e1 cambios clave. Descubre c\u00f3mo preparar tu sistema de calidad con visi\u00f3n estrat\u00e9gica y sin contratiempos.\" \/>\n<meta property=\"og:url\" content=\"https:\/\/www.cubodeideas.com\/blog\/calidad-total\/esta-tu-sistema-listo-para-iso-90012025\/\" \/>\n<meta property=\"article:publisher\" content=\"https:\/\/www.facebook.com\/somoscubodeideas\" \/>\n<meta property=\"article:published_time\" content=\"2025-07-07T15:06:41+00:00\" \/>\n<meta property=\"og:image\" content=\"https:\/\/www.cubodeideas.com\/blog\/wp-content\/uploads\/2025\/07\/portada-malamen151-1024x577.png\" \/>\n\t<meta property=\"og:image:width\" content=\"1024\" \/>\n\t<meta property=\"og:image:height\" content=\"577\" \/>\n\t<meta property=\"og:image:type\" content=\"image\/png\" \/>\n<meta name=\"author\" content=\"Noel Castro\" \/>\n<meta name=\"twitter:card\" content=\"summary_large_image\" \/>\n<meta name=\"twitter:creator\" content=\"@cubo_ideas\" \/>\n<meta name=\"twitter:site\" content=\"@cubo_ideas\" \/>\n<meta name=\"twitter:label1\" content=\"Escrito por\" \/>\n\t<meta name=\"twitter:data1\" content=\"Noel Castro\" \/>\n\t<meta name=\"twitter:label2\" content=\"Tiempo de lectura\" \/>\n\t<meta name=\"twitter:data2\" content=\"5 minutos\" \/>\n<script type=\"application\/ld+json\" class=\"yoast-schema-graph\">{\"@context\":\"https:\/\/schema.org\",\"@graph\":[{\"@type\":\"Article\",\"@id\":\"https:\/\/www.cubodeideas.com\/blog\/calidad-total\/esta-tu-sistema-listo-para-iso-90012025\/#article\",\"isPartOf\":{\"@id\":\"https:\/\/www.cubodeideas.com\/blog\/calidad-total\/esta-tu-sistema-listo-para-iso-90012025\/\"},\"author\":{\"name\":\"Noel Castro\",\"@id\":\"https:\/\/www.cubodeideas.com\/blog\/#\/schema\/person\/5614e43eb76109017cff51a2c7928211\"},\"headline\":\"\u00bfEst\u00e1 tu sistema listo para ISO 9001:2025?\",\"datePublished\":\"2025-07-07T15:06:41+00:00\",\"mainEntityOfPage\":{\"@id\":\"https:\/\/www.cubodeideas.com\/blog\/calidad-total\/esta-tu-sistema-listo-para-iso-90012025\/\"},\"wordCount\":1053,\"commentCount\":0,\"publisher\":{\"@id\":\"https:\/\/www.cubodeideas.com\/blog\/#organization\"},\"image\":{\"@id\":\"https:\/\/www.cubodeideas.com\/blog\/calidad-total\/esta-tu-sistema-listo-para-iso-90012025\/#primaryimage\"},\"thumbnailUrl\":\"https:\/\/www.cubodeideas.com\/blog\/wp-content\/uploads\/2025\/07\/portada-malamen151.png\",\"keywords\":[\"Gesti\u00f3n de Calidad\",\"ISO 9001\"],\"articleSection\":[\"Calidad Total\"],\"inLanguage\":\"es\",\"potentialAction\":[{\"@type\":\"CommentAction\",\"name\":\"Comment\",\"target\":[\"https:\/\/www.cubodeideas.com\/blog\/calidad-total\/esta-tu-sistema-listo-para-iso-90012025\/#respond\"]}]},{\"@type\":\"WebPage\",\"@id\":\"https:\/\/www.cubodeideas.com\/blog\/calidad-total\/esta-tu-sistema-listo-para-iso-90012025\/\",\"url\":\"https:\/\/www.cubodeideas.com\/blog\/calidad-total\/esta-tu-sistema-listo-para-iso-90012025\/\",\"name\":\"\u00bfEst\u00e1 tu sistema listo para ISO 9001:2025? -\",\"isPartOf\":{\"@id\":\"https:\/\/www.cubodeideas.com\/blog\/#website\"},\"primaryImageOfPage\":{\"@id\":\"https:\/\/www.cubodeideas.com\/blog\/calidad-total\/esta-tu-sistema-listo-para-iso-90012025\/#primaryimage\"},\"image\":{\"@id\":\"https:\/\/www.cubodeideas.com\/blog\/calidad-total\/esta-tu-sistema-listo-para-iso-90012025\/#primaryimage\"},\"thumbnailUrl\":\"https:\/\/www.cubodeideas.com\/blog\/wp-content\/uploads\/2025\/07\/portada-malamen151.png\",\"datePublished\":\"2025-07-07T15:06:41+00:00\",\"description\":\"ISO 9001:2025 traer\u00e1 cambios clave. Descubre c\u00f3mo preparar tu sistema de calidad con visi\u00f3n estrat\u00e9gica y sin contratiempos.\",\"breadcrumb\":{\"@id\":\"https:\/\/www.cubodeideas.com\/blog\/calidad-total\/esta-tu-sistema-listo-para-iso-90012025\/#breadcrumb\"},\"inLanguage\":\"es\",\"potentialAction\":[{\"@type\":\"ReadAction\",\"target\":[\"https:\/\/www.cubodeideas.com\/blog\/calidad-total\/esta-tu-sistema-listo-para-iso-90012025\/\"]}]},{\"@type\":\"ImageObject\",\"inLanguage\":\"es\",\"@id\":\"https:\/\/www.cubodeideas.com\/blog\/calidad-total\/esta-tu-sistema-listo-para-iso-90012025\/#primaryimage\",\"url\":\"https:\/\/www.cubodeideas.com\/blog\/wp-content\/uploads\/2025\/07\/portada-malamen151.png\",\"contentUrl\":\"https:\/\/www.cubodeideas.com\/blog\/wp-content\/uploads\/2025\/07\/portada-malamen151.png\",\"width\":1640,\"height\":924,\"caption\":\"ISO 9001:2025\"},{\"@type\":\"BreadcrumbList\",\"@id\":\"https:\/\/www.cubodeideas.com\/blog\/calidad-total\/esta-tu-sistema-listo-para-iso-90012025\/#breadcrumb\",\"itemListElement\":[{\"@type\":\"ListItem\",\"position\":1,\"name\":\"Portada\",\"item\":\"https:\/\/www.cubodeideas.com\/blog\/\"},{\"@type\":\"ListItem\",\"position\":2,\"name\":\"\u00bfEst\u00e1 tu sistema listo para ISO 9001:2025?\"}]},{\"@type\":\"WebSite\",\"@id\":\"https:\/\/www.cubodeideas.com\/blog\/#website\",\"url\":\"https:\/\/www.cubodeideas.com\/blog\/\",\"name\":\"Cubo de Ideas\",\"description\":\"Cubo de Ideas, El Blog\",\"publisher\":{\"@id\":\"https:\/\/www.cubodeideas.com\/blog\/#organization\"},\"potentialAction\":[{\"@type\":\"SearchAction\",\"target\":{\"@type\":\"EntryPoint\",\"urlTemplate\":\"https:\/\/www.cubodeideas.com\/blog\/?s={search_term_string}\"},\"query-input\":{\"@type\":\"PropertyValueSpecification\",\"valueRequired\":true,\"valueName\":\"search_term_string\"}}],\"inLanguage\":\"es\"},{\"@type\":\"Organization\",\"@id\":\"https:\/\/www.cubodeideas.com\/blog\/#organization\",\"name\":\"Cubo de Ideas\",\"url\":\"https:\/\/www.cubodeideas.com\/blog\/\",\"logo\":{\"@type\":\"ImageObject\",\"inLanguage\":\"es\",\"@id\":\"https:\/\/www.cubodeideas.com\/blog\/#\/schema\/logo\/image\/\",\"url\":\"https:\/\/www.cubodeideas.com\/blog\/wp-content\/uploads\/2021\/10\/android-icon-72x72-1.png\",\"contentUrl\":\"https:\/\/www.cubodeideas.com\/blog\/wp-content\/uploads\/2021\/10\/android-icon-72x72-1.png\",\"width\":72,\"height\":72,\"caption\":\"Cubo de Ideas\"},\"image\":{\"@id\":\"https:\/\/www.cubodeideas.com\/blog\/#\/schema\/logo\/image\/\"},\"sameAs\":[\"https:\/\/www.facebook.com\/somoscubodeideas\",\"https:\/\/x.com\/cubo_ideas\",\"https:\/\/www.instagram.com\/cubodeideas\"]},{\"@type\":\"Person\",\"@id\":\"https:\/\/www.cubodeideas.com\/blog\/#\/schema\/person\/5614e43eb76109017cff51a2c7928211\",\"name\":\"Noel Castro\",\"description\":\"LEM Noel Castro Monta\u00f1o es CEO de Cubo de Ideas, Director de Operaciones para Citosa Textiles. Asesor de nuevos mercados y estrategias digitales para el segmento Retail. Especialista en marketing para autoservicios y puntos de venta. Especialista en sistemas de gesti\u00f3n de la calidad con enfoque a la ISO 9001:2015\",\"sameAs\":[\"https:\/\/www.cubodeideas.com\/blog\"],\"url\":\"https:\/\/www.cubodeideas.com\/blog\/author\/admin\/\"}]}<\/script>\n<!-- \/ Yoast SEO plugin. -->","yoast_head_json":{"title":"\u00bfEst\u00e1 tu sistema listo para ISO 9001:2025? -","description":"ISO 9001:2025 traer\u00e1 cambios clave. Descubre c\u00f3mo preparar tu sistema de calidad con visi\u00f3n estrat\u00e9gica y sin contratiempos.","robots":{"index":"index","follow":"follow","max-snippet":"max-snippet:-1","max-image-preview":"max-image-preview:large","max-video-preview":"max-video-preview:-1"},"canonical":"https:\/\/www.cubodeideas.com\/blog\/calidad-total\/esta-tu-sistema-listo-para-iso-90012025\/","og_locale":"es_ES","og_type":"article","og_title":"\u00bfEst\u00e1 tu sistema listo para ISO 9001:2025? -","og_description":"ISO 9001:2025 traer\u00e1 cambios clave. Descubre c\u00f3mo preparar tu sistema de calidad con visi\u00f3n estrat\u00e9gica y sin contratiempos.","og_url":"https:\/\/www.cubodeideas.com\/blog\/calidad-total\/esta-tu-sistema-listo-para-iso-90012025\/","article_publisher":"https:\/\/www.facebook.com\/somoscubodeideas","article_published_time":"2025-07-07T15:06:41+00:00","og_image":[{"width":1024,"height":577,"url":"https:\/\/www.cubodeideas.com\/blog\/wp-content\/uploads\/2025\/07\/portada-malamen151-1024x577.png","type":"image\/png"}],"author":"Noel Castro","twitter_card":"summary_large_image","twitter_creator":"@cubo_ideas","twitter_site":"@cubo_ideas","twitter_misc":{"Escrito por":"Noel Castro","Tiempo de lectura":"5 minutos"},"schema":{"@context":"https:\/\/schema.org","@graph":[{"@type":"Article","@id":"https:\/\/www.cubodeideas.com\/blog\/calidad-total\/esta-tu-sistema-listo-para-iso-90012025\/#article","isPartOf":{"@id":"https:\/\/www.cubodeideas.com\/blog\/calidad-total\/esta-tu-sistema-listo-para-iso-90012025\/"},"author":{"name":"Noel Castro","@id":"https:\/\/www.cubodeideas.com\/blog\/#\/schema\/person\/5614e43eb76109017cff51a2c7928211"},"headline":"\u00bfEst\u00e1 tu sistema listo para ISO 9001:2025?","datePublished":"2025-07-07T15:06:41+00:00","mainEntityOfPage":{"@id":"https:\/\/www.cubodeideas.com\/blog\/calidad-total\/esta-tu-sistema-listo-para-iso-90012025\/"},"wordCount":1053,"commentCount":0,"publisher":{"@id":"https:\/\/www.cubodeideas.com\/blog\/#organization"},"image":{"@id":"https:\/\/www.cubodeideas.com\/blog\/calidad-total\/esta-tu-sistema-listo-para-iso-90012025\/#primaryimage"},"thumbnailUrl":"https:\/\/www.cubodeideas.com\/blog\/wp-content\/uploads\/2025\/07\/portada-malamen151.png","keywords":["Gesti\u00f3n de Calidad","ISO 9001"],"articleSection":["Calidad Total"],"inLanguage":"es","potentialAction":[{"@type":"CommentAction","name":"Comment","target":["https:\/\/www.cubodeideas.com\/blog\/calidad-total\/esta-tu-sistema-listo-para-iso-90012025\/#respond"]}]},{"@type":"WebPage","@id":"https:\/\/www.cubodeideas.com\/blog\/calidad-total\/esta-tu-sistema-listo-para-iso-90012025\/","url":"https:\/\/www.cubodeideas.com\/blog\/calidad-total\/esta-tu-sistema-listo-para-iso-90012025\/","name":"\u00bfEst\u00e1 tu sistema listo para ISO 9001:2025? -","isPartOf":{"@id":"https:\/\/www.cubodeideas.com\/blog\/#website"},"primaryImageOfPage":{"@id":"https:\/\/www.cubodeideas.com\/blog\/calidad-total\/esta-tu-sistema-listo-para-iso-90012025\/#primaryimage"},"image":{"@id":"https:\/\/www.cubodeideas.com\/blog\/calidad-total\/esta-tu-sistema-listo-para-iso-90012025\/#primaryimage"},"thumbnailUrl":"https:\/\/www.cubodeideas.com\/blog\/wp-content\/uploads\/2025\/07\/portada-malamen151.png","datePublished":"2025-07-07T15:06:41+00:00","description":"ISO 9001:2025 traer\u00e1 cambios clave. Descubre c\u00f3mo preparar tu sistema de calidad con visi\u00f3n estrat\u00e9gica y sin contratiempos.","breadcrumb":{"@id":"https:\/\/www.cubodeideas.com\/blog\/calidad-total\/esta-tu-sistema-listo-para-iso-90012025\/#breadcrumb"},"inLanguage":"es","potentialAction":[{"@type":"ReadAction","target":["https:\/\/www.cubodeideas.com\/blog\/calidad-total\/esta-tu-sistema-listo-para-iso-90012025\/"]}]},{"@type":"ImageObject","inLanguage":"es","@id":"https:\/\/www.cubodeideas.com\/blog\/calidad-total\/esta-tu-sistema-listo-para-iso-90012025\/#primaryimage","url":"https:\/\/www.cubodeideas.com\/blog\/wp-content\/uploads\/2025\/07\/portada-malamen151.png","contentUrl":"https:\/\/www.cubodeideas.com\/blog\/wp-content\/uploads\/2025\/07\/portada-malamen151.png","width":1640,"height":924,"caption":"ISO 9001:2025"},{"@type":"BreadcrumbList","@id":"https:\/\/www.cubodeideas.com\/blog\/calidad-total\/esta-tu-sistema-listo-para-iso-90012025\/#breadcrumb","itemListElement":[{"@type":"ListItem","position":1,"name":"Portada","item":"https:\/\/www.cubodeideas.com\/blog\/"},{"@type":"ListItem","position":2,"name":"\u00bfEst\u00e1 tu sistema listo para ISO 9001:2025?"}]},{"@type":"WebSite","@id":"https:\/\/www.cubodeideas.com\/blog\/#website","url":"https:\/\/www.cubodeideas.com\/blog\/","name":"Cubo de Ideas","description":"Cubo de Ideas, El Blog","publisher":{"@id":"https:\/\/www.cubodeideas.com\/blog\/#organization"},"potentialAction":[{"@type":"SearchAction","target":{"@type":"EntryPoint","urlTemplate":"https:\/\/www.cubodeideas.com\/blog\/?s={search_term_string}"},"query-input":{"@type":"PropertyValueSpecification","valueRequired":true,"valueName":"search_term_string"}}],"inLanguage":"es"},{"@type":"Organization","@id":"https:\/\/www.cubodeideas.com\/blog\/#organization","name":"Cubo de Ideas","url":"https:\/\/www.cubodeideas.com\/blog\/","logo":{"@type":"ImageObject","inLanguage":"es","@id":"https:\/\/www.cubodeideas.com\/blog\/#\/schema\/logo\/image\/","url":"https:\/\/www.cubodeideas.com\/blog\/wp-content\/uploads\/2021\/10\/android-icon-72x72-1.png","contentUrl":"https:\/\/www.cubodeideas.com\/blog\/wp-content\/uploads\/2021\/10\/android-icon-72x72-1.png","width":72,"height":72,"caption":"Cubo de Ideas"},"image":{"@id":"https:\/\/www.cubodeideas.com\/blog\/#\/schema\/logo\/image\/"},"sameAs":["https:\/\/www.facebook.com\/somoscubodeideas","https:\/\/x.com\/cubo_ideas","https:\/\/www.instagram.com\/cubodeideas"]},{"@type":"Person","@id":"https:\/\/www.cubodeideas.com\/blog\/#\/schema\/person\/5614e43eb76109017cff51a2c7928211","name":"Noel Castro","description":"LEM Noel Castro Monta\u00f1o es CEO de Cubo de Ideas, Director de Operaciones para Citosa Textiles. Asesor de nuevos mercados y estrategias digitales para el segmento Retail. Especialista en marketing para autoservicios y puntos de venta. Especialista en sistemas de gesti\u00f3n de la calidad con enfoque a la ISO 9001:2015","sameAs":["https:\/\/www.cubodeideas.com\/blog"],"url":"https:\/\/www.cubodeideas.com\/blog\/author\/admin\/"}]}},"jetpack_publicize_connections":[],"_links":{"self":[{"href":"https:\/\/www.cubodeideas.com\/blog\/wp-json\/wp\/v2\/posts\/2495","targetHints":{"allow":["GET"]}}],"collection":[{"href":"https:\/\/www.cubodeideas.com\/blog\/wp-json\/wp\/v2\/posts"}],"about":[{"href":"https:\/\/www.cubodeideas.com\/blog\/wp-json\/wp\/v2\/types\/post"}],"author":[{"embeddable":true,"href":"https:\/\/www.cubodeideas.com\/blog\/wp-json\/wp\/v2\/users\/1"}],"replies":[{"embeddable":true,"href":"https:\/\/www.cubodeideas.com\/blog\/wp-json\/wp\/v2\/comments?post=2495"}],"version-history":[{"count":1,"href":"https:\/\/www.cubodeideas.com\/blog\/wp-json\/wp\/v2\/posts\/2495\/revisions"}],"predecessor-version":[{"id":2497,"href":"https:\/\/www.cubodeideas.com\/blog\/wp-json\/wp\/v2\/posts\/2495\/revisions\/2497"}],"wp:featuredmedia":[{"embeddable":true,"href":"https:\/\/www.cubodeideas.com\/blog\/wp-json\/wp\/v2\/media\/2496"}],"wp:attachment":[{"href":"https:\/\/www.cubodeideas.com\/blog\/wp-json\/wp\/v2\/media?parent=2495"}],"wp:term":[{"taxonomy":"category","embeddable":true,"href":"https:\/\/www.cubodeideas.com\/blog\/wp-json\/wp\/v2\/categories?post=2495"},{"taxonomy":"post_tag","embeddable":true,"href":"https:\/\/www.cubodeideas.com\/blog\/wp-json\/wp\/v2\/tags?post=2495"}],"curies":[{"name":"wp","href":"https:\/\/api.w.org\/{rel}","templated":true}]}}