{"id":2479,"date":"2025-06-08T19:28:47","date_gmt":"2025-06-08T19:28:47","guid":{"rendered":"https:\/\/www.cubodeideas.com\/blog\/?p=2479"},"modified":"2025-06-08T19:28:47","modified_gmt":"2025-06-08T19:28:47","slug":"gestion-de-riesgos-iso-9001-en-2025-que-debes-ajustar","status":"publish","type":"post","link":"https:\/\/www.cubodeideas.com\/blog\/calidad-total\/gestion-de-riesgos-iso-9001-en-2025-que-debes-ajustar\/","title":{"rendered":"Gesti\u00f3n de riesgos ISO 9001 en 2025: qu\u00e9 debes ajustar"},"content":{"rendered":"<p data-start=\"174\" data-end=\"551\">Cumplir con el punto 6.1 de la norma ISO 9001:2015 ya no se trata solo de identificar riesgos operativos. En 2025, las PYMES enfrentan escenarios globales m\u00e1s vol\u00e1tiles: inflaci\u00f3n persistente, conflictos comerciales, disrupciones log\u00edsticas y clientes internacionales con exigencias crecientes. Todo esto exige una gesti\u00f3n de riesgos m\u00e1s estrat\u00e9gica, documentada y actualizada.<\/p>\n<h3 data-start=\"553\" data-end=\"607\"><strong data-start=\"553\" data-end=\"607\">Por qu\u00e9 actualizar tu an\u00e1lisis de riesgos este a\u00f1o<\/strong><\/h3>\n<p data-start=\"609\" data-end=\"924\">Muchas organizaciones trabajan con un enfoque b\u00e1sico o desactualizado para cumplir con el punto 6.1 de la norma. Sin embargo, auditores y grandes empresas clientes est\u00e1n pidiendo algo m\u00e1s: modelos que consideren el contexto econ\u00f3mico global, la dependencia de terceros pa\u00edses y los riesgos reputacionales digitales.<\/p>\n<p data-start=\"926\" data-end=\"1164\">No basta con mencionar \u00abriesgo de retrasos log\u00edsticos\u00bb o \u00abausentismo de personal\u00bb. Hoy, una <strong data-start=\"1018\" data-end=\"1049\">gesti\u00f3n de riesgos efectiva<\/strong> debe anticipar escenarios complejos y demostrar que existen medidas claras, medibles y revisables para mitigarlos.<\/p>\n<h3 data-start=\"1166\" data-end=\"1218\"><strong data-start=\"1166\" data-end=\"1218\">\u00bfQu\u00e9 exige exactamente el punto 6.1 de ISO 9001?<\/strong><\/h3>\n<p data-start=\"1220\" data-end=\"1384\">Este apartado obliga a la organizaci\u00f3n a planificar acciones para abordar riesgos y oportunidades que puedan afectar el sistema de gesti\u00f3n de calidad. Esto incluye:<\/p>\n<ul data-start=\"1386\" data-end=\"1576\">\n<li data-start=\"1386\" data-end=\"1444\">\n<p data-start=\"1388\" data-end=\"1444\">Identificar y evaluar riesgos relevantes en tu contexto.<\/p>\n<\/li>\n<li data-start=\"1445\" data-end=\"1482\">\n<p data-start=\"1447\" data-end=\"1482\">Planificar acciones para tratarlos.<\/p>\n<\/li>\n<li data-start=\"1483\" data-end=\"1536\">\n<p data-start=\"1485\" data-end=\"1536\">Integrar esas acciones en los procesos del sistema.<\/p>\n<\/li>\n<li data-start=\"1537\" data-end=\"1576\">\n<p data-start=\"1539\" data-end=\"1576\">Evaluar la eficacia de esas acciones.<\/p>\n<\/li>\n<\/ul>\n<p data-start=\"1578\" data-end=\"1797\">El error m\u00e1s com\u00fan es confundir este punto con un checklist gen\u00e9rico de amenazas. En realidad, debe partir del an\u00e1lisis del entorno y de las partes interesadas (puntos 4.1 y 4.2), y actualizarse al menos una vez al a\u00f1o.<\/p>\n<h2 data-start=\"1799\" data-end=\"1846\"><strong data-start=\"1799\" data-end=\"1846\">Nuevos riesgos que debes considerar en 2025<\/strong><\/h2>\n<p data-start=\"1848\" data-end=\"1970\">Incorporar estos factores en tu an\u00e1lisis no solo fortalecer\u00e1 tu cumplimiento normativo, sino tambi\u00e9n tu ventaja operativa:<\/p>\n<p data-start=\"1972\" data-end=\"2269\"><strong data-start=\"1972\" data-end=\"2006\">Riesgo log\u00edstico internacional<\/strong><br data-start=\"2006\" data-end=\"2009\" \/>Las tensiones en el mar Rojo, los bloqueos en puertos clave y el aumento de precios en transporte mar\u00edtimo y a\u00e9reo afectan tiempos de entrega. Si dependes de insumos importados o exportas productos, es vital documentar rutas alternas y proveedores de respaldo.<\/p>\n<p data-start=\"2271\" data-end=\"2601\"><strong data-start=\"2271\" data-end=\"2309\">Riesgo por dependencia tecnol\u00f3gica<\/strong><br data-start=\"2309\" data-end=\"2312\" \/>Muchas empresas operan sobre plataformas digitales sin evaluar el impacto de una ca\u00edda o un cambio de condiciones (como actualizaciones, licencias o hackeos). Este tipo de riesgo debe ser contemplado especialmente si gestionas tu producci\u00f3n, compras o calidad a trav\u00e9s de software externo.<\/p>\n<p data-start=\"2603\" data-end=\"2879\"><strong data-start=\"2603\" data-end=\"2638\">Riesgos regulatorios y fiscales<\/strong><br data-start=\"2638\" data-end=\"2641\" \/>Exportadores y proveedores est\u00e1n enfrentando exigencias m\u00e1s duras en cumplimiento aduanal, arancelario y fiscal. Es fundamental anticipar auditor\u00edas de comercio exterior o nuevas reglas sobre facturaci\u00f3n electr\u00f3nica y origen de productos.<\/p>\n<p data-start=\"2881\" data-end=\"3200\"><strong data-start=\"2881\" data-end=\"2913\">Riesgo reputacional en l\u00ednea<\/strong><br data-start=\"2913\" data-end=\"2916\" \/>La presencia digital puede convertirse en un factor de riesgo si no se controla. Una queja en redes sociales, una mala rese\u00f1a en Google o un reclamo masivo pueden escalar r\u00e1pidamente y afectar la percepci\u00f3n de calidad. Este factor debe vincularse con el control de partes interesadas.<\/p>\n<h2 data-start=\"3202\" data-end=\"3258\"><strong data-start=\"3202\" data-end=\"3258\">C\u00f3mo documentar correctamente tu an\u00e1lisis de riesgos<\/strong><\/h2>\n<p data-start=\"3260\" data-end=\"3374\">Documentar un an\u00e1lisis de riesgos alineado con ISO 9001 no implica llenar formatos innecesarios. Lo importante es:<\/p>\n<ul data-start=\"3376\" data-end=\"3587\">\n<li data-start=\"3376\" data-end=\"3449\">\n<p data-start=\"3378\" data-end=\"3449\">Vincular los riesgos con procesos reales (producci\u00f3n, ventas, compras).<\/p>\n<\/li>\n<li data-start=\"3450\" data-end=\"3484\">\n<p data-start=\"3452\" data-end=\"3484\">Asignar responsables por riesgo.<\/p>\n<\/li>\n<li data-start=\"3485\" data-end=\"3527\">\n<p data-start=\"3487\" data-end=\"3527\">Definir indicadores o se\u00f1ales de alerta.<\/p>\n<\/li>\n<li data-start=\"3528\" data-end=\"3587\">\n<p data-start=\"3530\" data-end=\"3587\">Registrar las acciones tomadas y su evaluaci\u00f3n peri\u00f3dica.<\/p>\n<\/li>\n<\/ul>\n<p data-start=\"3589\" data-end=\"3842\">No uses gen\u00e9ricos como \u201ccontrol visual\u201d o \u201ccomunicar al supervisor\u201d. En su lugar, detalla acciones concretas como \u201cduplicaci\u00f3n de inventario m\u00ednimo en materia prima cr\u00edtica importada\u201d o \u201cvalidaci\u00f3n de plataformas de soporte cada 3 meses con simulacros\u201d.<\/p>\n<h2 data-start=\"3844\" data-end=\"3892\"><strong data-start=\"3844\" data-end=\"3892\">Revisi\u00f3n peri\u00f3dica y escalamiento de riesgos<\/strong><\/h2>\n<p data-start=\"3894\" data-end=\"4156\">Una buena pr\u00e1ctica en 2025 es definir tres niveles de riesgo: operativo, estrat\u00e9gico y reputacional. Esto permite diferenciar los riesgos que afectan la operaci\u00f3n diaria de aquellos que pueden comprometer a la empresa ante clientes internacionales o autoridades.<\/p>\n<p data-start=\"4158\" data-end=\"4425\">Adem\u00e1s, debe haber un sistema formal de revisi\u00f3n: puede ser en reuniones mensuales de calidad, en auditor\u00edas internas o durante revisiones por la direcci\u00f3n. El objetivo es verificar si los riesgos siguen vigentes, si han cambiado o si deben escalarse en su prioridad.<\/p>\n<h3 data-start=\"4427\" data-end=\"4480\"><strong data-start=\"4427\" data-end=\"4480\">Qu\u00e9 esperan los auditores en 2025 sobre este tema<\/strong><\/h3>\n<p data-start=\"4482\" data-end=\"4521\">Auditores m\u00e1s exigentes est\u00e1n pidiendo:<\/p>\n<ul data-start=\"4523\" data-end=\"4783\">\n<li data-start=\"4523\" data-end=\"4585\">\n<p data-start=\"4525\" data-end=\"4585\">Evidencia de actualizaci\u00f3n reciente del an\u00e1lisis de riesgos.<\/p>\n<\/li>\n<li data-start=\"4586\" data-end=\"4654\">\n<p data-start=\"4588\" data-end=\"4654\">Coherencia entre los riesgos detectados y las acciones ejecutadas.<\/p>\n<\/li>\n<li data-start=\"4655\" data-end=\"4729\">\n<p data-start=\"4657\" data-end=\"4729\">Riesgos que realmente correspondan al contexto y procesos de la empresa.<\/p>\n<\/li>\n<li data-start=\"4730\" data-end=\"4783\">\n<p data-start=\"4732\" data-end=\"4783\">Conexi\u00f3n del an\u00e1lisis con los objetivos de calidad.<\/p>\n<\/li>\n<\/ul>\n<p data-start=\"4785\" data-end=\"4936\">No se trata solo de cumplir con el punto 6.1, sino de demostrar que entiendes tu entorno, que anticipas problemas y que est\u00e1s preparado para responder.<\/p>\n<h3 data-start=\"4938\" data-end=\"4995\"><strong data-start=\"4938\" data-end=\"4995\">C\u00f3mo usar este an\u00e1lisis para tomar mejores decisiones<\/strong><\/h3>\n<p data-start=\"4997\" data-end=\"5095\">Un an\u00e1lisis de riesgos \u00fatil no es solo un requisito documental. Es una herramienta que te ayuda a:<\/p>\n<ul data-start=\"5097\" data-end=\"5282\">\n<li data-start=\"5097\" data-end=\"5135\">\n<p data-start=\"5099\" data-end=\"5135\">Identificar oportunidades de mejora.<\/p>\n<\/li>\n<li data-start=\"5136\" data-end=\"5187\">\n<p data-start=\"5138\" data-end=\"5187\">Justificar inversiones en tecnolog\u00eda o formaci\u00f3n.<\/p>\n<\/li>\n<li data-start=\"5188\" data-end=\"5215\">\n<p data-start=\"5190\" data-end=\"5215\">Priorizar procesos clave.<\/p>\n<\/li>\n<li data-start=\"5216\" data-end=\"5282\">\n<p data-start=\"5218\" data-end=\"5282\">Negociar con clientes o proveedores con mayor poder de decisi\u00f3n.<\/p>\n<\/li>\n<\/ul>\n<p data-start=\"5284\" data-end=\"5504\">Empieza por incluir los riesgos en tu matriz de procesos, eval\u00faa su impacto y frecuencia, y aseg\u00farate de que tu equipo los conozca. Con esto, no solo cumplir\u00e1s con ISO 9001, sino que mejorar\u00e1s tu capacidad de adaptaci\u00f3n.<\/p>\n<div class=\"pvc_clear\"><\/div>\n<p id=\"pvc_stats_2479\" class=\"pvc_stats all  \" data-element-id=\"2479\" style=\"\"><i class=\"pvc-stats-icon medium\" aria-hidden=\"true\"><svg aria-hidden=\"true\" focusable=\"false\" data-prefix=\"far\" data-icon=\"chart-bar\" role=\"img\" xmlns=\"http:\/\/www.w3.org\/2000\/svg\" viewBox=\"0 0 512 512\" class=\"svg-inline--fa fa-chart-bar fa-w-16 fa-2x\"><path fill=\"currentColor\" d=\"M396.8 352h22.4c6.4 0 12.8-6.4 12.8-12.8V108.8c0-6.4-6.4-12.8-12.8-12.8h-22.4c-6.4 0-12.8 6.4-12.8 12.8v230.4c0 6.4 6.4 12.8 12.8 12.8zm-192 0h22.4c6.4 0 12.8-6.4 12.8-12.8V140.8c0-6.4-6.4-12.8-12.8-12.8h-22.4c-6.4 0-12.8 6.4-12.8 12.8v198.4c0 6.4 6.4 12.8 12.8 12.8zm96 0h22.4c6.4 0 12.8-6.4 12.8-12.8V204.8c0-6.4-6.4-12.8-12.8-12.8h-22.4c-6.4 0-12.8 6.4-12.8 12.8v134.4c0 6.4 6.4 12.8 12.8 12.8zM496 400H48V80c0-8.84-7.16-16-16-16H16C7.16 64 0 71.16 0 80v336c0 17.67 14.33 32 32 32h464c8.84 0 16-7.16 16-16v-16c0-8.84-7.16-16-16-16zm-387.2-48h22.4c6.4 0 12.8-6.4 12.8-12.8v-70.4c0-6.4-6.4-12.8-12.8-12.8h-22.4c-6.4 0-12.8 6.4-12.8 12.8v70.4c0 6.4 6.4 12.8 12.8 12.8z\" class=\"\"><\/path><\/svg><\/i> <img loading=\"lazy\" decoding=\"async\" width=\"16\" height=\"16\" alt=\"Loading\" src=\"https:\/\/www.cubodeideas.com\/blog\/wp-content\/plugins\/page-views-count\/ajax-loader-2x.gif\" border=0 \/><\/p>\n<div class=\"pvc_clear\"><\/div>\n","protected":false},"excerpt":{"rendered":"<p>Cumplir con el punto 6.1 de la norma ISO 9001:2015 ya no se trata solo de identificar riesgos operativos. En 2025, las PYMES enfrentan escenarios globales m\u00e1s vol\u00e1tiles: inflaci\u00f3n persistente, conflictos comerciales, disrupciones log\u00edsticas y clientes internacionales con exigencias crecientes. Todo esto exige una gesti\u00f3n de riesgos m\u00e1s estrat\u00e9gica, documentada y actualizada. Por qu\u00e9 actualizar [&hellip;]<\/p>\n<div class=\"pvc_clear\"><\/div>\n<p id=\"pvc_stats_2479\" class=\"pvc_stats all  \" data-element-id=\"2479\" style=\"\"><i class=\"pvc-stats-icon medium\" aria-hidden=\"true\"><svg aria-hidden=\"true\" focusable=\"false\" data-prefix=\"far\" data-icon=\"chart-bar\" role=\"img\" xmlns=\"http:\/\/www.w3.org\/2000\/svg\" viewBox=\"0 0 512 512\" class=\"svg-inline--fa fa-chart-bar fa-w-16 fa-2x\"><path fill=\"currentColor\" d=\"M396.8 352h22.4c6.4 0 12.8-6.4 12.8-12.8V108.8c0-6.4-6.4-12.8-12.8-12.8h-22.4c-6.4 0-12.8 6.4-12.8 12.8v230.4c0 6.4 6.4 12.8 12.8 12.8zm-192 0h22.4c6.4 0 12.8-6.4 12.8-12.8V140.8c0-6.4-6.4-12.8-12.8-12.8h-22.4c-6.4 0-12.8 6.4-12.8 12.8v198.4c0 6.4 6.4 12.8 12.8 12.8zm96 0h22.4c6.4 0 12.8-6.4 12.8-12.8V204.8c0-6.4-6.4-12.8-12.8-12.8h-22.4c-6.4 0-12.8 6.4-12.8 12.8v134.4c0 6.4 6.4 12.8 12.8 12.8zM496 400H48V80c0-8.84-7.16-16-16-16H16C7.16 64 0 71.16 0 80v336c0 17.67 14.33 32 32 32h464c8.84 0 16-7.16 16-16v-16c0-8.84-7.16-16-16-16zm-387.2-48h22.4c6.4 0 12.8-6.4 12.8-12.8v-70.4c0-6.4-6.4-12.8-12.8-12.8h-22.4c-6.4 0-12.8 6.4-12.8 12.8v70.4c0 6.4 6.4 12.8 12.8 12.8z\" class=\"\"><\/path><\/svg><\/i> <img loading=\"lazy\" decoding=\"async\" width=\"16\" height=\"16\" alt=\"Loading\" src=\"https:\/\/www.cubodeideas.com\/blog\/wp-content\/plugins\/page-views-count\/ajax-loader-2x.gif\" border=0 \/><\/p>\n<div class=\"pvc_clear\"><\/div>\n","protected":false},"author":1,"featured_media":2480,"comment_status":"open","ping_status":"closed","sticky":false,"template":"","format":"standard","meta":{"footnotes":"","jetpack_publicize_message":"","jetpack_publicize_feature_enabled":true,"jetpack_social_post_already_shared":false,"jetpack_social_options":{"image_generator_settings":{"template":"highway","default_image_id":0,"font":"","enabled":false},"version":2}},"categories":[14],"tags":[135,333],"class_list":["post-2479","post","type-post","status-publish","format-standard","has-post-thumbnail","hentry","category-calidad-total","tag-gestion-de-riesgos","tag-iso-9001"],"blocksy_meta":[],"yoast_head":"<!-- This site is optimized with the Yoast SEO plugin v27.0 - https:\/\/yoast.com\/product\/yoast-seo-wordpress\/ -->\n<title>Gesti\u00f3n de riesgos ISO 9001 en 2025: qu\u00e9 debes ajustar -<\/title>\n<meta name=\"description\" content=\"La gesti\u00f3n de riesgos ISO 9001 exige m\u00e1s en 2025. Aprende c\u00f3mo cumplir el punto 6.1 y documentarlo correctamente ante entornos inestables.\" \/>\n<meta name=\"robots\" content=\"index, follow, max-snippet:-1, max-image-preview:large, max-video-preview:-1\" \/>\n<link rel=\"canonical\" href=\"https:\/\/www.cubodeideas.com\/blog\/calidad-total\/gestion-de-riesgos-iso-9001-en-2025-que-debes-ajustar\/\" \/>\n<meta property=\"og:locale\" content=\"es_ES\" \/>\n<meta property=\"og:type\" content=\"article\" \/>\n<meta property=\"og:title\" content=\"Gesti\u00f3n de riesgos ISO 9001 en 2025: qu\u00e9 debes ajustar -\" \/>\n<meta property=\"og:description\" content=\"La gesti\u00f3n de riesgos ISO 9001 exige m\u00e1s en 2025. Aprende c\u00f3mo cumplir el punto 6.1 y documentarlo correctamente ante entornos inestables.\" \/>\n<meta property=\"og:url\" content=\"https:\/\/www.cubodeideas.com\/blog\/calidad-total\/gestion-de-riesgos-iso-9001-en-2025-que-debes-ajustar\/\" \/>\n<meta property=\"article:publisher\" content=\"https:\/\/www.facebook.com\/somoscubodeideas\" \/>\n<meta property=\"article:published_time\" content=\"2025-06-08T19:28:47+00:00\" \/>\n<meta property=\"og:image\" content=\"https:\/\/www.cubodeideas.com\/blog\/wp-content\/uploads\/2025\/06\/portada-malamen136-1024x577.png\" \/>\n\t<meta property=\"og:image:width\" content=\"1024\" \/>\n\t<meta property=\"og:image:height\" content=\"577\" \/>\n\t<meta property=\"og:image:type\" content=\"image\/png\" \/>\n<meta name=\"author\" content=\"Noel Castro\" \/>\n<meta name=\"twitter:card\" content=\"summary_large_image\" \/>\n<meta name=\"twitter:creator\" content=\"@cubo_ideas\" \/>\n<meta name=\"twitter:site\" content=\"@cubo_ideas\" \/>\n<meta name=\"twitter:label1\" content=\"Escrito por\" \/>\n\t<meta name=\"twitter:data1\" content=\"Noel Castro\" \/>\n\t<meta name=\"twitter:label2\" content=\"Tiempo de lectura\" \/>\n\t<meta name=\"twitter:data2\" content=\"4 minutos\" \/>\n<script type=\"application\/ld+json\" class=\"yoast-schema-graph\">{\"@context\":\"https:\/\/schema.org\",\"@graph\":[{\"@type\":\"Article\",\"@id\":\"https:\/\/www.cubodeideas.com\/blog\/calidad-total\/gestion-de-riesgos-iso-9001-en-2025-que-debes-ajustar\/#article\",\"isPartOf\":{\"@id\":\"https:\/\/www.cubodeideas.com\/blog\/calidad-total\/gestion-de-riesgos-iso-9001-en-2025-que-debes-ajustar\/\"},\"author\":{\"name\":\"Noel Castro\",\"@id\":\"https:\/\/www.cubodeideas.com\/blog\/#\/schema\/person\/5614e43eb76109017cff51a2c7928211\"},\"headline\":\"Gesti\u00f3n de riesgos ISO 9001 en 2025: qu\u00e9 debes ajustar\",\"datePublished\":\"2025-06-08T19:28:47+00:00\",\"mainEntityOfPage\":{\"@id\":\"https:\/\/www.cubodeideas.com\/blog\/calidad-total\/gestion-de-riesgos-iso-9001-en-2025-que-debes-ajustar\/\"},\"wordCount\":853,\"commentCount\":0,\"publisher\":{\"@id\":\"https:\/\/www.cubodeideas.com\/blog\/#organization\"},\"image\":{\"@id\":\"https:\/\/www.cubodeideas.com\/blog\/calidad-total\/gestion-de-riesgos-iso-9001-en-2025-que-debes-ajustar\/#primaryimage\"},\"thumbnailUrl\":\"https:\/\/www.cubodeideas.com\/blog\/wp-content\/uploads\/2025\/06\/portada-malamen136.png\",\"keywords\":[\"Gesti\u00f3n de riesgos\",\"ISO 9001\"],\"articleSection\":[\"Calidad Total\"],\"inLanguage\":\"es\",\"potentialAction\":[{\"@type\":\"CommentAction\",\"name\":\"Comment\",\"target\":[\"https:\/\/www.cubodeideas.com\/blog\/calidad-total\/gestion-de-riesgos-iso-9001-en-2025-que-debes-ajustar\/#respond\"]}]},{\"@type\":\"WebPage\",\"@id\":\"https:\/\/www.cubodeideas.com\/blog\/calidad-total\/gestion-de-riesgos-iso-9001-en-2025-que-debes-ajustar\/\",\"url\":\"https:\/\/www.cubodeideas.com\/blog\/calidad-total\/gestion-de-riesgos-iso-9001-en-2025-que-debes-ajustar\/\",\"name\":\"Gesti\u00f3n de riesgos ISO 9001 en 2025: qu\u00e9 debes ajustar -\",\"isPartOf\":{\"@id\":\"https:\/\/www.cubodeideas.com\/blog\/#website\"},\"primaryImageOfPage\":{\"@id\":\"https:\/\/www.cubodeideas.com\/blog\/calidad-total\/gestion-de-riesgos-iso-9001-en-2025-que-debes-ajustar\/#primaryimage\"},\"image\":{\"@id\":\"https:\/\/www.cubodeideas.com\/blog\/calidad-total\/gestion-de-riesgos-iso-9001-en-2025-que-debes-ajustar\/#primaryimage\"},\"thumbnailUrl\":\"https:\/\/www.cubodeideas.com\/blog\/wp-content\/uploads\/2025\/06\/portada-malamen136.png\",\"datePublished\":\"2025-06-08T19:28:47+00:00\",\"description\":\"La gesti\u00f3n de riesgos ISO 9001 exige m\u00e1s en 2025. Aprende c\u00f3mo cumplir el punto 6.1 y documentarlo correctamente ante entornos inestables.\",\"breadcrumb\":{\"@id\":\"https:\/\/www.cubodeideas.com\/blog\/calidad-total\/gestion-de-riesgos-iso-9001-en-2025-que-debes-ajustar\/#breadcrumb\"},\"inLanguage\":\"es\",\"potentialAction\":[{\"@type\":\"ReadAction\",\"target\":[\"https:\/\/www.cubodeideas.com\/blog\/calidad-total\/gestion-de-riesgos-iso-9001-en-2025-que-debes-ajustar\/\"]}]},{\"@type\":\"ImageObject\",\"inLanguage\":\"es\",\"@id\":\"https:\/\/www.cubodeideas.com\/blog\/calidad-total\/gestion-de-riesgos-iso-9001-en-2025-que-debes-ajustar\/#primaryimage\",\"url\":\"https:\/\/www.cubodeideas.com\/blog\/wp-content\/uploads\/2025\/06\/portada-malamen136.png\",\"contentUrl\":\"https:\/\/www.cubodeideas.com\/blog\/wp-content\/uploads\/2025\/06\/portada-malamen136.png\",\"width\":1640,\"height\":924,\"caption\":\"gesti\u00f3n de riesgos ISO 9001\"},{\"@type\":\"BreadcrumbList\",\"@id\":\"https:\/\/www.cubodeideas.com\/blog\/calidad-total\/gestion-de-riesgos-iso-9001-en-2025-que-debes-ajustar\/#breadcrumb\",\"itemListElement\":[{\"@type\":\"ListItem\",\"position\":1,\"name\":\"Portada\",\"item\":\"https:\/\/www.cubodeideas.com\/blog\/\"},{\"@type\":\"ListItem\",\"position\":2,\"name\":\"Gesti\u00f3n de riesgos ISO 9001 en 2025: qu\u00e9 debes ajustar\"}]},{\"@type\":\"WebSite\",\"@id\":\"https:\/\/www.cubodeideas.com\/blog\/#website\",\"url\":\"https:\/\/www.cubodeideas.com\/blog\/\",\"name\":\"Cubo de Ideas\",\"description\":\"Cubo de Ideas, El Blog\",\"publisher\":{\"@id\":\"https:\/\/www.cubodeideas.com\/blog\/#organization\"},\"potentialAction\":[{\"@type\":\"SearchAction\",\"target\":{\"@type\":\"EntryPoint\",\"urlTemplate\":\"https:\/\/www.cubodeideas.com\/blog\/?s={search_term_string}\"},\"query-input\":{\"@type\":\"PropertyValueSpecification\",\"valueRequired\":true,\"valueName\":\"search_term_string\"}}],\"inLanguage\":\"es\"},{\"@type\":\"Organization\",\"@id\":\"https:\/\/www.cubodeideas.com\/blog\/#organization\",\"name\":\"Cubo de Ideas\",\"url\":\"https:\/\/www.cubodeideas.com\/blog\/\",\"logo\":{\"@type\":\"ImageObject\",\"inLanguage\":\"es\",\"@id\":\"https:\/\/www.cubodeideas.com\/blog\/#\/schema\/logo\/image\/\",\"url\":\"https:\/\/www.cubodeideas.com\/blog\/wp-content\/uploads\/2021\/10\/android-icon-72x72-1.png\",\"contentUrl\":\"https:\/\/www.cubodeideas.com\/blog\/wp-content\/uploads\/2021\/10\/android-icon-72x72-1.png\",\"width\":72,\"height\":72,\"caption\":\"Cubo de Ideas\"},\"image\":{\"@id\":\"https:\/\/www.cubodeideas.com\/blog\/#\/schema\/logo\/image\/\"},\"sameAs\":[\"https:\/\/www.facebook.com\/somoscubodeideas\",\"https:\/\/x.com\/cubo_ideas\",\"https:\/\/www.instagram.com\/cubodeideas\"]},{\"@type\":\"Person\",\"@id\":\"https:\/\/www.cubodeideas.com\/blog\/#\/schema\/person\/5614e43eb76109017cff51a2c7928211\",\"name\":\"Noel Castro\",\"description\":\"LEM Noel Castro Monta\u00f1o es CEO de Cubo de Ideas, Director de Operaciones para Citosa Textiles. Asesor de nuevos mercados y estrategias digitales para el segmento Retail. Especialista en marketing para autoservicios y puntos de venta. Especialista en sistemas de gesti\u00f3n de la calidad con enfoque a la ISO 9001:2015\",\"sameAs\":[\"https:\/\/www.cubodeideas.com\/blog\"],\"url\":\"https:\/\/www.cubodeideas.com\/blog\/author\/admin\/\"}]}<\/script>\n<!-- \/ Yoast SEO plugin. -->","yoast_head_json":{"title":"Gesti\u00f3n de riesgos ISO 9001 en 2025: qu\u00e9 debes ajustar -","description":"La gesti\u00f3n de riesgos ISO 9001 exige m\u00e1s en 2025. Aprende c\u00f3mo cumplir el punto 6.1 y documentarlo correctamente ante entornos inestables.","robots":{"index":"index","follow":"follow","max-snippet":"max-snippet:-1","max-image-preview":"max-image-preview:large","max-video-preview":"max-video-preview:-1"},"canonical":"https:\/\/www.cubodeideas.com\/blog\/calidad-total\/gestion-de-riesgos-iso-9001-en-2025-que-debes-ajustar\/","og_locale":"es_ES","og_type":"article","og_title":"Gesti\u00f3n de riesgos ISO 9001 en 2025: qu\u00e9 debes ajustar -","og_description":"La gesti\u00f3n de riesgos ISO 9001 exige m\u00e1s en 2025. Aprende c\u00f3mo cumplir el punto 6.1 y documentarlo correctamente ante entornos inestables.","og_url":"https:\/\/www.cubodeideas.com\/blog\/calidad-total\/gestion-de-riesgos-iso-9001-en-2025-que-debes-ajustar\/","article_publisher":"https:\/\/www.facebook.com\/somoscubodeideas","article_published_time":"2025-06-08T19:28:47+00:00","og_image":[{"width":1024,"height":577,"url":"https:\/\/www.cubodeideas.com\/blog\/wp-content\/uploads\/2025\/06\/portada-malamen136-1024x577.png","type":"image\/png"}],"author":"Noel Castro","twitter_card":"summary_large_image","twitter_creator":"@cubo_ideas","twitter_site":"@cubo_ideas","twitter_misc":{"Escrito por":"Noel Castro","Tiempo de lectura":"4 minutos"},"schema":{"@context":"https:\/\/schema.org","@graph":[{"@type":"Article","@id":"https:\/\/www.cubodeideas.com\/blog\/calidad-total\/gestion-de-riesgos-iso-9001-en-2025-que-debes-ajustar\/#article","isPartOf":{"@id":"https:\/\/www.cubodeideas.com\/blog\/calidad-total\/gestion-de-riesgos-iso-9001-en-2025-que-debes-ajustar\/"},"author":{"name":"Noel Castro","@id":"https:\/\/www.cubodeideas.com\/blog\/#\/schema\/person\/5614e43eb76109017cff51a2c7928211"},"headline":"Gesti\u00f3n de riesgos ISO 9001 en 2025: qu\u00e9 debes ajustar","datePublished":"2025-06-08T19:28:47+00:00","mainEntityOfPage":{"@id":"https:\/\/www.cubodeideas.com\/blog\/calidad-total\/gestion-de-riesgos-iso-9001-en-2025-que-debes-ajustar\/"},"wordCount":853,"commentCount":0,"publisher":{"@id":"https:\/\/www.cubodeideas.com\/blog\/#organization"},"image":{"@id":"https:\/\/www.cubodeideas.com\/blog\/calidad-total\/gestion-de-riesgos-iso-9001-en-2025-que-debes-ajustar\/#primaryimage"},"thumbnailUrl":"https:\/\/www.cubodeideas.com\/blog\/wp-content\/uploads\/2025\/06\/portada-malamen136.png","keywords":["Gesti\u00f3n de riesgos","ISO 9001"],"articleSection":["Calidad Total"],"inLanguage":"es","potentialAction":[{"@type":"CommentAction","name":"Comment","target":["https:\/\/www.cubodeideas.com\/blog\/calidad-total\/gestion-de-riesgos-iso-9001-en-2025-que-debes-ajustar\/#respond"]}]},{"@type":"WebPage","@id":"https:\/\/www.cubodeideas.com\/blog\/calidad-total\/gestion-de-riesgos-iso-9001-en-2025-que-debes-ajustar\/","url":"https:\/\/www.cubodeideas.com\/blog\/calidad-total\/gestion-de-riesgos-iso-9001-en-2025-que-debes-ajustar\/","name":"Gesti\u00f3n de riesgos ISO 9001 en 2025: qu\u00e9 debes ajustar -","isPartOf":{"@id":"https:\/\/www.cubodeideas.com\/blog\/#website"},"primaryImageOfPage":{"@id":"https:\/\/www.cubodeideas.com\/blog\/calidad-total\/gestion-de-riesgos-iso-9001-en-2025-que-debes-ajustar\/#primaryimage"},"image":{"@id":"https:\/\/www.cubodeideas.com\/blog\/calidad-total\/gestion-de-riesgos-iso-9001-en-2025-que-debes-ajustar\/#primaryimage"},"thumbnailUrl":"https:\/\/www.cubodeideas.com\/blog\/wp-content\/uploads\/2025\/06\/portada-malamen136.png","datePublished":"2025-06-08T19:28:47+00:00","description":"La gesti\u00f3n de riesgos ISO 9001 exige m\u00e1s en 2025. Aprende c\u00f3mo cumplir el punto 6.1 y documentarlo correctamente ante entornos inestables.","breadcrumb":{"@id":"https:\/\/www.cubodeideas.com\/blog\/calidad-total\/gestion-de-riesgos-iso-9001-en-2025-que-debes-ajustar\/#breadcrumb"},"inLanguage":"es","potentialAction":[{"@type":"ReadAction","target":["https:\/\/www.cubodeideas.com\/blog\/calidad-total\/gestion-de-riesgos-iso-9001-en-2025-que-debes-ajustar\/"]}]},{"@type":"ImageObject","inLanguage":"es","@id":"https:\/\/www.cubodeideas.com\/blog\/calidad-total\/gestion-de-riesgos-iso-9001-en-2025-que-debes-ajustar\/#primaryimage","url":"https:\/\/www.cubodeideas.com\/blog\/wp-content\/uploads\/2025\/06\/portada-malamen136.png","contentUrl":"https:\/\/www.cubodeideas.com\/blog\/wp-content\/uploads\/2025\/06\/portada-malamen136.png","width":1640,"height":924,"caption":"gesti\u00f3n de riesgos ISO 9001"},{"@type":"BreadcrumbList","@id":"https:\/\/www.cubodeideas.com\/blog\/calidad-total\/gestion-de-riesgos-iso-9001-en-2025-que-debes-ajustar\/#breadcrumb","itemListElement":[{"@type":"ListItem","position":1,"name":"Portada","item":"https:\/\/www.cubodeideas.com\/blog\/"},{"@type":"ListItem","position":2,"name":"Gesti\u00f3n de riesgos ISO 9001 en 2025: qu\u00e9 debes ajustar"}]},{"@type":"WebSite","@id":"https:\/\/www.cubodeideas.com\/blog\/#website","url":"https:\/\/www.cubodeideas.com\/blog\/","name":"Cubo de Ideas","description":"Cubo de Ideas, El Blog","publisher":{"@id":"https:\/\/www.cubodeideas.com\/blog\/#organization"},"potentialAction":[{"@type":"SearchAction","target":{"@type":"EntryPoint","urlTemplate":"https:\/\/www.cubodeideas.com\/blog\/?s={search_term_string}"},"query-input":{"@type":"PropertyValueSpecification","valueRequired":true,"valueName":"search_term_string"}}],"inLanguage":"es"},{"@type":"Organization","@id":"https:\/\/www.cubodeideas.com\/blog\/#organization","name":"Cubo de Ideas","url":"https:\/\/www.cubodeideas.com\/blog\/","logo":{"@type":"ImageObject","inLanguage":"es","@id":"https:\/\/www.cubodeideas.com\/blog\/#\/schema\/logo\/image\/","url":"https:\/\/www.cubodeideas.com\/blog\/wp-content\/uploads\/2021\/10\/android-icon-72x72-1.png","contentUrl":"https:\/\/www.cubodeideas.com\/blog\/wp-content\/uploads\/2021\/10\/android-icon-72x72-1.png","width":72,"height":72,"caption":"Cubo de Ideas"},"image":{"@id":"https:\/\/www.cubodeideas.com\/blog\/#\/schema\/logo\/image\/"},"sameAs":["https:\/\/www.facebook.com\/somoscubodeideas","https:\/\/x.com\/cubo_ideas","https:\/\/www.instagram.com\/cubodeideas"]},{"@type":"Person","@id":"https:\/\/www.cubodeideas.com\/blog\/#\/schema\/person\/5614e43eb76109017cff51a2c7928211","name":"Noel Castro","description":"LEM Noel Castro Monta\u00f1o es CEO de Cubo de Ideas, Director de Operaciones para Citosa Textiles. Asesor de nuevos mercados y estrategias digitales para el segmento Retail. Especialista en marketing para autoservicios y puntos de venta. Especialista en sistemas de gesti\u00f3n de la calidad con enfoque a la ISO 9001:2015","sameAs":["https:\/\/www.cubodeideas.com\/blog"],"url":"https:\/\/www.cubodeideas.com\/blog\/author\/admin\/"}]}},"jetpack_publicize_connections":[],"_links":{"self":[{"href":"https:\/\/www.cubodeideas.com\/blog\/wp-json\/wp\/v2\/posts\/2479","targetHints":{"allow":["GET"]}}],"collection":[{"href":"https:\/\/www.cubodeideas.com\/blog\/wp-json\/wp\/v2\/posts"}],"about":[{"href":"https:\/\/www.cubodeideas.com\/blog\/wp-json\/wp\/v2\/types\/post"}],"author":[{"embeddable":true,"href":"https:\/\/www.cubodeideas.com\/blog\/wp-json\/wp\/v2\/users\/1"}],"replies":[{"embeddable":true,"href":"https:\/\/www.cubodeideas.com\/blog\/wp-json\/wp\/v2\/comments?post=2479"}],"version-history":[{"count":1,"href":"https:\/\/www.cubodeideas.com\/blog\/wp-json\/wp\/v2\/posts\/2479\/revisions"}],"predecessor-version":[{"id":2481,"href":"https:\/\/www.cubodeideas.com\/blog\/wp-json\/wp\/v2\/posts\/2479\/revisions\/2481"}],"wp:featuredmedia":[{"embeddable":true,"href":"https:\/\/www.cubodeideas.com\/blog\/wp-json\/wp\/v2\/media\/2480"}],"wp:attachment":[{"href":"https:\/\/www.cubodeideas.com\/blog\/wp-json\/wp\/v2\/media?parent=2479"}],"wp:term":[{"taxonomy":"category","embeddable":true,"href":"https:\/\/www.cubodeideas.com\/blog\/wp-json\/wp\/v2\/categories?post=2479"},{"taxonomy":"post_tag","embeddable":true,"href":"https:\/\/www.cubodeideas.com\/blog\/wp-json\/wp\/v2\/tags?post=2479"}],"curies":[{"name":"wp","href":"https:\/\/api.w.org\/{rel}","templated":true}]}}