{"id":2470,"date":"2025-06-06T21:04:56","date_gmt":"2025-06-06T21:04:56","guid":{"rendered":"https:\/\/www.cubodeideas.com\/blog\/?p=2470"},"modified":"2025-06-06T21:04:56","modified_gmt":"2025-06-06T21:04:56","slug":"calidad-en-cadenas-inestables-protege-tus-entregas-clave","status":"publish","type":"post","link":"https:\/\/www.cubodeideas.com\/blog\/calidad-total\/calidad-en-cadenas-inestables-protege-tus-entregas-clave\/","title":{"rendered":"Calidad en cadenas inestables: protege tus entregas clave"},"content":{"rendered":"<p data-start=\"374\" data-end=\"817\">Las cadenas de suministro globales han sido desafiadas por disrupciones constantes: pandemias, conflictos geopol\u00edticos, inflaci\u00f3n, escasez de materias primas y fen\u00f3menos clim\u00e1ticos extremos. En este contexto, garantizar la calidad de productos y servicios ya no depende \u00fanicamente de procesos internos, sino de toda la red de proveedores. Las organizaciones con <strong data-start=\"736\" data-end=\"770\">sistemas de gesti\u00f3n de calidad<\/strong> robustos tienen una clara ventaja competitiva.<\/p>\n<h2 data-start=\"819\" data-end=\"880\"><strong data-start=\"819\" data-end=\"880\">\u00bfQu\u00e9 riesgos afectan actualmente la cadena de suministro?<\/strong><\/h2>\n<p data-start=\"882\" data-end=\"977\">Antes de plantear soluciones, es necesario identificar los factores que provocan inestabilidad:<\/p>\n<ul data-start=\"979\" data-end=\"1178\">\n<li data-start=\"979\" data-end=\"1015\">\n<p data-start=\"981\" data-end=\"1015\">Variabilidad en tiempos de entrega<\/p>\n<\/li>\n<li data-start=\"1016\" data-end=\"1044\">\n<p data-start=\"1018\" data-end=\"1044\">Escasez de materias primas<\/p>\n<\/li>\n<li data-start=\"1045\" data-end=\"1078\">\n<p data-start=\"1047\" data-end=\"1078\">Incremento en costos log\u00edsticos<\/p>\n<\/li>\n<li data-start=\"1079\" data-end=\"1136\">\n<p data-start=\"1081\" data-end=\"1136\">Falta de cumplimiento por parte de proveedores externos<\/p>\n<\/li>\n<li data-start=\"1137\" data-end=\"1178\">\n<p data-start=\"1139\" data-end=\"1178\">Cambios en regulaciones internacionales<\/p>\n<\/li>\n<\/ul>\n<p data-start=\"1180\" data-end=\"1409\">Estos riesgos afectan directamente la calidad percibida por el cliente final. Una entrega tard\u00eda, un lote defectuoso o un cambio inesperado en las especificaciones pueden anular meses de esfuerzo en producci\u00f3n, ventas y servicio.<\/p>\n<p data-start=\"1411\" data-end=\"1449\"><strong data-start=\"1411\" data-end=\"1449\">La calidad no termina en tu planta<\/strong><\/p>\n<p data-start=\"1451\" data-end=\"1662\">Una de las claves del punto 8.4 de ISO 9001:2015 es la gesti\u00f3n del <strong data-start=\"1518\" data-end=\"1592\">control de procesos, productos y servicios proporcionados externamente<\/strong>. Es decir, la calidad debe extenderse a toda la cadena de suministro.<\/p>\n<p data-start=\"1664\" data-end=\"1677\">Esto implica:<\/p>\n<ul data-start=\"1679\" data-end=\"1993\">\n<li data-start=\"1679\" data-end=\"1781\">\n<p data-start=\"1681\" data-end=\"1781\"><strong data-start=\"1681\" data-end=\"1718\">Evaluar y seleccionar proveedores<\/strong> en funci\u00f3n de su capacidad para cumplir requisitos de calidad.<\/p>\n<\/li>\n<li data-start=\"1782\" data-end=\"1837\">\n<p data-start=\"1784\" data-end=\"1837\"><strong data-start=\"1784\" data-end=\"1836\">Documentar criterios de evaluaci\u00f3n y seguimiento<\/strong>.<\/p>\n<\/li>\n<li data-start=\"1838\" data-end=\"1920\">\n<p data-start=\"1840\" data-end=\"1920\"><strong data-start=\"1840\" data-end=\"1869\">Monitorear entregas clave<\/strong> mediante indicadores espec\u00edficos (OTIF, PPM, NCR).<\/p>\n<\/li>\n<li data-start=\"1921\" data-end=\"1993\">\n<p data-start=\"1923\" data-end=\"1993\">Implementar <strong data-start=\"1935\" data-end=\"1959\">acciones preventivas<\/strong> ante se\u00f1ales de riesgo log\u00edstico.<\/p>\n<\/li>\n<\/ul>\n<h3 data-start=\"1995\" data-end=\"2062\"><strong data-start=\"1995\" data-end=\"2062\">Estrategias para proteger entregas clave en entornos inestables<\/strong><\/h3>\n<p data-start=\"2064\" data-end=\"2270\">La protecci\u00f3n de entregas clave no depende solo de tener contratos firmados. Requiere de estrategias t\u00e9cnicas que anticipen fallas y aseguren la continuidad operativa. Aqu\u00ed te compartimos las m\u00e1s efectivas:<\/p>\n<p data-start=\"2313\" data-end=\"2547\">Clasifica a tus proveedores seg\u00fan dos variables: impacto en la operaci\u00f3n y nivel de riesgo log\u00edstico. As\u00ed puedes identificar cu\u00e1les son \u201ccr\u00edticos\u201d y requieren mayor monitoreo. Esta matriz debe integrarse a la planificaci\u00f3n de calidad.<\/p>\n<h3 data-start=\"2549\" data-end=\"2588\"><strong data-start=\"2549\" data-end=\"2588\">Planes de contingencia documentados<\/strong><\/h3>\n<p data-start=\"2590\" data-end=\"2893\">El punto 6.1 de ISO 9001 establece la necesidad de planificar acciones frente a riesgos. Tener <strong data-start=\"2685\" data-end=\"2749\">planes de contingencia espec\u00edficos para proveedores cr\u00edticos<\/strong> es indispensable. Esto incluye fuentes alternativas, stock de seguridad, acuerdos marco y validaciones predefinidas para cambios de materiales.<\/p>\n<p data-start=\"2944\" data-end=\"3255\">No siempre es viable auditar f\u00edsicamente a todos los proveedores. Por eso, muchas empresas est\u00e1n incorporando auditor\u00edas remotas, entrevistas virtuales y revisiones de documentaci\u00f3n como parte del control externo. Esto fortalece la trazabilidad y permite detectar desviaciones sin depender de la presencialidad.<\/p>\n<h3 data-start=\"3257\" data-end=\"3298\"><strong data-start=\"3257\" data-end=\"3298\">Aseguramiento de calidad en el origen<\/strong><\/h3>\n<p data-start=\"3300\" data-end=\"3586\">En lugar de revisar al recibir, algunas organizaciones implementan <strong data-start=\"3367\" data-end=\"3429\">esquemas de aseguramiento de calidad en el punto de origen<\/strong>. Esto puede implicar que el proveedor env\u00ede registros de inspecci\u00f3n, certificados o incluso que se audite en tiempo real mediante plataformas colaborativas.<\/p>\n<p data-start=\"3627\" data-end=\"3928\">Las relaciones proveedor-cliente deben evolucionar hacia una l\u00f3gica de colaboraci\u00f3n. En cadenas inestables, quienes trabajan en conjunto para cumplir la demanda con calidad son los que sobreviven. Esto puede incluir capacitaciones, acuerdos de mejora continua o desarrollo conjunto de fichas t\u00e9cnicas.<\/p>\n<h3 data-start=\"3930\" data-end=\"3973\"><strong data-start=\"3930\" data-end=\"3973\">Revisi\u00f3n peri\u00f3dica del contexto externo<\/strong><\/h3>\n<p data-start=\"3975\" data-end=\"4281\">El punto 4.1 de ISO 9001 exige considerar el <strong data-start=\"4020\" data-end=\"4051\">contexto de la organizaci\u00f3n<\/strong>. Esto debe incluir el entorno log\u00edstico. Si tus entregas dependen de rutas mar\u00edtimas bloqueadas, normativas aduanales cambiantes o zonas geogr\u00e1ficas con alta volatilidad, tu sistema de calidad debe reflejarlo en su planificaci\u00f3n.<\/p>\n<p data-start=\"4331\" data-end=\"4621\">Una mala pr\u00e1ctica com\u00fan es mantener especificaciones que no corresponden a los materiales realmente utilizados. Ante disrupciones, algunas empresas sustituyen materiales o cambian caracter\u00edsticas sin actualizar sus fichas t\u00e9cnicas o instructivos. Esto genera problemas serios en auditor\u00edas.<\/p>\n<h3 data-start=\"4623\" data-end=\"4669\"><strong data-start=\"4623\" data-end=\"4669\">Formaci\u00f3n del equipo en riesgos log\u00edsticos<\/strong><\/h3>\n<p data-start=\"4671\" data-end=\"4929\">El \u00e1rea de calidad no puede asumir sola la gesti\u00f3n del riesgo log\u00edstico. Es clave formar a compras, almac\u00e9n y producci\u00f3n sobre indicadores de riesgo, an\u00e1lisis de impacto y protocolos de escalamiento. Un sistema de calidad robusto requiere de transversalidad.<\/p>\n<p data-start=\"4975\" data-end=\"5250\">Hoy existen herramientas accesibles para peque\u00f1as empresas que permiten monitorear entregas, registrar incidencias y mantener trazabilidad documental. Plataformas como Trello, Notion, Monday o Google Workspace pueden adaptarse a este fin sin necesidad de grandes inversiones.<\/p>\n<p data-start=\"5252\" data-end=\"5319\"><strong data-start=\"5252\" data-end=\"5319\">Conclusi\u00f3n<\/strong><\/p>\n<p data-start=\"5321\" data-end=\"5662\">La <strong data-start=\"5324\" data-end=\"5358\">calidad en entornos inestables<\/strong> requiere visi\u00f3n estrat\u00e9gica, sistemas documentados, evaluaci\u00f3n constante y una cultura organizacional preparada para adaptarse. En vez de esperar a que una crisis te obligue a improvisar, es momento de anticiparte y construir un sistema de gesti\u00f3n que proteja tu operaci\u00f3n, tu reputaci\u00f3n y tus clientes.<\/p>\n<hr data-start=\"5664\" data-end=\"5667\" \/>\n<div class=\"pvc_clear\"><\/div>\n<p id=\"pvc_stats_2470\" class=\"pvc_stats all  \" data-element-id=\"2470\" style=\"\"><i class=\"pvc-stats-icon medium\" aria-hidden=\"true\"><svg aria-hidden=\"true\" focusable=\"false\" data-prefix=\"far\" data-icon=\"chart-bar\" role=\"img\" xmlns=\"http:\/\/www.w3.org\/2000\/svg\" viewBox=\"0 0 512 512\" class=\"svg-inline--fa fa-chart-bar fa-w-16 fa-2x\"><path fill=\"currentColor\" d=\"M396.8 352h22.4c6.4 0 12.8-6.4 12.8-12.8V108.8c0-6.4-6.4-12.8-12.8-12.8h-22.4c-6.4 0-12.8 6.4-12.8 12.8v230.4c0 6.4 6.4 12.8 12.8 12.8zm-192 0h22.4c6.4 0 12.8-6.4 12.8-12.8V140.8c0-6.4-6.4-12.8-12.8-12.8h-22.4c-6.4 0-12.8 6.4-12.8 12.8v198.4c0 6.4 6.4 12.8 12.8 12.8zm96 0h22.4c6.4 0 12.8-6.4 12.8-12.8V204.8c0-6.4-6.4-12.8-12.8-12.8h-22.4c-6.4 0-12.8 6.4-12.8 12.8v134.4c0 6.4 6.4 12.8 12.8 12.8zM496 400H48V80c0-8.84-7.16-16-16-16H16C7.16 64 0 71.16 0 80v336c0 17.67 14.33 32 32 32h464c8.84 0 16-7.16 16-16v-16c0-8.84-7.16-16-16-16zm-387.2-48h22.4c6.4 0 12.8-6.4 12.8-12.8v-70.4c0-6.4-6.4-12.8-12.8-12.8h-22.4c-6.4 0-12.8 6.4-12.8 12.8v70.4c0 6.4 6.4 12.8 12.8 12.8z\" class=\"\"><\/path><\/svg><\/i> <img loading=\"lazy\" decoding=\"async\" width=\"16\" height=\"16\" alt=\"Loading\" src=\"https:\/\/www.cubodeideas.com\/blog\/wp-content\/plugins\/page-views-count\/ajax-loader-2x.gif\" border=0 \/><\/p>\n<div class=\"pvc_clear\"><\/div>\n","protected":false},"excerpt":{"rendered":"<p>Las cadenas de suministro globales han sido desafiadas por disrupciones constantes: pandemias, conflictos geopol\u00edticos, inflaci\u00f3n, escasez de materias primas y fen\u00f3menos clim\u00e1ticos extremos. En este contexto, garantizar la calidad de productos y servicios ya no depende \u00fanicamente de procesos internos, sino de toda la red de proveedores. Las organizaciones con sistemas de gesti\u00f3n de calidad [&hellip;]<\/p>\n<div class=\"pvc_clear\"><\/div>\n<p id=\"pvc_stats_2470\" class=\"pvc_stats all  \" data-element-id=\"2470\" style=\"\"><i class=\"pvc-stats-icon medium\" aria-hidden=\"true\"><svg aria-hidden=\"true\" focusable=\"false\" data-prefix=\"far\" data-icon=\"chart-bar\" role=\"img\" xmlns=\"http:\/\/www.w3.org\/2000\/svg\" viewBox=\"0 0 512 512\" class=\"svg-inline--fa fa-chart-bar fa-w-16 fa-2x\"><path fill=\"currentColor\" d=\"M396.8 352h22.4c6.4 0 12.8-6.4 12.8-12.8V108.8c0-6.4-6.4-12.8-12.8-12.8h-22.4c-6.4 0-12.8 6.4-12.8 12.8v230.4c0 6.4 6.4 12.8 12.8 12.8zm-192 0h22.4c6.4 0 12.8-6.4 12.8-12.8V140.8c0-6.4-6.4-12.8-12.8-12.8h-22.4c-6.4 0-12.8 6.4-12.8 12.8v198.4c0 6.4 6.4 12.8 12.8 12.8zm96 0h22.4c6.4 0 12.8-6.4 12.8-12.8V204.8c0-6.4-6.4-12.8-12.8-12.8h-22.4c-6.4 0-12.8 6.4-12.8 12.8v134.4c0 6.4 6.4 12.8 12.8 12.8zM496 400H48V80c0-8.84-7.16-16-16-16H16C7.16 64 0 71.16 0 80v336c0 17.67 14.33 32 32 32h464c8.84 0 16-7.16 16-16v-16c0-8.84-7.16-16-16-16zm-387.2-48h22.4c6.4 0 12.8-6.4 12.8-12.8v-70.4c0-6.4-6.4-12.8-12.8-12.8h-22.4c-6.4 0-12.8 6.4-12.8 12.8v70.4c0 6.4 6.4 12.8 12.8 12.8z\" class=\"\"><\/path><\/svg><\/i> <img loading=\"lazy\" decoding=\"async\" width=\"16\" height=\"16\" alt=\"Loading\" src=\"https:\/\/www.cubodeideas.com\/blog\/wp-content\/plugins\/page-views-count\/ajax-loader-2x.gif\" border=0 \/><\/p>\n<div class=\"pvc_clear\"><\/div>\n","protected":false},"author":1,"featured_media":2471,"comment_status":"open","ping_status":"closed","sticky":false,"template":"","format":"standard","meta":{"footnotes":"","jetpack_publicize_message":"","jetpack_publicize_feature_enabled":true,"jetpack_social_post_already_shared":false,"jetpack_social_options":{"image_generator_settings":{"template":"highway","default_image_id":0,"font":"","enabled":false},"version":2}},"categories":[14],"tags":[73,56],"class_list":["post-2470","post","type-post","status-publish","format-standard","has-post-thumbnail","hentry","category-calidad-total","tag-cadena-de-suministro","tag-gestion-de-calidad"],"blocksy_meta":[],"yoast_head":"<!-- This site is optimized with the Yoast SEO plugin v27.0 - https:\/\/yoast.com\/product\/yoast-seo-wordpress\/ -->\n<title>Calidad en cadenas inestables: protege tus entregas clave -<\/title>\n<meta name=\"description\" content=\"\u00bfTus entregas se retrasan por problemas externos? Aprende c\u00f3mo proteger tu calidad en cadenas inestables con acciones concretas y auditables.\" \/>\n<meta name=\"robots\" content=\"index, follow, max-snippet:-1, max-image-preview:large, max-video-preview:-1\" \/>\n<link rel=\"canonical\" href=\"https:\/\/www.cubodeideas.com\/blog\/calidad-total\/calidad-en-cadenas-inestables-protege-tus-entregas-clave\/\" \/>\n<meta property=\"og:locale\" content=\"es_ES\" \/>\n<meta property=\"og:type\" content=\"article\" \/>\n<meta property=\"og:title\" content=\"Calidad en cadenas inestables: protege tus entregas clave -\" \/>\n<meta property=\"og:description\" content=\"\u00bfTus entregas se retrasan por problemas externos? Aprende c\u00f3mo proteger tu calidad en cadenas inestables con acciones concretas y auditables.\" \/>\n<meta property=\"og:url\" content=\"https:\/\/www.cubodeideas.com\/blog\/calidad-total\/calidad-en-cadenas-inestables-protege-tus-entregas-clave\/\" \/>\n<meta property=\"article:publisher\" content=\"https:\/\/www.facebook.com\/somoscubodeideas\" \/>\n<meta property=\"article:published_time\" content=\"2025-06-06T21:04:56+00:00\" \/>\n<meta property=\"og:image\" content=\"https:\/\/www.cubodeideas.com\/blog\/wp-content\/uploads\/2025\/06\/portada-malamen133.png\" \/>\n\t<meta property=\"og:image:width\" content=\"1640\" \/>\n\t<meta property=\"og:image:height\" content=\"924\" \/>\n\t<meta property=\"og:image:type\" content=\"image\/png\" \/>\n<meta name=\"author\" content=\"Noel Castro\" \/>\n<meta name=\"twitter:card\" content=\"summary_large_image\" \/>\n<meta name=\"twitter:creator\" content=\"@cubo_ideas\" \/>\n<meta name=\"twitter:site\" content=\"@cubo_ideas\" \/>\n<meta name=\"twitter:label1\" content=\"Escrito por\" \/>\n\t<meta name=\"twitter:data1\" content=\"Noel Castro\" \/>\n\t<meta name=\"twitter:label2\" content=\"Tiempo de lectura\" \/>\n\t<meta name=\"twitter:data2\" content=\"4 minutos\" \/>\n<script type=\"application\/ld+json\" class=\"yoast-schema-graph\">{\"@context\":\"https:\/\/schema.org\",\"@graph\":[{\"@type\":\"Article\",\"@id\":\"https:\/\/www.cubodeideas.com\/blog\/calidad-total\/calidad-en-cadenas-inestables-protege-tus-entregas-clave\/#article\",\"isPartOf\":{\"@id\":\"https:\/\/www.cubodeideas.com\/blog\/calidad-total\/calidad-en-cadenas-inestables-protege-tus-entregas-clave\/\"},\"author\":{\"name\":\"Noel Castro\",\"@id\":\"https:\/\/www.cubodeideas.com\/blog\/#\/schema\/person\/5614e43eb76109017cff51a2c7928211\"},\"headline\":\"Calidad en cadenas inestables: protege tus entregas clave\",\"datePublished\":\"2025-06-06T21:04:56+00:00\",\"mainEntityOfPage\":{\"@id\":\"https:\/\/www.cubodeideas.com\/blog\/calidad-total\/calidad-en-cadenas-inestables-protege-tus-entregas-clave\/\"},\"wordCount\":750,\"commentCount\":0,\"publisher\":{\"@id\":\"https:\/\/www.cubodeideas.com\/blog\/#organization\"},\"image\":{\"@id\":\"https:\/\/www.cubodeideas.com\/blog\/calidad-total\/calidad-en-cadenas-inestables-protege-tus-entregas-clave\/#primaryimage\"},\"thumbnailUrl\":\"https:\/\/www.cubodeideas.com\/blog\/wp-content\/uploads\/2025\/06\/portada-malamen133.png\",\"keywords\":[\"Cadena de suministro\",\"Gesti\u00f3n de Calidad\"],\"articleSection\":[\"Calidad Total\"],\"inLanguage\":\"es\",\"potentialAction\":[{\"@type\":\"CommentAction\",\"name\":\"Comment\",\"target\":[\"https:\/\/www.cubodeideas.com\/blog\/calidad-total\/calidad-en-cadenas-inestables-protege-tus-entregas-clave\/#respond\"]}]},{\"@type\":\"WebPage\",\"@id\":\"https:\/\/www.cubodeideas.com\/blog\/calidad-total\/calidad-en-cadenas-inestables-protege-tus-entregas-clave\/\",\"url\":\"https:\/\/www.cubodeideas.com\/blog\/calidad-total\/calidad-en-cadenas-inestables-protege-tus-entregas-clave\/\",\"name\":\"Calidad en cadenas inestables: protege tus entregas clave -\",\"isPartOf\":{\"@id\":\"https:\/\/www.cubodeideas.com\/blog\/#website\"},\"primaryImageOfPage\":{\"@id\":\"https:\/\/www.cubodeideas.com\/blog\/calidad-total\/calidad-en-cadenas-inestables-protege-tus-entregas-clave\/#primaryimage\"},\"image\":{\"@id\":\"https:\/\/www.cubodeideas.com\/blog\/calidad-total\/calidad-en-cadenas-inestables-protege-tus-entregas-clave\/#primaryimage\"},\"thumbnailUrl\":\"https:\/\/www.cubodeideas.com\/blog\/wp-content\/uploads\/2025\/06\/portada-malamen133.png\",\"datePublished\":\"2025-06-06T21:04:56+00:00\",\"description\":\"\u00bfTus entregas se retrasan por problemas externos? Aprende c\u00f3mo proteger tu calidad en cadenas inestables con acciones concretas y auditables.\",\"breadcrumb\":{\"@id\":\"https:\/\/www.cubodeideas.com\/blog\/calidad-total\/calidad-en-cadenas-inestables-protege-tus-entregas-clave\/#breadcrumb\"},\"inLanguage\":\"es\",\"potentialAction\":[{\"@type\":\"ReadAction\",\"target\":[\"https:\/\/www.cubodeideas.com\/blog\/calidad-total\/calidad-en-cadenas-inestables-protege-tus-entregas-clave\/\"]}]},{\"@type\":\"ImageObject\",\"inLanguage\":\"es\",\"@id\":\"https:\/\/www.cubodeideas.com\/blog\/calidad-total\/calidad-en-cadenas-inestables-protege-tus-entregas-clave\/#primaryimage\",\"url\":\"https:\/\/www.cubodeideas.com\/blog\/wp-content\/uploads\/2025\/06\/portada-malamen133.png\",\"contentUrl\":\"https:\/\/www.cubodeideas.com\/blog\/wp-content\/uploads\/2025\/06\/portada-malamen133.png\",\"width\":1640,\"height\":924,\"caption\":\"calidad en cadenas inestables\"},{\"@type\":\"BreadcrumbList\",\"@id\":\"https:\/\/www.cubodeideas.com\/blog\/calidad-total\/calidad-en-cadenas-inestables-protege-tus-entregas-clave\/#breadcrumb\",\"itemListElement\":[{\"@type\":\"ListItem\",\"position\":1,\"name\":\"Portada\",\"item\":\"https:\/\/www.cubodeideas.com\/blog\/\"},{\"@type\":\"ListItem\",\"position\":2,\"name\":\"Calidad en cadenas inestables: protege tus entregas clave\"}]},{\"@type\":\"WebSite\",\"@id\":\"https:\/\/www.cubodeideas.com\/blog\/#website\",\"url\":\"https:\/\/www.cubodeideas.com\/blog\/\",\"name\":\"Cubo de Ideas\",\"description\":\"Cubo de Ideas, El Blog\",\"publisher\":{\"@id\":\"https:\/\/www.cubodeideas.com\/blog\/#organization\"},\"potentialAction\":[{\"@type\":\"SearchAction\",\"target\":{\"@type\":\"EntryPoint\",\"urlTemplate\":\"https:\/\/www.cubodeideas.com\/blog\/?s={search_term_string}\"},\"query-input\":{\"@type\":\"PropertyValueSpecification\",\"valueRequired\":true,\"valueName\":\"search_term_string\"}}],\"inLanguage\":\"es\"},{\"@type\":\"Organization\",\"@id\":\"https:\/\/www.cubodeideas.com\/blog\/#organization\",\"name\":\"Cubo de Ideas\",\"url\":\"https:\/\/www.cubodeideas.com\/blog\/\",\"logo\":{\"@type\":\"ImageObject\",\"inLanguage\":\"es\",\"@id\":\"https:\/\/www.cubodeideas.com\/blog\/#\/schema\/logo\/image\/\",\"url\":\"https:\/\/www.cubodeideas.com\/blog\/wp-content\/uploads\/2021\/10\/android-icon-72x72-1.png\",\"contentUrl\":\"https:\/\/www.cubodeideas.com\/blog\/wp-content\/uploads\/2021\/10\/android-icon-72x72-1.png\",\"width\":72,\"height\":72,\"caption\":\"Cubo de Ideas\"},\"image\":{\"@id\":\"https:\/\/www.cubodeideas.com\/blog\/#\/schema\/logo\/image\/\"},\"sameAs\":[\"https:\/\/www.facebook.com\/somoscubodeideas\",\"https:\/\/x.com\/cubo_ideas\",\"https:\/\/www.instagram.com\/cubodeideas\"]},{\"@type\":\"Person\",\"@id\":\"https:\/\/www.cubodeideas.com\/blog\/#\/schema\/person\/5614e43eb76109017cff51a2c7928211\",\"name\":\"Noel Castro\",\"description\":\"LEM Noel Castro Monta\u00f1o es CEO de Cubo de Ideas, Director de Operaciones para Citosa Textiles. Asesor de nuevos mercados y estrategias digitales para el segmento Retail. Especialista en marketing para autoservicios y puntos de venta. Especialista en sistemas de gesti\u00f3n de la calidad con enfoque a la ISO 9001:2015\",\"sameAs\":[\"https:\/\/www.cubodeideas.com\/blog\"],\"url\":\"https:\/\/www.cubodeideas.com\/blog\/author\/admin\/\"}]}<\/script>\n<!-- \/ Yoast SEO plugin. -->","yoast_head_json":{"title":"Calidad en cadenas inestables: protege tus entregas clave -","description":"\u00bfTus entregas se retrasan por problemas externos? Aprende c\u00f3mo proteger tu calidad en cadenas inestables con acciones concretas y auditables.","robots":{"index":"index","follow":"follow","max-snippet":"max-snippet:-1","max-image-preview":"max-image-preview:large","max-video-preview":"max-video-preview:-1"},"canonical":"https:\/\/www.cubodeideas.com\/blog\/calidad-total\/calidad-en-cadenas-inestables-protege-tus-entregas-clave\/","og_locale":"es_ES","og_type":"article","og_title":"Calidad en cadenas inestables: protege tus entregas clave -","og_description":"\u00bfTus entregas se retrasan por problemas externos? Aprende c\u00f3mo proteger tu calidad en cadenas inestables con acciones concretas y auditables.","og_url":"https:\/\/www.cubodeideas.com\/blog\/calidad-total\/calidad-en-cadenas-inestables-protege-tus-entregas-clave\/","article_publisher":"https:\/\/www.facebook.com\/somoscubodeideas","article_published_time":"2025-06-06T21:04:56+00:00","og_image":[{"width":1640,"height":924,"url":"https:\/\/www.cubodeideas.com\/blog\/wp-content\/uploads\/2025\/06\/portada-malamen133.png","type":"image\/png"}],"author":"Noel Castro","twitter_card":"summary_large_image","twitter_creator":"@cubo_ideas","twitter_site":"@cubo_ideas","twitter_misc":{"Escrito por":"Noel Castro","Tiempo de lectura":"4 minutos"},"schema":{"@context":"https:\/\/schema.org","@graph":[{"@type":"Article","@id":"https:\/\/www.cubodeideas.com\/blog\/calidad-total\/calidad-en-cadenas-inestables-protege-tus-entregas-clave\/#article","isPartOf":{"@id":"https:\/\/www.cubodeideas.com\/blog\/calidad-total\/calidad-en-cadenas-inestables-protege-tus-entregas-clave\/"},"author":{"name":"Noel Castro","@id":"https:\/\/www.cubodeideas.com\/blog\/#\/schema\/person\/5614e43eb76109017cff51a2c7928211"},"headline":"Calidad en cadenas inestables: protege tus entregas clave","datePublished":"2025-06-06T21:04:56+00:00","mainEntityOfPage":{"@id":"https:\/\/www.cubodeideas.com\/blog\/calidad-total\/calidad-en-cadenas-inestables-protege-tus-entregas-clave\/"},"wordCount":750,"commentCount":0,"publisher":{"@id":"https:\/\/www.cubodeideas.com\/blog\/#organization"},"image":{"@id":"https:\/\/www.cubodeideas.com\/blog\/calidad-total\/calidad-en-cadenas-inestables-protege-tus-entregas-clave\/#primaryimage"},"thumbnailUrl":"https:\/\/www.cubodeideas.com\/blog\/wp-content\/uploads\/2025\/06\/portada-malamen133.png","keywords":["Cadena de suministro","Gesti\u00f3n de Calidad"],"articleSection":["Calidad Total"],"inLanguage":"es","potentialAction":[{"@type":"CommentAction","name":"Comment","target":["https:\/\/www.cubodeideas.com\/blog\/calidad-total\/calidad-en-cadenas-inestables-protege-tus-entregas-clave\/#respond"]}]},{"@type":"WebPage","@id":"https:\/\/www.cubodeideas.com\/blog\/calidad-total\/calidad-en-cadenas-inestables-protege-tus-entregas-clave\/","url":"https:\/\/www.cubodeideas.com\/blog\/calidad-total\/calidad-en-cadenas-inestables-protege-tus-entregas-clave\/","name":"Calidad en cadenas inestables: protege tus entregas clave -","isPartOf":{"@id":"https:\/\/www.cubodeideas.com\/blog\/#website"},"primaryImageOfPage":{"@id":"https:\/\/www.cubodeideas.com\/blog\/calidad-total\/calidad-en-cadenas-inestables-protege-tus-entregas-clave\/#primaryimage"},"image":{"@id":"https:\/\/www.cubodeideas.com\/blog\/calidad-total\/calidad-en-cadenas-inestables-protege-tus-entregas-clave\/#primaryimage"},"thumbnailUrl":"https:\/\/www.cubodeideas.com\/blog\/wp-content\/uploads\/2025\/06\/portada-malamen133.png","datePublished":"2025-06-06T21:04:56+00:00","description":"\u00bfTus entregas se retrasan por problemas externos? Aprende c\u00f3mo proteger tu calidad en cadenas inestables con acciones concretas y auditables.","breadcrumb":{"@id":"https:\/\/www.cubodeideas.com\/blog\/calidad-total\/calidad-en-cadenas-inestables-protege-tus-entregas-clave\/#breadcrumb"},"inLanguage":"es","potentialAction":[{"@type":"ReadAction","target":["https:\/\/www.cubodeideas.com\/blog\/calidad-total\/calidad-en-cadenas-inestables-protege-tus-entregas-clave\/"]}]},{"@type":"ImageObject","inLanguage":"es","@id":"https:\/\/www.cubodeideas.com\/blog\/calidad-total\/calidad-en-cadenas-inestables-protege-tus-entregas-clave\/#primaryimage","url":"https:\/\/www.cubodeideas.com\/blog\/wp-content\/uploads\/2025\/06\/portada-malamen133.png","contentUrl":"https:\/\/www.cubodeideas.com\/blog\/wp-content\/uploads\/2025\/06\/portada-malamen133.png","width":1640,"height":924,"caption":"calidad en cadenas inestables"},{"@type":"BreadcrumbList","@id":"https:\/\/www.cubodeideas.com\/blog\/calidad-total\/calidad-en-cadenas-inestables-protege-tus-entregas-clave\/#breadcrumb","itemListElement":[{"@type":"ListItem","position":1,"name":"Portada","item":"https:\/\/www.cubodeideas.com\/blog\/"},{"@type":"ListItem","position":2,"name":"Calidad en cadenas inestables: protege tus entregas clave"}]},{"@type":"WebSite","@id":"https:\/\/www.cubodeideas.com\/blog\/#website","url":"https:\/\/www.cubodeideas.com\/blog\/","name":"Cubo de Ideas","description":"Cubo de Ideas, El Blog","publisher":{"@id":"https:\/\/www.cubodeideas.com\/blog\/#organization"},"potentialAction":[{"@type":"SearchAction","target":{"@type":"EntryPoint","urlTemplate":"https:\/\/www.cubodeideas.com\/blog\/?s={search_term_string}"},"query-input":{"@type":"PropertyValueSpecification","valueRequired":true,"valueName":"search_term_string"}}],"inLanguage":"es"},{"@type":"Organization","@id":"https:\/\/www.cubodeideas.com\/blog\/#organization","name":"Cubo de Ideas","url":"https:\/\/www.cubodeideas.com\/blog\/","logo":{"@type":"ImageObject","inLanguage":"es","@id":"https:\/\/www.cubodeideas.com\/blog\/#\/schema\/logo\/image\/","url":"https:\/\/www.cubodeideas.com\/blog\/wp-content\/uploads\/2021\/10\/android-icon-72x72-1.png","contentUrl":"https:\/\/www.cubodeideas.com\/blog\/wp-content\/uploads\/2021\/10\/android-icon-72x72-1.png","width":72,"height":72,"caption":"Cubo de Ideas"},"image":{"@id":"https:\/\/www.cubodeideas.com\/blog\/#\/schema\/logo\/image\/"},"sameAs":["https:\/\/www.facebook.com\/somoscubodeideas","https:\/\/x.com\/cubo_ideas","https:\/\/www.instagram.com\/cubodeideas"]},{"@type":"Person","@id":"https:\/\/www.cubodeideas.com\/blog\/#\/schema\/person\/5614e43eb76109017cff51a2c7928211","name":"Noel Castro","description":"LEM Noel Castro Monta\u00f1o es CEO de Cubo de Ideas, Director de Operaciones para Citosa Textiles. Asesor de nuevos mercados y estrategias digitales para el segmento Retail. Especialista en marketing para autoservicios y puntos de venta. Especialista en sistemas de gesti\u00f3n de la calidad con enfoque a la ISO 9001:2015","sameAs":["https:\/\/www.cubodeideas.com\/blog"],"url":"https:\/\/www.cubodeideas.com\/blog\/author\/admin\/"}]}},"jetpack_publicize_connections":[],"_links":{"self":[{"href":"https:\/\/www.cubodeideas.com\/blog\/wp-json\/wp\/v2\/posts\/2470","targetHints":{"allow":["GET"]}}],"collection":[{"href":"https:\/\/www.cubodeideas.com\/blog\/wp-json\/wp\/v2\/posts"}],"about":[{"href":"https:\/\/www.cubodeideas.com\/blog\/wp-json\/wp\/v2\/types\/post"}],"author":[{"embeddable":true,"href":"https:\/\/www.cubodeideas.com\/blog\/wp-json\/wp\/v2\/users\/1"}],"replies":[{"embeddable":true,"href":"https:\/\/www.cubodeideas.com\/blog\/wp-json\/wp\/v2\/comments?post=2470"}],"version-history":[{"count":1,"href":"https:\/\/www.cubodeideas.com\/blog\/wp-json\/wp\/v2\/posts\/2470\/revisions"}],"predecessor-version":[{"id":2472,"href":"https:\/\/www.cubodeideas.com\/blog\/wp-json\/wp\/v2\/posts\/2470\/revisions\/2472"}],"wp:featuredmedia":[{"embeddable":true,"href":"https:\/\/www.cubodeideas.com\/blog\/wp-json\/wp\/v2\/media\/2471"}],"wp:attachment":[{"href":"https:\/\/www.cubodeideas.com\/blog\/wp-json\/wp\/v2\/media?parent=2470"}],"wp:term":[{"taxonomy":"category","embeddable":true,"href":"https:\/\/www.cubodeideas.com\/blog\/wp-json\/wp\/v2\/categories?post=2470"},{"taxonomy":"post_tag","embeddable":true,"href":"https:\/\/www.cubodeideas.com\/blog\/wp-json\/wp\/v2\/tags?post=2470"}],"curies":[{"name":"wp","href":"https:\/\/api.w.org\/{rel}","templated":true}]}}