{"id":2467,"date":"2025-06-06T19:15:46","date_gmt":"2025-06-06T19:15:46","guid":{"rendered":"https:\/\/www.cubodeideas.com\/blog\/?p=2467"},"modified":"2025-06-06T19:15:46","modified_gmt":"2025-06-06T19:15:46","slug":"iso-9001-revision-2025-ajustes-clave-para-tu-pyme","status":"publish","type":"post","link":"https:\/\/www.cubodeideas.com\/blog\/calidad-total\/iso-9001-revision-2025-ajustes-clave-para-tu-pyme\/","title":{"rendered":"ISO 9001 revisi\u00f3n 2025: ajustes clave para tu PYME"},"content":{"rendered":"<p data-start=\"425\" data-end=\"701\">En 2025, ISO public\u00f3 la revisi\u00f3n m\u00e1s reciente de la norma <strong data-start=\"483\" data-end=\"495\">ISO 9001<\/strong>, generando preguntas clave para las organizaciones certificadas: \u00bfcu\u00e1les son los cambios?, \u00bfc\u00f3mo impactan al sistema de gesti\u00f3n de la calidad?, \u00bfqu\u00e9 debo ajustar para mantener la certificaci\u00f3n sin riesgos?<\/p>\n<p data-start=\"703\" data-end=\"1023\">Esta actualizaci\u00f3n no implica una nueva versi\u00f3n completa de la norma (como ocurri\u00f3 en 2015), pero s\u00ed introduce ajustes significativos que las PYMES deben incorporar de inmediato en su documentaci\u00f3n, operaciones y enfoque estrat\u00e9gico. Ignorar estos cambios podr\u00eda derivar en hallazgos mayores durante auditor\u00edas externas.<\/p>\n<h2 data-start=\"1025\" data-end=\"1074\"><strong data-start=\"1025\" data-end=\"1074\">\u00bfPor qu\u00e9 se revis\u00f3 la norma ISO 9001 en 2025?<\/strong><\/h2>\n<p data-start=\"1076\" data-end=\"1359\">Seg\u00fan el procedimiento sistem\u00e1tico de revisi\u00f3n de ISO, cada norma debe evaluarse al menos cada cinco a\u00f1os para garantizar su vigencia y pertinencia. La revisi\u00f3n de <strong data-start=\"1240\" data-end=\"1257\">ISO 9001:2015<\/strong> responde a un entorno empresarial cada vez m\u00e1s digital, interconectado y sensible al contexto global.<\/p>\n<p data-start=\"1361\" data-end=\"1531\">Adem\u00e1s, se aline\u00f3 con iniciativas como el <strong data-start=\"1403\" data-end=\"1415\">Anexo SL<\/strong> y otros est\u00e1ndares de sistemas de gesti\u00f3n como ISO 14001, 45001 y 27001, permitiendo una integraci\u00f3n m\u00e1s eficiente.<\/p>\n<h3 data-start=\"1533\" data-end=\"1593\"><strong data-start=\"1533\" data-end=\"1593\">Principales ajustes en ISO 9001 tras la revisi\u00f3n de 2025<\/strong><\/h3>\n<p data-start=\"1595\" data-end=\"1814\">Los cambios m\u00e1s relevantes no est\u00e1n en la estructura general, sino en los enfoques operativos, interpretativos y en algunos t\u00e9rminos clave. A continuaci\u00f3n se describen los puntos que toda PYME debe revisar y actualizar.<\/p>\n<h3 data-start=\"1816\" data-end=\"1873\"><strong data-start=\"1816\" data-end=\"1873\">Nuevo \u00e9nfasis en la gesti\u00f3n del cambio organizacional<\/strong><\/h3>\n<p data-start=\"1875\" data-end=\"2212\">Uno de los ajustes m\u00e1s notorios es el enfoque reforzado hacia la <strong data-start=\"1940\" data-end=\"1962\">gesti\u00f3n del cambio<\/strong>. Aunque ya se encontraba mencionado en puntos como el 6.3, ahora se espera que las organizaciones no solo planifiquen cambios, sino que documenten su impacto, definan responsables, establezcan criterios de monitoreo y aseguren continuidad operativa.<\/p>\n<h3 data-start=\"2214\" data-end=\"2270\"><strong data-start=\"2214\" data-end=\"2270\">Incorporaci\u00f3n expl\u00edcita de la transformaci\u00f3n digital<\/strong><\/h3>\n<p data-start=\"2272\" data-end=\"2555\">La revisi\u00f3n incluye la necesidad de considerar la <strong data-start=\"2322\" data-end=\"2348\">transformaci\u00f3n digital<\/strong> dentro del an\u00e1lisis de contexto y planificaci\u00f3n estrat\u00e9gica. Esto implica que debes analizar el impacto de herramientas digitales, automatizaci\u00f3n, plataformas en la nube y ciberseguridad sobre tus procesos.<\/p>\n<p data-start=\"2557\" data-end=\"2750\">Espec\u00edficamente, en el punto 4.1 (contexto de la organizaci\u00f3n) y 6.1 (riesgos y oportunidades), se solicita evaluar c\u00f3mo los cambios tecnol\u00f3gicos afectan el cumplimiento del sistema de calidad.<\/p>\n<h3 data-start=\"2752\" data-end=\"2814\"><strong data-start=\"2752\" data-end=\"2814\">Mayor precisi\u00f3n en la identificaci\u00f3n de partes interesadas<\/strong><\/h3>\n<p data-start=\"2816\" data-end=\"3065\">El punto 4.2 ahora demanda una <strong data-start=\"2847\" data-end=\"2893\">evaluaci\u00f3n peri\u00f3dica de partes interesadas<\/strong> con criterios claros de seguimiento. Ya no basta con listarlas: debes justificar su relevancia, definir expectativas espec\u00edficas y mostrar c\u00f3mo se gestionan en el sistema.<\/p>\n<h3 data-start=\"3067\" data-end=\"3131\"><strong data-start=\"3067\" data-end=\"3131\">Integraci\u00f3n de conceptos de sostenibilidad y responsabilidad<\/strong><\/h3>\n<p data-start=\"3133\" data-end=\"3438\">Aunque ISO 9001 sigue enfocada en calidad, la revisi\u00f3n de 2025 incorpora la necesidad de vincular el sistema con temas de sostenibilidad, eficiencia energ\u00e9tica y responsabilidad social, especialmente cuando estos aspectos afectan la percepci\u00f3n de calidad por parte del cliente o de organismos reguladores.<\/p>\n<h3 data-start=\"3440\" data-end=\"3496\"><strong data-start=\"3440\" data-end=\"3496\">Requisitos m\u00e1s estrictos sobre evidencia documentada<\/strong><\/h3>\n<p data-start=\"3498\" data-end=\"3793\">La secci\u00f3n 7.5 sobre <strong data-start=\"3519\" data-end=\"3546\">informaci\u00f3n documentada<\/strong> mantiene su estructura, pero se aclara que la evidencia debe estar accesible, controlada, actualizada y respaldada tecnol\u00f3gicamente. Se espera mayor trazabilidad en versiones, accesos y mecanismos de respaldo, especialmente en auditor\u00edas remotas.<\/p>\n<h3 data-start=\"3795\" data-end=\"3860\"><strong data-start=\"3795\" data-end=\"3860\">Actualizaciones en lenguaje y alineaci\u00f3n con otros est\u00e1ndares<\/strong><\/h3>\n<p data-start=\"3862\" data-end=\"4161\">La terminolog\u00eda fue afinada para mejorar la coherencia con otros sistemas de gesti\u00f3n. Por ejemplo, la palabra \u201cproductos\u201d ahora abarca tambi\u00e9n \u201cservicios\u201d de forma expl\u00edcita en todos los puntos donde aplica. Esto es clave para PYMES que prestan servicios y antes adaptaban la norma de forma ambigua.<\/p>\n<h3 data-start=\"4163\" data-end=\"4212\"><strong data-start=\"4163\" data-end=\"4212\">Qu\u00e9 debes ajustar ya en tu sistema de calidad<\/strong><\/h3>\n<p data-start=\"4214\" data-end=\"4311\">Para evitar riesgos en tu pr\u00f3xima auditor\u00eda, te recomendamos actuar sobre los siguientes frentes:<\/p>\n<ul data-start=\"4313\" data-end=\"4876\">\n<li data-start=\"4313\" data-end=\"4397\">\n<p data-start=\"4315\" data-end=\"4397\">Actualiza el an\u00e1lisis del contexto considerando factores tecnol\u00f3gicos y digitales.<\/p>\n<\/li>\n<li data-start=\"4398\" data-end=\"4501\">\n<p data-start=\"4400\" data-end=\"4501\">Revisa y documenta c\u00f3mo gestionas los cambios: desde modificaciones internas hasta impactos externos.<\/p>\n<\/li>\n<li data-start=\"4502\" data-end=\"4623\">\n<p data-start=\"4504\" data-end=\"4623\">Fortalece la identificaci\u00f3n de <strong data-start=\"4535\" data-end=\"4568\">partes interesadas relevantes<\/strong> con indicadores, evidencia y periodicidad de revisi\u00f3n.<\/p>\n<\/li>\n<li data-start=\"4624\" data-end=\"4740\">\n<p data-start=\"4626\" data-end=\"4740\">Eval\u00faa si tus controles documentales cumplen con los nuevos requerimientos de accesibilidad, seguridad y respaldo.<\/p>\n<\/li>\n<li data-start=\"4741\" data-end=\"4876\">\n<p data-start=\"4743\" data-end=\"4876\">Incorpora evidencia que muestre tu compromiso con la sostenibilidad, especialmente si est\u00e1s en sectores con regulaciones ambientales.<\/p>\n<\/li>\n<\/ul>\n<h3 data-start=\"4878\" data-end=\"4929\"><strong data-start=\"4878\" data-end=\"4929\">C\u00f3mo comunicar los cambios al equipo de trabajo<\/strong><\/h3>\n<p data-start=\"4931\" data-end=\"5084\">Es esencial que tu equipo est\u00e9 informado y capacitado sobre los ajustes. Esto no implica rehacer el sistema completo, pero s\u00ed reforzar puntos clave como:<\/p>\n<ul data-start=\"5086\" data-end=\"5306\">\n<li data-start=\"5086\" data-end=\"5149\">\n<p data-start=\"5088\" data-end=\"5149\">Diferencia entre cambios en procesos y cambios en el sistema.<\/p>\n<\/li>\n<li data-start=\"5150\" data-end=\"5225\">\n<p data-start=\"5152\" data-end=\"5225\">C\u00f3mo se registran y validan acciones relacionadas con partes interesadas.<\/p>\n<\/li>\n<li data-start=\"5226\" data-end=\"5306\">\n<p data-start=\"5228\" data-end=\"5306\">Cu\u00e1ndo se actualiza un procedimiento, formato o instructivo y qui\u00e9n lo valida.<\/p>\n<\/li>\n<\/ul>\n<p data-start=\"5308\" data-end=\"5444\">Una buena pr\u00e1ctica es elaborar un resumen t\u00e9cnico interno con los ajustes de la norma, y usarlo como base para sesiones de capacitaci\u00f3n.<\/p>\n<h3 data-start=\"5446\" data-end=\"5496\"><strong data-start=\"5446\" data-end=\"5496\">Impacto de los cambios en auditor\u00edas 2025\u20132026<\/strong><\/h3>\n<p data-start=\"5498\" data-end=\"5760\">Las entidades certificadoras ya est\u00e1n comenzando a evaluar estos ajustes, aunque se espera un periodo de transici\u00f3n de 12 a 18 meses. Esto significa que tu organizaci\u00f3n debe mostrar avances claros desde ya, incluso si no es obligatorio el cumplimiento inmediato.<\/p>\n<p data-start=\"5762\" data-end=\"5938\">En auditor\u00edas de seguimiento, se revisar\u00e1 si la organizaci\u00f3n est\u00e1 al tanto de la revisi\u00f3n, ha identificado qu\u00e9 debe cambiar y tiene un plan de acci\u00f3n con responsables y fechas.<\/p>\n<p data-start=\"5940\" data-end=\"5954\"><strong data-start=\"5940\" data-end=\"5954\">Conclusi\u00f3n<\/strong><\/p>\n<p data-start=\"5956\" data-end=\"6330\">La revisi\u00f3n de <strong data-start=\"5971\" data-end=\"5991\">ISO 9001 en 2025<\/strong> no cambia el n\u00facleo de la norma, pero s\u00ed modifica aspectos que impactan directamente la forma en que tu PYME documenta, ejecuta y mejora su sistema de gesti\u00f3n. Actuar con anticipaci\u00f3n no solo te asegura el cumplimiento, sino que te permite fortalecer tu competitividad y adaptarte mejor a un entorno empresarial que cambia constantemente.<\/p>\n<div class=\"pvc_clear\"><\/div>\n<p id=\"pvc_stats_2467\" class=\"pvc_stats all  \" data-element-id=\"2467\" style=\"\"><i class=\"pvc-stats-icon medium\" aria-hidden=\"true\"><svg aria-hidden=\"true\" focusable=\"false\" data-prefix=\"far\" data-icon=\"chart-bar\" role=\"img\" xmlns=\"http:\/\/www.w3.org\/2000\/svg\" viewBox=\"0 0 512 512\" class=\"svg-inline--fa fa-chart-bar fa-w-16 fa-2x\"><path fill=\"currentColor\" d=\"M396.8 352h22.4c6.4 0 12.8-6.4 12.8-12.8V108.8c0-6.4-6.4-12.8-12.8-12.8h-22.4c-6.4 0-12.8 6.4-12.8 12.8v230.4c0 6.4 6.4 12.8 12.8 12.8zm-192 0h22.4c6.4 0 12.8-6.4 12.8-12.8V140.8c0-6.4-6.4-12.8-12.8-12.8h-22.4c-6.4 0-12.8 6.4-12.8 12.8v198.4c0 6.4 6.4 12.8 12.8 12.8zm96 0h22.4c6.4 0 12.8-6.4 12.8-12.8V204.8c0-6.4-6.4-12.8-12.8-12.8h-22.4c-6.4 0-12.8 6.4-12.8 12.8v134.4c0 6.4 6.4 12.8 12.8 12.8zM496 400H48V80c0-8.84-7.16-16-16-16H16C7.16 64 0 71.16 0 80v336c0 17.67 14.33 32 32 32h464c8.84 0 16-7.16 16-16v-16c0-8.84-7.16-16-16-16zm-387.2-48h22.4c6.4 0 12.8-6.4 12.8-12.8v-70.4c0-6.4-6.4-12.8-12.8-12.8h-22.4c-6.4 0-12.8 6.4-12.8 12.8v70.4c0 6.4 6.4 12.8 12.8 12.8z\" class=\"\"><\/path><\/svg><\/i> <img loading=\"lazy\" decoding=\"async\" width=\"16\" height=\"16\" alt=\"Loading\" src=\"https:\/\/www.cubodeideas.com\/blog\/wp-content\/plugins\/page-views-count\/ajax-loader-2x.gif\" border=0 \/><\/p>\n<div class=\"pvc_clear\"><\/div>\n","protected":false},"excerpt":{"rendered":"<p>En 2025, ISO public\u00f3 la revisi\u00f3n m\u00e1s reciente de la norma ISO 9001, generando preguntas clave para las organizaciones certificadas: \u00bfcu\u00e1les son los cambios?, \u00bfc\u00f3mo impactan al sistema de gesti\u00f3n de la calidad?, \u00bfqu\u00e9 debo ajustar para mantener la certificaci\u00f3n sin riesgos? Esta actualizaci\u00f3n no implica una nueva versi\u00f3n completa de la norma (como ocurri\u00f3 [&hellip;]<\/p>\n<div class=\"pvc_clear\"><\/div>\n<p id=\"pvc_stats_2467\" class=\"pvc_stats all  \" data-element-id=\"2467\" style=\"\"><i class=\"pvc-stats-icon medium\" aria-hidden=\"true\"><svg aria-hidden=\"true\" focusable=\"false\" data-prefix=\"far\" data-icon=\"chart-bar\" role=\"img\" xmlns=\"http:\/\/www.w3.org\/2000\/svg\" viewBox=\"0 0 512 512\" class=\"svg-inline--fa fa-chart-bar fa-w-16 fa-2x\"><path fill=\"currentColor\" d=\"M396.8 352h22.4c6.4 0 12.8-6.4 12.8-12.8V108.8c0-6.4-6.4-12.8-12.8-12.8h-22.4c-6.4 0-12.8 6.4-12.8 12.8v230.4c0 6.4 6.4 12.8 12.8 12.8zm-192 0h22.4c6.4 0 12.8-6.4 12.8-12.8V140.8c0-6.4-6.4-12.8-12.8-12.8h-22.4c-6.4 0-12.8 6.4-12.8 12.8v198.4c0 6.4 6.4 12.8 12.8 12.8zm96 0h22.4c6.4 0 12.8-6.4 12.8-12.8V204.8c0-6.4-6.4-12.8-12.8-12.8h-22.4c-6.4 0-12.8 6.4-12.8 12.8v134.4c0 6.4 6.4 12.8 12.8 12.8zM496 400H48V80c0-8.84-7.16-16-16-16H16C7.16 64 0 71.16 0 80v336c0 17.67 14.33 32 32 32h464c8.84 0 16-7.16 16-16v-16c0-8.84-7.16-16-16-16zm-387.2-48h22.4c6.4 0 12.8-6.4 12.8-12.8v-70.4c0-6.4-6.4-12.8-12.8-12.8h-22.4c-6.4 0-12.8 6.4-12.8 12.8v70.4c0 6.4 6.4 12.8 12.8 12.8z\" class=\"\"><\/path><\/svg><\/i> <img loading=\"lazy\" decoding=\"async\" width=\"16\" height=\"16\" alt=\"Loading\" src=\"https:\/\/www.cubodeideas.com\/blog\/wp-content\/plugins\/page-views-count\/ajax-loader-2x.gif\" border=0 \/><\/p>\n<div class=\"pvc_clear\"><\/div>\n","protected":false},"author":1,"featured_media":2468,"comment_status":"open","ping_status":"closed","sticky":false,"template":"","format":"standard","meta":{"footnotes":"","jetpack_publicize_message":"","jetpack_publicize_feature_enabled":true,"jetpack_social_post_already_shared":false,"jetpack_social_options":{"image_generator_settings":{"template":"highway","default_image_id":0,"font":"","enabled":false},"version":2}},"categories":[14],"tags":[1184,1185],"class_list":["post-2467","post","type-post","status-publish","format-standard","has-post-thumbnail","hentry","category-calidad-total","tag-ajustes-iso-9001","tag-revision-2025-iso"],"blocksy_meta":[],"yoast_head":"<!-- This site is optimized with the Yoast SEO plugin v27.0 - https:\/\/yoast.com\/product\/yoast-seo-wordpress\/ -->\n<title>ISO 9001 revisi\u00f3n 2025: ajustes clave para tu PYME -<\/title>\n<meta name=\"description\" content=\"Conoce los cambios de ISO 9001 revisi\u00f3n 2025 y lo que tu PYME debe ajustar ya para cumplir sin errores en auditor\u00edas externas.\" \/>\n<meta name=\"robots\" content=\"index, follow, max-snippet:-1, max-image-preview:large, max-video-preview:-1\" \/>\n<link rel=\"canonical\" href=\"https:\/\/www.cubodeideas.com\/blog\/calidad-total\/iso-9001-revision-2025-ajustes-clave-para-tu-pyme\/\" \/>\n<meta property=\"og:locale\" content=\"es_ES\" \/>\n<meta property=\"og:type\" content=\"article\" \/>\n<meta property=\"og:title\" content=\"ISO 9001 revisi\u00f3n 2025: ajustes clave para tu PYME -\" \/>\n<meta property=\"og:description\" content=\"Conoce los cambios de ISO 9001 revisi\u00f3n 2025 y lo que tu PYME debe ajustar ya para cumplir sin errores en auditor\u00edas externas.\" \/>\n<meta property=\"og:url\" content=\"https:\/\/www.cubodeideas.com\/blog\/calidad-total\/iso-9001-revision-2025-ajustes-clave-para-tu-pyme\/\" \/>\n<meta property=\"article:publisher\" content=\"https:\/\/www.facebook.com\/somoscubodeideas\" \/>\n<meta property=\"article:published_time\" content=\"2025-06-06T19:15:46+00:00\" \/>\n<meta property=\"og:image\" content=\"https:\/\/www.cubodeideas.com\/blog\/wp-content\/uploads\/2025\/06\/portada-malamen132.png\" \/>\n\t<meta property=\"og:image:width\" content=\"1640\" \/>\n\t<meta property=\"og:image:height\" content=\"924\" \/>\n\t<meta property=\"og:image:type\" content=\"image\/png\" \/>\n<meta name=\"author\" content=\"Noel Castro\" \/>\n<meta name=\"twitter:card\" content=\"summary_large_image\" \/>\n<meta name=\"twitter:creator\" content=\"@cubo_ideas\" \/>\n<meta name=\"twitter:site\" content=\"@cubo_ideas\" \/>\n<meta name=\"twitter:label1\" content=\"Escrito por\" \/>\n\t<meta name=\"twitter:data1\" content=\"Noel Castro\" \/>\n\t<meta name=\"twitter:label2\" content=\"Tiempo de lectura\" \/>\n\t<meta name=\"twitter:data2\" content=\"5 minutos\" \/>\n<script type=\"application\/ld+json\" class=\"yoast-schema-graph\">{\"@context\":\"https:\/\/schema.org\",\"@graph\":[{\"@type\":\"Article\",\"@id\":\"https:\/\/www.cubodeideas.com\/blog\/calidad-total\/iso-9001-revision-2025-ajustes-clave-para-tu-pyme\/#article\",\"isPartOf\":{\"@id\":\"https:\/\/www.cubodeideas.com\/blog\/calidad-total\/iso-9001-revision-2025-ajustes-clave-para-tu-pyme\/\"},\"author\":{\"name\":\"Noel Castro\",\"@id\":\"https:\/\/www.cubodeideas.com\/blog\/#\/schema\/person\/5614e43eb76109017cff51a2c7928211\"},\"headline\":\"ISO 9001 revisi\u00f3n 2025: ajustes clave para tu PYME\",\"datePublished\":\"2025-06-06T19:15:46+00:00\",\"mainEntityOfPage\":{\"@id\":\"https:\/\/www.cubodeideas.com\/blog\/calidad-total\/iso-9001-revision-2025-ajustes-clave-para-tu-pyme\/\"},\"wordCount\":934,\"commentCount\":0,\"publisher\":{\"@id\":\"https:\/\/www.cubodeideas.com\/blog\/#organization\"},\"image\":{\"@id\":\"https:\/\/www.cubodeideas.com\/blog\/calidad-total\/iso-9001-revision-2025-ajustes-clave-para-tu-pyme\/#primaryimage\"},\"thumbnailUrl\":\"https:\/\/www.cubodeideas.com\/blog\/wp-content\/uploads\/2025\/06\/portada-malamen132.png\",\"keywords\":[\"ajustes ISO 9001\",\"revisi\u00f3n 2025 ISO\"],\"articleSection\":[\"Calidad Total\"],\"inLanguage\":\"es\",\"potentialAction\":[{\"@type\":\"CommentAction\",\"name\":\"Comment\",\"target\":[\"https:\/\/www.cubodeideas.com\/blog\/calidad-total\/iso-9001-revision-2025-ajustes-clave-para-tu-pyme\/#respond\"]}]},{\"@type\":\"WebPage\",\"@id\":\"https:\/\/www.cubodeideas.com\/blog\/calidad-total\/iso-9001-revision-2025-ajustes-clave-para-tu-pyme\/\",\"url\":\"https:\/\/www.cubodeideas.com\/blog\/calidad-total\/iso-9001-revision-2025-ajustes-clave-para-tu-pyme\/\",\"name\":\"ISO 9001 revisi\u00f3n 2025: ajustes clave para tu PYME -\",\"isPartOf\":{\"@id\":\"https:\/\/www.cubodeideas.com\/blog\/#website\"},\"primaryImageOfPage\":{\"@id\":\"https:\/\/www.cubodeideas.com\/blog\/calidad-total\/iso-9001-revision-2025-ajustes-clave-para-tu-pyme\/#primaryimage\"},\"image\":{\"@id\":\"https:\/\/www.cubodeideas.com\/blog\/calidad-total\/iso-9001-revision-2025-ajustes-clave-para-tu-pyme\/#primaryimage\"},\"thumbnailUrl\":\"https:\/\/www.cubodeideas.com\/blog\/wp-content\/uploads\/2025\/06\/portada-malamen132.png\",\"datePublished\":\"2025-06-06T19:15:46+00:00\",\"description\":\"Conoce los cambios de ISO 9001 revisi\u00f3n 2025 y lo que tu PYME debe ajustar ya para cumplir sin errores en auditor\u00edas externas.\",\"breadcrumb\":{\"@id\":\"https:\/\/www.cubodeideas.com\/blog\/calidad-total\/iso-9001-revision-2025-ajustes-clave-para-tu-pyme\/#breadcrumb\"},\"inLanguage\":\"es\",\"potentialAction\":[{\"@type\":\"ReadAction\",\"target\":[\"https:\/\/www.cubodeideas.com\/blog\/calidad-total\/iso-9001-revision-2025-ajustes-clave-para-tu-pyme\/\"]}]},{\"@type\":\"ImageObject\",\"inLanguage\":\"es\",\"@id\":\"https:\/\/www.cubodeideas.com\/blog\/calidad-total\/iso-9001-revision-2025-ajustes-clave-para-tu-pyme\/#primaryimage\",\"url\":\"https:\/\/www.cubodeideas.com\/blog\/wp-content\/uploads\/2025\/06\/portada-malamen132.png\",\"contentUrl\":\"https:\/\/www.cubodeideas.com\/blog\/wp-content\/uploads\/2025\/06\/portada-malamen132.png\",\"width\":1640,\"height\":924,\"caption\":\"ISO 9001 revisi\u00f3n 2025\"},{\"@type\":\"BreadcrumbList\",\"@id\":\"https:\/\/www.cubodeideas.com\/blog\/calidad-total\/iso-9001-revision-2025-ajustes-clave-para-tu-pyme\/#breadcrumb\",\"itemListElement\":[{\"@type\":\"ListItem\",\"position\":1,\"name\":\"Portada\",\"item\":\"https:\/\/www.cubodeideas.com\/blog\/\"},{\"@type\":\"ListItem\",\"position\":2,\"name\":\"ISO 9001 revisi\u00f3n 2025: ajustes clave para tu PYME\"}]},{\"@type\":\"WebSite\",\"@id\":\"https:\/\/www.cubodeideas.com\/blog\/#website\",\"url\":\"https:\/\/www.cubodeideas.com\/blog\/\",\"name\":\"Cubo de Ideas\",\"description\":\"Cubo de Ideas, El Blog\",\"publisher\":{\"@id\":\"https:\/\/www.cubodeideas.com\/blog\/#organization\"},\"potentialAction\":[{\"@type\":\"SearchAction\",\"target\":{\"@type\":\"EntryPoint\",\"urlTemplate\":\"https:\/\/www.cubodeideas.com\/blog\/?s={search_term_string}\"},\"query-input\":{\"@type\":\"PropertyValueSpecification\",\"valueRequired\":true,\"valueName\":\"search_term_string\"}}],\"inLanguage\":\"es\"},{\"@type\":\"Organization\",\"@id\":\"https:\/\/www.cubodeideas.com\/blog\/#organization\",\"name\":\"Cubo de Ideas\",\"url\":\"https:\/\/www.cubodeideas.com\/blog\/\",\"logo\":{\"@type\":\"ImageObject\",\"inLanguage\":\"es\",\"@id\":\"https:\/\/www.cubodeideas.com\/blog\/#\/schema\/logo\/image\/\",\"url\":\"https:\/\/www.cubodeideas.com\/blog\/wp-content\/uploads\/2021\/10\/android-icon-72x72-1.png\",\"contentUrl\":\"https:\/\/www.cubodeideas.com\/blog\/wp-content\/uploads\/2021\/10\/android-icon-72x72-1.png\",\"width\":72,\"height\":72,\"caption\":\"Cubo de Ideas\"},\"image\":{\"@id\":\"https:\/\/www.cubodeideas.com\/blog\/#\/schema\/logo\/image\/\"},\"sameAs\":[\"https:\/\/www.facebook.com\/somoscubodeideas\",\"https:\/\/x.com\/cubo_ideas\",\"https:\/\/www.instagram.com\/cubodeideas\"]},{\"@type\":\"Person\",\"@id\":\"https:\/\/www.cubodeideas.com\/blog\/#\/schema\/person\/5614e43eb76109017cff51a2c7928211\",\"name\":\"Noel Castro\",\"description\":\"LEM Noel Castro Monta\u00f1o es CEO de Cubo de Ideas, Director de Operaciones para Citosa Textiles. Asesor de nuevos mercados y estrategias digitales para el segmento Retail. Especialista en marketing para autoservicios y puntos de venta. Especialista en sistemas de gesti\u00f3n de la calidad con enfoque a la ISO 9001:2015\",\"sameAs\":[\"https:\/\/www.cubodeideas.com\/blog\"],\"url\":\"https:\/\/www.cubodeideas.com\/blog\/author\/admin\/\"}]}<\/script>\n<!-- \/ Yoast SEO plugin. -->","yoast_head_json":{"title":"ISO 9001 revisi\u00f3n 2025: ajustes clave para tu PYME -","description":"Conoce los cambios de ISO 9001 revisi\u00f3n 2025 y lo que tu PYME debe ajustar ya para cumplir sin errores en auditor\u00edas externas.","robots":{"index":"index","follow":"follow","max-snippet":"max-snippet:-1","max-image-preview":"max-image-preview:large","max-video-preview":"max-video-preview:-1"},"canonical":"https:\/\/www.cubodeideas.com\/blog\/calidad-total\/iso-9001-revision-2025-ajustes-clave-para-tu-pyme\/","og_locale":"es_ES","og_type":"article","og_title":"ISO 9001 revisi\u00f3n 2025: ajustes clave para tu PYME -","og_description":"Conoce los cambios de ISO 9001 revisi\u00f3n 2025 y lo que tu PYME debe ajustar ya para cumplir sin errores en auditor\u00edas externas.","og_url":"https:\/\/www.cubodeideas.com\/blog\/calidad-total\/iso-9001-revision-2025-ajustes-clave-para-tu-pyme\/","article_publisher":"https:\/\/www.facebook.com\/somoscubodeideas","article_published_time":"2025-06-06T19:15:46+00:00","og_image":[{"width":1640,"height":924,"url":"https:\/\/www.cubodeideas.com\/blog\/wp-content\/uploads\/2025\/06\/portada-malamen132.png","type":"image\/png"}],"author":"Noel Castro","twitter_card":"summary_large_image","twitter_creator":"@cubo_ideas","twitter_site":"@cubo_ideas","twitter_misc":{"Escrito por":"Noel Castro","Tiempo de lectura":"5 minutos"},"schema":{"@context":"https:\/\/schema.org","@graph":[{"@type":"Article","@id":"https:\/\/www.cubodeideas.com\/blog\/calidad-total\/iso-9001-revision-2025-ajustes-clave-para-tu-pyme\/#article","isPartOf":{"@id":"https:\/\/www.cubodeideas.com\/blog\/calidad-total\/iso-9001-revision-2025-ajustes-clave-para-tu-pyme\/"},"author":{"name":"Noel Castro","@id":"https:\/\/www.cubodeideas.com\/blog\/#\/schema\/person\/5614e43eb76109017cff51a2c7928211"},"headline":"ISO 9001 revisi\u00f3n 2025: ajustes clave para tu PYME","datePublished":"2025-06-06T19:15:46+00:00","mainEntityOfPage":{"@id":"https:\/\/www.cubodeideas.com\/blog\/calidad-total\/iso-9001-revision-2025-ajustes-clave-para-tu-pyme\/"},"wordCount":934,"commentCount":0,"publisher":{"@id":"https:\/\/www.cubodeideas.com\/blog\/#organization"},"image":{"@id":"https:\/\/www.cubodeideas.com\/blog\/calidad-total\/iso-9001-revision-2025-ajustes-clave-para-tu-pyme\/#primaryimage"},"thumbnailUrl":"https:\/\/www.cubodeideas.com\/blog\/wp-content\/uploads\/2025\/06\/portada-malamen132.png","keywords":["ajustes ISO 9001","revisi\u00f3n 2025 ISO"],"articleSection":["Calidad Total"],"inLanguage":"es","potentialAction":[{"@type":"CommentAction","name":"Comment","target":["https:\/\/www.cubodeideas.com\/blog\/calidad-total\/iso-9001-revision-2025-ajustes-clave-para-tu-pyme\/#respond"]}]},{"@type":"WebPage","@id":"https:\/\/www.cubodeideas.com\/blog\/calidad-total\/iso-9001-revision-2025-ajustes-clave-para-tu-pyme\/","url":"https:\/\/www.cubodeideas.com\/blog\/calidad-total\/iso-9001-revision-2025-ajustes-clave-para-tu-pyme\/","name":"ISO 9001 revisi\u00f3n 2025: ajustes clave para tu PYME -","isPartOf":{"@id":"https:\/\/www.cubodeideas.com\/blog\/#website"},"primaryImageOfPage":{"@id":"https:\/\/www.cubodeideas.com\/blog\/calidad-total\/iso-9001-revision-2025-ajustes-clave-para-tu-pyme\/#primaryimage"},"image":{"@id":"https:\/\/www.cubodeideas.com\/blog\/calidad-total\/iso-9001-revision-2025-ajustes-clave-para-tu-pyme\/#primaryimage"},"thumbnailUrl":"https:\/\/www.cubodeideas.com\/blog\/wp-content\/uploads\/2025\/06\/portada-malamen132.png","datePublished":"2025-06-06T19:15:46+00:00","description":"Conoce los cambios de ISO 9001 revisi\u00f3n 2025 y lo que tu PYME debe ajustar ya para cumplir sin errores en auditor\u00edas externas.","breadcrumb":{"@id":"https:\/\/www.cubodeideas.com\/blog\/calidad-total\/iso-9001-revision-2025-ajustes-clave-para-tu-pyme\/#breadcrumb"},"inLanguage":"es","potentialAction":[{"@type":"ReadAction","target":["https:\/\/www.cubodeideas.com\/blog\/calidad-total\/iso-9001-revision-2025-ajustes-clave-para-tu-pyme\/"]}]},{"@type":"ImageObject","inLanguage":"es","@id":"https:\/\/www.cubodeideas.com\/blog\/calidad-total\/iso-9001-revision-2025-ajustes-clave-para-tu-pyme\/#primaryimage","url":"https:\/\/www.cubodeideas.com\/blog\/wp-content\/uploads\/2025\/06\/portada-malamen132.png","contentUrl":"https:\/\/www.cubodeideas.com\/blog\/wp-content\/uploads\/2025\/06\/portada-malamen132.png","width":1640,"height":924,"caption":"ISO 9001 revisi\u00f3n 2025"},{"@type":"BreadcrumbList","@id":"https:\/\/www.cubodeideas.com\/blog\/calidad-total\/iso-9001-revision-2025-ajustes-clave-para-tu-pyme\/#breadcrumb","itemListElement":[{"@type":"ListItem","position":1,"name":"Portada","item":"https:\/\/www.cubodeideas.com\/blog\/"},{"@type":"ListItem","position":2,"name":"ISO 9001 revisi\u00f3n 2025: ajustes clave para tu PYME"}]},{"@type":"WebSite","@id":"https:\/\/www.cubodeideas.com\/blog\/#website","url":"https:\/\/www.cubodeideas.com\/blog\/","name":"Cubo de Ideas","description":"Cubo de Ideas, El Blog","publisher":{"@id":"https:\/\/www.cubodeideas.com\/blog\/#organization"},"potentialAction":[{"@type":"SearchAction","target":{"@type":"EntryPoint","urlTemplate":"https:\/\/www.cubodeideas.com\/blog\/?s={search_term_string}"},"query-input":{"@type":"PropertyValueSpecification","valueRequired":true,"valueName":"search_term_string"}}],"inLanguage":"es"},{"@type":"Organization","@id":"https:\/\/www.cubodeideas.com\/blog\/#organization","name":"Cubo de Ideas","url":"https:\/\/www.cubodeideas.com\/blog\/","logo":{"@type":"ImageObject","inLanguage":"es","@id":"https:\/\/www.cubodeideas.com\/blog\/#\/schema\/logo\/image\/","url":"https:\/\/www.cubodeideas.com\/blog\/wp-content\/uploads\/2021\/10\/android-icon-72x72-1.png","contentUrl":"https:\/\/www.cubodeideas.com\/blog\/wp-content\/uploads\/2021\/10\/android-icon-72x72-1.png","width":72,"height":72,"caption":"Cubo de Ideas"},"image":{"@id":"https:\/\/www.cubodeideas.com\/blog\/#\/schema\/logo\/image\/"},"sameAs":["https:\/\/www.facebook.com\/somoscubodeideas","https:\/\/x.com\/cubo_ideas","https:\/\/www.instagram.com\/cubodeideas"]},{"@type":"Person","@id":"https:\/\/www.cubodeideas.com\/blog\/#\/schema\/person\/5614e43eb76109017cff51a2c7928211","name":"Noel Castro","description":"LEM Noel Castro Monta\u00f1o es CEO de Cubo de Ideas, Director de Operaciones para Citosa Textiles. Asesor de nuevos mercados y estrategias digitales para el segmento Retail. Especialista en marketing para autoservicios y puntos de venta. Especialista en sistemas de gesti\u00f3n de la calidad con enfoque a la ISO 9001:2015","sameAs":["https:\/\/www.cubodeideas.com\/blog"],"url":"https:\/\/www.cubodeideas.com\/blog\/author\/admin\/"}]}},"jetpack_publicize_connections":[],"_links":{"self":[{"href":"https:\/\/www.cubodeideas.com\/blog\/wp-json\/wp\/v2\/posts\/2467","targetHints":{"allow":["GET"]}}],"collection":[{"href":"https:\/\/www.cubodeideas.com\/blog\/wp-json\/wp\/v2\/posts"}],"about":[{"href":"https:\/\/www.cubodeideas.com\/blog\/wp-json\/wp\/v2\/types\/post"}],"author":[{"embeddable":true,"href":"https:\/\/www.cubodeideas.com\/blog\/wp-json\/wp\/v2\/users\/1"}],"replies":[{"embeddable":true,"href":"https:\/\/www.cubodeideas.com\/blog\/wp-json\/wp\/v2\/comments?post=2467"}],"version-history":[{"count":1,"href":"https:\/\/www.cubodeideas.com\/blog\/wp-json\/wp\/v2\/posts\/2467\/revisions"}],"predecessor-version":[{"id":2469,"href":"https:\/\/www.cubodeideas.com\/blog\/wp-json\/wp\/v2\/posts\/2467\/revisions\/2469"}],"wp:featuredmedia":[{"embeddable":true,"href":"https:\/\/www.cubodeideas.com\/blog\/wp-json\/wp\/v2\/media\/2468"}],"wp:attachment":[{"href":"https:\/\/www.cubodeideas.com\/blog\/wp-json\/wp\/v2\/media?parent=2467"}],"wp:term":[{"taxonomy":"category","embeddable":true,"href":"https:\/\/www.cubodeideas.com\/blog\/wp-json\/wp\/v2\/categories?post=2467"},{"taxonomy":"post_tag","embeddable":true,"href":"https:\/\/www.cubodeideas.com\/blog\/wp-json\/wp\/v2\/tags?post=2467"}],"curies":[{"name":"wp","href":"https:\/\/api.w.org\/{rel}","templated":true}]}}