{"id":2455,"date":"2025-05-19T02:18:27","date_gmt":"2025-05-19T02:18:27","guid":{"rendered":"https:\/\/www.cubodeideas.com\/blog\/?p=2455"},"modified":"2025-05-19T02:18:27","modified_gmt":"2025-05-19T02:18:27","slug":"como-planificar-la-calidad-guia-iso-9001-punto-6-2","status":"publish","type":"post","link":"https:\/\/www.cubodeideas.com\/blog\/calidad-total\/como-planificar-la-calidad-guia-iso-9001-punto-6-2\/","title":{"rendered":"\u00bfC\u00f3mo planificar la calidad? Gu\u00eda ISO 9001 punto 6.2"},"content":{"rendered":"<p data-start=\"548\" data-end=\"913\">Uno de los fundamentos de un Sistema de Gesti\u00f3n de la Calidad s\u00f3lido es saber <strong data-start=\"626\" data-end=\"651\">planificar la calidad<\/strong> con objetivos claros, medibles y alineados con la estrategia del negocio. En ISO 9001:2015, esta responsabilidad est\u00e1 especificada en el <strong data-start=\"789\" data-end=\"802\">punto 6.2<\/strong>, que se centra en la formulaci\u00f3n de <strong data-start=\"839\" data-end=\"863\">objetivos de calidad<\/strong> y en la planificaci\u00f3n necesaria para alcanzarlos.<\/p>\n<p data-start=\"915\" data-end=\"1239\">Sin embargo, muchas empresas caen en el error de redactar objetivos demasiado generales, poco realistas o sin criterios de seguimiento definidos. Esto se convierte en un problema frecuente durante auditor\u00edas, ya que <strong data-start=\"1131\" data-end=\"1238\">no basta con tener objetivos escritos; deben ser funcionales, medibles y con planes de acci\u00f3n asociados<\/strong>.<\/p>\n<p data-start=\"1241\" data-end=\"1476\">En esta gu\u00eda t\u00e9cnica te explico c\u00f3mo <strong data-start=\"1278\" data-end=\"1303\">planificar la calidad<\/strong> de forma efectiva para cumplir con los requisitos del punto 6.2, con enfoque pr\u00e1ctico, ejemplos aplicables a PYMES y criterios que s\u00ed hacen sentido dentro de una auditor\u00eda.<\/p>\n<h3 data-start=\"1483\" data-end=\"1534\">\u00bfQu\u00e9 pide exactamente el punto 6.2 de ISO 9001?<\/h3>\n<p data-start=\"1536\" data-end=\"1670\">La norma establece que la organizaci\u00f3n debe establecer <strong data-start=\"1591\" data-end=\"1661\">objetivos de calidad para funciones, niveles y procesos relevantes<\/strong>, y debe:<\/p>\n<ul data-start=\"1672\" data-end=\"1972\">\n<li data-start=\"1672\" data-end=\"1741\">\n<p data-start=\"1674\" data-end=\"1741\">Asegurarse de que sean <strong data-start=\"1697\" data-end=\"1738\">coherentes con la pol\u00edtica de calidad<\/strong>.<\/p>\n<\/li>\n<li data-start=\"1742\" data-end=\"1768\">\n<p data-start=\"1744\" data-end=\"1768\">Que sean <strong data-start=\"1753\" data-end=\"1765\">medibles<\/strong>.<\/p>\n<\/li>\n<li data-start=\"1769\" data-end=\"1820\">\n<p data-start=\"1771\" data-end=\"1820\">Que tengan en cuenta los requisitos aplicables.<\/p>\n<\/li>\n<li data-start=\"1821\" data-end=\"1894\">\n<p data-start=\"1823\" data-end=\"1894\">Que sean <strong data-start=\"1832\" data-end=\"1891\">relevantes para la conformidad de productos y servicios<\/strong>.<\/p>\n<\/li>\n<li data-start=\"1895\" data-end=\"1972\">\n<p data-start=\"1897\" data-end=\"1972\">Y que est\u00e9n <strong data-start=\"1909\" data-end=\"1971\">monitoreados, comunicados y actualizados seg\u00fan corresponda<\/strong>.<\/p>\n<\/li>\n<\/ul>\n<p data-start=\"1974\" data-end=\"2164\">Adem\u00e1s, exige que se <strong data-start=\"1995\" data-end=\"2024\">planifique c\u00f3mo lograrlos<\/strong>, incluyendo qu\u00e9 se va a hacer, qu\u00e9 recursos se necesitar\u00e1n, qui\u00e9n ser\u00e1 responsable, cu\u00e1ndo se terminar\u00e1 y c\u00f3mo se evaluar\u00e1n los resultados.<\/p>\n<h3 data-start=\"2171\" data-end=\"2215\">\u00bfC\u00f3mo planificar la calidad en una PYME?<\/h3>\n<p data-start=\"2217\" data-end=\"2445\"><strong data-start=\"2217\" data-end=\"2242\">Planificar la calidad<\/strong> implica mucho m\u00e1s que cumplir con un requisito documental. Significa <strong data-start=\"2312\" data-end=\"2387\">definir metas que est\u00e9n alineadas con los procesos y capacidades reales<\/strong> de la empresa, con m\u00e9tricas claras y planes de ejecuci\u00f3n.<\/p>\n<p data-start=\"2447\" data-end=\"2643\">En una PYME, esto puede traducirse en objetivos por \u00e1rea o proceso, que ayuden a mejorar la eficiencia operativa, reducir errores, elevar la satisfacci\u00f3n del cliente o cumplir compromisos legales.<\/p>\n<p data-start=\"2645\" data-end=\"2870\">Un buen punto de partida es revisar los indicadores actuales del sistema, analizar los hallazgos de auditor\u00edas anteriores, y alinear los objetivos con riesgos y oportunidades identificados (relaci\u00f3n directa con el punto 6.1).<\/p>\n<h3 data-start=\"2877\" data-end=\"2950\">\u00bfQu\u00e9 caracter\u00edsticas debe tener un objetivo de calidad bien definido?<\/h3>\n<p data-start=\"2952\" data-end=\"3115\">Cuando hablamos de <strong data-start=\"2971\" data-end=\"2996\">planificar la calidad<\/strong>, nos referimos tambi\u00e9n a construir objetivos que cumplan criterios t\u00e9cnicos. En auditor\u00eda se espera que los objetivos:<\/p>\n<ul data-start=\"3117\" data-end=\"3402\">\n<li data-start=\"3117\" data-end=\"3156\">\n<p data-start=\"3119\" data-end=\"3156\">Sean <strong data-start=\"3124\" data-end=\"3139\">espec\u00edficos<\/strong> (no ambiguos).<\/p>\n<\/li>\n<li data-start=\"3157\" data-end=\"3207\">\n<p data-start=\"3159\" data-end=\"3207\">Sean <strong data-start=\"3164\" data-end=\"3176\">medibles<\/strong> (con indicadores definidos).<\/p>\n<\/li>\n<li data-start=\"3208\" data-end=\"3276\">\n<p data-start=\"3210\" data-end=\"3276\">Sean <strong data-start=\"3215\" data-end=\"3230\">alcanzables<\/strong> (realistas para el contexto de la empresa).<\/p>\n<\/li>\n<li data-start=\"3277\" data-end=\"3355\">\n<p data-start=\"3279\" data-end=\"3355\">Sean <strong data-start=\"3284\" data-end=\"3298\">relevantes<\/strong> (alineados con la pol\u00edtica y necesidades del cliente).<\/p>\n<\/li>\n<li data-start=\"3356\" data-end=\"3402\">\n<p data-start=\"3358\" data-end=\"3402\">Sean <strong data-start=\"3363\" data-end=\"3377\">temporales<\/strong> (con un plazo definido).<\/p>\n<\/li>\n<\/ul>\n<p data-start=\"3404\" data-end=\"3567\">Este enfoque es compatible con el criterio SMART (por sus siglas en ingl\u00e9s), aunque lo importante es que exista <strong data-start=\"3516\" data-end=\"3566\">evidencia clara de planificaci\u00f3n y seguimiento<\/strong>.<\/p>\n<h3 data-start=\"3574\" data-end=\"3620\">Ejemplos de objetivos y c\u00f3mo planificarlos<\/h3>\n<p data-start=\"3622\" data-end=\"3812\"><strong data-start=\"3622\" data-end=\"3640\">Objetivo d\u00e9bil<\/strong>: Mejorar la calidad del servicio al cliente.<br data-start=\"3685\" data-end=\"3688\" \/><strong data-start=\"3688\" data-end=\"3709\">Objetivo correcto<\/strong>: Reducir el tiempo promedio de atenci\u00f3n de tickets de soporte de 24h a 12h en el primer semestre 2025.<\/p>\n<p data-start=\"3814\" data-end=\"4043\"><strong data-start=\"3814\" data-end=\"3832\">Objetivo d\u00e9bil<\/strong>: Aumentar la eficiencia productiva.<br data-start=\"3868\" data-end=\"3871\" \/><strong data-start=\"3871\" data-end=\"3892\">Objetivo correcto<\/strong>: Elevar el rendimiento de la l\u00ednea de empaque del 80% al 90% entre enero y junio 2025, mediante ajustes en tiempos de cambio y capacitaci\u00f3n operativa.<\/p>\n<p data-start=\"4045\" data-end=\"4243\">En ambos casos, se deben planificar los recursos necesarios, los responsables, las fechas clave y la forma de medir el avance (reuniones mensuales, reportes internos, indicadores autom\u00e1ticos, etc.).<\/p>\n<h3 data-start=\"4250\" data-end=\"4305\">\u00bfD\u00f3nde documentar los objetivos y su planificaci\u00f3n?<\/h3>\n<p data-start=\"4307\" data-end=\"4359\">Los <strong data-start=\"4311\" data-end=\"4335\">objetivos de calidad<\/strong> pueden formar parte de:<\/p>\n<ul data-start=\"4361\" data-end=\"4620\">\n<li data-start=\"4361\" data-end=\"4415\">\n<p data-start=\"4363\" data-end=\"4415\">Un documento de planificaci\u00f3n estrat\u00e9gica del SGC.<\/p>\n<\/li>\n<li data-start=\"4416\" data-end=\"4462\">\n<p data-start=\"4418\" data-end=\"4462\">El manual de calidad (si a\u00fan lo utilizas).<\/p>\n<\/li>\n<li data-start=\"4463\" data-end=\"4528\">\n<p data-start=\"4465\" data-end=\"4528\">Revisi\u00f3n por la direcci\u00f3n (secci\u00f3n obligatoria en punto 9.3).<\/p>\n<\/li>\n<li data-start=\"4529\" data-end=\"4579\">\n<p data-start=\"4531\" data-end=\"4579\">Reportes de indicadores o tableros de control.<\/p>\n<\/li>\n<li data-start=\"4580\" data-end=\"4620\">\n<p data-start=\"4582\" data-end=\"4620\">Procedimientos operativos espec\u00edficos.<\/p>\n<\/li>\n<\/ul>\n<p data-start=\"4622\" data-end=\"4757\">Lo importante es que la documentaci\u00f3n tenga <strong data-start=\"4666\" data-end=\"4690\">control de versiones<\/strong>, sea accesible, y est\u00e9 alineada con los responsables de ejecuci\u00f3n.<\/p>\n<h3 data-start=\"4764\" data-end=\"4818\">\u00bfQu\u00e9 buscan los auditores al revisar el punto 6.2?<\/h3>\n<p data-start=\"4820\" data-end=\"4884\">Durante una auditor\u00eda externa, es com\u00fan que el auditor pida ver:<\/p>\n<ul data-start=\"4886\" data-end=\"5154\">\n<li data-start=\"4886\" data-end=\"4924\">\n<p data-start=\"4888\" data-end=\"4924\">Cu\u00e1les son los objetivos vigentes.<\/p>\n<\/li>\n<li data-start=\"4925\" data-end=\"4972\">\n<p data-start=\"4927\" data-end=\"4972\">Si son medibles y si se est\u00e1n monitoreando.<\/p>\n<\/li>\n<li data-start=\"4973\" data-end=\"5013\">\n<p data-start=\"4975\" data-end=\"5013\">Qu\u00e9 planes existen para alcanzarlos.<\/p>\n<\/li>\n<li data-start=\"5014\" data-end=\"5064\">\n<p data-start=\"5016\" data-end=\"5064\">Si est\u00e1n alineados con la pol\u00edtica de calidad.<\/p>\n<\/li>\n<li data-start=\"5065\" data-end=\"5102\">\n<p data-start=\"5067\" data-end=\"5102\">Qui\u00e9n es responsable de cada uno.<\/p>\n<\/li>\n<li data-start=\"5103\" data-end=\"5154\">\n<p data-start=\"5105\" data-end=\"5154\">Qu\u00e9 resultados se han logrado y c\u00f3mo se analizan.<\/p>\n<\/li>\n<\/ul>\n<p data-start=\"5156\" data-end=\"5301\">Una falta de planificaci\u00f3n formal, o la existencia de objetivos mal formulados, puede derivar en una observaci\u00f3n o incluso en una no conformidad.<\/p>\n<h3 data-start=\"5308\" data-end=\"5352\">Errores comunes al planificar la calidad<\/h3>\n<ul data-start=\"5354\" data-end=\"5668\">\n<li data-start=\"5354\" data-end=\"5397\">\n<p data-start=\"5356\" data-end=\"5397\">Redactar objetivos demasiado generales.<\/p>\n<\/li>\n<li data-start=\"5398\" data-end=\"5435\">\n<p data-start=\"5400\" data-end=\"5435\">No definir indicadores asociados.<\/p>\n<\/li>\n<li data-start=\"5436\" data-end=\"5480\">\n<p data-start=\"5438\" data-end=\"5480\">Carecer de responsables o fechas l\u00edmite.<\/p>\n<\/li>\n<li data-start=\"5481\" data-end=\"5524\">\n<p data-start=\"5483\" data-end=\"5524\">No actualizar los objetivos anualmente.<\/p>\n<\/li>\n<li data-start=\"5525\" data-end=\"5588\">\n<p data-start=\"5527\" data-end=\"5588\">No vincularlos con los riesgos y oportunidades del sistema.<\/p>\n<\/li>\n<li data-start=\"5589\" data-end=\"5668\">\n<p data-start=\"5591\" data-end=\"5668\">Tener objetivos que no reflejan necesidades reales del cliente o del negocio.<\/p>\n<\/li>\n<\/ul>\n<p data-start=\"5670\" data-end=\"5790\">Evitar estos errores no solo facilita auditor\u00edas, sino que fortalece la utilidad del sistema para la toma de decisiones.<\/p>\n<h3 data-start=\"5797\" data-end=\"5846\">Integrar los objetivos con la mejora continua<\/h3>\n<p data-start=\"5848\" data-end=\"6011\">Uno de los grandes beneficios de <strong data-start=\"5881\" data-end=\"5906\">planificar la calidad<\/strong> correctamente es que se vuelve un motor para la mejora continua. Los objetivos bien planteados permiten:<\/p>\n<ul data-start=\"6013\" data-end=\"6214\">\n<li data-start=\"6013\" data-end=\"6051\">\n<p data-start=\"6015\" data-end=\"6051\">Tomar decisiones basadas en datos.<\/p>\n<\/li>\n<li data-start=\"6052\" data-end=\"6088\">\n<p data-start=\"6054\" data-end=\"6088\">Corregir desviaciones en tiempo.<\/p>\n<\/li>\n<li data-start=\"6089\" data-end=\"6127\">\n<p data-start=\"6091\" data-end=\"6127\">Alinear equipos con metas comunes.<\/p>\n<\/li>\n<li data-start=\"6128\" data-end=\"6164\">\n<p data-start=\"6130\" data-end=\"6164\">Evaluar la eficacia del sistema.<\/p>\n<\/li>\n<li data-start=\"6165\" data-end=\"6214\">\n<p data-start=\"6167\" data-end=\"6214\">Justificar recursos para cambios o inversiones.<\/p>\n<\/li>\n<\/ul>\n<p data-start=\"6216\" data-end=\"6328\">Y sobre todo, permiten que el SGC deje de ser solo \u201cdocumentaci\u00f3n\u201d y se convierta en una herramienta de gesti\u00f3n.<\/p>\n<h3 data-start=\"6335\" data-end=\"6349\">Conclusi\u00f3n<\/h3>\n<p data-start=\"6351\" data-end=\"6562\">Cumplir con el <strong data-start=\"6366\" data-end=\"6396\">punto 6.2 de ISO 9001:2015<\/strong> no se trata solo de tener una lista de deseos colgada en la pared. Significa saber <strong data-start=\"6480\" data-end=\"6510\">c\u00f3mo planificar la calidad<\/strong> de forma t\u00e9cnica, medible y orientada a resultados.<\/p>\n<p data-start=\"6564\" data-end=\"6755\">Cuando los objetivos est\u00e1n bien definidos, con responsables claros, recursos asignados y mecanismos de seguimiento, se convierten en una ventaja operativa y no solo en un requisito normativo.<\/p>\n<p data-start=\"6757\" data-end=\"6927\">Una planificaci\u00f3n de calidad efectiva permite que el sistema funcione como un verdadero soporte para las decisiones de la empresa, y no como una carga administrativa m\u00e1s.<\/p>\n<div class=\"pvc_clear\"><\/div>\n<p id=\"pvc_stats_2455\" class=\"pvc_stats all  \" data-element-id=\"2455\" style=\"\"><i class=\"pvc-stats-icon medium\" aria-hidden=\"true\"><svg aria-hidden=\"true\" focusable=\"false\" data-prefix=\"far\" data-icon=\"chart-bar\" role=\"img\" xmlns=\"http:\/\/www.w3.org\/2000\/svg\" viewBox=\"0 0 512 512\" class=\"svg-inline--fa fa-chart-bar fa-w-16 fa-2x\"><path fill=\"currentColor\" d=\"M396.8 352h22.4c6.4 0 12.8-6.4 12.8-12.8V108.8c0-6.4-6.4-12.8-12.8-12.8h-22.4c-6.4 0-12.8 6.4-12.8 12.8v230.4c0 6.4 6.4 12.8 12.8 12.8zm-192 0h22.4c6.4 0 12.8-6.4 12.8-12.8V140.8c0-6.4-6.4-12.8-12.8-12.8h-22.4c-6.4 0-12.8 6.4-12.8 12.8v198.4c0 6.4 6.4 12.8 12.8 12.8zm96 0h22.4c6.4 0 12.8-6.4 12.8-12.8V204.8c0-6.4-6.4-12.8-12.8-12.8h-22.4c-6.4 0-12.8 6.4-12.8 12.8v134.4c0 6.4 6.4 12.8 12.8 12.8zM496 400H48V80c0-8.84-7.16-16-16-16H16C7.16 64 0 71.16 0 80v336c0 17.67 14.33 32 32 32h464c8.84 0 16-7.16 16-16v-16c0-8.84-7.16-16-16-16zm-387.2-48h22.4c6.4 0 12.8-6.4 12.8-12.8v-70.4c0-6.4-6.4-12.8-12.8-12.8h-22.4c-6.4 0-12.8 6.4-12.8 12.8v70.4c0 6.4 6.4 12.8 12.8 12.8z\" class=\"\"><\/path><\/svg><\/i> <img loading=\"lazy\" decoding=\"async\" width=\"16\" height=\"16\" alt=\"Loading\" src=\"https:\/\/www.cubodeideas.com\/blog\/wp-content\/plugins\/page-views-count\/ajax-loader-2x.gif\" border=0 \/><\/p>\n<div class=\"pvc_clear\"><\/div>\n","protected":false},"excerpt":{"rendered":"<p>Uno de los fundamentos de un Sistema de Gesti\u00f3n de la Calidad s\u00f3lido es saber planificar la calidad con objetivos claros, medibles y alineados con la estrategia del negocio. En ISO 9001:2015, esta responsabilidad est\u00e1 especificada en el punto 6.2, que se centra en la formulaci\u00f3n de objetivos de calidad y en la planificaci\u00f3n necesaria [&hellip;]<\/p>\n<div class=\"pvc_clear\"><\/div>\n<p id=\"pvc_stats_2455\" class=\"pvc_stats all  \" data-element-id=\"2455\" style=\"\"><i class=\"pvc-stats-icon medium\" aria-hidden=\"true\"><svg aria-hidden=\"true\" focusable=\"false\" data-prefix=\"far\" data-icon=\"chart-bar\" role=\"img\" xmlns=\"http:\/\/www.w3.org\/2000\/svg\" viewBox=\"0 0 512 512\" class=\"svg-inline--fa fa-chart-bar fa-w-16 fa-2x\"><path fill=\"currentColor\" d=\"M396.8 352h22.4c6.4 0 12.8-6.4 12.8-12.8V108.8c0-6.4-6.4-12.8-12.8-12.8h-22.4c-6.4 0-12.8 6.4-12.8 12.8v230.4c0 6.4 6.4 12.8 12.8 12.8zm-192 0h22.4c6.4 0 12.8-6.4 12.8-12.8V140.8c0-6.4-6.4-12.8-12.8-12.8h-22.4c-6.4 0-12.8 6.4-12.8 12.8v198.4c0 6.4 6.4 12.8 12.8 12.8zm96 0h22.4c6.4 0 12.8-6.4 12.8-12.8V204.8c0-6.4-6.4-12.8-12.8-12.8h-22.4c-6.4 0-12.8 6.4-12.8 12.8v134.4c0 6.4 6.4 12.8 12.8 12.8zM496 400H48V80c0-8.84-7.16-16-16-16H16C7.16 64 0 71.16 0 80v336c0 17.67 14.33 32 32 32h464c8.84 0 16-7.16 16-16v-16c0-8.84-7.16-16-16-16zm-387.2-48h22.4c6.4 0 12.8-6.4 12.8-12.8v-70.4c0-6.4-6.4-12.8-12.8-12.8h-22.4c-6.4 0-12.8 6.4-12.8 12.8v70.4c0 6.4 6.4 12.8 12.8 12.8z\" class=\"\"><\/path><\/svg><\/i> <img loading=\"lazy\" decoding=\"async\" width=\"16\" height=\"16\" alt=\"Loading\" src=\"https:\/\/www.cubodeideas.com\/blog\/wp-content\/plugins\/page-views-count\/ajax-loader-2x.gif\" border=0 \/><\/p>\n<div class=\"pvc_clear\"><\/div>\n","protected":false},"author":1,"featured_media":2456,"comment_status":"open","ping_status":"closed","sticky":false,"template":"","format":"standard","meta":{"footnotes":"","jetpack_publicize_message":"","jetpack_publicize_feature_enabled":true,"jetpack_social_post_already_shared":false,"jetpack_social_options":{"image_generator_settings":{"template":"highway","default_image_id":0,"font":"","enabled":false},"version":2}},"categories":[14],"tags":[1177,1178],"class_list":["post-2455","post","type-post","status-publish","format-standard","has-post-thumbnail","hentry","category-calidad-total","tag-objetivos-de-calidad-iso","tag-punto-6-2-iso-9001"],"blocksy_meta":[],"yoast_head":"<!-- This site is optimized with the Yoast SEO plugin v27.0 - https:\/\/yoast.com\/product\/yoast-seo-wordpress\/ -->\n<title>\u00bfC\u00f3mo planificar la calidad? Gu\u00eda ISO 9001 punto 6.2 -<\/title>\n<meta name=\"description\" content=\"Aprende c\u00f3mo planificar la calidad seg\u00fan ISO 9001 punto 6.2. Objetivos medibles, planificaci\u00f3n t\u00e9cnica y cumplimiento en auditor\u00edas.\" \/>\n<meta name=\"robots\" content=\"index, follow, max-snippet:-1, max-image-preview:large, max-video-preview:-1\" \/>\n<link rel=\"canonical\" href=\"https:\/\/www.cubodeideas.com\/blog\/calidad-total\/como-planificar-la-calidad-guia-iso-9001-punto-6-2\/\" \/>\n<meta property=\"og:locale\" content=\"es_ES\" \/>\n<meta property=\"og:type\" content=\"article\" \/>\n<meta property=\"og:title\" content=\"\u00bfC\u00f3mo planificar la calidad? Gu\u00eda ISO 9001 punto 6.2 -\" \/>\n<meta property=\"og:description\" content=\"Aprende c\u00f3mo planificar la calidad seg\u00fan ISO 9001 punto 6.2. Objetivos medibles, planificaci\u00f3n t\u00e9cnica y cumplimiento en auditor\u00edas.\" \/>\n<meta property=\"og:url\" content=\"https:\/\/www.cubodeideas.com\/blog\/calidad-total\/como-planificar-la-calidad-guia-iso-9001-punto-6-2\/\" \/>\n<meta property=\"article:publisher\" content=\"https:\/\/www.facebook.com\/somoscubodeideas\" \/>\n<meta property=\"article:published_time\" content=\"2025-05-19T02:18:27+00:00\" \/>\n<meta property=\"og:image\" content=\"https:\/\/www.cubodeideas.com\/blog\/wp-content\/uploads\/2025\/05\/portada-malamen128.png\" \/>\n\t<meta property=\"og:image:width\" content=\"1640\" \/>\n\t<meta property=\"og:image:height\" content=\"924\" \/>\n\t<meta property=\"og:image:type\" content=\"image\/png\" \/>\n<meta name=\"author\" content=\"Noel Castro\" \/>\n<meta name=\"twitter:card\" content=\"summary_large_image\" \/>\n<meta name=\"twitter:creator\" content=\"@cubo_ideas\" \/>\n<meta name=\"twitter:site\" content=\"@cubo_ideas\" \/>\n<meta name=\"twitter:label1\" content=\"Escrito por\" \/>\n\t<meta name=\"twitter:data1\" content=\"Noel Castro\" \/>\n\t<meta name=\"twitter:label2\" content=\"Tiempo de lectura\" \/>\n\t<meta name=\"twitter:data2\" content=\"5 minutos\" \/>\n<script type=\"application\/ld+json\" class=\"yoast-schema-graph\">{\"@context\":\"https:\/\/schema.org\",\"@graph\":[{\"@type\":\"Article\",\"@id\":\"https:\/\/www.cubodeideas.com\/blog\/calidad-total\/como-planificar-la-calidad-guia-iso-9001-punto-6-2\/#article\",\"isPartOf\":{\"@id\":\"https:\/\/www.cubodeideas.com\/blog\/calidad-total\/como-planificar-la-calidad-guia-iso-9001-punto-6-2\/\"},\"author\":{\"name\":\"Noel Castro\",\"@id\":\"https:\/\/www.cubodeideas.com\/blog\/#\/schema\/person\/5614e43eb76109017cff51a2c7928211\"},\"headline\":\"\u00bfC\u00f3mo planificar la calidad? Gu\u00eda ISO 9001 punto 6.2\",\"datePublished\":\"2025-05-19T02:18:27+00:00\",\"mainEntityOfPage\":{\"@id\":\"https:\/\/www.cubodeideas.com\/blog\/calidad-total\/como-planificar-la-calidad-guia-iso-9001-punto-6-2\/\"},\"wordCount\":991,\"commentCount\":0,\"publisher\":{\"@id\":\"https:\/\/www.cubodeideas.com\/blog\/#organization\"},\"image\":{\"@id\":\"https:\/\/www.cubodeideas.com\/blog\/calidad-total\/como-planificar-la-calidad-guia-iso-9001-punto-6-2\/#primaryimage\"},\"thumbnailUrl\":\"https:\/\/www.cubodeideas.com\/blog\/wp-content\/uploads\/2025\/05\/portada-malamen128.png\",\"keywords\":[\"objetivos de calidad ISO\",\"punto 6.2 ISO 9001\"],\"articleSection\":[\"Calidad Total\"],\"inLanguage\":\"es\",\"potentialAction\":[{\"@type\":\"CommentAction\",\"name\":\"Comment\",\"target\":[\"https:\/\/www.cubodeideas.com\/blog\/calidad-total\/como-planificar-la-calidad-guia-iso-9001-punto-6-2\/#respond\"]}]},{\"@type\":\"WebPage\",\"@id\":\"https:\/\/www.cubodeideas.com\/blog\/calidad-total\/como-planificar-la-calidad-guia-iso-9001-punto-6-2\/\",\"url\":\"https:\/\/www.cubodeideas.com\/blog\/calidad-total\/como-planificar-la-calidad-guia-iso-9001-punto-6-2\/\",\"name\":\"\u00bfC\u00f3mo planificar la calidad? Gu\u00eda ISO 9001 punto 6.2 -\",\"isPartOf\":{\"@id\":\"https:\/\/www.cubodeideas.com\/blog\/#website\"},\"primaryImageOfPage\":{\"@id\":\"https:\/\/www.cubodeideas.com\/blog\/calidad-total\/como-planificar-la-calidad-guia-iso-9001-punto-6-2\/#primaryimage\"},\"image\":{\"@id\":\"https:\/\/www.cubodeideas.com\/blog\/calidad-total\/como-planificar-la-calidad-guia-iso-9001-punto-6-2\/#primaryimage\"},\"thumbnailUrl\":\"https:\/\/www.cubodeideas.com\/blog\/wp-content\/uploads\/2025\/05\/portada-malamen128.png\",\"datePublished\":\"2025-05-19T02:18:27+00:00\",\"description\":\"Aprende c\u00f3mo planificar la calidad seg\u00fan ISO 9001 punto 6.2. Objetivos medibles, planificaci\u00f3n t\u00e9cnica y cumplimiento en auditor\u00edas.\",\"breadcrumb\":{\"@id\":\"https:\/\/www.cubodeideas.com\/blog\/calidad-total\/como-planificar-la-calidad-guia-iso-9001-punto-6-2\/#breadcrumb\"},\"inLanguage\":\"es\",\"potentialAction\":[{\"@type\":\"ReadAction\",\"target\":[\"https:\/\/www.cubodeideas.com\/blog\/calidad-total\/como-planificar-la-calidad-guia-iso-9001-punto-6-2\/\"]}]},{\"@type\":\"ImageObject\",\"inLanguage\":\"es\",\"@id\":\"https:\/\/www.cubodeideas.com\/blog\/calidad-total\/como-planificar-la-calidad-guia-iso-9001-punto-6-2\/#primaryimage\",\"url\":\"https:\/\/www.cubodeideas.com\/blog\/wp-content\/uploads\/2025\/05\/portada-malamen128.png\",\"contentUrl\":\"https:\/\/www.cubodeideas.com\/blog\/wp-content\/uploads\/2025\/05\/portada-malamen128.png\",\"width\":1640,\"height\":924,\"caption\":\"auditor\u00edas internas\"},{\"@type\":\"BreadcrumbList\",\"@id\":\"https:\/\/www.cubodeideas.com\/blog\/calidad-total\/como-planificar-la-calidad-guia-iso-9001-punto-6-2\/#breadcrumb\",\"itemListElement\":[{\"@type\":\"ListItem\",\"position\":1,\"name\":\"Portada\",\"item\":\"https:\/\/www.cubodeideas.com\/blog\/\"},{\"@type\":\"ListItem\",\"position\":2,\"name\":\"\u00bfC\u00f3mo planificar la calidad? Gu\u00eda ISO 9001 punto 6.2\"}]},{\"@type\":\"WebSite\",\"@id\":\"https:\/\/www.cubodeideas.com\/blog\/#website\",\"url\":\"https:\/\/www.cubodeideas.com\/blog\/\",\"name\":\"Cubo de Ideas\",\"description\":\"Cubo de Ideas, El Blog\",\"publisher\":{\"@id\":\"https:\/\/www.cubodeideas.com\/blog\/#organization\"},\"potentialAction\":[{\"@type\":\"SearchAction\",\"target\":{\"@type\":\"EntryPoint\",\"urlTemplate\":\"https:\/\/www.cubodeideas.com\/blog\/?s={search_term_string}\"},\"query-input\":{\"@type\":\"PropertyValueSpecification\",\"valueRequired\":true,\"valueName\":\"search_term_string\"}}],\"inLanguage\":\"es\"},{\"@type\":\"Organization\",\"@id\":\"https:\/\/www.cubodeideas.com\/blog\/#organization\",\"name\":\"Cubo de Ideas\",\"url\":\"https:\/\/www.cubodeideas.com\/blog\/\",\"logo\":{\"@type\":\"ImageObject\",\"inLanguage\":\"es\",\"@id\":\"https:\/\/www.cubodeideas.com\/blog\/#\/schema\/logo\/image\/\",\"url\":\"https:\/\/www.cubodeideas.com\/blog\/wp-content\/uploads\/2021\/10\/android-icon-72x72-1.png\",\"contentUrl\":\"https:\/\/www.cubodeideas.com\/blog\/wp-content\/uploads\/2021\/10\/android-icon-72x72-1.png\",\"width\":72,\"height\":72,\"caption\":\"Cubo de Ideas\"},\"image\":{\"@id\":\"https:\/\/www.cubodeideas.com\/blog\/#\/schema\/logo\/image\/\"},\"sameAs\":[\"https:\/\/www.facebook.com\/somoscubodeideas\",\"https:\/\/x.com\/cubo_ideas\",\"https:\/\/www.instagram.com\/cubodeideas\"]},{\"@type\":\"Person\",\"@id\":\"https:\/\/www.cubodeideas.com\/blog\/#\/schema\/person\/5614e43eb76109017cff51a2c7928211\",\"name\":\"Noel Castro\",\"description\":\"LEM Noel Castro Monta\u00f1o es CEO de Cubo de Ideas, Director de Operaciones para Citosa Textiles. Asesor de nuevos mercados y estrategias digitales para el segmento Retail. Especialista en marketing para autoservicios y puntos de venta. Especialista en sistemas de gesti\u00f3n de la calidad con enfoque a la ISO 9001:2015\",\"sameAs\":[\"https:\/\/www.cubodeideas.com\/blog\"],\"url\":\"https:\/\/www.cubodeideas.com\/blog\/author\/admin\/\"}]}<\/script>\n<!-- \/ Yoast SEO plugin. -->","yoast_head_json":{"title":"\u00bfC\u00f3mo planificar la calidad? Gu\u00eda ISO 9001 punto 6.2 -","description":"Aprende c\u00f3mo planificar la calidad seg\u00fan ISO 9001 punto 6.2. Objetivos medibles, planificaci\u00f3n t\u00e9cnica y cumplimiento en auditor\u00edas.","robots":{"index":"index","follow":"follow","max-snippet":"max-snippet:-1","max-image-preview":"max-image-preview:large","max-video-preview":"max-video-preview:-1"},"canonical":"https:\/\/www.cubodeideas.com\/blog\/calidad-total\/como-planificar-la-calidad-guia-iso-9001-punto-6-2\/","og_locale":"es_ES","og_type":"article","og_title":"\u00bfC\u00f3mo planificar la calidad? Gu\u00eda ISO 9001 punto 6.2 -","og_description":"Aprende c\u00f3mo planificar la calidad seg\u00fan ISO 9001 punto 6.2. Objetivos medibles, planificaci\u00f3n t\u00e9cnica y cumplimiento en auditor\u00edas.","og_url":"https:\/\/www.cubodeideas.com\/blog\/calidad-total\/como-planificar-la-calidad-guia-iso-9001-punto-6-2\/","article_publisher":"https:\/\/www.facebook.com\/somoscubodeideas","article_published_time":"2025-05-19T02:18:27+00:00","og_image":[{"width":1640,"height":924,"url":"https:\/\/www.cubodeideas.com\/blog\/wp-content\/uploads\/2025\/05\/portada-malamen128.png","type":"image\/png"}],"author":"Noel Castro","twitter_card":"summary_large_image","twitter_creator":"@cubo_ideas","twitter_site":"@cubo_ideas","twitter_misc":{"Escrito por":"Noel Castro","Tiempo de lectura":"5 minutos"},"schema":{"@context":"https:\/\/schema.org","@graph":[{"@type":"Article","@id":"https:\/\/www.cubodeideas.com\/blog\/calidad-total\/como-planificar-la-calidad-guia-iso-9001-punto-6-2\/#article","isPartOf":{"@id":"https:\/\/www.cubodeideas.com\/blog\/calidad-total\/como-planificar-la-calidad-guia-iso-9001-punto-6-2\/"},"author":{"name":"Noel Castro","@id":"https:\/\/www.cubodeideas.com\/blog\/#\/schema\/person\/5614e43eb76109017cff51a2c7928211"},"headline":"\u00bfC\u00f3mo planificar la calidad? Gu\u00eda ISO 9001 punto 6.2","datePublished":"2025-05-19T02:18:27+00:00","mainEntityOfPage":{"@id":"https:\/\/www.cubodeideas.com\/blog\/calidad-total\/como-planificar-la-calidad-guia-iso-9001-punto-6-2\/"},"wordCount":991,"commentCount":0,"publisher":{"@id":"https:\/\/www.cubodeideas.com\/blog\/#organization"},"image":{"@id":"https:\/\/www.cubodeideas.com\/blog\/calidad-total\/como-planificar-la-calidad-guia-iso-9001-punto-6-2\/#primaryimage"},"thumbnailUrl":"https:\/\/www.cubodeideas.com\/blog\/wp-content\/uploads\/2025\/05\/portada-malamen128.png","keywords":["objetivos de calidad ISO","punto 6.2 ISO 9001"],"articleSection":["Calidad Total"],"inLanguage":"es","potentialAction":[{"@type":"CommentAction","name":"Comment","target":["https:\/\/www.cubodeideas.com\/blog\/calidad-total\/como-planificar-la-calidad-guia-iso-9001-punto-6-2\/#respond"]}]},{"@type":"WebPage","@id":"https:\/\/www.cubodeideas.com\/blog\/calidad-total\/como-planificar-la-calidad-guia-iso-9001-punto-6-2\/","url":"https:\/\/www.cubodeideas.com\/blog\/calidad-total\/como-planificar-la-calidad-guia-iso-9001-punto-6-2\/","name":"\u00bfC\u00f3mo planificar la calidad? Gu\u00eda ISO 9001 punto 6.2 -","isPartOf":{"@id":"https:\/\/www.cubodeideas.com\/blog\/#website"},"primaryImageOfPage":{"@id":"https:\/\/www.cubodeideas.com\/blog\/calidad-total\/como-planificar-la-calidad-guia-iso-9001-punto-6-2\/#primaryimage"},"image":{"@id":"https:\/\/www.cubodeideas.com\/blog\/calidad-total\/como-planificar-la-calidad-guia-iso-9001-punto-6-2\/#primaryimage"},"thumbnailUrl":"https:\/\/www.cubodeideas.com\/blog\/wp-content\/uploads\/2025\/05\/portada-malamen128.png","datePublished":"2025-05-19T02:18:27+00:00","description":"Aprende c\u00f3mo planificar la calidad seg\u00fan ISO 9001 punto 6.2. Objetivos medibles, planificaci\u00f3n t\u00e9cnica y cumplimiento en auditor\u00edas.","breadcrumb":{"@id":"https:\/\/www.cubodeideas.com\/blog\/calidad-total\/como-planificar-la-calidad-guia-iso-9001-punto-6-2\/#breadcrumb"},"inLanguage":"es","potentialAction":[{"@type":"ReadAction","target":["https:\/\/www.cubodeideas.com\/blog\/calidad-total\/como-planificar-la-calidad-guia-iso-9001-punto-6-2\/"]}]},{"@type":"ImageObject","inLanguage":"es","@id":"https:\/\/www.cubodeideas.com\/blog\/calidad-total\/como-planificar-la-calidad-guia-iso-9001-punto-6-2\/#primaryimage","url":"https:\/\/www.cubodeideas.com\/blog\/wp-content\/uploads\/2025\/05\/portada-malamen128.png","contentUrl":"https:\/\/www.cubodeideas.com\/blog\/wp-content\/uploads\/2025\/05\/portada-malamen128.png","width":1640,"height":924,"caption":"auditor\u00edas internas"},{"@type":"BreadcrumbList","@id":"https:\/\/www.cubodeideas.com\/blog\/calidad-total\/como-planificar-la-calidad-guia-iso-9001-punto-6-2\/#breadcrumb","itemListElement":[{"@type":"ListItem","position":1,"name":"Portada","item":"https:\/\/www.cubodeideas.com\/blog\/"},{"@type":"ListItem","position":2,"name":"\u00bfC\u00f3mo planificar la calidad? Gu\u00eda ISO 9001 punto 6.2"}]},{"@type":"WebSite","@id":"https:\/\/www.cubodeideas.com\/blog\/#website","url":"https:\/\/www.cubodeideas.com\/blog\/","name":"Cubo de Ideas","description":"Cubo de Ideas, El Blog","publisher":{"@id":"https:\/\/www.cubodeideas.com\/blog\/#organization"},"potentialAction":[{"@type":"SearchAction","target":{"@type":"EntryPoint","urlTemplate":"https:\/\/www.cubodeideas.com\/blog\/?s={search_term_string}"},"query-input":{"@type":"PropertyValueSpecification","valueRequired":true,"valueName":"search_term_string"}}],"inLanguage":"es"},{"@type":"Organization","@id":"https:\/\/www.cubodeideas.com\/blog\/#organization","name":"Cubo de Ideas","url":"https:\/\/www.cubodeideas.com\/blog\/","logo":{"@type":"ImageObject","inLanguage":"es","@id":"https:\/\/www.cubodeideas.com\/blog\/#\/schema\/logo\/image\/","url":"https:\/\/www.cubodeideas.com\/blog\/wp-content\/uploads\/2021\/10\/android-icon-72x72-1.png","contentUrl":"https:\/\/www.cubodeideas.com\/blog\/wp-content\/uploads\/2021\/10\/android-icon-72x72-1.png","width":72,"height":72,"caption":"Cubo de Ideas"},"image":{"@id":"https:\/\/www.cubodeideas.com\/blog\/#\/schema\/logo\/image\/"},"sameAs":["https:\/\/www.facebook.com\/somoscubodeideas","https:\/\/x.com\/cubo_ideas","https:\/\/www.instagram.com\/cubodeideas"]},{"@type":"Person","@id":"https:\/\/www.cubodeideas.com\/blog\/#\/schema\/person\/5614e43eb76109017cff51a2c7928211","name":"Noel Castro","description":"LEM Noel Castro Monta\u00f1o es CEO de Cubo de Ideas, Director de Operaciones para Citosa Textiles. Asesor de nuevos mercados y estrategias digitales para el segmento Retail. Especialista en marketing para autoservicios y puntos de venta. Especialista en sistemas de gesti\u00f3n de la calidad con enfoque a la ISO 9001:2015","sameAs":["https:\/\/www.cubodeideas.com\/blog"],"url":"https:\/\/www.cubodeideas.com\/blog\/author\/admin\/"}]}},"jetpack_publicize_connections":[],"_links":{"self":[{"href":"https:\/\/www.cubodeideas.com\/blog\/wp-json\/wp\/v2\/posts\/2455","targetHints":{"allow":["GET"]}}],"collection":[{"href":"https:\/\/www.cubodeideas.com\/blog\/wp-json\/wp\/v2\/posts"}],"about":[{"href":"https:\/\/www.cubodeideas.com\/blog\/wp-json\/wp\/v2\/types\/post"}],"author":[{"embeddable":true,"href":"https:\/\/www.cubodeideas.com\/blog\/wp-json\/wp\/v2\/users\/1"}],"replies":[{"embeddable":true,"href":"https:\/\/www.cubodeideas.com\/blog\/wp-json\/wp\/v2\/comments?post=2455"}],"version-history":[{"count":1,"href":"https:\/\/www.cubodeideas.com\/blog\/wp-json\/wp\/v2\/posts\/2455\/revisions"}],"predecessor-version":[{"id":2457,"href":"https:\/\/www.cubodeideas.com\/blog\/wp-json\/wp\/v2\/posts\/2455\/revisions\/2457"}],"wp:featuredmedia":[{"embeddable":true,"href":"https:\/\/www.cubodeideas.com\/blog\/wp-json\/wp\/v2\/media\/2456"}],"wp:attachment":[{"href":"https:\/\/www.cubodeideas.com\/blog\/wp-json\/wp\/v2\/media?parent=2455"}],"wp:term":[{"taxonomy":"category","embeddable":true,"href":"https:\/\/www.cubodeideas.com\/blog\/wp-json\/wp\/v2\/categories?post=2455"},{"taxonomy":"post_tag","embeddable":true,"href":"https:\/\/www.cubodeideas.com\/blog\/wp-json\/wp\/v2\/tags?post=2455"}],"curies":[{"name":"wp","href":"https:\/\/api.w.org\/{rel}","templated":true}]}}