{"id":2409,"date":"2025-04-11T15:40:53","date_gmt":"2025-04-11T15:40:53","guid":{"rendered":"https:\/\/www.cubodeideas.com\/blog\/?p=2409"},"modified":"2025-04-11T15:40:53","modified_gmt":"2025-04-11T15:40:53","slug":"como-afectan-los-nuevos-aranceles-a-las-importaciones-de-pymes","status":"publish","type":"post","link":"https:\/\/www.cubodeideas.com\/blog\/negocios\/como-afectan-los-nuevos-aranceles-a-las-importaciones-de-pymes\/","title":{"rendered":"\u00bfC\u00f3mo afectan los nuevos aranceles a las importaciones de PYMES?"},"content":{"rendered":"<p class=\"\" data-start=\"86\" data-end=\"454\">La gesti\u00f3n de comercio exterior se ha vuelto m\u00e1s compleja para las peque\u00f1as y medianas empresas ante los recientes ajustes en la pol\u00edtica arancelaria. En un contexto global caracterizado por tensiones geopol\u00edticas, proteccionismo comercial y cambios en los acuerdos bilaterales, entender el impacto de los <strong data-start=\"392\" data-end=\"412\">nuevos aranceles<\/strong> no solo es relevante, sino estrat\u00e9gico.<\/p>\n<p class=\"\" data-start=\"456\" data-end=\"774\">Para las <strong data-start=\"465\" data-end=\"484\">PYMES mexicanas<\/strong> que dependen de insumos importados \u2014ya sea maquinaria, componentes electr\u00f3nicos, textiles o materias primas\u2014, cualquier modificaci\u00f3n arancelaria afecta directamente sus costos operativos, m\u00e1rgenes comerciales y capacidad de competir tanto en el mercado nacional como en el internacional.<\/p>\n<p class=\"\" data-start=\"776\" data-end=\"985\">Esta entrada analiza de forma t\u00e9cnica c\u00f3mo inciden los <strong data-start=\"831\" data-end=\"864\">aranceles a las importaciones<\/strong>, qu\u00e9 sectores est\u00e1n siendo m\u00e1s afectados y qu\u00e9 medidas puede tomar una empresa para anticipar y mitigar estos efectos.<\/p>\n<h3 class=\"\" data-start=\"987\" data-end=\"1042\">\u00bfQu\u00e9 son los aranceles y por qu\u00e9 est\u00e1n cambiando?<\/h3>\n<p class=\"\" data-start=\"1044\" data-end=\"1308\">Los <strong data-start=\"1048\" data-end=\"1061\">aranceles<\/strong> son tributos que se aplican a los bienes importados (y, en menor medida, exportados). Su objetivo puede ser fiscal (recaudaci\u00f3n), de protecci\u00f3n (favorecer la industria local), o de represalia (respuesta a pol\u00edticas comerciales de otros pa\u00edses).<\/p>\n<p class=\"\" data-start=\"1310\" data-end=\"1690\">Actualmente, M\u00e9xico ha realizado <strong data-start=\"1343\" data-end=\"1443\">ajustes a la Tarifa de la Ley de los Impuestos Generales de Importaci\u00f3n y de Exportaci\u00f3n (TIGIE)<\/strong> para responder a distorsiones de mercado, garantizar la seguridad nacional o proteger sectores estrat\u00e9gicos. Algunos de estos cambios se derivan de salidas de tratados, sustituci\u00f3n de proveedores o renegociaciones de condiciones preferenciales.<\/p>\n<p class=\"\" data-start=\"1692\" data-end=\"1719\">Los aranceles pueden ser:<\/p>\n<ul data-start=\"1721\" data-end=\"1931\">\n<li class=\"\" data-start=\"1721\" data-end=\"1802\">\n<p class=\"\" data-start=\"1723\" data-end=\"1802\"><strong data-start=\"1723\" data-end=\"1738\">Ad-valorem:<\/strong> porcentaje sobre el valor de la mercanc\u00eda (por ejemplo, 15%).<\/p>\n<\/li>\n<li class=\"\" data-start=\"1803\" data-end=\"1880\">\n<p class=\"\" data-start=\"1805\" data-end=\"1880\"><strong data-start=\"1805\" data-end=\"1821\">Espec\u00edficos:<\/strong> monto fijo por unidad (por ejemplo, $1.50 USD por kilo).<\/p>\n<\/li>\n<li class=\"\" data-start=\"1881\" data-end=\"1931\">\n<p class=\"\" data-start=\"1883\" data-end=\"1931\"><strong data-start=\"1883\" data-end=\"1894\">Mixtos:<\/strong> combinaci\u00f3n de los dos anteriores.<\/p>\n<\/li>\n<\/ul>\n<h3 class=\"\" data-start=\"1933\" data-end=\"1996\">\u00bfC\u00f3mo afectan los nuevos aranceles a las PYMES mexicanas?<\/h3>\n<h4 class=\"\" data-start=\"1998\" data-end=\"2048\">1. Aumento directo en costos de importaci\u00f3n<\/h4>\n<p class=\"\" data-start=\"2050\" data-end=\"2341\">Un incremento arancelario impacta directamente el <strong data-start=\"2100\" data-end=\"2135\">costo de adquisici\u00f3n de insumos<\/strong>. Por ejemplo, si una PYME importa un componente con un valor CIF de $100, y el arancel pasa de 5% a 15%, el pago arancelario pasa de $5 a $15. Esto sin considerar otros cargos (IVA, DTA, manejo aduanal).<\/p>\n<p class=\"\" data-start=\"2343\" data-end=\"2358\">Este aumento:<\/p>\n<ul data-start=\"2359\" data-end=\"2544\">\n<li class=\"\" data-start=\"2359\" data-end=\"2396\">\n<p class=\"\" data-start=\"2361\" data-end=\"2396\"><strong data-start=\"2361\" data-end=\"2393\">Reduce el margen de ganancia<\/strong>.<\/p>\n<\/li>\n<li class=\"\" data-start=\"2397\" data-end=\"2461\">\n<p class=\"\" data-start=\"2399\" data-end=\"2461\"><strong data-start=\"2399\" data-end=\"2429\">Aumenta el precio de venta<\/strong>, afectando la competitividad.<\/p>\n<\/li>\n<li class=\"\" data-start=\"2462\" data-end=\"2544\">\n<p class=\"\" data-start=\"2464\" data-end=\"2544\"><strong data-start=\"2464\" data-end=\"2489\">Disminuye la liquidez<\/strong>, al requerir mayor capital para reponer inventarios.<\/p>\n<\/li>\n<\/ul>\n<h4 class=\"\" data-start=\"2546\" data-end=\"2609\">2. Desajustes en la planeaci\u00f3n financiera y presupuestal<\/h4>\n<p class=\"\" data-start=\"2611\" data-end=\"2840\">Los <strong data-start=\"2615\" data-end=\"2648\">aranceles a las importaciones<\/strong> suelen modificarse con poca antelaci\u00f3n. Las PYMES que no monitorean continuamente las fracciones arancelarias de sus productos corren el riesgo de recibir mercanc\u00eda con costos no previstos.<\/p>\n<p class=\"\" data-start=\"2842\" data-end=\"2870\">Esto puede desestabilizar:<\/p>\n<ul data-start=\"2871\" data-end=\"2981\">\n<li class=\"\" data-start=\"2871\" data-end=\"2899\">\n<p class=\"\" data-start=\"2873\" data-end=\"2899\">Contratos de suministro.<\/p>\n<\/li>\n<li class=\"\" data-start=\"2900\" data-end=\"2949\">\n<p class=\"\" data-start=\"2902\" data-end=\"2949\">Cierres contables y an\u00e1lisis de rentabilidad.<\/p>\n<\/li>\n<li class=\"\" data-start=\"2950\" data-end=\"2981\">\n<p class=\"\" data-start=\"2952\" data-end=\"2981\">Flujos de caja proyectados.<\/p>\n<\/li>\n<\/ul>\n<h4 class=\"\" data-start=\"2983\" data-end=\"3068\">3. P\u00e9rdida de competitividad frente a productos nacionales o de otros or\u00edgenes<\/h4>\n<p class=\"\" data-start=\"3070\" data-end=\"3259\">Cuando suben los aranceles para un pa\u00eds o tipo de producto, y otros competidores no enfrentan el mismo cargo (por tratados o insumos locales), las PYMES quedan en <strong data-start=\"3233\" data-end=\"3256\">desventaja relativa<\/strong>.<\/p>\n<p class=\"\" data-start=\"3261\" data-end=\"3310\">Esto es especialmente cr\u00edtico en sectores como:<\/p>\n<ul data-start=\"3311\" data-end=\"3536\">\n<li class=\"\" data-start=\"3311\" data-end=\"3374\">\n<p class=\"\" data-start=\"3313\" data-end=\"3374\"><strong data-start=\"3313\" data-end=\"3336\">Textil y confecci\u00f3n<\/strong>: importaci\u00f3n de telas o maquinaria.<\/p>\n<\/li>\n<li class=\"\" data-start=\"3375\" data-end=\"3440\">\n<p class=\"\" data-start=\"3377\" data-end=\"3440\"><strong data-start=\"3377\" data-end=\"3401\">Alimentos procesados<\/strong>: ingredientes especiales o aditivos.<\/p>\n<\/li>\n<li class=\"\" data-start=\"3441\" data-end=\"3536\">\n<p class=\"\" data-start=\"3443\" data-end=\"3536\"><strong data-start=\"3443\" data-end=\"3470\">Electr\u00f3nica y pl\u00e1sticos<\/strong>: componentes de alta especializaci\u00f3n no disponibles localmente.<\/p>\n<\/li>\n<\/ul>\n<h4 class=\"\" data-start=\"3538\" data-end=\"3589\">4. Mayor complejidad en la log\u00edstica aduanal<\/h4>\n<p class=\"\" data-start=\"3591\" data-end=\"3625\">Los cambios arancelarios exigen:<\/p>\n<ul data-start=\"3626\" data-end=\"3873\">\n<li class=\"\" data-start=\"3626\" data-end=\"3695\">\n<p class=\"\" data-start=\"3628\" data-end=\"3695\">Actualizaci\u00f3n inmediata de <strong data-start=\"3655\" data-end=\"3692\">fracciones arancelarias (HS Code)<\/strong>.<\/p>\n<\/li>\n<li class=\"\" data-start=\"3696\" data-end=\"3781\">\n<p class=\"\" data-start=\"3698\" data-end=\"3781\">Verificaci\u00f3n de <strong data-start=\"3714\" data-end=\"3737\">criterios de origen<\/strong>, si el producto se acoge a alg\u00fan tratado.<\/p>\n<\/li>\n<li class=\"\" data-start=\"3782\" data-end=\"3873\">\n<p class=\"\" data-start=\"3784\" data-end=\"3873\">An\u00e1lisis de <strong data-start=\"3796\" data-end=\"3828\">regulaciones no arancelarias<\/strong> vinculadas (NOMs, permisos, certificados).<\/p>\n<\/li>\n<\/ul>\n<p class=\"\" data-start=\"3875\" data-end=\"3909\">El incumplimiento puede generar:<\/p>\n<ul data-start=\"3910\" data-end=\"3995\">\n<li class=\"\" data-start=\"3910\" data-end=\"3934\">\n<p class=\"\" data-start=\"3912\" data-end=\"3934\">Retenci\u00f3n en aduana.<\/p>\n<\/li>\n<li class=\"\" data-start=\"3935\" data-end=\"3946\">\n<p class=\"\" data-start=\"3937\" data-end=\"3946\">Multas.<\/p>\n<\/li>\n<li class=\"\" data-start=\"3947\" data-end=\"3995\">\n<p class=\"\" data-start=\"3949\" data-end=\"3995\">Imposibilidad de deducir el IVA importaci\u00f3n.<\/p>\n<\/li>\n<\/ul>\n<h3 class=\"\" data-start=\"3997\" data-end=\"4064\">Sectores m\u00e1s afectados por los recientes ajustes arancelarios<\/h3>\n<p class=\"\" data-start=\"4066\" data-end=\"4189\">A partir de las \u00faltimas modificaciones publicadas en el Diario Oficial de la Federaci\u00f3n, los sectores m\u00e1s impactados son:<\/p>\n<ul data-start=\"4191\" data-end=\"4522\">\n<li class=\"\" data-start=\"4191\" data-end=\"4281\">\n<p class=\"\" data-start=\"4193\" data-end=\"4281\"><strong data-start=\"4193\" data-end=\"4224\">Acero y derivados met\u00e1licos<\/strong>: aumento de aranceles para evitar competencia desleal.<\/p>\n<\/li>\n<li class=\"\" data-start=\"4282\" data-end=\"4346\">\n<p class=\"\" data-start=\"4284\" data-end=\"4346\"><strong data-start=\"4284\" data-end=\"4306\">Textiles e hilados<\/strong>: protecci\u00f3n de la industria nacional.<\/p>\n<\/li>\n<li class=\"\" data-start=\"4347\" data-end=\"4429\">\n<p class=\"\" data-start=\"4349\" data-end=\"4429\"><strong data-start=\"4349\" data-end=\"4377\">Qu\u00edmicos y farmac\u00e9uticos<\/strong>: respuesta a cambios en tratados internacionales.<\/p>\n<\/li>\n<li class=\"\" data-start=\"4430\" data-end=\"4522\">\n<p class=\"\" data-start=\"4432\" data-end=\"4522\"><strong data-start=\"4432\" data-end=\"4473\">Tecnolog\u00eda y componentes electr\u00f3nicos<\/strong>: cambios en reglas de origen del T-MEC y Asia.<\/p>\n<\/li>\n<\/ul>\n<p class=\"\" data-start=\"4524\" data-end=\"4668\">Para cada sector, el impacto puede variar entre empresas importadoras directas o quienes compran a distribuidores que ya trasladaron el costo.<\/p>\n<h3 class=\"\" data-start=\"4670\" data-end=\"4731\">\u00bfQu\u00e9 puede hacer una PYME ante el aumento de aranceles?<\/h3>\n<h4 class=\"\" data-start=\"4733\" data-end=\"4788\">1. Revisi\u00f3n detallada de fracciones arancelarias<\/h4>\n<ul data-start=\"4790\" data-end=\"5016\">\n<li class=\"\" data-start=\"4790\" data-end=\"4923\">\n<p class=\"\" data-start=\"4792\" data-end=\"4923\">Validar que la <strong data-start=\"4807\" data-end=\"4836\">clasificaci\u00f3n arancelaria<\/strong> sea la correcta. Una clasificaci\u00f3n err\u00f3nea puede llevar a pagar aranceles m\u00e1s altos.<\/p>\n<\/li>\n<li class=\"\" data-start=\"4924\" data-end=\"5016\">\n<p class=\"\" data-start=\"4926\" data-end=\"5016\">Utilizar servicios de agentes aduanales certificados o consultores en comercio exterior.<\/p>\n<\/li>\n<\/ul>\n<h4 class=\"\" data-start=\"5018\" data-end=\"5091\">2. Consultar beneficios vigentes en <strong data-start=\"5059\" data-end=\"5089\">Tratados de Libre Comercio<\/strong><\/h4>\n<ul data-start=\"5093\" data-end=\"5357\">\n<li class=\"\" data-start=\"5093\" data-end=\"5254\">\n<p class=\"\" data-start=\"5095\" data-end=\"5254\">Analizar si el producto puede ser importado con <strong data-start=\"5143\" data-end=\"5170\">preferencia arancelaria<\/strong> bajo el <strong data-start=\"5179\" data-end=\"5188\">T-MEC<\/strong>, <strong data-start=\"5190\" data-end=\"5214\">Alianza del Pac\u00edfico<\/strong>, o <strong data-start=\"5218\" data-end=\"5251\">Acuerdo Transpac\u00edfico (TIPAT)<\/strong>.<\/p>\n<\/li>\n<li class=\"\" data-start=\"5255\" data-end=\"5357\">\n<p class=\"\" data-start=\"5257\" data-end=\"5357\">Tramitar <strong data-start=\"5266\" data-end=\"5300\">certificados de origen v\u00e1lidos<\/strong> y asegurarse de cumplir con los criterios espec\u00edficos.<\/p>\n<\/li>\n<\/ul>\n<h4 class=\"\" data-start=\"5359\" data-end=\"5406\">3. Reestructurar la cadena de suministro<\/h4>\n<ul data-start=\"5408\" data-end=\"5600\">\n<li class=\"\" data-start=\"5408\" data-end=\"5506\">\n<p class=\"\" data-start=\"5410\" data-end=\"5506\">Buscar <strong data-start=\"5417\" data-end=\"5440\">proveedores locales<\/strong> o regionales para reducir la dependencia de insumos importados.<\/p>\n<\/li>\n<li class=\"\" data-start=\"5507\" data-end=\"5600\">\n<p class=\"\" data-start=\"5509\" data-end=\"5600\">Estudiar la <strong data-start=\"5521\" data-end=\"5550\">relocalizaci\u00f3n de insumos<\/strong> desde pa\u00edses con mejor tratamiento arancelario.<\/p>\n<\/li>\n<\/ul>\n<h4 class=\"\" data-start=\"5602\" data-end=\"5654\">4. Optimizar la gesti\u00f3n aduanera y financiera<\/h4>\n<ul data-start=\"5656\" data-end=\"5867\">\n<li class=\"\" data-start=\"5656\" data-end=\"5754\">\n<p class=\"\" data-start=\"5658\" data-end=\"5754\">Revisar el <strong data-start=\"5669\" data-end=\"5699\">c\u00e1lculo del costo unitario<\/strong> con base en los nuevos aranceles y ajustar m\u00e1rgenes.<\/p>\n<\/li>\n<li class=\"\" data-start=\"5755\" data-end=\"5867\">\n<p class=\"\" data-start=\"5757\" data-end=\"5867\">Evaluar opciones como <strong data-start=\"5779\" data-end=\"5814\">recinto fiscalizado estrat\u00e9gico<\/strong> o <strong data-start=\"5817\" data-end=\"5836\">programas IMMEX<\/strong>, si la operaci\u00f3n lo permite.<\/p>\n<\/li>\n<\/ul>\n<h4 class=\"\" data-start=\"5869\" data-end=\"5926\">5. Planificaci\u00f3n estrat\u00e9gica y pol\u00edtica de precios<\/h4>\n<ul data-start=\"5928\" data-end=\"6177\">\n<li class=\"\" data-start=\"5928\" data-end=\"6005\">\n<p class=\"\" data-start=\"5930\" data-end=\"6005\">Ajustar <strong data-start=\"5938\" data-end=\"5964\">estrategias de precios<\/strong> considerando incrementos justificados.<\/p>\n<\/li>\n<li class=\"\" data-start=\"6006\" data-end=\"6094\">\n<p class=\"\" data-start=\"6008\" data-end=\"6094\">Comunicar a clientes clave las razones de aumento o reestructuraci\u00f3n de condiciones.<\/p>\n<\/li>\n<li class=\"\" data-start=\"6095\" data-end=\"6177\">\n<p class=\"\" data-start=\"6097\" data-end=\"6177\">Incluir cl\u00e1usulas contractuales que permitan ajustes si cambian los aranceles.<\/p>\n<\/li>\n<\/ul>\n<h3 class=\"\" data-start=\"6179\" data-end=\"6230\">Herramientas \u00fatiles para monitorear aranceles<\/h3>\n<ul data-start=\"6232\" data-end=\"6577\">\n<li class=\"\" data-start=\"6232\" data-end=\"6318\">\n<p class=\"\" data-start=\"6234\" data-end=\"6318\"><strong data-start=\"6234\" data-end=\"6268\">SIAVI (Secretar\u00eda de Econom\u00eda)<\/strong>: consulta gratuita de aranceles y regulaciones.<\/p>\n<\/li>\n<li class=\"\" data-start=\"6319\" data-end=\"6407\">\n<p class=\"\" data-start=\"6321\" data-end=\"6407\"><strong data-start=\"6321\" data-end=\"6362\">DOF (Diario Oficial de la Federaci\u00f3n)<\/strong>: seguimiento diario de cambios normativos.<\/p>\n<\/li>\n<li class=\"\" data-start=\"6408\" data-end=\"6506\">\n<p class=\"\" data-start=\"6410\" data-end=\"6506\"><strong data-start=\"6410\" data-end=\"6459\">Plataformas como Global Trade Atlas o TaricMX<\/strong>: an\u00e1lisis comparativo de aranceles por pa\u00eds.<\/p>\n<\/li>\n<li class=\"\" data-start=\"6507\" data-end=\"6577\">\n<p class=\"\" data-start=\"6509\" data-end=\"6577\"><strong data-start=\"6509\" data-end=\"6574\">Servicios de inteligencia aduanal y consultor\u00eda especializada<\/strong>.<\/p>\n<\/li>\n<\/ul>\n<p class=\"\" data-start=\"6597\" data-end=\"6949\">Los <strong data-start=\"6601\" data-end=\"6641\">nuevos aranceles a las importaciones<\/strong> representan un desaf\u00edo directo para la rentabilidad y operaci\u00f3n de las <strong data-start=\"6713\" data-end=\"6732\">PYMES mexicanas<\/strong>. Ante esta realidad, la \u00fanica respuesta viable es t\u00e9cnica: dominar la clasificaci\u00f3n arancelaria, aprovechar los tratados vigentes, optimizar la cadena de suministro y tomar decisiones basadas en datos actualizados.<\/p>\n<p class=\"\" data-start=\"6951\" data-end=\"7125\">La prevenci\u00f3n y preparaci\u00f3n marcan la diferencia entre una empresa que se ve limitada por el entorno comercial, y una que adapta su estrategia y mantiene su competitividad.<\/p>\n<div class=\"pvc_clear\"><\/div>\n<p id=\"pvc_stats_2409\" class=\"pvc_stats all  \" data-element-id=\"2409\" style=\"\"><i class=\"pvc-stats-icon medium\" aria-hidden=\"true\"><svg aria-hidden=\"true\" focusable=\"false\" data-prefix=\"far\" data-icon=\"chart-bar\" role=\"img\" xmlns=\"http:\/\/www.w3.org\/2000\/svg\" viewBox=\"0 0 512 512\" class=\"svg-inline--fa fa-chart-bar fa-w-16 fa-2x\"><path fill=\"currentColor\" d=\"M396.8 352h22.4c6.4 0 12.8-6.4 12.8-12.8V108.8c0-6.4-6.4-12.8-12.8-12.8h-22.4c-6.4 0-12.8 6.4-12.8 12.8v230.4c0 6.4 6.4 12.8 12.8 12.8zm-192 0h22.4c6.4 0 12.8-6.4 12.8-12.8V140.8c0-6.4-6.4-12.8-12.8-12.8h-22.4c-6.4 0-12.8 6.4-12.8 12.8v198.4c0 6.4 6.4 12.8 12.8 12.8zm96 0h22.4c6.4 0 12.8-6.4 12.8-12.8V204.8c0-6.4-6.4-12.8-12.8-12.8h-22.4c-6.4 0-12.8 6.4-12.8 12.8v134.4c0 6.4 6.4 12.8 12.8 12.8zM496 400H48V80c0-8.84-7.16-16-16-16H16C7.16 64 0 71.16 0 80v336c0 17.67 14.33 32 32 32h464c8.84 0 16-7.16 16-16v-16c0-8.84-7.16-16-16-16zm-387.2-48h22.4c6.4 0 12.8-6.4 12.8-12.8v-70.4c0-6.4-6.4-12.8-12.8-12.8h-22.4c-6.4 0-12.8 6.4-12.8 12.8v70.4c0 6.4 6.4 12.8 12.8 12.8z\" class=\"\"><\/path><\/svg><\/i> <img loading=\"lazy\" decoding=\"async\" width=\"16\" height=\"16\" alt=\"Loading\" src=\"https:\/\/www.cubodeideas.com\/blog\/wp-content\/plugins\/page-views-count\/ajax-loader-2x.gif\" border=0 \/><\/p>\n<div class=\"pvc_clear\"><\/div>\n","protected":false},"excerpt":{"rendered":"<p>La gesti\u00f3n de comercio exterior se ha vuelto m\u00e1s compleja para las peque\u00f1as y medianas empresas ante los recientes ajustes en la pol\u00edtica arancelaria. En un contexto global caracterizado por tensiones geopol\u00edticas, proteccionismo comercial y cambios en los acuerdos bilaterales, entender el impacto de los nuevos aranceles no solo es relevante, sino estrat\u00e9gico. Para las [&hellip;]<\/p>\n<div class=\"pvc_clear\"><\/div>\n<p id=\"pvc_stats_2409\" class=\"pvc_stats all  \" data-element-id=\"2409\" style=\"\"><i class=\"pvc-stats-icon medium\" aria-hidden=\"true\"><svg aria-hidden=\"true\" focusable=\"false\" data-prefix=\"far\" data-icon=\"chart-bar\" role=\"img\" xmlns=\"http:\/\/www.w3.org\/2000\/svg\" viewBox=\"0 0 512 512\" class=\"svg-inline--fa fa-chart-bar fa-w-16 fa-2x\"><path fill=\"currentColor\" d=\"M396.8 352h22.4c6.4 0 12.8-6.4 12.8-12.8V108.8c0-6.4-6.4-12.8-12.8-12.8h-22.4c-6.4 0-12.8 6.4-12.8 12.8v230.4c0 6.4 6.4 12.8 12.8 12.8zm-192 0h22.4c6.4 0 12.8-6.4 12.8-12.8V140.8c0-6.4-6.4-12.8-12.8-12.8h-22.4c-6.4 0-12.8 6.4-12.8 12.8v198.4c0 6.4 6.4 12.8 12.8 12.8zm96 0h22.4c6.4 0 12.8-6.4 12.8-12.8V204.8c0-6.4-6.4-12.8-12.8-12.8h-22.4c-6.4 0-12.8 6.4-12.8 12.8v134.4c0 6.4 6.4 12.8 12.8 12.8zM496 400H48V80c0-8.84-7.16-16-16-16H16C7.16 64 0 71.16 0 80v336c0 17.67 14.33 32 32 32h464c8.84 0 16-7.16 16-16v-16c0-8.84-7.16-16-16-16zm-387.2-48h22.4c6.4 0 12.8-6.4 12.8-12.8v-70.4c0-6.4-6.4-12.8-12.8-12.8h-22.4c-6.4 0-12.8 6.4-12.8 12.8v70.4c0 6.4 6.4 12.8 12.8 12.8z\" class=\"\"><\/path><\/svg><\/i> <img loading=\"lazy\" decoding=\"async\" width=\"16\" height=\"16\" alt=\"Loading\" src=\"https:\/\/www.cubodeideas.com\/blog\/wp-content\/plugins\/page-views-count\/ajax-loader-2x.gif\" border=0 \/><\/p>\n<div class=\"pvc_clear\"><\/div>\n","protected":false},"author":1,"featured_media":2410,"comment_status":"open","ping_status":"closed","sticky":false,"template":"","format":"standard","meta":{"footnotes":"","jetpack_publicize_message":"","jetpack_publicize_feature_enabled":true,"jetpack_social_post_already_shared":false,"jetpack_social_options":{"image_generator_settings":{"template":"highway","default_image_id":0,"font":"","enabled":false},"version":2}},"categories":[13],"tags":[1156,1157],"class_list":["post-2409","post","type-post","status-publish","format-standard","has-post-thumbnail","hentry","category-negocios","tag-comercio-exterior-para-pymes","tag-politica-arancelaria-mexico"],"blocksy_meta":[],"yoast_head":"<!-- This site is optimized with the Yoast SEO plugin v27.0 - https:\/\/yoast.com\/product\/yoast-seo-wordpress\/ -->\n<title>\u00bfC\u00f3mo afectan los nuevos aranceles a las importaciones de PYMES? -<\/title>\n<meta name=\"description\" content=\"Descubre c\u00f3mo afectan los nuevos aranceles a las importaciones de las PYMES mexicanas y qu\u00e9 medidas tomar para reducir el impacto.\" \/>\n<meta name=\"robots\" content=\"index, follow, max-snippet:-1, max-image-preview:large, max-video-preview:-1\" \/>\n<link rel=\"canonical\" href=\"https:\/\/www.cubodeideas.com\/blog\/negocios\/como-afectan-los-nuevos-aranceles-a-las-importaciones-de-pymes\/\" \/>\n<meta property=\"og:locale\" content=\"es_ES\" \/>\n<meta property=\"og:type\" content=\"article\" \/>\n<meta property=\"og:title\" content=\"\u00bfC\u00f3mo afectan los nuevos aranceles a las importaciones de PYMES? -\" \/>\n<meta property=\"og:description\" content=\"Descubre c\u00f3mo afectan los nuevos aranceles a las importaciones de las PYMES mexicanas y qu\u00e9 medidas tomar para reducir el impacto.\" \/>\n<meta property=\"og:url\" content=\"https:\/\/www.cubodeideas.com\/blog\/negocios\/como-afectan-los-nuevos-aranceles-a-las-importaciones-de-pymes\/\" \/>\n<meta property=\"article:publisher\" content=\"https:\/\/www.facebook.com\/somoscubodeideas\" \/>\n<meta property=\"article:published_time\" content=\"2025-04-11T15:40:53+00:00\" \/>\n<meta property=\"og:image\" content=\"https:\/\/www.cubodeideas.com\/blog\/wp-content\/uploads\/2025\/04\/portada-malamen114.png\" \/>\n\t<meta property=\"og:image:width\" content=\"1640\" \/>\n\t<meta property=\"og:image:height\" content=\"924\" \/>\n\t<meta property=\"og:image:type\" content=\"image\/png\" \/>\n<meta name=\"author\" content=\"Noel Castro\" \/>\n<meta name=\"twitter:card\" content=\"summary_large_image\" \/>\n<meta name=\"twitter:creator\" content=\"@cubo_ideas\" \/>\n<meta name=\"twitter:site\" content=\"@cubo_ideas\" \/>\n<meta name=\"twitter:label1\" content=\"Escrito por\" \/>\n\t<meta name=\"twitter:data1\" content=\"Noel Castro\" \/>\n\t<meta name=\"twitter:label2\" content=\"Tiempo de lectura\" \/>\n\t<meta name=\"twitter:data2\" content=\"5 minutos\" \/>\n<script type=\"application\/ld+json\" class=\"yoast-schema-graph\">{\"@context\":\"https:\/\/schema.org\",\"@graph\":[{\"@type\":\"Article\",\"@id\":\"https:\/\/www.cubodeideas.com\/blog\/negocios\/como-afectan-los-nuevos-aranceles-a-las-importaciones-de-pymes\/#article\",\"isPartOf\":{\"@id\":\"https:\/\/www.cubodeideas.com\/blog\/negocios\/como-afectan-los-nuevos-aranceles-a-las-importaciones-de-pymes\/\"},\"author\":{\"name\":\"Noel Castro\",\"@id\":\"https:\/\/www.cubodeideas.com\/blog\/#\/schema\/person\/5614e43eb76109017cff51a2c7928211\"},\"headline\":\"\u00bfC\u00f3mo afectan los nuevos aranceles a las importaciones de PYMES?\",\"datePublished\":\"2025-04-11T15:40:53+00:00\",\"mainEntityOfPage\":{\"@id\":\"https:\/\/www.cubodeideas.com\/blog\/negocios\/como-afectan-los-nuevos-aranceles-a-las-importaciones-de-pymes\/\"},\"wordCount\":1017,\"commentCount\":0,\"publisher\":{\"@id\":\"https:\/\/www.cubodeideas.com\/blog\/#organization\"},\"image\":{\"@id\":\"https:\/\/www.cubodeideas.com\/blog\/negocios\/como-afectan-los-nuevos-aranceles-a-las-importaciones-de-pymes\/#primaryimage\"},\"thumbnailUrl\":\"https:\/\/www.cubodeideas.com\/blog\/wp-content\/uploads\/2025\/04\/portada-malamen114.png\",\"keywords\":[\"comercio exterior para PYMES\",\"pol\u00edtica arancelaria M\u00e9xico\"],\"articleSection\":[\"Negocios\"],\"inLanguage\":\"es\",\"potentialAction\":[{\"@type\":\"CommentAction\",\"name\":\"Comment\",\"target\":[\"https:\/\/www.cubodeideas.com\/blog\/negocios\/como-afectan-los-nuevos-aranceles-a-las-importaciones-de-pymes\/#respond\"]}]},{\"@type\":\"WebPage\",\"@id\":\"https:\/\/www.cubodeideas.com\/blog\/negocios\/como-afectan-los-nuevos-aranceles-a-las-importaciones-de-pymes\/\",\"url\":\"https:\/\/www.cubodeideas.com\/blog\/negocios\/como-afectan-los-nuevos-aranceles-a-las-importaciones-de-pymes\/\",\"name\":\"\u00bfC\u00f3mo afectan los nuevos aranceles a las importaciones de PYMES? -\",\"isPartOf\":{\"@id\":\"https:\/\/www.cubodeideas.com\/blog\/#website\"},\"primaryImageOfPage\":{\"@id\":\"https:\/\/www.cubodeideas.com\/blog\/negocios\/como-afectan-los-nuevos-aranceles-a-las-importaciones-de-pymes\/#primaryimage\"},\"image\":{\"@id\":\"https:\/\/www.cubodeideas.com\/blog\/negocios\/como-afectan-los-nuevos-aranceles-a-las-importaciones-de-pymes\/#primaryimage\"},\"thumbnailUrl\":\"https:\/\/www.cubodeideas.com\/blog\/wp-content\/uploads\/2025\/04\/portada-malamen114.png\",\"datePublished\":\"2025-04-11T15:40:53+00:00\",\"description\":\"Descubre c\u00f3mo afectan los nuevos aranceles a las importaciones de las PYMES mexicanas y qu\u00e9 medidas tomar para reducir el impacto.\",\"breadcrumb\":{\"@id\":\"https:\/\/www.cubodeideas.com\/blog\/negocios\/como-afectan-los-nuevos-aranceles-a-las-importaciones-de-pymes\/#breadcrumb\"},\"inLanguage\":\"es\",\"potentialAction\":[{\"@type\":\"ReadAction\",\"target\":[\"https:\/\/www.cubodeideas.com\/blog\/negocios\/como-afectan-los-nuevos-aranceles-a-las-importaciones-de-pymes\/\"]}]},{\"@type\":\"ImageObject\",\"inLanguage\":\"es\",\"@id\":\"https:\/\/www.cubodeideas.com\/blog\/negocios\/como-afectan-los-nuevos-aranceles-a-las-importaciones-de-pymes\/#primaryimage\",\"url\":\"https:\/\/www.cubodeideas.com\/blog\/wp-content\/uploads\/2025\/04\/portada-malamen114.png\",\"contentUrl\":\"https:\/\/www.cubodeideas.com\/blog\/wp-content\/uploads\/2025\/04\/portada-malamen114.png\",\"width\":1640,\"height\":924,\"caption\":\"PTU en PYMEs\"},{\"@type\":\"BreadcrumbList\",\"@id\":\"https:\/\/www.cubodeideas.com\/blog\/negocios\/como-afectan-los-nuevos-aranceles-a-las-importaciones-de-pymes\/#breadcrumb\",\"itemListElement\":[{\"@type\":\"ListItem\",\"position\":1,\"name\":\"Portada\",\"item\":\"https:\/\/www.cubodeideas.com\/blog\/\"},{\"@type\":\"ListItem\",\"position\":2,\"name\":\"\u00bfC\u00f3mo afectan los nuevos aranceles a las importaciones de PYMES?\"}]},{\"@type\":\"WebSite\",\"@id\":\"https:\/\/www.cubodeideas.com\/blog\/#website\",\"url\":\"https:\/\/www.cubodeideas.com\/blog\/\",\"name\":\"Cubo de Ideas\",\"description\":\"Cubo de Ideas, El Blog\",\"publisher\":{\"@id\":\"https:\/\/www.cubodeideas.com\/blog\/#organization\"},\"potentialAction\":[{\"@type\":\"SearchAction\",\"target\":{\"@type\":\"EntryPoint\",\"urlTemplate\":\"https:\/\/www.cubodeideas.com\/blog\/?s={search_term_string}\"},\"query-input\":{\"@type\":\"PropertyValueSpecification\",\"valueRequired\":true,\"valueName\":\"search_term_string\"}}],\"inLanguage\":\"es\"},{\"@type\":\"Organization\",\"@id\":\"https:\/\/www.cubodeideas.com\/blog\/#organization\",\"name\":\"Cubo de Ideas\",\"url\":\"https:\/\/www.cubodeideas.com\/blog\/\",\"logo\":{\"@type\":\"ImageObject\",\"inLanguage\":\"es\",\"@id\":\"https:\/\/www.cubodeideas.com\/blog\/#\/schema\/logo\/image\/\",\"url\":\"https:\/\/www.cubodeideas.com\/blog\/wp-content\/uploads\/2021\/10\/android-icon-72x72-1.png\",\"contentUrl\":\"https:\/\/www.cubodeideas.com\/blog\/wp-content\/uploads\/2021\/10\/android-icon-72x72-1.png\",\"width\":72,\"height\":72,\"caption\":\"Cubo de Ideas\"},\"image\":{\"@id\":\"https:\/\/www.cubodeideas.com\/blog\/#\/schema\/logo\/image\/\"},\"sameAs\":[\"https:\/\/www.facebook.com\/somoscubodeideas\",\"https:\/\/x.com\/cubo_ideas\",\"https:\/\/www.instagram.com\/cubodeideas\"]},{\"@type\":\"Person\",\"@id\":\"https:\/\/www.cubodeideas.com\/blog\/#\/schema\/person\/5614e43eb76109017cff51a2c7928211\",\"name\":\"Noel Castro\",\"description\":\"LEM Noel Castro Monta\u00f1o es CEO de Cubo de Ideas, Director de Operaciones para Citosa Textiles. Asesor de nuevos mercados y estrategias digitales para el segmento Retail. Especialista en marketing para autoservicios y puntos de venta. Especialista en sistemas de gesti\u00f3n de la calidad con enfoque a la ISO 9001:2015\",\"sameAs\":[\"https:\/\/www.cubodeideas.com\/blog\"],\"url\":\"https:\/\/www.cubodeideas.com\/blog\/author\/admin\/\"}]}<\/script>\n<!-- \/ Yoast SEO plugin. -->","yoast_head_json":{"title":"\u00bfC\u00f3mo afectan los nuevos aranceles a las importaciones de PYMES? -","description":"Descubre c\u00f3mo afectan los nuevos aranceles a las importaciones de las PYMES mexicanas y qu\u00e9 medidas tomar para reducir el impacto.","robots":{"index":"index","follow":"follow","max-snippet":"max-snippet:-1","max-image-preview":"max-image-preview:large","max-video-preview":"max-video-preview:-1"},"canonical":"https:\/\/www.cubodeideas.com\/blog\/negocios\/como-afectan-los-nuevos-aranceles-a-las-importaciones-de-pymes\/","og_locale":"es_ES","og_type":"article","og_title":"\u00bfC\u00f3mo afectan los nuevos aranceles a las importaciones de PYMES? -","og_description":"Descubre c\u00f3mo afectan los nuevos aranceles a las importaciones de las PYMES mexicanas y qu\u00e9 medidas tomar para reducir el impacto.","og_url":"https:\/\/www.cubodeideas.com\/blog\/negocios\/como-afectan-los-nuevos-aranceles-a-las-importaciones-de-pymes\/","article_publisher":"https:\/\/www.facebook.com\/somoscubodeideas","article_published_time":"2025-04-11T15:40:53+00:00","og_image":[{"width":1640,"height":924,"url":"https:\/\/www.cubodeideas.com\/blog\/wp-content\/uploads\/2025\/04\/portada-malamen114.png","type":"image\/png"}],"author":"Noel Castro","twitter_card":"summary_large_image","twitter_creator":"@cubo_ideas","twitter_site":"@cubo_ideas","twitter_misc":{"Escrito por":"Noel Castro","Tiempo de lectura":"5 minutos"},"schema":{"@context":"https:\/\/schema.org","@graph":[{"@type":"Article","@id":"https:\/\/www.cubodeideas.com\/blog\/negocios\/como-afectan-los-nuevos-aranceles-a-las-importaciones-de-pymes\/#article","isPartOf":{"@id":"https:\/\/www.cubodeideas.com\/blog\/negocios\/como-afectan-los-nuevos-aranceles-a-las-importaciones-de-pymes\/"},"author":{"name":"Noel Castro","@id":"https:\/\/www.cubodeideas.com\/blog\/#\/schema\/person\/5614e43eb76109017cff51a2c7928211"},"headline":"\u00bfC\u00f3mo afectan los nuevos aranceles a las importaciones de PYMES?","datePublished":"2025-04-11T15:40:53+00:00","mainEntityOfPage":{"@id":"https:\/\/www.cubodeideas.com\/blog\/negocios\/como-afectan-los-nuevos-aranceles-a-las-importaciones-de-pymes\/"},"wordCount":1017,"commentCount":0,"publisher":{"@id":"https:\/\/www.cubodeideas.com\/blog\/#organization"},"image":{"@id":"https:\/\/www.cubodeideas.com\/blog\/negocios\/como-afectan-los-nuevos-aranceles-a-las-importaciones-de-pymes\/#primaryimage"},"thumbnailUrl":"https:\/\/www.cubodeideas.com\/blog\/wp-content\/uploads\/2025\/04\/portada-malamen114.png","keywords":["comercio exterior para PYMES","pol\u00edtica arancelaria M\u00e9xico"],"articleSection":["Negocios"],"inLanguage":"es","potentialAction":[{"@type":"CommentAction","name":"Comment","target":["https:\/\/www.cubodeideas.com\/blog\/negocios\/como-afectan-los-nuevos-aranceles-a-las-importaciones-de-pymes\/#respond"]}]},{"@type":"WebPage","@id":"https:\/\/www.cubodeideas.com\/blog\/negocios\/como-afectan-los-nuevos-aranceles-a-las-importaciones-de-pymes\/","url":"https:\/\/www.cubodeideas.com\/blog\/negocios\/como-afectan-los-nuevos-aranceles-a-las-importaciones-de-pymes\/","name":"\u00bfC\u00f3mo afectan los nuevos aranceles a las importaciones de PYMES? -","isPartOf":{"@id":"https:\/\/www.cubodeideas.com\/blog\/#website"},"primaryImageOfPage":{"@id":"https:\/\/www.cubodeideas.com\/blog\/negocios\/como-afectan-los-nuevos-aranceles-a-las-importaciones-de-pymes\/#primaryimage"},"image":{"@id":"https:\/\/www.cubodeideas.com\/blog\/negocios\/como-afectan-los-nuevos-aranceles-a-las-importaciones-de-pymes\/#primaryimage"},"thumbnailUrl":"https:\/\/www.cubodeideas.com\/blog\/wp-content\/uploads\/2025\/04\/portada-malamen114.png","datePublished":"2025-04-11T15:40:53+00:00","description":"Descubre c\u00f3mo afectan los nuevos aranceles a las importaciones de las PYMES mexicanas y qu\u00e9 medidas tomar para reducir el impacto.","breadcrumb":{"@id":"https:\/\/www.cubodeideas.com\/blog\/negocios\/como-afectan-los-nuevos-aranceles-a-las-importaciones-de-pymes\/#breadcrumb"},"inLanguage":"es","potentialAction":[{"@type":"ReadAction","target":["https:\/\/www.cubodeideas.com\/blog\/negocios\/como-afectan-los-nuevos-aranceles-a-las-importaciones-de-pymes\/"]}]},{"@type":"ImageObject","inLanguage":"es","@id":"https:\/\/www.cubodeideas.com\/blog\/negocios\/como-afectan-los-nuevos-aranceles-a-las-importaciones-de-pymes\/#primaryimage","url":"https:\/\/www.cubodeideas.com\/blog\/wp-content\/uploads\/2025\/04\/portada-malamen114.png","contentUrl":"https:\/\/www.cubodeideas.com\/blog\/wp-content\/uploads\/2025\/04\/portada-malamen114.png","width":1640,"height":924,"caption":"PTU en PYMEs"},{"@type":"BreadcrumbList","@id":"https:\/\/www.cubodeideas.com\/blog\/negocios\/como-afectan-los-nuevos-aranceles-a-las-importaciones-de-pymes\/#breadcrumb","itemListElement":[{"@type":"ListItem","position":1,"name":"Portada","item":"https:\/\/www.cubodeideas.com\/blog\/"},{"@type":"ListItem","position":2,"name":"\u00bfC\u00f3mo afectan los nuevos aranceles a las importaciones de PYMES?"}]},{"@type":"WebSite","@id":"https:\/\/www.cubodeideas.com\/blog\/#website","url":"https:\/\/www.cubodeideas.com\/blog\/","name":"Cubo de Ideas","description":"Cubo de Ideas, El Blog","publisher":{"@id":"https:\/\/www.cubodeideas.com\/blog\/#organization"},"potentialAction":[{"@type":"SearchAction","target":{"@type":"EntryPoint","urlTemplate":"https:\/\/www.cubodeideas.com\/blog\/?s={search_term_string}"},"query-input":{"@type":"PropertyValueSpecification","valueRequired":true,"valueName":"search_term_string"}}],"inLanguage":"es"},{"@type":"Organization","@id":"https:\/\/www.cubodeideas.com\/blog\/#organization","name":"Cubo de Ideas","url":"https:\/\/www.cubodeideas.com\/blog\/","logo":{"@type":"ImageObject","inLanguage":"es","@id":"https:\/\/www.cubodeideas.com\/blog\/#\/schema\/logo\/image\/","url":"https:\/\/www.cubodeideas.com\/blog\/wp-content\/uploads\/2021\/10\/android-icon-72x72-1.png","contentUrl":"https:\/\/www.cubodeideas.com\/blog\/wp-content\/uploads\/2021\/10\/android-icon-72x72-1.png","width":72,"height":72,"caption":"Cubo de Ideas"},"image":{"@id":"https:\/\/www.cubodeideas.com\/blog\/#\/schema\/logo\/image\/"},"sameAs":["https:\/\/www.facebook.com\/somoscubodeideas","https:\/\/x.com\/cubo_ideas","https:\/\/www.instagram.com\/cubodeideas"]},{"@type":"Person","@id":"https:\/\/www.cubodeideas.com\/blog\/#\/schema\/person\/5614e43eb76109017cff51a2c7928211","name":"Noel Castro","description":"LEM Noel Castro Monta\u00f1o es CEO de Cubo de Ideas, Director de Operaciones para Citosa Textiles. Asesor de nuevos mercados y estrategias digitales para el segmento Retail. Especialista en marketing para autoservicios y puntos de venta. Especialista en sistemas de gesti\u00f3n de la calidad con enfoque a la ISO 9001:2015","sameAs":["https:\/\/www.cubodeideas.com\/blog"],"url":"https:\/\/www.cubodeideas.com\/blog\/author\/admin\/"}]}},"jetpack_publicize_connections":[],"_links":{"self":[{"href":"https:\/\/www.cubodeideas.com\/blog\/wp-json\/wp\/v2\/posts\/2409","targetHints":{"allow":["GET"]}}],"collection":[{"href":"https:\/\/www.cubodeideas.com\/blog\/wp-json\/wp\/v2\/posts"}],"about":[{"href":"https:\/\/www.cubodeideas.com\/blog\/wp-json\/wp\/v2\/types\/post"}],"author":[{"embeddable":true,"href":"https:\/\/www.cubodeideas.com\/blog\/wp-json\/wp\/v2\/users\/1"}],"replies":[{"embeddable":true,"href":"https:\/\/www.cubodeideas.com\/blog\/wp-json\/wp\/v2\/comments?post=2409"}],"version-history":[{"count":1,"href":"https:\/\/www.cubodeideas.com\/blog\/wp-json\/wp\/v2\/posts\/2409\/revisions"}],"predecessor-version":[{"id":2411,"href":"https:\/\/www.cubodeideas.com\/blog\/wp-json\/wp\/v2\/posts\/2409\/revisions\/2411"}],"wp:featuredmedia":[{"embeddable":true,"href":"https:\/\/www.cubodeideas.com\/blog\/wp-json\/wp\/v2\/media\/2410"}],"wp:attachment":[{"href":"https:\/\/www.cubodeideas.com\/blog\/wp-json\/wp\/v2\/media?parent=2409"}],"wp:term":[{"taxonomy":"category","embeddable":true,"href":"https:\/\/www.cubodeideas.com\/blog\/wp-json\/wp\/v2\/categories?post=2409"},{"taxonomy":"post_tag","embeddable":true,"href":"https:\/\/www.cubodeideas.com\/blog\/wp-json\/wp\/v2\/tags?post=2409"}],"curies":[{"name":"wp","href":"https:\/\/api.w.org\/{rel}","templated":true}]}}