{"id":2320,"date":"2025-02-23T22:20:10","date_gmt":"2025-02-23T22:20:10","guid":{"rendered":"https:\/\/www.cubodeideas.com\/blog\/?p=2320"},"modified":"2025-02-23T22:20:10","modified_gmt":"2025-02-23T22:20:10","slug":"sostenibilidad-y-responsabilidad-social-en-sgc","status":"publish","type":"post","link":"https:\/\/www.cubodeideas.com\/blog\/negocios\/sostenibilidad-y-responsabilidad-social-en-sgc\/","title":{"rendered":"Sostenibilidad y Responsabilidad Social en SGC"},"content":{"rendered":"<p data-pm-slice=\"1 1 []\">La incorporaci\u00f3n de la <strong>sostenibilidad y responsabilidad social en sistemas de gesti\u00f3n de calidad<\/strong> se ha convertido en un factor clave para las organizaciones que buscan no solo mejorar sus procesos, sino tambi\u00e9n cumplir con las expectativas de sus grupos de inter\u00e9s. En un entorno globalizado, las empresas deben garantizar que sus pr\u00e1cticas no solo cumplan con las normativas de calidad, sino que tambi\u00e9n promuevan el desarrollo sostenible y el bienestar social.<\/p>\n<h2>Integraci\u00f3n de la Sostenibilidad en los Sistemas de Gesti\u00f3n de Calidad<\/h2>\n<h3>1. Marco Normativo y Directrices<\/h3>\n<p>Las normas de calidad han evolucionado para integrar elementos de <strong>sostenibilidad y responsabilidad social<\/strong>. ISO 9001:2015 establece el enfoque basado en riesgos, promoviendo la consideraci\u00f3n de impactos ambientales y sociales en la gesti\u00f3n de la calidad. Sin embargo, otras normas complementarias como <strong>ISO 14001 (gesti\u00f3n ambiental)<\/strong> e <strong>ISO 26000 (responsabilidad social)<\/strong> ofrecen directrices espec\u00edficas para gestionar estos aspectos de manera integral.<\/p>\n<ul data-spread=\"false\">\n<li><strong>ISO 9001:<\/strong> Exige que las empresas identifiquen y gestionen factores que puedan afectar la calidad, incluyendo los impactos ambientales y sociales.<\/li>\n<li><strong>ISO 14001:<\/strong> Focalizada en la gesti\u00f3n ambiental, permite a las empresas reducir su huella ecol\u00f3gica.<\/li>\n<li><strong>ISO 26000:<\/strong> No certificable, pero proporciona gu\u00eda sobre c\u00f3mo las organizaciones pueden operar de manera socialmente responsable.<\/li>\n<\/ul>\n<h3>2. Estrategias de Implementaci\u00f3n<\/h3>\n<p>Para integrar la <strong>sostenibilidad en un sistema de gesti\u00f3n de calidad<\/strong>, es necesario adoptar un enfoque sistem\u00e1tico:<\/p>\n<ul data-spread=\"false\">\n<li><strong>Evaluaci\u00f3n de Impacto:<\/strong> Identificar los efectos ambientales y sociales de los procesos productivos.<\/li>\n<li><strong>Gesti\u00f3n de Proveedores:<\/strong> Aplicar criterios de selecci\u00f3n que consideren el cumplimiento de est\u00e1ndares sociales y ambientales.<\/li>\n<li><strong>Econom\u00eda Circular:<\/strong> Implementar estrategias que optimicen el uso de materiales, reduzcan desperdicios y fomenten el reciclaje.<\/li>\n<li><strong>Innovaci\u00f3n Sustentable:<\/strong> Desarrollar productos y servicios con menor impacto ambiental sin comprometer la calidad.<\/li>\n<\/ul>\n<h2>Responsabilidad Social Empresarial (RSE) en la Gesti\u00f3n de Calidad<\/h2>\n<h3>1. Principios de Responsabilidad Social<\/h3>\n<p>La <strong>responsabilidad social empresarial (RSE)<\/strong> implica la adopci\u00f3n de pr\u00e1cticas \u00e9ticas que beneficien a la sociedad y al medio ambiente, aline\u00e1ndose con los principios de ISO 26000:<\/p>\n<ul data-spread=\"false\">\n<li><strong>Transparencia:<\/strong> Divulgar informaci\u00f3n sobre el impacto de la organizaci\u00f3n en la sociedad y el ambiente.<\/li>\n<li><strong>Comportamiento \u00c9tico:<\/strong> Cumplir con las normativas y actuar con integridad.<\/li>\n<li><strong>Respeto a los Intereses de las Partes Interesadas:<\/strong> Considerar a empleados, clientes, proveedores y comunidades en la toma de decisiones.<\/li>\n<\/ul>\n<h3>2. Beneficios de la Integraci\u00f3n de la RSE en los Sistemas de Calidad<\/h3>\n<ul data-spread=\"false\">\n<li><strong>Mejora de la Imagen Corporativa:<\/strong> Empresas responsables generan mayor confianza entre consumidores e inversores.<\/li>\n<li><strong>Reducci\u00f3n de Costos Operacionales:<\/strong> Pr\u00e1cticas sustentables pueden generar ahorros significativos a largo plazo.<\/li>\n<li><strong>Cumplimiento Normativo:<\/strong> Minimiza riesgos legales asociados a incumplimientos ambientales y laborales.<\/li>\n<li><strong>Aumento de la Lealtad del Cliente:<\/strong> Consumidores prefieren marcas comprometidas con la responsabilidad social.<\/li>\n<\/ul>\n<h2>Evaluaci\u00f3n y Mejora Continua de la Sostenibilidad en la Calidad<\/h2>\n<p>Para asegurar la mejora continua de la <strong>sostenibilidad y responsabilidad social en sistemas de gesti\u00f3n de calidad<\/strong>, es clave implementar mecanismos de medici\u00f3n y control, como:<\/p>\n<ul data-spread=\"false\">\n<li><strong>Indicadores de Desempe\u00f1o Ambiental (KPI):<\/strong> Seguimiento de emisiones, consumo de energ\u00eda y gesti\u00f3n de residuos.<\/li>\n<li><strong>Auditor\u00edas Internas y Externas:<\/strong> Evaluaci\u00f3n peri\u00f3dica del cumplimiento con los est\u00e1ndares de sostenibilidad.<\/li>\n<li><strong>Capacitaci\u00f3n y Sensibilizaci\u00f3n:<\/strong> Desarrollo de programas de formaci\u00f3n para empleados y proveedores sobre pr\u00e1cticas sustentables.<\/li>\n<\/ul>\n<p>La incorporaci\u00f3n de la <strong>sostenibilidad y responsabilidad social en sistemas de gesti\u00f3n de calidad<\/strong> no solo fortalece la competitividad de las empresas, sino que tambi\u00e9n contribuye al desarrollo sostenible. Integrar est\u00e1ndares como <strong>ISO 14001 e ISO 26000<\/strong> junto con ISO 9001 permite a las organizaciones garantizar procesos eficientes, responsables y alineados con las expectativas globales.<\/p>\n<div class=\"pvc_clear\"><\/div>\n<p id=\"pvc_stats_2320\" class=\"pvc_stats all  \" data-element-id=\"2320\" style=\"\"><i class=\"pvc-stats-icon medium\" aria-hidden=\"true\"><svg aria-hidden=\"true\" focusable=\"false\" data-prefix=\"far\" data-icon=\"chart-bar\" role=\"img\" xmlns=\"http:\/\/www.w3.org\/2000\/svg\" viewBox=\"0 0 512 512\" class=\"svg-inline--fa fa-chart-bar fa-w-16 fa-2x\"><path fill=\"currentColor\" d=\"M396.8 352h22.4c6.4 0 12.8-6.4 12.8-12.8V108.8c0-6.4-6.4-12.8-12.8-12.8h-22.4c-6.4 0-12.8 6.4-12.8 12.8v230.4c0 6.4 6.4 12.8 12.8 12.8zm-192 0h22.4c6.4 0 12.8-6.4 12.8-12.8V140.8c0-6.4-6.4-12.8-12.8-12.8h-22.4c-6.4 0-12.8 6.4-12.8 12.8v198.4c0 6.4 6.4 12.8 12.8 12.8zm96 0h22.4c6.4 0 12.8-6.4 12.8-12.8V204.8c0-6.4-6.4-12.8-12.8-12.8h-22.4c-6.4 0-12.8 6.4-12.8 12.8v134.4c0 6.4 6.4 12.8 12.8 12.8zM496 400H48V80c0-8.84-7.16-16-16-16H16C7.16 64 0 71.16 0 80v336c0 17.67 14.33 32 32 32h464c8.84 0 16-7.16 16-16v-16c0-8.84-7.16-16-16-16zm-387.2-48h22.4c6.4 0 12.8-6.4 12.8-12.8v-70.4c0-6.4-6.4-12.8-12.8-12.8h-22.4c-6.4 0-12.8 6.4-12.8 12.8v70.4c0 6.4 6.4 12.8 12.8 12.8z\" class=\"\"><\/path><\/svg><\/i> <img loading=\"lazy\" decoding=\"async\" width=\"16\" height=\"16\" alt=\"Loading\" src=\"https:\/\/www.cubodeideas.com\/blog\/wp-content\/plugins\/page-views-count\/ajax-loader-2x.gif\" border=0 \/><\/p>\n<div class=\"pvc_clear\"><\/div>\n","protected":false},"excerpt":{"rendered":"<p>La incorporaci\u00f3n de la sostenibilidad y responsabilidad social en sistemas de gesti\u00f3n de calidad se ha convertido en un factor clave para las organizaciones que buscan no solo mejorar sus procesos, sino tambi\u00e9n cumplir con las expectativas de sus grupos de inter\u00e9s. En un entorno globalizado, las empresas deben garantizar que sus pr\u00e1cticas no solo [&hellip;]<\/p>\n<div class=\"pvc_clear\"><\/div>\n<p id=\"pvc_stats_2320\" class=\"pvc_stats all  \" data-element-id=\"2320\" style=\"\"><i class=\"pvc-stats-icon medium\" aria-hidden=\"true\"><svg aria-hidden=\"true\" focusable=\"false\" data-prefix=\"far\" data-icon=\"chart-bar\" role=\"img\" xmlns=\"http:\/\/www.w3.org\/2000\/svg\" viewBox=\"0 0 512 512\" class=\"svg-inline--fa fa-chart-bar fa-w-16 fa-2x\"><path fill=\"currentColor\" d=\"M396.8 352h22.4c6.4 0 12.8-6.4 12.8-12.8V108.8c0-6.4-6.4-12.8-12.8-12.8h-22.4c-6.4 0-12.8 6.4-12.8 12.8v230.4c0 6.4 6.4 12.8 12.8 12.8zm-192 0h22.4c6.4 0 12.8-6.4 12.8-12.8V140.8c0-6.4-6.4-12.8-12.8-12.8h-22.4c-6.4 0-12.8 6.4-12.8 12.8v198.4c0 6.4 6.4 12.8 12.8 12.8zm96 0h22.4c6.4 0 12.8-6.4 12.8-12.8V204.8c0-6.4-6.4-12.8-12.8-12.8h-22.4c-6.4 0-12.8 6.4-12.8 12.8v134.4c0 6.4 6.4 12.8 12.8 12.8zM496 400H48V80c0-8.84-7.16-16-16-16H16C7.16 64 0 71.16 0 80v336c0 17.67 14.33 32 32 32h464c8.84 0 16-7.16 16-16v-16c0-8.84-7.16-16-16-16zm-387.2-48h22.4c6.4 0 12.8-6.4 12.8-12.8v-70.4c0-6.4-6.4-12.8-12.8-12.8h-22.4c-6.4 0-12.8 6.4-12.8 12.8v70.4c0 6.4 6.4 12.8 12.8 12.8z\" class=\"\"><\/path><\/svg><\/i> <img loading=\"lazy\" decoding=\"async\" width=\"16\" height=\"16\" alt=\"Loading\" src=\"https:\/\/www.cubodeideas.com\/blog\/wp-content\/plugins\/page-views-count\/ajax-loader-2x.gif\" border=0 \/><\/p>\n<div class=\"pvc_clear\"><\/div>\n","protected":false},"author":1,"featured_media":2321,"comment_status":"open","ping_status":"closed","sticky":false,"template":"","format":"standard","meta":{"footnotes":"","jetpack_publicize_message":"","jetpack_publicize_feature_enabled":true,"jetpack_social_post_already_shared":false,"jetpack_social_options":{"image_generator_settings":{"template":"highway","default_image_id":0,"font":"","enabled":false},"version":2}},"categories":[14,13],"tags":[274,948,1120,333,52,1121,578],"class_list":["post-2320","post","type-post","status-publish","format-standard","has-post-thumbnail","hentry","category-calidad-total","category-negocios","tag-calidad","tag-iso-14001","tag-iso-26000","tag-iso-9001","tag-mejora-continua","tag-responsabilidad-social","tag-sostenibilidad"],"blocksy_meta":[],"yoast_head":"<!-- This site is optimized with the Yoast SEO plugin v27.0 - https:\/\/yoast.com\/product\/yoast-seo-wordpress\/ -->\n<title>Sostenibilidad y Responsabilidad Social en SGC -<\/title>\n<meta name=\"description\" content=\"Descubre c\u00f3mo integrar sostenibilidad y responsabilidad social en sistemas de gesti\u00f3n de calidad seg\u00fan ISO 9001, ISO 14001 e ISO 26000.\" \/>\n<meta name=\"robots\" content=\"index, follow, max-snippet:-1, max-image-preview:large, max-video-preview:-1\" \/>\n<link rel=\"canonical\" href=\"https:\/\/www.cubodeideas.com\/blog\/negocios\/sostenibilidad-y-responsabilidad-social-en-sgc\/\" \/>\n<meta property=\"og:locale\" content=\"es_ES\" \/>\n<meta property=\"og:type\" content=\"article\" \/>\n<meta property=\"og:title\" content=\"Sostenibilidad y Responsabilidad Social en SGC -\" \/>\n<meta property=\"og:description\" content=\"Descubre c\u00f3mo integrar sostenibilidad y responsabilidad social en sistemas de gesti\u00f3n de calidad seg\u00fan ISO 9001, ISO 14001 e ISO 26000.\" \/>\n<meta property=\"og:url\" content=\"https:\/\/www.cubodeideas.com\/blog\/negocios\/sostenibilidad-y-responsabilidad-social-en-sgc\/\" \/>\n<meta property=\"article:publisher\" content=\"https:\/\/www.facebook.com\/somoscubodeideas\" \/>\n<meta property=\"article:published_time\" content=\"2025-02-23T22:20:10+00:00\" \/>\n<meta property=\"og:image\" content=\"https:\/\/www.cubodeideas.com\/blog\/wp-content\/uploads\/2025\/02\/portada-malamen79.png\" \/>\n\t<meta property=\"og:image:width\" content=\"1640\" \/>\n\t<meta property=\"og:image:height\" content=\"924\" \/>\n\t<meta property=\"og:image:type\" content=\"image\/png\" \/>\n<meta name=\"author\" content=\"Noel Castro\" \/>\n<meta name=\"twitter:card\" content=\"summary_large_image\" \/>\n<meta name=\"twitter:creator\" content=\"@cubo_ideas\" \/>\n<meta name=\"twitter:site\" content=\"@cubo_ideas\" \/>\n<meta name=\"twitter:label1\" content=\"Escrito por\" \/>\n\t<meta name=\"twitter:data1\" content=\"Noel Castro\" \/>\n\t<meta name=\"twitter:label2\" content=\"Tiempo de lectura\" \/>\n\t<meta name=\"twitter:data2\" content=\"3 minutos\" \/>\n<script type=\"application\/ld+json\" class=\"yoast-schema-graph\">{\"@context\":\"https:\/\/schema.org\",\"@graph\":[{\"@type\":\"Article\",\"@id\":\"https:\/\/www.cubodeideas.com\/blog\/negocios\/sostenibilidad-y-responsabilidad-social-en-sgc\/#article\",\"isPartOf\":{\"@id\":\"https:\/\/www.cubodeideas.com\/blog\/negocios\/sostenibilidad-y-responsabilidad-social-en-sgc\/\"},\"author\":{\"name\":\"Noel Castro\",\"@id\":\"https:\/\/www.cubodeideas.com\/blog\/#\/schema\/person\/5614e43eb76109017cff51a2c7928211\"},\"headline\":\"Sostenibilidad y Responsabilidad Social en SGC\",\"datePublished\":\"2025-02-23T22:20:10+00:00\",\"mainEntityOfPage\":{\"@id\":\"https:\/\/www.cubodeideas.com\/blog\/negocios\/sostenibilidad-y-responsabilidad-social-en-sgc\/\"},\"wordCount\":611,\"commentCount\":0,\"publisher\":{\"@id\":\"https:\/\/www.cubodeideas.com\/blog\/#organization\"},\"image\":{\"@id\":\"https:\/\/www.cubodeideas.com\/blog\/negocios\/sostenibilidad-y-responsabilidad-social-en-sgc\/#primaryimage\"},\"thumbnailUrl\":\"https:\/\/www.cubodeideas.com\/blog\/wp-content\/uploads\/2025\/02\/portada-malamen79.png\",\"keywords\":[\"Calidad\",\"ISO 14001\",\"ISO 26000\",\"ISO 9001\",\"Mejora Continua\",\"responsabilidad social\",\"Sostenibilidad\"],\"articleSection\":[\"Calidad Total\",\"Negocios\"],\"inLanguage\":\"es\",\"potentialAction\":[{\"@type\":\"CommentAction\",\"name\":\"Comment\",\"target\":[\"https:\/\/www.cubodeideas.com\/blog\/negocios\/sostenibilidad-y-responsabilidad-social-en-sgc\/#respond\"]}]},{\"@type\":\"WebPage\",\"@id\":\"https:\/\/www.cubodeideas.com\/blog\/negocios\/sostenibilidad-y-responsabilidad-social-en-sgc\/\",\"url\":\"https:\/\/www.cubodeideas.com\/blog\/negocios\/sostenibilidad-y-responsabilidad-social-en-sgc\/\",\"name\":\"Sostenibilidad y Responsabilidad Social en SGC -\",\"isPartOf\":{\"@id\":\"https:\/\/www.cubodeideas.com\/blog\/#website\"},\"primaryImageOfPage\":{\"@id\":\"https:\/\/www.cubodeideas.com\/blog\/negocios\/sostenibilidad-y-responsabilidad-social-en-sgc\/#primaryimage\"},\"image\":{\"@id\":\"https:\/\/www.cubodeideas.com\/blog\/negocios\/sostenibilidad-y-responsabilidad-social-en-sgc\/#primaryimage\"},\"thumbnailUrl\":\"https:\/\/www.cubodeideas.com\/blog\/wp-content\/uploads\/2025\/02\/portada-malamen79.png\",\"datePublished\":\"2025-02-23T22:20:10+00:00\",\"description\":\"Descubre c\u00f3mo integrar sostenibilidad y responsabilidad social en sistemas de gesti\u00f3n de calidad seg\u00fan ISO 9001, ISO 14001 e ISO 26000.\",\"breadcrumb\":{\"@id\":\"https:\/\/www.cubodeideas.com\/blog\/negocios\/sostenibilidad-y-responsabilidad-social-en-sgc\/#breadcrumb\"},\"inLanguage\":\"es\",\"potentialAction\":[{\"@type\":\"ReadAction\",\"target\":[\"https:\/\/www.cubodeideas.com\/blog\/negocios\/sostenibilidad-y-responsabilidad-social-en-sgc\/\"]}]},{\"@type\":\"ImageObject\",\"inLanguage\":\"es\",\"@id\":\"https:\/\/www.cubodeideas.com\/blog\/negocios\/sostenibilidad-y-responsabilidad-social-en-sgc\/#primaryimage\",\"url\":\"https:\/\/www.cubodeideas.com\/blog\/wp-content\/uploads\/2025\/02\/portada-malamen79.png\",\"contentUrl\":\"https:\/\/www.cubodeideas.com\/blog\/wp-content\/uploads\/2025\/02\/portada-malamen79.png\",\"width\":1640,\"height\":924,\"caption\":\"sostenibilidad en PYMEs mexicanas\"},{\"@type\":\"BreadcrumbList\",\"@id\":\"https:\/\/www.cubodeideas.com\/blog\/negocios\/sostenibilidad-y-responsabilidad-social-en-sgc\/#breadcrumb\",\"itemListElement\":[{\"@type\":\"ListItem\",\"position\":1,\"name\":\"Portada\",\"item\":\"https:\/\/www.cubodeideas.com\/blog\/\"},{\"@type\":\"ListItem\",\"position\":2,\"name\":\"Sostenibilidad y Responsabilidad Social en SGC\"}]},{\"@type\":\"WebSite\",\"@id\":\"https:\/\/www.cubodeideas.com\/blog\/#website\",\"url\":\"https:\/\/www.cubodeideas.com\/blog\/\",\"name\":\"Cubo de Ideas\",\"description\":\"Cubo de Ideas, El Blog\",\"publisher\":{\"@id\":\"https:\/\/www.cubodeideas.com\/blog\/#organization\"},\"potentialAction\":[{\"@type\":\"SearchAction\",\"target\":{\"@type\":\"EntryPoint\",\"urlTemplate\":\"https:\/\/www.cubodeideas.com\/blog\/?s={search_term_string}\"},\"query-input\":{\"@type\":\"PropertyValueSpecification\",\"valueRequired\":true,\"valueName\":\"search_term_string\"}}],\"inLanguage\":\"es\"},{\"@type\":\"Organization\",\"@id\":\"https:\/\/www.cubodeideas.com\/blog\/#organization\",\"name\":\"Cubo de Ideas\",\"url\":\"https:\/\/www.cubodeideas.com\/blog\/\",\"logo\":{\"@type\":\"ImageObject\",\"inLanguage\":\"es\",\"@id\":\"https:\/\/www.cubodeideas.com\/blog\/#\/schema\/logo\/image\/\",\"url\":\"https:\/\/www.cubodeideas.com\/blog\/wp-content\/uploads\/2021\/10\/android-icon-72x72-1.png\",\"contentUrl\":\"https:\/\/www.cubodeideas.com\/blog\/wp-content\/uploads\/2021\/10\/android-icon-72x72-1.png\",\"width\":72,\"height\":72,\"caption\":\"Cubo de Ideas\"},\"image\":{\"@id\":\"https:\/\/www.cubodeideas.com\/blog\/#\/schema\/logo\/image\/\"},\"sameAs\":[\"https:\/\/www.facebook.com\/somoscubodeideas\",\"https:\/\/x.com\/cubo_ideas\",\"https:\/\/www.instagram.com\/cubodeideas\"]},{\"@type\":\"Person\",\"@id\":\"https:\/\/www.cubodeideas.com\/blog\/#\/schema\/person\/5614e43eb76109017cff51a2c7928211\",\"name\":\"Noel Castro\",\"description\":\"LEM Noel Castro Monta\u00f1o es CEO de Cubo de Ideas, Director de Operaciones para Citosa Textiles. Asesor de nuevos mercados y estrategias digitales para el segmento Retail. Especialista en marketing para autoservicios y puntos de venta. Especialista en sistemas de gesti\u00f3n de la calidad con enfoque a la ISO 9001:2015\",\"sameAs\":[\"https:\/\/www.cubodeideas.com\/blog\"],\"url\":\"https:\/\/www.cubodeideas.com\/blog\/author\/admin\/\"}]}<\/script>\n<!-- \/ Yoast SEO plugin. -->","yoast_head_json":{"title":"Sostenibilidad y Responsabilidad Social en SGC -","description":"Descubre c\u00f3mo integrar sostenibilidad y responsabilidad social en sistemas de gesti\u00f3n de calidad seg\u00fan ISO 9001, ISO 14001 e ISO 26000.","robots":{"index":"index","follow":"follow","max-snippet":"max-snippet:-1","max-image-preview":"max-image-preview:large","max-video-preview":"max-video-preview:-1"},"canonical":"https:\/\/www.cubodeideas.com\/blog\/negocios\/sostenibilidad-y-responsabilidad-social-en-sgc\/","og_locale":"es_ES","og_type":"article","og_title":"Sostenibilidad y Responsabilidad Social en SGC -","og_description":"Descubre c\u00f3mo integrar sostenibilidad y responsabilidad social en sistemas de gesti\u00f3n de calidad seg\u00fan ISO 9001, ISO 14001 e ISO 26000.","og_url":"https:\/\/www.cubodeideas.com\/blog\/negocios\/sostenibilidad-y-responsabilidad-social-en-sgc\/","article_publisher":"https:\/\/www.facebook.com\/somoscubodeideas","article_published_time":"2025-02-23T22:20:10+00:00","og_image":[{"width":1640,"height":924,"url":"https:\/\/www.cubodeideas.com\/blog\/wp-content\/uploads\/2025\/02\/portada-malamen79.png","type":"image\/png"}],"author":"Noel Castro","twitter_card":"summary_large_image","twitter_creator":"@cubo_ideas","twitter_site":"@cubo_ideas","twitter_misc":{"Escrito por":"Noel Castro","Tiempo de lectura":"3 minutos"},"schema":{"@context":"https:\/\/schema.org","@graph":[{"@type":"Article","@id":"https:\/\/www.cubodeideas.com\/blog\/negocios\/sostenibilidad-y-responsabilidad-social-en-sgc\/#article","isPartOf":{"@id":"https:\/\/www.cubodeideas.com\/blog\/negocios\/sostenibilidad-y-responsabilidad-social-en-sgc\/"},"author":{"name":"Noel Castro","@id":"https:\/\/www.cubodeideas.com\/blog\/#\/schema\/person\/5614e43eb76109017cff51a2c7928211"},"headline":"Sostenibilidad y Responsabilidad Social en SGC","datePublished":"2025-02-23T22:20:10+00:00","mainEntityOfPage":{"@id":"https:\/\/www.cubodeideas.com\/blog\/negocios\/sostenibilidad-y-responsabilidad-social-en-sgc\/"},"wordCount":611,"commentCount":0,"publisher":{"@id":"https:\/\/www.cubodeideas.com\/blog\/#organization"},"image":{"@id":"https:\/\/www.cubodeideas.com\/blog\/negocios\/sostenibilidad-y-responsabilidad-social-en-sgc\/#primaryimage"},"thumbnailUrl":"https:\/\/www.cubodeideas.com\/blog\/wp-content\/uploads\/2025\/02\/portada-malamen79.png","keywords":["Calidad","ISO 14001","ISO 26000","ISO 9001","Mejora Continua","responsabilidad social","Sostenibilidad"],"articleSection":["Calidad Total","Negocios"],"inLanguage":"es","potentialAction":[{"@type":"CommentAction","name":"Comment","target":["https:\/\/www.cubodeideas.com\/blog\/negocios\/sostenibilidad-y-responsabilidad-social-en-sgc\/#respond"]}]},{"@type":"WebPage","@id":"https:\/\/www.cubodeideas.com\/blog\/negocios\/sostenibilidad-y-responsabilidad-social-en-sgc\/","url":"https:\/\/www.cubodeideas.com\/blog\/negocios\/sostenibilidad-y-responsabilidad-social-en-sgc\/","name":"Sostenibilidad y Responsabilidad Social en SGC -","isPartOf":{"@id":"https:\/\/www.cubodeideas.com\/blog\/#website"},"primaryImageOfPage":{"@id":"https:\/\/www.cubodeideas.com\/blog\/negocios\/sostenibilidad-y-responsabilidad-social-en-sgc\/#primaryimage"},"image":{"@id":"https:\/\/www.cubodeideas.com\/blog\/negocios\/sostenibilidad-y-responsabilidad-social-en-sgc\/#primaryimage"},"thumbnailUrl":"https:\/\/www.cubodeideas.com\/blog\/wp-content\/uploads\/2025\/02\/portada-malamen79.png","datePublished":"2025-02-23T22:20:10+00:00","description":"Descubre c\u00f3mo integrar sostenibilidad y responsabilidad social en sistemas de gesti\u00f3n de calidad seg\u00fan ISO 9001, ISO 14001 e ISO 26000.","breadcrumb":{"@id":"https:\/\/www.cubodeideas.com\/blog\/negocios\/sostenibilidad-y-responsabilidad-social-en-sgc\/#breadcrumb"},"inLanguage":"es","potentialAction":[{"@type":"ReadAction","target":["https:\/\/www.cubodeideas.com\/blog\/negocios\/sostenibilidad-y-responsabilidad-social-en-sgc\/"]}]},{"@type":"ImageObject","inLanguage":"es","@id":"https:\/\/www.cubodeideas.com\/blog\/negocios\/sostenibilidad-y-responsabilidad-social-en-sgc\/#primaryimage","url":"https:\/\/www.cubodeideas.com\/blog\/wp-content\/uploads\/2025\/02\/portada-malamen79.png","contentUrl":"https:\/\/www.cubodeideas.com\/blog\/wp-content\/uploads\/2025\/02\/portada-malamen79.png","width":1640,"height":924,"caption":"sostenibilidad en PYMEs mexicanas"},{"@type":"BreadcrumbList","@id":"https:\/\/www.cubodeideas.com\/blog\/negocios\/sostenibilidad-y-responsabilidad-social-en-sgc\/#breadcrumb","itemListElement":[{"@type":"ListItem","position":1,"name":"Portada","item":"https:\/\/www.cubodeideas.com\/blog\/"},{"@type":"ListItem","position":2,"name":"Sostenibilidad y Responsabilidad Social en SGC"}]},{"@type":"WebSite","@id":"https:\/\/www.cubodeideas.com\/blog\/#website","url":"https:\/\/www.cubodeideas.com\/blog\/","name":"Cubo de Ideas","description":"Cubo de Ideas, El Blog","publisher":{"@id":"https:\/\/www.cubodeideas.com\/blog\/#organization"},"potentialAction":[{"@type":"SearchAction","target":{"@type":"EntryPoint","urlTemplate":"https:\/\/www.cubodeideas.com\/blog\/?s={search_term_string}"},"query-input":{"@type":"PropertyValueSpecification","valueRequired":true,"valueName":"search_term_string"}}],"inLanguage":"es"},{"@type":"Organization","@id":"https:\/\/www.cubodeideas.com\/blog\/#organization","name":"Cubo de Ideas","url":"https:\/\/www.cubodeideas.com\/blog\/","logo":{"@type":"ImageObject","inLanguage":"es","@id":"https:\/\/www.cubodeideas.com\/blog\/#\/schema\/logo\/image\/","url":"https:\/\/www.cubodeideas.com\/blog\/wp-content\/uploads\/2021\/10\/android-icon-72x72-1.png","contentUrl":"https:\/\/www.cubodeideas.com\/blog\/wp-content\/uploads\/2021\/10\/android-icon-72x72-1.png","width":72,"height":72,"caption":"Cubo de Ideas"},"image":{"@id":"https:\/\/www.cubodeideas.com\/blog\/#\/schema\/logo\/image\/"},"sameAs":["https:\/\/www.facebook.com\/somoscubodeideas","https:\/\/x.com\/cubo_ideas","https:\/\/www.instagram.com\/cubodeideas"]},{"@type":"Person","@id":"https:\/\/www.cubodeideas.com\/blog\/#\/schema\/person\/5614e43eb76109017cff51a2c7928211","name":"Noel Castro","description":"LEM Noel Castro Monta\u00f1o es CEO de Cubo de Ideas, Director de Operaciones para Citosa Textiles. Asesor de nuevos mercados y estrategias digitales para el segmento Retail. Especialista en marketing para autoservicios y puntos de venta. Especialista en sistemas de gesti\u00f3n de la calidad con enfoque a la ISO 9001:2015","sameAs":["https:\/\/www.cubodeideas.com\/blog"],"url":"https:\/\/www.cubodeideas.com\/blog\/author\/admin\/"}]}},"jetpack_publicize_connections":[],"_links":{"self":[{"href":"https:\/\/www.cubodeideas.com\/blog\/wp-json\/wp\/v2\/posts\/2320","targetHints":{"allow":["GET"]}}],"collection":[{"href":"https:\/\/www.cubodeideas.com\/blog\/wp-json\/wp\/v2\/posts"}],"about":[{"href":"https:\/\/www.cubodeideas.com\/blog\/wp-json\/wp\/v2\/types\/post"}],"author":[{"embeddable":true,"href":"https:\/\/www.cubodeideas.com\/blog\/wp-json\/wp\/v2\/users\/1"}],"replies":[{"embeddable":true,"href":"https:\/\/www.cubodeideas.com\/blog\/wp-json\/wp\/v2\/comments?post=2320"}],"version-history":[{"count":1,"href":"https:\/\/www.cubodeideas.com\/blog\/wp-json\/wp\/v2\/posts\/2320\/revisions"}],"predecessor-version":[{"id":2322,"href":"https:\/\/www.cubodeideas.com\/blog\/wp-json\/wp\/v2\/posts\/2320\/revisions\/2322"}],"wp:featuredmedia":[{"embeddable":true,"href":"https:\/\/www.cubodeideas.com\/blog\/wp-json\/wp\/v2\/media\/2321"}],"wp:attachment":[{"href":"https:\/\/www.cubodeideas.com\/blog\/wp-json\/wp\/v2\/media?parent=2320"}],"wp:term":[{"taxonomy":"category","embeddable":true,"href":"https:\/\/www.cubodeideas.com\/blog\/wp-json\/wp\/v2\/categories?post=2320"},{"taxonomy":"post_tag","embeddable":true,"href":"https:\/\/www.cubodeideas.com\/blog\/wp-json\/wp\/v2\/tags?post=2320"}],"curies":[{"name":"wp","href":"https:\/\/api.w.org\/{rel}","templated":true}]}}