{"id":2246,"date":"2025-01-27T16:00:38","date_gmt":"2025-01-27T16:00:38","guid":{"rendered":"https:\/\/www.cubodeideas.com\/blog\/?p=2246"},"modified":"2025-01-27T16:00:38","modified_gmt":"2025-01-27T16:00:38","slug":"cumplir-con-el-punto-4-1-de-iso-9001-contexto-de-la-organizacion","status":"publish","type":"post","link":"https:\/\/www.cubodeideas.com\/blog\/calidad-total\/cumplir-con-el-punto-4-1-de-iso-9001-contexto-de-la-organizacion\/","title":{"rendered":"Cumplir con el Punto 4.1 de ISO 9001: Contexto de la Organizaci\u00f3n"},"content":{"rendered":"<p>El punto 4.1 de la norma <strong>ISO 9001<\/strong> establece una base s\u00f3lida para el desarrollo de un <strong>Sistema de Gesti\u00f3n de Calidad (SGC)<\/strong> al requerir que las organizaciones comprendan su contexto interno y externo. Este paso es fundamental porque permite identificar los factores que pueden impactar positiva o negativamente el cumplimiento de los objetivos estrat\u00e9gicos y de calidad.<\/p>\n<p>El an\u00e1lisis del contexto no es solo un ejercicio formal; es una herramienta estrat\u00e9gica que asegura que el SGC sea relevante, adaptable y alineado con las expectativas de las partes interesadas. A continuaci\u00f3n, exploraremos en detalle c\u00f3mo abordar este requisito, desde el an\u00e1lisis de factores clave hasta la documentaci\u00f3n y su implementaci\u00f3n pr\u00e1ctica.<\/p>\n<hr \/>\n<h2>\u00bfQu\u00e9 exige el Punto 4.1 de ISO 9001?<\/h2>\n<p>El punto 4.1 requiere que las organizaciones determinen los factores internos y externos que son pertinentes a su prop\u00f3sito y direcci\u00f3n estrat\u00e9gica, y que afectan su capacidad para alcanzar los resultados esperados de su SGC. Esto implica:<\/p>\n<ol>\n<li>Identificar factores <strong>internos<\/strong>: estructura organizacional, recursos, capacidades, cultura y desempe\u00f1o.<\/li>\n<li>Analizar factores <strong>externos<\/strong>: entorno econ\u00f3mico, pol\u00edtico, social, tecnol\u00f3gico, ambiental y legal.<\/li>\n<li>Monitorear y revisar peri\u00f3dicamente estos factores para asegurar la relevancia y efectividad del SGC.<\/li>\n<\/ol>\n<p>Este requisito no prescribe una metodolog\u00eda espec\u00edfica, lo que brinda flexibilidad para adaptar el an\u00e1lisis a las necesidades particulares de cada empresa.<\/p>\n<hr \/>\n<h2>Factores Internos: Comprender las Din\u00e1micas Organizacionales<\/h2>\n<p>El an\u00e1lisis interno se enfoca en aspectos que est\u00e1n bajo el control directo de la organizaci\u00f3n. Estos son algunos puntos clave a considerar:<\/p>\n<h3>Estructura Organizacional<\/h3>\n<p>La estructura jer\u00e1rquica, los procesos de decisi\u00f3n y los niveles de responsabilidad influyen en la eficacia del SGC. Un organigrama bien definido y procedimientos claros son esenciales para evitar malentendidos y garantizar la eficiencia.<\/p>\n<p><strong>Ejemplo t\u00e9cnico:<\/strong> Una empresa de manufactura puede tener diferentes niveles de supervisi\u00f3n para gestionar la producci\u00f3n. Identificar si la estructura actual permite una comunicaci\u00f3n fluida y toma de decisiones r\u00e1pidas es crucial para evitar retrasos.<\/p>\n<h3>Cultura Organizacional<\/h3>\n<p>La cultura interna afecta la implementaci\u00f3n de la norma. Si los empleados no est\u00e1n comprometidos o no entienden los principios de calidad, el sistema no ser\u00e1 efectivo. Es importante realizar encuestas o evaluaciones internas para medir el nivel de compromiso.<\/p>\n<h3>Recursos y Capacidades<\/h3>\n<p>La disponibilidad de recursos financieros, tecnol\u00f3gicos y humanos es clave. Una evaluaci\u00f3n de capacidades debe incluir la infraestructura, la formaci\u00f3n del personal y las herramientas disponibles para cumplir con los objetivos del SGC.<\/p>\n<hr \/>\n<h2>Factores Externos: Anticiparse a las Variables del Entorno<\/h2>\n<p>Los factores externos pueden cambiar r\u00e1pidamente, y el SGC debe estar preparado para adaptarse a ellos. Aqu\u00ed hay algunas \u00e1reas cr\u00edticas que requieren an\u00e1lisis:<\/p>\n<h3>Entorno Econ\u00f3mico<\/h3>\n<p>La estabilidad econ\u00f3mica y las tendencias del mercado influyen en la demanda de productos o servicios. Por ejemplo, un incremento en los costos de materia prima podr\u00eda afectar la rentabilidad y requerir ajustes en los procesos.<\/p>\n<h3>Cambios Regulatorios y Legales<\/h3>\n<p>Cumplir con las normativas locales e internacionales es esencial. Un cambio en las leyes ambientales o de seguridad puede requerir ajustes significativos en los procesos productivos o administrativos.<\/p>\n<h3>Innovaci\u00f3n Tecnol\u00f3gica<\/h3>\n<p>La tecnolog\u00eda es un factor determinante en muchos sectores. Estar al d\u00eda con las tendencias, como la digitalizaci\u00f3n o la automatizaci\u00f3n, asegura que la organizaci\u00f3n se mantenga competitiva y cumpla con las expectativas del cliente.<\/p>\n<hr \/>\n<h2>Herramientas y M\u00e9todos para Analizar el Contexto<\/h2>\n<p>Para cumplir con el punto 4.1 de ISO 9001, es esencial utilizar metodolog\u00edas que permitan un an\u00e1lisis estructurado. A continuaci\u00f3n, se presentan algunas de las herramientas m\u00e1s utilizadas:<\/p>\n<h3>An\u00e1lisis PESTEL<\/h3>\n<p>Esta herramienta permite evaluar los factores Pol\u00edticos, Econ\u00f3micos, Sociales, Tecnol\u00f3gicos, Ambientales y Legales que afectan a la organizaci\u00f3n. Es ideal para obtener una visi\u00f3n global del entorno externo.<\/p>\n<p><strong>Aplicaci\u00f3n pr\u00e1ctica:<\/strong> Una empresa del sector farmac\u00e9utico puede utilizar PESTEL para identificar c\u00f3mo los cambios regulatorios y las expectativas del cliente en sostenibilidad afectan sus procesos.<\/p>\n<h3>An\u00e1lisis FODA<\/h3>\n<p>El an\u00e1lisis FODA (Fortalezas, Oportunidades, Debilidades y Amenazas) combina factores internos y externos para identificar \u00e1reas de mejora y riesgos potenciales.<\/p>\n<p><strong>Ejemplo t\u00e9cnico:<\/strong> Una organizaci\u00f3n podr\u00eda identificar como fortaleza su experiencia t\u00e9cnica, pero como amenaza la entrada de competidores m\u00e1s \u00e1giles al mercado.<\/p>\n<h3>Mapas de Partes Interesadas<\/h3>\n<p>Es fundamental identificar qui\u00e9nes son las partes interesadas (clientes, empleados, proveedores, reguladores) y qu\u00e9 esperan de la organizaci\u00f3n. Esto asegura que el SGC est\u00e9 alineado con sus expectativas.<\/p>\n<hr \/>\n<h2>Documentaci\u00f3n y Evidencia para Auditor\u00edas<\/h2>\n<p>Un aspecto cr\u00edtico para cumplir con el punto 4.1 es la adecuada documentaci\u00f3n del an\u00e1lisis del contexto. Esto incluye:<\/p>\n<ol>\n<li><strong>Actas y reportes<\/strong>: Documentar las reuniones donde se discutieron factores internos y externos.<\/li>\n<li><strong>Mapas o diagramas<\/strong>: Representar gr\u00e1ficamente las relaciones entre los factores y las \u00e1reas del SGC.<\/li>\n<li><strong>Registros peri\u00f3dicos<\/strong>: Mantener evidencia de la revisi\u00f3n y actualizaci\u00f3n del an\u00e1lisis.<\/li>\n<\/ol>\n<p>Estas evidencias son esenciales para demostrar a los auditores que el contexto ha sido considerado y que se mantiene actualizado.<\/p>\n<hr \/>\n<h2>Monitoreo y Mejora Continua<\/h2>\n<p>El an\u00e1lisis del contexto no es un ejercicio \u00fanico. Debe ser revisado peri\u00f3dicamente para garantizar que el SGC sigue siendo efectivo y relevante. Esto incluye:<\/p>\n<ul>\n<li>Revisi\u00f3n en reuniones de direcci\u00f3n.<\/li>\n<li>Monitoreo constante de los indicadores clave relacionados con los factores identificados.<\/li>\n<li>Ajustes estrat\u00e9gicos basados en cambios significativos en el contexto.<\/li>\n<\/ul>\n<hr \/>\n<h2>Conclusi\u00f3n<\/h2>\n<p>El punto 4.1 de <strong>ISO 9001<\/strong> es la base sobre la cual se construye un <strong>Sistema de Gesti\u00f3n de Calidad<\/strong> robusto. Comprender y analizar el contexto interno y externo permite a las organizaciones anticiparse a riesgos, aprovechar oportunidades y garantizar que su SGC sea efectivo y alineado con sus objetivos estrat\u00e9gicos. Implementar herramientas como PESTEL, FODA y mapas de partes interesadas facilita este proceso y asegura el cumplimiento de la norma. La clave est\u00e1 en mantener un enfoque proactivo y estrat\u00e9gico que impulse la mejora continua y la competitividad empresarial.<\/p>\n<div class=\"pvc_clear\"><\/div>\n<p id=\"pvc_stats_2246\" class=\"pvc_stats all  \" data-element-id=\"2246\" style=\"\"><i class=\"pvc-stats-icon medium\" aria-hidden=\"true\"><svg aria-hidden=\"true\" focusable=\"false\" data-prefix=\"far\" data-icon=\"chart-bar\" role=\"img\" xmlns=\"http:\/\/www.w3.org\/2000\/svg\" viewBox=\"0 0 512 512\" class=\"svg-inline--fa fa-chart-bar fa-w-16 fa-2x\"><path fill=\"currentColor\" d=\"M396.8 352h22.4c6.4 0 12.8-6.4 12.8-12.8V108.8c0-6.4-6.4-12.8-12.8-12.8h-22.4c-6.4 0-12.8 6.4-12.8 12.8v230.4c0 6.4 6.4 12.8 12.8 12.8zm-192 0h22.4c6.4 0 12.8-6.4 12.8-12.8V140.8c0-6.4-6.4-12.8-12.8-12.8h-22.4c-6.4 0-12.8 6.4-12.8 12.8v198.4c0 6.4 6.4 12.8 12.8 12.8zm96 0h22.4c6.4 0 12.8-6.4 12.8-12.8V204.8c0-6.4-6.4-12.8-12.8-12.8h-22.4c-6.4 0-12.8 6.4-12.8 12.8v134.4c0 6.4 6.4 12.8 12.8 12.8zM496 400H48V80c0-8.84-7.16-16-16-16H16C7.16 64 0 71.16 0 80v336c0 17.67 14.33 32 32 32h464c8.84 0 16-7.16 16-16v-16c0-8.84-7.16-16-16-16zm-387.2-48h22.4c6.4 0 12.8-6.4 12.8-12.8v-70.4c0-6.4-6.4-12.8-12.8-12.8h-22.4c-6.4 0-12.8 6.4-12.8 12.8v70.4c0 6.4 6.4 12.8 12.8 12.8z\" class=\"\"><\/path><\/svg><\/i> <img loading=\"lazy\" decoding=\"async\" width=\"16\" height=\"16\" alt=\"Loading\" src=\"https:\/\/www.cubodeideas.com\/blog\/wp-content\/plugins\/page-views-count\/ajax-loader-2x.gif\" border=0 \/><\/p>\n<div class=\"pvc_clear\"><\/div>\n","protected":false},"excerpt":{"rendered":"<p>El punto 4.1 de la norma ISO 9001 establece una base s\u00f3lida para el desarrollo de un Sistema de Gesti\u00f3n de Calidad (SGC) al requerir que las organizaciones comprendan su contexto interno y externo. Este paso es fundamental porque permite identificar los factores que pueden impactar positiva o negativamente el cumplimiento de los objetivos estrat\u00e9gicos [&hellip;]<\/p>\n<div class=\"pvc_clear\"><\/div>\n<p id=\"pvc_stats_2246\" class=\"pvc_stats all  \" data-element-id=\"2246\" style=\"\"><i class=\"pvc-stats-icon medium\" aria-hidden=\"true\"><svg aria-hidden=\"true\" focusable=\"false\" data-prefix=\"far\" data-icon=\"chart-bar\" role=\"img\" xmlns=\"http:\/\/www.w3.org\/2000\/svg\" viewBox=\"0 0 512 512\" class=\"svg-inline--fa fa-chart-bar fa-w-16 fa-2x\"><path fill=\"currentColor\" d=\"M396.8 352h22.4c6.4 0 12.8-6.4 12.8-12.8V108.8c0-6.4-6.4-12.8-12.8-12.8h-22.4c-6.4 0-12.8 6.4-12.8 12.8v230.4c0 6.4 6.4 12.8 12.8 12.8zm-192 0h22.4c6.4 0 12.8-6.4 12.8-12.8V140.8c0-6.4-6.4-12.8-12.8-12.8h-22.4c-6.4 0-12.8 6.4-12.8 12.8v198.4c0 6.4 6.4 12.8 12.8 12.8zm96 0h22.4c6.4 0 12.8-6.4 12.8-12.8V204.8c0-6.4-6.4-12.8-12.8-12.8h-22.4c-6.4 0-12.8 6.4-12.8 12.8v134.4c0 6.4 6.4 12.8 12.8 12.8zM496 400H48V80c0-8.84-7.16-16-16-16H16C7.16 64 0 71.16 0 80v336c0 17.67 14.33 32 32 32h464c8.84 0 16-7.16 16-16v-16c0-8.84-7.16-16-16-16zm-387.2-48h22.4c6.4 0 12.8-6.4 12.8-12.8v-70.4c0-6.4-6.4-12.8-12.8-12.8h-22.4c-6.4 0-12.8 6.4-12.8 12.8v70.4c0 6.4 6.4 12.8 12.8 12.8z\" class=\"\"><\/path><\/svg><\/i> <img loading=\"lazy\" decoding=\"async\" width=\"16\" height=\"16\" alt=\"Loading\" src=\"https:\/\/www.cubodeideas.com\/blog\/wp-content\/plugins\/page-views-count\/ajax-loader-2x.gif\" border=0 \/><\/p>\n<div class=\"pvc_clear\"><\/div>\n","protected":false},"author":1,"featured_media":2247,"comment_status":"open","ping_status":"closed","sticky":false,"template":"","format":"standard","meta":{"footnotes":"","jetpack_publicize_message":"","jetpack_publicize_feature_enabled":true,"jetpack_social_post_already_shared":false,"jetpack_social_options":{"image_generator_settings":{"template":"highway","default_image_id":0,"font":"","enabled":false},"version":2}},"categories":[14],"tags":[1074,1073,1075,56,1072],"class_list":["post-2246","post","type-post","status-publish","format-standard","has-post-thumbnail","hentry","category-calidad-total","tag-analisis-de-entorno","tag-contexto-organizacional","tag-cumplimiento-iso-9001","tag-gestion-de-calidad","tag-punto-4-1-iso-9001"],"blocksy_meta":[],"yoast_head":"<!-- This site is optimized with the Yoast SEO plugin v27.0 - https:\/\/yoast.com\/product\/yoast-seo-wordpress\/ -->\n<title>Cumplir con el Punto 4.1 de ISO 9001: Contexto de la Organizaci\u00f3n -<\/title>\n<meta name=\"description\" content=\"Descubre c\u00f3mo analizar el contexto interno y externo para cumplir con el punto 4.1 de ISO 9001 y fortalecer tu sistema de calidad.\" \/>\n<meta name=\"robots\" content=\"index, follow, max-snippet:-1, max-image-preview:large, max-video-preview:-1\" \/>\n<link rel=\"canonical\" href=\"https:\/\/www.cubodeideas.com\/blog\/calidad-total\/cumplir-con-el-punto-4-1-de-iso-9001-contexto-de-la-organizacion\/\" \/>\n<meta property=\"og:locale\" content=\"es_ES\" \/>\n<meta property=\"og:type\" content=\"article\" \/>\n<meta property=\"og:title\" content=\"Cumplir con el Punto 4.1 de ISO 9001: Contexto de la Organizaci\u00f3n -\" \/>\n<meta property=\"og:description\" content=\"Descubre c\u00f3mo analizar el contexto interno y externo para cumplir con el punto 4.1 de ISO 9001 y fortalecer tu sistema de calidad.\" \/>\n<meta property=\"og:url\" content=\"https:\/\/www.cubodeideas.com\/blog\/calidad-total\/cumplir-con-el-punto-4-1-de-iso-9001-contexto-de-la-organizacion\/\" \/>\n<meta property=\"article:publisher\" content=\"https:\/\/www.facebook.com\/somoscubodeideas\" \/>\n<meta property=\"article:published_time\" content=\"2025-01-27T16:00:38+00:00\" \/>\n<meta property=\"og:image\" content=\"https:\/\/www.cubodeideas.com\/blog\/wp-content\/uploads\/2025\/01\/portada-malamen47.png\" \/>\n\t<meta property=\"og:image:width\" content=\"1640\" \/>\n\t<meta property=\"og:image:height\" content=\"924\" \/>\n\t<meta property=\"og:image:type\" content=\"image\/png\" \/>\n<meta name=\"author\" content=\"Noel Castro\" \/>\n<meta name=\"twitter:card\" content=\"summary_large_image\" \/>\n<meta name=\"twitter:creator\" content=\"@cubo_ideas\" \/>\n<meta name=\"twitter:site\" content=\"@cubo_ideas\" \/>\n<meta name=\"twitter:label1\" content=\"Escrito por\" \/>\n\t<meta name=\"twitter:data1\" content=\"Noel Castro\" \/>\n\t<meta name=\"twitter:label2\" content=\"Tiempo de lectura\" \/>\n\t<meta name=\"twitter:data2\" content=\"5 minutos\" \/>\n<script type=\"application\/ld+json\" class=\"yoast-schema-graph\">{\"@context\":\"https:\/\/schema.org\",\"@graph\":[{\"@type\":\"Article\",\"@id\":\"https:\/\/www.cubodeideas.com\/blog\/calidad-total\/cumplir-con-el-punto-4-1-de-iso-9001-contexto-de-la-organizacion\/#article\",\"isPartOf\":{\"@id\":\"https:\/\/www.cubodeideas.com\/blog\/calidad-total\/cumplir-con-el-punto-4-1-de-iso-9001-contexto-de-la-organizacion\/\"},\"author\":{\"name\":\"Noel Castro\",\"@id\":\"https:\/\/www.cubodeideas.com\/blog\/#\/schema\/person\/5614e43eb76109017cff51a2c7928211\"},\"headline\":\"Cumplir con el Punto 4.1 de ISO 9001: Contexto de la Organizaci\u00f3n\",\"datePublished\":\"2025-01-27T16:00:38+00:00\",\"mainEntityOfPage\":{\"@id\":\"https:\/\/www.cubodeideas.com\/blog\/calidad-total\/cumplir-con-el-punto-4-1-de-iso-9001-contexto-de-la-organizacion\/\"},\"wordCount\":1021,\"commentCount\":0,\"publisher\":{\"@id\":\"https:\/\/www.cubodeideas.com\/blog\/#organization\"},\"image\":{\"@id\":\"https:\/\/www.cubodeideas.com\/blog\/calidad-total\/cumplir-con-el-punto-4-1-de-iso-9001-contexto-de-la-organizacion\/#primaryimage\"},\"thumbnailUrl\":\"https:\/\/www.cubodeideas.com\/blog\/wp-content\/uploads\/2025\/01\/portada-malamen47.png\",\"keywords\":[\"an\u00e1lisis de entorno\",\"contexto organizacional\",\"cumplimiento ISO 9001\",\"Gesti\u00f3n de Calidad\",\"Punto 4.1 ISO 9001\"],\"articleSection\":[\"Calidad Total\"],\"inLanguage\":\"es\",\"potentialAction\":[{\"@type\":\"CommentAction\",\"name\":\"Comment\",\"target\":[\"https:\/\/www.cubodeideas.com\/blog\/calidad-total\/cumplir-con-el-punto-4-1-de-iso-9001-contexto-de-la-organizacion\/#respond\"]}]},{\"@type\":\"WebPage\",\"@id\":\"https:\/\/www.cubodeideas.com\/blog\/calidad-total\/cumplir-con-el-punto-4-1-de-iso-9001-contexto-de-la-organizacion\/\",\"url\":\"https:\/\/www.cubodeideas.com\/blog\/calidad-total\/cumplir-con-el-punto-4-1-de-iso-9001-contexto-de-la-organizacion\/\",\"name\":\"Cumplir con el Punto 4.1 de ISO 9001: Contexto de la Organizaci\u00f3n -\",\"isPartOf\":{\"@id\":\"https:\/\/www.cubodeideas.com\/blog\/#website\"},\"primaryImageOfPage\":{\"@id\":\"https:\/\/www.cubodeideas.com\/blog\/calidad-total\/cumplir-con-el-punto-4-1-de-iso-9001-contexto-de-la-organizacion\/#primaryimage\"},\"image\":{\"@id\":\"https:\/\/www.cubodeideas.com\/blog\/calidad-total\/cumplir-con-el-punto-4-1-de-iso-9001-contexto-de-la-organizacion\/#primaryimage\"},\"thumbnailUrl\":\"https:\/\/www.cubodeideas.com\/blog\/wp-content\/uploads\/2025\/01\/portada-malamen47.png\",\"datePublished\":\"2025-01-27T16:00:38+00:00\",\"description\":\"Descubre c\u00f3mo analizar el contexto interno y externo para cumplir con el punto 4.1 de ISO 9001 y fortalecer tu sistema de calidad.\",\"breadcrumb\":{\"@id\":\"https:\/\/www.cubodeideas.com\/blog\/calidad-total\/cumplir-con-el-punto-4-1-de-iso-9001-contexto-de-la-organizacion\/#breadcrumb\"},\"inLanguage\":\"es\",\"potentialAction\":[{\"@type\":\"ReadAction\",\"target\":[\"https:\/\/www.cubodeideas.com\/blog\/calidad-total\/cumplir-con-el-punto-4-1-de-iso-9001-contexto-de-la-organizacion\/\"]}]},{\"@type\":\"ImageObject\",\"inLanguage\":\"es\",\"@id\":\"https:\/\/www.cubodeideas.com\/blog\/calidad-total\/cumplir-con-el-punto-4-1-de-iso-9001-contexto-de-la-organizacion\/#primaryimage\",\"url\":\"https:\/\/www.cubodeideas.com\/blog\/wp-content\/uploads\/2025\/01\/portada-malamen47.png\",\"contentUrl\":\"https:\/\/www.cubodeideas.com\/blog\/wp-content\/uploads\/2025\/01\/portada-malamen47.png\",\"width\":1640,\"height\":924,\"caption\":\"Punto 4.1 de ISO 9001\"},{\"@type\":\"BreadcrumbList\",\"@id\":\"https:\/\/www.cubodeideas.com\/blog\/calidad-total\/cumplir-con-el-punto-4-1-de-iso-9001-contexto-de-la-organizacion\/#breadcrumb\",\"itemListElement\":[{\"@type\":\"ListItem\",\"position\":1,\"name\":\"Portada\",\"item\":\"https:\/\/www.cubodeideas.com\/blog\/\"},{\"@type\":\"ListItem\",\"position\":2,\"name\":\"Cumplir con el Punto 4.1 de ISO 9001: Contexto de la Organizaci\u00f3n\"}]},{\"@type\":\"WebSite\",\"@id\":\"https:\/\/www.cubodeideas.com\/blog\/#website\",\"url\":\"https:\/\/www.cubodeideas.com\/blog\/\",\"name\":\"Cubo de Ideas\",\"description\":\"Cubo de Ideas, El Blog\",\"publisher\":{\"@id\":\"https:\/\/www.cubodeideas.com\/blog\/#organization\"},\"potentialAction\":[{\"@type\":\"SearchAction\",\"target\":{\"@type\":\"EntryPoint\",\"urlTemplate\":\"https:\/\/www.cubodeideas.com\/blog\/?s={search_term_string}\"},\"query-input\":{\"@type\":\"PropertyValueSpecification\",\"valueRequired\":true,\"valueName\":\"search_term_string\"}}],\"inLanguage\":\"es\"},{\"@type\":\"Organization\",\"@id\":\"https:\/\/www.cubodeideas.com\/blog\/#organization\",\"name\":\"Cubo de Ideas\",\"url\":\"https:\/\/www.cubodeideas.com\/blog\/\",\"logo\":{\"@type\":\"ImageObject\",\"inLanguage\":\"es\",\"@id\":\"https:\/\/www.cubodeideas.com\/blog\/#\/schema\/logo\/image\/\",\"url\":\"https:\/\/www.cubodeideas.com\/blog\/wp-content\/uploads\/2021\/10\/android-icon-72x72-1.png\",\"contentUrl\":\"https:\/\/www.cubodeideas.com\/blog\/wp-content\/uploads\/2021\/10\/android-icon-72x72-1.png\",\"width\":72,\"height\":72,\"caption\":\"Cubo de Ideas\"},\"image\":{\"@id\":\"https:\/\/www.cubodeideas.com\/blog\/#\/schema\/logo\/image\/\"},\"sameAs\":[\"https:\/\/www.facebook.com\/somoscubodeideas\",\"https:\/\/x.com\/cubo_ideas\",\"https:\/\/www.instagram.com\/cubodeideas\"]},{\"@type\":\"Person\",\"@id\":\"https:\/\/www.cubodeideas.com\/blog\/#\/schema\/person\/5614e43eb76109017cff51a2c7928211\",\"name\":\"Noel Castro\",\"description\":\"LEM Noel Castro Monta\u00f1o es CEO de Cubo de Ideas, Director de Operaciones para Citosa Textiles. Asesor de nuevos mercados y estrategias digitales para el segmento Retail. Especialista en marketing para autoservicios y puntos de venta. Especialista en sistemas de gesti\u00f3n de la calidad con enfoque a la ISO 9001:2015\",\"sameAs\":[\"https:\/\/www.cubodeideas.com\/blog\"],\"url\":\"https:\/\/www.cubodeideas.com\/blog\/author\/admin\/\"}]}<\/script>\n<!-- \/ Yoast SEO plugin. -->","yoast_head_json":{"title":"Cumplir con el Punto 4.1 de ISO 9001: Contexto de la Organizaci\u00f3n -","description":"Descubre c\u00f3mo analizar el contexto interno y externo para cumplir con el punto 4.1 de ISO 9001 y fortalecer tu sistema de calidad.","robots":{"index":"index","follow":"follow","max-snippet":"max-snippet:-1","max-image-preview":"max-image-preview:large","max-video-preview":"max-video-preview:-1"},"canonical":"https:\/\/www.cubodeideas.com\/blog\/calidad-total\/cumplir-con-el-punto-4-1-de-iso-9001-contexto-de-la-organizacion\/","og_locale":"es_ES","og_type":"article","og_title":"Cumplir con el Punto 4.1 de ISO 9001: Contexto de la Organizaci\u00f3n -","og_description":"Descubre c\u00f3mo analizar el contexto interno y externo para cumplir con el punto 4.1 de ISO 9001 y fortalecer tu sistema de calidad.","og_url":"https:\/\/www.cubodeideas.com\/blog\/calidad-total\/cumplir-con-el-punto-4-1-de-iso-9001-contexto-de-la-organizacion\/","article_publisher":"https:\/\/www.facebook.com\/somoscubodeideas","article_published_time":"2025-01-27T16:00:38+00:00","og_image":[{"width":1640,"height":924,"url":"https:\/\/www.cubodeideas.com\/blog\/wp-content\/uploads\/2025\/01\/portada-malamen47.png","type":"image\/png"}],"author":"Noel Castro","twitter_card":"summary_large_image","twitter_creator":"@cubo_ideas","twitter_site":"@cubo_ideas","twitter_misc":{"Escrito por":"Noel Castro","Tiempo de lectura":"5 minutos"},"schema":{"@context":"https:\/\/schema.org","@graph":[{"@type":"Article","@id":"https:\/\/www.cubodeideas.com\/blog\/calidad-total\/cumplir-con-el-punto-4-1-de-iso-9001-contexto-de-la-organizacion\/#article","isPartOf":{"@id":"https:\/\/www.cubodeideas.com\/blog\/calidad-total\/cumplir-con-el-punto-4-1-de-iso-9001-contexto-de-la-organizacion\/"},"author":{"name":"Noel Castro","@id":"https:\/\/www.cubodeideas.com\/blog\/#\/schema\/person\/5614e43eb76109017cff51a2c7928211"},"headline":"Cumplir con el Punto 4.1 de ISO 9001: Contexto de la Organizaci\u00f3n","datePublished":"2025-01-27T16:00:38+00:00","mainEntityOfPage":{"@id":"https:\/\/www.cubodeideas.com\/blog\/calidad-total\/cumplir-con-el-punto-4-1-de-iso-9001-contexto-de-la-organizacion\/"},"wordCount":1021,"commentCount":0,"publisher":{"@id":"https:\/\/www.cubodeideas.com\/blog\/#organization"},"image":{"@id":"https:\/\/www.cubodeideas.com\/blog\/calidad-total\/cumplir-con-el-punto-4-1-de-iso-9001-contexto-de-la-organizacion\/#primaryimage"},"thumbnailUrl":"https:\/\/www.cubodeideas.com\/blog\/wp-content\/uploads\/2025\/01\/portada-malamen47.png","keywords":["an\u00e1lisis de entorno","contexto organizacional","cumplimiento ISO 9001","Gesti\u00f3n de Calidad","Punto 4.1 ISO 9001"],"articleSection":["Calidad Total"],"inLanguage":"es","potentialAction":[{"@type":"CommentAction","name":"Comment","target":["https:\/\/www.cubodeideas.com\/blog\/calidad-total\/cumplir-con-el-punto-4-1-de-iso-9001-contexto-de-la-organizacion\/#respond"]}]},{"@type":"WebPage","@id":"https:\/\/www.cubodeideas.com\/blog\/calidad-total\/cumplir-con-el-punto-4-1-de-iso-9001-contexto-de-la-organizacion\/","url":"https:\/\/www.cubodeideas.com\/blog\/calidad-total\/cumplir-con-el-punto-4-1-de-iso-9001-contexto-de-la-organizacion\/","name":"Cumplir con el Punto 4.1 de ISO 9001: Contexto de la Organizaci\u00f3n -","isPartOf":{"@id":"https:\/\/www.cubodeideas.com\/blog\/#website"},"primaryImageOfPage":{"@id":"https:\/\/www.cubodeideas.com\/blog\/calidad-total\/cumplir-con-el-punto-4-1-de-iso-9001-contexto-de-la-organizacion\/#primaryimage"},"image":{"@id":"https:\/\/www.cubodeideas.com\/blog\/calidad-total\/cumplir-con-el-punto-4-1-de-iso-9001-contexto-de-la-organizacion\/#primaryimage"},"thumbnailUrl":"https:\/\/www.cubodeideas.com\/blog\/wp-content\/uploads\/2025\/01\/portada-malamen47.png","datePublished":"2025-01-27T16:00:38+00:00","description":"Descubre c\u00f3mo analizar el contexto interno y externo para cumplir con el punto 4.1 de ISO 9001 y fortalecer tu sistema de calidad.","breadcrumb":{"@id":"https:\/\/www.cubodeideas.com\/blog\/calidad-total\/cumplir-con-el-punto-4-1-de-iso-9001-contexto-de-la-organizacion\/#breadcrumb"},"inLanguage":"es","potentialAction":[{"@type":"ReadAction","target":["https:\/\/www.cubodeideas.com\/blog\/calidad-total\/cumplir-con-el-punto-4-1-de-iso-9001-contexto-de-la-organizacion\/"]}]},{"@type":"ImageObject","inLanguage":"es","@id":"https:\/\/www.cubodeideas.com\/blog\/calidad-total\/cumplir-con-el-punto-4-1-de-iso-9001-contexto-de-la-organizacion\/#primaryimage","url":"https:\/\/www.cubodeideas.com\/blog\/wp-content\/uploads\/2025\/01\/portada-malamen47.png","contentUrl":"https:\/\/www.cubodeideas.com\/blog\/wp-content\/uploads\/2025\/01\/portada-malamen47.png","width":1640,"height":924,"caption":"Punto 4.1 de ISO 9001"},{"@type":"BreadcrumbList","@id":"https:\/\/www.cubodeideas.com\/blog\/calidad-total\/cumplir-con-el-punto-4-1-de-iso-9001-contexto-de-la-organizacion\/#breadcrumb","itemListElement":[{"@type":"ListItem","position":1,"name":"Portada","item":"https:\/\/www.cubodeideas.com\/blog\/"},{"@type":"ListItem","position":2,"name":"Cumplir con el Punto 4.1 de ISO 9001: Contexto de la Organizaci\u00f3n"}]},{"@type":"WebSite","@id":"https:\/\/www.cubodeideas.com\/blog\/#website","url":"https:\/\/www.cubodeideas.com\/blog\/","name":"Cubo de Ideas","description":"Cubo de Ideas, El Blog","publisher":{"@id":"https:\/\/www.cubodeideas.com\/blog\/#organization"},"potentialAction":[{"@type":"SearchAction","target":{"@type":"EntryPoint","urlTemplate":"https:\/\/www.cubodeideas.com\/blog\/?s={search_term_string}"},"query-input":{"@type":"PropertyValueSpecification","valueRequired":true,"valueName":"search_term_string"}}],"inLanguage":"es"},{"@type":"Organization","@id":"https:\/\/www.cubodeideas.com\/blog\/#organization","name":"Cubo de Ideas","url":"https:\/\/www.cubodeideas.com\/blog\/","logo":{"@type":"ImageObject","inLanguage":"es","@id":"https:\/\/www.cubodeideas.com\/blog\/#\/schema\/logo\/image\/","url":"https:\/\/www.cubodeideas.com\/blog\/wp-content\/uploads\/2021\/10\/android-icon-72x72-1.png","contentUrl":"https:\/\/www.cubodeideas.com\/blog\/wp-content\/uploads\/2021\/10\/android-icon-72x72-1.png","width":72,"height":72,"caption":"Cubo de Ideas"},"image":{"@id":"https:\/\/www.cubodeideas.com\/blog\/#\/schema\/logo\/image\/"},"sameAs":["https:\/\/www.facebook.com\/somoscubodeideas","https:\/\/x.com\/cubo_ideas","https:\/\/www.instagram.com\/cubodeideas"]},{"@type":"Person","@id":"https:\/\/www.cubodeideas.com\/blog\/#\/schema\/person\/5614e43eb76109017cff51a2c7928211","name":"Noel Castro","description":"LEM Noel Castro Monta\u00f1o es CEO de Cubo de Ideas, Director de Operaciones para Citosa Textiles. Asesor de nuevos mercados y estrategias digitales para el segmento Retail. Especialista en marketing para autoservicios y puntos de venta. Especialista en sistemas de gesti\u00f3n de la calidad con enfoque a la ISO 9001:2015","sameAs":["https:\/\/www.cubodeideas.com\/blog"],"url":"https:\/\/www.cubodeideas.com\/blog\/author\/admin\/"}]}},"jetpack_publicize_connections":[],"_links":{"self":[{"href":"https:\/\/www.cubodeideas.com\/blog\/wp-json\/wp\/v2\/posts\/2246","targetHints":{"allow":["GET"]}}],"collection":[{"href":"https:\/\/www.cubodeideas.com\/blog\/wp-json\/wp\/v2\/posts"}],"about":[{"href":"https:\/\/www.cubodeideas.com\/blog\/wp-json\/wp\/v2\/types\/post"}],"author":[{"embeddable":true,"href":"https:\/\/www.cubodeideas.com\/blog\/wp-json\/wp\/v2\/users\/1"}],"replies":[{"embeddable":true,"href":"https:\/\/www.cubodeideas.com\/blog\/wp-json\/wp\/v2\/comments?post=2246"}],"version-history":[{"count":1,"href":"https:\/\/www.cubodeideas.com\/blog\/wp-json\/wp\/v2\/posts\/2246\/revisions"}],"predecessor-version":[{"id":2248,"href":"https:\/\/www.cubodeideas.com\/blog\/wp-json\/wp\/v2\/posts\/2246\/revisions\/2248"}],"wp:featuredmedia":[{"embeddable":true,"href":"https:\/\/www.cubodeideas.com\/blog\/wp-json\/wp\/v2\/media\/2247"}],"wp:attachment":[{"href":"https:\/\/www.cubodeideas.com\/blog\/wp-json\/wp\/v2\/media?parent=2246"}],"wp:term":[{"taxonomy":"category","embeddable":true,"href":"https:\/\/www.cubodeideas.com\/blog\/wp-json\/wp\/v2\/categories?post=2246"},{"taxonomy":"post_tag","embeddable":true,"href":"https:\/\/www.cubodeideas.com\/blog\/wp-json\/wp\/v2\/tags?post=2246"}],"curies":[{"name":"wp","href":"https:\/\/api.w.org\/{rel}","templated":true}]}}