{"id":2242,"date":"2025-01-10T21:17:03","date_gmt":"2025-01-10T21:17:03","guid":{"rendered":"https:\/\/www.cubodeideas.com\/blog\/?p=2242"},"modified":"2025-01-10T21:17:03","modified_gmt":"2025-01-10T21:17:03","slug":"que-es-la-gestion-agil-y-como-aplicarla-a-tu-empresa","status":"publish","type":"post","link":"https:\/\/www.cubodeideas.com\/blog\/negocios\/que-es-la-gestion-agil-y-como-aplicarla-a-tu-empresa\/","title":{"rendered":"\u00bfQu\u00e9 es la Gesti\u00f3n \u00c1gil y C\u00f3mo Aplicarla a tu Empresa?"},"content":{"rendered":"<p data-pm-slice=\"1 1 []\">La <strong>gesti\u00f3n \u00e1gil<\/strong> ha emergido como un enfoque revolucionario en la administraci\u00f3n de proyectos y operaciones, ofreciendo a las empresas una forma din\u00e1mica y eficiente de adaptarse a los constantes cambios del mercado. Originada en el desarrollo de software, esta metodolog\u00eda se ha expandido a m\u00faltiples sectores debido a su capacidad para fomentar la colaboraci\u00f3n, mejorar la productividad y entregar resultados de manera constante y predecible.<\/p>\n<p>En este art\u00edculo, exploraremos los principios fundamentales de la gesti\u00f3n \u00e1gil, sus beneficios y c\u00f3mo implementarla de manera efectiva en tu organizaci\u00f3n.<\/p>\n<h2>Comprendiendo la Gesti\u00f3n \u00c1gil<\/h2>\n<p>La gesti\u00f3n \u00e1gil se basa en un conjunto de principios descritos en el \u00abManifiesto \u00c1gil\u00bb. Este manifiesto, creado en 2001 por un grupo de desarrolladores de software, enfatiza la importancia de las personas, la colaboraci\u00f3n, la respuesta r\u00e1pida al cambio y la entrega continua de valor.<\/p>\n<p>En el contexto empresarial, estos principios se traducen en:<\/p>\n<ul data-spread=\"false\">\n<li><strong>Priorizar la adaptabilidad:<\/strong> Ser flexible ante los cambios en las condiciones del mercado o las necesidades del cliente.<\/li>\n<li><strong>Fomentar la colaboraci\u00f3n:<\/strong> Crear equipos multidisciplinarios que trabajen de manera conjunta hacia un objetivo com\u00fan.<\/li>\n<li><strong>Entrega incremental:<\/strong> Dividir proyectos en etapas m\u00e1s peque\u00f1as para garantizar resultados constantes.<\/li>\n<\/ul>\n<p>La gesti\u00f3n \u00e1gil no es una t\u00e9cnica \u00fanica, sino un marco que engloba diversas metodolog\u00edas como Scrum, Kanban y Lean, cada una con herramientas espec\u00edficas para abordar retos particulares.<\/p>\n<h2>Beneficios de la Gesti\u00f3n \u00c1gil<\/h2>\n<p>Implementar la gesti\u00f3n \u00e1gil en una empresa trae consigo numerosos beneficios, entre ellos:<\/p>\n<ul data-spread=\"false\">\n<li><strong>Mayor flexibilidad:<\/strong> Permite responder r\u00e1pidamente a los cambios sin comprometer la calidad.<\/li>\n<li><strong>Mejora en la comunicaci\u00f3n:<\/strong> La colaboraci\u00f3n constante entre equipos reduce malentendidos y mejora los resultados.<\/li>\n<li><strong>Entrega de valor continua:<\/strong> La divisi\u00f3n del trabajo en ciclos cortos asegura entregas frecuentes y tangibles.<\/li>\n<li><strong>Mayor satisfacci\u00f3n del cliente:<\/strong> Al involucrar al cliente en el proceso, los productos finales suelen alinearse mejor con sus expectativas.<\/li>\n<\/ul>\n<h2>C\u00f3mo Implementar la Gesti\u00f3n \u00c1gil en tu Empresa<\/h2>\n<h3>Fomentar un Cambio Cultural<\/h3>\n<p>La implementaci\u00f3n de la gesti\u00f3n \u00e1gil requiere un cambio cultural dentro de la organizaci\u00f3n. Esto implica abandonar las jerarqu\u00edas estrictas y promover un entorno donde la colaboraci\u00f3n y la adaptabilidad sean valores clave.<\/p>\n<p>Por ejemplo, una empresa puede comenzar organizando talleres y capacitaciones para educar a los empleados sobre los principios \u00e1giles, asegur\u00e1ndose de que todos los niveles de la organizaci\u00f3n entiendan y adopten este enfoque.<\/p>\n<h3>Crear Equipos Multidisciplinarios<\/h3>\n<p>La gesti\u00f3n \u00e1gil se basa en equipos multidisciplinarios que tienen la autonom\u00eda para tomar decisiones r\u00e1pidas. Estos equipos deben estar compuestos por individuos con diferentes habilidades que puedan abordar un proyecto desde m\u00faltiples perspectivas.<\/p>\n<p>Por ejemplo, en una empresa de manufactura, un equipo \u00e1gil podr\u00eda incluir ingenieros de producci\u00f3n, dise\u00f1adores y especialistas en log\u00edstica, trabajando juntos para optimizar una l\u00ednea de ensamblaje.<\/p>\n<h3>Implementar Metodolog\u00edas \u00c1giles<\/h3>\n<p>Elegir la metodolog\u00eda adecuada es crucial para el \u00e9xito de la gesti\u00f3n \u00e1gil. Algunas opciones incluyen:<\/p>\n<ul data-spread=\"false\">\n<li><strong>Scrum:<\/strong> Ideal para proyectos complejos, se basa en ciclos cortos llamados \u00absprints\u00bb y reuniones diarias para revisar el progreso.<\/li>\n<li><strong>Kanban:<\/strong> Se enfoca en la visualizaci\u00f3n del flujo de trabajo mediante tableros que ayudan a identificar cuellos de botella.<\/li>\n<li><strong>Lean:<\/strong> Busca maximizar el valor para el cliente mientras minimiza el desperdicio.<\/li>\n<\/ul>\n<p>Por ejemplo, una empresa de tecnolog\u00eda podr\u00eda utilizar Scrum para desarrollar un nuevo software, asegur\u00e1ndose de que cada iteraci\u00f3n entregue un producto funcional.<\/p>\n<h3>Medir el Progreso<\/h3>\n<p>El monitoreo constante es esencial para evaluar la efectividad de la gesti\u00f3n \u00e1gil. Esto incluye indicadores como:<\/p>\n<ul data-spread=\"false\">\n<li><strong>Velocidad del equipo:<\/strong> Cantidad de trabajo completado en cada ciclo.<\/li>\n<li><strong>Tiempo de entrega:<\/strong> Duraci\u00f3n desde el inicio hasta la finalizaci\u00f3n de una tarea.<\/li>\n<li><strong>Satisfacci\u00f3n del cliente:<\/strong> Retroalimentaci\u00f3n obtenida despu\u00e9s de cada entrega.<\/li>\n<\/ul>\n<p>Por ejemplo, un equipo podr\u00eda analizar sus resultados al final de cada sprint para identificar mejoras y ajustar estrategias.<\/p>\n<h3>Adaptarse y Mejorar Continuamente<\/h3>\n<p>La mejora continua es un principio fundamental de la gesti\u00f3n \u00e1gil. Esto implica realizar revisiones peri\u00f3dicas de los procesos, recolectar retroalimentaci\u00f3n y realizar ajustes para optimizar el rendimiento.<\/p>\n<p>Por ejemplo, si un equipo enfrenta retrasos recurrentes, podr\u00eda analizar sus procesos y redistribuir recursos para resolver el problema.<\/p>\n<h2>Ejemplo de \u00c9xito: Spotify<\/h2>\n<p>Spotify es un ejemplo destacado de c\u00f3mo la gesti\u00f3n \u00e1gil puede transformar una organizaci\u00f3n. La empresa utiliza un modelo basado en \u00abtribus\u00bb y \u00abescuadrones\u00bb, donde cada equipo tiene la autonom\u00eda para trabajar en proyectos espec\u00edficos. Este enfoque ha permitido a Spotify innovar constantemente y mantenerse competitivo en la industria del streaming.<\/p>\n<p>La <strong>gesti\u00f3n \u00e1gil<\/strong> es una metodolog\u00eda poderosa que permite a las empresas adaptarse r\u00e1pidamente a los cambios del mercado mientras entregan valor de manera constante. Al fomentar un cambio cultural, crear equipos multidisciplinarios y aplicar metodolog\u00edas como Scrum o Kanban, las organizaciones pueden mejorar su eficiencia y satisfacer mejor las necesidades de sus clientes. En un entorno empresarial en constante evoluci\u00f3n, adoptar la gesti\u00f3n \u00e1gil no es solo una ventaja, sino una necesidad.<\/p>\n<div class=\"pvc_clear\"><\/div>\n<p id=\"pvc_stats_2242\" class=\"pvc_stats all  \" data-element-id=\"2242\" style=\"\"><i class=\"pvc-stats-icon medium\" aria-hidden=\"true\"><svg aria-hidden=\"true\" focusable=\"false\" data-prefix=\"far\" data-icon=\"chart-bar\" role=\"img\" xmlns=\"http:\/\/www.w3.org\/2000\/svg\" viewBox=\"0 0 512 512\" class=\"svg-inline--fa fa-chart-bar fa-w-16 fa-2x\"><path fill=\"currentColor\" d=\"M396.8 352h22.4c6.4 0 12.8-6.4 12.8-12.8V108.8c0-6.4-6.4-12.8-12.8-12.8h-22.4c-6.4 0-12.8 6.4-12.8 12.8v230.4c0 6.4 6.4 12.8 12.8 12.8zm-192 0h22.4c6.4 0 12.8-6.4 12.8-12.8V140.8c0-6.4-6.4-12.8-12.8-12.8h-22.4c-6.4 0-12.8 6.4-12.8 12.8v198.4c0 6.4 6.4 12.8 12.8 12.8zm96 0h22.4c6.4 0 12.8-6.4 12.8-12.8V204.8c0-6.4-6.4-12.8-12.8-12.8h-22.4c-6.4 0-12.8 6.4-12.8 12.8v134.4c0 6.4 6.4 12.8 12.8 12.8zM496 400H48V80c0-8.84-7.16-16-16-16H16C7.16 64 0 71.16 0 80v336c0 17.67 14.33 32 32 32h464c8.84 0 16-7.16 16-16v-16c0-8.84-7.16-16-16-16zm-387.2-48h22.4c6.4 0 12.8-6.4 12.8-12.8v-70.4c0-6.4-6.4-12.8-12.8-12.8h-22.4c-6.4 0-12.8 6.4-12.8 12.8v70.4c0 6.4 6.4 12.8 12.8 12.8z\" class=\"\"><\/path><\/svg><\/i> <img loading=\"lazy\" decoding=\"async\" width=\"16\" height=\"16\" alt=\"Loading\" src=\"https:\/\/www.cubodeideas.com\/blog\/wp-content\/plugins\/page-views-count\/ajax-loader-2x.gif\" border=0 \/><\/p>\n<div class=\"pvc_clear\"><\/div>\n","protected":false},"excerpt":{"rendered":"<p>La gesti\u00f3n \u00e1gil ha emergido como un enfoque revolucionario en la administraci\u00f3n de proyectos y operaciones, ofreciendo a las empresas una forma din\u00e1mica y eficiente de adaptarse a los constantes cambios del mercado. Originada en el desarrollo de software, esta metodolog\u00eda se ha expandido a m\u00faltiples sectores debido a su capacidad para fomentar la colaboraci\u00f3n, [&hellip;]<\/p>\n<div class=\"pvc_clear\"><\/div>\n<p id=\"pvc_stats_2242\" class=\"pvc_stats all  \" data-element-id=\"2242\" style=\"\"><i class=\"pvc-stats-icon medium\" aria-hidden=\"true\"><svg aria-hidden=\"true\" focusable=\"false\" data-prefix=\"far\" data-icon=\"chart-bar\" role=\"img\" xmlns=\"http:\/\/www.w3.org\/2000\/svg\" viewBox=\"0 0 512 512\" class=\"svg-inline--fa fa-chart-bar fa-w-16 fa-2x\"><path fill=\"currentColor\" d=\"M396.8 352h22.4c6.4 0 12.8-6.4 12.8-12.8V108.8c0-6.4-6.4-12.8-12.8-12.8h-22.4c-6.4 0-12.8 6.4-12.8 12.8v230.4c0 6.4 6.4 12.8 12.8 12.8zm-192 0h22.4c6.4 0 12.8-6.4 12.8-12.8V140.8c0-6.4-6.4-12.8-12.8-12.8h-22.4c-6.4 0-12.8 6.4-12.8 12.8v198.4c0 6.4 6.4 12.8 12.8 12.8zm96 0h22.4c6.4 0 12.8-6.4 12.8-12.8V204.8c0-6.4-6.4-12.8-12.8-12.8h-22.4c-6.4 0-12.8 6.4-12.8 12.8v134.4c0 6.4 6.4 12.8 12.8 12.8zM496 400H48V80c0-8.84-7.16-16-16-16H16C7.16 64 0 71.16 0 80v336c0 17.67 14.33 32 32 32h464c8.84 0 16-7.16 16-16v-16c0-8.84-7.16-16-16-16zm-387.2-48h22.4c6.4 0 12.8-6.4 12.8-12.8v-70.4c0-6.4-6.4-12.8-12.8-12.8h-22.4c-6.4 0-12.8 6.4-12.8 12.8v70.4c0 6.4 6.4 12.8 12.8 12.8z\" class=\"\"><\/path><\/svg><\/i> <img loading=\"lazy\" decoding=\"async\" width=\"16\" height=\"16\" alt=\"Loading\" src=\"https:\/\/www.cubodeideas.com\/blog\/wp-content\/plugins\/page-views-count\/ajax-loader-2x.gif\" border=0 \/><\/p>\n<div class=\"pvc_clear\"><\/div>\n","protected":false},"author":1,"featured_media":2243,"comment_status":"open","ping_status":"closed","sticky":false,"template":"","format":"standard","meta":{"footnotes":"","jetpack_publicize_message":"","jetpack_publicize_feature_enabled":true,"jetpack_social_post_already_shared":false,"jetpack_social_options":{"image_generator_settings":{"template":"highway","default_image_id":0,"font":"","enabled":false},"version":2}},"categories":[13],"tags":[376,1071,52,1069,1070],"class_list":["post-2242","post","type-post","status-publish","format-standard","has-post-thumbnail","hentry","category-negocios","tag-gestion-agil","tag-kanban","tag-mejora-continua","tag-metodologias-agiles","tag-scrum"],"blocksy_meta":[],"yoast_head":"<!-- This site is optimized with the Yoast SEO plugin v27.0 - https:\/\/yoast.com\/product\/yoast-seo-wordpress\/ -->\n<title>\u00bfQu\u00e9 es la Gesti\u00f3n \u00c1gil y C\u00f3mo Aplicarla a tu Empresa? -<\/title>\n<meta name=\"description\" content=\"Aprende qu\u00e9 es la gesti\u00f3n \u00e1gil y descubre c\u00f3mo implementarla en tu empresa para mejorar eficiencia y resultados.\" \/>\n<meta name=\"robots\" content=\"index, follow, max-snippet:-1, max-image-preview:large, max-video-preview:-1\" \/>\n<link rel=\"canonical\" href=\"https:\/\/www.cubodeideas.com\/blog\/negocios\/que-es-la-gestion-agil-y-como-aplicarla-a-tu-empresa\/\" \/>\n<meta property=\"og:locale\" content=\"es_ES\" \/>\n<meta property=\"og:type\" content=\"article\" \/>\n<meta property=\"og:title\" content=\"\u00bfQu\u00e9 es la Gesti\u00f3n \u00c1gil y C\u00f3mo Aplicarla a tu Empresa? -\" \/>\n<meta property=\"og:description\" content=\"Aprende qu\u00e9 es la gesti\u00f3n \u00e1gil y descubre c\u00f3mo implementarla en tu empresa para mejorar eficiencia y resultados.\" \/>\n<meta property=\"og:url\" content=\"https:\/\/www.cubodeideas.com\/blog\/negocios\/que-es-la-gestion-agil-y-como-aplicarla-a-tu-empresa\/\" \/>\n<meta property=\"article:publisher\" content=\"https:\/\/www.facebook.com\/somoscubodeideas\" \/>\n<meta property=\"article:published_time\" content=\"2025-01-10T21:17:03+00:00\" \/>\n<meta property=\"og:image\" content=\"https:\/\/www.cubodeideas.com\/blog\/wp-content\/uploads\/2025\/01\/portada-malamen46.png\" \/>\n\t<meta property=\"og:image:width\" content=\"1640\" \/>\n\t<meta property=\"og:image:height\" content=\"924\" \/>\n\t<meta property=\"og:image:type\" content=\"image\/png\" \/>\n<meta name=\"author\" content=\"Noel Castro\" \/>\n<meta name=\"twitter:card\" content=\"summary_large_image\" \/>\n<meta name=\"twitter:creator\" content=\"@cubo_ideas\" \/>\n<meta name=\"twitter:site\" content=\"@cubo_ideas\" \/>\n<meta name=\"twitter:label1\" content=\"Escrito por\" \/>\n\t<meta name=\"twitter:data1\" content=\"Noel Castro\" \/>\n\t<meta name=\"twitter:label2\" content=\"Tiempo de lectura\" \/>\n\t<meta name=\"twitter:data2\" content=\"4 minutos\" \/>\n<script type=\"application\/ld+json\" class=\"yoast-schema-graph\">{\"@context\":\"https:\/\/schema.org\",\"@graph\":[{\"@type\":\"Article\",\"@id\":\"https:\/\/www.cubodeideas.com\/blog\/negocios\/que-es-la-gestion-agil-y-como-aplicarla-a-tu-empresa\/#article\",\"isPartOf\":{\"@id\":\"https:\/\/www.cubodeideas.com\/blog\/negocios\/que-es-la-gestion-agil-y-como-aplicarla-a-tu-empresa\/\"},\"author\":{\"name\":\"Noel Castro\",\"@id\":\"https:\/\/www.cubodeideas.com\/blog\/#\/schema\/person\/5614e43eb76109017cff51a2c7928211\"},\"headline\":\"\u00bfQu\u00e9 es la Gesti\u00f3n \u00c1gil y C\u00f3mo Aplicarla a tu Empresa?\",\"datePublished\":\"2025-01-10T21:17:03+00:00\",\"mainEntityOfPage\":{\"@id\":\"https:\/\/www.cubodeideas.com\/blog\/negocios\/que-es-la-gestion-agil-y-como-aplicarla-a-tu-empresa\/\"},\"wordCount\":876,\"commentCount\":0,\"publisher\":{\"@id\":\"https:\/\/www.cubodeideas.com\/blog\/#organization\"},\"image\":{\"@id\":\"https:\/\/www.cubodeideas.com\/blog\/negocios\/que-es-la-gestion-agil-y-como-aplicarla-a-tu-empresa\/#primaryimage\"},\"thumbnailUrl\":\"https:\/\/www.cubodeideas.com\/blog\/wp-content\/uploads\/2025\/01\/portada-malamen46.png\",\"keywords\":[\"Gesti\u00f3n \u00c1gil\",\"Kanban\",\"Mejora Continua\",\"metodolog\u00edas \u00e1giles\",\"Scrum\"],\"articleSection\":[\"Negocios\"],\"inLanguage\":\"es\",\"potentialAction\":[{\"@type\":\"CommentAction\",\"name\":\"Comment\",\"target\":[\"https:\/\/www.cubodeideas.com\/blog\/negocios\/que-es-la-gestion-agil-y-como-aplicarla-a-tu-empresa\/#respond\"]}]},{\"@type\":\"WebPage\",\"@id\":\"https:\/\/www.cubodeideas.com\/blog\/negocios\/que-es-la-gestion-agil-y-como-aplicarla-a-tu-empresa\/\",\"url\":\"https:\/\/www.cubodeideas.com\/blog\/negocios\/que-es-la-gestion-agil-y-como-aplicarla-a-tu-empresa\/\",\"name\":\"\u00bfQu\u00e9 es la Gesti\u00f3n \u00c1gil y C\u00f3mo Aplicarla a tu Empresa? -\",\"isPartOf\":{\"@id\":\"https:\/\/www.cubodeideas.com\/blog\/#website\"},\"primaryImageOfPage\":{\"@id\":\"https:\/\/www.cubodeideas.com\/blog\/negocios\/que-es-la-gestion-agil-y-como-aplicarla-a-tu-empresa\/#primaryimage\"},\"image\":{\"@id\":\"https:\/\/www.cubodeideas.com\/blog\/negocios\/que-es-la-gestion-agil-y-como-aplicarla-a-tu-empresa\/#primaryimage\"},\"thumbnailUrl\":\"https:\/\/www.cubodeideas.com\/blog\/wp-content\/uploads\/2025\/01\/portada-malamen46.png\",\"datePublished\":\"2025-01-10T21:17:03+00:00\",\"description\":\"Aprende qu\u00e9 es la gesti\u00f3n \u00e1gil y descubre c\u00f3mo implementarla en tu empresa para mejorar eficiencia y resultados.\",\"breadcrumb\":{\"@id\":\"https:\/\/www.cubodeideas.com\/blog\/negocios\/que-es-la-gestion-agil-y-como-aplicarla-a-tu-empresa\/#breadcrumb\"},\"inLanguage\":\"es\",\"potentialAction\":[{\"@type\":\"ReadAction\",\"target\":[\"https:\/\/www.cubodeideas.com\/blog\/negocios\/que-es-la-gestion-agil-y-como-aplicarla-a-tu-empresa\/\"]}]},{\"@type\":\"ImageObject\",\"inLanguage\":\"es\",\"@id\":\"https:\/\/www.cubodeideas.com\/blog\/negocios\/que-es-la-gestion-agil-y-como-aplicarla-a-tu-empresa\/#primaryimage\",\"url\":\"https:\/\/www.cubodeideas.com\/blog\/wp-content\/uploads\/2025\/01\/portada-malamen46.png\",\"contentUrl\":\"https:\/\/www.cubodeideas.com\/blog\/wp-content\/uploads\/2025\/01\/portada-malamen46.png\",\"width\":1640,\"height\":924,\"caption\":\"gesti\u00f3n \u00e1gil\"},{\"@type\":\"BreadcrumbList\",\"@id\":\"https:\/\/www.cubodeideas.com\/blog\/negocios\/que-es-la-gestion-agil-y-como-aplicarla-a-tu-empresa\/#breadcrumb\",\"itemListElement\":[{\"@type\":\"ListItem\",\"position\":1,\"name\":\"Portada\",\"item\":\"https:\/\/www.cubodeideas.com\/blog\/\"},{\"@type\":\"ListItem\",\"position\":2,\"name\":\"\u00bfQu\u00e9 es la Gesti\u00f3n \u00c1gil y C\u00f3mo Aplicarla a tu Empresa?\"}]},{\"@type\":\"WebSite\",\"@id\":\"https:\/\/www.cubodeideas.com\/blog\/#website\",\"url\":\"https:\/\/www.cubodeideas.com\/blog\/\",\"name\":\"Cubo de Ideas\",\"description\":\"Cubo de Ideas, El Blog\",\"publisher\":{\"@id\":\"https:\/\/www.cubodeideas.com\/blog\/#organization\"},\"potentialAction\":[{\"@type\":\"SearchAction\",\"target\":{\"@type\":\"EntryPoint\",\"urlTemplate\":\"https:\/\/www.cubodeideas.com\/blog\/?s={search_term_string}\"},\"query-input\":{\"@type\":\"PropertyValueSpecification\",\"valueRequired\":true,\"valueName\":\"search_term_string\"}}],\"inLanguage\":\"es\"},{\"@type\":\"Organization\",\"@id\":\"https:\/\/www.cubodeideas.com\/blog\/#organization\",\"name\":\"Cubo de Ideas\",\"url\":\"https:\/\/www.cubodeideas.com\/blog\/\",\"logo\":{\"@type\":\"ImageObject\",\"inLanguage\":\"es\",\"@id\":\"https:\/\/www.cubodeideas.com\/blog\/#\/schema\/logo\/image\/\",\"url\":\"https:\/\/www.cubodeideas.com\/blog\/wp-content\/uploads\/2021\/10\/android-icon-72x72-1.png\",\"contentUrl\":\"https:\/\/www.cubodeideas.com\/blog\/wp-content\/uploads\/2021\/10\/android-icon-72x72-1.png\",\"width\":72,\"height\":72,\"caption\":\"Cubo de Ideas\"},\"image\":{\"@id\":\"https:\/\/www.cubodeideas.com\/blog\/#\/schema\/logo\/image\/\"},\"sameAs\":[\"https:\/\/www.facebook.com\/somoscubodeideas\",\"https:\/\/x.com\/cubo_ideas\",\"https:\/\/www.instagram.com\/cubodeideas\"]},{\"@type\":\"Person\",\"@id\":\"https:\/\/www.cubodeideas.com\/blog\/#\/schema\/person\/5614e43eb76109017cff51a2c7928211\",\"name\":\"Noel Castro\",\"description\":\"LEM Noel Castro Monta\u00f1o es CEO de Cubo de Ideas, Director de Operaciones para Citosa Textiles. Asesor de nuevos mercados y estrategias digitales para el segmento Retail. Especialista en marketing para autoservicios y puntos de venta. Especialista en sistemas de gesti\u00f3n de la calidad con enfoque a la ISO 9001:2015\",\"sameAs\":[\"https:\/\/www.cubodeideas.com\/blog\"],\"url\":\"https:\/\/www.cubodeideas.com\/blog\/author\/admin\/\"}]}<\/script>\n<!-- \/ Yoast SEO plugin. -->","yoast_head_json":{"title":"\u00bfQu\u00e9 es la Gesti\u00f3n \u00c1gil y C\u00f3mo Aplicarla a tu Empresa? -","description":"Aprende qu\u00e9 es la gesti\u00f3n \u00e1gil y descubre c\u00f3mo implementarla en tu empresa para mejorar eficiencia y resultados.","robots":{"index":"index","follow":"follow","max-snippet":"max-snippet:-1","max-image-preview":"max-image-preview:large","max-video-preview":"max-video-preview:-1"},"canonical":"https:\/\/www.cubodeideas.com\/blog\/negocios\/que-es-la-gestion-agil-y-como-aplicarla-a-tu-empresa\/","og_locale":"es_ES","og_type":"article","og_title":"\u00bfQu\u00e9 es la Gesti\u00f3n \u00c1gil y C\u00f3mo Aplicarla a tu Empresa? -","og_description":"Aprende qu\u00e9 es la gesti\u00f3n \u00e1gil y descubre c\u00f3mo implementarla en tu empresa para mejorar eficiencia y resultados.","og_url":"https:\/\/www.cubodeideas.com\/blog\/negocios\/que-es-la-gestion-agil-y-como-aplicarla-a-tu-empresa\/","article_publisher":"https:\/\/www.facebook.com\/somoscubodeideas","article_published_time":"2025-01-10T21:17:03+00:00","og_image":[{"width":1640,"height":924,"url":"https:\/\/www.cubodeideas.com\/blog\/wp-content\/uploads\/2025\/01\/portada-malamen46.png","type":"image\/png"}],"author":"Noel Castro","twitter_card":"summary_large_image","twitter_creator":"@cubo_ideas","twitter_site":"@cubo_ideas","twitter_misc":{"Escrito por":"Noel Castro","Tiempo de lectura":"4 minutos"},"schema":{"@context":"https:\/\/schema.org","@graph":[{"@type":"Article","@id":"https:\/\/www.cubodeideas.com\/blog\/negocios\/que-es-la-gestion-agil-y-como-aplicarla-a-tu-empresa\/#article","isPartOf":{"@id":"https:\/\/www.cubodeideas.com\/blog\/negocios\/que-es-la-gestion-agil-y-como-aplicarla-a-tu-empresa\/"},"author":{"name":"Noel Castro","@id":"https:\/\/www.cubodeideas.com\/blog\/#\/schema\/person\/5614e43eb76109017cff51a2c7928211"},"headline":"\u00bfQu\u00e9 es la Gesti\u00f3n \u00c1gil y C\u00f3mo Aplicarla a tu Empresa?","datePublished":"2025-01-10T21:17:03+00:00","mainEntityOfPage":{"@id":"https:\/\/www.cubodeideas.com\/blog\/negocios\/que-es-la-gestion-agil-y-como-aplicarla-a-tu-empresa\/"},"wordCount":876,"commentCount":0,"publisher":{"@id":"https:\/\/www.cubodeideas.com\/blog\/#organization"},"image":{"@id":"https:\/\/www.cubodeideas.com\/blog\/negocios\/que-es-la-gestion-agil-y-como-aplicarla-a-tu-empresa\/#primaryimage"},"thumbnailUrl":"https:\/\/www.cubodeideas.com\/blog\/wp-content\/uploads\/2025\/01\/portada-malamen46.png","keywords":["Gesti\u00f3n \u00c1gil","Kanban","Mejora Continua","metodolog\u00edas \u00e1giles","Scrum"],"articleSection":["Negocios"],"inLanguage":"es","potentialAction":[{"@type":"CommentAction","name":"Comment","target":["https:\/\/www.cubodeideas.com\/blog\/negocios\/que-es-la-gestion-agil-y-como-aplicarla-a-tu-empresa\/#respond"]}]},{"@type":"WebPage","@id":"https:\/\/www.cubodeideas.com\/blog\/negocios\/que-es-la-gestion-agil-y-como-aplicarla-a-tu-empresa\/","url":"https:\/\/www.cubodeideas.com\/blog\/negocios\/que-es-la-gestion-agil-y-como-aplicarla-a-tu-empresa\/","name":"\u00bfQu\u00e9 es la Gesti\u00f3n \u00c1gil y C\u00f3mo Aplicarla a tu Empresa? -","isPartOf":{"@id":"https:\/\/www.cubodeideas.com\/blog\/#website"},"primaryImageOfPage":{"@id":"https:\/\/www.cubodeideas.com\/blog\/negocios\/que-es-la-gestion-agil-y-como-aplicarla-a-tu-empresa\/#primaryimage"},"image":{"@id":"https:\/\/www.cubodeideas.com\/blog\/negocios\/que-es-la-gestion-agil-y-como-aplicarla-a-tu-empresa\/#primaryimage"},"thumbnailUrl":"https:\/\/www.cubodeideas.com\/blog\/wp-content\/uploads\/2025\/01\/portada-malamen46.png","datePublished":"2025-01-10T21:17:03+00:00","description":"Aprende qu\u00e9 es la gesti\u00f3n \u00e1gil y descubre c\u00f3mo implementarla en tu empresa para mejorar eficiencia y resultados.","breadcrumb":{"@id":"https:\/\/www.cubodeideas.com\/blog\/negocios\/que-es-la-gestion-agil-y-como-aplicarla-a-tu-empresa\/#breadcrumb"},"inLanguage":"es","potentialAction":[{"@type":"ReadAction","target":["https:\/\/www.cubodeideas.com\/blog\/negocios\/que-es-la-gestion-agil-y-como-aplicarla-a-tu-empresa\/"]}]},{"@type":"ImageObject","inLanguage":"es","@id":"https:\/\/www.cubodeideas.com\/blog\/negocios\/que-es-la-gestion-agil-y-como-aplicarla-a-tu-empresa\/#primaryimage","url":"https:\/\/www.cubodeideas.com\/blog\/wp-content\/uploads\/2025\/01\/portada-malamen46.png","contentUrl":"https:\/\/www.cubodeideas.com\/blog\/wp-content\/uploads\/2025\/01\/portada-malamen46.png","width":1640,"height":924,"caption":"gesti\u00f3n \u00e1gil"},{"@type":"BreadcrumbList","@id":"https:\/\/www.cubodeideas.com\/blog\/negocios\/que-es-la-gestion-agil-y-como-aplicarla-a-tu-empresa\/#breadcrumb","itemListElement":[{"@type":"ListItem","position":1,"name":"Portada","item":"https:\/\/www.cubodeideas.com\/blog\/"},{"@type":"ListItem","position":2,"name":"\u00bfQu\u00e9 es la Gesti\u00f3n \u00c1gil y C\u00f3mo Aplicarla a tu Empresa?"}]},{"@type":"WebSite","@id":"https:\/\/www.cubodeideas.com\/blog\/#website","url":"https:\/\/www.cubodeideas.com\/blog\/","name":"Cubo de Ideas","description":"Cubo de Ideas, El Blog","publisher":{"@id":"https:\/\/www.cubodeideas.com\/blog\/#organization"},"potentialAction":[{"@type":"SearchAction","target":{"@type":"EntryPoint","urlTemplate":"https:\/\/www.cubodeideas.com\/blog\/?s={search_term_string}"},"query-input":{"@type":"PropertyValueSpecification","valueRequired":true,"valueName":"search_term_string"}}],"inLanguage":"es"},{"@type":"Organization","@id":"https:\/\/www.cubodeideas.com\/blog\/#organization","name":"Cubo de Ideas","url":"https:\/\/www.cubodeideas.com\/blog\/","logo":{"@type":"ImageObject","inLanguage":"es","@id":"https:\/\/www.cubodeideas.com\/blog\/#\/schema\/logo\/image\/","url":"https:\/\/www.cubodeideas.com\/blog\/wp-content\/uploads\/2021\/10\/android-icon-72x72-1.png","contentUrl":"https:\/\/www.cubodeideas.com\/blog\/wp-content\/uploads\/2021\/10\/android-icon-72x72-1.png","width":72,"height":72,"caption":"Cubo de Ideas"},"image":{"@id":"https:\/\/www.cubodeideas.com\/blog\/#\/schema\/logo\/image\/"},"sameAs":["https:\/\/www.facebook.com\/somoscubodeideas","https:\/\/x.com\/cubo_ideas","https:\/\/www.instagram.com\/cubodeideas"]},{"@type":"Person","@id":"https:\/\/www.cubodeideas.com\/blog\/#\/schema\/person\/5614e43eb76109017cff51a2c7928211","name":"Noel Castro","description":"LEM Noel Castro Monta\u00f1o es CEO de Cubo de Ideas, Director de Operaciones para Citosa Textiles. Asesor de nuevos mercados y estrategias digitales para el segmento Retail. Especialista en marketing para autoservicios y puntos de venta. Especialista en sistemas de gesti\u00f3n de la calidad con enfoque a la ISO 9001:2015","sameAs":["https:\/\/www.cubodeideas.com\/blog"],"url":"https:\/\/www.cubodeideas.com\/blog\/author\/admin\/"}]}},"jetpack_publicize_connections":[],"_links":{"self":[{"href":"https:\/\/www.cubodeideas.com\/blog\/wp-json\/wp\/v2\/posts\/2242","targetHints":{"allow":["GET"]}}],"collection":[{"href":"https:\/\/www.cubodeideas.com\/blog\/wp-json\/wp\/v2\/posts"}],"about":[{"href":"https:\/\/www.cubodeideas.com\/blog\/wp-json\/wp\/v2\/types\/post"}],"author":[{"embeddable":true,"href":"https:\/\/www.cubodeideas.com\/blog\/wp-json\/wp\/v2\/users\/1"}],"replies":[{"embeddable":true,"href":"https:\/\/www.cubodeideas.com\/blog\/wp-json\/wp\/v2\/comments?post=2242"}],"version-history":[{"count":1,"href":"https:\/\/www.cubodeideas.com\/blog\/wp-json\/wp\/v2\/posts\/2242\/revisions"}],"predecessor-version":[{"id":2244,"href":"https:\/\/www.cubodeideas.com\/blog\/wp-json\/wp\/v2\/posts\/2242\/revisions\/2244"}],"wp:featuredmedia":[{"embeddable":true,"href":"https:\/\/www.cubodeideas.com\/blog\/wp-json\/wp\/v2\/media\/2243"}],"wp:attachment":[{"href":"https:\/\/www.cubodeideas.com\/blog\/wp-json\/wp\/v2\/media?parent=2242"}],"wp:term":[{"taxonomy":"category","embeddable":true,"href":"https:\/\/www.cubodeideas.com\/blog\/wp-json\/wp\/v2\/categories?post=2242"},{"taxonomy":"post_tag","embeddable":true,"href":"https:\/\/www.cubodeideas.com\/blog\/wp-json\/wp\/v2\/tags?post=2242"}],"curies":[{"name":"wp","href":"https:\/\/api.w.org\/{rel}","templated":true}]}}