{"id":2239,"date":"2025-01-10T21:14:38","date_gmt":"2025-01-10T21:14:38","guid":{"rendered":"https:\/\/www.cubodeideas.com\/blog\/?p=2239"},"modified":"2025-01-10T21:14:51","modified_gmt":"2025-01-10T21:14:51","slug":"productividad-personal-como-ser-mas-eficiente","status":"publish","type":"post","link":"https:\/\/www.cubodeideas.com\/blog\/negocios\/productividad-personal-como-ser-mas-eficiente\/","title":{"rendered":"Productividad Personal: C\u00f3mo Ser M\u00e1s Eficiente"},"content":{"rendered":"<p data-pm-slice=\"1 1 []\">La <strong>productividad personal<\/strong> es un pilar esencial para alcanzar metas y mantener un equilibrio entre el trabajo y la vida personal. En un mundo donde las demandas parecen no tener fin, ser eficiente no solo significa hacer m\u00e1s, sino tambi\u00e9n priorizar lo que realmente importa. Este art\u00edculo explorar\u00e1 c\u00f3mo optimizar tu tiempo, utilizando t\u00e9cnicas avanzadas y probadas que te permitir\u00e1n lograr resultados significativos.<\/p>\n<h2>Comprendiendo la Productividad Personal<\/h2>\n<p>La productividad personal no se trata de trabajar m\u00e1s horas, sino de maximizar el valor de cada minuto invertido. Para lograr esto, es crucial identificar las tareas clave, gestionar interrupciones y evitar la sobrecarga cognitiva. Una persona productiva sabe que el enfoque en las actividades de mayor impacto es lo que genera resultados sostenibles.<\/p>\n<p>La <strong>gesti\u00f3n del tiempo<\/strong> juega un papel fundamental en este proceso. Herramientas como matrices de prioridades, t\u00e9cnicas de planificaci\u00f3n y la automatizaci\u00f3n de tareas recurrentes pueden transformar c\u00f3mo se aborda el d\u00eda a d\u00eda.<\/p>\n<h2>Factores Clave para Ser Eficiente<\/h2>\n<h3>La Prioridad y el Enfoque<\/h3>\n<p>Uno de los errores m\u00e1s comunes es intentar hacer todo a la vez. El principio de Pareto, o la regla del 80\/20, establece que el 80% de los resultados provienen del 20% de los esfuerzos. Identificar esas actividades clave es el primer paso para ser m\u00e1s eficiente.<\/p>\n<p>Por ejemplo, si diriges un equipo, es fundamental dedicar tiempo a tareas como la planificaci\u00f3n estrat\u00e9gica o la comunicaci\u00f3n efectiva, dejando las actividades operativas para momentos espec\u00edficos o para ser delegadas.<\/p>\n<h3>La Eliminaci\u00f3n de Distracciones<\/h3>\n<p>Las interrupciones constantes, ya sean digitales o presenciales, son uno de los mayores enemigos de la productividad. Estudios demuestran que se necesitan al menos 20 minutos para recuperar el enfoque despu\u00e9s de una distracci\u00f3n. Para evitar esto, es esencial establecer l\u00edmites claros.<\/p>\n<p>Por ejemplo, usa t\u00e9cnicas como la \u00abPomodoro\u00bb, que consiste en trabajar intensamente durante 25 minutos y descansar 5 minutos. Este enfoque no solo mejora la concentraci\u00f3n, sino que tambi\u00e9n reduce la fatiga mental.<\/p>\n<h3>Automatizaci\u00f3n y Delegaci\u00f3n<\/h3>\n<p>En la era digital, muchas tareas repetitivas pueden ser automatizadas mediante herramientas tecnol\u00f3gicas. Desde la gesti\u00f3n de correos electr\u00f3nicos hasta la programaci\u00f3n de reuniones, existen soluciones que optimizan el tiempo.<\/p>\n<p>Por otro lado, aprender a delegar es igualmente crucial. Identificar qu\u00e9 tareas pueden ser asignadas a otros miembros del equipo libera tiempo para concentrarte en actividades de mayor valor.<\/p>\n<h2>T\u00e9cnicas Avanzadas de Productividad Personal<\/h2>\n<h3>Planificaci\u00f3n Inteligente<\/h3>\n<p>Comenzar el d\u00eda con una lista clara de prioridades marca la diferencia. Herramientas como la \u00abMatriz Eisenhower\u00bb ayudan a clasificar las tareas en cuatro categor\u00edas: urgentes e importantes, importantes pero no urgentes, urgentes pero no importantes y ni urgentes ni importantes. Esto facilita decidir qu\u00e9 hacer, qu\u00e9 delegar y qu\u00e9 eliminar.<\/p>\n<p>Por ejemplo, una tarea importante pero no urgente podr\u00eda ser la capacitaci\u00f3n en nuevas herramientas tecnol\u00f3gicas. Aunque no requiere atenci\u00f3n inmediata, puede tener un impacto significativo en el mediano plazo.<\/p>\n<h3>Gesti\u00f3n de Energ\u00eda<\/h3>\n<p>La productividad no solo depende del tiempo disponible, sino tambi\u00e9n de la energ\u00eda con la que se aborda cada tarea. Identificar tus horas pico de energ\u00eda y asignar las actividades m\u00e1s exigentes a esos momentos mejora significativamente los resultados.<\/p>\n<p>Por ejemplo, si eres m\u00e1s productivo por la ma\u00f1ana, dedica ese tiempo a actividades que requieran mayor concentraci\u00f3n, dejando las tareas m\u00e1s rutinarias para la tarde.<\/p>\n<h3>Revisi\u00f3n y Ajuste Constante<\/h3>\n<p>La mejora continua es esencial para mantener altos niveles de productividad. Dedicar tiempo al final del d\u00eda para revisar lo logrado y ajustar el plan para el d\u00eda siguiente asegura que las prioridades se mantengan alineadas con los objetivos.<\/p>\n<p>Un ejemplo de esto es el uso de un diario de productividad donde se registren avances, aprendizajes y ajustes necesarios para mejorar la gesti\u00f3n del tiempo.<\/p>\n<h2>Beneficios de una Alta Productividad Personal<\/h2>\n<p>Implementar estas t\u00e9cnicas no solo mejora la eficiencia, sino que tambi\u00e9n genera una serie de beneficios colaterales:<\/p>\n<ul data-spread=\"false\">\n<li><strong>Reducci\u00f3n del estr\u00e9s:<\/strong> Al tener un control claro de las tareas, se elimina la sensaci\u00f3n de caos.<\/li>\n<li><strong>Mayor equilibrio:<\/strong> Optimizar el tiempo permite dedicar m\u00e1s horas a actividades personales y familiares.<\/li>\n<li><strong>Incremento en resultados:<\/strong> La concentraci\u00f3n en actividades de alto impacto produce logros m\u00e1s significativos en menos tiempo.<\/li>\n<\/ul>\n<h2>Desaf\u00edos Comunes y C\u00f3mo Superarlos<\/h2>\n<p>Uno de los principales retos es la procrastinaci\u00f3n. Para superarla, es clave dividir las tareas grandes en pasos m\u00e1s manejables y establecer plazos realistas. Adem\u00e1s, rodearte de un entorno que fomente la concentraci\u00f3n, como un espacio de trabajo organizado, puede marcar una gran diferencia.<\/p>\n<p>Otro desaf\u00edo es mantener el equilibrio entre eficiencia y agotamiento. Es fundamental reconocer los l\u00edmites y priorizar el descanso para evitar el \u00abburnout\u00bb.<\/p>\n<p>La <strong>productividad personal<\/strong> es un arte que combina disciplina, enfoque y las herramientas adecuadas. Al implementar estas estrategias avanzadas, puedes maximizar tu tiempo y lograr m\u00e1s con menos esfuerzo. En un mundo donde la eficiencia es una ventaja competitiva, dominar estas t\u00e9cnicas no solo te beneficiar\u00e1 a nivel profesional, sino tambi\u00e9n en tu bienestar general.<\/p>\n<div class=\"pvc_clear\"><\/div>\n<p id=\"pvc_stats_2239\" class=\"pvc_stats all  \" data-element-id=\"2239\" style=\"\"><i class=\"pvc-stats-icon medium\" aria-hidden=\"true\"><svg aria-hidden=\"true\" focusable=\"false\" data-prefix=\"far\" data-icon=\"chart-bar\" role=\"img\" xmlns=\"http:\/\/www.w3.org\/2000\/svg\" viewBox=\"0 0 512 512\" class=\"svg-inline--fa fa-chart-bar fa-w-16 fa-2x\"><path fill=\"currentColor\" d=\"M396.8 352h22.4c6.4 0 12.8-6.4 12.8-12.8V108.8c0-6.4-6.4-12.8-12.8-12.8h-22.4c-6.4 0-12.8 6.4-12.8 12.8v230.4c0 6.4 6.4 12.8 12.8 12.8zm-192 0h22.4c6.4 0 12.8-6.4 12.8-12.8V140.8c0-6.4-6.4-12.8-12.8-12.8h-22.4c-6.4 0-12.8 6.4-12.8 12.8v198.4c0 6.4 6.4 12.8 12.8 12.8zm96 0h22.4c6.4 0 12.8-6.4 12.8-12.8V204.8c0-6.4-6.4-12.8-12.8-12.8h-22.4c-6.4 0-12.8 6.4-12.8 12.8v134.4c0 6.4 6.4 12.8 12.8 12.8zM496 400H48V80c0-8.84-7.16-16-16-16H16C7.16 64 0 71.16 0 80v336c0 17.67 14.33 32 32 32h464c8.84 0 16-7.16 16-16v-16c0-8.84-7.16-16-16-16zm-387.2-48h22.4c6.4 0 12.8-6.4 12.8-12.8v-70.4c0-6.4-6.4-12.8-12.8-12.8h-22.4c-6.4 0-12.8 6.4-12.8 12.8v70.4c0 6.4 6.4 12.8 12.8 12.8z\" class=\"\"><\/path><\/svg><\/i> <img loading=\"lazy\" decoding=\"async\" width=\"16\" height=\"16\" alt=\"Loading\" src=\"https:\/\/www.cubodeideas.com\/blog\/wp-content\/plugins\/page-views-count\/ajax-loader-2x.gif\" border=0 \/><\/p>\n<div class=\"pvc_clear\"><\/div>\n","protected":false},"excerpt":{"rendered":"<p>La productividad personal es un pilar esencial para alcanzar metas y mantener un equilibrio entre el trabajo y la vida personal. En un mundo donde las demandas parecen no tener fin, ser eficiente no solo significa hacer m\u00e1s, sino tambi\u00e9n priorizar lo que realmente importa. Este art\u00edculo explorar\u00e1 c\u00f3mo optimizar tu tiempo, utilizando t\u00e9cnicas avanzadas [&hellip;]<\/p>\n<div class=\"pvc_clear\"><\/div>\n<p id=\"pvc_stats_2239\" class=\"pvc_stats all  \" data-element-id=\"2239\" style=\"\"><i class=\"pvc-stats-icon medium\" aria-hidden=\"true\"><svg aria-hidden=\"true\" focusable=\"false\" data-prefix=\"far\" data-icon=\"chart-bar\" role=\"img\" xmlns=\"http:\/\/www.w3.org\/2000\/svg\" viewBox=\"0 0 512 512\" class=\"svg-inline--fa fa-chart-bar fa-w-16 fa-2x\"><path fill=\"currentColor\" d=\"M396.8 352h22.4c6.4 0 12.8-6.4 12.8-12.8V108.8c0-6.4-6.4-12.8-12.8-12.8h-22.4c-6.4 0-12.8 6.4-12.8 12.8v230.4c0 6.4 6.4 12.8 12.8 12.8zm-192 0h22.4c6.4 0 12.8-6.4 12.8-12.8V140.8c0-6.4-6.4-12.8-12.8-12.8h-22.4c-6.4 0-12.8 6.4-12.8 12.8v198.4c0 6.4 6.4 12.8 12.8 12.8zm96 0h22.4c6.4 0 12.8-6.4 12.8-12.8V204.8c0-6.4-6.4-12.8-12.8-12.8h-22.4c-6.4 0-12.8 6.4-12.8 12.8v134.4c0 6.4 6.4 12.8 12.8 12.8zM496 400H48V80c0-8.84-7.16-16-16-16H16C7.16 64 0 71.16 0 80v336c0 17.67 14.33 32 32 32h464c8.84 0 16-7.16 16-16v-16c0-8.84-7.16-16-16-16zm-387.2-48h22.4c6.4 0 12.8-6.4 12.8-12.8v-70.4c0-6.4-6.4-12.8-12.8-12.8h-22.4c-6.4 0-12.8 6.4-12.8 12.8v70.4c0 6.4 6.4 12.8 12.8 12.8z\" class=\"\"><\/path><\/svg><\/i> <img loading=\"lazy\" decoding=\"async\" width=\"16\" height=\"16\" alt=\"Loading\" src=\"https:\/\/www.cubodeideas.com\/blog\/wp-content\/plugins\/page-views-count\/ajax-loader-2x.gif\" border=0 \/><\/p>\n<div class=\"pvc_clear\"><\/div>\n","protected":false},"author":1,"featured_media":2240,"comment_status":"open","ping_status":"closed","sticky":false,"template":"","format":"standard","meta":{"footnotes":"","jetpack_publicize_message":"","jetpack_publicize_feature_enabled":true,"jetpack_social_post_already_shared":false,"jetpack_social_options":{"image_generator_settings":{"template":"highway","default_image_id":0,"font":"","enabled":false},"version":2}},"categories":[13],"tags":[1068,908,574,561,572],"class_list":["post-2239","post","type-post","status-publish","format-standard","has-post-thumbnail","hentry","category-negocios","tag-desarrollo-personal","tag-eficiencia-laboral","tag-estrategias-de-productividad","tag-gestion-del-tiempo","tag-productividad-personal"],"blocksy_meta":[],"yoast_head":"<!-- This site is optimized with the Yoast SEO plugin v27.0 - https:\/\/yoast.com\/product\/yoast-seo-wordpress\/ -->\n<title>Productividad Personal: C\u00f3mo Ser M\u00e1s Eficiente -<\/title>\n<meta name=\"description\" content=\"Descubre estrategias avanzadas para aumentar tu productividad personal y lograr m\u00e1s resultados en menos tiempo.\" \/>\n<meta name=\"robots\" content=\"index, follow, max-snippet:-1, max-image-preview:large, max-video-preview:-1\" \/>\n<link rel=\"canonical\" href=\"https:\/\/www.cubodeideas.com\/blog\/negocios\/productividad-personal-como-ser-mas-eficiente\/\" \/>\n<meta property=\"og:locale\" content=\"es_ES\" \/>\n<meta property=\"og:type\" content=\"article\" \/>\n<meta property=\"og:title\" content=\"Productividad Personal: C\u00f3mo Ser M\u00e1s Eficiente -\" \/>\n<meta property=\"og:description\" content=\"Descubre estrategias avanzadas para aumentar tu productividad personal y lograr m\u00e1s resultados en menos tiempo.\" \/>\n<meta property=\"og:url\" content=\"https:\/\/www.cubodeideas.com\/blog\/negocios\/productividad-personal-como-ser-mas-eficiente\/\" \/>\n<meta property=\"article:publisher\" content=\"https:\/\/www.facebook.com\/somoscubodeideas\" \/>\n<meta property=\"article:published_time\" content=\"2025-01-10T21:14:38+00:00\" \/>\n<meta property=\"article:modified_time\" content=\"2025-01-10T21:14:51+00:00\" \/>\n<meta property=\"og:image\" content=\"https:\/\/www.cubodeideas.com\/blog\/wp-content\/uploads\/2025\/01\/portada-malamen45.png\" \/>\n\t<meta property=\"og:image:width\" content=\"1640\" \/>\n\t<meta property=\"og:image:height\" content=\"924\" \/>\n\t<meta property=\"og:image:type\" content=\"image\/png\" \/>\n<meta name=\"author\" content=\"Noel Castro\" \/>\n<meta name=\"twitter:card\" content=\"summary_large_image\" \/>\n<meta name=\"twitter:creator\" content=\"@cubo_ideas\" \/>\n<meta name=\"twitter:site\" content=\"@cubo_ideas\" \/>\n<meta name=\"twitter:label1\" content=\"Escrito por\" \/>\n\t<meta name=\"twitter:data1\" content=\"Noel Castro\" \/>\n\t<meta name=\"twitter:label2\" content=\"Tiempo de lectura\" \/>\n\t<meta name=\"twitter:data2\" content=\"4 minutos\" \/>\n<script type=\"application\/ld+json\" class=\"yoast-schema-graph\">{\"@context\":\"https:\/\/schema.org\",\"@graph\":[{\"@type\":\"Article\",\"@id\":\"https:\/\/www.cubodeideas.com\/blog\/negocios\/productividad-personal-como-ser-mas-eficiente\/#article\",\"isPartOf\":{\"@id\":\"https:\/\/www.cubodeideas.com\/blog\/negocios\/productividad-personal-como-ser-mas-eficiente\/\"},\"author\":{\"name\":\"Noel Castro\",\"@id\":\"https:\/\/www.cubodeideas.com\/blog\/#\/schema\/person\/5614e43eb76109017cff51a2c7928211\"},\"headline\":\"Productividad Personal: C\u00f3mo Ser M\u00e1s Eficiente\",\"datePublished\":\"2025-01-10T21:14:38+00:00\",\"dateModified\":\"2025-01-10T21:14:51+00:00\",\"mainEntityOfPage\":{\"@id\":\"https:\/\/www.cubodeideas.com\/blog\/negocios\/productividad-personal-como-ser-mas-eficiente\/\"},\"wordCount\":883,\"commentCount\":0,\"publisher\":{\"@id\":\"https:\/\/www.cubodeideas.com\/blog\/#organization\"},\"image\":{\"@id\":\"https:\/\/www.cubodeideas.com\/blog\/negocios\/productividad-personal-como-ser-mas-eficiente\/#primaryimage\"},\"thumbnailUrl\":\"https:\/\/www.cubodeideas.com\/blog\/wp-content\/uploads\/2025\/01\/portada-malamen45.png\",\"keywords\":[\"desarrollo personal\",\"eficiencia laboral\",\"Estrategias de Productividad\",\"Gesti\u00f3n del Tiempo\",\"Productividad Personal\"],\"articleSection\":[\"Negocios\"],\"inLanguage\":\"es\",\"potentialAction\":[{\"@type\":\"CommentAction\",\"name\":\"Comment\",\"target\":[\"https:\/\/www.cubodeideas.com\/blog\/negocios\/productividad-personal-como-ser-mas-eficiente\/#respond\"]}]},{\"@type\":\"WebPage\",\"@id\":\"https:\/\/www.cubodeideas.com\/blog\/negocios\/productividad-personal-como-ser-mas-eficiente\/\",\"url\":\"https:\/\/www.cubodeideas.com\/blog\/negocios\/productividad-personal-como-ser-mas-eficiente\/\",\"name\":\"Productividad Personal: C\u00f3mo Ser M\u00e1s Eficiente -\",\"isPartOf\":{\"@id\":\"https:\/\/www.cubodeideas.com\/blog\/#website\"},\"primaryImageOfPage\":{\"@id\":\"https:\/\/www.cubodeideas.com\/blog\/negocios\/productividad-personal-como-ser-mas-eficiente\/#primaryimage\"},\"image\":{\"@id\":\"https:\/\/www.cubodeideas.com\/blog\/negocios\/productividad-personal-como-ser-mas-eficiente\/#primaryimage\"},\"thumbnailUrl\":\"https:\/\/www.cubodeideas.com\/blog\/wp-content\/uploads\/2025\/01\/portada-malamen45.png\",\"datePublished\":\"2025-01-10T21:14:38+00:00\",\"dateModified\":\"2025-01-10T21:14:51+00:00\",\"description\":\"Descubre estrategias avanzadas para aumentar tu productividad personal y lograr m\u00e1s resultados en menos tiempo.\",\"breadcrumb\":{\"@id\":\"https:\/\/www.cubodeideas.com\/blog\/negocios\/productividad-personal-como-ser-mas-eficiente\/#breadcrumb\"},\"inLanguage\":\"es\",\"potentialAction\":[{\"@type\":\"ReadAction\",\"target\":[\"https:\/\/www.cubodeideas.com\/blog\/negocios\/productividad-personal-como-ser-mas-eficiente\/\"]}]},{\"@type\":\"ImageObject\",\"inLanguage\":\"es\",\"@id\":\"https:\/\/www.cubodeideas.com\/blog\/negocios\/productividad-personal-como-ser-mas-eficiente\/#primaryimage\",\"url\":\"https:\/\/www.cubodeideas.com\/blog\/wp-content\/uploads\/2025\/01\/portada-malamen45.png\",\"contentUrl\":\"https:\/\/www.cubodeideas.com\/blog\/wp-content\/uploads\/2025\/01\/portada-malamen45.png\",\"width\":1640,\"height\":924,\"caption\":\"productividad pyme\"},{\"@type\":\"BreadcrumbList\",\"@id\":\"https:\/\/www.cubodeideas.com\/blog\/negocios\/productividad-personal-como-ser-mas-eficiente\/#breadcrumb\",\"itemListElement\":[{\"@type\":\"ListItem\",\"position\":1,\"name\":\"Portada\",\"item\":\"https:\/\/www.cubodeideas.com\/blog\/\"},{\"@type\":\"ListItem\",\"position\":2,\"name\":\"Productividad Personal: C\u00f3mo Ser M\u00e1s Eficiente\"}]},{\"@type\":\"WebSite\",\"@id\":\"https:\/\/www.cubodeideas.com\/blog\/#website\",\"url\":\"https:\/\/www.cubodeideas.com\/blog\/\",\"name\":\"Cubo de Ideas\",\"description\":\"Cubo de Ideas, El Blog\",\"publisher\":{\"@id\":\"https:\/\/www.cubodeideas.com\/blog\/#organization\"},\"potentialAction\":[{\"@type\":\"SearchAction\",\"target\":{\"@type\":\"EntryPoint\",\"urlTemplate\":\"https:\/\/www.cubodeideas.com\/blog\/?s={search_term_string}\"},\"query-input\":{\"@type\":\"PropertyValueSpecification\",\"valueRequired\":true,\"valueName\":\"search_term_string\"}}],\"inLanguage\":\"es\"},{\"@type\":\"Organization\",\"@id\":\"https:\/\/www.cubodeideas.com\/blog\/#organization\",\"name\":\"Cubo de Ideas\",\"url\":\"https:\/\/www.cubodeideas.com\/blog\/\",\"logo\":{\"@type\":\"ImageObject\",\"inLanguage\":\"es\",\"@id\":\"https:\/\/www.cubodeideas.com\/blog\/#\/schema\/logo\/image\/\",\"url\":\"https:\/\/www.cubodeideas.com\/blog\/wp-content\/uploads\/2021\/10\/android-icon-72x72-1.png\",\"contentUrl\":\"https:\/\/www.cubodeideas.com\/blog\/wp-content\/uploads\/2021\/10\/android-icon-72x72-1.png\",\"width\":72,\"height\":72,\"caption\":\"Cubo de Ideas\"},\"image\":{\"@id\":\"https:\/\/www.cubodeideas.com\/blog\/#\/schema\/logo\/image\/\"},\"sameAs\":[\"https:\/\/www.facebook.com\/somoscubodeideas\",\"https:\/\/x.com\/cubo_ideas\",\"https:\/\/www.instagram.com\/cubodeideas\"]},{\"@type\":\"Person\",\"@id\":\"https:\/\/www.cubodeideas.com\/blog\/#\/schema\/person\/5614e43eb76109017cff51a2c7928211\",\"name\":\"Noel Castro\",\"description\":\"LEM Noel Castro Monta\u00f1o es CEO de Cubo de Ideas, Director de Operaciones para Citosa Textiles. Asesor de nuevos mercados y estrategias digitales para el segmento Retail. Especialista en marketing para autoservicios y puntos de venta. Especialista en sistemas de gesti\u00f3n de la calidad con enfoque a la ISO 9001:2015\",\"sameAs\":[\"https:\/\/www.cubodeideas.com\/blog\"],\"url\":\"https:\/\/www.cubodeideas.com\/blog\/author\/admin\/\"}]}<\/script>\n<!-- \/ Yoast SEO plugin. -->","yoast_head_json":{"title":"Productividad Personal: C\u00f3mo Ser M\u00e1s Eficiente -","description":"Descubre estrategias avanzadas para aumentar tu productividad personal y lograr m\u00e1s resultados en menos tiempo.","robots":{"index":"index","follow":"follow","max-snippet":"max-snippet:-1","max-image-preview":"max-image-preview:large","max-video-preview":"max-video-preview:-1"},"canonical":"https:\/\/www.cubodeideas.com\/blog\/negocios\/productividad-personal-como-ser-mas-eficiente\/","og_locale":"es_ES","og_type":"article","og_title":"Productividad Personal: C\u00f3mo Ser M\u00e1s Eficiente -","og_description":"Descubre estrategias avanzadas para aumentar tu productividad personal y lograr m\u00e1s resultados en menos tiempo.","og_url":"https:\/\/www.cubodeideas.com\/blog\/negocios\/productividad-personal-como-ser-mas-eficiente\/","article_publisher":"https:\/\/www.facebook.com\/somoscubodeideas","article_published_time":"2025-01-10T21:14:38+00:00","article_modified_time":"2025-01-10T21:14:51+00:00","og_image":[{"width":1640,"height":924,"url":"https:\/\/www.cubodeideas.com\/blog\/wp-content\/uploads\/2025\/01\/portada-malamen45.png","type":"image\/png"}],"author":"Noel Castro","twitter_card":"summary_large_image","twitter_creator":"@cubo_ideas","twitter_site":"@cubo_ideas","twitter_misc":{"Escrito por":"Noel Castro","Tiempo de lectura":"4 minutos"},"schema":{"@context":"https:\/\/schema.org","@graph":[{"@type":"Article","@id":"https:\/\/www.cubodeideas.com\/blog\/negocios\/productividad-personal-como-ser-mas-eficiente\/#article","isPartOf":{"@id":"https:\/\/www.cubodeideas.com\/blog\/negocios\/productividad-personal-como-ser-mas-eficiente\/"},"author":{"name":"Noel Castro","@id":"https:\/\/www.cubodeideas.com\/blog\/#\/schema\/person\/5614e43eb76109017cff51a2c7928211"},"headline":"Productividad Personal: C\u00f3mo Ser M\u00e1s Eficiente","datePublished":"2025-01-10T21:14:38+00:00","dateModified":"2025-01-10T21:14:51+00:00","mainEntityOfPage":{"@id":"https:\/\/www.cubodeideas.com\/blog\/negocios\/productividad-personal-como-ser-mas-eficiente\/"},"wordCount":883,"commentCount":0,"publisher":{"@id":"https:\/\/www.cubodeideas.com\/blog\/#organization"},"image":{"@id":"https:\/\/www.cubodeideas.com\/blog\/negocios\/productividad-personal-como-ser-mas-eficiente\/#primaryimage"},"thumbnailUrl":"https:\/\/www.cubodeideas.com\/blog\/wp-content\/uploads\/2025\/01\/portada-malamen45.png","keywords":["desarrollo personal","eficiencia laboral","Estrategias de Productividad","Gesti\u00f3n del Tiempo","Productividad Personal"],"articleSection":["Negocios"],"inLanguage":"es","potentialAction":[{"@type":"CommentAction","name":"Comment","target":["https:\/\/www.cubodeideas.com\/blog\/negocios\/productividad-personal-como-ser-mas-eficiente\/#respond"]}]},{"@type":"WebPage","@id":"https:\/\/www.cubodeideas.com\/blog\/negocios\/productividad-personal-como-ser-mas-eficiente\/","url":"https:\/\/www.cubodeideas.com\/blog\/negocios\/productividad-personal-como-ser-mas-eficiente\/","name":"Productividad Personal: C\u00f3mo Ser M\u00e1s Eficiente -","isPartOf":{"@id":"https:\/\/www.cubodeideas.com\/blog\/#website"},"primaryImageOfPage":{"@id":"https:\/\/www.cubodeideas.com\/blog\/negocios\/productividad-personal-como-ser-mas-eficiente\/#primaryimage"},"image":{"@id":"https:\/\/www.cubodeideas.com\/blog\/negocios\/productividad-personal-como-ser-mas-eficiente\/#primaryimage"},"thumbnailUrl":"https:\/\/www.cubodeideas.com\/blog\/wp-content\/uploads\/2025\/01\/portada-malamen45.png","datePublished":"2025-01-10T21:14:38+00:00","dateModified":"2025-01-10T21:14:51+00:00","description":"Descubre estrategias avanzadas para aumentar tu productividad personal y lograr m\u00e1s resultados en menos tiempo.","breadcrumb":{"@id":"https:\/\/www.cubodeideas.com\/blog\/negocios\/productividad-personal-como-ser-mas-eficiente\/#breadcrumb"},"inLanguage":"es","potentialAction":[{"@type":"ReadAction","target":["https:\/\/www.cubodeideas.com\/blog\/negocios\/productividad-personal-como-ser-mas-eficiente\/"]}]},{"@type":"ImageObject","inLanguage":"es","@id":"https:\/\/www.cubodeideas.com\/blog\/negocios\/productividad-personal-como-ser-mas-eficiente\/#primaryimage","url":"https:\/\/www.cubodeideas.com\/blog\/wp-content\/uploads\/2025\/01\/portada-malamen45.png","contentUrl":"https:\/\/www.cubodeideas.com\/blog\/wp-content\/uploads\/2025\/01\/portada-malamen45.png","width":1640,"height":924,"caption":"productividad pyme"},{"@type":"BreadcrumbList","@id":"https:\/\/www.cubodeideas.com\/blog\/negocios\/productividad-personal-como-ser-mas-eficiente\/#breadcrumb","itemListElement":[{"@type":"ListItem","position":1,"name":"Portada","item":"https:\/\/www.cubodeideas.com\/blog\/"},{"@type":"ListItem","position":2,"name":"Productividad Personal: C\u00f3mo Ser M\u00e1s Eficiente"}]},{"@type":"WebSite","@id":"https:\/\/www.cubodeideas.com\/blog\/#website","url":"https:\/\/www.cubodeideas.com\/blog\/","name":"Cubo de Ideas","description":"Cubo de Ideas, El Blog","publisher":{"@id":"https:\/\/www.cubodeideas.com\/blog\/#organization"},"potentialAction":[{"@type":"SearchAction","target":{"@type":"EntryPoint","urlTemplate":"https:\/\/www.cubodeideas.com\/blog\/?s={search_term_string}"},"query-input":{"@type":"PropertyValueSpecification","valueRequired":true,"valueName":"search_term_string"}}],"inLanguage":"es"},{"@type":"Organization","@id":"https:\/\/www.cubodeideas.com\/blog\/#organization","name":"Cubo de Ideas","url":"https:\/\/www.cubodeideas.com\/blog\/","logo":{"@type":"ImageObject","inLanguage":"es","@id":"https:\/\/www.cubodeideas.com\/blog\/#\/schema\/logo\/image\/","url":"https:\/\/www.cubodeideas.com\/blog\/wp-content\/uploads\/2021\/10\/android-icon-72x72-1.png","contentUrl":"https:\/\/www.cubodeideas.com\/blog\/wp-content\/uploads\/2021\/10\/android-icon-72x72-1.png","width":72,"height":72,"caption":"Cubo de Ideas"},"image":{"@id":"https:\/\/www.cubodeideas.com\/blog\/#\/schema\/logo\/image\/"},"sameAs":["https:\/\/www.facebook.com\/somoscubodeideas","https:\/\/x.com\/cubo_ideas","https:\/\/www.instagram.com\/cubodeideas"]},{"@type":"Person","@id":"https:\/\/www.cubodeideas.com\/blog\/#\/schema\/person\/5614e43eb76109017cff51a2c7928211","name":"Noel Castro","description":"LEM Noel Castro Monta\u00f1o es CEO de Cubo de Ideas, Director de Operaciones para Citosa Textiles. Asesor de nuevos mercados y estrategias digitales para el segmento Retail. Especialista en marketing para autoservicios y puntos de venta. Especialista en sistemas de gesti\u00f3n de la calidad con enfoque a la ISO 9001:2015","sameAs":["https:\/\/www.cubodeideas.com\/blog"],"url":"https:\/\/www.cubodeideas.com\/blog\/author\/admin\/"}]}},"jetpack_publicize_connections":[],"_links":{"self":[{"href":"https:\/\/www.cubodeideas.com\/blog\/wp-json\/wp\/v2\/posts\/2239","targetHints":{"allow":["GET"]}}],"collection":[{"href":"https:\/\/www.cubodeideas.com\/blog\/wp-json\/wp\/v2\/posts"}],"about":[{"href":"https:\/\/www.cubodeideas.com\/blog\/wp-json\/wp\/v2\/types\/post"}],"author":[{"embeddable":true,"href":"https:\/\/www.cubodeideas.com\/blog\/wp-json\/wp\/v2\/users\/1"}],"replies":[{"embeddable":true,"href":"https:\/\/www.cubodeideas.com\/blog\/wp-json\/wp\/v2\/comments?post=2239"}],"version-history":[{"count":1,"href":"https:\/\/www.cubodeideas.com\/blog\/wp-json\/wp\/v2\/posts\/2239\/revisions"}],"predecessor-version":[{"id":2241,"href":"https:\/\/www.cubodeideas.com\/blog\/wp-json\/wp\/v2\/posts\/2239\/revisions\/2241"}],"wp:featuredmedia":[{"embeddable":true,"href":"https:\/\/www.cubodeideas.com\/blog\/wp-json\/wp\/v2\/media\/2240"}],"wp:attachment":[{"href":"https:\/\/www.cubodeideas.com\/blog\/wp-json\/wp\/v2\/media?parent=2239"}],"wp:term":[{"taxonomy":"category","embeddable":true,"href":"https:\/\/www.cubodeideas.com\/blog\/wp-json\/wp\/v2\/categories?post=2239"},{"taxonomy":"post_tag","embeddable":true,"href":"https:\/\/www.cubodeideas.com\/blog\/wp-json\/wp\/v2\/tags?post=2239"}],"curies":[{"name":"wp","href":"https:\/\/api.w.org\/{rel}","templated":true}]}}