{"id":2212,"date":"2025-01-10T18:42:59","date_gmt":"2025-01-10T18:42:59","guid":{"rendered":"https:\/\/www.cubodeideas.com\/blog\/?p=2212"},"modified":"2025-01-10T18:42:59","modified_gmt":"2025-01-10T18:42:59","slug":"como-implementar-el-ciclo-pdca-para-mejorar-la-calidad","status":"publish","type":"post","link":"https:\/\/www.cubodeideas.com\/blog\/calidad-total\/como-implementar-el-ciclo-pdca-para-mejorar-la-calidad\/","title":{"rendered":"\u00bfC\u00f3mo Implementar el Ciclo PDCA para Mejorar la Calidad?"},"content":{"rendered":"<p data-pm-slice=\"1 1 []\">El <strong>Ciclo PDCA<\/strong>, tambi\u00e9n conocido como ciclo de Deming o ciclo de mejora continua, es una metodolog\u00eda fundamental en la gesti\u00f3n de la calidad que permite a las organizaciones optimizar procesos, resolver problemas y alcanzar niveles superiores de eficiencia. Este enfoque estructurado, que se basa en cuatro etapas \u2014Planificar (Plan), Hacer (Do), Verificar (Check) y Actuar (Act)\u2014, proporciona un marco iterativo para impulsar mejoras sostenibles en cualquier \u00e1mbito empresarial.<\/p>\n<p>En este art\u00edculo, exploraremos c\u00f3mo implementar el <strong>Ciclo PDCA<\/strong> de manera efectiva, detallando cada una de sus etapas y proporcionando ejemplos pr\u00e1cticos que ayudan a contextualizar su aplicaci\u00f3n.<\/p>\n<h2>Comprendiendo el Ciclo PDCA<\/h2>\n<p>El <strong>Ciclo PDCA<\/strong> es un enfoque sist\u00e9mico para la resoluci\u00f3n de problemas y la mejora continua. Su fortaleza radica en su simplicidad y aplicabilidad en diferentes contextos, desde la manufactura hasta los servicios. Este modelo asegura que las soluciones se implementen de manera controlada y que los resultados se analicen antes de pasar a etapas avanzadas.<\/p>\n<p>Cada etapa del ciclo est\u00e1 dise\u00f1ada para construir sobre la anterior, garantizando que las decisiones se basen en datos y no en suposiciones. Esto no solo mejora la calidad de los procesos, sino tambi\u00e9n fomenta una cultura de aprendizaje continuo en toda la organizaci\u00f3n.<\/p>\n<h2>Etapas del Ciclo PDCA<\/h2>\n<h3>1. Planificar (Plan)<\/h3>\n<p>La primera etapa del <strong>Ciclo PDCA<\/strong> implica identificar un problema o una oportunidad de mejora y desarrollar un plan para abordarlo. Esta fase requiere un an\u00e1lisis profundo de los datos para comprender la situaci\u00f3n actual y establecer objetivos claros y medibles.<\/p>\n<p>Por ejemplo, una empresa de manufactura que enfrenta altos niveles de defectos en su l\u00ednea de producci\u00f3n podr\u00eda utilizar herramientas como el diagrama de Pareto o el an\u00e1lisis de causa-ra\u00edz para identificar las principales fuentes de error. Con base en estos hallazgos, se podr\u00eda dise\u00f1ar un plan que incluya cambios en los procesos, capacitaci\u00f3n de empleados o la adquisici\u00f3n de nueva tecnolog\u00eda.<\/p>\n<h3>2. Hacer (Do)<\/h3>\n<p>En esta etapa, el plan dise\u00f1ado se pone en pr\u00e1ctica a peque\u00f1a escala. Esto permite probar las soluciones propuestas sin comprometer toda la operaci\u00f3n. Es esencial documentar cada paso del proceso para garantizar que los resultados sean replicables y para identificar cualquier problema que pueda surgir durante la implementaci\u00f3n.<\/p>\n<p>Por ejemplo, si el plan incluye un nuevo procedimiento de inspecci\u00f3n, este podr\u00eda implementarse inicialmente en una \u00fanica l\u00ednea de producci\u00f3n o durante un periodo limitado. Esta implementaci\u00f3n controlada permite evaluar la efectividad del cambio antes de extenderlo a toda la organizaci\u00f3n.<\/p>\n<h3>3. Verificar (Check)<\/h3>\n<p>La fase de verificaci\u00f3n implica analizar los resultados obtenidos durante la implementaci\u00f3n. Esto se hace comparando los datos actuales con los objetivos establecidos en la etapa de planificaci\u00f3n. Si los resultados no cumplen con las expectativas, es necesario identificar las causas y ajustar el enfoque.<\/p>\n<p>Un ejemplo pr\u00e1ctico podr\u00eda ser analizar los niveles de defectos despu\u00e9s de implementar un nuevo procedimiento. Si los defectos disminuyen pero no alcanzan el objetivo deseado, podr\u00eda ser necesario revisar la capacitaci\u00f3n del personal o ajustar el procedimiento.<\/p>\n<h3>4. Actuar (Act)<\/h3>\n<p>La \u00faltima etapa del ciclo implica estandarizar las soluciones que han demostrado ser efectivas y adoptar acciones correctivas en caso de que los resultados no sean los esperados. Esta fase tambi\u00e9n incluye documentar las lecciones aprendidas y prepararse para la siguiente iteraci\u00f3n del ciclo.<\/p>\n<p>Por ejemplo, si el nuevo procedimiento de inspecci\u00f3n reduce significativamente los defectos, se podr\u00eda formalizar como parte del sistema de gesti\u00f3n de calidad de la empresa. Adem\u00e1s, se podr\u00edan implementar auditor\u00edas regulares para asegurar su cumplimiento.<\/p>\n<h2>Beneficios del Ciclo PDCA en la Mejora de la Calidad<\/h2>\n<p>El <strong>Ciclo PDCA<\/strong> ofrece numerosos beneficios que lo convierten en una herramienta esencial para la mejora continua. Entre los m\u00e1s destacados est\u00e1n:<\/p>\n<ul data-spread=\"false\">\n<li><strong>Estandarizaci\u00f3n de procesos<\/strong>: Ayuda a documentar y replicar pr\u00e1cticas exitosas.<\/li>\n<li><strong>Reducci\u00f3n de desperdicios<\/strong>: Identifica y elimina ineficiencias en los procesos.<\/li>\n<li><strong>Mayor compromiso del equipo<\/strong>: Fomenta una cultura de participaci\u00f3n y aprendizaje.<\/li>\n<li><strong>Adaptabilidad<\/strong>: Permite ajustar estrategias r\u00e1pidamente en respuesta a cambios en el entorno.<\/li>\n<\/ul>\n<h2>Ejemplos de Aplicaci\u00f3n<\/h2>\n<p>Un caso destacado de aplicaci\u00f3n del <strong>Ciclo PDCA<\/strong> es el de Toyota, que utiliza este enfoque como parte de su sistema de producci\u00f3n Lean para optimizar continuamente sus procesos. Otro ejemplo es el sector salud, donde el PDCA se emplea para mejorar la calidad del servicio al paciente mediante la reducci\u00f3n de errores m\u00e9dicos y la mejora en los tiempos de espera.<\/p>\n<p>El <strong>Ciclo PDCA<\/strong> es una metodolog\u00eda probada que puede transformar la calidad de los procesos y productos en cualquier organizaci\u00f3n. Su enfoque iterativo asegura mejoras sostenibles y fomenta una cultura de excelencia y aprendizaje continuo. Al implementarlo correctamente, las empresas pueden no solo resolver problemas actuales, sino tambi\u00e9n construir una base s\u00f3lida para enfrentar los desaf\u00edos futuros.<\/p>\n<div class=\"pvc_clear\"><\/div>\n<p id=\"pvc_stats_2212\" class=\"pvc_stats all  \" data-element-id=\"2212\" style=\"\"><i class=\"pvc-stats-icon medium\" aria-hidden=\"true\"><svg aria-hidden=\"true\" focusable=\"false\" data-prefix=\"far\" data-icon=\"chart-bar\" role=\"img\" xmlns=\"http:\/\/www.w3.org\/2000\/svg\" viewBox=\"0 0 512 512\" class=\"svg-inline--fa fa-chart-bar fa-w-16 fa-2x\"><path fill=\"currentColor\" d=\"M396.8 352h22.4c6.4 0 12.8-6.4 12.8-12.8V108.8c0-6.4-6.4-12.8-12.8-12.8h-22.4c-6.4 0-12.8 6.4-12.8 12.8v230.4c0 6.4 6.4 12.8 12.8 12.8zm-192 0h22.4c6.4 0 12.8-6.4 12.8-12.8V140.8c0-6.4-6.4-12.8-12.8-12.8h-22.4c-6.4 0-12.8 6.4-12.8 12.8v198.4c0 6.4 6.4 12.8 12.8 12.8zm96 0h22.4c6.4 0 12.8-6.4 12.8-12.8V204.8c0-6.4-6.4-12.8-12.8-12.8h-22.4c-6.4 0-12.8 6.4-12.8 12.8v134.4c0 6.4 6.4 12.8 12.8 12.8zM496 400H48V80c0-8.84-7.16-16-16-16H16C7.16 64 0 71.16 0 80v336c0 17.67 14.33 32 32 32h464c8.84 0 16-7.16 16-16v-16c0-8.84-7.16-16-16-16zm-387.2-48h22.4c6.4 0 12.8-6.4 12.8-12.8v-70.4c0-6.4-6.4-12.8-12.8-12.8h-22.4c-6.4 0-12.8 6.4-12.8 12.8v70.4c0 6.4 6.4 12.8 12.8 12.8z\" class=\"\"><\/path><\/svg><\/i> <img loading=\"lazy\" decoding=\"async\" width=\"16\" height=\"16\" alt=\"Loading\" src=\"https:\/\/www.cubodeideas.com\/blog\/wp-content\/plugins\/page-views-count\/ajax-loader-2x.gif\" border=0 \/><\/p>\n<div class=\"pvc_clear\"><\/div>\n","protected":false},"excerpt":{"rendered":"<p>El Ciclo PDCA, tambi\u00e9n conocido como ciclo de Deming o ciclo de mejora continua, es una metodolog\u00eda fundamental en la gesti\u00f3n de la calidad que permite a las organizaciones optimizar procesos, resolver problemas y alcanzar niveles superiores de eficiencia. Este enfoque estructurado, que se basa en cuatro etapas \u2014Planificar (Plan), Hacer (Do), Verificar (Check) y [&hellip;]<\/p>\n<div class=\"pvc_clear\"><\/div>\n<p id=\"pvc_stats_2212\" class=\"pvc_stats all  \" data-element-id=\"2212\" style=\"\"><i class=\"pvc-stats-icon medium\" aria-hidden=\"true\"><svg aria-hidden=\"true\" focusable=\"false\" data-prefix=\"far\" data-icon=\"chart-bar\" role=\"img\" xmlns=\"http:\/\/www.w3.org\/2000\/svg\" viewBox=\"0 0 512 512\" class=\"svg-inline--fa fa-chart-bar fa-w-16 fa-2x\"><path fill=\"currentColor\" d=\"M396.8 352h22.4c6.4 0 12.8-6.4 12.8-12.8V108.8c0-6.4-6.4-12.8-12.8-12.8h-22.4c-6.4 0-12.8 6.4-12.8 12.8v230.4c0 6.4 6.4 12.8 12.8 12.8zm-192 0h22.4c6.4 0 12.8-6.4 12.8-12.8V140.8c0-6.4-6.4-12.8-12.8-12.8h-22.4c-6.4 0-12.8 6.4-12.8 12.8v198.4c0 6.4 6.4 12.8 12.8 12.8zm96 0h22.4c6.4 0 12.8-6.4 12.8-12.8V204.8c0-6.4-6.4-12.8-12.8-12.8h-22.4c-6.4 0-12.8 6.4-12.8 12.8v134.4c0 6.4 6.4 12.8 12.8 12.8zM496 400H48V80c0-8.84-7.16-16-16-16H16C7.16 64 0 71.16 0 80v336c0 17.67 14.33 32 32 32h464c8.84 0 16-7.16 16-16v-16c0-8.84-7.16-16-16-16zm-387.2-48h22.4c6.4 0 12.8-6.4 12.8-12.8v-70.4c0-6.4-6.4-12.8-12.8-12.8h-22.4c-6.4 0-12.8 6.4-12.8 12.8v70.4c0 6.4 6.4 12.8 12.8 12.8z\" class=\"\"><\/path><\/svg><\/i> <img loading=\"lazy\" decoding=\"async\" width=\"16\" height=\"16\" alt=\"Loading\" src=\"https:\/\/www.cubodeideas.com\/blog\/wp-content\/plugins\/page-views-count\/ajax-loader-2x.gif\" border=0 \/><\/p>\n<div class=\"pvc_clear\"><\/div>\n","protected":false},"author":1,"featured_media":2213,"comment_status":"open","ping_status":"closed","sticky":false,"template":"","format":"standard","meta":{"footnotes":"","jetpack_publicize_message":"","jetpack_publicize_feature_enabled":true,"jetpack_social_post_already_shared":false,"jetpack_social_options":{"image_generator_settings":{"template":"highway","default_image_id":0,"font":"","enabled":false},"version":2}},"categories":[14],"tags":[262,56,52,92,264],"class_list":["post-2212","post","type-post","status-publish","format-standard","has-post-thumbnail","hentry","category-calidad-total","tag-ciclo-pdca","tag-gestion-de-calidad","tag-mejora-continua","tag-optimizacion-empresarial","tag-procesos-eficientes"],"blocksy_meta":[],"yoast_head":"<!-- This site is optimized with the Yoast SEO plugin v27.0 - https:\/\/yoast.com\/product\/yoast-seo-wordpress\/ -->\n<title>\u00bfC\u00f3mo Implementar el Ciclo PDCA para Mejorar la Calidad? -<\/title>\n<meta name=\"description\" content=\"Descubre c\u00f3mo implementar el ciclo PDCA para optimizar procesos y garantizar la mejora continua en tu organizaci\u00f3n.\" \/>\n<meta name=\"robots\" content=\"index, follow, max-snippet:-1, max-image-preview:large, max-video-preview:-1\" \/>\n<link rel=\"canonical\" href=\"https:\/\/www.cubodeideas.com\/blog\/calidad-total\/como-implementar-el-ciclo-pdca-para-mejorar-la-calidad\/\" \/>\n<meta property=\"og:locale\" content=\"es_ES\" \/>\n<meta property=\"og:type\" content=\"article\" \/>\n<meta property=\"og:title\" content=\"\u00bfC\u00f3mo Implementar el Ciclo PDCA para Mejorar la Calidad? -\" \/>\n<meta property=\"og:description\" content=\"Descubre c\u00f3mo implementar el ciclo PDCA para optimizar procesos y garantizar la mejora continua en tu organizaci\u00f3n.\" \/>\n<meta property=\"og:url\" content=\"https:\/\/www.cubodeideas.com\/blog\/calidad-total\/como-implementar-el-ciclo-pdca-para-mejorar-la-calidad\/\" \/>\n<meta property=\"article:publisher\" content=\"https:\/\/www.facebook.com\/somoscubodeideas\" \/>\n<meta property=\"article:published_time\" content=\"2025-01-10T18:42:59+00:00\" \/>\n<meta property=\"og:image\" content=\"https:\/\/www.cubodeideas.com\/blog\/wp-content\/uploads\/2025\/01\/portada-malamen37.png\" \/>\n\t<meta property=\"og:image:width\" content=\"1640\" \/>\n\t<meta property=\"og:image:height\" content=\"924\" \/>\n\t<meta property=\"og:image:type\" content=\"image\/png\" \/>\n<meta name=\"author\" content=\"Noel Castro\" \/>\n<meta name=\"twitter:card\" content=\"summary_large_image\" \/>\n<meta name=\"twitter:creator\" content=\"@cubo_ideas\" \/>\n<meta name=\"twitter:site\" content=\"@cubo_ideas\" \/>\n<meta name=\"twitter:label1\" content=\"Escrito por\" \/>\n\t<meta name=\"twitter:data1\" content=\"Noel Castro\" \/>\n\t<meta name=\"twitter:label2\" content=\"Tiempo de lectura\" \/>\n\t<meta name=\"twitter:data2\" content=\"4 minutos\" \/>\n<script type=\"application\/ld+json\" class=\"yoast-schema-graph\">{\"@context\":\"https:\/\/schema.org\",\"@graph\":[{\"@type\":\"Article\",\"@id\":\"https:\/\/www.cubodeideas.com\/blog\/calidad-total\/como-implementar-el-ciclo-pdca-para-mejorar-la-calidad\/#article\",\"isPartOf\":{\"@id\":\"https:\/\/www.cubodeideas.com\/blog\/calidad-total\/como-implementar-el-ciclo-pdca-para-mejorar-la-calidad\/\"},\"author\":{\"name\":\"Noel Castro\",\"@id\":\"https:\/\/www.cubodeideas.com\/blog\/#\/schema\/person\/5614e43eb76109017cff51a2c7928211\"},\"headline\":\"\u00bfC\u00f3mo Implementar el Ciclo PDCA para Mejorar la Calidad?\",\"datePublished\":\"2025-01-10T18:42:59+00:00\",\"mainEntityOfPage\":{\"@id\":\"https:\/\/www.cubodeideas.com\/blog\/calidad-total\/como-implementar-el-ciclo-pdca-para-mejorar-la-calidad\/\"},\"wordCount\":845,\"commentCount\":0,\"publisher\":{\"@id\":\"https:\/\/www.cubodeideas.com\/blog\/#organization\"},\"image\":{\"@id\":\"https:\/\/www.cubodeideas.com\/blog\/calidad-total\/como-implementar-el-ciclo-pdca-para-mejorar-la-calidad\/#primaryimage\"},\"thumbnailUrl\":\"https:\/\/www.cubodeideas.com\/blog\/wp-content\/uploads\/2025\/01\/portada-malamen37.png\",\"keywords\":[\"Ciclo PDCA\",\"Gesti\u00f3n de Calidad\",\"Mejora Continua\",\"Optimizaci\u00f3n Empresarial\",\"Procesos eficientes\"],\"articleSection\":[\"Calidad Total\"],\"inLanguage\":\"es\",\"potentialAction\":[{\"@type\":\"CommentAction\",\"name\":\"Comment\",\"target\":[\"https:\/\/www.cubodeideas.com\/blog\/calidad-total\/como-implementar-el-ciclo-pdca-para-mejorar-la-calidad\/#respond\"]}]},{\"@type\":\"WebPage\",\"@id\":\"https:\/\/www.cubodeideas.com\/blog\/calidad-total\/como-implementar-el-ciclo-pdca-para-mejorar-la-calidad\/\",\"url\":\"https:\/\/www.cubodeideas.com\/blog\/calidad-total\/como-implementar-el-ciclo-pdca-para-mejorar-la-calidad\/\",\"name\":\"\u00bfC\u00f3mo Implementar el Ciclo PDCA para Mejorar la Calidad? -\",\"isPartOf\":{\"@id\":\"https:\/\/www.cubodeideas.com\/blog\/#website\"},\"primaryImageOfPage\":{\"@id\":\"https:\/\/www.cubodeideas.com\/blog\/calidad-total\/como-implementar-el-ciclo-pdca-para-mejorar-la-calidad\/#primaryimage\"},\"image\":{\"@id\":\"https:\/\/www.cubodeideas.com\/blog\/calidad-total\/como-implementar-el-ciclo-pdca-para-mejorar-la-calidad\/#primaryimage\"},\"thumbnailUrl\":\"https:\/\/www.cubodeideas.com\/blog\/wp-content\/uploads\/2025\/01\/portada-malamen37.png\",\"datePublished\":\"2025-01-10T18:42:59+00:00\",\"description\":\"Descubre c\u00f3mo implementar el ciclo PDCA para optimizar procesos y garantizar la mejora continua en tu organizaci\u00f3n.\",\"breadcrumb\":{\"@id\":\"https:\/\/www.cubodeideas.com\/blog\/calidad-total\/como-implementar-el-ciclo-pdca-para-mejorar-la-calidad\/#breadcrumb\"},\"inLanguage\":\"es\",\"potentialAction\":[{\"@type\":\"ReadAction\",\"target\":[\"https:\/\/www.cubodeideas.com\/blog\/calidad-total\/como-implementar-el-ciclo-pdca-para-mejorar-la-calidad\/\"]}]},{\"@type\":\"ImageObject\",\"inLanguage\":\"es\",\"@id\":\"https:\/\/www.cubodeideas.com\/blog\/calidad-total\/como-implementar-el-ciclo-pdca-para-mejorar-la-calidad\/#primaryimage\",\"url\":\"https:\/\/www.cubodeideas.com\/blog\/wp-content\/uploads\/2025\/01\/portada-malamen37.png\",\"contentUrl\":\"https:\/\/www.cubodeideas.com\/blog\/wp-content\/uploads\/2025\/01\/portada-malamen37.png\",\"width\":1640,\"height\":924,\"caption\":\"Ciclo PDCA\"},{\"@type\":\"BreadcrumbList\",\"@id\":\"https:\/\/www.cubodeideas.com\/blog\/calidad-total\/como-implementar-el-ciclo-pdca-para-mejorar-la-calidad\/#breadcrumb\",\"itemListElement\":[{\"@type\":\"ListItem\",\"position\":1,\"name\":\"Portada\",\"item\":\"https:\/\/www.cubodeideas.com\/blog\/\"},{\"@type\":\"ListItem\",\"position\":2,\"name\":\"\u00bfC\u00f3mo Implementar el Ciclo PDCA para Mejorar la Calidad?\"}]},{\"@type\":\"WebSite\",\"@id\":\"https:\/\/www.cubodeideas.com\/blog\/#website\",\"url\":\"https:\/\/www.cubodeideas.com\/blog\/\",\"name\":\"Cubo de Ideas\",\"description\":\"Cubo de Ideas, El Blog\",\"publisher\":{\"@id\":\"https:\/\/www.cubodeideas.com\/blog\/#organization\"},\"potentialAction\":[{\"@type\":\"SearchAction\",\"target\":{\"@type\":\"EntryPoint\",\"urlTemplate\":\"https:\/\/www.cubodeideas.com\/blog\/?s={search_term_string}\"},\"query-input\":{\"@type\":\"PropertyValueSpecification\",\"valueRequired\":true,\"valueName\":\"search_term_string\"}}],\"inLanguage\":\"es\"},{\"@type\":\"Organization\",\"@id\":\"https:\/\/www.cubodeideas.com\/blog\/#organization\",\"name\":\"Cubo de Ideas\",\"url\":\"https:\/\/www.cubodeideas.com\/blog\/\",\"logo\":{\"@type\":\"ImageObject\",\"inLanguage\":\"es\",\"@id\":\"https:\/\/www.cubodeideas.com\/blog\/#\/schema\/logo\/image\/\",\"url\":\"https:\/\/www.cubodeideas.com\/blog\/wp-content\/uploads\/2021\/10\/android-icon-72x72-1.png\",\"contentUrl\":\"https:\/\/www.cubodeideas.com\/blog\/wp-content\/uploads\/2021\/10\/android-icon-72x72-1.png\",\"width\":72,\"height\":72,\"caption\":\"Cubo de Ideas\"},\"image\":{\"@id\":\"https:\/\/www.cubodeideas.com\/blog\/#\/schema\/logo\/image\/\"},\"sameAs\":[\"https:\/\/www.facebook.com\/somoscubodeideas\",\"https:\/\/x.com\/cubo_ideas\",\"https:\/\/www.instagram.com\/cubodeideas\"]},{\"@type\":\"Person\",\"@id\":\"https:\/\/www.cubodeideas.com\/blog\/#\/schema\/person\/5614e43eb76109017cff51a2c7928211\",\"name\":\"Noel Castro\",\"description\":\"LEM Noel Castro Monta\u00f1o es CEO de Cubo de Ideas, Director de Operaciones para Citosa Textiles. Asesor de nuevos mercados y estrategias digitales para el segmento Retail. Especialista en marketing para autoservicios y puntos de venta. Especialista en sistemas de gesti\u00f3n de la calidad con enfoque a la ISO 9001:2015\",\"sameAs\":[\"https:\/\/www.cubodeideas.com\/blog\"],\"url\":\"https:\/\/www.cubodeideas.com\/blog\/author\/admin\/\"}]}<\/script>\n<!-- \/ Yoast SEO plugin. -->","yoast_head_json":{"title":"\u00bfC\u00f3mo Implementar el Ciclo PDCA para Mejorar la Calidad? -","description":"Descubre c\u00f3mo implementar el ciclo PDCA para optimizar procesos y garantizar la mejora continua en tu organizaci\u00f3n.","robots":{"index":"index","follow":"follow","max-snippet":"max-snippet:-1","max-image-preview":"max-image-preview:large","max-video-preview":"max-video-preview:-1"},"canonical":"https:\/\/www.cubodeideas.com\/blog\/calidad-total\/como-implementar-el-ciclo-pdca-para-mejorar-la-calidad\/","og_locale":"es_ES","og_type":"article","og_title":"\u00bfC\u00f3mo Implementar el Ciclo PDCA para Mejorar la Calidad? -","og_description":"Descubre c\u00f3mo implementar el ciclo PDCA para optimizar procesos y garantizar la mejora continua en tu organizaci\u00f3n.","og_url":"https:\/\/www.cubodeideas.com\/blog\/calidad-total\/como-implementar-el-ciclo-pdca-para-mejorar-la-calidad\/","article_publisher":"https:\/\/www.facebook.com\/somoscubodeideas","article_published_time":"2025-01-10T18:42:59+00:00","og_image":[{"width":1640,"height":924,"url":"https:\/\/www.cubodeideas.com\/blog\/wp-content\/uploads\/2025\/01\/portada-malamen37.png","type":"image\/png"}],"author":"Noel Castro","twitter_card":"summary_large_image","twitter_creator":"@cubo_ideas","twitter_site":"@cubo_ideas","twitter_misc":{"Escrito por":"Noel Castro","Tiempo de lectura":"4 minutos"},"schema":{"@context":"https:\/\/schema.org","@graph":[{"@type":"Article","@id":"https:\/\/www.cubodeideas.com\/blog\/calidad-total\/como-implementar-el-ciclo-pdca-para-mejorar-la-calidad\/#article","isPartOf":{"@id":"https:\/\/www.cubodeideas.com\/blog\/calidad-total\/como-implementar-el-ciclo-pdca-para-mejorar-la-calidad\/"},"author":{"name":"Noel Castro","@id":"https:\/\/www.cubodeideas.com\/blog\/#\/schema\/person\/5614e43eb76109017cff51a2c7928211"},"headline":"\u00bfC\u00f3mo Implementar el Ciclo PDCA para Mejorar la Calidad?","datePublished":"2025-01-10T18:42:59+00:00","mainEntityOfPage":{"@id":"https:\/\/www.cubodeideas.com\/blog\/calidad-total\/como-implementar-el-ciclo-pdca-para-mejorar-la-calidad\/"},"wordCount":845,"commentCount":0,"publisher":{"@id":"https:\/\/www.cubodeideas.com\/blog\/#organization"},"image":{"@id":"https:\/\/www.cubodeideas.com\/blog\/calidad-total\/como-implementar-el-ciclo-pdca-para-mejorar-la-calidad\/#primaryimage"},"thumbnailUrl":"https:\/\/www.cubodeideas.com\/blog\/wp-content\/uploads\/2025\/01\/portada-malamen37.png","keywords":["Ciclo PDCA","Gesti\u00f3n de Calidad","Mejora Continua","Optimizaci\u00f3n Empresarial","Procesos eficientes"],"articleSection":["Calidad Total"],"inLanguage":"es","potentialAction":[{"@type":"CommentAction","name":"Comment","target":["https:\/\/www.cubodeideas.com\/blog\/calidad-total\/como-implementar-el-ciclo-pdca-para-mejorar-la-calidad\/#respond"]}]},{"@type":"WebPage","@id":"https:\/\/www.cubodeideas.com\/blog\/calidad-total\/como-implementar-el-ciclo-pdca-para-mejorar-la-calidad\/","url":"https:\/\/www.cubodeideas.com\/blog\/calidad-total\/como-implementar-el-ciclo-pdca-para-mejorar-la-calidad\/","name":"\u00bfC\u00f3mo Implementar el Ciclo PDCA para Mejorar la Calidad? -","isPartOf":{"@id":"https:\/\/www.cubodeideas.com\/blog\/#website"},"primaryImageOfPage":{"@id":"https:\/\/www.cubodeideas.com\/blog\/calidad-total\/como-implementar-el-ciclo-pdca-para-mejorar-la-calidad\/#primaryimage"},"image":{"@id":"https:\/\/www.cubodeideas.com\/blog\/calidad-total\/como-implementar-el-ciclo-pdca-para-mejorar-la-calidad\/#primaryimage"},"thumbnailUrl":"https:\/\/www.cubodeideas.com\/blog\/wp-content\/uploads\/2025\/01\/portada-malamen37.png","datePublished":"2025-01-10T18:42:59+00:00","description":"Descubre c\u00f3mo implementar el ciclo PDCA para optimizar procesos y garantizar la mejora continua en tu organizaci\u00f3n.","breadcrumb":{"@id":"https:\/\/www.cubodeideas.com\/blog\/calidad-total\/como-implementar-el-ciclo-pdca-para-mejorar-la-calidad\/#breadcrumb"},"inLanguage":"es","potentialAction":[{"@type":"ReadAction","target":["https:\/\/www.cubodeideas.com\/blog\/calidad-total\/como-implementar-el-ciclo-pdca-para-mejorar-la-calidad\/"]}]},{"@type":"ImageObject","inLanguage":"es","@id":"https:\/\/www.cubodeideas.com\/blog\/calidad-total\/como-implementar-el-ciclo-pdca-para-mejorar-la-calidad\/#primaryimage","url":"https:\/\/www.cubodeideas.com\/blog\/wp-content\/uploads\/2025\/01\/portada-malamen37.png","contentUrl":"https:\/\/www.cubodeideas.com\/blog\/wp-content\/uploads\/2025\/01\/portada-malamen37.png","width":1640,"height":924,"caption":"Ciclo PDCA"},{"@type":"BreadcrumbList","@id":"https:\/\/www.cubodeideas.com\/blog\/calidad-total\/como-implementar-el-ciclo-pdca-para-mejorar-la-calidad\/#breadcrumb","itemListElement":[{"@type":"ListItem","position":1,"name":"Portada","item":"https:\/\/www.cubodeideas.com\/blog\/"},{"@type":"ListItem","position":2,"name":"\u00bfC\u00f3mo Implementar el Ciclo PDCA para Mejorar la Calidad?"}]},{"@type":"WebSite","@id":"https:\/\/www.cubodeideas.com\/blog\/#website","url":"https:\/\/www.cubodeideas.com\/blog\/","name":"Cubo de Ideas","description":"Cubo de Ideas, El Blog","publisher":{"@id":"https:\/\/www.cubodeideas.com\/blog\/#organization"},"potentialAction":[{"@type":"SearchAction","target":{"@type":"EntryPoint","urlTemplate":"https:\/\/www.cubodeideas.com\/blog\/?s={search_term_string}"},"query-input":{"@type":"PropertyValueSpecification","valueRequired":true,"valueName":"search_term_string"}}],"inLanguage":"es"},{"@type":"Organization","@id":"https:\/\/www.cubodeideas.com\/blog\/#organization","name":"Cubo de Ideas","url":"https:\/\/www.cubodeideas.com\/blog\/","logo":{"@type":"ImageObject","inLanguage":"es","@id":"https:\/\/www.cubodeideas.com\/blog\/#\/schema\/logo\/image\/","url":"https:\/\/www.cubodeideas.com\/blog\/wp-content\/uploads\/2021\/10\/android-icon-72x72-1.png","contentUrl":"https:\/\/www.cubodeideas.com\/blog\/wp-content\/uploads\/2021\/10\/android-icon-72x72-1.png","width":72,"height":72,"caption":"Cubo de Ideas"},"image":{"@id":"https:\/\/www.cubodeideas.com\/blog\/#\/schema\/logo\/image\/"},"sameAs":["https:\/\/www.facebook.com\/somoscubodeideas","https:\/\/x.com\/cubo_ideas","https:\/\/www.instagram.com\/cubodeideas"]},{"@type":"Person","@id":"https:\/\/www.cubodeideas.com\/blog\/#\/schema\/person\/5614e43eb76109017cff51a2c7928211","name":"Noel Castro","description":"LEM Noel Castro Monta\u00f1o es CEO de Cubo de Ideas, Director de Operaciones para Citosa Textiles. Asesor de nuevos mercados y estrategias digitales para el segmento Retail. Especialista en marketing para autoservicios y puntos de venta. Especialista en sistemas de gesti\u00f3n de la calidad con enfoque a la ISO 9001:2015","sameAs":["https:\/\/www.cubodeideas.com\/blog"],"url":"https:\/\/www.cubodeideas.com\/blog\/author\/admin\/"}]}},"jetpack_publicize_connections":[],"_links":{"self":[{"href":"https:\/\/www.cubodeideas.com\/blog\/wp-json\/wp\/v2\/posts\/2212","targetHints":{"allow":["GET"]}}],"collection":[{"href":"https:\/\/www.cubodeideas.com\/blog\/wp-json\/wp\/v2\/posts"}],"about":[{"href":"https:\/\/www.cubodeideas.com\/blog\/wp-json\/wp\/v2\/types\/post"}],"author":[{"embeddable":true,"href":"https:\/\/www.cubodeideas.com\/blog\/wp-json\/wp\/v2\/users\/1"}],"replies":[{"embeddable":true,"href":"https:\/\/www.cubodeideas.com\/blog\/wp-json\/wp\/v2\/comments?post=2212"}],"version-history":[{"count":1,"href":"https:\/\/www.cubodeideas.com\/blog\/wp-json\/wp\/v2\/posts\/2212\/revisions"}],"predecessor-version":[{"id":2214,"href":"https:\/\/www.cubodeideas.com\/blog\/wp-json\/wp\/v2\/posts\/2212\/revisions\/2214"}],"wp:featuredmedia":[{"embeddable":true,"href":"https:\/\/www.cubodeideas.com\/blog\/wp-json\/wp\/v2\/media\/2213"}],"wp:attachment":[{"href":"https:\/\/www.cubodeideas.com\/blog\/wp-json\/wp\/v2\/media?parent=2212"}],"wp:term":[{"taxonomy":"category","embeddable":true,"href":"https:\/\/www.cubodeideas.com\/blog\/wp-json\/wp\/v2\/categories?post=2212"},{"taxonomy":"post_tag","embeddable":true,"href":"https:\/\/www.cubodeideas.com\/blog\/wp-json\/wp\/v2\/tags?post=2212"}],"curies":[{"name":"wp","href":"https:\/\/api.w.org\/{rel}","templated":true}]}}