{"id":2088,"date":"2024-10-02T03:32:03","date_gmt":"2024-10-02T03:32:03","guid":{"rendered":"https:\/\/www.cubodeideas.com\/blog\/?p=2088"},"modified":"2024-10-02T03:32:03","modified_gmt":"2024-10-02T03:32:03","slug":"gestion-de-cambios-punto-6-3-de-iso-9001","status":"publish","type":"post","link":"https:\/\/www.cubodeideas.com\/blog\/calidad-total\/gestion-de-cambios-punto-6-3-de-iso-9001\/","title":{"rendered":"Gesti\u00f3n de Cambios: Punto 6.3 de ISO 9001"},"content":{"rendered":"<p>El <strong>punto 6.3 de la norma ISO 9001<\/strong> establece la necesidad de una gesti\u00f3n adecuada para los <strong>cambios<\/strong> que puedan afectar al <strong>sistema de gesti\u00f3n de calidad (SGC)<\/strong>. Los cambios son inevitables en cualquier empresa, ya sea por la implementaci\u00f3n de nuevas tecnolog\u00edas, mejoras en los procesos o cambios en la normativa. Para las <strong>pymes<\/strong>, gestionar los cambios de manera efectiva es crucial para garantizar que estos no afecten negativamente la calidad y la eficiencia.<\/p>\n<h3>\u00bfQu\u00e9 establece el punto 6.3 de la ISO 9001?<\/h3>\n<p>La <strong>ISO 9001<\/strong> exige que las organizaciones eval\u00faen los <strong>cambios<\/strong> antes de implementarlos y planifiquen c\u00f3mo llevarlos a cabo de manera que no afecten la integridad del SGC. Los cambios pueden estar relacionados con procesos, tecnolog\u00edas, proveedores o cualquier otro aspecto que impacte directamente en la <strong>calidad<\/strong>.<\/p>\n<p><strong>Ejemplo<\/strong>: Una pyme de manufactura decide introducir un nuevo sistema de software para gestionar inventarios. Antes de hacerlo, debe evaluar si el personal est\u00e1 capacitado y si el sistema puede integrarse sin interrupciones en las operaciones diarias.<\/p>\n<h3>Pasos para implementar la gesti\u00f3n de cambios<\/h3>\n<ol>\n<li><strong>Evaluar la necesidad del cambio<\/strong> El primer paso es <strong>identificar<\/strong> la necesidad de cambio. Esto puede ser resultado de una auditor\u00eda, cambios en los requisitos del cliente o mejoras tecnol\u00f3gicas. Evaluar si el cambio realmente aporta valor al sistema es crucial antes de proceder.\n<p><strong>Ejemplo<\/strong>: Si una empresa nota que su proceso de control de calidad se queda obsoleto frente a nuevas normativas, debe decidir si una actualizaci\u00f3n es necesaria y qu\u00e9 impacto tendr\u00e1 en las operaciones.<\/li>\n<li><strong>Planificar el cambio<\/strong> Una vez identificada la necesidad, se debe desarrollar un plan detallado. Este plan debe incluir <strong>qu\u00e9 recursos<\/strong> ser\u00e1n necesarios, qu\u00e9 personal estar\u00e1 involucrado y c\u00f3mo se medir\u00e1 el \u00e9xito del cambio. La planificaci\u00f3n tambi\u00e9n debe contemplar un cronograma de implementaci\u00f3n y cualquier capacitaci\u00f3n requerida.\n<p><strong>Ejemplo<\/strong>: Si una empresa implementa una nueva maquinaria, debe planificar la formaci\u00f3n del personal, el ajuste de los procesos y las pruebas de calidad antes de su puesta en marcha.<\/li>\n<li><strong>Comunicaci\u00f3n del cambio<\/strong> Es esencial que todos los niveles de la organizaci\u00f3n est\u00e9n <strong>informados<\/strong> sobre el cambio. La comunicaci\u00f3n clara y transparente ayuda a minimizar la resistencia del personal y asegura que todos entiendan su papel en la implementaci\u00f3n.\n<p><strong>Ejemplo<\/strong>: En una pyme que automatiza parte de sus procesos, debe explicarse al personal no solo c\u00f3mo usar el nuevo equipo, sino tambi\u00e9n c\u00f3mo sus funciones pueden cambiar para adaptarse al nuevo sistema.<\/li>\n<li><strong>Implementaci\u00f3n y seguimiento<\/strong> Durante la implementaci\u00f3n, el cambio debe ser monitoreado cuidadosamente para asegurar que no se presenten <strong>problemas imprevistos<\/strong>. Es importante realizar un seguimiento para garantizar que el cambio se est\u00e9 llevando a cabo seg\u00fan lo planificado y ajustar cualquier desviaci\u00f3n.\n<p><strong>Ejemplo<\/strong>: Si se introduce un nuevo sistema de software en una pyme, los primeros d\u00edas se deben monitorear de cerca para verificar que no haya interrupciones en la gesti\u00f3n de pedidos o problemas t\u00e9cnicos.<\/li>\n<li><strong>Revisi\u00f3n y mejora<\/strong> Una vez implementado el cambio, es fundamental <strong>revisar los resultados<\/strong> y asegurarse de que se alcanzaron los objetivos previstos. Este paso permite realizar ajustes adicionales si es necesario y asegurar que el cambio haya mejorado realmente el SGC.\n<p><strong>Ejemplo<\/strong>: Tras implementar una nueva pol\u00edtica de control de calidad, una pyme puede revisar los informes de auditor\u00eda interna para asegurarse de que la pol\u00edtica est\u00e9 funcionando como se esperaba.<\/li>\n<\/ol>\n<h3>Importancia de la gesti\u00f3n de cambios en las pymes<\/h3>\n<p>Para las <strong>pymes<\/strong>, gestionar adecuadamente los cambios es fundamental para minimizar los riesgos y maximizar los beneficios. La falta de gesti\u00f3n puede llevar a problemas como interrupciones operativas, errores en los productos o disminuci\u00f3n en la satisfacci\u00f3n del cliente. A trav\u00e9s de una planificaci\u00f3n adecuada, las <strong>pymes<\/strong> pueden adaptarse r\u00e1pidamente a los cambios en su entorno, asegurando la <strong>mejora continua<\/strong> sin comprometer la calidad.<\/p>\n<h3>Beneficios de una buena gesti\u00f3n de cambios<\/h3>\n<ul>\n<li><strong>Mejora en la eficiencia operativa<\/strong>: Un cambio bien gestionado puede llevar a procesos m\u00e1s r\u00e1pidos y eficientes.<\/li>\n<li><strong>Reducci\u00f3n de riesgos<\/strong>: Planificar y evaluar los cambios antes de implementarlos reduce la probabilidad de errores o interrupciones inesperadas.<\/li>\n<li><strong>Satisfacci\u00f3n del cliente<\/strong>: Al implementar mejoras o actualizaciones que respondan a las necesidades del cliente, las empresas pueden mejorar la satisfacci\u00f3n y la fidelizaci\u00f3n.<\/li>\n<\/ul>\n<p>La <strong>gesti\u00f3n de cambios<\/strong> seg\u00fan el <strong>punto 6.3 de ISO 9001<\/strong> permite a las <strong>pymes<\/strong> implementar cambios de manera estructurada y controlada, asegurando que los procesos de calidad no se vean afectados. Este enfoque met\u00f3dico ayuda a las empresas a adaptarse a las nuevas demandas del mercado, cumplir con los requisitos normativos y mejorar continuamente sus operaciones.<\/p>\n<div class=\"pvc_clear\"><\/div>\n<p id=\"pvc_stats_2088\" class=\"pvc_stats all  \" data-element-id=\"2088\" style=\"\"><i class=\"pvc-stats-icon medium\" aria-hidden=\"true\"><svg aria-hidden=\"true\" focusable=\"false\" data-prefix=\"far\" data-icon=\"chart-bar\" role=\"img\" xmlns=\"http:\/\/www.w3.org\/2000\/svg\" viewBox=\"0 0 512 512\" class=\"svg-inline--fa fa-chart-bar fa-w-16 fa-2x\"><path fill=\"currentColor\" d=\"M396.8 352h22.4c6.4 0 12.8-6.4 12.8-12.8V108.8c0-6.4-6.4-12.8-12.8-12.8h-22.4c-6.4 0-12.8 6.4-12.8 12.8v230.4c0 6.4 6.4 12.8 12.8 12.8zm-192 0h22.4c6.4 0 12.8-6.4 12.8-12.8V140.8c0-6.4-6.4-12.8-12.8-12.8h-22.4c-6.4 0-12.8 6.4-12.8 12.8v198.4c0 6.4 6.4 12.8 12.8 12.8zm96 0h22.4c6.4 0 12.8-6.4 12.8-12.8V204.8c0-6.4-6.4-12.8-12.8-12.8h-22.4c-6.4 0-12.8 6.4-12.8 12.8v134.4c0 6.4 6.4 12.8 12.8 12.8zM496 400H48V80c0-8.84-7.16-16-16-16H16C7.16 64 0 71.16 0 80v336c0 17.67 14.33 32 32 32h464c8.84 0 16-7.16 16-16v-16c0-8.84-7.16-16-16-16zm-387.2-48h22.4c6.4 0 12.8-6.4 12.8-12.8v-70.4c0-6.4-6.4-12.8-12.8-12.8h-22.4c-6.4 0-12.8 6.4-12.8 12.8v70.4c0 6.4 6.4 12.8 12.8 12.8z\" class=\"\"><\/path><\/svg><\/i> <img loading=\"lazy\" decoding=\"async\" width=\"16\" height=\"16\" alt=\"Loading\" src=\"https:\/\/www.cubodeideas.com\/blog\/wp-content\/plugins\/page-views-count\/ajax-loader-2x.gif\" border=0 \/><\/p>\n<div class=\"pvc_clear\"><\/div>\n","protected":false},"excerpt":{"rendered":"<p>El punto 6.3 de la norma ISO 9001 establece la necesidad de una gesti\u00f3n adecuada para los cambios que puedan afectar al sistema de gesti\u00f3n de calidad (SGC). Los cambios son inevitables en cualquier empresa, ya sea por la implementaci\u00f3n de nuevas tecnolog\u00edas, mejoras en los procesos o cambios en la normativa. Para las pymes, [&hellip;]<\/p>\n<div class=\"pvc_clear\"><\/div>\n<p id=\"pvc_stats_2088\" class=\"pvc_stats all  \" data-element-id=\"2088\" style=\"\"><i class=\"pvc-stats-icon medium\" aria-hidden=\"true\"><svg aria-hidden=\"true\" focusable=\"false\" data-prefix=\"far\" data-icon=\"chart-bar\" role=\"img\" xmlns=\"http:\/\/www.w3.org\/2000\/svg\" viewBox=\"0 0 512 512\" class=\"svg-inline--fa fa-chart-bar fa-w-16 fa-2x\"><path fill=\"currentColor\" d=\"M396.8 352h22.4c6.4 0 12.8-6.4 12.8-12.8V108.8c0-6.4-6.4-12.8-12.8-12.8h-22.4c-6.4 0-12.8 6.4-12.8 12.8v230.4c0 6.4 6.4 12.8 12.8 12.8zm-192 0h22.4c6.4 0 12.8-6.4 12.8-12.8V140.8c0-6.4-6.4-12.8-12.8-12.8h-22.4c-6.4 0-12.8 6.4-12.8 12.8v198.4c0 6.4 6.4 12.8 12.8 12.8zm96 0h22.4c6.4 0 12.8-6.4 12.8-12.8V204.8c0-6.4-6.4-12.8-12.8-12.8h-22.4c-6.4 0-12.8 6.4-12.8 12.8v134.4c0 6.4 6.4 12.8 12.8 12.8zM496 400H48V80c0-8.84-7.16-16-16-16H16C7.16 64 0 71.16 0 80v336c0 17.67 14.33 32 32 32h464c8.84 0 16-7.16 16-16v-16c0-8.84-7.16-16-16-16zm-387.2-48h22.4c6.4 0 12.8-6.4 12.8-12.8v-70.4c0-6.4-6.4-12.8-12.8-12.8h-22.4c-6.4 0-12.8 6.4-12.8 12.8v70.4c0 6.4 6.4 12.8 12.8 12.8z\" class=\"\"><\/path><\/svg><\/i> <img loading=\"lazy\" decoding=\"async\" width=\"16\" height=\"16\" alt=\"Loading\" src=\"https:\/\/www.cubodeideas.com\/blog\/wp-content\/plugins\/page-views-count\/ajax-loader-2x.gif\" border=0 \/><\/p>\n<div class=\"pvc_clear\"><\/div>\n","protected":false},"author":1,"featured_media":2089,"comment_status":"open","ping_status":"closed","sticky":false,"template":"","format":"standard","meta":{"footnotes":"","jetpack_publicize_message":"","jetpack_publicize_feature_enabled":true,"jetpack_social_post_already_shared":false,"jetpack_social_options":{"image_generator_settings":{"template":"highway","default_image_id":0,"font":"","enabled":false},"version":2}},"categories":[14],"tags":[56,866,333,52,993],"class_list":["post-2088","post","type-post","status-publish","format-standard","has-post-thumbnail","hentry","category-calidad-total","tag-gestion-de-calidad","tag-gestion-de-cambios","tag-iso-9001","tag-mejora-continua","tag-punto-6-3"],"blocksy_meta":[],"yoast_head":"<!-- This site is optimized with the Yoast SEO plugin v27.0 - https:\/\/yoast.com\/product\/yoast-seo-wordpress\/ -->\n<title>Gesti\u00f3n de Cambios: Punto 6.3 de ISO 9001 -<\/title>\n<meta name=\"description\" content=\"Aprende c\u00f3mo gestionar los cambios de manera eficaz seg\u00fan el Punto 6.3 de ISO 9001. Planificar, implementar y monitorear los cambios.\" \/>\n<meta name=\"robots\" content=\"index, follow, max-snippet:-1, max-image-preview:large, max-video-preview:-1\" \/>\n<link rel=\"canonical\" href=\"https:\/\/www.cubodeideas.com\/blog\/calidad-total\/gestion-de-cambios-punto-6-3-de-iso-9001\/\" \/>\n<meta property=\"og:locale\" content=\"es_ES\" \/>\n<meta property=\"og:type\" content=\"article\" \/>\n<meta property=\"og:title\" content=\"Gesti\u00f3n de Cambios: Punto 6.3 de ISO 9001 -\" \/>\n<meta property=\"og:description\" content=\"Aprende c\u00f3mo gestionar los cambios de manera eficaz seg\u00fan el Punto 6.3 de ISO 9001. Planificar, implementar y monitorear los cambios.\" \/>\n<meta property=\"og:url\" content=\"https:\/\/www.cubodeideas.com\/blog\/calidad-total\/gestion-de-cambios-punto-6-3-de-iso-9001\/\" \/>\n<meta property=\"article:publisher\" content=\"https:\/\/www.facebook.com\/somoscubodeideas\" \/>\n<meta property=\"article:published_time\" content=\"2024-10-02T03:32:03+00:00\" \/>\n<meta property=\"og:image\" content=\"https:\/\/www.cubodeideas.com\/blog\/wp-content\/uploads\/2024\/10\/@erendiraricofinanzas50.png\" \/>\n\t<meta property=\"og:image:width\" content=\"1200\" \/>\n\t<meta property=\"og:image:height\" content=\"628\" \/>\n\t<meta property=\"og:image:type\" content=\"image\/png\" \/>\n<meta name=\"author\" content=\"Noel Castro\" \/>\n<meta name=\"twitter:card\" content=\"summary_large_image\" \/>\n<meta name=\"twitter:creator\" content=\"@cubo_ideas\" \/>\n<meta name=\"twitter:site\" content=\"@cubo_ideas\" \/>\n<meta name=\"twitter:label1\" content=\"Escrito por\" \/>\n\t<meta name=\"twitter:data1\" content=\"Noel Castro\" \/>\n\t<meta name=\"twitter:label2\" content=\"Tiempo de lectura\" \/>\n\t<meta name=\"twitter:data2\" content=\"4 minutos\" \/>\n<script type=\"application\/ld+json\" class=\"yoast-schema-graph\">{\"@context\":\"https:\/\/schema.org\",\"@graph\":[{\"@type\":\"Article\",\"@id\":\"https:\/\/www.cubodeideas.com\/blog\/calidad-total\/gestion-de-cambios-punto-6-3-de-iso-9001\/#article\",\"isPartOf\":{\"@id\":\"https:\/\/www.cubodeideas.com\/blog\/calidad-total\/gestion-de-cambios-punto-6-3-de-iso-9001\/\"},\"author\":{\"name\":\"Noel Castro\",\"@id\":\"https:\/\/www.cubodeideas.com\/blog\/#\/schema\/person\/5614e43eb76109017cff51a2c7928211\"},\"headline\":\"Gesti\u00f3n de Cambios: Punto 6.3 de ISO 9001\",\"datePublished\":\"2024-10-02T03:32:03+00:00\",\"mainEntityOfPage\":{\"@id\":\"https:\/\/www.cubodeideas.com\/blog\/calidad-total\/gestion-de-cambios-punto-6-3-de-iso-9001\/\"},\"wordCount\":799,\"commentCount\":0,\"publisher\":{\"@id\":\"https:\/\/www.cubodeideas.com\/blog\/#organization\"},\"image\":{\"@id\":\"https:\/\/www.cubodeideas.com\/blog\/calidad-total\/gestion-de-cambios-punto-6-3-de-iso-9001\/#primaryimage\"},\"thumbnailUrl\":\"https:\/\/www.cubodeideas.com\/blog\/wp-content\/uploads\/2024\/10\/@erendiraricofinanzas50.png\",\"keywords\":[\"Gesti\u00f3n de Calidad\",\"gesti\u00f3n de cambios\",\"ISO 9001\",\"Mejora Continua\",\"Punto 6.3\"],\"articleSection\":[\"Calidad Total\"],\"inLanguage\":\"es\",\"potentialAction\":[{\"@type\":\"CommentAction\",\"name\":\"Comment\",\"target\":[\"https:\/\/www.cubodeideas.com\/blog\/calidad-total\/gestion-de-cambios-punto-6-3-de-iso-9001\/#respond\"]}]},{\"@type\":\"WebPage\",\"@id\":\"https:\/\/www.cubodeideas.com\/blog\/calidad-total\/gestion-de-cambios-punto-6-3-de-iso-9001\/\",\"url\":\"https:\/\/www.cubodeideas.com\/blog\/calidad-total\/gestion-de-cambios-punto-6-3-de-iso-9001\/\",\"name\":\"Gesti\u00f3n de Cambios: Punto 6.3 de ISO 9001 -\",\"isPartOf\":{\"@id\":\"https:\/\/www.cubodeideas.com\/blog\/#website\"},\"primaryImageOfPage\":{\"@id\":\"https:\/\/www.cubodeideas.com\/blog\/calidad-total\/gestion-de-cambios-punto-6-3-de-iso-9001\/#primaryimage\"},\"image\":{\"@id\":\"https:\/\/www.cubodeideas.com\/blog\/calidad-total\/gestion-de-cambios-punto-6-3-de-iso-9001\/#primaryimage\"},\"thumbnailUrl\":\"https:\/\/www.cubodeideas.com\/blog\/wp-content\/uploads\/2024\/10\/@erendiraricofinanzas50.png\",\"datePublished\":\"2024-10-02T03:32:03+00:00\",\"description\":\"Aprende c\u00f3mo gestionar los cambios de manera eficaz seg\u00fan el Punto 6.3 de ISO 9001. Planificar, implementar y monitorear los cambios.\",\"breadcrumb\":{\"@id\":\"https:\/\/www.cubodeideas.com\/blog\/calidad-total\/gestion-de-cambios-punto-6-3-de-iso-9001\/#breadcrumb\"},\"inLanguage\":\"es\",\"potentialAction\":[{\"@type\":\"ReadAction\",\"target\":[\"https:\/\/www.cubodeideas.com\/blog\/calidad-total\/gestion-de-cambios-punto-6-3-de-iso-9001\/\"]}]},{\"@type\":\"ImageObject\",\"inLanguage\":\"es\",\"@id\":\"https:\/\/www.cubodeideas.com\/blog\/calidad-total\/gestion-de-cambios-punto-6-3-de-iso-9001\/#primaryimage\",\"url\":\"https:\/\/www.cubodeideas.com\/blog\/wp-content\/uploads\/2024\/10\/@erendiraricofinanzas50.png\",\"contentUrl\":\"https:\/\/www.cubodeideas.com\/blog\/wp-content\/uploads\/2024\/10\/@erendiraricofinanzas50.png\",\"width\":1200,\"height\":628,\"caption\":\"Gesti\u00f3n de cambios ISO 9001\"},{\"@type\":\"BreadcrumbList\",\"@id\":\"https:\/\/www.cubodeideas.com\/blog\/calidad-total\/gestion-de-cambios-punto-6-3-de-iso-9001\/#breadcrumb\",\"itemListElement\":[{\"@type\":\"ListItem\",\"position\":1,\"name\":\"Portada\",\"item\":\"https:\/\/www.cubodeideas.com\/blog\/\"},{\"@type\":\"ListItem\",\"position\":2,\"name\":\"Gesti\u00f3n de Cambios: Punto 6.3 de ISO 9001\"}]},{\"@type\":\"WebSite\",\"@id\":\"https:\/\/www.cubodeideas.com\/blog\/#website\",\"url\":\"https:\/\/www.cubodeideas.com\/blog\/\",\"name\":\"Cubo de Ideas\",\"description\":\"Cubo de Ideas, El Blog\",\"publisher\":{\"@id\":\"https:\/\/www.cubodeideas.com\/blog\/#organization\"},\"potentialAction\":[{\"@type\":\"SearchAction\",\"target\":{\"@type\":\"EntryPoint\",\"urlTemplate\":\"https:\/\/www.cubodeideas.com\/blog\/?s={search_term_string}\"},\"query-input\":{\"@type\":\"PropertyValueSpecification\",\"valueRequired\":true,\"valueName\":\"search_term_string\"}}],\"inLanguage\":\"es\"},{\"@type\":\"Organization\",\"@id\":\"https:\/\/www.cubodeideas.com\/blog\/#organization\",\"name\":\"Cubo de Ideas\",\"url\":\"https:\/\/www.cubodeideas.com\/blog\/\",\"logo\":{\"@type\":\"ImageObject\",\"inLanguage\":\"es\",\"@id\":\"https:\/\/www.cubodeideas.com\/blog\/#\/schema\/logo\/image\/\",\"url\":\"https:\/\/www.cubodeideas.com\/blog\/wp-content\/uploads\/2021\/10\/android-icon-72x72-1.png\",\"contentUrl\":\"https:\/\/www.cubodeideas.com\/blog\/wp-content\/uploads\/2021\/10\/android-icon-72x72-1.png\",\"width\":72,\"height\":72,\"caption\":\"Cubo de Ideas\"},\"image\":{\"@id\":\"https:\/\/www.cubodeideas.com\/blog\/#\/schema\/logo\/image\/\"},\"sameAs\":[\"https:\/\/www.facebook.com\/somoscubodeideas\",\"https:\/\/x.com\/cubo_ideas\",\"https:\/\/www.instagram.com\/cubodeideas\"]},{\"@type\":\"Person\",\"@id\":\"https:\/\/www.cubodeideas.com\/blog\/#\/schema\/person\/5614e43eb76109017cff51a2c7928211\",\"name\":\"Noel Castro\",\"description\":\"LEM Noel Castro Monta\u00f1o es CEO de Cubo de Ideas, Director de Operaciones para Citosa Textiles. Asesor de nuevos mercados y estrategias digitales para el segmento Retail. Especialista en marketing para autoservicios y puntos de venta. Especialista en sistemas de gesti\u00f3n de la calidad con enfoque a la ISO 9001:2015\",\"sameAs\":[\"https:\/\/www.cubodeideas.com\/blog\"],\"url\":\"https:\/\/www.cubodeideas.com\/blog\/author\/admin\/\"}]}<\/script>\n<!-- \/ Yoast SEO plugin. -->","yoast_head_json":{"title":"Gesti\u00f3n de Cambios: Punto 6.3 de ISO 9001 -","description":"Aprende c\u00f3mo gestionar los cambios de manera eficaz seg\u00fan el Punto 6.3 de ISO 9001. Planificar, implementar y monitorear los cambios.","robots":{"index":"index","follow":"follow","max-snippet":"max-snippet:-1","max-image-preview":"max-image-preview:large","max-video-preview":"max-video-preview:-1"},"canonical":"https:\/\/www.cubodeideas.com\/blog\/calidad-total\/gestion-de-cambios-punto-6-3-de-iso-9001\/","og_locale":"es_ES","og_type":"article","og_title":"Gesti\u00f3n de Cambios: Punto 6.3 de ISO 9001 -","og_description":"Aprende c\u00f3mo gestionar los cambios de manera eficaz seg\u00fan el Punto 6.3 de ISO 9001. Planificar, implementar y monitorear los cambios.","og_url":"https:\/\/www.cubodeideas.com\/blog\/calidad-total\/gestion-de-cambios-punto-6-3-de-iso-9001\/","article_publisher":"https:\/\/www.facebook.com\/somoscubodeideas","article_published_time":"2024-10-02T03:32:03+00:00","og_image":[{"width":1200,"height":628,"url":"https:\/\/www.cubodeideas.com\/blog\/wp-content\/uploads\/2024\/10\/@erendiraricofinanzas50.png","type":"image\/png"}],"author":"Noel Castro","twitter_card":"summary_large_image","twitter_creator":"@cubo_ideas","twitter_site":"@cubo_ideas","twitter_misc":{"Escrito por":"Noel Castro","Tiempo de lectura":"4 minutos"},"schema":{"@context":"https:\/\/schema.org","@graph":[{"@type":"Article","@id":"https:\/\/www.cubodeideas.com\/blog\/calidad-total\/gestion-de-cambios-punto-6-3-de-iso-9001\/#article","isPartOf":{"@id":"https:\/\/www.cubodeideas.com\/blog\/calidad-total\/gestion-de-cambios-punto-6-3-de-iso-9001\/"},"author":{"name":"Noel Castro","@id":"https:\/\/www.cubodeideas.com\/blog\/#\/schema\/person\/5614e43eb76109017cff51a2c7928211"},"headline":"Gesti\u00f3n de Cambios: Punto 6.3 de ISO 9001","datePublished":"2024-10-02T03:32:03+00:00","mainEntityOfPage":{"@id":"https:\/\/www.cubodeideas.com\/blog\/calidad-total\/gestion-de-cambios-punto-6-3-de-iso-9001\/"},"wordCount":799,"commentCount":0,"publisher":{"@id":"https:\/\/www.cubodeideas.com\/blog\/#organization"},"image":{"@id":"https:\/\/www.cubodeideas.com\/blog\/calidad-total\/gestion-de-cambios-punto-6-3-de-iso-9001\/#primaryimage"},"thumbnailUrl":"https:\/\/www.cubodeideas.com\/blog\/wp-content\/uploads\/2024\/10\/@erendiraricofinanzas50.png","keywords":["Gesti\u00f3n de Calidad","gesti\u00f3n de cambios","ISO 9001","Mejora Continua","Punto 6.3"],"articleSection":["Calidad Total"],"inLanguage":"es","potentialAction":[{"@type":"CommentAction","name":"Comment","target":["https:\/\/www.cubodeideas.com\/blog\/calidad-total\/gestion-de-cambios-punto-6-3-de-iso-9001\/#respond"]}]},{"@type":"WebPage","@id":"https:\/\/www.cubodeideas.com\/blog\/calidad-total\/gestion-de-cambios-punto-6-3-de-iso-9001\/","url":"https:\/\/www.cubodeideas.com\/blog\/calidad-total\/gestion-de-cambios-punto-6-3-de-iso-9001\/","name":"Gesti\u00f3n de Cambios: Punto 6.3 de ISO 9001 -","isPartOf":{"@id":"https:\/\/www.cubodeideas.com\/blog\/#website"},"primaryImageOfPage":{"@id":"https:\/\/www.cubodeideas.com\/blog\/calidad-total\/gestion-de-cambios-punto-6-3-de-iso-9001\/#primaryimage"},"image":{"@id":"https:\/\/www.cubodeideas.com\/blog\/calidad-total\/gestion-de-cambios-punto-6-3-de-iso-9001\/#primaryimage"},"thumbnailUrl":"https:\/\/www.cubodeideas.com\/blog\/wp-content\/uploads\/2024\/10\/@erendiraricofinanzas50.png","datePublished":"2024-10-02T03:32:03+00:00","description":"Aprende c\u00f3mo gestionar los cambios de manera eficaz seg\u00fan el Punto 6.3 de ISO 9001. Planificar, implementar y monitorear los cambios.","breadcrumb":{"@id":"https:\/\/www.cubodeideas.com\/blog\/calidad-total\/gestion-de-cambios-punto-6-3-de-iso-9001\/#breadcrumb"},"inLanguage":"es","potentialAction":[{"@type":"ReadAction","target":["https:\/\/www.cubodeideas.com\/blog\/calidad-total\/gestion-de-cambios-punto-6-3-de-iso-9001\/"]}]},{"@type":"ImageObject","inLanguage":"es","@id":"https:\/\/www.cubodeideas.com\/blog\/calidad-total\/gestion-de-cambios-punto-6-3-de-iso-9001\/#primaryimage","url":"https:\/\/www.cubodeideas.com\/blog\/wp-content\/uploads\/2024\/10\/@erendiraricofinanzas50.png","contentUrl":"https:\/\/www.cubodeideas.com\/blog\/wp-content\/uploads\/2024\/10\/@erendiraricofinanzas50.png","width":1200,"height":628,"caption":"Gesti\u00f3n de cambios ISO 9001"},{"@type":"BreadcrumbList","@id":"https:\/\/www.cubodeideas.com\/blog\/calidad-total\/gestion-de-cambios-punto-6-3-de-iso-9001\/#breadcrumb","itemListElement":[{"@type":"ListItem","position":1,"name":"Portada","item":"https:\/\/www.cubodeideas.com\/blog\/"},{"@type":"ListItem","position":2,"name":"Gesti\u00f3n de Cambios: Punto 6.3 de ISO 9001"}]},{"@type":"WebSite","@id":"https:\/\/www.cubodeideas.com\/blog\/#website","url":"https:\/\/www.cubodeideas.com\/blog\/","name":"Cubo de Ideas","description":"Cubo de Ideas, El Blog","publisher":{"@id":"https:\/\/www.cubodeideas.com\/blog\/#organization"},"potentialAction":[{"@type":"SearchAction","target":{"@type":"EntryPoint","urlTemplate":"https:\/\/www.cubodeideas.com\/blog\/?s={search_term_string}"},"query-input":{"@type":"PropertyValueSpecification","valueRequired":true,"valueName":"search_term_string"}}],"inLanguage":"es"},{"@type":"Organization","@id":"https:\/\/www.cubodeideas.com\/blog\/#organization","name":"Cubo de Ideas","url":"https:\/\/www.cubodeideas.com\/blog\/","logo":{"@type":"ImageObject","inLanguage":"es","@id":"https:\/\/www.cubodeideas.com\/blog\/#\/schema\/logo\/image\/","url":"https:\/\/www.cubodeideas.com\/blog\/wp-content\/uploads\/2021\/10\/android-icon-72x72-1.png","contentUrl":"https:\/\/www.cubodeideas.com\/blog\/wp-content\/uploads\/2021\/10\/android-icon-72x72-1.png","width":72,"height":72,"caption":"Cubo de Ideas"},"image":{"@id":"https:\/\/www.cubodeideas.com\/blog\/#\/schema\/logo\/image\/"},"sameAs":["https:\/\/www.facebook.com\/somoscubodeideas","https:\/\/x.com\/cubo_ideas","https:\/\/www.instagram.com\/cubodeideas"]},{"@type":"Person","@id":"https:\/\/www.cubodeideas.com\/blog\/#\/schema\/person\/5614e43eb76109017cff51a2c7928211","name":"Noel Castro","description":"LEM Noel Castro Monta\u00f1o es CEO de Cubo de Ideas, Director de Operaciones para Citosa Textiles. Asesor de nuevos mercados y estrategias digitales para el segmento Retail. Especialista en marketing para autoservicios y puntos de venta. Especialista en sistemas de gesti\u00f3n de la calidad con enfoque a la ISO 9001:2015","sameAs":["https:\/\/www.cubodeideas.com\/blog"],"url":"https:\/\/www.cubodeideas.com\/blog\/author\/admin\/"}]}},"jetpack_publicize_connections":[],"_links":{"self":[{"href":"https:\/\/www.cubodeideas.com\/blog\/wp-json\/wp\/v2\/posts\/2088","targetHints":{"allow":["GET"]}}],"collection":[{"href":"https:\/\/www.cubodeideas.com\/blog\/wp-json\/wp\/v2\/posts"}],"about":[{"href":"https:\/\/www.cubodeideas.com\/blog\/wp-json\/wp\/v2\/types\/post"}],"author":[{"embeddable":true,"href":"https:\/\/www.cubodeideas.com\/blog\/wp-json\/wp\/v2\/users\/1"}],"replies":[{"embeddable":true,"href":"https:\/\/www.cubodeideas.com\/blog\/wp-json\/wp\/v2\/comments?post=2088"}],"version-history":[{"count":1,"href":"https:\/\/www.cubodeideas.com\/blog\/wp-json\/wp\/v2\/posts\/2088\/revisions"}],"predecessor-version":[{"id":2090,"href":"https:\/\/www.cubodeideas.com\/blog\/wp-json\/wp\/v2\/posts\/2088\/revisions\/2090"}],"wp:featuredmedia":[{"embeddable":true,"href":"https:\/\/www.cubodeideas.com\/blog\/wp-json\/wp\/v2\/media\/2089"}],"wp:attachment":[{"href":"https:\/\/www.cubodeideas.com\/blog\/wp-json\/wp\/v2\/media?parent=2088"}],"wp:term":[{"taxonomy":"category","embeddable":true,"href":"https:\/\/www.cubodeideas.com\/blog\/wp-json\/wp\/v2\/categories?post=2088"},{"taxonomy":"post_tag","embeddable":true,"href":"https:\/\/www.cubodeideas.com\/blog\/wp-json\/wp\/v2\/tags?post=2088"}],"curies":[{"name":"wp","href":"https:\/\/api.w.org\/{rel}","templated":true}]}}