{"id":2050,"date":"2024-09-30T02:46:27","date_gmt":"2024-09-30T02:46:27","guid":{"rendered":"https:\/\/www.cubodeideas.com\/blog\/?p=2050"},"modified":"2024-09-30T02:46:27","modified_gmt":"2024-09-30T02:46:27","slug":"como-definir-una-politica-de-calidad-alineada-con-el-punto-5-2-de-iso-9001","status":"publish","type":"post","link":"https:\/\/www.cubodeideas.com\/blog\/calidad-total\/como-definir-una-politica-de-calidad-alineada-con-el-punto-5-2-de-iso-9001\/","title":{"rendered":"C\u00f3mo Definir una Pol\u00edtica de Calidad Alineada con el Punto 5.2 de ISO 9001"},"content":{"rendered":"<div class=\"flex max-w-full flex-col flex-grow\">\n<div class=\"min-h-8 text-message flex w-full flex-col items-end gap-2 whitespace-normal break-words [.text-message+&amp;]:mt-5\" dir=\"auto\" data-message-author-role=\"assistant\" data-message-id=\"8b477ac5-8fc6-4e32-afa2-3181bdffd8bf\">\n<div class=\"flex w-full flex-col gap-1 empty:hidden first:pt-[3px]\">\n<div class=\"markdown prose w-full break-words dark:prose-invert light\">\n<p>La <strong>pol\u00edtica de calidad<\/strong> es un pilar clave en cualquier <strong>sistema de gesti\u00f3n de calidad (SGC)<\/strong> y debe estar alineada con los principios del <strong>punto 5.2 de la norma ISO 9001<\/strong>. Esta pol\u00edtica act\u00faa como una gu\u00eda que define el compromiso de la organizaci\u00f3n hacia la calidad, enfoca los esfuerzos en cumplir con los requisitos del cliente, y promueve la mejora continua. Para las <strong>pymes<\/strong>, establecer una pol\u00edtica clara, relevante y comprensible es esencial para asegurar la consistencia y el cumplimiento con la norma.<\/p>\n<h2>Qu\u00e9 es la pol\u00edtica de calidad<\/h2>\n<p>La <strong>pol\u00edtica de calidad<\/strong> es una declaraci\u00f3n formal que establece los objetivos de calidad de la empresa y su compromiso con la satisfacci\u00f3n del cliente. Esta declaraci\u00f3n debe reflejar la visi\u00f3n y misi\u00f3n de la organizaci\u00f3n en t\u00e9rminos de calidad, y ser comunicada a todos los niveles de la empresa.<\/p>\n<p>Seg\u00fan el <strong>punto 5.2 de ISO 9001<\/strong>, la pol\u00edtica de calidad debe ser:<\/p>\n<ul>\n<li><strong>Apropiada al prop\u00f3sito de la organizaci\u00f3n.<\/strong><\/li>\n<li><strong>Incluir un compromiso de cumplir con los requisitos y mejorar continuamente.<\/strong><\/li>\n<li><strong>Estar disponible y ser comprendida por todo el personal.<\/strong><\/li>\n<li><strong>Revisada regularmente para asegurar su relevancia.<\/strong><\/li>\n<\/ul>\n<h3>C\u00f3mo crear una pol\u00edtica de calidad efectiva<\/h3>\n<ol>\n<li><strong>Alineaci\u00f3n con los objetivos estrat\u00e9gicos<\/strong> La pol\u00edtica de calidad debe estar alineada con los objetivos estrat\u00e9gicos generales de la empresa. Esto significa que debe estar en sinton\u00eda con la misi\u00f3n y la visi\u00f3n de la organizaci\u00f3n, y centrarse en los aspectos clave que aseguren el \u00e9xito en el cumplimiento de los <strong>requisitos del cliente<\/strong>.\n<p><strong>Ejemplo:<\/strong> Una pyme dedicada a la fabricaci\u00f3n de productos de consumo podr\u00eda tener un objetivo estrat\u00e9gico de aumentar la satisfacci\u00f3n del cliente. En este caso, la pol\u00edtica de calidad debe reflejar ese compromiso, estableciendo que todos los productos cumplir\u00e1n con las especificaciones del cliente de manera consistente.<\/li>\n<li><strong>Compromiso con la mejora continua<\/strong> El <strong>punto 5.2<\/strong> destaca la importancia de comprometerse con la <strong>mejora continua<\/strong>. Esto implica que la pol\u00edtica de calidad debe incluir expl\u00edcitamente un compromiso para revisar y mejorar los procesos de manera regular.\n<p><strong>Ejemplo:<\/strong> Una empresa de servicios de tecnolog\u00eda puede establecer en su pol\u00edtica de calidad que realizar\u00e1 revisiones trimestrales de los procesos internos para identificar oportunidades de mejora en la entrega de servicios.<\/li>\n<li><strong>Involucrar a todas las partes interesadas<\/strong> Es crucial que la pol\u00edtica de calidad no solo sea un documento formal, sino que est\u00e9 <strong>comprendida y aceptada<\/strong> por todos los niveles de la organizaci\u00f3n. Para las <strong>pymes<\/strong>, esto puede implicar capacitaciones regulares para el personal y una comunicaci\u00f3n clara de c\u00f3mo su trabajo contribuye al cumplimiento de los <strong>objetivos de calidad<\/strong>.\n<p><strong>Ejemplo:<\/strong> Una pyme que ofrece servicios de consultor\u00eda puede realizar sesiones de formaci\u00f3n peri\u00f3dicas para el personal, explicando c\u00f3mo la pol\u00edtica de calidad impacta su trabajo diario y la satisfacci\u00f3n de los clientes.<\/li>\n<\/ol>\n<h3>Comunicaci\u00f3n de la pol\u00edtica de calidad<\/h3>\n<p>La norma ISO 9001 requiere que la pol\u00edtica de calidad sea comunicada de manera eficaz a todos los niveles de la organizaci\u00f3n. Esto incluye hacerla accesible, asegurarse de que sea comprendida y que forme parte de la cultura organizacional.<\/p>\n<ol>\n<li><strong>Disponibilidad<\/strong> La pol\u00edtica de calidad debe estar disponible tanto para el personal interno como para las partes interesadas externas que lo requieran. Esto se puede lograr mediante su publicaci\u00f3n en \u00e1reas comunes, sitios internos de la empresa o en el manual de calidad.<\/li>\n<li><strong>Comprensi\u00f3n<\/strong> Asegurarse de que el personal entienda c\u00f3mo su trabajo diario est\u00e1 relacionado con la pol\u00edtica de calidad es esencial para que la pol\u00edtica tenga impacto. Esto se puede lograr a trav\u00e9s de reuniones regulares y capacitaciones espec\u00edficas.<\/li>\n<li><strong>Revisi\u00f3n peri\u00f3dica<\/strong> La pol\u00edtica de calidad no es un documento est\u00e1tico. Debe ser revisada peri\u00f3dicamente para asegurar que siga siendo relevante en funci\u00f3n de los cambios en los <strong>objetivos estrat\u00e9gicos<\/strong> de la organizaci\u00f3n, las expectativas de los clientes y el entorno de mercado.\n<p><strong>Ejemplo:<\/strong> Una empresa de fabricaci\u00f3n podr\u00eda revisar su pol\u00edtica de calidad anualmente para adaptarla a nuevas regulaciones o cambios en las expectativas de sus clientes.<\/li>\n<\/ol>\n<h3>Ejemplos de pol\u00edticas de calidad<\/h3>\n<ol>\n<li><strong>Pol\u00edtica de calidad para una pyme de manufactura<\/strong> \u00abEn [nombre de la empresa], estamos comprometidos con la fabricaci\u00f3n de productos de alta calidad que cumplan y excedan las expectativas de nuestros clientes. Nos esforzamos por mejorar continuamente nuestros procesos para asegurar la eficiencia y la satisfacci\u00f3n del cliente, cumpliendo con todos los requisitos legales y normativos aplicables.\u00bb<\/li>\n<li><strong>Pol\u00edtica de calidad para una pyme de servicios<\/strong> \u00abNuestro compromiso es ofrecer servicios que satisfagan completamente las necesidades de nuestros clientes, asegurando la mejora continua de nuestros procesos y manteniendo un enfoque en la eficiencia y la innovaci\u00f3n.\u00bb<\/li>\n<\/ol>\n<h3>C\u00f3mo evaluar la efectividad de la pol\u00edtica de calidad<\/h3>\n<p>Una vez establecida la pol\u00edtica de calidad, es importante evaluar su <strong>efectividad<\/strong>. Esto se puede lograr mediante auditor\u00edas internas, revisiones por la direcci\u00f3n y encuestas al personal para garantizar que la pol\u00edtica est\u00e1 siendo comprendida y aplicada correctamente.<\/p>\n<ol>\n<li><strong>Auditor\u00edas internas<\/strong> Las auditor\u00edas internas permiten verificar si la pol\u00edtica de calidad est\u00e1 siendo aplicada en todas las \u00e1reas de la organizaci\u00f3n y si est\u00e1 alineada con los procesos y objetivos de la empresa.<\/li>\n<li><strong>Revisi\u00f3n por la direcci\u00f3n<\/strong> La revisi\u00f3n peri\u00f3dica de la pol\u00edtica por parte de la direcci\u00f3n asegura que sigue siendo relevante y que est\u00e1 alineada con los cambios en la estrategia de la empresa o en el mercado.<\/li>\n<\/ol>\n<p>Definir una <strong>pol\u00edtica de calidad<\/strong> alineada con el <strong>punto 5.2 de la norma ISO 9001<\/strong> es esencial para garantizar que la organizaci\u00f3n se mantenga enfocada en la satisfacci\u00f3n del cliente y en la mejora continua. Para las <strong>pymes<\/strong>, esta pol\u00edtica debe ser clara, comprensible y revisada peri\u00f3dicamente para asegurar su efectividad y alineaci\u00f3n con los objetivos estrat\u00e9gicos.<\/p>\n<\/div>\n<\/div>\n<\/div>\n<\/div>\n<div class=\"mb-2 flex gap-3 empty:hidden -ml-2\">\n<div class=\"items-center justify-start rounded-xl p-1 z-10 -mt-1 bg-token-main-surface-primary md:absolute flex\">\n<div class=\"flex items-center\"><\/div>\n<\/div>\n<\/div>\n<div class=\"pvc_clear\"><\/div>\n<p id=\"pvc_stats_2050\" class=\"pvc_stats all  \" data-element-id=\"2050\" style=\"\"><i class=\"pvc-stats-icon medium\" aria-hidden=\"true\"><svg aria-hidden=\"true\" focusable=\"false\" data-prefix=\"far\" data-icon=\"chart-bar\" role=\"img\" xmlns=\"http:\/\/www.w3.org\/2000\/svg\" viewBox=\"0 0 512 512\" class=\"svg-inline--fa fa-chart-bar fa-w-16 fa-2x\"><path fill=\"currentColor\" d=\"M396.8 352h22.4c6.4 0 12.8-6.4 12.8-12.8V108.8c0-6.4-6.4-12.8-12.8-12.8h-22.4c-6.4 0-12.8 6.4-12.8 12.8v230.4c0 6.4 6.4 12.8 12.8 12.8zm-192 0h22.4c6.4 0 12.8-6.4 12.8-12.8V140.8c0-6.4-6.4-12.8-12.8-12.8h-22.4c-6.4 0-12.8 6.4-12.8 12.8v198.4c0 6.4 6.4 12.8 12.8 12.8zm96 0h22.4c6.4 0 12.8-6.4 12.8-12.8V204.8c0-6.4-6.4-12.8-12.8-12.8h-22.4c-6.4 0-12.8 6.4-12.8 12.8v134.4c0 6.4 6.4 12.8 12.8 12.8zM496 400H48V80c0-8.84-7.16-16-16-16H16C7.16 64 0 71.16 0 80v336c0 17.67 14.33 32 32 32h464c8.84 0 16-7.16 16-16v-16c0-8.84-7.16-16-16-16zm-387.2-48h22.4c6.4 0 12.8-6.4 12.8-12.8v-70.4c0-6.4-6.4-12.8-12.8-12.8h-22.4c-6.4 0-12.8 6.4-12.8 12.8v70.4c0 6.4 6.4 12.8 12.8 12.8z\" class=\"\"><\/path><\/svg><\/i> <img loading=\"lazy\" decoding=\"async\" width=\"16\" height=\"16\" alt=\"Loading\" src=\"https:\/\/www.cubodeideas.com\/blog\/wp-content\/plugins\/page-views-count\/ajax-loader-2x.gif\" border=0 \/><\/p>\n<div class=\"pvc_clear\"><\/div>\n","protected":false},"excerpt":{"rendered":"<p>La pol\u00edtica de calidad es un pilar clave en cualquier sistema de gesti\u00f3n de calidad (SGC) y debe estar alineada con los principios del punto 5.2 de la norma ISO 9001. Esta pol\u00edtica act\u00faa como una gu\u00eda que define el compromiso de la organizaci\u00f3n hacia la calidad, enfoca los esfuerzos en cumplir con los requisitos [&hellip;]<\/p>\n<div class=\"pvc_clear\"><\/div>\n<p id=\"pvc_stats_2050\" class=\"pvc_stats all  \" data-element-id=\"2050\" style=\"\"><i class=\"pvc-stats-icon medium\" aria-hidden=\"true\"><svg aria-hidden=\"true\" focusable=\"false\" data-prefix=\"far\" data-icon=\"chart-bar\" role=\"img\" xmlns=\"http:\/\/www.w3.org\/2000\/svg\" viewBox=\"0 0 512 512\" class=\"svg-inline--fa fa-chart-bar fa-w-16 fa-2x\"><path fill=\"currentColor\" d=\"M396.8 352h22.4c6.4 0 12.8-6.4 12.8-12.8V108.8c0-6.4-6.4-12.8-12.8-12.8h-22.4c-6.4 0-12.8 6.4-12.8 12.8v230.4c0 6.4 6.4 12.8 12.8 12.8zm-192 0h22.4c6.4 0 12.8-6.4 12.8-12.8V140.8c0-6.4-6.4-12.8-12.8-12.8h-22.4c-6.4 0-12.8 6.4-12.8 12.8v198.4c0 6.4 6.4 12.8 12.8 12.8zm96 0h22.4c6.4 0 12.8-6.4 12.8-12.8V204.8c0-6.4-6.4-12.8-12.8-12.8h-22.4c-6.4 0-12.8 6.4-12.8 12.8v134.4c0 6.4 6.4 12.8 12.8 12.8zM496 400H48V80c0-8.84-7.16-16-16-16H16C7.16 64 0 71.16 0 80v336c0 17.67 14.33 32 32 32h464c8.84 0 16-7.16 16-16v-16c0-8.84-7.16-16-16-16zm-387.2-48h22.4c6.4 0 12.8-6.4 12.8-12.8v-70.4c0-6.4-6.4-12.8-12.8-12.8h-22.4c-6.4 0-12.8 6.4-12.8 12.8v70.4c0 6.4 6.4 12.8 12.8 12.8z\" class=\"\"><\/path><\/svg><\/i> <img loading=\"lazy\" decoding=\"async\" width=\"16\" height=\"16\" alt=\"Loading\" src=\"https:\/\/www.cubodeideas.com\/blog\/wp-content\/plugins\/page-views-count\/ajax-loader-2x.gif\" border=0 \/><\/p>\n<div class=\"pvc_clear\"><\/div>\n","protected":false},"author":1,"featured_media":2051,"comment_status":"open","ping_status":"closed","sticky":false,"template":"","format":"standard","meta":{"footnotes":"","jetpack_publicize_message":"","jetpack_publicize_feature_enabled":true,"jetpack_social_post_already_shared":false,"jetpack_social_options":{"image_generator_settings":{"template":"highway","default_image_id":0,"font":"","enabled":false},"version":2}},"categories":[14],"tags":[56,333,52,968,969],"class_list":["post-2050","post","type-post","status-publish","format-standard","has-post-thumbnail","hentry","category-calidad-total","tag-gestion-de-calidad","tag-iso-9001","tag-mejora-continua","tag-politica-de-calidad","tag-punto-5-2"],"blocksy_meta":[],"yoast_head":"<!-- This site is optimized with the Yoast SEO plugin v27.0 - https:\/\/yoast.com\/product\/yoast-seo-wordpress\/ -->\n<title>C\u00f3mo Definir una Pol\u00edtica de Calidad Alineada con el Punto 5.2 de ISO 9001 -<\/title>\n<meta name=\"description\" content=\"Aprende a definir una pol\u00edtica de calidad eficaz y alineada con el Punto 5.2 de la norma ISO 9001. Mejora tu sistema de gesti\u00f3n de calidad y la satisfacci\u00f3n del cliente.\" \/>\n<meta name=\"robots\" content=\"index, follow, max-snippet:-1, max-image-preview:large, max-video-preview:-1\" \/>\n<link rel=\"canonical\" href=\"https:\/\/www.cubodeideas.com\/blog\/calidad-total\/como-definir-una-politica-de-calidad-alineada-con-el-punto-5-2-de-iso-9001\/\" \/>\n<meta property=\"og:locale\" content=\"es_ES\" \/>\n<meta property=\"og:type\" content=\"article\" \/>\n<meta property=\"og:title\" content=\"C\u00f3mo Definir una Pol\u00edtica de Calidad Alineada con el Punto 5.2 de ISO 9001 -\" \/>\n<meta property=\"og:description\" content=\"Aprende a definir una pol\u00edtica de calidad eficaz y alineada con el Punto 5.2 de la norma ISO 9001. Mejora tu sistema de gesti\u00f3n de calidad y la satisfacci\u00f3n del cliente.\" \/>\n<meta property=\"og:url\" content=\"https:\/\/www.cubodeideas.com\/blog\/calidad-total\/como-definir-una-politica-de-calidad-alineada-con-el-punto-5-2-de-iso-9001\/\" \/>\n<meta property=\"article:publisher\" content=\"https:\/\/www.facebook.com\/somoscubodeideas\" \/>\n<meta property=\"article:published_time\" content=\"2024-09-30T02:46:27+00:00\" \/>\n<meta property=\"og:image\" content=\"https:\/\/www.cubodeideas.com\/blog\/wp-content\/uploads\/2024\/09\/@erendiraricofinanzas38.png\" \/>\n\t<meta property=\"og:image:width\" content=\"1200\" \/>\n\t<meta property=\"og:image:height\" content=\"628\" \/>\n\t<meta property=\"og:image:type\" content=\"image\/png\" \/>\n<meta name=\"author\" content=\"Noel Castro\" \/>\n<meta name=\"twitter:card\" content=\"summary_large_image\" \/>\n<meta name=\"twitter:creator\" content=\"@cubo_ideas\" \/>\n<meta name=\"twitter:site\" content=\"@cubo_ideas\" \/>\n<meta name=\"twitter:label1\" content=\"Escrito por\" \/>\n\t<meta name=\"twitter:data1\" content=\"Noel Castro\" \/>\n\t<meta name=\"twitter:label2\" content=\"Tiempo de lectura\" \/>\n\t<meta name=\"twitter:data2\" content=\"5 minutos\" \/>\n<script type=\"application\/ld+json\" class=\"yoast-schema-graph\">{\"@context\":\"https:\/\/schema.org\",\"@graph\":[{\"@type\":\"Article\",\"@id\":\"https:\/\/www.cubodeideas.com\/blog\/calidad-total\/como-definir-una-politica-de-calidad-alineada-con-el-punto-5-2-de-iso-9001\/#article\",\"isPartOf\":{\"@id\":\"https:\/\/www.cubodeideas.com\/blog\/calidad-total\/como-definir-una-politica-de-calidad-alineada-con-el-punto-5-2-de-iso-9001\/\"},\"author\":{\"name\":\"Noel Castro\",\"@id\":\"https:\/\/www.cubodeideas.com\/blog\/#\/schema\/person\/5614e43eb76109017cff51a2c7928211\"},\"headline\":\"C\u00f3mo Definir una Pol\u00edtica de Calidad Alineada con el Punto 5.2 de ISO 9001\",\"datePublished\":\"2024-09-30T02:46:27+00:00\",\"mainEntityOfPage\":{\"@id\":\"https:\/\/www.cubodeideas.com\/blog\/calidad-total\/como-definir-una-politica-de-calidad-alineada-con-el-punto-5-2-de-iso-9001\/\"},\"wordCount\":1032,\"commentCount\":0,\"publisher\":{\"@id\":\"https:\/\/www.cubodeideas.com\/blog\/#organization\"},\"image\":{\"@id\":\"https:\/\/www.cubodeideas.com\/blog\/calidad-total\/como-definir-una-politica-de-calidad-alineada-con-el-punto-5-2-de-iso-9001\/#primaryimage\"},\"thumbnailUrl\":\"https:\/\/www.cubodeideas.com\/blog\/wp-content\/uploads\/2024\/09\/@erendiraricofinanzas38.png\",\"keywords\":[\"Gesti\u00f3n de Calidad\",\"ISO 9001\",\"Mejora Continua\",\"Pol\u00edtica de Calidad\",\"Punto 5.2\"],\"articleSection\":[\"Calidad Total\"],\"inLanguage\":\"es\",\"potentialAction\":[{\"@type\":\"CommentAction\",\"name\":\"Comment\",\"target\":[\"https:\/\/www.cubodeideas.com\/blog\/calidad-total\/como-definir-una-politica-de-calidad-alineada-con-el-punto-5-2-de-iso-9001\/#respond\"]}]},{\"@type\":\"WebPage\",\"@id\":\"https:\/\/www.cubodeideas.com\/blog\/calidad-total\/como-definir-una-politica-de-calidad-alineada-con-el-punto-5-2-de-iso-9001\/\",\"url\":\"https:\/\/www.cubodeideas.com\/blog\/calidad-total\/como-definir-una-politica-de-calidad-alineada-con-el-punto-5-2-de-iso-9001\/\",\"name\":\"C\u00f3mo Definir una Pol\u00edtica de Calidad Alineada con el Punto 5.2 de ISO 9001 -\",\"isPartOf\":{\"@id\":\"https:\/\/www.cubodeideas.com\/blog\/#website\"},\"primaryImageOfPage\":{\"@id\":\"https:\/\/www.cubodeideas.com\/blog\/calidad-total\/como-definir-una-politica-de-calidad-alineada-con-el-punto-5-2-de-iso-9001\/#primaryimage\"},\"image\":{\"@id\":\"https:\/\/www.cubodeideas.com\/blog\/calidad-total\/como-definir-una-politica-de-calidad-alineada-con-el-punto-5-2-de-iso-9001\/#primaryimage\"},\"thumbnailUrl\":\"https:\/\/www.cubodeideas.com\/blog\/wp-content\/uploads\/2024\/09\/@erendiraricofinanzas38.png\",\"datePublished\":\"2024-09-30T02:46:27+00:00\",\"description\":\"Aprende a definir una pol\u00edtica de calidad eficaz y alineada con el Punto 5.2 de la norma ISO 9001. Mejora tu sistema de gesti\u00f3n de calidad y la satisfacci\u00f3n del cliente.\",\"breadcrumb\":{\"@id\":\"https:\/\/www.cubodeideas.com\/blog\/calidad-total\/como-definir-una-politica-de-calidad-alineada-con-el-punto-5-2-de-iso-9001\/#breadcrumb\"},\"inLanguage\":\"es\",\"potentialAction\":[{\"@type\":\"ReadAction\",\"target\":[\"https:\/\/www.cubodeideas.com\/blog\/calidad-total\/como-definir-una-politica-de-calidad-alineada-con-el-punto-5-2-de-iso-9001\/\"]}]},{\"@type\":\"ImageObject\",\"inLanguage\":\"es\",\"@id\":\"https:\/\/www.cubodeideas.com\/blog\/calidad-total\/como-definir-una-politica-de-calidad-alineada-con-el-punto-5-2-de-iso-9001\/#primaryimage\",\"url\":\"https:\/\/www.cubodeideas.com\/blog\/wp-content\/uploads\/2024\/09\/@erendiraricofinanzas38.png\",\"contentUrl\":\"https:\/\/www.cubodeideas.com\/blog\/wp-content\/uploads\/2024\/09\/@erendiraricofinanzas38.png\",\"width\":1200,\"height\":628,\"caption\":\"C\u00f3mo definir una pol\u00edtica de calidad\"},{\"@type\":\"BreadcrumbList\",\"@id\":\"https:\/\/www.cubodeideas.com\/blog\/calidad-total\/como-definir-una-politica-de-calidad-alineada-con-el-punto-5-2-de-iso-9001\/#breadcrumb\",\"itemListElement\":[{\"@type\":\"ListItem\",\"position\":1,\"name\":\"Portada\",\"item\":\"https:\/\/www.cubodeideas.com\/blog\/\"},{\"@type\":\"ListItem\",\"position\":2,\"name\":\"C\u00f3mo Definir una Pol\u00edtica de Calidad Alineada con el Punto 5.2 de ISO 9001\"}]},{\"@type\":\"WebSite\",\"@id\":\"https:\/\/www.cubodeideas.com\/blog\/#website\",\"url\":\"https:\/\/www.cubodeideas.com\/blog\/\",\"name\":\"Cubo de Ideas\",\"description\":\"Cubo de Ideas, El Blog\",\"publisher\":{\"@id\":\"https:\/\/www.cubodeideas.com\/blog\/#organization\"},\"potentialAction\":[{\"@type\":\"SearchAction\",\"target\":{\"@type\":\"EntryPoint\",\"urlTemplate\":\"https:\/\/www.cubodeideas.com\/blog\/?s={search_term_string}\"},\"query-input\":{\"@type\":\"PropertyValueSpecification\",\"valueRequired\":true,\"valueName\":\"search_term_string\"}}],\"inLanguage\":\"es\"},{\"@type\":\"Organization\",\"@id\":\"https:\/\/www.cubodeideas.com\/blog\/#organization\",\"name\":\"Cubo de Ideas\",\"url\":\"https:\/\/www.cubodeideas.com\/blog\/\",\"logo\":{\"@type\":\"ImageObject\",\"inLanguage\":\"es\",\"@id\":\"https:\/\/www.cubodeideas.com\/blog\/#\/schema\/logo\/image\/\",\"url\":\"https:\/\/www.cubodeideas.com\/blog\/wp-content\/uploads\/2021\/10\/android-icon-72x72-1.png\",\"contentUrl\":\"https:\/\/www.cubodeideas.com\/blog\/wp-content\/uploads\/2021\/10\/android-icon-72x72-1.png\",\"width\":72,\"height\":72,\"caption\":\"Cubo de Ideas\"},\"image\":{\"@id\":\"https:\/\/www.cubodeideas.com\/blog\/#\/schema\/logo\/image\/\"},\"sameAs\":[\"https:\/\/www.facebook.com\/somoscubodeideas\",\"https:\/\/x.com\/cubo_ideas\",\"https:\/\/www.instagram.com\/cubodeideas\"]},{\"@type\":\"Person\",\"@id\":\"https:\/\/www.cubodeideas.com\/blog\/#\/schema\/person\/5614e43eb76109017cff51a2c7928211\",\"name\":\"Noel Castro\",\"description\":\"LEM Noel Castro Monta\u00f1o es CEO de Cubo de Ideas, Director de Operaciones para Citosa Textiles. Asesor de nuevos mercados y estrategias digitales para el segmento Retail. Especialista en marketing para autoservicios y puntos de venta. Especialista en sistemas de gesti\u00f3n de la calidad con enfoque a la ISO 9001:2015\",\"sameAs\":[\"https:\/\/www.cubodeideas.com\/blog\"],\"url\":\"https:\/\/www.cubodeideas.com\/blog\/author\/admin\/\"}]}<\/script>\n<!-- \/ Yoast SEO plugin. -->","yoast_head_json":{"title":"C\u00f3mo Definir una Pol\u00edtica de Calidad Alineada con el Punto 5.2 de ISO 9001 -","description":"Aprende a definir una pol\u00edtica de calidad eficaz y alineada con el Punto 5.2 de la norma ISO 9001. Mejora tu sistema de gesti\u00f3n de calidad y la satisfacci\u00f3n del cliente.","robots":{"index":"index","follow":"follow","max-snippet":"max-snippet:-1","max-image-preview":"max-image-preview:large","max-video-preview":"max-video-preview:-1"},"canonical":"https:\/\/www.cubodeideas.com\/blog\/calidad-total\/como-definir-una-politica-de-calidad-alineada-con-el-punto-5-2-de-iso-9001\/","og_locale":"es_ES","og_type":"article","og_title":"C\u00f3mo Definir una Pol\u00edtica de Calidad Alineada con el Punto 5.2 de ISO 9001 -","og_description":"Aprende a definir una pol\u00edtica de calidad eficaz y alineada con el Punto 5.2 de la norma ISO 9001. Mejora tu sistema de gesti\u00f3n de calidad y la satisfacci\u00f3n del cliente.","og_url":"https:\/\/www.cubodeideas.com\/blog\/calidad-total\/como-definir-una-politica-de-calidad-alineada-con-el-punto-5-2-de-iso-9001\/","article_publisher":"https:\/\/www.facebook.com\/somoscubodeideas","article_published_time":"2024-09-30T02:46:27+00:00","og_image":[{"width":1200,"height":628,"url":"https:\/\/www.cubodeideas.com\/blog\/wp-content\/uploads\/2024\/09\/@erendiraricofinanzas38.png","type":"image\/png"}],"author":"Noel Castro","twitter_card":"summary_large_image","twitter_creator":"@cubo_ideas","twitter_site":"@cubo_ideas","twitter_misc":{"Escrito por":"Noel Castro","Tiempo de lectura":"5 minutos"},"schema":{"@context":"https:\/\/schema.org","@graph":[{"@type":"Article","@id":"https:\/\/www.cubodeideas.com\/blog\/calidad-total\/como-definir-una-politica-de-calidad-alineada-con-el-punto-5-2-de-iso-9001\/#article","isPartOf":{"@id":"https:\/\/www.cubodeideas.com\/blog\/calidad-total\/como-definir-una-politica-de-calidad-alineada-con-el-punto-5-2-de-iso-9001\/"},"author":{"name":"Noel Castro","@id":"https:\/\/www.cubodeideas.com\/blog\/#\/schema\/person\/5614e43eb76109017cff51a2c7928211"},"headline":"C\u00f3mo Definir una Pol\u00edtica de Calidad Alineada con el Punto 5.2 de ISO 9001","datePublished":"2024-09-30T02:46:27+00:00","mainEntityOfPage":{"@id":"https:\/\/www.cubodeideas.com\/blog\/calidad-total\/como-definir-una-politica-de-calidad-alineada-con-el-punto-5-2-de-iso-9001\/"},"wordCount":1032,"commentCount":0,"publisher":{"@id":"https:\/\/www.cubodeideas.com\/blog\/#organization"},"image":{"@id":"https:\/\/www.cubodeideas.com\/blog\/calidad-total\/como-definir-una-politica-de-calidad-alineada-con-el-punto-5-2-de-iso-9001\/#primaryimage"},"thumbnailUrl":"https:\/\/www.cubodeideas.com\/blog\/wp-content\/uploads\/2024\/09\/@erendiraricofinanzas38.png","keywords":["Gesti\u00f3n de Calidad","ISO 9001","Mejora Continua","Pol\u00edtica de Calidad","Punto 5.2"],"articleSection":["Calidad Total"],"inLanguage":"es","potentialAction":[{"@type":"CommentAction","name":"Comment","target":["https:\/\/www.cubodeideas.com\/blog\/calidad-total\/como-definir-una-politica-de-calidad-alineada-con-el-punto-5-2-de-iso-9001\/#respond"]}]},{"@type":"WebPage","@id":"https:\/\/www.cubodeideas.com\/blog\/calidad-total\/como-definir-una-politica-de-calidad-alineada-con-el-punto-5-2-de-iso-9001\/","url":"https:\/\/www.cubodeideas.com\/blog\/calidad-total\/como-definir-una-politica-de-calidad-alineada-con-el-punto-5-2-de-iso-9001\/","name":"C\u00f3mo Definir una Pol\u00edtica de Calidad Alineada con el Punto 5.2 de ISO 9001 -","isPartOf":{"@id":"https:\/\/www.cubodeideas.com\/blog\/#website"},"primaryImageOfPage":{"@id":"https:\/\/www.cubodeideas.com\/blog\/calidad-total\/como-definir-una-politica-de-calidad-alineada-con-el-punto-5-2-de-iso-9001\/#primaryimage"},"image":{"@id":"https:\/\/www.cubodeideas.com\/blog\/calidad-total\/como-definir-una-politica-de-calidad-alineada-con-el-punto-5-2-de-iso-9001\/#primaryimage"},"thumbnailUrl":"https:\/\/www.cubodeideas.com\/blog\/wp-content\/uploads\/2024\/09\/@erendiraricofinanzas38.png","datePublished":"2024-09-30T02:46:27+00:00","description":"Aprende a definir una pol\u00edtica de calidad eficaz y alineada con el Punto 5.2 de la norma ISO 9001. Mejora tu sistema de gesti\u00f3n de calidad y la satisfacci\u00f3n del cliente.","breadcrumb":{"@id":"https:\/\/www.cubodeideas.com\/blog\/calidad-total\/como-definir-una-politica-de-calidad-alineada-con-el-punto-5-2-de-iso-9001\/#breadcrumb"},"inLanguage":"es","potentialAction":[{"@type":"ReadAction","target":["https:\/\/www.cubodeideas.com\/blog\/calidad-total\/como-definir-una-politica-de-calidad-alineada-con-el-punto-5-2-de-iso-9001\/"]}]},{"@type":"ImageObject","inLanguage":"es","@id":"https:\/\/www.cubodeideas.com\/blog\/calidad-total\/como-definir-una-politica-de-calidad-alineada-con-el-punto-5-2-de-iso-9001\/#primaryimage","url":"https:\/\/www.cubodeideas.com\/blog\/wp-content\/uploads\/2024\/09\/@erendiraricofinanzas38.png","contentUrl":"https:\/\/www.cubodeideas.com\/blog\/wp-content\/uploads\/2024\/09\/@erendiraricofinanzas38.png","width":1200,"height":628,"caption":"C\u00f3mo definir una pol\u00edtica de calidad"},{"@type":"BreadcrumbList","@id":"https:\/\/www.cubodeideas.com\/blog\/calidad-total\/como-definir-una-politica-de-calidad-alineada-con-el-punto-5-2-de-iso-9001\/#breadcrumb","itemListElement":[{"@type":"ListItem","position":1,"name":"Portada","item":"https:\/\/www.cubodeideas.com\/blog\/"},{"@type":"ListItem","position":2,"name":"C\u00f3mo Definir una Pol\u00edtica de Calidad Alineada con el Punto 5.2 de ISO 9001"}]},{"@type":"WebSite","@id":"https:\/\/www.cubodeideas.com\/blog\/#website","url":"https:\/\/www.cubodeideas.com\/blog\/","name":"Cubo de Ideas","description":"Cubo de Ideas, El Blog","publisher":{"@id":"https:\/\/www.cubodeideas.com\/blog\/#organization"},"potentialAction":[{"@type":"SearchAction","target":{"@type":"EntryPoint","urlTemplate":"https:\/\/www.cubodeideas.com\/blog\/?s={search_term_string}"},"query-input":{"@type":"PropertyValueSpecification","valueRequired":true,"valueName":"search_term_string"}}],"inLanguage":"es"},{"@type":"Organization","@id":"https:\/\/www.cubodeideas.com\/blog\/#organization","name":"Cubo de Ideas","url":"https:\/\/www.cubodeideas.com\/blog\/","logo":{"@type":"ImageObject","inLanguage":"es","@id":"https:\/\/www.cubodeideas.com\/blog\/#\/schema\/logo\/image\/","url":"https:\/\/www.cubodeideas.com\/blog\/wp-content\/uploads\/2021\/10\/android-icon-72x72-1.png","contentUrl":"https:\/\/www.cubodeideas.com\/blog\/wp-content\/uploads\/2021\/10\/android-icon-72x72-1.png","width":72,"height":72,"caption":"Cubo de Ideas"},"image":{"@id":"https:\/\/www.cubodeideas.com\/blog\/#\/schema\/logo\/image\/"},"sameAs":["https:\/\/www.facebook.com\/somoscubodeideas","https:\/\/x.com\/cubo_ideas","https:\/\/www.instagram.com\/cubodeideas"]},{"@type":"Person","@id":"https:\/\/www.cubodeideas.com\/blog\/#\/schema\/person\/5614e43eb76109017cff51a2c7928211","name":"Noel Castro","description":"LEM Noel Castro Monta\u00f1o es CEO de Cubo de Ideas, Director de Operaciones para Citosa Textiles. Asesor de nuevos mercados y estrategias digitales para el segmento Retail. Especialista en marketing para autoservicios y puntos de venta. Especialista en sistemas de gesti\u00f3n de la calidad con enfoque a la ISO 9001:2015","sameAs":["https:\/\/www.cubodeideas.com\/blog"],"url":"https:\/\/www.cubodeideas.com\/blog\/author\/admin\/"}]}},"jetpack_publicize_connections":[],"_links":{"self":[{"href":"https:\/\/www.cubodeideas.com\/blog\/wp-json\/wp\/v2\/posts\/2050","targetHints":{"allow":["GET"]}}],"collection":[{"href":"https:\/\/www.cubodeideas.com\/blog\/wp-json\/wp\/v2\/posts"}],"about":[{"href":"https:\/\/www.cubodeideas.com\/blog\/wp-json\/wp\/v2\/types\/post"}],"author":[{"embeddable":true,"href":"https:\/\/www.cubodeideas.com\/blog\/wp-json\/wp\/v2\/users\/1"}],"replies":[{"embeddable":true,"href":"https:\/\/www.cubodeideas.com\/blog\/wp-json\/wp\/v2\/comments?post=2050"}],"version-history":[{"count":1,"href":"https:\/\/www.cubodeideas.com\/blog\/wp-json\/wp\/v2\/posts\/2050\/revisions"}],"predecessor-version":[{"id":2052,"href":"https:\/\/www.cubodeideas.com\/blog\/wp-json\/wp\/v2\/posts\/2050\/revisions\/2052"}],"wp:featuredmedia":[{"embeddable":true,"href":"https:\/\/www.cubodeideas.com\/blog\/wp-json\/wp\/v2\/media\/2051"}],"wp:attachment":[{"href":"https:\/\/www.cubodeideas.com\/blog\/wp-json\/wp\/v2\/media?parent=2050"}],"wp:term":[{"taxonomy":"category","embeddable":true,"href":"https:\/\/www.cubodeideas.com\/blog\/wp-json\/wp\/v2\/categories?post=2050"},{"taxonomy":"post_tag","embeddable":true,"href":"https:\/\/www.cubodeideas.com\/blog\/wp-json\/wp\/v2\/tags?post=2050"}],"curies":[{"name":"wp","href":"https:\/\/api.w.org\/{rel}","templated":true}]}}