{"id":1901,"date":"2024-08-21T03:32:50","date_gmt":"2024-08-21T03:32:50","guid":{"rendered":"https:\/\/www.cubodeideas.com\/blog\/?p=1901"},"modified":"2024-08-21T03:32:50","modified_gmt":"2024-08-21T03:32:50","slug":"capacitacion-continua-en-pymes","status":"publish","type":"post","link":"https:\/\/www.cubodeideas.com\/blog\/calidad-total\/capacitacion-continua-en-pymes\/","title":{"rendered":"Capacitaci\u00f3n Continua en PYMES"},"content":{"rendered":"<p>La <strong>capacitaci\u00f3n continua<\/strong> de los equipos en principios de calidad y eficiencia es crucial para el desarrollo y mantenimiento de una cultura de mejora continua en las peque\u00f1as y medianas empresas (PYMES). Este enfoque no solo incrementa la competencia y la eficiencia del equipo, sino que tambi\u00e9n contribuye significativamente al crecimiento sostenible de la empresa. En este art\u00edculo, exploraremos c\u00f3mo y por qu\u00e9 las PYMES deber\u00edan invertir en la formaci\u00f3n continua de sus empleados y c\u00f3mo esto puede resultar en una mejora continua de procesos y servicios.<\/p>\n<h4>\u00bfPor Qu\u00e9 la Capacitaci\u00f3n Continua es Fundamental para las PYMES?<\/h4>\n<p>El entorno empresarial moderno es din\u00e1mico y constantemente desafiante, con cambios r\u00e1pidos en tecnolog\u00eda, procesos y expectativas del cliente. Para las PYMES, adaptarse a estos cambios y mantener la competitividad requiere no solo flexibilidad sino tambi\u00e9n un compromiso con la educaci\u00f3n continua. Al invertir en <strong>capacitaci\u00f3n continua<\/strong>, las PYMES pueden:<\/p>\n<ul>\n<li><strong>Mejorar la Calidad y la Eficiencia:<\/strong> Capacitar al personal en las \u00faltimas t\u00e9cnicas y tecnolog\u00edas puede conducir a mejoras significativas en la calidad y la eficiencia de los procesos.<\/li>\n<li><strong>Fomentar la Innovaci\u00f3n:<\/strong> Un equipo bien formado es m\u00e1s capaz de pensar cr\u00edticamente y de innovar, dos cualidades esenciales para el crecimiento y la mejora continua.<\/li>\n<li><strong>Aumentar la Satisfacci\u00f3n y Retenci\u00f3n del Empleado:<\/strong> Los empleados que reciben capacitaci\u00f3n continua suelen estar m\u00e1s satisfechos con su trabajo, lo que puede reducir la rotaci\u00f3n y aumentar la lealtad hacia la empresa.<\/li>\n<li><strong>Adaptarse Mejor a los Cambios:<\/strong> Equipos capacitados pueden adaptarse m\u00e1s r\u00e1pidamente a los cambios en el mercado o dentro de la propia empresa, asegurando una transici\u00f3n suave y manteniendo la continuidad del negocio.<\/li>\n<\/ul>\n<h4>Estrategias para Implementar Capacitaci\u00f3n Continua<\/h4>\n<h5>1. <strong>Identificar Necesidades de Capacitaci\u00f3n<\/strong><\/h5>\n<p>Antes de implementar programas de capacitaci\u00f3n, es crucial identificar las necesidades espec\u00edficas de capacitaci\u00f3n de la empresa y del personal. Esto puede lograrse mediante:<\/p>\n<ul>\n<li><strong>Evaluaciones de Desempe\u00f1o:<\/strong> Utiliza evaluaciones regulares para identificar \u00e1reas donde los empleados podr\u00edan mejorar.<\/li>\n<li><strong>Feedback de Empleados:<\/strong> Escucha a tus empleados sobre qu\u00e9 habilidades desean desarrollar o qu\u00e9 \u00e1reas de su trabajo encuentran desafiantes.<\/li>\n<\/ul>\n<h5>2. <strong>Desarrollar un Plan de Capacitaci\u00f3n<\/strong><\/h5>\n<p>Con base en las necesidades identificadas, desarrolla un plan de capacitaci\u00f3n que aborde tanto las necesidades individuales de los empleados como los objetivos estrat\u00e9gicos de la empresa. Este plan podr\u00eda incluir:<\/p>\n<ul>\n<li><strong>Capacitaci\u00f3n Interna y Externa:<\/strong> Combina capacitaciones internas, conducidas por empleados experimentados, con programas externos ofrecidos por profesionales o instituciones especializadas.<\/li>\n<li><strong>Capacitaci\u00f3n en el Trabajo:<\/strong> Implementa programas de mentor\u00eda y aprendizaje en el trabajo que permitan a los empleados aprender de manera pr\u00e1ctica.<\/li>\n<\/ul>\n<h5>3. <strong>Utilizar Tecnolog\u00eda y Recursos en L\u00ednea<\/strong><\/h5>\n<p>Aprovecha las tecnolog\u00edas de aprendizaje en l\u00ednea para hacer la capacitaci\u00f3n m\u00e1s accesible y menos disruptiva para el flujo de trabajo diario. Plataformas como Coursera, Udemy o LinkedIn Learning ofrecen cursos en una variedad de temas relevantes para las PYMES.<\/p>\n<h5>4. <strong>Evaluar y Ajustar el Programa de Capacitaci\u00f3n<\/strong><\/h5>\n<p>La capacitaci\u00f3n continua debe ser un proceso din\u00e1mico. Regularmente eval\u00faa la eficacia de los programas de capacitaci\u00f3n y haz ajustes seg\u00fan sea necesario. Esto puede incluir:<\/p>\n<ul>\n<li><strong>Encuestas de Satisfacci\u00f3n:<\/strong> Despu\u00e9s de cada sesi\u00f3n de capacitaci\u00f3n, recoge feedback para entender qu\u00e9 est\u00e1 funcionando y qu\u00e9 no.<\/li>\n<li><strong>Revisi\u00f3n de KPIs:<\/strong> Monitorea los indicadores de rendimiento que puedan reflejar el impacto de la capacitaci\u00f3n en el desempe\u00f1o del trabajo.<\/li>\n<\/ul>\n<h4>Conclusiones<\/h4>\n<p>La <strong>capacitaci\u00f3n continua<\/strong> es una inversi\u00f3n en el futuro de tu PYME. Al mantener a tu equipo al d\u00eda con las \u00faltimas tendencias, tecnolog\u00edas y metodolog\u00edas, no solo est\u00e1s mejorando la eficiencia y la productividad, sino que tambi\u00e9n est\u00e1s cultivando un ambiente de trabajo proactivo y dedicado a la excelencia. En un mundo empresarial que nunca se detiene, la capacidad de tu equipo para continuar aprendiendo y adapt\u00e1ndose es m\u00e1s que una ventaja; es una necesidad.<\/p>\n<div class=\"pvc_clear\"><\/div>\n<p id=\"pvc_stats_1901\" class=\"pvc_stats all  \" data-element-id=\"1901\" style=\"\"><i class=\"pvc-stats-icon medium\" aria-hidden=\"true\"><svg aria-hidden=\"true\" focusable=\"false\" data-prefix=\"far\" data-icon=\"chart-bar\" role=\"img\" xmlns=\"http:\/\/www.w3.org\/2000\/svg\" viewBox=\"0 0 512 512\" class=\"svg-inline--fa fa-chart-bar fa-w-16 fa-2x\"><path fill=\"currentColor\" d=\"M396.8 352h22.4c6.4 0 12.8-6.4 12.8-12.8V108.8c0-6.4-6.4-12.8-12.8-12.8h-22.4c-6.4 0-12.8 6.4-12.8 12.8v230.4c0 6.4 6.4 12.8 12.8 12.8zm-192 0h22.4c6.4 0 12.8-6.4 12.8-12.8V140.8c0-6.4-6.4-12.8-12.8-12.8h-22.4c-6.4 0-12.8 6.4-12.8 12.8v198.4c0 6.4 6.4 12.8 12.8 12.8zm96 0h22.4c6.4 0 12.8-6.4 12.8-12.8V204.8c0-6.4-6.4-12.8-12.8-12.8h-22.4c-6.4 0-12.8 6.4-12.8 12.8v134.4c0 6.4 6.4 12.8 12.8 12.8zM496 400H48V80c0-8.84-7.16-16-16-16H16C7.16 64 0 71.16 0 80v336c0 17.67 14.33 32 32 32h464c8.84 0 16-7.16 16-16v-16c0-8.84-7.16-16-16-16zm-387.2-48h22.4c6.4 0 12.8-6.4 12.8-12.8v-70.4c0-6.4-6.4-12.8-12.8-12.8h-22.4c-6.4 0-12.8 6.4-12.8 12.8v70.4c0 6.4 6.4 12.8 12.8 12.8z\" class=\"\"><\/path><\/svg><\/i> <img loading=\"lazy\" decoding=\"async\" width=\"16\" height=\"16\" alt=\"Loading\" src=\"https:\/\/www.cubodeideas.com\/blog\/wp-content\/plugins\/page-views-count\/ajax-loader-2x.gif\" border=0 \/><\/p>\n<div class=\"pvc_clear\"><\/div>\n","protected":false},"excerpt":{"rendered":"<p>La capacitaci\u00f3n continua de los equipos en principios de calidad y eficiencia es crucial para el desarrollo y mantenimiento de una cultura de mejora continua en las peque\u00f1as y medianas empresas (PYMES). Este enfoque no solo incrementa la competencia y la eficiencia del equipo, sino que tambi\u00e9n contribuye significativamente al crecimiento sostenible de la empresa. [&hellip;]<\/p>\n<div class=\"pvc_clear\"><\/div>\n<p id=\"pvc_stats_1901\" class=\"pvc_stats all  \" data-element-id=\"1901\" style=\"\"><i class=\"pvc-stats-icon medium\" aria-hidden=\"true\"><svg aria-hidden=\"true\" focusable=\"false\" data-prefix=\"far\" data-icon=\"chart-bar\" role=\"img\" xmlns=\"http:\/\/www.w3.org\/2000\/svg\" viewBox=\"0 0 512 512\" class=\"svg-inline--fa fa-chart-bar fa-w-16 fa-2x\"><path fill=\"currentColor\" d=\"M396.8 352h22.4c6.4 0 12.8-6.4 12.8-12.8V108.8c0-6.4-6.4-12.8-12.8-12.8h-22.4c-6.4 0-12.8 6.4-12.8 12.8v230.4c0 6.4 6.4 12.8 12.8 12.8zm-192 0h22.4c6.4 0 12.8-6.4 12.8-12.8V140.8c0-6.4-6.4-12.8-12.8-12.8h-22.4c-6.4 0-12.8 6.4-12.8 12.8v198.4c0 6.4 6.4 12.8 12.8 12.8zm96 0h22.4c6.4 0 12.8-6.4 12.8-12.8V204.8c0-6.4-6.4-12.8-12.8-12.8h-22.4c-6.4 0-12.8 6.4-12.8 12.8v134.4c0 6.4 6.4 12.8 12.8 12.8zM496 400H48V80c0-8.84-7.16-16-16-16H16C7.16 64 0 71.16 0 80v336c0 17.67 14.33 32 32 32h464c8.84 0 16-7.16 16-16v-16c0-8.84-7.16-16-16-16zm-387.2-48h22.4c6.4 0 12.8-6.4 12.8-12.8v-70.4c0-6.4-6.4-12.8-12.8-12.8h-22.4c-6.4 0-12.8 6.4-12.8 12.8v70.4c0 6.4 6.4 12.8 12.8 12.8z\" class=\"\"><\/path><\/svg><\/i> <img loading=\"lazy\" decoding=\"async\" width=\"16\" height=\"16\" alt=\"Loading\" src=\"https:\/\/www.cubodeideas.com\/blog\/wp-content\/plugins\/page-views-count\/ajax-loader-2x.gif\" border=0 \/><\/p>\n<div class=\"pvc_clear\"><\/div>\n","protected":false},"author":1,"featured_media":1902,"comment_status":"open","ping_status":"closed","sticky":false,"template":"","format":"standard","meta":{"footnotes":"","jetpack_publicize_message":"","jetpack_publicize_feature_enabled":true,"jetpack_social_post_already_shared":false,"jetpack_social_options":{"image_generator_settings":{"template":"highway","default_image_id":0,"font":"","enabled":false},"version":2}},"categories":[14],"tags":[868,96,869,457,52],"class_list":["post-1901","post","type-post","status-publish","format-standard","has-post-thumbnail","hentry","category-calidad-total","tag-capacitacion-continua","tag-desarrollo-profesional","tag-educacion-para-empleados","tag-eficiencia-en-pymes","tag-mejora-continua"],"blocksy_meta":[],"yoast_head":"<!-- This site is optimized with the Yoast SEO plugin v27.0 - https:\/\/yoast.com\/product\/yoast-seo-wordpress\/ -->\n<title>Capacitaci\u00f3n Continua en PYMES -<\/title>\n<meta name=\"description\" content=\"Descubre c\u00f3mo la capacitaci\u00f3n continua puede transformar tu PYME, mejorando la eficiencia, innovaci\u00f3n y satisfacci\u00f3n del empleado. Aprende estrategias efectivas.\" \/>\n<meta name=\"robots\" content=\"index, follow, max-snippet:-1, max-image-preview:large, max-video-preview:-1\" \/>\n<link rel=\"canonical\" href=\"https:\/\/www.cubodeideas.com\/blog\/calidad-total\/capacitacion-continua-en-pymes\/\" \/>\n<meta property=\"og:locale\" content=\"es_ES\" \/>\n<meta property=\"og:type\" content=\"article\" \/>\n<meta property=\"og:title\" content=\"Capacitaci\u00f3n Continua en PYMES -\" \/>\n<meta property=\"og:description\" content=\"Descubre c\u00f3mo la capacitaci\u00f3n continua puede transformar tu PYME, mejorando la eficiencia, innovaci\u00f3n y satisfacci\u00f3n del empleado. Aprende estrategias efectivas.\" \/>\n<meta property=\"og:url\" content=\"https:\/\/www.cubodeideas.com\/blog\/calidad-total\/capacitacion-continua-en-pymes\/\" \/>\n<meta property=\"article:publisher\" content=\"https:\/\/www.facebook.com\/somoscubodeideas\" \/>\n<meta property=\"article:published_time\" content=\"2024-08-21T03:32:50+00:00\" \/>\n<meta property=\"og:image\" content=\"https:\/\/www.cubodeideas.com\/blog\/wp-content\/uploads\/2024\/08\/Cubo-de-Ideas5.jpg\" \/>\n\t<meta property=\"og:image:width\" content=\"1200\" \/>\n\t<meta property=\"og:image:height\" content=\"628\" \/>\n\t<meta property=\"og:image:type\" content=\"image\/jpeg\" \/>\n<meta name=\"author\" content=\"Noel Castro\" \/>\n<meta name=\"twitter:card\" content=\"summary_large_image\" \/>\n<meta name=\"twitter:creator\" content=\"@cubo_ideas\" \/>\n<meta name=\"twitter:site\" content=\"@cubo_ideas\" \/>\n<meta name=\"twitter:label1\" content=\"Escrito por\" \/>\n\t<meta name=\"twitter:data1\" content=\"Noel Castro\" \/>\n\t<meta name=\"twitter:label2\" content=\"Tiempo de lectura\" \/>\n\t<meta name=\"twitter:data2\" content=\"3 minutos\" \/>\n<script type=\"application\/ld+json\" class=\"yoast-schema-graph\">{\"@context\":\"https:\/\/schema.org\",\"@graph\":[{\"@type\":\"Article\",\"@id\":\"https:\/\/www.cubodeideas.com\/blog\/calidad-total\/capacitacion-continua-en-pymes\/#article\",\"isPartOf\":{\"@id\":\"https:\/\/www.cubodeideas.com\/blog\/calidad-total\/capacitacion-continua-en-pymes\/\"},\"author\":{\"name\":\"Noel Castro\",\"@id\":\"https:\/\/www.cubodeideas.com\/blog\/#\/schema\/person\/5614e43eb76109017cff51a2c7928211\"},\"headline\":\"Capacitaci\u00f3n Continua en PYMES\",\"datePublished\":\"2024-08-21T03:32:50+00:00\",\"mainEntityOfPage\":{\"@id\":\"https:\/\/www.cubodeideas.com\/blog\/calidad-total\/capacitacion-continua-en-pymes\/\"},\"wordCount\":686,\"commentCount\":0,\"publisher\":{\"@id\":\"https:\/\/www.cubodeideas.com\/blog\/#organization\"},\"image\":{\"@id\":\"https:\/\/www.cubodeideas.com\/blog\/calidad-total\/capacitacion-continua-en-pymes\/#primaryimage\"},\"thumbnailUrl\":\"https:\/\/www.cubodeideas.com\/blog\/wp-content\/uploads\/2024\/08\/Cubo-de-Ideas5.jpg\",\"keywords\":[\"capacitaci\u00f3n continua\",\"desarrollo profesional\",\"educaci\u00f3n para empleados\",\"Eficiencia en Pymes\",\"Mejora Continua\"],\"articleSection\":[\"Calidad Total\"],\"inLanguage\":\"es\",\"potentialAction\":[{\"@type\":\"CommentAction\",\"name\":\"Comment\",\"target\":[\"https:\/\/www.cubodeideas.com\/blog\/calidad-total\/capacitacion-continua-en-pymes\/#respond\"]}]},{\"@type\":\"WebPage\",\"@id\":\"https:\/\/www.cubodeideas.com\/blog\/calidad-total\/capacitacion-continua-en-pymes\/\",\"url\":\"https:\/\/www.cubodeideas.com\/blog\/calidad-total\/capacitacion-continua-en-pymes\/\",\"name\":\"Capacitaci\u00f3n Continua en PYMES -\",\"isPartOf\":{\"@id\":\"https:\/\/www.cubodeideas.com\/blog\/#website\"},\"primaryImageOfPage\":{\"@id\":\"https:\/\/www.cubodeideas.com\/blog\/calidad-total\/capacitacion-continua-en-pymes\/#primaryimage\"},\"image\":{\"@id\":\"https:\/\/www.cubodeideas.com\/blog\/calidad-total\/capacitacion-continua-en-pymes\/#primaryimage\"},\"thumbnailUrl\":\"https:\/\/www.cubodeideas.com\/blog\/wp-content\/uploads\/2024\/08\/Cubo-de-Ideas5.jpg\",\"datePublished\":\"2024-08-21T03:32:50+00:00\",\"description\":\"Descubre c\u00f3mo la capacitaci\u00f3n continua puede transformar tu PYME, mejorando la eficiencia, innovaci\u00f3n y satisfacci\u00f3n del empleado. Aprende estrategias efectivas.\",\"breadcrumb\":{\"@id\":\"https:\/\/www.cubodeideas.com\/blog\/calidad-total\/capacitacion-continua-en-pymes\/#breadcrumb\"},\"inLanguage\":\"es\",\"potentialAction\":[{\"@type\":\"ReadAction\",\"target\":[\"https:\/\/www.cubodeideas.com\/blog\/calidad-total\/capacitacion-continua-en-pymes\/\"]}]},{\"@type\":\"ImageObject\",\"inLanguage\":\"es\",\"@id\":\"https:\/\/www.cubodeideas.com\/blog\/calidad-total\/capacitacion-continua-en-pymes\/#primaryimage\",\"url\":\"https:\/\/www.cubodeideas.com\/blog\/wp-content\/uploads\/2024\/08\/Cubo-de-Ideas5.jpg\",\"contentUrl\":\"https:\/\/www.cubodeideas.com\/blog\/wp-content\/uploads\/2024\/08\/Cubo-de-Ideas5.jpg\",\"width\":1200,\"height\":628,\"caption\":\"capacitaci\u00f3n continua en PYMES\"},{\"@type\":\"BreadcrumbList\",\"@id\":\"https:\/\/www.cubodeideas.com\/blog\/calidad-total\/capacitacion-continua-en-pymes\/#breadcrumb\",\"itemListElement\":[{\"@type\":\"ListItem\",\"position\":1,\"name\":\"Portada\",\"item\":\"https:\/\/www.cubodeideas.com\/blog\/\"},{\"@type\":\"ListItem\",\"position\":2,\"name\":\"Capacitaci\u00f3n Continua en PYMES\"}]},{\"@type\":\"WebSite\",\"@id\":\"https:\/\/www.cubodeideas.com\/blog\/#website\",\"url\":\"https:\/\/www.cubodeideas.com\/blog\/\",\"name\":\"Cubo de Ideas\",\"description\":\"Cubo de Ideas, El Blog\",\"publisher\":{\"@id\":\"https:\/\/www.cubodeideas.com\/blog\/#organization\"},\"potentialAction\":[{\"@type\":\"SearchAction\",\"target\":{\"@type\":\"EntryPoint\",\"urlTemplate\":\"https:\/\/www.cubodeideas.com\/blog\/?s={search_term_string}\"},\"query-input\":{\"@type\":\"PropertyValueSpecification\",\"valueRequired\":true,\"valueName\":\"search_term_string\"}}],\"inLanguage\":\"es\"},{\"@type\":\"Organization\",\"@id\":\"https:\/\/www.cubodeideas.com\/blog\/#organization\",\"name\":\"Cubo de Ideas\",\"url\":\"https:\/\/www.cubodeideas.com\/blog\/\",\"logo\":{\"@type\":\"ImageObject\",\"inLanguage\":\"es\",\"@id\":\"https:\/\/www.cubodeideas.com\/blog\/#\/schema\/logo\/image\/\",\"url\":\"https:\/\/www.cubodeideas.com\/blog\/wp-content\/uploads\/2021\/10\/android-icon-72x72-1.png\",\"contentUrl\":\"https:\/\/www.cubodeideas.com\/blog\/wp-content\/uploads\/2021\/10\/android-icon-72x72-1.png\",\"width\":72,\"height\":72,\"caption\":\"Cubo de Ideas\"},\"image\":{\"@id\":\"https:\/\/www.cubodeideas.com\/blog\/#\/schema\/logo\/image\/\"},\"sameAs\":[\"https:\/\/www.facebook.com\/somoscubodeideas\",\"https:\/\/x.com\/cubo_ideas\",\"https:\/\/www.instagram.com\/cubodeideas\"]},{\"@type\":\"Person\",\"@id\":\"https:\/\/www.cubodeideas.com\/blog\/#\/schema\/person\/5614e43eb76109017cff51a2c7928211\",\"name\":\"Noel Castro\",\"description\":\"LEM Noel Castro Monta\u00f1o es CEO de Cubo de Ideas, Director de Operaciones para Citosa Textiles. Asesor de nuevos mercados y estrategias digitales para el segmento Retail. Especialista en marketing para autoservicios y puntos de venta. Especialista en sistemas de gesti\u00f3n de la calidad con enfoque a la ISO 9001:2015\",\"sameAs\":[\"https:\/\/www.cubodeideas.com\/blog\"],\"url\":\"https:\/\/www.cubodeideas.com\/blog\/author\/admin\/\"}]}<\/script>\n<!-- \/ Yoast SEO plugin. -->","yoast_head_json":{"title":"Capacitaci\u00f3n Continua en PYMES -","description":"Descubre c\u00f3mo la capacitaci\u00f3n continua puede transformar tu PYME, mejorando la eficiencia, innovaci\u00f3n y satisfacci\u00f3n del empleado. Aprende estrategias efectivas.","robots":{"index":"index","follow":"follow","max-snippet":"max-snippet:-1","max-image-preview":"max-image-preview:large","max-video-preview":"max-video-preview:-1"},"canonical":"https:\/\/www.cubodeideas.com\/blog\/calidad-total\/capacitacion-continua-en-pymes\/","og_locale":"es_ES","og_type":"article","og_title":"Capacitaci\u00f3n Continua en PYMES -","og_description":"Descubre c\u00f3mo la capacitaci\u00f3n continua puede transformar tu PYME, mejorando la eficiencia, innovaci\u00f3n y satisfacci\u00f3n del empleado. Aprende estrategias efectivas.","og_url":"https:\/\/www.cubodeideas.com\/blog\/calidad-total\/capacitacion-continua-en-pymes\/","article_publisher":"https:\/\/www.facebook.com\/somoscubodeideas","article_published_time":"2024-08-21T03:32:50+00:00","og_image":[{"width":1200,"height":628,"url":"https:\/\/www.cubodeideas.com\/blog\/wp-content\/uploads\/2024\/08\/Cubo-de-Ideas5.jpg","type":"image\/jpeg"}],"author":"Noel Castro","twitter_card":"summary_large_image","twitter_creator":"@cubo_ideas","twitter_site":"@cubo_ideas","twitter_misc":{"Escrito por":"Noel Castro","Tiempo de lectura":"3 minutos"},"schema":{"@context":"https:\/\/schema.org","@graph":[{"@type":"Article","@id":"https:\/\/www.cubodeideas.com\/blog\/calidad-total\/capacitacion-continua-en-pymes\/#article","isPartOf":{"@id":"https:\/\/www.cubodeideas.com\/blog\/calidad-total\/capacitacion-continua-en-pymes\/"},"author":{"name":"Noel Castro","@id":"https:\/\/www.cubodeideas.com\/blog\/#\/schema\/person\/5614e43eb76109017cff51a2c7928211"},"headline":"Capacitaci\u00f3n Continua en PYMES","datePublished":"2024-08-21T03:32:50+00:00","mainEntityOfPage":{"@id":"https:\/\/www.cubodeideas.com\/blog\/calidad-total\/capacitacion-continua-en-pymes\/"},"wordCount":686,"commentCount":0,"publisher":{"@id":"https:\/\/www.cubodeideas.com\/blog\/#organization"},"image":{"@id":"https:\/\/www.cubodeideas.com\/blog\/calidad-total\/capacitacion-continua-en-pymes\/#primaryimage"},"thumbnailUrl":"https:\/\/www.cubodeideas.com\/blog\/wp-content\/uploads\/2024\/08\/Cubo-de-Ideas5.jpg","keywords":["capacitaci\u00f3n continua","desarrollo profesional","educaci\u00f3n para empleados","Eficiencia en Pymes","Mejora Continua"],"articleSection":["Calidad Total"],"inLanguage":"es","potentialAction":[{"@type":"CommentAction","name":"Comment","target":["https:\/\/www.cubodeideas.com\/blog\/calidad-total\/capacitacion-continua-en-pymes\/#respond"]}]},{"@type":"WebPage","@id":"https:\/\/www.cubodeideas.com\/blog\/calidad-total\/capacitacion-continua-en-pymes\/","url":"https:\/\/www.cubodeideas.com\/blog\/calidad-total\/capacitacion-continua-en-pymes\/","name":"Capacitaci\u00f3n Continua en PYMES -","isPartOf":{"@id":"https:\/\/www.cubodeideas.com\/blog\/#website"},"primaryImageOfPage":{"@id":"https:\/\/www.cubodeideas.com\/blog\/calidad-total\/capacitacion-continua-en-pymes\/#primaryimage"},"image":{"@id":"https:\/\/www.cubodeideas.com\/blog\/calidad-total\/capacitacion-continua-en-pymes\/#primaryimage"},"thumbnailUrl":"https:\/\/www.cubodeideas.com\/blog\/wp-content\/uploads\/2024\/08\/Cubo-de-Ideas5.jpg","datePublished":"2024-08-21T03:32:50+00:00","description":"Descubre c\u00f3mo la capacitaci\u00f3n continua puede transformar tu PYME, mejorando la eficiencia, innovaci\u00f3n y satisfacci\u00f3n del empleado. Aprende estrategias efectivas.","breadcrumb":{"@id":"https:\/\/www.cubodeideas.com\/blog\/calidad-total\/capacitacion-continua-en-pymes\/#breadcrumb"},"inLanguage":"es","potentialAction":[{"@type":"ReadAction","target":["https:\/\/www.cubodeideas.com\/blog\/calidad-total\/capacitacion-continua-en-pymes\/"]}]},{"@type":"ImageObject","inLanguage":"es","@id":"https:\/\/www.cubodeideas.com\/blog\/calidad-total\/capacitacion-continua-en-pymes\/#primaryimage","url":"https:\/\/www.cubodeideas.com\/blog\/wp-content\/uploads\/2024\/08\/Cubo-de-Ideas5.jpg","contentUrl":"https:\/\/www.cubodeideas.com\/blog\/wp-content\/uploads\/2024\/08\/Cubo-de-Ideas5.jpg","width":1200,"height":628,"caption":"capacitaci\u00f3n continua en PYMES"},{"@type":"BreadcrumbList","@id":"https:\/\/www.cubodeideas.com\/blog\/calidad-total\/capacitacion-continua-en-pymes\/#breadcrumb","itemListElement":[{"@type":"ListItem","position":1,"name":"Portada","item":"https:\/\/www.cubodeideas.com\/blog\/"},{"@type":"ListItem","position":2,"name":"Capacitaci\u00f3n Continua en PYMES"}]},{"@type":"WebSite","@id":"https:\/\/www.cubodeideas.com\/blog\/#website","url":"https:\/\/www.cubodeideas.com\/blog\/","name":"Cubo de Ideas","description":"Cubo de Ideas, El Blog","publisher":{"@id":"https:\/\/www.cubodeideas.com\/blog\/#organization"},"potentialAction":[{"@type":"SearchAction","target":{"@type":"EntryPoint","urlTemplate":"https:\/\/www.cubodeideas.com\/blog\/?s={search_term_string}"},"query-input":{"@type":"PropertyValueSpecification","valueRequired":true,"valueName":"search_term_string"}}],"inLanguage":"es"},{"@type":"Organization","@id":"https:\/\/www.cubodeideas.com\/blog\/#organization","name":"Cubo de Ideas","url":"https:\/\/www.cubodeideas.com\/blog\/","logo":{"@type":"ImageObject","inLanguage":"es","@id":"https:\/\/www.cubodeideas.com\/blog\/#\/schema\/logo\/image\/","url":"https:\/\/www.cubodeideas.com\/blog\/wp-content\/uploads\/2021\/10\/android-icon-72x72-1.png","contentUrl":"https:\/\/www.cubodeideas.com\/blog\/wp-content\/uploads\/2021\/10\/android-icon-72x72-1.png","width":72,"height":72,"caption":"Cubo de Ideas"},"image":{"@id":"https:\/\/www.cubodeideas.com\/blog\/#\/schema\/logo\/image\/"},"sameAs":["https:\/\/www.facebook.com\/somoscubodeideas","https:\/\/x.com\/cubo_ideas","https:\/\/www.instagram.com\/cubodeideas"]},{"@type":"Person","@id":"https:\/\/www.cubodeideas.com\/blog\/#\/schema\/person\/5614e43eb76109017cff51a2c7928211","name":"Noel Castro","description":"LEM Noel Castro Monta\u00f1o es CEO de Cubo de Ideas, Director de Operaciones para Citosa Textiles. Asesor de nuevos mercados y estrategias digitales para el segmento Retail. Especialista en marketing para autoservicios y puntos de venta. Especialista en sistemas de gesti\u00f3n de la calidad con enfoque a la ISO 9001:2015","sameAs":["https:\/\/www.cubodeideas.com\/blog"],"url":"https:\/\/www.cubodeideas.com\/blog\/author\/admin\/"}]}},"jetpack_publicize_connections":[],"_links":{"self":[{"href":"https:\/\/www.cubodeideas.com\/blog\/wp-json\/wp\/v2\/posts\/1901","targetHints":{"allow":["GET"]}}],"collection":[{"href":"https:\/\/www.cubodeideas.com\/blog\/wp-json\/wp\/v2\/posts"}],"about":[{"href":"https:\/\/www.cubodeideas.com\/blog\/wp-json\/wp\/v2\/types\/post"}],"author":[{"embeddable":true,"href":"https:\/\/www.cubodeideas.com\/blog\/wp-json\/wp\/v2\/users\/1"}],"replies":[{"embeddable":true,"href":"https:\/\/www.cubodeideas.com\/blog\/wp-json\/wp\/v2\/comments?post=1901"}],"version-history":[{"count":1,"href":"https:\/\/www.cubodeideas.com\/blog\/wp-json\/wp\/v2\/posts\/1901\/revisions"}],"predecessor-version":[{"id":1903,"href":"https:\/\/www.cubodeideas.com\/blog\/wp-json\/wp\/v2\/posts\/1901\/revisions\/1903"}],"wp:featuredmedia":[{"embeddable":true,"href":"https:\/\/www.cubodeideas.com\/blog\/wp-json\/wp\/v2\/media\/1902"}],"wp:attachment":[{"href":"https:\/\/www.cubodeideas.com\/blog\/wp-json\/wp\/v2\/media?parent=1901"}],"wp:term":[{"taxonomy":"category","embeddable":true,"href":"https:\/\/www.cubodeideas.com\/blog\/wp-json\/wp\/v2\/categories?post=1901"},{"taxonomy":"post_tag","embeddable":true,"href":"https:\/\/www.cubodeideas.com\/blog\/wp-json\/wp\/v2\/tags?post=1901"}],"curies":[{"name":"wp","href":"https:\/\/api.w.org\/{rel}","templated":true}]}}