{"id":1898,"date":"2024-08-21T03:21:58","date_gmt":"2024-08-21T03:21:58","guid":{"rendered":"https:\/\/www.cubodeideas.com\/blog\/?p=1898"},"modified":"2024-08-21T03:21:58","modified_gmt":"2024-08-21T03:21:58","slug":"gestion-de-cambios-efectiva-en-pymes","status":"publish","type":"post","link":"https:\/\/www.cubodeideas.com\/blog\/calidad-total\/gestion-de-cambios-efectiva-en-pymes\/","title":{"rendered":"Gesti\u00f3n de Cambios Efectiva en PYMES"},"content":{"rendered":"<p>La <strong>gesti\u00f3n de cambios efectiva<\/strong> es crucial para cualquier peque\u00f1a o mediana empresa (PYME) que busque implementar nuevos procesos o tecnolog\u00edas. Cambios significativos pueden impactar m\u00faltiples departamentos y, si no se manejan adecuadamente, podr\u00edan llevar a resistencias o fracasos costosos. Este art\u00edculo explora c\u00f3mo desarrollar habilidades para gestionar eficazmente el cambio dentro de una organizaci\u00f3n, asegurando que las transiciones contribuyan al \u00e9xito y crecimiento sostenible de la empresa.<\/p>\n<h4>Entendiendo la Gesti\u00f3n de Cambios<\/h4>\n<p>La gesti\u00f3n de cambios es el enfoque sistem\u00e1tico para lidiar con la transformaci\u00f3n de los objetivos, procesos o tecnolog\u00edas de una organizaci\u00f3n. Su objetivo es implementar cambios de manera eficiente y con m\u00ednima resistencia, asegurando que los empleados y la direcci\u00f3n est\u00e9n alineados con la nueva direcci\u00f3n.<\/p>\n<h4>Pasos para una Gesti\u00f3n de Cambios Efectiva<\/h4>\n<h5>1. <strong>Preparaci\u00f3n para el Cambio<\/strong><\/h5>\n<p>Antes de implementar cualquier cambio, es esencial preparar a tu organizaci\u00f3n. Esto incluye:<\/p>\n<ul>\n<li><strong>Evaluaci\u00f3n de la Necesidad de Cambio:<\/strong> Identifica qu\u00e9 necesita cambiar y por qu\u00e9 es importante para el \u00e9xito de la empresa.<\/li>\n<li><strong>Comunicaci\u00f3n Clara:<\/strong> Informa a todos en la organizaci\u00f3n sobre los cambios planificados. Una comunicaci\u00f3n transparente y abierta es fundamental para minimizar las inquietudes y resistencias.<\/li>\n<\/ul>\n<h5>2. <strong>Planificaci\u00f3n del Cambio<\/strong><\/h5>\n<p>Una planificaci\u00f3n detallada puede facilitar la transici\u00f3n y aumentar las posibilidades de \u00e9xito. Los elementos clave de esta fase incluyen:<\/p>\n<ul>\n<li><strong>Desarrollo de un Plan de Gesti\u00f3n de Cambios:<\/strong> Este plan debe detallar los pasos del cambio, incluyendo qu\u00e9 se cambiar\u00e1, qui\u00e9nes ser\u00e1n afectados, c\u00f3mo se gestionar\u00e1n las resistencias y qu\u00e9 recursos se necesitar\u00e1n.<\/li>\n<li><strong>Establecimiento de Metas Claras:<\/strong> Define lo que esperas lograr con el cambio. Estas metas deben ser espec\u00edficas, medibles, alcanzables, relevantes y temporales (SMART).<\/li>\n<\/ul>\n<h5>3. <strong>Implementaci\u00f3n del Cambio<\/strong><\/h5>\n<p>La fase de implementaci\u00f3n es donde el cambio se pone en pr\u00e1ctica. Durante esta etapa, considera lo siguiente:<\/p>\n<ul>\n<li><strong>Capacitaci\u00f3n y Soporte:<\/strong> Proporciona formaci\u00f3n adecuada y recursos para los empleados que ser\u00e1n impactados por el cambio. Esto no solo aumenta la competencia sino tambi\u00e9n la confianza en el nuevo proceso o tecnolog\u00eda.<\/li>\n<li><strong>Gesti\u00f3n de Resistencias:<\/strong> Est\u00e1 atento a los signos de resistencia y ab\u00f3rdalos proactivamente. Entender las preocupaciones de los empleados y trabajar a trav\u00e9s de ellas es esencial para el \u00e9xito del cambio.<\/li>\n<\/ul>\n<h5>4. <strong>Evaluaci\u00f3n y Ajuste<\/strong><\/h5>\n<p>Despu\u00e9s de implementar el cambio, es crucial evaluar su impacto y hacer ajustes si es necesario. Esto incluye:<\/p>\n<ul>\n<li><strong>Recolecci\u00f3n de Feedback:<\/strong> Obt\u00e9n opiniones de los empleados y clientes sobre c\u00f3mo el cambio ha afectado los procesos o servicios.<\/li>\n<li><strong>An\u00e1lisis de Desempe\u00f1o:<\/strong> Revisa si los cambios est\u00e1n ayudando a alcanzar las metas establecidas. Utiliza indicadores clave de desempe\u00f1o (KPIs) para medir el \u00e9xito.<\/li>\n<\/ul>\n<h4>Herramientas y T\u00e9cnicas para Facilitar la Gesti\u00f3n de Cambios<\/h4>\n<ul>\n<li><strong>Software de Gesti\u00f3n de Proyectos:<\/strong> Herramientas como Asana, Trello o Microsoft Project pueden ayudar a planificar, implementar y monitorear las etapas del cambio.<\/li>\n<li><strong>Encuestas y Herramientas de Feedback:<\/strong> Plataformas como SurveyMonkey o Google Forms son \u00fatiles para recoger las percepciones y sugerencias de los empleados durante todo el proceso de cambio.<\/li>\n<\/ul>\n<h4>Beneficios de una Gesti\u00f3n de Cambios Efectiva<\/h4>\n<ul>\n<li><strong>Mejor Alineaci\u00f3n Organizacional:<\/strong> Asegura que todos en la organizaci\u00f3n comprendan y apoyen la direcci\u00f3n en la que se dirige la empresa.<\/li>\n<li><strong>Mayor Eficiencia y Productividad:<\/strong> Al minimizar la resistencia y mejorar la adopci\u00f3n de nuevos procesos, la eficiencia general y la productividad pueden aumentar significativamente.<\/li>\n<li><strong>Competitividad Mejorada:<\/strong> Las PYMES que gestionan bien el cambio pueden adaptarse m\u00e1s r\u00e1pidamente a las condiciones del mercado y aprovechar nuevas oportunidades.<\/li>\n<\/ul>\n<h4>Conclusi\u00f3n<\/h4>\n<p>La gesti\u00f3n de cambios efectiva es vital para las PYMES que desean innovar y crecer en un entorno empresarial competitivo. Desarrollar habilidades en la gesti\u00f3n de cambios no solo facilita la transici\u00f3n durante los periodos de ajuste sino que tambi\u00e9n prepara a la organizaci\u00f3n para futuros desaf\u00edos y oportunidades. Al seguir los pasos y estrategias delineados, las PYMES pueden asegurarse de que cada cambio se traduzca en progreso y \u00e9xito a largo plazo.<\/p>\n<div class=\"pvc_clear\"><\/div>\n<p id=\"pvc_stats_1898\" class=\"pvc_stats all  \" data-element-id=\"1898\" style=\"\"><i class=\"pvc-stats-icon medium\" aria-hidden=\"true\"><svg aria-hidden=\"true\" focusable=\"false\" data-prefix=\"far\" data-icon=\"chart-bar\" role=\"img\" xmlns=\"http:\/\/www.w3.org\/2000\/svg\" viewBox=\"0 0 512 512\" class=\"svg-inline--fa fa-chart-bar fa-w-16 fa-2x\"><path fill=\"currentColor\" d=\"M396.8 352h22.4c6.4 0 12.8-6.4 12.8-12.8V108.8c0-6.4-6.4-12.8-12.8-12.8h-22.4c-6.4 0-12.8 6.4-12.8 12.8v230.4c0 6.4 6.4 12.8 12.8 12.8zm-192 0h22.4c6.4 0 12.8-6.4 12.8-12.8V140.8c0-6.4-6.4-12.8-12.8-12.8h-22.4c-6.4 0-12.8 6.4-12.8 12.8v198.4c0 6.4 6.4 12.8 12.8 12.8zm96 0h22.4c6.4 0 12.8-6.4 12.8-12.8V204.8c0-6.4-6.4-12.8-12.8-12.8h-22.4c-6.4 0-12.8 6.4-12.8 12.8v134.4c0 6.4 6.4 12.8 12.8 12.8zM496 400H48V80c0-8.84-7.16-16-16-16H16C7.16 64 0 71.16 0 80v336c0 17.67 14.33 32 32 32h464c8.84 0 16-7.16 16-16v-16c0-8.84-7.16-16-16-16zm-387.2-48h22.4c6.4 0 12.8-6.4 12.8-12.8v-70.4c0-6.4-6.4-12.8-12.8-12.8h-22.4c-6.4 0-12.8 6.4-12.8 12.8v70.4c0 6.4 6.4 12.8 12.8 12.8z\" class=\"\"><\/path><\/svg><\/i> <img loading=\"lazy\" decoding=\"async\" width=\"16\" height=\"16\" alt=\"Loading\" src=\"https:\/\/www.cubodeideas.com\/blog\/wp-content\/plugins\/page-views-count\/ajax-loader-2x.gif\" border=0 \/><\/p>\n<div class=\"pvc_clear\"><\/div>\n","protected":false},"excerpt":{"rendered":"<p>La gesti\u00f3n de cambios efectiva es crucial para cualquier peque\u00f1a o mediana empresa (PYME) que busque implementar nuevos procesos o tecnolog\u00edas. Cambios significativos pueden impactar m\u00faltiples departamentos y, si no se manejan adecuadamente, podr\u00edan llevar a resistencias o fracasos costosos. Este art\u00edculo explora c\u00f3mo desarrollar habilidades para gestionar eficazmente el cambio dentro de una organizaci\u00f3n, [&hellip;]<\/p>\n<div class=\"pvc_clear\"><\/div>\n<p id=\"pvc_stats_1898\" class=\"pvc_stats all  \" data-element-id=\"1898\" style=\"\"><i class=\"pvc-stats-icon medium\" aria-hidden=\"true\"><svg aria-hidden=\"true\" focusable=\"false\" data-prefix=\"far\" data-icon=\"chart-bar\" role=\"img\" xmlns=\"http:\/\/www.w3.org\/2000\/svg\" viewBox=\"0 0 512 512\" class=\"svg-inline--fa fa-chart-bar fa-w-16 fa-2x\"><path fill=\"currentColor\" d=\"M396.8 352h22.4c6.4 0 12.8-6.4 12.8-12.8V108.8c0-6.4-6.4-12.8-12.8-12.8h-22.4c-6.4 0-12.8 6.4-12.8 12.8v230.4c0 6.4 6.4 12.8 12.8 12.8zm-192 0h22.4c6.4 0 12.8-6.4 12.8-12.8V140.8c0-6.4-6.4-12.8-12.8-12.8h-22.4c-6.4 0-12.8 6.4-12.8 12.8v198.4c0 6.4 6.4 12.8 12.8 12.8zm96 0h22.4c6.4 0 12.8-6.4 12.8-12.8V204.8c0-6.4-6.4-12.8-12.8-12.8h-22.4c-6.4 0-12.8 6.4-12.8 12.8v134.4c0 6.4 6.4 12.8 12.8 12.8zM496 400H48V80c0-8.84-7.16-16-16-16H16C7.16 64 0 71.16 0 80v336c0 17.67 14.33 32 32 32h464c8.84 0 16-7.16 16-16v-16c0-8.84-7.16-16-16-16zm-387.2-48h22.4c6.4 0 12.8-6.4 12.8-12.8v-70.4c0-6.4-6.4-12.8-12.8-12.8h-22.4c-6.4 0-12.8 6.4-12.8 12.8v70.4c0 6.4 6.4 12.8 12.8 12.8z\" class=\"\"><\/path><\/svg><\/i> <img loading=\"lazy\" decoding=\"async\" width=\"16\" height=\"16\" alt=\"Loading\" src=\"https:\/\/www.cubodeideas.com\/blog\/wp-content\/plugins\/page-views-count\/ajax-loader-2x.gif\" border=0 \/><\/p>\n<div class=\"pvc_clear\"><\/div>\n","protected":false},"author":1,"featured_media":1899,"comment_status":"open","ping_status":"closed","sticky":false,"template":"","format":"standard","meta":{"footnotes":"","jetpack_publicize_message":"","jetpack_publicize_feature_enabled":true,"jetpack_social_post_already_shared":false,"jetpack_social_options":{"image_generator_settings":{"template":"highway","default_image_id":0,"font":"","enabled":false},"version":2}},"categories":[14],"tags":[130,53,866,867,45],"class_list":["post-1898","post","type-post","status-publish","format-standard","has-post-thumbnail","hentry","category-calidad-total","tag-cambio-organizacional","tag-eficiencia-operativa","tag-gestion-de-cambios","tag-implementacion-de-procesos","tag-pymes"],"blocksy_meta":[],"yoast_head":"<!-- This site is optimized with the Yoast SEO plugin v27.0 - https:\/\/yoast.com\/product\/yoast-seo-wordpress\/ -->\n<title>Gesti\u00f3n de Cambios Efectiva en PYMES -<\/title>\n<meta name=\"description\" content=\"Aprende c\u00f3mo implementar una gesti\u00f3n de cambios efectiva en tu PYME para mejorar la adaptaci\u00f3n a nuevos procesos y tecnolog\u00edas, maximizando la eficiencia y la satisfacci\u00f3n del empleado.\" \/>\n<meta name=\"robots\" content=\"index, follow, max-snippet:-1, max-image-preview:large, max-video-preview:-1\" \/>\n<link rel=\"canonical\" href=\"https:\/\/www.cubodeideas.com\/blog\/calidad-total\/gestion-de-cambios-efectiva-en-pymes\/\" \/>\n<meta property=\"og:locale\" content=\"es_ES\" \/>\n<meta property=\"og:type\" content=\"article\" \/>\n<meta property=\"og:title\" content=\"Gesti\u00f3n de Cambios Efectiva en PYMES -\" \/>\n<meta property=\"og:description\" content=\"Aprende c\u00f3mo implementar una gesti\u00f3n de cambios efectiva en tu PYME para mejorar la adaptaci\u00f3n a nuevos procesos y tecnolog\u00edas, maximizando la eficiencia y la satisfacci\u00f3n del empleado.\" \/>\n<meta property=\"og:url\" content=\"https:\/\/www.cubodeideas.com\/blog\/calidad-total\/gestion-de-cambios-efectiva-en-pymes\/\" \/>\n<meta property=\"article:publisher\" content=\"https:\/\/www.facebook.com\/somoscubodeideas\" \/>\n<meta property=\"article:published_time\" content=\"2024-08-21T03:21:58+00:00\" \/>\n<meta property=\"og:image\" content=\"https:\/\/www.cubodeideas.com\/blog\/wp-content\/uploads\/2024\/08\/Cubo-de-Ideas4.jpg\" \/>\n\t<meta property=\"og:image:width\" content=\"1200\" \/>\n\t<meta property=\"og:image:height\" content=\"628\" \/>\n\t<meta property=\"og:image:type\" content=\"image\/jpeg\" \/>\n<meta name=\"author\" content=\"Noel Castro\" \/>\n<meta name=\"twitter:card\" content=\"summary_large_image\" \/>\n<meta name=\"twitter:creator\" content=\"@cubo_ideas\" \/>\n<meta name=\"twitter:site\" content=\"@cubo_ideas\" \/>\n<meta name=\"twitter:label1\" content=\"Escrito por\" \/>\n\t<meta name=\"twitter:data1\" content=\"Noel Castro\" \/>\n\t<meta name=\"twitter:label2\" content=\"Tiempo de lectura\" \/>\n\t<meta name=\"twitter:data2\" content=\"3 minutos\" \/>\n<script type=\"application\/ld+json\" class=\"yoast-schema-graph\">{\"@context\":\"https:\/\/schema.org\",\"@graph\":[{\"@type\":\"Article\",\"@id\":\"https:\/\/www.cubodeideas.com\/blog\/calidad-total\/gestion-de-cambios-efectiva-en-pymes\/#article\",\"isPartOf\":{\"@id\":\"https:\/\/www.cubodeideas.com\/blog\/calidad-total\/gestion-de-cambios-efectiva-en-pymes\/\"},\"author\":{\"name\":\"Noel Castro\",\"@id\":\"https:\/\/www.cubodeideas.com\/blog\/#\/schema\/person\/5614e43eb76109017cff51a2c7928211\"},\"headline\":\"Gesti\u00f3n de Cambios Efectiva en PYMES\",\"datePublished\":\"2024-08-21T03:21:58+00:00\",\"mainEntityOfPage\":{\"@id\":\"https:\/\/www.cubodeideas.com\/blog\/calidad-total\/gestion-de-cambios-efectiva-en-pymes\/\"},\"wordCount\":707,\"commentCount\":0,\"publisher\":{\"@id\":\"https:\/\/www.cubodeideas.com\/blog\/#organization\"},\"image\":{\"@id\":\"https:\/\/www.cubodeideas.com\/blog\/calidad-total\/gestion-de-cambios-efectiva-en-pymes\/#primaryimage\"},\"thumbnailUrl\":\"https:\/\/www.cubodeideas.com\/blog\/wp-content\/uploads\/2024\/08\/Cubo-de-Ideas4.jpg\",\"keywords\":[\"Cambio organizacional\",\"Eficiencia Operativa\",\"gesti\u00f3n de cambios\",\"implementaci\u00f3n de procesos\",\"PyMES\"],\"articleSection\":[\"Calidad Total\"],\"inLanguage\":\"es\",\"potentialAction\":[{\"@type\":\"CommentAction\",\"name\":\"Comment\",\"target\":[\"https:\/\/www.cubodeideas.com\/blog\/calidad-total\/gestion-de-cambios-efectiva-en-pymes\/#respond\"]}]},{\"@type\":\"WebPage\",\"@id\":\"https:\/\/www.cubodeideas.com\/blog\/calidad-total\/gestion-de-cambios-efectiva-en-pymes\/\",\"url\":\"https:\/\/www.cubodeideas.com\/blog\/calidad-total\/gestion-de-cambios-efectiva-en-pymes\/\",\"name\":\"Gesti\u00f3n de Cambios Efectiva en PYMES -\",\"isPartOf\":{\"@id\":\"https:\/\/www.cubodeideas.com\/blog\/#website\"},\"primaryImageOfPage\":{\"@id\":\"https:\/\/www.cubodeideas.com\/blog\/calidad-total\/gestion-de-cambios-efectiva-en-pymes\/#primaryimage\"},\"image\":{\"@id\":\"https:\/\/www.cubodeideas.com\/blog\/calidad-total\/gestion-de-cambios-efectiva-en-pymes\/#primaryimage\"},\"thumbnailUrl\":\"https:\/\/www.cubodeideas.com\/blog\/wp-content\/uploads\/2024\/08\/Cubo-de-Ideas4.jpg\",\"datePublished\":\"2024-08-21T03:21:58+00:00\",\"description\":\"Aprende c\u00f3mo implementar una gesti\u00f3n de cambios efectiva en tu PYME para mejorar la adaptaci\u00f3n a nuevos procesos y tecnolog\u00edas, maximizando la eficiencia y la satisfacci\u00f3n del empleado.\",\"breadcrumb\":{\"@id\":\"https:\/\/www.cubodeideas.com\/blog\/calidad-total\/gestion-de-cambios-efectiva-en-pymes\/#breadcrumb\"},\"inLanguage\":\"es\",\"potentialAction\":[{\"@type\":\"ReadAction\",\"target\":[\"https:\/\/www.cubodeideas.com\/blog\/calidad-total\/gestion-de-cambios-efectiva-en-pymes\/\"]}]},{\"@type\":\"ImageObject\",\"inLanguage\":\"es\",\"@id\":\"https:\/\/www.cubodeideas.com\/blog\/calidad-total\/gestion-de-cambios-efectiva-en-pymes\/#primaryimage\",\"url\":\"https:\/\/www.cubodeideas.com\/blog\/wp-content\/uploads\/2024\/08\/Cubo-de-Ideas4.jpg\",\"contentUrl\":\"https:\/\/www.cubodeideas.com\/blog\/wp-content\/uploads\/2024\/08\/Cubo-de-Ideas4.jpg\",\"width\":1200,\"height\":628,\"caption\":\"gesti\u00f3n del cambio pyme\"},{\"@type\":\"BreadcrumbList\",\"@id\":\"https:\/\/www.cubodeideas.com\/blog\/calidad-total\/gestion-de-cambios-efectiva-en-pymes\/#breadcrumb\",\"itemListElement\":[{\"@type\":\"ListItem\",\"position\":1,\"name\":\"Portada\",\"item\":\"https:\/\/www.cubodeideas.com\/blog\/\"},{\"@type\":\"ListItem\",\"position\":2,\"name\":\"Gesti\u00f3n de Cambios Efectiva en PYMES\"}]},{\"@type\":\"WebSite\",\"@id\":\"https:\/\/www.cubodeideas.com\/blog\/#website\",\"url\":\"https:\/\/www.cubodeideas.com\/blog\/\",\"name\":\"Cubo de Ideas\",\"description\":\"Cubo de Ideas, El Blog\",\"publisher\":{\"@id\":\"https:\/\/www.cubodeideas.com\/blog\/#organization\"},\"potentialAction\":[{\"@type\":\"SearchAction\",\"target\":{\"@type\":\"EntryPoint\",\"urlTemplate\":\"https:\/\/www.cubodeideas.com\/blog\/?s={search_term_string}\"},\"query-input\":{\"@type\":\"PropertyValueSpecification\",\"valueRequired\":true,\"valueName\":\"search_term_string\"}}],\"inLanguage\":\"es\"},{\"@type\":\"Organization\",\"@id\":\"https:\/\/www.cubodeideas.com\/blog\/#organization\",\"name\":\"Cubo de Ideas\",\"url\":\"https:\/\/www.cubodeideas.com\/blog\/\",\"logo\":{\"@type\":\"ImageObject\",\"inLanguage\":\"es\",\"@id\":\"https:\/\/www.cubodeideas.com\/blog\/#\/schema\/logo\/image\/\",\"url\":\"https:\/\/www.cubodeideas.com\/blog\/wp-content\/uploads\/2021\/10\/android-icon-72x72-1.png\",\"contentUrl\":\"https:\/\/www.cubodeideas.com\/blog\/wp-content\/uploads\/2021\/10\/android-icon-72x72-1.png\",\"width\":72,\"height\":72,\"caption\":\"Cubo de Ideas\"},\"image\":{\"@id\":\"https:\/\/www.cubodeideas.com\/blog\/#\/schema\/logo\/image\/\"},\"sameAs\":[\"https:\/\/www.facebook.com\/somoscubodeideas\",\"https:\/\/x.com\/cubo_ideas\",\"https:\/\/www.instagram.com\/cubodeideas\"]},{\"@type\":\"Person\",\"@id\":\"https:\/\/www.cubodeideas.com\/blog\/#\/schema\/person\/5614e43eb76109017cff51a2c7928211\",\"name\":\"Noel Castro\",\"description\":\"LEM Noel Castro Monta\u00f1o es CEO de Cubo de Ideas, Director de Operaciones para Citosa Textiles. Asesor de nuevos mercados y estrategias digitales para el segmento Retail. Especialista en marketing para autoservicios y puntos de venta. Especialista en sistemas de gesti\u00f3n de la calidad con enfoque a la ISO 9001:2015\",\"sameAs\":[\"https:\/\/www.cubodeideas.com\/blog\"],\"url\":\"https:\/\/www.cubodeideas.com\/blog\/author\/admin\/\"}]}<\/script>\n<!-- \/ Yoast SEO plugin. -->","yoast_head_json":{"title":"Gesti\u00f3n de Cambios Efectiva en PYMES -","description":"Aprende c\u00f3mo implementar una gesti\u00f3n de cambios efectiva en tu PYME para mejorar la adaptaci\u00f3n a nuevos procesos y tecnolog\u00edas, maximizando la eficiencia y la satisfacci\u00f3n del empleado.","robots":{"index":"index","follow":"follow","max-snippet":"max-snippet:-1","max-image-preview":"max-image-preview:large","max-video-preview":"max-video-preview:-1"},"canonical":"https:\/\/www.cubodeideas.com\/blog\/calidad-total\/gestion-de-cambios-efectiva-en-pymes\/","og_locale":"es_ES","og_type":"article","og_title":"Gesti\u00f3n de Cambios Efectiva en PYMES -","og_description":"Aprende c\u00f3mo implementar una gesti\u00f3n de cambios efectiva en tu PYME para mejorar la adaptaci\u00f3n a nuevos procesos y tecnolog\u00edas, maximizando la eficiencia y la satisfacci\u00f3n del empleado.","og_url":"https:\/\/www.cubodeideas.com\/blog\/calidad-total\/gestion-de-cambios-efectiva-en-pymes\/","article_publisher":"https:\/\/www.facebook.com\/somoscubodeideas","article_published_time":"2024-08-21T03:21:58+00:00","og_image":[{"width":1200,"height":628,"url":"https:\/\/www.cubodeideas.com\/blog\/wp-content\/uploads\/2024\/08\/Cubo-de-Ideas4.jpg","type":"image\/jpeg"}],"author":"Noel Castro","twitter_card":"summary_large_image","twitter_creator":"@cubo_ideas","twitter_site":"@cubo_ideas","twitter_misc":{"Escrito por":"Noel Castro","Tiempo de lectura":"3 minutos"},"schema":{"@context":"https:\/\/schema.org","@graph":[{"@type":"Article","@id":"https:\/\/www.cubodeideas.com\/blog\/calidad-total\/gestion-de-cambios-efectiva-en-pymes\/#article","isPartOf":{"@id":"https:\/\/www.cubodeideas.com\/blog\/calidad-total\/gestion-de-cambios-efectiva-en-pymes\/"},"author":{"name":"Noel Castro","@id":"https:\/\/www.cubodeideas.com\/blog\/#\/schema\/person\/5614e43eb76109017cff51a2c7928211"},"headline":"Gesti\u00f3n de Cambios Efectiva en PYMES","datePublished":"2024-08-21T03:21:58+00:00","mainEntityOfPage":{"@id":"https:\/\/www.cubodeideas.com\/blog\/calidad-total\/gestion-de-cambios-efectiva-en-pymes\/"},"wordCount":707,"commentCount":0,"publisher":{"@id":"https:\/\/www.cubodeideas.com\/blog\/#organization"},"image":{"@id":"https:\/\/www.cubodeideas.com\/blog\/calidad-total\/gestion-de-cambios-efectiva-en-pymes\/#primaryimage"},"thumbnailUrl":"https:\/\/www.cubodeideas.com\/blog\/wp-content\/uploads\/2024\/08\/Cubo-de-Ideas4.jpg","keywords":["Cambio organizacional","Eficiencia Operativa","gesti\u00f3n de cambios","implementaci\u00f3n de procesos","PyMES"],"articleSection":["Calidad Total"],"inLanguage":"es","potentialAction":[{"@type":"CommentAction","name":"Comment","target":["https:\/\/www.cubodeideas.com\/blog\/calidad-total\/gestion-de-cambios-efectiva-en-pymes\/#respond"]}]},{"@type":"WebPage","@id":"https:\/\/www.cubodeideas.com\/blog\/calidad-total\/gestion-de-cambios-efectiva-en-pymes\/","url":"https:\/\/www.cubodeideas.com\/blog\/calidad-total\/gestion-de-cambios-efectiva-en-pymes\/","name":"Gesti\u00f3n de Cambios Efectiva en PYMES -","isPartOf":{"@id":"https:\/\/www.cubodeideas.com\/blog\/#website"},"primaryImageOfPage":{"@id":"https:\/\/www.cubodeideas.com\/blog\/calidad-total\/gestion-de-cambios-efectiva-en-pymes\/#primaryimage"},"image":{"@id":"https:\/\/www.cubodeideas.com\/blog\/calidad-total\/gestion-de-cambios-efectiva-en-pymes\/#primaryimage"},"thumbnailUrl":"https:\/\/www.cubodeideas.com\/blog\/wp-content\/uploads\/2024\/08\/Cubo-de-Ideas4.jpg","datePublished":"2024-08-21T03:21:58+00:00","description":"Aprende c\u00f3mo implementar una gesti\u00f3n de cambios efectiva en tu PYME para mejorar la adaptaci\u00f3n a nuevos procesos y tecnolog\u00edas, maximizando la eficiencia y la satisfacci\u00f3n del empleado.","breadcrumb":{"@id":"https:\/\/www.cubodeideas.com\/blog\/calidad-total\/gestion-de-cambios-efectiva-en-pymes\/#breadcrumb"},"inLanguage":"es","potentialAction":[{"@type":"ReadAction","target":["https:\/\/www.cubodeideas.com\/blog\/calidad-total\/gestion-de-cambios-efectiva-en-pymes\/"]}]},{"@type":"ImageObject","inLanguage":"es","@id":"https:\/\/www.cubodeideas.com\/blog\/calidad-total\/gestion-de-cambios-efectiva-en-pymes\/#primaryimage","url":"https:\/\/www.cubodeideas.com\/blog\/wp-content\/uploads\/2024\/08\/Cubo-de-Ideas4.jpg","contentUrl":"https:\/\/www.cubodeideas.com\/blog\/wp-content\/uploads\/2024\/08\/Cubo-de-Ideas4.jpg","width":1200,"height":628,"caption":"gesti\u00f3n del cambio pyme"},{"@type":"BreadcrumbList","@id":"https:\/\/www.cubodeideas.com\/blog\/calidad-total\/gestion-de-cambios-efectiva-en-pymes\/#breadcrumb","itemListElement":[{"@type":"ListItem","position":1,"name":"Portada","item":"https:\/\/www.cubodeideas.com\/blog\/"},{"@type":"ListItem","position":2,"name":"Gesti\u00f3n de Cambios Efectiva en PYMES"}]},{"@type":"WebSite","@id":"https:\/\/www.cubodeideas.com\/blog\/#website","url":"https:\/\/www.cubodeideas.com\/blog\/","name":"Cubo de Ideas","description":"Cubo de Ideas, El Blog","publisher":{"@id":"https:\/\/www.cubodeideas.com\/blog\/#organization"},"potentialAction":[{"@type":"SearchAction","target":{"@type":"EntryPoint","urlTemplate":"https:\/\/www.cubodeideas.com\/blog\/?s={search_term_string}"},"query-input":{"@type":"PropertyValueSpecification","valueRequired":true,"valueName":"search_term_string"}}],"inLanguage":"es"},{"@type":"Organization","@id":"https:\/\/www.cubodeideas.com\/blog\/#organization","name":"Cubo de Ideas","url":"https:\/\/www.cubodeideas.com\/blog\/","logo":{"@type":"ImageObject","inLanguage":"es","@id":"https:\/\/www.cubodeideas.com\/blog\/#\/schema\/logo\/image\/","url":"https:\/\/www.cubodeideas.com\/blog\/wp-content\/uploads\/2021\/10\/android-icon-72x72-1.png","contentUrl":"https:\/\/www.cubodeideas.com\/blog\/wp-content\/uploads\/2021\/10\/android-icon-72x72-1.png","width":72,"height":72,"caption":"Cubo de Ideas"},"image":{"@id":"https:\/\/www.cubodeideas.com\/blog\/#\/schema\/logo\/image\/"},"sameAs":["https:\/\/www.facebook.com\/somoscubodeideas","https:\/\/x.com\/cubo_ideas","https:\/\/www.instagram.com\/cubodeideas"]},{"@type":"Person","@id":"https:\/\/www.cubodeideas.com\/blog\/#\/schema\/person\/5614e43eb76109017cff51a2c7928211","name":"Noel Castro","description":"LEM Noel Castro Monta\u00f1o es CEO de Cubo de Ideas, Director de Operaciones para Citosa Textiles. Asesor de nuevos mercados y estrategias digitales para el segmento Retail. Especialista en marketing para autoservicios y puntos de venta. Especialista en sistemas de gesti\u00f3n de la calidad con enfoque a la ISO 9001:2015","sameAs":["https:\/\/www.cubodeideas.com\/blog"],"url":"https:\/\/www.cubodeideas.com\/blog\/author\/admin\/"}]}},"jetpack_publicize_connections":[],"_links":{"self":[{"href":"https:\/\/www.cubodeideas.com\/blog\/wp-json\/wp\/v2\/posts\/1898","targetHints":{"allow":["GET"]}}],"collection":[{"href":"https:\/\/www.cubodeideas.com\/blog\/wp-json\/wp\/v2\/posts"}],"about":[{"href":"https:\/\/www.cubodeideas.com\/blog\/wp-json\/wp\/v2\/types\/post"}],"author":[{"embeddable":true,"href":"https:\/\/www.cubodeideas.com\/blog\/wp-json\/wp\/v2\/users\/1"}],"replies":[{"embeddable":true,"href":"https:\/\/www.cubodeideas.com\/blog\/wp-json\/wp\/v2\/comments?post=1898"}],"version-history":[{"count":1,"href":"https:\/\/www.cubodeideas.com\/blog\/wp-json\/wp\/v2\/posts\/1898\/revisions"}],"predecessor-version":[{"id":1900,"href":"https:\/\/www.cubodeideas.com\/blog\/wp-json\/wp\/v2\/posts\/1898\/revisions\/1900"}],"wp:featuredmedia":[{"embeddable":true,"href":"https:\/\/www.cubodeideas.com\/blog\/wp-json\/wp\/v2\/media\/1899"}],"wp:attachment":[{"href":"https:\/\/www.cubodeideas.com\/blog\/wp-json\/wp\/v2\/media?parent=1898"}],"wp:term":[{"taxonomy":"category","embeddable":true,"href":"https:\/\/www.cubodeideas.com\/blog\/wp-json\/wp\/v2\/categories?post=1898"},{"taxonomy":"post_tag","embeddable":true,"href":"https:\/\/www.cubodeideas.com\/blog\/wp-json\/wp\/v2\/tags?post=1898"}],"curies":[{"name":"wp","href":"https:\/\/api.w.org\/{rel}","templated":true}]}}