{"id":1636,"date":"2024-04-09T03:35:19","date_gmt":"2024-04-09T03:35:19","guid":{"rendered":"https:\/\/www.cubodeideas.com\/blog\/?p=1636"},"modified":"2024-04-09T03:35:19","modified_gmt":"2024-04-09T03:35:19","slug":"fundamentos-de-la-gestion-de-la-calidad","status":"publish","type":"post","link":"https:\/\/www.cubodeideas.com\/blog\/negocios\/fundamentos-de-la-gestion-de-la-calidad\/","title":{"rendered":"Fundamentos de la Gesti\u00f3n de la Calidad"},"content":{"rendered":"<p>En el competitivo mundo empresarial de hoy, la calidad es un factor crucial que puede diferenciar a una empresa exitosa de una que lucha por mantenerse a flote. En este art\u00edculo, exploraremos los principios fundamentales de la gesti\u00f3n de la calidad y c\u00f3mo aplicarlos para impulsar el \u00e9xito de tu PYME.<\/p>\n<h2><strong>Enfoque al Cliente:<\/strong><\/h2>\n<p>El enfoque al cliente es un pilar fundamental de la gesti\u00f3n de la calidad. Comprender las necesidades y expectativas de los clientes es esencial para ofrecer productos o servicios que realmente satisfagan sus demandas. Escuchar activamente a los clientes, recopilar sus comentarios y utilizarlos para mejorar continuamente es la clave para mantener la satisfacci\u00f3n del cliente y la lealtad a la marca.<\/p>\n<h2><strong>Liderazgo:<\/strong><\/h2>\n<p>El liderazgo efectivo es otro componente crucial de la gesti\u00f3n de la calidad. Los l\u00edderes de la empresa deben establecer una visi\u00f3n clara de la calidad y comunicarla a todos los niveles de la organizaci\u00f3n. Inspirar a los empleados a adoptar una mentalidad de calidad y proporcionar el apoyo y los recursos necesarios para alcanzar los objetivos de calidad son responsabilidades clave de los l\u00edderes.<\/p>\n<h2><strong>Participaci\u00f3n del Personal:<\/strong><\/h2>\n<p>El compromiso y la participaci\u00f3n activa del personal son esenciales para el \u00e9xito de cualquier iniciativa de calidad. Los empleados deben ser alentados a contribuir con ideas y sugerencias para mejorar los procesos y productos. Fomentar un entorno de trabajo colaborativo y empoderar a los empleados para tomar decisiones relacionadas con la calidad puede generar un mayor compromiso y una cultura de mejora continua.<\/p>\n<h2><strong>Mejora Continua:<\/strong><\/h2>\n<p>La mejora continua es el coraz\u00f3n de la gesti\u00f3n de la calidad. Buscar constantemente formas de optimizar los procesos, eliminar desperdicios y aumentar la eficiencia es fundamental para mantener la competitividad en el mercado. Mediante el uso de herramientas y t\u00e9cnicas como el ciclo PDCA (Planificar, Hacer, Verificar, Actuar) y el Kaizen, las empresas pueden identificar \u00e1reas de mejora y tomar medidas proactivas para abordarlas.<\/p>\n<p><strong>Conclusion:<\/strong> En resumen, los principios de gesti\u00f3n de la calidad son fundamentales para el \u00e9xito empresarial en el mundo actual. Al centrarse en el cliente, ejercer un liderazgo efectivo, fomentar la participaci\u00f3n del personal y buscar continuamente la mejora, las PYME pueden establecer una base s\u00f3lida para la excelencia operativa y el crecimiento sostenible. Al adoptar estos principios y aplicarlos en su d\u00eda a d\u00eda, las empresas pueden diferenciarse en un mercado cada vez m\u00e1s competitivo y satisfacer las necesidades en constante evoluci\u00f3n de sus clientes.<\/p>\n<p>&nbsp;<\/p>\n<p>Imagen de <a href=\"https:\/\/pixabay.com\/es\/users\/geralt-9301\/?utm_source=link-attribution&amp;utm_medium=referral&amp;utm_campaign=image&amp;utm_content=3105873\">Gerd Altmann<\/a> en <a href=\"https:\/\/pixabay.com\/es\/\/?utm_source=link-attribution&amp;utm_medium=referral&amp;utm_campaign=image&amp;utm_content=3105873\">Pixabay<\/a><\/p>\n<div class=\"pvc_clear\"><\/div>\n<p id=\"pvc_stats_1636\" class=\"pvc_stats all  \" data-element-id=\"1636\" style=\"\"><i class=\"pvc-stats-icon medium\" aria-hidden=\"true\"><svg aria-hidden=\"true\" focusable=\"false\" data-prefix=\"far\" data-icon=\"chart-bar\" role=\"img\" xmlns=\"http:\/\/www.w3.org\/2000\/svg\" viewBox=\"0 0 512 512\" class=\"svg-inline--fa fa-chart-bar fa-w-16 fa-2x\"><path fill=\"currentColor\" d=\"M396.8 352h22.4c6.4 0 12.8-6.4 12.8-12.8V108.8c0-6.4-6.4-12.8-12.8-12.8h-22.4c-6.4 0-12.8 6.4-12.8 12.8v230.4c0 6.4 6.4 12.8 12.8 12.8zm-192 0h22.4c6.4 0 12.8-6.4 12.8-12.8V140.8c0-6.4-6.4-12.8-12.8-12.8h-22.4c-6.4 0-12.8 6.4-12.8 12.8v198.4c0 6.4 6.4 12.8 12.8 12.8zm96 0h22.4c6.4 0 12.8-6.4 12.8-12.8V204.8c0-6.4-6.4-12.8-12.8-12.8h-22.4c-6.4 0-12.8 6.4-12.8 12.8v134.4c0 6.4 6.4 12.8 12.8 12.8zM496 400H48V80c0-8.84-7.16-16-16-16H16C7.16 64 0 71.16 0 80v336c0 17.67 14.33 32 32 32h464c8.84 0 16-7.16 16-16v-16c0-8.84-7.16-16-16-16zm-387.2-48h22.4c6.4 0 12.8-6.4 12.8-12.8v-70.4c0-6.4-6.4-12.8-12.8-12.8h-22.4c-6.4 0-12.8 6.4-12.8 12.8v70.4c0 6.4 6.4 12.8 12.8 12.8z\" class=\"\"><\/path><\/svg><\/i> <img loading=\"lazy\" decoding=\"async\" width=\"16\" height=\"16\" alt=\"Loading\" src=\"https:\/\/www.cubodeideas.com\/blog\/wp-content\/plugins\/page-views-count\/ajax-loader-2x.gif\" border=0 \/><\/p>\n<div class=\"pvc_clear\"><\/div>\n","protected":false},"excerpt":{"rendered":"<p>En el competitivo mundo empresarial de hoy, la calidad es un factor crucial que puede diferenciar a una empresa exitosa de una que lucha por mantenerse a flote. En este art\u00edculo, exploraremos los principios fundamentales de la gesti\u00f3n de la calidad y c\u00f3mo aplicarlos para impulsar el \u00e9xito de tu PYME. Enfoque al Cliente: El [&hellip;]<\/p>\n<div class=\"pvc_clear\"><\/div>\n<p id=\"pvc_stats_1636\" class=\"pvc_stats all  \" data-element-id=\"1636\" style=\"\"><i class=\"pvc-stats-icon medium\" aria-hidden=\"true\"><svg aria-hidden=\"true\" focusable=\"false\" data-prefix=\"far\" data-icon=\"chart-bar\" role=\"img\" xmlns=\"http:\/\/www.w3.org\/2000\/svg\" viewBox=\"0 0 512 512\" class=\"svg-inline--fa fa-chart-bar fa-w-16 fa-2x\"><path fill=\"currentColor\" d=\"M396.8 352h22.4c6.4 0 12.8-6.4 12.8-12.8V108.8c0-6.4-6.4-12.8-12.8-12.8h-22.4c-6.4 0-12.8 6.4-12.8 12.8v230.4c0 6.4 6.4 12.8 12.8 12.8zm-192 0h22.4c6.4 0 12.8-6.4 12.8-12.8V140.8c0-6.4-6.4-12.8-12.8-12.8h-22.4c-6.4 0-12.8 6.4-12.8 12.8v198.4c0 6.4 6.4 12.8 12.8 12.8zm96 0h22.4c6.4 0 12.8-6.4 12.8-12.8V204.8c0-6.4-6.4-12.8-12.8-12.8h-22.4c-6.4 0-12.8 6.4-12.8 12.8v134.4c0 6.4 6.4 12.8 12.8 12.8zM496 400H48V80c0-8.84-7.16-16-16-16H16C7.16 64 0 71.16 0 80v336c0 17.67 14.33 32 32 32h464c8.84 0 16-7.16 16-16v-16c0-8.84-7.16-16-16-16zm-387.2-48h22.4c6.4 0 12.8-6.4 12.8-12.8v-70.4c0-6.4-6.4-12.8-12.8-12.8h-22.4c-6.4 0-12.8 6.4-12.8 12.8v70.4c0 6.4 6.4 12.8 12.8 12.8z\" class=\"\"><\/path><\/svg><\/i> <img loading=\"lazy\" decoding=\"async\" width=\"16\" height=\"16\" alt=\"Loading\" src=\"https:\/\/www.cubodeideas.com\/blog\/wp-content\/plugins\/page-views-count\/ajax-loader-2x.gif\" border=0 \/><\/p>\n<div class=\"pvc_clear\"><\/div>\n","protected":false},"author":1,"featured_media":1637,"comment_status":"open","ping_status":"closed","sticky":false,"template":"","format":"standard","meta":{"footnotes":"","jetpack_publicize_message":"","jetpack_publicize_feature_enabled":true,"jetpack_social_post_already_shared":false,"jetpack_social_options":{"image_generator_settings":{"template":"highway","default_image_id":0,"font":"","enabled":false},"version":2}},"categories":[13],"tags":[682,56,128,52,681],"class_list":["post-1636","post","type-post","status-publish","format-standard","has-post-thumbnail","hentry","category-negocios","tag-enfoque-al-cliente","tag-gestion-de-calidad","tag-liderazgo","tag-mejora-continua","tag-principios-de-calidad"],"blocksy_meta":[],"yoast_head":"<!-- This site is optimized with the Yoast SEO plugin v27.0 - https:\/\/yoast.com\/product\/yoast-seo-wordpress\/ -->\n<title>Fundamentos de la Gesti\u00f3n de la Calidad -<\/title>\n<meta name=\"description\" content=\"Aprende los principios clave de la gesti\u00f3n de calidad: enfoque al cliente, liderazgo, participaci\u00f3n del personal y mejora continua. \u00a1Optimiza tu empresa hoy mismo!\" \/>\n<meta name=\"robots\" content=\"index, follow, max-snippet:-1, max-image-preview:large, max-video-preview:-1\" \/>\n<link rel=\"canonical\" href=\"https:\/\/www.cubodeideas.com\/blog\/negocios\/fundamentos-de-la-gestion-de-la-calidad\/\" \/>\n<meta property=\"og:locale\" content=\"es_ES\" \/>\n<meta property=\"og:type\" content=\"article\" \/>\n<meta property=\"og:title\" content=\"Fundamentos de la Gesti\u00f3n de la Calidad -\" \/>\n<meta property=\"og:description\" content=\"Aprende los principios clave de la gesti\u00f3n de calidad: enfoque al cliente, liderazgo, participaci\u00f3n del personal y mejora continua. \u00a1Optimiza tu empresa hoy mismo!\" \/>\n<meta property=\"og:url\" content=\"https:\/\/www.cubodeideas.com\/blog\/negocios\/fundamentos-de-la-gestion-de-la-calidad\/\" \/>\n<meta property=\"article:publisher\" content=\"https:\/\/www.facebook.com\/somoscubodeideas\" \/>\n<meta property=\"article:published_time\" content=\"2024-04-09T03:35:19+00:00\" \/>\n<meta property=\"og:image\" content=\"https:\/\/www.cubodeideas.com\/blog\/wp-content\/uploads\/2024\/04\/businessman-3105873_1280.jpg\" \/>\n\t<meta property=\"og:image:width\" content=\"1280\" \/>\n\t<meta property=\"og:image:height\" content=\"802\" \/>\n\t<meta property=\"og:image:type\" content=\"image\/jpeg\" \/>\n<meta name=\"author\" content=\"Noel Castro\" \/>\n<meta name=\"twitter:card\" content=\"summary_large_image\" \/>\n<meta name=\"twitter:creator\" content=\"@cubo_ideas\" \/>\n<meta name=\"twitter:site\" content=\"@cubo_ideas\" \/>\n<meta name=\"twitter:label1\" content=\"Escrito por\" \/>\n\t<meta name=\"twitter:data1\" content=\"Noel Castro\" \/>\n\t<meta name=\"twitter:label2\" content=\"Tiempo de lectura\" \/>\n\t<meta name=\"twitter:data2\" content=\"2 minutos\" \/>\n<script type=\"application\/ld+json\" class=\"yoast-schema-graph\">{\"@context\":\"https:\/\/schema.org\",\"@graph\":[{\"@type\":\"Article\",\"@id\":\"https:\/\/www.cubodeideas.com\/blog\/negocios\/fundamentos-de-la-gestion-de-la-calidad\/#article\",\"isPartOf\":{\"@id\":\"https:\/\/www.cubodeideas.com\/blog\/negocios\/fundamentos-de-la-gestion-de-la-calidad\/\"},\"author\":{\"name\":\"Noel Castro\",\"@id\":\"https:\/\/www.cubodeideas.com\/blog\/#\/schema\/person\/5614e43eb76109017cff51a2c7928211\"},\"headline\":\"Fundamentos de la Gesti\u00f3n de la Calidad\",\"datePublished\":\"2024-04-09T03:35:19+00:00\",\"mainEntityOfPage\":{\"@id\":\"https:\/\/www.cubodeideas.com\/blog\/negocios\/fundamentos-de-la-gestion-de-la-calidad\/\"},\"wordCount\":439,\"commentCount\":0,\"publisher\":{\"@id\":\"https:\/\/www.cubodeideas.com\/blog\/#organization\"},\"image\":{\"@id\":\"https:\/\/www.cubodeideas.com\/blog\/negocios\/fundamentos-de-la-gestion-de-la-calidad\/#primaryimage\"},\"thumbnailUrl\":\"https:\/\/www.cubodeideas.com\/blog\/wp-content\/uploads\/2024\/04\/businessman-3105873_1280.jpg\",\"keywords\":[\"enfoque al cliente\",\"Gesti\u00f3n de Calidad\",\"liderazgo\",\"Mejora Continua\",\"principios de calidad\"],\"articleSection\":[\"Negocios\"],\"inLanguage\":\"es\",\"potentialAction\":[{\"@type\":\"CommentAction\",\"name\":\"Comment\",\"target\":[\"https:\/\/www.cubodeideas.com\/blog\/negocios\/fundamentos-de-la-gestion-de-la-calidad\/#respond\"]}]},{\"@type\":\"WebPage\",\"@id\":\"https:\/\/www.cubodeideas.com\/blog\/negocios\/fundamentos-de-la-gestion-de-la-calidad\/\",\"url\":\"https:\/\/www.cubodeideas.com\/blog\/negocios\/fundamentos-de-la-gestion-de-la-calidad\/\",\"name\":\"Fundamentos de la Gesti\u00f3n de la Calidad -\",\"isPartOf\":{\"@id\":\"https:\/\/www.cubodeideas.com\/blog\/#website\"},\"primaryImageOfPage\":{\"@id\":\"https:\/\/www.cubodeideas.com\/blog\/negocios\/fundamentos-de-la-gestion-de-la-calidad\/#primaryimage\"},\"image\":{\"@id\":\"https:\/\/www.cubodeideas.com\/blog\/negocios\/fundamentos-de-la-gestion-de-la-calidad\/#primaryimage\"},\"thumbnailUrl\":\"https:\/\/www.cubodeideas.com\/blog\/wp-content\/uploads\/2024\/04\/businessman-3105873_1280.jpg\",\"datePublished\":\"2024-04-09T03:35:19+00:00\",\"description\":\"Aprende los principios clave de la gesti\u00f3n de calidad: enfoque al cliente, liderazgo, participaci\u00f3n del personal y mejora continua. \u00a1Optimiza tu empresa hoy mismo!\",\"breadcrumb\":{\"@id\":\"https:\/\/www.cubodeideas.com\/blog\/negocios\/fundamentos-de-la-gestion-de-la-calidad\/#breadcrumb\"},\"inLanguage\":\"es\",\"potentialAction\":[{\"@type\":\"ReadAction\",\"target\":[\"https:\/\/www.cubodeideas.com\/blog\/negocios\/fundamentos-de-la-gestion-de-la-calidad\/\"]}]},{\"@type\":\"ImageObject\",\"inLanguage\":\"es\",\"@id\":\"https:\/\/www.cubodeideas.com\/blog\/negocios\/fundamentos-de-la-gestion-de-la-calidad\/#primaryimage\",\"url\":\"https:\/\/www.cubodeideas.com\/blog\/wp-content\/uploads\/2024\/04\/businessman-3105873_1280.jpg\",\"contentUrl\":\"https:\/\/www.cubodeideas.com\/blog\/wp-content\/uploads\/2024\/04\/businessman-3105873_1280.jpg\",\"width\":1280,\"height\":802,\"caption\":\"Fundamentos de la Gesti\u00f3n de la Calidad\"},{\"@type\":\"BreadcrumbList\",\"@id\":\"https:\/\/www.cubodeideas.com\/blog\/negocios\/fundamentos-de-la-gestion-de-la-calidad\/#breadcrumb\",\"itemListElement\":[{\"@type\":\"ListItem\",\"position\":1,\"name\":\"Portada\",\"item\":\"https:\/\/www.cubodeideas.com\/blog\/\"},{\"@type\":\"ListItem\",\"position\":2,\"name\":\"Fundamentos de la Gesti\u00f3n de la Calidad\"}]},{\"@type\":\"WebSite\",\"@id\":\"https:\/\/www.cubodeideas.com\/blog\/#website\",\"url\":\"https:\/\/www.cubodeideas.com\/blog\/\",\"name\":\"Cubo de Ideas\",\"description\":\"Cubo de Ideas, El Blog\",\"publisher\":{\"@id\":\"https:\/\/www.cubodeideas.com\/blog\/#organization\"},\"potentialAction\":[{\"@type\":\"SearchAction\",\"target\":{\"@type\":\"EntryPoint\",\"urlTemplate\":\"https:\/\/www.cubodeideas.com\/blog\/?s={search_term_string}\"},\"query-input\":{\"@type\":\"PropertyValueSpecification\",\"valueRequired\":true,\"valueName\":\"search_term_string\"}}],\"inLanguage\":\"es\"},{\"@type\":\"Organization\",\"@id\":\"https:\/\/www.cubodeideas.com\/blog\/#organization\",\"name\":\"Cubo de Ideas\",\"url\":\"https:\/\/www.cubodeideas.com\/blog\/\",\"logo\":{\"@type\":\"ImageObject\",\"inLanguage\":\"es\",\"@id\":\"https:\/\/www.cubodeideas.com\/blog\/#\/schema\/logo\/image\/\",\"url\":\"https:\/\/www.cubodeideas.com\/blog\/wp-content\/uploads\/2021\/10\/android-icon-72x72-1.png\",\"contentUrl\":\"https:\/\/www.cubodeideas.com\/blog\/wp-content\/uploads\/2021\/10\/android-icon-72x72-1.png\",\"width\":72,\"height\":72,\"caption\":\"Cubo de Ideas\"},\"image\":{\"@id\":\"https:\/\/www.cubodeideas.com\/blog\/#\/schema\/logo\/image\/\"},\"sameAs\":[\"https:\/\/www.facebook.com\/somoscubodeideas\",\"https:\/\/x.com\/cubo_ideas\",\"https:\/\/www.instagram.com\/cubodeideas\"]},{\"@type\":\"Person\",\"@id\":\"https:\/\/www.cubodeideas.com\/blog\/#\/schema\/person\/5614e43eb76109017cff51a2c7928211\",\"name\":\"Noel Castro\",\"description\":\"LEM Noel Castro Monta\u00f1o es CEO de Cubo de Ideas, Director de Operaciones para Citosa Textiles. Asesor de nuevos mercados y estrategias digitales para el segmento Retail. Especialista en marketing para autoservicios y puntos de venta. Especialista en sistemas de gesti\u00f3n de la calidad con enfoque a la ISO 9001:2015\",\"sameAs\":[\"https:\/\/www.cubodeideas.com\/blog\"],\"url\":\"https:\/\/www.cubodeideas.com\/blog\/author\/admin\/\"}]}<\/script>\n<!-- \/ Yoast SEO plugin. -->","yoast_head_json":{"title":"Fundamentos de la Gesti\u00f3n de la Calidad -","description":"Aprende los principios clave de la gesti\u00f3n de calidad: enfoque al cliente, liderazgo, participaci\u00f3n del personal y mejora continua. \u00a1Optimiza tu empresa hoy mismo!","robots":{"index":"index","follow":"follow","max-snippet":"max-snippet:-1","max-image-preview":"max-image-preview:large","max-video-preview":"max-video-preview:-1"},"canonical":"https:\/\/www.cubodeideas.com\/blog\/negocios\/fundamentos-de-la-gestion-de-la-calidad\/","og_locale":"es_ES","og_type":"article","og_title":"Fundamentos de la Gesti\u00f3n de la Calidad -","og_description":"Aprende los principios clave de la gesti\u00f3n de calidad: enfoque al cliente, liderazgo, participaci\u00f3n del personal y mejora continua. \u00a1Optimiza tu empresa hoy mismo!","og_url":"https:\/\/www.cubodeideas.com\/blog\/negocios\/fundamentos-de-la-gestion-de-la-calidad\/","article_publisher":"https:\/\/www.facebook.com\/somoscubodeideas","article_published_time":"2024-04-09T03:35:19+00:00","og_image":[{"width":1280,"height":802,"url":"https:\/\/www.cubodeideas.com\/blog\/wp-content\/uploads\/2024\/04\/businessman-3105873_1280.jpg","type":"image\/jpeg"}],"author":"Noel Castro","twitter_card":"summary_large_image","twitter_creator":"@cubo_ideas","twitter_site":"@cubo_ideas","twitter_misc":{"Escrito por":"Noel Castro","Tiempo de lectura":"2 minutos"},"schema":{"@context":"https:\/\/schema.org","@graph":[{"@type":"Article","@id":"https:\/\/www.cubodeideas.com\/blog\/negocios\/fundamentos-de-la-gestion-de-la-calidad\/#article","isPartOf":{"@id":"https:\/\/www.cubodeideas.com\/blog\/negocios\/fundamentos-de-la-gestion-de-la-calidad\/"},"author":{"name":"Noel Castro","@id":"https:\/\/www.cubodeideas.com\/blog\/#\/schema\/person\/5614e43eb76109017cff51a2c7928211"},"headline":"Fundamentos de la Gesti\u00f3n de la Calidad","datePublished":"2024-04-09T03:35:19+00:00","mainEntityOfPage":{"@id":"https:\/\/www.cubodeideas.com\/blog\/negocios\/fundamentos-de-la-gestion-de-la-calidad\/"},"wordCount":439,"commentCount":0,"publisher":{"@id":"https:\/\/www.cubodeideas.com\/blog\/#organization"},"image":{"@id":"https:\/\/www.cubodeideas.com\/blog\/negocios\/fundamentos-de-la-gestion-de-la-calidad\/#primaryimage"},"thumbnailUrl":"https:\/\/www.cubodeideas.com\/blog\/wp-content\/uploads\/2024\/04\/businessman-3105873_1280.jpg","keywords":["enfoque al cliente","Gesti\u00f3n de Calidad","liderazgo","Mejora Continua","principios de calidad"],"articleSection":["Negocios"],"inLanguage":"es","potentialAction":[{"@type":"CommentAction","name":"Comment","target":["https:\/\/www.cubodeideas.com\/blog\/negocios\/fundamentos-de-la-gestion-de-la-calidad\/#respond"]}]},{"@type":"WebPage","@id":"https:\/\/www.cubodeideas.com\/blog\/negocios\/fundamentos-de-la-gestion-de-la-calidad\/","url":"https:\/\/www.cubodeideas.com\/blog\/negocios\/fundamentos-de-la-gestion-de-la-calidad\/","name":"Fundamentos de la Gesti\u00f3n de la Calidad -","isPartOf":{"@id":"https:\/\/www.cubodeideas.com\/blog\/#website"},"primaryImageOfPage":{"@id":"https:\/\/www.cubodeideas.com\/blog\/negocios\/fundamentos-de-la-gestion-de-la-calidad\/#primaryimage"},"image":{"@id":"https:\/\/www.cubodeideas.com\/blog\/negocios\/fundamentos-de-la-gestion-de-la-calidad\/#primaryimage"},"thumbnailUrl":"https:\/\/www.cubodeideas.com\/blog\/wp-content\/uploads\/2024\/04\/businessman-3105873_1280.jpg","datePublished":"2024-04-09T03:35:19+00:00","description":"Aprende los principios clave de la gesti\u00f3n de calidad: enfoque al cliente, liderazgo, participaci\u00f3n del personal y mejora continua. \u00a1Optimiza tu empresa hoy mismo!","breadcrumb":{"@id":"https:\/\/www.cubodeideas.com\/blog\/negocios\/fundamentos-de-la-gestion-de-la-calidad\/#breadcrumb"},"inLanguage":"es","potentialAction":[{"@type":"ReadAction","target":["https:\/\/www.cubodeideas.com\/blog\/negocios\/fundamentos-de-la-gestion-de-la-calidad\/"]}]},{"@type":"ImageObject","inLanguage":"es","@id":"https:\/\/www.cubodeideas.com\/blog\/negocios\/fundamentos-de-la-gestion-de-la-calidad\/#primaryimage","url":"https:\/\/www.cubodeideas.com\/blog\/wp-content\/uploads\/2024\/04\/businessman-3105873_1280.jpg","contentUrl":"https:\/\/www.cubodeideas.com\/blog\/wp-content\/uploads\/2024\/04\/businessman-3105873_1280.jpg","width":1280,"height":802,"caption":"Fundamentos de la Gesti\u00f3n de la Calidad"},{"@type":"BreadcrumbList","@id":"https:\/\/www.cubodeideas.com\/blog\/negocios\/fundamentos-de-la-gestion-de-la-calidad\/#breadcrumb","itemListElement":[{"@type":"ListItem","position":1,"name":"Portada","item":"https:\/\/www.cubodeideas.com\/blog\/"},{"@type":"ListItem","position":2,"name":"Fundamentos de la Gesti\u00f3n de la Calidad"}]},{"@type":"WebSite","@id":"https:\/\/www.cubodeideas.com\/blog\/#website","url":"https:\/\/www.cubodeideas.com\/blog\/","name":"Cubo de Ideas","description":"Cubo de Ideas, El Blog","publisher":{"@id":"https:\/\/www.cubodeideas.com\/blog\/#organization"},"potentialAction":[{"@type":"SearchAction","target":{"@type":"EntryPoint","urlTemplate":"https:\/\/www.cubodeideas.com\/blog\/?s={search_term_string}"},"query-input":{"@type":"PropertyValueSpecification","valueRequired":true,"valueName":"search_term_string"}}],"inLanguage":"es"},{"@type":"Organization","@id":"https:\/\/www.cubodeideas.com\/blog\/#organization","name":"Cubo de Ideas","url":"https:\/\/www.cubodeideas.com\/blog\/","logo":{"@type":"ImageObject","inLanguage":"es","@id":"https:\/\/www.cubodeideas.com\/blog\/#\/schema\/logo\/image\/","url":"https:\/\/www.cubodeideas.com\/blog\/wp-content\/uploads\/2021\/10\/android-icon-72x72-1.png","contentUrl":"https:\/\/www.cubodeideas.com\/blog\/wp-content\/uploads\/2021\/10\/android-icon-72x72-1.png","width":72,"height":72,"caption":"Cubo de Ideas"},"image":{"@id":"https:\/\/www.cubodeideas.com\/blog\/#\/schema\/logo\/image\/"},"sameAs":["https:\/\/www.facebook.com\/somoscubodeideas","https:\/\/x.com\/cubo_ideas","https:\/\/www.instagram.com\/cubodeideas"]},{"@type":"Person","@id":"https:\/\/www.cubodeideas.com\/blog\/#\/schema\/person\/5614e43eb76109017cff51a2c7928211","name":"Noel Castro","description":"LEM Noel Castro Monta\u00f1o es CEO de Cubo de Ideas, Director de Operaciones para Citosa Textiles. Asesor de nuevos mercados y estrategias digitales para el segmento Retail. Especialista en marketing para autoservicios y puntos de venta. Especialista en sistemas de gesti\u00f3n de la calidad con enfoque a la ISO 9001:2015","sameAs":["https:\/\/www.cubodeideas.com\/blog"],"url":"https:\/\/www.cubodeideas.com\/blog\/author\/admin\/"}]}},"jetpack_publicize_connections":[],"_links":{"self":[{"href":"https:\/\/www.cubodeideas.com\/blog\/wp-json\/wp\/v2\/posts\/1636","targetHints":{"allow":["GET"]}}],"collection":[{"href":"https:\/\/www.cubodeideas.com\/blog\/wp-json\/wp\/v2\/posts"}],"about":[{"href":"https:\/\/www.cubodeideas.com\/blog\/wp-json\/wp\/v2\/types\/post"}],"author":[{"embeddable":true,"href":"https:\/\/www.cubodeideas.com\/blog\/wp-json\/wp\/v2\/users\/1"}],"replies":[{"embeddable":true,"href":"https:\/\/www.cubodeideas.com\/blog\/wp-json\/wp\/v2\/comments?post=1636"}],"version-history":[{"count":1,"href":"https:\/\/www.cubodeideas.com\/blog\/wp-json\/wp\/v2\/posts\/1636\/revisions"}],"predecessor-version":[{"id":1638,"href":"https:\/\/www.cubodeideas.com\/blog\/wp-json\/wp\/v2\/posts\/1636\/revisions\/1638"}],"wp:featuredmedia":[{"embeddable":true,"href":"https:\/\/www.cubodeideas.com\/blog\/wp-json\/wp\/v2\/media\/1637"}],"wp:attachment":[{"href":"https:\/\/www.cubodeideas.com\/blog\/wp-json\/wp\/v2\/media?parent=1636"}],"wp:term":[{"taxonomy":"category","embeddable":true,"href":"https:\/\/www.cubodeideas.com\/blog\/wp-json\/wp\/v2\/categories?post=1636"},{"taxonomy":"post_tag","embeddable":true,"href":"https:\/\/www.cubodeideas.com\/blog\/wp-json\/wp\/v2\/tags?post=1636"}],"curies":[{"name":"wp","href":"https:\/\/api.w.org\/{rel}","templated":true}]}}