{"id":1603,"date":"2024-03-19T02:33:42","date_gmt":"2024-03-19T02:33:42","guid":{"rendered":"https:\/\/www.cubodeideas.com\/blog\/?p=1603"},"modified":"2024-03-19T02:33:42","modified_gmt":"2024-03-19T02:33:42","slug":"el-tratado-de-libre-comercio-de-america-del-norte-tlcan-t-mec","status":"publish","type":"post","link":"https:\/\/www.cubodeideas.com\/blog\/negocios\/el-tratado-de-libre-comercio-de-america-del-norte-tlcan-t-mec\/","title":{"rendered":"El Tratado de Libre Comercio de Am\u00e9rica del Norte (TLCAN) \/ T-MEC"},"content":{"rendered":"<p>El comercio internacional es una oportunidad de crecimiento para las empresas, y el TLCAN\/T-MEC juega un papel crucial. Descubre c\u00f3mo aprovechar al m\u00e1ximo este acuerdo.<\/p>\n<p>El Tratado de Libre Comercio de Am\u00e9rica del Norte (TLCAN), ahora conocido como T-MEC, es un acuerdo comercial entre M\u00e9xico, Estados Unidos y Canad\u00e1 que busca fomentar el comercio y la inversi\u00f3n entre los pa\u00edses miembros. Para las empresas mexicanas, entender c\u00f3mo funciona este tratado y c\u00f3mo pueden beneficiarse de \u00e9l es crucial para el \u00e9xito en el mercado internacional.<\/p>\n<h2>\u00bfQu\u00e9 es el TLCAN\/T-MEC?<\/h2>\n<p>El TLCAN\/T-MEC es un acuerdo comercial que elimina los aranceles y las barreras comerciales entre M\u00e9xico, Estados Unidos y Canad\u00e1 en una variedad de productos y servicios. Este tratado crea un mercado m\u00e1s amplio y facilita el intercambio de bienes y servicios entre los pa\u00edses miembros.<\/p>\n<h3>Beneficios para las Empresas Mexicanas<\/h3>\n<ol>\n<li><strong>Acceso al Mercado Estadounidense<\/strong>: Uno de los mayores beneficios del TLCAN\/T-MEC para las empresas mexicanas es el acceso preferencial al mercado estadounidense, uno de los m\u00e1s grandes del mundo. Esto significa que las empresas pueden exportar sus productos a Estados Unidos con aranceles reducidos o eliminados, lo que les brinda una ventaja competitiva significativa.<\/li>\n<li><strong>Cadenas de Suministro Integradas<\/strong>: El TLCAN\/T-MEC promueve la integraci\u00f3n de las cadenas de suministro en Am\u00e9rica del Norte, lo que permite a las empresas mexicanas participar en redes de producci\u00f3n regional. Esto facilita la colaboraci\u00f3n con empresas estadounidenses y canadienses, mejorando la eficiencia y reduciendo los costos de producci\u00f3n.<\/li>\n<li><strong>Estabilidad y Certidumbre<\/strong>: El acuerdo proporciona estabilidad y certidumbre a las empresas al establecer reglas claras y predecibles para el comercio entre los pa\u00edses miembros. Esto fomenta la inversi\u00f3n extranjera y el crecimiento econ\u00f3mico a largo plazo.<\/li>\n<\/ol>\n<h2>Estrategias para Aprovechar el TLCAN\/T-MEC<\/h2>\n<ol>\n<li><strong>Diversificaci\u00f3n de Mercados<\/strong>: Aprovechar el acceso preferencial al mercado estadounidense no significa depender exclusivamente de \u00e9l. Las empresas deben buscar diversificar sus mercados objetivo para reducir el riesgo y aprovechar nuevas oportunidades de crecimiento.<\/li>\n<li><strong>Cumplimiento de Requisitos<\/strong>: Para beneficiarse del TLCAN\/T-MEC, las empresas deben cumplir con los requisitos de origen y otros aspectos del acuerdo. Esto puede implicar la obtenci\u00f3n de certificados de origen y el cumplimiento de normativas espec\u00edficas. Es fundamental entender y cumplir con todas las disposiciones del tratado.<\/li>\n<li><strong>Innovaci\u00f3n y Competitividad<\/strong>: El TLCAN\/T-MEC crea un entorno competitivo que fomenta la innovaci\u00f3n y la mejora continua. Las empresas mexicanas deben enfocarse en la calidad, la eficiencia y la diferenciaci\u00f3n de productos para mantenerse competitivas en el mercado internacional.<\/li>\n<\/ol>\n<h4>Conclusi\u00f3n<\/h4>\n<p>El TLCAN\/T-MEC ofrece una serie de beneficios significativos para las empresas mexicanas que desean expandirse internacionalmente. Al comprender c\u00f3mo funciona el tratado y desarrollar estrategias efectivas para aprovecharlo, las empresas pueden maximizar su \u00e9xito en el mercado internacional y contribuir al crecimiento econ\u00f3mico de M\u00e9xico.<\/p>\n<p>&nbsp;<\/p>\n<p>Imagen de <a href=\"https:\/\/pixabay.com\/es\/users\/ray_shrewsberry-7673058\/?utm_source=link-attribution&amp;utm_medium=referral&amp;utm_campaign=image&amp;utm_content=6602774\">Ray Shrewsberry \u2022<\/a> en <a href=\"https:\/\/pixabay.com\/es\/\/?utm_source=link-attribution&amp;utm_medium=referral&amp;utm_campaign=image&amp;utm_content=6602774\">Pixabay<\/a><\/p>\n<div class=\"pvc_clear\"><\/div>\n<p id=\"pvc_stats_1603\" class=\"pvc_stats all  \" data-element-id=\"1603\" style=\"\"><i class=\"pvc-stats-icon medium\" aria-hidden=\"true\"><svg aria-hidden=\"true\" focusable=\"false\" data-prefix=\"far\" data-icon=\"chart-bar\" role=\"img\" xmlns=\"http:\/\/www.w3.org\/2000\/svg\" viewBox=\"0 0 512 512\" class=\"svg-inline--fa fa-chart-bar fa-w-16 fa-2x\"><path fill=\"currentColor\" d=\"M396.8 352h22.4c6.4 0 12.8-6.4 12.8-12.8V108.8c0-6.4-6.4-12.8-12.8-12.8h-22.4c-6.4 0-12.8 6.4-12.8 12.8v230.4c0 6.4 6.4 12.8 12.8 12.8zm-192 0h22.4c6.4 0 12.8-6.4 12.8-12.8V140.8c0-6.4-6.4-12.8-12.8-12.8h-22.4c-6.4 0-12.8 6.4-12.8 12.8v198.4c0 6.4 6.4 12.8 12.8 12.8zm96 0h22.4c6.4 0 12.8-6.4 12.8-12.8V204.8c0-6.4-6.4-12.8-12.8-12.8h-22.4c-6.4 0-12.8 6.4-12.8 12.8v134.4c0 6.4 6.4 12.8 12.8 12.8zM496 400H48V80c0-8.84-7.16-16-16-16H16C7.16 64 0 71.16 0 80v336c0 17.67 14.33 32 32 32h464c8.84 0 16-7.16 16-16v-16c0-8.84-7.16-16-16-16zm-387.2-48h22.4c6.4 0 12.8-6.4 12.8-12.8v-70.4c0-6.4-6.4-12.8-12.8-12.8h-22.4c-6.4 0-12.8 6.4-12.8 12.8v70.4c0 6.4 6.4 12.8 12.8 12.8z\" class=\"\"><\/path><\/svg><\/i> <img loading=\"lazy\" decoding=\"async\" width=\"16\" height=\"16\" alt=\"Loading\" src=\"https:\/\/www.cubodeideas.com\/blog\/wp-content\/plugins\/page-views-count\/ajax-loader-2x.gif\" border=0 \/><\/p>\n<div class=\"pvc_clear\"><\/div>\n","protected":false},"excerpt":{"rendered":"<p>El comercio internacional es una oportunidad de crecimiento para las empresas, y el TLCAN\/T-MEC juega un papel crucial. Descubre c\u00f3mo aprovechar al m\u00e1ximo este acuerdo. El Tratado de Libre Comercio de Am\u00e9rica del Norte (TLCAN), ahora conocido como T-MEC, es un acuerdo comercial entre M\u00e9xico, Estados Unidos y Canad\u00e1 que busca fomentar el comercio y [&hellip;]<\/p>\n<div class=\"pvc_clear\"><\/div>\n<p id=\"pvc_stats_1603\" class=\"pvc_stats all  \" data-element-id=\"1603\" style=\"\"><i class=\"pvc-stats-icon medium\" aria-hidden=\"true\"><svg aria-hidden=\"true\" focusable=\"false\" data-prefix=\"far\" data-icon=\"chart-bar\" role=\"img\" xmlns=\"http:\/\/www.w3.org\/2000\/svg\" viewBox=\"0 0 512 512\" class=\"svg-inline--fa fa-chart-bar fa-w-16 fa-2x\"><path fill=\"currentColor\" d=\"M396.8 352h22.4c6.4 0 12.8-6.4 12.8-12.8V108.8c0-6.4-6.4-12.8-12.8-12.8h-22.4c-6.4 0-12.8 6.4-12.8 12.8v230.4c0 6.4 6.4 12.8 12.8 12.8zm-192 0h22.4c6.4 0 12.8-6.4 12.8-12.8V140.8c0-6.4-6.4-12.8-12.8-12.8h-22.4c-6.4 0-12.8 6.4-12.8 12.8v198.4c0 6.4 6.4 12.8 12.8 12.8zm96 0h22.4c6.4 0 12.8-6.4 12.8-12.8V204.8c0-6.4-6.4-12.8-12.8-12.8h-22.4c-6.4 0-12.8 6.4-12.8 12.8v134.4c0 6.4 6.4 12.8 12.8 12.8zM496 400H48V80c0-8.84-7.16-16-16-16H16C7.16 64 0 71.16 0 80v336c0 17.67 14.33 32 32 32h464c8.84 0 16-7.16 16-16v-16c0-8.84-7.16-16-16-16zm-387.2-48h22.4c6.4 0 12.8-6.4 12.8-12.8v-70.4c0-6.4-6.4-12.8-12.8-12.8h-22.4c-6.4 0-12.8 6.4-12.8 12.8v70.4c0 6.4 6.4 12.8 12.8 12.8z\" class=\"\"><\/path><\/svg><\/i> <img loading=\"lazy\" decoding=\"async\" width=\"16\" height=\"16\" alt=\"Loading\" src=\"https:\/\/www.cubodeideas.com\/blog\/wp-content\/plugins\/page-views-count\/ajax-loader-2x.gif\" border=0 \/><\/p>\n<div class=\"pvc_clear\"><\/div>\n","protected":false},"author":1,"featured_media":1604,"comment_status":"open","ping_status":"closed","sticky":false,"template":"","format":"standard","meta":{"footnotes":"","jetpack_publicize_message":"","jetpack_publicize_feature_enabled":true,"jetpack_social_post_already_shared":false,"jetpack_social_options":{"image_generator_settings":{"template":"highway","default_image_id":0,"font":"","enabled":false},"version":2}},"categories":[13],"tags":[382,661,15,660,659],"class_list":["post-1603","post","type-post","status-publish","format-standard","has-post-thumbnail","hentry","category-negocios","tag-comercio-internacional","tag-empresas-mexicanas","tag-exportaciones","tag-t-mec","tag-tlcan"],"blocksy_meta":[],"yoast_head":"<!-- This site is optimized with the Yoast SEO plugin v27.0 - https:\/\/yoast.com\/product\/yoast-seo-wordpress\/ -->\n<title>El Tratado de Libre Comercio de Am\u00e9rica del Norte (TLCAN) \/ T-MEC -<\/title>\n<meta name=\"description\" content=\"Descubre c\u00f3mo aprovechar al m\u00e1ximo el TLCAN\/T-MEC para expandir tu negocio. Estrategias, beneficios y claves para el \u00e9xito en el comercio internacional.\" \/>\n<meta name=\"robots\" content=\"index, follow, max-snippet:-1, max-image-preview:large, max-video-preview:-1\" \/>\n<link rel=\"canonical\" href=\"https:\/\/www.cubodeideas.com\/blog\/negocios\/el-tratado-de-libre-comercio-de-america-del-norte-tlcan-t-mec\/\" \/>\n<meta property=\"og:locale\" content=\"es_ES\" \/>\n<meta property=\"og:type\" content=\"article\" \/>\n<meta property=\"og:title\" content=\"El Tratado de Libre Comercio de Am\u00e9rica del Norte (TLCAN) \/ T-MEC -\" \/>\n<meta property=\"og:description\" content=\"Descubre c\u00f3mo aprovechar al m\u00e1ximo el TLCAN\/T-MEC para expandir tu negocio. Estrategias, beneficios y claves para el \u00e9xito en el comercio internacional.\" \/>\n<meta property=\"og:url\" content=\"https:\/\/www.cubodeideas.com\/blog\/negocios\/el-tratado-de-libre-comercio-de-america-del-norte-tlcan-t-mec\/\" \/>\n<meta property=\"article:publisher\" content=\"https:\/\/www.facebook.com\/somoscubodeideas\" \/>\n<meta property=\"article:published_time\" content=\"2024-03-19T02:33:42+00:00\" \/>\n<meta property=\"og:image\" content=\"https:\/\/www.cubodeideas.com\/blog\/wp-content\/uploads\/2024\/03\/american-flag-6602774_1280.jpg\" \/>\n\t<meta property=\"og:image:width\" content=\"1280\" \/>\n\t<meta property=\"og:image:height\" content=\"700\" \/>\n\t<meta property=\"og:image:type\" content=\"image\/jpeg\" \/>\n<meta name=\"author\" content=\"Noel Castro\" \/>\n<meta name=\"twitter:card\" content=\"summary_large_image\" \/>\n<meta name=\"twitter:creator\" content=\"@cubo_ideas\" \/>\n<meta name=\"twitter:site\" content=\"@cubo_ideas\" \/>\n<meta name=\"twitter:label1\" content=\"Escrito por\" \/>\n\t<meta name=\"twitter:data1\" content=\"Noel Castro\" \/>\n\t<meta name=\"twitter:label2\" content=\"Tiempo de lectura\" \/>\n\t<meta name=\"twitter:data2\" content=\"3 minutos\" \/>\n<script type=\"application\/ld+json\" class=\"yoast-schema-graph\">{\"@context\":\"https:\/\/schema.org\",\"@graph\":[{\"@type\":\"Article\",\"@id\":\"https:\/\/www.cubodeideas.com\/blog\/negocios\/el-tratado-de-libre-comercio-de-america-del-norte-tlcan-t-mec\/#article\",\"isPartOf\":{\"@id\":\"https:\/\/www.cubodeideas.com\/blog\/negocios\/el-tratado-de-libre-comercio-de-america-del-norte-tlcan-t-mec\/\"},\"author\":{\"name\":\"Noel Castro\",\"@id\":\"https:\/\/www.cubodeideas.com\/blog\/#\/schema\/person\/5614e43eb76109017cff51a2c7928211\"},\"headline\":\"El Tratado de Libre Comercio de Am\u00e9rica del Norte (TLCAN) \/ T-MEC\",\"datePublished\":\"2024-03-19T02:33:42+00:00\",\"mainEntityOfPage\":{\"@id\":\"https:\/\/www.cubodeideas.com\/blog\/negocios\/el-tratado-de-libre-comercio-de-america-del-norte-tlcan-t-mec\/\"},\"wordCount\":509,\"commentCount\":0,\"publisher\":{\"@id\":\"https:\/\/www.cubodeideas.com\/blog\/#organization\"},\"image\":{\"@id\":\"https:\/\/www.cubodeideas.com\/blog\/negocios\/el-tratado-de-libre-comercio-de-america-del-norte-tlcan-t-mec\/#primaryimage\"},\"thumbnailUrl\":\"https:\/\/www.cubodeideas.com\/blog\/wp-content\/uploads\/2024\/03\/american-flag-6602774_1280.jpg\",\"keywords\":[\"Comercio Internacional\",\"Empresas mexicanas\",\"Exportaciones\",\"T-MEC\",\"TLCAN\"],\"articleSection\":[\"Negocios\"],\"inLanguage\":\"es\",\"potentialAction\":[{\"@type\":\"CommentAction\",\"name\":\"Comment\",\"target\":[\"https:\/\/www.cubodeideas.com\/blog\/negocios\/el-tratado-de-libre-comercio-de-america-del-norte-tlcan-t-mec\/#respond\"]}]},{\"@type\":\"WebPage\",\"@id\":\"https:\/\/www.cubodeideas.com\/blog\/negocios\/el-tratado-de-libre-comercio-de-america-del-norte-tlcan-t-mec\/\",\"url\":\"https:\/\/www.cubodeideas.com\/blog\/negocios\/el-tratado-de-libre-comercio-de-america-del-norte-tlcan-t-mec\/\",\"name\":\"El Tratado de Libre Comercio de Am\u00e9rica del Norte (TLCAN) \/ T-MEC -\",\"isPartOf\":{\"@id\":\"https:\/\/www.cubodeideas.com\/blog\/#website\"},\"primaryImageOfPage\":{\"@id\":\"https:\/\/www.cubodeideas.com\/blog\/negocios\/el-tratado-de-libre-comercio-de-america-del-norte-tlcan-t-mec\/#primaryimage\"},\"image\":{\"@id\":\"https:\/\/www.cubodeideas.com\/blog\/negocios\/el-tratado-de-libre-comercio-de-america-del-norte-tlcan-t-mec\/#primaryimage\"},\"thumbnailUrl\":\"https:\/\/www.cubodeideas.com\/blog\/wp-content\/uploads\/2024\/03\/american-flag-6602774_1280.jpg\",\"datePublished\":\"2024-03-19T02:33:42+00:00\",\"description\":\"Descubre c\u00f3mo aprovechar al m\u00e1ximo el TLCAN\/T-MEC para expandir tu negocio. Estrategias, beneficios y claves para el \u00e9xito en el comercio internacional.\",\"breadcrumb\":{\"@id\":\"https:\/\/www.cubodeideas.com\/blog\/negocios\/el-tratado-de-libre-comercio-de-america-del-norte-tlcan-t-mec\/#breadcrumb\"},\"inLanguage\":\"es\",\"potentialAction\":[{\"@type\":\"ReadAction\",\"target\":[\"https:\/\/www.cubodeideas.com\/blog\/negocios\/el-tratado-de-libre-comercio-de-america-del-norte-tlcan-t-mec\/\"]}]},{\"@type\":\"ImageObject\",\"inLanguage\":\"es\",\"@id\":\"https:\/\/www.cubodeideas.com\/blog\/negocios\/el-tratado-de-libre-comercio-de-america-del-norte-tlcan-t-mec\/#primaryimage\",\"url\":\"https:\/\/www.cubodeideas.com\/blog\/wp-content\/uploads\/2024\/03\/american-flag-6602774_1280.jpg\",\"contentUrl\":\"https:\/\/www.cubodeideas.com\/blog\/wp-content\/uploads\/2024\/03\/american-flag-6602774_1280.jpg\",\"width\":1280,\"height\":700,\"caption\":\"Gu\u00eda del TLCAN\/T-MEC para Empresas Mexicanas\"},{\"@type\":\"BreadcrumbList\",\"@id\":\"https:\/\/www.cubodeideas.com\/blog\/negocios\/el-tratado-de-libre-comercio-de-america-del-norte-tlcan-t-mec\/#breadcrumb\",\"itemListElement\":[{\"@type\":\"ListItem\",\"position\":1,\"name\":\"Portada\",\"item\":\"https:\/\/www.cubodeideas.com\/blog\/\"},{\"@type\":\"ListItem\",\"position\":2,\"name\":\"El Tratado de Libre Comercio de Am\u00e9rica del Norte (TLCAN) \/ T-MEC\"}]},{\"@type\":\"WebSite\",\"@id\":\"https:\/\/www.cubodeideas.com\/blog\/#website\",\"url\":\"https:\/\/www.cubodeideas.com\/blog\/\",\"name\":\"Cubo de Ideas\",\"description\":\"Cubo de Ideas, El Blog\",\"publisher\":{\"@id\":\"https:\/\/www.cubodeideas.com\/blog\/#organization\"},\"potentialAction\":[{\"@type\":\"SearchAction\",\"target\":{\"@type\":\"EntryPoint\",\"urlTemplate\":\"https:\/\/www.cubodeideas.com\/blog\/?s={search_term_string}\"},\"query-input\":{\"@type\":\"PropertyValueSpecification\",\"valueRequired\":true,\"valueName\":\"search_term_string\"}}],\"inLanguage\":\"es\"},{\"@type\":\"Organization\",\"@id\":\"https:\/\/www.cubodeideas.com\/blog\/#organization\",\"name\":\"Cubo de Ideas\",\"url\":\"https:\/\/www.cubodeideas.com\/blog\/\",\"logo\":{\"@type\":\"ImageObject\",\"inLanguage\":\"es\",\"@id\":\"https:\/\/www.cubodeideas.com\/blog\/#\/schema\/logo\/image\/\",\"url\":\"https:\/\/www.cubodeideas.com\/blog\/wp-content\/uploads\/2021\/10\/android-icon-72x72-1.png\",\"contentUrl\":\"https:\/\/www.cubodeideas.com\/blog\/wp-content\/uploads\/2021\/10\/android-icon-72x72-1.png\",\"width\":72,\"height\":72,\"caption\":\"Cubo de Ideas\"},\"image\":{\"@id\":\"https:\/\/www.cubodeideas.com\/blog\/#\/schema\/logo\/image\/\"},\"sameAs\":[\"https:\/\/www.facebook.com\/somoscubodeideas\",\"https:\/\/x.com\/cubo_ideas\",\"https:\/\/www.instagram.com\/cubodeideas\"]},{\"@type\":\"Person\",\"@id\":\"https:\/\/www.cubodeideas.com\/blog\/#\/schema\/person\/5614e43eb76109017cff51a2c7928211\",\"name\":\"Noel Castro\",\"description\":\"LEM Noel Castro Monta\u00f1o es CEO de Cubo de Ideas, Director de Operaciones para Citosa Textiles. Asesor de nuevos mercados y estrategias digitales para el segmento Retail. Especialista en marketing para autoservicios y puntos de venta. Especialista en sistemas de gesti\u00f3n de la calidad con enfoque a la ISO 9001:2015\",\"sameAs\":[\"https:\/\/www.cubodeideas.com\/blog\"],\"url\":\"https:\/\/www.cubodeideas.com\/blog\/author\/admin\/\"}]}<\/script>\n<!-- \/ Yoast SEO plugin. -->","yoast_head_json":{"title":"El Tratado de Libre Comercio de Am\u00e9rica del Norte (TLCAN) \/ T-MEC -","description":"Descubre c\u00f3mo aprovechar al m\u00e1ximo el TLCAN\/T-MEC para expandir tu negocio. Estrategias, beneficios y claves para el \u00e9xito en el comercio internacional.","robots":{"index":"index","follow":"follow","max-snippet":"max-snippet:-1","max-image-preview":"max-image-preview:large","max-video-preview":"max-video-preview:-1"},"canonical":"https:\/\/www.cubodeideas.com\/blog\/negocios\/el-tratado-de-libre-comercio-de-america-del-norte-tlcan-t-mec\/","og_locale":"es_ES","og_type":"article","og_title":"El Tratado de Libre Comercio de Am\u00e9rica del Norte (TLCAN) \/ T-MEC -","og_description":"Descubre c\u00f3mo aprovechar al m\u00e1ximo el TLCAN\/T-MEC para expandir tu negocio. Estrategias, beneficios y claves para el \u00e9xito en el comercio internacional.","og_url":"https:\/\/www.cubodeideas.com\/blog\/negocios\/el-tratado-de-libre-comercio-de-america-del-norte-tlcan-t-mec\/","article_publisher":"https:\/\/www.facebook.com\/somoscubodeideas","article_published_time":"2024-03-19T02:33:42+00:00","og_image":[{"width":1280,"height":700,"url":"https:\/\/www.cubodeideas.com\/blog\/wp-content\/uploads\/2024\/03\/american-flag-6602774_1280.jpg","type":"image\/jpeg"}],"author":"Noel Castro","twitter_card":"summary_large_image","twitter_creator":"@cubo_ideas","twitter_site":"@cubo_ideas","twitter_misc":{"Escrito por":"Noel Castro","Tiempo de lectura":"3 minutos"},"schema":{"@context":"https:\/\/schema.org","@graph":[{"@type":"Article","@id":"https:\/\/www.cubodeideas.com\/blog\/negocios\/el-tratado-de-libre-comercio-de-america-del-norte-tlcan-t-mec\/#article","isPartOf":{"@id":"https:\/\/www.cubodeideas.com\/blog\/negocios\/el-tratado-de-libre-comercio-de-america-del-norte-tlcan-t-mec\/"},"author":{"name":"Noel Castro","@id":"https:\/\/www.cubodeideas.com\/blog\/#\/schema\/person\/5614e43eb76109017cff51a2c7928211"},"headline":"El Tratado de Libre Comercio de Am\u00e9rica del Norte (TLCAN) \/ T-MEC","datePublished":"2024-03-19T02:33:42+00:00","mainEntityOfPage":{"@id":"https:\/\/www.cubodeideas.com\/blog\/negocios\/el-tratado-de-libre-comercio-de-america-del-norte-tlcan-t-mec\/"},"wordCount":509,"commentCount":0,"publisher":{"@id":"https:\/\/www.cubodeideas.com\/blog\/#organization"},"image":{"@id":"https:\/\/www.cubodeideas.com\/blog\/negocios\/el-tratado-de-libre-comercio-de-america-del-norte-tlcan-t-mec\/#primaryimage"},"thumbnailUrl":"https:\/\/www.cubodeideas.com\/blog\/wp-content\/uploads\/2024\/03\/american-flag-6602774_1280.jpg","keywords":["Comercio Internacional","Empresas mexicanas","Exportaciones","T-MEC","TLCAN"],"articleSection":["Negocios"],"inLanguage":"es","potentialAction":[{"@type":"CommentAction","name":"Comment","target":["https:\/\/www.cubodeideas.com\/blog\/negocios\/el-tratado-de-libre-comercio-de-america-del-norte-tlcan-t-mec\/#respond"]}]},{"@type":"WebPage","@id":"https:\/\/www.cubodeideas.com\/blog\/negocios\/el-tratado-de-libre-comercio-de-america-del-norte-tlcan-t-mec\/","url":"https:\/\/www.cubodeideas.com\/blog\/negocios\/el-tratado-de-libre-comercio-de-america-del-norte-tlcan-t-mec\/","name":"El Tratado de Libre Comercio de Am\u00e9rica del Norte (TLCAN) \/ T-MEC -","isPartOf":{"@id":"https:\/\/www.cubodeideas.com\/blog\/#website"},"primaryImageOfPage":{"@id":"https:\/\/www.cubodeideas.com\/blog\/negocios\/el-tratado-de-libre-comercio-de-america-del-norte-tlcan-t-mec\/#primaryimage"},"image":{"@id":"https:\/\/www.cubodeideas.com\/blog\/negocios\/el-tratado-de-libre-comercio-de-america-del-norte-tlcan-t-mec\/#primaryimage"},"thumbnailUrl":"https:\/\/www.cubodeideas.com\/blog\/wp-content\/uploads\/2024\/03\/american-flag-6602774_1280.jpg","datePublished":"2024-03-19T02:33:42+00:00","description":"Descubre c\u00f3mo aprovechar al m\u00e1ximo el TLCAN\/T-MEC para expandir tu negocio. Estrategias, beneficios y claves para el \u00e9xito en el comercio internacional.","breadcrumb":{"@id":"https:\/\/www.cubodeideas.com\/blog\/negocios\/el-tratado-de-libre-comercio-de-america-del-norte-tlcan-t-mec\/#breadcrumb"},"inLanguage":"es","potentialAction":[{"@type":"ReadAction","target":["https:\/\/www.cubodeideas.com\/blog\/negocios\/el-tratado-de-libre-comercio-de-america-del-norte-tlcan-t-mec\/"]}]},{"@type":"ImageObject","inLanguage":"es","@id":"https:\/\/www.cubodeideas.com\/blog\/negocios\/el-tratado-de-libre-comercio-de-america-del-norte-tlcan-t-mec\/#primaryimage","url":"https:\/\/www.cubodeideas.com\/blog\/wp-content\/uploads\/2024\/03\/american-flag-6602774_1280.jpg","contentUrl":"https:\/\/www.cubodeideas.com\/blog\/wp-content\/uploads\/2024\/03\/american-flag-6602774_1280.jpg","width":1280,"height":700,"caption":"Gu\u00eda del TLCAN\/T-MEC para Empresas Mexicanas"},{"@type":"BreadcrumbList","@id":"https:\/\/www.cubodeideas.com\/blog\/negocios\/el-tratado-de-libre-comercio-de-america-del-norte-tlcan-t-mec\/#breadcrumb","itemListElement":[{"@type":"ListItem","position":1,"name":"Portada","item":"https:\/\/www.cubodeideas.com\/blog\/"},{"@type":"ListItem","position":2,"name":"El Tratado de Libre Comercio de Am\u00e9rica del Norte (TLCAN) \/ T-MEC"}]},{"@type":"WebSite","@id":"https:\/\/www.cubodeideas.com\/blog\/#website","url":"https:\/\/www.cubodeideas.com\/blog\/","name":"Cubo de Ideas","description":"Cubo de Ideas, El Blog","publisher":{"@id":"https:\/\/www.cubodeideas.com\/blog\/#organization"},"potentialAction":[{"@type":"SearchAction","target":{"@type":"EntryPoint","urlTemplate":"https:\/\/www.cubodeideas.com\/blog\/?s={search_term_string}"},"query-input":{"@type":"PropertyValueSpecification","valueRequired":true,"valueName":"search_term_string"}}],"inLanguage":"es"},{"@type":"Organization","@id":"https:\/\/www.cubodeideas.com\/blog\/#organization","name":"Cubo de Ideas","url":"https:\/\/www.cubodeideas.com\/blog\/","logo":{"@type":"ImageObject","inLanguage":"es","@id":"https:\/\/www.cubodeideas.com\/blog\/#\/schema\/logo\/image\/","url":"https:\/\/www.cubodeideas.com\/blog\/wp-content\/uploads\/2021\/10\/android-icon-72x72-1.png","contentUrl":"https:\/\/www.cubodeideas.com\/blog\/wp-content\/uploads\/2021\/10\/android-icon-72x72-1.png","width":72,"height":72,"caption":"Cubo de Ideas"},"image":{"@id":"https:\/\/www.cubodeideas.com\/blog\/#\/schema\/logo\/image\/"},"sameAs":["https:\/\/www.facebook.com\/somoscubodeideas","https:\/\/x.com\/cubo_ideas","https:\/\/www.instagram.com\/cubodeideas"]},{"@type":"Person","@id":"https:\/\/www.cubodeideas.com\/blog\/#\/schema\/person\/5614e43eb76109017cff51a2c7928211","name":"Noel Castro","description":"LEM Noel Castro Monta\u00f1o es CEO de Cubo de Ideas, Director de Operaciones para Citosa Textiles. Asesor de nuevos mercados y estrategias digitales para el segmento Retail. Especialista en marketing para autoservicios y puntos de venta. Especialista en sistemas de gesti\u00f3n de la calidad con enfoque a la ISO 9001:2015","sameAs":["https:\/\/www.cubodeideas.com\/blog"],"url":"https:\/\/www.cubodeideas.com\/blog\/author\/admin\/"}]}},"jetpack_publicize_connections":[],"_links":{"self":[{"href":"https:\/\/www.cubodeideas.com\/blog\/wp-json\/wp\/v2\/posts\/1603","targetHints":{"allow":["GET"]}}],"collection":[{"href":"https:\/\/www.cubodeideas.com\/blog\/wp-json\/wp\/v2\/posts"}],"about":[{"href":"https:\/\/www.cubodeideas.com\/blog\/wp-json\/wp\/v2\/types\/post"}],"author":[{"embeddable":true,"href":"https:\/\/www.cubodeideas.com\/blog\/wp-json\/wp\/v2\/users\/1"}],"replies":[{"embeddable":true,"href":"https:\/\/www.cubodeideas.com\/blog\/wp-json\/wp\/v2\/comments?post=1603"}],"version-history":[{"count":1,"href":"https:\/\/www.cubodeideas.com\/blog\/wp-json\/wp\/v2\/posts\/1603\/revisions"}],"predecessor-version":[{"id":1605,"href":"https:\/\/www.cubodeideas.com\/blog\/wp-json\/wp\/v2\/posts\/1603\/revisions\/1605"}],"wp:featuredmedia":[{"embeddable":true,"href":"https:\/\/www.cubodeideas.com\/blog\/wp-json\/wp\/v2\/media\/1604"}],"wp:attachment":[{"href":"https:\/\/www.cubodeideas.com\/blog\/wp-json\/wp\/v2\/media?parent=1603"}],"wp:term":[{"taxonomy":"category","embeddable":true,"href":"https:\/\/www.cubodeideas.com\/blog\/wp-json\/wp\/v2\/categories?post=1603"},{"taxonomy":"post_tag","embeddable":true,"href":"https:\/\/www.cubodeideas.com\/blog\/wp-json\/wp\/v2\/tags?post=1603"}],"curies":[{"name":"wp","href":"https:\/\/api.w.org\/{rel}","templated":true}]}}