{"id":1572,"date":"2024-02-26T05:48:36","date_gmt":"2024-02-26T05:48:36","guid":{"rendered":"https:\/\/www.cubodeideas.com\/blog\/?p=1572"},"modified":"2024-02-26T05:48:36","modified_gmt":"2024-02-26T05:48:36","slug":"proteccion-de-la-propiedad-intelectual","status":"publish","type":"post","link":"https:\/\/www.cubodeideas.com\/blog\/negocios\/proteccion-de-la-propiedad-intelectual\/","title":{"rendered":"Protecci\u00f3n de la Propiedad Intelectual"},"content":{"rendered":"<p>En un mundo cada vez m\u00e1s digitalizado y competitivo, la protecci\u00f3n de la propiedad intelectual se ha convertido en una prioridad para las empresas de todos los tama\u00f1os. En este art\u00edculo, exploraremos en profundidad la importancia de proteger la propiedad intelectual y proporcionaremos estrategias efectivas para asegurar estos activos clave.<\/p>\n<h2><strong>Importancia de Proteger la Propiedad Intelectual<\/strong><\/h2>\n<p>La propiedad intelectual constituye un componente esencial del valor de una empresa. Desde el c\u00f3digo fuente de un software hasta el dise\u00f1o de un producto, los activos de PI representan la innovaci\u00f3n, la creatividad y la ventaja competitiva de una empresa. Sin una protecci\u00f3n adecuada, estos activos est\u00e1n expuestos al riesgo de ser copiados, reproducidos o utilizados sin autorizaci\u00f3n, lo que puede conducir a la p\u00e9rdida de ingresos, la erosi\u00f3n de la reputaci\u00f3n y la disminuci\u00f3n de la ventaja competitiva.<\/p>\n<p>Adem\u00e1s, la protecci\u00f3n de la PI es fundamental para facilitar la colaboraci\u00f3n y las asociaciones comerciales. Las empresas que protegen sus activos intelectuales est\u00e1n en una mejor posici\u00f3n para negociar acuerdos de licencia, colaboraciones de investigaci\u00f3n y alianzas estrat\u00e9gicas, lo que puede impulsar el crecimiento y la expansi\u00f3n del negocio.<\/p>\n<h3><strong>Estrategias de Protecci\u00f3n de la Propiedad Intelectual<\/strong><\/h3>\n<ol>\n<li><strong>Registro de Patentes:<\/strong> Obtener una patente otorga a su titular el derecho exclusivo de explotar una invenci\u00f3n durante un per\u00edodo de tiempo determinado, lo que brinda protecci\u00f3n legal contra la reproducci\u00f3n no autorizada del producto o proceso patentado.<\/li>\n<li><strong>Registro de Marcas Registradas:<\/strong> Registrar una marca comercial protege los signos distintivos de la empresa, como su nombre, logotipo o eslogan, y ayuda a evitar la confusi\u00f3n del consumidor y el uso no autorizado por parte de terceros.<\/li>\n<li><strong>Derechos de Autor:<\/strong> Los derechos de autor protegen obras originales de autor\u00eda, como escritos, m\u00fasica, obras de arte y software, otorgando al autor el derecho exclusivo de reproducir, distribuir y exhibir la obra.<\/li>\n<li><strong>Acuerdos de Confidencialidad y No Divulgaci\u00f3n:<\/strong> Establecer acuerdos de confidencialidad con empleados, contratistas y socios comerciales para proteger la informaci\u00f3n confidencial y los secretos comerciales de la empresa.<\/li>\n<li><strong>Vigilancia de Mercado:<\/strong> Monitorear activamente el mercado en busca de infracciones de PI y tomar medidas legales contra aquellos que violen los derechos de propiedad intelectual de la empresa.<\/li>\n<li><strong>Educaci\u00f3n y Concientizaci\u00f3n:<\/strong> Capacitar a los empleados sobre la importancia de la protecci\u00f3n de la PI y establecer pol\u00edticas y procedimientos internos para garantizar el cumplimiento y la seguridad de los activos intelectuales.<\/li>\n<\/ol>\n<h3><strong>Desaf\u00edos y Consideraciones<\/strong><\/h3>\n<p>A pesar de las numerosas herramientas y estrategias disponibles, proteger la propiedad intelectual puede presentar desaf\u00edos \u00fanicos. Por ejemplo, el proceso de registro de patentes puede ser costoso y llevar mucho tiempo, y mantener la confidencialidad de la informaci\u00f3n confidencial puede ser dif\u00edcil en un entorno empresarial altamente competitivo. Adem\u00e1s, las leyes de propiedad intelectual pueden variar seg\u00fan la jurisdicci\u00f3n, lo que requiere un conocimiento experto para garantizar el cumplimiento adecuado.<\/p>\n<h3><strong>Conclusiones<\/strong><\/h3>\n<p>La protecci\u00f3n de la propiedad intelectual es esencial para salvaguardar los activos intangibles de una empresa y mantener su competitividad en el mercado. Al implementar estrategias efectivas de protecci\u00f3n de PI y estar al tanto de los desaf\u00edos y consideraciones asociados, las empresas pueden proteger su innovaci\u00f3n y creatividad, asegurando su posici\u00f3n a largo plazo en la industria.<\/p>\n<div class=\"pvc_clear\"><\/div>\n<p id=\"pvc_stats_1572\" class=\"pvc_stats all  \" data-element-id=\"1572\" style=\"\"><i class=\"pvc-stats-icon medium\" aria-hidden=\"true\"><svg aria-hidden=\"true\" focusable=\"false\" data-prefix=\"far\" data-icon=\"chart-bar\" role=\"img\" xmlns=\"http:\/\/www.w3.org\/2000\/svg\" viewBox=\"0 0 512 512\" class=\"svg-inline--fa fa-chart-bar fa-w-16 fa-2x\"><path fill=\"currentColor\" d=\"M396.8 352h22.4c6.4 0 12.8-6.4 12.8-12.8V108.8c0-6.4-6.4-12.8-12.8-12.8h-22.4c-6.4 0-12.8 6.4-12.8 12.8v230.4c0 6.4 6.4 12.8 12.8 12.8zm-192 0h22.4c6.4 0 12.8-6.4 12.8-12.8V140.8c0-6.4-6.4-12.8-12.8-12.8h-22.4c-6.4 0-12.8 6.4-12.8 12.8v198.4c0 6.4 6.4 12.8 12.8 12.8zm96 0h22.4c6.4 0 12.8-6.4 12.8-12.8V204.8c0-6.4-6.4-12.8-12.8-12.8h-22.4c-6.4 0-12.8 6.4-12.8 12.8v134.4c0 6.4 6.4 12.8 12.8 12.8zM496 400H48V80c0-8.84-7.16-16-16-16H16C7.16 64 0 71.16 0 80v336c0 17.67 14.33 32 32 32h464c8.84 0 16-7.16 16-16v-16c0-8.84-7.16-16-16-16zm-387.2-48h22.4c6.4 0 12.8-6.4 12.8-12.8v-70.4c0-6.4-6.4-12.8-12.8-12.8h-22.4c-6.4 0-12.8 6.4-12.8 12.8v70.4c0 6.4 6.4 12.8 12.8 12.8z\" class=\"\"><\/path><\/svg><\/i> <img loading=\"lazy\" decoding=\"async\" width=\"16\" height=\"16\" alt=\"Loading\" src=\"https:\/\/www.cubodeideas.com\/blog\/wp-content\/plugins\/page-views-count\/ajax-loader-2x.gif\" border=0 \/><\/p>\n<div class=\"pvc_clear\"><\/div>\n","protected":false},"excerpt":{"rendered":"<p>En un mundo cada vez m\u00e1s digitalizado y competitivo, la protecci\u00f3n de la propiedad intelectual se ha convertido en una prioridad para las empresas de todos los tama\u00f1os. En este art\u00edculo, exploraremos en profundidad la importancia de proteger la propiedad intelectual y proporcionaremos estrategias efectivas para asegurar estos activos clave. Importancia de Proteger la Propiedad [&hellip;]<\/p>\n<div class=\"pvc_clear\"><\/div>\n<p id=\"pvc_stats_1572\" class=\"pvc_stats all  \" data-element-id=\"1572\" style=\"\"><i class=\"pvc-stats-icon medium\" aria-hidden=\"true\"><svg aria-hidden=\"true\" focusable=\"false\" data-prefix=\"far\" data-icon=\"chart-bar\" role=\"img\" xmlns=\"http:\/\/www.w3.org\/2000\/svg\" viewBox=\"0 0 512 512\" class=\"svg-inline--fa fa-chart-bar fa-w-16 fa-2x\"><path fill=\"currentColor\" d=\"M396.8 352h22.4c6.4 0 12.8-6.4 12.8-12.8V108.8c0-6.4-6.4-12.8-12.8-12.8h-22.4c-6.4 0-12.8 6.4-12.8 12.8v230.4c0 6.4 6.4 12.8 12.8 12.8zm-192 0h22.4c6.4 0 12.8-6.4 12.8-12.8V140.8c0-6.4-6.4-12.8-12.8-12.8h-22.4c-6.4 0-12.8 6.4-12.8 12.8v198.4c0 6.4 6.4 12.8 12.8 12.8zm96 0h22.4c6.4 0 12.8-6.4 12.8-12.8V204.8c0-6.4-6.4-12.8-12.8-12.8h-22.4c-6.4 0-12.8 6.4-12.8 12.8v134.4c0 6.4 6.4 12.8 12.8 12.8zM496 400H48V80c0-8.84-7.16-16-16-16H16C7.16 64 0 71.16 0 80v336c0 17.67 14.33 32 32 32h464c8.84 0 16-7.16 16-16v-16c0-8.84-7.16-16-16-16zm-387.2-48h22.4c6.4 0 12.8-6.4 12.8-12.8v-70.4c0-6.4-6.4-12.8-12.8-12.8h-22.4c-6.4 0-12.8 6.4-12.8 12.8v70.4c0 6.4 6.4 12.8 12.8 12.8z\" class=\"\"><\/path><\/svg><\/i> <img loading=\"lazy\" decoding=\"async\" width=\"16\" height=\"16\" alt=\"Loading\" src=\"https:\/\/www.cubodeideas.com\/blog\/wp-content\/plugins\/page-views-count\/ajax-loader-2x.gif\" border=0 \/><\/p>\n<div class=\"pvc_clear\"><\/div>\n","protected":false},"author":1,"featured_media":1573,"comment_status":"open","ping_status":"closed","sticky":false,"template":"","format":"standard","meta":{"footnotes":"","jetpack_publicize_message":"","jetpack_publicize_feature_enabled":true,"jetpack_social_post_already_shared":false,"jetpack_social_options":{"image_generator_settings":{"template":"highway","default_image_id":0,"font":"","enabled":false},"version":2}},"categories":[13],"tags":[632,97,622,631,633],"class_list":["post-1572","post","type-post","status-publish","format-standard","has-post-thumbnail","hentry","category-negocios","tag-estrategias","tag-innovacion","tag-propiedad-intelectual","tag-proteccion","tag-ventaja-competitiva"],"blocksy_meta":[],"yoast_head":"<!-- This site is optimized with the Yoast SEO plugin v27.0 - https:\/\/yoast.com\/product\/yoast-seo-wordpress\/ -->\n<title>Protecci\u00f3n de la Propiedad Intelectual -<\/title>\n<meta name=\"description\" content=\"Descubre c\u00f3mo proteger la propiedad intelectual de tu empresa con estrategias efectivas. Asegura tu innovaci\u00f3n y ventaja competitiva.\" \/>\n<meta name=\"robots\" content=\"index, follow, max-snippet:-1, max-image-preview:large, max-video-preview:-1\" \/>\n<link rel=\"canonical\" href=\"https:\/\/www.cubodeideas.com\/blog\/negocios\/proteccion-de-la-propiedad-intelectual\/\" \/>\n<meta property=\"og:locale\" content=\"es_ES\" \/>\n<meta property=\"og:type\" content=\"article\" \/>\n<meta property=\"og:title\" content=\"Protecci\u00f3n de la Propiedad Intelectual -\" \/>\n<meta property=\"og:description\" content=\"Descubre c\u00f3mo proteger la propiedad intelectual de tu empresa con estrategias efectivas. Asegura tu innovaci\u00f3n y ventaja competitiva.\" \/>\n<meta property=\"og:url\" content=\"https:\/\/www.cubodeideas.com\/blog\/negocios\/proteccion-de-la-propiedad-intelectual\/\" \/>\n<meta property=\"article:publisher\" content=\"https:\/\/www.facebook.com\/somoscubodeideas\" \/>\n<meta property=\"article:published_time\" content=\"2024-02-26T05:48:36+00:00\" \/>\n<meta property=\"og:image\" content=\"https:\/\/www.cubodeideas.com\/blog\/wp-content\/uploads\/2024\/02\/teacher-3765909_1280.jpg\" \/>\n\t<meta property=\"og:image:width\" content=\"1280\" \/>\n\t<meta property=\"og:image:height\" content=\"855\" \/>\n\t<meta property=\"og:image:type\" content=\"image\/jpeg\" \/>\n<meta name=\"author\" content=\"Noel Castro\" \/>\n<meta name=\"twitter:card\" content=\"summary_large_image\" \/>\n<meta name=\"twitter:creator\" content=\"@cubo_ideas\" \/>\n<meta name=\"twitter:site\" content=\"@cubo_ideas\" \/>\n<meta name=\"twitter:label1\" content=\"Escrito por\" \/>\n\t<meta name=\"twitter:data1\" content=\"Noel Castro\" \/>\n\t<meta name=\"twitter:label2\" content=\"Tiempo de lectura\" \/>\n\t<meta name=\"twitter:data2\" content=\"3 minutos\" \/>\n<script type=\"application\/ld+json\" class=\"yoast-schema-graph\">{\"@context\":\"https:\/\/schema.org\",\"@graph\":[{\"@type\":\"Article\",\"@id\":\"https:\/\/www.cubodeideas.com\/blog\/negocios\/proteccion-de-la-propiedad-intelectual\/#article\",\"isPartOf\":{\"@id\":\"https:\/\/www.cubodeideas.com\/blog\/negocios\/proteccion-de-la-propiedad-intelectual\/\"},\"author\":{\"name\":\"Noel Castro\",\"@id\":\"https:\/\/www.cubodeideas.com\/blog\/#\/schema\/person\/5614e43eb76109017cff51a2c7928211\"},\"headline\":\"Protecci\u00f3n de la Propiedad Intelectual\",\"datePublished\":\"2024-02-26T05:48:36+00:00\",\"mainEntityOfPage\":{\"@id\":\"https:\/\/www.cubodeideas.com\/blog\/negocios\/proteccion-de-la-propiedad-intelectual\/\"},\"wordCount\":579,\"commentCount\":0,\"publisher\":{\"@id\":\"https:\/\/www.cubodeideas.com\/blog\/#organization\"},\"image\":{\"@id\":\"https:\/\/www.cubodeideas.com\/blog\/negocios\/proteccion-de-la-propiedad-intelectual\/#primaryimage\"},\"thumbnailUrl\":\"https:\/\/www.cubodeideas.com\/blog\/wp-content\/uploads\/2024\/02\/teacher-3765909_1280.jpg\",\"keywords\":[\"estrategias\",\"innovaci\u00f3n\",\"Propiedad Intelectual\",\"protecci\u00f3n\",\"ventaja competitiva\"],\"articleSection\":[\"Negocios\"],\"inLanguage\":\"es\",\"potentialAction\":[{\"@type\":\"CommentAction\",\"name\":\"Comment\",\"target\":[\"https:\/\/www.cubodeideas.com\/blog\/negocios\/proteccion-de-la-propiedad-intelectual\/#respond\"]}]},{\"@type\":\"WebPage\",\"@id\":\"https:\/\/www.cubodeideas.com\/blog\/negocios\/proteccion-de-la-propiedad-intelectual\/\",\"url\":\"https:\/\/www.cubodeideas.com\/blog\/negocios\/proteccion-de-la-propiedad-intelectual\/\",\"name\":\"Protecci\u00f3n de la Propiedad Intelectual -\",\"isPartOf\":{\"@id\":\"https:\/\/www.cubodeideas.com\/blog\/#website\"},\"primaryImageOfPage\":{\"@id\":\"https:\/\/www.cubodeideas.com\/blog\/negocios\/proteccion-de-la-propiedad-intelectual\/#primaryimage\"},\"image\":{\"@id\":\"https:\/\/www.cubodeideas.com\/blog\/negocios\/proteccion-de-la-propiedad-intelectual\/#primaryimage\"},\"thumbnailUrl\":\"https:\/\/www.cubodeideas.com\/blog\/wp-content\/uploads\/2024\/02\/teacher-3765909_1280.jpg\",\"datePublished\":\"2024-02-26T05:48:36+00:00\",\"description\":\"Descubre c\u00f3mo proteger la propiedad intelectual de tu empresa con estrategias efectivas. Asegura tu innovaci\u00f3n y ventaja competitiva.\",\"breadcrumb\":{\"@id\":\"https:\/\/www.cubodeideas.com\/blog\/negocios\/proteccion-de-la-propiedad-intelectual\/#breadcrumb\"},\"inLanguage\":\"es\",\"potentialAction\":[{\"@type\":\"ReadAction\",\"target\":[\"https:\/\/www.cubodeideas.com\/blog\/negocios\/proteccion-de-la-propiedad-intelectual\/\"]}]},{\"@type\":\"ImageObject\",\"inLanguage\":\"es\",\"@id\":\"https:\/\/www.cubodeideas.com\/blog\/negocios\/proteccion-de-la-propiedad-intelectual\/#primaryimage\",\"url\":\"https:\/\/www.cubodeideas.com\/blog\/wp-content\/uploads\/2024\/02\/teacher-3765909_1280.jpg\",\"contentUrl\":\"https:\/\/www.cubodeideas.com\/blog\/wp-content\/uploads\/2024\/02\/teacher-3765909_1280.jpg\",\"width\":1280,\"height\":855,\"caption\":\"Protecci\u00f3n de la Propiedad Intelectual\"},{\"@type\":\"BreadcrumbList\",\"@id\":\"https:\/\/www.cubodeideas.com\/blog\/negocios\/proteccion-de-la-propiedad-intelectual\/#breadcrumb\",\"itemListElement\":[{\"@type\":\"ListItem\",\"position\":1,\"name\":\"Portada\",\"item\":\"https:\/\/www.cubodeideas.com\/blog\/\"},{\"@type\":\"ListItem\",\"position\":2,\"name\":\"Protecci\u00f3n de la Propiedad Intelectual\"}]},{\"@type\":\"WebSite\",\"@id\":\"https:\/\/www.cubodeideas.com\/blog\/#website\",\"url\":\"https:\/\/www.cubodeideas.com\/blog\/\",\"name\":\"Cubo de Ideas\",\"description\":\"Cubo de Ideas, El Blog\",\"publisher\":{\"@id\":\"https:\/\/www.cubodeideas.com\/blog\/#organization\"},\"potentialAction\":[{\"@type\":\"SearchAction\",\"target\":{\"@type\":\"EntryPoint\",\"urlTemplate\":\"https:\/\/www.cubodeideas.com\/blog\/?s={search_term_string}\"},\"query-input\":{\"@type\":\"PropertyValueSpecification\",\"valueRequired\":true,\"valueName\":\"search_term_string\"}}],\"inLanguage\":\"es\"},{\"@type\":\"Organization\",\"@id\":\"https:\/\/www.cubodeideas.com\/blog\/#organization\",\"name\":\"Cubo de Ideas\",\"url\":\"https:\/\/www.cubodeideas.com\/blog\/\",\"logo\":{\"@type\":\"ImageObject\",\"inLanguage\":\"es\",\"@id\":\"https:\/\/www.cubodeideas.com\/blog\/#\/schema\/logo\/image\/\",\"url\":\"https:\/\/www.cubodeideas.com\/blog\/wp-content\/uploads\/2021\/10\/android-icon-72x72-1.png\",\"contentUrl\":\"https:\/\/www.cubodeideas.com\/blog\/wp-content\/uploads\/2021\/10\/android-icon-72x72-1.png\",\"width\":72,\"height\":72,\"caption\":\"Cubo de Ideas\"},\"image\":{\"@id\":\"https:\/\/www.cubodeideas.com\/blog\/#\/schema\/logo\/image\/\"},\"sameAs\":[\"https:\/\/www.facebook.com\/somoscubodeideas\",\"https:\/\/x.com\/cubo_ideas\",\"https:\/\/www.instagram.com\/cubodeideas\"]},{\"@type\":\"Person\",\"@id\":\"https:\/\/www.cubodeideas.com\/blog\/#\/schema\/person\/5614e43eb76109017cff51a2c7928211\",\"name\":\"Noel Castro\",\"description\":\"LEM Noel Castro Monta\u00f1o es CEO de Cubo de Ideas, Director de Operaciones para Citosa Textiles. Asesor de nuevos mercados y estrategias digitales para el segmento Retail. Especialista en marketing para autoservicios y puntos de venta. Especialista en sistemas de gesti\u00f3n de la calidad con enfoque a la ISO 9001:2015\",\"sameAs\":[\"https:\/\/www.cubodeideas.com\/blog\"],\"url\":\"https:\/\/www.cubodeideas.com\/blog\/author\/admin\/\"}]}<\/script>\n<!-- \/ Yoast SEO plugin. -->","yoast_head_json":{"title":"Protecci\u00f3n de la Propiedad Intelectual -","description":"Descubre c\u00f3mo proteger la propiedad intelectual de tu empresa con estrategias efectivas. Asegura tu innovaci\u00f3n y ventaja competitiva.","robots":{"index":"index","follow":"follow","max-snippet":"max-snippet:-1","max-image-preview":"max-image-preview:large","max-video-preview":"max-video-preview:-1"},"canonical":"https:\/\/www.cubodeideas.com\/blog\/negocios\/proteccion-de-la-propiedad-intelectual\/","og_locale":"es_ES","og_type":"article","og_title":"Protecci\u00f3n de la Propiedad Intelectual -","og_description":"Descubre c\u00f3mo proteger la propiedad intelectual de tu empresa con estrategias efectivas. Asegura tu innovaci\u00f3n y ventaja competitiva.","og_url":"https:\/\/www.cubodeideas.com\/blog\/negocios\/proteccion-de-la-propiedad-intelectual\/","article_publisher":"https:\/\/www.facebook.com\/somoscubodeideas","article_published_time":"2024-02-26T05:48:36+00:00","og_image":[{"width":1280,"height":855,"url":"https:\/\/www.cubodeideas.com\/blog\/wp-content\/uploads\/2024\/02\/teacher-3765909_1280.jpg","type":"image\/jpeg"}],"author":"Noel Castro","twitter_card":"summary_large_image","twitter_creator":"@cubo_ideas","twitter_site":"@cubo_ideas","twitter_misc":{"Escrito por":"Noel Castro","Tiempo de lectura":"3 minutos"},"schema":{"@context":"https:\/\/schema.org","@graph":[{"@type":"Article","@id":"https:\/\/www.cubodeideas.com\/blog\/negocios\/proteccion-de-la-propiedad-intelectual\/#article","isPartOf":{"@id":"https:\/\/www.cubodeideas.com\/blog\/negocios\/proteccion-de-la-propiedad-intelectual\/"},"author":{"name":"Noel Castro","@id":"https:\/\/www.cubodeideas.com\/blog\/#\/schema\/person\/5614e43eb76109017cff51a2c7928211"},"headline":"Protecci\u00f3n de la Propiedad Intelectual","datePublished":"2024-02-26T05:48:36+00:00","mainEntityOfPage":{"@id":"https:\/\/www.cubodeideas.com\/blog\/negocios\/proteccion-de-la-propiedad-intelectual\/"},"wordCount":579,"commentCount":0,"publisher":{"@id":"https:\/\/www.cubodeideas.com\/blog\/#organization"},"image":{"@id":"https:\/\/www.cubodeideas.com\/blog\/negocios\/proteccion-de-la-propiedad-intelectual\/#primaryimage"},"thumbnailUrl":"https:\/\/www.cubodeideas.com\/blog\/wp-content\/uploads\/2024\/02\/teacher-3765909_1280.jpg","keywords":["estrategias","innovaci\u00f3n","Propiedad Intelectual","protecci\u00f3n","ventaja competitiva"],"articleSection":["Negocios"],"inLanguage":"es","potentialAction":[{"@type":"CommentAction","name":"Comment","target":["https:\/\/www.cubodeideas.com\/blog\/negocios\/proteccion-de-la-propiedad-intelectual\/#respond"]}]},{"@type":"WebPage","@id":"https:\/\/www.cubodeideas.com\/blog\/negocios\/proteccion-de-la-propiedad-intelectual\/","url":"https:\/\/www.cubodeideas.com\/blog\/negocios\/proteccion-de-la-propiedad-intelectual\/","name":"Protecci\u00f3n de la Propiedad Intelectual -","isPartOf":{"@id":"https:\/\/www.cubodeideas.com\/blog\/#website"},"primaryImageOfPage":{"@id":"https:\/\/www.cubodeideas.com\/blog\/negocios\/proteccion-de-la-propiedad-intelectual\/#primaryimage"},"image":{"@id":"https:\/\/www.cubodeideas.com\/blog\/negocios\/proteccion-de-la-propiedad-intelectual\/#primaryimage"},"thumbnailUrl":"https:\/\/www.cubodeideas.com\/blog\/wp-content\/uploads\/2024\/02\/teacher-3765909_1280.jpg","datePublished":"2024-02-26T05:48:36+00:00","description":"Descubre c\u00f3mo proteger la propiedad intelectual de tu empresa con estrategias efectivas. Asegura tu innovaci\u00f3n y ventaja competitiva.","breadcrumb":{"@id":"https:\/\/www.cubodeideas.com\/blog\/negocios\/proteccion-de-la-propiedad-intelectual\/#breadcrumb"},"inLanguage":"es","potentialAction":[{"@type":"ReadAction","target":["https:\/\/www.cubodeideas.com\/blog\/negocios\/proteccion-de-la-propiedad-intelectual\/"]}]},{"@type":"ImageObject","inLanguage":"es","@id":"https:\/\/www.cubodeideas.com\/blog\/negocios\/proteccion-de-la-propiedad-intelectual\/#primaryimage","url":"https:\/\/www.cubodeideas.com\/blog\/wp-content\/uploads\/2024\/02\/teacher-3765909_1280.jpg","contentUrl":"https:\/\/www.cubodeideas.com\/blog\/wp-content\/uploads\/2024\/02\/teacher-3765909_1280.jpg","width":1280,"height":855,"caption":"Protecci\u00f3n de la Propiedad Intelectual"},{"@type":"BreadcrumbList","@id":"https:\/\/www.cubodeideas.com\/blog\/negocios\/proteccion-de-la-propiedad-intelectual\/#breadcrumb","itemListElement":[{"@type":"ListItem","position":1,"name":"Portada","item":"https:\/\/www.cubodeideas.com\/blog\/"},{"@type":"ListItem","position":2,"name":"Protecci\u00f3n de la Propiedad Intelectual"}]},{"@type":"WebSite","@id":"https:\/\/www.cubodeideas.com\/blog\/#website","url":"https:\/\/www.cubodeideas.com\/blog\/","name":"Cubo de Ideas","description":"Cubo de Ideas, El Blog","publisher":{"@id":"https:\/\/www.cubodeideas.com\/blog\/#organization"},"potentialAction":[{"@type":"SearchAction","target":{"@type":"EntryPoint","urlTemplate":"https:\/\/www.cubodeideas.com\/blog\/?s={search_term_string}"},"query-input":{"@type":"PropertyValueSpecification","valueRequired":true,"valueName":"search_term_string"}}],"inLanguage":"es"},{"@type":"Organization","@id":"https:\/\/www.cubodeideas.com\/blog\/#organization","name":"Cubo de Ideas","url":"https:\/\/www.cubodeideas.com\/blog\/","logo":{"@type":"ImageObject","inLanguage":"es","@id":"https:\/\/www.cubodeideas.com\/blog\/#\/schema\/logo\/image\/","url":"https:\/\/www.cubodeideas.com\/blog\/wp-content\/uploads\/2021\/10\/android-icon-72x72-1.png","contentUrl":"https:\/\/www.cubodeideas.com\/blog\/wp-content\/uploads\/2021\/10\/android-icon-72x72-1.png","width":72,"height":72,"caption":"Cubo de Ideas"},"image":{"@id":"https:\/\/www.cubodeideas.com\/blog\/#\/schema\/logo\/image\/"},"sameAs":["https:\/\/www.facebook.com\/somoscubodeideas","https:\/\/x.com\/cubo_ideas","https:\/\/www.instagram.com\/cubodeideas"]},{"@type":"Person","@id":"https:\/\/www.cubodeideas.com\/blog\/#\/schema\/person\/5614e43eb76109017cff51a2c7928211","name":"Noel Castro","description":"LEM Noel Castro Monta\u00f1o es CEO de Cubo de Ideas, Director de Operaciones para Citosa Textiles. Asesor de nuevos mercados y estrategias digitales para el segmento Retail. Especialista en marketing para autoservicios y puntos de venta. Especialista en sistemas de gesti\u00f3n de la calidad con enfoque a la ISO 9001:2015","sameAs":["https:\/\/www.cubodeideas.com\/blog"],"url":"https:\/\/www.cubodeideas.com\/blog\/author\/admin\/"}]}},"jetpack_publicize_connections":[],"_links":{"self":[{"href":"https:\/\/www.cubodeideas.com\/blog\/wp-json\/wp\/v2\/posts\/1572","targetHints":{"allow":["GET"]}}],"collection":[{"href":"https:\/\/www.cubodeideas.com\/blog\/wp-json\/wp\/v2\/posts"}],"about":[{"href":"https:\/\/www.cubodeideas.com\/blog\/wp-json\/wp\/v2\/types\/post"}],"author":[{"embeddable":true,"href":"https:\/\/www.cubodeideas.com\/blog\/wp-json\/wp\/v2\/users\/1"}],"replies":[{"embeddable":true,"href":"https:\/\/www.cubodeideas.com\/blog\/wp-json\/wp\/v2\/comments?post=1572"}],"version-history":[{"count":1,"href":"https:\/\/www.cubodeideas.com\/blog\/wp-json\/wp\/v2\/posts\/1572\/revisions"}],"predecessor-version":[{"id":1574,"href":"https:\/\/www.cubodeideas.com\/blog\/wp-json\/wp\/v2\/posts\/1572\/revisions\/1574"}],"wp:featuredmedia":[{"embeddable":true,"href":"https:\/\/www.cubodeideas.com\/blog\/wp-json\/wp\/v2\/media\/1573"}],"wp:attachment":[{"href":"https:\/\/www.cubodeideas.com\/blog\/wp-json\/wp\/v2\/media?parent=1572"}],"wp:term":[{"taxonomy":"category","embeddable":true,"href":"https:\/\/www.cubodeideas.com\/blog\/wp-json\/wp\/v2\/categories?post=1572"},{"taxonomy":"post_tag","embeddable":true,"href":"https:\/\/www.cubodeideas.com\/blog\/wp-json\/wp\/v2\/tags?post=1572"}],"curies":[{"name":"wp","href":"https:\/\/api.w.org\/{rel}","templated":true}]}}