{"id":1551,"date":"2024-02-26T05:14:14","date_gmt":"2024-02-26T05:14:14","guid":{"rendered":"https:\/\/www.cubodeideas.com\/blog\/?p=1551"},"modified":"2024-02-26T05:14:14","modified_gmt":"2024-02-26T05:14:14","slug":"cultura-de-innovacion-y-espacios-creativos","status":"publish","type":"post","link":"https:\/\/www.cubodeideas.com\/blog\/negocios\/cultura-de-innovacion-y-espacios-creativos\/","title":{"rendered":"Cultura de Innovaci\u00f3n y Espacios Creativos"},"content":{"rendered":"<p>En el mundo empresarial actual, la innovaci\u00f3n y el pensamiento creativo son elementos cruciales para el \u00e9xito. En este art\u00edculo, exploraremos c\u00f3mo cultivar una cultura de innovaci\u00f3n y crear espacios que fomenten la creatividad en las pymes.<\/p>\n<h2><strong>Importancia de una Cultura de Innovaci\u00f3n<\/strong><\/h2>\n<p>Una cultura de innovaci\u00f3n impulsa a las empresas hacia adelante, fomentando la experimentaci\u00f3n, la colaboraci\u00f3n y la b\u00fasqueda constante de nuevas ideas. En un entorno de r\u00e1pido cambio, las empresas que no innovan corren el riesgo de quedarse atr\u00e1s. Cultivar una cultura de innovaci\u00f3n no solo inspira a los empleados a pensar de manera creativa, sino que tambi\u00e9n les brinda la libertad y el apoyo necesarios para llevar sus ideas a la realidad.<\/p>\n<h3><strong>Elementos Clave de una Cultura de Innovaci\u00f3n<\/strong><\/h3>\n<ul>\n<li><strong>Liderazgo Inspirador:<\/strong> Los l\u00edderes juegan un papel fundamental en el fomento de una cultura de innovaci\u00f3n al establecer el tono, proporcionar recursos y reconocer el valor de nuevas ideas.<\/li>\n<li><strong>Fomento de la Diversidad:<\/strong> La diversidad de perspectivas y experiencias promueve la creatividad al desafiar las ideas convencionales y fomentar la resoluci\u00f3n de problemas desde diferentes \u00e1ngulos.<\/li>\n<li><strong>Espacios Creativos:<\/strong> Los entornos f\u00edsicos y virtuales que fomentan la colaboraci\u00f3n y la experimentaci\u00f3n son fundamentales para estimular la creatividad y la innovaci\u00f3n.<\/li>\n<li><strong>Procesos Flexibles:<\/strong> Los procesos \u00e1giles y flexibles permiten a las empresas adaptarse r\u00e1pidamente a cambios y aprovechar nuevas oportunidades de manera efectiva.<\/li>\n<\/ul>\n<h3><strong>Creaci\u00f3n de Espacios Creativos<\/strong><\/h3>\n<p>Los espacios creativos son entornos dise\u00f1ados para inspirar la innovaci\u00f3n y el pensamiento creativo. Estos pueden variar desde salas de reuniones abiertas y \u00e1reas de trabajo colaborativas hasta zonas de descanso relajantes y salas de juego. La clave para dise\u00f1ar un espacio creativo efectivo es entender las necesidades y preferencias de los empleados, as\u00ed como proporcionar una mezcla equilibrada de est\u00edmulos visuales, sociales y cognitivos.<\/p>\n<h3><strong>Beneficios de los Espacios Creativos<\/strong><\/h3>\n<ul>\n<li><strong>Estimulan la Creatividad:<\/strong> Los espacios creativos proporcionan un entorno propicio para el pensamiento creativo al ofrecer est\u00edmulos visuales y sociales que inspiran nuevas ideas.<\/li>\n<li><strong>Fomentan la Colaboraci\u00f3n:<\/strong> Los espacios abiertos y colaborativos facilitan la interacci\u00f3n entre los empleados y fomentan la colaboraci\u00f3n en proyectos innovadores.<\/li>\n<li><strong>Mejoran el Bienestar:<\/strong> Los entornos de trabajo bien dise\u00f1ados pueden mejorar el bienestar de los empleados al proporcionar \u00e1reas de descanso c\u00f3modas y espacios tranquilos para la reflexi\u00f3n y el rejuvenecimiento.<\/li>\n<li><strong>Aumentan la Productividad:<\/strong> Los espacios creativos pueden aumentar la productividad al eliminar las barreras f\u00edsicas y mentales que pueden obstaculizar la creatividad y la colaboraci\u00f3n.<\/li>\n<\/ul>\n<h3><strong>Conclusiones<\/strong><\/h3>\n<p>En conclusi\u00f3n, cultivar una cultura de innovaci\u00f3n y crear espacios creativos son estrategias poderosas para impulsar el \u00e9xito empresarial en un mundo cada vez m\u00e1s competitivo. Al fomentar la creatividad y la colaboraci\u00f3n, las pymes pueden generar nuevas ideas, resolver problemas de manera efectiva y mantenerse a la vanguardia de la innovaci\u00f3n en sus industrias.<\/p>\n<p>Imagen de <a href=\"https:\/\/pixabay.com\/es\/users\/whitedaemon-1982503\/?utm_source=link-attribution&amp;utm_medium=referral&amp;utm_campaign=image&amp;utm_content=2985569\">Alexandr Ivanov<\/a> en <a href=\"https:\/\/pixabay.com\/es\/\/?utm_source=link-attribution&amp;utm_medium=referral&amp;utm_campaign=image&amp;utm_content=2985569\">Pixabay<\/a><\/p>\n<p>&nbsp;<\/p>\n<div class=\"pvc_clear\"><\/div>\n<p id=\"pvc_stats_1551\" class=\"pvc_stats all  \" data-element-id=\"1551\" style=\"\"><i class=\"pvc-stats-icon medium\" aria-hidden=\"true\"><svg aria-hidden=\"true\" focusable=\"false\" data-prefix=\"far\" data-icon=\"chart-bar\" role=\"img\" xmlns=\"http:\/\/www.w3.org\/2000\/svg\" viewBox=\"0 0 512 512\" class=\"svg-inline--fa fa-chart-bar fa-w-16 fa-2x\"><path fill=\"currentColor\" d=\"M396.8 352h22.4c6.4 0 12.8-6.4 12.8-12.8V108.8c0-6.4-6.4-12.8-12.8-12.8h-22.4c-6.4 0-12.8 6.4-12.8 12.8v230.4c0 6.4 6.4 12.8 12.8 12.8zm-192 0h22.4c6.4 0 12.8-6.4 12.8-12.8V140.8c0-6.4-6.4-12.8-12.8-12.8h-22.4c-6.4 0-12.8 6.4-12.8 12.8v198.4c0 6.4 6.4 12.8 12.8 12.8zm96 0h22.4c6.4 0 12.8-6.4 12.8-12.8V204.8c0-6.4-6.4-12.8-12.8-12.8h-22.4c-6.4 0-12.8 6.4-12.8 12.8v134.4c0 6.4 6.4 12.8 12.8 12.8zM496 400H48V80c0-8.84-7.16-16-16-16H16C7.16 64 0 71.16 0 80v336c0 17.67 14.33 32 32 32h464c8.84 0 16-7.16 16-16v-16c0-8.84-7.16-16-16-16zm-387.2-48h22.4c6.4 0 12.8-6.4 12.8-12.8v-70.4c0-6.4-6.4-12.8-12.8-12.8h-22.4c-6.4 0-12.8 6.4-12.8 12.8v70.4c0 6.4 6.4 12.8 12.8 12.8z\" class=\"\"><\/path><\/svg><\/i> <img loading=\"lazy\" decoding=\"async\" width=\"16\" height=\"16\" alt=\"Loading\" src=\"https:\/\/www.cubodeideas.com\/blog\/wp-content\/plugins\/page-views-count\/ajax-loader-2x.gif\" border=0 \/><\/p>\n<div class=\"pvc_clear\"><\/div>\n","protected":false},"excerpt":{"rendered":"<p>En el mundo empresarial actual, la innovaci\u00f3n y el pensamiento creativo son elementos cruciales para el \u00e9xito. En este art\u00edculo, exploraremos c\u00f3mo cultivar una cultura de innovaci\u00f3n y crear espacios que fomenten la creatividad en las pymes. Importancia de una Cultura de Innovaci\u00f3n Una cultura de innovaci\u00f3n impulsa a las empresas hacia adelante, fomentando la [&hellip;]<\/p>\n<div class=\"pvc_clear\"><\/div>\n<p id=\"pvc_stats_1551\" class=\"pvc_stats all  \" data-element-id=\"1551\" style=\"\"><i class=\"pvc-stats-icon medium\" aria-hidden=\"true\"><svg aria-hidden=\"true\" focusable=\"false\" data-prefix=\"far\" data-icon=\"chart-bar\" role=\"img\" xmlns=\"http:\/\/www.w3.org\/2000\/svg\" viewBox=\"0 0 512 512\" class=\"svg-inline--fa fa-chart-bar fa-w-16 fa-2x\"><path fill=\"currentColor\" d=\"M396.8 352h22.4c6.4 0 12.8-6.4 12.8-12.8V108.8c0-6.4-6.4-12.8-12.8-12.8h-22.4c-6.4 0-12.8 6.4-12.8 12.8v230.4c0 6.4 6.4 12.8 12.8 12.8zm-192 0h22.4c6.4 0 12.8-6.4 12.8-12.8V140.8c0-6.4-6.4-12.8-12.8-12.8h-22.4c-6.4 0-12.8 6.4-12.8 12.8v198.4c0 6.4 6.4 12.8 12.8 12.8zm96 0h22.4c6.4 0 12.8-6.4 12.8-12.8V204.8c0-6.4-6.4-12.8-12.8-12.8h-22.4c-6.4 0-12.8 6.4-12.8 12.8v134.4c0 6.4 6.4 12.8 12.8 12.8zM496 400H48V80c0-8.84-7.16-16-16-16H16C7.16 64 0 71.16 0 80v336c0 17.67 14.33 32 32 32h464c8.84 0 16-7.16 16-16v-16c0-8.84-7.16-16-16-16zm-387.2-48h22.4c6.4 0 12.8-6.4 12.8-12.8v-70.4c0-6.4-6.4-12.8-12.8-12.8h-22.4c-6.4 0-12.8 6.4-12.8 12.8v70.4c0 6.4 6.4 12.8 12.8 12.8z\" class=\"\"><\/path><\/svg><\/i> <img loading=\"lazy\" decoding=\"async\" width=\"16\" height=\"16\" alt=\"Loading\" src=\"https:\/\/www.cubodeideas.com\/blog\/wp-content\/plugins\/page-views-count\/ajax-loader-2x.gif\" border=0 \/><\/p>\n<div class=\"pvc_clear\"><\/div>\n","protected":false},"author":1,"featured_media":1552,"comment_status":"open","ping_status":"closed","sticky":false,"template":"","format":"standard","meta":{"footnotes":"","jetpack_publicize_message":"","jetpack_publicize_feature_enabled":true,"jetpack_social_post_already_shared":false,"jetpack_social_options":{"image_generator_settings":{"template":"highway","default_image_id":0,"font":"","enabled":false},"version":2}},"categories":[13],"tags":[616,617,618,97,45],"class_list":["post-1551","post","type-post","status-publish","format-standard","has-post-thumbnail","hentry","category-negocios","tag-creatividad","tag-cultura-empresarial","tag-espacios-creativos","tag-innovacion","tag-pymes"],"blocksy_meta":[],"yoast_head":"<!-- This site is optimized with the Yoast SEO plugin v27.0 - https:\/\/yoast.com\/product\/yoast-seo-wordpress\/ -->\n<title>Cultura de Innovaci\u00f3n y Espacios Creativos -<\/title>\n<meta name=\"description\" content=\"Explora la importancia de una cultura de innovaci\u00f3n y espacios creativos en las pymes. Impulsa la creatividad y el \u00e9xito empresarial. \u00a1Lee m\u00e1s aqu\u00ed!\" \/>\n<meta name=\"robots\" content=\"index, follow, max-snippet:-1, max-image-preview:large, max-video-preview:-1\" \/>\n<link rel=\"canonical\" href=\"https:\/\/www.cubodeideas.com\/blog\/negocios\/cultura-de-innovacion-y-espacios-creativos\/\" \/>\n<meta property=\"og:locale\" content=\"es_ES\" \/>\n<meta property=\"og:type\" content=\"article\" \/>\n<meta property=\"og:title\" content=\"Cultura de Innovaci\u00f3n y Espacios Creativos -\" \/>\n<meta property=\"og:description\" content=\"Explora la importancia de una cultura de innovaci\u00f3n y espacios creativos en las pymes. Impulsa la creatividad y el \u00e9xito empresarial. \u00a1Lee m\u00e1s aqu\u00ed!\" \/>\n<meta property=\"og:url\" content=\"https:\/\/www.cubodeideas.com\/blog\/negocios\/cultura-de-innovacion-y-espacios-creativos\/\" \/>\n<meta property=\"article:publisher\" content=\"https:\/\/www.facebook.com\/somoscubodeideas\" \/>\n<meta property=\"article:published_time\" content=\"2024-02-26T05:14:14+00:00\" \/>\n<meta property=\"og:image\" content=\"https:\/\/www.cubodeideas.com\/blog\/wp-content\/uploads\/2024\/02\/paint-2985569_1280.jpg\" \/>\n\t<meta property=\"og:image:width\" content=\"1280\" \/>\n\t<meta property=\"og:image:height\" content=\"853\" \/>\n\t<meta property=\"og:image:type\" content=\"image\/jpeg\" \/>\n<meta name=\"author\" content=\"Noel Castro\" \/>\n<meta name=\"twitter:card\" content=\"summary_large_image\" \/>\n<meta name=\"twitter:creator\" content=\"@cubo_ideas\" \/>\n<meta name=\"twitter:site\" content=\"@cubo_ideas\" \/>\n<meta name=\"twitter:label1\" content=\"Escrito por\" \/>\n\t<meta name=\"twitter:data1\" content=\"Noel Castro\" \/>\n\t<meta name=\"twitter:label2\" content=\"Tiempo de lectura\" \/>\n\t<meta name=\"twitter:data2\" content=\"3 minutos\" \/>\n<script type=\"application\/ld+json\" class=\"yoast-schema-graph\">{\"@context\":\"https:\/\/schema.org\",\"@graph\":[{\"@type\":\"Article\",\"@id\":\"https:\/\/www.cubodeideas.com\/blog\/negocios\/cultura-de-innovacion-y-espacios-creativos\/#article\",\"isPartOf\":{\"@id\":\"https:\/\/www.cubodeideas.com\/blog\/negocios\/cultura-de-innovacion-y-espacios-creativos\/\"},\"author\":{\"name\":\"Noel Castro\",\"@id\":\"https:\/\/www.cubodeideas.com\/blog\/#\/schema\/person\/5614e43eb76109017cff51a2c7928211\"},\"headline\":\"Cultura de Innovaci\u00f3n y Espacios Creativos\",\"datePublished\":\"2024-02-26T05:14:14+00:00\",\"mainEntityOfPage\":{\"@id\":\"https:\/\/www.cubodeideas.com\/blog\/negocios\/cultura-de-innovacion-y-espacios-creativos\/\"},\"wordCount\":510,\"commentCount\":0,\"publisher\":{\"@id\":\"https:\/\/www.cubodeideas.com\/blog\/#organization\"},\"image\":{\"@id\":\"https:\/\/www.cubodeideas.com\/blog\/negocios\/cultura-de-innovacion-y-espacios-creativos\/#primaryimage\"},\"thumbnailUrl\":\"https:\/\/www.cubodeideas.com\/blog\/wp-content\/uploads\/2024\/02\/paint-2985569_1280.jpg\",\"keywords\":[\"Creatividad\",\"Cultura Empresarial\",\"Espacios Creativos\",\"innovaci\u00f3n\",\"PyMES\"],\"articleSection\":[\"Negocios\"],\"inLanguage\":\"es\",\"potentialAction\":[{\"@type\":\"CommentAction\",\"name\":\"Comment\",\"target\":[\"https:\/\/www.cubodeideas.com\/blog\/negocios\/cultura-de-innovacion-y-espacios-creativos\/#respond\"]}]},{\"@type\":\"WebPage\",\"@id\":\"https:\/\/www.cubodeideas.com\/blog\/negocios\/cultura-de-innovacion-y-espacios-creativos\/\",\"url\":\"https:\/\/www.cubodeideas.com\/blog\/negocios\/cultura-de-innovacion-y-espacios-creativos\/\",\"name\":\"Cultura de Innovaci\u00f3n y Espacios Creativos -\",\"isPartOf\":{\"@id\":\"https:\/\/www.cubodeideas.com\/blog\/#website\"},\"primaryImageOfPage\":{\"@id\":\"https:\/\/www.cubodeideas.com\/blog\/negocios\/cultura-de-innovacion-y-espacios-creativos\/#primaryimage\"},\"image\":{\"@id\":\"https:\/\/www.cubodeideas.com\/blog\/negocios\/cultura-de-innovacion-y-espacios-creativos\/#primaryimage\"},\"thumbnailUrl\":\"https:\/\/www.cubodeideas.com\/blog\/wp-content\/uploads\/2024\/02\/paint-2985569_1280.jpg\",\"datePublished\":\"2024-02-26T05:14:14+00:00\",\"description\":\"Explora la importancia de una cultura de innovaci\u00f3n y espacios creativos en las pymes. Impulsa la creatividad y el \u00e9xito empresarial. \u00a1Lee m\u00e1s aqu\u00ed!\",\"breadcrumb\":{\"@id\":\"https:\/\/www.cubodeideas.com\/blog\/negocios\/cultura-de-innovacion-y-espacios-creativos\/#breadcrumb\"},\"inLanguage\":\"es\",\"potentialAction\":[{\"@type\":\"ReadAction\",\"target\":[\"https:\/\/www.cubodeideas.com\/blog\/negocios\/cultura-de-innovacion-y-espacios-creativos\/\"]}]},{\"@type\":\"ImageObject\",\"inLanguage\":\"es\",\"@id\":\"https:\/\/www.cubodeideas.com\/blog\/negocios\/cultura-de-innovacion-y-espacios-creativos\/#primaryimage\",\"url\":\"https:\/\/www.cubodeideas.com\/blog\/wp-content\/uploads\/2024\/02\/paint-2985569_1280.jpg\",\"contentUrl\":\"https:\/\/www.cubodeideas.com\/blog\/wp-content\/uploads\/2024\/02\/paint-2985569_1280.jpg\",\"width\":1280,\"height\":853,\"caption\":\"Cultura de Innovaci\u00f3n y Espacios Creativos\"},{\"@type\":\"BreadcrumbList\",\"@id\":\"https:\/\/www.cubodeideas.com\/blog\/negocios\/cultura-de-innovacion-y-espacios-creativos\/#breadcrumb\",\"itemListElement\":[{\"@type\":\"ListItem\",\"position\":1,\"name\":\"Portada\",\"item\":\"https:\/\/www.cubodeideas.com\/blog\/\"},{\"@type\":\"ListItem\",\"position\":2,\"name\":\"Cultura de Innovaci\u00f3n y Espacios Creativos\"}]},{\"@type\":\"WebSite\",\"@id\":\"https:\/\/www.cubodeideas.com\/blog\/#website\",\"url\":\"https:\/\/www.cubodeideas.com\/blog\/\",\"name\":\"Cubo de Ideas\",\"description\":\"Cubo de Ideas, El Blog\",\"publisher\":{\"@id\":\"https:\/\/www.cubodeideas.com\/blog\/#organization\"},\"potentialAction\":[{\"@type\":\"SearchAction\",\"target\":{\"@type\":\"EntryPoint\",\"urlTemplate\":\"https:\/\/www.cubodeideas.com\/blog\/?s={search_term_string}\"},\"query-input\":{\"@type\":\"PropertyValueSpecification\",\"valueRequired\":true,\"valueName\":\"search_term_string\"}}],\"inLanguage\":\"es\"},{\"@type\":\"Organization\",\"@id\":\"https:\/\/www.cubodeideas.com\/blog\/#organization\",\"name\":\"Cubo de Ideas\",\"url\":\"https:\/\/www.cubodeideas.com\/blog\/\",\"logo\":{\"@type\":\"ImageObject\",\"inLanguage\":\"es\",\"@id\":\"https:\/\/www.cubodeideas.com\/blog\/#\/schema\/logo\/image\/\",\"url\":\"https:\/\/www.cubodeideas.com\/blog\/wp-content\/uploads\/2021\/10\/android-icon-72x72-1.png\",\"contentUrl\":\"https:\/\/www.cubodeideas.com\/blog\/wp-content\/uploads\/2021\/10\/android-icon-72x72-1.png\",\"width\":72,\"height\":72,\"caption\":\"Cubo de Ideas\"},\"image\":{\"@id\":\"https:\/\/www.cubodeideas.com\/blog\/#\/schema\/logo\/image\/\"},\"sameAs\":[\"https:\/\/www.facebook.com\/somoscubodeideas\",\"https:\/\/x.com\/cubo_ideas\",\"https:\/\/www.instagram.com\/cubodeideas\"]},{\"@type\":\"Person\",\"@id\":\"https:\/\/www.cubodeideas.com\/blog\/#\/schema\/person\/5614e43eb76109017cff51a2c7928211\",\"name\":\"Noel Castro\",\"description\":\"LEM Noel Castro Monta\u00f1o es CEO de Cubo de Ideas, Director de Operaciones para Citosa Textiles. Asesor de nuevos mercados y estrategias digitales para el segmento Retail. Especialista en marketing para autoservicios y puntos de venta. Especialista en sistemas de gesti\u00f3n de la calidad con enfoque a la ISO 9001:2015\",\"sameAs\":[\"https:\/\/www.cubodeideas.com\/blog\"],\"url\":\"https:\/\/www.cubodeideas.com\/blog\/author\/admin\/\"}]}<\/script>\n<!-- \/ Yoast SEO plugin. -->","yoast_head_json":{"title":"Cultura de Innovaci\u00f3n y Espacios Creativos -","description":"Explora la importancia de una cultura de innovaci\u00f3n y espacios creativos en las pymes. Impulsa la creatividad y el \u00e9xito empresarial. \u00a1Lee m\u00e1s aqu\u00ed!","robots":{"index":"index","follow":"follow","max-snippet":"max-snippet:-1","max-image-preview":"max-image-preview:large","max-video-preview":"max-video-preview:-1"},"canonical":"https:\/\/www.cubodeideas.com\/blog\/negocios\/cultura-de-innovacion-y-espacios-creativos\/","og_locale":"es_ES","og_type":"article","og_title":"Cultura de Innovaci\u00f3n y Espacios Creativos -","og_description":"Explora la importancia de una cultura de innovaci\u00f3n y espacios creativos en las pymes. Impulsa la creatividad y el \u00e9xito empresarial. \u00a1Lee m\u00e1s aqu\u00ed!","og_url":"https:\/\/www.cubodeideas.com\/blog\/negocios\/cultura-de-innovacion-y-espacios-creativos\/","article_publisher":"https:\/\/www.facebook.com\/somoscubodeideas","article_published_time":"2024-02-26T05:14:14+00:00","og_image":[{"width":1280,"height":853,"url":"https:\/\/www.cubodeideas.com\/blog\/wp-content\/uploads\/2024\/02\/paint-2985569_1280.jpg","type":"image\/jpeg"}],"author":"Noel Castro","twitter_card":"summary_large_image","twitter_creator":"@cubo_ideas","twitter_site":"@cubo_ideas","twitter_misc":{"Escrito por":"Noel Castro","Tiempo de lectura":"3 minutos"},"schema":{"@context":"https:\/\/schema.org","@graph":[{"@type":"Article","@id":"https:\/\/www.cubodeideas.com\/blog\/negocios\/cultura-de-innovacion-y-espacios-creativos\/#article","isPartOf":{"@id":"https:\/\/www.cubodeideas.com\/blog\/negocios\/cultura-de-innovacion-y-espacios-creativos\/"},"author":{"name":"Noel Castro","@id":"https:\/\/www.cubodeideas.com\/blog\/#\/schema\/person\/5614e43eb76109017cff51a2c7928211"},"headline":"Cultura de Innovaci\u00f3n y Espacios Creativos","datePublished":"2024-02-26T05:14:14+00:00","mainEntityOfPage":{"@id":"https:\/\/www.cubodeideas.com\/blog\/negocios\/cultura-de-innovacion-y-espacios-creativos\/"},"wordCount":510,"commentCount":0,"publisher":{"@id":"https:\/\/www.cubodeideas.com\/blog\/#organization"},"image":{"@id":"https:\/\/www.cubodeideas.com\/blog\/negocios\/cultura-de-innovacion-y-espacios-creativos\/#primaryimage"},"thumbnailUrl":"https:\/\/www.cubodeideas.com\/blog\/wp-content\/uploads\/2024\/02\/paint-2985569_1280.jpg","keywords":["Creatividad","Cultura Empresarial","Espacios Creativos","innovaci\u00f3n","PyMES"],"articleSection":["Negocios"],"inLanguage":"es","potentialAction":[{"@type":"CommentAction","name":"Comment","target":["https:\/\/www.cubodeideas.com\/blog\/negocios\/cultura-de-innovacion-y-espacios-creativos\/#respond"]}]},{"@type":"WebPage","@id":"https:\/\/www.cubodeideas.com\/blog\/negocios\/cultura-de-innovacion-y-espacios-creativos\/","url":"https:\/\/www.cubodeideas.com\/blog\/negocios\/cultura-de-innovacion-y-espacios-creativos\/","name":"Cultura de Innovaci\u00f3n y Espacios Creativos -","isPartOf":{"@id":"https:\/\/www.cubodeideas.com\/blog\/#website"},"primaryImageOfPage":{"@id":"https:\/\/www.cubodeideas.com\/blog\/negocios\/cultura-de-innovacion-y-espacios-creativos\/#primaryimage"},"image":{"@id":"https:\/\/www.cubodeideas.com\/blog\/negocios\/cultura-de-innovacion-y-espacios-creativos\/#primaryimage"},"thumbnailUrl":"https:\/\/www.cubodeideas.com\/blog\/wp-content\/uploads\/2024\/02\/paint-2985569_1280.jpg","datePublished":"2024-02-26T05:14:14+00:00","description":"Explora la importancia de una cultura de innovaci\u00f3n y espacios creativos en las pymes. Impulsa la creatividad y el \u00e9xito empresarial. \u00a1Lee m\u00e1s aqu\u00ed!","breadcrumb":{"@id":"https:\/\/www.cubodeideas.com\/blog\/negocios\/cultura-de-innovacion-y-espacios-creativos\/#breadcrumb"},"inLanguage":"es","potentialAction":[{"@type":"ReadAction","target":["https:\/\/www.cubodeideas.com\/blog\/negocios\/cultura-de-innovacion-y-espacios-creativos\/"]}]},{"@type":"ImageObject","inLanguage":"es","@id":"https:\/\/www.cubodeideas.com\/blog\/negocios\/cultura-de-innovacion-y-espacios-creativos\/#primaryimage","url":"https:\/\/www.cubodeideas.com\/blog\/wp-content\/uploads\/2024\/02\/paint-2985569_1280.jpg","contentUrl":"https:\/\/www.cubodeideas.com\/blog\/wp-content\/uploads\/2024\/02\/paint-2985569_1280.jpg","width":1280,"height":853,"caption":"Cultura de Innovaci\u00f3n y Espacios Creativos"},{"@type":"BreadcrumbList","@id":"https:\/\/www.cubodeideas.com\/blog\/negocios\/cultura-de-innovacion-y-espacios-creativos\/#breadcrumb","itemListElement":[{"@type":"ListItem","position":1,"name":"Portada","item":"https:\/\/www.cubodeideas.com\/blog\/"},{"@type":"ListItem","position":2,"name":"Cultura de Innovaci\u00f3n y Espacios Creativos"}]},{"@type":"WebSite","@id":"https:\/\/www.cubodeideas.com\/blog\/#website","url":"https:\/\/www.cubodeideas.com\/blog\/","name":"Cubo de Ideas","description":"Cubo de Ideas, El Blog","publisher":{"@id":"https:\/\/www.cubodeideas.com\/blog\/#organization"},"potentialAction":[{"@type":"SearchAction","target":{"@type":"EntryPoint","urlTemplate":"https:\/\/www.cubodeideas.com\/blog\/?s={search_term_string}"},"query-input":{"@type":"PropertyValueSpecification","valueRequired":true,"valueName":"search_term_string"}}],"inLanguage":"es"},{"@type":"Organization","@id":"https:\/\/www.cubodeideas.com\/blog\/#organization","name":"Cubo de Ideas","url":"https:\/\/www.cubodeideas.com\/blog\/","logo":{"@type":"ImageObject","inLanguage":"es","@id":"https:\/\/www.cubodeideas.com\/blog\/#\/schema\/logo\/image\/","url":"https:\/\/www.cubodeideas.com\/blog\/wp-content\/uploads\/2021\/10\/android-icon-72x72-1.png","contentUrl":"https:\/\/www.cubodeideas.com\/blog\/wp-content\/uploads\/2021\/10\/android-icon-72x72-1.png","width":72,"height":72,"caption":"Cubo de Ideas"},"image":{"@id":"https:\/\/www.cubodeideas.com\/blog\/#\/schema\/logo\/image\/"},"sameAs":["https:\/\/www.facebook.com\/somoscubodeideas","https:\/\/x.com\/cubo_ideas","https:\/\/www.instagram.com\/cubodeideas"]},{"@type":"Person","@id":"https:\/\/www.cubodeideas.com\/blog\/#\/schema\/person\/5614e43eb76109017cff51a2c7928211","name":"Noel Castro","description":"LEM Noel Castro Monta\u00f1o es CEO de Cubo de Ideas, Director de Operaciones para Citosa Textiles. Asesor de nuevos mercados y estrategias digitales para el segmento Retail. Especialista en marketing para autoservicios y puntos de venta. Especialista en sistemas de gesti\u00f3n de la calidad con enfoque a la ISO 9001:2015","sameAs":["https:\/\/www.cubodeideas.com\/blog"],"url":"https:\/\/www.cubodeideas.com\/blog\/author\/admin\/"}]}},"jetpack_publicize_connections":[],"_links":{"self":[{"href":"https:\/\/www.cubodeideas.com\/blog\/wp-json\/wp\/v2\/posts\/1551","targetHints":{"allow":["GET"]}}],"collection":[{"href":"https:\/\/www.cubodeideas.com\/blog\/wp-json\/wp\/v2\/posts"}],"about":[{"href":"https:\/\/www.cubodeideas.com\/blog\/wp-json\/wp\/v2\/types\/post"}],"author":[{"embeddable":true,"href":"https:\/\/www.cubodeideas.com\/blog\/wp-json\/wp\/v2\/users\/1"}],"replies":[{"embeddable":true,"href":"https:\/\/www.cubodeideas.com\/blog\/wp-json\/wp\/v2\/comments?post=1551"}],"version-history":[{"count":1,"href":"https:\/\/www.cubodeideas.com\/blog\/wp-json\/wp\/v2\/posts\/1551\/revisions"}],"predecessor-version":[{"id":1553,"href":"https:\/\/www.cubodeideas.com\/blog\/wp-json\/wp\/v2\/posts\/1551\/revisions\/1553"}],"wp:featuredmedia":[{"embeddable":true,"href":"https:\/\/www.cubodeideas.com\/blog\/wp-json\/wp\/v2\/media\/1552"}],"wp:attachment":[{"href":"https:\/\/www.cubodeideas.com\/blog\/wp-json\/wp\/v2\/media?parent=1551"}],"wp:term":[{"taxonomy":"category","embeddable":true,"href":"https:\/\/www.cubodeideas.com\/blog\/wp-json\/wp\/v2\/categories?post=1551"},{"taxonomy":"post_tag","embeddable":true,"href":"https:\/\/www.cubodeideas.com\/blog\/wp-json\/wp\/v2\/tags?post=1551"}],"curies":[{"name":"wp","href":"https:\/\/api.w.org\/{rel}","templated":true}]}}