{"id":1548,"date":"2024-02-26T05:09:08","date_gmt":"2024-02-26T05:09:08","guid":{"rendered":"https:\/\/www.cubodeideas.com\/blog\/?p=1548"},"modified":"2024-02-26T05:09:08","modified_gmt":"2024-02-26T05:09:08","slug":"concienciacion-y-formacion-en-seguridad","status":"publish","type":"post","link":"https:\/\/www.cubodeideas.com\/blog\/negocios\/concienciacion-y-formacion-en-seguridad\/","title":{"rendered":"Concienciaci\u00f3n y Formaci\u00f3n en Seguridad"},"content":{"rendered":"<p>En el entorno empresarial actual, la seguridad cibern\u00e9tica se ha convertido en una preocupaci\u00f3n fundamental. En este art\u00edculo, exploraremos la importancia de la concienciaci\u00f3n y formaci\u00f3n en seguridad cibern\u00e9tica para las pymes y c\u00f3mo pueden desarrollar una cultura de seguridad s\u00f3lida en su organizaci\u00f3n.<\/p>\n<h2><strong>Importancia de la Concienciaci\u00f3n en Seguridad Cibern\u00e9tica<\/strong><\/h2>\n<p>La concienciaci\u00f3n en seguridad cibern\u00e9tica implica educar a los empleados sobre las amenazas cibern\u00e9ticas y las mejores pr\u00e1cticas para prevenirlas. Esto incluye el reconocimiento de correos electr\u00f3nicos de phishing, la creaci\u00f3n de contrase\u00f1as seguras y la protecci\u00f3n de informaci\u00f3n confidencial. La concienciaci\u00f3n en seguridad cibern\u00e9tica es esencial porque los empleados son el eslab\u00f3n m\u00e1s d\u00e9bil en la cadena de seguridad y pueden ser v\u00edctimas de ataques cibern\u00e9ticos si no est\u00e1n informados adecuadamente.<\/p>\n<h3><strong>Beneficios de la Formaci\u00f3n en Seguridad Cibern\u00e9tica<\/strong><\/h3>\n<p>La formaci\u00f3n en seguridad cibern\u00e9tica proporciona a los empleados los conocimientos y habilidades necesarios para protegerse a s\u00ed mismos y a la empresa contra las amenazas cibern\u00e9ticas. Esto incluye la identificaci\u00f3n de posibles riesgos de seguridad, la adopci\u00f3n de medidas preventivas y la respuesta adecuada en caso de incidente. La formaci\u00f3n en seguridad cibern\u00e9tica tambi\u00e9n puede ayudar a mejorar la cultura de seguridad de la empresa y reducir el riesgo de violaciones de datos.<\/p>\n<h2><strong>Mejores Pr\u00e1cticas para la Concienciaci\u00f3n y Formaci\u00f3n en Seguridad Cibern\u00e9tica<\/strong><\/h2>\n<ul>\n<li><strong>Sesiones de Formaci\u00f3n Regulares:<\/strong> Realizar sesiones de formaci\u00f3n peri\u00f3dicas para educar a los empleados sobre las \u00faltimas amenazas cibern\u00e9ticas y las mejores pr\u00e1cticas de seguridad.<\/li>\n<li><strong>Simulacros de Phishing:<\/strong> Realizar simulacros de phishing para evaluar la capacidad de los empleados para detectar correos electr\u00f3nicos de phishing y proporcionar retroalimentaci\u00f3n sobre su desempe\u00f1o.<\/li>\n<li><strong>Recursos de Formaci\u00f3n en L\u00ednea:<\/strong> Proporcionar acceso a recursos de formaci\u00f3n en l\u00ednea, como cursos y materiales educativos, para que los empleados puedan aprender a su propio ritmo.<\/li>\n<li><strong>Pol\u00edticas de Seguridad Claras:<\/strong> Establecer pol\u00edticas de seguridad claras y comunicarlas de manera efectiva a todos los empleados para garantizar su cumplimiento.<\/li>\n<\/ul>\n<h3><strong>Creando una Cultura de Seguridad Cibern\u00e9tica<\/strong><\/h3>\n<p>Fomentar una cultura de seguridad cibern\u00e9tica requiere el compromiso y la participaci\u00f3n de toda la organizaci\u00f3n. Esto incluye el apoyo de la alta direcci\u00f3n, la participaci\u00f3n activa de los empleados en programas de concienciaci\u00f3n y formaci\u00f3n, y la promoci\u00f3n de una actitud proactiva hacia la seguridad cibern\u00e9tica en todas las \u00e1reas de la empresa.<\/p>\n<h3><strong>Conclusiones<\/strong><\/h3>\n<p>En resumen, la concienciaci\u00f3n y formaci\u00f3n en seguridad cibern\u00e9tica son elementos fundamentales para proteger a las pymes contra las crecientes amenazas cibern\u00e9ticas. Al educar a los empleados sobre las mejores pr\u00e1cticas de seguridad y fomentar una cultura de seguridad cibern\u00e9tica en toda la organizaci\u00f3n, las pymes pueden reducir significativamente el riesgo de sufrir ataques cibern\u00e9ticos y proteger la informaci\u00f3n confidencial de su empresa y clientes.<\/p>\n<p>&nbsp;<\/p>\n<p>Imagen de <a href=\"https:\/\/pixabay.com\/es\/users\/thedigitalartist-202249\/?utm_source=link-attribution&amp;utm_medium=referral&amp;utm_campaign=image&amp;utm_content=2851201\">Pete Linforth<\/a> en <a href=\"https:\/\/pixabay.com\/es\/\/?utm_source=link-attribution&amp;utm_medium=referral&amp;utm_campaign=image&amp;utm_content=2851201\">Pixabay<\/a><\/p>\n<div class=\"pvc_clear\"><\/div>\n<p id=\"pvc_stats_1548\" class=\"pvc_stats all  \" data-element-id=\"1548\" style=\"\"><i class=\"pvc-stats-icon medium\" aria-hidden=\"true\"><svg aria-hidden=\"true\" focusable=\"false\" data-prefix=\"far\" data-icon=\"chart-bar\" role=\"img\" xmlns=\"http:\/\/www.w3.org\/2000\/svg\" viewBox=\"0 0 512 512\" class=\"svg-inline--fa fa-chart-bar fa-w-16 fa-2x\"><path fill=\"currentColor\" d=\"M396.8 352h22.4c6.4 0 12.8-6.4 12.8-12.8V108.8c0-6.4-6.4-12.8-12.8-12.8h-22.4c-6.4 0-12.8 6.4-12.8 12.8v230.4c0 6.4 6.4 12.8 12.8 12.8zm-192 0h22.4c6.4 0 12.8-6.4 12.8-12.8V140.8c0-6.4-6.4-12.8-12.8-12.8h-22.4c-6.4 0-12.8 6.4-12.8 12.8v198.4c0 6.4 6.4 12.8 12.8 12.8zm96 0h22.4c6.4 0 12.8-6.4 12.8-12.8V204.8c0-6.4-6.4-12.8-12.8-12.8h-22.4c-6.4 0-12.8 6.4-12.8 12.8v134.4c0 6.4 6.4 12.8 12.8 12.8zM496 400H48V80c0-8.84-7.16-16-16-16H16C7.16 64 0 71.16 0 80v336c0 17.67 14.33 32 32 32h464c8.84 0 16-7.16 16-16v-16c0-8.84-7.16-16-16-16zm-387.2-48h22.4c6.4 0 12.8-6.4 12.8-12.8v-70.4c0-6.4-6.4-12.8-12.8-12.8h-22.4c-6.4 0-12.8 6.4-12.8 12.8v70.4c0 6.4 6.4 12.8 12.8 12.8z\" class=\"\"><\/path><\/svg><\/i> <img loading=\"lazy\" decoding=\"async\" width=\"16\" height=\"16\" alt=\"Loading\" src=\"https:\/\/www.cubodeideas.com\/blog\/wp-content\/plugins\/page-views-count\/ajax-loader-2x.gif\" border=0 \/><\/p>\n<div class=\"pvc_clear\"><\/div>\n","protected":false},"excerpt":{"rendered":"<p>En el entorno empresarial actual, la seguridad cibern\u00e9tica se ha convertido en una preocupaci\u00f3n fundamental. En este art\u00edculo, exploraremos la importancia de la concienciaci\u00f3n y formaci\u00f3n en seguridad cibern\u00e9tica para las pymes y c\u00f3mo pueden desarrollar una cultura de seguridad s\u00f3lida en su organizaci\u00f3n. Importancia de la Concienciaci\u00f3n en Seguridad Cibern\u00e9tica La concienciaci\u00f3n en seguridad [&hellip;]<\/p>\n<div class=\"pvc_clear\"><\/div>\n<p id=\"pvc_stats_1548\" class=\"pvc_stats all  \" data-element-id=\"1548\" style=\"\"><i class=\"pvc-stats-icon medium\" aria-hidden=\"true\"><svg aria-hidden=\"true\" focusable=\"false\" data-prefix=\"far\" data-icon=\"chart-bar\" role=\"img\" xmlns=\"http:\/\/www.w3.org\/2000\/svg\" viewBox=\"0 0 512 512\" class=\"svg-inline--fa fa-chart-bar fa-w-16 fa-2x\"><path fill=\"currentColor\" d=\"M396.8 352h22.4c6.4 0 12.8-6.4 12.8-12.8V108.8c0-6.4-6.4-12.8-12.8-12.8h-22.4c-6.4 0-12.8 6.4-12.8 12.8v230.4c0 6.4 6.4 12.8 12.8 12.8zm-192 0h22.4c6.4 0 12.8-6.4 12.8-12.8V140.8c0-6.4-6.4-12.8-12.8-12.8h-22.4c-6.4 0-12.8 6.4-12.8 12.8v198.4c0 6.4 6.4 12.8 12.8 12.8zm96 0h22.4c6.4 0 12.8-6.4 12.8-12.8V204.8c0-6.4-6.4-12.8-12.8-12.8h-22.4c-6.4 0-12.8 6.4-12.8 12.8v134.4c0 6.4 6.4 12.8 12.8 12.8zM496 400H48V80c0-8.84-7.16-16-16-16H16C7.16 64 0 71.16 0 80v336c0 17.67 14.33 32 32 32h464c8.84 0 16-7.16 16-16v-16c0-8.84-7.16-16-16-16zm-387.2-48h22.4c6.4 0 12.8-6.4 12.8-12.8v-70.4c0-6.4-6.4-12.8-12.8-12.8h-22.4c-6.4 0-12.8 6.4-12.8 12.8v70.4c0 6.4 6.4 12.8 12.8 12.8z\" class=\"\"><\/path><\/svg><\/i> <img loading=\"lazy\" decoding=\"async\" width=\"16\" height=\"16\" alt=\"Loading\" src=\"https:\/\/www.cubodeideas.com\/blog\/wp-content\/plugins\/page-views-count\/ajax-loader-2x.gif\" border=0 \/><\/p>\n<div class=\"pvc_clear\"><\/div>\n","protected":false},"author":1,"featured_media":1549,"comment_status":"open","ping_status":"closed","sticky":false,"template":"","format":"standard","meta":{"footnotes":"","jetpack_publicize_message":"","jetpack_publicize_feature_enabled":true,"jetpack_social_post_already_shared":false,"jetpack_social_options":{"image_generator_settings":{"template":"highway","default_image_id":0,"font":"","enabled":false},"version":2}},"categories":[13],"tags":[612,615,613,614,550],"class_list":["post-1548","post","type-post","status-publish","format-standard","has-post-thumbnail","hentry","category-negocios","tag-concienciacion","tag-cultura-de-seguridad","tag-formacion","tag-prevencion-de-amenazas","tag-seguridad-cibernetica"],"blocksy_meta":[],"yoast_head":"<!-- This site is optimized with the Yoast SEO plugin v27.0 - https:\/\/yoast.com\/product\/yoast-seo-wordpress\/ -->\n<title>Concienciaci\u00f3n y Formaci\u00f3n en Seguridad -<\/title>\n<meta name=\"description\" content=\"Aprende c\u00f3mo fomentar una cultura de seguridad cibern\u00e9tica en tu empresa con la concienciaci\u00f3n y formaci\u00f3n adecuadas. \u00a1Protege tus activos hoy mismo!\" \/>\n<meta name=\"robots\" content=\"index, follow, max-snippet:-1, max-image-preview:large, max-video-preview:-1\" \/>\n<link rel=\"canonical\" href=\"https:\/\/www.cubodeideas.com\/blog\/negocios\/concienciacion-y-formacion-en-seguridad\/\" \/>\n<meta property=\"og:locale\" content=\"es_ES\" \/>\n<meta property=\"og:type\" content=\"article\" \/>\n<meta property=\"og:title\" content=\"Concienciaci\u00f3n y Formaci\u00f3n en Seguridad -\" \/>\n<meta property=\"og:description\" content=\"Aprende c\u00f3mo fomentar una cultura de seguridad cibern\u00e9tica en tu empresa con la concienciaci\u00f3n y formaci\u00f3n adecuadas. \u00a1Protege tus activos hoy mismo!\" \/>\n<meta property=\"og:url\" content=\"https:\/\/www.cubodeideas.com\/blog\/negocios\/concienciacion-y-formacion-en-seguridad\/\" \/>\n<meta property=\"article:publisher\" content=\"https:\/\/www.facebook.com\/somoscubodeideas\" \/>\n<meta property=\"article:published_time\" content=\"2024-02-26T05:09:08+00:00\" \/>\n<meta property=\"og:image\" content=\"https:\/\/www.cubodeideas.com\/blog\/wp-content\/uploads\/2024\/02\/cyber-security-2851201_1280.jpg\" \/>\n\t<meta property=\"og:image:width\" content=\"1280\" \/>\n\t<meta property=\"og:image:height\" content=\"865\" \/>\n\t<meta property=\"og:image:type\" content=\"image\/jpeg\" \/>\n<meta name=\"author\" content=\"Noel Castro\" \/>\n<meta name=\"twitter:card\" content=\"summary_large_image\" \/>\n<meta name=\"twitter:creator\" content=\"@cubo_ideas\" \/>\n<meta name=\"twitter:site\" content=\"@cubo_ideas\" \/>\n<meta name=\"twitter:label1\" content=\"Escrito por\" \/>\n\t<meta name=\"twitter:data1\" content=\"Noel Castro\" \/>\n\t<meta name=\"twitter:label2\" content=\"Tiempo de lectura\" \/>\n\t<meta name=\"twitter:data2\" content=\"3 minutos\" \/>\n<script type=\"application\/ld+json\" class=\"yoast-schema-graph\">{\"@context\":\"https:\/\/schema.org\",\"@graph\":[{\"@type\":\"Article\",\"@id\":\"https:\/\/www.cubodeideas.com\/blog\/negocios\/concienciacion-y-formacion-en-seguridad\/#article\",\"isPartOf\":{\"@id\":\"https:\/\/www.cubodeideas.com\/blog\/negocios\/concienciacion-y-formacion-en-seguridad\/\"},\"author\":{\"name\":\"Noel Castro\",\"@id\":\"https:\/\/www.cubodeideas.com\/blog\/#\/schema\/person\/5614e43eb76109017cff51a2c7928211\"},\"headline\":\"Concienciaci\u00f3n y Formaci\u00f3n en Seguridad\",\"datePublished\":\"2024-02-26T05:09:08+00:00\",\"mainEntityOfPage\":{\"@id\":\"https:\/\/www.cubodeideas.com\/blog\/negocios\/concienciacion-y-formacion-en-seguridad\/\"},\"wordCount\":530,\"commentCount\":0,\"publisher\":{\"@id\":\"https:\/\/www.cubodeideas.com\/blog\/#organization\"},\"image\":{\"@id\":\"https:\/\/www.cubodeideas.com\/blog\/negocios\/concienciacion-y-formacion-en-seguridad\/#primaryimage\"},\"thumbnailUrl\":\"https:\/\/www.cubodeideas.com\/blog\/wp-content\/uploads\/2024\/02\/cyber-security-2851201_1280.jpg\",\"keywords\":[\"Concienciaci\u00f3n\",\"Cultura de Seguridad\",\"Formaci\u00f3n\",\"Prevenci\u00f3n de Amenazas\",\"Seguridad Cibern\u00e9tica\"],\"articleSection\":[\"Negocios\"],\"inLanguage\":\"es\",\"potentialAction\":[{\"@type\":\"CommentAction\",\"name\":\"Comment\",\"target\":[\"https:\/\/www.cubodeideas.com\/blog\/negocios\/concienciacion-y-formacion-en-seguridad\/#respond\"]}]},{\"@type\":\"WebPage\",\"@id\":\"https:\/\/www.cubodeideas.com\/blog\/negocios\/concienciacion-y-formacion-en-seguridad\/\",\"url\":\"https:\/\/www.cubodeideas.com\/blog\/negocios\/concienciacion-y-formacion-en-seguridad\/\",\"name\":\"Concienciaci\u00f3n y Formaci\u00f3n en Seguridad -\",\"isPartOf\":{\"@id\":\"https:\/\/www.cubodeideas.com\/blog\/#website\"},\"primaryImageOfPage\":{\"@id\":\"https:\/\/www.cubodeideas.com\/blog\/negocios\/concienciacion-y-formacion-en-seguridad\/#primaryimage\"},\"image\":{\"@id\":\"https:\/\/www.cubodeideas.com\/blog\/negocios\/concienciacion-y-formacion-en-seguridad\/#primaryimage\"},\"thumbnailUrl\":\"https:\/\/www.cubodeideas.com\/blog\/wp-content\/uploads\/2024\/02\/cyber-security-2851201_1280.jpg\",\"datePublished\":\"2024-02-26T05:09:08+00:00\",\"description\":\"Aprende c\u00f3mo fomentar una cultura de seguridad cibern\u00e9tica en tu empresa con la concienciaci\u00f3n y formaci\u00f3n adecuadas. \u00a1Protege tus activos hoy mismo!\",\"breadcrumb\":{\"@id\":\"https:\/\/www.cubodeideas.com\/blog\/negocios\/concienciacion-y-formacion-en-seguridad\/#breadcrumb\"},\"inLanguage\":\"es\",\"potentialAction\":[{\"@type\":\"ReadAction\",\"target\":[\"https:\/\/www.cubodeideas.com\/blog\/negocios\/concienciacion-y-formacion-en-seguridad\/\"]}]},{\"@type\":\"ImageObject\",\"inLanguage\":\"es\",\"@id\":\"https:\/\/www.cubodeideas.com\/blog\/negocios\/concienciacion-y-formacion-en-seguridad\/#primaryimage\",\"url\":\"https:\/\/www.cubodeideas.com\/blog\/wp-content\/uploads\/2024\/02\/cyber-security-2851201_1280.jpg\",\"contentUrl\":\"https:\/\/www.cubodeideas.com\/blog\/wp-content\/uploads\/2024\/02\/cyber-security-2851201_1280.jpg\",\"width\":1280,\"height\":865,\"caption\":\"cibernetico empresarial en mexico\"},{\"@type\":\"BreadcrumbList\",\"@id\":\"https:\/\/www.cubodeideas.com\/blog\/negocios\/concienciacion-y-formacion-en-seguridad\/#breadcrumb\",\"itemListElement\":[{\"@type\":\"ListItem\",\"position\":1,\"name\":\"Portada\",\"item\":\"https:\/\/www.cubodeideas.com\/blog\/\"},{\"@type\":\"ListItem\",\"position\":2,\"name\":\"Concienciaci\u00f3n y Formaci\u00f3n en Seguridad\"}]},{\"@type\":\"WebSite\",\"@id\":\"https:\/\/www.cubodeideas.com\/blog\/#website\",\"url\":\"https:\/\/www.cubodeideas.com\/blog\/\",\"name\":\"Cubo de Ideas\",\"description\":\"Cubo de Ideas, El Blog\",\"publisher\":{\"@id\":\"https:\/\/www.cubodeideas.com\/blog\/#organization\"},\"potentialAction\":[{\"@type\":\"SearchAction\",\"target\":{\"@type\":\"EntryPoint\",\"urlTemplate\":\"https:\/\/www.cubodeideas.com\/blog\/?s={search_term_string}\"},\"query-input\":{\"@type\":\"PropertyValueSpecification\",\"valueRequired\":true,\"valueName\":\"search_term_string\"}}],\"inLanguage\":\"es\"},{\"@type\":\"Organization\",\"@id\":\"https:\/\/www.cubodeideas.com\/blog\/#organization\",\"name\":\"Cubo de Ideas\",\"url\":\"https:\/\/www.cubodeideas.com\/blog\/\",\"logo\":{\"@type\":\"ImageObject\",\"inLanguage\":\"es\",\"@id\":\"https:\/\/www.cubodeideas.com\/blog\/#\/schema\/logo\/image\/\",\"url\":\"https:\/\/www.cubodeideas.com\/blog\/wp-content\/uploads\/2021\/10\/android-icon-72x72-1.png\",\"contentUrl\":\"https:\/\/www.cubodeideas.com\/blog\/wp-content\/uploads\/2021\/10\/android-icon-72x72-1.png\",\"width\":72,\"height\":72,\"caption\":\"Cubo de Ideas\"},\"image\":{\"@id\":\"https:\/\/www.cubodeideas.com\/blog\/#\/schema\/logo\/image\/\"},\"sameAs\":[\"https:\/\/www.facebook.com\/somoscubodeideas\",\"https:\/\/x.com\/cubo_ideas\",\"https:\/\/www.instagram.com\/cubodeideas\"]},{\"@type\":\"Person\",\"@id\":\"https:\/\/www.cubodeideas.com\/blog\/#\/schema\/person\/5614e43eb76109017cff51a2c7928211\",\"name\":\"Noel Castro\",\"description\":\"LEM Noel Castro Monta\u00f1o es CEO de Cubo de Ideas, Director de Operaciones para Citosa Textiles. Asesor de nuevos mercados y estrategias digitales para el segmento Retail. Especialista en marketing para autoservicios y puntos de venta. Especialista en sistemas de gesti\u00f3n de la calidad con enfoque a la ISO 9001:2015\",\"sameAs\":[\"https:\/\/www.cubodeideas.com\/blog\"],\"url\":\"https:\/\/www.cubodeideas.com\/blog\/author\/admin\/\"}]}<\/script>\n<!-- \/ Yoast SEO plugin. -->","yoast_head_json":{"title":"Concienciaci\u00f3n y Formaci\u00f3n en Seguridad -","description":"Aprende c\u00f3mo fomentar una cultura de seguridad cibern\u00e9tica en tu empresa con la concienciaci\u00f3n y formaci\u00f3n adecuadas. \u00a1Protege tus activos hoy mismo!","robots":{"index":"index","follow":"follow","max-snippet":"max-snippet:-1","max-image-preview":"max-image-preview:large","max-video-preview":"max-video-preview:-1"},"canonical":"https:\/\/www.cubodeideas.com\/blog\/negocios\/concienciacion-y-formacion-en-seguridad\/","og_locale":"es_ES","og_type":"article","og_title":"Concienciaci\u00f3n y Formaci\u00f3n en Seguridad -","og_description":"Aprende c\u00f3mo fomentar una cultura de seguridad cibern\u00e9tica en tu empresa con la concienciaci\u00f3n y formaci\u00f3n adecuadas. \u00a1Protege tus activos hoy mismo!","og_url":"https:\/\/www.cubodeideas.com\/blog\/negocios\/concienciacion-y-formacion-en-seguridad\/","article_publisher":"https:\/\/www.facebook.com\/somoscubodeideas","article_published_time":"2024-02-26T05:09:08+00:00","og_image":[{"width":1280,"height":865,"url":"https:\/\/www.cubodeideas.com\/blog\/wp-content\/uploads\/2024\/02\/cyber-security-2851201_1280.jpg","type":"image\/jpeg"}],"author":"Noel Castro","twitter_card":"summary_large_image","twitter_creator":"@cubo_ideas","twitter_site":"@cubo_ideas","twitter_misc":{"Escrito por":"Noel Castro","Tiempo de lectura":"3 minutos"},"schema":{"@context":"https:\/\/schema.org","@graph":[{"@type":"Article","@id":"https:\/\/www.cubodeideas.com\/blog\/negocios\/concienciacion-y-formacion-en-seguridad\/#article","isPartOf":{"@id":"https:\/\/www.cubodeideas.com\/blog\/negocios\/concienciacion-y-formacion-en-seguridad\/"},"author":{"name":"Noel Castro","@id":"https:\/\/www.cubodeideas.com\/blog\/#\/schema\/person\/5614e43eb76109017cff51a2c7928211"},"headline":"Concienciaci\u00f3n y Formaci\u00f3n en Seguridad","datePublished":"2024-02-26T05:09:08+00:00","mainEntityOfPage":{"@id":"https:\/\/www.cubodeideas.com\/blog\/negocios\/concienciacion-y-formacion-en-seguridad\/"},"wordCount":530,"commentCount":0,"publisher":{"@id":"https:\/\/www.cubodeideas.com\/blog\/#organization"},"image":{"@id":"https:\/\/www.cubodeideas.com\/blog\/negocios\/concienciacion-y-formacion-en-seguridad\/#primaryimage"},"thumbnailUrl":"https:\/\/www.cubodeideas.com\/blog\/wp-content\/uploads\/2024\/02\/cyber-security-2851201_1280.jpg","keywords":["Concienciaci\u00f3n","Cultura de Seguridad","Formaci\u00f3n","Prevenci\u00f3n de Amenazas","Seguridad Cibern\u00e9tica"],"articleSection":["Negocios"],"inLanguage":"es","potentialAction":[{"@type":"CommentAction","name":"Comment","target":["https:\/\/www.cubodeideas.com\/blog\/negocios\/concienciacion-y-formacion-en-seguridad\/#respond"]}]},{"@type":"WebPage","@id":"https:\/\/www.cubodeideas.com\/blog\/negocios\/concienciacion-y-formacion-en-seguridad\/","url":"https:\/\/www.cubodeideas.com\/blog\/negocios\/concienciacion-y-formacion-en-seguridad\/","name":"Concienciaci\u00f3n y Formaci\u00f3n en Seguridad -","isPartOf":{"@id":"https:\/\/www.cubodeideas.com\/blog\/#website"},"primaryImageOfPage":{"@id":"https:\/\/www.cubodeideas.com\/blog\/negocios\/concienciacion-y-formacion-en-seguridad\/#primaryimage"},"image":{"@id":"https:\/\/www.cubodeideas.com\/blog\/negocios\/concienciacion-y-formacion-en-seguridad\/#primaryimage"},"thumbnailUrl":"https:\/\/www.cubodeideas.com\/blog\/wp-content\/uploads\/2024\/02\/cyber-security-2851201_1280.jpg","datePublished":"2024-02-26T05:09:08+00:00","description":"Aprende c\u00f3mo fomentar una cultura de seguridad cibern\u00e9tica en tu empresa con la concienciaci\u00f3n y formaci\u00f3n adecuadas. \u00a1Protege tus activos hoy mismo!","breadcrumb":{"@id":"https:\/\/www.cubodeideas.com\/blog\/negocios\/concienciacion-y-formacion-en-seguridad\/#breadcrumb"},"inLanguage":"es","potentialAction":[{"@type":"ReadAction","target":["https:\/\/www.cubodeideas.com\/blog\/negocios\/concienciacion-y-formacion-en-seguridad\/"]}]},{"@type":"ImageObject","inLanguage":"es","@id":"https:\/\/www.cubodeideas.com\/blog\/negocios\/concienciacion-y-formacion-en-seguridad\/#primaryimage","url":"https:\/\/www.cubodeideas.com\/blog\/wp-content\/uploads\/2024\/02\/cyber-security-2851201_1280.jpg","contentUrl":"https:\/\/www.cubodeideas.com\/blog\/wp-content\/uploads\/2024\/02\/cyber-security-2851201_1280.jpg","width":1280,"height":865,"caption":"cibernetico empresarial en mexico"},{"@type":"BreadcrumbList","@id":"https:\/\/www.cubodeideas.com\/blog\/negocios\/concienciacion-y-formacion-en-seguridad\/#breadcrumb","itemListElement":[{"@type":"ListItem","position":1,"name":"Portada","item":"https:\/\/www.cubodeideas.com\/blog\/"},{"@type":"ListItem","position":2,"name":"Concienciaci\u00f3n y Formaci\u00f3n en Seguridad"}]},{"@type":"WebSite","@id":"https:\/\/www.cubodeideas.com\/blog\/#website","url":"https:\/\/www.cubodeideas.com\/blog\/","name":"Cubo de Ideas","description":"Cubo de Ideas, El Blog","publisher":{"@id":"https:\/\/www.cubodeideas.com\/blog\/#organization"},"potentialAction":[{"@type":"SearchAction","target":{"@type":"EntryPoint","urlTemplate":"https:\/\/www.cubodeideas.com\/blog\/?s={search_term_string}"},"query-input":{"@type":"PropertyValueSpecification","valueRequired":true,"valueName":"search_term_string"}}],"inLanguage":"es"},{"@type":"Organization","@id":"https:\/\/www.cubodeideas.com\/blog\/#organization","name":"Cubo de Ideas","url":"https:\/\/www.cubodeideas.com\/blog\/","logo":{"@type":"ImageObject","inLanguage":"es","@id":"https:\/\/www.cubodeideas.com\/blog\/#\/schema\/logo\/image\/","url":"https:\/\/www.cubodeideas.com\/blog\/wp-content\/uploads\/2021\/10\/android-icon-72x72-1.png","contentUrl":"https:\/\/www.cubodeideas.com\/blog\/wp-content\/uploads\/2021\/10\/android-icon-72x72-1.png","width":72,"height":72,"caption":"Cubo de Ideas"},"image":{"@id":"https:\/\/www.cubodeideas.com\/blog\/#\/schema\/logo\/image\/"},"sameAs":["https:\/\/www.facebook.com\/somoscubodeideas","https:\/\/x.com\/cubo_ideas","https:\/\/www.instagram.com\/cubodeideas"]},{"@type":"Person","@id":"https:\/\/www.cubodeideas.com\/blog\/#\/schema\/person\/5614e43eb76109017cff51a2c7928211","name":"Noel Castro","description":"LEM Noel Castro Monta\u00f1o es CEO de Cubo de Ideas, Director de Operaciones para Citosa Textiles. Asesor de nuevos mercados y estrategias digitales para el segmento Retail. Especialista en marketing para autoservicios y puntos de venta. Especialista en sistemas de gesti\u00f3n de la calidad con enfoque a la ISO 9001:2015","sameAs":["https:\/\/www.cubodeideas.com\/blog"],"url":"https:\/\/www.cubodeideas.com\/blog\/author\/admin\/"}]}},"jetpack_publicize_connections":[],"_links":{"self":[{"href":"https:\/\/www.cubodeideas.com\/blog\/wp-json\/wp\/v2\/posts\/1548","targetHints":{"allow":["GET"]}}],"collection":[{"href":"https:\/\/www.cubodeideas.com\/blog\/wp-json\/wp\/v2\/posts"}],"about":[{"href":"https:\/\/www.cubodeideas.com\/blog\/wp-json\/wp\/v2\/types\/post"}],"author":[{"embeddable":true,"href":"https:\/\/www.cubodeideas.com\/blog\/wp-json\/wp\/v2\/users\/1"}],"replies":[{"embeddable":true,"href":"https:\/\/www.cubodeideas.com\/blog\/wp-json\/wp\/v2\/comments?post=1548"}],"version-history":[{"count":1,"href":"https:\/\/www.cubodeideas.com\/blog\/wp-json\/wp\/v2\/posts\/1548\/revisions"}],"predecessor-version":[{"id":1550,"href":"https:\/\/www.cubodeideas.com\/blog\/wp-json\/wp\/v2\/posts\/1548\/revisions\/1550"}],"wp:featuredmedia":[{"embeddable":true,"href":"https:\/\/www.cubodeideas.com\/blog\/wp-json\/wp\/v2\/media\/1549"}],"wp:attachment":[{"href":"https:\/\/www.cubodeideas.com\/blog\/wp-json\/wp\/v2\/media?parent=1548"}],"wp:term":[{"taxonomy":"category","embeddable":true,"href":"https:\/\/www.cubodeideas.com\/blog\/wp-json\/wp\/v2\/categories?post=1548"},{"taxonomy":"post_tag","embeddable":true,"href":"https:\/\/www.cubodeideas.com\/blog\/wp-json\/wp\/v2\/tags?post=1548"}],"curies":[{"name":"wp","href":"https:\/\/api.w.org\/{rel}","templated":true}]}}