{"id":1529,"date":"2024-02-26T04:38:04","date_gmt":"2024-02-26T04:38:04","guid":{"rendered":"https:\/\/www.cubodeideas.com\/blog\/?p=1529"},"modified":"2024-02-26T04:38:04","modified_gmt":"2024-02-26T04:38:04","slug":"comunicacion-asertiva-y-escucha-activa","status":"publish","type":"post","link":"https:\/\/www.cubodeideas.com\/blog\/negocios\/comunicacion-asertiva-y-escucha-activa\/","title":{"rendered":"Comunicaci\u00f3n Asertiva y Escucha Activa"},"content":{"rendered":"<p>La comunicaci\u00f3n efectiva es fundamental para el \u00e9xito empresarial, especialmente cuando se trata de resolver conflictos y mejorar las relaciones en las pymes. En este art\u00edculo, exploraremos la importancia de la comunicaci\u00f3n asertiva y la escucha activa, y c\u00f3mo pueden ayudar a los empresarios a gestionar conflictos de manera constructiva.<\/p>\n<h2><strong>La Importancia de la Comunicaci\u00f3n Asertiva en las Pymes<\/strong><\/h2>\n<p>La comunicaci\u00f3n asertiva se refiere a la habilidad de expresar opiniones, necesidades y deseos de manera clara, directa y respetuosa, sin violar los derechos de los dem\u00e1s. En el entorno empresarial, la comunicaci\u00f3n asertiva es esencial para establecer l\u00edmites claros, resolver conflictos de manera efectiva y fomentar relaciones laborales saludables.<\/p>\n<p><strong>Beneficios de la Comunicaci\u00f3n Asertiva<\/strong><\/p>\n<ul>\n<li><strong>Resoluci\u00f3n de Conflictos:<\/strong> La comunicaci\u00f3n asertiva facilita la resoluci\u00f3n de conflictos al permitir a las partes expresar sus preocupaciones de manera clara y directa, sin recurrir a la agresi\u00f3n o la pasividad.<\/li>\n<li><strong>Mejora de las Relaciones:<\/strong> Al comunicarse de manera asertiva, los empleados pueden establecer relaciones m\u00e1s s\u00f3lidas y respetuosas con sus colegas, lo que contribuye a un ambiente laboral m\u00e1s positivo y colaborativo.<\/li>\n<li><strong>Incremento de la Confianza:<\/strong> La comunicaci\u00f3n asertiva promueve la autoestima y la confianza en uno mismo, ya que permite a los individuos expresar sus pensamientos y sentimientos de manera abierta y honesta.<\/li>\n<\/ul>\n<h2><strong>Estrategias para Practicar la Comunicaci\u00f3n Asertiva<\/strong><\/h2>\n<ul>\n<li><strong>Expresar Sentimientos de Manera Directa:<\/strong> Comunicar claramente c\u00f3mo nos sentimos sin culpar o atacar a los dem\u00e1s.<\/li>\n<li><strong>Establecer L\u00edmites:<\/strong> Definir l\u00edmites claros y comunicarlos de manera respetuosa cuando sea necesario.<\/li>\n<li><strong>Utilizar \u00abYo\u00bb en lugar de \u00abT\u00fa\u00bb:<\/strong> Enfocarse en expresar los propios sentimientos y necesidades en lugar de culpar o criticar a los dem\u00e1s.<\/li>\n<\/ul>\n<p><strong>La Importancia de la Escucha Activa en las Pymes<\/strong><\/p>\n<p>La escucha activa es una habilidad crucial en la comunicaci\u00f3n efectiva que implica prestar atenci\u00f3n completa a lo que la otra persona est\u00e1 diciendo, mostrando inter\u00e9s genuino y respondiendo de manera apropiada. En el entorno empresarial, la escucha activa es fundamental para entender las necesidades y preocupaciones de los empleados, clientes y otras partes interesadas.<\/p>\n<h3><strong>Beneficios de la Escucha Activa<\/strong><\/h3>\n<ul>\n<li><strong>Mejora de las Relaciones Interpersonales:<\/strong> La escucha activa fortalece las relaciones al demostrar empat\u00eda, comprensi\u00f3n y respeto hacia los dem\u00e1s.<\/li>\n<li><strong>Resoluci\u00f3n de Problemas Efectiva:<\/strong> Al escuchar activamente, se pueden identificar y abordar los problemas de manera m\u00e1s efectiva, lo que lleva a mejores soluciones y resultados.<\/li>\n<li><strong>Fomento de la Confianza:<\/strong> La escucha activa crea un ambiente de confianza y apertura donde las personas se sienten valoradas y respetadas.<\/li>\n<\/ul>\n<p><strong>Estrategias para Practicar la Escucha Activa<\/strong><\/p>\n<ul>\n<li><strong>Prestar Atenci\u00f3n Total:<\/strong> Eliminar distracciones y centrarse completamente en lo que la otra persona est\u00e1 diciendo.<\/li>\n<li><strong>Hacer Preguntas Clarificadoras:<\/strong> Pedir aclaraciones o detalles adicionales para asegurarse de entender completamente el mensaje.<\/li>\n<li><strong>Mostrar Empat\u00eda:<\/strong> Reconocer y validar los sentimientos y preocupaciones de la otra persona para demostrar comprensi\u00f3n y apoyo.<\/li>\n<\/ul>\n<h3><strong>Conclusi\u00f3n<\/strong><\/h3>\n<p>En conclusi\u00f3n, la comunicaci\u00f3n asertiva y la escucha activa son habilidades fundamentales para la gesti\u00f3n efectiva de conflictos y el fomento de relaciones saludables en las pymes. Al practicar la comunicaci\u00f3n asertiva y la escucha activa, los empresarios pueden mejorar la productividad, fortalecer las relaciones y crear un ambiente laboral positivo y colaborativo. Al invertir en el desarrollo de estas habilidades, las pymes pueden alcanzar un mayor \u00e9xito y crecimiento a largo plazo.<\/p>\n<p>&nbsp;<\/p>\n<p>Imagen de <a href=\"https:\/\/pixabay.com\/es\/users\/couleur-1195798\/?utm_source=link-attribution&amp;utm_medium=referral&amp;utm_campaign=image&amp;utm_content=2209152\">Ilo<\/a> en <a href=\"https:\/\/pixabay.com\/es\/\/?utm_source=link-attribution&amp;utm_medium=referral&amp;utm_campaign=image&amp;utm_content=2209152\">Pixabay<\/a><\/p>\n<div class=\"pvc_clear\"><\/div>\n<p id=\"pvc_stats_1529\" class=\"pvc_stats all  \" data-element-id=\"1529\" style=\"\"><i class=\"pvc-stats-icon medium\" aria-hidden=\"true\"><svg aria-hidden=\"true\" focusable=\"false\" data-prefix=\"far\" data-icon=\"chart-bar\" role=\"img\" xmlns=\"http:\/\/www.w3.org\/2000\/svg\" viewBox=\"0 0 512 512\" class=\"svg-inline--fa fa-chart-bar fa-w-16 fa-2x\"><path fill=\"currentColor\" d=\"M396.8 352h22.4c6.4 0 12.8-6.4 12.8-12.8V108.8c0-6.4-6.4-12.8-12.8-12.8h-22.4c-6.4 0-12.8 6.4-12.8 12.8v230.4c0 6.4 6.4 12.8 12.8 12.8zm-192 0h22.4c6.4 0 12.8-6.4 12.8-12.8V140.8c0-6.4-6.4-12.8-12.8-12.8h-22.4c-6.4 0-12.8 6.4-12.8 12.8v198.4c0 6.4 6.4 12.8 12.8 12.8zm96 0h22.4c6.4 0 12.8-6.4 12.8-12.8V204.8c0-6.4-6.4-12.8-12.8-12.8h-22.4c-6.4 0-12.8 6.4-12.8 12.8v134.4c0 6.4 6.4 12.8 12.8 12.8zM496 400H48V80c0-8.84-7.16-16-16-16H16C7.16 64 0 71.16 0 80v336c0 17.67 14.33 32 32 32h464c8.84 0 16-7.16 16-16v-16c0-8.84-7.16-16-16-16zm-387.2-48h22.4c6.4 0 12.8-6.4 12.8-12.8v-70.4c0-6.4-6.4-12.8-12.8-12.8h-22.4c-6.4 0-12.8 6.4-12.8 12.8v70.4c0 6.4 6.4 12.8 12.8 12.8z\" class=\"\"><\/path><\/svg><\/i> <img loading=\"lazy\" decoding=\"async\" width=\"16\" height=\"16\" alt=\"Loading\" src=\"https:\/\/www.cubodeideas.com\/blog\/wp-content\/plugins\/page-views-count\/ajax-loader-2x.gif\" border=0 \/><\/p>\n<div class=\"pvc_clear\"><\/div>\n","protected":false},"excerpt":{"rendered":"<p>La comunicaci\u00f3n efectiva es fundamental para el \u00e9xito empresarial, especialmente cuando se trata de resolver conflictos y mejorar las relaciones en las pymes. En este art\u00edculo, exploraremos la importancia de la comunicaci\u00f3n asertiva y la escucha activa, y c\u00f3mo pueden ayudar a los empresarios a gestionar conflictos de manera constructiva. La Importancia de la Comunicaci\u00f3n [&hellip;]<\/p>\n<div class=\"pvc_clear\"><\/div>\n<p id=\"pvc_stats_1529\" class=\"pvc_stats all  \" data-element-id=\"1529\" style=\"\"><i class=\"pvc-stats-icon medium\" aria-hidden=\"true\"><svg aria-hidden=\"true\" focusable=\"false\" data-prefix=\"far\" data-icon=\"chart-bar\" role=\"img\" xmlns=\"http:\/\/www.w3.org\/2000\/svg\" viewBox=\"0 0 512 512\" class=\"svg-inline--fa fa-chart-bar fa-w-16 fa-2x\"><path fill=\"currentColor\" d=\"M396.8 352h22.4c6.4 0 12.8-6.4 12.8-12.8V108.8c0-6.4-6.4-12.8-12.8-12.8h-22.4c-6.4 0-12.8 6.4-12.8 12.8v230.4c0 6.4 6.4 12.8 12.8 12.8zm-192 0h22.4c6.4 0 12.8-6.4 12.8-12.8V140.8c0-6.4-6.4-12.8-12.8-12.8h-22.4c-6.4 0-12.8 6.4-12.8 12.8v198.4c0 6.4 6.4 12.8 12.8 12.8zm96 0h22.4c6.4 0 12.8-6.4 12.8-12.8V204.8c0-6.4-6.4-12.8-12.8-12.8h-22.4c-6.4 0-12.8 6.4-12.8 12.8v134.4c0 6.4 6.4 12.8 12.8 12.8zM496 400H48V80c0-8.84-7.16-16-16-16H16C7.16 64 0 71.16 0 80v336c0 17.67 14.33 32 32 32h464c8.84 0 16-7.16 16-16v-16c0-8.84-7.16-16-16-16zm-387.2-48h22.4c6.4 0 12.8-6.4 12.8-12.8v-70.4c0-6.4-6.4-12.8-12.8-12.8h-22.4c-6.4 0-12.8 6.4-12.8 12.8v70.4c0 6.4 6.4 12.8 12.8 12.8z\" class=\"\"><\/path><\/svg><\/i> <img loading=\"lazy\" decoding=\"async\" width=\"16\" height=\"16\" alt=\"Loading\" src=\"https:\/\/www.cubodeideas.com\/blog\/wp-content\/plugins\/page-views-count\/ajax-loader-2x.gif\" border=0 \/><\/p>\n<div class=\"pvc_clear\"><\/div>\n","protected":false},"author":1,"featured_media":1530,"comment_status":"open","ping_status":"closed","sticky":false,"template":"","format":"standard","meta":{"footnotes":"","jetpack_publicize_message":"","jetpack_publicize_feature_enabled":true,"jetpack_social_post_already_shared":false,"jetpack_social_options":{"image_generator_settings":{"template":"highway","default_image_id":0,"font":"","enabled":false},"version":2}},"categories":[13],"tags":[596,286,597,45,590],"class_list":["post-1529","post","type-post","status-publish","format-standard","has-post-thumbnail","hentry","category-negocios","tag-comunicacion-asertiva","tag-comunicacion-empresarial","tag-escucha-activa","tag-pymes","tag-resolucion-de-conflictos"],"blocksy_meta":[],"yoast_head":"<!-- This site is optimized with the Yoast SEO plugin v27.0 - https:\/\/yoast.com\/product\/yoast-seo-wordpress\/ -->\n<title>Comunicaci\u00f3n Asertiva y Escucha Activa -<\/title>\n<meta name=\"description\" content=\"Aprende estrategias de comunicaci\u00f3n asertiva y escucha activa para resolver conflictos y mejorar relaciones en tu pyme. \u00a1Optimiza la comunicaci\u00f3n hoy!\" \/>\n<meta name=\"robots\" content=\"index, follow, max-snippet:-1, max-image-preview:large, max-video-preview:-1\" \/>\n<link rel=\"canonical\" href=\"https:\/\/www.cubodeideas.com\/blog\/negocios\/comunicacion-asertiva-y-escucha-activa\/\" \/>\n<meta property=\"og:locale\" content=\"es_ES\" \/>\n<meta property=\"og:type\" content=\"article\" \/>\n<meta property=\"og:title\" content=\"Comunicaci\u00f3n Asertiva y Escucha Activa -\" \/>\n<meta property=\"og:description\" content=\"Aprende estrategias de comunicaci\u00f3n asertiva y escucha activa para resolver conflictos y mejorar relaciones en tu pyme. \u00a1Optimiza la comunicaci\u00f3n hoy!\" \/>\n<meta property=\"og:url\" content=\"https:\/\/www.cubodeideas.com\/blog\/negocios\/comunicacion-asertiva-y-escucha-activa\/\" \/>\n<meta property=\"article:publisher\" content=\"https:\/\/www.facebook.com\/somoscubodeideas\" \/>\n<meta property=\"article:published_time\" content=\"2024-02-26T04:38:04+00:00\" \/>\n<meta property=\"og:image\" content=\"https:\/\/www.cubodeideas.com\/blog\/wp-content\/uploads\/2024\/02\/sculptures-2209152_12801.jpg\" \/>\n\t<meta property=\"og:image:width\" content=\"1280\" \/>\n\t<meta property=\"og:image:height\" content=\"853\" \/>\n\t<meta property=\"og:image:type\" content=\"image\/jpeg\" \/>\n<meta name=\"author\" content=\"Noel Castro\" \/>\n<meta name=\"twitter:card\" content=\"summary_large_image\" \/>\n<meta name=\"twitter:creator\" content=\"@cubo_ideas\" \/>\n<meta name=\"twitter:site\" content=\"@cubo_ideas\" \/>\n<meta name=\"twitter:label1\" content=\"Escrito por\" \/>\n\t<meta name=\"twitter:data1\" content=\"Noel Castro\" \/>\n\t<meta name=\"twitter:label2\" content=\"Tiempo de lectura\" \/>\n\t<meta name=\"twitter:data2\" content=\"3 minutos\" \/>\n<script type=\"application\/ld+json\" class=\"yoast-schema-graph\">{\"@context\":\"https:\/\/schema.org\",\"@graph\":[{\"@type\":\"Article\",\"@id\":\"https:\/\/www.cubodeideas.com\/blog\/negocios\/comunicacion-asertiva-y-escucha-activa\/#article\",\"isPartOf\":{\"@id\":\"https:\/\/www.cubodeideas.com\/blog\/negocios\/comunicacion-asertiva-y-escucha-activa\/\"},\"author\":{\"name\":\"Noel Castro\",\"@id\":\"https:\/\/www.cubodeideas.com\/blog\/#\/schema\/person\/5614e43eb76109017cff51a2c7928211\"},\"headline\":\"Comunicaci\u00f3n Asertiva y Escucha Activa\",\"datePublished\":\"2024-02-26T04:38:04+00:00\",\"mainEntityOfPage\":{\"@id\":\"https:\/\/www.cubodeideas.com\/blog\/negocios\/comunicacion-asertiva-y-escucha-activa\/\"},\"wordCount\":587,\"commentCount\":0,\"publisher\":{\"@id\":\"https:\/\/www.cubodeideas.com\/blog\/#organization\"},\"image\":{\"@id\":\"https:\/\/www.cubodeideas.com\/blog\/negocios\/comunicacion-asertiva-y-escucha-activa\/#primaryimage\"},\"thumbnailUrl\":\"https:\/\/www.cubodeideas.com\/blog\/wp-content\/uploads\/2024\/02\/sculptures-2209152_12801.jpg\",\"keywords\":[\"Comunicaci\u00f3n Asertiva\",\"Comunicaci\u00f3n Empresarial\",\"Escucha Activa\",\"PyMES\",\"Resoluci\u00f3n de Conflictos\"],\"articleSection\":[\"Negocios\"],\"inLanguage\":\"es\",\"potentialAction\":[{\"@type\":\"CommentAction\",\"name\":\"Comment\",\"target\":[\"https:\/\/www.cubodeideas.com\/blog\/negocios\/comunicacion-asertiva-y-escucha-activa\/#respond\"]}]},{\"@type\":\"WebPage\",\"@id\":\"https:\/\/www.cubodeideas.com\/blog\/negocios\/comunicacion-asertiva-y-escucha-activa\/\",\"url\":\"https:\/\/www.cubodeideas.com\/blog\/negocios\/comunicacion-asertiva-y-escucha-activa\/\",\"name\":\"Comunicaci\u00f3n Asertiva y Escucha Activa -\",\"isPartOf\":{\"@id\":\"https:\/\/www.cubodeideas.com\/blog\/#website\"},\"primaryImageOfPage\":{\"@id\":\"https:\/\/www.cubodeideas.com\/blog\/negocios\/comunicacion-asertiva-y-escucha-activa\/#primaryimage\"},\"image\":{\"@id\":\"https:\/\/www.cubodeideas.com\/blog\/negocios\/comunicacion-asertiva-y-escucha-activa\/#primaryimage\"},\"thumbnailUrl\":\"https:\/\/www.cubodeideas.com\/blog\/wp-content\/uploads\/2024\/02\/sculptures-2209152_12801.jpg\",\"datePublished\":\"2024-02-26T04:38:04+00:00\",\"description\":\"Aprende estrategias de comunicaci\u00f3n asertiva y escucha activa para resolver conflictos y mejorar relaciones en tu pyme. \u00a1Optimiza la comunicaci\u00f3n hoy!\",\"breadcrumb\":{\"@id\":\"https:\/\/www.cubodeideas.com\/blog\/negocios\/comunicacion-asertiva-y-escucha-activa\/#breadcrumb\"},\"inLanguage\":\"es\",\"potentialAction\":[{\"@type\":\"ReadAction\",\"target\":[\"https:\/\/www.cubodeideas.com\/blog\/negocios\/comunicacion-asertiva-y-escucha-activa\/\"]}]},{\"@type\":\"ImageObject\",\"inLanguage\":\"es\",\"@id\":\"https:\/\/www.cubodeideas.com\/blog\/negocios\/comunicacion-asertiva-y-escucha-activa\/#primaryimage\",\"url\":\"https:\/\/www.cubodeideas.com\/blog\/wp-content\/uploads\/2024\/02\/sculptures-2209152_12801.jpg\",\"contentUrl\":\"https:\/\/www.cubodeideas.com\/blog\/wp-content\/uploads\/2024\/02\/sculptures-2209152_12801.jpg\",\"width\":1280,\"height\":853,\"caption\":\"Comunicaci\u00f3n Asertiva y Escucha Activa\"},{\"@type\":\"BreadcrumbList\",\"@id\":\"https:\/\/www.cubodeideas.com\/blog\/negocios\/comunicacion-asertiva-y-escucha-activa\/#breadcrumb\",\"itemListElement\":[{\"@type\":\"ListItem\",\"position\":1,\"name\":\"Portada\",\"item\":\"https:\/\/www.cubodeideas.com\/blog\/\"},{\"@type\":\"ListItem\",\"position\":2,\"name\":\"Comunicaci\u00f3n Asertiva y Escucha Activa\"}]},{\"@type\":\"WebSite\",\"@id\":\"https:\/\/www.cubodeideas.com\/blog\/#website\",\"url\":\"https:\/\/www.cubodeideas.com\/blog\/\",\"name\":\"Cubo de Ideas\",\"description\":\"Cubo de Ideas, El Blog\",\"publisher\":{\"@id\":\"https:\/\/www.cubodeideas.com\/blog\/#organization\"},\"potentialAction\":[{\"@type\":\"SearchAction\",\"target\":{\"@type\":\"EntryPoint\",\"urlTemplate\":\"https:\/\/www.cubodeideas.com\/blog\/?s={search_term_string}\"},\"query-input\":{\"@type\":\"PropertyValueSpecification\",\"valueRequired\":true,\"valueName\":\"search_term_string\"}}],\"inLanguage\":\"es\"},{\"@type\":\"Organization\",\"@id\":\"https:\/\/www.cubodeideas.com\/blog\/#organization\",\"name\":\"Cubo de Ideas\",\"url\":\"https:\/\/www.cubodeideas.com\/blog\/\",\"logo\":{\"@type\":\"ImageObject\",\"inLanguage\":\"es\",\"@id\":\"https:\/\/www.cubodeideas.com\/blog\/#\/schema\/logo\/image\/\",\"url\":\"https:\/\/www.cubodeideas.com\/blog\/wp-content\/uploads\/2021\/10\/android-icon-72x72-1.png\",\"contentUrl\":\"https:\/\/www.cubodeideas.com\/blog\/wp-content\/uploads\/2021\/10\/android-icon-72x72-1.png\",\"width\":72,\"height\":72,\"caption\":\"Cubo de Ideas\"},\"image\":{\"@id\":\"https:\/\/www.cubodeideas.com\/blog\/#\/schema\/logo\/image\/\"},\"sameAs\":[\"https:\/\/www.facebook.com\/somoscubodeideas\",\"https:\/\/x.com\/cubo_ideas\",\"https:\/\/www.instagram.com\/cubodeideas\"]},{\"@type\":\"Person\",\"@id\":\"https:\/\/www.cubodeideas.com\/blog\/#\/schema\/person\/5614e43eb76109017cff51a2c7928211\",\"name\":\"Noel Castro\",\"description\":\"LEM Noel Castro Monta\u00f1o es CEO de Cubo de Ideas, Director de Operaciones para Citosa Textiles. Asesor de nuevos mercados y estrategias digitales para el segmento Retail. Especialista en marketing para autoservicios y puntos de venta. Especialista en sistemas de gesti\u00f3n de la calidad con enfoque a la ISO 9001:2015\",\"sameAs\":[\"https:\/\/www.cubodeideas.com\/blog\"],\"url\":\"https:\/\/www.cubodeideas.com\/blog\/author\/admin\/\"}]}<\/script>\n<!-- \/ Yoast SEO plugin. -->","yoast_head_json":{"title":"Comunicaci\u00f3n Asertiva y Escucha Activa -","description":"Aprende estrategias de comunicaci\u00f3n asertiva y escucha activa para resolver conflictos y mejorar relaciones en tu pyme. \u00a1Optimiza la comunicaci\u00f3n hoy!","robots":{"index":"index","follow":"follow","max-snippet":"max-snippet:-1","max-image-preview":"max-image-preview:large","max-video-preview":"max-video-preview:-1"},"canonical":"https:\/\/www.cubodeideas.com\/blog\/negocios\/comunicacion-asertiva-y-escucha-activa\/","og_locale":"es_ES","og_type":"article","og_title":"Comunicaci\u00f3n Asertiva y Escucha Activa -","og_description":"Aprende estrategias de comunicaci\u00f3n asertiva y escucha activa para resolver conflictos y mejorar relaciones en tu pyme. \u00a1Optimiza la comunicaci\u00f3n hoy!","og_url":"https:\/\/www.cubodeideas.com\/blog\/negocios\/comunicacion-asertiva-y-escucha-activa\/","article_publisher":"https:\/\/www.facebook.com\/somoscubodeideas","article_published_time":"2024-02-26T04:38:04+00:00","og_image":[{"width":1280,"height":853,"url":"https:\/\/www.cubodeideas.com\/blog\/wp-content\/uploads\/2024\/02\/sculptures-2209152_12801.jpg","type":"image\/jpeg"}],"author":"Noel Castro","twitter_card":"summary_large_image","twitter_creator":"@cubo_ideas","twitter_site":"@cubo_ideas","twitter_misc":{"Escrito por":"Noel Castro","Tiempo de lectura":"3 minutos"},"schema":{"@context":"https:\/\/schema.org","@graph":[{"@type":"Article","@id":"https:\/\/www.cubodeideas.com\/blog\/negocios\/comunicacion-asertiva-y-escucha-activa\/#article","isPartOf":{"@id":"https:\/\/www.cubodeideas.com\/blog\/negocios\/comunicacion-asertiva-y-escucha-activa\/"},"author":{"name":"Noel Castro","@id":"https:\/\/www.cubodeideas.com\/blog\/#\/schema\/person\/5614e43eb76109017cff51a2c7928211"},"headline":"Comunicaci\u00f3n Asertiva y Escucha Activa","datePublished":"2024-02-26T04:38:04+00:00","mainEntityOfPage":{"@id":"https:\/\/www.cubodeideas.com\/blog\/negocios\/comunicacion-asertiva-y-escucha-activa\/"},"wordCount":587,"commentCount":0,"publisher":{"@id":"https:\/\/www.cubodeideas.com\/blog\/#organization"},"image":{"@id":"https:\/\/www.cubodeideas.com\/blog\/negocios\/comunicacion-asertiva-y-escucha-activa\/#primaryimage"},"thumbnailUrl":"https:\/\/www.cubodeideas.com\/blog\/wp-content\/uploads\/2024\/02\/sculptures-2209152_12801.jpg","keywords":["Comunicaci\u00f3n Asertiva","Comunicaci\u00f3n Empresarial","Escucha Activa","PyMES","Resoluci\u00f3n de Conflictos"],"articleSection":["Negocios"],"inLanguage":"es","potentialAction":[{"@type":"CommentAction","name":"Comment","target":["https:\/\/www.cubodeideas.com\/blog\/negocios\/comunicacion-asertiva-y-escucha-activa\/#respond"]}]},{"@type":"WebPage","@id":"https:\/\/www.cubodeideas.com\/blog\/negocios\/comunicacion-asertiva-y-escucha-activa\/","url":"https:\/\/www.cubodeideas.com\/blog\/negocios\/comunicacion-asertiva-y-escucha-activa\/","name":"Comunicaci\u00f3n Asertiva y Escucha Activa -","isPartOf":{"@id":"https:\/\/www.cubodeideas.com\/blog\/#website"},"primaryImageOfPage":{"@id":"https:\/\/www.cubodeideas.com\/blog\/negocios\/comunicacion-asertiva-y-escucha-activa\/#primaryimage"},"image":{"@id":"https:\/\/www.cubodeideas.com\/blog\/negocios\/comunicacion-asertiva-y-escucha-activa\/#primaryimage"},"thumbnailUrl":"https:\/\/www.cubodeideas.com\/blog\/wp-content\/uploads\/2024\/02\/sculptures-2209152_12801.jpg","datePublished":"2024-02-26T04:38:04+00:00","description":"Aprende estrategias de comunicaci\u00f3n asertiva y escucha activa para resolver conflictos y mejorar relaciones en tu pyme. \u00a1Optimiza la comunicaci\u00f3n hoy!","breadcrumb":{"@id":"https:\/\/www.cubodeideas.com\/blog\/negocios\/comunicacion-asertiva-y-escucha-activa\/#breadcrumb"},"inLanguage":"es","potentialAction":[{"@type":"ReadAction","target":["https:\/\/www.cubodeideas.com\/blog\/negocios\/comunicacion-asertiva-y-escucha-activa\/"]}]},{"@type":"ImageObject","inLanguage":"es","@id":"https:\/\/www.cubodeideas.com\/blog\/negocios\/comunicacion-asertiva-y-escucha-activa\/#primaryimage","url":"https:\/\/www.cubodeideas.com\/blog\/wp-content\/uploads\/2024\/02\/sculptures-2209152_12801.jpg","contentUrl":"https:\/\/www.cubodeideas.com\/blog\/wp-content\/uploads\/2024\/02\/sculptures-2209152_12801.jpg","width":1280,"height":853,"caption":"Comunicaci\u00f3n Asertiva y Escucha Activa"},{"@type":"BreadcrumbList","@id":"https:\/\/www.cubodeideas.com\/blog\/negocios\/comunicacion-asertiva-y-escucha-activa\/#breadcrumb","itemListElement":[{"@type":"ListItem","position":1,"name":"Portada","item":"https:\/\/www.cubodeideas.com\/blog\/"},{"@type":"ListItem","position":2,"name":"Comunicaci\u00f3n Asertiva y Escucha Activa"}]},{"@type":"WebSite","@id":"https:\/\/www.cubodeideas.com\/blog\/#website","url":"https:\/\/www.cubodeideas.com\/blog\/","name":"Cubo de Ideas","description":"Cubo de Ideas, El Blog","publisher":{"@id":"https:\/\/www.cubodeideas.com\/blog\/#organization"},"potentialAction":[{"@type":"SearchAction","target":{"@type":"EntryPoint","urlTemplate":"https:\/\/www.cubodeideas.com\/blog\/?s={search_term_string}"},"query-input":{"@type":"PropertyValueSpecification","valueRequired":true,"valueName":"search_term_string"}}],"inLanguage":"es"},{"@type":"Organization","@id":"https:\/\/www.cubodeideas.com\/blog\/#organization","name":"Cubo de Ideas","url":"https:\/\/www.cubodeideas.com\/blog\/","logo":{"@type":"ImageObject","inLanguage":"es","@id":"https:\/\/www.cubodeideas.com\/blog\/#\/schema\/logo\/image\/","url":"https:\/\/www.cubodeideas.com\/blog\/wp-content\/uploads\/2021\/10\/android-icon-72x72-1.png","contentUrl":"https:\/\/www.cubodeideas.com\/blog\/wp-content\/uploads\/2021\/10\/android-icon-72x72-1.png","width":72,"height":72,"caption":"Cubo de Ideas"},"image":{"@id":"https:\/\/www.cubodeideas.com\/blog\/#\/schema\/logo\/image\/"},"sameAs":["https:\/\/www.facebook.com\/somoscubodeideas","https:\/\/x.com\/cubo_ideas","https:\/\/www.instagram.com\/cubodeideas"]},{"@type":"Person","@id":"https:\/\/www.cubodeideas.com\/blog\/#\/schema\/person\/5614e43eb76109017cff51a2c7928211","name":"Noel Castro","description":"LEM Noel Castro Monta\u00f1o es CEO de Cubo de Ideas, Director de Operaciones para Citosa Textiles. Asesor de nuevos mercados y estrategias digitales para el segmento Retail. Especialista en marketing para autoservicios y puntos de venta. Especialista en sistemas de gesti\u00f3n de la calidad con enfoque a la ISO 9001:2015","sameAs":["https:\/\/www.cubodeideas.com\/blog"],"url":"https:\/\/www.cubodeideas.com\/blog\/author\/admin\/"}]}},"jetpack_publicize_connections":[],"_links":{"self":[{"href":"https:\/\/www.cubodeideas.com\/blog\/wp-json\/wp\/v2\/posts\/1529","targetHints":{"allow":["GET"]}}],"collection":[{"href":"https:\/\/www.cubodeideas.com\/blog\/wp-json\/wp\/v2\/posts"}],"about":[{"href":"https:\/\/www.cubodeideas.com\/blog\/wp-json\/wp\/v2\/types\/post"}],"author":[{"embeddable":true,"href":"https:\/\/www.cubodeideas.com\/blog\/wp-json\/wp\/v2\/users\/1"}],"replies":[{"embeddable":true,"href":"https:\/\/www.cubodeideas.com\/blog\/wp-json\/wp\/v2\/comments?post=1529"}],"version-history":[{"count":1,"href":"https:\/\/www.cubodeideas.com\/blog\/wp-json\/wp\/v2\/posts\/1529\/revisions"}],"predecessor-version":[{"id":1531,"href":"https:\/\/www.cubodeideas.com\/blog\/wp-json\/wp\/v2\/posts\/1529\/revisions\/1531"}],"wp:featuredmedia":[{"embeddable":true,"href":"https:\/\/www.cubodeideas.com\/blog\/wp-json\/wp\/v2\/media\/1530"}],"wp:attachment":[{"href":"https:\/\/www.cubodeideas.com\/blog\/wp-json\/wp\/v2\/media?parent=1529"}],"wp:term":[{"taxonomy":"category","embeddable":true,"href":"https:\/\/www.cubodeideas.com\/blog\/wp-json\/wp\/v2\/categories?post=1529"},{"taxonomy":"post_tag","embeddable":true,"href":"https:\/\/www.cubodeideas.com\/blog\/wp-json\/wp\/v2\/tags?post=1529"}],"curies":[{"name":"wp","href":"https:\/\/api.w.org\/{rel}","templated":true}]}}