{"id":1525,"date":"2024-02-26T04:09:06","date_gmt":"2024-02-26T04:09:06","guid":{"rendered":"https:\/\/www.cubodeideas.com\/blog\/?p=1525"},"modified":"2024-02-26T04:09:06","modified_gmt":"2024-02-26T04:09:06","slug":"manejo-de-conflictos-y-mediacion","status":"publish","type":"post","link":"https:\/\/www.cubodeideas.com\/blog\/negocios\/manejo-de-conflictos-y-mediacion\/","title":{"rendered":"Manejo de Conflictos y Mediaci\u00f3n"},"content":{"rendered":"<div class=\"flex flex-grow flex-col max-w-full\">\n<div class=\"min-h-[20px] text-message flex flex-col items-start gap-3 whitespace-pre-wrap break-words [.text-message+&amp;]:mt-5 overflow-x-auto\" data-message-author-role=\"assistant\" data-message-id=\"8bb16927-5d77-4af4-9a8c-d85dfca9cd6d\">\n<div class=\"markdown prose w-full break-words dark:prose-invert light\">\n<p>Los conflictos son inevitables en el mundo empresarial, pero c\u00f3mo se gestionan puede marcar la diferencia entre el \u00e9xito y el fracaso. En este art\u00edculo, exploraremos estrategias efectivas para el manejo de conflictos y la mediaci\u00f3n en las pymes, y c\u00f3mo pueden contribuir al crecimiento y la estabilidad empresarial.<\/p>\n<h2><strong>Comprender la Naturaleza de los Conflictos Empresariales<\/strong><\/h2>\n<p>Los conflictos empresariales pueden surgir por una variedad de razones, como diferencias en la percepci\u00f3n, intereses divergentes, competencia por recursos limitados o problemas de comunicaci\u00f3n. Es fundamental comprender la naturaleza y las causas subyacentes de los conflictos para abordarlos de manera efectiva.<\/p>\n<h3><strong>Importancia del Manejo de Conflictos en las Pymes<\/strong><\/h3>\n<p>El manejo adecuado de conflictos es esencial para mantener un ambiente laboral saludable, fomentar la productividad y proteger la reputaci\u00f3n de la empresa. Los conflictos no resueltos pueden resultar en baja moral, rotaci\u00f3n de empleados y p\u00e9rdida de clientes, lo que puede afectar negativamente la rentabilidad y el crecimiento empresarial.<\/p>\n<h2><strong>Estrategias para el Manejo de Conflictos<\/strong><\/h2>\n<ul>\n<li><strong>Comunicaci\u00f3n Abierta y Constructiva:<\/strong> Fomentar un ambiente donde los empleados se sientan seguros para expresar sus preocupaciones y opiniones de manera abierta y constructiva.<\/li>\n<li><strong>Escucha Activa:<\/strong> Practicar la escucha activa para comprender las perspectivas y preocupaciones de todas las partes involucradas en el conflicto.<\/li>\n<li><strong>B\u00fasqueda de Intereses Comunes:<\/strong> Identificar los intereses comunes entre las partes en conflicto y trabajar juntos para encontrar soluciones que satisfagan esas necesidades compartidas.<\/li>\n<li><strong>Compromiso Flexible:<\/strong> Estar dispuesto a comprometerse y buscar soluciones creativas que puedan resolver el conflicto de manera equitativa y satisfactoria para todas las partes involucradas.<\/li>\n<\/ul>\n<h3><strong>El Papel de la Mediaci\u00f3n en la Resoluci\u00f3n de Conflictos<\/strong><\/h3>\n<p>La mediaci\u00f3n es un proceso de resoluci\u00f3n de conflictos en el que un tercero neutral ayuda a las partes en conflicto a encontrar una soluci\u00f3n mutuamente aceptable. La mediaci\u00f3n puede ser especialmente \u00fatil en entornos empresariales donde las relaciones continuas son importantes y se busca preservar la colaboraci\u00f3n y el trabajo en equipo.<\/p>\n<h2><strong>Beneficios de la Mediaci\u00f3n en las Pymes<\/strong><\/h2>\n<ul>\n<li><strong>Confidencialidad:<\/strong> La mediaci\u00f3n proporciona un entorno confidencial donde las partes pueden discutir abierta y libremente sus preocupaciones sin temor a represalias.<\/li>\n<li><strong>Flexibilidad:<\/strong> La mediaci\u00f3n ofrece flexibilidad en t\u00e9rminos de tiempo y formato, lo que permite a las partes trabajar juntas para encontrar soluciones que se adapten a sus necesidades y circunstancias \u00fanicas.<\/li>\n<li><strong>Preservaci\u00f3n de Relaciones:<\/strong> La mediaci\u00f3n ayuda a preservar las relaciones comerciales y laborales al fomentar la comunicaci\u00f3n abierta y la colaboraci\u00f3n en la b\u00fasqueda de soluciones mutuamente aceptables.<\/li>\n<\/ul>\n<h3><strong>Conclusi\u00f3n<\/strong><\/h3>\n<p>En conclusi\u00f3n, el manejo efectivo de conflictos y la mediaci\u00f3n son habilidades cr\u00edticas para el \u00e9xito empresarial en las pymes. Al comprender la naturaleza de los conflictos, implementar estrategias de manejo de conflictos y recurrir a la mediaci\u00f3n cuando sea necesario, las pymes pueden resolver los conflictos de manera eficiente, preservar relaciones comerciales importantes y mantener un ambiente laboral positivo y productivo. Al invertir en la gesti\u00f3n de conflictos, las pymes pueden construir una cultura empresarial s\u00f3lida y promover el crecimiento y la estabilidad a largo plazo.<\/p>\n<\/div>\n<\/div>\n<\/div>\n<div class=\"mt-1 flex justify-start gap-3 empty:hidden\">\n<div class=\"text-gray-400 flex self-end lg:self-center justify-center lg:justify-start mt-0 -ml-1 h-7 visible\">Imagen de <a href=\"https:\/\/pixabay.com\/es\/users\/geralt-9301\/?utm_source=link-attribution&amp;utm_medium=referral&amp;utm_campaign=image&amp;utm_content=2556925\">Gerd Altmann<\/a> en <a href=\"https:\/\/pixabay.com\/es\/\/?utm_source=link-attribution&amp;utm_medium=referral&amp;utm_campaign=image&amp;utm_content=2556925\">Pixabay<\/a><\/div>\n<\/div>\n<div class=\"flex\"><\/div>\n<div class=\"pvc_clear\"><\/div>\n<p id=\"pvc_stats_1525\" class=\"pvc_stats all  \" data-element-id=\"1525\" style=\"\"><i class=\"pvc-stats-icon medium\" aria-hidden=\"true\"><svg aria-hidden=\"true\" focusable=\"false\" data-prefix=\"far\" data-icon=\"chart-bar\" role=\"img\" xmlns=\"http:\/\/www.w3.org\/2000\/svg\" viewBox=\"0 0 512 512\" class=\"svg-inline--fa fa-chart-bar fa-w-16 fa-2x\"><path fill=\"currentColor\" d=\"M396.8 352h22.4c6.4 0 12.8-6.4 12.8-12.8V108.8c0-6.4-6.4-12.8-12.8-12.8h-22.4c-6.4 0-12.8 6.4-12.8 12.8v230.4c0 6.4 6.4 12.8 12.8 12.8zm-192 0h22.4c6.4 0 12.8-6.4 12.8-12.8V140.8c0-6.4-6.4-12.8-12.8-12.8h-22.4c-6.4 0-12.8 6.4-12.8 12.8v198.4c0 6.4 6.4 12.8 12.8 12.8zm96 0h22.4c6.4 0 12.8-6.4 12.8-12.8V204.8c0-6.4-6.4-12.8-12.8-12.8h-22.4c-6.4 0-12.8 6.4-12.8 12.8v134.4c0 6.4 6.4 12.8 12.8 12.8zM496 400H48V80c0-8.84-7.16-16-16-16H16C7.16 64 0 71.16 0 80v336c0 17.67 14.33 32 32 32h464c8.84 0 16-7.16 16-16v-16c0-8.84-7.16-16-16-16zm-387.2-48h22.4c6.4 0 12.8-6.4 12.8-12.8v-70.4c0-6.4-6.4-12.8-12.8-12.8h-22.4c-6.4 0-12.8 6.4-12.8 12.8v70.4c0 6.4 6.4 12.8 12.8 12.8z\" class=\"\"><\/path><\/svg><\/i> <img loading=\"lazy\" decoding=\"async\" width=\"16\" height=\"16\" alt=\"Loading\" src=\"https:\/\/www.cubodeideas.com\/blog\/wp-content\/plugins\/page-views-count\/ajax-loader-2x.gif\" border=0 \/><\/p>\n<div class=\"pvc_clear\"><\/div>\n","protected":false},"excerpt":{"rendered":"<p>Los conflictos son inevitables en el mundo empresarial, pero c\u00f3mo se gestionan puede marcar la diferencia entre el \u00e9xito y el fracaso. En este art\u00edculo, exploraremos estrategias efectivas para el manejo de conflictos y la mediaci\u00f3n en las pymes, y c\u00f3mo pueden contribuir al crecimiento y la estabilidad empresarial. Comprender la Naturaleza de los Conflictos [&hellip;]<\/p>\n<div class=\"pvc_clear\"><\/div>\n<p id=\"pvc_stats_1525\" class=\"pvc_stats all  \" data-element-id=\"1525\" style=\"\"><i class=\"pvc-stats-icon medium\" aria-hidden=\"true\"><svg aria-hidden=\"true\" focusable=\"false\" data-prefix=\"far\" data-icon=\"chart-bar\" role=\"img\" xmlns=\"http:\/\/www.w3.org\/2000\/svg\" viewBox=\"0 0 512 512\" class=\"svg-inline--fa fa-chart-bar fa-w-16 fa-2x\"><path fill=\"currentColor\" d=\"M396.8 352h22.4c6.4 0 12.8-6.4 12.8-12.8V108.8c0-6.4-6.4-12.8-12.8-12.8h-22.4c-6.4 0-12.8 6.4-12.8 12.8v230.4c0 6.4 6.4 12.8 12.8 12.8zm-192 0h22.4c6.4 0 12.8-6.4 12.8-12.8V140.8c0-6.4-6.4-12.8-12.8-12.8h-22.4c-6.4 0-12.8 6.4-12.8 12.8v198.4c0 6.4 6.4 12.8 12.8 12.8zm96 0h22.4c6.4 0 12.8-6.4 12.8-12.8V204.8c0-6.4-6.4-12.8-12.8-12.8h-22.4c-6.4 0-12.8 6.4-12.8 12.8v134.4c0 6.4 6.4 12.8 12.8 12.8zM496 400H48V80c0-8.84-7.16-16-16-16H16C7.16 64 0 71.16 0 80v336c0 17.67 14.33 32 32 32h464c8.84 0 16-7.16 16-16v-16c0-8.84-7.16-16-16-16zm-387.2-48h22.4c6.4 0 12.8-6.4 12.8-12.8v-70.4c0-6.4-6.4-12.8-12.8-12.8h-22.4c-6.4 0-12.8 6.4-12.8 12.8v70.4c0 6.4 6.4 12.8 12.8 12.8z\" class=\"\"><\/path><\/svg><\/i> <img loading=\"lazy\" decoding=\"async\" width=\"16\" height=\"16\" alt=\"Loading\" src=\"https:\/\/www.cubodeideas.com\/blog\/wp-content\/plugins\/page-views-count\/ajax-loader-2x.gif\" border=0 \/><\/p>\n<div class=\"pvc_clear\"><\/div>\n","protected":false},"author":1,"featured_media":1526,"comment_status":"open","ping_status":"closed","sticky":false,"template":"","format":"standard","meta":{"footnotes":"","jetpack_publicize_message":"","jetpack_publicize_feature_enabled":true,"jetpack_social_post_already_shared":false,"jetpack_social_options":{"image_generator_settings":{"template":"highway","default_image_id":0,"font":"","enabled":false},"version":2}},"categories":[13],"tags":[594,595,589,45,590],"class_list":["post-1525","post","type-post","status-publish","format-standard","has-post-thumbnail","hentry","category-negocios","tag-manejo-de-conflictos","tag-mediacion","tag-negociacion","tag-pymes","tag-resolucion-de-conflictos"],"blocksy_meta":[],"yoast_head":"<!-- This site is optimized with the Yoast SEO plugin v27.0 - https:\/\/yoast.com\/product\/yoast-seo-wordpress\/ -->\n<title>Manejo de Conflictos y Mediaci\u00f3n -<\/title>\n<meta name=\"description\" content=\"Aprende c\u00f3mo manejar conflictos en tu pyme con estrategias efectivas de mediaci\u00f3n. Preserva relaciones y promueve un ambiente laboral positivo.\" \/>\n<meta name=\"robots\" content=\"index, follow, max-snippet:-1, max-image-preview:large, max-video-preview:-1\" \/>\n<link rel=\"canonical\" href=\"https:\/\/www.cubodeideas.com\/blog\/negocios\/manejo-de-conflictos-y-mediacion\/\" \/>\n<meta property=\"og:locale\" content=\"es_ES\" \/>\n<meta property=\"og:type\" content=\"article\" \/>\n<meta property=\"og:title\" content=\"Manejo de Conflictos y Mediaci\u00f3n -\" \/>\n<meta property=\"og:description\" content=\"Aprende c\u00f3mo manejar conflictos en tu pyme con estrategias efectivas de mediaci\u00f3n. Preserva relaciones y promueve un ambiente laboral positivo.\" \/>\n<meta property=\"og:url\" content=\"https:\/\/www.cubodeideas.com\/blog\/negocios\/manejo-de-conflictos-y-mediacion\/\" \/>\n<meta property=\"article:publisher\" content=\"https:\/\/www.facebook.com\/somoscubodeideas\" \/>\n<meta property=\"article:published_time\" content=\"2024-02-26T04:09:06+00:00\" \/>\n<meta property=\"og:image\" content=\"https:\/\/www.cubodeideas.com\/blog\/wp-content\/uploads\/2024\/02\/organization-chart-2556925_1280.jpg\" \/>\n\t<meta property=\"og:image:width\" content=\"1280\" \/>\n\t<meta property=\"og:image:height\" content=\"672\" \/>\n\t<meta property=\"og:image:type\" content=\"image\/jpeg\" \/>\n<meta name=\"author\" content=\"Noel Castro\" \/>\n<meta name=\"twitter:card\" content=\"summary_large_image\" \/>\n<meta name=\"twitter:creator\" content=\"@cubo_ideas\" \/>\n<meta name=\"twitter:site\" content=\"@cubo_ideas\" \/>\n<meta name=\"twitter:label1\" content=\"Escrito por\" \/>\n\t<meta name=\"twitter:data1\" content=\"Noel Castro\" \/>\n\t<meta name=\"twitter:label2\" content=\"Tiempo de lectura\" \/>\n\t<meta name=\"twitter:data2\" content=\"3 minutos\" \/>\n<script type=\"application\/ld+json\" class=\"yoast-schema-graph\">{\"@context\":\"https:\/\/schema.org\",\"@graph\":[{\"@type\":\"Article\",\"@id\":\"https:\/\/www.cubodeideas.com\/blog\/negocios\/manejo-de-conflictos-y-mediacion\/#article\",\"isPartOf\":{\"@id\":\"https:\/\/www.cubodeideas.com\/blog\/negocios\/manejo-de-conflictos-y-mediacion\/\"},\"author\":{\"name\":\"Noel Castro\",\"@id\":\"https:\/\/www.cubodeideas.com\/blog\/#\/schema\/person\/5614e43eb76109017cff51a2c7928211\"},\"headline\":\"Manejo de Conflictos y Mediaci\u00f3n\",\"datePublished\":\"2024-02-26T04:09:06+00:00\",\"mainEntityOfPage\":{\"@id\":\"https:\/\/www.cubodeideas.com\/blog\/negocios\/manejo-de-conflictos-y-mediacion\/\"},\"wordCount\":539,\"commentCount\":0,\"publisher\":{\"@id\":\"https:\/\/www.cubodeideas.com\/blog\/#organization\"},\"image\":{\"@id\":\"https:\/\/www.cubodeideas.com\/blog\/negocios\/manejo-de-conflictos-y-mediacion\/#primaryimage\"},\"thumbnailUrl\":\"https:\/\/www.cubodeideas.com\/blog\/wp-content\/uploads\/2024\/02\/organization-chart-2556925_1280.jpg\",\"keywords\":[\"Manejo de Conflictos\",\"Mediaci\u00f3n\",\"Negociaci\u00f3n\",\"PyMES\",\"Resoluci\u00f3n de Conflictos\"],\"articleSection\":[\"Negocios\"],\"inLanguage\":\"es\",\"potentialAction\":[{\"@type\":\"CommentAction\",\"name\":\"Comment\",\"target\":[\"https:\/\/www.cubodeideas.com\/blog\/negocios\/manejo-de-conflictos-y-mediacion\/#respond\"]}]},{\"@type\":\"WebPage\",\"@id\":\"https:\/\/www.cubodeideas.com\/blog\/negocios\/manejo-de-conflictos-y-mediacion\/\",\"url\":\"https:\/\/www.cubodeideas.com\/blog\/negocios\/manejo-de-conflictos-y-mediacion\/\",\"name\":\"Manejo de Conflictos y Mediaci\u00f3n -\",\"isPartOf\":{\"@id\":\"https:\/\/www.cubodeideas.com\/blog\/#website\"},\"primaryImageOfPage\":{\"@id\":\"https:\/\/www.cubodeideas.com\/blog\/negocios\/manejo-de-conflictos-y-mediacion\/#primaryimage\"},\"image\":{\"@id\":\"https:\/\/www.cubodeideas.com\/blog\/negocios\/manejo-de-conflictos-y-mediacion\/#primaryimage\"},\"thumbnailUrl\":\"https:\/\/www.cubodeideas.com\/blog\/wp-content\/uploads\/2024\/02\/organization-chart-2556925_1280.jpg\",\"datePublished\":\"2024-02-26T04:09:06+00:00\",\"description\":\"Aprende c\u00f3mo manejar conflictos en tu pyme con estrategias efectivas de mediaci\u00f3n. Preserva relaciones y promueve un ambiente laboral positivo.\",\"breadcrumb\":{\"@id\":\"https:\/\/www.cubodeideas.com\/blog\/negocios\/manejo-de-conflictos-y-mediacion\/#breadcrumb\"},\"inLanguage\":\"es\",\"potentialAction\":[{\"@type\":\"ReadAction\",\"target\":[\"https:\/\/www.cubodeideas.com\/blog\/negocios\/manejo-de-conflictos-y-mediacion\/\"]}]},{\"@type\":\"ImageObject\",\"inLanguage\":\"es\",\"@id\":\"https:\/\/www.cubodeideas.com\/blog\/negocios\/manejo-de-conflictos-y-mediacion\/#primaryimage\",\"url\":\"https:\/\/www.cubodeideas.com\/blog\/wp-content\/uploads\/2024\/02\/organization-chart-2556925_1280.jpg\",\"contentUrl\":\"https:\/\/www.cubodeideas.com\/blog\/wp-content\/uploads\/2024\/02\/organization-chart-2556925_1280.jpg\",\"width\":1280,\"height\":672,\"caption\":\"cultura organizacional en PYMEs mexicanas\"},{\"@type\":\"BreadcrumbList\",\"@id\":\"https:\/\/www.cubodeideas.com\/blog\/negocios\/manejo-de-conflictos-y-mediacion\/#breadcrumb\",\"itemListElement\":[{\"@type\":\"ListItem\",\"position\":1,\"name\":\"Portada\",\"item\":\"https:\/\/www.cubodeideas.com\/blog\/\"},{\"@type\":\"ListItem\",\"position\":2,\"name\":\"Manejo de Conflictos y Mediaci\u00f3n\"}]},{\"@type\":\"WebSite\",\"@id\":\"https:\/\/www.cubodeideas.com\/blog\/#website\",\"url\":\"https:\/\/www.cubodeideas.com\/blog\/\",\"name\":\"Cubo de Ideas\",\"description\":\"Cubo de Ideas, El Blog\",\"publisher\":{\"@id\":\"https:\/\/www.cubodeideas.com\/blog\/#organization\"},\"potentialAction\":[{\"@type\":\"SearchAction\",\"target\":{\"@type\":\"EntryPoint\",\"urlTemplate\":\"https:\/\/www.cubodeideas.com\/blog\/?s={search_term_string}\"},\"query-input\":{\"@type\":\"PropertyValueSpecification\",\"valueRequired\":true,\"valueName\":\"search_term_string\"}}],\"inLanguage\":\"es\"},{\"@type\":\"Organization\",\"@id\":\"https:\/\/www.cubodeideas.com\/blog\/#organization\",\"name\":\"Cubo de Ideas\",\"url\":\"https:\/\/www.cubodeideas.com\/blog\/\",\"logo\":{\"@type\":\"ImageObject\",\"inLanguage\":\"es\",\"@id\":\"https:\/\/www.cubodeideas.com\/blog\/#\/schema\/logo\/image\/\",\"url\":\"https:\/\/www.cubodeideas.com\/blog\/wp-content\/uploads\/2021\/10\/android-icon-72x72-1.png\",\"contentUrl\":\"https:\/\/www.cubodeideas.com\/blog\/wp-content\/uploads\/2021\/10\/android-icon-72x72-1.png\",\"width\":72,\"height\":72,\"caption\":\"Cubo de Ideas\"},\"image\":{\"@id\":\"https:\/\/www.cubodeideas.com\/blog\/#\/schema\/logo\/image\/\"},\"sameAs\":[\"https:\/\/www.facebook.com\/somoscubodeideas\",\"https:\/\/x.com\/cubo_ideas\",\"https:\/\/www.instagram.com\/cubodeideas\"]},{\"@type\":\"Person\",\"@id\":\"https:\/\/www.cubodeideas.com\/blog\/#\/schema\/person\/5614e43eb76109017cff51a2c7928211\",\"name\":\"Noel Castro\",\"description\":\"LEM Noel Castro Monta\u00f1o es CEO de Cubo de Ideas, Director de Operaciones para Citosa Textiles. Asesor de nuevos mercados y estrategias digitales para el segmento Retail. Especialista en marketing para autoservicios y puntos de venta. Especialista en sistemas de gesti\u00f3n de la calidad con enfoque a la ISO 9001:2015\",\"sameAs\":[\"https:\/\/www.cubodeideas.com\/blog\"],\"url\":\"https:\/\/www.cubodeideas.com\/blog\/author\/admin\/\"}]}<\/script>\n<!-- \/ Yoast SEO plugin. -->","yoast_head_json":{"title":"Manejo de Conflictos y Mediaci\u00f3n -","description":"Aprende c\u00f3mo manejar conflictos en tu pyme con estrategias efectivas de mediaci\u00f3n. Preserva relaciones y promueve un ambiente laboral positivo.","robots":{"index":"index","follow":"follow","max-snippet":"max-snippet:-1","max-image-preview":"max-image-preview:large","max-video-preview":"max-video-preview:-1"},"canonical":"https:\/\/www.cubodeideas.com\/blog\/negocios\/manejo-de-conflictos-y-mediacion\/","og_locale":"es_ES","og_type":"article","og_title":"Manejo de Conflictos y Mediaci\u00f3n -","og_description":"Aprende c\u00f3mo manejar conflictos en tu pyme con estrategias efectivas de mediaci\u00f3n. Preserva relaciones y promueve un ambiente laboral positivo.","og_url":"https:\/\/www.cubodeideas.com\/blog\/negocios\/manejo-de-conflictos-y-mediacion\/","article_publisher":"https:\/\/www.facebook.com\/somoscubodeideas","article_published_time":"2024-02-26T04:09:06+00:00","og_image":[{"width":1280,"height":672,"url":"https:\/\/www.cubodeideas.com\/blog\/wp-content\/uploads\/2024\/02\/organization-chart-2556925_1280.jpg","type":"image\/jpeg"}],"author":"Noel Castro","twitter_card":"summary_large_image","twitter_creator":"@cubo_ideas","twitter_site":"@cubo_ideas","twitter_misc":{"Escrito por":"Noel Castro","Tiempo de lectura":"3 minutos"},"schema":{"@context":"https:\/\/schema.org","@graph":[{"@type":"Article","@id":"https:\/\/www.cubodeideas.com\/blog\/negocios\/manejo-de-conflictos-y-mediacion\/#article","isPartOf":{"@id":"https:\/\/www.cubodeideas.com\/blog\/negocios\/manejo-de-conflictos-y-mediacion\/"},"author":{"name":"Noel Castro","@id":"https:\/\/www.cubodeideas.com\/blog\/#\/schema\/person\/5614e43eb76109017cff51a2c7928211"},"headline":"Manejo de Conflictos y Mediaci\u00f3n","datePublished":"2024-02-26T04:09:06+00:00","mainEntityOfPage":{"@id":"https:\/\/www.cubodeideas.com\/blog\/negocios\/manejo-de-conflictos-y-mediacion\/"},"wordCount":539,"commentCount":0,"publisher":{"@id":"https:\/\/www.cubodeideas.com\/blog\/#organization"},"image":{"@id":"https:\/\/www.cubodeideas.com\/blog\/negocios\/manejo-de-conflictos-y-mediacion\/#primaryimage"},"thumbnailUrl":"https:\/\/www.cubodeideas.com\/blog\/wp-content\/uploads\/2024\/02\/organization-chart-2556925_1280.jpg","keywords":["Manejo de Conflictos","Mediaci\u00f3n","Negociaci\u00f3n","PyMES","Resoluci\u00f3n de Conflictos"],"articleSection":["Negocios"],"inLanguage":"es","potentialAction":[{"@type":"CommentAction","name":"Comment","target":["https:\/\/www.cubodeideas.com\/blog\/negocios\/manejo-de-conflictos-y-mediacion\/#respond"]}]},{"@type":"WebPage","@id":"https:\/\/www.cubodeideas.com\/blog\/negocios\/manejo-de-conflictos-y-mediacion\/","url":"https:\/\/www.cubodeideas.com\/blog\/negocios\/manejo-de-conflictos-y-mediacion\/","name":"Manejo de Conflictos y Mediaci\u00f3n -","isPartOf":{"@id":"https:\/\/www.cubodeideas.com\/blog\/#website"},"primaryImageOfPage":{"@id":"https:\/\/www.cubodeideas.com\/blog\/negocios\/manejo-de-conflictos-y-mediacion\/#primaryimage"},"image":{"@id":"https:\/\/www.cubodeideas.com\/blog\/negocios\/manejo-de-conflictos-y-mediacion\/#primaryimage"},"thumbnailUrl":"https:\/\/www.cubodeideas.com\/blog\/wp-content\/uploads\/2024\/02\/organization-chart-2556925_1280.jpg","datePublished":"2024-02-26T04:09:06+00:00","description":"Aprende c\u00f3mo manejar conflictos en tu pyme con estrategias efectivas de mediaci\u00f3n. Preserva relaciones y promueve un ambiente laboral positivo.","breadcrumb":{"@id":"https:\/\/www.cubodeideas.com\/blog\/negocios\/manejo-de-conflictos-y-mediacion\/#breadcrumb"},"inLanguage":"es","potentialAction":[{"@type":"ReadAction","target":["https:\/\/www.cubodeideas.com\/blog\/negocios\/manejo-de-conflictos-y-mediacion\/"]}]},{"@type":"ImageObject","inLanguage":"es","@id":"https:\/\/www.cubodeideas.com\/blog\/negocios\/manejo-de-conflictos-y-mediacion\/#primaryimage","url":"https:\/\/www.cubodeideas.com\/blog\/wp-content\/uploads\/2024\/02\/organization-chart-2556925_1280.jpg","contentUrl":"https:\/\/www.cubodeideas.com\/blog\/wp-content\/uploads\/2024\/02\/organization-chart-2556925_1280.jpg","width":1280,"height":672,"caption":"cultura organizacional en PYMEs mexicanas"},{"@type":"BreadcrumbList","@id":"https:\/\/www.cubodeideas.com\/blog\/negocios\/manejo-de-conflictos-y-mediacion\/#breadcrumb","itemListElement":[{"@type":"ListItem","position":1,"name":"Portada","item":"https:\/\/www.cubodeideas.com\/blog\/"},{"@type":"ListItem","position":2,"name":"Manejo de Conflictos y Mediaci\u00f3n"}]},{"@type":"WebSite","@id":"https:\/\/www.cubodeideas.com\/blog\/#website","url":"https:\/\/www.cubodeideas.com\/blog\/","name":"Cubo de Ideas","description":"Cubo de Ideas, El Blog","publisher":{"@id":"https:\/\/www.cubodeideas.com\/blog\/#organization"},"potentialAction":[{"@type":"SearchAction","target":{"@type":"EntryPoint","urlTemplate":"https:\/\/www.cubodeideas.com\/blog\/?s={search_term_string}"},"query-input":{"@type":"PropertyValueSpecification","valueRequired":true,"valueName":"search_term_string"}}],"inLanguage":"es"},{"@type":"Organization","@id":"https:\/\/www.cubodeideas.com\/blog\/#organization","name":"Cubo de Ideas","url":"https:\/\/www.cubodeideas.com\/blog\/","logo":{"@type":"ImageObject","inLanguage":"es","@id":"https:\/\/www.cubodeideas.com\/blog\/#\/schema\/logo\/image\/","url":"https:\/\/www.cubodeideas.com\/blog\/wp-content\/uploads\/2021\/10\/android-icon-72x72-1.png","contentUrl":"https:\/\/www.cubodeideas.com\/blog\/wp-content\/uploads\/2021\/10\/android-icon-72x72-1.png","width":72,"height":72,"caption":"Cubo de Ideas"},"image":{"@id":"https:\/\/www.cubodeideas.com\/blog\/#\/schema\/logo\/image\/"},"sameAs":["https:\/\/www.facebook.com\/somoscubodeideas","https:\/\/x.com\/cubo_ideas","https:\/\/www.instagram.com\/cubodeideas"]},{"@type":"Person","@id":"https:\/\/www.cubodeideas.com\/blog\/#\/schema\/person\/5614e43eb76109017cff51a2c7928211","name":"Noel Castro","description":"LEM Noel Castro Monta\u00f1o es CEO de Cubo de Ideas, Director de Operaciones para Citosa Textiles. Asesor de nuevos mercados y estrategias digitales para el segmento Retail. Especialista en marketing para autoservicios y puntos de venta. Especialista en sistemas de gesti\u00f3n de la calidad con enfoque a la ISO 9001:2015","sameAs":["https:\/\/www.cubodeideas.com\/blog"],"url":"https:\/\/www.cubodeideas.com\/blog\/author\/admin\/"}]}},"jetpack_publicize_connections":[],"_links":{"self":[{"href":"https:\/\/www.cubodeideas.com\/blog\/wp-json\/wp\/v2\/posts\/1525","targetHints":{"allow":["GET"]}}],"collection":[{"href":"https:\/\/www.cubodeideas.com\/blog\/wp-json\/wp\/v2\/posts"}],"about":[{"href":"https:\/\/www.cubodeideas.com\/blog\/wp-json\/wp\/v2\/types\/post"}],"author":[{"embeddable":true,"href":"https:\/\/www.cubodeideas.com\/blog\/wp-json\/wp\/v2\/users\/1"}],"replies":[{"embeddable":true,"href":"https:\/\/www.cubodeideas.com\/blog\/wp-json\/wp\/v2\/comments?post=1525"}],"version-history":[{"count":2,"href":"https:\/\/www.cubodeideas.com\/blog\/wp-json\/wp\/v2\/posts\/1525\/revisions"}],"predecessor-version":[{"id":1528,"href":"https:\/\/www.cubodeideas.com\/blog\/wp-json\/wp\/v2\/posts\/1525\/revisions\/1528"}],"wp:featuredmedia":[{"embeddable":true,"href":"https:\/\/www.cubodeideas.com\/blog\/wp-json\/wp\/v2\/media\/1526"}],"wp:attachment":[{"href":"https:\/\/www.cubodeideas.com\/blog\/wp-json\/wp\/v2\/media?parent=1525"}],"wp:term":[{"taxonomy":"category","embeddable":true,"href":"https:\/\/www.cubodeideas.com\/blog\/wp-json\/wp\/v2\/categories?post=1525"},{"taxonomy":"post_tag","embeddable":true,"href":"https:\/\/www.cubodeideas.com\/blog\/wp-json\/wp\/v2\/tags?post=1525"}],"curies":[{"name":"wp","href":"https:\/\/api.w.org\/{rel}","templated":true}]}}