{"id":1519,"date":"2024-02-19T05:36:19","date_gmt":"2024-02-19T05:36:19","guid":{"rendered":"https:\/\/www.cubodeideas.com\/blog\/?p=1519"},"modified":"2024-02-19T05:36:19","modified_gmt":"2024-02-19T05:36:19","slug":"participacion-comunitaria-y-filantropia-corporativa-en-las-empresas","status":"publish","type":"post","link":"https:\/\/www.cubodeideas.com\/blog\/negocios\/participacion-comunitaria-y-filantropia-corporativa-en-las-empresas\/","title":{"rendered":"Participaci\u00f3n Comunitaria y Filantrop\u00eda Corporativa en las Empresas"},"content":{"rendered":"<div class=\"flex flex-grow flex-col max-w-full\">\n<div class=\"min-h-[20px] text-message flex flex-col items-start gap-3 whitespace-pre-wrap break-words [.text-message+&amp;]:mt-5 overflow-x-auto\" data-message-author-role=\"assistant\" data-message-id=\"82c1246c-38f8-4c54-af9d-ebc1bda19f7e\">\n<div class=\"markdown prose w-full break-words dark:prose-invert light\">\n<p>La participaci\u00f3n comunitaria y la filantrop\u00eda corporativa son aspectos esenciales de la Responsabilidad Social Corporativa (RSC) que pueden tener un impacto significativo en el \u00e9xito y la reputaci\u00f3n de las empresas. En este art\u00edculo, exploraremos la importancia de estas pr\u00e1cticas y c\u00f3mo las pymes pueden integrarlas de manera efectiva en su estrategia empresarial.<\/p>\n<h2><strong>Participaci\u00f3n Comunitaria: Conexi\u00f3n con la Sociedad<\/strong><\/h2>\n<p>La participaci\u00f3n comunitaria implica involucrar a la empresa con la comunidad local en la que opera. Esto puede incluir actividades como programas de voluntariado de empleados, patrocinio de eventos comunitarios, colaboraci\u00f3n con organizaciones sin fines de lucro locales y apoyo a iniciativas de desarrollo comunitario. Al participar activamente en la comunidad, las empresas pueden construir relaciones s\u00f3lidas y demostrar su compromiso con el bienestar de las personas que las rodean.<\/p>\n<h2><strong>Filantrop\u00eda Corporativa: Contribuci\u00f3n al Bien Social<\/strong><\/h2>\n<p>La filantrop\u00eda corporativa implica donaciones de dinero, tiempo o recursos a causas ben\u00e9ficas y organizaciones sin fines de lucro. Estas donaciones pueden ser en forma de patrocinios, subvenciones, programas de becas o eventos de recaudaci\u00f3n de fondos. La filantrop\u00eda corporativa no solo beneficia a las organizaciones receptivas, sino que tambi\u00e9n puede mejorar la reputaci\u00f3n de la empresa y fortalecer su v\u00ednculo con la comunidad.<\/p>\n<h2><strong>Beneficios de la Participaci\u00f3n Comunitaria y Filantrop\u00eda Corporativa para las Pymes<\/strong><\/h2>\n<p>La participaci\u00f3n comunitaria y la filantrop\u00eda corporativa pueden proporcionar una serie de beneficios a las pymes:<\/p>\n<ul>\n<li><strong>Fortalecimiento de la Marca:<\/strong> La participaci\u00f3n activa en la comunidad y la filantrop\u00eda pueden mejorar la percepci\u00f3n p\u00fablica de la marca y diferenciar a la empresa de la competencia.<\/li>\n<li><strong>Fidelizaci\u00f3n de Clientes y Empleados:<\/strong> Los consumidores y empleados valoran cada vez m\u00e1s las empresas que muestran un compromiso con la comunidad y la responsabilidad social, lo que puede aumentar la fidelidad y la retenci\u00f3n.<\/li>\n<li><strong>Construcci\u00f3n de Relaciones:<\/strong> La participaci\u00f3n comunitaria y la filantrop\u00eda pueden ayudar a establecer relaciones s\u00f3lidas con l\u00edderes comunitarios, organizaciones sin fines de lucro y otros grupos de inter\u00e9s, lo que puede generar oportunidades de colaboraci\u00f3n y crecimiento futuro.<\/li>\n<li><strong>Cumplimiento de Objetivos de RSC:<\/strong> La participaci\u00f3n comunitaria y la filantrop\u00eda pueden contribuir al cumplimiento de los objetivos de RSC de la empresa, demostrando su compromiso con el bienestar social y ambiental.<\/li>\n<\/ul>\n<h2><strong>Integraci\u00f3n de la Participaci\u00f3n Comunitaria y Filantrop\u00eda Corporativa en las Pymes<\/strong><\/h2>\n<p>Para integrar efectivamente la participaci\u00f3n comunitaria y la filantrop\u00eda corporativa en su estrategia, las pymes pueden seguir estos pasos:<\/p>\n<ul>\n<li><strong>Identificar Causas Relevantes:<\/strong> Identificar \u00e1reas de inter\u00e9s y necesidades en la comunidad local que est\u00e9n alineadas con los valores y objetivos de la empresa.<\/li>\n<li><strong>Establecer Asociaciones:<\/strong> Establecer asociaciones estrat\u00e9gicas con organizaciones sin fines de lucro y l\u00edderes comunitarios para colaborar en iniciativas de participaci\u00f3n comunitaria y filantrop\u00eda.<\/li>\n<li><strong>Involucrar a los Empleados:<\/strong> Involucrar a los empleados en programas de voluntariado y eventos de recaudaci\u00f3n de fondos para fomentar el compromiso y la participaci\u00f3n.<\/li>\n<li><strong>Medir el Impacto:<\/strong> Establecer m\u00e9tricas y sistemas de seguimiento para medir el impacto de las iniciativas de participaci\u00f3n comunitaria y filantrop\u00eda y ajustarlas seg\u00fan sea necesario.<\/li>\n<li><strong>Comunicar los Resultados:<\/strong> Comunicar abierta y transparentemente los esfuerzos y los resultados de la participaci\u00f3n comunitaria y la filantrop\u00eda a todas las partes interesadas, incluidos clientes, empleados y accionistas.<\/li>\n<\/ul>\n<h3><strong>Conclusi\u00f3n<\/strong><\/h3>\n<p>En conclusi\u00f3n, la participaci\u00f3n comunitaria y la filantrop\u00eda corporativa son componentes clave de la Responsabilidad Social Corporativa (RSC) que pueden beneficiar tanto a las empresas como a las comunidades en las que operan. Al integrar estas pr\u00e1cticas en su estrategia empresarial, las pymes pueden fortalecer su reputaci\u00f3n, construir relaciones s\u00f3lidas con la comunidad y contribuir positivamente al bienestar social. Al hacer de la participaci\u00f3n comunitaria y la filantrop\u00eda una prioridad, las pymes pueden demostrar su compromiso con la responsabilidad social y construir un negocio m\u00e1s sostenible y exitoso a largo plazo.<\/p>\n<\/div>\n<\/div>\n<\/div>\n<p>Imagen de <a href=\"https:\/\/pixabay.com\/es\/users\/johnhain-352999\/?utm_source=link-attribution&amp;utm_medium=referral&amp;utm_campaign=image&amp;utm_content=4993451\">John Hain<\/a> en <a href=\"https:\/\/pixabay.com\/es\/\/?utm_source=link-attribution&amp;utm_medium=referral&amp;utm_campaign=image&amp;utm_content=4993451\">Pixabay<\/a><\/p>\n<div class=\"pvc_clear\"><\/div>\n<p id=\"pvc_stats_1519\" class=\"pvc_stats all  \" data-element-id=\"1519\" style=\"\"><i class=\"pvc-stats-icon medium\" aria-hidden=\"true\"><svg aria-hidden=\"true\" focusable=\"false\" data-prefix=\"far\" data-icon=\"chart-bar\" role=\"img\" xmlns=\"http:\/\/www.w3.org\/2000\/svg\" viewBox=\"0 0 512 512\" class=\"svg-inline--fa fa-chart-bar fa-w-16 fa-2x\"><path fill=\"currentColor\" d=\"M396.8 352h22.4c6.4 0 12.8-6.4 12.8-12.8V108.8c0-6.4-6.4-12.8-12.8-12.8h-22.4c-6.4 0-12.8 6.4-12.8 12.8v230.4c0 6.4 6.4 12.8 12.8 12.8zm-192 0h22.4c6.4 0 12.8-6.4 12.8-12.8V140.8c0-6.4-6.4-12.8-12.8-12.8h-22.4c-6.4 0-12.8 6.4-12.8 12.8v198.4c0 6.4 6.4 12.8 12.8 12.8zm96 0h22.4c6.4 0 12.8-6.4 12.8-12.8V204.8c0-6.4-6.4-12.8-12.8-12.8h-22.4c-6.4 0-12.8 6.4-12.8 12.8v134.4c0 6.4 6.4 12.8 12.8 12.8zM496 400H48V80c0-8.84-7.16-16-16-16H16C7.16 64 0 71.16 0 80v336c0 17.67 14.33 32 32 32h464c8.84 0 16-7.16 16-16v-16c0-8.84-7.16-16-16-16zm-387.2-48h22.4c6.4 0 12.8-6.4 12.8-12.8v-70.4c0-6.4-6.4-12.8-12.8-12.8h-22.4c-6.4 0-12.8 6.4-12.8 12.8v70.4c0 6.4 6.4 12.8 12.8 12.8z\" class=\"\"><\/path><\/svg><\/i> <img loading=\"lazy\" decoding=\"async\" width=\"16\" height=\"16\" alt=\"Loading\" src=\"https:\/\/www.cubodeideas.com\/blog\/wp-content\/plugins\/page-views-count\/ajax-loader-2x.gif\" border=0 \/><\/p>\n<div class=\"pvc_clear\"><\/div>\n","protected":false},"excerpt":{"rendered":"<p>La participaci\u00f3n comunitaria y la filantrop\u00eda corporativa son aspectos esenciales de la Responsabilidad Social Corporativa (RSC) que pueden tener un impacto significativo en el \u00e9xito y la reputaci\u00f3n de las empresas. En este art\u00edculo, exploraremos la importancia de estas pr\u00e1cticas y c\u00f3mo las pymes pueden integrarlas de manera efectiva en su estrategia empresarial. Participaci\u00f3n Comunitaria: [&hellip;]<\/p>\n<div class=\"pvc_clear\"><\/div>\n<p id=\"pvc_stats_1519\" class=\"pvc_stats all  \" data-element-id=\"1519\" style=\"\"><i class=\"pvc-stats-icon medium\" aria-hidden=\"true\"><svg aria-hidden=\"true\" focusable=\"false\" data-prefix=\"far\" data-icon=\"chart-bar\" role=\"img\" xmlns=\"http:\/\/www.w3.org\/2000\/svg\" viewBox=\"0 0 512 512\" class=\"svg-inline--fa fa-chart-bar fa-w-16 fa-2x\"><path fill=\"currentColor\" d=\"M396.8 352h22.4c6.4 0 12.8-6.4 12.8-12.8V108.8c0-6.4-6.4-12.8-12.8-12.8h-22.4c-6.4 0-12.8 6.4-12.8 12.8v230.4c0 6.4 6.4 12.8 12.8 12.8zm-192 0h22.4c6.4 0 12.8-6.4 12.8-12.8V140.8c0-6.4-6.4-12.8-12.8-12.8h-22.4c-6.4 0-12.8 6.4-12.8 12.8v198.4c0 6.4 6.4 12.8 12.8 12.8zm96 0h22.4c6.4 0 12.8-6.4 12.8-12.8V204.8c0-6.4-6.4-12.8-12.8-12.8h-22.4c-6.4 0-12.8 6.4-12.8 12.8v134.4c0 6.4 6.4 12.8 12.8 12.8zM496 400H48V80c0-8.84-7.16-16-16-16H16C7.16 64 0 71.16 0 80v336c0 17.67 14.33 32 32 32h464c8.84 0 16-7.16 16-16v-16c0-8.84-7.16-16-16-16zm-387.2-48h22.4c6.4 0 12.8-6.4 12.8-12.8v-70.4c0-6.4-6.4-12.8-12.8-12.8h-22.4c-6.4 0-12.8 6.4-12.8 12.8v70.4c0 6.4 6.4 12.8 12.8 12.8z\" class=\"\"><\/path><\/svg><\/i> <img loading=\"lazy\" decoding=\"async\" width=\"16\" height=\"16\" alt=\"Loading\" src=\"https:\/\/www.cubodeideas.com\/blog\/wp-content\/plugins\/page-views-count\/ajax-loader-2x.gif\" border=0 \/><\/p>\n<div class=\"pvc_clear\"><\/div>\n","protected":false},"author":1,"featured_media":1520,"comment_status":"open","ping_status":"closed","sticky":false,"template":"","format":"standard","meta":{"footnotes":"","jetpack_publicize_message":"","jetpack_publicize_feature_enabled":true,"jetpack_social_post_already_shared":false,"jetpack_social_options":{"image_generator_settings":{"template":"highway","default_image_id":0,"font":"","enabled":false},"version":2}},"categories":[13],"tags":[588,587,45,577,576],"class_list":["post-1519","post","type-post","status-publish","format-standard","has-post-thumbnail","hentry","category-negocios","tag-filantropia-corporativa","tag-participacion-comunitaria","tag-pymes","tag-responsabilidad-social-corporativa","tag-rsc"],"blocksy_meta":[],"yoast_head":"<!-- This site is optimized with the Yoast SEO plugin v27.0 - https:\/\/yoast.com\/product\/yoast-seo-wordpress\/ -->\n<title>Participaci\u00f3n Comunitaria y Filantrop\u00eda Corporativa en las Empresas -<\/title>\n<meta name=\"description\" content=\"Aprende c\u00f3mo la participaci\u00f3n comunitaria y la filantrop\u00eda pueden fortalecer tu pyme. Descubre c\u00f3mo implementar pr\u00e1cticas de RSC efectivas.\" \/>\n<meta name=\"robots\" content=\"index, follow, max-snippet:-1, max-image-preview:large, max-video-preview:-1\" \/>\n<link rel=\"canonical\" href=\"https:\/\/www.cubodeideas.com\/blog\/negocios\/participacion-comunitaria-y-filantropia-corporativa-en-las-empresas\/\" \/>\n<meta property=\"og:locale\" content=\"es_ES\" \/>\n<meta property=\"og:type\" content=\"article\" \/>\n<meta property=\"og:title\" content=\"Participaci\u00f3n Comunitaria y Filantrop\u00eda Corporativa en las Empresas -\" \/>\n<meta property=\"og:description\" content=\"Aprende c\u00f3mo la participaci\u00f3n comunitaria y la filantrop\u00eda pueden fortalecer tu pyme. Descubre c\u00f3mo implementar pr\u00e1cticas de RSC efectivas.\" \/>\n<meta property=\"og:url\" content=\"https:\/\/www.cubodeideas.com\/blog\/negocios\/participacion-comunitaria-y-filantropia-corporativa-en-las-empresas\/\" \/>\n<meta property=\"article:publisher\" content=\"https:\/\/www.facebook.com\/somoscubodeideas\" \/>\n<meta property=\"article:published_time\" content=\"2024-02-19T05:36:19+00:00\" \/>\n<meta property=\"og:image\" content=\"https:\/\/www.cubodeideas.com\/blog\/wp-content\/uploads\/2024\/02\/generosity-4993451_1280.jpg\" \/>\n\t<meta property=\"og:image:width\" content=\"1280\" \/>\n\t<meta property=\"og:image:height\" content=\"965\" \/>\n\t<meta property=\"og:image:type\" content=\"image\/jpeg\" \/>\n<meta name=\"author\" content=\"Noel Castro\" \/>\n<meta name=\"twitter:card\" content=\"summary_large_image\" \/>\n<meta name=\"twitter:creator\" content=\"@cubo_ideas\" \/>\n<meta name=\"twitter:site\" content=\"@cubo_ideas\" \/>\n<meta name=\"twitter:label1\" content=\"Escrito por\" \/>\n\t<meta name=\"twitter:data1\" content=\"Noel Castro\" \/>\n\t<meta name=\"twitter:label2\" content=\"Tiempo de lectura\" \/>\n\t<meta name=\"twitter:data2\" content=\"3 minutos\" \/>\n<script type=\"application\/ld+json\" class=\"yoast-schema-graph\">{\"@context\":\"https:\/\/schema.org\",\"@graph\":[{\"@type\":\"Article\",\"@id\":\"https:\/\/www.cubodeideas.com\/blog\/negocios\/participacion-comunitaria-y-filantropia-corporativa-en-las-empresas\/#article\",\"isPartOf\":{\"@id\":\"https:\/\/www.cubodeideas.com\/blog\/negocios\/participacion-comunitaria-y-filantropia-corporativa-en-las-empresas\/\"},\"author\":{\"name\":\"Noel Castro\",\"@id\":\"https:\/\/www.cubodeideas.com\/blog\/#\/schema\/person\/5614e43eb76109017cff51a2c7928211\"},\"headline\":\"Participaci\u00f3n Comunitaria y Filantrop\u00eda Corporativa en las Empresas\",\"datePublished\":\"2024-02-19T05:36:19+00:00\",\"mainEntityOfPage\":{\"@id\":\"https:\/\/www.cubodeideas.com\/blog\/negocios\/participacion-comunitaria-y-filantropia-corporativa-en-las-empresas\/\"},\"wordCount\":694,\"commentCount\":0,\"publisher\":{\"@id\":\"https:\/\/www.cubodeideas.com\/blog\/#organization\"},\"image\":{\"@id\":\"https:\/\/www.cubodeideas.com\/blog\/negocios\/participacion-comunitaria-y-filantropia-corporativa-en-las-empresas\/#primaryimage\"},\"thumbnailUrl\":\"https:\/\/www.cubodeideas.com\/blog\/wp-content\/uploads\/2024\/02\/generosity-4993451_1280.jpg\",\"keywords\":[\"Filantrop\u00eda Corporativa\",\"Participaci\u00f3n Comunitaria\",\"PyMES\",\"Responsabilidad Social Corporativa\",\"RSC\"],\"articleSection\":[\"Negocios\"],\"inLanguage\":\"es\",\"potentialAction\":[{\"@type\":\"CommentAction\",\"name\":\"Comment\",\"target\":[\"https:\/\/www.cubodeideas.com\/blog\/negocios\/participacion-comunitaria-y-filantropia-corporativa-en-las-empresas\/#respond\"]}]},{\"@type\":\"WebPage\",\"@id\":\"https:\/\/www.cubodeideas.com\/blog\/negocios\/participacion-comunitaria-y-filantropia-corporativa-en-las-empresas\/\",\"url\":\"https:\/\/www.cubodeideas.com\/blog\/negocios\/participacion-comunitaria-y-filantropia-corporativa-en-las-empresas\/\",\"name\":\"Participaci\u00f3n Comunitaria y Filantrop\u00eda Corporativa en las Empresas -\",\"isPartOf\":{\"@id\":\"https:\/\/www.cubodeideas.com\/blog\/#website\"},\"primaryImageOfPage\":{\"@id\":\"https:\/\/www.cubodeideas.com\/blog\/negocios\/participacion-comunitaria-y-filantropia-corporativa-en-las-empresas\/#primaryimage\"},\"image\":{\"@id\":\"https:\/\/www.cubodeideas.com\/blog\/negocios\/participacion-comunitaria-y-filantropia-corporativa-en-las-empresas\/#primaryimage\"},\"thumbnailUrl\":\"https:\/\/www.cubodeideas.com\/blog\/wp-content\/uploads\/2024\/02\/generosity-4993451_1280.jpg\",\"datePublished\":\"2024-02-19T05:36:19+00:00\",\"description\":\"Aprende c\u00f3mo la participaci\u00f3n comunitaria y la filantrop\u00eda pueden fortalecer tu pyme. Descubre c\u00f3mo implementar pr\u00e1cticas de RSC efectivas.\",\"breadcrumb\":{\"@id\":\"https:\/\/www.cubodeideas.com\/blog\/negocios\/participacion-comunitaria-y-filantropia-corporativa-en-las-empresas\/#breadcrumb\"},\"inLanguage\":\"es\",\"potentialAction\":[{\"@type\":\"ReadAction\",\"target\":[\"https:\/\/www.cubodeideas.com\/blog\/negocios\/participacion-comunitaria-y-filantropia-corporativa-en-las-empresas\/\"]}]},{\"@type\":\"ImageObject\",\"inLanguage\":\"es\",\"@id\":\"https:\/\/www.cubodeideas.com\/blog\/negocios\/participacion-comunitaria-y-filantropia-corporativa-en-las-empresas\/#primaryimage\",\"url\":\"https:\/\/www.cubodeideas.com\/blog\/wp-content\/uploads\/2024\/02\/generosity-4993451_1280.jpg\",\"contentUrl\":\"https:\/\/www.cubodeideas.com\/blog\/wp-content\/uploads\/2024\/02\/generosity-4993451_1280.jpg\",\"width\":1280,\"height\":965,\"caption\":\"Participaci\u00f3n Comunitaria y Filantrop\u00eda Corporativa en las Empresas\"},{\"@type\":\"BreadcrumbList\",\"@id\":\"https:\/\/www.cubodeideas.com\/blog\/negocios\/participacion-comunitaria-y-filantropia-corporativa-en-las-empresas\/#breadcrumb\",\"itemListElement\":[{\"@type\":\"ListItem\",\"position\":1,\"name\":\"Portada\",\"item\":\"https:\/\/www.cubodeideas.com\/blog\/\"},{\"@type\":\"ListItem\",\"position\":2,\"name\":\"Participaci\u00f3n Comunitaria y Filantrop\u00eda Corporativa en las Empresas\"}]},{\"@type\":\"WebSite\",\"@id\":\"https:\/\/www.cubodeideas.com\/blog\/#website\",\"url\":\"https:\/\/www.cubodeideas.com\/blog\/\",\"name\":\"Cubo de Ideas\",\"description\":\"Cubo de Ideas, El Blog\",\"publisher\":{\"@id\":\"https:\/\/www.cubodeideas.com\/blog\/#organization\"},\"potentialAction\":[{\"@type\":\"SearchAction\",\"target\":{\"@type\":\"EntryPoint\",\"urlTemplate\":\"https:\/\/www.cubodeideas.com\/blog\/?s={search_term_string}\"},\"query-input\":{\"@type\":\"PropertyValueSpecification\",\"valueRequired\":true,\"valueName\":\"search_term_string\"}}],\"inLanguage\":\"es\"},{\"@type\":\"Organization\",\"@id\":\"https:\/\/www.cubodeideas.com\/blog\/#organization\",\"name\":\"Cubo de Ideas\",\"url\":\"https:\/\/www.cubodeideas.com\/blog\/\",\"logo\":{\"@type\":\"ImageObject\",\"inLanguage\":\"es\",\"@id\":\"https:\/\/www.cubodeideas.com\/blog\/#\/schema\/logo\/image\/\",\"url\":\"https:\/\/www.cubodeideas.com\/blog\/wp-content\/uploads\/2021\/10\/android-icon-72x72-1.png\",\"contentUrl\":\"https:\/\/www.cubodeideas.com\/blog\/wp-content\/uploads\/2021\/10\/android-icon-72x72-1.png\",\"width\":72,\"height\":72,\"caption\":\"Cubo de Ideas\"},\"image\":{\"@id\":\"https:\/\/www.cubodeideas.com\/blog\/#\/schema\/logo\/image\/\"},\"sameAs\":[\"https:\/\/www.facebook.com\/somoscubodeideas\",\"https:\/\/x.com\/cubo_ideas\",\"https:\/\/www.instagram.com\/cubodeideas\"]},{\"@type\":\"Person\",\"@id\":\"https:\/\/www.cubodeideas.com\/blog\/#\/schema\/person\/5614e43eb76109017cff51a2c7928211\",\"name\":\"Noel Castro\",\"description\":\"LEM Noel Castro Monta\u00f1o es CEO de Cubo de Ideas, Director de Operaciones para Citosa Textiles. Asesor de nuevos mercados y estrategias digitales para el segmento Retail. Especialista en marketing para autoservicios y puntos de venta. Especialista en sistemas de gesti\u00f3n de la calidad con enfoque a la ISO 9001:2015\",\"sameAs\":[\"https:\/\/www.cubodeideas.com\/blog\"],\"url\":\"https:\/\/www.cubodeideas.com\/blog\/author\/admin\/\"}]}<\/script>\n<!-- \/ Yoast SEO plugin. -->","yoast_head_json":{"title":"Participaci\u00f3n Comunitaria y Filantrop\u00eda Corporativa en las Empresas -","description":"Aprende c\u00f3mo la participaci\u00f3n comunitaria y la filantrop\u00eda pueden fortalecer tu pyme. Descubre c\u00f3mo implementar pr\u00e1cticas de RSC efectivas.","robots":{"index":"index","follow":"follow","max-snippet":"max-snippet:-1","max-image-preview":"max-image-preview:large","max-video-preview":"max-video-preview:-1"},"canonical":"https:\/\/www.cubodeideas.com\/blog\/negocios\/participacion-comunitaria-y-filantropia-corporativa-en-las-empresas\/","og_locale":"es_ES","og_type":"article","og_title":"Participaci\u00f3n Comunitaria y Filantrop\u00eda Corporativa en las Empresas -","og_description":"Aprende c\u00f3mo la participaci\u00f3n comunitaria y la filantrop\u00eda pueden fortalecer tu pyme. Descubre c\u00f3mo implementar pr\u00e1cticas de RSC efectivas.","og_url":"https:\/\/www.cubodeideas.com\/blog\/negocios\/participacion-comunitaria-y-filantropia-corporativa-en-las-empresas\/","article_publisher":"https:\/\/www.facebook.com\/somoscubodeideas","article_published_time":"2024-02-19T05:36:19+00:00","og_image":[{"width":1280,"height":965,"url":"https:\/\/www.cubodeideas.com\/blog\/wp-content\/uploads\/2024\/02\/generosity-4993451_1280.jpg","type":"image\/jpeg"}],"author":"Noel Castro","twitter_card":"summary_large_image","twitter_creator":"@cubo_ideas","twitter_site":"@cubo_ideas","twitter_misc":{"Escrito por":"Noel Castro","Tiempo de lectura":"3 minutos"},"schema":{"@context":"https:\/\/schema.org","@graph":[{"@type":"Article","@id":"https:\/\/www.cubodeideas.com\/blog\/negocios\/participacion-comunitaria-y-filantropia-corporativa-en-las-empresas\/#article","isPartOf":{"@id":"https:\/\/www.cubodeideas.com\/blog\/negocios\/participacion-comunitaria-y-filantropia-corporativa-en-las-empresas\/"},"author":{"name":"Noel Castro","@id":"https:\/\/www.cubodeideas.com\/blog\/#\/schema\/person\/5614e43eb76109017cff51a2c7928211"},"headline":"Participaci\u00f3n Comunitaria y Filantrop\u00eda Corporativa en las Empresas","datePublished":"2024-02-19T05:36:19+00:00","mainEntityOfPage":{"@id":"https:\/\/www.cubodeideas.com\/blog\/negocios\/participacion-comunitaria-y-filantropia-corporativa-en-las-empresas\/"},"wordCount":694,"commentCount":0,"publisher":{"@id":"https:\/\/www.cubodeideas.com\/blog\/#organization"},"image":{"@id":"https:\/\/www.cubodeideas.com\/blog\/negocios\/participacion-comunitaria-y-filantropia-corporativa-en-las-empresas\/#primaryimage"},"thumbnailUrl":"https:\/\/www.cubodeideas.com\/blog\/wp-content\/uploads\/2024\/02\/generosity-4993451_1280.jpg","keywords":["Filantrop\u00eda Corporativa","Participaci\u00f3n Comunitaria","PyMES","Responsabilidad Social Corporativa","RSC"],"articleSection":["Negocios"],"inLanguage":"es","potentialAction":[{"@type":"CommentAction","name":"Comment","target":["https:\/\/www.cubodeideas.com\/blog\/negocios\/participacion-comunitaria-y-filantropia-corporativa-en-las-empresas\/#respond"]}]},{"@type":"WebPage","@id":"https:\/\/www.cubodeideas.com\/blog\/negocios\/participacion-comunitaria-y-filantropia-corporativa-en-las-empresas\/","url":"https:\/\/www.cubodeideas.com\/blog\/negocios\/participacion-comunitaria-y-filantropia-corporativa-en-las-empresas\/","name":"Participaci\u00f3n Comunitaria y Filantrop\u00eda Corporativa en las Empresas -","isPartOf":{"@id":"https:\/\/www.cubodeideas.com\/blog\/#website"},"primaryImageOfPage":{"@id":"https:\/\/www.cubodeideas.com\/blog\/negocios\/participacion-comunitaria-y-filantropia-corporativa-en-las-empresas\/#primaryimage"},"image":{"@id":"https:\/\/www.cubodeideas.com\/blog\/negocios\/participacion-comunitaria-y-filantropia-corporativa-en-las-empresas\/#primaryimage"},"thumbnailUrl":"https:\/\/www.cubodeideas.com\/blog\/wp-content\/uploads\/2024\/02\/generosity-4993451_1280.jpg","datePublished":"2024-02-19T05:36:19+00:00","description":"Aprende c\u00f3mo la participaci\u00f3n comunitaria y la filantrop\u00eda pueden fortalecer tu pyme. Descubre c\u00f3mo implementar pr\u00e1cticas de RSC efectivas.","breadcrumb":{"@id":"https:\/\/www.cubodeideas.com\/blog\/negocios\/participacion-comunitaria-y-filantropia-corporativa-en-las-empresas\/#breadcrumb"},"inLanguage":"es","potentialAction":[{"@type":"ReadAction","target":["https:\/\/www.cubodeideas.com\/blog\/negocios\/participacion-comunitaria-y-filantropia-corporativa-en-las-empresas\/"]}]},{"@type":"ImageObject","inLanguage":"es","@id":"https:\/\/www.cubodeideas.com\/blog\/negocios\/participacion-comunitaria-y-filantropia-corporativa-en-las-empresas\/#primaryimage","url":"https:\/\/www.cubodeideas.com\/blog\/wp-content\/uploads\/2024\/02\/generosity-4993451_1280.jpg","contentUrl":"https:\/\/www.cubodeideas.com\/blog\/wp-content\/uploads\/2024\/02\/generosity-4993451_1280.jpg","width":1280,"height":965,"caption":"Participaci\u00f3n Comunitaria y Filantrop\u00eda Corporativa en las Empresas"},{"@type":"BreadcrumbList","@id":"https:\/\/www.cubodeideas.com\/blog\/negocios\/participacion-comunitaria-y-filantropia-corporativa-en-las-empresas\/#breadcrumb","itemListElement":[{"@type":"ListItem","position":1,"name":"Portada","item":"https:\/\/www.cubodeideas.com\/blog\/"},{"@type":"ListItem","position":2,"name":"Participaci\u00f3n Comunitaria y Filantrop\u00eda Corporativa en las Empresas"}]},{"@type":"WebSite","@id":"https:\/\/www.cubodeideas.com\/blog\/#website","url":"https:\/\/www.cubodeideas.com\/blog\/","name":"Cubo de Ideas","description":"Cubo de Ideas, El Blog","publisher":{"@id":"https:\/\/www.cubodeideas.com\/blog\/#organization"},"potentialAction":[{"@type":"SearchAction","target":{"@type":"EntryPoint","urlTemplate":"https:\/\/www.cubodeideas.com\/blog\/?s={search_term_string}"},"query-input":{"@type":"PropertyValueSpecification","valueRequired":true,"valueName":"search_term_string"}}],"inLanguage":"es"},{"@type":"Organization","@id":"https:\/\/www.cubodeideas.com\/blog\/#organization","name":"Cubo de Ideas","url":"https:\/\/www.cubodeideas.com\/blog\/","logo":{"@type":"ImageObject","inLanguage":"es","@id":"https:\/\/www.cubodeideas.com\/blog\/#\/schema\/logo\/image\/","url":"https:\/\/www.cubodeideas.com\/blog\/wp-content\/uploads\/2021\/10\/android-icon-72x72-1.png","contentUrl":"https:\/\/www.cubodeideas.com\/blog\/wp-content\/uploads\/2021\/10\/android-icon-72x72-1.png","width":72,"height":72,"caption":"Cubo de Ideas"},"image":{"@id":"https:\/\/www.cubodeideas.com\/blog\/#\/schema\/logo\/image\/"},"sameAs":["https:\/\/www.facebook.com\/somoscubodeideas","https:\/\/x.com\/cubo_ideas","https:\/\/www.instagram.com\/cubodeideas"]},{"@type":"Person","@id":"https:\/\/www.cubodeideas.com\/blog\/#\/schema\/person\/5614e43eb76109017cff51a2c7928211","name":"Noel Castro","description":"LEM Noel Castro Monta\u00f1o es CEO de Cubo de Ideas, Director de Operaciones para Citosa Textiles. Asesor de nuevos mercados y estrategias digitales para el segmento Retail. Especialista en marketing para autoservicios y puntos de venta. Especialista en sistemas de gesti\u00f3n de la calidad con enfoque a la ISO 9001:2015","sameAs":["https:\/\/www.cubodeideas.com\/blog"],"url":"https:\/\/www.cubodeideas.com\/blog\/author\/admin\/"}]}},"jetpack_publicize_connections":[],"_links":{"self":[{"href":"https:\/\/www.cubodeideas.com\/blog\/wp-json\/wp\/v2\/posts\/1519","targetHints":{"allow":["GET"]}}],"collection":[{"href":"https:\/\/www.cubodeideas.com\/blog\/wp-json\/wp\/v2\/posts"}],"about":[{"href":"https:\/\/www.cubodeideas.com\/blog\/wp-json\/wp\/v2\/types\/post"}],"author":[{"embeddable":true,"href":"https:\/\/www.cubodeideas.com\/blog\/wp-json\/wp\/v2\/users\/1"}],"replies":[{"embeddable":true,"href":"https:\/\/www.cubodeideas.com\/blog\/wp-json\/wp\/v2\/comments?post=1519"}],"version-history":[{"count":1,"href":"https:\/\/www.cubodeideas.com\/blog\/wp-json\/wp\/v2\/posts\/1519\/revisions"}],"predecessor-version":[{"id":1521,"href":"https:\/\/www.cubodeideas.com\/blog\/wp-json\/wp\/v2\/posts\/1519\/revisions\/1521"}],"wp:featuredmedia":[{"embeddable":true,"href":"https:\/\/www.cubodeideas.com\/blog\/wp-json\/wp\/v2\/media\/1520"}],"wp:attachment":[{"href":"https:\/\/www.cubodeideas.com\/blog\/wp-json\/wp\/v2\/media?parent=1519"}],"wp:term":[{"taxonomy":"category","embeddable":true,"href":"https:\/\/www.cubodeideas.com\/blog\/wp-json\/wp\/v2\/categories?post=1519"},{"taxonomy":"post_tag","embeddable":true,"href":"https:\/\/www.cubodeideas.com\/blog\/wp-json\/wp\/v2\/tags?post=1519"}],"curies":[{"name":"wp","href":"https:\/\/api.w.org\/{rel}","templated":true}]}}