{"id":1516,"date":"2024-02-19T05:32:10","date_gmt":"2024-02-19T05:32:10","guid":{"rendered":"https:\/\/www.cubodeideas.com\/blog\/?p=1516"},"modified":"2024-02-19T05:32:10","modified_gmt":"2024-02-19T05:32:10","slug":"la-importancia-de-la-etica-empresarial-y-gobernanza-en-las-pymes","status":"publish","type":"post","link":"https:\/\/www.cubodeideas.com\/blog\/negocios\/la-importancia-de-la-etica-empresarial-y-gobernanza-en-las-pymes\/","title":{"rendered":"La Importancia de la \u00c9tica Empresarial y Gobernanza en las Pymes"},"content":{"rendered":"<div class=\"flex flex-grow flex-col max-w-full\">\n<div class=\"min-h-[20px] text-message flex flex-col items-start gap-3 whitespace-pre-wrap break-words [.text-message+&amp;]:mt-5 overflow-x-auto\" data-message-author-role=\"assistant\" data-message-id=\"ed4c0db9-65ce-4997-a830-89fab4ddbfd4\">\n<div class=\"markdown prose w-full break-words dark:prose-invert light\">\n<p>La \u00e9tica empresarial y la gobernanza son aspectos fundamentales para el \u00e9xito y la sostenibilidad de las peque\u00f1as y medianas empresas (pymes). En este art\u00edculo, exploraremos la importancia de la \u00e9tica empresarial y la gobernanza, y c\u00f3mo pueden contribuir al crecimiento y la reputaci\u00f3n de las pymes en el mercado actual.<\/p>\n<h2><strong>\u00c9tica Empresarial: Fundamentos y Principios<\/strong><\/h2>\n<p>La \u00e9tica empresarial se refiere a los principios y valores morales que gu\u00edan las decisiones y acciones de una empresa. Algunos de los principios fundamentales de la \u00e9tica empresarial incluyen la honestidad, la integridad, la transparencia y el respeto por los derechos humanos y el medio ambiente. Adoptar una cultura empresarial \u00e9tica no solo es esencial para construir relaciones de confianza con los clientes, proveedores y empleados, sino que tambi\u00e9n puede ayudar a mitigar riesgos legales y proteger la reputaci\u00f3n de la empresa a largo plazo.<\/p>\n<h3><strong>Gobernanza Corporativa: Estructura y Responsabilidades<\/strong><\/h3>\n<p>La gobernanza corporativa se refiere a la estructura y los procesos mediante los cuales se dirige y supervisa una empresa. Esto incluye la distribuci\u00f3n de responsabilidades entre la alta direcci\u00f3n, el consejo de administraci\u00f3n y otros grupos de inter\u00e9s, as\u00ed como la implementaci\u00f3n de pol\u00edticas y procedimientos para garantizar la transparencia y la rendici\u00f3n de cuentas. Una s\u00f3lida estructura de gobernanza corporativa es crucial para garantizar que una empresa opere de manera \u00e9tica, eficiente y en l\u00ednea con los intereses de todas las partes interesadas.<\/p>\n<h2><strong>Beneficios de la \u00c9tica Empresarial y Gobernanza en las Pymes<\/strong><\/h2>\n<p>La adopci\u00f3n de pr\u00e1cticas \u00e9ticas y una s\u00f3lida gobernanza corporativa pueden proporcionar una serie de beneficios para las pymes:<\/p>\n<ul>\n<li><strong>Reputaci\u00f3n y Confianza:<\/strong> Una empresa que opera de manera \u00e9tica y transparente tiende a ganarse la confianza y el respeto de sus clientes, proveedores y empleados, lo que puede mejorar su reputaci\u00f3n y aumentar la lealtad del cliente.<\/li>\n<li><strong>Reducci\u00f3n de Riesgos:<\/strong> Las pr\u00e1cticas \u00e9ticas y una estructura de gobernanza s\u00f3lida pueden ayudar a prevenir fraudes, conflictos de inter\u00e9s y otras conductas indebidas que podr\u00edan da\u00f1ar la empresa y su reputaci\u00f3n.<\/li>\n<li><strong>Acceso a Capital:<\/strong> Los inversores y prestamistas suelen favorecer a las empresas con una s\u00f3lida \u00e9tica empresarial y gobernanza, lo que puede facilitar el acceso a financiamiento y capital para el crecimiento y la expansi\u00f3n.<\/li>\n<li><strong>Atracci\u00f3n y Retenci\u00f3n de Talento:<\/strong> Los empleados valoran trabajar para empresas que se preocupan por la \u00e9tica y la responsabilidad social, lo que puede ayudar a atraer y retener talento cualificado y comprometido.<\/li>\n<li><strong>Sostenibilidad a Largo Plazo:<\/strong> La adopci\u00f3n de pr\u00e1cticas \u00e9ticas y una s\u00f3lida gobernanza corporativa puede contribuir a la sostenibilidad a largo plazo de la empresa, asegurando su viabilidad y \u00e9xito continuo en el mercado.<\/li>\n<\/ul>\n<h2><strong>Integraci\u00f3n de la \u00c9tica Empresarial y Gobernanza en las Pymes<\/strong><\/h2>\n<p>Para integrar efectivamente la \u00e9tica empresarial y la gobernanza en una pyme, es importante:<\/p>\n<ul>\n<li><strong>Establecer Valores y Normas:<\/strong> Definir claramente los valores y normas \u00e9ticas de la empresa y comunicarlos a todos los empleados y partes interesadas.<\/li>\n<li><strong>Capacitaci\u00f3n y Sensibilizaci\u00f3n:<\/strong> Proporcionar capacitaci\u00f3n y educaci\u00f3n sobre \u00e9tica empresarial y gobernanza corporativa a todos los empleados para garantizar su comprensi\u00f3n y cumplimiento.<\/li>\n<li><strong>Crear un Entorno de Confianza:<\/strong> Fomentar un entorno de trabajo donde se promueva la transparencia, la honestidad y la rendici\u00f3n de cuentas en todas las actividades comerciales.<\/li>\n<li><strong>Monitoreo y Evaluaci\u00f3n:<\/strong> Implementar mecanismos de monitoreo y evaluaci\u00f3n para asegurar el cumplimiento de las pol\u00edticas \u00e9ticas y los est\u00e1ndares de gobernanza corporativa, y tomar medidas correctivas seg\u00fan sea necesario.<\/li>\n<\/ul>\n<h3><strong>Conclusi\u00f3n<\/strong><\/h3>\n<p>En conclusi\u00f3n, la \u00e9tica empresarial y la gobernanza son fundamentales para el \u00e9xito y la sostenibilidad de las pymes en el mundo empresarial actual. Al adoptar pr\u00e1cticas \u00e9ticas y una s\u00f3lida gobernanza corporativa, las pymes pueden mejorar su reputaci\u00f3n, reducir riesgos, atraer y retener talento, y asegurar su \u00e9xito a largo plazo en el mercado. Al hacer de la \u00e9tica y la gobernanza una prioridad, las pymes pueden construir relaciones s\u00f3lidas con sus partes interesadas y contribuir positivamente al bienestar de la sociedad en su conjunto.<\/p>\n<\/div>\n<\/div>\n<\/div>\n<p>Imagen de <a href=\"https:\/\/pixabay.com\/es\/users\/geralt-9301\/?utm_source=link-attribution&amp;utm_medium=referral&amp;utm_campaign=image&amp;utm_content=472556\">Gerd Altmann<\/a> en <a href=\"https:\/\/pixabay.com\/es\/\/?utm_source=link-attribution&amp;utm_medium=referral&amp;utm_campaign=image&amp;utm_content=472556\">Pixabay<\/a><\/p>\n<div class=\"pvc_clear\"><\/div>\n<p id=\"pvc_stats_1516\" class=\"pvc_stats all  \" data-element-id=\"1516\" style=\"\"><i class=\"pvc-stats-icon medium\" aria-hidden=\"true\"><svg aria-hidden=\"true\" focusable=\"false\" data-prefix=\"far\" data-icon=\"chart-bar\" role=\"img\" xmlns=\"http:\/\/www.w3.org\/2000\/svg\" viewBox=\"0 0 512 512\" class=\"svg-inline--fa fa-chart-bar fa-w-16 fa-2x\"><path fill=\"currentColor\" d=\"M396.8 352h22.4c6.4 0 12.8-6.4 12.8-12.8V108.8c0-6.4-6.4-12.8-12.8-12.8h-22.4c-6.4 0-12.8 6.4-12.8 12.8v230.4c0 6.4 6.4 12.8 12.8 12.8zm-192 0h22.4c6.4 0 12.8-6.4 12.8-12.8V140.8c0-6.4-6.4-12.8-12.8-12.8h-22.4c-6.4 0-12.8 6.4-12.8 12.8v198.4c0 6.4 6.4 12.8 12.8 12.8zm96 0h22.4c6.4 0 12.8-6.4 12.8-12.8V204.8c0-6.4-6.4-12.8-12.8-12.8h-22.4c-6.4 0-12.8 6.4-12.8 12.8v134.4c0 6.4 6.4 12.8 12.8 12.8zM496 400H48V80c0-8.84-7.16-16-16-16H16C7.16 64 0 71.16 0 80v336c0 17.67 14.33 32 32 32h464c8.84 0 16-7.16 16-16v-16c0-8.84-7.16-16-16-16zm-387.2-48h22.4c6.4 0 12.8-6.4 12.8-12.8v-70.4c0-6.4-6.4-12.8-12.8-12.8h-22.4c-6.4 0-12.8 6.4-12.8 12.8v70.4c0 6.4 6.4 12.8 12.8 12.8z\" class=\"\"><\/path><\/svg><\/i> <img loading=\"lazy\" decoding=\"async\" width=\"16\" height=\"16\" alt=\"Loading\" src=\"https:\/\/www.cubodeideas.com\/blog\/wp-content\/plugins\/page-views-count\/ajax-loader-2x.gif\" border=0 \/><\/p>\n<div class=\"pvc_clear\"><\/div>\n","protected":false},"excerpt":{"rendered":"<p>La \u00e9tica empresarial y la gobernanza son aspectos fundamentales para el \u00e9xito y la sostenibilidad de las peque\u00f1as y medianas empresas (pymes). En este art\u00edculo, exploraremos la importancia de la \u00e9tica empresarial y la gobernanza, y c\u00f3mo pueden contribuir al crecimiento y la reputaci\u00f3n de las pymes en el mercado actual. \u00c9tica Empresarial: Fundamentos y [&hellip;]<\/p>\n<div class=\"pvc_clear\"><\/div>\n<p id=\"pvc_stats_1516\" class=\"pvc_stats all  \" data-element-id=\"1516\" style=\"\"><i class=\"pvc-stats-icon medium\" aria-hidden=\"true\"><svg aria-hidden=\"true\" focusable=\"false\" data-prefix=\"far\" data-icon=\"chart-bar\" role=\"img\" xmlns=\"http:\/\/www.w3.org\/2000\/svg\" viewBox=\"0 0 512 512\" class=\"svg-inline--fa fa-chart-bar fa-w-16 fa-2x\"><path fill=\"currentColor\" d=\"M396.8 352h22.4c6.4 0 12.8-6.4 12.8-12.8V108.8c0-6.4-6.4-12.8-12.8-12.8h-22.4c-6.4 0-12.8 6.4-12.8 12.8v230.4c0 6.4 6.4 12.8 12.8 12.8zm-192 0h22.4c6.4 0 12.8-6.4 12.8-12.8V140.8c0-6.4-6.4-12.8-12.8-12.8h-22.4c-6.4 0-12.8 6.4-12.8 12.8v198.4c0 6.4 6.4 12.8 12.8 12.8zm96 0h22.4c6.4 0 12.8-6.4 12.8-12.8V204.8c0-6.4-6.4-12.8-12.8-12.8h-22.4c-6.4 0-12.8 6.4-12.8 12.8v134.4c0 6.4 6.4 12.8 12.8 12.8zM496 400H48V80c0-8.84-7.16-16-16-16H16C7.16 64 0 71.16 0 80v336c0 17.67 14.33 32 32 32h464c8.84 0 16-7.16 16-16v-16c0-8.84-7.16-16-16-16zm-387.2-48h22.4c6.4 0 12.8-6.4 12.8-12.8v-70.4c0-6.4-6.4-12.8-12.8-12.8h-22.4c-6.4 0-12.8 6.4-12.8 12.8v70.4c0 6.4 6.4 12.8 12.8 12.8z\" class=\"\"><\/path><\/svg><\/i> <img loading=\"lazy\" decoding=\"async\" width=\"16\" height=\"16\" alt=\"Loading\" src=\"https:\/\/www.cubodeideas.com\/blog\/wp-content\/plugins\/page-views-count\/ajax-loader-2x.gif\" border=0 \/><\/p>\n<div class=\"pvc_clear\"><\/div>\n","protected":false},"author":1,"featured_media":1517,"comment_status":"open","ping_status":"closed","sticky":false,"template":"","format":"standard","meta":{"footnotes":"","jetpack_publicize_message":"","jetpack_publicize_feature_enabled":true,"jetpack_social_post_already_shared":false,"jetpack_social_options":{"image_generator_settings":{"template":"highway","default_image_id":0,"font":"","enabled":false},"version":2}},"categories":[13],"tags":[585,158,584,45,586],"class_list":["post-1516","post","type-post","status-publish","format-standard","has-post-thumbnail","hentry","category-negocios","tag-etica-comercial","tag-etica-empresarial","tag-gobernanza-corporativa","tag-pymes","tag-responsabilidad-empresarial"],"blocksy_meta":[],"yoast_head":"<!-- This site is optimized with the Yoast SEO plugin v27.0 - https:\/\/yoast.com\/product\/yoast-seo-wordpress\/ -->\n<title>La Importancia de la \u00c9tica Empresarial y Gobernanza en las Pymes -<\/title>\n<meta name=\"description\" content=\"Explora la importancia de la \u00e9tica empresarial y la gobernanza en las pymes. Descubre c\u00f3mo pueden mejorar la reputaci\u00f3n y el rendimiento empresarial.\" \/>\n<meta name=\"robots\" content=\"index, follow, max-snippet:-1, max-image-preview:large, max-video-preview:-1\" \/>\n<link rel=\"canonical\" href=\"https:\/\/www.cubodeideas.com\/blog\/negocios\/la-importancia-de-la-etica-empresarial-y-gobernanza-en-las-pymes\/\" \/>\n<meta property=\"og:locale\" content=\"es_ES\" \/>\n<meta property=\"og:type\" content=\"article\" \/>\n<meta property=\"og:title\" content=\"La Importancia de la \u00c9tica Empresarial y Gobernanza en las Pymes -\" \/>\n<meta property=\"og:description\" content=\"Explora la importancia de la \u00e9tica empresarial y la gobernanza en las pymes. Descubre c\u00f3mo pueden mejorar la reputaci\u00f3n y el rendimiento empresarial.\" \/>\n<meta property=\"og:url\" content=\"https:\/\/www.cubodeideas.com\/blog\/negocios\/la-importancia-de-la-etica-empresarial-y-gobernanza-en-las-pymes\/\" \/>\n<meta property=\"article:publisher\" content=\"https:\/\/www.facebook.com\/somoscubodeideas\" \/>\n<meta property=\"article:published_time\" content=\"2024-02-19T05:32:10+00:00\" \/>\n<meta property=\"og:image\" content=\"https:\/\/www.cubodeideas.com\/blog\/wp-content\/uploads\/2024\/02\/business-world-472556_1280.jpg\" \/>\n\t<meta property=\"og:image:width\" content=\"1280\" \/>\n\t<meta property=\"og:image:height\" content=\"905\" \/>\n\t<meta property=\"og:image:type\" content=\"image\/jpeg\" \/>\n<meta name=\"author\" content=\"Noel Castro\" \/>\n<meta name=\"twitter:card\" content=\"summary_large_image\" \/>\n<meta name=\"twitter:creator\" content=\"@cubo_ideas\" \/>\n<meta name=\"twitter:site\" content=\"@cubo_ideas\" \/>\n<meta name=\"twitter:label1\" content=\"Escrito por\" \/>\n\t<meta name=\"twitter:data1\" content=\"Noel Castro\" \/>\n\t<meta name=\"twitter:label2\" content=\"Tiempo de lectura\" \/>\n\t<meta name=\"twitter:data2\" content=\"3 minutos\" \/>\n<script type=\"application\/ld+json\" class=\"yoast-schema-graph\">{\"@context\":\"https:\/\/schema.org\",\"@graph\":[{\"@type\":\"Article\",\"@id\":\"https:\/\/www.cubodeideas.com\/blog\/negocios\/la-importancia-de-la-etica-empresarial-y-gobernanza-en-las-pymes\/#article\",\"isPartOf\":{\"@id\":\"https:\/\/www.cubodeideas.com\/blog\/negocios\/la-importancia-de-la-etica-empresarial-y-gobernanza-en-las-pymes\/\"},\"author\":{\"name\":\"Noel Castro\",\"@id\":\"https:\/\/www.cubodeideas.com\/blog\/#\/schema\/person\/5614e43eb76109017cff51a2c7928211\"},\"headline\":\"La Importancia de la \u00c9tica Empresarial y Gobernanza en las Pymes\",\"datePublished\":\"2024-02-19T05:32:10+00:00\",\"mainEntityOfPage\":{\"@id\":\"https:\/\/www.cubodeideas.com\/blog\/negocios\/la-importancia-de-la-etica-empresarial-y-gobernanza-en-las-pymes\/\"},\"wordCount\":717,\"commentCount\":0,\"publisher\":{\"@id\":\"https:\/\/www.cubodeideas.com\/blog\/#organization\"},\"image\":{\"@id\":\"https:\/\/www.cubodeideas.com\/blog\/negocios\/la-importancia-de-la-etica-empresarial-y-gobernanza-en-las-pymes\/#primaryimage\"},\"thumbnailUrl\":\"https:\/\/www.cubodeideas.com\/blog\/wp-content\/uploads\/2024\/02\/business-world-472556_1280.jpg\",\"keywords\":[\"\u00c9tica Comercial\",\"\u00e9tica empresarial\",\"Gobernanza Corporativa\",\"PyMES\",\"Responsabilidad Empresarial\"],\"articleSection\":[\"Negocios\"],\"inLanguage\":\"es\",\"potentialAction\":[{\"@type\":\"CommentAction\",\"name\":\"Comment\",\"target\":[\"https:\/\/www.cubodeideas.com\/blog\/negocios\/la-importancia-de-la-etica-empresarial-y-gobernanza-en-las-pymes\/#respond\"]}]},{\"@type\":\"WebPage\",\"@id\":\"https:\/\/www.cubodeideas.com\/blog\/negocios\/la-importancia-de-la-etica-empresarial-y-gobernanza-en-las-pymes\/\",\"url\":\"https:\/\/www.cubodeideas.com\/blog\/negocios\/la-importancia-de-la-etica-empresarial-y-gobernanza-en-las-pymes\/\",\"name\":\"La Importancia de la \u00c9tica Empresarial y Gobernanza en las Pymes -\",\"isPartOf\":{\"@id\":\"https:\/\/www.cubodeideas.com\/blog\/#website\"},\"primaryImageOfPage\":{\"@id\":\"https:\/\/www.cubodeideas.com\/blog\/negocios\/la-importancia-de-la-etica-empresarial-y-gobernanza-en-las-pymes\/#primaryimage\"},\"image\":{\"@id\":\"https:\/\/www.cubodeideas.com\/blog\/negocios\/la-importancia-de-la-etica-empresarial-y-gobernanza-en-las-pymes\/#primaryimage\"},\"thumbnailUrl\":\"https:\/\/www.cubodeideas.com\/blog\/wp-content\/uploads\/2024\/02\/business-world-472556_1280.jpg\",\"datePublished\":\"2024-02-19T05:32:10+00:00\",\"description\":\"Explora la importancia de la \u00e9tica empresarial y la gobernanza en las pymes. Descubre c\u00f3mo pueden mejorar la reputaci\u00f3n y el rendimiento empresarial.\",\"breadcrumb\":{\"@id\":\"https:\/\/www.cubodeideas.com\/blog\/negocios\/la-importancia-de-la-etica-empresarial-y-gobernanza-en-las-pymes\/#breadcrumb\"},\"inLanguage\":\"es\",\"potentialAction\":[{\"@type\":\"ReadAction\",\"target\":[\"https:\/\/www.cubodeideas.com\/blog\/negocios\/la-importancia-de-la-etica-empresarial-y-gobernanza-en-las-pymes\/\"]}]},{\"@type\":\"ImageObject\",\"inLanguage\":\"es\",\"@id\":\"https:\/\/www.cubodeideas.com\/blog\/negocios\/la-importancia-de-la-etica-empresarial-y-gobernanza-en-las-pymes\/#primaryimage\",\"url\":\"https:\/\/www.cubodeideas.com\/blog\/wp-content\/uploads\/2024\/02\/business-world-472556_1280.jpg\",\"contentUrl\":\"https:\/\/www.cubodeideas.com\/blog\/wp-content\/uploads\/2024\/02\/business-world-472556_1280.jpg\",\"width\":1280,\"height\":905,\"caption\":\"La Importancia de la \u00c9tica Empresarial y Gobernanza en las Pymes\"},{\"@type\":\"BreadcrumbList\",\"@id\":\"https:\/\/www.cubodeideas.com\/blog\/negocios\/la-importancia-de-la-etica-empresarial-y-gobernanza-en-las-pymes\/#breadcrumb\",\"itemListElement\":[{\"@type\":\"ListItem\",\"position\":1,\"name\":\"Portada\",\"item\":\"https:\/\/www.cubodeideas.com\/blog\/\"},{\"@type\":\"ListItem\",\"position\":2,\"name\":\"La Importancia de la \u00c9tica Empresarial y Gobernanza en las Pymes\"}]},{\"@type\":\"WebSite\",\"@id\":\"https:\/\/www.cubodeideas.com\/blog\/#website\",\"url\":\"https:\/\/www.cubodeideas.com\/blog\/\",\"name\":\"Cubo de Ideas\",\"description\":\"Cubo de Ideas, El Blog\",\"publisher\":{\"@id\":\"https:\/\/www.cubodeideas.com\/blog\/#organization\"},\"potentialAction\":[{\"@type\":\"SearchAction\",\"target\":{\"@type\":\"EntryPoint\",\"urlTemplate\":\"https:\/\/www.cubodeideas.com\/blog\/?s={search_term_string}\"},\"query-input\":{\"@type\":\"PropertyValueSpecification\",\"valueRequired\":true,\"valueName\":\"search_term_string\"}}],\"inLanguage\":\"es\"},{\"@type\":\"Organization\",\"@id\":\"https:\/\/www.cubodeideas.com\/blog\/#organization\",\"name\":\"Cubo de Ideas\",\"url\":\"https:\/\/www.cubodeideas.com\/blog\/\",\"logo\":{\"@type\":\"ImageObject\",\"inLanguage\":\"es\",\"@id\":\"https:\/\/www.cubodeideas.com\/blog\/#\/schema\/logo\/image\/\",\"url\":\"https:\/\/www.cubodeideas.com\/blog\/wp-content\/uploads\/2021\/10\/android-icon-72x72-1.png\",\"contentUrl\":\"https:\/\/www.cubodeideas.com\/blog\/wp-content\/uploads\/2021\/10\/android-icon-72x72-1.png\",\"width\":72,\"height\":72,\"caption\":\"Cubo de Ideas\"},\"image\":{\"@id\":\"https:\/\/www.cubodeideas.com\/blog\/#\/schema\/logo\/image\/\"},\"sameAs\":[\"https:\/\/www.facebook.com\/somoscubodeideas\",\"https:\/\/x.com\/cubo_ideas\",\"https:\/\/www.instagram.com\/cubodeideas\"]},{\"@type\":\"Person\",\"@id\":\"https:\/\/www.cubodeideas.com\/blog\/#\/schema\/person\/5614e43eb76109017cff51a2c7928211\",\"name\":\"Noel Castro\",\"description\":\"LEM Noel Castro Monta\u00f1o es CEO de Cubo de Ideas, Director de Operaciones para Citosa Textiles. Asesor de nuevos mercados y estrategias digitales para el segmento Retail. Especialista en marketing para autoservicios y puntos de venta. Especialista en sistemas de gesti\u00f3n de la calidad con enfoque a la ISO 9001:2015\",\"sameAs\":[\"https:\/\/www.cubodeideas.com\/blog\"],\"url\":\"https:\/\/www.cubodeideas.com\/blog\/author\/admin\/\"}]}<\/script>\n<!-- \/ Yoast SEO plugin. -->","yoast_head_json":{"title":"La Importancia de la \u00c9tica Empresarial y Gobernanza en las Pymes -","description":"Explora la importancia de la \u00e9tica empresarial y la gobernanza en las pymes. Descubre c\u00f3mo pueden mejorar la reputaci\u00f3n y el rendimiento empresarial.","robots":{"index":"index","follow":"follow","max-snippet":"max-snippet:-1","max-image-preview":"max-image-preview:large","max-video-preview":"max-video-preview:-1"},"canonical":"https:\/\/www.cubodeideas.com\/blog\/negocios\/la-importancia-de-la-etica-empresarial-y-gobernanza-en-las-pymes\/","og_locale":"es_ES","og_type":"article","og_title":"La Importancia de la \u00c9tica Empresarial y Gobernanza en las Pymes -","og_description":"Explora la importancia de la \u00e9tica empresarial y la gobernanza en las pymes. Descubre c\u00f3mo pueden mejorar la reputaci\u00f3n y el rendimiento empresarial.","og_url":"https:\/\/www.cubodeideas.com\/blog\/negocios\/la-importancia-de-la-etica-empresarial-y-gobernanza-en-las-pymes\/","article_publisher":"https:\/\/www.facebook.com\/somoscubodeideas","article_published_time":"2024-02-19T05:32:10+00:00","og_image":[{"width":1280,"height":905,"url":"https:\/\/www.cubodeideas.com\/blog\/wp-content\/uploads\/2024\/02\/business-world-472556_1280.jpg","type":"image\/jpeg"}],"author":"Noel Castro","twitter_card":"summary_large_image","twitter_creator":"@cubo_ideas","twitter_site":"@cubo_ideas","twitter_misc":{"Escrito por":"Noel Castro","Tiempo de lectura":"3 minutos"},"schema":{"@context":"https:\/\/schema.org","@graph":[{"@type":"Article","@id":"https:\/\/www.cubodeideas.com\/blog\/negocios\/la-importancia-de-la-etica-empresarial-y-gobernanza-en-las-pymes\/#article","isPartOf":{"@id":"https:\/\/www.cubodeideas.com\/blog\/negocios\/la-importancia-de-la-etica-empresarial-y-gobernanza-en-las-pymes\/"},"author":{"name":"Noel Castro","@id":"https:\/\/www.cubodeideas.com\/blog\/#\/schema\/person\/5614e43eb76109017cff51a2c7928211"},"headline":"La Importancia de la \u00c9tica Empresarial y Gobernanza en las Pymes","datePublished":"2024-02-19T05:32:10+00:00","mainEntityOfPage":{"@id":"https:\/\/www.cubodeideas.com\/blog\/negocios\/la-importancia-de-la-etica-empresarial-y-gobernanza-en-las-pymes\/"},"wordCount":717,"commentCount":0,"publisher":{"@id":"https:\/\/www.cubodeideas.com\/blog\/#organization"},"image":{"@id":"https:\/\/www.cubodeideas.com\/blog\/negocios\/la-importancia-de-la-etica-empresarial-y-gobernanza-en-las-pymes\/#primaryimage"},"thumbnailUrl":"https:\/\/www.cubodeideas.com\/blog\/wp-content\/uploads\/2024\/02\/business-world-472556_1280.jpg","keywords":["\u00c9tica Comercial","\u00e9tica empresarial","Gobernanza Corporativa","PyMES","Responsabilidad Empresarial"],"articleSection":["Negocios"],"inLanguage":"es","potentialAction":[{"@type":"CommentAction","name":"Comment","target":["https:\/\/www.cubodeideas.com\/blog\/negocios\/la-importancia-de-la-etica-empresarial-y-gobernanza-en-las-pymes\/#respond"]}]},{"@type":"WebPage","@id":"https:\/\/www.cubodeideas.com\/blog\/negocios\/la-importancia-de-la-etica-empresarial-y-gobernanza-en-las-pymes\/","url":"https:\/\/www.cubodeideas.com\/blog\/negocios\/la-importancia-de-la-etica-empresarial-y-gobernanza-en-las-pymes\/","name":"La Importancia de la \u00c9tica Empresarial y Gobernanza en las Pymes -","isPartOf":{"@id":"https:\/\/www.cubodeideas.com\/blog\/#website"},"primaryImageOfPage":{"@id":"https:\/\/www.cubodeideas.com\/blog\/negocios\/la-importancia-de-la-etica-empresarial-y-gobernanza-en-las-pymes\/#primaryimage"},"image":{"@id":"https:\/\/www.cubodeideas.com\/blog\/negocios\/la-importancia-de-la-etica-empresarial-y-gobernanza-en-las-pymes\/#primaryimage"},"thumbnailUrl":"https:\/\/www.cubodeideas.com\/blog\/wp-content\/uploads\/2024\/02\/business-world-472556_1280.jpg","datePublished":"2024-02-19T05:32:10+00:00","description":"Explora la importancia de la \u00e9tica empresarial y la gobernanza en las pymes. Descubre c\u00f3mo pueden mejorar la reputaci\u00f3n y el rendimiento empresarial.","breadcrumb":{"@id":"https:\/\/www.cubodeideas.com\/blog\/negocios\/la-importancia-de-la-etica-empresarial-y-gobernanza-en-las-pymes\/#breadcrumb"},"inLanguage":"es","potentialAction":[{"@type":"ReadAction","target":["https:\/\/www.cubodeideas.com\/blog\/negocios\/la-importancia-de-la-etica-empresarial-y-gobernanza-en-las-pymes\/"]}]},{"@type":"ImageObject","inLanguage":"es","@id":"https:\/\/www.cubodeideas.com\/blog\/negocios\/la-importancia-de-la-etica-empresarial-y-gobernanza-en-las-pymes\/#primaryimage","url":"https:\/\/www.cubodeideas.com\/blog\/wp-content\/uploads\/2024\/02\/business-world-472556_1280.jpg","contentUrl":"https:\/\/www.cubodeideas.com\/blog\/wp-content\/uploads\/2024\/02\/business-world-472556_1280.jpg","width":1280,"height":905,"caption":"La Importancia de la \u00c9tica Empresarial y Gobernanza en las Pymes"},{"@type":"BreadcrumbList","@id":"https:\/\/www.cubodeideas.com\/blog\/negocios\/la-importancia-de-la-etica-empresarial-y-gobernanza-en-las-pymes\/#breadcrumb","itemListElement":[{"@type":"ListItem","position":1,"name":"Portada","item":"https:\/\/www.cubodeideas.com\/blog\/"},{"@type":"ListItem","position":2,"name":"La Importancia de la \u00c9tica Empresarial y Gobernanza en las Pymes"}]},{"@type":"WebSite","@id":"https:\/\/www.cubodeideas.com\/blog\/#website","url":"https:\/\/www.cubodeideas.com\/blog\/","name":"Cubo de Ideas","description":"Cubo de Ideas, El Blog","publisher":{"@id":"https:\/\/www.cubodeideas.com\/blog\/#organization"},"potentialAction":[{"@type":"SearchAction","target":{"@type":"EntryPoint","urlTemplate":"https:\/\/www.cubodeideas.com\/blog\/?s={search_term_string}"},"query-input":{"@type":"PropertyValueSpecification","valueRequired":true,"valueName":"search_term_string"}}],"inLanguage":"es"},{"@type":"Organization","@id":"https:\/\/www.cubodeideas.com\/blog\/#organization","name":"Cubo de Ideas","url":"https:\/\/www.cubodeideas.com\/blog\/","logo":{"@type":"ImageObject","inLanguage":"es","@id":"https:\/\/www.cubodeideas.com\/blog\/#\/schema\/logo\/image\/","url":"https:\/\/www.cubodeideas.com\/blog\/wp-content\/uploads\/2021\/10\/android-icon-72x72-1.png","contentUrl":"https:\/\/www.cubodeideas.com\/blog\/wp-content\/uploads\/2021\/10\/android-icon-72x72-1.png","width":72,"height":72,"caption":"Cubo de Ideas"},"image":{"@id":"https:\/\/www.cubodeideas.com\/blog\/#\/schema\/logo\/image\/"},"sameAs":["https:\/\/www.facebook.com\/somoscubodeideas","https:\/\/x.com\/cubo_ideas","https:\/\/www.instagram.com\/cubodeideas"]},{"@type":"Person","@id":"https:\/\/www.cubodeideas.com\/blog\/#\/schema\/person\/5614e43eb76109017cff51a2c7928211","name":"Noel Castro","description":"LEM Noel Castro Monta\u00f1o es CEO de Cubo de Ideas, Director de Operaciones para Citosa Textiles. Asesor de nuevos mercados y estrategias digitales para el segmento Retail. Especialista en marketing para autoservicios y puntos de venta. Especialista en sistemas de gesti\u00f3n de la calidad con enfoque a la ISO 9001:2015","sameAs":["https:\/\/www.cubodeideas.com\/blog"],"url":"https:\/\/www.cubodeideas.com\/blog\/author\/admin\/"}]}},"jetpack_publicize_connections":[],"_links":{"self":[{"href":"https:\/\/www.cubodeideas.com\/blog\/wp-json\/wp\/v2\/posts\/1516","targetHints":{"allow":["GET"]}}],"collection":[{"href":"https:\/\/www.cubodeideas.com\/blog\/wp-json\/wp\/v2\/posts"}],"about":[{"href":"https:\/\/www.cubodeideas.com\/blog\/wp-json\/wp\/v2\/types\/post"}],"author":[{"embeddable":true,"href":"https:\/\/www.cubodeideas.com\/blog\/wp-json\/wp\/v2\/users\/1"}],"replies":[{"embeddable":true,"href":"https:\/\/www.cubodeideas.com\/blog\/wp-json\/wp\/v2\/comments?post=1516"}],"version-history":[{"count":1,"href":"https:\/\/www.cubodeideas.com\/blog\/wp-json\/wp\/v2\/posts\/1516\/revisions"}],"predecessor-version":[{"id":1518,"href":"https:\/\/www.cubodeideas.com\/blog\/wp-json\/wp\/v2\/posts\/1516\/revisions\/1518"}],"wp:featuredmedia":[{"embeddable":true,"href":"https:\/\/www.cubodeideas.com\/blog\/wp-json\/wp\/v2\/media\/1517"}],"wp:attachment":[{"href":"https:\/\/www.cubodeideas.com\/blog\/wp-json\/wp\/v2\/media?parent=1516"}],"wp:term":[{"taxonomy":"category","embeddable":true,"href":"https:\/\/www.cubodeideas.com\/blog\/wp-json\/wp\/v2\/categories?post=1516"},{"taxonomy":"post_tag","embeddable":true,"href":"https:\/\/www.cubodeideas.com\/blog\/wp-json\/wp\/v2\/tags?post=1516"}],"curies":[{"name":"wp","href":"https:\/\/api.w.org\/{rel}","templated":true}]}}